{"id":15284,"date":"2021-03-05T10:46:11","date_gmt":"2021-03-05T09:46:11","guid":{"rendered":"https:\/\/www.cklcomunicaciones.es\/?p=15284"},"modified":"2025-02-10T21:11:34","modified_gmt":"2025-02-10T20:11:34","slug":"noticias-info-ckl-no-2-555-05-03-21","status":"publish","type":"post","link":"https:\/\/cklcomunicaciones.es\/coop\/noticias-info-ckl-no-2-555-05-03-21\/","title":{"rendered":"Noticias Info CKL n\u00ba 2.555-05\/03\/21"},"content":{"rendered":"<div class=\"fusion-fullwidth fullwidth-box fusion-builder-row-1 fusion-flex-container nonhundred-percent-fullwidth non-hundred-percent-height-scrolling\" style=\"--awb-border-radius-top-left:0px;--awb-border-radius-top-right:0px;--awb-border-radius-bottom-right:0px;--awb-border-radius-bottom-left:0px;--awb-flex-wrap:wrap;\" ><div class=\"fusion-builder-row fusion-row fusion-flex-align-items-flex-start fusion-flex-content-wrap\" style=\"max-width:1248px;margin-left: calc(-4% \/ 2 );margin-right: calc(-4% \/ 2 );\"><div class=\"fusion-layout-column fusion_builder_column fusion-builder-column-0 fusion_builder_column_1_1 1_1 fusion-flex-column\" style=\"--awb-bg-blend:overlay;--awb-bg-size:cover;--awb-width-large:100%;--awb-margin-top-large:0px;--awb-spacing-right-large:1.92%;--awb-margin-bottom-large:0px;--awb-spacing-left-large:1.92%;--awb-width-medium:100%;--awb-spacing-right-medium:1.92%;--awb-spacing-left-medium:1.92%;--awb-width-small:100%;--awb-spacing-right-small:1.92%;--awb-spacing-left-small:1.92%;\"><div class=\"fusion-column-wrapper fusion-flex-justify-content-flex-start fusion-content-layout-column\"><div class=\"fusion-text fusion-text-1\"><h1>Actividades 8M<\/h1>\n<div id=\"\" class=\"lsow-panel lsow-active\">\n<div class=\"lsow-panel-content\">\n<ul>\n<li><a href=\"https:\/\/amecopress.net\/Agenda-del-8-de-marzo-en-el-territorio-espanol\" data-saferedirecturl=\"https:\/\/www.google.com\/url?q=https:\/\/amecopress.net\/Agenda-del-8-de-marzo-en-el-territorio-espanol&amp;source=gmail&amp;ust=1615282226897000&amp;usg=AFQjCNGiw1JhWpIyzX8EfKvn6HFP_wPIFA\">Agenda del 8 de marzo en el territorio espa\u00f1ol |\u00a0 Ameco Press<\/a><\/li>\n<\/ul>\n<\/div>\n<\/div>\n<div id=\"\" class=\"lsow-panel lsow-active\">\n<h1 class=\"lsow-panel-title\">Convocatorias<\/h1>\n<div class=\"lsow-panel-content\">\n<ul>\n<li><a href=\"https:\/\/www.planetadelibros.com\/seleccion-editorial\/dia-de-la-mujer\/146\" data-saferedirecturl=\"https:\/\/www.google.com\/url?q=https:\/\/www.planetadelibros.com\/seleccion-editorial\/dia-de-la-mujer\/146&amp;source=gmail&amp;ust=1615282226897000&amp;usg=AFQjCNFdMMPJBv9jZHtT3-7eK4or4Jgp5A\">Voces que cuentan<\/a>. Planeta de Libros. 1, 2, 3 y 4 de marzo a las 19:00 y 8 de marzo a las 19:00 y a las 20:00 h. En\u00a0directo\u00a0y en grabaciones a trav\u00e9s de la\u00a0<a href=\"https:\/\/www.planetadelibros.com\/seleccion-editorial\/dia-de-la-mujer\/146\" data-saferedirecturl=\"https:\/\/www.google.com\/url?q=https:\/\/www.planetadelibros.com\/seleccion-editorial\/dia-de-la-mujer\/146&amp;source=gmail&amp;ust=1615282226897000&amp;usg=AFQjCNFdMMPJBv9jZHtT3-7eK4or4Jgp5A\">web de Planeta de Libros<\/a><\/li>\n<li><a href=\"http:\/\/jornadasjusticiaigualdad.es\/\" data-saferedirecturl=\"https:\/\/www.google.com\/url?q=http:\/\/jornadasjusticiaigualdad.es\/&amp;source=gmail&amp;ust=1615282226897000&amp;usg=AFQjCNHxqqNztYAQuW70P5Oj_H5BmJCe9w\">III Jornadas de Justicia e Igualdad &#8216;El Papel de la Justicia en la Consecuci\u00f3n de la Igualdad entre Hombres y Mujeres&#8217;<\/a>.\u00a0Ministerio de Justicia.\u00a04 y 5 marzo en directo desde el\u00a0<a href=\"http:\/\/mujeresjuristasthemis.org\/index.php?option=com_acymailing&amp;ctrl=url&amp;subid=835&amp;urlid=642&amp;mailid=863\" data-saferedirecturl=\"https:\/\/www.google.com\/url?q=http:\/\/mujeresjuristasthemis.org\/index.php?option%3Dcom_acymailing%26ctrl%3Durl%26subid%3D835%26urlid%3D642%26mailid%3D863&amp;source=gmail&amp;ust=1615282226897000&amp;usg=AFQjCNEyw6BuKDUq3LT_-p9ObmEGLwUe3w\">canal de YouTube del Ministerio de Justicia<\/a><\/li>\n<li><a href=\"http:\/\/www.uco.es\/catedrasyaulas\/catedramujeres\/videoconferencia-siglo-xxi-mujeres-en-el-mundo.php\" data-saferedirecturl=\"https:\/\/www.google.com\/url?q=http:\/\/www.uco.es\/catedrasyaulas\/catedramujeres\/videoconferencia-siglo-xxi-mujeres-en-el-mundo.php&amp;source=gmail&amp;ust=1615282226897000&amp;usg=AFQjCNEDV_7DWns8R7n_VyIICg_o5aO64A\">Videoconferencia &#8216;Siglo XXI: Mujeres en el Mundo&#8217;<\/a><strong>\u00a0<\/strong>[dentro de las Jornadas &#8216;Otras Mujeres, Otros Hombres&#8217;]. C\u00e1tedra de Estudios de las Mujeres\u00a0Leonor de Guzm\u00e1n.\u00a05<strong>\u00a0<\/strong>de\u00a0marzo\u00a0a las 12:00 h. a trav\u00e9s de Google Meet<\/li>\n<li><a href=\"https:\/\/educacion.ustea.org\/curso-de-formacion-feminista-de-ustea-perspectivas-actuales-desde-la-coeducacion\/\" data-saferedirecturl=\"https:\/\/www.google.com\/url?q=https:\/\/educacion.ustea.org\/curso-de-formacion-feminista-de-ustea-perspectivas-actuales-desde-la-coeducacion\/&amp;source=gmail&amp;ust=1615282226897000&amp;usg=AFQjCNFikZO0QM4K86sJ7DxEwnPncqR0dA\">Curso de formaci\u00f3n feminista &#8216;Perspectivas Actuales desde la Coeducaci\u00f3n&#8217;<\/a><u>.<\/u>\u00a0USTEA Ense\u00f1anza. 16, 17, 23 y 24 de marzo.\u00a0<a href=\"https:\/\/docs.google.com\/forms\/d\/13HxJ9qrWxu8GVeiN2iDtGs_d0XcxW7oWHv2mQW_LwP0\/viewform?edit_requested=true\" data-saferedirecturl=\"https:\/\/www.google.com\/url?q=https:\/\/docs.google.com\/forms\/d\/13HxJ9qrWxu8GVeiN2iDtGs_d0XcxW7oWHv2mQW_LwP0\/viewform?edit_requested%3Dtrue&amp;source=gmail&amp;ust=1615282226897000&amp;usg=AFQjCNFBzj7HejDjYcscoZO0F2sd6svtkg\">Inscripciones<\/a><\/li>\n<li><a href=\"https:\/\/humanidadesdigitales.uc3m.es\/s\/hismedi\/page\/mujeres-en-el-ecosistema-digital-de-la-transicion-a-la-democracia-en-espana-recursos-para-su-estudio\" data-saferedirecturl=\"https:\/\/www.google.com\/url?q=https:\/\/humanidadesdigitales.uc3m.es\/s\/hismedi\/page\/mujeres-en-el-ecosistema-digital-de-la-transicion-a-la-democracia-en-espana-recursos-para-su-estudio&amp;source=gmail&amp;ust=1615282226897000&amp;usg=AFQjCNG3mDskYibY1-llxSNdE98JjdKElQ\">Exposici\u00f3n &#8216;Mujeres en el ecosistema digital de la Transici\u00f3n a la Democracia en Espa\u00f1a: Recursos para su estudio&#8217;<\/a><u>.<\/u>\u00a0Universidad Carlos III de Madrid<\/li>\n<li><a href=\"http:\/\/tresculturas.org\/proyecto\/martes-de-cine-marzo-2021-dirigiendo-en-femenino\/\" data-saferedirecturl=\"https:\/\/www.google.com\/url?q=http:\/\/tresculturas.org\/proyecto\/martes-de-cine-marzo-2021-dirigiendo-en-femenino\/&amp;source=gmail&amp;ust=1615282226897000&amp;usg=AFQjCNFAjbSGhY0Edda626OMw8KIK1dmDg\">Martes de Cine Marzo 2021 &#8216;Dirigiendo en Femenino&#8217;<\/a>. Fundaci\u00f3n Tres Culturas. 2, 9, 16, 23 y 30 de marzo<\/li>\n<li><a href=\"http:\/\/www.juntadeandalucia.es\/cultura\/caletras\/content\/el-centro-andaluz-de-las-letras-celebra-el-dia-de-la-mujer-con-el-programa-mujeres-de-libro\" data-saferedirecturl=\"https:\/\/www.google.com\/url?q=http:\/\/www.juntadeandalucia.es\/cultura\/caletras\/content\/el-centro-andaluz-de-las-letras-celebra-el-dia-de-la-mujer-con-el-programa-mujeres-de-libro&amp;source=gmail&amp;ust=1615282226897000&amp;usg=AFQjCNGkiPz82WV3y6UV-qGbWVIMoEy6kg\">Mujeres de Libro<\/a><strong>.<\/strong>\u00a0Centro Andaluz de las Letras. 8 y 9 de marzo<strong>.\u00a0<\/strong><a href=\"http:\/\/www.juntadeandalucia.es\/cultura\/caletras\/actividades\" data-saferedirecturl=\"https:\/\/www.google.com\/url?q=http:\/\/www.juntadeandalucia.es\/cultura\/caletras\/actividades&amp;source=gmail&amp;ust=1615282226897000&amp;usg=AFQjCNGatL8UNF2kS0_9N0L9XTccIPhU5w\">Consultas de reservas<\/a><\/li>\n<li><a href=\"http:\/\/www.uco.es\/organiza\/centros\/derecho\/es\/novedad\/413-mesa-redonda-mujeres-y-profesiones-juridicas\" data-saferedirecturl=\"https:\/\/www.google.com\/url?q=http:\/\/www.uco.es\/organiza\/centros\/derecho\/es\/novedad\/413-mesa-redonda-mujeres-y-profesiones-juridicas&amp;source=gmail&amp;ust=1615282226897000&amp;usg=AFQjCNEBUxTO8gU48NeQMoW0tQYOCaDBWA\">Mesa redonda &#8216;Mujeres y Profesiones Jur\u00eddicas&#8217;<\/a><u>.<\/u>\u00a0Biblioteca Universitaria de la Universidad de C\u00f3rdoba. 8 de marzo a las 17:00 h.\u00a0<a href=\"http:\/\/www.uco.es\/organiza\/centros\/derecho\/images\/documentos\/novedades\/MESA_REDONDA_triptico.pdf\" data-saferedirecturl=\"https:\/\/www.google.com\/url?q=http:\/\/www.uco.es\/organiza\/centros\/derecho\/images\/documentos\/novedades\/MESA_REDONDA_triptico.pdf&amp;source=gmail&amp;ust=1615282226897000&amp;usg=AFQjCNGeLKRiR4UPLEmG85OKmVN0DFtmgQ\">M\u00e1s informaci\u00f3n<\/a>. Inscripciones\u00a0a trav\u00e9s del correo-e:\u00a0<a href=\"mailto:cprados@uco.es\">cprados@uco.es<\/a><\/li>\n<li><a href=\"https:\/\/vadecuentos.com\/dialogos-genero-literatura-ilustracion\/\" data-saferedirecturl=\"https:\/\/www.google.com\/url?q=https:\/\/vadecuentos.com\/dialogos-genero-literatura-ilustracion\/&amp;source=gmail&amp;ust=1615282226898000&amp;usg=AFQjCNEKi_P7lOLAAhPa-jHF7DozmHYcPQ\">Di\u00e1logos de G\u00e9nero &#8216;A trav\u00e9s de la Literatura y la Ilustraci\u00f3n&#8217;<\/a><u>.<\/u>\u00a0Va de Cuentos. 13 de marzo de 10:00 a 13:00 h.\u00a0<a href=\"https:\/\/vadecuentos.com\/dialogos-genero-literatura-ilustracion\/\" data-saferedirecturl=\"https:\/\/www.google.com\/url?q=https:\/\/vadecuentos.com\/dialogos-genero-literatura-ilustracion\/&amp;source=gmail&amp;ust=1615282226898000&amp;usg=AFQjCNEKi_P7lOLAAhPa-jHF7DozmHYcPQ\">Inscripciones<\/a><\/li>\n<li><a href=\"https:\/\/igualdad.us.es\/?p=4546\" data-saferedirecturl=\"https:\/\/www.google.com\/url?q=https:\/\/igualdad.us.es\/?p%3D4546&amp;source=gmail&amp;ust=1615282226898000&amp;usg=AFQjCNHXVVnDfzOHvqvwi0NaLk72qAWnmQ\">Campa\u00f1a 8M-2021, D\u00eda Internacional de la Mujer\u00a0&#8216;Mi\u00e9rcoles Violeta de Marzo:\u00a0La US por la Igualdad\u00a0&#8216;Las Esenciales&#8217;<\/a>.\u00a0Universidad de Sevilla. 3, 10, 17 y 24 de marzo y 7 de abril a las\u00a012:30 h.<\/li>\n<\/ul>\n<\/div>\n<\/div>\n<div id=\"\" class=\"lsow-panel lsow-active\">\n<h1 class=\"lsow-panel-title\">Comunicaci\u00f3n, Publicidad y TICs<\/h1>\n<div class=\"lsow-panel-content\">\n<p><a href=\"https:\/\/www.google.com\/url?rct=j&amp;sa=t&amp;url=https:\/\/www.nationalgeographic.es\/2021\/03\/national-geographic-presenta-la-iniciativa-palabra-de-mujer&amp;ct=ga&amp;cd=CAEYACoTNzI2MDA2NTg1NDkwNjkxNDMzMTIZYzAzNzJlYmMyZmVhZGE1OTplczplczpFUw&amp;usg=AFQjCNFRdAokZ12Mha1aqkm-0hrJCsZF8g\">National Geographic presenta la iniciativa Palabra de\u00a0Mujer<\/a>&#8211;\u00a0National Geographic Espa\u00f1a<a href=\"https:\/\/www.google.com\/url?rct=j&amp;sa=t&amp;url=https:\/\/www.elnortedecastilla.es\/palencia\/espido-freire-rosa-20210303223116-nt.html&amp;ct=ga&amp;cd=CAEYAioTNDc3NTM3NTQxNzYzNzQ4MDIxNzIZYzAzNzJlYmMyZmVhZGE1OTplczplczpFUw&amp;usg=AFQjCNF-Kfks1K-EKlVlT_FXI2xoRS9SZA\" data-saferedirecturl=\"https:\/\/www.google.com\/url?q=https:\/\/www.google.com\/url?rct%3Dj%26sa%3Dt%26url%3Dhttps:\/\/www.elnortedecastilla.es\/palencia\/espido-freire-rosa-20210303223116-nt.html%26ct%3Dga%26cd%3DCAEYAioTNDc3NTM3NTQxNzYzNzQ4MDIxNzIZYzAzNzJlYmMyZmVhZGE1OTplczplczpFUw%26usg%3DAFQjCNF-Kfks1K-EKlVlT_FXI2xoRS9SZA&amp;source=gmail&amp;ust=1615282226898000&amp;usg=AFQjCNGKkCZ6X4DJxpjxdPrqaFHPCdotpw\"><br \/>\nEspido Freire y Rosa Mar\u00eda Calaf, en el ciclo &#8216;Mujeres en\u00a0la literatura y el periodismo&#8217;<\/a>&#8211;\u00a0El Norte de Castilla<\/p>\n<p><a href=\"https:\/\/www.google.com\/url?rct=j&amp;sa=t&amp;url=https:\/\/www.larazon.es\/castilla-y-leon\/20210303\/gp25pjrwgzflfc4qjn74uolcfu.html&amp;ct=ga&amp;cd=CAEYASoUMTYxNjAwNTUzNjcxMjA3NTYwMTYyGWUxZTc3ZDE1NjA5OGE4ZTM6ZXM6ZXM6RVM&amp;usg=AFQjCNG62mQhbgLvvNIIVk0E4MbBS2ec-w\" data-saferedirecturl=\"https:\/\/www.google.com\/url?q=https:\/\/www.google.com\/url?rct%3Dj%26sa%3Dt%26url%3Dhttps:\/\/www.larazon.es\/castilla-y-leon\/20210303\/gp25pjrwgzflfc4qjn74uolcfu.html%26ct%3Dga%26cd%3DCAEYASoUMTYxNjAwNTUzNjcxMjA3NTYwMTYyGWUxZTc3ZDE1NjA5OGE4ZTM6ZXM6ZXM6RVM%26usg%3DAFQjCNG62mQhbgLvvNIIVk0E4MbBS2ec-w&amp;source=gmail&amp;ust=1615282226898000&amp;usg=AFQjCNGDjdS40mzRtw-KaRTXKHmNu632KQ\">Nace \u201cCuidaTIC\u201d para un correcto manejo de las\u00a0nuevas tecnolog\u00edas\u00a0de los menores<\/a>\u00a0&#8211;\u00a0La Raz\u00f3n<\/p>\n<p><a href=\"https:\/\/www.mujeremprendedora.net\/facebook-celebra-8m-dando-voz-mujeres-mundo-rural\/\" data-saferedirecturl=\"https:\/\/www.google.com\/url?q=https:\/\/www.mujeremprendedora.net\/facebook-celebra-8m-dando-voz-mujeres-mundo-rural\/&amp;source=gmail&amp;ust=1615282226898000&amp;usg=AFQjCNGqEpGeNzu_Mjg_J203bc14RZKt2g\">Facebook celebra el 8M dando voz a mujeres del mundo rural<\/a>&#8211; Mujeremprendedora.net<\/p>\n<p><a href=\"https:\/\/www.msn.com\/es-es\/news\/espana\/la-revista-andaluc-c3-ada-en-la-historia-presentar-c3-a1-con-la-alhambra-su-n-c3-bamero-sobre-las-mujeres-de-al-andalus\/ar-BB1eafiI\" data-saferedirecturl=\"https:\/\/www.google.com\/url?q=https:\/\/www.msn.com\/es-es\/news\/espana\/la-revista-andaluc-c3-ada-en-la-historia-presentar-c3-a1-con-la-alhambra-su-n-c3-bamero-sobre-las-mujeres-de-al-andalus\/ar-BB1eafiI&amp;source=gmail&amp;ust=1615282226898000&amp;usg=AFQjCNEn3ntntbs7sN-gf2LAxnB56H3HDA\">La revista &#8216;Andaluc\u00eda en la Historia&#8217; presentar\u00e1 con la Alhambra su n\u00famero sobre las mujeres de al-Andalus<\/a>-msn.com<\/p>\n<\/div>\n<\/div>\n<div id=\"\" class=\"lsow-panel lsow-active\">\n<h1 class=\"lsow-panel-title\">Andaluc\u00eda<\/h1>\n<div class=\"lsow-panel-content\">\n<p><strong>Institucional<\/strong><\/p>\n<p><a href=\"https:\/\/www.google.com\/url?rct=j&amp;sa=t&amp;url=https:\/\/www.eleconomista.es\/ecoaula\/noticias\/11085009\/03\/21\/La-Junta-de-Andalucia-apuesta-este-8M-por-el-poder-transformador-de-la-educacion-en-igualdad.html&amp;ct=ga&amp;cd=CAEYIioTNzM3ODk4MzkzNzE5MzU1MjM3MzIZYzAzNzJlYmMyZmVhZGE1OTplczplczpFUw&amp;usg=AFQjCNE1YL44F2llhccBZyRUzrqnwGpkqw\" data-saferedirecturl=\"https:\/\/www.google.com\/url?q=https:\/\/www.google.com\/url?rct%3Dj%26sa%3Dt%26url%3Dhttps:\/\/www.eleconomista.es\/ecoaula\/noticias\/11085009\/03\/21\/La-Junta-de-Andalucia-apuesta-este-8M-por-el-poder-transformador-de-la-educacion-en-igualdad.html%26ct%3Dga%26cd%3DCAEYIioTNzM3ODk4MzkzNzE5MzU1MjM3MzIZYzAzNzJlYmMyZmVhZGE1OTplczplczpFUw%26usg%3DAFQjCNE1YL44F2llhccBZyRUzrqnwGpkqw&amp;source=gmail&amp;ust=1615282226898000&amp;usg=AFQjCNGHDpL-Wd2LUFx3C76SPNRRCklaPg\">La Junta de Andaluc\u00eda apuesta este 8M por \u00abel poder transformador de la educaci\u00f3n en igualdad\u00bb<\/a><u>&#8211;<\/u>\u00a0elEconomista.es<\/p>\n<p><strong>Econom\u00eda y Empresas<\/strong><\/p>\n<p><a href=\"http:\/\/www.juntadeandalucia.es\/presidencia\/portavoz\/158692\/Transformacioneconomica\/igualdad\/empresastecnologicas\/brechadegenero\" data-saferedirecturl=\"https:\/\/www.google.com\/url?q=http:\/\/www.juntadeandalucia.es\/presidencia\/portavoz\/158692\/Transformacioneconomica\/igualdad\/empresastecnologicas\/brechadegenero&amp;source=gmail&amp;ust=1615282226898000&amp;usg=AFQjCNFWKe_xx6rI6-2MlRGPTrYRdiSo_A\">La Junta fomenta medidas de igualdad en empresas tecnol\u00f3gicas para reducir la brecha de g\u00e9nero<\/a>-Oficina del Portavoz<\/p>\n<p><a href=\"https:\/\/www.google.com\/url?rct=j&amp;sa=t&amp;url=https:\/\/agroinformacion.com\/dcoop-presenta-su-nuevo-plan-de-igualdad-en-un-taller-de-cata-especial-para-mujeres\/&amp;ct=ga&amp;cd=CAEYKSoTNzM3ODk4MzkzNzE5MzU1MjM3MzIZYzAzNzJlYmMyZmVhZGE1OTplczplczpFUw&amp;usg=AFQjCNE35kyJhCxwTACDtnFMldeSosE-rw\" data-saferedirecturl=\"https:\/\/www.google.com\/url?q=https:\/\/www.google.com\/url?rct%3Dj%26sa%3Dt%26url%3Dhttps:\/\/agroinformacion.com\/dcoop-presenta-su-nuevo-plan-de-igualdad-en-un-taller-de-cata-especial-para-mujeres\/%26ct%3Dga%26cd%3DCAEYKSoTNzM3ODk4MzkzNzE5MzU1MjM3MzIZYzAzNzJlYmMyZmVhZGE1OTplczplczpFUw%26usg%3DAFQjCNE35kyJhCxwTACDtnFMldeSosE-rw&amp;source=gmail&amp;ust=1615282226898000&amp;usg=AFQjCNEQKT71W7JbixGAET8bXmWmSoNcBQ\">Dcoop presenta su nuevo Plan de Igualdad en un taller de cata especial para\u00a0mujeres<\/a>&#8211;\u00a0AgroInformaci\u00f3n<\/p>\n<p><a href=\"https:\/\/es.finance.yahoo.com\/noticias\/unicaja-banco-firma-acuerdo-fundaci%C3%B3n-112000578.html\" data-saferedirecturl=\"https:\/\/www.google.com\/url?q=https:\/\/es.finance.yahoo.com\/noticias\/unicaja-banco-firma-acuerdo-fundaci%25C3%25B3n-112000578.html&amp;source=gmail&amp;ust=1615282226898000&amp;usg=AFQjCNGlHdxszMxw8i3HG2E6O9vW1u0roQ\">Unicaja Banco firma un acuerdo con la Fundaci\u00f3n Adecco para colaborar en la inserci\u00f3n laboral de mujeres en riesgo de exclusi\u00f3n social<\/a>-yahoofinanzas<\/p>\n<p><a href=\"https:\/\/www.google.com\/url?rct=j&amp;sa=t&amp;url=https:\/\/www.europapress.es\/andalucia\/diputacion-almeria-01014\/noticia-diputacion-almeria-lanza-120-becas-fomentar-emprendimiento-jovenes-almerienses-20210302145227.html&amp;ct=ga&amp;cd=CAEYAyoTNjEzNzg3NTkwNTQ2NjY2ODgxMzIZZDc4ZTU4NzVhMGYxZjJhYzplczplczpFUw&amp;usg=AFQjCNGDPKkhzNzoor6ewtIeZYwXCXmYsA\" data-saferedirecturl=\"https:\/\/www.google.com\/url?q=https:\/\/www.google.com\/url?rct%3Dj%26sa%3Dt%26url%3Dhttps:\/\/www.europapress.es\/andalucia\/diputacion-almeria-01014\/noticia-diputacion-almeria-lanza-120-becas-fomentar-emprendimiento-jovenes-almerienses-20210302145227.html%26ct%3Dga%26cd%3DCAEYAyoTNjEzNzg3NTkwNTQ2NjY2ODgxMzIZZDc4ZTU4NzVhMGYxZjJhYzplczplczpFUw%26usg%3DAFQjCNGDPKkhzNzoor6ewtIeZYwXCXmYsA&amp;source=gmail&amp;ust=1615282226898000&amp;usg=AFQjCNGn0L5tk77RN3gJAmDGQoeWChF5AA\">Diputaci\u00f3n de Almer\u00eda lanza 120 becas para fomentar el emprendimiento entre j\u00f3venes almerienses<\/a>&#8211;\u00a0Europa Press<\/p>\n<p><a href=\"https:\/\/www.google.com\/url?rct=j&amp;sa=t&amp;url=https:\/\/andaluciainformacion.es\/sevilla\/955123\/las-mujeres-cobran-menos-tienen-trabajos-mas-precarios-y-sufren-mas-casos-de-violencia\/&amp;ct=ga&amp;cd=CAEYGSoTNzM3ODk4MzkzNzE5MzU1MjM3MzIZYzAzNzJlYmMyZmVhZGE1OTplczplczpFUw&amp;usg=AFQjCNH9tI2OqD5kt2uOKV6e7JZNUcNKzg\" data-saferedirecturl=\"https:\/\/www.google.com\/url?q=https:\/\/www.google.com\/url?rct%3Dj%26sa%3Dt%26url%3Dhttps:\/\/andaluciainformacion.es\/sevilla\/955123\/las-mujeres-cobran-menos-tienen-trabajos-mas-precarios-y-sufren-mas-casos-de-violencia\/%26ct%3Dga%26cd%3DCAEYGSoTNzM3ODk4MzkzNzE5MzU1MjM3MzIZYzAzNzJlYmMyZmVhZGE1OTplczplczpFUw%26usg%3DAFQjCNH9tI2OqD5kt2uOKV6e7JZNUcNKzg&amp;source=gmail&amp;ust=1615282226898000&amp;usg=AFQjCNEER8QFblWySu8IwAht8ZmF4B7Uew\">Las\u00a0mujeres\u00a0cobran menos, tienen trabajos m\u00e1s precarios y sufren m\u00e1s casos de violencia<\/a>&#8211;\u00a0Andaluc\u00eda Informaci\u00f3n<\/p>\n<p><a href=\"https:\/\/elcorreoweb.es\/economia\/endesa-lanza-un-reto-a-los-estudiantes-de-la-us-para-buscar-soluciones-a-la-gestion-de-residuos-IY7188468\" data-saferedirecturl=\"https:\/\/www.google.com\/url?q=https:\/\/elcorreoweb.es\/economia\/endesa-lanza-un-reto-a-los-estudiantes-de-la-us-para-buscar-soluciones-a-la-gestion-de-residuos-IY7188468&amp;source=gmail&amp;ust=1615282226898000&amp;usg=AFQjCNG4kfRFsgqkfeDR4j_r4Jm9esdOag\">Endesa lanza un reto a los estudiantes de la US para buscar soluciones a la gesti\u00f3n de residuos<\/a>-El Correo de Andaluc\u00eda<\/p>\n<p><strong>Actualidad<\/strong><\/p>\n<p><a href=\"https:\/\/www.google.com\/url?rct=j&amp;sa=t&amp;url=https:\/\/www.20minutos.es\/noticia\/4605570\/0\/la-diputacion-aboga-por-un-pacto-por-los-cuidados-en-el-dia-internacional-de-la-mujer\/&amp;ct=ga&amp;cd=CAEYFCoTOTM0MDMzNjczODkxNjk1MjI5NTIZYzAzNzJlYmMyZmVhZGE1OTplczplczpFUw&amp;usg=AFQjCNFQ6saIhfkIuKfhPNaONBqyH8XAOQ\" data-saferedirecturl=\"https:\/\/www.google.com\/url?q=https:\/\/www.google.com\/url?rct%3Dj%26sa%3Dt%26url%3Dhttps:\/\/www.20minutos.es\/noticia\/4605570\/0\/la-diputacion-aboga-por-un-pacto-por-los-cuidados-en-el-dia-internacional-de-la-mujer\/%26ct%3Dga%26cd%3DCAEYFCoTOTM0MDMzNjczODkxNjk1MjI5NTIZYzAzNzJlYmMyZmVhZGE1OTplczplczpFUw%26usg%3DAFQjCNFQ6saIhfkIuKfhPNaONBqyH8XAOQ&amp;source=gmail&amp;ust=1615282226899000&amp;usg=AFQjCNE-9jz-RxjZRfizIEDz7mNI-fCEsw\">La Diputaci\u00f3n de M\u00e1laga aboga por un Pacto por los Cuidados en el D\u00eda Internacional de la\u00a0Mujer<\/a>&#8211;\u00a020minutos<a href=\"https:\/\/www.google.com\/url?rct=j&amp;sa=t&amp;url=https:\/\/www.huelvainformacion.es\/huelva\/talleres-Clickea-seguridad-Secundaria-Bachillerato_0_1552045774.html&amp;ct=ga&amp;cd=CAEYAioUMTIyOTg2NDkwMTM3NDI3NTI1ODMyGWUxZTc3ZDE1NjA5OGE4ZTM6ZXM6ZXM6RVM&amp;usg=AFQjCNHJlxN16VsW4kBd0dOcVWHMPEo2aQ\" data-saferedirecturl=\"https:\/\/www.google.com\/url?q=https:\/\/www.google.com\/url?rct%3Dj%26sa%3Dt%26url%3Dhttps:\/\/www.huelvainformacion.es\/huelva\/talleres-Clickea-seguridad-Secundaria-Bachillerato_0_1552045774.html%26ct%3Dga%26cd%3DCAEYAioUMTIyOTg2NDkwMTM3NDI3NTI1ODMyGWUxZTc3ZDE1NjA5OGE4ZTM6ZXM6ZXM6RVM%26usg%3DAFQjCNHJlxN16VsW4kBd0dOcVWHMPEo2aQ&amp;source=gmail&amp;ust=1615282226899000&amp;usg=AFQjCNG4dSqx3FIzPprVPJRSydzZKvHNPA\"><br \/>\nLos talleres &#8216;Clickea con seguridad&#8217; formar\u00e1n en igualdad a alumnos de Secundaria y Bachillerato<\/a>&#8211;\u00a0Huelva Informaci\u00f3n<\/p>\n<p><a href=\"http:\/\/www.juntadeandalucia.es\/presidencia\/portavoz\/158690\/Politicassociales\/serviciossociales\/centros\/centrosdedia\/residencias\/remodelacion\/inversion\/Andalucia\/JuntadeAndalucia\/GobiernodeAndalucia\" data-saferedirecturl=\"https:\/\/www.google.com\/url?q=http:\/\/www.juntadeandalucia.es\/presidencia\/portavoz\/158690\/Politicassociales\/serviciossociales\/centros\/centrosdedia\/residencias\/remodelacion\/inversion\/Andalucia\/JuntadeAndalucia\/GobiernodeAndalucia&amp;source=gmail&amp;ust=1615282226899000&amp;usg=AFQjCNF9QEh1opfFps7Ojx5WeqNxWRspkA\">Igualdad destinar\u00e1 m\u00e1s de 16,4 millones para la modernizaci\u00f3n de los centros de servicios sociales<\/a>-Oficina del Portavoz<\/p>\n<p><strong>Violencias<\/strong><\/p>\n<p><a href=\"https:\/\/www.google.com\/url?rct=j&amp;sa=t&amp;url=https:\/\/www.granadadigital.es\/el-area-igualdad-inicia-dos-grupos-atencion-psicologica-victimas-violencia-genero\/&amp;ct=ga&amp;cd=CAEYAioUMTA3NTg4NTcyOTYxNTk0MTUxNzMyGWMwMzcyZWJjMmZlYWRhNTk6ZXM6ZXM6RVM&amp;usg=AFQjCNH5_0WGRvSqSNZXNRFdj7Y34vMKBA\" data-saferedirecturl=\"https:\/\/www.google.com\/url?q=https:\/\/www.google.com\/url?rct%3Dj%26sa%3Dt%26url%3Dhttps:\/\/www.granadadigital.es\/el-area-igualdad-inicia-dos-grupos-atencion-psicologica-victimas-violencia-genero\/%26ct%3Dga%26cd%3DCAEYAioUMTA3NTg4NTcyOTYxNTk0MTUxNzMyGWMwMzcyZWJjMmZlYWRhNTk6ZXM6ZXM6RVM%26usg%3DAFQjCNH5_0WGRvSqSNZXNRFdj7Y34vMKBA&amp;source=gmail&amp;ust=1615282226899000&amp;usg=AFQjCNEnXbyMsorvoIWVSm9UB5sBvtRrgA\">El \u00c1rea de Igualdad inicia dos grupos de atenci\u00f3n psicol\u00f3gica a v\u00edctimas de violencia de g\u00e9nero<\/a><u>&#8211;<\/u>\u00a0GranadaDigital<\/p>\n<p><a href=\"https:\/\/andaluciainformacion.es\/andalucia\/955280\/un-total-de-3248-mujeres-de-la-provincia-cuenta-con-proteccion-por-violencia-machista\/\" data-saferedirecturl=\"https:\/\/www.google.com\/url?q=https:\/\/andaluciainformacion.es\/andalucia\/955280\/un-total-de-3248-mujeres-de-la-provincia-cuenta-con-proteccion-por-violencia-machista\/&amp;source=gmail&amp;ust=1615282226899000&amp;usg=AFQjCNHUgAR0Zk2i3KYykU-6tKXwQqvtNQ\">Un total de 3.248 mujeres de la provincia\u00a0de M\u00e1laga\u00a0cuenta con protecci\u00f3n por violencia machista<\/a><strong>&#8211;<\/strong>Andaluciainformacion<\/p>\n<p><strong>Ciencia y Cultura<\/strong><\/p>\n<p><a href=\"http:\/\/www.juntadeandalucia.es\/presidencia\/portavoz\/158691\/ConsejeriadeCulturayPatrimonioHistorico\/JuntadeAndalucia\/PatriciadelPozo\/DiaInternacionaldelaMujer\/ConjuntosArqueologicos\/Museos\/Archivos\/Bibliotecas\/CentroAndaluzdelasLetras\" data-saferedirecturl=\"https:\/\/www.google.com\/url?q=http:\/\/www.juntadeandalucia.es\/presidencia\/portavoz\/158691\/ConsejeriadeCulturayPatrimonioHistorico\/JuntadeAndalucia\/PatriciadelPozo\/DiaInternacionaldelaMujer\/ConjuntosArqueologicos\/Museos\/Archivos\/Bibliotecas\/CentroAndaluzdelasLetras&amp;source=gmail&amp;ust=1615282226899000&amp;usg=AFQjCNGXnHjwQPhkoS1lBHwZajAcZhTWoA\">Cultura analiza el papel de la mujer en la historia en el programa de actividades para el 8 de marzo<\/a>-Oficina del Portavoz<\/p>\n<p><a href=\"https:\/\/www.cordobabn.com\/articulo\/cultura\/patricia\/20210305125057079415.html\" data-saferedirecturl=\"https:\/\/www.google.com\/url?q=https:\/\/www.cordobabn.com\/articulo\/cultura\/patricia\/20210305125057079415.html&amp;source=gmail&amp;ust=1615282226899000&amp;usg=AFQjCNGJD9_SJslJ2CJq9WCPs9NoBGiWIw\">Andaluc\u00eda ensalzar\u00e1 figuras como Luisa Rold\u00e1n, Josefina Manresa o Marisol Dorao el 8 de marzo<\/a>-Cordoba Buenas Noticias<\/p>\n<p><a href=\"https:\/\/www.google.com\/url?rct=j&amp;sa=t&amp;url=https:\/\/www.diariojaen.es\/provincia\/abierto-en-baeza-el-ciclo-de-actividades-del-centro-de-formacion-feminista-carmen-de-burgos-MB7715196&amp;ct=ga&amp;cd=CAEYBSoTNjEzNzg3NTkwNTQ2NjY2ODgxMzIZZDc4ZTU4NzVhMGYxZjJhYzplczplczpFUw&amp;usg=AFQjCNHeu1NWe_B9Yh3ZN_feit7JjjQ0jA\" data-saferedirecturl=\"https:\/\/www.google.com\/url?q=https:\/\/www.google.com\/url?rct%3Dj%26sa%3Dt%26url%3Dhttps:\/\/www.diariojaen.es\/provincia\/abierto-en-baeza-el-ciclo-de-actividades-del-centro-de-formacion-feminista-carmen-de-burgos-MB7715196%26ct%3Dga%26cd%3DCAEYBSoTNjEzNzg3NTkwNTQ2NjY2ODgxMzIZZDc4ZTU4NzVhMGYxZjJhYzplczplczpFUw%26usg%3DAFQjCNHeu1NWe_B9Yh3ZN_feit7JjjQ0jA&amp;source=gmail&amp;ust=1615282226899000&amp;usg=AFQjCNEZeqJdgvd8Xg3M1q_-do5AqCdcow\">Abierto en Baeza el ciclo de actividades del Centro de Formaci\u00f3n Feminista Carmen de Burgos<\/a>&#8211;\u00a0Diario Ja\u00e9n<\/p>\n<p><a href=\"https:\/\/www.google.com\/url?rct=j&amp;sa=t&amp;url=https:\/\/www.emartv.es\/2021\/03\/03\/muestra-cine-mujer\/&amp;ct=ga&amp;cd=CAEYAyoRMjA4NTM2NTM0OTQ1ODc2NzIyGzlhYjFjZGQ3ZTM2NmVmMzg6ZXM6ZXM6RVM6Ug&amp;usg=AFQjCNE4ksXjE-b7reP6k0nMH_3YW0sgqQ\" data-saferedirecturl=\"https:\/\/www.google.com\/url?q=https:\/\/www.google.com\/url?rct%3Dj%26sa%3Dt%26url%3Dhttps:\/\/www.emartv.es\/2021\/03\/03\/muestra-cine-mujer\/%26ct%3Dga%26cd%3DCAEYAyoRMjA4NTM2NTM0OTQ1ODc2NzIyGzlhYjFjZGQ3ZTM2NmVmMzg6ZXM6ZXM6RVM6Ug%26usg%3DAFQjCNE4ksXjE-b7reP6k0nMH_3YW0sgqQ&amp;source=gmail&amp;ust=1615282226899000&amp;usg=AFQjCNGO7CDnEQf_SZ3BEw4PQilkhaE8rA\">La Muestra de Cine \u00abCon nombre de\u00a0mujer\u00a02021\u00bb ser\u00e1 online, gratuita y con sesiones para institutos<\/a>&#8211;\u00a0EMA-RTV<\/p>\n<p><a href=\"https:\/\/www.google.com\/url?rct=j&amp;sa=t&amp;url=https:\/\/www.retema.es\/noticia\/emasesa-organiza-la-jornada-agua-mujer-y-ciencia-el-9-de-marzo-con-motivo-del-dia-int-YmVOW&amp;ct=ga&amp;cd=CAEYBSoTNDc3NTM3NTQxNzYzNzQ4MDIxNzIZYzAzNzJlYmMyZmVhZGE1OTplczplczpFUw&amp;usg=AFQjCNHdvJmsR_DkVsT7PfzdlhWWRg67Ww\" data-saferedirecturl=\"https:\/\/www.google.com\/url?q=https:\/\/www.google.com\/url?rct%3Dj%26sa%3Dt%26url%3Dhttps:\/\/www.retema.es\/noticia\/emasesa-organiza-la-jornada-agua-mujer-y-ciencia-el-9-de-marzo-con-motivo-del-dia-int-YmVOW%26ct%3Dga%26cd%3DCAEYBSoTNDc3NTM3NTQxNzYzNzQ4MDIxNzIZYzAzNzJlYmMyZmVhZGE1OTplczplczpFUw%26usg%3DAFQjCNHdvJmsR_DkVsT7PfzdlhWWRg67Ww&amp;source=gmail&amp;ust=1615282226899000&amp;usg=AFQjCNGpsLS3uCJwZYXFwWXdxM3ieR6Y_Q\">Emasesa organiza la Jornada Agua,\u00a0Mujer\u00a0y Ciencia el 9 de marzo con motivo del D\u00eda &#8230;<\/a>&#8211;\u00a0Retema,<a href=\"https:\/\/www.google.com\/url?rct=j&amp;sa=t&amp;url=https:\/\/www.eldiadecordoba.es\/ocio\/IMAE-teatro-Dia-Internacional-Mujer_0_1552646485.html&amp;ct=ga&amp;cd=CAEYDioTNzM3ODk4MzkzNzE5MzU1MjM3MzIZYzAzNzJlYmMyZmVhZGE1OTplczplczpFUw&amp;usg=AFQjCNEcJgGS1gYbX5rzMk1iR1nzUKIyeA\" data-saferedirecturl=\"https:\/\/www.google.com\/url?q=https:\/\/www.google.com\/url?rct%3Dj%26sa%3Dt%26url%3Dhttps:\/\/www.eldiadecordoba.es\/ocio\/IMAE-teatro-Dia-Internacional-Mujer_0_1552646485.html%26ct%3Dga%26cd%3DCAEYDioTNzM3ODk4MzkzNzE5MzU1MjM3MzIZYzAzNzJlYmMyZmVhZGE1OTplczplczpFUw%26usg%3DAFQjCNEcJgGS1gYbX5rzMk1iR1nzUKIyeA&amp;source=gmail&amp;ust=1615282226899000&amp;usg=AFQjCNHT2buz1rRbkOTHEDIPar76zzhXLQ\"><br \/>\nEl IMAE celebra con dos montajes de compa\u00f1\u00edas cordobesas el D\u00eda Internacional de la\u00a0Mujer<\/a>&#8211;\u00a0El D\u00eda de C\u00f3rdoba<a href=\"https:\/\/www.google.com\/url?rct=j&amp;sa=t&amp;url=https:\/\/www.diariodealmeria.es\/ocio\/Poeticas-inteligencia-ensayos-conocer-IAM_0_1552645037.html&amp;ct=ga&amp;cd=CAEYGyoTNzM3ODk4MzkzNzE5MzU1MjM3MzIZYzAzNzJlYmMyZmVhZGE1OTplczplczpFUw&amp;usg=AFQjCNE3lcJYL9Khqpew31zFgLs44RWHFQ\" data-saferedirecturl=\"https:\/\/www.google.com\/url?q=https:\/\/www.google.com\/url?rct%3Dj%26sa%3Dt%26url%3Dhttps:\/\/www.diariodealmeria.es\/ocio\/Poeticas-inteligencia-ensayos-conocer-IAM_0_1552645037.html%26ct%3Dga%26cd%3DCAEYGyoTNzM3ODk4MzkzNzE5MzU1MjM3MzIZYzAzNzJlYmMyZmVhZGE1OTplczplczpFUw%26usg%3DAFQjCNE3lcJYL9Khqpew31zFgLs44RWHFQ&amp;source=gmail&amp;ust=1615282226899000&amp;usg=AFQjCNE56gwBsc6J9_hDZgSt5jUH3Lf39w\"><br \/>\nLa obra &#8216;Po\u00e9ticas de la inteligencia&#8217; que re\u00fane 17 ensayos se da a conocer hoy online en el IAM<\/a><u>&#8211;<\/u>\u00a0Diario de Almer\u00eda<\/p>\n<p><a href=\"https:\/\/cadenaser.com\/emisora\/2021\/03\/05\/radio_sevilla\/1614945538_887745.html\" data-saferedirecturl=\"https:\/\/www.google.com\/url?q=https:\/\/cadenaser.com\/emisora\/2021\/03\/05\/radio_sevilla\/1614945538_887745.html&amp;source=gmail&amp;ust=1615282226899000&amp;usg=AFQjCNFBju1b9wL6OL6kJh9qSU0HO_Draw\">El Centro Andaluz de las Letras se suma a la celebraci\u00f3n del D\u00eda de la Mujer<\/a>&#8211;<a href=\"http:\/\/cadenaser.com\/\" data-saferedirecturl=\"https:\/\/www.google.com\/url?q=http:\/\/cadenaser.com&amp;source=gmail&amp;ust=1615282226899000&amp;usg=AFQjCNHwE7yi0V392U4urp0x7L6Gh05dmQ\">cadenaser.com<\/a><\/p>\n<p><a href=\"https:\/\/www.msn.com\/es-es\/noticias\/espana\/los-d%C3%B3lmenes-ofrecen-talleres-inspirados-en-el-modo-de-vida-de-la-mujer-prehist%C3%B3rica-dentro-del-programa-del-8m\/ar-BB1eh2Rx\" data-saferedirecturl=\"https:\/\/www.google.com\/url?q=https:\/\/www.msn.com\/es-es\/noticias\/espana\/los-d%25C3%25B3lmenes-ofrecen-talleres-inspirados-en-el-modo-de-vida-de-la-mujer-prehist%25C3%25B3rica-dentro-del-programa-del-8m\/ar-BB1eh2Rx&amp;source=gmail&amp;ust=1615282226899000&amp;usg=AFQjCNEhuxbdXExXqtfcFgsT7KjoqJzjgg\">Los D\u00f3lmenes ofrecen talleres inspirados en el modo de vida de la mujer prehist\u00f3rica dentro del programa del 8M<\/a>&#8211;<a href=\"http:\/\/msn.com\/\" data-saferedirecturl=\"https:\/\/www.google.com\/url?q=http:\/\/msn.com&amp;source=gmail&amp;ust=1615282226899000&amp;usg=AFQjCNHWea2NNAJwzNmrI4GWUUr2jnBaOg\">msn.com<\/a><\/p>\n<p><strong>Deporte<\/strong><\/p>\n<p><a href=\"https:\/\/www.20minutos.es\/deportes\/noticia\/4609117\/0\/atleta-maria-perez-carga-vox-deporte-femenino-deseo-nadie-trate-mujer-familia-asi\/\" data-saferedirecturl=\"https:\/\/www.google.com\/url?q=https:\/\/www.20minutos.es\/deportes\/noticia\/4609117\/0\/atleta-maria-perez-carga-vox-deporte-femenino-deseo-nadie-trate-mujer-familia-asi\/&amp;source=gmail&amp;ust=1615282226900000&amp;usg=AFQjCNFl_Ojpu0wAiAObndCP9cQQahzCUQ\">La atleta Mar\u00eda P\u00e9rez carga contra Vox por el deporte femenino: \u00abQue nadie trate a ninguna mujer de su familia con ese desprecio\u00bb<\/a><u>&#8211;<\/u>20minutos.es<\/p>\n<\/div>\n<\/div>\n<div id=\"\" class=\"lsow-panel lsow-active\">\n<h1 class=\"lsow-panel-title\">Estado<\/h1>\n<div class=\"lsow-panel-content\">\n<p><strong>Institucional<\/strong><\/p>\n<p><a href=\"https:\/\/www.google.com\/url?rct=j&amp;sa=t&amp;url=https:\/\/elpais.com\/sociedad\/2021-03-02\/el-gobierno-ante-el-8-m-las-mujeres-hoy-trabajan-mas-que-los-hombres-pero-son-mas-pobres.html&amp;ct=ga&amp;cd=CAEYASoTNzI2MDA2NTg1NDkwNjkxNDMzMTIZYzAzNzJlYmMyZmVhZGE1OTplczplczpFUw&amp;usg=AFQjCNFjEK_ehM_740vVsrtmazNu-reFYQ\" data-saferedirecturl=\"https:\/\/www.google.com\/url?q=https:\/\/www.google.com\/url?rct%3Dj%26sa%3Dt%26url%3Dhttps:\/\/elpais.com\/sociedad\/2021-03-02\/el-gobierno-ante-el-8-m-las-mujeres-hoy-trabajan-mas-que-los-hombres-pero-son-mas-pobres.html%26ct%3Dga%26cd%3DCAEYASoTNzI2MDA2NTg1NDkwNjkxNDMzMTIZYzAzNzJlYmMyZmVhZGE1OTplczplczpFUw%26usg%3DAFQjCNFjEK_ehM_740vVsrtmazNu-reFYQ&amp;source=gmail&amp;ust=1615282226900000&amp;usg=AFQjCNHwK6fu4NBZPR4hJ1v2Ay02JJXs-w\">El Gobierno, ante el 8-M: \u201cLas\u00a0mujeres\u00a0hoy trabajan m\u00e1s que los hombres, pero son m\u00e1s pobres\u201d<\/a>&#8211; El Pa\u00eds<\/p>\n<p><a href=\"https:\/\/www.google.com\/url?rct=j&amp;sa=t&amp;url=https:\/\/www.europapress.es\/nacional\/noticia-llop-pide-afrontar-futuro-postpandemia-liderazgo-feminista-siglo-xxi-siglo-mujeres-20210303182053.html&amp;ct=ga&amp;cd=CAEYBSoUMTYxNjAwNTUzNjcxMjA3NTYwMTYyGWUxZTc3ZDE1NjA5OGE4ZTM6ZXM6ZXM6RVM&amp;usg=AFQjCNEOuTpIGy_UGNWGkd5-yz6tz0LzGQ\" data-saferedirecturl=\"https:\/\/www.google.com\/url?q=https:\/\/www.google.com\/url?rct%3Dj%26sa%3Dt%26url%3Dhttps:\/\/www.europapress.es\/nacional\/noticia-llop-pide-afrontar-futuro-postpandemia-liderazgo-feminista-siglo-xxi-siglo-mujeres-20210303182053.html%26ct%3Dga%26cd%3DCAEYBSoUMTYxNjAwNTUzNjcxMjA3NTYwMTYyGWUxZTc3ZDE1NjA5OGE4ZTM6ZXM6ZXM6RVM%26usg%3DAFQjCNEOuTpIGy_UGNWGkd5-yz6tz0LzGQ&amp;source=gmail&amp;ust=1615282226900000&amp;usg=AFQjCNFSU5vZ43Ed8oZFCO-i2AMhgkAopg\">Pilar Llop, Presidenta del Senado, pide afrontar el futuro postpandemia desde el liderazgo feminista: \u00abEl siglo XXI es el siglo de &#8230;<\/a>&#8211;\u00a0Europa Press<\/p>\n<p><strong>Institucional-CCAA<\/strong><\/p>\n<p><a href=\"https:\/\/www.google.com\/url?rct=j&amp;sa=t&amp;url=http:\/\/branded.eldiario.es\/bwaw-evento-brecha-genero-sector-empresarial\/&amp;ct=ga&amp;cd=CAEYAyoTOTM0MDMzNjczODkxNjk1MjI5NTIZYzAzNzJlYmMyZmVhZGE1OTplczplczpFUw&amp;usg=AFQjCNH56Mb_PZZ2wwlKQoyu8MIMT96Ppg\" data-saferedirecturl=\"https:\/\/www.google.com\/url?q=https:\/\/www.google.com\/url?rct%3Dj%26sa%3Dt%26url%3Dhttp:\/\/branded.eldiario.es\/bwaw-evento-brecha-genero-sector-empresarial\/%26ct%3Dga%26cd%3DCAEYAyoTOTM0MDMzNjczODkxNjk1MjI5NTIZYzAzNzJlYmMyZmVhZGE1OTplczplczpFUw%26usg%3DAFQjCNH56Mb_PZZ2wwlKQoyu8MIMT96Ppg&amp;source=gmail&amp;ust=1615282226900000&amp;usg=AFQjCNFyUpP1JHuMdQgDO87-ky2mOcwYug\">Un evento para luchar contra la brecha de g\u00e9nero en el sector empresarial<\/a>\u00a0-eldiario.es<a href=\"https:\/\/www.google.com\/url?rct=j&amp;sa=t&amp;url=https:\/\/elpais.com\/sociedad\/2021-03-02\/53-actos-y-concentraciones-para-conmemorar-el-dia-internacional-de-la-mujer-en-la-comunidad-valenciana.html&amp;ct=ga&amp;cd=CAEYACoUMTU1MjIwNDEzNzUzMjAyMDY5ODcyGWMwMzcyZWJjMmZlYWRhNTk6ZXM6ZXM6RVM&amp;usg=AFQjCNEVPBxwEektpuwOJF9MxHbQ6DgXnA\" data-saferedirecturl=\"https:\/\/www.google.com\/url?q=https:\/\/www.google.com\/url?rct%3Dj%26sa%3Dt%26url%3Dhttps:\/\/elpais.com\/sociedad\/2021-03-02\/53-actos-y-concentraciones-para-conmemorar-el-dia-internacional-de-la-mujer-en-la-comunidad-valenciana.html%26ct%3Dga%26cd%3DCAEYACoUMTU1MjIwNDEzNzUzMjAyMDY5ODcyGWMwMzcyZWJjMmZlYWRhNTk6ZXM6ZXM6RVM%26usg%3DAFQjCNEVPBxwEektpuwOJF9MxHbQ6DgXnA&amp;source=gmail&amp;ust=1615282226900000&amp;usg=AFQjCNGrnTOkddv2qi6SPhYXCVtKnu-33w\"><br \/>\n53 actos y concentraciones para conmemorar el D\u00eda Internacional de la\u00a0Mujer\u00a0en la Comunidad Valenciana&#8230;<\/a>&#8211;\u00a0El Pa\u00eds<\/p>\n<p><a href=\"https:\/\/www.google.com\/url?rct=j&amp;sa=t&amp;url=https:\/\/www.eldiario.es\/castilla-la-mancha\/proyectos-opten-subvenciones-instituto-mujer-obligados-implementar-lenguaje-no-sexista_1_7270522.html&amp;ct=ga&amp;cd=CAEYACoTNDc3NTM3NTQxNzYzNzQ4MDIxNzIZYzAzNzJlYmMyZmVhZGE1OTplczplczpFUw&amp;usg=AFQjCNEmYNXAnTA6_BLwdgeQYzXDb0976g\" data-saferedirecturl=\"https:\/\/www.google.com\/url?q=https:\/\/www.google.com\/url?rct%3Dj%26sa%3Dt%26url%3Dhttps:\/\/www.eldiario.es\/castilla-la-mancha\/proyectos-opten-subvenciones-instituto-mujer-obligados-implementar-lenguaje-no-sexista_1_7270522.html%26ct%3Dga%26cd%3DCAEYACoTNDc3NTM3NTQxNzYzNzQ4MDIxNzIZYzAzNzJlYmMyZmVhZGE1OTplczplczpFUw%26usg%3DAFQjCNEmYNXAnTA6_BLwdgeQYzXDb0976g&amp;source=gmail&amp;ust=1615282226900000&amp;usg=AFQjCNHzFVlz184NVZttKYtAIkoaUdy9AQ\">Los proyectos que opten a subvenciones del\u00a0Instituto de la Mujer\u00a0est\u00e1n obligados a implementar el &#8230;<\/a>&#8211;\u00a0eldiario.es<\/p>\n<p><a href=\"https:\/\/www.google.com\/url?rct=j&amp;sa=t&amp;url=https:\/\/www.europapress.es\/aragon\/noticia-presentacion-segunda-guia-mujeres-son-tesoros-abre-actos-iam-celebrar-8m-20210303140224.html&amp;ct=ga&amp;cd=CAEYBioTNDc3NTM3NTQxNzYzNzQ4MDIxNzIZYzAzNzJlYmMyZmVhZGE1OTplczplczpFUw&amp;usg=AFQjCNHlpMGFSxvyfwsIEnw_oqbf-6x8Kg\" data-saferedirecturl=\"https:\/\/www.google.com\/url?q=https:\/\/www.google.com\/url?rct%3Dj%26sa%3Dt%26url%3Dhttps:\/\/www.europapress.es\/aragon\/noticia-presentacion-segunda-guia-mujeres-son-tesoros-abre-actos-iam-celebrar-8m-20210303140224.html%26ct%3Dga%26cd%3DCAEYBioTNDc3NTM3NTQxNzYzNzQ4MDIxNzIZYzAzNzJlYmMyZmVhZGE1OTplczplczpFUw%26usg%3DAFQjCNHlpMGFSxvyfwsIEnw_oqbf-6x8Kg&amp;source=gmail&amp;ust=1615282226900000&amp;usg=AFQjCNEHQhiqk8l60T34RrpTVnifjn8T2g\">La presentaci\u00f3n de la segunda gu\u00eda &#8216;Mujeres\u00a0que son tesoros&#8217; abre los actos del Instituto Aragon\u00e9s de la Mujer para celebrar &#8230;<\/a>&#8211;\u00a0Europa Press<\/p>\n<p><a href=\"https:\/\/www.google.com\/url?rct=j&amp;sa=t&amp;url=https:\/\/www.europapress.es\/illes-balears\/noticia-ibdona-homenajea-lucha-igualdad-premios-tres-conferencias-8m-20210303134707.html&amp;ct=ga&amp;cd=CAEYCyoTNDc3NTM3NTQxNzYzNzQ4MDIxNzIZYzAzNzJlYmMyZmVhZGE1OTplczplczpFUw&amp;usg=AFQjCNHIAOROLpA0URT86Ct2y23VaShyaw\" data-saferedirecturl=\"https:\/\/www.google.com\/url?q=https:\/\/www.google.com\/url?rct%3Dj%26sa%3Dt%26url%3Dhttps:\/\/www.europapress.es\/illes-balears\/noticia-ibdona-homenajea-lucha-igualdad-premios-tres-conferencias-8m-20210303134707.html%26ct%3Dga%26cd%3DCAEYCyoTNDc3NTM3NTQxNzYzNzQ4MDIxNzIZYzAzNzJlYmMyZmVhZGE1OTplczplczpFUw%26usg%3DAFQjCNHIAOROLpA0URT86Ct2y23VaShyaw&amp;source=gmail&amp;ust=1615282226900000&amp;usg=AFQjCNE-UoFnIFdJxu9o7VYlsunTF0IpXw\">El IBDona homenajea la lucha por la igualdad con sus premios y tres conferencias por el 8M<\/a><u>&#8211;<\/u>\u00a0Europa Press<a href=\"https:\/\/www.google.com\/url?rct=j&amp;sa=t&amp;url=https:\/\/murciadiario.com\/art\/26551\/la-carm-y-la-umu-crean-la-catedra-de-la-mujer-empresaria-y-directiva-de-la-region-de-murcia&amp;ct=ga&amp;cd=CAEYACoTNzM3ODk4MzkzNzE5MzU1MjM3MzIZYzAzNzJlYmMyZmVhZGE1OTplczplczpFUw&amp;usg=AFQjCNEytZyVsfLcrv3H1z4usuj5qEE5EA\" data-saferedirecturl=\"https:\/\/www.google.com\/url?q=https:\/\/www.google.com\/url?rct%3Dj%26sa%3Dt%26url%3Dhttps:\/\/murciadiario.com\/art\/26551\/la-carm-y-la-umu-crean-la-catedra-de-la-mujer-empresaria-y-directiva-de-la-region-de-murcia%26ct%3Dga%26cd%3DCAEYACoTNzM3ODk4MzkzNzE5MzU1MjM3MzIZYzAzNzJlYmMyZmVhZGE1OTplczplczpFUw%26usg%3DAFQjCNEytZyVsfLcrv3H1z4usuj5qEE5EA&amp;source=gmail&amp;ust=1615282226900000&amp;usg=AFQjCNER4_LmwAg99Gqtvbx6EuF1aoVVnw\"><br \/>\nLa CARM y la UMU crean la &#8216;C\u00e1tedra de la\u00a0Mujer\u00a0Empresaria y Directiva de la Regi\u00f3n de Murcia&#8217;<\/a>&#8211;\u00a0Murciadiario<\/p>\n<p><a href=\"https:\/\/www.google.com\/url?rct=j&amp;sa=t&amp;url=https:\/\/www.abc.es\/espana\/catalunya\/politica\/abci-numero-mujeres-directivas-cataluna-alcanza-mismo-nivel-media-europea-202103041949_noticia.html&amp;ct=ga&amp;cd=CAEYISoTNzM3ODk4MzkzNzE5MzU1MjM3MzIZYzAzNzJlYmMyZmVhZGE1OTplczplczpFUw&amp;usg=AFQjCNEDMV4pq2GMNoxCCIIFMyYKVlqX1A\" data-saferedirecturl=\"https:\/\/www.google.com\/url?q=https:\/\/www.google.com\/url?rct%3Dj%26sa%3Dt%26url%3Dhttps:\/\/www.abc.es\/espana\/catalunya\/politica\/abci-numero-mujeres-directivas-cataluna-alcanza-mismo-nivel-media-europea-202103041949_noticia.html%26ct%3Dga%26cd%3DCAEYISoTNzM3ODk4MzkzNzE5MzU1MjM3MzIZYzAzNzJlYmMyZmVhZGE1OTplczplczpFUw%26usg%3DAFQjCNEDMV4pq2GMNoxCCIIFMyYKVlqX1A&amp;source=gmail&amp;ust=1615282226900000&amp;usg=AFQjCNFJWRGb4JlYu78Z36Z7tkrtiy5oPA\">El n\u00famero de\u00a0mujeres\u00a0directivas en Catalu\u00f1a alcanza el mismo nivel de la media europea<\/a>&#8211;\u00a0Abc.es<\/p>\n<p><strong>Econom\u00eda y Empresas<\/strong><\/p>\n<p><a href=\"https:\/\/www.mujeremprendedora.net\/grant-thornton-espana-sale-top-10-mundial-paises-mas-mujeres-puestos-directivos\/\" data-saferedirecturl=\"https:\/\/www.google.com\/url?q=https:\/\/www.mujeremprendedora.net\/grant-thornton-espana-sale-top-10-mundial-paises-mas-mujeres-puestos-directivos\/&amp;source=gmail&amp;ust=1615282226900000&amp;usg=AFQjCNEztJfueYLV3oUtR6BOTEET8-sfcA\">Espa\u00f1a sale del top 10 mundial de los pa\u00edses con m\u00e1s mujeres en puestos directivos<\/a>&#8211;<a href=\"http:\/\/mujeremprendedora.net\/\" data-saferedirecturl=\"https:\/\/www.google.com\/url?q=http:\/\/mujeremprendedora.net&amp;source=gmail&amp;ust=1615282226900000&amp;usg=AFQjCNEQZvAA5-ssqWEb2LTIgxxIvWJDLw\">mujeremprendedora.net<\/a><a href=\"https:\/\/www.google.com\/url?rct=j&amp;sa=t&amp;url=https:\/\/www.bolsamania.com\/noticias\/economia\/ibex-logra-objetivo-cnmv-numero-mujeres-consejeras-sube-312--7829015.html&amp;ct=ga&amp;cd=CAEYISoTOTM0MDMzNjczODkxNjk1MjI5NTIZYzAzNzJlYmMyZmVhZGE1OTplczplczpFUw&amp;usg=AFQjCNElnqCRfbq5--m7tMP7HN1Cnqayzw\" data-saferedirecturl=\"https:\/\/www.google.com\/url?q=https:\/\/www.google.com\/url?rct%3Dj%26sa%3Dt%26url%3Dhttps:\/\/www.bolsamania.com\/noticias\/economia\/ibex-logra-objetivo-cnmv-numero-mujeres-consejeras-sube-312--7829015.html%26ct%3Dga%26cd%3DCAEYISoTOTM0MDMzNjczODkxNjk1MjI5NTIZYzAzNzJlYmMyZmVhZGE1OTplczplczpFUw%26usg%3DAFQjCNElnqCRfbq5--m7tMP7HN1Cnqayzw&amp;source=gmail&amp;ust=1615282226900000&amp;usg=AFQjCNEyrm5QwpQSprUhzKdVqCSzGYa3Fg\"><br \/>\nEl Ibex logra el objetivo de la CNMV: el n\u00famero de\u00a0mujeres\u00a0consejeras sube al 31,2%<\/a>&#8211;\u00a0Bolsamania.com<\/p>\n<p><a href=\"https:\/\/www.mujeremprendedora.net\/contratacion-mujeres-cayo-29-2020-pandemia\/\" data-saferedirecturl=\"https:\/\/www.google.com\/url?q=https:\/\/www.mujeremprendedora.net\/contratacion-mujeres-cayo-29-2020-pandemia\/&amp;source=gmail&amp;ust=1615282226900000&amp;usg=AFQjCNGcBxWvmyR6kkCRqo7qrvJVzj6FfA\">La contrataci\u00f3n de mujeres cay\u00f3 un 29% en 2020 por la pandemia<\/a>\u00a0&#8211;<a href=\"http:\/\/mujeremprendedora.net\/\" data-saferedirecturl=\"https:\/\/www.google.com\/url?q=http:\/\/mujeremprendedora.net&amp;source=gmail&amp;ust=1615282226900000&amp;usg=AFQjCNEQZvAA5-ssqWEb2LTIgxxIvWJDLw\">mujeremprendedora.net<\/a><\/p>\n<p><a href=\"https:\/\/www.mujeremprendedora.net\/fitur-debatira-sobre-liderazgo-femenino-industria-turistica\/\" data-saferedirecturl=\"https:\/\/www.google.com\/url?q=https:\/\/www.mujeremprendedora.net\/fitur-debatira-sobre-liderazgo-femenino-industria-turistica\/&amp;source=gmail&amp;ust=1615282226900000&amp;usg=AFQjCNEMWPCD4rYYuaOAinaqQ8GX2vtBkQ\">Fitur debatir\u00e1 sobre el liderazgo femenino en la industria tur\u00edstica<\/a>-Mujeremprendedora.net<a href=\"https:\/\/www.google.com\/url?rct=j&amp;sa=t&amp;url=https:\/\/www.elperiodicodearagon.com\/noticias\/aragon\/mujer-mundo-rural-techos-cristal-techos-cementoeuros_1459747.html&amp;ct=ga&amp;cd=CAEYCCoTNzM3ODk4MzkzNzE5MzU1MjM3MzIZYzAzNzJlYmMyZmVhZGE1OTplczplczpFUw&amp;usg=AFQjCNEMjo7eBdlGz1PQnAKx2Xfc24KEUQ\" data-saferedirecturl=\"https:\/\/www.google.com\/url?q=https:\/\/www.google.com\/url?rct%3Dj%26sa%3Dt%26url%3Dhttps:\/\/www.elperiodicodearagon.com\/noticias\/aragon\/mujer-mundo-rural-techos-cristal-techos-cementoeuros_1459747.html%26ct%3Dga%26cd%3DCAEYCCoTNzM3ODk4MzkzNzE5MzU1MjM3MzIZYzAzNzJlYmMyZmVhZGE1OTplczplczpFUw%26usg%3DAFQjCNEMjo7eBdlGz1PQnAKx2Xfc24KEUQ&amp;source=gmail&amp;ust=1615282226900000&amp;usg=AFQjCNGNOYzbWFPKltFaiehpJHuYapjHaw\"><br \/>\nLa\u00a0mujer\u00a0en el mundo rural: \u00bftechos de cristal o techos de cemento?<\/a>&#8211;\u00a0El Peri\u00f3dico de Arag\u00f3n<a href=\"https:\/\/www.google.com\/url?rct=j&amp;sa=t&amp;url=https:\/\/www.revistainforetail.com\/noticiadet.aspx%3Furlf%3Dmahou-san-miguel-premiada-por-el-ministerio-de-igualdad%26cod%3D602728abcf37e28df2c2939f28ba7fff&amp;ct=ga&amp;cd=CAEYJioTNzM3ODk4MzkzNzE5MzU1MjM3MzIZYzAzNzJlYmMyZmVhZGE1OTplczplczpFUw&amp;usg=AFQjCNFEV6zbQldjlGQuFAky1_ef7m1drQ\" data-saferedirecturl=\"https:\/\/www.google.com\/url?q=https:\/\/www.google.com\/url?rct%3Dj%26sa%3Dt%26url%3Dhttps:\/\/www.revistainforetail.com\/noticiadet.aspx%253Furlf%253Dmahou-san-miguel-premiada-por-el-ministerio-de-igualdad%2526cod%253D602728abcf37e28df2c2939f28ba7fff%26ct%3Dga%26cd%3DCAEYJioTNzM3ODk4MzkzNzE5MzU1MjM3MzIZYzAzNzJlYmMyZmVhZGE1OTplczplczpFUw%26usg%3DAFQjCNFEV6zbQldjlGQuFAky1_ef7m1drQ&amp;source=gmail&amp;ust=1615282226900000&amp;usg=AFQjCNEh6UYRjcKSaUJaXMmIwmH081G8wg\"><br \/>\nMahou San Miguel, premiada por el Ministerio de Igualdad<\/a><u>&#8211;<\/u>\u00a0Revista infoRETAIL<\/p>\n<p><a href=\"https:\/\/www.mujeremprendedora.net\/ata-el-reta-pierde-1-993-mujeres-autonomas-en-2020-rompiendo-la-tendencia\/\" data-saferedirecturl=\"https:\/\/www.google.com\/url?q=https:\/\/www.mujeremprendedora.net\/ata-el-reta-pierde-1-993-mujeres-autonomas-en-2020-rompiendo-la-tendencia\/&amp;source=gmail&amp;ust=1615282226900000&amp;usg=AFQjCNFQOWY2mBmR9O7WX8_F_k87RrFk_g\">ATA: El RETA pierde 1.993 mujeres aut\u00f3nomas en 2020, rompiendo la tendencia<\/a>&#8211;\u00a0Mujeremprendedora.net<\/p>\n<p><a href=\"https:\/\/www.servimedia.es\/noticias\/1697032\" data-saferedirecturl=\"https:\/\/www.google.com\/url?q=https:\/\/www.servimedia.es\/noticias\/1697032&amp;source=gmail&amp;ust=1615282226900000&amp;usg=AFQjCNGrutk6aP_4i692MLn56ndfKoLWrw\">El 5% de las mujeres en edad laboral en Espa\u00f1a tienen discapacidad<\/a>-servimedia<\/p>\n<p><a href=\"https:\/\/www.eldiario.es\/economia\/cierre-brecha-genero-sumaria-231-000-millones-18-5-pib-crearia-3-2-millones-empleos_1_7277453.html\" data-saferedirecturl=\"https:\/\/www.google.com\/url?q=https:\/\/www.eldiario.es\/economia\/cierre-brecha-genero-sumaria-231-000-millones-18-5-pib-crearia-3-2-millones-empleos_1_7277453.html&amp;source=gmail&amp;ust=1615282226900000&amp;usg=AFQjCNE6wpkhovQoiux4MdLuCazxDn3kLg\">El cierre de la brecha de g\u00e9nero sumar\u00eda 231.000 millones, un 18,5% de PIB, y crear\u00eda 3,2 millones de empleos<\/a>-eldiario.es<\/p>\n<p><strong>Actualidad<\/strong><\/p>\n<p><a href=\"https:\/\/elpais.com\/sociedad\/2021-03-05\/igualdad-impulsa-una-red-de-cuidadoras-de-ninos-para-que-las-madres-puedan-trabajar.html\" data-saferedirecturl=\"https:\/\/www.google.com\/url?q=https:\/\/elpais.com\/sociedad\/2021-03-05\/igualdad-impulsa-una-red-de-cuidadoras-de-ninos-para-que-las-madres-puedan-trabajar.html&amp;source=gmail&amp;ust=1615282226901000&amp;usg=AFQjCNG1e_iHFL6MUgAByhy-uBDUTsi6Gg\">Igualdad impulsa una red de cuidadoras de ni\u00f1os para que las madres puedan trabajar<\/a>-El Pa\u00eds<\/p>\n<p><a href=\"https:\/\/www.google.com\/url?rct=j&amp;sa=t&amp;url=https:\/\/www.abc.es\/familia\/mujeres\/abci-cerca-30-por-ciento-mujeres-sufre-estres-y-depresion-doble-hombres-202103031155_noticia.html&amp;ct=ga&amp;cd=CAEYBSoUMTU1MjIwNDEzNzUzMjAyMDY5ODcyGWMwMzcyZWJjMmZlYWRhNTk6ZXM6ZXM6RVM&amp;usg=AFQjCNGPJucVOUGHzarhGAxBK-cazaFVJg\" data-saferedirecturl=\"https:\/\/www.google.com\/url?q=https:\/\/www.google.com\/url?rct%3Dj%26sa%3Dt%26url%3Dhttps:\/\/www.abc.es\/familia\/mujeres\/abci-cerca-30-por-ciento-mujeres-sufre-estres-y-depresion-doble-hombres-202103031155_noticia.html%26ct%3Dga%26cd%3DCAEYBSoUMTU1MjIwNDEzNzUzMjAyMDY5ODcyGWMwMzcyZWJjMmZlYWRhNTk6ZXM6ZXM6RVM%26usg%3DAFQjCNGPJucVOUGHzarhGAxBK-cazaFVJg&amp;source=gmail&amp;ust=1615282226901000&amp;usg=AFQjCNHGbbuIy_CS4nGzLN5jvyJ8r-sJ7w\">Cerca del 30% de las\u00a0mujeres\u00a0sufre estr\u00e9s y depresi\u00f3n, el doble que los hombres<\/a>&#8211;\u00a0Abc.es<a href=\"https:\/\/www.google.com\/url?rct=j&amp;sa=t&amp;url=https:\/\/www.informacion.es\/economia\/2021\/03\/03\/decada-perdida-igualdad-laboral-hombres-37425015.html&amp;ct=ga&amp;cd=CAEYFyoTNDc3NTM3NTQxNzYzNzQ4MDIxNzIZYzAzNzJlYmMyZmVhZGE1OTplczplczpFUw&amp;usg=AFQjCNGzt5wDPLKwa8B_SkPy61miZwTFVw\" data-saferedirecturl=\"https:\/\/www.google.com\/url?q=https:\/\/www.google.com\/url?rct%3Dj%26sa%3Dt%26url%3Dhttps:\/\/www.informacion.es\/economia\/2021\/03\/03\/decada-perdida-igualdad-laboral-hombres-37425015.html%26ct%3Dga%26cd%3DCAEYFyoTNDc3NTM3NTQxNzYzNzQ4MDIxNzIZYzAzNzJlYmMyZmVhZGE1OTplczplczpFUw%26usg%3DAFQjCNGzt5wDPLKwa8B_SkPy61miZwTFVw&amp;source=gmail&amp;ust=1615282226901000&amp;usg=AFQjCNG6mxmPkgnaSlOBzPHzAsMxEQGChA\"><br \/>\nUna d\u00e9cada perdida para la igualdad laboral entre hombres y\u00a0mujeres<\/a>&#8211;\u00a0Informaci\u00f3n<\/p>\n<p><a href=\"https:\/\/www.mujeremprendedora.net\/estudio-n26-revela-mujeres-sienten-cada-vez-mas-independientes-economicamente\/\" data-saferedirecturl=\"https:\/\/www.google.com\/url?q=https:\/\/www.mujeremprendedora.net\/estudio-n26-revela-mujeres-sienten-cada-vez-mas-independientes-economicamente\/&amp;source=gmail&amp;ust=1615282226901000&amp;usg=AFQjCNGtN-dkcqwwwWw7LhqYdFboBGk4lg\">Un estudio de N26 revela que las mujeres se sienten cada vez m\u00e1s independientes econ\u00f3micamente<\/a>&#8211; Mujeremprendedora.net<\/p>\n<p><a href=\"https:\/\/elpais.com\/sociedad\/2021-03-04\/madrid-es-la-unica-autonomia-en-la-que-por-ahora-se-prohiben-las-movilizaciones-del-8-m.html\" data-saferedirecturl=\"https:\/\/www.google.com\/url?q=https:\/\/elpais.com\/sociedad\/2021-03-04\/madrid-es-la-unica-autonomia-en-la-que-por-ahora-se-prohiben-las-movilizaciones-del-8-m.html&amp;source=gmail&amp;ust=1615282226901000&amp;usg=AFQjCNFrOvOx1VNJiVO51W8WK8tOslnrKA\">Madrid es la \u00fanica autonom\u00eda en la que por ahora se proh\u00edben las movilizaciones del 8-M<\/a>&#8211; El Pa\u00eds<\/p>\n<p><a href=\"https:\/\/www.eldiario.es\/politica\/radiografia-mujer-prision-son-7-internos-prefieren-carceles-mixtas-quejan-escasa-formacion_1_7277436.html\" data-saferedirecturl=\"https:\/\/www.google.com\/url?q=https:\/\/www.eldiario.es\/politica\/radiografia-mujer-prision-son-7-internos-prefieren-carceles-mixtas-quejan-escasa-formacion_1_7277436.html&amp;source=gmail&amp;ust=1615282226901000&amp;usg=AFQjCNHsix99G-kqQ9BIbHtAMs0NhI0r7g\">Radiograf\u00eda de la mujer en prisi\u00f3n: son el 7% de internos, prefieren c\u00e1rceles mixtas y se quejan de escasa formaci\u00f3n<\/a>-eldiario.es<\/p>\n<p><strong>Violencias<\/strong><a href=\"https:\/\/www.google.com\/url?rct=j&amp;sa=t&amp;url=https:\/\/www.lamoncloa.gob.es\/serviciosdeprensa\/notasprensa\/interior\/Paginas\/2021\/03032021_mujeres.aspx&amp;ct=ga&amp;cd=CAEYGSoTNDc3NTM3NTQxNzYzNzQ4MDIxNzIZYzAzNzJlYmMyZmVhZGE1OTplczplczpFUw&amp;usg=AFQjCNGIsJ3yml2UsClmOiWBs_ARr8fFow\" data-saferedirecturl=\"https:\/\/www.google.com\/url?q=https:\/\/www.google.com\/url?rct%3Dj%26sa%3Dt%26url%3Dhttps:\/\/www.lamoncloa.gob.es\/serviciosdeprensa\/notasprensa\/interior\/Paginas\/2021\/03032021_mujeres.aspx%26ct%3Dga%26cd%3DCAEYGSoTNDc3NTM3NTQxNzYzNzQ4MDIxNzIZYzAzNzJlYmMyZmVhZGE1OTplczplczpFUw%26usg%3DAFQjCNGIsJ3yml2UsClmOiWBs_ARr8fFow&amp;source=gmail&amp;ust=1615282226901000&amp;usg=AFQjCNG3CIMnBfTTzRWY9ompWgzzlmP3XA\"><br \/>\nLas Fuerzas y Cuerpos de Seguridad registraron 601.416 infracciones penales dirigidas contra las mujeres entre 2015 y 2019 &#8230;<\/a>&#8211;\u00a0lamoncloa.gob.es<\/p>\n<p><a href=\"https:\/\/www.msn.com\/es-es\/lifestyle\/other\/diecis-c3-a9is-poemas-para-recordar-a-las-v-c3-adctimas-de-violencia-de-g-c3-a9nero-y-el-016\/ar-BB1ehgX2\" data-saferedirecturl=\"https:\/\/www.google.com\/url?q=https:\/\/www.msn.com\/es-es\/lifestyle\/other\/diecis-c3-a9is-poemas-para-recordar-a-las-v-c3-adctimas-de-violencia-de-g-c3-a9nero-y-el-016\/ar-BB1ehgX2&amp;source=gmail&amp;ust=1615282226901000&amp;usg=AFQjCNF1yaMCaN5nzMrFbw-d12sgPv7Pmg\">Diecis\u00e9is poemas para recordar a las v\u00edctimas de violencia de g\u00e9nero y el 016<\/a>&#8211;<a href=\"http:\/\/msn.com\/\" data-saferedirecturl=\"https:\/\/www.google.com\/url?q=http:\/\/msn.com&amp;source=gmail&amp;ust=1615282226901000&amp;usg=AFQjCNGFnu8bw4PTpVvJUcS11MTy94DYrA\">msn.com<\/a><\/p>\n<p><a href=\"https:\/\/www.vozpopuli.com\/tecnologia\/acoso-online-jovenes.html\" data-saferedirecturl=\"https:\/\/www.google.com\/url?q=https:\/\/www.vozpopuli.com\/tecnologia\/acoso-online-jovenes.html&amp;source=gmail&amp;ust=1615282226901000&amp;usg=AFQjCNF9K1pjtSpn6mSpldtl5YRrpxz04g\">Casi el 40% de las j\u00f3venes espa\u00f1olas se autocensura en redes sociales por culpa del acoso online<\/a>-vozpopuli.com<\/p>\n<p><strong>Ciencia y Cultura<\/strong><\/p>\n<p><a href=\"https:\/\/www.google.com\/url?rct=j&amp;sa=t&amp;url=https:\/\/www.heraldo.es\/noticias\/aragon\/2021\/03\/04\/i-am-stem-una-guia-una-herramienta-para-descubrir-tu-talento-1475052.html&amp;ct=ga&amp;cd=CAEYFyoTNzM3ODk4MzkzNzE5MzU1MjM3MzIZYzAzNzJlYmMyZmVhZGE1OTplczplczpFUw&amp;usg=AFQjCNFey1EsZlTidjjA4P2JkZIs0shoAw\" data-saferedirecturl=\"https:\/\/www.google.com\/url?q=https:\/\/www.google.com\/url?rct%3Dj%26sa%3Dt%26url%3Dhttps:\/\/www.heraldo.es\/noticias\/aragon\/2021\/03\/04\/i-am-stem-una-guia-una-herramienta-para-descubrir-tu-talento-1475052.html%26ct%3Dga%26cd%3DCAEYFyoTNzM3ODk4MzkzNzE5MzU1MjM3MzIZYzAzNzJlYmMyZmVhZGE1OTplczplczpFUw%26usg%3DAFQjCNFey1EsZlTidjjA4P2JkZIs0shoAw&amp;source=gmail&amp;ust=1615282226901000&amp;usg=AFQjCNHv8nBPvYO8Y0Ucljb16oFis7aXiA\">&#8216;I AM STEM&#8217;, una gu\u00eda, una herramienta para descubrir tu talento<\/a>&#8211;\u00a0Heraldo.es<\/p>\n<p><a href=\"https:\/\/www.google.com\/url?rct=j&amp;sa=t&amp;url=https:\/\/www.huffingtonpost.es\/entry\/visibilidad-conciliacion-y-precariedad-los-retos-de-la-mujer-en-la-ciencia_es_603fbea6c5b617a7e4123533&amp;ct=ga&amp;cd=CAEYICoTNzM3ODk4MzkzNzE5MzU1MjM3MzIZYzAzNzJlYmMyZmVhZGE1OTplczplczpFUw&amp;usg=AFQjCNHwWRXI3cDjGp7d3d0rSi0bm0ms8Q\" data-saferedirecturl=\"https:\/\/www.google.com\/url?q=https:\/\/www.google.com\/url?rct%3Dj%26sa%3Dt%26url%3Dhttps:\/\/www.huffingtonpost.es\/entry\/visibilidad-conciliacion-y-precariedad-los-retos-de-la-mujer-en-la-ciencia_es_603fbea6c5b617a7e4123533%26ct%3Dga%26cd%3DCAEYICoTNzM3ODk4MzkzNzE5MzU1MjM3MzIZYzAzNzJlYmMyZmVhZGE1OTplczplczpFUw%26usg%3DAFQjCNHwWRXI3cDjGp7d3d0rSi0bm0ms8Q&amp;source=gmail&amp;ust=1615282226901000&amp;usg=AFQjCNEbZXqWpeTQRChV8ki6FHf3FkxKzg\">Cuando 1+1 no son 2<\/a><u>&#8211;<\/u>\u00a0El HuffPost<\/p>\n<p><a href=\"https:\/\/www.mujeremprendedora.net\/mujeres-para-quitarse-sombrero-universidad-nebrija\/\" data-saferedirecturl=\"https:\/\/www.google.com\/url?q=https:\/\/www.mujeremprendedora.net\/mujeres-para-quitarse-sombrero-universidad-nebrija\/&amp;source=gmail&amp;ust=1615282226901000&amp;usg=AFQjCNEAnh19XvXj-Y55mOTnCqQ68WuARQ\">Mujeres para quitarse el sombrero en la Universidad Nebrija<\/a>\u00a0&#8211; Mujeremprendedora.net<a href=\"https:\/\/www.google.com\/url?rct=j&amp;sa=t&amp;url=http:\/\/www.eleconomista.es\/ecoaula\/noticias\/11081556\/03\/21\/La-rectora-Eva-Alcon-urge-a-vencer-las-resistencias-a-la-igualdad-para-acelerar-los-liderazgos-femeninos-en-el-marco-de-la-Agenda-2030.html&amp;ct=ga&amp;cd=CAEYACoTMjM4OTE4NTU0Nzg4NjU4MTc2ODIZYzAzNzJlYmMyZmVhZGE1OTplczplczpFUw&amp;usg=AFQjCNH1fKfRhGRAk0IzdsDmew0KEzXuKg\" data-saferedirecturl=\"https:\/\/www.google.com\/url?q=https:\/\/www.google.com\/url?rct%3Dj%26sa%3Dt%26url%3Dhttp:\/\/www.eleconomista.es\/ecoaula\/noticias\/11081556\/03\/21\/La-rectora-Eva-Alcon-urge-a-vencer-las-resistencias-a-la-igualdad-para-acelerar-los-liderazgos-femeninos-en-el-marco-de-la-Agenda-2030.html%26ct%3Dga%26cd%3DCAEYACoTMjM4OTE4NTU0Nzg4NjU4MTc2ODIZYzAzNzJlYmMyZmVhZGE1OTplczplczpFUw%26usg%3DAFQjCNH1fKfRhGRAk0IzdsDmew0KEzXuKg&amp;source=gmail&amp;ust=1615282226902000&amp;usg=AFQjCNHiBcUlLV3V9W__FDi-BRkKbxMLmQ\"><br \/>\nEva Alc\u00f3n, rectora de la UJI y delegada de la Presidencia de CRUE para pol\u00edticas de igualdad, urge a \u00abvencer las resistencias a la igualdad\u00bb para acelerar los liderazgos &#8230;<\/a>&#8211;\u00a0Ecodiario<a href=\"https:\/\/www.google.com\/url?rct=j&amp;sa=t&amp;url=https:\/\/www.lavanguardia.com\/vida\/20210303\/6262637\/anna-bach-dibujo-mujer-trabajadora-tono-positivo-anna-bach.html&amp;ct=ga&amp;cd=CAEYACoUMTA3NTg4NTcyOTYxNTk0MTUxNzMyGWMwMzcyZWJjMmZlYWRhNTk6ZXM6ZXM6RVM&amp;usg=AFQjCNFZA3MY_9HVGV_4Ti509gyCflvNbA\" data-saferedirecturl=\"https:\/\/www.google.com\/url?q=https:\/\/www.google.com\/url?rct%3Dj%26sa%3Dt%26url%3Dhttps:\/\/www.lavanguardia.com\/vida\/20210303\/6262637\/anna-bach-dibujo-mujer-trabajadora-tono-positivo-anna-bach.html%26ct%3Dga%26cd%3DCAEYACoUMTA3NTg4NTcyOTYxNTk0MTUxNzMyGWMwMzcyZWJjMmZlYWRhNTk6ZXM6ZXM6RVM%26usg%3DAFQjCNFZA3MY_9HVGV_4Ti509gyCflvNbA&amp;source=gmail&amp;ust=1615282226902000&amp;usg=AFQjCNE17csa87DL0P6ror4dqRjuRsxjEQ\"><br \/>\nAnna Bach: \u201cDibujo la\u00a0mujer\u00a0trabajadora en tono positivo\u201d<\/a>&#8211;\u00a0La Vanguardia<\/p>\n<p><a href=\"https:\/\/www.google.com\/url?rct=j&amp;sa=t&amp;url=https:\/\/www.elperiodic.com\/delegacion-gobierno-acoge-exposicion-voto-femenino-espana_732184&amp;ct=ga&amp;cd=CAEYGSoTOTM0MDMzNjczODkxNjk1MjI5NTIZYzAzNzJlYmMyZmVhZGE1OTplczplczpFUw&amp;usg=AFQjCNFCqriexP6qrv7M4a9HRVf4cZv7rQ\" data-saferedirecturl=\"https:\/\/www.google.com\/url?q=https:\/\/www.google.com\/url?rct%3Dj%26sa%3Dt%26url%3Dhttps:\/\/www.elperiodic.com\/delegacion-gobierno-acoge-exposicion-voto-femenino-espana_732184%26ct%3Dga%26cd%3DCAEYGSoTOTM0MDMzNjczODkxNjk1MjI5NTIZYzAzNzJlYmMyZmVhZGE1OTplczplczpFUw%26usg%3DAFQjCNFCqriexP6qrv7M4a9HRVf4cZv7rQ&amp;source=gmail&amp;ust=1615282226902000&amp;usg=AFQjCNGAGR_X9XngxOeugTdmqLd-DIJxpw\">La Delegaci\u00f3n del Gobierno acoge la exposici\u00f3n El voto femenino en Espa\u00f1a<\/a>&#8211;\u00a0<a href=\"http:\/\/elperiodic.com\/\" data-saferedirecturl=\"https:\/\/www.google.com\/url?q=http:\/\/elperiodic.com&amp;source=gmail&amp;ust=1615282226902000&amp;usg=AFQjCNGciNh3lkDhSGEFn5jT41CWCc3vfA\">elperiodic.com<\/a><\/p>\n<p><a href=\"https:\/\/www.google.com\/url?rct=j&amp;sa=t&amp;url=https:\/\/www.rtve.es\/television\/20210302\/suzanne-lacy-creacion-redes-entre-mujeres-fundamental\/2079987.shtml&amp;ct=ga&amp;cd=CAEYCSoTOTM0MDMzNjczODkxNjk1MjI5NTIZYzAzNzJlYmMyZmVhZGE1OTplczplczpFUw&amp;usg=AFQjCNEXPqtywJ_SR9yNhJZ_pn0ShMsmWQ\" data-saferedirecturl=\"https:\/\/www.google.com\/url?q=https:\/\/www.google.com\/url?rct%3Dj%26sa%3Dt%26url%3Dhttps:\/\/www.rtve.es\/television\/20210302\/suzanne-lacy-creacion-redes-entre-mujeres-fundamental\/2079987.shtml%26ct%3Dga%26cd%3DCAEYCSoTOTM0MDMzNjczODkxNjk1MjI5NTIZYzAzNzJlYmMyZmVhZGE1OTplczplczpFUw%26usg%3DAFQjCNEXPqtywJ_SR9yNhJZ_pn0ShMsmWQ&amp;source=gmail&amp;ust=1615282226902000&amp;usg=AFQjCNHedgNFuQtFyb4wnSQ2L3cvY-dTyw\">Suzanne Lacy: &#8216;La creaci\u00f3n de redes entre\u00a0mujeres\u00a0es fundamental&#8217;<\/a>&#8211;\u00a0Rtve<a href=\"https:\/\/www.google.com\/url?rct=j&amp;sa=t&amp;url=https:\/\/www.abc.es\/espana\/madrid\/abci-ellas-crean-proposito-emilia-202103041602_noticia.html&amp;ct=ga&amp;cd=CAEYCSoTNzM3ODk4MzkzNzE5MzU1MjM3MzIZYzAzNzJlYmMyZmVhZGE1OTplczplczpFUw&amp;usg=AFQjCNHVFhc3X-zU5DwbpWDOFwSyZdLDAg\" data-saferedirecturl=\"https:\/\/www.google.com\/url?q=https:\/\/www.google.com\/url?rct%3Dj%26sa%3Dt%26url%3Dhttps:\/\/www.abc.es\/espana\/madrid\/abci-ellas-crean-proposito-emilia-202103041602_noticia.html%26ct%3Dga%26cd%3DCAEYCSoTNzM3ODk4MzkzNzE5MzU1MjM3MzIZYzAzNzJlYmMyZmVhZGE1OTplczplczpFUw%26usg%3DAFQjCNHVFhc3X-zU5DwbpWDOFwSyZdLDAg&amp;source=gmail&amp;ust=1615282226902000&amp;usg=AFQjCNHDq5GdQG5RD9sJKi5uRMMn1irrZQ\"><br \/>\nEllas Crean, un mes a prop\u00f3sito de do\u00f1a Emilia<\/a>&#8211; abc.es<\/p>\n<p><strong>Deporte<\/strong><\/p>\n<p><a href=\"https:\/\/elpais.com\/deportes\/2021-03-04\/belen-toimil-pone-al-peso-espanol-en-orbita-europea.html\" data-saferedirecturl=\"https:\/\/www.google.com\/url?q=https:\/\/elpais.com\/deportes\/2021-03-04\/belen-toimil-pone-al-peso-espanol-en-orbita-europea.html&amp;source=gmail&amp;ust=1615282226902000&amp;usg=AFQjCNH6bp5Zy4IvUp1w9rICbYKOj-GvIQ\">Bel\u00e9n Toimil pone al peso espa\u00f1ol en \u00f3rbita europea<\/a>&#8211; El Pa\u00eds<\/p>\n<p><a href=\"https:\/\/www.mundodeportivo.com\/futbol\/eslaliga\/20210305\/492437893473\/deporte-femenino-marzo-eslaliga-brl.html\" data-saferedirecturl=\"https:\/\/www.google.com\/url?q=https:\/\/www.mundodeportivo.com\/futbol\/eslaliga\/20210305\/492437893473\/deporte-femenino-marzo-eslaliga-brl.html&amp;source=gmail&amp;ust=1615282226902000&amp;usg=AFQjCNH8MIFXCpoGiWE1po1cFHktbK1HWw\">LaLiga pone el foco en el deporte femenino<\/a>-mundodeportivo<\/p>\n<p><a href=\"https:\/\/as.com\/masdeporte\/2021\/03\/05\/atletismo\/1614933389_984079.html\" data-saferedirecturl=\"https:\/\/www.google.com\/url?q=https:\/\/as.com\/masdeporte\/2021\/03\/05\/atletismo\/1614933389_984079.html&amp;source=gmail&amp;ust=1615282226902000&amp;usg=AFQjCNFYugTOED5C7rcI2XgIcbJWOwlwow\">\u00c9xito del 1.500 femenino: tres espa\u00f1olas en la final de Torun<\/a>-as<\/p>\n<\/div>\n<\/div>\n<div id=\"\" class=\"lsow-panel lsow-active\">\n<h1 class=\"lsow-panel-title\">Internacional<\/h1>\n<div class=\"lsow-panel-content\">\n<p><a href=\"https:\/\/www.google.com\/url?rct=j&amp;sa=t&amp;url=https:\/\/www.publico.es\/sociedad\/8m-mujeres-primera-linea-luchando-covid-19-cola-paro.html&amp;ct=ga&amp;cd=CAEYHSoTNzM3ODk4MzkzNzE5MzU1MjM3MzIZYzAzNzJlYmMyZmVhZGE1OTplczplczpFUw&amp;usg=AFQjCNFA1oFNfkum5Fy3BrY4IaFrvSUxnQ\">Las\u00a0mujeres, en\u00a0primera l\u00ednea luchando contra la covid-19, y en la cola del paro<\/a>&#8211;\u00a0P\u00fablico<\/p>\n<p><a href=\"https:\/\/elpais.com\/economia\/2021-03-04\/bruselas-obligara-a-las-empresas-a-compensar-a-las-victimas-de-discriminacion-salarial-por-razon-de-genero.html\" data-saferedirecturl=\"https:\/\/www.google.com\/url?q=https:\/\/elpais.com\/economia\/2021-03-04\/bruselas-obligara-a-las-empresas-a-compensar-a-las-victimas-de-discriminacion-salarial-por-razon-de-genero.html&amp;source=gmail&amp;ust=1615282226902000&amp;usg=AFQjCNGVcpWIKXaPZea1XluVJteMl-jLhQ\">Las mujeres que hayan sufrido discriminaci\u00f3n salarial podr\u00e1n exigir a sus empresas que las indemnicen<\/a>-El Pa\u00eds<\/p>\n<p><a href=\"https:\/\/www.google.com\/url?rct=j&amp;sa=t&amp;url=https:\/\/www.eleconomista.com.mx\/economia\/Mayor-participacion-economica-de-las-mujeres-impulsaria-PIB-20210302-0102.html&amp;ct=ga&amp;cd=CAEYBSoUMTA3NTg4NTcyOTYxNTk0MTUxNzMyGWMwMzcyZWJjMmZlYWRhNTk6ZXM6ZXM6RVM&amp;usg=AFQjCNHSO2VhM4FXn2slj-XHJ-GEVSXgCg\" data-saferedirecturl=\"https:\/\/www.google.com\/url?q=https:\/\/www.google.com\/url?rct%3Dj%26sa%3Dt%26url%3Dhttps:\/\/www.eleconomista.com.mx\/economia\/Mayor-participacion-economica-de-las-mujeres-impulsaria-PIB-20210302-0102.html%26ct%3Dga%26cd%3DCAEYBSoUMTA3NTg4NTcyOTYxNTk0MTUxNzMyGWMwMzcyZWJjMmZlYWRhNTk6ZXM6ZXM6RVM%26usg%3DAFQjCNHSO2VhM4FXn2slj-XHJ-GEVSXgCg&amp;source=gmail&amp;ust=1615282226902000&amp;usg=AFQjCNG7msDYJ1x8BLDKMtoYuoOSpKXNWw\">Mayor participaci\u00f3n econ\u00f3mica de las\u00a0mujeres\u00a0impulsar\u00eda PIB<\/a>&#8211;\u00a0El Economista<\/p>\n<p><a href=\"https:\/\/www.google.com\/url?rct=j&amp;sa=t&amp;url=http:\/\/www.cronicasdelaemigracion.com\/articulo\/cronicas\/instituto-cervantes-utrecht-celebra-dia-internacional-mujer-tema-mujer-musica\/20210302142603102542.html&amp;ct=ga&amp;cd=CAEYACoTOTM0MDMzNjczODkxNjk1MjI5NTIZYzAzNzJlYmMyZmVhZGE1OTplczplczpFUw&amp;usg=AFQjCNHm-JQR8EJIzK4Np4XdDGS7AsEXIA\" data-saferedirecturl=\"https:\/\/www.google.com\/url?q=https:\/\/www.google.com\/url?rct%3Dj%26sa%3Dt%26url%3Dhttp:\/\/www.cronicasdelaemigracion.com\/articulo\/cronicas\/instituto-cervantes-utrecht-celebra-dia-internacional-mujer-tema-mujer-musica\/20210302142603102542.html%26ct%3Dga%26cd%3DCAEYACoTOTM0MDMzNjczODkxNjk1MjI5NTIZYzAzNzJlYmMyZmVhZGE1OTplczplczpFUw%26usg%3DAFQjCNHm-JQR8EJIzK4Np4XdDGS7AsEXIA&amp;source=gmail&amp;ust=1615282226902000&amp;usg=AFQjCNF2QpP8NvNAhL0irL3ScZLpNFk4cg\">El\u00a0Instituto\u00a0Cervantes de Utrecht celebra el D\u00eda Internacional de la\u00a0Mujer\u00a0con el tema &#8216;Mujer\u00a0y M\u00fasica&#8217;<\/a>&#8211;\u00a0Cr\u00f3nicas de la Emigraci\u00f3n<a href=\"https:\/\/www.google.com\/url?rct=j&amp;sa=t&amp;url=https:\/\/www.elcorreo.com\/deporte-femenino\/organizacion-juegos-tokio-20210303171228-nt.html&amp;ct=ga&amp;cd=CAEYACoRNDM2NzQzODU1MDQzOTYwMzIyGTFkYzViZWNjNzA2ZWNmOGI6ZXM6ZXM6RVM&amp;usg=AFQjCNHfjjP1FdF3Z0W3nBTB_BR0-D5UoA\" data-saferedirecturl=\"https:\/\/www.google.com\/url?q=https:\/\/www.google.com\/url?rct%3Dj%26sa%3Dt%26url%3Dhttps:\/\/www.elcorreo.com\/deporte-femenino\/organizacion-juegos-tokio-20210303171228-nt.html%26ct%3Dga%26cd%3DCAEYACoRNDM2NzQzODU1MDQzOTYwMzIyGTFkYzViZWNjNzA2ZWNmOGI6ZXM6ZXM6RVM%26usg%3DAFQjCNHfjjP1FdF3Z0W3nBTB_BR0-D5UoA&amp;source=gmail&amp;ust=1615282226903000&amp;usg=AFQjCNFDbj9f20V9Uz2pvg7qqtxIbZS3MQ\"><br \/>\nLas princesas y las trabajadoras de la canci\u00f3n latinoamericana\u00a0\u2013 El Pa\u00eds<\/a><\/p>\n<p><a href=\"https:\/\/www.elcorreo.com\/deporte-femenino\/organizacion-juegos-tokio-20210303171228-nt.html\" target=\"_blank\" rel=\"noopener\"><u>La organizaci\u00f3n de los\u00a0Juegos\u00a0de Tokio incluye a 12 mujeres tras el esc\u00e1ndalo\u00a0sexista<\/u><\/a>&#8211;\u00a0El Correo<\/p>\n<\/div>\n<\/div>\n<\/div><\/div><\/div><\/div><\/div>\n","protected":false},"excerpt":{"rendered":"<p>El Gobierno en el 8M: Las mujeres hoy trabajan m\u00e1s que los hombres pero son m\u00e1s pobres * Las mujeres en primera l\u00ednea de la COVID y en la cola del paro * Cuando 1+1 no son 2 * Ellas Crean un mes a prop\u00f3sito de do\u00f1a Emilia<\/p>\n","protected":false},"author":3,"featured_media":22909,"comment_status":"closed","ping_status":"closed","sticky":false,"template":"","format":"standard","meta":{"footnotes":""},"categories":[298,621],"tags":[157,237,251],"class_list":["post-15284","post","type-post","status-publish","format-standard","has-post-thumbnail","hentry","category-newsletter","category-nwl-3-0","tag-8m","tag-covid19","tag-desempleo"],"yoast_head":"<!-- This site is optimized with the Yoast SEO plugin v27.5 - https:\/\/yoast.com\/product\/yoast-seo-wordpress\/ -->\n<title>Noticias Info CKL n\u00ba 2.555-05\/03\/21-Comunicar con perspectiva de g\u00e9nero<\/title>\n<meta name=\"description\" content=\"El Gobierno en el 8M: Las mujeres hoy trabajan m\u00e1s que los hombres pero son m\u00e1s pobres * Las mujeres en primera l\u00ednea de la COVID y en la cola del paro * Cuando 1+1 no son 2 * Ellas Crean un mes a prop\u00f3sito de do\u00f1a Emilia\" \/>\n<meta name=\"robots\" content=\"index, follow, max-snippet:-1, max-image-preview:large, max-video-preview:-1\" \/>\n<link rel=\"canonical\" href=\"https:\/\/cklcomunicaciones.es\/coop\/noticias-info-ckl-no-2-555-05-03-21\/\" \/>\n<meta property=\"og:locale\" content=\"es_ES\" \/>\n<meta property=\"og:type\" content=\"article\" \/>\n<meta property=\"og:title\" content=\"Noticias Info CKL n\u00ba 2.555-05\/03\/21-Comunicar con perspectiva de g\u00e9nero\" \/>\n<meta property=\"og:description\" content=\"El Gobierno en el 8M: Las mujeres hoy trabajan m\u00e1s que los hombres pero son m\u00e1s pobres * Las mujeres en primera l\u00ednea de la COVID y en la cola del paro * Cuando 1+1 no son 2 * Ellas Crean un mes a prop\u00f3sito de do\u00f1a Emilia\" \/>\n<meta property=\"og:url\" content=\"https:\/\/cklcomunicaciones.es\/coop\/noticias-info-ckl-no-2-555-05-03-21\/\" \/>\n<meta property=\"og:site_name\" content=\"CKL Comunicaciones\" \/>\n<meta property=\"article:published_time\" content=\"2021-03-05T09:46:11+00:00\" \/>\n<meta property=\"article:modified_time\" content=\"2025-02-10T20:11:34+00:00\" \/>\n<meta property=\"og:image\" content=\"https:\/\/cklcomunicaciones.es\/coop\/wp-content\/uploads\/2025\/01\/CKL-una-mirada-distinta-de-la-comunicacion.jpg\" \/>\n\t<meta property=\"og:image:width\" content=\"1482\" \/>\n\t<meta property=\"og:image:height\" content=\"775\" \/>\n\t<meta property=\"og:image:type\" content=\"image\/jpeg\" \/>\n<meta name=\"author\" content=\"ckl\" \/>\n<meta name=\"twitter:card\" content=\"summary_large_image\" \/>\n<meta name=\"twitter:label1\" content=\"Escrito por\" \/>\n\t<meta name=\"twitter:data1\" content=\"ckl\" \/>\n\t<meta name=\"twitter:label2\" content=\"Tiempo de lectura\" \/>\n\t<meta name=\"twitter:data2\" content=\"8 minutos\" \/>\n<script type=\"application\/ld+json\" class=\"yoast-schema-graph\">{\"@context\":\"https:\\\/\\\/schema.org\",\"@graph\":[{\"@type\":\"Article\",\"@id\":\"https:\\\/\\\/cklcomunicaciones.es\\\/coop\\\/noticias-info-ckl-no-2-555-05-03-21\\\/#article\",\"isPartOf\":{\"@id\":\"https:\\\/\\\/cklcomunicaciones.es\\\/coop\\\/noticias-info-ckl-no-2-555-05-03-21\\\/\"},\"author\":{\"name\":\"ckl\",\"@id\":\"https:\\\/\\\/cklcomunicaciones.es\\\/coop\\\/#\\\/schema\\\/person\\\/929a6837f7626450bbb50cee1aef266e\"},\"headline\":\"Noticias Info CKL n\u00ba 2.555-05\\\/03\\\/21\",\"datePublished\":\"2021-03-05T09:46:11+00:00\",\"dateModified\":\"2025-02-10T20:11:34+00:00\",\"mainEntityOfPage\":{\"@id\":\"https:\\\/\\\/cklcomunicaciones.es\\\/coop\\\/noticias-info-ckl-no-2-555-05-03-21\\\/\"},\"wordCount\":1753,\"image\":{\"@id\":\"https:\\\/\\\/cklcomunicaciones.es\\\/coop\\\/noticias-info-ckl-no-2-555-05-03-21\\\/#primaryimage\"},\"thumbnailUrl\":\"https:\\\/\\\/cklcomunicaciones.es\\\/coop\\\/wp-content\\\/uploads\\\/2025\\\/01\\\/CKL-una-mirada-distinta-de-la-comunicacion.jpg\",\"keywords\":[\"8M\",\"COVID19\",\"desempleo\"],\"articleSection\":[\"Newsletter\",\"Nwl v3.0\"],\"inLanguage\":\"es\"},{\"@type\":\"WebPage\",\"@id\":\"https:\\\/\\\/cklcomunicaciones.es\\\/coop\\\/noticias-info-ckl-no-2-555-05-03-21\\\/\",\"url\":\"https:\\\/\\\/cklcomunicaciones.es\\\/coop\\\/noticias-info-ckl-no-2-555-05-03-21\\\/\",\"name\":\"Noticias Info CKL n\u00ba 2.555-05\\\/03\\\/21-Comunicar con perspectiva de g\u00e9nero\",\"isPartOf\":{\"@id\":\"https:\\\/\\\/cklcomunicaciones.es\\\/coop\\\/#website\"},\"primaryImageOfPage\":{\"@id\":\"https:\\\/\\\/cklcomunicaciones.es\\\/coop\\\/noticias-info-ckl-no-2-555-05-03-21\\\/#primaryimage\"},\"image\":{\"@id\":\"https:\\\/\\\/cklcomunicaciones.es\\\/coop\\\/noticias-info-ckl-no-2-555-05-03-21\\\/#primaryimage\"},\"thumbnailUrl\":\"https:\\\/\\\/cklcomunicaciones.es\\\/coop\\\/wp-content\\\/uploads\\\/2025\\\/01\\\/CKL-una-mirada-distinta-de-la-comunicacion.jpg\",\"datePublished\":\"2021-03-05T09:46:11+00:00\",\"dateModified\":\"2025-02-10T20:11:34+00:00\",\"author\":{\"@id\":\"https:\\\/\\\/cklcomunicaciones.es\\\/coop\\\/#\\\/schema\\\/person\\\/929a6837f7626450bbb50cee1aef266e\"},\"description\":\"El Gobierno en el 8M: Las mujeres hoy trabajan m\u00e1s que los hombres pero son m\u00e1s pobres * Las mujeres en primera l\u00ednea de la COVID y en la cola del paro * Cuando 1+1 no son 2 * Ellas Crean un mes a prop\u00f3sito de do\u00f1a Emilia\",\"breadcrumb\":{\"@id\":\"https:\\\/\\\/cklcomunicaciones.es\\\/coop\\\/noticias-info-ckl-no-2-555-05-03-21\\\/#breadcrumb\"},\"inLanguage\":\"es\",\"potentialAction\":[{\"@type\":\"ReadAction\",\"target\":[\"https:\\\/\\\/cklcomunicaciones.es\\\/coop\\\/noticias-info-ckl-no-2-555-05-03-21\\\/\"]}]},{\"@type\":\"ImageObject\",\"inLanguage\":\"es\",\"@id\":\"https:\\\/\\\/cklcomunicaciones.es\\\/coop\\\/noticias-info-ckl-no-2-555-05-03-21\\\/#primaryimage\",\"url\":\"https:\\\/\\\/cklcomunicaciones.es\\\/coop\\\/wp-content\\\/uploads\\\/2025\\\/01\\\/CKL-una-mirada-distinta-de-la-comunicacion.jpg\",\"contentUrl\":\"https:\\\/\\\/cklcomunicaciones.es\\\/coop\\\/wp-content\\\/uploads\\\/2025\\\/01\\\/CKL-una-mirada-distinta-de-la-comunicacion.jpg\",\"width\":1482,\"height\":775,\"caption\":\"CKL - una mirada distinta de la comunicacion\"},{\"@type\":\"BreadcrumbList\",\"@id\":\"https:\\\/\\\/cklcomunicaciones.es\\\/coop\\\/noticias-info-ckl-no-2-555-05-03-21\\\/#breadcrumb\",\"itemListElement\":[{\"@type\":\"ListItem\",\"position\":1,\"name\":\"Portada\",\"item\":\"https:\\\/\\\/cklcomunicaciones.es\\\/coop\\\/\"},{\"@type\":\"ListItem\",\"position\":2,\"name\":\"Noticias Info CKL n\u00ba 2.555-05\\\/03\\\/21\"}]},{\"@type\":\"WebSite\",\"@id\":\"https:\\\/\\\/cklcomunicaciones.es\\\/coop\\\/#website\",\"url\":\"https:\\\/\\\/cklcomunicaciones.es\\\/coop\\\/\",\"name\":\"CKL Comunicaciones\",\"description\":\"Sitio web de CKL Comunicaciones coop , la consultora de comunicaci\u00f3n y estrategia\",\"potentialAction\":[{\"@type\":\"SearchAction\",\"target\":{\"@type\":\"EntryPoint\",\"urlTemplate\":\"https:\\\/\\\/cklcomunicaciones.es\\\/coop\\\/?s={search_term_string}\"},\"query-input\":{\"@type\":\"PropertyValueSpecification\",\"valueRequired\":true,\"valueName\":\"search_term_string\"}}],\"inLanguage\":\"es\"},{\"@type\":\"Person\",\"@id\":\"https:\\\/\\\/cklcomunicaciones.es\\\/coop\\\/#\\\/schema\\\/person\\\/929a6837f7626450bbb50cee1aef266e\",\"name\":\"ckl\",\"image\":{\"@type\":\"ImageObject\",\"inLanguage\":\"es\",\"@id\":\"https:\\\/\\\/secure.gravatar.com\\\/avatar\\\/c82db564e8a669bf6023357a157b9dc4780f4d4c618f2ad1d71a6a5dede45057?s=96&d=mm&r=g\",\"url\":\"https:\\\/\\\/secure.gravatar.com\\\/avatar\\\/c82db564e8a669bf6023357a157b9dc4780f4d4c618f2ad1d71a6a5dede45057?s=96&d=mm&r=g\",\"contentUrl\":\"https:\\\/\\\/secure.gravatar.com\\\/avatar\\\/c82db564e8a669bf6023357a157b9dc4780f4d4c618f2ad1d71a6a5dede45057?s=96&d=mm&r=g\",\"caption\":\"ckl\"},\"url\":\"https:\\\/\\\/cklcomunicaciones.es\\\/coop\\\/author\\\/cklcomunicaciones\\\/\"}]}<\/script>\n<!-- \/ Yoast SEO plugin. -->","yoast_head_json":{"title":"Noticias Info CKL n\u00ba 2.555-05\/03\/21-Comunicar con perspectiva de g\u00e9nero","description":"El Gobierno en el 8M: Las mujeres hoy trabajan m\u00e1s que los hombres pero son m\u00e1s pobres * Las mujeres en primera l\u00ednea de la COVID y en la cola del paro * Cuando 1+1 no son 2 * Ellas Crean un mes a prop\u00f3sito de do\u00f1a Emilia","robots":{"index":"index","follow":"follow","max-snippet":"max-snippet:-1","max-image-preview":"max-image-preview:large","max-video-preview":"max-video-preview:-1"},"canonical":"https:\/\/cklcomunicaciones.es\/coop\/noticias-info-ckl-no-2-555-05-03-21\/","og_locale":"es_ES","og_type":"article","og_title":"Noticias Info CKL n\u00ba 2.555-05\/03\/21-Comunicar con perspectiva de g\u00e9nero","og_description":"El Gobierno en el 8M: Las mujeres hoy trabajan m\u00e1s que los hombres pero son m\u00e1s pobres * Las mujeres en primera l\u00ednea de la COVID y en la cola del paro * Cuando 1+1 no son 2 * Ellas Crean un mes a prop\u00f3sito de do\u00f1a Emilia","og_url":"https:\/\/cklcomunicaciones.es\/coop\/noticias-info-ckl-no-2-555-05-03-21\/","og_site_name":"CKL Comunicaciones","article_published_time":"2021-03-05T09:46:11+00:00","article_modified_time":"2025-02-10T20:11:34+00:00","og_image":[{"width":1482,"height":775,"url":"https:\/\/cklcomunicaciones.es\/coop\/wp-content\/uploads\/2025\/01\/CKL-una-mirada-distinta-de-la-comunicacion.jpg","type":"image\/jpeg"}],"author":"ckl","twitter_card":"summary_large_image","twitter_misc":{"Escrito por":"ckl","Tiempo de lectura":"8 minutos"},"schema":{"@context":"https:\/\/schema.org","@graph":[{"@type":"Article","@id":"https:\/\/cklcomunicaciones.es\/coop\/noticias-info-ckl-no-2-555-05-03-21\/#article","isPartOf":{"@id":"https:\/\/cklcomunicaciones.es\/coop\/noticias-info-ckl-no-2-555-05-03-21\/"},"author":{"name":"ckl","@id":"https:\/\/cklcomunicaciones.es\/coop\/#\/schema\/person\/929a6837f7626450bbb50cee1aef266e"},"headline":"Noticias Info CKL n\u00ba 2.555-05\/03\/21","datePublished":"2021-03-05T09:46:11+00:00","dateModified":"2025-02-10T20:11:34+00:00","mainEntityOfPage":{"@id":"https:\/\/cklcomunicaciones.es\/coop\/noticias-info-ckl-no-2-555-05-03-21\/"},"wordCount":1753,"image":{"@id":"https:\/\/cklcomunicaciones.es\/coop\/noticias-info-ckl-no-2-555-05-03-21\/#primaryimage"},"thumbnailUrl":"https:\/\/cklcomunicaciones.es\/coop\/wp-content\/uploads\/2025\/01\/CKL-una-mirada-distinta-de-la-comunicacion.jpg","keywords":["8M","COVID19","desempleo"],"articleSection":["Newsletter","Nwl v3.0"],"inLanguage":"es"},{"@type":"WebPage","@id":"https:\/\/cklcomunicaciones.es\/coop\/noticias-info-ckl-no-2-555-05-03-21\/","url":"https:\/\/cklcomunicaciones.es\/coop\/noticias-info-ckl-no-2-555-05-03-21\/","name":"Noticias Info CKL n\u00ba 2.555-05\/03\/21-Comunicar con perspectiva de g\u00e9nero","isPartOf":{"@id":"https:\/\/cklcomunicaciones.es\/coop\/#website"},"primaryImageOfPage":{"@id":"https:\/\/cklcomunicaciones.es\/coop\/noticias-info-ckl-no-2-555-05-03-21\/#primaryimage"},"image":{"@id":"https:\/\/cklcomunicaciones.es\/coop\/noticias-info-ckl-no-2-555-05-03-21\/#primaryimage"},"thumbnailUrl":"https:\/\/cklcomunicaciones.es\/coop\/wp-content\/uploads\/2025\/01\/CKL-una-mirada-distinta-de-la-comunicacion.jpg","datePublished":"2021-03-05T09:46:11+00:00","dateModified":"2025-02-10T20:11:34+00:00","author":{"@id":"https:\/\/cklcomunicaciones.es\/coop\/#\/schema\/person\/929a6837f7626450bbb50cee1aef266e"},"description":"El Gobierno en el 8M: Las mujeres hoy trabajan m\u00e1s que los hombres pero son m\u00e1s pobres * Las mujeres en primera l\u00ednea de la COVID y en la cola del paro * Cuando 1+1 no son 2 * Ellas Crean un mes a prop\u00f3sito de do\u00f1a Emilia","breadcrumb":{"@id":"https:\/\/cklcomunicaciones.es\/coop\/noticias-info-ckl-no-2-555-05-03-21\/#breadcrumb"},"inLanguage":"es","potentialAction":[{"@type":"ReadAction","target":["https:\/\/cklcomunicaciones.es\/coop\/noticias-info-ckl-no-2-555-05-03-21\/"]}]},{"@type":"ImageObject","inLanguage":"es","@id":"https:\/\/cklcomunicaciones.es\/coop\/noticias-info-ckl-no-2-555-05-03-21\/#primaryimage","url":"https:\/\/cklcomunicaciones.es\/coop\/wp-content\/uploads\/2025\/01\/CKL-una-mirada-distinta-de-la-comunicacion.jpg","contentUrl":"https:\/\/cklcomunicaciones.es\/coop\/wp-content\/uploads\/2025\/01\/CKL-una-mirada-distinta-de-la-comunicacion.jpg","width":1482,"height":775,"caption":"CKL - una mirada distinta de la comunicacion"},{"@type":"BreadcrumbList","@id":"https:\/\/cklcomunicaciones.es\/coop\/noticias-info-ckl-no-2-555-05-03-21\/#breadcrumb","itemListElement":[{"@type":"ListItem","position":1,"name":"Portada","item":"https:\/\/cklcomunicaciones.es\/coop\/"},{"@type":"ListItem","position":2,"name":"Noticias Info CKL n\u00ba 2.555-05\/03\/21"}]},{"@type":"WebSite","@id":"https:\/\/cklcomunicaciones.es\/coop\/#website","url":"https:\/\/cklcomunicaciones.es\/coop\/","name":"CKL Comunicaciones","description":"Sitio web de CKL Comunicaciones coop , la consultora de comunicaci\u00f3n y estrategia","potentialAction":[{"@type":"SearchAction","target":{"@type":"EntryPoint","urlTemplate":"https:\/\/cklcomunicaciones.es\/coop\/?s={search_term_string}"},"query-input":{"@type":"PropertyValueSpecification","valueRequired":true,"valueName":"search_term_string"}}],"inLanguage":"es"},{"@type":"Person","@id":"https:\/\/cklcomunicaciones.es\/coop\/#\/schema\/person\/929a6837f7626450bbb50cee1aef266e","name":"ckl","image":{"@type":"ImageObject","inLanguage":"es","@id":"https:\/\/secure.gravatar.com\/avatar\/c82db564e8a669bf6023357a157b9dc4780f4d4c618f2ad1d71a6a5dede45057?s=96&d=mm&r=g","url":"https:\/\/secure.gravatar.com\/avatar\/c82db564e8a669bf6023357a157b9dc4780f4d4c618f2ad1d71a6a5dede45057?s=96&d=mm&r=g","contentUrl":"https:\/\/secure.gravatar.com\/avatar\/c82db564e8a669bf6023357a157b9dc4780f4d4c618f2ad1d71a6a5dede45057?s=96&d=mm&r=g","caption":"ckl"},"url":"https:\/\/cklcomunicaciones.es\/coop\/author\/cklcomunicaciones\/"}]}},"_links":{"self":[{"href":"https:\/\/cklcomunicaciones.es\/coop\/wp-json\/wp\/v2\/posts\/15284","targetHints":{"allow":["GET"]}}],"collection":[{"href":"https:\/\/cklcomunicaciones.es\/coop\/wp-json\/wp\/v2\/posts"}],"about":[{"href":"https:\/\/cklcomunicaciones.es\/coop\/wp-json\/wp\/v2\/types\/post"}],"author":[{"embeddable":true,"href":"https:\/\/cklcomunicaciones.es\/coop\/wp-json\/wp\/v2\/users\/3"}],"replies":[{"embeddable":true,"href":"https:\/\/cklcomunicaciones.es\/coop\/wp-json\/wp\/v2\/comments?post=15284"}],"version-history":[{"count":0,"href":"https:\/\/cklcomunicaciones.es\/coop\/wp-json\/wp\/v2\/posts\/15284\/revisions"}],"wp:featuredmedia":[{"embeddable":true,"href":"https:\/\/cklcomunicaciones.es\/coop\/wp-json\/wp\/v2\/media\/22909"}],"wp:attachment":[{"href":"https:\/\/cklcomunicaciones.es\/coop\/wp-json\/wp\/v2\/media?parent=15284"}],"wp:term":[{"taxonomy":"category","embeddable":true,"href":"https:\/\/cklcomunicaciones.es\/coop\/wp-json\/wp\/v2\/categories?post=15284"},{"taxonomy":"post_tag","embeddable":true,"href":"https:\/\/cklcomunicaciones.es\/coop\/wp-json\/wp\/v2\/tags?post=15284"}],"curies":[{"name":"wp","href":"https:\/\/api.w.org\/{rel}","templated":true}]}}