{"id":15238,"date":"2021-02-17T14:44:58","date_gmt":"2021-02-17T13:44:58","guid":{"rendered":"http:\/\/www.cklcomunicaciones.es\/?p=15238"},"modified":"2025-02-10T21:49:41","modified_gmt":"2025-02-10T20:49:41","slug":"noticias-info-ckl-no-2-549-17-02-21","status":"publish","type":"post","link":"https:\/\/cklcomunicaciones.es\/coop\/noticias-info-ckl-no-2-549-17-02-21\/","title":{"rendered":"Noticias Info CKL n\u00ba 2.549-17\/02\/21"},"content":{"rendered":"<div class=\"fusion-fullwidth fullwidth-box fusion-builder-row-1 fusion-flex-container nonhundred-percent-fullwidth non-hundred-percent-height-scrolling\" style=\"--awb-border-radius-top-left:0px;--awb-border-radius-top-right:0px;--awb-border-radius-bottom-right:0px;--awb-border-radius-bottom-left:0px;--awb-flex-wrap:wrap;\" ><div class=\"fusion-builder-row fusion-row fusion-flex-align-items-flex-start fusion-flex-content-wrap\" style=\"max-width:1248px;margin-left: calc(-4% \/ 2 );margin-right: calc(-4% \/ 2 );\"><div class=\"fusion-layout-column fusion_builder_column fusion-builder-column-0 fusion_builder_column_1_1 1_1 fusion-flex-column\" style=\"--awb-bg-blend:overlay;--awb-bg-size:cover;--awb-width-large:100%;--awb-margin-top-large:0px;--awb-spacing-right-large:1.92%;--awb-margin-bottom-large:0px;--awb-spacing-left-large:1.92%;--awb-width-medium:100%;--awb-spacing-right-medium:1.92%;--awb-spacing-left-medium:1.92%;--awb-width-small:100%;--awb-spacing-right-small:1.92%;--awb-spacing-left-small:1.92%;\"><div class=\"fusion-column-wrapper fusion-flex-justify-content-flex-start fusion-content-layout-column\"><div class=\"fusion-text fusion-text-1\"><h1>Convocatorias<\/h1>\n<div id=\"\" class=\"lsow-panel lsow-active\">\n<div class=\"lsow-panel-content\">\n<ul>\n<li><a href=\"http:\/\/www.doshermanas.es\/concejalias\/igualdad-y-educacion\/igualdad\/actividades\/WEBINARIO-MUJERES-LIDERES\/\">Webinario\u00a0&#8216;Mujeres L\u00edderes, Tejiendo redes con la Igualdad&#8217;<\/a>. Delegaci\u00f3n de Igualdad y Educaci\u00f3n del Ayuntamiento de Dos Hermanas. 23 de febrero, 23 de marzo, 13 abril y 11 de mayo de 17:00 a 20:00 h.\u00a0<a href=\"https:\/\/docs.google.com\/forms\/d\/e\/1FAIpQLSfrvKE4A5xKGEr0RxhtzXiPhMHKCR5Q9cvd4jL_ku7_lr3P3w\/viewform\">Inscripciones<\/a><\/li>\n<\/ul>\n<\/div>\n<\/div>\n<div id=\"\" class=\"lsow-panel lsow-active\">\n<h1 class=\"lsow-panel-title\">Comunicaci\u00f3n<\/h1>\n<div class=\"lsow-panel-content\">\n<p><a href=\"https:\/\/www.google.com\/url?rct=j&amp;sa=t&amp;url=https:\/\/m.europapress.es\/castilla-lamancha\/noticia-jueves-abre-plazo-concurrir-premio-periodistico-luisa-alberca-lorente-igualdad-genero-20210217093331.html&amp;ct=ga&amp;cd=CAEYACoUMTI0MTExMjIwNTgzOTg3NTAyOTcyGWMwMzcyZWJjMmZlYWRhNTk6ZXM6ZXM6RVM&amp;usg=AFQjCNHzEh0yiNWC5tEZb2odCmNE_LrTwA\">Este jueves se abre el plazo para concurrir al I Premio Period\u00edstico Luisa Alberca Lorente por la &#8230;<\/a>&#8211;\u00a0Europa Press<a href=\"https:\/\/www.google.com\/url?rct=j&amp;sa=t&amp;url=https:\/\/www.elperiodicoextremadura.com\/noticias\/caceres\/periodista-elisa-blazquez-reconocida-8-marzo_1269518.html&amp;ct=ga&amp;cd=CAEYACoSNzkwOTMzMDU0NjMxNzMwNDE3MhljMDM3MmViYzJmZWFkYTU5OmVzOmVzOkVT&amp;usg=AFQjCNElZ1rHYLHL_VR493Nb3xg3D73yyw\"><br \/>\nLa periodista Elisa Bl\u00e1zquez, reconocida por el 8 de Marzo<\/a>&#8211;\u00a0El Peri\u00f3dico de Extremadura<\/p>\n<p><a href=\"https:\/\/www.msn.com\/es-es\/entertainment\/cine\/las-creadoras-de-memes-que-triunfan-en-instagram-con-una-mezcla-de-humor-activismo-y-divulgaci-c3-b3n\/ar-BB1dJPfn\">Las creadoras de memes que triunfan en Instagram con una mezcla de humor, activismo y divulgaci\u00f3n<\/a>&#8211;<a href=\"http:\/\/msn.com\/\">msn.com<\/a><\/p>\n<p><a href=\"https:\/\/elpais.com\/tecnologia\/2021-02-16\/el-mundo-visto-por-los-algoritmos-ellas-en-biquini-ellos-con-traje-y-corbata.html\">El mundo visto por el sexismo de los algoritmos: ellas en biquini, ellos con traje y corbata<\/a>&#8211; El Pa\u00eds<\/p>\n<\/div>\n<\/div>\n<div id=\"\" class=\"lsow-panel lsow-active\">\n<h1 class=\"lsow-panel-title\">Andaluc\u00eda<\/h1>\n<div class=\"lsow-panel-content\">\n<p><strong>Econom\u00eda y Empresas<\/strong><\/p>\n<p><a href=\"http:\/\/www.juntadeandalucia.es\/presidencia\/portavoz\/158228\/Fondoseuropeos\/Andalucia\/ComisiondeAsuntosEuropeos\/ParlamentodeAndalucia\/JuanBravo\/ConsejeriadeHaciendayFinanciacionEuropea\/JuntadeAndalucia\/GobiernodeAndalucia\">El Gobierno andaluz duplica en dos a\u00f1os el volumen de ejecuci\u00f3n de fondos europeos<\/a>&#8211; Oficina del Portavoz<\/p>\n<p><a href=\"https:\/\/www.google.com\/url?rct=j&amp;sa=t&amp;url=https:\/\/www.diariodesevilla.es\/agr_andalucia\/agropecuario\/Cooperativas-Agroalimentarias-motor-territorio_0_1546646807.html&amp;ct=ga&amp;cd=CAEYACoUMTI4MTE0MzQ5NDM4MDUwNzc0ODYyGWQ3OGU1ODc1YTBmMWYyYWM6ZXM6ZXM6RVM&amp;usg=AFQjCNH98ffWRZjdbMFWnBsDBAxP6gIMaQ\">Las cooperativas agroalimentarias, como motor del territorio<\/a>&#8211;\u00a0Diario de Sevilla<\/p>\n<p><a href=\"http:\/\/www.juntadeandalucia.es\/presidencia\/portavoz\/158198\/Empleo\/ERTE\/expedientederegulaciontemporaldeempleo\/pandemia\/coronavitus\/covid\/empresa\/ConsejeriadeEmpleoFormacionyTrabajoAutonomo\/administracionelectronica\/Andalucia\/JuntadeAndalucia\/GobiernodeAndalucia\">Empleo habilita en su web un nuevo formulario para facilitar a las empresas el cambio de situaci\u00f3n del ERTE<\/a>&#8211; Oficina del Portavoz<\/p>\n<p><strong>Actualidad<\/strong><\/p>\n<p><a href=\"https:\/\/www.google.com\/url?rct=j&amp;sa=t&amp;url=https:\/\/www.europapress.es\/andalucia\/cadiz-00351\/noticia-gloria-bazan-universo-santi-jerez-cadiz-premiada-premios-meridiana-ejemplo-superacion-20210215135748.html&amp;ct=ga&amp;cd=CAEYAyoTNzc5ODczODQ4NDU0MTUwMTIzODIbOWFiMWNkZDdlMzY2ZWYzODplczplczpFUzpS&amp;usg=AFQjCNExZtMJ_TY84WotlfdsOFu8sZ8z3Q\">Gloria Baz\u00e1n, de Universo Santi en Jerez (C\u00e1diz), premiada en los Premios Meridiana como &#8230;<\/a>&#8211;\u00a0Europa Press<\/p>\n<p><a href=\"https:\/\/cadenaser.com\/emisora\/2021\/02\/16\/radio_motril\/1613481776_472472.html\">El Consejo de la Mujer de Motril designa los &#8216;Premios Igualdad 2021&#8217;<\/a>-cadenaser<\/p>\n<p><a href=\"https:\/\/www.google.com\/url?rct=j&amp;sa=t&amp;url=https:\/\/www.cordobabn.com\/articulo\/andalucia\/junta-destina-24-millones-empleo-personas-riesgo-exclusion-empresas-insercion\/20210216140443076991.html&amp;ct=ga&amp;cd=CAEYASoUMTMxMTkyMTY0NDE5NzA5NDE5MjIyGWUxZTc3ZDE1NjA5OGE4ZTM6ZXM6ZXM6RVM&amp;usg=AFQjCNEa1-1X-slMlkSP5Np-u8SzEcVONQ\">Andaluc\u00eda destina 2,4 millones para apoyar el empleo de personas con riesgo de exclusi\u00f3n en &#8230;<\/a>&#8211;\u00a0C\u00f3rdoba Buenas Noticias<\/p>\n<p><a href=\"http:\/\/www.juntadeandalucia.es\/presidencia\/portavoz\/158186\/voluntariado\/voluntarios\/tercersector\/participacionciudadana\/ConsejeriadeIgualdad\">El I Plan Estrat\u00e9gico de Voluntariado integrar\u00e1 la participaci\u00f3n ciudadana en las pol\u00edticas p\u00fablicas<\/a>&#8211; Oficina del Portavoz<\/p>\n<p><a href=\"https:\/\/www.msn.com\/es-es\/news\/espana\/la-famp-sostiene-en-una-declaraci-c3-b3n-sobre-el-28-f-que-representa-los-cimientos-de-la-andaluc-c3-ada-que-hoy-conocemos\/ar-BB1dKTZn\">La FAMP sostiene en una declaraci\u00f3n sobre el 28-F que \u00abrepresenta los cimientos de la Andaluc\u00eda que hoy conocemos\u00bb<\/a>&#8211;<a href=\"http:\/\/msn.com\/\">msn.com<\/a><\/p>\n<p><strong>Violencias<\/strong><\/p>\n<p><a href=\"https:\/\/www.google.com\/url?rct=j&amp;sa=t&amp;url=https:\/\/www.benalgo.es\/noticias\/un-protocolo-detectara-victimas-de-violencia-de-genero-entre-las-beneficiarias-de-la-teleasistencia.html&amp;ct=ga&amp;cd=CAEYAioUMTU4MjE0NjcwODk3MzE2MjYwMDMyGzlhYjFjZGQ3ZTM2NmVmMzg6ZXM6ZXM6RVM6Ug&amp;usg=AFQjCNHKoYc1Bd3vMslqoVzbXCv3YfB44Q\">Un protocolo detectar\u00e1 v\u00edctimas de violencia de g\u00e9nero entre las beneficiarias de la teleasistencia<\/a>&#8211;\u00a0Contracr\u00f3nica.es<\/p>\n<p><a href=\"https:\/\/www.google.com\/url?rct=j&amp;sa=t&amp;url=https:\/\/www.diariodealmeria.es\/almeria\/IAM-educacion-prevencion-APP-Olimpia_0_1547846068.html&amp;ct=ga&amp;cd=CAEYACoUMTU4MjE0NjcwODk3MzE2MjYwMDMyGzlhYjFjZGQ3ZTM2NmVmMzg6ZXM6ZXM6RVM6Ug&amp;usg=AFQjCNHiHsy1ePafsdvH1W_azEuudzvdcQ\">Olimpia, una nueva aplicaci\u00f3n m\u00f3vil para prevenir la violencia de g\u00e9nero en los m\u00e1s j\u00f3venes<\/a>&#8211;\u00a0Diario de Almer\u00eda<\/p>\n<p><strong>Ciencia y Cultura<\/strong><\/p>\n<p><a href=\"http:\/\/www.juntadeandalucia.es\/presidencia\/portavoz\/158193\/ConsejeriadeCulturayPatrimonioHistorico\/programacionactividadesculturales\/museos\/conjuntos\/bibliotecas\/archivos\/DiadeAndalucia\/28defebrero\/28F\">Cultura celebra el D\u00eda de Andaluc\u00eda con m\u00e1s de 50 actividades culturales en los museos y conjuntos arqueol\u00f3gicos<\/a>&#8211; Oficina del Portavoz<\/p>\n<p><a href=\"https:\/\/www.ideal.es\/almeria\/ual\/reivindica-papel-mujeres-ciencia-ual-almeria-20210216190637-nt.html\">La UAL reivindica el papel de las mujeres inventoras y creadoras<\/a>&#8211;<a href=\"http:\/\/ideal.es\/\">ideal.es<\/a><\/p>\n<p><a href=\"https:\/\/www.cordobabn.com\/articulo\/cordoba\/uco-utiliza-arte-urbano-rendir-homenaje-mujeres-cientificas\/20210216195136077029.html\">La Universidad de C\u00f3rdoba rinde homenaje a 3 mujeres cient\u00edficas a trav\u00e9s del arte urbano<\/a>-Cordoba Buenas Noticias<\/p>\n<p><a href=\"https:\/\/elpais.com\/cultura\/2021-02-16\/las-obras-de-un-bar-de-sevilla-desvelan-un-bano-islamico-del-siglo-xii-decorado-en-su-totalidad.html\">Las obras de un bar de Sevilla desvelan un ba\u00f1o isl\u00e1mico del siglo XII decorado en su totalidad<\/a>&#8211; El Pa\u00eds<\/p>\n<p><strong>Deporte<\/strong><\/p>\n<p><a href=\"http:\/\/www.golfconfidencial.com\/amateurs\/39528\/\">Magdalena Agudo, M\u00aa Luisa Carrere y Lourdes Canivell Campeonas de Andaluc\u00eda Intercubs<\/a>-golfconfidencial<\/p>\n<\/div>\n<\/div>\n<div id=\"\" class=\"lsow-panel lsow-active\">\n<h1 class=\"lsow-panel-title\">Estado<\/h1>\n<div class=\"lsow-panel-content\">\n<p><strong>Institucional<\/strong><\/p>\n<p><a href=\"https:\/\/www.elperiodic.com\/gobierno-refuerza-compromiso-lucha-contra-desigualdad-retributiva-cuidados-para-igualdad-salarial_729458\">El Gobierno refuerza su compromiso en la lucha contra la desigualdad retributiva y de los cuidados en el D\u00eda para la Igualdad Salarial<\/a>-elperiodic<\/p>\n<p><a href=\"https:\/\/www.europapress.es\/cultura\/cine-00128\/noticia-calvo-insta-seguir-exigiendo-politicas-discriminacion-positiva-mujeres-audiovisual-20210217133052.html\">Calvo insta a \u00abseguir exigiendo\u00bb pol\u00edticas de discriminaci\u00f3n positiva para las mujeres en el audiovisual<\/a>-europapress.es<\/p>\n<p><strong>Institucional-CCAA<\/strong><\/p>\n<p><a href=\"https:\/\/www.laopiniondezamora.es\/zamora-ciudad\/2021\/02\/16\/europa-premia-mujeres-rurales-actividad-34827355.html\">Europa premia a las mujeres rurales de Zamora por su actividad durante la \u00e9poca de confinamiento<\/a>-laopiniondezamora<\/p>\n<p><a href=\"https:\/\/www.google.com\/url?rct=j&amp;sa=t&amp;url=https:\/\/www.aragondigital.es\/2021\/02\/15\/el-iam-presenta-una-guia-para-promocionar-profesiones-cientificas-y-tecnologicas-entre-las-jovenes\/&amp;ct=ga&amp;cd=CAEYAioUMTYxMjQ1MTY1MzQxNjQ3MDI2NzEyGWMwMzcyZWJjMmZlYWRhNTk6ZXM6ZXM6RVM&amp;usg=AFQjCNH5Mx_aBFwf_oNjoCFmkCBlHU4oPQ\">El Instituto Aragon\u00e9s de la Mujer presenta una gu\u00eda para promocionar profesiones cient\u00edficas y tecnol\u00f3gicas entre las j\u00f3venes<\/a>&#8211;\u00a0Arag\u00f3n Digital<\/p>\n<p><a href=\"https:\/\/www.google.com\/url?rct=j&amp;sa=t&amp;url=https:\/\/eldiadigital.es\/art\/354467\/la-junta-celebra-que-la-estrategia-de-la-ue-para-la-igualdad-de-genero-siga-sus-planteamientos&amp;ct=ga&amp;cd=CAEYASoUMTEyNjYwMzUzMjUzNjI2OTA3OTUyGWMwMzcyZWJjMmZlYWRhNTk6ZXM6ZXM6RVM&amp;usg=AFQjCNG6N-BweHfWNjQeaEzWqdr4jb9LBQ\">La Junta de Castilla-La Mancha celebra que la Estrategia de la UE para la Igualdad de G\u00e9nero siga sus planteamientos<\/a>&#8211;\u00a0<a href=\"http:\/\/eldiadigital.es\/\">eldiadigital.es<\/a><a href=\"https:\/\/www.google.com\/url?rct=j&amp;sa=t&amp;url=https:\/\/comunicacionmarketing.es\/comunicacion\/16\/02\/2021\/aragon-presenta-el-programa-liderazgo-de-mujeres-emprendedoras-2021\/19166.html&amp;ct=ga&amp;cd=CAEYASoTNTQwNjU5NjMwMzA4Njk2MzA3OTIZYzAzNzJlYmMyZmVhZGE1OTplczplczpFUw&amp;usg=AFQjCNGMl3g0Y09g5ZL7zOYocUWpwEi6EA\"><br \/>\nArag\u00f3n presenta el Programa Liderazgo de\u00a0Mujeres\u00a0Emprendedoras 2021<\/a>&#8211;\u00a0Comunicaci\u00f3n &amp; Marketing<\/p>\n<p><strong>Econom\u00eda y Empresas<\/strong><\/p>\n<p><a href=\"https:\/\/www.google.com\/url?rct=j&amp;sa=t&amp;url=https:\/\/m.infosalus.com\/mujer\/noticia-31-madres-trabajo-remunerado-ven-obligadas-renunciar-mismo-si-hijo-tiene-meningitis-20210215125050.html&amp;ct=ga&amp;cd=CAEYASoUMTYxMjQ1MTY1MzQxNjQ3MDI2NzEyGWMwMzcyZWJjMmZlYWRhNTk6ZXM6ZXM6RVM&amp;usg=AFQjCNGLqWMruI5AAd7IF5J6GyPQl9Ec7A\">El 31% de las madres con un trabajo remunerado se ven obligadas a renunciar al mismo si su hijo &#8230;<\/a>&#8211;\u00a0infosalus.com<\/p>\n<p><a href=\"https:\/\/www.mujeremprendedora.net\/tena-fundacion-mujeres-impulsan-insercion-laboral-mujeres-mayores-40-anos\/\">TENA y Fundaci\u00f3n Mujeres impulsan la inserci\u00f3n laboral de las mujeres mayores de 40 a\u00f1os<\/a>&#8211; Mujeremprendedora.net<\/p>\n<p><a href=\"https:\/\/www.inese.es\/estas-son-las-11-nominadas-del-sector-asegurador-al-ranking-top-100-mujeres-lideres-en-espana-2021\/\">Estas son las 11 nominadas del sector asegurador al ranking &#8216;Top 100 Mujeres L\u00edderes en Espa\u00f1a 2021&#8217;<\/a>-Lne.es<\/p>\n<p><a href=\"https:\/\/www.ondacero.es\/emisoras\/aragon\/noticias\/conciliacion-teletrabajo-necesita-mas-medidas-apoyo_20210217602d0d29c092770001d2512b.html\">La conciliaci\u00f3n y el teletrabajo necesita m\u00e1s medidas de apoyo<\/a>-ondacero<\/p>\n<p><a href=\"https:\/\/elpais.com\/sociedad\/2021-02-16\/vacaciones-excedencias-y-dias-sin-sueldo-asi-afrontan-las-madres-trabajadoras-las-cuarentenas-de-sus-hijos.html\">Vacaciones, excedencias y d\u00edas sin sueldo: as\u00ed afrontan las madres trabajadoras las cuarentenas de sus hijos<\/a>&#8211; El Pa\u00eds<\/p>\n<p><a href=\"https:\/\/www.google.com\/url?rct=j&amp;sa=t&amp;url=https:\/\/www.lamoncloa.gob.es\/serviciosdeprensa\/notasprensa\/inclusion\/Paginas\/2021\/160221-agentes-sociales.aspx&amp;ct=ga&amp;cd=CAEYACoUMTQ3MDc5OTkyNzU5MzA1NDE1NDQyGWMwMzcyZWJjMmZlYWRhNTk6ZXM6ZXM6RVM&amp;usg=AFQjCNHckgpp_lhE-eRHfeLIcTATrm1KRA\">Los agentes sociales ratifican el acuerdo sobre el complemento para reducir la brecha de g\u00e9nero &#8230;<\/a>&#8211;\u00a0lamoncloa.gob.es<\/p>\n<p><strong>Actualidad<\/strong><a href=\"https:\/\/www.google.com\/url?rct=j&amp;sa=t&amp;url=https:\/\/www.servimedia.es\/noticias\/1599425&amp;ct=ga&amp;cd=CAEYACoTMzQ1NTkyOTkyNTY5NDAzODIzNjIZYzAzNzJlYmMyZmVhZGE1OTplczplczpFUw&amp;usg=AFQjCNE_fcRNL4NfHKBkFdHtpJS88QtylQ\"><br \/>\nEl Grupo Social ONCE apoya con 11 millones de cupones la igualdad laboral de la\u00a0mujer<\/a>&#8211;\u00a0Servimedia<a href=\"https:\/\/www.google.com\/url?rct=j&amp;sa=t&amp;url=https:\/\/www.infosalus.com\/mujer\/noticia-investigadores-explican-sustancia-sangre-embarazadas-combate-reacciones-inmunes-patologicas-20210215175404.html&amp;ct=ga&amp;cd=CAEYAioUMTQ3ODk2MTgyNzg2MTM1ODYzOTYyGWMwMzcyZWJjMmZlYWRhNTk6ZXM6ZXM6RVM&amp;usg=AFQjCNGEp2q0xdJWguFD5EQtuAAk0A-Zog\"><br \/>\nInvestigadores explican c\u00f3mo una sustancia en la sangre de las embarazadas combate las reacciones inmunes patol\u00f3gicas&#8230;<\/a>&#8211;\u00a0infosalus.com<\/p>\n<p><a href=\"https:\/\/www.google.com\/url?rct=j&amp;sa=t&amp;url=https:\/\/www.deia.eus\/actualidad\/sociedad\/2021\/02\/16\/mujeres-adictas-tardan-tratamiento-miedo\/1099753.html&amp;ct=ga&amp;cd=CAEYACoUMTA4ODczOTAyMzcxMTEwNjMyMDcyGWMwMzcyZWJjMmZlYWRhNTk6ZXM6ZXM6RVM&amp;usg=AFQjCNEDe3hj5ZX0prwf8vjePbfz654htw\">Las\u00a0mujeres\u00a0adictas tardan en ir a tratamiento por miedo al estigma social<\/a>&#8211;\u00a0Deia<\/p>\n<p><a href=\"https:\/\/www.diariosur.es\/sociedad\/mujeres-menopausia-madres-covid-estudio-florida-20210217122359-nt.html\">Las mujeres con menopausia o que acaban de dar a luz, m\u00e1s vulnerables al Covid seg\u00fan un estudio<\/a>\u00a0\u2013Sur<\/p>\n<p><a href=\"https:\/\/elpais.com\/ciencia\/2021-02-17\/pildora-anticonceptiva-verdades-y-mitos-sobre-su-uso.html\">P\u00edldora anticonceptiva: verdades y mitos sobre su uso<\/a>&#8211; El Pa\u00eds<\/p>\n<p><strong>Violencias<\/strong><\/p>\n<p><a href=\"https:\/\/www.msn.com\/es-es\/news\/espana\/desarticulada-una-red-de-explotaci-c3-b3n-de-mujeres-que-captaba-v-c3-adctimas-en-brasil-y-las-llevaba-a-valladolid\/ar-BB1dL48T\">Desarticulada una red de explotaci\u00f3n de mujeres que captaba v\u00edctimas en Brasil y las llevaba a Valladolid<\/a>-eldiario.es<\/p>\n<p><strong>Ciencia y Cultura<\/strong><\/p>\n<p><a href=\"https:\/\/www.elcorreo.com\/sociedad\/salud\/margarita-del-val-alerta-sobre-nuevas-pandemias-y-pide-una-mejor-gestion-a-los-politicos-20210217090933-nt.html\">Margarita del Val alerta sobre nuevas pandemias y pide una mejor gesti\u00f3n a los pol\u00edticos<\/a>-elcorreo.com<\/p>\n<p><a href=\"https:\/\/www.publico.es\/ciencias\/cerebro-humano-mutacion-neandertal-introducida-laboratorio-altera-cerebro-humano.html\">Una mutaci\u00f3n neandertal introducida en laboratorio altera el cerebro humano<\/a>&#8211; P\u00fablico<\/p>\n<p><a href=\"https:\/\/www.google.com\/url?rct=j&amp;sa=t&amp;url=https:\/\/www.cineytele.com\/2021\/02\/15\/el-papel-de-la-mujer-en-la-produccion-de-contenidos-a-debate-en-la-jornada-de-cima-impulsa\/&amp;ct=ga&amp;cd=CAEYAioTODY3NjY4NTYyOTEyMDg5Nzg1MTIZYzAzNzJlYmMyZmVhZGE1OTplczplczpFUw&amp;usg=AFQjCNHIlkKnf5Ax2-FNbsMUAJF8nuIInA\">El papel de la\u00a0mujer\u00a0en la producci\u00f3n de contenidos, a debate en la jornada de CIMA Impulsa<\/a>&#8211;\u00a0Cine y Tele<\/p>\n<p><a href=\"https:\/\/www.google.com\/url?rct=j&amp;sa=t&amp;url=https:\/\/www.radiohuesca.com\/huesca-acoge-el-arranque-del-tour-mundial-del-banff-en-espana-16022021-150354.html&amp;ct=ga&amp;cd=CAEYBioTNzAwMDc2NDM2ODExMTkwMTI0MjIZYzAzNzJlYmMyZmVhZGE1OTplczplczpFUw&amp;usg=AFQjCNGNmujGD7NSTgSrk73LruDCbcdTPg\">Huesca acoge el arranque del Tour Mundial del BANFF en Espa\u00f1a<\/a>&#8211;\u00a0Radio Huesca<\/p>\n<p><a href=\"https:\/\/www.diariodesevilla.es\/ocio\/camille-laurens-clara-claire-entrevista_0_1534946969.html\">\u00abLa igualdad real entre hombres y mujeres llegar\u00e1&#8230; \u00bfen un siglo, quiz\u00e1s?\u00bb<\/a>&#8211; Diario de Sevilla<\/p>\n<p><a href=\"https:\/\/www.msn.com\/es-es\/entertainment\/tv\/la-protesta-de-ana-morgade-en-la-noche-d-por-la-falta-de-mujeres-humoristas\/ar-BB1dKU63\">La protesta de Ana Morgade en &#8216;La noche D&#8217; por la \u00abfalta de mujeres humoristas\u00bb<\/a>-El Confidencial<\/p>\n<p><a href=\"https:\/\/www.msn.com\/es-es\/entertainment\/cine\/rubias-j-c3-b3venes-y-muertas-c2-bfes-machista-el-cine-de-hitchcock\/ar-BB1dKr8l\">Rubias, j\u00f3venes y muertas: \u00bfes machista el cine de Hitchcock?<\/a>&#8211;<a href=\"http:\/\/msn.com\/\">msn.com<\/a><\/p>\n<p><a href=\"https:\/\/www.diariosur.es\/culturas\/busca-arte-espanol-20210216212250-nt.html\">Se busca arte espa\u00f1ol en la escena global<\/a>&#8211;<a href=\"http:\/\/diariosur.es\/\">diariosur.es<\/a><\/p>\n<p><a href=\"https:\/\/www.publico.es\/entrevistas\/izaskun-chinchilla-ciudades-planificadas-varon-caucasico-universitario-mediana-edad.html\">Izaskun Chinchilla: \u00abNuestras ciudades fueron planificadas por un var\u00f3n cauc\u00e1sico universitario de mediana edad\u2026<\/a>-P\u00fablico<strong>\u00a0<\/strong><\/p>\n<p><strong>Deporte<\/strong><\/p>\n<p><a href=\"https:\/\/www.msn.com\/es-es\/news\/espana\/la-acff-pide-a-la-rfef-implementar-cuanto-antes-las-medidas-y-cambios-propuestos-para-la-primera-iberdrola\/ar-BB1dJESV\">La ACFF pide a la RFEF \u00abimplementar cuanto antes\u00bb las medidas y cambios propuestos para la Primera Iberdrola<\/a>-europapress.es<\/p>\n<p><a href=\"https:\/\/www.mundodeportivo.com\/futbol\/atletico-madrid\/20210216\/492105353573\/el-atletico-femenino-tambien-se-jugara-la-champions-ante-el-chelsea.html\">El Atl\u00e9tico Femenino tambi\u00e9n se jugar\u00e1 la Champions ante el Chelsea<\/a>-mundodeportivo.com<\/p>\n<\/div>\n<\/div>\n<div id=\"\" class=\"lsow-panel lsow-active\">\n<h1 class=\"lsow-panel-title\">Internacional<\/h1>\n<div class=\"lsow-panel-content\">\n<p><a href=\"https:\/\/www.google.com\/url?rct=j&amp;sa=t&amp;url=https:\/\/www.elconfidencial.com\/mundo\/2021-02-15\/la-primera-africana-al-frente-de-la-omc-hara-historia-pero-puede-hacer-algo-mas_2945364\/&amp;ct=ga&amp;cd=CAEYCCoTMjExODYyNjI1ODI0MTQ4OTE3MjIZYzAzNzJlYmMyZmVhZGE1OTplczplczpFUw&amp;usg=AFQjCNGN-FFx0l8iVNemTRX906qSsKZ7tg\">La primera africana al frente de la OMC har\u00e1 historia, pero \u00bfpuede hacer algo m\u00e1s?<\/a>&#8211;\u00a0El Confidencial<\/p>\n<p><a href=\"https:\/\/www.mujeremprendedora.net\/mireia-mir-este-ano-es-mas-necesario-nunca-apoyar-empresas-fases-iniciales\/\">Mireia Mir, economista: \u201cEste a\u00f1o es m\u00e1s necesario que nunca apoyar a las empresas en fases iniciales\u201d<\/a>-Mujeremprendedora.net<\/p>\n<p><a href=\"https:\/\/www.laopiniondemurcia.es\/comunidad\/2021\/02\/17\/comite-economico-social-europeo-aborda-34924499.html\">El Comit\u00e9 Econ\u00f3mico y Social Europeo aborda la Econom\u00eda Social como generadora de empleo<\/a>-La Opini\u00f3n de Murcia<\/p>\n<p><a href=\"https:\/\/www.google.com\/url?rct=j&amp;sa=t&amp;url=https:\/\/www.swissinfo.ch\/spa\/mujeres-al-frente-de-organizaciones-internacionales--un-c%25C3%25ADrculo-muy-restringido\/46373190&amp;ct=ga&amp;cd=CAEYACoTNDg2MjYwOTM5NDcyNjg3NjA2MzIZYzAzNzJlYmMyZmVhZGE1OTplczplczpFUw&amp;usg=AFQjCNHjqCi8-xhDaNJXuZrOK3f4QqtNaw\">Mujeres\u00a0al frente de organizaciones internacionales, un c\u00edrculo muy restringido<\/a>&#8211;<a href=\"http:\/\/swissinfo.ch\/\">swissinfo.ch<\/a><\/p>\n<p><a href=\"https:\/\/www.google.com\/url?rct=j&amp;sa=t&amp;url=https:\/\/www.publico.es\/internacional\/tasa-suicidios-japon-designa-ministro-soledad-aislamiento-experimentar-aumento-suicidios-2020.html&amp;ct=ga&amp;cd=CAEYASoSNTQyMzU4Mjk3NDI1NDA5OTAzMhljMDM3MmViYzJmZWFkYTU5OmVzOmVzOkVT&amp;usg=AFQjCNFfirU8-cFHhmH9aWtABFBMShHHLw\">Jap\u00f3n designa un ministro para \u00abla soledad y el aislamiento\u00bb tras experimentar un aumento de los &#8230;<\/a>-P\u00fablico<\/p>\n<p><a href=\"https:\/\/www.publico.es\/sociedad\/marilyn-manson-mujeres-acusan-marilyn-manson-abusos-sexuales.html\">Varias mujeres acusan a Marilyn Manson de abusos sexuales<\/a>-P\u00fablico<\/p>\n<p><a href=\"https:\/\/www.google.com\/url?rct=j&amp;sa=t&amp;url=https:\/\/elpais.com\/planeta-futuro\/2021-02-15\/la-lucha-por-los-derechos-de-la-mujer-mas-alla-del-metoo.html&amp;ct=ga&amp;cd=CAEYACoUMTE3NTk3ODM2OTAyMDcxMTc0MTMyGWMwMzcyZWJjMmZlYWRhNTk6ZXM6ZXM6RVM&amp;usg=AFQjCNHpA24U5BpSIvaXItX-n6nQCjsCxA\">La lucha por los derechos de la\u00a0mujer\u00a0m\u00e1s all\u00e1 del #MeToo<\/a>&#8211; El Pa\u00eds<\/p>\n<p><a href=\"https:\/\/elcultural.com\/se-buscan-astronautas-preferiblemente-mujeres\">Se buscan astronautas (preferiblemente mujeres)<\/a>-El Cultural<\/p>\n<p><a href=\"https:\/\/elpais.com\/tecnologia\/2021-02-13\/eniac-cumple-75-anos-la-historia-de-exito-tecnologico-y-de-machismo-del-primer-ordenador.html\">ENIAC cumple 75 a\u00f1os: la historia de \u00e9xito tecnol\u00f3gico y de machismo del primer ordenador<\/a>&#8211;\u00a0El Pa\u00eds<a href=\"https:\/\/www.google.com\/url?rct=j&amp;sa=t&amp;url=https:\/\/www.lacapital.com.ar\/ovacion\/alice-milliat-la-primera-mujer-que-se-planto-el-sexismo-los-juegos-olimpicos-n2641680.html&amp;ct=ga&amp;cd=CAEYASoUMTQxMTY0MDIxNDk5MDA4NDg1ODYyGTFkYzViZWNjNzA2ZWNmOGI6ZXM6ZXM6RVM&amp;usg=AFQjCNGAn74F4bfj2CtuVCXfTFPoSy7J3g\"><br \/>\nAlice Milliat, la primera mujer que se plant\u00f3 ante el\u00a0sexismo\u00a0en los\u00a0Juegos\u00a0Ol\u00edmpicos<\/a>&#8211;\u00a0La Capital<\/p>\n<p><a href=\"https:\/\/www.msn.com\/es-us\/news\/other\/simone-biles-critica-foto-de-cracks-en-el-deporte-por-excluir-mujeres\/ar-BB1dKtcx\">Simone Biles critica foto de cracks en el deporte por excluir mujeres<\/a>-as.com<\/p>\n<\/div>\n<\/div>\n<\/div><\/div><\/div><\/div><\/div>\n","protected":false},"excerpt":{"rendered":"<p>22F El Gobierno refuerza su compromiso en la lucha contra la desigualdad retributiva y de cuidados * Mujeres al frente de organizaciones internacionales, un c\u00edrculo muy restringido * AEE Se buscan mujeres astronautas<\/p>\n","protected":false},"author":3,"featured_media":22909,"comment_status":"closed","ping_status":"closed","sticky":false,"template":"","format":"standard","meta":{"footnotes":""},"categories":[298,621],"tags":[95],"class_list":["post-15238","post","type-post","status-publish","format-standard","has-post-thumbnail","hentry","category-newsletter","category-nwl-3-0","tag-brecha-salarial"],"yoast_head":"<!-- This site is optimized with the Yoast SEO plugin v27.4 - https:\/\/yoast.com\/product\/yoast-seo-wordpress\/ -->\n<title>Noticias Info CKL n\u00ba 2.549-17\/02\/21-Comunicar con perspectiva de g\u00e9nero<\/title>\n<meta name=\"description\" content=\"22F El Gobierno refuerza su compromiso en la lucha contra la desigualdad retributiva y de cuidados * Mujeres al frente de organizaciones internacionales, un c\u00edrculo muy restringido * AEE Se buscan mujeres astronautas\" \/>\n<meta name=\"robots\" content=\"index, follow, max-snippet:-1, max-image-preview:large, max-video-preview:-1\" \/>\n<link rel=\"canonical\" href=\"https:\/\/cklcomunicaciones.es\/coop\/noticias-info-ckl-no-2-549-17-02-21\/\" \/>\n<meta property=\"og:locale\" content=\"es_ES\" \/>\n<meta property=\"og:type\" content=\"article\" \/>\n<meta property=\"og:title\" content=\"Noticias Info CKL n\u00ba 2.549-17\/02\/21-Comunicar con perspectiva de g\u00e9nero\" \/>\n<meta property=\"og:description\" content=\"22F El Gobierno refuerza su compromiso en la lucha contra la desigualdad retributiva y de cuidados * Mujeres al frente de organizaciones internacionales, un c\u00edrculo muy restringido * AEE Se buscan mujeres astronautas\" \/>\n<meta property=\"og:url\" content=\"https:\/\/cklcomunicaciones.es\/coop\/noticias-info-ckl-no-2-549-17-02-21\/\" \/>\n<meta property=\"og:site_name\" content=\"CKL Comunicaciones\" \/>\n<meta property=\"article:published_time\" content=\"2021-02-17T13:44:58+00:00\" \/>\n<meta property=\"article:modified_time\" content=\"2025-02-10T20:49:41+00:00\" \/>\n<meta property=\"og:image\" content=\"https:\/\/cklcomunicaciones.es\/coop\/wp-content\/uploads\/2025\/01\/CKL-una-mirada-distinta-de-la-comunicacion.jpg\" \/>\n\t<meta property=\"og:image:width\" content=\"1482\" \/>\n\t<meta property=\"og:image:height\" content=\"775\" \/>\n\t<meta property=\"og:image:type\" content=\"image\/jpeg\" \/>\n<meta name=\"author\" content=\"ckl\" \/>\n<meta name=\"twitter:card\" content=\"summary_large_image\" \/>\n<meta name=\"twitter:label1\" content=\"Escrito por\" \/>\n\t<meta name=\"twitter:data1\" content=\"ckl\" \/>\n\t<meta name=\"twitter:label2\" content=\"Tiempo de lectura\" \/>\n\t<meta name=\"twitter:data2\" content=\"6 minutos\" \/>\n<script type=\"application\/ld+json\" class=\"yoast-schema-graph\">{\"@context\":\"https:\\\/\\\/schema.org\",\"@graph\":[{\"@type\":\"Article\",\"@id\":\"https:\\\/\\\/cklcomunicaciones.es\\\/coop\\\/noticias-info-ckl-no-2-549-17-02-21\\\/#article\",\"isPartOf\":{\"@id\":\"https:\\\/\\\/cklcomunicaciones.es\\\/coop\\\/noticias-info-ckl-no-2-549-17-02-21\\\/\"},\"author\":{\"name\":\"ckl\",\"@id\":\"https:\\\/\\\/cklcomunicaciones.es\\\/coop\\\/#\\\/schema\\\/person\\\/929a6837f7626450bbb50cee1aef266e\"},\"headline\":\"Noticias Info CKL n\u00ba 2.549-17\\\/02\\\/21\",\"datePublished\":\"2021-02-17T13:44:58+00:00\",\"dateModified\":\"2025-02-10T20:49:41+00:00\",\"mainEntityOfPage\":{\"@id\":\"https:\\\/\\\/cklcomunicaciones.es\\\/coop\\\/noticias-info-ckl-no-2-549-17-02-21\\\/\"},\"wordCount\":1239,\"image\":{\"@id\":\"https:\\\/\\\/cklcomunicaciones.es\\\/coop\\\/noticias-info-ckl-no-2-549-17-02-21\\\/#primaryimage\"},\"thumbnailUrl\":\"https:\\\/\\\/cklcomunicaciones.es\\\/coop\\\/wp-content\\\/uploads\\\/2025\\\/01\\\/CKL-una-mirada-distinta-de-la-comunicacion.jpg\",\"keywords\":[\"brecha salarial\"],\"articleSection\":[\"Newsletter\",\"Nwl v3.0\"],\"inLanguage\":\"es\"},{\"@type\":\"WebPage\",\"@id\":\"https:\\\/\\\/cklcomunicaciones.es\\\/coop\\\/noticias-info-ckl-no-2-549-17-02-21\\\/\",\"url\":\"https:\\\/\\\/cklcomunicaciones.es\\\/coop\\\/noticias-info-ckl-no-2-549-17-02-21\\\/\",\"name\":\"Noticias Info CKL n\u00ba 2.549-17\\\/02\\\/21-Comunicar con perspectiva de g\u00e9nero\",\"isPartOf\":{\"@id\":\"https:\\\/\\\/cklcomunicaciones.es\\\/coop\\\/#website\"},\"primaryImageOfPage\":{\"@id\":\"https:\\\/\\\/cklcomunicaciones.es\\\/coop\\\/noticias-info-ckl-no-2-549-17-02-21\\\/#primaryimage\"},\"image\":{\"@id\":\"https:\\\/\\\/cklcomunicaciones.es\\\/coop\\\/noticias-info-ckl-no-2-549-17-02-21\\\/#primaryimage\"},\"thumbnailUrl\":\"https:\\\/\\\/cklcomunicaciones.es\\\/coop\\\/wp-content\\\/uploads\\\/2025\\\/01\\\/CKL-una-mirada-distinta-de-la-comunicacion.jpg\",\"datePublished\":\"2021-02-17T13:44:58+00:00\",\"dateModified\":\"2025-02-10T20:49:41+00:00\",\"author\":{\"@id\":\"https:\\\/\\\/cklcomunicaciones.es\\\/coop\\\/#\\\/schema\\\/person\\\/929a6837f7626450bbb50cee1aef266e\"},\"description\":\"22F El Gobierno refuerza su compromiso en la lucha contra la desigualdad retributiva y de cuidados * Mujeres al frente de organizaciones internacionales, un c\u00edrculo muy restringido * AEE Se buscan mujeres astronautas\",\"breadcrumb\":{\"@id\":\"https:\\\/\\\/cklcomunicaciones.es\\\/coop\\\/noticias-info-ckl-no-2-549-17-02-21\\\/#breadcrumb\"},\"inLanguage\":\"es\",\"potentialAction\":[{\"@type\":\"ReadAction\",\"target\":[\"https:\\\/\\\/cklcomunicaciones.es\\\/coop\\\/noticias-info-ckl-no-2-549-17-02-21\\\/\"]}]},{\"@type\":\"ImageObject\",\"inLanguage\":\"es\",\"@id\":\"https:\\\/\\\/cklcomunicaciones.es\\\/coop\\\/noticias-info-ckl-no-2-549-17-02-21\\\/#primaryimage\",\"url\":\"https:\\\/\\\/cklcomunicaciones.es\\\/coop\\\/wp-content\\\/uploads\\\/2025\\\/01\\\/CKL-una-mirada-distinta-de-la-comunicacion.jpg\",\"contentUrl\":\"https:\\\/\\\/cklcomunicaciones.es\\\/coop\\\/wp-content\\\/uploads\\\/2025\\\/01\\\/CKL-una-mirada-distinta-de-la-comunicacion.jpg\",\"width\":1482,\"height\":775,\"caption\":\"CKL - una mirada distinta de la comunicacion\"},{\"@type\":\"BreadcrumbList\",\"@id\":\"https:\\\/\\\/cklcomunicaciones.es\\\/coop\\\/noticias-info-ckl-no-2-549-17-02-21\\\/#breadcrumb\",\"itemListElement\":[{\"@type\":\"ListItem\",\"position\":1,\"name\":\"Portada\",\"item\":\"https:\\\/\\\/cklcomunicaciones.es\\\/coop\\\/\"},{\"@type\":\"ListItem\",\"position\":2,\"name\":\"Noticias Info CKL n\u00ba 2.549-17\\\/02\\\/21\"}]},{\"@type\":\"WebSite\",\"@id\":\"https:\\\/\\\/cklcomunicaciones.es\\\/coop\\\/#website\",\"url\":\"https:\\\/\\\/cklcomunicaciones.es\\\/coop\\\/\",\"name\":\"CKL Comunicaciones\",\"description\":\"Sitio web de CKL Comunicaciones coop , la consultora de comunicaci\u00f3n y estrategia\",\"potentialAction\":[{\"@type\":\"SearchAction\",\"target\":{\"@type\":\"EntryPoint\",\"urlTemplate\":\"https:\\\/\\\/cklcomunicaciones.es\\\/coop\\\/?s={search_term_string}\"},\"query-input\":{\"@type\":\"PropertyValueSpecification\",\"valueRequired\":true,\"valueName\":\"search_term_string\"}}],\"inLanguage\":\"es\"},{\"@type\":\"Person\",\"@id\":\"https:\\\/\\\/cklcomunicaciones.es\\\/coop\\\/#\\\/schema\\\/person\\\/929a6837f7626450bbb50cee1aef266e\",\"name\":\"ckl\",\"image\":{\"@type\":\"ImageObject\",\"inLanguage\":\"es\",\"@id\":\"https:\\\/\\\/secure.gravatar.com\\\/avatar\\\/c82db564e8a669bf6023357a157b9dc4780f4d4c618f2ad1d71a6a5dede45057?s=96&d=mm&r=g\",\"url\":\"https:\\\/\\\/secure.gravatar.com\\\/avatar\\\/c82db564e8a669bf6023357a157b9dc4780f4d4c618f2ad1d71a6a5dede45057?s=96&d=mm&r=g\",\"contentUrl\":\"https:\\\/\\\/secure.gravatar.com\\\/avatar\\\/c82db564e8a669bf6023357a157b9dc4780f4d4c618f2ad1d71a6a5dede45057?s=96&d=mm&r=g\",\"caption\":\"ckl\"},\"url\":\"https:\\\/\\\/cklcomunicaciones.es\\\/coop\\\/author\\\/cklcomunicaciones\\\/\"}]}<\/script>\n<!-- \/ Yoast SEO plugin. -->","yoast_head_json":{"title":"Noticias Info CKL n\u00ba 2.549-17\/02\/21-Comunicar con perspectiva de g\u00e9nero","description":"22F El Gobierno refuerza su compromiso en la lucha contra la desigualdad retributiva y de cuidados * Mujeres al frente de organizaciones internacionales, un c\u00edrculo muy restringido * AEE Se buscan mujeres astronautas","robots":{"index":"index","follow":"follow","max-snippet":"max-snippet:-1","max-image-preview":"max-image-preview:large","max-video-preview":"max-video-preview:-1"},"canonical":"https:\/\/cklcomunicaciones.es\/coop\/noticias-info-ckl-no-2-549-17-02-21\/","og_locale":"es_ES","og_type":"article","og_title":"Noticias Info CKL n\u00ba 2.549-17\/02\/21-Comunicar con perspectiva de g\u00e9nero","og_description":"22F El Gobierno refuerza su compromiso en la lucha contra la desigualdad retributiva y de cuidados * Mujeres al frente de organizaciones internacionales, un c\u00edrculo muy restringido * AEE Se buscan mujeres astronautas","og_url":"https:\/\/cklcomunicaciones.es\/coop\/noticias-info-ckl-no-2-549-17-02-21\/","og_site_name":"CKL Comunicaciones","article_published_time":"2021-02-17T13:44:58+00:00","article_modified_time":"2025-02-10T20:49:41+00:00","og_image":[{"width":1482,"height":775,"url":"https:\/\/cklcomunicaciones.es\/coop\/wp-content\/uploads\/2025\/01\/CKL-una-mirada-distinta-de-la-comunicacion.jpg","type":"image\/jpeg"}],"author":"ckl","twitter_card":"summary_large_image","twitter_misc":{"Escrito por":"ckl","Tiempo de lectura":"6 minutos"},"schema":{"@context":"https:\/\/schema.org","@graph":[{"@type":"Article","@id":"https:\/\/cklcomunicaciones.es\/coop\/noticias-info-ckl-no-2-549-17-02-21\/#article","isPartOf":{"@id":"https:\/\/cklcomunicaciones.es\/coop\/noticias-info-ckl-no-2-549-17-02-21\/"},"author":{"name":"ckl","@id":"https:\/\/cklcomunicaciones.es\/coop\/#\/schema\/person\/929a6837f7626450bbb50cee1aef266e"},"headline":"Noticias Info CKL n\u00ba 2.549-17\/02\/21","datePublished":"2021-02-17T13:44:58+00:00","dateModified":"2025-02-10T20:49:41+00:00","mainEntityOfPage":{"@id":"https:\/\/cklcomunicaciones.es\/coop\/noticias-info-ckl-no-2-549-17-02-21\/"},"wordCount":1239,"image":{"@id":"https:\/\/cklcomunicaciones.es\/coop\/noticias-info-ckl-no-2-549-17-02-21\/#primaryimage"},"thumbnailUrl":"https:\/\/cklcomunicaciones.es\/coop\/wp-content\/uploads\/2025\/01\/CKL-una-mirada-distinta-de-la-comunicacion.jpg","keywords":["brecha salarial"],"articleSection":["Newsletter","Nwl v3.0"],"inLanguage":"es"},{"@type":"WebPage","@id":"https:\/\/cklcomunicaciones.es\/coop\/noticias-info-ckl-no-2-549-17-02-21\/","url":"https:\/\/cklcomunicaciones.es\/coop\/noticias-info-ckl-no-2-549-17-02-21\/","name":"Noticias Info CKL n\u00ba 2.549-17\/02\/21-Comunicar con perspectiva de g\u00e9nero","isPartOf":{"@id":"https:\/\/cklcomunicaciones.es\/coop\/#website"},"primaryImageOfPage":{"@id":"https:\/\/cklcomunicaciones.es\/coop\/noticias-info-ckl-no-2-549-17-02-21\/#primaryimage"},"image":{"@id":"https:\/\/cklcomunicaciones.es\/coop\/noticias-info-ckl-no-2-549-17-02-21\/#primaryimage"},"thumbnailUrl":"https:\/\/cklcomunicaciones.es\/coop\/wp-content\/uploads\/2025\/01\/CKL-una-mirada-distinta-de-la-comunicacion.jpg","datePublished":"2021-02-17T13:44:58+00:00","dateModified":"2025-02-10T20:49:41+00:00","author":{"@id":"https:\/\/cklcomunicaciones.es\/coop\/#\/schema\/person\/929a6837f7626450bbb50cee1aef266e"},"description":"22F El Gobierno refuerza su compromiso en la lucha contra la desigualdad retributiva y de cuidados * Mujeres al frente de organizaciones internacionales, un c\u00edrculo muy restringido * AEE Se buscan mujeres astronautas","breadcrumb":{"@id":"https:\/\/cklcomunicaciones.es\/coop\/noticias-info-ckl-no-2-549-17-02-21\/#breadcrumb"},"inLanguage":"es","potentialAction":[{"@type":"ReadAction","target":["https:\/\/cklcomunicaciones.es\/coop\/noticias-info-ckl-no-2-549-17-02-21\/"]}]},{"@type":"ImageObject","inLanguage":"es","@id":"https:\/\/cklcomunicaciones.es\/coop\/noticias-info-ckl-no-2-549-17-02-21\/#primaryimage","url":"https:\/\/cklcomunicaciones.es\/coop\/wp-content\/uploads\/2025\/01\/CKL-una-mirada-distinta-de-la-comunicacion.jpg","contentUrl":"https:\/\/cklcomunicaciones.es\/coop\/wp-content\/uploads\/2025\/01\/CKL-una-mirada-distinta-de-la-comunicacion.jpg","width":1482,"height":775,"caption":"CKL - una mirada distinta de la comunicacion"},{"@type":"BreadcrumbList","@id":"https:\/\/cklcomunicaciones.es\/coop\/noticias-info-ckl-no-2-549-17-02-21\/#breadcrumb","itemListElement":[{"@type":"ListItem","position":1,"name":"Portada","item":"https:\/\/cklcomunicaciones.es\/coop\/"},{"@type":"ListItem","position":2,"name":"Noticias Info CKL n\u00ba 2.549-17\/02\/21"}]},{"@type":"WebSite","@id":"https:\/\/cklcomunicaciones.es\/coop\/#website","url":"https:\/\/cklcomunicaciones.es\/coop\/","name":"CKL Comunicaciones","description":"Sitio web de CKL Comunicaciones coop , la consultora de comunicaci\u00f3n y estrategia","potentialAction":[{"@type":"SearchAction","target":{"@type":"EntryPoint","urlTemplate":"https:\/\/cklcomunicaciones.es\/coop\/?s={search_term_string}"},"query-input":{"@type":"PropertyValueSpecification","valueRequired":true,"valueName":"search_term_string"}}],"inLanguage":"es"},{"@type":"Person","@id":"https:\/\/cklcomunicaciones.es\/coop\/#\/schema\/person\/929a6837f7626450bbb50cee1aef266e","name":"ckl","image":{"@type":"ImageObject","inLanguage":"es","@id":"https:\/\/secure.gravatar.com\/avatar\/c82db564e8a669bf6023357a157b9dc4780f4d4c618f2ad1d71a6a5dede45057?s=96&d=mm&r=g","url":"https:\/\/secure.gravatar.com\/avatar\/c82db564e8a669bf6023357a157b9dc4780f4d4c618f2ad1d71a6a5dede45057?s=96&d=mm&r=g","contentUrl":"https:\/\/secure.gravatar.com\/avatar\/c82db564e8a669bf6023357a157b9dc4780f4d4c618f2ad1d71a6a5dede45057?s=96&d=mm&r=g","caption":"ckl"},"url":"https:\/\/cklcomunicaciones.es\/coop\/author\/cklcomunicaciones\/"}]}},"_links":{"self":[{"href":"https:\/\/cklcomunicaciones.es\/coop\/wp-json\/wp\/v2\/posts\/15238","targetHints":{"allow":["GET"]}}],"collection":[{"href":"https:\/\/cklcomunicaciones.es\/coop\/wp-json\/wp\/v2\/posts"}],"about":[{"href":"https:\/\/cklcomunicaciones.es\/coop\/wp-json\/wp\/v2\/types\/post"}],"author":[{"embeddable":true,"href":"https:\/\/cklcomunicaciones.es\/coop\/wp-json\/wp\/v2\/users\/3"}],"replies":[{"embeddable":true,"href":"https:\/\/cklcomunicaciones.es\/coop\/wp-json\/wp\/v2\/comments?post=15238"}],"version-history":[{"count":0,"href":"https:\/\/cklcomunicaciones.es\/coop\/wp-json\/wp\/v2\/posts\/15238\/revisions"}],"wp:featuredmedia":[{"embeddable":true,"href":"https:\/\/cklcomunicaciones.es\/coop\/wp-json\/wp\/v2\/media\/22909"}],"wp:attachment":[{"href":"https:\/\/cklcomunicaciones.es\/coop\/wp-json\/wp\/v2\/media?parent=15238"}],"wp:term":[{"taxonomy":"category","embeddable":true,"href":"https:\/\/cklcomunicaciones.es\/coop\/wp-json\/wp\/v2\/categories?post=15238"},{"taxonomy":"post_tag","embeddable":true,"href":"https:\/\/cklcomunicaciones.es\/coop\/wp-json\/wp\/v2\/tags?post=15238"}],"curies":[{"name":"wp","href":"https:\/\/api.w.org\/{rel}","templated":true}]}}