{"id":15235,"date":"2021-02-15T13:33:16","date_gmt":"2021-02-15T12:33:16","guid":{"rendered":"http:\/\/www.cklcomunicaciones.es\/?p=15235"},"modified":"2025-01-17T16:47:19","modified_gmt":"2025-01-17T15:47:19","slug":"noticias-info-ckl-no-2-548-15-02-21","status":"publish","type":"post","link":"https:\/\/cklcomunicaciones.es\/coop\/noticias-info-ckl-no-2-548-15-02-21\/","title":{"rendered":"Noticias Info CKL n\u00ba 2.548-15\/02\/21"},"content":{"rendered":"<div id=\"pl-15235\"  class=\"panel-layout\" >\n<div id=\"pg-15235-0\"  class=\"panel-grid panel-no-style\"  data-style=\"{&quot;background_image_attachment&quot;:false,&quot;background_display&quot;:&quot;tile&quot;,&quot;cell_alignment&quot;:&quot;flex-start&quot;}\" >\n<div id=\"pgc-15235-0-0\"  class=\"panel-grid-cell\"  data-weight=\"1\" >\n<div id=\"panel-15235-0-0-0\" class=\"so-panel widget widget_sow-editor panel-first-child panel-last-child\" data-index=\"0\" data-style=\"{&quot;background_image_attachment&quot;:false,&quot;background_display&quot;:&quot;tile&quot;}\" >\n<div class=\"so-widget-sow-editor so-widget-sow-editor-base\">\n<div class=\"siteorigin-widget-tinymce textwidget\">\n<p><img decoding=\"async\" class=\"lazyload  wp-image-13726\" src=\"http:\/\/www.cklcomunicaciones.es\/wp-content\/uploads\/2018\/03\/CKL_comunicacion-con-perspetiva-de-genero-300x300.jpg\" data-orig-src=\"http:\/\/www.cklcomunicaciones.es\/wp-content\/uploads\/2018\/03\/CKL_comunicacion-con-perspetiva-de-genero-300x300.jpg\" alt=\"CKL_comunicacion con perspetiva de genero\" width=\"132\" height=\"132\" srcset=\"data:image\/svg+xml,%3Csvg%20xmlns%3D%27http%3A%2F%2Fwww.w3.org%2F2000%2Fsvg%27%20width%3D%27132%27%20height%3D%27132%27%20viewBox%3D%270%200%20132%20132%27%3E%3Crect%20width%3D%27132%27%20height%3D%27132%27%20fill-opacity%3D%220%22%2F%3E%3C%2Fsvg%3E\" data-srcset=\"https:\/\/cklcomunicaciones.es\/coop\/wp-content\/uploads\/2018\/03\/CKL_comunicacion-con-perspetiva-de-genero-150x150.jpg 150w, https:\/\/cklcomunicaciones.es\/coop\/wp-content\/uploads\/2018\/03\/CKL_comunicacion-con-perspetiva-de-genero-300x300.jpg 300w, https:\/\/cklcomunicaciones.es\/coop\/wp-content\/uploads\/2018\/03\/CKL_comunicacion-con-perspetiva-de-genero-450x450.jpg 450w, https:\/\/cklcomunicaciones.es\/coop\/wp-content\/uploads\/2018\/03\/CKL_comunicacion-con-perspetiva-de-genero.jpg 500w\" data-sizes=\"auto\" data-orig-sizes=\"(max-width: 132px) 100vw, 132px\" \/><\/p>\n<p id=\":g6\" class=\"hP\" tabindex=\"-1\" data-thread-perm-id=\"thread-f:1691763626657031460\" data-legacy-thread-id=\"177a5a0e1ad1a524\"><strong>Euroc\u00e1mara respalda un impulso a la lucha contra la brecha digital-Buscamos \u00abAvanzadoras\u00bb, mujeres extraordinarias que construyen un mundo m\u00e1s justo para todos-Rosa Men\u00e9ndez, presidenta CSIC, Premio Clara Campoamor<\/strong><\/p>\n<p>[toggle type=\u00bbfirst\u00bb title=\u00bbConvocatorias\u00bb]<\/p>\n<ul>\n<li><a href=\"http:\/\/www.juntadeandalucia.es\/iam\/catalogo\/doc\/convocatorias\/2021-genero\/concurso-enredo-fundaciondonamaria-cartel.png\">#enREDO\u00a0(2\u00aa edici\u00f3n). Concurso de fotograf\u00eda e ilustraci\u00f3n contra la violencia sexual<\/a>. Fundaci\u00f3n Do\u00f1a Mar\u00eda-FUNDOMAR y \u00c1rea de Igualdad, Educaci\u00f3n, Participaci\u00f3n Ciudadana y Coordinaci\u00f3n de Distritos del Ayuntamiento de Sevilla. Plazo hasta el 28 de febrero de 2021.\u00a0<a href=\"http:\/\/www.juntadeandalucia.es\/iam\/catalogo\/doc\/convocatorias\/2021-genero\/concurso-enredo-fundaciondonamaria-bases.pdf\">Bases<\/a><\/li>\n<li><a href=\"http:\/\/www.juntadeandalucia.es\/iam\/catalogo\/doc\/convocatorias\/2021-genero\/EL-charla-brecha-digital-de-genero.png\">Charla \u00abBrecha digital de g\u00e9nero&#8217;<\/a>. Perif\u00e9ricas, Escuela de Feminismos Alternativos. 26 de febrero a las 16:00 h. v\u00eda Zoom.\u00a0<a href=\"https:\/\/docs.google.com\/forms\/d\/e\/1FAIpQLSe543urejPhzr7B5m8LiYVz26oKn807laHhzyGgJKVlTN618g\/viewform\">Inscripci\u00f3n<\/a><\/li>\n<li><a href=\"https:\/\/artepolis.es\/online-el-museo-en-femenino-siglos-xvi-xvii\/\">El Museo en Femenino (siglos XVI-XVII)<\/a>.\u00a0Art\u00e8polis. 15 de febrero a las 18:00 h. v\u00eda Zoom<\/li>\n<li>Conversaci\u00f3n entre Mari Luz Esteban y Anna Freixas en torno al poemario &#8216;El manifiesto de las mujeres viejas&#8217;, de la primera. La OvejaRoja y Pol.len Edicions. 15 de febrero a las 18h. a traves del\u00a0<u><a href=\"https:\/\/www.youtube.com\/channel\/UCck9Bw-sWVXA26s5LU2LRxw\">canal de\u00a0Youtube de Pol.len Edicions<\/a><\/u><\/li>\n<\/ul>\n<p>[\/toggle]<\/p>\n<p>[toggle type=\u00bbfirst\u00bb title=\u00bbComunicaci\u00f3n\u00bb]<\/p>\n<p><a href=\"https:\/\/www.cope.es\/emisoras\/pais-vasco\/noticias\/maria-montesinos-intentado-hacer-retrato-mujer-que-queria-ser-periodista-siglo-xlx-20210210_1133348\">Mar\u00eda Montesinos: \u00abHe intentado hacer un retrato de la mujer que quer\u00eda ser periodista en el siglo XlX\u00bb<\/a><strong>&#8211;<\/strong><a href=\"http:\/\/cope.es\/\">cope.es<\/a><\/p>\n<p><a href=\"https:\/\/www.google.com\/url?rct=j&amp;sa=t&amp;url=https:\/\/www.lavanguardia.com\/local\/aragon\/20210213\/6245190\/comunidad-aspasia-visibiliza-cientificas-tecnologas-aragonesas-wikipedia.html&amp;ct=ga&amp;cd=CAEYASoTMjE5NTQ0NjEyMzYwMDg3MDI1MDIZYzAzNzJlYmMyZmVhZGE1OTplczplczpFUw&amp;usg=AFQjCNGAT9rJi0XqPoS4BtPc-rpc40-GBA\">La Comunidad Aspasia visibiliza a cient\u00edficas y tecn\u00f3logas aragonesas en Wikipedia<\/a>&#8211;\u00a0La Vanguardia<\/p>\n<p><a href=\"https:\/\/www.google.com\/url?rct=j&amp;sa=t&amp;url=https:\/\/www.cope.es\/emisoras\/andalucia\/malaga-provincia\/malaga\/noticias\/estudio-revela-influencia-publicidad-incremento-obesidad-infantil-20210213_1136591&amp;ct=ga&amp;cd=CAEYACoUMTAzNTgxODg2NTk4MDMyNDkzMzAyGWNjNzk4NDFjNmVmMzRlYmY6ZXM6ZXM6RVM&amp;usg=AFQjCNGjJNyjfRjWmW2sKD_inRoAqMcBFg\">Un estudio revela la influencia de la\u00a0publicidad\u00a0en el incremento de la obesidad\u00a0infantil<\/a>&#8211;\u00a0Cope<\/p>\n<p><a href=\"https:\/\/www.google.com\/url?rct=j&amp;sa=t&amp;url=https:\/\/www.noticiasdenavarra.com\/actualidad\/sociedad\/2021\/02\/14\/tinder-coge-fuerza-amor-carta-consumismo-afectivo\/1120342.html&amp;ct=ga&amp;cd=CAEYACoTMTM3NDgzMDMxMjM1MTkxMTAzNzIZZTFlNzdkMTU2MDk4YThlMzplczplczpFUw&amp;usg=AFQjCNH28ZtkFzvPiqG3uQV9ooiE9KUF7g\">Alexandra Crettaz: \u00abTinder visibiliza un fen\u00f3meno que coge fuerza: amor a la carta, relaciones &#8230;<\/a>&#8211;\u00a0Noticias de Navarra<\/p>\n<p><strong>\u00a0<\/strong>[\/toggle]<\/p>\n<p>[toggle type=\u00bbfirst\u00bb title=\u00bbAndaluc\u00eda\u00bb]<\/p>\n<p><strong>Econom\u00eda y Empresas<\/strong><\/p>\n<p><a href=\"https:\/\/sevilla.abc.es\/economia\/sevi-caixabank-apuesta-mujeres-emprendedoras-profesionales-y-autonomas-202102011831_noticia.html\">Caixabank apuesta por las mujeres emprendedoras, profesionales y aut\u00f3nomas<\/a>-abcsevilla.es<\/p>\n<p><a href=\"https:\/\/www.diariodesevilla.es\/vivirensevilla\/Emprendimiento-liderazgo-mujeres_0_1545746902.html\">Libro de autoayuda Emprendimiento y liderazgo por y para mujeres<\/a>\u00a0\u2013Diario de Sevilla<\/p>\n<p><a href=\"https:\/\/www.google.com\/url?rct=j&amp;sa=t&amp;url=https:\/\/www.malaga.es\/comunicacion\/2746\/com1_md3_cd-42548\/el-balcon-de-experiencias-inspiradoras-de-la-noria-presenta-vanwoow-una-plataforma-que-busca-dinamizar-el-turismo-sostenible-en-los-pueblos-pequenos-a-traves-del-caravaning&amp;ct=ga&amp;cd=CAEYACoTMjYzNTAwNjE2MzA0ODYxNjYwMDIbOTE4ODU3Y2Q2MGY5Nzc0ODplczplczpFUzpM&amp;usg=AFQjCNG2nW-Vk2ztTjpY5mDHSMoJqE9Kow\">El &#8216;Balc\u00f3n de Experiencias Inspiradoras&#8217; de La Noria presenta Vanwoow, una plataforma que &#8230;<\/a>&#8211;\u00a0Diputaci\u00f3n de M\u00e1laga<\/p>\n<p><a href=\"http:\/\/www.juntadeandalucia.es\/presidencia\/portavoz\/158108\/ConsejeriadeEmpleo\/autonomos\/pymes\/emprendedores\/reorientacion\/negocios\/pandemia\">La Junta asesora a 6.000 aut\u00f3nomos, pymes y emprendedores para reorientar sus negocios<\/a>\u2013 Oficina del Portavoz<\/p>\n<p><a href=\"https:\/\/www.eldiario.es\/andalucia\/en-abierto\/11-febrero-crisis-pague-clase-trabajadora_132_7209743.html\">11 de febrero: que la crisis no la pague la clase trabajadora<\/a>-eldiario.es<\/p>\n<p><strong>Actualidad<\/strong><\/p>\n<p><a href=\"https:\/\/www.google.com\/url?rct=j&amp;sa=t&amp;url=https:\/\/www.20minutos.es\/noticia\/4582024\/0\/la-junta-designa-a-marta-gomez-asesora-de-programa-del-instituto-andaluz-de-la-mujer-en-sevilla\/&amp;ct=ga&amp;cd=CAEYACoTOTI2Nzk0MDgyNzcwNTQ5MDExMzIbOWFiMWNkZDdlMzY2ZWYzODplczplczpFUzpS&amp;usg=AFQjCNELxIQa_ODHYxXVaiCYZuN9qqiKgw\">La Junta designa a Marta G\u00f3mez asesora de programa del\u00a0Instituto Andaluz de la Mujer\u00a0en Sevilla<\/a>&#8211;\u00a020minutos<\/p>\n<p><a href=\"https:\/\/www.google.com\/url?rct=j&amp;sa=t&amp;url=https:\/\/www.lavanguardia.com\/vida\/20210214\/6246696\/maria-pages-ana-bella-estevez-reconocidas-premios-meridiana-2021.html&amp;ct=ga&amp;cd=CAEYACoTMTQ4OTc3MTg4NjQ3NDE2MDg5MTIbOWFiMWNkZDdlMzY2ZWYzODplczplczpFUzpS&amp;usg=AFQjCNF0a7Rp36uFcf_7E_9FqXsvYo6Asg\">Mar\u00eda Pag\u00e9s y Ana Bella Est\u00e9vez, entre reconocidas en Premios Meridiana 2021<\/a>&#8211;\u00a0La Vanguardia<a href=\"https:\/\/www.google.com\/url?rct=j&amp;sa=t&amp;url=https:\/\/cadiznoticias.es\/la-asociacion-mujeresimparables-se-alza-con-el-premio-meridiana-en-el-marco-del-dia-internacional-de-las-mujeres\/&amp;ct=ga&amp;cd=CAEYASoTNDgzNTY0MjIzNzE5Mjg1NjI1MjIZYzAzNzJlYmMyZmVhZGE1OTplczplczpFUw&amp;usg=AFQjCNFVISSAmWhu0jSooZbhMeKHdRi4Ow\"><br \/>\nLa Asociaci\u00f3n #MujeresImparables se alza con el Premio Meridiana en el marco del D\u00eda &#8230;<\/a>&#8211;\u00a0Cadiznoticias<a href=\"https:\/\/www.google.com\/url?rct=j&amp;sa=t&amp;url=https:\/\/www.lavanguardia.com\/local\/sevilla\/20210214\/6246704\/iam-preve-150-000-euros-nuevas-bases-ayudas-sindicatos-defensa-mujer-discriminacion-laboral.html&amp;ct=ga&amp;cd=CAEYASoTMTQ4OTc3MTg4NjQ3NDE2MDg5MTIbOWFiMWNkZDdlMzY2ZWYzODplczplczpFUzpS&amp;usg=AFQjCNHvjR86OR_klbQzfUVQkZl4aJ3voA\"><br \/>\nEl IAM prev\u00e9 150.000 euros en nuevas bases de ayudas a sindicatos para defensa de la\u00a0mujer\u00a0&#8230;<\/a>&#8211;\u00a0La Vanguardia<\/p>\n<p><a href=\"http:\/\/www.juntadeandalucia.es\/presidencia\/portavoz\/158109\/igualdadpoliticassocialesyconciliacion\/rocioruiz\/joveneslgtbi\/pisodeacogida\/malaga\/vulnerabilidad\/riesgodeexclusion\/insertaandalucia\">Un programa pionero ofrece un piso de acogida para j\u00f3venes LGTBI vulnerables y en riesgo de exclusi\u00f3n<\/a>\u2013 Oficina del Portavoz<\/p>\n<p><a href=\"http:\/\/www.juntadeandalucia.es\/presidencia\/portavoz\/158125\/ConsejeriaSaludFamilias\/EscuelaAndaluzaSaludPublica\/profesionales\/vacunacion\/covid\">M\u00e1s de 14.000 profesionales se forman en vacunaci\u00f3n Covid-19 en Andaluc\u00eda<\/a>\u00a0\u2013 Oficina del Portavoz<strong>\u00a0<\/strong><\/p>\n<p><strong>Violencias<\/strong><\/p>\n<p><a href=\"https:\/\/www.google.com\/url?rct=j&amp;sa=t&amp;url=https:\/\/www.infocostatropical.com\/noticia.asp%3Fid_noticia%3D92720&amp;ct=ga&amp;cd=CAEYASoUMTU2ODI4NjkwMTU5NzgzODg5ODYyGWUxZTc3ZDE1NjA5OGE4ZTM6ZXM6ZXM6RVM&amp;usg=AFQjCNHRjvqdVIMold0HvofyhZl9wmGsSw\">Diputaci\u00f3n de Granada suma fuerzas en torno al Pacto Provincial contra la\u00a0Violencia de G\u00e9nero<\/a>&#8211;\u00a0infocostatropical.com<a href=\"https:\/\/www.google.com\/url?rct=j&amp;sa=t&amp;url=https:\/\/www.diariodealmeria.es\/almeria\/Talleres-charlas-adolescentes-violencia-Almeria_0_1546647187.html&amp;ct=ga&amp;cd=CAEYAioTMTQ4OTc3MTg4NjQ3NDE2MDg5MTIbOWFiMWNkZDdlMzY2ZWYzODplczplczpFUzpS&amp;usg=AFQjCNFhDVQEcl-BHoQUp2DtUx9-QZTO5Q\"><br \/>\nTalleres, juegos de &#8216;scape room&#8217; y charlas a los adolescentes contra la violencia de g\u00e9nero en &#8230;<\/a>&#8211;\u00a0Diario de Almer\u00eda<\/p>\n<p><a href=\"https:\/\/www.google.com\/url?rct=j&amp;sa=t&amp;url=https:\/\/www.eldiadecordoba.es\/cordoba\/campana-frenar-ciberviolencia-genero-Cordoba_0_1546646384.html&amp;ct=ga&amp;cd=CAEYASoTOTI2Nzk0MDgyNzcwNTQ5MDExMzIbOWFiMWNkZDdlMzY2ZWYzODplczplczpFUzpS&amp;usg=AFQjCNFZezqd5qD0dY9r9QQ2qSZZSIivLg\">Una campa\u00f1a busca frenar la ciberviolencia de g\u00e9nero en C\u00f3rdoba<\/a>&#8211;\u00a0El D\u00eda de C\u00f3rdoba<\/p>\n<p><strong>Ciencia y Cultura<\/strong><a href=\"https:\/\/www.google.com\/url?rct=j&amp;sa=t&amp;url=https:\/\/andaluciainformacion.es\/jerez\/950704\/con-este-proyecto-ahorramos-tratamientos-trasplantes-y-sufrimiento\/&amp;ct=ga&amp;cd=CAEYDSoUMTc4NjQxMzgwNzA4OTIxNzgzNjIyGWMwMzcyZWJjMmZlYWRhNTk6ZXM6ZXM6RVM&amp;usg=AFQjCNGzpfQKgR9WlJnwaymrLS1_WAP_tg\"><br \/>\nMar\u00eda Rosa Dur\u00e1n, investigadora Universidad de C\u00e1diz: \u201cCon este proyecto ahorramos tratamientos, trasplantes y sufrimiento\u00bb<\/a>\u00a0&#8211;\u00a0Andaluc\u00eda Informaci\u00f3n<\/p>\n<p><a href=\"https:\/\/www.google.com\/url?rct=j&amp;sa=t&amp;url=http:\/\/www.eleconomista.es\/ecoaula\/noticias\/11044493\/02\/21\/La-UPO-pone-en-marcha-CINEF-Centro-Interdisciplinar-de-Estudios-Feministas-de-las-Mujeres-y-de-Genero.html&amp;ct=ga&amp;cd=CAEYACoUMTAwOTU5MTcyNjI1NDExNTM1MzgyGTFmYWEzNjRkM2QxMTIyMWI6ZXM6ZXM6RVM&amp;usg=AFQjCNGvJTnil3PG7ujIPCGONcFz0LCg-Q\">La UPO pone en marcha CINEF, Centro Interdisciplinar de Estudios Feministas, de las Mujeres y de g\u00e9nero&#8230;<\/a>&#8211;\u00a0Ecodiario<\/p>\n<p><a href=\"http:\/\/www.juntadeandalucia.es\/presidencia\/portavoz\/158107\/ConsejeriadeCulturayPatrimonioHistorico\/PatriciadelPozo\/Teatroparaunacrisis\/CentrodeInvestigacionyRecursosdelasArtesEscenicasdeAndaluciaCIRAE\">Cultura re\u00fane en un libro 83 obras de dramaturgos andaluces escritas durante el confinamiento<\/a>&#8211; Oficina del Portavoz<\/p>\n<p><a href=\"https:\/\/www.eleconomista.es\/ecoaula\/noticias\/11050676\/02\/21\/El-proyecto-Creando-vinculos-ganador-de-los-VIII-Premios-al-Voluntariado-Universitario-de-la-Fundacion-Mutua-Madrilena.html\">El proyecto \u00abCreando v\u00ednculos\u00bb, ganador de los VIII Premios al Voluntariado Universitario de la Fundaci\u00f3n Mutua Madrile\u00f1a<\/a>-eleconomista.es<\/p>\n<p><strong>Deporte<\/strong><\/p>\n<p><a href=\"https:\/\/eldesmarque.com\/malaga\/polideportivo\/deporte-andaluz\/253266-la-copa-de-la-reina-uno-de-los-eventos-enmarcados-en-andalucia-region-europea-del-deporte-2021\">La Copa de la Reina, uno de los eventos enmarcados en &#8216;Andaluc\u00eda Regi\u00f3n Europea del Deporte 2021<\/a>-eldesmarque.com<\/p>\n<p>[\/toggle]<\/p>\n<p>[toggle type=\u00bbfirst\u00bb title=\u00bbEstado\u00bb]<\/p>\n<p><strong>Institucional-CCAA<\/strong><\/p>\n<p><a href=\"https:\/\/www.google.com\/url?rct=j&amp;sa=t&amp;url=https:\/\/valenciaplaza.com\/igualdad-lanza-xarai-aplicacion-analizar-atencion-consultas-red-agentes&amp;ct=ga&amp;cd=CAEYAioUMTU0NTUyNzU4NTg3NjkxNjYwMjEyGWMwMzcyZWJjMmZlYWRhNTk6ZXM6ZXM6RVM&amp;usg=AFQjCNGdqwt6zRh0B3lSL60JLiS0SzuAJg\">Igualdad lanza &#8216;Xarai&#8217;, una aplicaci\u00f3n para analizar la atenci\u00f3n y las consultas de su red de agentes<\/a>&#8211;\u00a0valenciaplaza.com<\/p>\n<p><a href=\"https:\/\/www.google.com\/url?rct=j&amp;sa=t&amp;url=https:\/\/www.eldigitaldealbacete.com\/2021\/02\/12\/el-consejo-de-direccion-del-instituto-de-la-mujer-de-castilla-la-mancha-conoce-el-trabajo-realizado-durante-la-pandemia-para-proteger-a-las-victimas-de-violencia-de-genero-y-promocionar-la-igualdad\/&amp;ct=ga&amp;cd=CAEYACoUMTA0OTYzMDc0NjQ1MjY1Mjg2MDkyGWMwMzcyZWJjMmZlYWRhNTk6ZXM6ZXM6RVM&amp;usg=AFQjCNF7w2sAN_yMNgJ1dg59X4T2L7DuXA\">El Consejo de Direcci\u00f3n del\u00a0Instituto de la Mujer\u00a0de Castilla-La Mancha conoce el trabajo &#8230;<\/a>&#8211;\u00a0El Digital de Albacete<\/p>\n<p><a href=\"https:\/\/www.google.com\/url?rct=j&amp;sa=t&amp;url=https:\/\/www.navarra.es\/es\/noticias\/2021\/02\/12\/mas-de-700-mujeres-de-113-municipios-han-participado-en-los-programas-de-participacion-social-y-politica-del-instituto-navarro-para-la-igualdad&amp;ct=ga&amp;cd=CAEYAioUMTA0OTYzMDc0NjQ1MjY1Mjg2MDkyGWMwMzcyZWJjMmZlYWRhNTk6ZXM6ZXM6RVM&amp;usg=AFQjCNEra0-HNZH-mWlbFwzH8cMPJ2tAXg\">M\u00e1s de 700\u00a0mujeres\u00a0de 113 municipios han participado en los programas de participaci\u00f3n social y &#8230;<\/a>&#8211;\u00a0Gobierno\u00a0navarra.es<a href=\"https:\/\/www.google.com\/url?rct=j&amp;sa=t&amp;url=https:\/\/arainfo.org\/el-iam-registra-a-casi-200-participantes-para-el-ciclo-sobre-historia-de-las-mujeres\/&amp;ct=ga&amp;cd=CAEYCSoUMTA0OTYzMDc0NjQ1MjY1Mjg2MDkyGWMwMzcyZWJjMmZlYWRhNTk6ZXM6ZXM6RVM&amp;usg=AFQjCNGDuirvm3zHEfoR7Y4Im324i0RALw\"><br \/>\nEl Instituto Aragon\u00e9s de la Mujer registra a casi 200 participantes para el ciclo sobre Historia de las\u00a0Mujeres<\/a>&#8211;\u00a0AraInfo<\/p>\n<p><a href=\"https:\/\/www.msn.com\/es-es\/news\/espana\/la-brecha-salarial-en-la-regi-c3-b3n-se-situ-c3-b3-en-un-2547-25-en-2019-y-las-mujeres-cobraron-7700-euros-menos-seg-c3-ban-ugt\/ar-BB1dH4Oy\">La brecha salarial en la regi\u00f3n de Madrid se situ\u00f3 en un 25,47% en 2019 y las mujeres cobraron 7.700 euros menos, seg\u00fan UGT<\/a>-msn.com<\/p>\n<p><a href=\"https:\/\/www.elcorreogallego.es\/tendencias\/gira-mujeres-promueve-su-quinta-edicion-en-galicia-FY6375887\">\u2018Gira Mujeres\u2019 promueve su quinta edici\u00f3n en Galicia<\/a>-elcorreogallego<\/p>\n<p><a href=\"https:\/\/www.rrhhpress.com\/talento\/51582-la-xunta-de-galicia-lanza-una-nueva-edicion-del-programa-de-impulso-del-talento-femenino-en-la-economia-social\">La Xunta de Galicia lanza una nueva edici\u00f3n del programa de impulso del talento femenino en la econom\u00eda social<\/a>-RRHH press<\/p>\n<p><a href=\"https:\/\/www.elfaradio.com\/2021\/02\/14\/mujeres-referentes-de-la-vida-empresarial-social-o-cultural-de-cantabria-en-el-calendario-2021-de-mare\/\">Mujeres referentes de la vida empresarial, social o cultural de Cantabria, en el calendario 2021 de MARE<\/a>-elfaradio.com<\/p>\n<p><strong>Econom\u00eda y Empresas<\/strong><\/p>\n<p><a href=\"https:\/\/www.google.com\/url?rct=j&amp;sa=t&amp;url=https:\/\/www.eldiario.es\/castilla-la-mancha\/hacemos-economia-social\/economia-deberia-social-solidaria-no_132_7215703.html&amp;ct=ga&amp;cd=CAEYACoTMzQ3NTU3NzQ3MzAwNjQ4NTE4NjIbOTE4ODU3Y2Q2MGY5Nzc0ODplczplczpFUzpM&amp;usg=AFQjCNFYSDWn6mxh1L5MWQdSjS446R8jbw\">Blanca Crespo Arnold, Consejera de Comunicaci\u00f3n de REAS: \u201cLa\u00a0econom\u00eda\u00a0ya deber\u00eda ser\u00a0social y solidaria\u00a0pero sabemos que no es as\u00ed\u201d<\/a>&#8211;\u00a0eldiario.es<\/p>\n<p><a href=\"https:\/\/www.mujeremprendedora.net\/fundacion-woman-forward-igualdad-genero-palanca-mejora-competitividad\/\">La igualdad de g\u00e9nero, palanca para la mejora de la competitividad<\/a>-Mujeremprendedora.net<\/p>\n<p><a href=\"https:\/\/www.mujeremprendedora.net\/somos-nacion-llena-talento-creatividad-gente-perseverante-que-siempre-sabe-reinventarse-ante-crisis\/\">Mar\u00eda Benjumea, SEO: \u201cSomos una naci\u00f3n llena de talento, creatividad y gente perseverante que siempre sabe reinventarse ante las crisis\u201d<\/a>-Mujeremprendedora.net<\/p>\n<p><a href=\"https:\/\/elpais.com\/educacion\/2021-02-14\/el-falso-atractivo-del-trabajo-facil-una-trampa-para-los-jovenes-que-abandonan-los-estudios.html\">El falso atractivo del trabajo f\u00e1cil, una trampa para los j\u00f3venes que abandonan los estudios<\/a>&#8211; El Pa\u00eds<\/p>\n<p><strong>Actualidad<\/strong><\/p>\n<p><a href=\"https:\/\/www.20minutos.es\/noticia\/4581573\/0\/buscamos-avanzadoras-mujeres-extraordinarias-que-contruyen-y-aportan\/\">Buscamos Avanzadoras, mujeres extraordinarias que construyen un mundo m\u00e1s justo para todos<\/a>&#8211;<a href=\"http:\/\/20minutos.es\/\">20minutos.es<\/a><\/p>\n<p><a href=\"https:\/\/www.google.com\/url?rct=j&amp;sa=t&amp;url=https:\/\/www.eldiario.es\/cultura\/libros\/cristina-fallaras-iglesia-construido-narracion-justifica-violencia-mujeres_1_7212686.html&amp;ct=ga&amp;cd=CAEYACoTNzU0NjUxMjEzNDUwNjU1ODc0NzIZYzAzNzJlYmMyZmVhZGE1OTplczplczpFUw&amp;usg=AFQjCNHsHRnx4A2z303TzLT-xSGxvknFpw\">Cristina Fallar\u00e1s: \u00abLa Iglesia ha construido una narraci\u00f3n que justifica la violencia contra las\u00a0mujeres\u00bb<\/a>&#8211;\u00a0<a href=\"http:\/\/eldiario.es\/\">eldiario.es<\/a><a href=\"https:\/\/www.google.com\/url?rct=j&amp;sa=t&amp;url=https:\/\/www.elcomercio.es\/sociedad\/burbujas-medio-antartida-20210215015251-ntvo.html&amp;ct=ga&amp;cd=CAEYBCoUMTUzOTQ2NTQ2NTcwMzE4NTc4MzYyGWMwMzcyZWJjMmZlYWRhNTk6ZXM6ZXM6RVM&amp;usg=AFQjCNEra9WJMisOVjoQS6fIatMJZsm5cw\"><br \/>\n\u00abSomos &#8216;burbujas&#8217; en medio de la Ant\u00e1rtida\u00bb<\/a>&#8211;\u00a0El Comercio Digital<\/p>\n<p><a href=\"https:\/\/www.eldiario.es\/sociedad\/cirugias-genitales-libre-autodeterminacion-regulan-paises-europeos-cambio-sexo-legal-personas-trans_1_7206481.html\">De los diagn\u00f3sticos m\u00e9dicos a la autodeterminaci\u00f3n: as\u00ed regulan otros pa\u00edses europeos el cambio de sexo legal de las personas trans<\/a>-eldiario.es<\/p>\n<p><a href=\"https:\/\/www.noticiasparamunicipios.com\/municipios-madrid\/alcala-de-henares-el-auditorio-manuel-azana-acogera-un-gran-mural-homenaje-a-las-mujeres\/\">El Auditorio Manuel Aza\u00f1a acoger\u00e1 un gran mural homenaje a las mujeres<\/a>-noticiasparamunicipios<\/p>\n<p><a href=\"https:\/\/www.msn.com\/es-es\/autos\/noticias\/las-mujeres-sufren-m-c3-a1s-lesiones-en-los-accidentes-porque-conducen-coches-m-c3-a1s-peque-c3-b1os\/ar-BB1dHcK7\">Las mujeres sufren m\u00e1s lesiones en los accidentes porque conducen coches m\u00e1s peque\u00f1os<\/a>&#8211;<a href=\"http:\/\/msn.com\/\">msn.com<\/a><\/p>\n<p><strong>Violencias<\/strong><\/p>\n<p><a href=\"https:\/\/www.google.com\/url?rct=j&amp;sa=t&amp;url=https:\/\/www.lavanguardia.com\/local\/paisvasco\/20210212\/6243991\/emakunde-condena-firmemente-asesinato-mujer-sestao-anima-ciudadania-muestre-repulsa.html&amp;ct=ga&amp;cd=CAEYASoTMzM5NTUyMjM1Nzc4NTY0NDc1NDIZYzAzNzJlYmMyZmVhZGE1OTplczplczpFUw&amp;usg=AFQjCNExUXH2gJjtHPJMO0oavx8A0_xORA\">Emakunde condena \u00abfirmemente\u00bb el asesinato de una\u00a0mujer\u00a0en Sestao y anima a la ciudadan\u00eda a &#8230;<\/a>&#8211;\u00a0La Vanguardia<\/p>\n<p><a href=\"https:\/\/elpais.com\/sociedad\/2021-02-14\/detenido-un-hombre-de-62-anos-por-matar-presuntamente-a-su-pareja-de-un-disparo-en-madrid.html\">Detenido un hombre de 62 a\u00f1os por matar presuntamente a su pareja de un disparo en Madrid<\/a>-El Pa\u00eds<\/p>\n<p><a href=\"https:\/\/www.google.com\/url?rct=j&amp;sa=t&amp;url=https:\/\/www.lavanguardia.com\/vida\/20210212\/6242814\/14-adolescentes-sentido-presion-participar-actos-sexuales.html&amp;ct=ga&amp;cd=CAEYACoSMjU0NjIyNzI3NDU1MTA0Mjk3MhllMWU3N2QxNTYwOThhOGUzOmVzOmVzOkVT&amp;usg=AFQjCNEA4Im83FQf2gpbqatH8lABPrIpgQ\">14 % de las adolescentes ha sentido presi\u00f3n para participar en actos sexuales<\/a>&#8211;\u00a0La Vanguardia<\/p>\n<p><a href=\"https:\/\/www.google.com\/url?rct=j&amp;sa=t&amp;url=https:\/\/www.elindependiente.com\/sociedad\/mujeres\/2021\/02\/12\/el-17-de-las-adolescentes-reconoce-haber-sufrido-maltrato-por-su-pareja-actual\/&amp;ct=ga&amp;cd=CAEYAyoSMjU0NjIyNzI3NDU1MTA0Mjk3MhllMWU3N2QxNTYwOThhOGUzOmVzOmVzOkVT&amp;usg=AFQjCNGrgj3qtO4VQihzMX1CwQapsQ-eOA\">El 17 % de las adolescentes reconoce haber sufrido maltrato por su pareja actual<\/a>&#8211; El Independiente<a href=\"https:\/\/www.google.com\/url?rct=j&amp;sa=t&amp;url=https:\/\/www.eleconomista.es\/ecoaula\/amp\/11046666\/El-48-de-las-adolescentes-espanolas-reconoce-haber-sufrido-acoso-sexual-online-segun-una-macroencuesta-de-Igualdad&amp;ct=ga&amp;cd=CAEYBCoSMjU0NjIyNzI3NDU1MTA0Mjk3MhllMWU3N2QxNTYwOThhOGUzOmVzOmVzOkVT&amp;usg=AFQjCNERso1-IJAk7S38GIAH1_JjWdy9xg\"><br \/>\nEl 48% de las adolescentes espa\u00f1olas reconoce haber sufrido acoso sexual online, seg\u00fan una &#8230;<\/a>&#8211;\u00a0Ecodiario<\/p>\n<p><a href=\"https:\/\/elpais.com\/sociedad\/2021-02-14\/la-diocesis-de-madrid-admite-por-primera-vez-ocho-casos-de-pederastia-cometidos-por-clerigos.html\">La di\u00f3cesis de Madrid admite por primera vez ocho casos de pederastia cometidos por cl\u00e9rigos<\/a>-El Pa\u00eds<\/p>\n<p><strong>Ciencia y Cultura<\/strong><a href=\"https:\/\/www.google.com\/url?rct=j&amp;sa=t&amp;url=https:\/\/www.lavanguardia.com\/politica\/20210211\/6240712\/rosa-menendez-presidenta-csic-recibira-8m-premio-clara-campoamor.html&amp;ct=ga&amp;cd=CAEYFioUMTA0OTYzMDc0NjQ1MjY1Mjg2MDkyGWMwMzcyZWJjMmZlYWRhNTk6ZXM6ZXM6RVM&amp;usg=AFQjCNHkVHLfcEuo_aLEFyui4yZeGABODw\"><br \/>\nRosa Men\u00e9ndez, presidenta del CSIC, recibir\u00e1 el 8M el premio Clara Campoamor<\/a>&#8211;\u00a0La Vanguardia<\/p>\n<p><a href=\"https:\/\/elpais.com\/cultura\/2021-02-13\/merida-encuentra-a-sus-princesas-suevas.html\">M\u00e9rida encuentra a sus princesas suevas<\/a>-El Pa\u00eds<\/p>\n<p><a href=\"https:\/\/elpais.com\/cultura\/2021-02-12\/el-ultimo-viaje-de-najat-el-hachmi.html\">Najat El Hachmi ahonda en la opresi\u00f3n femenina en su nueva novela<\/a>-El Pa\u00eds<\/p>\n<p><a href=\"https:\/\/www.cope.es\/actualidad\/cultura\/noticias\/comunidad-valenciana-cultura--las-mujeres-que-retrato-sorolla-toman-bancaja-con-una-muestra-que-revela-mirada-positiva-sensible-20210203_1121735\">Las mujeres que retrat\u00f3 Sorolla toman Bancaja con una muestra que revela su mirada \u00abpositiva y sensible\u00bb<\/a>-cope<\/p>\n<p><a href=\"https:\/\/www.laprovincia.es\/dominical\/2021\/02\/07\/mujeres-arte-ideologia-34187447.html\">Mujeres, arte e ideolog\u00eda<\/a>-laprovincia<\/p>\n<p><a href=\"https:\/\/www.diaridetarragona.com\/cultura-vida\/La-fotografa-Marta-Fbregas-dignifica-mujeres-anonimas-20210211-0055.html\">La fot\u00f3grafa Marta F\u00e0bregas dignifica mujeres an\u00f3nimas<\/a>-DiariodeTarragona<\/p>\n<p><strong>Deporte<\/strong><\/p>\n<p><a href=\"https:\/\/elpais.com\/deportes\/2021-02-13\/el-barca-femenino-ya-es-el-rey-de-copas.html\">El Bar\u00e7a femenino ya es el rey de Copas<\/a>-El Pa\u00eds<\/p>\n<p><a href=\"https:\/\/elpais.com\/deportes\/2021-02-14\/osaka-rinde-a-muguruza.html\">El fuego de Osaka rinde a Muguruza<\/a>\u00a0El Pa\u00eds<\/p>\n<p>[\/toggle]<\/p>\n<p>[toggle type=\u00bbfirst\u00bb title=\u00bbInternacional\u00bb]<\/p>\n<p><a href=\"https:\/\/www.google.com\/url?rct=j&amp;sa=t&amp;url=https:\/\/www.eldiario.es\/sociedad\/eurocamara-respalda-impulso-lucha-brecha-digital_1_7210734.html&amp;ct=ga&amp;cd=CAEYAioUMTAwOTU5MTcyNjI1NDExNTM1MzgyGTFmYWEzNjRkM2QxMTIyMWI6ZXM6ZXM6RVM&amp;usg=AFQjCNF1mhMeofwPviTLPIk0yG3mPPb1gw\">La Euroc\u00e1mara respalda un impulso a la lucha contra la brecha digital<\/a>&#8211;\u00a0<a href=\"http:\/\/eldiario.es\/\">eldiario.es<\/a><\/p>\n<p><a href=\"https:\/\/www.google.com\/url?rct=j&amp;sa=t&amp;url=https:\/\/www.telam.com.ar\/notas\/202102\/544586-asume-okonjo-iweala-la-primera-mujer-al-frente-de-la-organizacion-mundial-del-comercio.html&amp;ct=ga&amp;cd=CAEYEyoUMTU0NTUyNzU4NTg3NjkxNjYwMjEyGWMwMzcyZWJjMmZlYWRhNTk6ZXM6ZXM6RVM&amp;usg=AFQjCNH4TXWdECCUiA44yEd-bqjP7sBXQg\">Asume Okonjo-Iweala, la primera\u00a0mujer\u00a0al frente de la Organizaci\u00f3n Mundial del Comercio<\/a>&#8211;\u00a0T\u00e9lam<\/p>\n<p><a href=\"https:\/\/www.eldiario.es\/politica\/revuelta-mujeres-pd-ausencia-gobierno-italiano_1_7219923.html\">Revuelta de las mujeres del PD por su ausencia en el Gobierno italiano<\/a>&#8211;<a href=\"http:\/\/eldiario.es\/\">eldiario.es<\/a><\/p>\n<p><a href=\"https:\/\/valenciaplaza.com\/oms-alerta-europa-unica-region-reduzca-tabaco-mujeres\">La OMS alerta de que Europa ser\u00e1 la \u00fanica regi\u00f3n que no reduzca un 30% el tabaco en las mujeres<\/a>&#8211;<a href=\"http:\/\/valenciaplaza.com\/\">valenciaplaza.com<\/a><\/p>\n<p><a href=\"https:\/\/proceso.com.do\/2021\/01\/31\/micm-y-aacid-se-proponen-dinamizar-economia-en-zona-fronteriza-con-apoyo-a-mujeres-emprendedoras\/\">MICM y AACID se proponen dinamizar econom\u00eda en zona fronteriza con apoyo a mujeres emprendedoras<\/a>&#8211;<a href=\"http:\/\/proceso.com\/\">proceso.com<\/a><\/p>\n<p><a href=\"https:\/\/www.tercerainformacion.es\/opinion\/14\/02\/2021\/las-politicas-del-gobierno-turco-contra-las-mujeres-son-crimenes-de-guerra\/\">\u201cLas pol\u00edticas del gobierno turco contra las mujeres son cr\u00edmenes de guerra\u201d<\/a>-tercerainformaci\u00f3n<\/p>\n<p><a href=\"https:\/\/elpais.com\/planeta-futuro\/2021-02-14\/la-violencia-de-genero-es-una-pandemia-en-la-sombra-tan-devastadora-como-la-de-coronavirus.html\">\u201cLa violencia de g\u00e9nero es una pandemia en la sombra, tan devastadora como la de coronavirus\u201d<\/a>-El Pa\u00eds<\/p>\n<p><a href=\"https:\/\/www.google.com\/url?rct=j&amp;sa=t&amp;url=https:\/\/alponiente.com\/la-ciencia-tiene-nombre-de-mujer\/&amp;ct=ga&amp;cd=CAEYACoUMTQzMzcyOTA5MTc1NjcxODE4MjEyGWMwMzcyZWJjMmZlYWRhNTk6ZXM6ZXM6RVM&amp;usg=AFQjCNGMZq6mpeXFIdTyvCYHigvo24oZcw\">La ciencia tiene nombre de\u00a0mujer<\/a>&#8211;\u00a0Al Poniente<\/p>\n<p><a href=\"https:\/\/www.google.com\/url?rct=j&amp;sa=t&amp;url=http:\/\/www.zocalo.com.mx\/new_site\/articulo\/asi-fue-el-lanzamiento-de-la-primera-mujer-al-espacio&amp;ct=ga&amp;cd=CAEYBCoUMTQzMzcyOTA5MTc1NjcxODE4MjEyGWMwMzcyZWJjMmZlYWRhNTk6ZXM6ZXM6RVM&amp;usg=AFQjCNHx7E87nQuN-ketL5Cgml-Hn3Q1zA\">As\u00ed fue el lanzamiento de la primera\u00a0mujer\u00a0al espacio<\/a>&#8211;\u00a0Peri\u00f3dico Z\u00f3calo<\/p>\n<p><a href=\"https:\/\/elpais.com\/cultura\/2021-02-12\/maria-bethania-ya-no-me-gusta-hablar-de-brasil-me-dan-ganas-de-llorar.html\">Maria Beth\u00e2nia: \u201cYa no me gusta hablar de Brasil. Me dan ganas de llorar\u201d<\/a>-El Pa\u00eds<\/p>\n<p>[\/toggle]<\/p>\n<\/div>\n<\/div>\n<\/div>\n<\/div>\n<\/div>\n<\/div>\n","protected":false},"excerpt":{"rendered":"<p>Euroc\u00e1mara respalda un impulso a la lucha contra la brecha <a href=\"https:\/\/cklcomunicaciones.es\/coop\/noticias-info-ckl-no-2-548-15-02-21\/\">[&#8230;]<\/a><\/p>\n","protected":false},"author":3,"featured_media":0,"comment_status":"closed","ping_status":"closed","sticky":false,"template":"","format":"standard","meta":{"footnotes":""},"categories":[298,623],"tags":[248,213],"class_list":["post-15235","post","type-post","status-publish","format-standard","hentry","category-newsletter","category-nwl-2-0","tag-brecha-digital","tag-comunicacion-inclusiva"],"yoast_head":"<!-- This site is optimized with the Yoast SEO plugin v27.5 - https:\/\/yoast.com\/product\/yoast-seo-wordpress\/ -->\n<title>Noticias Info CKL n\u00ba 2.548-15\/02\/21-Comunicar con perspectiva de g\u00e9nero<\/title>\n<meta name=\"description\" content=\"Comunicar con perspectiva de g\u00e9nero: Euroc\u00e1mara respalda un impulso a la lucha contra la brecha digital-&quot;Avanzadoras&quot;, mujeres que construyen el mundo...\" \/>\n<meta name=\"robots\" content=\"index, follow, max-snippet:-1, max-image-preview:large, max-video-preview:-1\" \/>\n<link rel=\"canonical\" href=\"https:\/\/cklcomunicaciones.es\/coop\/noticias-info-ckl-no-2-548-15-02-21\/\" \/>\n<meta property=\"og:locale\" content=\"es_ES\" \/>\n<meta property=\"og:type\" content=\"article\" \/>\n<meta property=\"og:title\" content=\"Noticias Info CKL n\u00ba 2.548-15\/02\/21-Comunicar con perspectiva de g\u00e9nero\" \/>\n<meta property=\"og:description\" content=\"Comunicar con perspectiva de g\u00e9nero: Euroc\u00e1mara respalda un impulso a la lucha contra la brecha digital-&quot;Avanzadoras&quot;, mujeres que construyen el mundo...\" \/>\n<meta property=\"og:url\" content=\"https:\/\/cklcomunicaciones.es\/coop\/noticias-info-ckl-no-2-548-15-02-21\/\" \/>\n<meta property=\"og:site_name\" content=\"CKL Comunicaciones\" \/>\n<meta property=\"article:published_time\" content=\"2021-02-15T12:33:16+00:00\" \/>\n<meta property=\"article:modified_time\" content=\"2025-01-17T15:47:19+00:00\" \/>\n<meta property=\"og:image\" content=\"https:\/\/cklcomunicaciones.es\/coop\/wp-content\/uploads\/2018\/03\/CKL_comunicacion-con-perspetiva-de-genero.jpg\" \/>\n\t<meta property=\"og:image:width\" content=\"500\" \/>\n\t<meta property=\"og:image:height\" content=\"500\" \/>\n\t<meta property=\"og:image:type\" content=\"image\/jpeg\" \/>\n<meta name=\"author\" content=\"ckl\" \/>\n<meta name=\"twitter:card\" content=\"summary_large_image\" \/>\n<meta name=\"twitter:label1\" content=\"Escrito por\" \/>\n\t<meta name=\"twitter:data1\" content=\"ckl\" \/>\n\t<meta name=\"twitter:label2\" content=\"Tiempo de lectura\" \/>\n\t<meta name=\"twitter:data2\" content=\"7 minutos\" \/>\n<script type=\"application\/ld+json\" class=\"yoast-schema-graph\">{\"@context\":\"https:\\\/\\\/schema.org\",\"@graph\":[{\"@type\":\"Article\",\"@id\":\"https:\\\/\\\/cklcomunicaciones.es\\\/coop\\\/noticias-info-ckl-no-2-548-15-02-21\\\/#article\",\"isPartOf\":{\"@id\":\"https:\\\/\\\/cklcomunicaciones.es\\\/coop\\\/noticias-info-ckl-no-2-548-15-02-21\\\/\"},\"author\":{\"name\":\"ckl\",\"@id\":\"https:\\\/\\\/cklcomunicaciones.es\\\/coop\\\/#\\\/schema\\\/person\\\/929a6837f7626450bbb50cee1aef266e\"},\"headline\":\"Noticias Info CKL n\u00ba 2.548-15\\\/02\\\/21\",\"datePublished\":\"2021-02-15T12:33:16+00:00\",\"dateModified\":\"2025-01-17T15:47:19+00:00\",\"mainEntityOfPage\":{\"@id\":\"https:\\\/\\\/cklcomunicaciones.es\\\/coop\\\/noticias-info-ckl-no-2-548-15-02-21\\\/\"},\"wordCount\":1330,\"image\":{\"@id\":\"https:\\\/\\\/cklcomunicaciones.es\\\/coop\\\/noticias-info-ckl-no-2-548-15-02-21\\\/#primaryimage\"},\"thumbnailUrl\":\"http:\\\/\\\/www.cklcomunicaciones.es\\\/wp-content\\\/uploads\\\/2018\\\/03\\\/CKL_comunicacion-con-perspetiva-de-genero-300x300.jpg\",\"keywords\":[\"brecha digital\",\"comunicaci\u00f3n inclusiva\"],\"articleSection\":[\"Newsletter\",\"Nwl v2.0\"],\"inLanguage\":\"es\"},{\"@type\":\"WebPage\",\"@id\":\"https:\\\/\\\/cklcomunicaciones.es\\\/coop\\\/noticias-info-ckl-no-2-548-15-02-21\\\/\",\"url\":\"https:\\\/\\\/cklcomunicaciones.es\\\/coop\\\/noticias-info-ckl-no-2-548-15-02-21\\\/\",\"name\":\"Noticias Info CKL n\u00ba 2.548-15\\\/02\\\/21-Comunicar con perspectiva de g\u00e9nero\",\"isPartOf\":{\"@id\":\"https:\\\/\\\/cklcomunicaciones.es\\\/coop\\\/#website\"},\"primaryImageOfPage\":{\"@id\":\"https:\\\/\\\/cklcomunicaciones.es\\\/coop\\\/noticias-info-ckl-no-2-548-15-02-21\\\/#primaryimage\"},\"image\":{\"@id\":\"https:\\\/\\\/cklcomunicaciones.es\\\/coop\\\/noticias-info-ckl-no-2-548-15-02-21\\\/#primaryimage\"},\"thumbnailUrl\":\"http:\\\/\\\/www.cklcomunicaciones.es\\\/wp-content\\\/uploads\\\/2018\\\/03\\\/CKL_comunicacion-con-perspetiva-de-genero-300x300.jpg\",\"datePublished\":\"2021-02-15T12:33:16+00:00\",\"dateModified\":\"2025-01-17T15:47:19+00:00\",\"author\":{\"@id\":\"https:\\\/\\\/cklcomunicaciones.es\\\/coop\\\/#\\\/schema\\\/person\\\/929a6837f7626450bbb50cee1aef266e\"},\"description\":\"Comunicar con perspectiva de g\u00e9nero: Euroc\u00e1mara respalda un impulso a la lucha contra la brecha digital-\\\"Avanzadoras\\\", mujeres que construyen el mundo...\",\"breadcrumb\":{\"@id\":\"https:\\\/\\\/cklcomunicaciones.es\\\/coop\\\/noticias-info-ckl-no-2-548-15-02-21\\\/#breadcrumb\"},\"inLanguage\":\"es\",\"potentialAction\":[{\"@type\":\"ReadAction\",\"target\":[\"https:\\\/\\\/cklcomunicaciones.es\\\/coop\\\/noticias-info-ckl-no-2-548-15-02-21\\\/\"]}]},{\"@type\":\"ImageObject\",\"inLanguage\":\"es\",\"@id\":\"https:\\\/\\\/cklcomunicaciones.es\\\/coop\\\/noticias-info-ckl-no-2-548-15-02-21\\\/#primaryimage\",\"url\":\"http:\\\/\\\/www.cklcomunicaciones.es\\\/wp-content\\\/uploads\\\/2018\\\/03\\\/CKL_comunicacion-con-perspetiva-de-genero-300x300.jpg\",\"contentUrl\":\"http:\\\/\\\/www.cklcomunicaciones.es\\\/wp-content\\\/uploads\\\/2018\\\/03\\\/CKL_comunicacion-con-perspetiva-de-genero-300x300.jpg\"},{\"@type\":\"BreadcrumbList\",\"@id\":\"https:\\\/\\\/cklcomunicaciones.es\\\/coop\\\/noticias-info-ckl-no-2-548-15-02-21\\\/#breadcrumb\",\"itemListElement\":[{\"@type\":\"ListItem\",\"position\":1,\"name\":\"Portada\",\"item\":\"https:\\\/\\\/cklcomunicaciones.es\\\/coop\\\/\"},{\"@type\":\"ListItem\",\"position\":2,\"name\":\"Noticias Info CKL n\u00ba 2.548-15\\\/02\\\/21\"}]},{\"@type\":\"WebSite\",\"@id\":\"https:\\\/\\\/cklcomunicaciones.es\\\/coop\\\/#website\",\"url\":\"https:\\\/\\\/cklcomunicaciones.es\\\/coop\\\/\",\"name\":\"CKL Comunicaciones\",\"description\":\"Sitio web de CKL Comunicaciones coop , la consultora de comunicaci\u00f3n y estrategia\",\"potentialAction\":[{\"@type\":\"SearchAction\",\"target\":{\"@type\":\"EntryPoint\",\"urlTemplate\":\"https:\\\/\\\/cklcomunicaciones.es\\\/coop\\\/?s={search_term_string}\"},\"query-input\":{\"@type\":\"PropertyValueSpecification\",\"valueRequired\":true,\"valueName\":\"search_term_string\"}}],\"inLanguage\":\"es\"},{\"@type\":\"Person\",\"@id\":\"https:\\\/\\\/cklcomunicaciones.es\\\/coop\\\/#\\\/schema\\\/person\\\/929a6837f7626450bbb50cee1aef266e\",\"name\":\"ckl\",\"image\":{\"@type\":\"ImageObject\",\"inLanguage\":\"es\",\"@id\":\"https:\\\/\\\/secure.gravatar.com\\\/avatar\\\/c82db564e8a669bf6023357a157b9dc4780f4d4c618f2ad1d71a6a5dede45057?s=96&d=mm&r=g\",\"url\":\"https:\\\/\\\/secure.gravatar.com\\\/avatar\\\/c82db564e8a669bf6023357a157b9dc4780f4d4c618f2ad1d71a6a5dede45057?s=96&d=mm&r=g\",\"contentUrl\":\"https:\\\/\\\/secure.gravatar.com\\\/avatar\\\/c82db564e8a669bf6023357a157b9dc4780f4d4c618f2ad1d71a6a5dede45057?s=96&d=mm&r=g\",\"caption\":\"ckl\"},\"url\":\"https:\\\/\\\/cklcomunicaciones.es\\\/coop\\\/author\\\/cklcomunicaciones\\\/\"}]}<\/script>\n<!-- \/ Yoast SEO plugin. -->","yoast_head_json":{"title":"Noticias Info CKL n\u00ba 2.548-15\/02\/21-Comunicar con perspectiva de g\u00e9nero","description":"Comunicar con perspectiva de g\u00e9nero: Euroc\u00e1mara respalda un impulso a la lucha contra la brecha digital-\"Avanzadoras\", mujeres que construyen el mundo...","robots":{"index":"index","follow":"follow","max-snippet":"max-snippet:-1","max-image-preview":"max-image-preview:large","max-video-preview":"max-video-preview:-1"},"canonical":"https:\/\/cklcomunicaciones.es\/coop\/noticias-info-ckl-no-2-548-15-02-21\/","og_locale":"es_ES","og_type":"article","og_title":"Noticias Info CKL n\u00ba 2.548-15\/02\/21-Comunicar con perspectiva de g\u00e9nero","og_description":"Comunicar con perspectiva de g\u00e9nero: Euroc\u00e1mara respalda un impulso a la lucha contra la brecha digital-\"Avanzadoras\", mujeres que construyen el mundo...","og_url":"https:\/\/cklcomunicaciones.es\/coop\/noticias-info-ckl-no-2-548-15-02-21\/","og_site_name":"CKL Comunicaciones","article_published_time":"2021-02-15T12:33:16+00:00","article_modified_time":"2025-01-17T15:47:19+00:00","og_image":[{"width":500,"height":500,"url":"https:\/\/cklcomunicaciones.es\/coop\/wp-content\/uploads\/2018\/03\/CKL_comunicacion-con-perspetiva-de-genero.jpg","type":"image\/jpeg"}],"author":"ckl","twitter_card":"summary_large_image","twitter_misc":{"Escrito por":"ckl","Tiempo de lectura":"7 minutos"},"schema":{"@context":"https:\/\/schema.org","@graph":[{"@type":"Article","@id":"https:\/\/cklcomunicaciones.es\/coop\/noticias-info-ckl-no-2-548-15-02-21\/#article","isPartOf":{"@id":"https:\/\/cklcomunicaciones.es\/coop\/noticias-info-ckl-no-2-548-15-02-21\/"},"author":{"name":"ckl","@id":"https:\/\/cklcomunicaciones.es\/coop\/#\/schema\/person\/929a6837f7626450bbb50cee1aef266e"},"headline":"Noticias Info CKL n\u00ba 2.548-15\/02\/21","datePublished":"2021-02-15T12:33:16+00:00","dateModified":"2025-01-17T15:47:19+00:00","mainEntityOfPage":{"@id":"https:\/\/cklcomunicaciones.es\/coop\/noticias-info-ckl-no-2-548-15-02-21\/"},"wordCount":1330,"image":{"@id":"https:\/\/cklcomunicaciones.es\/coop\/noticias-info-ckl-no-2-548-15-02-21\/#primaryimage"},"thumbnailUrl":"http:\/\/www.cklcomunicaciones.es\/wp-content\/uploads\/2018\/03\/CKL_comunicacion-con-perspetiva-de-genero-300x300.jpg","keywords":["brecha digital","comunicaci\u00f3n inclusiva"],"articleSection":["Newsletter","Nwl v2.0"],"inLanguage":"es"},{"@type":"WebPage","@id":"https:\/\/cklcomunicaciones.es\/coop\/noticias-info-ckl-no-2-548-15-02-21\/","url":"https:\/\/cklcomunicaciones.es\/coop\/noticias-info-ckl-no-2-548-15-02-21\/","name":"Noticias Info CKL n\u00ba 2.548-15\/02\/21-Comunicar con perspectiva de g\u00e9nero","isPartOf":{"@id":"https:\/\/cklcomunicaciones.es\/coop\/#website"},"primaryImageOfPage":{"@id":"https:\/\/cklcomunicaciones.es\/coop\/noticias-info-ckl-no-2-548-15-02-21\/#primaryimage"},"image":{"@id":"https:\/\/cklcomunicaciones.es\/coop\/noticias-info-ckl-no-2-548-15-02-21\/#primaryimage"},"thumbnailUrl":"http:\/\/www.cklcomunicaciones.es\/wp-content\/uploads\/2018\/03\/CKL_comunicacion-con-perspetiva-de-genero-300x300.jpg","datePublished":"2021-02-15T12:33:16+00:00","dateModified":"2025-01-17T15:47:19+00:00","author":{"@id":"https:\/\/cklcomunicaciones.es\/coop\/#\/schema\/person\/929a6837f7626450bbb50cee1aef266e"},"description":"Comunicar con perspectiva de g\u00e9nero: Euroc\u00e1mara respalda un impulso a la lucha contra la brecha digital-\"Avanzadoras\", mujeres que construyen el mundo...","breadcrumb":{"@id":"https:\/\/cklcomunicaciones.es\/coop\/noticias-info-ckl-no-2-548-15-02-21\/#breadcrumb"},"inLanguage":"es","potentialAction":[{"@type":"ReadAction","target":["https:\/\/cklcomunicaciones.es\/coop\/noticias-info-ckl-no-2-548-15-02-21\/"]}]},{"@type":"ImageObject","inLanguage":"es","@id":"https:\/\/cklcomunicaciones.es\/coop\/noticias-info-ckl-no-2-548-15-02-21\/#primaryimage","url":"http:\/\/www.cklcomunicaciones.es\/wp-content\/uploads\/2018\/03\/CKL_comunicacion-con-perspetiva-de-genero-300x300.jpg","contentUrl":"http:\/\/www.cklcomunicaciones.es\/wp-content\/uploads\/2018\/03\/CKL_comunicacion-con-perspetiva-de-genero-300x300.jpg"},{"@type":"BreadcrumbList","@id":"https:\/\/cklcomunicaciones.es\/coop\/noticias-info-ckl-no-2-548-15-02-21\/#breadcrumb","itemListElement":[{"@type":"ListItem","position":1,"name":"Portada","item":"https:\/\/cklcomunicaciones.es\/coop\/"},{"@type":"ListItem","position":2,"name":"Noticias Info CKL n\u00ba 2.548-15\/02\/21"}]},{"@type":"WebSite","@id":"https:\/\/cklcomunicaciones.es\/coop\/#website","url":"https:\/\/cklcomunicaciones.es\/coop\/","name":"CKL Comunicaciones","description":"Sitio web de CKL Comunicaciones coop , la consultora de comunicaci\u00f3n y estrategia","potentialAction":[{"@type":"SearchAction","target":{"@type":"EntryPoint","urlTemplate":"https:\/\/cklcomunicaciones.es\/coop\/?s={search_term_string}"},"query-input":{"@type":"PropertyValueSpecification","valueRequired":true,"valueName":"search_term_string"}}],"inLanguage":"es"},{"@type":"Person","@id":"https:\/\/cklcomunicaciones.es\/coop\/#\/schema\/person\/929a6837f7626450bbb50cee1aef266e","name":"ckl","image":{"@type":"ImageObject","inLanguage":"es","@id":"https:\/\/secure.gravatar.com\/avatar\/c82db564e8a669bf6023357a157b9dc4780f4d4c618f2ad1d71a6a5dede45057?s=96&d=mm&r=g","url":"https:\/\/secure.gravatar.com\/avatar\/c82db564e8a669bf6023357a157b9dc4780f4d4c618f2ad1d71a6a5dede45057?s=96&d=mm&r=g","contentUrl":"https:\/\/secure.gravatar.com\/avatar\/c82db564e8a669bf6023357a157b9dc4780f4d4c618f2ad1d71a6a5dede45057?s=96&d=mm&r=g","caption":"ckl"},"url":"https:\/\/cklcomunicaciones.es\/coop\/author\/cklcomunicaciones\/"}]}},"_links":{"self":[{"href":"https:\/\/cklcomunicaciones.es\/coop\/wp-json\/wp\/v2\/posts\/15235","targetHints":{"allow":["GET"]}}],"collection":[{"href":"https:\/\/cklcomunicaciones.es\/coop\/wp-json\/wp\/v2\/posts"}],"about":[{"href":"https:\/\/cklcomunicaciones.es\/coop\/wp-json\/wp\/v2\/types\/post"}],"author":[{"embeddable":true,"href":"https:\/\/cklcomunicaciones.es\/coop\/wp-json\/wp\/v2\/users\/3"}],"replies":[{"embeddable":true,"href":"https:\/\/cklcomunicaciones.es\/coop\/wp-json\/wp\/v2\/comments?post=15235"}],"version-history":[{"count":0,"href":"https:\/\/cklcomunicaciones.es\/coop\/wp-json\/wp\/v2\/posts\/15235\/revisions"}],"wp:attachment":[{"href":"https:\/\/cklcomunicaciones.es\/coop\/wp-json\/wp\/v2\/media?parent=15235"}],"wp:term":[{"taxonomy":"category","embeddable":true,"href":"https:\/\/cklcomunicaciones.es\/coop\/wp-json\/wp\/v2\/categories?post=15235"},{"taxonomy":"post_tag","embeddable":true,"href":"https:\/\/cklcomunicaciones.es\/coop\/wp-json\/wp\/v2\/tags?post=15235"}],"curies":[{"name":"wp","href":"https:\/\/api.w.org\/{rel}","templated":true}]}}