{"id":15220,"date":"2021-02-05T15:03:48","date_gmt":"2021-02-05T14:03:48","guid":{"rendered":"http:\/\/www.cklcomunicaciones.es\/?p=15220"},"modified":"2025-01-17T16:47:20","modified_gmt":"2025-01-17T15:47:20","slug":"noticias-info-ckl-no-2-544-05-02-21","status":"publish","type":"post","link":"https:\/\/cklcomunicaciones.es\/coop\/noticias-info-ckl-no-2-544-05-02-21\/","title":{"rendered":"Noticias Info CKL n\u00ba 2.544-05\/02\/21"},"content":{"rendered":"<div id=\"pl-15220\"  class=\"panel-layout\" >\n<div id=\"pg-15220-0\"  class=\"panel-grid panel-no-style\"  data-style=\"{&quot;background_image_attachment&quot;:false,&quot;background_display&quot;:&quot;tile&quot;,&quot;cell_alignment&quot;:&quot;flex-start&quot;}\" >\n<div id=\"pgc-15220-0-0\"  class=\"panel-grid-cell\"  data-weight=\"1\" >\n<div id=\"panel-15220-0-0-0\" class=\"so-panel widget widget_sow-editor panel-first-child panel-last-child\" data-index=\"0\" data-style=\"{&quot;background_image_attachment&quot;:false,&quot;background_display&quot;:&quot;tile&quot;}\" >\n<div class=\"so-widget-sow-editor so-widget-sow-editor-base\">\n<div class=\"siteorigin-widget-tinymce textwidget\">\n<p><img decoding=\"async\" class=\"lazyload  wp-image-13726\" src=\"http:\/\/www.cklcomunicaciones.es\/wp-content\/uploads\/2018\/03\/CKL_comunicacion-con-perspetiva-de-genero-300x300.jpg\" data-orig-src=\"http:\/\/www.cklcomunicaciones.es\/wp-content\/uploads\/2018\/03\/CKL_comunicacion-con-perspetiva-de-genero-300x300.jpg\" alt=\"CKL_comunicacion con perspetiva de genero\" width=\"132\" height=\"132\" srcset=\"data:image\/svg+xml,%3Csvg%20xmlns%3D%27http%3A%2F%2Fwww.w3.org%2F2000%2Fsvg%27%20width%3D%27132%27%20height%3D%27132%27%20viewBox%3D%270%200%20132%20132%27%3E%3Crect%20width%3D%27132%27%20height%3D%27132%27%20fill-opacity%3D%220%22%2F%3E%3C%2Fsvg%3E\" data-srcset=\"https:\/\/cklcomunicaciones.es\/coop\/wp-content\/uploads\/2018\/03\/CKL_comunicacion-con-perspetiva-de-genero-150x150.jpg 150w, https:\/\/cklcomunicaciones.es\/coop\/wp-content\/uploads\/2018\/03\/CKL_comunicacion-con-perspetiva-de-genero-300x300.jpg 300w, https:\/\/cklcomunicaciones.es\/coop\/wp-content\/uploads\/2018\/03\/CKL_comunicacion-con-perspetiva-de-genero-450x450.jpg 450w, https:\/\/cklcomunicaciones.es\/coop\/wp-content\/uploads\/2018\/03\/CKL_comunicacion-con-perspetiva-de-genero.jpg 500w\" data-sizes=\"auto\" data-orig-sizes=\"(max-width: 132px) 100vw, 132px\" \/><\/p>\n<p id=\":ih\" class=\"hP\" tabindex=\"-1\" data-thread-perm-id=\"thread-f:1690041202501495509\" data-legacy-thread-id=\"17743b84fae02ad5\"><strong>PE aprueba dos medidas sobre perspectiva de g\u00e9nero-Mujer, aut\u00f3noma y &lt; de 30 a\u00f1os: la COVID19 se ceba con el empleo + fr\u00e1gil-Feminizaci\u00f3n no es igualdad: ellas solo ocupan el 20% de los altos cargos en sanidad<\/strong><\/p>\n<p>[toggle type=\u00bbfirst\u00bb title=\u00bbConvocatorias\u00bb]<\/p>\n<ul>\n<li><a href=\"https:\/\/www.lamoncloa.gob.es\/serviciosdeprensa\/notasprensa\/ciencia-e-innovacion\/paginas\/2021\/040221-mujer_y_ciencia.aspx\">Ciencia e Innovaci\u00f3n celebra el \u00abD\u00eda Internacional de la Mujer y la Ni\u00f1a en la Ciencia\u00bb con diversas iniciativas [Prensa\/Actualidad\/Ciencia e Innovaci\u00f3n]<\/a><\/li>\n<li><a href=\"http:\/\/www.centrestageonline.org\/start\">Curso Centre Stage para mujeres artistas de las artes esc\u00e9nicas y la m\u00fasica<\/a>. Europa Creativa con participaci\u00f3n de la Agencia Andaluza de Instituciones Culturales como centro asociado. En curso.\u00a0<a href=\"http:\/\/www.centrestageonline.org\/register\">Inscripci\u00f3n<\/a>[Informaci\u00f3n e inscripci\u00f3n en castellano pulsando en la bandera correspondiente]<\/li>\n<li>Webinar &#8216;Planes de Igualdad. Legalidad y mejora continua&#8217;. Confederaci\u00f3n de Empresarios de C\u00e1diz. 10 de febrero a las 11:00 h. (2 horas).<a href=\"https:\/\/masempresas.cea.es\/webinar-jornada-sobre-los-planes-de-igualdad-legalidad-y-mejora-continua\/\">M\u00e1s informaci\u00f3n e inscripciones<\/a><\/li>\n<li><a href=\"https:\/\/enlinea.intef.es\/courses\/course-v1:INTEF+EducaIguales+2021_ED5\/about\">Curso &#8216;Educar en Igualdad&#8217;, 5\u00aa ed<\/a>. Instituto de la Mujer y para la Igualdad de Oportunidades. Del 16 de febrero al 26 de marzo (5 horas por semana).\u00a0<a href=\"https:\/\/enlinea.intef.es\/register?course_id=course-v1:INTEF+EducaIguales+2021_ED5&amp;enrollment_action=enroll\">Inscripciones<\/a><\/li>\n<\/ul>\n<p>[\/toggle]<\/p>\n<p>[toggle type=\u00bbfirst\u00bb title=\u00bbComunicaci\u00f3n\u00bb]<\/p>\n<p><a href=\"https:\/\/www.google.com\/url?rct=j&amp;sa=t&amp;url=https:\/\/diario16.com\/gema-pineiro-la-pandemia-ha-demostrado-como-dirigir-en-femenino-es-diferente-y-necesario-para-seguridad-de-los-paises\/&amp;ct=ga&amp;cd=CAEYIyoUMTAwMzE3NTYyMzQyOTE3MTQzNjIyGWMwMzcyZWJjMmZlYWRhNTk6ZXM6ZXM6RVM&amp;usg=AFQjCNHK8VipV7LB-TpDhz2PgHgTKVaNRQ\">Gema Pi\u00f1eiro, periodista y detective: \u201cLa pandemia ha demostrado c\u00f3mo dirigir en femenino es diferente y necesario &#8230;<\/a>&#8211;\u00a0Diario16<\/p>\n<p><a href=\"https:\/\/www.google.com\/url?rct=j&amp;sa=t&amp;url=https:\/\/www.elmundo.es\/loc\/famosos\/2021\/02\/04\/601a97e2fdddff314c8b462a.html&amp;ct=ga&amp;cd=CAEYAioSNjk0ODc5NDk1MzA4NTQzMTYwMhljMDM3MmViYzJmZWFkYTU5OmVzOmVzOkVT&amp;usg=AFQjCNGvTGUf1AzlUVX9EU57gM6fvK1JFQ\">Maruja Fern\u00e1ndez, la inmigrante cubana que ocult\u00f3 su identidad en favor de Elena Francis<\/a>&#8211;\u00a0El Mundo<\/p>\n<p><a href=\"https:\/\/www.google.com\/url?rct=j&amp;sa=t&amp;url=https:\/\/www.clarin.com\/agencias\/afp-mujeres-dificultades-concisas-responsable-juegos-tokio-prensa-_0_TtIRqpiYEW.html&amp;ct=ga&amp;cd=CAEYACoUMTc4MzMzMTEzNjQ3NDQxNzYxMTkyGWMwMzcyZWJjMmZlYWRhNTk6ZXM6ZXM6RVM&amp;usg=AFQjCNGcFI-nK_T98N1-PYahe5LKpjSD4Q\">Las\u00a0mujeres\u00a0\u201ctienen dificultades\u201d para ser concisas, seg\u00fan el responsable de Juegos de Tokio &#8230;<\/a>&#8211;\u00a0Clar\u00edn.com<\/p>\n<p><a href=\"https:\/\/www.google.com\/url?rct=j&amp;sa=t&amp;url=https:\/\/marketing4ecommerce.mx\/las-marcas-podran-evitar-que-sus-anuncios-de-facebook-aparezcan-junto-a-contenidos-sensibles-o-polemicos\/&amp;ct=ga&amp;cd=CAEYASoUMTYwNzY4Mjk2NzMwNTgzOTI4NzIyGWM1MWU1MzM2YWY2YzQzMDU6ZXM6ZXM6RVM&amp;usg=AFQjCNF-2DzAJsjpaQrYHwt7_P5zIXyKEQ\">Las marcas podr\u00e1n evitar que sus anuncios de Facebook aparezcan junto a contenidos sensibles &#8230;<\/a>&#8211;\u00a0Marketing4eCommerce Mx<\/p>\n<p><a href=\"https:\/\/elpais.com\/tecnologia\/2021-02-03\/wikipedia-publica-un-codigo-de-conducta-universal-para-luchar-contra-la-desinformacion-y-la-manipulacion.html\">Wikipedia publica un c\u00f3digo de conducta universal para luchar contra la desinformaci\u00f3n y la manipulaci\u00f3n<\/a>-El Pa\u00eds<a href=\"https:\/\/www.google.com\/url?rct=j&amp;sa=t&amp;url=https:\/\/www.lavanguardia.com\/television\/20210204\/6220683\/publicidad-juguetes-estereotipos-genero-cac-influencers.html&amp;ct=ga&amp;cd=CAEYACoTNzYxNTMwNzYzNTQxMDA3ODc4MzIZYzUxZTUzMzZhZjZjNDMwNTplczplczpFUw&amp;usg=AFQjCNGLlMicJM7tRco5Qukc84tvId6YjA\"><br \/>\n&#8216;Influencers&#8217; infantiles cargados de estereotipos de g\u00e9nero<\/a>&#8211;\u00a0La Vanguardia<\/p>\n<p><a href=\"https:\/\/www.eldiario.es\/tecnologia\/oms-lanza-sistema-escucha-activa-redes-sociales-detectar-bulos-coronavirus_1_7195449.html\">La OMS lanza una herramienta p\u00fablica para \u00abrastrear\u00bb las redes y detectar \u00abvac\u00edos d<\/a><strong><a href=\"https:\/\/www.eldiario.es\/tecnologia\/oms-lanza-sistema-escucha-activa-redes-sociales-detectar-bulos-coronavirus_1_7195449.html\">e<\/a><\/strong><a href=\"https:\/\/www.eldiario.es\/tecnologia\/oms-lanza-sistema-escucha-activa-redes-sociales-detectar-bulos-coronavirus_1_7195449.html\"> inf<\/a><a href=\"https:\/\/www.eldiario.es\/tecnologia\/oms-lanza-sistema-escucha-activa-redes-sociales-detectar-bulos-coronavirus_1_7195449.html\">ormaci\u00f3n\u00bb<\/a><strong><a href=\"https:\/\/www.eldiario.es\/tecnologia\/oms-lanza-sistema-escucha-activa-redes-sociales-detectar-bulos-coronavirus_1_7195449.html\"> s<\/a><\/strong><a href=\"https:\/\/www.eldiario.es\/tecnologia\/oms-lanza-sistema-escucha-activa-redes-sociales-detectar-bulos-coronavirus_1_7195449.html\">obre el coronavirus<\/a>&#8211;<a href=\"http:\/\/eldiario.es\/\">eldiario.es<\/a><\/p>\n<p>[\/toggle]<\/p>\n<p>[toggle type=\u00bbfirst\u00bb title=\u00bbAndaluc\u00eda\u00bb]<\/p>\n<p><strong>Econom\u00eda y Empresas<\/strong><\/p>\n<p><a href=\"https:\/\/www.google.com\/url?rct=j&amp;sa=t&amp;url=https:\/\/www.lavanguardia.com\/local\/sevilla\/20210204\/6223367\/sandra-garcia-consejo-andaluz-camaras-comercio-2021-sera-ano-reconstruccion-social-economica.html&amp;ct=ga&amp;cd=CAEYASoUMTYxMDA0ODUwMTQxMTk5OTU4MjIyGWQ3OGU1ODc1YTBmMWYyYWM6ZXM6ZXM6RVM&amp;usg=AFQjCNF0lJh8dDYQImB8WsaC6rSis2uBbw\">Sandra Garc\u00eda, delegada del Gobierno en Andaluc\u00eda, al Consejo\u00a0Andaluz\u00a0de C\u00e1maras de Comercio: \u00ab2021 ser\u00e1 el a\u00f1o de la &#8230;<\/a>&#8211;\u00a0La Vanguardia<\/p>\n<p><a href=\"https:\/\/www.larazon.es\/andalucia\/20210204\/xreuq2muqjdfraqoi32aurat5i.html\">La Junta de Andaluc\u00eda destaca los m\u00e1s de 400 millones de euros movilizados para apoyar a las empresas<\/a>-larazondigital<\/p>\n<p><a href=\"https:\/\/www.ecoticias.com\/energias-renovables\/207636\/energias-verdes-crean-mas-3000-empleos-Andalucia\">Las energ\u00edas verdes crean m\u00e1s de 3.000 empleos en Andaluc\u00eda<\/a>-Econoticias.com<\/p>\n<p><a href=\"https:\/\/sevilla.abc.es\/agronoma\/noticias\/agricultura\/andalucia-iara-generar-empleo\/\">Andaluc\u00eda movilizar\u00e1 cerca de 5.000 hect\u00e1reas del IARA para generar empleo<\/a>-abc<strong>\u00a0<\/strong><\/p>\n<p><strong>Actualidad<\/strong><\/p>\n<p><a href=\"https:\/\/sevillasolidaria.sevilla.abc.es\/noticias\/el-aceite-solidario-maruja-vilches-ya-ha-recaudado-mas-de-10-000-euros-para-proyectos-sociales-en-el-poligono-sur\/\">El aceite solidario \u00abMaruja Vilches\u00bb ya ha recaudado m\u00e1s de 10.000 euros para proyectos sociales en el Pol\u00edgono Sur<\/a>-sevillasolidaria<\/p>\n<p><a href=\"https:\/\/www.msn.com\/es-es\/news\/espana\/defensor-del-pueblo-andaluz-pide-parar-el-desahucio-de-una-mujer-y-sus-cinco-hijos-de-una-vivienda-p-c3-bablica\/ar-BB1dnKJg\">Defensor del Pueblo andaluz pide parar el desahucio de una mujer y sus cinco hijos de una vivienda p\u00fablica<\/a>&#8211;<a href=\"http:\/\/msn.com\/\">msn.com<\/a><a href=\"https:\/\/www.google.com\/url?rct=j&amp;sa=t&amp;url=https:\/\/www.diariodealmeria.es\/finanzasyagricultura\/Junta-millones-personas-exclusion-insercion_0_1543946853.html&amp;ct=ga&amp;cd=CAEYACoUMTY1MTI2MDcyMjU3MTgzMjIxNjYyGWUxZTc3ZDE1NjA5OGE4ZTM6ZXM6ZXM6RVM&amp;usg=AFQjCNH6VgIUixG5z2xCJwfkXfwIekD7UQ\"><br \/>\nLa Junta destina 2,4 millones para apoyar el empleo de personas con riesgo de exclusi\u00f3n en &#8230;<\/a>&#8211;\u00a0Diario de Almer\u00eda<\/p>\n<p><a href=\"https:\/\/www.huelvainformacion.es\/huelva\/onubenses-reciben-ayudas-Consejeria-Igualdad_0_1544546429.html\">Casi 100.000 onubenses reciben ayudas de la Consejer\u00eda de Igualdad desde 2019<\/a>-huelvainformaci\u00f3n<strong>\u00a0<\/strong><\/p>\n<p><strong>Violencias<\/strong><\/p>\n<p><a href=\"https:\/\/cadiznoticias.es\/las-victimas-presentan-el-71-de-las-denuncias-por-violencia-de-genero-y-sus-familiares-solo-el-19-en-andalucia\/\">Las v\u00edctimas presentan el 71% de las denuncias por violencia de g\u00e9nero y sus familiares s\u00f3lo el 1,9% en Andaluc\u00eda<\/a>-cadiznoticias<\/p>\n<p><a href=\"http:\/\/www.juntadeandalucia.es\/presidencia\/portavoz\/157937\/educacionydeporte\/acosoescolar\/ciberacoso\/formacion\/sensibilizacion\/conredandalucia\/eso\/primaria\">Educaci\u00f3n implanta un programa para la prevenci\u00f3n del acoso escolar y el ciberacoso desde las aulas<\/a>\u00a0\u2013 Oficina del Portavoz<\/p>\n<p><a href=\"https:\/\/www.google.com\/url?rct=j&amp;sa=t&amp;url=https:\/\/www.lavanguardia.com\/local\/sevilla\/20210204\/6222107\/masjaen-ponencia-sobre-mutilacion-genital-femenina-abre-ciclo-sobre-desigualdad-brecha-genero.html&amp;ct=ga&amp;cd=CAEYAioTOTc3MTkyMjMyMDE4NTkzODUyOTIZZTFlNzdkMTU2MDk4YThlMzplczplczpFUw&amp;usg=AFQjCNFRrI88Q85feRSkKlHZG8n6TabcKQ\">Una ponencia sobre mutilaci\u00f3n genital femenina abre un ciclo sobre desigualdad y &#8230;<\/a>&#8211;\u00a0La Vanguardia<\/p>\n<p><strong>Ciencia y Cultura<\/strong><\/p>\n<p><a href=\"https:\/\/www.google.com\/url?rct=j&amp;sa=t&amp;url=https:\/\/www.lavozdealmeria.com\/noticia\/5\/vivir\/208605\/una-enciclopedia-reunira-la-biografia-de-mujeres-almerienses-del-siglo-xx&amp;ct=ga&amp;cd=CAEYAioUMTAwMzE3NTYyMzQyOTE3MTQzNjIyGWMwMzcyZWJjMmZlYWRhNTk6ZXM6ZXM6RVM&amp;usg=AFQjCNE2RZUrmxnMzrfM9qLIqI9AUtyVGw\">Una enciclopedia reunir\u00e1 la biograf\u00eda de\u00a0mujeres\u00a0almerienses del siglo XX<\/a>&#8211;\u00a0La Voz de Almer\u00eda<a href=\"https:\/\/www.google.com\/url?rct=j&amp;sa=t&amp;url=https:\/\/www.aulamagna.com.es\/la-ual-prepara-un-mes-de-la-mujer-con-numerosas-actividades\/&amp;ct=ga&amp;cd=CAEYAioUMTE5MjY1ODEzMjIxNjYxMTY1MTMyGWMwMzcyZWJjMmZlYWRhNTk6ZXM6ZXM6RVM&amp;usg=AFQjCNExAqTKmvclfTGFxXybJ2nn6NwQBA\"><br \/>\nLa UAL prepara un &#8216;mes de la\u00a0mujer&#8217; con numerosas actividades<\/a>&#8211;\u00a0Aula Magna<\/p>\n<p><a href=\"https:\/\/cadenaser.com\/ser\/2021\/02\/05\/cultura\/1612514789_892097.html\">Mar\u00eda Jos\u00e9 Llergo, la promesa del flamenco que canta a los jornaleros<\/a>-cadenaser<\/p>\n<p><a href=\"https:\/\/tresculturas.us20.list-manage.com\/track\/click?u=88ab4487d9310b1e2169eb9ed&amp;id=32819279b2&amp;e=c07ac3b69f\">Biblioteca F\u00e1tima Mernissi<\/a>\u00a0de la Fundaci\u00f3n Tres Culturas\u00a0\u2013tresculturas.org<\/p>\n<p><a href=\"http:\/\/www.juntadeandalucia.es\/presidencia\/portavoz\/157940\/CulturayPatrimonioHistorico\/PatriciadelPozo\/Prorrogadeayudasabibliotecasysectoraudiovisual\/artesescenicasyflamenco\">Cultura prorroga las ayudas para las bibliotecas y a la producci\u00f3n audiovisual, artes esc\u00e9nicas y flamenco<\/a>\u00a0\u2013 Oficina del Portavoz<\/p>\n<p><a href=\"https:\/\/www.malagahoy.es\/ocio\/CAC-Malaga-propone-cultural-febrero_0_1544247753.html\">El CAC M\u00e1laga propone una oferta cultural online para el mes de febrero<\/a>-malagahoy<strong>\u00a0<\/strong><\/p>\n<p><strong>Deporte<\/strong><\/p>\n<p><a href=\"https:\/\/www.google.com\/url?rct=j&amp;sa=t&amp;url=https:\/\/www.diariosur.es\/deportes\/futbol\/cuenta-atras-copa-reina-futbol-malaga-20210204124933-nt.html&amp;ct=ga&amp;cd=CAEYHyoUMTAwMzE3NTYyMzQyOTE3MTQzNjIyGWMwMzcyZWJjMmZlYWRhNTk6ZXM6ZXM6RVM&amp;usg=AFQjCNFsZ7nCKKeu48xDppf9aklI_gkfRQ\">Cuenta atr\u00e1s para la Copa de la Reina de f\u00fatbol en La Rosaleda<\/a>&#8211; Sur Digital<\/p>\n<p><a href=\"https:\/\/www.laopiniondemalaga.es\/deportes\/2021\/02\/05\/iv-supercopa-andalucia-hockey-hierba-34115985.html\">La IV Supercopa de Andaluc\u00eda de hockey hierba se jugar\u00e1 en Benalm\u00e1dena\u2026\u00a0<\/a>-laopiniondemalaga<\/p>\n<p>[\/toggle]<\/p>\n<p>[toggle type=\u00bbfirst\u00bb title=\u00bbEstado\u00bb]<\/p>\n<p><strong>Institucional<\/strong><\/p>\n<p><a href=\"https:\/\/www.elmundo.es\/yodona\/mujeres-influyentes\/2021\/02\/05\/601d3f87fc6c83a94d8b45a9.html\">Meritxell Batet, presidenta del Congreso: \u00abDar marcha atr\u00e1s en igualdad es una amenaza real\u00bb<\/a>&#8211; El Mundo<\/p>\n<p><a href=\"https:\/\/elpais.com\/sociedad\/2021-02-04\/calvo-sobre-la-ley-trans-que-el-genero-se-elija-sin-mas-que-la-voluntad-pone-en-riesgo-los-criterios-de-identidad-del-resto.html\">Calvo critica que el proyecto de la \u2018ley trans\u2019 prevea que \u201cel g\u00e9nero se elija sin m\u00e1s que la voluntad\u201d<\/a>\u00a0\u2013El Pa\u00eds<\/p>\n<p><a href=\"https:\/\/www.msn.com\/es-es\/news\/espana\/calvo-acusa-al-independentismo-de-haber-descuidado-a-las-mujeres\/ar-BB1dq3MW\">Calvo acusa al independentismo de haber \u00abdescuidado\u00bb a las mujeres<\/a>&#8211;<a href=\"http:\/\/msn.com\/\">msn.com<\/a><\/p>\n<p><a href=\"https:\/\/www.bolsamania.com\/noticias\/economia\/economia--calvino-preve-una-deuda-publica-del-119-del-pib-y-espera-retomar-tan-pronto-como-sea-posible-su-reduccion--7804612.html\">Calvi\u00f1o prev\u00e9 una deuda p\u00fablica del 119% del PIB y espera retomar \u00abtan pronto como sea posible\u00bb su reducci\u00f3n<\/a>-bolsamania<\/p>\n<p><strong>Institucional-CCAA<\/strong><\/p>\n<p><a href=\"https:\/\/www.mujeremprendedora.net\/fademur-abre-participacion-taller-emprendimiento-rural-canarias\/\">FADEMUR abre a la participaci\u00f3n un taller para el emprendimiento rural en Canarias<\/a>\u00a0\u2013 Mujeremprendedora.net<\/p>\n<p><a href=\"https:\/\/www.google.com\/url?rct=j&amp;sa=t&amp;url=https:\/\/www.noticiasdegipuzkoa.eus\/actualidad\/sociedad\/2021\/02\/04\/guia-pionera-ayudara-municipios-reparar\/1086632.html&amp;ct=ga&amp;cd=CAEYDSoUMTAwMzE3NTYyMzQyOTE3MTQzNjIyGWMwMzcyZWJjMmZlYWRhNTk6ZXM6ZXM6RVM&amp;usg=AFQjCNG1OdbnmFeLkvbPTnMLBuR_yPJjrw\">Una gu\u00eda pionera ayudar\u00e1 a los municipios a reparar a las v\u00edctimas del maltrato<\/a>&#8211;\u00a0Noticias de Gipuzkoa<\/p>\n<p><a href=\"https:\/\/cadenaser.com\/emisora\/2021\/02\/05\/radio_palencia\/1612522575_658272.html\">Diputaci\u00f3n de Palencia colaborar\u00e1 en un un proyecto formativo sobre redes sociales dirigido a mujeres<\/a>-cadenaser<\/p>\n<p><a href=\"https:\/\/www.lanzadigital.com\/castilla-la-mancha\/la-campana-sin-un-si-es-no-de-la-junta-llego-en-2020-a-533-jovenes-y-83-profesionales-de-la-region\/\">La campa\u00f1a &#8216;\u00a1Sin un S\u00ed, es No!&#8217; de la Junta lleg\u00f3 en 2020 a 533 j\u00f3venes y 83 profesionales de la regi\u00f3n<\/a>-lanzadigital<\/p>\n<p><a href=\"https:\/\/www.eleconomista.es\/canarias\/noticias\/11033966\/02\/21\/La-mujer-de-Canarias-que-mejor-manejaba-los-negocios-en-1551.html\">La mujer de Canarias que mejor manejaba los negocios en 1551<\/a>-Eleconomista<\/p>\n<p><strong>Econom\u00eda y Empresas<\/strong><\/p>\n<p><a href=\"https:\/\/www.google.com\/url?rct=j&amp;sa=t&amp;url=https:\/\/www.businessinsider.es\/autonomos-empleo-pandemia-mujeres-menores-30-anos-afectadas-805111&amp;ct=ga&amp;cd=CAEYACoTNzA4NTUyNjk4NDIxODk2NDQ5MDIZYzAzNzJlYmMyZmVhZGE1OTplczplczpFUw&amp;usg=AFQjCNFxxGZhhZEpR98wf3Sn4Y_eSPYShw\">Mujer, aut\u00f3noma y menor de 30 a\u00f1os: el coronavirus se ceba con el empleo m\u00e1s fr\u00e1gil<\/a>&#8211;\u00a0Business Insider Espa\u00f1a<a href=\"https:\/\/www.google.com\/url?rct=j&amp;sa=t&amp;url=https:\/\/www.eleconomista.es\/ecoaula\/noticias\/11026515\/02\/21\/Feminizacion-no-es-sinonimo-de-igualdad-ellas-solo-ocupan-el-20-de-los-altos-cargos-en-sanidad.html&amp;ct=ga&amp;cd=CAEYByoUMTAwMzE3NTYyMzQyOTE3MTQzNjIyGWMwMzcyZWJjMmZlYWRhNTk6ZXM6ZXM6RVM&amp;usg=AFQjCNFf1hj4XVRxEK-A3zrTibFgF7XYGA\"><br \/>\nFeminizaci\u00f3n no es sin\u00f3nimo de igualdad: ellas solo ocupan el 20% de los altos cargos en sanidad<\/a>&#8211;\u00a0elEconomista.es<\/p>\n<p><a href=\"https:\/\/www.mujeremprendedora.net\/siemens-gamesa-lanza-plan-accion-sobre-diversidad-inclusion\/\">Siemens Gamesa lanza un plan de acci\u00f3n sobre diversidad e inclusi\u00f3n<\/a>&#8211; Mujeremprendedora.net<a href=\"https:\/\/www.google.com\/url?rct=j&amp;sa=t&amp;url=https:\/\/nuevecuatrouno.com\/2021\/02\/04\/rioja-logrono-mujer-conferencia-femenino-liderazgo\/&amp;ct=ga&amp;cd=CAEYHioUMTAwMzE3NTYyMzQyOTE3MTQzNjIyGWMwMzcyZWJjMmZlYWRhNTk6ZXM6ZXM6RVM&amp;usg=AFQjCNFtG3_FVNAYOd-GBwrzP9KMlm7UZw\"><br \/>\nIbercaja programa este jueves la videoconferencia &#8216;Liderazgo femenino&#8217;<\/a>&#8211; NueveCuatroUno<\/p>\n<p><strong>Actualidad<\/strong><\/p>\n<p><a href=\"https:\/\/www.google.com\/url?rct=j&amp;sa=t&amp;url=https:\/\/elpais.com\/sociedad\/2021-02-04\/el-mural-feminista-se-multiplica.html&amp;ct=ga&amp;cd=CAEYCioUMTAwMzE3NTYyMzQyOTE3MTQzNjIyGWMwMzcyZWJjMmZlYWRhNTk6ZXM6ZXM6RVM&amp;usg=AFQjCNF0oOrWWtr_ebNTBUItuy9s8BcpbA\">El mural feminista se multiplica<\/a>&#8211; El Pa\u00eds<\/p>\n<p><a href=\"https:\/\/www.google.com\/url?rct=j&amp;sa=t&amp;url=https:\/\/www.consalud.es\/estetic\/bienestar\/alopecia-mujeres-momentos-clave-perdida-cabello_90975_102.html&amp;ct=ga&amp;cd=CAEYGSoUMTAwMzE3NTYyMzQyOTE3MTQzNjIyGWMwMzcyZWJjMmZlYWRhNTk6ZXM6ZXM6RVM&amp;usg=AFQjCNHcQQY2ZmuXMGr12oUKN2K2Lmru_A\">Alopecia en las\u00a0mujeres: momentos clave en la p\u00e9rdida del cabello<\/a>&#8211;\u00a0ConSalud<\/p>\n<p><a href=\"https:\/\/amecopress.net\/El-virus-de-la-desigualdad-Las-mujeres-entre-las-mas-perjudicadas-por-el-Covid-19\">\u00abEl virus de la desigualdad\u00bb: Las mujeres entre las m\u00e1s perjudicadas por el Covid-19<\/a>\u00a0\u2013amecopress.net<\/p>\n<p><a href=\"https:\/\/www.google.com\/url?rct=j&amp;sa=t&amp;url=https:\/\/www.eldiario.es\/sociedad\/ultima-hora-coronavirus-actualidad-politica-3-de-febrero_6_7189018_1062032.html&amp;ct=ga&amp;cd=CAEYBSoUMTYwNTA0MTI2NDUxOTMxNzYzMjgyGWMwMzcyZWJjMmZlYWRhNTk6ZXM6ZXM6RVM&amp;usg=AFQjCNFpe0OAyCAUAueYzFm0Onx42uqYLg\">Espa\u00f1a supera los 60.000 fallecidos en la pandemia tras registrar 565 muertos desde ayer y suma &#8230;<\/a>&#8211;\u00a0eldiario.es<\/p>\n<p><strong>Violencias<\/strong><\/p>\n<p><a href=\"https:\/\/www.google.com\/url?rct=j&amp;sa=t&amp;url=https:\/\/www.levante-emv.com\/comunitat-valenciana\/2021\/02\/03\/hubiera-consumidores-habria-prostitucion-33927657.html&amp;ct=ga&amp;cd=CAEYACoUMTIyNDI0MzQ2OTkwMjY5MjIyMDMyGWMwMzcyZWJjMmZlYWRhNTk6ZXM6ZXM6RVM&amp;usg=AFQjCNH1KpSOIYMjN4Id1KGTuZuE5YMTXA\">\u00abSi no hubiera consumidores, no habr\u00eda prostituci\u00f3n\u00bb<\/a>&#8211;\u00a0Levante-EMV<\/p>\n<p><a href=\"https:\/\/www.google.com\/url?rct=j&amp;sa=t&amp;url=https:\/\/www.clarin.com\/agencias\/efe-liberadas-espana-mujeres-brasilenas-explotadas-sexualmente_0_VaLuJkl82.html&amp;ct=ga&amp;cd=CAEYASoUMTIyNDI0MzQ2OTkwMjY5MjIyMDMyGWMwMzcyZWJjMmZlYWRhNTk6ZXM6ZXM6RVM&amp;usg=AFQjCNFuKqEV6mo3qes9wBQTolOr4_kvaQ\">Liberadas en Espa\u00f1a nueve\u00a0mujeres\u00a0brasile\u00f1as que eran explotadas sexualmente<\/a>&#8211;\u00a0Clar\u00edn.com<\/p>\n<p><a href=\"https:\/\/www.google.com\/url?rct=j&amp;sa=t&amp;url=https:\/\/www.lavanguardia.com\/local\/paisvasco\/20210204\/6222680\/psicologos-upv-ehu-analizan-nuevas-perspectivas-sobre-abuso-sexual-infantil-incluyen-terapia-abusadores.html&amp;ct=ga&amp;cd=CAEYACoTOTc3MTkyMjMyMDE4NTkzODUyOTIZZTFlNzdkMTU2MDk4YThlMzplczplczpFUw&amp;usg=AFQjCNFb865kEnCXOAI1Pk8Lxr1NapeT4w\">Psic\u00f3logos de UPV\/EHU analizan\u00a0nuevas\u00a0perspectivas sobre el abuso sexual infantil que incluyen &#8230;<\/a>&#8211;\u00a0La Vanguardia<\/p>\n<p><a href=\"https:\/\/www.google.com\/url?rct=j&amp;sa=t&amp;url=https:\/\/www.eldiario.es\/castilla-la-mancha\/yo-pongo-el-limite\/tres-miradas-prevencion-mutilacion-genital-femenina-violencia-genero-cercana-creemos_132_7193695.html&amp;ct=ga&amp;cd=CAEYFioUMTAwMzE3NTYyMzQyOTE3MTQzNjIyGWMwMzcyZWJjMmZlYWRhNTk6ZXM6ZXM6RVM&amp;usg=AFQjCNHUD89qka9Cgzmaxy6UbDMNXK1pIA\">Tres miradas para la prevenci\u00f3n de la mutilaci\u00f3n genital femenina, una violencia de g\u00e9nero m\u00e1s &#8230;<\/a>&#8211;\u00a0<a href=\"http:\/\/eldiario.es\/\">eldiario.es<\/a><\/p>\n<p><a href=\"https:\/\/www.eldiario.es\/cultura\/universidad-francisco-vitoria-suspende-profesor-cine-ferrandez_1_7190223.html\">La Universidad Francisco de Vitoria suspende temporalmente como profesor al cineasta se\u00f1alado por varias alumnas<\/a>-eldiario.es<\/p>\n<p><strong>Ciencia y Cultura<\/strong><\/p>\n<p><a href=\"https:\/\/www.google.com\/url?rct=j&amp;sa=t&amp;url=https:\/\/www.lamoncloa.gob.es\/serviciosdeprensa\/notasprensa\/ciencia-e-innovacion\/paginas\/2021\/040221-mujer_y_ciencia.aspx&amp;ct=ga&amp;cd=CAEYASoUMTAwMzE3NTYyMzQyOTE3MTQzNjIyGWMwMzcyZWJjMmZlYWRhNTk6ZXM6ZXM6RVM&amp;usg=AFQjCNHLAWn44odPad3yMIHG7svx-IjOKA\">Ciencia e Innovaci\u00f3n celebra el \u00abD\u00eda Internacional de la\u00a0Mujer\u00a0y la Ni\u00f1a en la Ciencia\u00bb con &#8230;<\/a>&#8211;\u00a0<a href=\"http:\/\/lamoncloa.gob.es\/\">lamoncloa.gob.es<\/a><\/p>\n<p><a href=\"https:\/\/www.google.com\/url?rct=j&amp;sa=t&amp;url=https:\/\/www.entrepreneur.com\/article\/364777&amp;ct=ga&amp;cd=CAEYCCoUMTAwMzE3NTYyMzQyOTE3MTQzNjIyGWMwMzcyZWJjMmZlYWRhNTk6ZXM6ZXM6RVM&amp;usg=AFQjCNGoJ6gO3AdWPaFrSTrsiqQDrXxW7Q\">La UNAM y Epic Queen celebran el primer Festival Chicas en Ciencia y Tecnolog\u00eda para combatir &#8230;<\/a>&#8211;\u00a0Entrepreneur<\/p>\n<p><a href=\"https:\/\/www.idealista.com\/news\/deco\/consejos\/2021\/02\/05\/788963-dos-iniciativas-espanolas-para-alquilar-y-comprar-obras-de-arte-contemporaneo\">Dos iniciativas de mujeres espa\u00f1olas para alquilar y comprar arte contempor\u00e1neo<\/a>-idealista<\/p>\n<p><a href=\"https:\/\/www.cope.es\/actualidad\/cultura\/noticias\/asociacion-mujeres-cineastas-ofrece-apoyo-victimas-acoso-cine-20210205_1125336\">Asociaci\u00f3n de Mujeres Cineastas ofrece apoyo a v\u00edctimas de acoso en el cine<\/a>-cope<\/p>\n<p><a href=\"https:\/\/www.noticiasdenavarra.com\/cultura\/2021\/02\/04\/mujeres-retrato-sorolla\/1117389.html\">Las mujeres que retrat\u00f3 Sorolla<\/a>-noticiasdenavarra<\/p>\n<p><a href=\"https:\/\/www.vogue.es\/living\/articulos\/carlota-guerrero-mnac-mujeres-negras\">Las mujeres negras de Carlota Guerrero se adue\u00f1an del Museo Nacional de Catalu\u00f1a<\/a>-Vogue<\/p>\n<p><strong>Deporte<\/strong><\/p>\n<p><a href=\"https:\/\/elpais.com\/deportes\/2021-02-04\/la-peor-cara-del-deporte.html\">Los<\/a><a href=\"https:\/\/elpais.com\/deportes\/2021-02-04\/la-peor-cara-del-deporte.html\"> abusos<\/a><a href=\"https:\/\/elpais.com\/deportes\/2021-02-04\/la-peor-cara-del-deporte.html\">, la peor cara del deporte<\/a>\u00a0\u2013 El Pa\u00eds<\/p>\n<p>[\/toggle]<\/p>\n<p>[toggle type=\u00bbfirst\u00bb title=\u00bbInternacional\u00bb]<\/p>\n<p><a href=\"https:\/\/amecopress.net\/El-Parlamento-Europeo-aprueba-dos-medidas-sobre-la-perspectiva-de-genero\">El Parlamento Europeo aprueba dos medidas sobre la perspectiva de g\u00e9nero\u2026<\/a>amecopress.net<\/p>\n<p><a href=\"https:\/\/www.abc.es\/familia\/mujeres\/abci-mujeres-tardan-hasta-cinco-anos-mas-hombres-directoras-ejecutivas-202102050048_noticia.html\">Las mujeres tardan hasta cinco a\u00f1os m\u00e1s que los hombres en ser directoras ejecutivas<\/a>-abc.es<\/p>\n<p><a href=\"https:\/\/www.mujeremprendedora.net\/sonia-gardner-empresaria-busca-sacar-pobreza-mujeres-ayuda-onu\/\">Sonia Gardner: La empresaria que busca sacar de la pobreza a mujeres con ayuda de la ONU<\/a>\u00a0\u2013 Mujeremprendedora.net<a href=\"https:\/\/www.google.com\/url?rct=j&amp;sa=t&amp;url=https:\/\/www.clarin.com\/agencias\/efe-mujeres-papel-importante-grupos-extremistas-informe_0_gs285Gf8l.html&amp;ct=ga&amp;cd=CAEYACoTMTYyMTYyMTcwMjA2MTEyOTcwMjIZYzAzNzJlYmMyZmVhZGE1OTplczplczpFUw&amp;usg=AFQjCNE5-Ai9HlZOKMsB34ITdYrq4k-Y6Q\"><br \/>\nLas\u00a0mujeres\u00a0tienen un papel importante en grupos extremistas, seg\u00fan informe<\/a>&#8211;\u00a0Clar\u00edn.com<\/p>\n<p><a href=\"https:\/\/www.google.com\/url?rct=j&amp;sa=t&amp;url=https:\/\/www.publico.es\/sociedad\/mujer\/drama-cien-chilenas-embarazadas-negligencia-e-impedidas-abortar.html&amp;ct=ga&amp;cd=CAEYFyoUMTAwMzE3NTYyMzQyOTE3MTQzNjIyGWMwMzcyZWJjMmZlYWRhNTk6ZXM6ZXM6RVM&amp;usg=AFQjCNHq92NiF7rSmwdz7T2JTQbSTaLkng\">El drama de cien chilenas, embarazadas por negligencia y se les impide abortar<\/a>&#8211; P\u00fablico<a href=\"https:\/\/www.google.com\/url?rct=j&amp;sa=t&amp;url=https:\/\/www.elmundo.es\/deportes\/juegos-olimpicos\/2021\/02\/04\/601becbdfdddff549b8b45ed.html&amp;ct=ga&amp;cd=CAEYACoUMTc5ODkxMzQ4MTk0NjU0NjQwNzgyGTFkYzViZWNjNzA2ZWNmOGI6ZXM6ZXM6RVM&amp;usg=AFQjCNE6GfDiZQDTGJrZ7DLBEjJa8Cvu7g\"><br \/>\nEl presidente de los\u00a0Juegos\u00a0de Tokio pide perd\u00f3n, pero rechaza dimitir por sus comentarios\u00a0sexistas<\/a>&#8211;\u00a0El Mundo<\/p>\n<p><a href=\"https:\/\/www.google.com\/url?rct=j&amp;sa=t&amp;url=https:\/\/www.eltiempo.com\/vida\/mujeres\/convocatoria-de-innovacion-para-promover-violencia-cero-contra-mujeres-564755&amp;ct=ga&amp;cd=CAEYAioTOTAyMjc2NjY1NDgyMjQ3NDg4ODIZYzAzNzJlYmMyZmVhZGE1OTplczplczpFUw&amp;usg=AFQjCNHWSu6F7YLhwaaYmsfVcG-6cky36A\">Convocatoria de innovaci\u00f3n para promover Violencia Cero contra\u00a0mujeres<\/a>&#8211;\u00a0ElTiempo.com<\/p>\n<p><a href=\"https:\/\/www.eldiario.es\/cultura\/musica\/no-suicido-amor-tristeza-politica-mato-violeta-parra_1_7191232.html\">\u00abYo no me suicido por amor\u00bb: la tristeza pol\u00edtica que mat\u00f3 a Violeta Parra<\/a>-eldiario.es<\/p>\n<p>[\/toggle]<\/p>\n<\/div>\n<\/div>\n<\/div>\n<\/div>\n<\/div>\n<\/div>\n","protected":false},"excerpt":{"rendered":"<p>PE aprueba dos medidas sobre perspectiva de g\u00e9nero-Mujer, aut\u00f3noma y <a href=\"https:\/\/cklcomunicaciones.es\/coop\/noticias-info-ckl-no-2-544-05-02-21\/\">[&#8230;]<\/a><\/p>\n","protected":false},"author":3,"featured_media":0,"comment_status":"closed","ping_status":"closed","sticky":false,"template":"","format":"standard","meta":{"footnotes":""},"categories":[298,623],"tags":[237,241],"class_list":["post-15220","post","type-post","status-publish","format-standard","hentry","category-newsletter","category-nwl-2-0","tag-covid19","tag-parlamento-europeo"],"yoast_head":"<!-- This site is optimized with the Yoast SEO plugin v27.5 - https:\/\/yoast.com\/product\/yoast-seo-wordpress\/ -->\n<title>Noticias Info CKL n\u00ba 2.544-05\/02\/21-Comunicar con perspectiva de g\u00e9nero<\/title>\n<meta name=\"description\" content=\"Comunicar con perspectiva de g\u00e9nero: PE aprueba dos medidas sobre perspectiva de g\u00e9nero-Mujer, aut\u00f3noma y &lt; de 30 a\u00f1os: la COVID19 se ceba con el empleo + fr\u00e1gil\" \/>\n<meta name=\"robots\" content=\"index, follow, max-snippet:-1, max-image-preview:large, max-video-preview:-1\" \/>\n<link rel=\"canonical\" href=\"https:\/\/cklcomunicaciones.es\/coop\/noticias-info-ckl-no-2-544-05-02-21\/\" \/>\n<meta property=\"og:locale\" content=\"es_ES\" \/>\n<meta property=\"og:type\" content=\"article\" \/>\n<meta property=\"og:title\" content=\"Noticias Info CKL n\u00ba 2.544-05\/02\/21-Comunicar con perspectiva de g\u00e9nero\" \/>\n<meta property=\"og:description\" content=\"Comunicar con perspectiva de g\u00e9nero: PE aprueba dos medidas sobre perspectiva de g\u00e9nero-Mujer, aut\u00f3noma y &lt; de 30 a\u00f1os: la COVID19 se ceba con el empleo + fr\u00e1gil\" \/>\n<meta property=\"og:url\" content=\"https:\/\/cklcomunicaciones.es\/coop\/noticias-info-ckl-no-2-544-05-02-21\/\" \/>\n<meta property=\"og:site_name\" content=\"CKL Comunicaciones\" \/>\n<meta property=\"article:published_time\" content=\"2021-02-05T14:03:48+00:00\" \/>\n<meta property=\"article:modified_time\" content=\"2025-01-17T15:47:20+00:00\" \/>\n<meta property=\"og:image\" content=\"https:\/\/cklcomunicaciones.es\/coop\/wp-content\/uploads\/2018\/03\/CKL_comunicacion-con-perspetiva-de-genero.jpg\" \/>\n\t<meta property=\"og:image:width\" content=\"500\" \/>\n\t<meta property=\"og:image:height\" content=\"500\" \/>\n\t<meta property=\"og:image:type\" content=\"image\/jpeg\" \/>\n<meta name=\"author\" content=\"ckl\" \/>\n<meta name=\"twitter:card\" content=\"summary_large_image\" \/>\n<meta name=\"twitter:label1\" content=\"Escrito por\" \/>\n\t<meta name=\"twitter:data1\" content=\"ckl\" \/>\n\t<meta name=\"twitter:label2\" content=\"Tiempo de lectura\" \/>\n\t<meta name=\"twitter:data2\" content=\"6 minutos\" \/>\n<script type=\"application\/ld+json\" class=\"yoast-schema-graph\">{\"@context\":\"https:\\\/\\\/schema.org\",\"@graph\":[{\"@type\":\"Article\",\"@id\":\"https:\\\/\\\/cklcomunicaciones.es\\\/coop\\\/noticias-info-ckl-no-2-544-05-02-21\\\/#article\",\"isPartOf\":{\"@id\":\"https:\\\/\\\/cklcomunicaciones.es\\\/coop\\\/noticias-info-ckl-no-2-544-05-02-21\\\/\"},\"author\":{\"name\":\"ckl\",\"@id\":\"https:\\\/\\\/cklcomunicaciones.es\\\/coop\\\/#\\\/schema\\\/person\\\/929a6837f7626450bbb50cee1aef266e\"},\"headline\":\"Noticias Info CKL n\u00ba 2.544-05\\\/02\\\/21\",\"datePublished\":\"2021-02-05T14:03:48+00:00\",\"dateModified\":\"2025-01-17T15:47:20+00:00\",\"mainEntityOfPage\":{\"@id\":\"https:\\\/\\\/cklcomunicaciones.es\\\/coop\\\/noticias-info-ckl-no-2-544-05-02-21\\\/\"},\"wordCount\":1275,\"image\":{\"@id\":\"https:\\\/\\\/cklcomunicaciones.es\\\/coop\\\/noticias-info-ckl-no-2-544-05-02-21\\\/#primaryimage\"},\"thumbnailUrl\":\"http:\\\/\\\/www.cklcomunicaciones.es\\\/wp-content\\\/uploads\\\/2018\\\/03\\\/CKL_comunicacion-con-perspetiva-de-genero-300x300.jpg\",\"keywords\":[\"COVID19\",\"Parlamento Europeo\"],\"articleSection\":[\"Newsletter\",\"Nwl v2.0\"],\"inLanguage\":\"es\"},{\"@type\":\"WebPage\",\"@id\":\"https:\\\/\\\/cklcomunicaciones.es\\\/coop\\\/noticias-info-ckl-no-2-544-05-02-21\\\/\",\"url\":\"https:\\\/\\\/cklcomunicaciones.es\\\/coop\\\/noticias-info-ckl-no-2-544-05-02-21\\\/\",\"name\":\"Noticias Info CKL n\u00ba 2.544-05\\\/02\\\/21-Comunicar con perspectiva de g\u00e9nero\",\"isPartOf\":{\"@id\":\"https:\\\/\\\/cklcomunicaciones.es\\\/coop\\\/#website\"},\"primaryImageOfPage\":{\"@id\":\"https:\\\/\\\/cklcomunicaciones.es\\\/coop\\\/noticias-info-ckl-no-2-544-05-02-21\\\/#primaryimage\"},\"image\":{\"@id\":\"https:\\\/\\\/cklcomunicaciones.es\\\/coop\\\/noticias-info-ckl-no-2-544-05-02-21\\\/#primaryimage\"},\"thumbnailUrl\":\"http:\\\/\\\/www.cklcomunicaciones.es\\\/wp-content\\\/uploads\\\/2018\\\/03\\\/CKL_comunicacion-con-perspetiva-de-genero-300x300.jpg\",\"datePublished\":\"2021-02-05T14:03:48+00:00\",\"dateModified\":\"2025-01-17T15:47:20+00:00\",\"author\":{\"@id\":\"https:\\\/\\\/cklcomunicaciones.es\\\/coop\\\/#\\\/schema\\\/person\\\/929a6837f7626450bbb50cee1aef266e\"},\"description\":\"Comunicar con perspectiva de g\u00e9nero: PE aprueba dos medidas sobre perspectiva de g\u00e9nero-Mujer, aut\u00f3noma y &lt; de 30 a\u00f1os: la COVID19 se ceba con el empleo + fr\u00e1gil\",\"breadcrumb\":{\"@id\":\"https:\\\/\\\/cklcomunicaciones.es\\\/coop\\\/noticias-info-ckl-no-2-544-05-02-21\\\/#breadcrumb\"},\"inLanguage\":\"es\",\"potentialAction\":[{\"@type\":\"ReadAction\",\"target\":[\"https:\\\/\\\/cklcomunicaciones.es\\\/coop\\\/noticias-info-ckl-no-2-544-05-02-21\\\/\"]}]},{\"@type\":\"ImageObject\",\"inLanguage\":\"es\",\"@id\":\"https:\\\/\\\/cklcomunicaciones.es\\\/coop\\\/noticias-info-ckl-no-2-544-05-02-21\\\/#primaryimage\",\"url\":\"http:\\\/\\\/www.cklcomunicaciones.es\\\/wp-content\\\/uploads\\\/2018\\\/03\\\/CKL_comunicacion-con-perspetiva-de-genero-300x300.jpg\",\"contentUrl\":\"http:\\\/\\\/www.cklcomunicaciones.es\\\/wp-content\\\/uploads\\\/2018\\\/03\\\/CKL_comunicacion-con-perspetiva-de-genero-300x300.jpg\"},{\"@type\":\"BreadcrumbList\",\"@id\":\"https:\\\/\\\/cklcomunicaciones.es\\\/coop\\\/noticias-info-ckl-no-2-544-05-02-21\\\/#breadcrumb\",\"itemListElement\":[{\"@type\":\"ListItem\",\"position\":1,\"name\":\"Portada\",\"item\":\"https:\\\/\\\/cklcomunicaciones.es\\\/coop\\\/\"},{\"@type\":\"ListItem\",\"position\":2,\"name\":\"Noticias Info CKL n\u00ba 2.544-05\\\/02\\\/21\"}]},{\"@type\":\"WebSite\",\"@id\":\"https:\\\/\\\/cklcomunicaciones.es\\\/coop\\\/#website\",\"url\":\"https:\\\/\\\/cklcomunicaciones.es\\\/coop\\\/\",\"name\":\"CKL Comunicaciones\",\"description\":\"Sitio web de CKL Comunicaciones coop , la consultora de comunicaci\u00f3n y estrategia\",\"potentialAction\":[{\"@type\":\"SearchAction\",\"target\":{\"@type\":\"EntryPoint\",\"urlTemplate\":\"https:\\\/\\\/cklcomunicaciones.es\\\/coop\\\/?s={search_term_string}\"},\"query-input\":{\"@type\":\"PropertyValueSpecification\",\"valueRequired\":true,\"valueName\":\"search_term_string\"}}],\"inLanguage\":\"es\"},{\"@type\":\"Person\",\"@id\":\"https:\\\/\\\/cklcomunicaciones.es\\\/coop\\\/#\\\/schema\\\/person\\\/929a6837f7626450bbb50cee1aef266e\",\"name\":\"ckl\",\"image\":{\"@type\":\"ImageObject\",\"inLanguage\":\"es\",\"@id\":\"https:\\\/\\\/secure.gravatar.com\\\/avatar\\\/c82db564e8a669bf6023357a157b9dc4780f4d4c618f2ad1d71a6a5dede45057?s=96&d=mm&r=g\",\"url\":\"https:\\\/\\\/secure.gravatar.com\\\/avatar\\\/c82db564e8a669bf6023357a157b9dc4780f4d4c618f2ad1d71a6a5dede45057?s=96&d=mm&r=g\",\"contentUrl\":\"https:\\\/\\\/secure.gravatar.com\\\/avatar\\\/c82db564e8a669bf6023357a157b9dc4780f4d4c618f2ad1d71a6a5dede45057?s=96&d=mm&r=g\",\"caption\":\"ckl\"},\"url\":\"https:\\\/\\\/cklcomunicaciones.es\\\/coop\\\/author\\\/cklcomunicaciones\\\/\"}]}<\/script>\n<!-- \/ Yoast SEO plugin. -->","yoast_head_json":{"title":"Noticias Info CKL n\u00ba 2.544-05\/02\/21-Comunicar con perspectiva de g\u00e9nero","description":"Comunicar con perspectiva de g\u00e9nero: PE aprueba dos medidas sobre perspectiva de g\u00e9nero-Mujer, aut\u00f3noma y &lt; de 30 a\u00f1os: la COVID19 se ceba con el empleo + fr\u00e1gil","robots":{"index":"index","follow":"follow","max-snippet":"max-snippet:-1","max-image-preview":"max-image-preview:large","max-video-preview":"max-video-preview:-1"},"canonical":"https:\/\/cklcomunicaciones.es\/coop\/noticias-info-ckl-no-2-544-05-02-21\/","og_locale":"es_ES","og_type":"article","og_title":"Noticias Info CKL n\u00ba 2.544-05\/02\/21-Comunicar con perspectiva de g\u00e9nero","og_description":"Comunicar con perspectiva de g\u00e9nero: PE aprueba dos medidas sobre perspectiva de g\u00e9nero-Mujer, aut\u00f3noma y &lt; de 30 a\u00f1os: la COVID19 se ceba con el empleo + fr\u00e1gil","og_url":"https:\/\/cklcomunicaciones.es\/coop\/noticias-info-ckl-no-2-544-05-02-21\/","og_site_name":"CKL Comunicaciones","article_published_time":"2021-02-05T14:03:48+00:00","article_modified_time":"2025-01-17T15:47:20+00:00","og_image":[{"width":500,"height":500,"url":"https:\/\/cklcomunicaciones.es\/coop\/wp-content\/uploads\/2018\/03\/CKL_comunicacion-con-perspetiva-de-genero.jpg","type":"image\/jpeg"}],"author":"ckl","twitter_card":"summary_large_image","twitter_misc":{"Escrito por":"ckl","Tiempo de lectura":"6 minutos"},"schema":{"@context":"https:\/\/schema.org","@graph":[{"@type":"Article","@id":"https:\/\/cklcomunicaciones.es\/coop\/noticias-info-ckl-no-2-544-05-02-21\/#article","isPartOf":{"@id":"https:\/\/cklcomunicaciones.es\/coop\/noticias-info-ckl-no-2-544-05-02-21\/"},"author":{"name":"ckl","@id":"https:\/\/cklcomunicaciones.es\/coop\/#\/schema\/person\/929a6837f7626450bbb50cee1aef266e"},"headline":"Noticias Info CKL n\u00ba 2.544-05\/02\/21","datePublished":"2021-02-05T14:03:48+00:00","dateModified":"2025-01-17T15:47:20+00:00","mainEntityOfPage":{"@id":"https:\/\/cklcomunicaciones.es\/coop\/noticias-info-ckl-no-2-544-05-02-21\/"},"wordCount":1275,"image":{"@id":"https:\/\/cklcomunicaciones.es\/coop\/noticias-info-ckl-no-2-544-05-02-21\/#primaryimage"},"thumbnailUrl":"http:\/\/www.cklcomunicaciones.es\/wp-content\/uploads\/2018\/03\/CKL_comunicacion-con-perspetiva-de-genero-300x300.jpg","keywords":["COVID19","Parlamento Europeo"],"articleSection":["Newsletter","Nwl v2.0"],"inLanguage":"es"},{"@type":"WebPage","@id":"https:\/\/cklcomunicaciones.es\/coop\/noticias-info-ckl-no-2-544-05-02-21\/","url":"https:\/\/cklcomunicaciones.es\/coop\/noticias-info-ckl-no-2-544-05-02-21\/","name":"Noticias Info CKL n\u00ba 2.544-05\/02\/21-Comunicar con perspectiva de g\u00e9nero","isPartOf":{"@id":"https:\/\/cklcomunicaciones.es\/coop\/#website"},"primaryImageOfPage":{"@id":"https:\/\/cklcomunicaciones.es\/coop\/noticias-info-ckl-no-2-544-05-02-21\/#primaryimage"},"image":{"@id":"https:\/\/cklcomunicaciones.es\/coop\/noticias-info-ckl-no-2-544-05-02-21\/#primaryimage"},"thumbnailUrl":"http:\/\/www.cklcomunicaciones.es\/wp-content\/uploads\/2018\/03\/CKL_comunicacion-con-perspetiva-de-genero-300x300.jpg","datePublished":"2021-02-05T14:03:48+00:00","dateModified":"2025-01-17T15:47:20+00:00","author":{"@id":"https:\/\/cklcomunicaciones.es\/coop\/#\/schema\/person\/929a6837f7626450bbb50cee1aef266e"},"description":"Comunicar con perspectiva de g\u00e9nero: PE aprueba dos medidas sobre perspectiva de g\u00e9nero-Mujer, aut\u00f3noma y &lt; de 30 a\u00f1os: la COVID19 se ceba con el empleo + fr\u00e1gil","breadcrumb":{"@id":"https:\/\/cklcomunicaciones.es\/coop\/noticias-info-ckl-no-2-544-05-02-21\/#breadcrumb"},"inLanguage":"es","potentialAction":[{"@type":"ReadAction","target":["https:\/\/cklcomunicaciones.es\/coop\/noticias-info-ckl-no-2-544-05-02-21\/"]}]},{"@type":"ImageObject","inLanguage":"es","@id":"https:\/\/cklcomunicaciones.es\/coop\/noticias-info-ckl-no-2-544-05-02-21\/#primaryimage","url":"http:\/\/www.cklcomunicaciones.es\/wp-content\/uploads\/2018\/03\/CKL_comunicacion-con-perspetiva-de-genero-300x300.jpg","contentUrl":"http:\/\/www.cklcomunicaciones.es\/wp-content\/uploads\/2018\/03\/CKL_comunicacion-con-perspetiva-de-genero-300x300.jpg"},{"@type":"BreadcrumbList","@id":"https:\/\/cklcomunicaciones.es\/coop\/noticias-info-ckl-no-2-544-05-02-21\/#breadcrumb","itemListElement":[{"@type":"ListItem","position":1,"name":"Portada","item":"https:\/\/cklcomunicaciones.es\/coop\/"},{"@type":"ListItem","position":2,"name":"Noticias Info CKL n\u00ba 2.544-05\/02\/21"}]},{"@type":"WebSite","@id":"https:\/\/cklcomunicaciones.es\/coop\/#website","url":"https:\/\/cklcomunicaciones.es\/coop\/","name":"CKL Comunicaciones","description":"Sitio web de CKL Comunicaciones coop , la consultora de comunicaci\u00f3n y estrategia","potentialAction":[{"@type":"SearchAction","target":{"@type":"EntryPoint","urlTemplate":"https:\/\/cklcomunicaciones.es\/coop\/?s={search_term_string}"},"query-input":{"@type":"PropertyValueSpecification","valueRequired":true,"valueName":"search_term_string"}}],"inLanguage":"es"},{"@type":"Person","@id":"https:\/\/cklcomunicaciones.es\/coop\/#\/schema\/person\/929a6837f7626450bbb50cee1aef266e","name":"ckl","image":{"@type":"ImageObject","inLanguage":"es","@id":"https:\/\/secure.gravatar.com\/avatar\/c82db564e8a669bf6023357a157b9dc4780f4d4c618f2ad1d71a6a5dede45057?s=96&d=mm&r=g","url":"https:\/\/secure.gravatar.com\/avatar\/c82db564e8a669bf6023357a157b9dc4780f4d4c618f2ad1d71a6a5dede45057?s=96&d=mm&r=g","contentUrl":"https:\/\/secure.gravatar.com\/avatar\/c82db564e8a669bf6023357a157b9dc4780f4d4c618f2ad1d71a6a5dede45057?s=96&d=mm&r=g","caption":"ckl"},"url":"https:\/\/cklcomunicaciones.es\/coop\/author\/cklcomunicaciones\/"}]}},"_links":{"self":[{"href":"https:\/\/cklcomunicaciones.es\/coop\/wp-json\/wp\/v2\/posts\/15220","targetHints":{"allow":["GET"]}}],"collection":[{"href":"https:\/\/cklcomunicaciones.es\/coop\/wp-json\/wp\/v2\/posts"}],"about":[{"href":"https:\/\/cklcomunicaciones.es\/coop\/wp-json\/wp\/v2\/types\/post"}],"author":[{"embeddable":true,"href":"https:\/\/cklcomunicaciones.es\/coop\/wp-json\/wp\/v2\/users\/3"}],"replies":[{"embeddable":true,"href":"https:\/\/cklcomunicaciones.es\/coop\/wp-json\/wp\/v2\/comments?post=15220"}],"version-history":[{"count":0,"href":"https:\/\/cklcomunicaciones.es\/coop\/wp-json\/wp\/v2\/posts\/15220\/revisions"}],"wp:attachment":[{"href":"https:\/\/cklcomunicaciones.es\/coop\/wp-json\/wp\/v2\/media?parent=15220"}],"wp:term":[{"taxonomy":"category","embeddable":true,"href":"https:\/\/cklcomunicaciones.es\/coop\/wp-json\/wp\/v2\/categories?post=15220"},{"taxonomy":"post_tag","embeddable":true,"href":"https:\/\/cklcomunicaciones.es\/coop\/wp-json\/wp\/v2\/tags?post=15220"}],"curies":[{"name":"wp","href":"https:\/\/api.w.org\/{rel}","templated":true}]}}