{"id":15217,"date":"2021-02-03T13:58:15","date_gmt":"2021-02-03T12:58:15","guid":{"rendered":"http:\/\/www.cklcomunicaciones.es\/?p=15217"},"modified":"2025-01-17T16:47:20","modified_gmt":"2025-01-17T15:47:20","slug":"noticias-info-ckl-no-2-543-03-02-21","status":"publish","type":"post","link":"https:\/\/cklcomunicaciones.es\/coop\/noticias-info-ckl-no-2-543-03-02-21\/","title":{"rendered":"Noticias Info CKL n\u00ba 2.543-03\/02\/21"},"content":{"rendered":"<div id=\"pl-15217\"  class=\"panel-layout\" >\n<div id=\"pg-15217-0\"  class=\"panel-grid panel-no-style\"  data-style=\"{&quot;background_image_attachment&quot;:false,&quot;background_display&quot;:&quot;tile&quot;,&quot;cell_alignment&quot;:&quot;flex-start&quot;}\" >\n<div id=\"pgc-15217-0-0\"  class=\"panel-grid-cell\"  data-weight=\"1\" >\n<div id=\"panel-15217-0-0-0\" class=\"so-panel widget widget_sow-editor panel-first-child panel-last-child\" data-index=\"0\" data-style=\"{&quot;background_image_attachment&quot;:false,&quot;background_display&quot;:&quot;tile&quot;}\" >\n<div class=\"so-widget-sow-editor so-widget-sow-editor-base\">\n<div class=\"siteorigin-widget-tinymce textwidget\">\n<p><img decoding=\"async\" class=\"lazyload  wp-image-13726\" src=\"http:\/\/www.cklcomunicaciones.es\/wp-content\/uploads\/2018\/03\/CKL_comunicacion-con-perspetiva-de-genero-300x300.jpg\" data-orig-src=\"http:\/\/www.cklcomunicaciones.es\/wp-content\/uploads\/2018\/03\/CKL_comunicacion-con-perspetiva-de-genero-300x300.jpg\" alt=\"CKL_comunicacion con perspetiva de genero\" width=\"132\" height=\"132\" srcset=\"data:image\/svg+xml,%3Csvg%20xmlns%3D%27http%3A%2F%2Fwww.w3.org%2F2000%2Fsvg%27%20width%3D%27132%27%20height%3D%27132%27%20viewBox%3D%270%200%20132%20132%27%3E%3Crect%20width%3D%27132%27%20height%3D%27132%27%20fill-opacity%3D%220%22%2F%3E%3C%2Fsvg%3E\" data-srcset=\"https:\/\/cklcomunicaciones.es\/coop\/wp-content\/uploads\/2018\/03\/CKL_comunicacion-con-perspetiva-de-genero-150x150.jpg 150w, https:\/\/cklcomunicaciones.es\/coop\/wp-content\/uploads\/2018\/03\/CKL_comunicacion-con-perspetiva-de-genero-300x300.jpg 300w, https:\/\/cklcomunicaciones.es\/coop\/wp-content\/uploads\/2018\/03\/CKL_comunicacion-con-perspetiva-de-genero-450x450.jpg 450w, https:\/\/cklcomunicaciones.es\/coop\/wp-content\/uploads\/2018\/03\/CKL_comunicacion-con-perspetiva-de-genero.jpg 500w\" data-sizes=\"auto\" data-orig-sizes=\"(max-width: 132px) 100vw, 132px\" \/><\/p>\n<p id=\":ih\" class=\"hP\" tabindex=\"-1\" data-thread-perm-id=\"thread-f:1690041202501495509\" data-legacy-thread-id=\"17743b84fae02ad5\"><strong>Las mujeres llegan al poder-La tasa de paro es mayor en las mujeres-Mujeres Avenir reclama Ley de Cuotas en Espa\u00f1a-RTVE apuesta por la paridad: dos mujeres al frente de &#8216;Documentos TV&#8217; y &#8216;Objetivo igualdad&#8217;<\/strong><\/p>\n<p>[toggle type=\u00bbfirst\u00bb title=\u00bbConvocatorias\u00bb]<\/p>\n<ul>\n<li>Ciclo\u00a0Debates de Vanguardia, Investigaci\u00f3n y Salud.\u00a0\u201cMujeres en ciencia, superando estereotipos y desigualdades\u201d. Debate on-line 11 de febrero a partir de las 19h. Inscripci\u00f3n:\u00a0<a href=\"https:\/\/cloud.news.lacaixa.org\/form01?idf=NL.INV.DONA&amp;lang=es\">Mujeres en Ciencia (lacaixa.org)<\/a><\/li>\n<li><a href=\"https:\/\/www.upo.es\/postgrado\/Titulo-de-Experto-Auditoria-Laboral-de-Legalidad-Salarios-y-Genero?opcion=5\">II Ed. T\u00edtulo de Expert<\/a><a href=\"https:\/\/www.upo.es\/postgrado\/Titulo-de-Experto-Auditoria-Laboral-de-Legalidad-Salarios-y-Genero?opcion=5\">a\/<\/a><a href=\"https:\/\/www.upo.es\/postgrado\/Titulo-de-Experto-Auditoria-Laboral-de-Legalidad-Salarios-y-Genero?opcion=5\">o en\u00a0<\/a><a href=\"https:\/\/www.upo.es\/postgrado\/Titulo-de-Experto-Auditoria-Laboral-de-Legalidad-Salarios-y-Genero?opcion=5\">&#8216;<\/a><a href=\"https:\/\/www.upo.es\/postgrado\/Titulo-de-Experto-Auditoria-Laboral-de-Legalidad-Salarios-y-Genero?opcion=5\">Auditor<\/a><a href=\"https:\/\/www.upo.es\/postgrado\/Titulo-de-Experto-Auditoria-Laboral-de-Legalidad-Salarios-y-Genero?opcion=5\">\u00ed<\/a><a href=\"https:\/\/www.upo.es\/postgrado\/Titulo-de-Experto-Auditoria-Laboral-de-Legalidad-Salarios-y-Genero?opcion=5\">a Laboral de Legalidad, Salarios y G<\/a><a href=\"https:\/\/www.upo.es\/postgrado\/Titulo-de-Experto-Auditoria-Laboral-de-Legalidad-Salarios-y-Genero?opcion=5\">\u00e9<\/a><a href=\"https:\/\/www.upo.es\/postgrado\/Titulo-de-Experto-Auditoria-Laboral-de-Legalidad-Salarios-y-Genero?opcion=5\">nero<\/a><a href=\"https:\/\/www.upo.es\/postgrado\/Titulo-de-Experto-Auditoria-Laboral-de-Legalidad-Salarios-y-Genero?opcion=5\">&#8216;<\/a>(15 ECTS).\u00a0Universidad Pablo de Olavide. Del 11 de\u00a0febrero\u00a0al\u00a016 de junio de 2021<\/li>\n<li><a href=\"http:\/\/www.juntadeandalucia.es\/iam\/catalogo\/doc\/convocatorias\/2021-genero\/EL-curso-mujer-dormida-uso-psicofarmacos.pdf\">Curso\u00a0&#8216;La Mujer Dormida: la feminizaci\u00f3n del consumo de psicof\u00e1rmacos&#8217;<\/a>.\u00a0Escuela de FormAcci\u00f3n de la Federaci\u00f3n Andaluza de Drogodependencia ENLACE. 8 cursos, uno por cada provincia andaluza, primer grupo comienzo el 10de marzo y \u00faltimo el 11 de mayo,\u00a0 20 h. de duraci\u00f3n cada curso.\u00a0<a href=\"https:\/\/docs.google.com\/forms\/d\/e\/1FAIpQLSdPbljKqZCQAuQ0el0ebCzWYOZf6JmwcfaSky913POPTmDKrw\/viewform\">Inscripci\u00f3n<\/a><\/li>\n<li>Cursos: &#8216;<a href=\"https:\/\/feminarian.es\/producto\/experta-en-coaching-sexual\/\">Experta en Coaching Sexual<\/a>&#8216;\u00a0(400 h.); &#8216;<a href=\"https:\/\/feminarian.es\/producto\/formadora-de-formadorases-en-igualdad-de-genero-4\/\">Formador\/a de Formadoras\/es en Igualdad de G\u00e9nero<\/a>&#8216;\u00a0(250 h.); &#8216;<a href=\"https:\/\/feminarian.es\/producto\/experta-en-intervencion-social-para-el-empoderamiento-de-mujeres\/\">Experta en Intervenci\u00f3n Social para el Empoderamiento de Mujeres<\/a>&#8216;\u00a0(200 h.); &#8216;<a href=\"https:\/\/feminarian.es\/producto\/terapeuta-menstrual-2\/\">Terapeuta Menstrual<\/a>&#8216;(400 h.). Feminarian. Inicio 11 de marzo<\/li>\n<li>V edici\u00f3n del curso online \u2018Educaci\u00f3n en Igualdad\u2019, con especial atenci\u00f3n a Internet y Redes Sociales. M\u00e1s informaci\u00f3n: \u00a0<a href=\"https:\/\/www.inmujer.gob.es\/actualidad\/noticias\/2021\/Febrero\/V_EducarenIgualdad.htm\">Instituto de la Mujer y para la Igualdad de Oportunidades &#8211; Noticias y novedades (inmujer.gob.es)<\/a><\/li>\n<\/ul>\n<p>[\/toggle]<\/p>\n<p>[toggle type=\u00bbfirst\u00bb title=\u00bbComunicaci\u00f3n\u00bb]<\/p>\n<p><a href=\"https:\/\/www.europapress.es\/nacional\/noticia-congreso-convoca-nueva-edicion-premio-josefina-carabias-periodismo-parlamentario-20210202173600.html\">El Congreso convoca una nueva edici\u00f3n del Premio Josefina Carabias de periodismo parlamentario<\/a>-EuropaPress<\/p>\n<p><a href=\"https:\/\/www.20minutos.es\/noticia\/4567150\/0\/rtve-apuesta-por-la-paridad-y-pone-a-dos-mujeres-al-frente-de-documentos-tv-y-objetivo-igualdad\/\">RTVE apuesta por la paridad y pone a dos mujeres al frente de &#8216;Documentos TV&#8217; y &#8216;Objetivo igualdad&#8217;<\/a>-20minutos.es<\/p>\n<p><a href=\"https:\/\/www.google.com\/url?rct=j&amp;sa=t&amp;url=https:\/\/www.elnacional.cat\/es\/sociedad\/70-publicidad-internet-juguetes-estereotipos-genero_578970_102.html&amp;ct=ga&amp;cd=CAEYACoTOTg5OTcyNDAyNzU0MzkxMTgwMzIZY2M3OTg0MWM2ZWYzNGViZjplczplczpFUw&amp;usg=AFQjCNFROOjWnBjkIUGlQ3ybh6AciZ9FGw\">El 70% de la\u00a0publicidad\u00a0de juguetes en internet presenta estereotipos de g\u00e9nero<\/a>\u00a0&#8211;\u00a0ElNacional.cat<\/p>\n<p><a href=\"https:\/\/elpais.com\/television\/2021-02-01\/el-tsja-avala-el-cierre-de-onda-jaen-por-deficitaria.html\">El TSJA avala el cierre de Onda Ja\u00e9n por deficitaria<\/a>&#8211; El Pa\u00eds<\/p>\n<p>[\/toggle]<\/p>\n<p>[toggle type=\u00bbfirst\u00bb title=\u00bbAndaluc\u00eda\u00bb]<\/p>\n<p><strong>Econom\u00eda y Empresas<\/strong><\/p>\n<p><a href=\"https:\/\/www.mujeremprendedora.net\/caixabank-presenta-ante-empresarias-andaluzas-el-premio-a-mujer-profesional-autonoma\/\">CaixaBank presenta ante empresarias andaluzas el \u201cPremio A Mujer Profesional Aut\u00f3noma\u201d<\/a>\u00a0\u2013 Mujeremprendedora.net<\/p>\n<p><a href=\"https:\/\/www.google.com\/url?rct=j&amp;sa=t&amp;url=https:\/\/www.diariodesevilla.es\/agr_andalucia\/administracion\/mujeres-vez-presentes-seno-cooperativas-Agro-alimentarias_0_1543046089.html&amp;ct=ga&amp;cd=CAEYACoUMTcxMDUxNDAwNzg2MzE4MDUzODMyGWQ3OGU1ODc1YTBmMWYyYWM6ZXM6ZXM6RVM&amp;usg=AFQjCNGxJ2PSxivbSD3VZVruq67hi2YBBg\">Las mujeres, cada vez m\u00e1s presentes en el seno de las cooperativas<\/a>&#8211;\u00a0Diario de Sevilla<\/p>\n<p><a href=\"https:\/\/www.google.com\/url?rct=j&amp;sa=t&amp;url=https:\/\/www.diariodealmeria.es\/almeria\/Verdiblanca-acuerda-III-Plan-Igualdad_0_1543346671.html&amp;ct=ga&amp;cd=CAEYASoUMTgyODU2OTY2ODUxNzMzMDI4NjYyGWMwMzcyZWJjMmZlYWRhNTk6ZXM6ZXM6RVM&amp;usg=AFQjCNHRzwzhGMtxNJYM3fSUQLy6f4Q33Q\">Verdiblanca acuerda con el comit\u00e9 de empresa nuevas medidas para su III Plan de Igualdad<\/a>&#8211;\u00a0Diario de Almer\u00eda<\/p>\n<p><a href=\"https:\/\/www.google.com\/url?rct=j&amp;sa=t&amp;url=https:\/\/www.informaria.com\/nace-andalucia-trade-integrada-por-idea-extenda-la-agencia-andaluza-del-conocimiento-y-andalucia-emprende\/&amp;ct=ga&amp;cd=CAEYASoUMTgyMTI4OTUzMTE4Nzc4ODM5NTMyGWQ3OGU1ODc1YTBmMWYyYWM6ZXM6ZXM6RVM&amp;usg=AFQjCNEyjBwPFpWdx-QnX45GXZd1P6by7w\">Nace\u00a0Andaluc\u00eda\u00a0TRADE, integrada por IDEA, Extenda, la Agencia\u00a0Andaluza\u00a0del Conocimiento y &#8230;<\/a>&#8211;\u00a0Informaria Digital<a href=\"https:\/\/www.google.com\/url?rct=j&amp;sa=t&amp;url=https:\/\/www.europapress.es\/andalucia\/noticia-expertos-apuestan-recuperar-sector-turistico-andaluz-haciendolo-mas-seguro-sostenible-20210201180242.html&amp;ct=ga&amp;cd=CAEYACoUMTE0NzA4MTA2NzIwNDU5NzEyNzAyGWQ3OGU1ODc1YTBmMWYyYWM6ZXM6ZXM6RVM&amp;usg=AFQjCNEVNnqpIAWekhWYmNNopepFwBbiWA\"><br \/>\nExpert@s apuestan por recuperar el sector tur\u00edstico\u00a0andaluz\u00a0haci\u00e9ndolo m\u00e1s seguro y sostenible<\/a>&#8211;\u00a0Europa Press<\/p>\n<p><a href=\"https:\/\/www.google.com\/url?rct=j&amp;sa=t&amp;url=https:\/\/iberoeconomia.es\/opinion\/el-compromiso-con-la-economia-circular-de-andalucia-y-sevilla\/&amp;ct=ga&amp;cd=CAEYASoUMTcyNzc4NDY0OTE3Njg3MDUwODkyGWQ3OGU1ODc1YTBmMWYyYWM6ZXM6ZXM6RVM&amp;usg=AFQjCNE6LAVPxIe3sW0wajR1yVaZtew9-Q\">El compromiso con la\u00a0econom\u00eda\u00a0circular de\u00a0Andaluc\u00eda\u00a0y Sevilla<\/a>&#8211;\u00a0Iberoeconomia<\/p>\n<p><strong>Actualidad<\/strong><\/p>\n<p><a href=\"https:\/\/www.teleprensa.com\/articulo\/provincia\/andalucia-almeria-diputacion-diputacion-coordina-diputaciones-andaluzas-imagen-conmemorar-8-marzo\/20210202171025895193.html\">Las diputaciones andaluzas coordinan la imagen para conmemorar el 8 de marzo<\/a>-Teleprensa<\/p>\n<p><a href=\"https:\/\/www.google.com\/url?rct=j&amp;sa=t&amp;url=https:\/\/www.huelvainformacion.es\/huelva\/Ayuntamiento-Huelva-IAM-conciliacion_0_1543646435.html&amp;ct=ga&amp;cd=CAEYACoUMTU2NjQzMTM3MjY3OTI4MTg4NTIyGWMwMzcyZWJjMmZlYWRhNTk6ZXM6ZXM6RVM&amp;usg=AFQjCNGlqCEuJHuBkMH-G2EHl4jsVJ7aow\">Apuestan por entornos laborales igualitarios y que promuevan la conciliaci\u00f3n<\/a>&#8211;\u00a0Huelva Informaci\u00f3n<\/p>\n<p><a href=\"https:\/\/www.diariocordoba.com\/noticias\/cordobalocal\/mesa-diversidad-afectivo-sexual-cordoba-combatira-conductas-fobia-lgtbi_1409367.html\">La Mesa sobre diversidad afectivo sexual de C\u00f3rdoba combatir\u00e1\u2026<\/a>-diariocordoba<\/p>\n<p><a href=\"https:\/\/www.diariodecadiz.es\/cadiz\/Agamama-plataforma-digital-mujeres-cancer-mama_0_1543946289.html\">Agamama pone en marcha una plataforma digital para dar apoyo a las mujeres con c\u00e1ncer de mama<\/a>-DiariodeCadiz<\/p>\n<p><strong>Violencias<\/strong><\/p>\n<p><a href=\"https:\/\/www.google.com\/url?rct=j&amp;sa=t&amp;url=https:\/\/www.benalgo.es\/noticias\/ronda-se-suma-a-una-campana-para-luchar-contra-la-ciberviolencia.html&amp;ct=ga&amp;cd=CAEYACoUMTExNTk1OTg5OTM0ODYwMTkzMDUyGzlhYjFjZGQ3ZTM2NmVmMzg6ZXM6ZXM6RVM6Ug&amp;usg=AFQjCNEueiLwW_kdreTVNUVBVAegA7HEVg\">Ronda se suma a una campa\u00f1a para luchar contra la &#8216;ciberviolencia&#8217;<\/a>&#8211;\u00a0Contracr\u00f3nica.es<\/p>\n<p><a href=\"https:\/\/www.larazon.es\/espana\/20210203\/wxwhj4jkjnb25pcxnofmhrfbcq.html\">Mata a su mujer y arrastra su cad\u00e1ver hasta unos contenedores: \u00ab\u00a1Me estaba chantajeando y me he vuelto loco!\u00bb<\/a>-Larazondigital<\/p>\n<p><strong>Ciencia y Cultura<\/strong><\/p>\n<p><a href=\"https:\/\/www.google.com\/url?rct=j&amp;sa=t&amp;url=https:\/\/www.noticiasdealmeria.com\/la-ual-une-el-dia-internacional-de-la-mujer-y-la-nina-en-la-ciencia-y-el-dia-de-la-mujer&amp;ct=ga&amp;cd=CAEYAioUMTM0NDE3MTg4Njc0MzkwMTUwNzEyGWMwMzcyZWJjMmZlYWRhNTk6ZXM6ZXM6RVM&amp;usg=AFQjCNE2iyepOxDGguJJ0ae9aHHwhHhdmw\">La UAL une el &#8216;D\u00eda Internacional de la\u00a0Mujer\u00a0y la Ni\u00f1a en la Ciencia&#8217; y el &#8216;D\u00eda de la\u00a0Mujer&#8217;<\/a>&#8211;\u00a0Noticias de Almer\u00eda<\/p>\n<p><a href=\"https:\/\/www.diariodecadiz.es\/cadiz\/Expertos-Universidad-Cadiz-trabajan-metodo-medir-forma-fisica-salud_0_1543647980.html\">Expertos de la Universidad de C\u00e1diz trabajan en un m\u00e9todo para medir forma f\u00edsica y salud<\/a>&#8211;<a href=\"http:\/\/diariodecadiz.es\/\">diariodecadiz.es<\/a><\/p>\n<p><a href=\"https:\/\/www.eldiario.es\/cultura\/musica\/amparanoia-he-tenido-objetivo-artista-comercial-he-intentado-mantenerme-lado-contar-queria_128_7177343.html\">Amparanoia: \u00abNunca he tenido el objetivo de ser una artista comercial: he intentado mantenerme en otro lado para contar lo que quer\u00eda\u00bb<\/a>&#8211;<a href=\"http:\/\/eldiario.es\/\">eldiario.es<\/a><\/p>\n<p><a href=\"https:\/\/elpais.com\/espana\/2021-02-02\/un-boton-como-muestra-de-la-represion-de-los-funcionarios-de-sevilla.html\">Un bot\u00f3n como muestra de la represi\u00f3n de los funcionarios de Sevilla durante la Guerra Civil<\/a>-El Pa\u00eds<\/p>\n<p><a href=\"http:\/\/www.juntadeandalucia.es\/presidencia\/portavoz\/157880\/ConsejeriadeCulturayPatrimonioHistorico\/PatriciadelPozo\/ParlamentodeAndalucia\/ComisiondeCulturayPatrimonioHistorico\">Del Pozo resalta las inversiones para mejorar la accesibilidad en los museos y conjuntos andaluces<\/a>-Oficina del Portavoz<\/p>\n<p><strong>Deporte<\/strong><\/p>\n<p><a href=\"https:\/\/www.diariosur.es\/axarquia\/rincon\/rincon-victoria-acoge-campeonato-espana-hockey-20210203114002-nt.html\">Rinc\u00f3n de la Victoria acoge este fin de semana la fase previa al Campeonato de Espa\u00f1a de hockey sala juvenil femenino<\/a>-diariosur<\/p>\n<p><a href=\"https:\/\/www.muchodeporte.com\/deporte_andaluz\/55504\/golf_gonzalo_leal_y_ana_pelaez_primeros_campeones_de_2021\/\">Ana Pel\u00e1ez y Gonzalo Leal primeros campeones de 2021<\/a>&#8211;\u00a0Mucho deporte<\/p>\n<p>[\/toggle]<\/p>\n<p>[toggle type=\u00bbfirst\u00bb title=\u00bbEstado\u00bb]<\/p>\n<p><strong>Institucional<\/strong><\/p>\n<p><a href=\"https:\/\/www.google.com\/url?rct=j&amp;sa=t&amp;url=https:\/\/www.europapress.es\/epsocial\/igualdad\/noticia-marlaska-insiste-importancia-denuncias-violencia-machista-porque-80-asesinadas-no-hecho-20210202173608.html&amp;ct=ga&amp;cd=CAEYASoTMjUxOTYxMzQ0MDgyMjQyNjYxMzIZZTJkZWZhN2Q1ZGE5MTU3ZDplczplczpFUw&amp;usg=AFQjCNH_wa3tZjLjaloLOd4_kdWzl3wjyQ\">Marlaska insiste en la importancia de las denuncias en\u00a0violencia\u00a0machista porque el 80% de &#8230;<\/a>&#8211;\u00a0Europa Press\u00a0<a href=\"https:\/\/www.google.com\/url?rct=j&amp;sa=t&amp;url=https:\/\/www.elconfidencialdigital.com\/articulo\/defensa\/ex-directora-igualdad-defensa-aspira-ser-segunda-mujer-general\/20210202175714210726.html&amp;ct=ga&amp;cd=CAEYBioUMTM0NDE3MTg4Njc0MzkwMTUwNzEyGWMwMzcyZWJjMmZlYWRhNTk6ZXM6ZXM6RVM&amp;usg=AFQjCNGBwCNqOSrD_YeftF03tLW2Ze9-Sg\"><br \/>\nBego\u00f1a Aramendia ex directora de Igualdad de Defensa aspira a ser la segunda\u00a0mujer\u00a0general<\/a>&#8211;\u00a0El Confidencial Digital<\/p>\n<p><a href=\"https:\/\/www.laopiniondemalaga.es\/nacional\/2021\/02\/03\/igualdad-preve-multas-150-000-33959732.html\">Igualdad prev\u00e9 multas de hasta 150.000 euros por discriminaci\u00f3n LGTBI<\/a>-laopiniondemalaga<\/p>\n<p><strong>Institucional-CCAA<\/strong><\/p>\n<p><a href=\"https:\/\/www.google.com\/url?rct=j&amp;sa=t&amp;url=https:\/\/www.noticiasdenavarra.com\/actualidad\/sociedad\/2021\/02\/02\/navarra-estudio-visibiliza-realidad-mujeres\/1116942.html&amp;ct=ga&amp;cd=CAEYBSoUMTM0NDE3MTg4Njc0MzkwMTUwNzEyGWMwMzcyZWJjMmZlYWRhNTk6ZXM6ZXM6RVM&amp;usg=AFQjCNH9Z6dPYOD29uTwwGsHdWiH-UTlpg\">Mujer\u00a0y confinada: un estudio visibiliza la realidad femenina de la pandemia con 51 testimonios<\/a>&#8211;\u00a0Noticias de Navarra<\/p>\n<p><a href=\"https:\/\/www.google.com\/url?rct=j&amp;sa=t&amp;url=https:\/\/www.elperiodicodearagon.com\/noticias\/aragon\/zaragoza-ayudara-victimas-machismo-pagar-parte-alquiler-hipoteca_1455562.html&amp;ct=ga&amp;cd=CAEYACoUMTYwMzg5MDc2NjA0MjYxMDU0NDQyGWMwMzcyZWJjMmZlYWRhNTk6ZXM6ZXM6RVM&amp;usg=AFQjCNElrhw_eA3EFhKQiWMhLzDm5j7r3Q\">Zaragoza ayudar\u00e1 a las v\u00edctimas del machismo a pagar parte del alquiler o la hipoteca<\/a>&#8211;\u00a0El Peri\u00f3dico de Arag\u00f3n<\/p>\n<p><a href=\"https:\/\/www.google.com\/url?rct=j&amp;sa=t&amp;url=https:\/\/www.diariodeavila.es\/Noticia\/ZE91815B7-B95B-F147-11FE9840F3E2BF2F\/202102\/STE-Avila-presenta-Tiempo-de-mujeres-mujeres-en-el-Tiempo&amp;ct=ga&amp;cd=CAEYACoUMTE4ODUwMTkyODE1MjI3NTAxMTQyGWMwMzcyZWJjMmZlYWRhNTk6ZXM6ZXM6RVM&amp;usg=AFQjCNF8OicbiPZvoV9laBGdAVNdVQx1ww\">STE \u00c1vila presenta &#8216;Tiempo de\u00a0mujeres,\u00a0mujeres en\u00a0el Tiempo&#8217;<\/a>&#8211;\u00a0Diario de \u00c1vila<\/p>\n<p><a href=\"https:\/\/www.ondacero.es\/emisoras\/aragon\/noticias\/josefina-loste-primeras-mujeres-alcaldesas-aragon_20210203601a6b06fcdc2700016b06ab.html\">Josefina Loste, de las primeras mujeres alcaldesas de Arag\u00f3n<\/a>\u00a0\u2013ondacero.es<\/p>\n<p><a href=\"https:\/\/www.msn.com\/es-es\/news\/espana\/emakunde-y-eudel-editan-una-gu-c3-ada-para-incluir-la-reparaci-c3-b3n-en-las-pol-c3-adticas-municipales-contra-la-violencia-de-g-c3-a9nero\/ar-BB1dlCXz\">Emakunde y Eudel editan una gu\u00eda para incluir la reparaci\u00f3n en las pol\u00edticas municipales contra la violencia de g\u00e9nero<\/a>-msn.com<\/p>\n<p><strong>Econom\u00eda y Empresas<\/strong><\/p>\n<p><a href=\"https:\/\/amecopress.net\/Los-datos-de-desempleo-muestran-que-la-tasa-de-paro-es-mayor-en-las-mujeres\">La tasa de paro es mayor en las mujeres\u00a0<\/a>\u00a0&#8211;\u00a0Amecoop.net<\/p>\n<p><a href=\"https:\/\/www.bolsamania.com\/noticias\/mercados\/economia--la-industria-del-capital-privado-espanol-aspira-a-que-las-mujeres-ocupen-un-20-de-los-puestos-directivos--7800705.html\">La industria del capital privado espa\u00f1ol aspira a que las mujeres ocupen un 20% de los puestos directivos<\/a>-bolsamania<\/p>\n<p><a href=\"https:\/\/www.bolsamania.com\/noticias\/economia\/economia--amp-gobierno-aprueba-un-complemento-de-maternidad-a-las-pensiones-de-400-euros-anuales-desde-el-primer-hijo--7800408.html\">Gobierno aprueba un complemento de maternidad a las pensiones de 400 euros anuales desde el primer hijo<\/a>&#8211; bolsamania<\/p>\n<p><strong>Actualidad<\/strong><a href=\"https:\/\/www.google.com\/url?rct=j&amp;sa=t&amp;url=https:\/\/www.noticiasdel6.com\/la-cooperacion-espanola-aecid-retorna-a-misiones-con-un-proyecto-de-desarrollo-local-para-mujeres\/&amp;ct=ga&amp;cd=CAEYBSoUMTg0MzEwOTg0Mjk3OTA1MDA4NzUyGzkxODg1N2NkNjBmOTc3NDg6ZXM6ZXM6RVM6TA&amp;usg=AFQjCNG9qSJAJXhozLDBT7eyszIHjEl_Kw\"><br \/>\nLa Cooperaci\u00f3n Espa\u00f1ola (Aecid) retorna a Misiones con un proyecto de desarrollo local para mujeres &#8230;<\/a>&#8211;\u00a0Noticiasdel6.com<\/p>\n<p><a href=\"https:\/\/www.google.com\/url?rct=j&amp;sa=t&amp;url=https:\/\/www.eldiario.es\/sociedad\/ultima-hora-coronavirus-actualidad-politica-2-de-febrero_6_7185579_1061849.html&amp;ct=ga&amp;cd=CAEYBioUMTI1ODM5NTc2NjA0Njc5MDQwMDMyGWMwMzcyZWJjMmZlYWRhNTk6ZXM6ZXM6RVM&amp;usg=AFQjCNFObiTi0LolYfmAlS8nmRXy1EfABA\">Espa\u00f1a afronta la bajada de la tercera ola con carencias de rastreo que ponen en riesgo la &#8230;<\/a>&#8211;\u00a0eldiario.es<a href=\"https:\/\/www.google.com\/url?rct=j&amp;sa=t&amp;url=https:\/\/www.lavanguardia.com\/economia\/20210203\/6203574\/mujeres-feminismo-poder-futuro.html&amp;ct=ga&amp;cd=CAEYACoTNjc4ODU2Nzg0MzY1OTgwMzk5OTIZYzAzNzJlYmMyZmVhZGE1OTplczplczpFUw&amp;usg=AFQjCNGxNXmW5LSBIW_tSUyrWev4XK-tvQ\"><br \/>\nLas\u00a0mujeres\u00a0llegan al poder para cambiarlo<\/a>&#8211;\u00a0La Vanguardia<\/p>\n<p><a href=\"https:\/\/www.mujeremprendedora.net\/mujeres-avenir-reclama-ley-cuotas-espana\/\">Mujeres Avenir reclama una Ley de Cuotas en Espa\u00f1a<\/a>\u00a0\u2013 Mujeremprendedora.net<\/p>\n<p><a href=\"https:\/\/www.infosalus.com\/mujer\/noticia-investigacion-aporta-nuevas-evidencias-prevencion-arritmias-mujeres-20210203105421.html\">Una investigaci\u00f3n aporta nuevas evidencias en la prevenci\u00f3n de arritmias en mujeres<\/a>-infosalus.com<\/p>\n<p><a href=\"https:\/\/elpais.com\/sociedad\/2021-02-02\/igualdad-preve-el-cambio-de-sexo-legal-sin-informe-medico-y-los-tratamientos-hormonales-desde-los-16-anos.html\">Igualdad prev\u00e9 el libre cambio de sexo sin informe m\u00e9dico a partir de los 16 a\u00f1os<\/a>-El Pa\u00eds<\/p>\n<p><a href=\"https:\/\/www.elespanol.com\/espana\/20210203\/espanoles-pierden-esperanza-vida-ano-culpa-covid-19\/556195000_0.html\">La poblaci\u00f3n espa\u00f1ola espa\u00f1oles pierde esperanza de vida: un a\u00f1o menos por culpa de la Covid-19<\/a>-elespa\u00f1ol<\/p>\n<p><strong>Violencias<\/strong><\/p>\n<p><a href=\"https:\/\/www.google.com\/url?rct=j&amp;sa=t&amp;url=https:\/\/www.20minutos.es\/noticia\/4567372\/0\/instituciones-y-vecinos-de-albal-recuerdan-a-floryna-y-reclaman-abolir-la-prostitucion-es-esclavitud-y-violencia\/&amp;ct=ga&amp;cd=CAEYACoUMTM0NDE3MTg4Njc0MzkwMTUwNzEyGWMwMzcyZWJjMmZlYWRhNTk6ZXM6ZXM6RVM&amp;usg=AFQjCNEo8FkF1fPycMMYRoSdtrfsgbX78g\">Instituciones y vecinos de Albal recuerdan a Floryna y reclaman abolir la prostituci\u00f3n: \u00abEs &#8230;<\/a>&#8211;\u00a020minutos<\/p>\n<p><a href=\"https:\/\/www.eldiario.es\/cultura\/director-productor-cine-luis-maria-ferrandez-mujeres_1_7185123.html\">Seis mujeres se\u00f1alan al cineasta Luis Mar\u00eda Ferr\u00e1ndez: \u00abSe aprovech\u00f3 de m\u00ed, le dije que no quer\u00eda tener sexo, hasta ahora he intentado justificarlo\u00bb<\/a>\u00a0\u2013eldiario.es<\/p>\n<p><strong>Ciencia y Cultura<\/strong><\/p>\n<p><a href=\"https:\/\/elpais.com\/tecnologia\/2021\/02\/02\/actualidad\/1612247703_877805.html\">Fernanda Vi\u00e9gas: \u201cLa justicia del algoritmo no puede depender solo de un ingeniero\u201d<\/a>&#8211;\u00a0El Pa\u00eds<\/p>\n<p><a href=\"https:\/\/www.eleconomista.es\/ecoaula\/noticias\/11029171\/02\/21\/8-de-cada-10-estudiantes-de-salud-y-bienestar-son-mujeres.html\">8 de cada 10 estudiantes de salud y bienestar son mujeres<\/a>-eleconomista<\/p>\n<p><a href=\"https:\/\/www.canarias7.es\/sociedad\/mujeres-mayoria-ulpgc-20210203204248-nt.html\">Las mujeres son mayor\u00eda en la ULPGC y minor\u00eda en los cargos altos: ocupan un 21% de las c\u00e1tedras<\/a>-Canarias7<\/p>\n<p><a href=\"https:\/\/www.google.com\/url?rct=j&amp;sa=t&amp;url=https:\/\/www.infolibre.es\/noticias\/cultura\/2021\/02\/02\/mujeres_videojuegos_industria_116142_1026.html&amp;ct=ga&amp;cd=CAEYACoTOTY0NDc2NTc2MDU3MzI2Nzk2MDIZZTJkZWZhN2Q1ZGE5MTU3ZDplczplczpFUw&amp;usg=AFQjCNEGJgq2xp-IpSo8xnrxVfLfX-nv2g\">La brecha de\u00a0g\u00e9nero\u00a0se instala en la industria del\u00a0videojuego\u00a0mientras que las &#8216;gamers&#8217; ya son &#8230;<\/a>&#8211;\u00a0infoLibre<\/p>\n<p><a href=\"https:\/\/www.google.com\/url?rct=j&amp;sa=t&amp;url=https:\/\/elpais.com\/babelia\/2021-02-02\/insultos-palizas-y-violaciones-la-violencia-machista-que-esconde-el-teatro-clasico.html&amp;ct=ga&amp;cd=CAEYASoUMTM0NDE3MTg4Njc0MzkwMTUwNzEyGWMwMzcyZWJjMmZlYWRhNTk6ZXM6ZXM6RVM&amp;usg=AFQjCNHgOFUptQ3AQx7UCIS-p7TPBy0l3Q\">Insultos, palizas y violaciones: la violencia machista que esconde el teatro cl\u00e1sico<\/a>&#8211; El Pa\u00eds<\/p>\n<p><a href=\"https:\/\/www.lavanguardia.com\/gente\/20210202\/6218116\/muere-alicia-tomas-vedette-actriz-torera.html\">Muere Alicia Tom\u00e1s, vedette, actriz y torera<\/a>\u00a0\u2013 La Vanguardia<\/p>\n<p><a href=\"https:\/\/www.msn.com\/es-es\/entertainment\/cine\/una-veintena-de-madres-cineastas-noveles-de-espa-c3-b1a-y-latinoam-c3-a9rica-recibir-c3-a1n-clases-con-figuras-del-cine-en-coofilm-ii\/ar-BB1djvLT\">Una veintena de madres cineastas noveles de Espa\u00f1a y Latinoam\u00e9rica recibir\u00e1n clases con figuras del cine en Coofilm II<\/a>-msn.com<\/p>\n<p><a href=\"https:\/\/www.rtve.es\/radio\/20210202\/mariana-pineda-laia-marull\/2071994.shtml\">Laia Marull: \u00abLa cultura es suficientemente importante como para que sigan abiertos los teatros\u00bb<\/a>-Rtve<\/p>\n<p><a href=\"https:\/\/www.msn.com\/es-es\/travel\/noticias\/el-museo-del-prado-reorganizar-c3-a1-su-colecci-c3-b3n-dando-m-c3-a1s-protagonismo-a-las-mujeres\/ar-BB1djSYB\">El Museo del Prado reorganizar\u00e1 su colecci\u00f3n dando m\u00e1s protagonismo a las mujeres<\/a>&#8211;<a href=\"http:\/\/msn.com\/\">msn.com<\/a><\/p>\n<p><strong>Deporte<\/strong><\/p>\n<p><a href=\"https:\/\/www.marca.com\/otros-deportes\/2021\/02\/03\/601434c522601d8d4b8b45b8.html\">Irene Colomar y el combate femenino por la igualdad en el deporte<\/a>-marca.com<\/p>\n<p><a href=\"https:\/\/www.estadiodeportivo.com\/noticias-ciclismo\/2021\/02\/03\/mavi-garcia-37-anos-suenos\/318270.html\">Mavi Garc\u00eda, 37 a\u00f1os y sue\u00f1os grandes pensando en Tokio<\/a>-estadiodeportivo<\/p>\n<p><a href=\"https:\/\/www.msn.com\/es-es\/sports\/other\/la-selecci-c3-b3n-espa-c3-b1ola-femenina-de-baloncesto-suspende-su-viaje-a-francia-por-un-resultado-no-concluyente\/ar-BB1dlroB\">La selecci\u00f3n espa\u00f1ola femenina de baloncesto suspende su viaje a Francia por un resultado no concluyente<\/a>-msn.com<\/p>\n<p>[\/toggle]<\/p>\n<p>[toggle type=\u00bbfirst\u00bb title=\u00bbInternacional\u00bb]<\/p>\n<p><a href=\"https:\/\/elfinanciero.com.mx\/economia\/yellen-y-herrera-coinciden-en-priorizar-vacunacion-contra-covid-para-impulsar-economia\">Yellen y Herrera coinciden en priorizar vacunaci\u00f3n contra COVID para impulsar econom\u00eda<\/a>-Elfinanciero<\/p>\n<p><a href=\"https:\/\/www.emprendedores.es\/ideas-de-negocio\/aceleracion-mujeres\/\">Un s\u00faper programa de aceleraci\u00f3n para mujeres innovadoras\u2026<\/a>-emprendedores.es<\/p>\n<p><a href=\"https:\/\/www.lavanguardia.com\/economia\/20210203\/6203574\/mujeres-feminismo-poder-futuro.html\">Las mujeres llegan al poder para cambiarlo<\/a>-Lavanguardia<a href=\"https:\/\/www.google.com\/url?rct=j&amp;sa=t&amp;url=https:\/\/billieparkernoticias.com\/otorgan-medalla-hermila-galindo-2020-a-sara-lovera-y-5-mujeres-mas\/&amp;ct=ga&amp;cd=CAEYHioUMTM0NDE3MTg4Njc0MzkwMTUwNzEyGWMwMzcyZWJjMmZlYWRhNTk6ZXM6ZXM6RVM&amp;usg=AFQjCNHF-8H2hZfddYSqGZQgohz9mENXLQ\"><br \/>\nOtorgan medalla \u201cHermila Galindo 2020\u201d a Sara Lovera y 5\u00a0Mujeres\u00a0m\u00e1s<\/a>&#8211;\u00a0Billie Parker Noticias<a href=\"https:\/\/www.google.com\/url?rct=j&amp;sa=t&amp;url=https:\/\/www.eltiempo.com\/mundo\/mas-regiones\/nobel-de-la-paz-oms-y-greta-thunberg-dentro-de-los-nominados-564212&amp;ct=ga&amp;cd=CAEYECoUMTM0NDE3MTg4Njc0MzkwMTUwNzEyGWMwMzcyZWJjMmZlYWRhNTk6ZXM6ZXM6RVM&amp;usg=AFQjCNHL7Y3GleXjwLa3IbcjItbddCj6yQ\"><br \/>\nPremio Nobel de la Paz: Greta Thunberg y la OMS son nominados<\/a>&#8211; ElTiempo.com<\/p>\n<p><a href=\"https:\/\/www.google.com\/url?rct=j&amp;sa=t&amp;url=https:\/\/www.chicagotribune.com\/espanol\/entretenimiento\/sns-es-terri-lyne-carrington-jazz-pionera-20210201-mhieubcy5jhdzejvvnr3zgbw3u-story.html&amp;ct=ga&amp;cd=CAEYACoUMTc4MTA5NTk0MDkxMTY4NzE3MzcyGWMwMzcyZWJjMmZlYWRhNTk6ZXM6ZXM6RVM&amp;usg=AFQjCNFDSgYuKPQ8lVCTDxM-eWOHejobkw\">Terri Lyne Carrington, una pionera en el jazz instrumental<\/a>\u00a0&#8211;\u00a0Hoy Chicago<\/p>\n<p><a href=\"http:\/\/www.elexpresso.com\/167_ultima-hora\/7329020_cuatro-cineastas-espanolas-llegan-a-mexico-en-el-ciclo-de-mujeres-de-cine.html\">Cuatro cineastas espa\u00f1olas llegan a M\u00e9xico en el ciclo de Mujeres de cine<\/a>-elexpresso<\/p>\n<p>[\/toggle]<\/p>\n<\/div>\n<\/div>\n<\/div>\n<\/div>\n<\/div>\n<\/div>\n","protected":false},"excerpt":{"rendered":"<p>Las mujeres llegan al poder-La tasa de paro es mayor <a href=\"https:\/\/cklcomunicaciones.es\/coop\/noticias-info-ckl-no-2-543-03-02-21\/\">[&#8230;]<\/a><\/p>\n","protected":false},"author":3,"featured_media":0,"comment_status":"closed","ping_status":"closed","sticky":false,"template":"","format":"standard","meta":{"footnotes":""},"categories":[298,623],"tags":[245,109],"class_list":["post-15217","post","type-post","status-publish","format-standard","hentry","category-newsletter","category-nwl-2-0","tag-mujer-y-turismo","tag-violencia-de-genero"],"yoast_head":"<!-- This site is optimized with the Yoast SEO plugin v27.5 - https:\/\/yoast.com\/product\/yoast-seo-wordpress\/ -->\n<title>Noticias Info CKL n\u00ba 2.543-03\/02\/21-Comunicar con perspectiva de g\u00e9nero<\/title>\n<meta name=\"description\" content=\"Comunicar con perspectiva de g\u00e9nero: Las mujeres llegan al poder-La tasa de paro es mayor en las mujeres-Mujeres Avenir reclama Ley de Cuotas en Espa\u00f1a...\" \/>\n<meta name=\"robots\" content=\"index, follow, max-snippet:-1, max-image-preview:large, max-video-preview:-1\" \/>\n<link rel=\"canonical\" href=\"https:\/\/cklcomunicaciones.es\/coop\/noticias-info-ckl-no-2-543-03-02-21\/\" \/>\n<meta property=\"og:locale\" content=\"es_ES\" \/>\n<meta property=\"og:type\" content=\"article\" \/>\n<meta property=\"og:title\" content=\"Noticias Info CKL n\u00ba 2.543-03\/02\/21-Comunicar con perspectiva de g\u00e9nero\" \/>\n<meta property=\"og:description\" content=\"Comunicar con perspectiva de g\u00e9nero: Las mujeres llegan al poder-La tasa de paro es mayor en las mujeres-Mujeres Avenir reclama Ley de Cuotas en Espa\u00f1a...\" \/>\n<meta property=\"og:url\" content=\"https:\/\/cklcomunicaciones.es\/coop\/noticias-info-ckl-no-2-543-03-02-21\/\" \/>\n<meta property=\"og:site_name\" content=\"CKL Comunicaciones\" \/>\n<meta property=\"article:published_time\" content=\"2021-02-03T12:58:15+00:00\" \/>\n<meta property=\"article:modified_time\" content=\"2025-01-17T15:47:20+00:00\" \/>\n<meta property=\"og:image\" content=\"https:\/\/cklcomunicaciones.es\/coop\/wp-content\/uploads\/2018\/03\/CKL_comunicacion-con-perspetiva-de-genero.jpg\" \/>\n\t<meta property=\"og:image:width\" content=\"500\" \/>\n\t<meta property=\"og:image:height\" content=\"500\" \/>\n\t<meta property=\"og:image:type\" content=\"image\/jpeg\" \/>\n<meta name=\"author\" content=\"ckl\" \/>\n<meta name=\"twitter:card\" content=\"summary_large_image\" \/>\n<meta name=\"twitter:label1\" content=\"Escrito por\" \/>\n\t<meta name=\"twitter:data1\" content=\"ckl\" \/>\n\t<meta name=\"twitter:label2\" content=\"Tiempo de lectura\" \/>\n\t<meta name=\"twitter:data2\" content=\"6 minutos\" \/>\n<script type=\"application\/ld+json\" class=\"yoast-schema-graph\">{\"@context\":\"https:\\\/\\\/schema.org\",\"@graph\":[{\"@type\":\"Article\",\"@id\":\"https:\\\/\\\/cklcomunicaciones.es\\\/coop\\\/noticias-info-ckl-no-2-543-03-02-21\\\/#article\",\"isPartOf\":{\"@id\":\"https:\\\/\\\/cklcomunicaciones.es\\\/coop\\\/noticias-info-ckl-no-2-543-03-02-21\\\/\"},\"author\":{\"name\":\"ckl\",\"@id\":\"https:\\\/\\\/cklcomunicaciones.es\\\/coop\\\/#\\\/schema\\\/person\\\/929a6837f7626450bbb50cee1aef266e\"},\"headline\":\"Noticias Info CKL n\u00ba 2.543-03\\\/02\\\/21\",\"datePublished\":\"2021-02-03T12:58:15+00:00\",\"dateModified\":\"2025-01-17T15:47:20+00:00\",\"mainEntityOfPage\":{\"@id\":\"https:\\\/\\\/cklcomunicaciones.es\\\/coop\\\/noticias-info-ckl-no-2-543-03-02-21\\\/\"},\"wordCount\":1306,\"image\":{\"@id\":\"https:\\\/\\\/cklcomunicaciones.es\\\/coop\\\/noticias-info-ckl-no-2-543-03-02-21\\\/#primaryimage\"},\"thumbnailUrl\":\"http:\\\/\\\/www.cklcomunicaciones.es\\\/wp-content\\\/uploads\\\/2018\\\/03\\\/CKL_comunicacion-con-perspetiva-de-genero-300x300.jpg\",\"keywords\":[\"mujer y turismo\",\"violencia de g\u00e9nero\"],\"articleSection\":[\"Newsletter\",\"Nwl v2.0\"],\"inLanguage\":\"es\"},{\"@type\":\"WebPage\",\"@id\":\"https:\\\/\\\/cklcomunicaciones.es\\\/coop\\\/noticias-info-ckl-no-2-543-03-02-21\\\/\",\"url\":\"https:\\\/\\\/cklcomunicaciones.es\\\/coop\\\/noticias-info-ckl-no-2-543-03-02-21\\\/\",\"name\":\"Noticias Info CKL n\u00ba 2.543-03\\\/02\\\/21-Comunicar con perspectiva de g\u00e9nero\",\"isPartOf\":{\"@id\":\"https:\\\/\\\/cklcomunicaciones.es\\\/coop\\\/#website\"},\"primaryImageOfPage\":{\"@id\":\"https:\\\/\\\/cklcomunicaciones.es\\\/coop\\\/noticias-info-ckl-no-2-543-03-02-21\\\/#primaryimage\"},\"image\":{\"@id\":\"https:\\\/\\\/cklcomunicaciones.es\\\/coop\\\/noticias-info-ckl-no-2-543-03-02-21\\\/#primaryimage\"},\"thumbnailUrl\":\"http:\\\/\\\/www.cklcomunicaciones.es\\\/wp-content\\\/uploads\\\/2018\\\/03\\\/CKL_comunicacion-con-perspetiva-de-genero-300x300.jpg\",\"datePublished\":\"2021-02-03T12:58:15+00:00\",\"dateModified\":\"2025-01-17T15:47:20+00:00\",\"author\":{\"@id\":\"https:\\\/\\\/cklcomunicaciones.es\\\/coop\\\/#\\\/schema\\\/person\\\/929a6837f7626450bbb50cee1aef266e\"},\"description\":\"Comunicar con perspectiva de g\u00e9nero: Las mujeres llegan al poder-La tasa de paro es mayor en las mujeres-Mujeres Avenir reclama Ley de Cuotas en Espa\u00f1a...\",\"breadcrumb\":{\"@id\":\"https:\\\/\\\/cklcomunicaciones.es\\\/coop\\\/noticias-info-ckl-no-2-543-03-02-21\\\/#breadcrumb\"},\"inLanguage\":\"es\",\"potentialAction\":[{\"@type\":\"ReadAction\",\"target\":[\"https:\\\/\\\/cklcomunicaciones.es\\\/coop\\\/noticias-info-ckl-no-2-543-03-02-21\\\/\"]}]},{\"@type\":\"ImageObject\",\"inLanguage\":\"es\",\"@id\":\"https:\\\/\\\/cklcomunicaciones.es\\\/coop\\\/noticias-info-ckl-no-2-543-03-02-21\\\/#primaryimage\",\"url\":\"http:\\\/\\\/www.cklcomunicaciones.es\\\/wp-content\\\/uploads\\\/2018\\\/03\\\/CKL_comunicacion-con-perspetiva-de-genero-300x300.jpg\",\"contentUrl\":\"http:\\\/\\\/www.cklcomunicaciones.es\\\/wp-content\\\/uploads\\\/2018\\\/03\\\/CKL_comunicacion-con-perspetiva-de-genero-300x300.jpg\"},{\"@type\":\"BreadcrumbList\",\"@id\":\"https:\\\/\\\/cklcomunicaciones.es\\\/coop\\\/noticias-info-ckl-no-2-543-03-02-21\\\/#breadcrumb\",\"itemListElement\":[{\"@type\":\"ListItem\",\"position\":1,\"name\":\"Portada\",\"item\":\"https:\\\/\\\/cklcomunicaciones.es\\\/coop\\\/\"},{\"@type\":\"ListItem\",\"position\":2,\"name\":\"Noticias Info CKL n\u00ba 2.543-03\\\/02\\\/21\"}]},{\"@type\":\"WebSite\",\"@id\":\"https:\\\/\\\/cklcomunicaciones.es\\\/coop\\\/#website\",\"url\":\"https:\\\/\\\/cklcomunicaciones.es\\\/coop\\\/\",\"name\":\"CKL Comunicaciones\",\"description\":\"Sitio web de CKL Comunicaciones coop , la consultora de comunicaci\u00f3n y estrategia\",\"potentialAction\":[{\"@type\":\"SearchAction\",\"target\":{\"@type\":\"EntryPoint\",\"urlTemplate\":\"https:\\\/\\\/cklcomunicaciones.es\\\/coop\\\/?s={search_term_string}\"},\"query-input\":{\"@type\":\"PropertyValueSpecification\",\"valueRequired\":true,\"valueName\":\"search_term_string\"}}],\"inLanguage\":\"es\"},{\"@type\":\"Person\",\"@id\":\"https:\\\/\\\/cklcomunicaciones.es\\\/coop\\\/#\\\/schema\\\/person\\\/929a6837f7626450bbb50cee1aef266e\",\"name\":\"ckl\",\"image\":{\"@type\":\"ImageObject\",\"inLanguage\":\"es\",\"@id\":\"https:\\\/\\\/secure.gravatar.com\\\/avatar\\\/c82db564e8a669bf6023357a157b9dc4780f4d4c618f2ad1d71a6a5dede45057?s=96&d=mm&r=g\",\"url\":\"https:\\\/\\\/secure.gravatar.com\\\/avatar\\\/c82db564e8a669bf6023357a157b9dc4780f4d4c618f2ad1d71a6a5dede45057?s=96&d=mm&r=g\",\"contentUrl\":\"https:\\\/\\\/secure.gravatar.com\\\/avatar\\\/c82db564e8a669bf6023357a157b9dc4780f4d4c618f2ad1d71a6a5dede45057?s=96&d=mm&r=g\",\"caption\":\"ckl\"},\"url\":\"https:\\\/\\\/cklcomunicaciones.es\\\/coop\\\/author\\\/cklcomunicaciones\\\/\"}]}<\/script>\n<!-- \/ Yoast SEO plugin. -->","yoast_head_json":{"title":"Noticias Info CKL n\u00ba 2.543-03\/02\/21-Comunicar con perspectiva de g\u00e9nero","description":"Comunicar con perspectiva de g\u00e9nero: Las mujeres llegan al poder-La tasa de paro es mayor en las mujeres-Mujeres Avenir reclama Ley de Cuotas en Espa\u00f1a...","robots":{"index":"index","follow":"follow","max-snippet":"max-snippet:-1","max-image-preview":"max-image-preview:large","max-video-preview":"max-video-preview:-1"},"canonical":"https:\/\/cklcomunicaciones.es\/coop\/noticias-info-ckl-no-2-543-03-02-21\/","og_locale":"es_ES","og_type":"article","og_title":"Noticias Info CKL n\u00ba 2.543-03\/02\/21-Comunicar con perspectiva de g\u00e9nero","og_description":"Comunicar con perspectiva de g\u00e9nero: Las mujeres llegan al poder-La tasa de paro es mayor en las mujeres-Mujeres Avenir reclama Ley de Cuotas en Espa\u00f1a...","og_url":"https:\/\/cklcomunicaciones.es\/coop\/noticias-info-ckl-no-2-543-03-02-21\/","og_site_name":"CKL Comunicaciones","article_published_time":"2021-02-03T12:58:15+00:00","article_modified_time":"2025-01-17T15:47:20+00:00","og_image":[{"width":500,"height":500,"url":"https:\/\/cklcomunicaciones.es\/coop\/wp-content\/uploads\/2018\/03\/CKL_comunicacion-con-perspetiva-de-genero.jpg","type":"image\/jpeg"}],"author":"ckl","twitter_card":"summary_large_image","twitter_misc":{"Escrito por":"ckl","Tiempo de lectura":"6 minutos"},"schema":{"@context":"https:\/\/schema.org","@graph":[{"@type":"Article","@id":"https:\/\/cklcomunicaciones.es\/coop\/noticias-info-ckl-no-2-543-03-02-21\/#article","isPartOf":{"@id":"https:\/\/cklcomunicaciones.es\/coop\/noticias-info-ckl-no-2-543-03-02-21\/"},"author":{"name":"ckl","@id":"https:\/\/cklcomunicaciones.es\/coop\/#\/schema\/person\/929a6837f7626450bbb50cee1aef266e"},"headline":"Noticias Info CKL n\u00ba 2.543-03\/02\/21","datePublished":"2021-02-03T12:58:15+00:00","dateModified":"2025-01-17T15:47:20+00:00","mainEntityOfPage":{"@id":"https:\/\/cklcomunicaciones.es\/coop\/noticias-info-ckl-no-2-543-03-02-21\/"},"wordCount":1306,"image":{"@id":"https:\/\/cklcomunicaciones.es\/coop\/noticias-info-ckl-no-2-543-03-02-21\/#primaryimage"},"thumbnailUrl":"http:\/\/www.cklcomunicaciones.es\/wp-content\/uploads\/2018\/03\/CKL_comunicacion-con-perspetiva-de-genero-300x300.jpg","keywords":["mujer y turismo","violencia de g\u00e9nero"],"articleSection":["Newsletter","Nwl v2.0"],"inLanguage":"es"},{"@type":"WebPage","@id":"https:\/\/cklcomunicaciones.es\/coop\/noticias-info-ckl-no-2-543-03-02-21\/","url":"https:\/\/cklcomunicaciones.es\/coop\/noticias-info-ckl-no-2-543-03-02-21\/","name":"Noticias Info CKL n\u00ba 2.543-03\/02\/21-Comunicar con perspectiva de g\u00e9nero","isPartOf":{"@id":"https:\/\/cklcomunicaciones.es\/coop\/#website"},"primaryImageOfPage":{"@id":"https:\/\/cklcomunicaciones.es\/coop\/noticias-info-ckl-no-2-543-03-02-21\/#primaryimage"},"image":{"@id":"https:\/\/cklcomunicaciones.es\/coop\/noticias-info-ckl-no-2-543-03-02-21\/#primaryimage"},"thumbnailUrl":"http:\/\/www.cklcomunicaciones.es\/wp-content\/uploads\/2018\/03\/CKL_comunicacion-con-perspetiva-de-genero-300x300.jpg","datePublished":"2021-02-03T12:58:15+00:00","dateModified":"2025-01-17T15:47:20+00:00","author":{"@id":"https:\/\/cklcomunicaciones.es\/coop\/#\/schema\/person\/929a6837f7626450bbb50cee1aef266e"},"description":"Comunicar con perspectiva de g\u00e9nero: Las mujeres llegan al poder-La tasa de paro es mayor en las mujeres-Mujeres Avenir reclama Ley de Cuotas en Espa\u00f1a...","breadcrumb":{"@id":"https:\/\/cklcomunicaciones.es\/coop\/noticias-info-ckl-no-2-543-03-02-21\/#breadcrumb"},"inLanguage":"es","potentialAction":[{"@type":"ReadAction","target":["https:\/\/cklcomunicaciones.es\/coop\/noticias-info-ckl-no-2-543-03-02-21\/"]}]},{"@type":"ImageObject","inLanguage":"es","@id":"https:\/\/cklcomunicaciones.es\/coop\/noticias-info-ckl-no-2-543-03-02-21\/#primaryimage","url":"http:\/\/www.cklcomunicaciones.es\/wp-content\/uploads\/2018\/03\/CKL_comunicacion-con-perspetiva-de-genero-300x300.jpg","contentUrl":"http:\/\/www.cklcomunicaciones.es\/wp-content\/uploads\/2018\/03\/CKL_comunicacion-con-perspetiva-de-genero-300x300.jpg"},{"@type":"BreadcrumbList","@id":"https:\/\/cklcomunicaciones.es\/coop\/noticias-info-ckl-no-2-543-03-02-21\/#breadcrumb","itemListElement":[{"@type":"ListItem","position":1,"name":"Portada","item":"https:\/\/cklcomunicaciones.es\/coop\/"},{"@type":"ListItem","position":2,"name":"Noticias Info CKL n\u00ba 2.543-03\/02\/21"}]},{"@type":"WebSite","@id":"https:\/\/cklcomunicaciones.es\/coop\/#website","url":"https:\/\/cklcomunicaciones.es\/coop\/","name":"CKL Comunicaciones","description":"Sitio web de CKL Comunicaciones coop , la consultora de comunicaci\u00f3n y estrategia","potentialAction":[{"@type":"SearchAction","target":{"@type":"EntryPoint","urlTemplate":"https:\/\/cklcomunicaciones.es\/coop\/?s={search_term_string}"},"query-input":{"@type":"PropertyValueSpecification","valueRequired":true,"valueName":"search_term_string"}}],"inLanguage":"es"},{"@type":"Person","@id":"https:\/\/cklcomunicaciones.es\/coop\/#\/schema\/person\/929a6837f7626450bbb50cee1aef266e","name":"ckl","image":{"@type":"ImageObject","inLanguage":"es","@id":"https:\/\/secure.gravatar.com\/avatar\/c82db564e8a669bf6023357a157b9dc4780f4d4c618f2ad1d71a6a5dede45057?s=96&d=mm&r=g","url":"https:\/\/secure.gravatar.com\/avatar\/c82db564e8a669bf6023357a157b9dc4780f4d4c618f2ad1d71a6a5dede45057?s=96&d=mm&r=g","contentUrl":"https:\/\/secure.gravatar.com\/avatar\/c82db564e8a669bf6023357a157b9dc4780f4d4c618f2ad1d71a6a5dede45057?s=96&d=mm&r=g","caption":"ckl"},"url":"https:\/\/cklcomunicaciones.es\/coop\/author\/cklcomunicaciones\/"}]}},"_links":{"self":[{"href":"https:\/\/cklcomunicaciones.es\/coop\/wp-json\/wp\/v2\/posts\/15217","targetHints":{"allow":["GET"]}}],"collection":[{"href":"https:\/\/cklcomunicaciones.es\/coop\/wp-json\/wp\/v2\/posts"}],"about":[{"href":"https:\/\/cklcomunicaciones.es\/coop\/wp-json\/wp\/v2\/types\/post"}],"author":[{"embeddable":true,"href":"https:\/\/cklcomunicaciones.es\/coop\/wp-json\/wp\/v2\/users\/3"}],"replies":[{"embeddable":true,"href":"https:\/\/cklcomunicaciones.es\/coop\/wp-json\/wp\/v2\/comments?post=15217"}],"version-history":[{"count":0,"href":"https:\/\/cklcomunicaciones.es\/coop\/wp-json\/wp\/v2\/posts\/15217\/revisions"}],"wp:attachment":[{"href":"https:\/\/cklcomunicaciones.es\/coop\/wp-json\/wp\/v2\/media?parent=15217"}],"wp:term":[{"taxonomy":"category","embeddable":true,"href":"https:\/\/cklcomunicaciones.es\/coop\/wp-json\/wp\/v2\/categories?post=15217"},{"taxonomy":"post_tag","embeddable":true,"href":"https:\/\/cklcomunicaciones.es\/coop\/wp-json\/wp\/v2\/tags?post=15217"}],"curies":[{"name":"wp","href":"https:\/\/api.w.org\/{rel}","templated":true}]}}