{"id":15215,"date":"2021-02-01T14:04:49","date_gmt":"2021-02-01T13:04:49","guid":{"rendered":"http:\/\/www.cklcomunicaciones.es\/?p=15215"},"modified":"2025-01-17T16:47:21","modified_gmt":"2025-01-17T15:47:21","slug":"noticias-info-ckl-no-2-542-01-02-21","status":"publish","type":"post","link":"https:\/\/cklcomunicaciones.es\/coop\/noticias-info-ckl-no-2-542-01-02-21\/","title":{"rendered":"Noticias Info CKL n\u00ba 2.542-01\/02\/21"},"content":{"rendered":"<div id=\"pl-15215\"  class=\"panel-layout\" >\n<div id=\"pg-15215-0\"  class=\"panel-grid panel-no-style\"  data-style=\"{&quot;background_image_attachment&quot;:false,&quot;background_display&quot;:&quot;tile&quot;,&quot;cell_alignment&quot;:&quot;flex-start&quot;}\" >\n<div id=\"pgc-15215-0-0\"  class=\"panel-grid-cell\"  data-weight=\"1\" >\n<div id=\"panel-15215-0-0-0\" class=\"so-panel widget widget_sow-editor panel-first-child panel-last-child\" data-index=\"0\" data-style=\"{&quot;background_image_attachment&quot;:false,&quot;background_display&quot;:&quot;tile&quot;}\" >\n<div class=\"so-widget-sow-editor so-widget-sow-editor-base\">\n<div class=\"siteorigin-widget-tinymce textwidget\">\n<p><img decoding=\"async\" class=\"lazyload  wp-image-13726\" src=\"http:\/\/www.cklcomunicaciones.es\/wp-content\/uploads\/2018\/03\/CKL_comunicacion-con-perspetiva-de-genero-300x300.jpg\" data-orig-src=\"http:\/\/www.cklcomunicaciones.es\/wp-content\/uploads\/2018\/03\/CKL_comunicacion-con-perspetiva-de-genero-300x300.jpg\" alt=\"CKL_comunicacion con perspetiva de genero\" width=\"132\" height=\"132\" srcset=\"data:image\/svg+xml,%3Csvg%20xmlns%3D%27http%3A%2F%2Fwww.w3.org%2F2000%2Fsvg%27%20width%3D%27132%27%20height%3D%27132%27%20viewBox%3D%270%200%20132%20132%27%3E%3Crect%20width%3D%27132%27%20height%3D%27132%27%20fill-opacity%3D%220%22%2F%3E%3C%2Fsvg%3E\" data-srcset=\"https:\/\/cklcomunicaciones.es\/coop\/wp-content\/uploads\/2018\/03\/CKL_comunicacion-con-perspetiva-de-genero-150x150.jpg 150w, https:\/\/cklcomunicaciones.es\/coop\/wp-content\/uploads\/2018\/03\/CKL_comunicacion-con-perspetiva-de-genero-300x300.jpg 300w, https:\/\/cklcomunicaciones.es\/coop\/wp-content\/uploads\/2018\/03\/CKL_comunicacion-con-perspetiva-de-genero-450x450.jpg 450w, https:\/\/cklcomunicaciones.es\/coop\/wp-content\/uploads\/2018\/03\/CKL_comunicacion-con-perspetiva-de-genero.jpg 500w\" data-sizes=\"auto\" data-orig-sizes=\"(max-width: 132px) 100vw, 132px\" \/><\/p>\n<p id=\":ih\" class=\"hP\" tabindex=\"-1\" data-thread-perm-id=\"thread-f:1690041202501495509\" data-legacy-thread-id=\"17743b84fae02ad5\"><strong>Mujeres y turismo: techo de cristal irrompible-Perfil asesinadas por VG en 2019: Mujer de 44 a\u00f1os, con hijos y en una relaci\u00f3n afectiva o convive con su agresor-Penyas dibuja los nubarrones de 60 a\u00f1os de sol y playa<\/strong><\/p>\n<p>[toggle type=\u00bbfirst\u00bb title=\u00bbComunicaci\u00f3n\u00bb]<\/p>\n<p><a href=\"https:\/\/www.trecebits.com\/2021\/02\/01\/nuria-coronado\/\">Nuria Coronado: \u00abOnlyFans es pura mercantilizaci\u00f3n y cosificaci\u00f3n del cuerpo de las mujeres\u00bb<\/a>-Trecebits<\/p>\n<p><a href=\"https:\/\/www.eldiario.es\/andalucia\/desdeelsur\/viernes-grandes-andalucia_132_7178805.html\">Desde este viernes, somos m\u00e1s grandes en Andaluc\u00eda<\/a>\u00a0\u2013eldiario.es<\/p>\n<p><a href=\"https:\/\/www.eldiario.es\/cultura\/newsletter-fenomeno-cultural-llega-bandeja-entrada_1_7167679.html\">La newsletter, el fen\u00f3meno cultural que llega a la bandeja de entrada<\/a>-eldiario.es<\/p>\n<p><a href=\"https:\/\/www.google.com\/url?rct=j&amp;sa=t&amp;url=https:\/\/www.antena3.com\/noticias\/sociedad\/influencers-profesion-margen-ley_20210129601671e5fcdc270001b6a839.html&amp;ct=ga&amp;cd=CAEYACoUMTU0NTM5OTU3NzQwMDE0NzI2NDYyGWNjNzk4NDFjNmVmMzRlYmY6ZXM6ZXM6RVM&amp;usg=AFQjCNEvHtu4FM-tHb8YRjzNwyU33eaMJg\">Influencers&#8217;: \u00bfuna profesi\u00f3n al margen de la ley?<\/a>&#8211;\u00a0Antena 3 Noticias<\/p>\n<p><a href=\"https:\/\/www.agorarsc.org\/de-la-rsc-al-activismo-politico-el-66-de-los-profesionales-del-marketing-considera-que-existe-una-saturacion-de-mensajes-de-activismo-social-en-la-comunicacion-de-las-marcas\/\">De la RSC al activismo pol\u00edtico. El 66% de los profesionales del marketing considera que existe una saturaci\u00f3n de mensajes de activismo social en la comunicaci\u00f3n de las marcas\u2026<\/a>-agorarsc.org<\/p>\n<p>[\/toggle]<\/p>\n<p>[toggle type=\u00bbfirst\u00bb title=\u00bbAndaluc\u00eda\u00bb]<\/p>\n<p><strong>Institucional<\/strong><\/p>\n<p><a href=\"https:\/\/www.google.com\/url?rct=j&amp;sa=t&amp;url=https:\/\/www.lavanguardia.com\/local\/sevilla\/20210131\/6211740\/junta-dice-trabaja-desarrollo-reglamentario-ley-violencia-genero-contemplar-condicion-victima.html&amp;ct=ga&amp;cd=CAEYASoUMTYwMjg5MDk5NTc3MTQ4NjkxMDQyGzlhYjFjZGQ3ZTM2NmVmMzg6ZXM6ZXM6RVM6Ug&amp;usg=AFQjCNHOPXyXX2kQQdN5OBR0qeX33TckSg\">Junta dice que trabaja en desarrollo reglamentario de Ley de Violencia de G\u00e9nero para &#8230;<\/a>&#8211;\u00a0La Vanguardia<\/p>\n<p><strong>Econom\u00eda y Empresas<\/strong><\/p>\n<p><a href=\"https:\/\/www.mujeremprendedora.net\/fundacion-cajasol-sevilla-acoge-desarrollan-curso-mujeres-emprendedoras\/\">La Fundaci\u00f3n Cajasol y Sevilla Acoge desarrollan un curso para mujeres emprendedoras<\/a>\u00a0\u2013 Mujeremprendedora.net<\/p>\n<p><a href=\"https:\/\/www.google.com\/url?rct=j&amp;sa=t&amp;url=https:\/\/www.retema.es\/noticia\/andalucia-apuesta-por-la-concienciacion-social-para-impulsar-la-economia-circular-VSgRe&amp;ct=ga&amp;cd=CAEYACoUMTgwODk1MTM0ODE0MTcyMzY4MzMyGWQ3OGU1ODc1YTBmMWYyYWM6ZXM6ZXM6RVM&amp;usg=AFQjCNELlGRXRL65guLZWL_IB8PfejrW3g\">Andaluc\u00eda\u00a0apuesta por la &#8216;concienciaci\u00f3n\u00a0social&#8217; para impulsar la\u00a0econom\u00eda\u00a0circular<\/a>&#8211;\u00a0Retema<\/p>\n<p><a href=\"https:\/\/www.google.com\/url?rct=j&amp;sa=t&amp;url=https:\/\/www.lavozdealmeria.com\/noticia\/3\/provincia\/208344\/la-agricultura-almeriense-en-un-programa-de-investigacion-internacional&amp;ct=ga&amp;cd=CAEYACoTMzUwMzQ0MTc5ODg1NTIxNjA1MjIZZDc4ZTU4NzVhMGYxZjJhYzplczplczpFUw&amp;usg=AFQjCNEhsh9JX9mXtny0quqHXu6FvcZf-g\">La agricultura almeriense, en un programa de investigaci\u00f3n internacional<\/a>\u00a0&#8211;\u00a0La Voz de Almer\u00eda<\/p>\n<p><a href=\"https:\/\/www.cope.es\/emisoras\/andalucia\/noticias\/famp-union-autonomos-andalucia-uatae-comprometen-trabajar-juntos-para-reactivar-comercio-20210201_1116302\">FAMP y la Uni\u00f3n de Aut\u00f3nomos de Andaluc\u00eda (UATAE) se comprometen a trabajar juntos para reactivar el comercio<\/a>-Cope.es<\/p>\n<p><strong>Actualidad<\/strong><a href=\"https:\/\/www.google.com\/url?rct=j&amp;sa=t&amp;url=https:\/\/www.diariosur.es\/andalucia\/telefono-mujer-junta-20210129000105-ntvo.html&amp;ct=ga&amp;cd=CAEYACoTMjg5NzExNzY0NTE5MDQyMDgzNTIZYzAzNzJlYmMyZmVhZGE1OTplczplczpFUw&amp;usg=AFQjCNGgI9bskCdHPpdGKI_f3xlBo9-XPQ\"><br \/>\nEl tel\u00e9fono de la\u00a0mujer\u00a0de la Junta bati\u00f3 el r\u00e9cord de llamadas con la pandemia<\/a>&#8211;\u00a0Sur Digital<\/p>\n<p><a href=\"https:\/\/www.google.com\/url?rct=j&amp;sa=t&amp;url=https:\/\/www.lavanguardia.com\/vida\/20210131\/6211914\/telefono-informacion-mujeres-cumple-25-anos-600-000-llamadas.html&amp;ct=ga&amp;cd=CAEYACoTNTc4NzI1MjM1NDIyNTIyOTM3OTIZZTFlNzdkMTU2MDk4YThlMzplczplczpFUw&amp;usg=AFQjCNH1Nkl-M8s04fK-IS2ILxWdbrtRIw\">El tel\u00e9fono de informaci\u00f3n a las mujeres cumple 25 a\u00f1os con 600.000 llamadas<\/a>&#8211;\u00a0La Vanguardia<a href=\"https:\/\/www.google.com\/url?rct=j&amp;sa=t&amp;url=https:\/\/www.diarioaxarquia.com\/noticias\/axarquia\/2021\/01\/29\/clausurado-el-programa-de-igualdad-puesto-en-marcha-por-la-mancomunidad-para-los-escolares-de-la-axarquia&amp;ct=ga&amp;cd=CAEYAioSNjkzNDI1NDQ1NTY4MDIyMTQzMhljMDM3MmViYzJmZWFkYTU5OmVzOmVzOkVT&amp;usg=AFQjCNGN4j0ca0FPwU79o6r-ZCCX4Bd61w\"><br \/>\nClausurado el programa de igualdad puesto en marcha por la Mancomunidad para los escolares &#8230;<\/a>&#8211;\u00a0Diario Axarqu\u00eda<\/p>\n<p><a href=\"https:\/\/www.eldiario.es\/andalucia\/junta-andalucia-vuelve-condenada-sacrificar-derecho-ultima-huelga-feminista_1_7164208.html\">La Junta de Andaluc\u00eda vuelve a ser condenada por \u00absacrificar\u00bb el derecho a la huelga feminista<\/a>-eldiario.es<\/p>\n<p><strong>Violencias<\/strong><\/p>\n<p><a href=\"https:\/\/www.google.com\/url?rct=j&amp;sa=t&amp;url=https:\/\/sevilla.abc.es\/andalucia\/cordoba\/sevi-menores-victimas-violencia-genero-casos-ninos-sienten-responsables-202101292106_noticia.html&amp;ct=ga&amp;cd=CAEYASoSMTEyNjI3NTA2NDE5ODQyOTM0Mhs5YWIxY2RkN2UzNjZlZjM4OmVzOmVzOkVTOlI&amp;usg=AFQjCNGjj_RRwp9oHbhCqLA7gnx8PEtLow\">Los menores v\u00edctimas de violencia de g\u00e9nero: \u00abSe dan casos de ni\u00f1os que se sienten &#8230;<\/a>&#8211;\u00a0abcdesevilla.es<\/p>\n<p><strong>Ciencia y Cultura<\/strong><\/p>\n<p><a href=\"https:\/\/www.eldiadecordoba.es\/cordoba\/investigadoras-uco-dia-mujer-nina-ciencia_0_1543345883.html\">Investigadoras de la UCO comparten su trabajo en el D\u00eda de la Mujer y la Ni\u00f1a en la Ciencia<\/a>&#8211;\u00a0El D\u00eda de C\u00f3rdoba<\/p>\n<p><a href=\"https:\/\/www.juntadeandalucia.es\/presidencia\/portavoz\/157831\/TransformacionEconomica\/Universidad\/Digitalizacion\/Campus\/Sostenibilidad\/NextGeneration\/UE\">La Junta promueve iniciativas en universidades para los fondos Next Generation por 445 millones<\/a>\u00a0\u2013 Oficina del Portavoz<\/p>\n<p><a href=\"https:\/\/www.google.com\/url?rct=j&amp;sa=t&amp;url=https:\/\/www.20minutos.es\/noticia\/4563510\/0\/diputacion-diputacion-entrega-a-enriqueta-barranco-el-xxi-premio-de-ensayo-carmen-de-burgos\/&amp;ct=ga&amp;cd=CAEYAioUMTQzOTIwMTExODI2OTgxNzA5NDUyGWMwMzcyZWJjMmZlYWRhNTk6ZXM6ZXM6RVM&amp;usg=AFQjCNHNjdwKPWMY55wwZq5vCZZH1ly2Zg\">Diputaci\u00f3n entrega a Enriqueta Barranco el XXI Premio de Ensayo &#8216;Carmen de Burgos&#8217;<\/a>-20minutos<\/p>\n<p><a href=\"https:\/\/www.google.com\/url?rct=j&amp;sa=t&amp;url=https:\/\/www.sevillaactualidad.com\/cultura\/170308-eloina-marcos-el-arte-no-puede-morir-por-una-pandemia\/&amp;ct=ga&amp;cd=CAEYBCoUMTgyMjQ0OTE4MTg1MTIzNjY5NTAyGWMwMzcyZWJjMmZlYWRhNTk6ZXM6ZXM6RVM&amp;usg=AFQjCNFpKYsulitva9zKmTq7K56sKTAFcw\">Elo\u00edna Marcos, actriz: \u00abEl arte no puede morir por una pandemia\u00bb<\/a>&#8211;\u00a0Sevilla Actualidad<\/p>\n<p><a href=\"https:\/\/www.huelvainformacion.es\/huelva\/Casa-Colon-palabras-Jo-Mujercitas_0_1543346300.html\">La Casa Col\u00f3n acoge este s\u00e1bado la obra teatral &#8216;En palabras de Jo\u2026 Mujercitas&#8217;<\/a>-Huelva Informaci\u00f3n<\/p>\n<p><a href=\"https:\/\/elpais.com\/gente\/2021-01-31\/lola-flores-un-fenomeno-inmortal-e-inusual.html\">Lola Flores, un fen\u00f3meno inmortal e inusual<\/a>-El Pa\u00eds<\/p>\n<p><a href=\"https:\/\/www.panoramaaudiovisual.com\/2021\/02\/01\/ganadores-33-premios-asecan-cine-andaluz\/\">&#8216;El Inconveniente&#8217; y &#8216;Antonio Machado. Los d\u00edas azules&#8217; triunfan en los 33\u00ba Premios ASECAN del Cine Andaluz<\/a>-Panoramaaudiovisual.com<a href=\"https:\/\/www.google.com\/url?rct=j&amp;sa=t&amp;url=https:\/\/www.audiovisual451.com\/concluye-el-rodaje-de-pan-de-limon-con-semillas-de-amapola-el-nuevo-filme-de-benito-zambrano-producido-por-filmax\/&amp;ct=ga&amp;cd=CAEYAioUMTc1NjA4NjA5NzQzMDY4NjgzMjgyGWMwMzcyZWJjMmZlYWRhNTk6ZXM6ZXM6RVM&amp;usg=AFQjCNFhDokAx58SlbjWzmEp8fvd8wFiFQ\"><br \/>\nConcluye el rodaje de &#8216;Pan de lim\u00f3n con semillas de amapola&#8217;, el nuevo filme de Benito Zambrano &#8230;<\/a>&#8211;\u00a0Audiovisual451<\/p>\n<p><strong>Deporte<\/strong><\/p>\n<p><a href=\"https:\/\/www.google.com\/url?rct=j&amp;sa=t&amp;url=https:\/\/www.diariosur.es\/malaga\/imbroda-junta-instituto-andaluz-deporte-20210129130142-nt.html&amp;ct=ga&amp;cd=CAEYACoTNjY1OTkwMzcxMzE3ODcwNzk2ODIZYzAzNzJlYmMyZmVhZGE1OTplczplczpFUw&amp;usg=AFQjCNG20Kkv5UHZfdNizP8gK247KzHo8g\">El IAD busca convertirse en referente de la formaci\u00f3n e investigaci\u00f3n en deporte<\/a>-Sur Digital<\/p>\n<p><a href=\"https:\/\/elpais.com\/deportes\/2021-01-31\/a-carolina-marin-se-le-escapa-la-copa-de-maestros.html\">A Carolina Mar\u00edn se le escapa la Copa de Maestros<\/a>&#8211; El Pa\u00eds<\/p>\n<p>[\/toggle]<\/p>\n<p>[toggle type=\u00bbfirst\u00bb title=\u00bbEstado\u00bb]<\/p>\n<p><strong>Institucional<\/strong><\/p>\n<p><a href=\"https:\/\/elpais.com\/economia\/2021-01-31\/calvino-prepara-medidas-para-evitar-que-se-disparen-las-insolvencias.html\">Calvi\u00f1o prepara medidas para evitar que se disparen las insolvencias<\/a>\u00a0\u2013 El Pa\u00eds<\/p>\n<p><a href=\"https:\/\/www.redaccionmedica.com\/ultimas-noticias-sanidad\/satse-propone-a-darias-que-cree-una-direccion-de-cuidados-y-humanizacion-y-un-observatorio-de-la-mujer\">SATSE propone a Darias que cree una Direcci\u00f3n de Cuidados y Humanizaci\u00f3n y un Observatorio de la Mujer<\/a>-Redacci\u00f3n M\u00e9dica<\/p>\n<p><a href=\"https:\/\/www.elperiodico.com\/es\/economia\/20210201\/gobierno-aprueba-martes-nuevo-complemento-11490556\">El Gobierno aprueba este martes el nuevo complemento por maternidad o paternidad para las pensiones\u2026<\/a>-El Peri\u00f3dico<\/p>\n<p><strong>Institucional-CCAA<\/strong><a href=\"https:\/\/www.google.com\/url?rct=j&amp;sa=t&amp;url=https:\/\/www.informacion.es\/alacanti\/2021\/01\/29\/campello-comienza-revertir-callejero-machista-32383193.html&amp;ct=ga&amp;cd=CAEYACoUMTU0NzI4NDEzMDQ3OTYyNzgyMjYyGWMwMzcyZWJjMmZlYWRhNTk6ZXM6ZXM6RVM&amp;usg=AFQjCNHxqUJOE3MguYow_mxBKOw_m2r5nw\"><br \/>\nEl Campello comienza a revertir su callejero \u00abmachista\u00bb con la calle dedicada a Pilar Altamira<\/a>&#8211;\u00a0Informaci\u00f3n<\/p>\n<p><a href=\"https:\/\/www.google.com\/url?rct=j&amp;sa=t&amp;url=https:\/\/menorcaaldia.com\/2021\/01\/29\/las-mujeres-solo-representan-el-23-del-trabajo-asalariado-en-la-agricultura-en-balears\/&amp;ct=ga&amp;cd=CAEYACoTNTQ0MDgyNDk4Njg4MDQ5Mjg3NDIZYzAzNzJlYmMyZmVhZGE1OTplczplczpFUw&amp;usg=AFQjCNF-AWTBMCC8tXJV9dyvA3r0u7p55A\">Las\u00a0mujeres\u00a0s\u00f3lo representan el 23% del trabajo asalariado en la agricultura en Balears<\/a>&#8211;\u00a0Menorca al d\u00eda<\/p>\n<p><a href=\"https:\/\/www.google.com\/url?rct=j&amp;sa=t&amp;url=https:\/\/www.murcia.com\/region\/noticias\/2021\/01\/30-mas-de-400-profesionales-participaran-en-cursos-de-formacion-para-la-mejora-de-la-empleabilidad-de-personas-en-situac.asp&amp;ct=ga&amp;cd=CAEYAioTNzU0Mjg4NDU5Mjc3MzEyMTA0MDIZYzAzNzJlYmMyZmVhZGE1OTplczplczpFUw&amp;usg=AFQjCNGdVlEc7j_xtmqHJEgwboaAGe2mwQ\">M\u00e1s de 400 profesionales participar\u00e1n en cursos de formaci\u00f3n para la mejora de la empleabilidad &#8230;<\/a>&#8211;\u00a0Murcia.com<a href=\"https:\/\/www.google.com\/url?rct=j&amp;sa=t&amp;url=https:\/\/eldiadigital.es\/art\/352972\/el-gobierno-regional-establece-las-bases-para-la-creacion-de-la-comision-por-la-igualdad-de-genero-en-el-deporte&amp;ct=ga&amp;cd=CAEYASoTMTkyMTU2Mzc0MzI4Njg0NzA3NjIZYzAzNzJlYmMyZmVhZGE1OTplczplczpFUw&amp;usg=AFQjCNGIWCvsydryWJYlmXv_RITSt0w-cQ\"><br \/>\nEl Gobierno regional establece las bases para la creaci\u00f3n de la comisi\u00f3n por la igualdad de &#8230;<\/a>&#8211;\u00a0eldiadigital.es<\/p>\n<p><a href=\"https:\/\/www.google.com\/url?rct=j&amp;sa=t&amp;url=https:\/\/www.lavanguardia.com\/local\/baleares\/20210201\/6213438\/educacion-suma-charlas-investigadoras-idisba-dia-mujer-nina-ciencia.html&amp;ct=ga&amp;cd=CAEYACoSODgxMDMxNDI4ODgxMDI3ODAwMhljMDM3MmViYzJmZWFkYTU5OmVzOmVzOkVT&amp;usg=AFQjCNHmmJcVt7rXsv0wOD-4impzlkWEgw\">Educaci\u00f3n se suma a las charlas con investigadoras del Idisba por el D\u00eda de la\u00a0Mujer\u00a0y la Ni\u00f1a en &#8230;<\/a>&#8211;\u00a0La Vanguardia<\/p>\n<p><a href=\"https:\/\/www.eldiario.es\/castilla-la-mancha\/albacete-ahora-ciudad-real-vandalismo-repite-senales-viales-violencia-machista_1_7183010.html\">Primero en Albacete y ahora en Ciudad Real: el vandalismo se repite en las se\u00f1ales viales contra la violencia machista<\/a>-eldiario.es<\/p>\n<p><a href=\"https:\/\/www.google.com\/url?rct=j&amp;sa=t&amp;url=https:\/\/www.lavanguardia.com\/local\/castilla-la-mancha\/20210131\/6212266\/comision-igualdad-genero-deporte-c-lm-tendra-representantes-mundo-empresarial-comunicacion.html&amp;ct=ga&amp;cd=CAEYACoUMTE3NDQ3NjcwNzQyODgxMDUxMzgyGWMwMzcyZWJjMmZlYWRhNTk6ZXM6ZXM6RVM&amp;usg=AFQjCNE_gGAsaxHmd6lwOeoQMzOjGuLKCA\">Comisi\u00f3n por la Igualdad de G\u00e9nero en el Deporte C-LM tendr\u00e1 representantes del mundo &#8230;<\/a>&#8211;\u00a0La Vanguardia<strong>\u00a0<\/strong><\/p>\n<p><strong>Econom\u00eda y Empresas<\/strong><\/p>\n<p><a href=\"https:\/\/www.google.com\/url?rct=j&amp;sa=t&amp;url=https:\/\/unavuelta.revista80dias.es\/945\/mujeres-y-turismo-un-techo-de-cristal-irrompible\/&amp;ct=ga&amp;cd=CAEYBCoTMjg5NzExNzY0NTE5MDQyMDgzNTIZYzAzNzJlYmMyZmVhZGE1OTplczplczpFUw&amp;usg=AFQjCNH7zWqvpQK4jImammWSSxk4dnx4hQ\">Mujeres\u00a0y turismo: un techo de cristal irrompible<\/a>&#8211;\u00a0revista80dias.es<\/p>\n<p><a href=\"https:\/\/www.muycomputerpro.com\/2021\/02\/01\/espanolas-pandemia-ralentizado-crecimiento-teletrabajo\">41% de espa\u00f1olas que trabajan en TI creen que la pandemia ha ralentizado su crecimiento profesional<\/a>-Mycomputer<\/p>\n<p><a href=\"https:\/\/www.google.com\/url?rct=j&amp;sa=t&amp;url=https:\/\/www.elmundofinanciero.com\/noticia\/92190\/empresas\/caixabank-mejor-entidad-del-mundo-en-igualdad-de-genero.html&amp;ct=ga&amp;cd=CAEYASoTMzkyNTg3MDUzMzk5MTIyOTA4MjIZYzAzNzJlYmMyZmVhZGE1OTplczplczpFUw&amp;usg=AFQjCNEk0NPeIwlTcKuscgFQwrDjY5Ovuw\">CaixaBank, mejor entidad del mundo en igualdad de g\u00e9nero<\/a>&#8211;\u00a0El Mundo Financiero<\/p>\n<p><a href=\"https:\/\/www.google.com\/url?rct=j&amp;sa=t&amp;url=https:\/\/www.finanzas.com\/jubilacion\/la-reforma-de-las-pensiones-ha-comenzado_20114909_102.html&amp;ct=ga&amp;cd=CAEYACoTNTI4MDgxMjczNjU2MDIzNjEwODIZYzAzNzJlYmMyZmVhZGE1OTplczplczpFUw&amp;usg=AFQjCNGZjeafooLW-eyRbVUA6oUoWisNbQ\">La reforma de las pensiones ya est\u00e1 en marcha<\/a>&#8211;\u00a0Finanzas.com<\/p>\n<p><a href=\"https:\/\/www.eldiario.es\/economia\/pasa-si-inspector-trabajo-robot-avances-temores-sanciones-automatizadas-aprobado-gobierno_1_7177360.html\">Cuando el inspector de trabajo es un algoritmo: avances y temores sobre las sanciones laborales automatizadas<\/a>-eldiario.es<\/p>\n<p><strong>Actualidad<\/strong><\/p>\n<p><a href=\"https:\/\/www.google.com\/url?rct=j&amp;sa=t&amp;url=https:\/\/elmedicointeractivo.com\/las-estatinas-pueden-proteger-al-corazon-del-tratamiento-de-quimioterapia-del-cancer-de-mama-precoz\/&amp;ct=ga&amp;cd=CAEYASoTODYzNTQ5Mjk2NjUyODAyOTkwMzIZYzAzNzJlYmMyZmVhZGE1OTplczplczpFUw&amp;usg=AFQjCNGqiblZbn-dOg5lZzavB490M5_ZCw\">Las estatinas pueden proteger al coraz\u00f3n del tratamiento de quimioterapia del c\u00e1ncer de mama &#8230;<\/a>&#8211;\u00a0El M\u00e9dico Interactivo<\/p>\n<p><a href=\"https:\/\/www.eldiario.es\/sociedad\/sentencias-recientes-reconocen-derecho-reproduccion-asistida-mujeres-solteras-lesbianas_1_7173922.html\">El Estado deber\u00e1 devolver el dinero a una pareja de lesbianas y una mujer soltera discriminadas en la reproducci\u00f3n asistida<\/a>-eldiario.es<\/p>\n<p><a href=\"https:\/\/www.google.com\/url?rct=j&amp;sa=t&amp;url=https:\/\/www.rtve.es\/noticias\/20210201\/coronavirus-parir-casa\/2071267.shtml&amp;ct=ga&amp;cd=CAEYAioUMTE3NDQ3NjcwNzQyODgxMDUxMzgyGWMwMzcyZWJjMmZlYWRhNTk6ZXM6ZXM6RVM&amp;usg=AFQjCNGzTqmJMchAShwVGXO1JwdICB_jmg\">Se dispara la cifra de partos en casa<\/a>&#8211;\u00a0Rtve<\/p>\n<p><strong>Violencias<\/strong><\/p>\n<p><a href=\"https:\/\/www.diariodesevilla.es\/juzgado_de_guardia\/actualidad\/Mujer-mantiene-relacion-afectiva-convive_0_1543346276.html\">Mujer de 44 a\u00f1os, con hijos y que mantiene una relaci\u00f3n afectiva o convive con su agresor<\/a>-Diario de Sevilla<a href=\"https:\/\/www.google.com\/url?rct=j&amp;sa=t&amp;url=https:\/\/www.eleconomista.com.mx\/politica\/La-violencia-de-genero-digital-debe-tratarse-como-un-fenomeno-estructural-y-no-como-un-delito-aislado-20210130-0006.html&amp;ct=ga&amp;cd=CAEYASoSNjI0MzgzMjc4NDI1MTc4MjYxMhllMWU3N2QxNTYwOThhOGUzOmVzOmVzOkVT&amp;usg=AFQjCNGxgjvJXQ3tvMNXok4PyqjN7OuZdw\"><br \/>\nLa\u00a0violencia de g\u00e9nero\u00a0digital debe tratarse como un fen\u00f3meno estructural y no como delito aislado<\/a>&#8211;\u00a0El Economista<\/p>\n<p><a href=\"https:\/\/elpais.com\/sociedad\/2021-01-31\/las-ordenes-religiosas-admiten-ya-126-casos-de-abusos-en-espana.html\">Las \u00f3rdenes religiosas admiten ya 126 casos de abusos en Espa\u00f1a<\/a>&#8211; El Pa\u00eds<\/p>\n<p><a href=\"https:\/\/www.diariodesevilla.es\/sociedad\/acusado-grabar-129-mujeres-desnudas-115-anos-carcel_0_1543346091.html\">El acusado de grabar a 129 mujeres desnudas en una agencia de modelos acepta una condena de 115 a\u00f1os pero cumplir\u00e1 5 como m\u00e1ximo<\/a>-Diario de Sevilla<strong>\u00a0<\/strong><\/p>\n<p><strong>Ciencia y Cultura<\/strong><\/p>\n<p><a href=\"https:\/\/elpais.com\/ciencia\/2021-02-01\/en-busca-de-un-farmaco-que-evite-la-perdida-de-memoria-que-provoca-la-menopausia.html\">En busca de un f\u00e1rmaco que evite la p\u00e9rdida de memoria que provoca la menopausia<\/a>&#8211; El Pa\u00eds<\/p>\n<p><a href=\"https:\/\/www.google.com\/url?rct=j&amp;sa=t&amp;url=https:\/\/www.cope.es\/emisoras\/castilla-la-mancha\/toledo-provincia\/toledo\/noticias\/biografia-del-cadaver-una-mujer-toledana-mabel-lozano-nominado-los-goya-20210129_1113621&amp;ct=ga&amp;cd=CAEYACoTNTY1ODAzNTE5MTYxNjgyMTQ1MjIZYzAzNzJlYmMyZmVhZGE1OTplczplczpFUw&amp;usg=AFQjCNEfdxFvf6Y1bDTud64NC9dqg3tXgw\">\u00abBiograf\u00eda del cad\u00e1ver de una\u00a0mujer\u00bb de la toledana Mabel Lozano, nominado a los Goya<\/a>&#8211;\u00a0Cope<\/p>\n<p><a href=\"https:\/\/www.google.com\/url?rct=j&amp;sa=t&amp;url=https:\/\/avilared.com\/art\/52256\/misterios-en-el-londres-previo-a-la-i-guerra-mundial-en-la-primera-novela-de-clara-martin-munoz&amp;ct=ga&amp;cd=CAEYCSoUMTMyNDUxMTMzNzI2NDc3MDY3MTEyGWMwMzcyZWJjMmZlYWRhNTk6ZXM6ZXM6RVM&amp;usg=AFQjCNEyhUKUnvP0PNcy8y1dFYwEZM5r6g\">Misterios en el Londres previo a la I Guerra Mundial en la primera novela de Clara Mart\u00edn Mu\u00f1oz<\/a>&#8211;\u00a0Avilared<\/p>\n<p><a href=\"https:\/\/elpais.com\/cultura\/2021-01-30\/ana-penyas-dibuja-los-nubarrones-de-60-anos-de-sol-y-playa.html\">Ana Penyas dibuja los nubarrones de 60 a\u00f1os de sol y playa<\/a>&#8211; El Pa\u00eds<\/p>\n<p><a href=\"https:\/\/www.eldiario.es\/cultura\/ministerio-cultura-logra-acuerdo-alquilar-coleccion-thyssen_1_7179158.html\">La colecci\u00f3n Thyssen se queda en Espa\u00f1a hasta 2035: el Estado pagar\u00e1 un alquiler de 6,5 millones anuales<\/a>&#8211;\u00a0eldiario.es<\/p>\n<p><a href=\"https:\/\/elpais.com\/cultura\/2021-02-01\/escribir-para-abrirle-una-ventana-al-confinamiento.html\">Escribir para abrirle una ventana al confinamiento<\/a>&#8211; El Pa\u00eds<\/p>\n<p><a href=\"https:\/\/elpais.com\/television\/2021-01-31\/esty-quesada-no-se-va-a-andorra-hay-que-cambiar-el-sistema-no-irse-a-tributar-dos-euros-por-trimestre.html\">Esty Quesada no se va a Andorra: \u201cHay que cambiar el sistema, no irse a tributar dos euros por trimestre\u201d<\/a>-El Pa\u00eds<\/p>\n<p><strong>Deporte<\/strong><\/p>\n<p><a href=\"https:\/\/elpais.com\/deportes\/2021-01-29\/ona-carbonell-la-conciliacion-en-el-deporte-no-existe.html\">Ona Carbonell: \u201cLa conciliaci\u00f3n en el deporte no existe\u201d<\/a>\u00a0\u2013 El Pa\u00eds<\/p>\n<p><a href=\"https:\/\/elpais.com\/deportes\/2021-01-31\/el-barca-retuerce-al-madrid.html\">El Bar\u00e7a retuerce al Madrid<\/a>\u00a0\u2013 El Pa\u00eds<\/p>\n<p>[\/toggle]<\/p>\n<p>[toggle type=\u00bbfirst\u00bb title=\u00bbInternacional\u00bb]<\/p>\n<p><a href=\"https:\/\/www.google.com\/url?rct=j&amp;sa=t&amp;url=https:\/\/www.lamarea.com\/2021\/01\/29\/next-generation-eu-fondos-historicos-luces-sombras\/&amp;ct=ga&amp;cd=CAEYASoTNzQzNjUxNzQ4ODk0Mzk2ODY3MDIbOTE4ODU3Y2Q2MGY5Nzc0ODplczplczpFUzpM&amp;usg=AFQjCNFxY8YWJWhbG0ZsGQUxHpz8C_2YkQ\">Next Generation EU: unos fondos billonarios hist\u00f3ricos con luces y sombras<\/a>&#8211;\u00a0La Marea<\/p>\n<p><a href=\"https:\/\/proceso.com.do\/2021\/01\/31\/micm-y-aacid-se-proponen-dinamizar-economia-en-zona-fronteriza-con-apoyo-a-mujeres-emprendedoras\/\">MICM y AACID se proponen dinamizar econom\u00eda en zona fronteriza con apoyo a mujeres emprendedoras<\/a>-Proceso<\/p>\n<p><a href=\"https:\/\/www.eldiario.es\/internacional\/theguardian\/sistema-perfecto-cientifica-destacada-nueva-zelanda-complacencia-pandemia_1_7173817.html\">Siouxsie Wiles, cient\u00edfica de Nueva Zelanda, sobre el \u00e9xito del pa\u00eds: \u00abNing\u00fan sistema es perfecto\u00bb<\/a>-eldiario.es<a href=\"https:\/\/www.google.com\/url?rct=j&amp;sa=t&amp;url=https:\/\/carteleradeteatro.mx\/2021\/magdalena-mondragon-una-mujer-que-abrio-brecha-en-la-dramaturgia\/&amp;ct=ga&amp;cd=CAEYAioUMTU0NzI4NDEzMDQ3OTYyNzgyMjYyGWMwMzcyZWJjMmZlYWRhNTk6ZXM6ZXM6RVM&amp;usg=AFQjCNFAhsa2O9TQfsUHpUfWh2CJ6HmIkQ\"><br \/>\nMagdalena Mondrag\u00f3n, una\u00a0mujer\u00a0que abri\u00f3 brecha en la dramaturgia<\/a>&#8211;\u00a0Cartelera de Teatro<\/p>\n<p><a href=\"https:\/\/www.google.com\/url?rct=j&amp;sa=t&amp;url=http:\/\/www.ipsnoticias.net\/2021\/01\/mujeres-la-musica-relegadas-la-inequidad-genero\/&amp;ct=ga&amp;cd=CAEYAioUMTQxNzc3NzAyNDU1NzI1NDQ3OTkyGWMwMzcyZWJjMmZlYWRhNTk6ZXM6ZXM6RVM&amp;usg=AFQjCNFa9cvgkkr96ZLnIXmnEYyC9xT1YQ\">Mujeres en\u00a0la m\u00fasica, relegadas por la inequidad de g\u00e9nero<\/a>&#8211;\u00a0IPS Agencia de Noticias<\/p>\n<p><a href=\"https:\/\/www.marca.com\/deportes-aventura\/2021\/02\/01\/6017ce5a22601dde528b45be.html\">El reto del Kilimanjaro: un grupo de mujeres intentar\u00e1 subir en bicicleta la monta\u00f1a m\u00e1s alta de \u00c1frica<\/a>&#8211;\u00a0Marca<\/p>\n<p>[\/toggle]<\/p>\n<\/div>\n<\/div>\n<\/div>\n<\/div>\n<\/div>\n<\/div>\n","protected":false},"excerpt":{"rendered":"<p>Mujeres y turismo: techo de cristal irrompible-Perfil asesinadas por VG <a href=\"https:\/\/cklcomunicaciones.es\/coop\/noticias-info-ckl-no-2-542-01-02-21\/\">[&#8230;]<\/a><\/p>\n","protected":false},"author":3,"featured_media":0,"comment_status":"closed","ping_status":"closed","sticky":false,"template":"","format":"standard","meta":{"footnotes":""},"categories":[298,623],"tags":[245,109],"class_list":["post-15215","post","type-post","status-publish","format-standard","hentry","category-newsletter","category-nwl-2-0","tag-mujer-y-turismo","tag-violencia-de-genero"],"yoast_head":"<!-- This site is optimized with the Yoast SEO plugin v27.5 - https:\/\/yoast.com\/product\/yoast-seo-wordpress\/ -->\n<title>Noticias Info CKL n\u00ba 2.542-01\/02\/21-Comunicar con perspectiva de g\u00e9nero<\/title>\n<meta name=\"description\" content=\"Comunicar con perspectiva de g\u00e9nero: Mujeres y turismo: techo de cristal irrompible-Perfil asesinadas por VG en 2019: Mujer de 44 a\u00f1os, con hijos...\" \/>\n<meta name=\"robots\" content=\"index, follow, max-snippet:-1, max-image-preview:large, max-video-preview:-1\" \/>\n<link rel=\"canonical\" href=\"https:\/\/cklcomunicaciones.es\/coop\/noticias-info-ckl-no-2-542-01-02-21\/\" \/>\n<meta property=\"og:locale\" content=\"es_ES\" \/>\n<meta property=\"og:type\" content=\"article\" \/>\n<meta property=\"og:title\" content=\"Noticias Info CKL n\u00ba 2.542-01\/02\/21-Comunicar con perspectiva de g\u00e9nero\" \/>\n<meta property=\"og:description\" content=\"Comunicar con perspectiva de g\u00e9nero: Mujeres y turismo: techo de cristal irrompible-Perfil asesinadas por VG en 2019: Mujer de 44 a\u00f1os, con hijos...\" \/>\n<meta property=\"og:url\" content=\"https:\/\/cklcomunicaciones.es\/coop\/noticias-info-ckl-no-2-542-01-02-21\/\" \/>\n<meta property=\"og:site_name\" content=\"CKL Comunicaciones\" \/>\n<meta property=\"article:published_time\" content=\"2021-02-01T13:04:49+00:00\" \/>\n<meta property=\"article:modified_time\" content=\"2025-01-17T15:47:21+00:00\" \/>\n<meta property=\"og:image\" content=\"https:\/\/cklcomunicaciones.es\/coop\/wp-content\/uploads\/2018\/03\/CKL_comunicacion-con-perspetiva-de-genero.jpg\" \/>\n\t<meta property=\"og:image:width\" content=\"500\" \/>\n\t<meta property=\"og:image:height\" content=\"500\" \/>\n\t<meta property=\"og:image:type\" content=\"image\/jpeg\" \/>\n<meta name=\"author\" content=\"ckl\" \/>\n<meta name=\"twitter:card\" content=\"summary_large_image\" \/>\n<meta name=\"twitter:label1\" content=\"Escrito por\" \/>\n\t<meta name=\"twitter:data1\" content=\"ckl\" \/>\n\t<meta name=\"twitter:label2\" content=\"Tiempo de lectura\" \/>\n\t<meta name=\"twitter:data2\" content=\"6 minutos\" \/>\n<script type=\"application\/ld+json\" class=\"yoast-schema-graph\">{\"@context\":\"https:\\\/\\\/schema.org\",\"@graph\":[{\"@type\":\"Article\",\"@id\":\"https:\\\/\\\/cklcomunicaciones.es\\\/coop\\\/noticias-info-ckl-no-2-542-01-02-21\\\/#article\",\"isPartOf\":{\"@id\":\"https:\\\/\\\/cklcomunicaciones.es\\\/coop\\\/noticias-info-ckl-no-2-542-01-02-21\\\/\"},\"author\":{\"name\":\"ckl\",\"@id\":\"https:\\\/\\\/cklcomunicaciones.es\\\/coop\\\/#\\\/schema\\\/person\\\/929a6837f7626450bbb50cee1aef266e\"},\"headline\":\"Noticias Info CKL n\u00ba 2.542-01\\\/02\\\/21\",\"datePublished\":\"2021-02-01T13:04:49+00:00\",\"dateModified\":\"2025-01-17T15:47:21+00:00\",\"mainEntityOfPage\":{\"@id\":\"https:\\\/\\\/cklcomunicaciones.es\\\/coop\\\/noticias-info-ckl-no-2-542-01-02-21\\\/\"},\"wordCount\":1176,\"image\":{\"@id\":\"https:\\\/\\\/cklcomunicaciones.es\\\/coop\\\/noticias-info-ckl-no-2-542-01-02-21\\\/#primaryimage\"},\"thumbnailUrl\":\"http:\\\/\\\/www.cklcomunicaciones.es\\\/wp-content\\\/uploads\\\/2018\\\/03\\\/CKL_comunicacion-con-perspetiva-de-genero-300x300.jpg\",\"keywords\":[\"mujer y turismo\",\"violencia de g\u00e9nero\"],\"articleSection\":[\"Newsletter\",\"Nwl v2.0\"],\"inLanguage\":\"es\"},{\"@type\":\"WebPage\",\"@id\":\"https:\\\/\\\/cklcomunicaciones.es\\\/coop\\\/noticias-info-ckl-no-2-542-01-02-21\\\/\",\"url\":\"https:\\\/\\\/cklcomunicaciones.es\\\/coop\\\/noticias-info-ckl-no-2-542-01-02-21\\\/\",\"name\":\"Noticias Info CKL n\u00ba 2.542-01\\\/02\\\/21-Comunicar con perspectiva de g\u00e9nero\",\"isPartOf\":{\"@id\":\"https:\\\/\\\/cklcomunicaciones.es\\\/coop\\\/#website\"},\"primaryImageOfPage\":{\"@id\":\"https:\\\/\\\/cklcomunicaciones.es\\\/coop\\\/noticias-info-ckl-no-2-542-01-02-21\\\/#primaryimage\"},\"image\":{\"@id\":\"https:\\\/\\\/cklcomunicaciones.es\\\/coop\\\/noticias-info-ckl-no-2-542-01-02-21\\\/#primaryimage\"},\"thumbnailUrl\":\"http:\\\/\\\/www.cklcomunicaciones.es\\\/wp-content\\\/uploads\\\/2018\\\/03\\\/CKL_comunicacion-con-perspetiva-de-genero-300x300.jpg\",\"datePublished\":\"2021-02-01T13:04:49+00:00\",\"dateModified\":\"2025-01-17T15:47:21+00:00\",\"author\":{\"@id\":\"https:\\\/\\\/cklcomunicaciones.es\\\/coop\\\/#\\\/schema\\\/person\\\/929a6837f7626450bbb50cee1aef266e\"},\"description\":\"Comunicar con perspectiva de g\u00e9nero: Mujeres y turismo: techo de cristal irrompible-Perfil asesinadas por VG en 2019: Mujer de 44 a\u00f1os, con hijos...\",\"breadcrumb\":{\"@id\":\"https:\\\/\\\/cklcomunicaciones.es\\\/coop\\\/noticias-info-ckl-no-2-542-01-02-21\\\/#breadcrumb\"},\"inLanguage\":\"es\",\"potentialAction\":[{\"@type\":\"ReadAction\",\"target\":[\"https:\\\/\\\/cklcomunicaciones.es\\\/coop\\\/noticias-info-ckl-no-2-542-01-02-21\\\/\"]}]},{\"@type\":\"ImageObject\",\"inLanguage\":\"es\",\"@id\":\"https:\\\/\\\/cklcomunicaciones.es\\\/coop\\\/noticias-info-ckl-no-2-542-01-02-21\\\/#primaryimage\",\"url\":\"http:\\\/\\\/www.cklcomunicaciones.es\\\/wp-content\\\/uploads\\\/2018\\\/03\\\/CKL_comunicacion-con-perspetiva-de-genero-300x300.jpg\",\"contentUrl\":\"http:\\\/\\\/www.cklcomunicaciones.es\\\/wp-content\\\/uploads\\\/2018\\\/03\\\/CKL_comunicacion-con-perspetiva-de-genero-300x300.jpg\"},{\"@type\":\"BreadcrumbList\",\"@id\":\"https:\\\/\\\/cklcomunicaciones.es\\\/coop\\\/noticias-info-ckl-no-2-542-01-02-21\\\/#breadcrumb\",\"itemListElement\":[{\"@type\":\"ListItem\",\"position\":1,\"name\":\"Portada\",\"item\":\"https:\\\/\\\/cklcomunicaciones.es\\\/coop\\\/\"},{\"@type\":\"ListItem\",\"position\":2,\"name\":\"Noticias Info CKL n\u00ba 2.542-01\\\/02\\\/21\"}]},{\"@type\":\"WebSite\",\"@id\":\"https:\\\/\\\/cklcomunicaciones.es\\\/coop\\\/#website\",\"url\":\"https:\\\/\\\/cklcomunicaciones.es\\\/coop\\\/\",\"name\":\"CKL Comunicaciones\",\"description\":\"Sitio web de CKL Comunicaciones coop , la consultora de comunicaci\u00f3n y estrategia\",\"potentialAction\":[{\"@type\":\"SearchAction\",\"target\":{\"@type\":\"EntryPoint\",\"urlTemplate\":\"https:\\\/\\\/cklcomunicaciones.es\\\/coop\\\/?s={search_term_string}\"},\"query-input\":{\"@type\":\"PropertyValueSpecification\",\"valueRequired\":true,\"valueName\":\"search_term_string\"}}],\"inLanguage\":\"es\"},{\"@type\":\"Person\",\"@id\":\"https:\\\/\\\/cklcomunicaciones.es\\\/coop\\\/#\\\/schema\\\/person\\\/929a6837f7626450bbb50cee1aef266e\",\"name\":\"ckl\",\"image\":{\"@type\":\"ImageObject\",\"inLanguage\":\"es\",\"@id\":\"https:\\\/\\\/secure.gravatar.com\\\/avatar\\\/c82db564e8a669bf6023357a157b9dc4780f4d4c618f2ad1d71a6a5dede45057?s=96&d=mm&r=g\",\"url\":\"https:\\\/\\\/secure.gravatar.com\\\/avatar\\\/c82db564e8a669bf6023357a157b9dc4780f4d4c618f2ad1d71a6a5dede45057?s=96&d=mm&r=g\",\"contentUrl\":\"https:\\\/\\\/secure.gravatar.com\\\/avatar\\\/c82db564e8a669bf6023357a157b9dc4780f4d4c618f2ad1d71a6a5dede45057?s=96&d=mm&r=g\",\"caption\":\"ckl\"},\"url\":\"https:\\\/\\\/cklcomunicaciones.es\\\/coop\\\/author\\\/cklcomunicaciones\\\/\"}]}<\/script>\n<!-- \/ Yoast SEO plugin. -->","yoast_head_json":{"title":"Noticias Info CKL n\u00ba 2.542-01\/02\/21-Comunicar con perspectiva de g\u00e9nero","description":"Comunicar con perspectiva de g\u00e9nero: Mujeres y turismo: techo de cristal irrompible-Perfil asesinadas por VG en 2019: Mujer de 44 a\u00f1os, con hijos...","robots":{"index":"index","follow":"follow","max-snippet":"max-snippet:-1","max-image-preview":"max-image-preview:large","max-video-preview":"max-video-preview:-1"},"canonical":"https:\/\/cklcomunicaciones.es\/coop\/noticias-info-ckl-no-2-542-01-02-21\/","og_locale":"es_ES","og_type":"article","og_title":"Noticias Info CKL n\u00ba 2.542-01\/02\/21-Comunicar con perspectiva de g\u00e9nero","og_description":"Comunicar con perspectiva de g\u00e9nero: Mujeres y turismo: techo de cristal irrompible-Perfil asesinadas por VG en 2019: Mujer de 44 a\u00f1os, con hijos...","og_url":"https:\/\/cklcomunicaciones.es\/coop\/noticias-info-ckl-no-2-542-01-02-21\/","og_site_name":"CKL Comunicaciones","article_published_time":"2021-02-01T13:04:49+00:00","article_modified_time":"2025-01-17T15:47:21+00:00","og_image":[{"width":500,"height":500,"url":"https:\/\/cklcomunicaciones.es\/coop\/wp-content\/uploads\/2018\/03\/CKL_comunicacion-con-perspetiva-de-genero.jpg","type":"image\/jpeg"}],"author":"ckl","twitter_card":"summary_large_image","twitter_misc":{"Escrito por":"ckl","Tiempo de lectura":"6 minutos"},"schema":{"@context":"https:\/\/schema.org","@graph":[{"@type":"Article","@id":"https:\/\/cklcomunicaciones.es\/coop\/noticias-info-ckl-no-2-542-01-02-21\/#article","isPartOf":{"@id":"https:\/\/cklcomunicaciones.es\/coop\/noticias-info-ckl-no-2-542-01-02-21\/"},"author":{"name":"ckl","@id":"https:\/\/cklcomunicaciones.es\/coop\/#\/schema\/person\/929a6837f7626450bbb50cee1aef266e"},"headline":"Noticias Info CKL n\u00ba 2.542-01\/02\/21","datePublished":"2021-02-01T13:04:49+00:00","dateModified":"2025-01-17T15:47:21+00:00","mainEntityOfPage":{"@id":"https:\/\/cklcomunicaciones.es\/coop\/noticias-info-ckl-no-2-542-01-02-21\/"},"wordCount":1176,"image":{"@id":"https:\/\/cklcomunicaciones.es\/coop\/noticias-info-ckl-no-2-542-01-02-21\/#primaryimage"},"thumbnailUrl":"http:\/\/www.cklcomunicaciones.es\/wp-content\/uploads\/2018\/03\/CKL_comunicacion-con-perspetiva-de-genero-300x300.jpg","keywords":["mujer y turismo","violencia de g\u00e9nero"],"articleSection":["Newsletter","Nwl v2.0"],"inLanguage":"es"},{"@type":"WebPage","@id":"https:\/\/cklcomunicaciones.es\/coop\/noticias-info-ckl-no-2-542-01-02-21\/","url":"https:\/\/cklcomunicaciones.es\/coop\/noticias-info-ckl-no-2-542-01-02-21\/","name":"Noticias Info CKL n\u00ba 2.542-01\/02\/21-Comunicar con perspectiva de g\u00e9nero","isPartOf":{"@id":"https:\/\/cklcomunicaciones.es\/coop\/#website"},"primaryImageOfPage":{"@id":"https:\/\/cklcomunicaciones.es\/coop\/noticias-info-ckl-no-2-542-01-02-21\/#primaryimage"},"image":{"@id":"https:\/\/cklcomunicaciones.es\/coop\/noticias-info-ckl-no-2-542-01-02-21\/#primaryimage"},"thumbnailUrl":"http:\/\/www.cklcomunicaciones.es\/wp-content\/uploads\/2018\/03\/CKL_comunicacion-con-perspetiva-de-genero-300x300.jpg","datePublished":"2021-02-01T13:04:49+00:00","dateModified":"2025-01-17T15:47:21+00:00","author":{"@id":"https:\/\/cklcomunicaciones.es\/coop\/#\/schema\/person\/929a6837f7626450bbb50cee1aef266e"},"description":"Comunicar con perspectiva de g\u00e9nero: Mujeres y turismo: techo de cristal irrompible-Perfil asesinadas por VG en 2019: Mujer de 44 a\u00f1os, con hijos...","breadcrumb":{"@id":"https:\/\/cklcomunicaciones.es\/coop\/noticias-info-ckl-no-2-542-01-02-21\/#breadcrumb"},"inLanguage":"es","potentialAction":[{"@type":"ReadAction","target":["https:\/\/cklcomunicaciones.es\/coop\/noticias-info-ckl-no-2-542-01-02-21\/"]}]},{"@type":"ImageObject","inLanguage":"es","@id":"https:\/\/cklcomunicaciones.es\/coop\/noticias-info-ckl-no-2-542-01-02-21\/#primaryimage","url":"http:\/\/www.cklcomunicaciones.es\/wp-content\/uploads\/2018\/03\/CKL_comunicacion-con-perspetiva-de-genero-300x300.jpg","contentUrl":"http:\/\/www.cklcomunicaciones.es\/wp-content\/uploads\/2018\/03\/CKL_comunicacion-con-perspetiva-de-genero-300x300.jpg"},{"@type":"BreadcrumbList","@id":"https:\/\/cklcomunicaciones.es\/coop\/noticias-info-ckl-no-2-542-01-02-21\/#breadcrumb","itemListElement":[{"@type":"ListItem","position":1,"name":"Portada","item":"https:\/\/cklcomunicaciones.es\/coop\/"},{"@type":"ListItem","position":2,"name":"Noticias Info CKL n\u00ba 2.542-01\/02\/21"}]},{"@type":"WebSite","@id":"https:\/\/cklcomunicaciones.es\/coop\/#website","url":"https:\/\/cklcomunicaciones.es\/coop\/","name":"CKL Comunicaciones","description":"Sitio web de CKL Comunicaciones coop , la consultora de comunicaci\u00f3n y estrategia","potentialAction":[{"@type":"SearchAction","target":{"@type":"EntryPoint","urlTemplate":"https:\/\/cklcomunicaciones.es\/coop\/?s={search_term_string}"},"query-input":{"@type":"PropertyValueSpecification","valueRequired":true,"valueName":"search_term_string"}}],"inLanguage":"es"},{"@type":"Person","@id":"https:\/\/cklcomunicaciones.es\/coop\/#\/schema\/person\/929a6837f7626450bbb50cee1aef266e","name":"ckl","image":{"@type":"ImageObject","inLanguage":"es","@id":"https:\/\/secure.gravatar.com\/avatar\/c82db564e8a669bf6023357a157b9dc4780f4d4c618f2ad1d71a6a5dede45057?s=96&d=mm&r=g","url":"https:\/\/secure.gravatar.com\/avatar\/c82db564e8a669bf6023357a157b9dc4780f4d4c618f2ad1d71a6a5dede45057?s=96&d=mm&r=g","contentUrl":"https:\/\/secure.gravatar.com\/avatar\/c82db564e8a669bf6023357a157b9dc4780f4d4c618f2ad1d71a6a5dede45057?s=96&d=mm&r=g","caption":"ckl"},"url":"https:\/\/cklcomunicaciones.es\/coop\/author\/cklcomunicaciones\/"}]}},"_links":{"self":[{"href":"https:\/\/cklcomunicaciones.es\/coop\/wp-json\/wp\/v2\/posts\/15215","targetHints":{"allow":["GET"]}}],"collection":[{"href":"https:\/\/cklcomunicaciones.es\/coop\/wp-json\/wp\/v2\/posts"}],"about":[{"href":"https:\/\/cklcomunicaciones.es\/coop\/wp-json\/wp\/v2\/types\/post"}],"author":[{"embeddable":true,"href":"https:\/\/cklcomunicaciones.es\/coop\/wp-json\/wp\/v2\/users\/3"}],"replies":[{"embeddable":true,"href":"https:\/\/cklcomunicaciones.es\/coop\/wp-json\/wp\/v2\/comments?post=15215"}],"version-history":[{"count":0,"href":"https:\/\/cklcomunicaciones.es\/coop\/wp-json\/wp\/v2\/posts\/15215\/revisions"}],"wp:attachment":[{"href":"https:\/\/cklcomunicaciones.es\/coop\/wp-json\/wp\/v2\/media?parent=15215"}],"wp:term":[{"taxonomy":"category","embeddable":true,"href":"https:\/\/cklcomunicaciones.es\/coop\/wp-json\/wp\/v2\/categories?post=15215"},{"taxonomy":"post_tag","embeddable":true,"href":"https:\/\/cklcomunicaciones.es\/coop\/wp-json\/wp\/v2\/tags?post=15215"}],"curies":[{"name":"wp","href":"https:\/\/api.w.org\/{rel}","templated":true}]}}