{"id":15210,"date":"2021-01-29T12:49:13","date_gmt":"2021-01-29T11:49:13","guid":{"rendered":"http:\/\/www.cklcomunicaciones.es\/?p=15210"},"modified":"2025-01-17T16:47:21","modified_gmt":"2025-01-17T15:47:21","slug":"noticias-info-ckl-no-2-541-29-01-21","status":"publish","type":"post","link":"https:\/\/cklcomunicaciones.es\/coop\/noticias-info-ckl-no-2-541-29-01-21\/","title":{"rendered":"Noticias Info CKL n\u00ba 2.541-29\/01\/21"},"content":{"rendered":"<div id=\"pl-15210\"  class=\"panel-layout\" >\n<div id=\"pg-15210-0\"  class=\"panel-grid panel-no-style\"  data-style=\"{&quot;background_image_attachment&quot;:false,&quot;background_display&quot;:&quot;tile&quot;,&quot;cell_alignment&quot;:&quot;flex-start&quot;}\" >\n<div id=\"pgc-15210-0-0\"  class=\"panel-grid-cell\"  data-weight=\"1\" >\n<div id=\"panel-15210-0-0-0\" class=\"so-panel widget widget_sow-editor panel-first-child panel-last-child\" data-index=\"0\" data-style=\"{&quot;background_image_attachment&quot;:false,&quot;background_display&quot;:&quot;tile&quot;}\" >\n<div class=\"so-widget-sow-editor so-widget-sow-editor-base\">\n<div class=\"siteorigin-widget-tinymce textwidget\">\n<p><img decoding=\"async\" class=\"lazyload  wp-image-13726\" src=\"http:\/\/www.cklcomunicaciones.es\/wp-content\/uploads\/2018\/03\/CKL_comunicacion-con-perspetiva-de-genero-300x300.jpg\" data-orig-src=\"http:\/\/www.cklcomunicaciones.es\/wp-content\/uploads\/2018\/03\/CKL_comunicacion-con-perspetiva-de-genero-300x300.jpg\" alt=\"CKL_comunicacion con perspetiva de genero\" width=\"132\" height=\"132\" srcset=\"data:image\/svg+xml,%3Csvg%20xmlns%3D%27http%3A%2F%2Fwww.w3.org%2F2000%2Fsvg%27%20width%3D%27132%27%20height%3D%27132%27%20viewBox%3D%270%200%20132%20132%27%3E%3Crect%20width%3D%27132%27%20height%3D%27132%27%20fill-opacity%3D%220%22%2F%3E%3C%2Fsvg%3E\" data-srcset=\"https:\/\/cklcomunicaciones.es\/coop\/wp-content\/uploads\/2018\/03\/CKL_comunicacion-con-perspetiva-de-genero-150x150.jpg 150w, https:\/\/cklcomunicaciones.es\/coop\/wp-content\/uploads\/2018\/03\/CKL_comunicacion-con-perspetiva-de-genero-300x300.jpg 300w, https:\/\/cklcomunicaciones.es\/coop\/wp-content\/uploads\/2018\/03\/CKL_comunicacion-con-perspetiva-de-genero-450x450.jpg 450w, https:\/\/cklcomunicaciones.es\/coop\/wp-content\/uploads\/2018\/03\/CKL_comunicacion-con-perspetiva-de-genero.jpg 500w\" data-sizes=\"auto\" data-orig-sizes=\"(max-width: 132px) 100vw, 132px\" \/><\/p>\n<p id=\":ih\" class=\"hP\" tabindex=\"-1\" data-thread-perm-id=\"thread-f:1690041202501495509\" data-legacy-thread-id=\"17743b84fae02ad5\"><strong>El compromiso de CaixaBank con la igualdad, reconocido por Bloomberg-No faltan mujeres en la m\u00fasica electr\u00f3nica, sobra machismo-Estonia, 1\u00ba pa\u00eds del mundo con mujeres como presidenta y primera ministra<\/strong><\/p>\n<p>[toggle type=\u00bbfirst\u00bb title=\u00bbComunicaci\u00f3n\u00bb]<\/p>\n<ul>\n<li><a href=\"http:\/\/www.uco.es\/catedrasyaulas\/catedramujeres\/jornadas-otras-mujeres-otros-hombres.php\">Videoconferencia &#8216;El mito de la libre elecci\u00f3n&#8217; de\u00a0Ana de Miguel \u00c1lvarez<\/a>[dentro de las Jornadas\u00a0&#8216;Otras\u00a0Mujeres,\u00a0Otros\u00a0Hombres&#8217;]. C\u00e1tedra de Estudios de las Mujeres Leonor de Guzm\u00e1n de la Universidad de C\u00f3rdoba. A trav\u00e9s de Google Meet,\u00a05\u00a0de\u00a0febrero\u00a0a las 12h.<strong>\u00a0<\/strong><\/li>\n<\/ul>\n<p>[\/toggle]<\/p>\n<p>[toggle type=\u00bbfirst\u00bb title=\u00bbComunicaci\u00f3n\u00bb]<\/p>\n<p><a href=\"https:\/\/elpais.com\/television\/2021-01-28\/el-ano-de-esplendor-del-podcast-espanol.html\">El a\u00f1o de esplendor del \u2018podcast\u2019 espa\u00f1ol<\/a>&#8211; El Pa\u00eds<\/p>\n<p><a href=\"https:\/\/www.google.com\/url?rct=j&amp;sa=t&amp;url=https:\/\/www.lavanguardia.com\/vida\/20210128\/6205227\/tve-maldita-inss-ganadores-premios-proteccion-datos-2020.html&amp;ct=ga&amp;cd=CAEYACoSMjg2MTMyODg3Nzk5Mzg4OTcyMhllMWU3N2QxNTYwOThhOGUzOmVzOmVzOkVT&amp;usg=AFQjCNFLQukoFPCg7ZxZkF2rfs9Mkf9haQ\">TVE, Maldita.es y el INSS, ganadores de los Premios Protecci\u00f3n de Datos 2020<\/a>&#8211;\u00a0La Vanguardia<\/p>\n<p><a href=\"https:\/\/www.eldiario.es\/andalucia\/telefonica-eldiario-andalucia-analizan-retos-cara-andalucia-digital_1_7175265.html\">Telef\u00f3nica y elDiario.es Andaluc\u00eda analizan los retos de la transformaci\u00f3n digital<\/a>-eldiario.es<\/p>\n<p><a href=\"https:\/\/www.google.com\/url?rct=j&amp;sa=t&amp;url=https:\/\/www.lavanguardia.com\/vida\/20210126\/6199233\/piden-jovenes-frenar-contenido-sexual-mujeres-internet.html&amp;ct=ga&amp;cd=CAEYACoTMzEyMDgyNTE3MTY3ODkxOTY1OTIZYzAzNzJlYmMyZmVhZGE1OTplczplczpFUw&amp;usg=AFQjCNF-BHo4quOmazPl1uNl-4ofxtUjsg\">Piden a los j\u00f3venes frenar el contenido sexual contra las\u00a0mujeres en\u00a0internet<\/a>&#8211;\u00a0La Vanguardia<\/p>\n<p><a href=\"https:\/\/dirigentesdigital.com\/liderazgo\/la-tecnologia-ha-permitido-que-las-mujeres-puedan-compaginar-su-vida-personal-y-profesional\">\u00abLa tecnolog\u00eda ha permitido a las mujeres compaginar su vida personal y profesional\u00bb<\/a>-dirigentesdigital.com<\/p>\n<p>[\/toggle]<\/p>\n<p>[toggle type=\u00bbfirst\u00bb title=\u00bbAndaluc\u00eda\u00bb]<\/p>\n<p><strong>Institucional<\/strong><\/p>\n<p><a href=\"https:\/\/www.msn.com\/es-es\/noticias\/espana\/roc%C3%ADo-ruiz-apunta-el-triste-lugar-de-las-mujeres-en-la-industria-de-los-videojuegos-y-reclama-m%C3%A1s-presencia\/ar-BB1dcLWS\">Roc\u00edo Ruiz apunta \u00abel triste lugar\u00bb de las mujeres en la industria de los videojuegos y reclama m\u00e1s presencia<\/a><strong>-msn.com<\/strong><strong>\u00a0<\/strong><\/p>\n<p><strong>Econom\u00eda y Empresas<\/strong><\/p>\n<p><a href=\"https:\/\/www.huelvainformacion.es\/provincia\/llegada-temporeras-Huelva-primera-contratacion_0_1542446316.html\">La llegada de 600 temporeras a Huelva cierra la primera fase de contrataci\u00f3n en origen<\/a>-huelvainformacion<\/p>\n<p><a href=\"https:\/\/www.google.com\/url?rct=j&amp;sa=t&amp;url=https:\/\/agrodiariohuelva.es\/2021\/01\/28\/amcae-y-el-iam-promoveran-el-desarrollo-profesional-de-las-cooperativistas-andaluzas\/&amp;ct=ga&amp;cd=CAEYAioUMTUyNDQxNjUwNTA2MTczMTgwNTkyGzlhYjFjZGQ3ZTM2NmVmMzg6ZXM6ZXM6RVM6Ug&amp;usg=AFQjCNFgUEJmwmvc2cSGJPv8GLh7mpsnog\">AMCAE y el IAM promover\u00e1n el desarrollo profesional de las cooperativistas\u00a0andaluzas<\/a>&#8211;\u00a0Agrodiariohuelva.es<a href=\"https:\/\/www.google.com\/url?rct=j&amp;sa=t&amp;url=https:\/\/www.canalsur.es\/rtva\/el-impacto-economico-de-la-pandemia-en-andalucia-a-dos-voces\/1674143.html&amp;ct=ga&amp;cd=CAEYAyoTODE4MDc1Nzc3MDYwMzE5MDE5MzIZZDc4ZTU4NzVhMGYxZjJhYzplczplczpFUw&amp;usg=AFQjCNGmjhQPodOQZBPJsDsBBs6xTUg6NQ\"><br \/>\nEl impacto\u00a0econ\u00f3mico\u00a0de la pandemia, en \u00abAndaluc\u00eda\u00a0a dos voces\u00bb<\/a>&#8211;\u00a0CanalSurWeb<\/p>\n<p><a href=\"https:\/\/www.google.com\/url?rct=j&amp;sa=t&amp;url=https:\/\/www.lavanguardia.com\/local\/sevilla\/20210127\/6202745\/junta-reune-40-autonomos-primer-networking-digital-andalucia-colectivo.html&amp;ct=ga&amp;cd=CAEYASoTODE4MDc1Nzc3MDYwMzE5MDE5MzIZZDc4ZTU4NzVhMGYxZjJhYzplczplczpFUw&amp;usg=AFQjCNEuRJ0sfqql7b3nw4cR-3cIbeL77w\">La Junta re\u00fane a 40 aut\u00f3nomos en el primer &#8216;networking&#8217; digital de\u00a0Andaluc\u00eda\u00a0para este colectivo<\/a>&#8211;\u00a0La Vanguardia<\/p>\n<p><a href=\"https:\/\/www.mujeremprendedora.net\/finaliza-primera-fase-iv-concurso-ideas-ugr-emprendedora\/\">Finaliza la Primera Fase del IV Concurso de Ideas de UGR Emprendedora<\/a>\u00a0\u2013 Mujeremprendedora.net<\/p>\n<p><a href=\"https:\/\/www.google.com\/url?rct=j&amp;sa=t&amp;url=https:\/\/www.europapress.es\/andalucia\/federacion-andaluza-municipios-provincias-01122\/noticia-jornada-formacion-continua-aborda-plan-estrategico-disenar-ciudades-inteligentes-andalucia-20210127152625.html&amp;ct=ga&amp;cd=CAEYAioTODE4MDc1Nzc3MDYwMzE5MDE5MzIZZDc4ZTU4NzVhMGYxZjJhYzplczplczpFUw&amp;usg=AFQjCNGSeFcEnCmfZv5nCH8OMMDH3DtFSw\">Una jornada de formaci\u00f3n continua aborda el \u00abplan estrat\u00e9gico\u00bb para dise\u00f1ar ciudades inteligentes &#8230;<\/a>&#8211;\u00a0Europa Press<\/p>\n<p><a href=\"http:\/\/www.juntadeandalucia.es\/presidencia\/portavoz\/157769\/Andalucia\/paro\/desempleo\/EPA\/EncuestadePoblacionActiva\/ConsejeriadeEmpleo\">Andaluc\u00eda cerr\u00f3 2020 con 25.100 parados menos en el \u00faltimo trimestre y la creaci\u00f3n de 97.800 empleos<\/a>\u00a0\u2013 Oficina del Portavoz<\/p>\n<p><strong>Actualidad<\/strong><\/p>\n<p><a href=\"https:\/\/www.msn.com\/es-es\/news\/espana\/la-junta-renueva-la-imagen-del-tel-c3-a9fono-de-atenci-c3-b3n-a-la-mujer-que-cumple-25-a-c3-b1os-y-atiende-a-38656-usuarias-en-2020\/ar-BB1daVud\">La Junta renueva la imagen del tel\u00e9fono de atenci\u00f3n a la mujer, que cumple 25 a\u00f1os y atiende a 38.656 usuarias en 2020<\/a>-Europa Press<\/p>\n<p><a href=\"https:\/\/www.google.com\/url?rct=j&amp;sa=t&amp;url=https:\/\/www.granadahoy.com\/granada\/Granada-lanza-campana-hipersexualizacion-ninas_0_1541846223.html&amp;ct=ga&amp;cd=CAEYASoTNTU2NzExOTQ4MjY0NTE5Mjg3MjIZYzAzNzJlYmMyZmVhZGE1OTplczplczpFUw&amp;usg=AFQjCNF4G2rUxH3kr0DISk36Qo0S9v2MPg\">Granada lanza una campa\u00f1a contra la hipersexualizaci\u00f3n de las ni\u00f1as<\/a>&#8211;\u00a0Granada Hoy<\/p>\n<p><a href=\"https:\/\/www.canalsur.es\/noticias\/andaluc%C3%ADa\/cordoba\/calvas-y-bellas-la-reinvidicacion-de-mujeres-afectadas-por-la-quimioterapia\/1674930.html\">\u00abCalvas y bellas\u00bb, la reinvidicaci\u00f3n de mujeres afectadas por la quimioterapia<\/a>-Canalsur<\/p>\n<p><a href=\"https:\/\/www.lavozdigital.es\/cadiz\/provincia\/lvdi-diputacion-cadiz-financia-construccion-viviendas-para-mujeres-india-rural-mano-fundacion-vicente-ferrer-202101282002_noticia.html\">La Diputaci\u00f3n de C\u00e1diz financia la construcci\u00f3n de viviendas para mujeres en la India rural de la mano de la Fundaci\u00f3n Vicente Ferrer<\/a>-La Voz digital<\/p>\n<p><a href=\"https:\/\/www.google.com\/url?rct=j&amp;sa=t&amp;url=http:\/\/www.andaluciasolidaria.org\/noticias\/item\/1473-famsi-y-ugt-andalucia-aunan-esfuerzos-para-realizar-acciones-de-justicia-social-y-cooperacion-al-desarrollo&amp;ct=ga&amp;cd=CAEYACoTODE4MDc1Nzc3MDYwMzE5MDE5MzIZZDc4ZTU4NzVhMGYxZjJhYzplczplczpFUw&amp;usg=AFQjCNE3irS5R88YaVoq6sKCEWzJdI6Vhg\">FAMSI y UGT\u00a0Andaluc\u00eda\u00a0a\u00fanan esfuerzos para realizar acciones de justicia\u00a0social\u00a0y cooperaci\u00f3n al &#8230;<\/a>&#8211;\u00a0FAMSI<\/p>\n<p><a href=\"https:\/\/www.larazon.es\/andalucia\/20210128\/jswehwa3wbhm3mbcyrq7o3zhie.html\">Fundaci\u00f3n Cepsa entrega los Premios \u201cValor Social 2020\u2033\u00a0a seis entidades de la comarca de C\u00e1diz<\/a>-larazon.es<\/p>\n<p><strong>Violencias<\/strong><a href=\"https:\/\/www.google.com\/url?rct=j&amp;sa=t&amp;url=https:\/\/adra.ideal.es\/adra\/redes-sociales-punto-20210127190611-nt.html&amp;ct=ga&amp;cd=CAEYAioTMjc0NzYyMTI1Njc5Njc1MzA2MDIbOWFiMWNkZDdlMzY2ZWYzODplczplczpFUzpS&amp;usg=AFQjCNHSI90wMHT4QaSvY0FzXzrTYSY67w\"><br \/>\nLas redes sociales, en el punto de mira para abordar la violencia de g\u00e9nero<\/a>&#8211;\u00a0Ideal Digital<\/p>\n<p><strong>Ciencia y Cultura<\/strong><\/p>\n<p><a href=\"https:\/\/www.google.com\/url?rct=j&amp;sa=t&amp;url=https:\/\/www.beethovenfm.cl\/recomendado\/las-definiciones-de-miryam-singer-premio-nacional-de-musica-2020\/&amp;ct=ga&amp;cd=CAEYAioUMTExOTYyMzQyMjQyMjE1MTYwNjUyGWMwMzcyZWJjMmZlYWRhNTk6ZXM6ZXM6RVM&amp;usg=AFQjCNExDgN0UgKWUaz43WlBUKZ54oaHXA\">Las definiciones de Miryam Singer: Premio Nacional de M\u00fasica 2020<\/a>&#8211;\u00a0Beethoven FM<\/p>\n<p><a href=\"https:\/\/www.laopiniondemalaga.es\/ocio\/agenda\/cineclub-27-ciclo-imagen-mujer-32143786.html\">Cineclub del 27. Ciclo la imagen de la mujer en el cine de los a\u00f1os 20 y 30<\/a>-laopiniondemalaga<\/p>\n<p><a href=\"https:\/\/www.eldiario.es\/andalucia\/lacajanegra\/musica\/lucia-socam-cantar-memoria-pie-fosa_1_7151568.html\">Luc\u00eda S\u00f3cam, cantar de memoria a pie de fosa<\/a>\u00a0\u2013eldiario.es<\/p>\n<p><strong>Deporte<\/strong><\/p>\n<p><a href=\"https:\/\/www.laopiniondemalaga.es\/deportes\/2021\/01\/28\/rosaleda-sede-final-copa-reina-32036353.html\">La Rosaleda, sede de la final de la Copa de La Reina<\/a>-Deportes<\/p>\n<p><a href=\"https:\/\/eldesmarque.com\/malaga\/polideportivo\/deporte-andaluz\/251926-jaen-y-cordoba-seran-las-sedes-de-la-11a-edicion-de-andalucia-bike-race\">Ja\u00e9n y C\u00f3rdoba ser\u00e1n las sedes de la 11\u00aa edici\u00f3n de Andaluc\u00eda Bike Race<\/a>&#8211;<a href=\"http:\/\/eldesmarque.com\/\">eldesmarque.com<\/a><\/p>\n<p>[\/toggle]<\/p>\n<p>[toggle type=\u00bbfirst\u00bb title=\u00bbEstado\u00bb]<\/p>\n<p><strong>Institucional<\/strong><\/p>\n<p><a href=\"https:\/\/elpais.com\/economia\/2021-01-29\/maroto-pide-a-bruselas-que-allane-con-ee-uu-el-dialogo-sobre-la-tasa-google.html\">Maroto pide a Bruselas que allane con EE UU el di\u00e1logo sobre la tasa Google<\/a>\u00a0\u2013 El Pa\u00eds<\/p>\n<p><a href=\"https:\/\/www.eldiario.es\/economia\/calvino-senala-pacto-toledo-llevar-bruselas-ampliacion-periodo-calculo-pension-no-recomendaciones_1_7175991.html\">Calvi\u00f1o lleva a Bruselas la ampliaci\u00f3n del periodo de c\u00e1lculo de la pensi\u00f3n apoy\u00e1ndose en el Pacto de Toledo aunque \u00e9ste no lo recoge expresamente<\/a>-eldiario.es<strong>\u00a0<\/strong><\/p>\n<p><strong>Institucional-CCAA<\/strong><a href=\"https:\/\/www.google.com\/url?rct=j&amp;sa=t&amp;url=https:\/\/www.heraldo.es\/noticias\/aragon\/2021\/01\/27\/iam-dara-tarjetas-de-alimentacion-a-todas-las-victimas-de-violencia-machistaara-violencia-machista-1417099.html&amp;ct=ga&amp;cd=CAEYAioTNTU2NzExOTQ4MjY0NTE5Mjg3MjIZYzAzNzJlYmMyZmVhZGE1OTplczplczpFUw&amp;usg=AFQjCNG8vgovEB8ZeSaPC56I5Db5a3F0CQ\"><br \/>\nInstituto Aragon\u00e9s de la Mujer dar\u00e1 tarjetas para gastar en comida o en recargas de m\u00f3vil a todas las v\u00edctimas de violencia &#8230;<\/a>&#8211;\u00a0Heraldo.es<\/p>\n<p><a href=\"https:\/\/www.google.com\/url?rct=j&amp;sa=t&amp;url=https:\/\/www.eldia.es\/sociedad\/2021\/01\/28\/18-jovenes-canarios-niegan-problema-31760818.html&amp;ct=ga&amp;cd=CAEYACoTNzk3NjEyMTMxNzc4ODUwMDkxNTIZYzAzNzJlYmMyZmVhZGE1OTplczplczpFUw&amp;usg=AFQjCNEznfc0r-sNE7y3rCoyyAPHChKNzw\">El 18% de los j\u00f3venes canarios niegan el problema o culpan a las propias v\u00edctimas<\/a>&#8211;\u00a0<a href=\"http:\/\/eldia.es\/\">eldia.es<\/a><\/p>\n<p><a href=\"https:\/\/www.msn.com\/es-es\/finance\/formacion-empleo\/ugt-considera-preocupante-el-empeoramiento-de-la-situaci-c3-b3n-laboral-de-mujeres-y-colectivos-vulnerables\/ar-BB1daGZS\">UGT-Castilla La Mancha considera \u00abpreocupante\u00bb el empeoramiento de la situaci\u00f3n laboral de mujeres y colectivos vulnerables<\/a>-msn.com<\/p>\n<p><a href=\"https:\/\/www.canal54.es\/echa-a-andar-la-red-de-igualdad-de-mujer-rural\/\">Echa a andar la Red de Igualdad de Mujer Rural<\/a>\u00a0\u2013canal54.com<strong>\u00a0<\/strong><\/p>\n<p><strong>Econom\u00eda y Empresas<\/strong><\/p>\n<p><a href=\"https:\/\/www.google.com\/url?rct=j&amp;sa=t&amp;url=https:\/\/www.informaria.com\/el-compromiso-de-caixabank-con-la-igualdad-reconocido-por-bloomberg\/&amp;ct=ga&amp;cd=CAEYASoSNjU3NzAyNjA2ODMyNzMzNTcwMhljMDM3MmViYzJmZWFkYTU5OmVzOmVzOkVT&amp;usg=AFQjCNE0PjXINRrL5-CqDbkIY4puHnjMsA\">El compromiso de CaixaBank con la igualdad, reconocido por Bloomberg<\/a>&#8211;\u00a0Informaria Digital<a href=\"https:\/\/www.google.com\/url?rct=j&amp;sa=t&amp;url=https:\/\/www.economiadigital.es\/empresas\/indra-renueva-en-el-indice-bloomberg-de-igualdad-con-una-brecha-salarial-del-3.html&amp;ct=ga&amp;cd=CAEYACoTNTU2NzExOTQ4MjY0NTE5Mjg3MjIZYzAzNzJlYmMyZmVhZGE1OTplczplczpFUw&amp;usg=AFQjCNHp_7Ofw_8iwmd39OVOeBWOFqBtRA\"><br \/>\nIndra renueva en el \u00cdndice Bloomberg de Igualdad con una brecha salarial del 3%<\/a>&#8211;\u00a0Econom\u00eda Digital<\/p>\n<p><a href=\"https:\/\/www.mujeremprendedora.net\/empleo-juvenil-espana-ante-crisis-covid-19-investigadora-udl-ma-angels-cabases\/\">\u2018El empleo juvenil en Espa\u00f1a ante la crisis de la COVID-19\u2019 de la investigadora de la UdL M\u00aa Angels Cabas\u00e9s<\/a>\u2013 Mujeremprendedora.net<\/p>\n<p><a href=\"https:\/\/www.msn.com\/es-es\/finance\/noticias\/el-41-25-de-las-mujeres-espa-c3-b1olas-del-sector-tecnol-c3-b3gico-creen-que-la-pandemia-ha-retrasado-su-desarrollo-profesional\/ar-BB1dctfB\">El 41% de las mujeres espa\u00f1olas del sector tecnol\u00f3gico creen que la pandemia ha retrasado su desarrollo profesional<\/a>-Europa Press<strong>\u00a0<\/strong><\/p>\n<p><strong>Actualidad<\/strong><\/p>\n<p><a href=\"https:\/\/www.google.com\/url?rct=j&amp;sa=t&amp;url=https:\/\/servimedia.es\/noticias\/1486215&amp;ct=ga&amp;cd=CAEYASoSMjg2MTMyODg3Nzk5Mzg4OTcyMhllMWU3N2QxNTYwOThhOGUzOmVzOmVzOkVT&amp;usg=AFQjCNEqwrJQRpj1D_MIVJjaFT3nmx2CAQ\">El Tercer Sector alerta de que la brecha digital aumenta la exclusi\u00f3n social y defiende la inclusi\u00f3n &#8230;<\/a>&#8211;\u00a0Servimedia<\/p>\n<p><a href=\"https:\/\/www.google.com\/url?rct=j&amp;sa=t&amp;url=https:\/\/tribunafeminista.elplural.com\/2021\/01\/por-que-le-llaman-genero-cuando-quieren-decir-sexo-y-otros-desalumbrados-desatinos\/&amp;ct=ga&amp;cd=CAEYAioTNDcwNjIzMjQxODMwNTYzNzgxNTIZYzAzNzJlYmMyZmVhZGE1OTplczplczpFUw&amp;usg=AFQjCNHI3CPPhO1ElmnEkOEphFQyPbSYHQ\">Por qu\u00e9 le llaman \u201cg\u00e9nero\u201d cuando quieren decir \u201csexo\u201d (y otros desalumbrados desatinos)<\/a>&#8211;\u00a0elplural.com<\/p>\n<p><a href=\"https:\/\/www.mujeremprendedora.net\/mujeres-avenir-celebra-hoy-acto-liderazgo-femenino-representacion-equilibrada-consejos-administracion\/\">Mujeres Avenir celebra hoy el acto \u201cLiderazgo Femenino y representaci\u00f3n equilibrada en los Consejos de Administraci\u00f3n\u201d<\/a>\u00a0\u2013 Mujeremprendedora.net<\/p>\n<p><a href=\"https:\/\/www.msn.com\/es-es\/health\/vida-saludable\/el-tabaco-y-ser-mujer-aumenta-el-riesgo-de-secuelas-si-has-tenido-covid\/ar-BB1dbmkc\">El tabaco y ser mujer aumenta el riesgo de secuelas si has tenido Covid<\/a>-Saber Vivir<strong>\u00a0<\/strong><\/p>\n<p><strong>Violencias<\/strong><\/p>\n<p><a href=\"https:\/\/www.teldeactualidad.com\/noticia\/politica\/2021\/01\/28\/25732.html\">La abogada Vaitiare S\u00e1nchez alza la voz contra la violencia de g\u00e9nero<\/a>-teldeactualidad<strong>\u00a0<\/strong><\/p>\n<p><strong>Ciencia y Cultura<\/strong><\/p>\n<p><a href=\"https:\/\/www.mujeremprendedora.net\/fundacion-asti-cinco-retos-pendientes-2021-incorporar-mujeres-carreras-stem\/\">Cinco retos pendientes en 2021 para incorporar a las mujeres a las carreras STEM<\/a>\u00a0\u2013 Mujeremprendedora.net<\/p>\n<p><a href=\"https:\/\/www.diariodelaltoaragon.es\/NoticiasDetalle.aspx?Id=1235890\">Mar\u00eda Antonia Mart\u00edn Zorraquino: \u00abEn la tradici\u00f3n cl\u00e1sica ya se comentaba la relaci\u00f3n entre lenguaje y g\u00e9nero\u00bb<\/a>-Diario Alto Arag\u00f3n<\/p>\n<p><a href=\"https:\/\/www.msn.com\/es-es\/entertainment\/musica\/no-faltan-mujeres-en-la-m-c3-basica-electr-c3-b3nica-sobra-machismo\/ar-BB1dbT3B\">No faltan mujeres en la m\u00fasica electr\u00f3nica, sobra machismo<\/a>\u00a0\u2013eldiario.es<\/p>\n<p><a href=\"https:\/\/amecopress.net\/Virginia-Woolf-y-la-habitacion-propia\">Virginia Woolf y la habitaci\u00f3n propia<\/a>-Amecopress.net<\/p>\n<p><a href=\"https:\/\/www.levante-emv.com\/urban\/2021\/01\/29\/aitana-sanchez-gijon-busco-interpretar-32019199.html\">Aitana S\u00e1nchez-Gij\u00f3n: \u00abBusco interpretar a mujeres reales, complejas y potentes\u00bb<\/a>-levante-emv<\/p>\n<p><a href=\"https:\/\/www.elperiodico.com\/es\/ocio-y-cultura\/20210128\/nominaciones-premis-gaudi-2021-11482472\">&#8216;La vampira de Barcelona&#8217; y &#8216;Las Ni\u00f1as&#8217; copan las nominaciones de los Premis Gaud\u00ed<\/a>-elperiodico.com<\/p>\n<p><a href=\"https:\/\/www.eldiario.es\/cultura\/nina-lisa-azuelos-nido-vacio-reivindicar-mujer_1_7174945.html\">\u00abMi ni\u00f1a\u00bb, de Lisa Azuelos, usa el \u00abnido vac\u00edo\u00bb para reivindicar a la mujer<\/a>-eldiario.es<\/p>\n<p><strong>Deporte<\/strong><\/p>\n<p><a href=\"https:\/\/www.google.com\/url?rct=j&amp;sa=t&amp;url=http:\/\/www.territoriotrail.es\/beleaderwoman-el-congreso-de-la-rfea-para-promocionar-el-liderazgo-femenino-en-el-deporte-y-especialmente-en-el-atletismo\/&amp;ct=ga&amp;cd=CAEYGyoTNTU2NzExOTQ4MjY0NTE5Mjg3MjIZYzAzNzJlYmMyZmVhZGE1OTplczplczpFUw&amp;usg=AFQjCNHLQvGg1JykB-LCYHb_5YHFMVNLLQ\">#BeLeaderWoman, el congreso de la RFEA para promocionar el liderazgo femenino en el deporte &#8230;<\/a>&#8211;\u00a0Territorio Trail<\/p>\n<p><a href=\"https:\/\/elpais.com\/buenavida\/ejercicio-fisico\/2021-01-29\/mas-alto-mas-fuerte-y-mas-rapido-asi-debe-ser-el-deporte-en-la-menopausia.html\">M\u00e1s alto, m\u00e1s fuerte y m\u00e1s r\u00e1pido: as\u00ed debe ser el deporte en la menopausia<\/a>-El Pa\u00eds<\/p>\n<p><a href=\"https:\/\/www.efe.com\/efe\/espana\/practicodeporte\/vero-boquete-se-ve-entrenando-y-no-cierra-la-puerta-al-futbol-masculino\/50000944-4452380\">Vero Boquete se ve entrenando y no cierra la puerta al f\u00fatbol masculino<\/a>-Efe.com<\/p>\n<p><a href=\"https:\/\/www.msn.com\/es-es\/news\/espana\/el-csd-da-840000-euros-en-ayudas-a-las-federaciones-para-impulsar-el-deporte-femenino\/ar-BB1daHNg\">El CSD da 840.000 euros en ayudas a las federaciones para impulsar el deporte femenino<\/a>-Europa Press<\/p>\n<p>[\/toggle]<\/p>\n<p>[toggle type=\u00bbfirst\u00bb title=\u00bbInternacional\u00bb]<\/p>\n<p><a href=\"http:\/\/www.radiocable.com\/estonia-pais-presidenta-y-primera-ministra.html\">Estonia se convierte en el 1\u00ba pa\u00eds del mundo con mujeres como presidenta y primera ministra<\/a>-radiocable<\/p>\n<p><a href=\"https:\/\/www.msn.com\/es-mx\/news\/mundo\/janet-yellen-la-primera-mujer-en-la-historia-designada-para-dirigir-la-econom-c3-ada-de-eeuu\/ar-BB1dbg64\">Janet Yellen, la primera mujer en la historia designada para dirigir la econom\u00eda de EE.UU<\/a>-Nueva Mujer<\/p>\n<p><a href=\"https:\/\/www.google.com\/url?rct=j&amp;sa=t&amp;url=https:\/\/www.woman.es\/lifestyle\/salud\/mutilacion-genital-femenina-problema-social&amp;ct=ga&amp;cd=CAEYACoTNTQwNjE5OTQ1NTgwODc3NTQ3MDIZYzAzNzJlYmMyZmVhZGE1OTplczplczpFUw&amp;usg=AFQjCNHTQgpf4uNdjBDHa4_dD4uafAoUiQ\">La mutilaci\u00f3n genital femenina, un problema social que muchas\u00a0mujeres\u00a0sufren en el mundo<\/a>&#8211;\u00a0Woman<\/p>\n<p><a href=\"https:\/\/elpais.com\/cultura\/2021-01-27\/catherine-millet-hay-una-regresion-en-la-forma-de-vivir-la-sexualidad-femenina.html\">Catherine Millet: \u201cHay una regresi\u00f3n en la forma de vivir la sexualidad femenina\u201d<\/a>-El Pa\u00eds<\/p>\n<p><a href=\"https:\/\/www.google.com\/url?rct=j&amp;sa=t&amp;url=https:\/\/www.pagina12.com.ar\/320082-andrea-gamarnik-virologa-estamos-transformando-la-ciencia&amp;ct=ga&amp;cd=CAEYACoTMjE0NDU5Njg3NDMwMzM3NDE5MjIZYzAzNzJlYmMyZmVhZGE1OTplczplczpFUw&amp;usg=AFQjCNHym7j8B1tbD9zBkXMokIbUyA8wnA\">Andrea Gamarnik, vir\u00f3loga: \u00abEstamos transformando la ciencia\u00bb<\/a>&#8211;\u00a0P\u00e1gina 12<\/p>\n<p><a href=\"https:\/\/www.google.com\/url?rct=j&amp;sa=t&amp;url=https:\/\/tec.mx\/es\/noticias\/monterrey\/institucion\/karla-mayolo-ciencia-en-pro-de-las-mujeres-y-del-mundo&amp;ct=ga&amp;cd=CAEYASoUMTMwODgyNzcyNzYzNDEyNDYzNzAyGWMwMzcyZWJjMmZlYWRhNTk6ZXM6ZXM6RVM&amp;usg=AFQjCNEp5CcL2JXD5hwuS671x29y2TRoWw\">Karla Mayolo: \u00a1Ciencia en pro de las\u00a0mujeres\u00a0y del mundo!<\/a>\u00a0&#8211;\u00a0Tecnol\u00f3gico de Monterrey<\/p>\n<p><a href=\"https:\/\/www.estrelladigital.es\/articulo\/cultura\/mujeres-cineastas-feministas-apoyan-corto-carne-lucha-oscar\/20210128125158447445.html\">Mujeres cineastas y feministas apoyan el corto \u00abCarne\u00bb en su lucha al \u00d3scar<\/a>-estrelladigital<\/p>\n<p><a href=\"https:\/\/www.eldiario.es\/cultura\/jane-fonda-recibira-premio-cecil-b-demille-globos-oro_1_7167047.html\">Jane Fonda recibir\u00e1 el premio honor\u00edfico de los Globos de Oro 2021<\/a>-eldiario.es<\/p>\n<p>[\/toggle]<\/p>\n<\/div>\n<\/div>\n<\/div>\n<\/div>\n<\/div>\n<\/div>\n","protected":false},"excerpt":{"rendered":"<p>El compromiso de CaixaBank con la igualdad, reconocido por Bloomberg-No <a href=\"https:\/\/cklcomunicaciones.es\/coop\/noticias-info-ckl-no-2-541-29-01-21\/\">[&#8230;]<\/a><\/p>\n","protected":false},"author":3,"featured_media":0,"comment_status":"closed","ping_status":"closed","sticky":false,"template":"","format":"standard","meta":{"footnotes":""},"categories":[298,623],"tags":[213],"class_list":["post-15210","post","type-post","status-publish","format-standard","hentry","category-newsletter","category-nwl-2-0","tag-comunicacion-inclusiva"],"yoast_head":"<!-- This site is optimized with the Yoast SEO plugin v27.5 - https:\/\/yoast.com\/product\/yoast-seo-wordpress\/ -->\n<title>Noticias Info CKL n\u00ba 2.541-29\/01\/21-Comunicar con perspectiva de g\u00e9nero<\/title>\n<meta name=\"description\" content=\"Comunicar con perspectiva de g\u00e9nero: El compromiso de CaixaBank con la igualdad, reconocido por Bloomberg-No faltan mujeres en la m\u00fasica electr\u00f3nica...\" \/>\n<meta name=\"robots\" content=\"index, follow, max-snippet:-1, max-image-preview:large, max-video-preview:-1\" \/>\n<link rel=\"canonical\" href=\"https:\/\/cklcomunicaciones.es\/coop\/noticias-info-ckl-no-2-541-29-01-21\/\" \/>\n<meta property=\"og:locale\" content=\"es_ES\" \/>\n<meta property=\"og:type\" content=\"article\" \/>\n<meta property=\"og:title\" content=\"Noticias Info CKL n\u00ba 2.541-29\/01\/21-Comunicar con perspectiva de g\u00e9nero\" \/>\n<meta property=\"og:description\" content=\"Comunicar con perspectiva de g\u00e9nero: El compromiso de CaixaBank con la igualdad, reconocido por Bloomberg-No faltan mujeres en la m\u00fasica electr\u00f3nica...\" \/>\n<meta property=\"og:url\" content=\"https:\/\/cklcomunicaciones.es\/coop\/noticias-info-ckl-no-2-541-29-01-21\/\" \/>\n<meta property=\"og:site_name\" content=\"CKL Comunicaciones\" \/>\n<meta property=\"article:published_time\" content=\"2021-01-29T11:49:13+00:00\" \/>\n<meta property=\"article:modified_time\" content=\"2025-01-17T15:47:21+00:00\" \/>\n<meta property=\"og:image\" content=\"https:\/\/cklcomunicaciones.es\/coop\/wp-content\/uploads\/2018\/03\/CKL_comunicacion-con-perspetiva-de-genero.jpg\" \/>\n\t<meta property=\"og:image:width\" content=\"500\" \/>\n\t<meta property=\"og:image:height\" content=\"500\" \/>\n\t<meta property=\"og:image:type\" content=\"image\/jpeg\" \/>\n<meta name=\"author\" content=\"ckl\" \/>\n<meta name=\"twitter:card\" content=\"summary_large_image\" \/>\n<meta name=\"twitter:label1\" content=\"Escrito por\" \/>\n\t<meta name=\"twitter:data1\" content=\"ckl\" \/>\n\t<meta name=\"twitter:label2\" content=\"Tiempo de lectura\" \/>\n\t<meta name=\"twitter:data2\" content=\"6 minutos\" \/>\n<script type=\"application\/ld+json\" class=\"yoast-schema-graph\">{\"@context\":\"https:\\\/\\\/schema.org\",\"@graph\":[{\"@type\":\"Article\",\"@id\":\"https:\\\/\\\/cklcomunicaciones.es\\\/coop\\\/noticias-info-ckl-no-2-541-29-01-21\\\/#article\",\"isPartOf\":{\"@id\":\"https:\\\/\\\/cklcomunicaciones.es\\\/coop\\\/noticias-info-ckl-no-2-541-29-01-21\\\/\"},\"author\":{\"name\":\"ckl\",\"@id\":\"https:\\\/\\\/cklcomunicaciones.es\\\/coop\\\/#\\\/schema\\\/person\\\/929a6837f7626450bbb50cee1aef266e\"},\"headline\":\"Noticias Info CKL n\u00ba 2.541-29\\\/01\\\/21\",\"datePublished\":\"2021-01-29T11:49:13+00:00\",\"dateModified\":\"2025-01-17T15:47:21+00:00\",\"mainEntityOfPage\":{\"@id\":\"https:\\\/\\\/cklcomunicaciones.es\\\/coop\\\/noticias-info-ckl-no-2-541-29-01-21\\\/\"},\"wordCount\":1153,\"image\":{\"@id\":\"https:\\\/\\\/cklcomunicaciones.es\\\/coop\\\/noticias-info-ckl-no-2-541-29-01-21\\\/#primaryimage\"},\"thumbnailUrl\":\"http:\\\/\\\/www.cklcomunicaciones.es\\\/wp-content\\\/uploads\\\/2018\\\/03\\\/CKL_comunicacion-con-perspetiva-de-genero-300x300.jpg\",\"keywords\":[\"comunicaci\u00f3n inclusiva\"],\"articleSection\":[\"Newsletter\",\"Nwl v2.0\"],\"inLanguage\":\"es\"},{\"@type\":\"WebPage\",\"@id\":\"https:\\\/\\\/cklcomunicaciones.es\\\/coop\\\/noticias-info-ckl-no-2-541-29-01-21\\\/\",\"url\":\"https:\\\/\\\/cklcomunicaciones.es\\\/coop\\\/noticias-info-ckl-no-2-541-29-01-21\\\/\",\"name\":\"Noticias Info CKL n\u00ba 2.541-29\\\/01\\\/21-Comunicar con perspectiva de g\u00e9nero\",\"isPartOf\":{\"@id\":\"https:\\\/\\\/cklcomunicaciones.es\\\/coop\\\/#website\"},\"primaryImageOfPage\":{\"@id\":\"https:\\\/\\\/cklcomunicaciones.es\\\/coop\\\/noticias-info-ckl-no-2-541-29-01-21\\\/#primaryimage\"},\"image\":{\"@id\":\"https:\\\/\\\/cklcomunicaciones.es\\\/coop\\\/noticias-info-ckl-no-2-541-29-01-21\\\/#primaryimage\"},\"thumbnailUrl\":\"http:\\\/\\\/www.cklcomunicaciones.es\\\/wp-content\\\/uploads\\\/2018\\\/03\\\/CKL_comunicacion-con-perspetiva-de-genero-300x300.jpg\",\"datePublished\":\"2021-01-29T11:49:13+00:00\",\"dateModified\":\"2025-01-17T15:47:21+00:00\",\"author\":{\"@id\":\"https:\\\/\\\/cklcomunicaciones.es\\\/coop\\\/#\\\/schema\\\/person\\\/929a6837f7626450bbb50cee1aef266e\"},\"description\":\"Comunicar con perspectiva de g\u00e9nero: El compromiso de CaixaBank con la igualdad, reconocido por Bloomberg-No faltan mujeres en la m\u00fasica electr\u00f3nica...\",\"breadcrumb\":{\"@id\":\"https:\\\/\\\/cklcomunicaciones.es\\\/coop\\\/noticias-info-ckl-no-2-541-29-01-21\\\/#breadcrumb\"},\"inLanguage\":\"es\",\"potentialAction\":[{\"@type\":\"ReadAction\",\"target\":[\"https:\\\/\\\/cklcomunicaciones.es\\\/coop\\\/noticias-info-ckl-no-2-541-29-01-21\\\/\"]}]},{\"@type\":\"ImageObject\",\"inLanguage\":\"es\",\"@id\":\"https:\\\/\\\/cklcomunicaciones.es\\\/coop\\\/noticias-info-ckl-no-2-541-29-01-21\\\/#primaryimage\",\"url\":\"http:\\\/\\\/www.cklcomunicaciones.es\\\/wp-content\\\/uploads\\\/2018\\\/03\\\/CKL_comunicacion-con-perspetiva-de-genero-300x300.jpg\",\"contentUrl\":\"http:\\\/\\\/www.cklcomunicaciones.es\\\/wp-content\\\/uploads\\\/2018\\\/03\\\/CKL_comunicacion-con-perspetiva-de-genero-300x300.jpg\"},{\"@type\":\"BreadcrumbList\",\"@id\":\"https:\\\/\\\/cklcomunicaciones.es\\\/coop\\\/noticias-info-ckl-no-2-541-29-01-21\\\/#breadcrumb\",\"itemListElement\":[{\"@type\":\"ListItem\",\"position\":1,\"name\":\"Portada\",\"item\":\"https:\\\/\\\/cklcomunicaciones.es\\\/coop\\\/\"},{\"@type\":\"ListItem\",\"position\":2,\"name\":\"Noticias Info CKL n\u00ba 2.541-29\\\/01\\\/21\"}]},{\"@type\":\"WebSite\",\"@id\":\"https:\\\/\\\/cklcomunicaciones.es\\\/coop\\\/#website\",\"url\":\"https:\\\/\\\/cklcomunicaciones.es\\\/coop\\\/\",\"name\":\"CKL Comunicaciones\",\"description\":\"Sitio web de CKL Comunicaciones coop , la consultora de comunicaci\u00f3n y estrategia\",\"potentialAction\":[{\"@type\":\"SearchAction\",\"target\":{\"@type\":\"EntryPoint\",\"urlTemplate\":\"https:\\\/\\\/cklcomunicaciones.es\\\/coop\\\/?s={search_term_string}\"},\"query-input\":{\"@type\":\"PropertyValueSpecification\",\"valueRequired\":true,\"valueName\":\"search_term_string\"}}],\"inLanguage\":\"es\"},{\"@type\":\"Person\",\"@id\":\"https:\\\/\\\/cklcomunicaciones.es\\\/coop\\\/#\\\/schema\\\/person\\\/929a6837f7626450bbb50cee1aef266e\",\"name\":\"ckl\",\"image\":{\"@type\":\"ImageObject\",\"inLanguage\":\"es\",\"@id\":\"https:\\\/\\\/secure.gravatar.com\\\/avatar\\\/c82db564e8a669bf6023357a157b9dc4780f4d4c618f2ad1d71a6a5dede45057?s=96&d=mm&r=g\",\"url\":\"https:\\\/\\\/secure.gravatar.com\\\/avatar\\\/c82db564e8a669bf6023357a157b9dc4780f4d4c618f2ad1d71a6a5dede45057?s=96&d=mm&r=g\",\"contentUrl\":\"https:\\\/\\\/secure.gravatar.com\\\/avatar\\\/c82db564e8a669bf6023357a157b9dc4780f4d4c618f2ad1d71a6a5dede45057?s=96&d=mm&r=g\",\"caption\":\"ckl\"},\"url\":\"https:\\\/\\\/cklcomunicaciones.es\\\/coop\\\/author\\\/cklcomunicaciones\\\/\"}]}<\/script>\n<!-- \/ Yoast SEO plugin. -->","yoast_head_json":{"title":"Noticias Info CKL n\u00ba 2.541-29\/01\/21-Comunicar con perspectiva de g\u00e9nero","description":"Comunicar con perspectiva de g\u00e9nero: El compromiso de CaixaBank con la igualdad, reconocido por Bloomberg-No faltan mujeres en la m\u00fasica electr\u00f3nica...","robots":{"index":"index","follow":"follow","max-snippet":"max-snippet:-1","max-image-preview":"max-image-preview:large","max-video-preview":"max-video-preview:-1"},"canonical":"https:\/\/cklcomunicaciones.es\/coop\/noticias-info-ckl-no-2-541-29-01-21\/","og_locale":"es_ES","og_type":"article","og_title":"Noticias Info CKL n\u00ba 2.541-29\/01\/21-Comunicar con perspectiva de g\u00e9nero","og_description":"Comunicar con perspectiva de g\u00e9nero: El compromiso de CaixaBank con la igualdad, reconocido por Bloomberg-No faltan mujeres en la m\u00fasica electr\u00f3nica...","og_url":"https:\/\/cklcomunicaciones.es\/coop\/noticias-info-ckl-no-2-541-29-01-21\/","og_site_name":"CKL Comunicaciones","article_published_time":"2021-01-29T11:49:13+00:00","article_modified_time":"2025-01-17T15:47:21+00:00","og_image":[{"width":500,"height":500,"url":"https:\/\/cklcomunicaciones.es\/coop\/wp-content\/uploads\/2018\/03\/CKL_comunicacion-con-perspetiva-de-genero.jpg","type":"image\/jpeg"}],"author":"ckl","twitter_card":"summary_large_image","twitter_misc":{"Escrito por":"ckl","Tiempo de lectura":"6 minutos"},"schema":{"@context":"https:\/\/schema.org","@graph":[{"@type":"Article","@id":"https:\/\/cklcomunicaciones.es\/coop\/noticias-info-ckl-no-2-541-29-01-21\/#article","isPartOf":{"@id":"https:\/\/cklcomunicaciones.es\/coop\/noticias-info-ckl-no-2-541-29-01-21\/"},"author":{"name":"ckl","@id":"https:\/\/cklcomunicaciones.es\/coop\/#\/schema\/person\/929a6837f7626450bbb50cee1aef266e"},"headline":"Noticias Info CKL n\u00ba 2.541-29\/01\/21","datePublished":"2021-01-29T11:49:13+00:00","dateModified":"2025-01-17T15:47:21+00:00","mainEntityOfPage":{"@id":"https:\/\/cklcomunicaciones.es\/coop\/noticias-info-ckl-no-2-541-29-01-21\/"},"wordCount":1153,"image":{"@id":"https:\/\/cklcomunicaciones.es\/coop\/noticias-info-ckl-no-2-541-29-01-21\/#primaryimage"},"thumbnailUrl":"http:\/\/www.cklcomunicaciones.es\/wp-content\/uploads\/2018\/03\/CKL_comunicacion-con-perspetiva-de-genero-300x300.jpg","keywords":["comunicaci\u00f3n inclusiva"],"articleSection":["Newsletter","Nwl v2.0"],"inLanguage":"es"},{"@type":"WebPage","@id":"https:\/\/cklcomunicaciones.es\/coop\/noticias-info-ckl-no-2-541-29-01-21\/","url":"https:\/\/cklcomunicaciones.es\/coop\/noticias-info-ckl-no-2-541-29-01-21\/","name":"Noticias Info CKL n\u00ba 2.541-29\/01\/21-Comunicar con perspectiva de g\u00e9nero","isPartOf":{"@id":"https:\/\/cklcomunicaciones.es\/coop\/#website"},"primaryImageOfPage":{"@id":"https:\/\/cklcomunicaciones.es\/coop\/noticias-info-ckl-no-2-541-29-01-21\/#primaryimage"},"image":{"@id":"https:\/\/cklcomunicaciones.es\/coop\/noticias-info-ckl-no-2-541-29-01-21\/#primaryimage"},"thumbnailUrl":"http:\/\/www.cklcomunicaciones.es\/wp-content\/uploads\/2018\/03\/CKL_comunicacion-con-perspetiva-de-genero-300x300.jpg","datePublished":"2021-01-29T11:49:13+00:00","dateModified":"2025-01-17T15:47:21+00:00","author":{"@id":"https:\/\/cklcomunicaciones.es\/coop\/#\/schema\/person\/929a6837f7626450bbb50cee1aef266e"},"description":"Comunicar con perspectiva de g\u00e9nero: El compromiso de CaixaBank con la igualdad, reconocido por Bloomberg-No faltan mujeres en la m\u00fasica electr\u00f3nica...","breadcrumb":{"@id":"https:\/\/cklcomunicaciones.es\/coop\/noticias-info-ckl-no-2-541-29-01-21\/#breadcrumb"},"inLanguage":"es","potentialAction":[{"@type":"ReadAction","target":["https:\/\/cklcomunicaciones.es\/coop\/noticias-info-ckl-no-2-541-29-01-21\/"]}]},{"@type":"ImageObject","inLanguage":"es","@id":"https:\/\/cklcomunicaciones.es\/coop\/noticias-info-ckl-no-2-541-29-01-21\/#primaryimage","url":"http:\/\/www.cklcomunicaciones.es\/wp-content\/uploads\/2018\/03\/CKL_comunicacion-con-perspetiva-de-genero-300x300.jpg","contentUrl":"http:\/\/www.cklcomunicaciones.es\/wp-content\/uploads\/2018\/03\/CKL_comunicacion-con-perspetiva-de-genero-300x300.jpg"},{"@type":"BreadcrumbList","@id":"https:\/\/cklcomunicaciones.es\/coop\/noticias-info-ckl-no-2-541-29-01-21\/#breadcrumb","itemListElement":[{"@type":"ListItem","position":1,"name":"Portada","item":"https:\/\/cklcomunicaciones.es\/coop\/"},{"@type":"ListItem","position":2,"name":"Noticias Info CKL n\u00ba 2.541-29\/01\/21"}]},{"@type":"WebSite","@id":"https:\/\/cklcomunicaciones.es\/coop\/#website","url":"https:\/\/cklcomunicaciones.es\/coop\/","name":"CKL Comunicaciones","description":"Sitio web de CKL Comunicaciones coop , la consultora de comunicaci\u00f3n y estrategia","potentialAction":[{"@type":"SearchAction","target":{"@type":"EntryPoint","urlTemplate":"https:\/\/cklcomunicaciones.es\/coop\/?s={search_term_string}"},"query-input":{"@type":"PropertyValueSpecification","valueRequired":true,"valueName":"search_term_string"}}],"inLanguage":"es"},{"@type":"Person","@id":"https:\/\/cklcomunicaciones.es\/coop\/#\/schema\/person\/929a6837f7626450bbb50cee1aef266e","name":"ckl","image":{"@type":"ImageObject","inLanguage":"es","@id":"https:\/\/secure.gravatar.com\/avatar\/c82db564e8a669bf6023357a157b9dc4780f4d4c618f2ad1d71a6a5dede45057?s=96&d=mm&r=g","url":"https:\/\/secure.gravatar.com\/avatar\/c82db564e8a669bf6023357a157b9dc4780f4d4c618f2ad1d71a6a5dede45057?s=96&d=mm&r=g","contentUrl":"https:\/\/secure.gravatar.com\/avatar\/c82db564e8a669bf6023357a157b9dc4780f4d4c618f2ad1d71a6a5dede45057?s=96&d=mm&r=g","caption":"ckl"},"url":"https:\/\/cklcomunicaciones.es\/coop\/author\/cklcomunicaciones\/"}]}},"_links":{"self":[{"href":"https:\/\/cklcomunicaciones.es\/coop\/wp-json\/wp\/v2\/posts\/15210","targetHints":{"allow":["GET"]}}],"collection":[{"href":"https:\/\/cklcomunicaciones.es\/coop\/wp-json\/wp\/v2\/posts"}],"about":[{"href":"https:\/\/cklcomunicaciones.es\/coop\/wp-json\/wp\/v2\/types\/post"}],"author":[{"embeddable":true,"href":"https:\/\/cklcomunicaciones.es\/coop\/wp-json\/wp\/v2\/users\/3"}],"replies":[{"embeddable":true,"href":"https:\/\/cklcomunicaciones.es\/coop\/wp-json\/wp\/v2\/comments?post=15210"}],"version-history":[{"count":0,"href":"https:\/\/cklcomunicaciones.es\/coop\/wp-json\/wp\/v2\/posts\/15210\/revisions"}],"wp:attachment":[{"href":"https:\/\/cklcomunicaciones.es\/coop\/wp-json\/wp\/v2\/media?parent=15210"}],"wp:term":[{"taxonomy":"category","embeddable":true,"href":"https:\/\/cklcomunicaciones.es\/coop\/wp-json\/wp\/v2\/categories?post=15210"},{"taxonomy":"post_tag","embeddable":true,"href":"https:\/\/cklcomunicaciones.es\/coop\/wp-json\/wp\/v2\/tags?post=15210"}],"curies":[{"name":"wp","href":"https:\/\/api.w.org\/{rel}","templated":true}]}}