{"id":15197,"date":"2021-01-22T13:40:45","date_gmt":"2021-01-22T12:40:45","guid":{"rendered":"http:\/\/www.cklcomunicaciones.es\/?p=15197"},"modified":"2025-01-17T16:47:21","modified_gmt":"2025-01-17T15:47:21","slug":"noticias-info-ckl-no-2-538-21-01-21","status":"publish","type":"post","link":"https:\/\/cklcomunicaciones.es\/coop\/noticias-info-ckl-no-2-538-21-01-21\/","title":{"rendered":"Noticias Info CKL n\u00ba 2.538-21\/01\/21"},"content":{"rendered":"<div id=\"pl-15197\"  class=\"panel-layout\" >\n<div id=\"pg-15197-0\"  class=\"panel-grid panel-no-style\"  data-style=\"{&quot;background_image_attachment&quot;:false,&quot;background_display&quot;:&quot;tile&quot;,&quot;cell_alignment&quot;:&quot;flex-start&quot;}\" >\n<div id=\"pgc-15197-0-0\"  class=\"panel-grid-cell\"  data-weight=\"1\" >\n<div id=\"panel-15197-0-0-0\" class=\"so-panel widget widget_sow-editor panel-first-child panel-last-child\" data-index=\"0\" data-style=\"{&quot;background_image_attachment&quot;:false,&quot;background_display&quot;:&quot;tile&quot;}\" >\n<div class=\"so-widget-sow-editor so-widget-sow-editor-base\">\n<div class=\"siteorigin-widget-tinymce textwidget\">\n<p><img decoding=\"async\" class=\"lazyload  wp-image-13726\" src=\"http:\/\/www.cklcomunicaciones.es\/wp-content\/uploads\/2018\/03\/CKL_comunicacion-con-perspetiva-de-genero-300x300.jpg\" data-orig-src=\"http:\/\/www.cklcomunicaciones.es\/wp-content\/uploads\/2018\/03\/CKL_comunicacion-con-perspetiva-de-genero-300x300.jpg\" alt=\"CKL_comunicacion con perspetiva de genero\" width=\"132\" height=\"132\" srcset=\"data:image\/svg+xml,%3Csvg%20xmlns%3D%27http%3A%2F%2Fwww.w3.org%2F2000%2Fsvg%27%20width%3D%27132%27%20height%3D%27132%27%20viewBox%3D%270%200%20132%20132%27%3E%3Crect%20width%3D%27132%27%20height%3D%27132%27%20fill-opacity%3D%220%22%2F%3E%3C%2Fsvg%3E\" data-srcset=\"https:\/\/cklcomunicaciones.es\/coop\/wp-content\/uploads\/2018\/03\/CKL_comunicacion-con-perspetiva-de-genero-150x150.jpg 150w, https:\/\/cklcomunicaciones.es\/coop\/wp-content\/uploads\/2018\/03\/CKL_comunicacion-con-perspetiva-de-genero-300x300.jpg 300w, https:\/\/cklcomunicaciones.es\/coop\/wp-content\/uploads\/2018\/03\/CKL_comunicacion-con-perspetiva-de-genero-450x450.jpg 450w, https:\/\/cklcomunicaciones.es\/coop\/wp-content\/uploads\/2018\/03\/CKL_comunicacion-con-perspetiva-de-genero.jpg 500w\" data-sizes=\"auto\" data-orig-sizes=\"(max-width: 132px) 100vw, 132px\" \/><\/p>\n<p id=\":2im\" class=\"hP\" tabindex=\"-1\" data-thread-perm-id=\"thread-f:1689404826405156784\" data-legacy-thread-id=\"1771f8bd1fb5b7b0\"><strong>La Euroc\u00e1mara pide perspectiva de g\u00e9nero en los fondos comunitarios y un Pacto Europeo de Cuidados-La cifra de directivas en Espa\u00f1a se mantiene en el 34%-&#8216;Los abismos&#8217; de Pilar Quintana Premio Alfaguara de Novela 2021<\/strong><\/p>\n<p id=\":jn\" class=\"hP\" tabindex=\"-1\" data-thread-perm-id=\"thread-f:1689225478761294059\" data-legacy-thread-id=\"1771559f7f1b28eb\">[toggle type=\u00bbfirst\u00bb title=\u00bbConvocatorias\u00bb]<\/p>\n<ul>\n<li><a href=\"http:\/\/www.juntadeandalucia.es\/iam\/catalogo\/doc\/convocatorias\/2021-genero\/EL-conferencias-lesbianasyarte-fueradelcanonenlaescritura-ayuntamiento-sevilla.pdf\">Conferencias &#8216;Locas y lesbianas: literatura, cine y teatro a inicios de siglo XX&#8217; (de 17:30 a 18:30 h.) y &#8216;Fuera del canon: transexualidad, inmigraci\u00f3n y c\u00e1rcel en la escritura) (de\u00a018:30-19:00 h.)<\/a>[Dentro del proyecto &#8216;Los Jueves Conectad@s con el Feminismo]. \u00c1rea de Igualdad, Educaci\u00f3n, Participaci\u00f3n Ciudadana y Coordinaci\u00f3n de Distritos del Ayuntamiento de Sevilla y Grupo de Investigaci\u00f3n Escritoras y Escrituras de la Universidad de Sevilla.\u00a021 de enero.\u00a0<a href=\"https:\/\/eu.bbcollab.com\/guest\/f40c6a8c5fb94154ac1a90a6e3f24cbb\">Acceso para todas las sesiones<\/a><\/li>\n<\/ul>\n<p tabindex=\"-1\" data-thread-perm-id=\"thread-f:1689225478761294059\" data-legacy-thread-id=\"1771559f7f1b28eb\">[\/toggle]<\/p>\n<p>[toggle type=\u00bbfirst\u00bb title=\u00bbComunicaci\u00f3n\u00bb]<\/p>\n<p><a href=\"https:\/\/www.msn.com\/es-es\/entertainment\/noticias\/blanco-negro-y-magenta-premia-a-20minutos-por-contribuir-a-la-visibilizaci-c3-b3n-de-las-mujeres-artistas\/ar-BB1cZ2dB\">Blanco, Negro y Magenta premia a &#8217;20minutos&#8217; por contribuir a la visibilizaci\u00f3n de las mujeres artistas<\/a>-msn.com<\/p>\n<p><a href=\"https:\/\/www.canalsur.es\/rtva\/canal-sur-radio-y-television-galardonada-con--el-premio-asecan-industria-2021-por-su-apoyo-a-las-salas-de-cine-en-la-pandemia\/1672605.html\">Canal Sur Radio y Televisi\u00f3n, galardonada con el Premio ASECAN Industria 2021 por su apoyo a las salas de cine en la pandemia<\/a>-canalsur.es<\/p>\n<p><a href=\"https:\/\/elpais.com\/cultura\/2021-01-22\/el-pais-gana-el-premio-gabo-a-la-mejor-cobertura-con-una-serie-de-reportajes-sobre-la-frontera-sur-de-mexico.html\">EL PA\u00cdS gana el Premio Gabo a la mejor cobertura con una serie de reportajes sobre la frontera sur de M\u00e9xico<\/a>\u00a0\u2013 El Pa\u00eds<\/p>\n<p><a href=\"https:\/\/elpais.com\/tecnologia\/2021-01-22\/se-buscan-6000-videojuegos-para-reconstruir-la-historia-del-sector-en-espana.html\">Se buscan 6.000 videojuegos para reconstruir la historia del sector en Espa\u00f1a<\/a>\u00a0\u2013 El Pa\u00eds<\/p>\n<p><a href=\"https:\/\/elpais.com\/tecnologia\/2021-01-21\/google-y-la-prensa-francesa-llegan-a-un-acuerdo-sobre-el-uso-de-contenidos-informativos.html\">Google y la prensa francesa llegan a un acuerdo sobre el uso de contenidos informativos<\/a>\u2013 El Pa\u00eds<\/p>\n<p>[\/toggle]<\/p>\n<p>[toggle type=\u00bbfirst\u00bb title=\u00bbAndaluc\u00eda\u00bb]<\/p>\n<p><strong>Econom\u00eda y Empresas<\/strong><\/p>\n<p><a href=\"https:\/\/www.mujeremprendedora.net\/ellas-vuelan-alto-andalucia-aerospace-alian-potenciar-talento-femenino\/\">Ellas Vuelan Alto y Andaluc\u00eda Aerospace se al\u00edan para potenciar el talento femenino<\/a>\u00a0\u2013\u00a0Mujeremprendedora.net<\/p>\n<p><a href=\"https:\/\/www.google.com\/url?rct=j&amp;sa=t&amp;url=https:\/\/www.lavozdealmeria.com\/noticia\/3\/provincia\/207788\/empresas-libres-de-acoso-hacia-las-mujeres-en-huercal-overa&amp;ct=ga&amp;cd=CAEYASoUMTE1MzU3NDY5MTMyNzE1NTc1MTgyGzlhYjFjZGQ3ZTM2NmVmMzg6ZXM6ZXM6RVM6Ug&amp;usg=AFQjCNGrM06-weBdrFsSXBbio-LDURNSOA\">Empresas libres de acoso hacia\u00a0las mujeres en\u00a0Hu\u00e9rcal-Overa<\/a>&#8211;\u00a0La Voz de Almer\u00eda<\/p>\n<p><a href=\"https:\/\/www.google.com\/url?rct=j&amp;sa=t&amp;url=https:\/\/www.emprendedores.es\/ayudas\/ayuda-crear-empresa-negocio\/las-nuevas-economias-y-la-innovacion-social-como-claves-para-impulsar-el-emprendimiento-verde-en-andalucia-y-murcia\/&amp;ct=ga&amp;cd=CAEYBCoUMTA4NjEwMDQ0ODM1MDE0NzQyMDIyGWQ3OGU1ODc1YTBmMWYyYWM6ZXM6ZXM6RVM&amp;usg=AFQjCNHdSd_JCLKUHK_dVPEsru2HSA67sA\">Las Nuevas Econom\u00edas y la Innovaci\u00f3n\u00a0Social\u00a0como claves para impulsar el emprendimiento &#8230;<\/a>&#8211;\u00a0emprendedores.es<\/p>\n<p><a href=\"http:\/\/www.juntadeandalucia.es\/presidencia\/portavoz\/157623\/RocioBlanco\/Empleo\/Emprendedores\">El inter\u00e9s por el autoempleo de los j\u00f3venes crece hasta un 46% a pesar de la pandemia<\/a>-oficina del portavoz<\/p>\n<p><a href=\"https:\/\/andaluciainformacion.es\/andalucia\/946092\/mas-de-200-agricultores-malaguenos-se-forman-con-el-ministerio-de-agricultura\/\">M\u00e1s de 200 agricultores malague\u00f1os se forman con el Ministerio de Agricultura\u2026<\/a>-Andaluciainformacion<\/p>\n<p><a href=\"https:\/\/andaluciainformacion.es\/andalucia\/946075\/la-junta-otorgara-nuevas-ayudas-de-1000-euros-para-pymes-y-autonomos\/\">La Junta otorgar\u00e1 nuevas ayudas de 1.000 euros para pymes y aut\u00f3nomos<\/a>&#8211; Andaluciainformacion<strong>\u00a0<\/strong><\/p>\n<p><strong>Actualidad<\/strong><\/p>\n<p><a href=\"https:\/\/www.lavozdealmeria.com\/noticia\/3\/provincia\/207894\/impulso-a-la-igualdad-entre-hombres-y-mujeres-con-un-nuevo-plan-municipal\">Impulso a la igualdad entre hombres y mujeres con un nuevo plan municipal<\/a>-lavozdealmeria<a href=\"https:\/\/www.google.com\/url?rct=j&amp;sa=t&amp;url=https:\/\/www.huffingtonpost.es\/entry\/himpatia_es_600561e8c5b697df1a073f6a%3Futm_hp_ref%3Des-tendencias&amp;ct=ga&amp;cd=CAEYAyoUMTUwNjc2MTc0MTY0MTg5NTAyODAyGWUyZGVmYTdkNWRhOTE1N2Q6ZXM6ZXM6RVM&amp;usg=AFQjCNEJeHqaVDyj2GiPk0J0Havhcg_lwA\"><br \/>\n&#8216;Himpat\u00eda&#8217;<\/a>\u00a0&#8211;\u00a0El HuffPost<a href=\"https:\/\/www.google.com\/url?rct=j&amp;sa=t&amp;url=https:\/\/www.20minutos.es\/noticia\/4550942\/0\/donacion-de-alimentos-a-caritas-de-cooperativas-agro-alimentarias-de-andalucia-fundacion-la-caixa-y-caixabank\/&amp;ct=ga&amp;cd=CAEYACoUMTA4NjEwMDQ0ODM1MDE0NzQyMDIyGWQ3OGU1ODc1YTBmMWYyYWM6ZXM6ZXM6RVM&amp;usg=AFQjCNHI1qhmjalCCSXAGzJ_pTmm3-xEqQ\"><br \/>\nDonaci\u00f3n de alimentos a C\u00e1ritas de Cooperativas Agro-alimentarias de\u00a0Andaluc\u00eda, Fundaci\u00f3n La &#8230;<\/a>&#8211;\u00a020minutos<\/p>\n<p><a href=\"https:\/\/www.eldiario.es\/andalucia\/desdeelsur\/nueva-crisis-pagan_132_6967533.html\">La nueva crisis la pagan los mismos<\/a>&#8211;\u00a0eldiario.es<\/p>\n<p><a href=\"https:\/\/www.que.es\/2021\/01\/21\/andalucia-app-educacion-afectivo-sexual\/\">Andaluc\u00eda lanza una &#8216;app&#8217; sobre educaci\u00f3n afectivo-sexual<\/a>-que.es<\/p>\n<p><a href=\"https:\/\/www.rtvsol.es\/noticias\/andalucia\/mas-de-300-centros-educativos-de-cadiz-forman-parte-de-la-red-escuela-espacio-de-paz\">M\u00e1s de 300 centros educativos de C\u00e1diz forman parte de la Red &#8216;Escuela espacio de Paz\u201d\u2026<\/a>-rtvsol<strong>\u00a0<\/strong><\/p>\n<p><strong>Violencias<\/strong><\/p>\n<p><a href=\"https:\/\/www.google.com\/url?rct=j&amp;sa=t&amp;url=https:\/\/elcorreoweb.es\/andalucia\/el-iam-lanza-una-app-para-prevenir-la-violencia-de-genero-en-los-jovenes-GI7082833&amp;ct=ga&amp;cd=CAEYACoTODg0NTI4NzIyOTI1MTM4OTQ3NzIZZTJkZWZhN2Q1ZGE5MTU3ZDplczplczpFUw&amp;usg=AFQjCNGmuZGhDuhT_Gy6gYRtcJ6Y0Tp6mA\">El IAM lanza una app para prevenir la\u00a0violencia de g\u00e9nero\u00a0en los j\u00f3venes<\/a>\u00a0&#8211;\u00a0El Correo de Andaluc\u00eda<\/p>\n<p><strong>Ciencia y Cultura<\/strong><\/p>\n<p><a href=\"https:\/\/www.sevillaactualidad.com\/andalucia\/169188-lola-flores-resucita-para-reivindicar-el-acento-andaluz\/\">Lola Flores resucita para reivindicar el acento andaluz<\/a>-sevillaactualidad<\/p>\n<p><a href=\"https:\/\/www.cope.es\/actualidad\/cultura\/noticias\/andalucia-malaga--mva-abre-sus-salas-exposiciones-futuro-las-bellas-artes-malaguenas-20210121_1099303\">El MVA abre sus salas de exposiciones al futuro de las Bellas Artes malague\u00f1as<\/a>-cope.es<\/p>\n<p><a href=\"https:\/\/www.cineytele.com\/2021\/01\/21\/los-premios-del-cine-andaluz-premiaran-al-festival-de-islantilla-kiko-media-la-diputacion-de-jaen-y-canal-sur\/\">Los Premios del Cine Andaluz premiar\u00e1n al Festival de Islantilla\u2026\u00a0<\/a>-cineytele<\/p>\n<p><a href=\"https:\/\/www.europapress.es\/esandalucia\/sevilla\/noticia-consejeria-cultura-lleva-muestra-grafica-yo-soy-flamenco-fundacion-tres-culturas-sevilla-20210121171231.html\">La Consejer\u00eda de Cultura lleva la muestra gr\u00e1fica &#8216;Yo soy flamenco\u2026&#8217;<\/a>-europapress<\/p>\n<p><strong>Deporte<\/strong><\/p>\n<p><a href=\"https:\/\/cordobadeporte.com\/takeme-sarkar-repetira-en-el-priego-mujer-y-progreso\/\">Takeme Sarkar repetir\u00e1 en el Priego Mujer y Progreso<\/a>-cordobadeporte<\/p>\n<p>[\/toggle]<\/p>\n<p>[toggle type=\u00bbfirst\u00bb title=\u00bbEstado\u00bb]<\/p>\n<p><strong>Institucional<\/strong><\/p>\n<p><a href=\"https:\/\/amecopress.net\/El-Ministerio-de-Igualdad-preve-para-septiembre-el-borrador-de-la-reforma-de-la-ley-del-aborto\">El Ministerio de Igualdad prev\u00e9 para septiembre el borrador de la reforma de la ley del aborto\u00a0<\/a>\u2013amecopress.net<\/p>\n<p><a href=\"https:\/\/www.bolsamania.com\/noticias\/economia\/video-economia--diaz-dice-que-en-breve-se-iniciara-tramitacion-de-directiva-europea-de-transparencia-retributiva--7787191.html\">D\u00edaz dice que \u00aben breve\u00bb se iniciar\u00e1 tramitaci\u00f3n de directiva europea de transparencia retributiva<\/a>-bolsamania.com<strong>\u00a0<\/strong><\/p>\n<p><strong>Institucional-CCAA<\/strong><\/p>\n<p><a href=\"https:\/\/www.google.com\/url?rct=j&amp;sa=t&amp;url=https:\/\/www.murcia.com\/sociedad\/noticias\/2021\/01\/19-culmina-el-proyecto-interconectads-con-la-participacion-de-60-mujeres-de-la-comarca-del-mar-menor-y.asp&amp;ct=ga&amp;cd=CAEYACoTNDEyMTczODg3MDU5NTYzMDkxMTIZZTFlNzdkMTU2MDk4YThlMzplczplczpFUw&amp;usg=AFQjCNFRve46yaP1aDhIcbwo_zEUjBVU3w\">Culmina el proyecto \u00abInterconectad@s\u00bb con la participaci\u00f3n de 60 mujeres de la Comarca del Mar &#8230;<\/a>&#8211;\u00a0Murcia.com<a href=\"https:\/\/www.google.com\/url?rct=j&amp;sa=t&amp;url=https:\/\/www.hortanoticias.com\/valencia-sera-el-primer-ayuntamiento-en-ofrecer-atencion-psicosocial-gratuita-a-adolescentes-para-prevenir-la-violencia-de-genero\/&amp;ct=ga&amp;cd=CAEYAioTNDEyMTczODg3MDU5NTYzMDkxMTIZZTFlNzdkMTU2MDk4YThlMzplczplczpFUw&amp;usg=AFQjCNGfyDBgSsIR2RWKCE2YYR49T4U5Xw\"><br \/>\nVal\u00e8ncia ser\u00e1 el primer ayuntamiento en ofrecer atenci\u00f3n psicosocial gratuita a adolescentes para &#8230;<\/a>&#8211;\u00a0Hortanoticias.com<a href=\"https:\/\/www.google.com\/url?rct=j&amp;sa=t&amp;url=https:\/\/www.regiondigital.com\/noticias\/portada\/338816-imex-y-plataforma-portuguesa-por-derechos-de-la-mujer-asesoran-para-acabar-con-violencia.html&amp;ct=ga&amp;cd=CAEYAyoTNjUxNzE3MzI2OTAzOTUxMDk3MzIZYzAzNzJlYmMyZmVhZGE1OTplczplczpFUw&amp;usg=AFQjCNGD52KyE4cIJzB_4_n-OpCVxbFuGQ\"><br \/>\nIMEX y Plataforma Portuguesa por Derechos de la\u00a0Mujer\u00a0asesoran para acabar con violencia<\/a>&#8211;\u00a0Regi\u00f3n Digital<\/p>\n<p><a href=\"https:\/\/www.google.com\/url?rct=j&amp;sa=t&amp;url=https:\/\/murciaplaza.com\/LahistoriadeuncentenardelorquinaspionerasconquistansusitioenlaRosalasWomenGallery&amp;ct=ga&amp;cd=CAEYJCoTNjUxNzE3MzI2OTAzOTUxMDk3MzIZYzAzNzJlYmMyZmVhZGE1OTplczplczpFUw&amp;usg=AFQjCNHAa2DfwIFAvlwb3Md0mcS9-3x9pg\">La historia de un centenar de lorquinas pioneras ocupan su sitio en la Rosal\u00eda&#8217;s Women Gallery<\/a>&#8211;\u00a0Murcia Plaza<\/p>\n<p><a href=\"https:\/\/www.20minutos.es\/noticia\/4553365\/0\/la-junta-crea-la-red-de-igualdad-de-mujer-rural-para-apoyar-sus-proyectos-de-vida-y-empleo-en-pueblos-de-la-comunidad\/\">La Junta crea la Red de Igualdad de Mujer Rural para apoyar sus proyectos de vida y empleo en pueblos de la Comunidad<\/a>&#8211;\u00a020minutos.es<strong>\u00a0<\/strong><\/p>\n<p><strong>Econom\u00eda y Empresas<\/strong><\/p>\n<p><a href=\"https:\/\/www.mujeremprendedora.net\/mujeres-avenir-celebra-el-acto-liderazgo-femenino-y-representacion-equilibrada-en-los-consejos-de-administracion\/\">Mujeres Avenir celebra el acto \u201cLiderazgo Femenino y representaci\u00f3n equilibrada en los Consejos de Administraci\u00f3n\u201d<\/a>&#8211;\u00a0Mujeremprendedora.net<\/p>\n<p><a href=\"https:\/\/www.mujeremprendedora.net\/grant-thornton-women-business-2021-cifra-directivas-espana-mantiene-34\/\">La cifra de directivas en Espa\u00f1a se mantiene en el 34%<\/a>&#8211; Mujeremprendedora.net<\/p>\n<p><a href=\"https:\/\/cadenaser.com\/emisora\/2021\/01\/22\/radio_club_tenerife\/1611310061_503262.html\">&#8216;Gira Mujeres&#8217; inicia su quinta edici\u00f3n<\/a>-cadenaser<\/p>\n<p><a href=\"https:\/\/www.eldiario.es\/economia\/gobierno-amplia-ayudas-paro-autonomos-requisito-reduccion-ingresos-pasa-75-50_1_6979719.html\">El Gobierno ampliar\u00e1 las ayudas de &#8216;paro&#8217; de los aut\u00f3nomos: el requisito de ca\u00edda de ingresos pasar\u00e1 del 75% al 50%<\/a>\u00a0-eldiario.es<\/p>\n<p><a href=\"https:\/\/agroinformacion.com\/cyldenuncian-que-las-explotaciones-de-titularidad-femenina-tienen-mas-dificil-acceder-a-las-ayudas-agrarias\/\">Denuncian que las explotaciones de titularidad femenina tienen m\u00e1s dif\u00edcil acceder a las ayudas agrarias<\/a>-agroinformaci\u00f3n<strong>\u00a0<\/strong><\/p>\n<p><strong>Actualidad<\/strong><\/p>\n<p><a href=\"https:\/\/www.elespanol.com\/mujer\/actualidad\/20210122\/mujeres-gestionaran-fondos-europeos-covid-recibira-espana\/552695056_0.html\">Estas son las dos mujeres que gestionar\u00e1n los fondos europeos de la Covid que recibir\u00e1 Espa\u00f1a<\/a>-elespa\u00f1ol<\/p>\n<p><a href=\"https:\/\/elpais.com\/ciencia\/2021-01-21\/nuevas-claves-de-por-que-la-covid-mata-el-doble-a-hombres-que-a-mujeres.html\">Nuevas claves de por qu\u00e9 la covid mata el doble a hombres que a mujeres<\/a>\u00a0\u2013 El Pa\u00eds<strong>\u00a0<\/strong><\/p>\n<p><strong>Violencias<\/strong><\/p>\n<p><a href=\"https:\/\/www.msn.com\/es-es\/news\/espana\/v-c3-adctimas-de-violencia-de-g-c3-a9nero-que-residen-en-casas-de-acogida-podr-c3-a1n-empadronarse-en-otra-direcci-c3-b3n-por-seguridad\/ar-BB1cXIHA\">V\u00edctimas de violencia de g\u00e9nero que residen en casas de acogida podr\u00e1n empadronarse en otra direcci\u00f3n por seguridad<\/a>-Europapress<strong>\u00a0<\/strong><\/p>\n<p><strong>Ciencia y Cultura<\/strong><\/p>\n<p><a href=\"https:\/\/www.mujeremprendedora.net\/stem-talent-girl-maria-blasco-cnio-envejecimiento-causa-enfermedades-nos-matan-hoy-dia\/\">Mar\u00eda Blasco: \u201cEl envejecimiento es la causa de las enfermedades que nos matan hoy en d\u00eda\u201d<\/a>&#8211; Mujeremprendedora.net<\/p>\n<p><a href=\"https:\/\/www.eldiario.es\/cultura\/libros\/gana-premio-alfaguara-novela-2021_1_6980352.html\">&#8216;Los abismos&#8217; de Pilar Quintana gana el Premio Alfaguara de novela 2021<\/a>&#8211;<a href=\"http:\/\/eldiario.es\/\">eldiario.es<\/a><\/p>\n<p><a href=\"https:\/\/www.google.com\/url?rct=j&amp;sa=t&amp;url=https:\/\/www.europapress.es\/comunitat-valenciana\/noticia-ific-lleva-teatro-vida-lise-meitner-pionera-fisica-nuclear-olvidada-comite-nobel-20210119105052.html&amp;ct=ga&amp;cd=CAEYByoTNjUxNzE3MzI2OTAzOTUxMDk3MzIZYzAzNzJlYmMyZmVhZGE1OTplczplczpFUw&amp;usg=AFQjCNHTHeA59fy2qEakSuMhn1PlrdX8IA\">El IFIC lleva al teatro la vida de Lise Meitner, pionera de la f\u00edsica nuclear olvidada por el comit\u00e9 del &#8230;<\/a>&#8211;\u00a0Europa Press<\/p>\n<p><a href=\"https:\/\/www.google.com\/url?rct=j&amp;sa=t&amp;url=https:\/\/www.lanzadigital.com\/cultura\/mabel-lozano-vuelve-a-ser-nominada-a-los-goya-con-biografia-del-cadaver-de-una-mujer\/&amp;ct=ga&amp;cd=CAEYACoTNjUxNzE3MzI2OTAzOTUxMDk3MzIZYzAzNzJlYmMyZmVhZGE1OTplczplczpFUw&amp;usg=AFQjCNEIn1CotYjyYh6EsCSHQvFCa_uzzA\">Mabel Lozano vuelve a ser nominada a los Goya con &#8216;Biograf\u00eda del Cad\u00e1ver de una\u00a0Mujer&#8217;<\/a>&#8211;\u00a0Lanza Digital<a href=\"https:\/\/www.google.com\/url?rct=j&amp;sa=t&amp;url=https:\/\/www.elperiodic.com\/valencia\/exposicion-arte-solidario-destina-todos-donativos-proyecto-manos-unidas-favor-mujeres-victimas-trata-peru_724619&amp;ct=ga&amp;cd=CAEYAyoSOTY2MTgyNTk3MzIyNDg3NzYxMhllMWU3N2QxNTYwOThhOGUzOmVzOmVzOkVT&amp;usg=AFQjCNF2OpD5n01qSoXYNYFh260FPcDviQ\"><br \/>\nLa exposici\u00f3n \u201cArte Solidario\u201d destina todos los donativos a un proyecto de Manos Unidas en favor &#8230;<\/a>&#8211;\u00a0<a href=\"http:\/\/elperiodic.com\/\">elperiodic.com<\/a><\/p>\n<p><a href=\"https:\/\/www.unotv.com\/internacional\/museo-del-prado-abre-espacio-inclusivo-para-mujeres-artistas\/\">Museo del Prado abre espacio inclusivo para mujeres artistas<\/a>-unotv<\/p>\n<p><strong>Deporte<\/strong><\/p>\n<p><a href=\"https:\/\/elpais.com\/deportes\/2021-01-21\/en-el-movistar-ven-a-hombres-y-mujeres-como-iguales.html\">\u201cEn el Movistar ven a hombres y mujeres como iguales\u201d<\/a>&#8211; El Pa\u00eds<\/p>\n<p>[\/toggle]<\/p>\n<p>[toggle type=\u00bbfirst\u00bb title=\u00bbInternacional\u00bb]<u> <\/u><\/p>\n<p><a href=\"https:\/\/www.eldiario.es\/sociedad\/eurocamara-pide-perspectiva-genero-fondos-comunitarios-pacto-europeo-cuidados_1_6975873.html\">La Euroc\u00e1mara pide perspectiva de g\u00e9nero en los fondos comunitarios y un Pacto Europeo de Cuidados<\/a>-Eldiario.es<\/p>\n<p><a href=\"https:\/\/www.europapress.es\/epsocial\/igualdad\/noticia-consejo-europa-insta-espana-trabajar-contra-todos-tipos-violencia-mujeres-20210122122501.html\">El Consejo de Europa insta a Espa\u00f1a a trabajar contra todos los tipos de violencia hacia las mujeres<\/a>-europapress<\/p>\n<p><a href=\"https:\/\/elpais.com\/economia\/2021-01-21\/el-bce-mantiene-intactos-los-tipos-de-interes-mientras-analiza-el-riesgo-de-una-recaida.html\">Lagarde advierte de que la inercia negativa y la tercera ola afectar\u00e1n al primer trimestre del a\u00f1o<\/a>\u00a0\u2013 El Pa\u00eds<\/p>\n<p><a href=\"https:\/\/www.google.com\/url?rct=j&amp;sa=t&amp;url=https:\/\/m.elmostrador.cl\/braga\/2021\/01\/21\/economista-cristina-carrasco-sobre-los-efectos-de-la-pandemia-en-las-mujeres-no-es-el-virus-quien-discrimina-sino-el-clasismo-el-sexismo-y-el-racismo-existente\/&amp;ct=ga&amp;cd=CAEYAyoTOTQ4OTU1OTYyMDY4ODgzNDkwNzIbOTE4ODU3Y2Q2MGY5Nzc0ODplczplczpFUzpM&amp;usg=AFQjCNGRrXfuCUlwd6H4DellUzLIxnDf6A\">Economista Cristina Carrasco en Congreso Futuro: \u201cNo es el virus quien discrimina, sino el &#8230;<\/a>&#8211;\u00a0El Mostrador<\/p>\n<p><a href=\"https:\/\/www.google.com\/url?rct=j&amp;sa=t&amp;url=https:\/\/elpais.com\/ciencia\/2021-01-19\/por-que-la-victoria-de-kamala-harris-tambien-es-una-victoria-para-las-madres-cientificas.html&amp;ct=ga&amp;cd=CAEYLioTNjUxNzE3MzI2OTAzOTUxMDk3MzIZYzAzNzJlYmMyZmVhZGE1OTplczplczpFUw&amp;usg=AFQjCNENdlLEuP7CyuMW9Ivuhn-trNfCnw\">Por qu\u00e9 la victoria de Kamala Harris tambi\u00e9n es una victoria para las madres cient\u00edficas<\/a>&#8211;\u00a0El Pa\u00eds<\/p>\n<p><a href=\"https:\/\/amecopress.net\/El-Centro-de-Investigaciones-y-Estudios-de-Genero-CIEG-cuatro-anos-generando-conocimiento-sobre-la-desigualdad-de-genero\">El Centro de Investigaciones y Estudios de G\u00e9nero (CIEG), cuatro a\u00f1os generando conocimiento sobre la desigualdad de g\u00e9nero\u2026<\/a>-amecopress.net<\/p>\n<p><a href=\"https:\/\/www.google.com\/url?rct=j&amp;sa=t&amp;url=https:\/\/historia.nationalgeographic.com.es\/a\/matilda-joslyn-gage-sufragista-que-luchaba-por-libertad_16192&amp;ct=ga&amp;cd=CAEYEyoTNjUxNzE3MzI2OTAzOTUxMDk3MzIZYzAzNzJlYmMyZmVhZGE1OTplczplczpFUw&amp;usg=AFQjCNEqFUmHZvDH9NOqYLRJCppkNIYr4Q\">Matilda Joslyn Gage, la sufragista que luchaba por la libertad<\/a>&#8211;\u00a0National Geographic<\/p>\n<p><a href=\"https:\/\/www.mujeremprendedora.net\/colombiana-pilar-quintana-gana-premio-alfaguara-novela-abismos\/\">La colombiana Pilar Quintana gana el Premio Alfaguara con la novela \u2018Los abismos\u2019 \u2013\u00a0Mujeremprendedora.net<\/a><\/p>\n<p><a href=\"https:\/\/www.eldiario.es\/cultura\/libros\/familia-bruselas-monologo-cineasta-chantal-akerman-deterioro-materno-perdida_1_6867635.html\">&#8216;Una familia en Bruselas&#8217;: el mon\u00f3logo de la cineasta Chantal Akerman sobre su madre y la p\u00e9rdida<\/a>-eldiario.es<\/p>\n<p><a href=\"https:\/\/cadenaser.com\/ser\/2021\/01\/22\/deportes\/1611313364_627267.html\">Amelie Mauresmo: \u00abNo me respetaron por ser mujer\u00bb<\/a>-cadenaser<\/p>\n<p>[\/toggle]<\/p>\n<\/div>\n<\/div>\n<\/div>\n<\/div>\n<\/div>\n<\/div>\n","protected":false},"excerpt":{"rendered":"<p>La Euroc\u00e1mara pide perspectiva de g\u00e9nero en los fondos comunitarios <a href=\"https:\/\/cklcomunicaciones.es\/coop\/noticias-info-ckl-no-2-538-21-01-21\/\">[&#8230;]<\/a><\/p>\n","protected":false},"author":3,"featured_media":0,"comment_status":"closed","ping_status":"closed","sticky":false,"template":"","format":"standard","meta":{"footnotes":""},"categories":[298,623],"tags":[241,219],"class_list":["post-15197","post","type-post","status-publish","format-standard","hentry","category-newsletter","category-nwl-2-0","tag-parlamento-europeo","tag-perspectiva-de-genero"],"yoast_head":"<!-- This site is optimized with the Yoast SEO plugin v27.5 - https:\/\/yoast.com\/product\/yoast-seo-wordpress\/ -->\n<title>Noticias Info CKL n\u00ba 2.538-21\/01\/21-Comunicar con perspectiva de g\u00e9nero<\/title>\n<meta name=\"description\" content=\"Comunicar con perspectiva de g\u00e9nero: La Euroc\u00e1mara pide perspectiva de g\u00e9nero en los fondos comunitarios y un Pacto Europeo de Cuidados-Pilar Quintana Premio Alfaguara de Novela\" \/>\n<meta name=\"robots\" content=\"index, follow, max-snippet:-1, max-image-preview:large, max-video-preview:-1\" \/>\n<link rel=\"canonical\" href=\"https:\/\/cklcomunicaciones.es\/coop\/noticias-info-ckl-no-2-538-21-01-21\/\" \/>\n<meta property=\"og:locale\" content=\"es_ES\" \/>\n<meta property=\"og:type\" content=\"article\" \/>\n<meta property=\"og:title\" content=\"Noticias Info CKL n\u00ba 2.538-21\/01\/21-Comunicar con perspectiva de g\u00e9nero\" \/>\n<meta property=\"og:description\" content=\"Comunicar con perspectiva de g\u00e9nero: La Euroc\u00e1mara pide perspectiva de g\u00e9nero en los fondos comunitarios y un Pacto Europeo de Cuidados-Pilar Quintana Premio Alfaguara de Novela\" \/>\n<meta property=\"og:url\" content=\"https:\/\/cklcomunicaciones.es\/coop\/noticias-info-ckl-no-2-538-21-01-21\/\" \/>\n<meta property=\"og:site_name\" content=\"CKL Comunicaciones\" \/>\n<meta property=\"article:published_time\" content=\"2021-01-22T12:40:45+00:00\" \/>\n<meta property=\"article:modified_time\" content=\"2025-01-17T15:47:21+00:00\" \/>\n<meta property=\"og:image\" content=\"https:\/\/cklcomunicaciones.es\/coop\/wp-content\/uploads\/2018\/03\/CKL_comunicacion-con-perspetiva-de-genero.jpg\" \/>\n\t<meta property=\"og:image:width\" content=\"500\" \/>\n\t<meta property=\"og:image:height\" content=\"500\" \/>\n\t<meta property=\"og:image:type\" content=\"image\/jpeg\" \/>\n<meta name=\"author\" content=\"ckl\" \/>\n<meta name=\"twitter:card\" content=\"summary_large_image\" \/>\n<meta name=\"twitter:label1\" content=\"Escrito por\" \/>\n\t<meta name=\"twitter:data1\" content=\"ckl\" \/>\n\t<meta name=\"twitter:label2\" content=\"Tiempo de lectura\" \/>\n\t<meta name=\"twitter:data2\" content=\"5 minutos\" \/>\n<script type=\"application\/ld+json\" class=\"yoast-schema-graph\">{\"@context\":\"https:\\\/\\\/schema.org\",\"@graph\":[{\"@type\":\"Article\",\"@id\":\"https:\\\/\\\/cklcomunicaciones.es\\\/coop\\\/noticias-info-ckl-no-2-538-21-01-21\\\/#article\",\"isPartOf\":{\"@id\":\"https:\\\/\\\/cklcomunicaciones.es\\\/coop\\\/noticias-info-ckl-no-2-538-21-01-21\\\/\"},\"author\":{\"name\":\"ckl\",\"@id\":\"https:\\\/\\\/cklcomunicaciones.es\\\/coop\\\/#\\\/schema\\\/person\\\/929a6837f7626450bbb50cee1aef266e\"},\"headline\":\"Noticias Info CKL n\u00ba 2.538-21\\\/01\\\/21\",\"datePublished\":\"2021-01-22T12:40:45+00:00\",\"dateModified\":\"2025-01-17T15:47:21+00:00\",\"mainEntityOfPage\":{\"@id\":\"https:\\\/\\\/cklcomunicaciones.es\\\/coop\\\/noticias-info-ckl-no-2-538-21-01-21\\\/\"},\"wordCount\":1102,\"image\":{\"@id\":\"https:\\\/\\\/cklcomunicaciones.es\\\/coop\\\/noticias-info-ckl-no-2-538-21-01-21\\\/#primaryimage\"},\"thumbnailUrl\":\"http:\\\/\\\/www.cklcomunicaciones.es\\\/wp-content\\\/uploads\\\/2018\\\/03\\\/CKL_comunicacion-con-perspetiva-de-genero-300x300.jpg\",\"keywords\":[\"Parlamento Europeo\",\"perspectiva de g\u00e9nero\"],\"articleSection\":[\"Newsletter\",\"Nwl v2.0\"],\"inLanguage\":\"es\"},{\"@type\":\"WebPage\",\"@id\":\"https:\\\/\\\/cklcomunicaciones.es\\\/coop\\\/noticias-info-ckl-no-2-538-21-01-21\\\/\",\"url\":\"https:\\\/\\\/cklcomunicaciones.es\\\/coop\\\/noticias-info-ckl-no-2-538-21-01-21\\\/\",\"name\":\"Noticias Info CKL n\u00ba 2.538-21\\\/01\\\/21-Comunicar con perspectiva de g\u00e9nero\",\"isPartOf\":{\"@id\":\"https:\\\/\\\/cklcomunicaciones.es\\\/coop\\\/#website\"},\"primaryImageOfPage\":{\"@id\":\"https:\\\/\\\/cklcomunicaciones.es\\\/coop\\\/noticias-info-ckl-no-2-538-21-01-21\\\/#primaryimage\"},\"image\":{\"@id\":\"https:\\\/\\\/cklcomunicaciones.es\\\/coop\\\/noticias-info-ckl-no-2-538-21-01-21\\\/#primaryimage\"},\"thumbnailUrl\":\"http:\\\/\\\/www.cklcomunicaciones.es\\\/wp-content\\\/uploads\\\/2018\\\/03\\\/CKL_comunicacion-con-perspetiva-de-genero-300x300.jpg\",\"datePublished\":\"2021-01-22T12:40:45+00:00\",\"dateModified\":\"2025-01-17T15:47:21+00:00\",\"author\":{\"@id\":\"https:\\\/\\\/cklcomunicaciones.es\\\/coop\\\/#\\\/schema\\\/person\\\/929a6837f7626450bbb50cee1aef266e\"},\"description\":\"Comunicar con perspectiva de g\u00e9nero: La Euroc\u00e1mara pide perspectiva de g\u00e9nero en los fondos comunitarios y un Pacto Europeo de Cuidados-Pilar Quintana Premio Alfaguara de Novela\",\"breadcrumb\":{\"@id\":\"https:\\\/\\\/cklcomunicaciones.es\\\/coop\\\/noticias-info-ckl-no-2-538-21-01-21\\\/#breadcrumb\"},\"inLanguage\":\"es\",\"potentialAction\":[{\"@type\":\"ReadAction\",\"target\":[\"https:\\\/\\\/cklcomunicaciones.es\\\/coop\\\/noticias-info-ckl-no-2-538-21-01-21\\\/\"]}]},{\"@type\":\"ImageObject\",\"inLanguage\":\"es\",\"@id\":\"https:\\\/\\\/cklcomunicaciones.es\\\/coop\\\/noticias-info-ckl-no-2-538-21-01-21\\\/#primaryimage\",\"url\":\"http:\\\/\\\/www.cklcomunicaciones.es\\\/wp-content\\\/uploads\\\/2018\\\/03\\\/CKL_comunicacion-con-perspetiva-de-genero-300x300.jpg\",\"contentUrl\":\"http:\\\/\\\/www.cklcomunicaciones.es\\\/wp-content\\\/uploads\\\/2018\\\/03\\\/CKL_comunicacion-con-perspetiva-de-genero-300x300.jpg\"},{\"@type\":\"BreadcrumbList\",\"@id\":\"https:\\\/\\\/cklcomunicaciones.es\\\/coop\\\/noticias-info-ckl-no-2-538-21-01-21\\\/#breadcrumb\",\"itemListElement\":[{\"@type\":\"ListItem\",\"position\":1,\"name\":\"Portada\",\"item\":\"https:\\\/\\\/cklcomunicaciones.es\\\/coop\\\/\"},{\"@type\":\"ListItem\",\"position\":2,\"name\":\"Noticias Info CKL n\u00ba 2.538-21\\\/01\\\/21\"}]},{\"@type\":\"WebSite\",\"@id\":\"https:\\\/\\\/cklcomunicaciones.es\\\/coop\\\/#website\",\"url\":\"https:\\\/\\\/cklcomunicaciones.es\\\/coop\\\/\",\"name\":\"CKL Comunicaciones\",\"description\":\"Sitio web de CKL Comunicaciones coop , la consultora de comunicaci\u00f3n y estrategia\",\"potentialAction\":[{\"@type\":\"SearchAction\",\"target\":{\"@type\":\"EntryPoint\",\"urlTemplate\":\"https:\\\/\\\/cklcomunicaciones.es\\\/coop\\\/?s={search_term_string}\"},\"query-input\":{\"@type\":\"PropertyValueSpecification\",\"valueRequired\":true,\"valueName\":\"search_term_string\"}}],\"inLanguage\":\"es\"},{\"@type\":\"Person\",\"@id\":\"https:\\\/\\\/cklcomunicaciones.es\\\/coop\\\/#\\\/schema\\\/person\\\/929a6837f7626450bbb50cee1aef266e\",\"name\":\"ckl\",\"image\":{\"@type\":\"ImageObject\",\"inLanguage\":\"es\",\"@id\":\"https:\\\/\\\/secure.gravatar.com\\\/avatar\\\/c82db564e8a669bf6023357a157b9dc4780f4d4c618f2ad1d71a6a5dede45057?s=96&d=mm&r=g\",\"url\":\"https:\\\/\\\/secure.gravatar.com\\\/avatar\\\/c82db564e8a669bf6023357a157b9dc4780f4d4c618f2ad1d71a6a5dede45057?s=96&d=mm&r=g\",\"contentUrl\":\"https:\\\/\\\/secure.gravatar.com\\\/avatar\\\/c82db564e8a669bf6023357a157b9dc4780f4d4c618f2ad1d71a6a5dede45057?s=96&d=mm&r=g\",\"caption\":\"ckl\"},\"url\":\"https:\\\/\\\/cklcomunicaciones.es\\\/coop\\\/author\\\/cklcomunicaciones\\\/\"}]}<\/script>\n<!-- \/ Yoast SEO plugin. -->","yoast_head_json":{"title":"Noticias Info CKL n\u00ba 2.538-21\/01\/21-Comunicar con perspectiva de g\u00e9nero","description":"Comunicar con perspectiva de g\u00e9nero: La Euroc\u00e1mara pide perspectiva de g\u00e9nero en los fondos comunitarios y un Pacto Europeo de Cuidados-Pilar Quintana Premio Alfaguara de Novela","robots":{"index":"index","follow":"follow","max-snippet":"max-snippet:-1","max-image-preview":"max-image-preview:large","max-video-preview":"max-video-preview:-1"},"canonical":"https:\/\/cklcomunicaciones.es\/coop\/noticias-info-ckl-no-2-538-21-01-21\/","og_locale":"es_ES","og_type":"article","og_title":"Noticias Info CKL n\u00ba 2.538-21\/01\/21-Comunicar con perspectiva de g\u00e9nero","og_description":"Comunicar con perspectiva de g\u00e9nero: La Euroc\u00e1mara pide perspectiva de g\u00e9nero en los fondos comunitarios y un Pacto Europeo de Cuidados-Pilar Quintana Premio Alfaguara de Novela","og_url":"https:\/\/cklcomunicaciones.es\/coop\/noticias-info-ckl-no-2-538-21-01-21\/","og_site_name":"CKL Comunicaciones","article_published_time":"2021-01-22T12:40:45+00:00","article_modified_time":"2025-01-17T15:47:21+00:00","og_image":[{"width":500,"height":500,"url":"https:\/\/cklcomunicaciones.es\/coop\/wp-content\/uploads\/2018\/03\/CKL_comunicacion-con-perspetiva-de-genero.jpg","type":"image\/jpeg"}],"author":"ckl","twitter_card":"summary_large_image","twitter_misc":{"Escrito por":"ckl","Tiempo de lectura":"5 minutos"},"schema":{"@context":"https:\/\/schema.org","@graph":[{"@type":"Article","@id":"https:\/\/cklcomunicaciones.es\/coop\/noticias-info-ckl-no-2-538-21-01-21\/#article","isPartOf":{"@id":"https:\/\/cklcomunicaciones.es\/coop\/noticias-info-ckl-no-2-538-21-01-21\/"},"author":{"name":"ckl","@id":"https:\/\/cklcomunicaciones.es\/coop\/#\/schema\/person\/929a6837f7626450bbb50cee1aef266e"},"headline":"Noticias Info CKL n\u00ba 2.538-21\/01\/21","datePublished":"2021-01-22T12:40:45+00:00","dateModified":"2025-01-17T15:47:21+00:00","mainEntityOfPage":{"@id":"https:\/\/cklcomunicaciones.es\/coop\/noticias-info-ckl-no-2-538-21-01-21\/"},"wordCount":1102,"image":{"@id":"https:\/\/cklcomunicaciones.es\/coop\/noticias-info-ckl-no-2-538-21-01-21\/#primaryimage"},"thumbnailUrl":"http:\/\/www.cklcomunicaciones.es\/wp-content\/uploads\/2018\/03\/CKL_comunicacion-con-perspetiva-de-genero-300x300.jpg","keywords":["Parlamento Europeo","perspectiva de g\u00e9nero"],"articleSection":["Newsletter","Nwl v2.0"],"inLanguage":"es"},{"@type":"WebPage","@id":"https:\/\/cklcomunicaciones.es\/coop\/noticias-info-ckl-no-2-538-21-01-21\/","url":"https:\/\/cklcomunicaciones.es\/coop\/noticias-info-ckl-no-2-538-21-01-21\/","name":"Noticias Info CKL n\u00ba 2.538-21\/01\/21-Comunicar con perspectiva de g\u00e9nero","isPartOf":{"@id":"https:\/\/cklcomunicaciones.es\/coop\/#website"},"primaryImageOfPage":{"@id":"https:\/\/cklcomunicaciones.es\/coop\/noticias-info-ckl-no-2-538-21-01-21\/#primaryimage"},"image":{"@id":"https:\/\/cklcomunicaciones.es\/coop\/noticias-info-ckl-no-2-538-21-01-21\/#primaryimage"},"thumbnailUrl":"http:\/\/www.cklcomunicaciones.es\/wp-content\/uploads\/2018\/03\/CKL_comunicacion-con-perspetiva-de-genero-300x300.jpg","datePublished":"2021-01-22T12:40:45+00:00","dateModified":"2025-01-17T15:47:21+00:00","author":{"@id":"https:\/\/cklcomunicaciones.es\/coop\/#\/schema\/person\/929a6837f7626450bbb50cee1aef266e"},"description":"Comunicar con perspectiva de g\u00e9nero: La Euroc\u00e1mara pide perspectiva de g\u00e9nero en los fondos comunitarios y un Pacto Europeo de Cuidados-Pilar Quintana Premio Alfaguara de Novela","breadcrumb":{"@id":"https:\/\/cklcomunicaciones.es\/coop\/noticias-info-ckl-no-2-538-21-01-21\/#breadcrumb"},"inLanguage":"es","potentialAction":[{"@type":"ReadAction","target":["https:\/\/cklcomunicaciones.es\/coop\/noticias-info-ckl-no-2-538-21-01-21\/"]}]},{"@type":"ImageObject","inLanguage":"es","@id":"https:\/\/cklcomunicaciones.es\/coop\/noticias-info-ckl-no-2-538-21-01-21\/#primaryimage","url":"http:\/\/www.cklcomunicaciones.es\/wp-content\/uploads\/2018\/03\/CKL_comunicacion-con-perspetiva-de-genero-300x300.jpg","contentUrl":"http:\/\/www.cklcomunicaciones.es\/wp-content\/uploads\/2018\/03\/CKL_comunicacion-con-perspetiva-de-genero-300x300.jpg"},{"@type":"BreadcrumbList","@id":"https:\/\/cklcomunicaciones.es\/coop\/noticias-info-ckl-no-2-538-21-01-21\/#breadcrumb","itemListElement":[{"@type":"ListItem","position":1,"name":"Portada","item":"https:\/\/cklcomunicaciones.es\/coop\/"},{"@type":"ListItem","position":2,"name":"Noticias Info CKL n\u00ba 2.538-21\/01\/21"}]},{"@type":"WebSite","@id":"https:\/\/cklcomunicaciones.es\/coop\/#website","url":"https:\/\/cklcomunicaciones.es\/coop\/","name":"CKL Comunicaciones","description":"Sitio web de CKL Comunicaciones coop , la consultora de comunicaci\u00f3n y estrategia","potentialAction":[{"@type":"SearchAction","target":{"@type":"EntryPoint","urlTemplate":"https:\/\/cklcomunicaciones.es\/coop\/?s={search_term_string}"},"query-input":{"@type":"PropertyValueSpecification","valueRequired":true,"valueName":"search_term_string"}}],"inLanguage":"es"},{"@type":"Person","@id":"https:\/\/cklcomunicaciones.es\/coop\/#\/schema\/person\/929a6837f7626450bbb50cee1aef266e","name":"ckl","image":{"@type":"ImageObject","inLanguage":"es","@id":"https:\/\/secure.gravatar.com\/avatar\/c82db564e8a669bf6023357a157b9dc4780f4d4c618f2ad1d71a6a5dede45057?s=96&d=mm&r=g","url":"https:\/\/secure.gravatar.com\/avatar\/c82db564e8a669bf6023357a157b9dc4780f4d4c618f2ad1d71a6a5dede45057?s=96&d=mm&r=g","contentUrl":"https:\/\/secure.gravatar.com\/avatar\/c82db564e8a669bf6023357a157b9dc4780f4d4c618f2ad1d71a6a5dede45057?s=96&d=mm&r=g","caption":"ckl"},"url":"https:\/\/cklcomunicaciones.es\/coop\/author\/cklcomunicaciones\/"}]}},"_links":{"self":[{"href":"https:\/\/cklcomunicaciones.es\/coop\/wp-json\/wp\/v2\/posts\/15197","targetHints":{"allow":["GET"]}}],"collection":[{"href":"https:\/\/cklcomunicaciones.es\/coop\/wp-json\/wp\/v2\/posts"}],"about":[{"href":"https:\/\/cklcomunicaciones.es\/coop\/wp-json\/wp\/v2\/types\/post"}],"author":[{"embeddable":true,"href":"https:\/\/cklcomunicaciones.es\/coop\/wp-json\/wp\/v2\/users\/3"}],"replies":[{"embeddable":true,"href":"https:\/\/cklcomunicaciones.es\/coop\/wp-json\/wp\/v2\/comments?post=15197"}],"version-history":[{"count":0,"href":"https:\/\/cklcomunicaciones.es\/coop\/wp-json\/wp\/v2\/posts\/15197\/revisions"}],"wp:attachment":[{"href":"https:\/\/cklcomunicaciones.es\/coop\/wp-json\/wp\/v2\/media?parent=15197"}],"wp:term":[{"taxonomy":"category","embeddable":true,"href":"https:\/\/cklcomunicaciones.es\/coop\/wp-json\/wp\/v2\/categories?post=15197"},{"taxonomy":"post_tag","embeddable":true,"href":"https:\/\/cklcomunicaciones.es\/coop\/wp-json\/wp\/v2\/tags?post=15197"}],"curies":[{"name":"wp","href":"https:\/\/api.w.org\/{rel}","templated":true}]}}