{"id":15185,"date":"2021-01-11T13:45:43","date_gmt":"2021-01-11T12:45:43","guid":{"rendered":"http:\/\/www.cklcomunicaciones.es\/?p=15185"},"modified":"2025-01-17T16:47:22","modified_gmt":"2025-01-17T15:47:22","slug":"noticias-info-ckl-no-2-533-11-01-21","status":"publish","type":"post","link":"https:\/\/cklcomunicaciones.es\/coop\/noticias-info-ckl-no-2-533-11-01-21\/","title":{"rendered":"Noticias Info CKL n\u00ba 2.533-11\/01\/21"},"content":{"rendered":"<div id=\"pl-15185\"  class=\"panel-layout\" >\n<div id=\"pg-15185-0\"  class=\"panel-grid panel-no-style\"  data-style=\"{&quot;background_image_attachment&quot;:false,&quot;background_display&quot;:&quot;tile&quot;,&quot;cell_alignment&quot;:&quot;flex-start&quot;}\" >\n<div id=\"pgc-15185-0-0\"  class=\"panel-grid-cell\"  data-weight=\"1\" >\n<div id=\"panel-15185-0-0-0\" class=\"so-panel widget widget_sow-editor panel-first-child panel-last-child\" data-index=\"0\" data-style=\"{&quot;background_image_attachment&quot;:false,&quot;background_display&quot;:&quot;tile&quot;}\" >\n<div class=\"so-widget-sow-editor so-widget-sow-editor-base\">\n<div class=\"siteorigin-widget-tinymce textwidget\">\n<p><img decoding=\"async\" class=\"lazyload  wp-image-13726\" src=\"http:\/\/www.cklcomunicaciones.es\/wp-content\/uploads\/2018\/03\/CKL_comunicacion-con-perspetiva-de-genero-300x300.jpg\" data-orig-src=\"http:\/\/www.cklcomunicaciones.es\/wp-content\/uploads\/2018\/03\/CKL_comunicacion-con-perspetiva-de-genero-300x300.jpg\" alt=\"CKL_comunicacion con perspetiva de genero\" width=\"132\" height=\"132\" srcset=\"data:image\/svg+xml,%3Csvg%20xmlns%3D%27http%3A%2F%2Fwww.w3.org%2F2000%2Fsvg%27%20width%3D%27132%27%20height%3D%27132%27%20viewBox%3D%270%200%20132%20132%27%3E%3Crect%20width%3D%27132%27%20height%3D%27132%27%20fill-opacity%3D%220%22%2F%3E%3C%2Fsvg%3E\" data-srcset=\"https:\/\/cklcomunicaciones.es\/coop\/wp-content\/uploads\/2018\/03\/CKL_comunicacion-con-perspetiva-de-genero-150x150.jpg 150w, https:\/\/cklcomunicaciones.es\/coop\/wp-content\/uploads\/2018\/03\/CKL_comunicacion-con-perspetiva-de-genero-300x300.jpg 300w, https:\/\/cklcomunicaciones.es\/coop\/wp-content\/uploads\/2018\/03\/CKL_comunicacion-con-perspetiva-de-genero-450x450.jpg 450w, https:\/\/cklcomunicaciones.es\/coop\/wp-content\/uploads\/2018\/03\/CKL_comunicacion-con-perspetiva-de-genero.jpg 500w\" data-sizes=\"auto\" data-orig-sizes=\"(max-width: 132px) 100vw, 132px\" \/><\/p>\n<p id=\":3jn\" class=\"hP\" tabindex=\"-1\" data-thread-perm-id=\"thread-f:1688593531763807546\" data-legacy-thread-id=\"176f16dedecdd53a\"><strong>Espa\u00f1a se queda sin mujeres en c\u00fapula econ\u00f3mica de UE-Las aut\u00f3nomas y el &#8216;annus horribilis&#8217;-VG, tareas de cuidado y econom\u00eda: la desigualdades para la mujeres en 2020-Ana Santiago, Premio Nacional de Artesan\u00eda 2020<\/strong><\/p>\n<p>[toggle type=\u00bbfirst\u00bb title=\u00bbConvocatorias\u00bb]<\/p>\n<ul>\n<li><u><a href=\"https:\/\/www.caixabank.es\/empresa\/general\/premio-a-mujer-profesional-autonoma.html?utm_source=Smoda&amp;utm_medium=DIS&amp;utm_content=DOBN-DOBN&amp;utm_campaign=Display-BW-MujerAutonoma\">Primera edici\u00f3n del Premio A la Mujer Profesional Aut\u00f3noma<\/a><\/u><strong>.\u00a0<\/strong>CaixaBank. Inscripciones hasta el 22 de febrero de 2021<\/li>\n<\/ul>\n<p>[\/toggle]<\/p>\n<p>[toggle type=\u00bbfirst\u00bb title=\u00bbComunicaci\u00f3n\u00bb]<\/p>\n<p><u><a href=\"https:\/\/europeamedia.es\/europea-radio\/euroconexion-igualdad-de-genero-en-el-periodismo\">Euroconexi\u00f3n: Igualdad de g\u00e9nero en el periodismo<\/a><\/u>-europamedia.es<\/p>\n<p><u><a href=\"https:\/\/www.esdiario.com\/548702035\/Cuenta-atras-para-el-gran-retorno-de-Sara-Carbonero-al-periodismo-deportivo.html\">Cuenta atr\u00e1s para el gran retorno de Sara Carbonero al periodismo deportivo<\/a><\/u>-esdiario.com<\/p>\n<p><u><a href=\"https:\/\/www.entornointeligente.com\/maternar-y-hacer-periodismo-los-desafos-que-enfrentan-las-mujeres-entre-el-oficio-y-el-cuidado\/\">Maternar y hacer periodismo, los desaf\u00edos que enfrentan las mujeres entre el oficio y el cuidado<\/a><\/u>-entornointeligente<\/p>\n<p><u><a href=\"https:\/\/www.msn.com\/es-es\/noticias\/internacional\/la-voz-de-la-mujer-el-diario-feminista-que-hablaba-de-explotaci%C3%B3n-laboral-amor-libre-y-esclavitud-dom%C3%A9stica-en-el-siglo-xix\/ar-BB1czVF7\">La voz de la mujer: el diario feminista que hablaba de explotaci\u00f3n laboral, amor libre y esclavitud dom\u00e9stica en el siglo XIX<\/a><\/u>-msn.com<\/p>\n<p><u><a href=\"https:\/\/www.eldiario.es\/tecnologia\/hay-gente-piensa-erradicar-economia-datos-personales-extremo-si-hubiera-preguntado-existiera-pareceria-locura_1_6521062.html\">Carissa V\u00e9liz, profesora de Oxford: \u00abSi das acceso total a tus datos personales, es muy f\u00e1cil que te discriminen sin que te enteres\u00bb<\/a><\/u>-eldiario.es<a href=\"https:\/\/www.google.com\/url?rct=j&amp;sa=t&amp;url=https:\/\/www.unocero.com\/noticias\/por-que-bloquean-cuenta-redes-sociales\/&amp;ct=ga&amp;cd=CAEYACoTNTE1Njk5NjQ1MDA1Njg1MzM4NDIZY2M3OTg0MWM2ZWYzNGViZjplczplczpFUw&amp;usg=AFQjCNGG-y1-9M5qg_3Rb8zuvw8JU4wZKQ\"><br \/>\nEstas son las razones por las que Twitter, Facebook e Instagram pueden bloquear cuentas de &#8230;<\/a>&#8211;\u00a0unocero<\/p>\n<p>[\/toggle]<\/p>\n<p>[toggle type=\u00bbfirst\u00bb title=\u00bbAndaluc\u00eda\u00bb]<\/p>\n<p><strong>Institucional<\/strong><\/p>\n<p><u><a href=\"https:\/\/www.google.com\/url?rct=j&amp;sa=t&amp;url=https:\/\/www.europapress.es\/andalucia\/huelva-00354\/noticia-ruiz-dice-presupuestos-junta-conseguiran-andalucia-progreso-esperada-20210108154500.html&amp;ct=ga&amp;cd=CAEYACoTNDM4NTc5OTY5MzU3OTQxODM5OTIZZDc4ZTU4NzVhMGYxZjJhYzplczplczpFUw&amp;usg=AFQjCNE2f9ug0zNwAadGwSh1RkBhWcV5Ag\">Ruiz, Consejera de Igualdad, dice que los presupuestos de la Junta conseguir\u00e1n \u00abla\u00a0Andaluc\u00eda\u00a0de progreso esperada\u00bb<\/a><\/u>&#8211;\u00a0Europa Press<strong>\u00a0<\/strong><\/p>\n<p><strong>Econom\u00eda y Empresas<\/strong><\/p>\n<p><u><a href=\"https:\/\/www.lavozdigital.es\/cadiz\/provincia\/lvdi-campus-excelencia-mar-inicia-2021-cuatro-proyectos-economia-azul-202101100906_noticia.html\">El Campus de Excelencia del Mar inicia 2021 con cuatro proyectos de Econom\u00eda Azul<\/a><\/u>\u00a0-lavozdigital<\/p>\n<p><u><a href=\"https:\/\/www.msn.com\/es-es\/finance\/economia\/la-producci-c3-b3n-industrial-cae-en-andaluc-c3-ada-en-noviembre-un-61-25-23-puntos-por-encima-de-la-media-nacional\/ar-BB1cE6vl\">La producci\u00f3n industrial cae en Andaluc\u00eda en noviembre un 6,1%, 2,3 puntos por encima de la media nacional<\/a><\/u>-msn.com<strong>\u00a0<\/strong><\/p>\n<p><strong>Actualidad<\/strong><a href=\"https:\/\/www.google.com\/url?rct=j&amp;sa=t&amp;url=https:\/\/www.noticiasde.es\/andalucia-2\/el-iam-publica-un-modulo-de-formacion-sobre-representacion-equilibrada-para-avanzar-en-igualdad\/&amp;ct=ga&amp;cd=CAEYASoUMTE2NzA2OTE3MDQ4MTY2OTc3MDUyGzlhYjFjZGQ3ZTM2NmVmMzg6ZXM6ZXM6RVM6Ug&amp;usg=AFQjCNGtrQrEKrtsh-2LDdeHYpy7RQJ2Mg\"><br \/>\nEl IAM publica un m\u00f3dulo de formaci\u00f3n sobre \u00abrepresentaci\u00f3n equilibrada\u00bb para avanzar en &#8230;<\/a>&#8211;\u00a0NoticiasDe.es<u><a href=\"https:\/\/www.google.com\/url?rct=j&amp;sa=t&amp;url=https:\/\/www.laopiniondemalaga.es\/cultura-espectaculos\/2021\/01\/11\/represion-sentimientos-afectivos-bloquea\/1216675.html&amp;ct=ga&amp;cd=CAEYACoUMTI5MTA0NTEwMzkwNDE2ODE0MDQyGzlhYjFjZGQ3ZTM2NmVmMzg6ZXM6ZXM6RVM6Ug&amp;usg=AFQjCNFx-l3UcMKmINbLK-YnKMoDF7jzYg\"><br \/>\n\u00abLa represi\u00f3n de los sentimientos afectivos bloquea el desarrollo de la personalidad\u00bb<\/a><\/u>&#8211;\u00a0La Opini\u00f3n de M\u00e1laga<\/p>\n<p><a href=\"https:\/\/www.google.com\/url?rct=j&amp;sa=t&amp;url=https:\/\/www.diariodesevilla.es\/sevilla\/serie-Gambito-Dama-despierta-interes-ajedrez-aulas-sevillanas_0_1534946656.html&amp;ct=ga&amp;cd=CAEYAyoTOTQ1NjQyNzg3NzYxMDU3NDk2NTIZYzAzNzJlYmMyZmVhZGE1OTplczplczpFUw&amp;usg=AFQjCNHa6GWe9UouInvEMpNX3Qie5TNPqA\">La serie &#8216;Gambito de Dama&#8217; despierta el inter\u00e9s por el ajedrez en las aulas sevillanas<\/a><u>\u00a0<\/u>&#8211;\u00a0Diario de Sevilla<u><a href=\"https:\/\/www.google.com\/url?rct=j&amp;sa=t&amp;url=https:\/\/www.eldiadecordoba.es\/cordoba\/cordobesas-viven-mas-hombres_0_1536146612.html&amp;ct=ga&amp;cd=CAEYACoUMTYyOTU3ODcxOTQ4MTc4NjM1NzIyGWMwMzcyZWJjMmZlYWRhNTk6ZXM6ZXM6RVM&amp;usg=AFQjCNHHx7CK3UqD8GKcBC4MZg_0luFjZA\"><br \/>\nLas cordobesas viven de media cinco a\u00f1os m\u00e1s que los hombres<\/a><\/u>&#8211;\u00a0El D\u00eda de C\u00f3rdoba<\/p>\n<p><u><a href=\"https:\/\/www.elplural.com\/autonomias\/andalucia\/teresa-rodriguez-lanza-proyecto-soberanista-andalucia-nacion_256938102\">Teresa Rodr\u00edguez lanza su proyecto soberanista: \u201cAndaluc\u00eda es una naci\u00f3n\u201d<\/a><\/u>-elplural.com<strong>\u00a0<\/strong><\/p>\n<p><strong>Violencias<\/strong><a href=\"https:\/\/www.google.com\/url?rct=j&amp;sa=t&amp;url=https:\/\/www.infolibre.es\/noticias\/politica\/2020\/12\/20\/vivir_una_casa_acogida_para_victimas_violencia_machista_medio_una_pandemia_no_podias_abrazar_pero_sabias_que_los_profesionales_las_demas_mujeres_estaban_ahi_114569_1012.html&amp;ct=ga&amp;cd=CAEYAioUMTE2OTkzMDcwMTk2MDA3MzI5MzgyGWMwMzcyZWJjMmZlYWRhNTk6ZXM6ZXM6RVM&amp;usg=AFQjCNHCoHMr-5JUkr2JinxsB0bYsSfIpw\"><br \/>\nVivir en una casa para v\u00edctimas de violencia machista en medio de una pandemia: \u00abNo te pod\u00edas &#8230;<\/a>&#8211;\u00a0infoLibre<\/p>\n<p><u><a href=\"https:\/\/sevilla.abc.es\/andalucia\/sevi-andalucia-tendra-plan-rescate-para-sacar-mujeres-prostitucion-202101020822_noticia.html\">Andaluc\u00eda tendr\u00e1 un plan de \u00abrescate\u00bb para sacar a las mujeres de la prostituci\u00f3n<\/a><\/u>-abc.es<strong>\u00a0<\/strong><\/p>\n<p><strong>Ciencia y Cultura<\/strong><\/p>\n<p><u><a href=\"https:\/\/www.20minutos.es\/noticia\/4538587\/0\/investigadores-de-la-upo-disenan-un-sistema-clave-para-anticiparse-ante-situaciones-de-emergencia-y-catastrofe\/\">Investigadores de la UPO dise\u00f1an un sistema clave para anticiparse ante situaciones de emergencia y cat\u00e1strofe<\/a><\/u>-20minutos.es<a href=\"https:\/\/www.google.com\/url?rct=j&amp;sa=t&amp;url=https:\/\/www.granadadigital.es\/ugr-abre-plazo-decimoquinta-edicion-gemma\/&amp;ct=ga&amp;cd=CAEYBCoUMTc5MDk4MDU0NzIwMzY4NzYyOTQyGWMwMzcyZWJjMmZlYWRhNTk6ZXM6ZXM6RVM&amp;usg=AFQjCNFdo0NSZSi5BFRGsMMMuDMFEHZyZA\"><br \/>\nLa UGR abre el plazo para la decimoquinta edici\u00f3n del GEMMA<\/a>&#8211;\u00a0GranadaDigital<\/p>\n<p><u><a href=\"https:\/\/www.google.com\/url?rct=j&amp;sa=t&amp;url=https:\/\/www.diariodealmeria.es\/ocio\/Maria-Castillo-Robles-Teresa-Leon_0_1536146780.html&amp;ct=ga&amp;cd=CAEYDyoSNTc5NjI0MzIyOTI3OTg4OTI1MhljMDM3MmViYzJmZWFkYTU5OmVzOmVzOkVT&amp;usg=AFQjCNG6_NptUU_k3dJQbmCfj0ionotuKA\">Mar\u00eda Castillo Robles realiza un estudio de los textos ensay\u00edsticos de Mar\u00eda Teresa Le\u00f3n<\/a><\/u>&#8211;\u00a0Diario de Almer\u00eda<\/p>\n<p><a href=\"https:\/\/andaluciainformacion.es\/andalucia\/943403\/beatriz-morales-en-el-flameco-solo-hay-un-camino-escuchar-el-cante-y-bailar-tu-sola\/\">Beatriz Morales: \u201cEn el flameco solo hay un camino: escuchar el cante y bailar t\u00fa sola\u201d\u00a0\u00b7\u00a0<\/a>Andaluc\u00eda informaci\u00f3n<\/p>\n<p><u><a href=\"http:\/\/www.juntadeandalucia.es\/presidencia\/portavoz\/157290\/AnaSantiago\/premiosnacionalesartesania\">Ana Santiago, \u00fanica andaluza ganadora en los Premios Nacionales de Artesan\u00eda 2020<\/a><\/u>&#8211; Oficina del Portavoz<\/p>\n<p><u><a href=\"http:\/\/www.juntadeandalucia.es\/presidencia\/portavoz\/157109\/ConsejeriadeCulturayPatrimonioHistorico\/AutordelAno2021\/EmilioPrados\/CentroAndaluzdelasLetras\">La Consejer\u00eda de Cultura rinde homenaje este 2021 a Emilio Prados y Mariluz Escribano<\/a>&#8211;<\/u>\u00a0Oficina del Portavoz<\/p>\n<p><strong>Deporte<\/strong><\/p>\n<p><u><a href=\"https:\/\/www.muchodeporte.com\/deporte_andaluz\/55054\/andalucia_elegida_region_europea_del_deporte_en_2021\/\">Andaluc\u00eda, elegida Regi\u00f3n Europea del Deporte en 2021<\/a><\/u>-muchodeporte<\/p>\n<p><u><a href=\"https:\/\/lacontradejaen.com\/diaz-arjonilla-reconocimiento-jaen\/\">Manuela D\u00edaz, el b\u00e1dminton y el ejemplo de los entornos rurales<\/a><\/u>&#8211;<a href=\"http:\/\/lacontradejaen.com\/\">lacontradejaen.com<\/a><\/p>\n<p>[\/toggle]<\/p>\n<p>[toggle type=\u00bbfirst\u00bb title=\u00bbEstado\u00bb]<\/p>\n<p><strong>Institucional<\/strong><\/p>\n<p><u><a href=\"http:\/\/elintransigente.com\/2020\/12\/ministerio-de-economia-creo-un-organismo-para-tratar-la-desigualdad-laboral-y-economica-que-sufren-las-mujeres\/\">Ministerio de Econom\u00eda cre\u00f3 un organismo para tratar la desigualdad laboral y econ\u00f3mica que sufren las mujeres<\/a><\/u>-elIntrasigente<\/p>\n<p><strong>\u00a0<\/strong><\/p>\n<p><strong>Institucional-CCAA<\/strong><\/p>\n<p><u><a href=\"https:\/\/www.mujeremprendedora.net\/emakumeekin-diputacion-foral-bizkaia-innpower-helsinki\/\">Competencias en innovaci\u00f3n para emprendedoras de Bizkaia, de la mano de expertas de Helsinki<\/a><\/u>\u00a0\u2013 Mujeremprendedora.net<\/p>\n<p><u><a href=\"https:\/\/www.mujeremprendedora.net\/programa-impulso-empresas-canarias-acelera-energia-endesa-mentorday\/\">Programa de impulso a las empresas canarias \u2018Acelera con Energ\u00eda\u2019 de Endesa y Mentorday<\/a><\/u>&#8211; Mujeremprendedora.net<\/p>\n<p><u><a href=\"https:\/\/www.lne.es\/economia\/2021\/01\/10\/redes-mujeres-techos-cristal-27249426.html\">Redes de mujeres contra los techos de cristal<\/a><\/u>\u00a0\u2013<a href=\"http:\/\/lne.es\/\">lne.es<\/a><\/p>\n<p><strong>\u00a0<\/strong><\/p>\n<p><strong>Econom\u00eda y Empresas<\/strong><\/p>\n<p><u><a href=\"https:\/\/www.bolsamania.com\/noticias\/empresas\/economia--el-gobierno-impulsara-una-pac-mas-igualitaria-que-atienda-las-necesidades-de-las-mujeres-y-los-jovenes--7767637.html\">El Gobierno impulsar\u00e1 una PAC m\u00e1s igualitaria que atienda las necesidades de las mujeres y los j\u00f3venes<\/a><\/u>-Bolsamania<\/p>\n<p><u><a href=\"https:\/\/www.eleconomista.es\/opinion-blogs\/noticias\/10983985\/01\/21\/Las-autonomas-y-el-annus-horribilis.html\">Las aut\u00f3nomas y el &#8216;annus horribilis&#8217;<\/a><\/u>-eleconomista<\/p>\n<p><u><a href=\"https:\/\/www.google.com\/url?rct=j&amp;sa=t&amp;url=http:\/\/www.rrhhdigital.com\/secciones\/conciliacion-e-igualdad\/145074\/Henkel-renueva-el-distintivo-Igualdad-en-la-Empresa%3Ftarget%3D_self&amp;ct=ga&amp;cd=CAEYACoUMTE2OTkzMDcwMTk2MDA3MzI5MzgyGWMwMzcyZWJjMmZlYWRhNTk6ZXM6ZXM6RVM&amp;usg=AFQjCNHdrIVaegi0gv7hPv9V8xCn6FfQHQ\">Henkel renueva el distintivo &#8216;Igualdad en la Empresa&#8217;<\/a><\/u>\u00a0&#8211;\u00a0RRHHDigital<\/p>\n<p><u><a href=\"https:\/\/www.msn.com\/es-es\/finance\/formacion-empleo\/el-rostro-del-paro-que-deja-la-pandemia-mujer-sin-estudios-y-menos-de-25-a-c3-b1os\/ar-BB1cClc2\">El rostro del paro que deja la pandemia: mujer, sin estudios y menos de 25 a\u00f1os<\/a><\/u>&#8211;<a href=\"http:\/\/msn.com\/\">msn.com<\/a><\/p>\n<p><strong>\u00a0<\/strong><\/p>\n<p><strong>Actualidad<\/strong><\/p>\n<p><a href=\"https:\/\/www.google.com\/url?rct=j&amp;sa=t&amp;url=https:\/\/www.elperiodicodecanarias.es\/una-encuesta-del-ici-concluye-que-la-vida-en-pareja-repercute-negativamente-en-el-autocuidado-de-las-mujeres\/&amp;ct=ga&amp;cd=CAEYGSoUMTQyNDM5NjA4NDg4ODA4NTI3NDEyGWMwMzcyZWJjMmZlYWRhNTk6ZXM6ZXM6RVM&amp;usg=AFQjCNGHPpM8mTWiFqkLerbHN2zH_14d2Q\">Una encuesta del ICI concluye que la vida en pareja repercute negativamente en el autocuidado de las mujeres &#8230;<\/a>&#8211;\u00a0El Peri\u00f3dico de Canarias<a href=\"https:\/\/www.google.com\/url?rct=j&amp;sa=t&amp;url=https:\/\/www.consalud.es\/pacientes\/estatinas-proteger-corazon-tratamiento-quimioterapia-cancer-mama_90503_102.html&amp;ct=ga&amp;cd=CAEYASoUMTE0MDk5NzI2NTk3MjU5NjY4ODAyGWMwMzcyZWJjMmZlYWRhNTk6ZXM6ZXM6RVM&amp;usg=AFQjCNH6N3lwVOaAHw-1xa3_2dHKVUHV9A\"><br \/>\nLas estatinas pueden proteger al coraz\u00f3n del tratamiento de quimioterapia del c\u00e1ncer de mama<\/a>&#8211;\u00a0ConSalud<\/p>\n<p><u><a href=\"https:\/\/www.google.com\/url?rct=j&amp;sa=t&amp;url=https:\/\/www.efesalud.com\/cuatro-propositos-salud-mujer-2021\/&amp;ct=ga&amp;cd=CAEYACoSNTc5NjI0MzIyOTI3OTg4OTI1MhljMDM3MmViYzJmZWFkYTU5OmVzOmVzOkVT&amp;usg=AFQjCNF3z1WRVdCS9NMPKSw3r5Ljfl9c0g\">Cuatro prop\u00f3sitos para la salud de la\u00a0mujer\u00a0en 2021<\/a><\/u>&#8211;\u00a0Efesalud<\/p>\n<p><u><a href=\"https:\/\/www.google.com\/url?rct=j&amp;sa=t&amp;url=https:\/\/www.publico.es\/entrevistas\/vientres-alquiler-ana-trejo-pulido-mujeres-no-fabrica-repuestos-basta.html&amp;ct=ga&amp;cd=CAEYACoTODM1MDcwMzIxMDUyOTU4MTE1NjIZYzAzNzJlYmMyZmVhZGE1OTplczplczpFUw&amp;usg=AFQjCNE_4wdl2raySUHY73-DcRMcTG_t2Q\">Ana Trejo Pulido: \u00abLas\u00a0mujeres\u00a0no somos una f\u00e1brica de repuestos, \u00a1basta ya!\u00bb<\/a><\/u>&#8211;\u00a0P\u00fablico<\/p>\n<p><u><a href=\"https:\/\/www.mujeremprendedora.net\/mujeres-avenir-hace-balance-2020\/\">Mujeres Avenir hace balance de 2020<\/a><\/u>\u2013 Mujeremprendedora.net<\/p>\n<p><strong>Violencias<\/strong><\/p>\n<p><u><a href=\"https:\/\/www.a24.com\/actualidad\/tareas-cuidado-violencia-genero-medioambiente-deja-pandemia-01012021_JBtxyUpEg\">Violencia de g\u00e9nero, tareas de cuidado y econom\u00eda: las desigualdades que se profundizaron para las mujeres en el 2020<\/a><\/u>-a24.com<\/p>\n<p><strong>Ciencia y Cultura<\/strong><\/p>\n<p><a href=\"https:\/\/www.google.com\/url?rct=j&amp;sa=t&amp;url=https:\/\/www.elcorreogallego.es\/tendencias\/maria-jose-alonso-galardonada-por-la-fundacion-astrazeneca-BH5922047&amp;ct=ga&amp;cd=CAEYAioUMTM4ODcwODI2MjMyMTQ5NTEwNTkyGWMwMzcyZWJjMmZlYWRhNTk6ZXM6ZXM6RVM&amp;usg=AFQjCNHimVMNbVBxUgY7C-GyStnMtDIjNQ\">Mar\u00eda Jos\u00e9 Alonso, galardonada por la Fundaci\u00f3n AstraZeneca<\/a>&#8211;\u00a0El Correo Gallego<\/p>\n<p><a href=\"https:\/\/www.google.com\/url?rct=j&amp;sa=t&amp;url=https:\/\/www.lavanguardia.com\/vida\/20210106\/6170316\/najat-hachmi-ganadora-nadal-autora-escribe-dos-orillas.html&amp;ct=ga&amp;cd=CAEYBioTOTQ1NjQyNzg3NzYxMDU3NDk2NTIZYzAzNzJlYmMyZmVhZGE1OTplczplczpFUw&amp;usg=AFQjCNFYKhacIevrtKOsEnfZgC284z0Kkw\">Najat El Hachmi, ganadora del Nadal, una autora que escribe desde dos orillas<\/a>\u00a0&#8211;\u00a0La Vanguardia<\/p>\n<p><u><a href=\"https:\/\/www.google.com\/url?rct=j&amp;sa=t&amp;url=https:\/\/www.diezminutos.es\/famosos-corazon\/famosos-espanoles\/a35150406\/laia-alemany-entrevista\/&amp;ct=ga&amp;cd=CAEYASoTMzczOTcwNDEwODkyNzYxMjgzODIZYzAzNzJlYmMyZmVhZGE1OTplczplczpFUw&amp;usg=AFQjCNEOOQJ4kBXdvDRypXIneS2ZLJKH0Q\">Laia Alemany: \u00abCuando tuve a mi hija me propuse trabajar m\u00e1s y me est\u00e1 pasando\u00bb<\/a><\/u>&#8211;\u00a0diezminutos.es<\/p>\n<p><u><a href=\"https:\/\/www.google.com\/url?rct=j&amp;sa=t&amp;url=https:\/\/villaviciosahermosa.com\/noticias-de-villaviciosa\/actualidad\/la-capital-mundial-de-la-poesia-estrena-2021-con-los-versos-certezas-al-sol-de-la-escritora-rosa-valle&amp;ct=ga&amp;cd=CAEYAioTMzg1MDQwMjc2OTkwMzA5ODE4MjIZYzAzNzJlYmMyZmVhZGE1OTplczplczpFUw&amp;usg=AFQjCNH33i9eFamU6nqfI9GlyTNJliIF2w\">La &#8216;Capital mundial de la poes\u00eda&#8217; estrena 2021 con los versos, Certezas al sol, de la escritora Rosa<\/a><\/u>&#8211;\u00a0Villaviciosa hermosa<\/p>\n<p><u><a href=\"https:\/\/www.mujeremprendedora.net\/maria-barbal-gana-premio-josep-pla-tandem\/\">Maria Barbal gana el Premio Josep Pla con \u2018T\u00e0ndem\u2019<\/a><\/u>&#8211; Mujeremprendedora.net<\/p>\n<p><strong>Deporte<\/strong><\/p>\n<p><u><a href=\"https:\/\/www.marca.com\/futbol\/futbol-femenino\/2021\/01\/10\/5ffb31ac22601d5f788b460e.html\">El f\u00fatbol femenino no es otro deporte<\/a><\/u>&#8211;<a href=\"http:\/\/marca.com\/\">marca.com<\/a><\/p>\n<p><u><a href=\"https:\/\/www.elespanol.com\/deportes\/futbol\/20210110\/csd-sondea-sector-femenino-formato-relaciones-rfef\/550195537_0.html\">El CSD sondea al sector del f\u00fatbol femenino para crear la liga: del formato a las relaciones con la RFEF<\/a><\/u>-elespa\u00f1ol<\/p>\n<p>[\/toggle]<\/p>\n<p>[toggle type=\u00bbfirst\u00bb title=\u00bbInternacional\u00bb]<u> <\/u><\/p>\n<p><u><a href=\"https:\/\/www.larazon.es\/economia\/20210110\/bn4p3nexxbcupbjvprsnqjdvua.html\">Espa\u00f1a se queda sin mujeres en la c\u00fapula econ\u00f3mica de la UE<\/a><\/u>-larazon.es<\/p>\n<p><a href=\"https:\/\/www.google.com\/url?rct=j&amp;sa=t&amp;url=https:\/\/www.eleconomista.com.mx\/internacionales\/Alemania-busca-mayor-participacion-de-mujeres-en-altos-mandos-empresariales-20210106-0024.html&amp;ct=ga&amp;cd=CAEYAyoUMTQyNDM5NjA4NDg4ODA4NTI3NDEyGWMwMzcyZWJjMmZlYWRhNTk6ZXM6ZXM6RVM&amp;usg=AFQjCNG1qW_Z2pkFKRxpnc8noE19iF1rQQ\">Alemania busca mayor participaci\u00f3n de\u00a0mujeres en\u00a0altos mandos empresariales<\/a>\u00a0&#8211;\u00a0El Economista<\/p>\n<p><u><a href=\"https:\/\/ladiaria.com.uy\/feminismos\/articulo\/2021\/1\/estudio-de-segib-y-onu-mujeres-advierte-desigualdad-de-genero-en-el-mercado-laboral-en-uruguay\/\">Estudio de Segib y ONU Mujeres advierte desigualdad de g\u00e9nero en el mercado laboral en Uruguay<\/a><\/u>-ladiario.com<\/p>\n<p><u><a href=\"https:\/\/www.google.com\/url?rct=j&amp;sa=t&amp;url=https:\/\/www.bladi.es\/onu-la-marroqui-najat-rochdi-entre-las-20-mujeres-nombradas-por-el,8373.html&amp;ct=ga&amp;cd=CAEYASoTMTg4MzExNDc5MTI0Nzg2NTkxMjIZYzAzNzJlYmMyZmVhZGE1OTplczplczpFUw&amp;usg=AFQjCNFIFxsTVNWEsD3ZUO_ec98MgyBzUg\">ONU: la marroqu\u00ed Najat Rochdi entre las 20\u00a0mujeres\u00a0nombradas por el secretario general en 2020<\/a><\/u>&#8211;\u00a0Bladi.es<\/p>\n<p><u><a href=\"https:\/\/www.google.com\/url?rct=j&amp;sa=t&amp;url=https:\/\/mundo.sputniknews.com\/firmas\/202101091094061047-el-aborto-la-gran-deuda-de-los-gobiernos-progresistas-latinoamericanos-con-las-mujeres\/&amp;ct=ga&amp;cd=CAEYASoUMTI4ODY3MDkxMTY0ODIzMDczODQyGWMwMzcyZWJjMmZlYWRhNTk6ZXM6ZXM6RVM&amp;usg=AFQjCNFIbIg1Fw8BpiGVhDzo1iSbwh05uA\">El aborto, la gran deuda de los gobiernos progresistas latinoamericanos con las\u00a0mujeres<\/a><\/u>&#8211;\u00a0Sputnik Mundo<\/p>\n<p><u><a href=\"https:\/\/www.google.com\/url?rct=j&amp;sa=t&amp;url=https:\/\/www.eldiario.es\/politica\/portugal-celebrara-conferencia-alto-nivel-violencia-mujeres-ue_1_6736204.html&amp;ct=ga&amp;cd=CAEYACoUMTEzMDQ1MDgxMTUzMjkyOTM4MjkyGWMwMzcyZWJjMmZlYWRhNTk6ZXM6ZXM6RVM&amp;usg=AFQjCNE_x_9jxgBihDhcBc2wCW_S06QuIQ\">Portugal celebrar\u00e1 una conferencia alto nivel sobre violencia contra las\u00a0mujeres en\u00a0la UE<\/a><\/u>&#8211;\u00a0eldiario.es<\/p>\n<p><a href=\"https:\/\/www.google.com\/url?rct=j&amp;sa=t&amp;url=https:\/\/www.noticiasnpi.com\/mexico-en-una-de-las-peores-crisis-de-violencia-de-genero-amnistia-internacional\/&amp;ct=ga&amp;cd=CAEYIioUMTQyNDM5NjA4NDg4ODA4NTI3NDEyGWMwMzcyZWJjMmZlYWRhNTk6ZXM6ZXM6RVM&amp;usg=AFQjCNFfB5bW4pqTvGepBDdoMQqVKwYsKg\">M\u00e9xico en una de las peores crisis de violencia de g\u00e9nero: Amnist\u00eda Internacional<\/a>&#8211;\u00a0Noticias NPI<\/p>\n<p><u><a href=\"https:\/\/www.google.com\/url?rct=j&amp;sa=t&amp;url=https:\/\/historia.nationalgeographic.com.es\/a\/simone-beauvoir-filosofa-existencialista-y-feminista_16094&amp;ct=ga&amp;cd=CAEYACoUMTY2MDQ4NzEyMjk4NDg5MTk3MjcyGWMwMzcyZWJjMmZlYWRhNTk6ZXM6ZXM6RVM&amp;usg=AFQjCNEnHoLshADPB_u5qTklKx1a9ywAMg\">Simone de Beauvoir, la fil\u00f3sofa existencialista y feminista<\/a><\/u>&#8211;\u00a0National Geographic<\/p>\n<p><u><a href=\"https:\/\/www.google.com\/url?rct=j&amp;sa=t&amp;url=https:\/\/www.elespanol.com\/cultura\/historia\/20210108\/descubren-escultura-prehispanica-unica-mexico-aristocrata-diosa\/549696322_0.html&amp;ct=ga&amp;cd=CAEYASoUMTYzOTUxMDM5NzQyNjA2NDM4MTkyGWMwMzcyZWJjMmZlYWRhNTk6ZXM6ZXM6RVM&amp;usg=AFQjCNE-mDZOREngfHzCtPt7LlC4e_fJHA\">Descubren una escultura prehisp\u00e1nica \u00fanica en M\u00e9xico: \u00bfuna arist\u00f3crata o una diosa?<\/a><\/u>&#8211;\u00a0El Espa\u00f1ol<\/p>\n<p><u><a href=\"https:\/\/www.google.com\/url?rct=j&amp;sa=t&amp;url=https:\/\/www.pronto.es\/noticias-del-corazon\/famosos\/joan-baez-cumple-80-anos-triunfando-como-pintora-323496102.html&amp;ct=ga&amp;cd=CAEYBCoTOTE0ODg4OTk1ODc0MTc2NjE0MTIZYzAzNzJlYmMyZmVhZGE1OTplczplczpFUw&amp;usg=AFQjCNEJqY3Qj4YAJyUEUw9gbmpcT7_8ag\">Joan Baez cumple 80 a\u00f1os triunfando como pintora<\/a><\/u>&#8211;\u00a0Pronto<\/p>\n<p><u><a href=\"https:\/\/www.catsuka.com\/news\/2019-08-06\/the-stained-club-court-metrage-de-supinfocom\">The Stained Club (court-m\u00e9trage de Supinfocom)\u00a0<\/a><\/u>\u00a0\u2013\u00a0catsuka.com<\/p>\n<p>[\/toggle]<\/p>\n<\/div>\n<\/div>\n<\/div>\n<\/div>\n<\/div>\n<\/div>\n","protected":false},"excerpt":{"rendered":"<p>Espa\u00f1a se queda sin mujeres en c\u00fapula econ\u00f3mica de UE-Las <a href=\"https:\/\/cklcomunicaciones.es\/coop\/noticias-info-ckl-no-2-533-11-01-21\/\">[&#8230;]<\/a><\/p>\n","protected":false},"author":3,"featured_media":0,"comment_status":"closed","ping_status":"closed","sticky":false,"template":"","format":"standard","meta":{"footnotes":""},"categories":[298,623],"tags":[106,239,109],"class_list":["post-15185","post","type-post","status-publish","format-standard","hentry","category-newsletter","category-nwl-2-0","tag-economia","tag-tareas-de-cuidado","tag-violencia-de-genero"],"yoast_head":"<!-- This site is optimized with the Yoast SEO plugin v27.5 - https:\/\/yoast.com\/product\/yoast-seo-wordpress\/ -->\n<title>Noticias Info CKL n\u00ba 2.533-11\/01\/21-Comunicar con perspectiva de g\u00e9nero<\/title>\n<meta name=\"description\" content=\"Comunicar con perspectiva de g\u00e9nero: Espa\u00f1a se queda sin mujeres en c\u00fapula econ\u00f3mica de UE-Las aut\u00f3nomas y el &#039;annus horribilis&#039;...\" \/>\n<meta name=\"robots\" content=\"index, follow, max-snippet:-1, max-image-preview:large, max-video-preview:-1\" \/>\n<link rel=\"canonical\" href=\"https:\/\/cklcomunicaciones.es\/coop\/noticias-info-ckl-no-2-533-11-01-21\/\" \/>\n<meta property=\"og:locale\" content=\"es_ES\" \/>\n<meta property=\"og:type\" content=\"article\" \/>\n<meta property=\"og:title\" content=\"Noticias Info CKL n\u00ba 2.533-11\/01\/21-Comunicar con perspectiva de g\u00e9nero\" \/>\n<meta property=\"og:description\" content=\"Comunicar con perspectiva de g\u00e9nero: Espa\u00f1a se queda sin mujeres en c\u00fapula econ\u00f3mica de UE-Las aut\u00f3nomas y el &#039;annus horribilis&#039;...\" \/>\n<meta property=\"og:url\" content=\"https:\/\/cklcomunicaciones.es\/coop\/noticias-info-ckl-no-2-533-11-01-21\/\" \/>\n<meta property=\"og:site_name\" content=\"CKL Comunicaciones\" \/>\n<meta property=\"article:published_time\" content=\"2021-01-11T12:45:43+00:00\" \/>\n<meta property=\"article:modified_time\" content=\"2025-01-17T15:47:22+00:00\" \/>\n<meta property=\"og:image\" content=\"https:\/\/cklcomunicaciones.es\/coop\/wp-content\/uploads\/2018\/03\/CKL_comunicacion-con-perspetiva-de-genero.jpg\" \/>\n\t<meta property=\"og:image:width\" content=\"500\" \/>\n\t<meta property=\"og:image:height\" content=\"500\" \/>\n\t<meta property=\"og:image:type\" content=\"image\/jpeg\" \/>\n<meta name=\"author\" content=\"ckl\" \/>\n<meta name=\"twitter:card\" content=\"summary_large_image\" \/>\n<meta name=\"twitter:label1\" content=\"Escrito por\" \/>\n\t<meta name=\"twitter:data1\" content=\"ckl\" \/>\n\t<meta name=\"twitter:label2\" content=\"Tiempo de lectura\" \/>\n\t<meta name=\"twitter:data2\" content=\"5 minutos\" \/>\n<script type=\"application\/ld+json\" class=\"yoast-schema-graph\">{\"@context\":\"https:\\\/\\\/schema.org\",\"@graph\":[{\"@type\":\"Article\",\"@id\":\"https:\\\/\\\/cklcomunicaciones.es\\\/coop\\\/noticias-info-ckl-no-2-533-11-01-21\\\/#article\",\"isPartOf\":{\"@id\":\"https:\\\/\\\/cklcomunicaciones.es\\\/coop\\\/noticias-info-ckl-no-2-533-11-01-21\\\/\"},\"author\":{\"name\":\"ckl\",\"@id\":\"https:\\\/\\\/cklcomunicaciones.es\\\/coop\\\/#\\\/schema\\\/person\\\/929a6837f7626450bbb50cee1aef266e\"},\"headline\":\"Noticias Info CKL n\u00ba 2.533-11\\\/01\\\/21\",\"datePublished\":\"2021-01-11T12:45:43+00:00\",\"dateModified\":\"2025-01-17T15:47:22+00:00\",\"mainEntityOfPage\":{\"@id\":\"https:\\\/\\\/cklcomunicaciones.es\\\/coop\\\/noticias-info-ckl-no-2-533-11-01-21\\\/\"},\"wordCount\":1059,\"image\":{\"@id\":\"https:\\\/\\\/cklcomunicaciones.es\\\/coop\\\/noticias-info-ckl-no-2-533-11-01-21\\\/#primaryimage\"},\"thumbnailUrl\":\"http:\\\/\\\/www.cklcomunicaciones.es\\\/wp-content\\\/uploads\\\/2018\\\/03\\\/CKL_comunicacion-con-perspetiva-de-genero-300x300.jpg\",\"keywords\":[\"econom\u00eda\",\"tareas de cuidado\",\"violencia de g\u00e9nero\"],\"articleSection\":[\"Newsletter\",\"Nwl v2.0\"],\"inLanguage\":\"es\"},{\"@type\":\"WebPage\",\"@id\":\"https:\\\/\\\/cklcomunicaciones.es\\\/coop\\\/noticias-info-ckl-no-2-533-11-01-21\\\/\",\"url\":\"https:\\\/\\\/cklcomunicaciones.es\\\/coop\\\/noticias-info-ckl-no-2-533-11-01-21\\\/\",\"name\":\"Noticias Info CKL n\u00ba 2.533-11\\\/01\\\/21-Comunicar con perspectiva de g\u00e9nero\",\"isPartOf\":{\"@id\":\"https:\\\/\\\/cklcomunicaciones.es\\\/coop\\\/#website\"},\"primaryImageOfPage\":{\"@id\":\"https:\\\/\\\/cklcomunicaciones.es\\\/coop\\\/noticias-info-ckl-no-2-533-11-01-21\\\/#primaryimage\"},\"image\":{\"@id\":\"https:\\\/\\\/cklcomunicaciones.es\\\/coop\\\/noticias-info-ckl-no-2-533-11-01-21\\\/#primaryimage\"},\"thumbnailUrl\":\"http:\\\/\\\/www.cklcomunicaciones.es\\\/wp-content\\\/uploads\\\/2018\\\/03\\\/CKL_comunicacion-con-perspetiva-de-genero-300x300.jpg\",\"datePublished\":\"2021-01-11T12:45:43+00:00\",\"dateModified\":\"2025-01-17T15:47:22+00:00\",\"author\":{\"@id\":\"https:\\\/\\\/cklcomunicaciones.es\\\/coop\\\/#\\\/schema\\\/person\\\/929a6837f7626450bbb50cee1aef266e\"},\"description\":\"Comunicar con perspectiva de g\u00e9nero: Espa\u00f1a se queda sin mujeres en c\u00fapula econ\u00f3mica de UE-Las aut\u00f3nomas y el 'annus horribilis'...\",\"breadcrumb\":{\"@id\":\"https:\\\/\\\/cklcomunicaciones.es\\\/coop\\\/noticias-info-ckl-no-2-533-11-01-21\\\/#breadcrumb\"},\"inLanguage\":\"es\",\"potentialAction\":[{\"@type\":\"ReadAction\",\"target\":[\"https:\\\/\\\/cklcomunicaciones.es\\\/coop\\\/noticias-info-ckl-no-2-533-11-01-21\\\/\"]}]},{\"@type\":\"ImageObject\",\"inLanguage\":\"es\",\"@id\":\"https:\\\/\\\/cklcomunicaciones.es\\\/coop\\\/noticias-info-ckl-no-2-533-11-01-21\\\/#primaryimage\",\"url\":\"http:\\\/\\\/www.cklcomunicaciones.es\\\/wp-content\\\/uploads\\\/2018\\\/03\\\/CKL_comunicacion-con-perspetiva-de-genero-300x300.jpg\",\"contentUrl\":\"http:\\\/\\\/www.cklcomunicaciones.es\\\/wp-content\\\/uploads\\\/2018\\\/03\\\/CKL_comunicacion-con-perspetiva-de-genero-300x300.jpg\"},{\"@type\":\"BreadcrumbList\",\"@id\":\"https:\\\/\\\/cklcomunicaciones.es\\\/coop\\\/noticias-info-ckl-no-2-533-11-01-21\\\/#breadcrumb\",\"itemListElement\":[{\"@type\":\"ListItem\",\"position\":1,\"name\":\"Portada\",\"item\":\"https:\\\/\\\/cklcomunicaciones.es\\\/coop\\\/\"},{\"@type\":\"ListItem\",\"position\":2,\"name\":\"Noticias Info CKL n\u00ba 2.533-11\\\/01\\\/21\"}]},{\"@type\":\"WebSite\",\"@id\":\"https:\\\/\\\/cklcomunicaciones.es\\\/coop\\\/#website\",\"url\":\"https:\\\/\\\/cklcomunicaciones.es\\\/coop\\\/\",\"name\":\"CKL Comunicaciones\",\"description\":\"Sitio web de CKL Comunicaciones coop , la consultora de comunicaci\u00f3n y estrategia\",\"potentialAction\":[{\"@type\":\"SearchAction\",\"target\":{\"@type\":\"EntryPoint\",\"urlTemplate\":\"https:\\\/\\\/cklcomunicaciones.es\\\/coop\\\/?s={search_term_string}\"},\"query-input\":{\"@type\":\"PropertyValueSpecification\",\"valueRequired\":true,\"valueName\":\"search_term_string\"}}],\"inLanguage\":\"es\"},{\"@type\":\"Person\",\"@id\":\"https:\\\/\\\/cklcomunicaciones.es\\\/coop\\\/#\\\/schema\\\/person\\\/929a6837f7626450bbb50cee1aef266e\",\"name\":\"ckl\",\"image\":{\"@type\":\"ImageObject\",\"inLanguage\":\"es\",\"@id\":\"https:\\\/\\\/secure.gravatar.com\\\/avatar\\\/c82db564e8a669bf6023357a157b9dc4780f4d4c618f2ad1d71a6a5dede45057?s=96&d=mm&r=g\",\"url\":\"https:\\\/\\\/secure.gravatar.com\\\/avatar\\\/c82db564e8a669bf6023357a157b9dc4780f4d4c618f2ad1d71a6a5dede45057?s=96&d=mm&r=g\",\"contentUrl\":\"https:\\\/\\\/secure.gravatar.com\\\/avatar\\\/c82db564e8a669bf6023357a157b9dc4780f4d4c618f2ad1d71a6a5dede45057?s=96&d=mm&r=g\",\"caption\":\"ckl\"},\"url\":\"https:\\\/\\\/cklcomunicaciones.es\\\/coop\\\/author\\\/cklcomunicaciones\\\/\"}]}<\/script>\n<!-- \/ Yoast SEO plugin. -->","yoast_head_json":{"title":"Noticias Info CKL n\u00ba 2.533-11\/01\/21-Comunicar con perspectiva de g\u00e9nero","description":"Comunicar con perspectiva de g\u00e9nero: Espa\u00f1a se queda sin mujeres en c\u00fapula econ\u00f3mica de UE-Las aut\u00f3nomas y el 'annus horribilis'...","robots":{"index":"index","follow":"follow","max-snippet":"max-snippet:-1","max-image-preview":"max-image-preview:large","max-video-preview":"max-video-preview:-1"},"canonical":"https:\/\/cklcomunicaciones.es\/coop\/noticias-info-ckl-no-2-533-11-01-21\/","og_locale":"es_ES","og_type":"article","og_title":"Noticias Info CKL n\u00ba 2.533-11\/01\/21-Comunicar con perspectiva de g\u00e9nero","og_description":"Comunicar con perspectiva de g\u00e9nero: Espa\u00f1a se queda sin mujeres en c\u00fapula econ\u00f3mica de UE-Las aut\u00f3nomas y el 'annus horribilis'...","og_url":"https:\/\/cklcomunicaciones.es\/coop\/noticias-info-ckl-no-2-533-11-01-21\/","og_site_name":"CKL Comunicaciones","article_published_time":"2021-01-11T12:45:43+00:00","article_modified_time":"2025-01-17T15:47:22+00:00","og_image":[{"width":500,"height":500,"url":"https:\/\/cklcomunicaciones.es\/coop\/wp-content\/uploads\/2018\/03\/CKL_comunicacion-con-perspetiva-de-genero.jpg","type":"image\/jpeg"}],"author":"ckl","twitter_card":"summary_large_image","twitter_misc":{"Escrito por":"ckl","Tiempo de lectura":"5 minutos"},"schema":{"@context":"https:\/\/schema.org","@graph":[{"@type":"Article","@id":"https:\/\/cklcomunicaciones.es\/coop\/noticias-info-ckl-no-2-533-11-01-21\/#article","isPartOf":{"@id":"https:\/\/cklcomunicaciones.es\/coop\/noticias-info-ckl-no-2-533-11-01-21\/"},"author":{"name":"ckl","@id":"https:\/\/cklcomunicaciones.es\/coop\/#\/schema\/person\/929a6837f7626450bbb50cee1aef266e"},"headline":"Noticias Info CKL n\u00ba 2.533-11\/01\/21","datePublished":"2021-01-11T12:45:43+00:00","dateModified":"2025-01-17T15:47:22+00:00","mainEntityOfPage":{"@id":"https:\/\/cklcomunicaciones.es\/coop\/noticias-info-ckl-no-2-533-11-01-21\/"},"wordCount":1059,"image":{"@id":"https:\/\/cklcomunicaciones.es\/coop\/noticias-info-ckl-no-2-533-11-01-21\/#primaryimage"},"thumbnailUrl":"http:\/\/www.cklcomunicaciones.es\/wp-content\/uploads\/2018\/03\/CKL_comunicacion-con-perspetiva-de-genero-300x300.jpg","keywords":["econom\u00eda","tareas de cuidado","violencia de g\u00e9nero"],"articleSection":["Newsletter","Nwl v2.0"],"inLanguage":"es"},{"@type":"WebPage","@id":"https:\/\/cklcomunicaciones.es\/coop\/noticias-info-ckl-no-2-533-11-01-21\/","url":"https:\/\/cklcomunicaciones.es\/coop\/noticias-info-ckl-no-2-533-11-01-21\/","name":"Noticias Info CKL n\u00ba 2.533-11\/01\/21-Comunicar con perspectiva de g\u00e9nero","isPartOf":{"@id":"https:\/\/cklcomunicaciones.es\/coop\/#website"},"primaryImageOfPage":{"@id":"https:\/\/cklcomunicaciones.es\/coop\/noticias-info-ckl-no-2-533-11-01-21\/#primaryimage"},"image":{"@id":"https:\/\/cklcomunicaciones.es\/coop\/noticias-info-ckl-no-2-533-11-01-21\/#primaryimage"},"thumbnailUrl":"http:\/\/www.cklcomunicaciones.es\/wp-content\/uploads\/2018\/03\/CKL_comunicacion-con-perspetiva-de-genero-300x300.jpg","datePublished":"2021-01-11T12:45:43+00:00","dateModified":"2025-01-17T15:47:22+00:00","author":{"@id":"https:\/\/cklcomunicaciones.es\/coop\/#\/schema\/person\/929a6837f7626450bbb50cee1aef266e"},"description":"Comunicar con perspectiva de g\u00e9nero: Espa\u00f1a se queda sin mujeres en c\u00fapula econ\u00f3mica de UE-Las aut\u00f3nomas y el 'annus horribilis'...","breadcrumb":{"@id":"https:\/\/cklcomunicaciones.es\/coop\/noticias-info-ckl-no-2-533-11-01-21\/#breadcrumb"},"inLanguage":"es","potentialAction":[{"@type":"ReadAction","target":["https:\/\/cklcomunicaciones.es\/coop\/noticias-info-ckl-no-2-533-11-01-21\/"]}]},{"@type":"ImageObject","inLanguage":"es","@id":"https:\/\/cklcomunicaciones.es\/coop\/noticias-info-ckl-no-2-533-11-01-21\/#primaryimage","url":"http:\/\/www.cklcomunicaciones.es\/wp-content\/uploads\/2018\/03\/CKL_comunicacion-con-perspetiva-de-genero-300x300.jpg","contentUrl":"http:\/\/www.cklcomunicaciones.es\/wp-content\/uploads\/2018\/03\/CKL_comunicacion-con-perspetiva-de-genero-300x300.jpg"},{"@type":"BreadcrumbList","@id":"https:\/\/cklcomunicaciones.es\/coop\/noticias-info-ckl-no-2-533-11-01-21\/#breadcrumb","itemListElement":[{"@type":"ListItem","position":1,"name":"Portada","item":"https:\/\/cklcomunicaciones.es\/coop\/"},{"@type":"ListItem","position":2,"name":"Noticias Info CKL n\u00ba 2.533-11\/01\/21"}]},{"@type":"WebSite","@id":"https:\/\/cklcomunicaciones.es\/coop\/#website","url":"https:\/\/cklcomunicaciones.es\/coop\/","name":"CKL Comunicaciones","description":"Sitio web de CKL Comunicaciones coop , la consultora de comunicaci\u00f3n y estrategia","potentialAction":[{"@type":"SearchAction","target":{"@type":"EntryPoint","urlTemplate":"https:\/\/cklcomunicaciones.es\/coop\/?s={search_term_string}"},"query-input":{"@type":"PropertyValueSpecification","valueRequired":true,"valueName":"search_term_string"}}],"inLanguage":"es"},{"@type":"Person","@id":"https:\/\/cklcomunicaciones.es\/coop\/#\/schema\/person\/929a6837f7626450bbb50cee1aef266e","name":"ckl","image":{"@type":"ImageObject","inLanguage":"es","@id":"https:\/\/secure.gravatar.com\/avatar\/c82db564e8a669bf6023357a157b9dc4780f4d4c618f2ad1d71a6a5dede45057?s=96&d=mm&r=g","url":"https:\/\/secure.gravatar.com\/avatar\/c82db564e8a669bf6023357a157b9dc4780f4d4c618f2ad1d71a6a5dede45057?s=96&d=mm&r=g","contentUrl":"https:\/\/secure.gravatar.com\/avatar\/c82db564e8a669bf6023357a157b9dc4780f4d4c618f2ad1d71a6a5dede45057?s=96&d=mm&r=g","caption":"ckl"},"url":"https:\/\/cklcomunicaciones.es\/coop\/author\/cklcomunicaciones\/"}]}},"_links":{"self":[{"href":"https:\/\/cklcomunicaciones.es\/coop\/wp-json\/wp\/v2\/posts\/15185","targetHints":{"allow":["GET"]}}],"collection":[{"href":"https:\/\/cklcomunicaciones.es\/coop\/wp-json\/wp\/v2\/posts"}],"about":[{"href":"https:\/\/cklcomunicaciones.es\/coop\/wp-json\/wp\/v2\/types\/post"}],"author":[{"embeddable":true,"href":"https:\/\/cklcomunicaciones.es\/coop\/wp-json\/wp\/v2\/users\/3"}],"replies":[{"embeddable":true,"href":"https:\/\/cklcomunicaciones.es\/coop\/wp-json\/wp\/v2\/comments?post=15185"}],"version-history":[{"count":0,"href":"https:\/\/cklcomunicaciones.es\/coop\/wp-json\/wp\/v2\/posts\/15185\/revisions"}],"wp:attachment":[{"href":"https:\/\/cklcomunicaciones.es\/coop\/wp-json\/wp\/v2\/media?parent=15185"}],"wp:term":[{"taxonomy":"category","embeddable":true,"href":"https:\/\/cklcomunicaciones.es\/coop\/wp-json\/wp\/v2\/categories?post=15185"},{"taxonomy":"post_tag","embeddable":true,"href":"https:\/\/cklcomunicaciones.es\/coop\/wp-json\/wp\/v2\/tags?post=15185"}],"curies":[{"name":"wp","href":"https:\/\/api.w.org\/{rel}","templated":true}]}}