{"id":15182,"date":"2020-12-23T14:51:56","date_gmt":"2020-12-23T13:51:56","guid":{"rendered":"http:\/\/www.cklcomunicaciones.es\/?p=15182"},"modified":"2025-01-17T16:47:22","modified_gmt":"2025-01-17T15:47:22","slug":"noticias-info-ckl-no-2-532-23-12-20","status":"publish","type":"post","link":"https:\/\/cklcomunicaciones.es\/coop\/noticias-info-ckl-no-2-532-23-12-20\/","title":{"rendered":"Noticias Info CKL n\u00ba 2.532-23\/12\/20"},"content":{"rendered":"<div id=\"pl-15182\"  class=\"panel-layout\" >\n<div id=\"pg-15182-0\"  class=\"panel-grid panel-no-style\"  data-style=\"{&quot;background_image_attachment&quot;:false,&quot;background_display&quot;:&quot;tile&quot;,&quot;cell_alignment&quot;:&quot;flex-start&quot;}\" >\n<div id=\"pgc-15182-0-0\"  class=\"panel-grid-cell\"  data-weight=\"1\" >\n<div id=\"panel-15182-0-0-0\" class=\"so-panel widget widget_sow-editor panel-first-child panel-last-child\" data-index=\"0\" data-style=\"{&quot;background_image_attachment&quot;:false,&quot;background_display&quot;:&quot;tile&quot;}\" >\n<div class=\"so-widget-sow-editor so-widget-sow-editor-base\">\n<div class=\"siteorigin-widget-tinymce textwidget\">\n<p><img decoding=\"async\" class=\"lazyload  wp-image-13726\" src=\"http:\/\/www.cklcomunicaciones.es\/wp-content\/uploads\/2018\/03\/CKL_comunicacion-con-perspetiva-de-genero-300x300.jpg\" data-orig-src=\"http:\/\/www.cklcomunicaciones.es\/wp-content\/uploads\/2018\/03\/CKL_comunicacion-con-perspetiva-de-genero-300x300.jpg\" alt=\"CKL_comunicacion con perspetiva de genero\" width=\"132\" height=\"132\" srcset=\"data:image\/svg+xml,%3Csvg%20xmlns%3D%27http%3A%2F%2Fwww.w3.org%2F2000%2Fsvg%27%20width%3D%27132%27%20height%3D%27132%27%20viewBox%3D%270%200%20132%20132%27%3E%3Crect%20width%3D%27132%27%20height%3D%27132%27%20fill-opacity%3D%220%22%2F%3E%3C%2Fsvg%3E\" data-srcset=\"https:\/\/cklcomunicaciones.es\/coop\/wp-content\/uploads\/2018\/03\/CKL_comunicacion-con-perspetiva-de-genero-150x150.jpg 150w, https:\/\/cklcomunicaciones.es\/coop\/wp-content\/uploads\/2018\/03\/CKL_comunicacion-con-perspetiva-de-genero-300x300.jpg 300w, https:\/\/cklcomunicaciones.es\/coop\/wp-content\/uploads\/2018\/03\/CKL_comunicacion-con-perspetiva-de-genero-450x450.jpg 450w, https:\/\/cklcomunicaciones.es\/coop\/wp-content\/uploads\/2018\/03\/CKL_comunicacion-con-perspetiva-de-genero.jpg 500w\" data-sizes=\"auto\" data-orig-sizes=\"(max-width: 132px) 100vw, 132px\" \/><\/p>\n<p id=\":37r\" class=\"hP\" tabindex=\"-1\" data-thread-perm-id=\"thread-f:1686060281336240923\" data-legacy-thread-id=\"176616e48af11b1b\"><strong>Montero: \u00ab2021 ser\u00e1 un a\u00f1o clave para la implementaci\u00f3n de las pol\u00edticas p\u00fablicas feministas\u00bb-Mar\u00eda S\u00e1nchez, VI Premio Rosario Valpuesta-El Observatorio de Igualdad en el Deporte recibe luz verde-Pippi, 75 a\u00f1os<\/strong><\/p>\n<p>[toggle type=\u00bbfirst\u00bb title=\u00bbConvocatorias\u00bb]<\/p>\n<p><u><a href=\"http:\/\/www.uco.es\/catedrasyaulas\/catedramujeres\/premio-innovacion-docente-buenas-practicas-maria-moliner.php\">I Premio de Innovaci\u00f3n Docente y Buenas Pr\u00e1cticas Mar\u00eda Moliner<\/a><\/u>. C\u00e1tedra de Estudios de las Mujeres &#8216;Leonor de Guzm\u00e1n&#8217; de la Universidad de C\u00f3rdoba. Plazo de presentaci\u00f3n de trabajos hasta el 25 de febrero de 2021<\/p>\n<p>Cursos: &#8216;<u><a href=\"https:\/\/feminarian.es\/producto\/agente-de-igualdad-de-genero-2\/\">Agente de Igualdad de G\u00e9nero<\/a><strong>&#8216;<\/strong><\/u>(380 h.);\u00a0<strong><u>&#8216;<\/u><\/strong><u><a href=\"https:\/\/feminarian.es\/producto\/experta-en-coaching-menstrual-coach-menstrual-2020\/\">Experta en Coaching Menstrual \u2013 Coach Menstrual<\/a><\/u>&#8216;\u00a0(450 h.);\u00a0&#8216;<u><a href=\"https:\/\/feminarian.es\/producto\/formacion-en-arteterapia-con-mujeres\/\">Formaci\u00f3n en Arteterapia con Mujeres<\/a><\/u>&#8216;\u00a0(250 h.);\u00a0&#8216;<u><a href=\"https:\/\/feminarian.es\/producto\/experta-en-coeducacion-afectivo-sexual\/\">Experta en Coeducaci\u00f3n Afectivo-Sexual<\/a><strong>&#8216;<\/strong><\/u>\u00a0(250 h.).\u00a0Feminarian, Comunidad de Aprendizaje para Mujeres. Inicio 26 de enero de 2021<\/p>\n<p><u><a href=\"https:\/\/perifericas.es\/collections\/cursos\/products\/trata-y-derecho-de-asilo-de-mujeres-migrantes\">Curso\u00a0&#8216;Trata y derecho de asilo de mujeres migrantes&#8217;<\/a><\/u>. Perif\u00e9ricas-Escuela de Feminismos Alternativos. 60 h. de duraci\u00f3n<\/p>\n<p>[\/toggle]<\/p>\n<p>[toggle type=\u00bbfirst\u00bb title=\u00bbComunicaci\u00f3n\u00bb]<\/p>\n<p><u><a href=\"https:\/\/www.google.com\/url?rct=j&amp;sa=t&amp;url=https:\/\/www.elespanol.com\/invertia\/medios\/20201221\/cruz-sanchez-lara-vicepresidenta-consejo-administracion-espanol\/545196168_0.html&amp;ct=ga&amp;cd=CAEYEyoUMTY3Mzg4MTU3OTgzNzQ1NDE3NTkyGWMwMzcyZWJjMmZlYWRhNTk6ZXM6ZXM6RVM&amp;usg=AFQjCNHDngJBP4LtWW_AbWJoWUsel03f2Q\">Cruz S\u00e1nchez de Lara, Vicepresidenta del Consejo de Administraci\u00f3n de El Espa\u00f1ol<\/a><\/u>&#8211;\u00a0El Espa\u00f1ol<\/p>\n<p><u><a href=\"https:\/\/www.eldiario.es\/cultura\/cerca-300-mujeres-firman-manifiesto-condena-agresion-lesbofoba-periodista-irantzu-varela_1_6522585.html\">Cerca de 300 mujeres del periodismo, la cultura o la pol\u00edtica firman un manifiesto para condenar la violencia que sufren las feministas con presencia p\u00fablica<\/a><\/u>\u00a0\u2013eldiario.es<a href=\"https:\/\/www.google.com\/url?rct=j&amp;sa=t&amp;url=https:\/\/www.europapress.es\/andalucia\/mas-jaen-00988\/noticia-diputacion-jaen-entrega-premios-periodismo-comunicacion-local-laura-velasco-juan-armenteros-20201222145041.html&amp;ct=ga&amp;cd=CAEYBCoTNzMzMjAwNTI3MzYwNDcyODE2NjIZNDViMWU5ODI4YmVhNzJhOTplczplczpFUw&amp;usg=AFQjCNGyVfyh-2WQTRr3csN0EmDaaE2Vdg\"><br \/>\nLa\u00a0Diputaci\u00f3n de\u00a0Ja\u00e9n entrega sus Premios\u00a0de\u00a0Periodismo y Comunicaci\u00f3n Local a Laura Velasco &#8230;<\/a>&#8211;\u00a0Europa Press<\/p>\n<p><u><a href=\"https:\/\/www.google.com\/url?rct=j&amp;sa=t&amp;url=https:\/\/www.abc.es\/sociedad\/abci-cuando-influencer-espejo-adicto-202012202049_noticia.html&amp;ct=ga&amp;cd=CAEYACoUMTE3NzAxMTU3ODYwODM2NTgyNDAyGWM1MWU1MzM2YWY2YzQzMDU6ZXM6ZXM6RVM&amp;usg=AFQjCNF27OQf8rHIgDSI0XHJThkL_MS4YQ\">&#8216;Influencers&#8217; y\u00a0publicidad: cuando lo que promocionan son h\u00e1bitos nocivos para los m\u00e1s j\u00f3venes<\/a><\/u>&#8211;\u00a0Abc.es<\/p>\n<p><u><a href=\"https:\/\/elpais.com\/tecnologia\/2020\/12\/23\/actualidad\/1608709236_436110.html\">Aplicaciones para reducir el uso del m\u00f3vil: poco \u00fatiles aunque con buenas intenciones<\/a><\/u>\u00a0\u2013 El Pa\u00eds<\/p>\n<p><u><a href=\"https:\/\/www.eldiario.es\/tecnologia\/ano-obligo-preguntar-revelan-datos-google_1_6511892.html\">La pandemia multiplica las b\u00fasquedas de \u00ab\u00bfpor qu\u00e9?\u00bb en Google<\/a><\/u>\u00a0\u2013eldiario.es<\/p>\n<p><a href=\"https:\/\/elpais.com\/television\/2020-12-21\/rtve-lanzara-una-nueva-plataforma-digital-en-2021.html\">RTVE lanzar\u00e1 una nueva plataforma digital en 2021<\/a>&#8211; El Pa\u00eds<\/p>\n<p>[\/toggle]<\/p>\n<p>[toggle type=\u00bbfirst\u00bb title=\u00bbAndaluc\u00eda\u00bb]<\/p>\n<p><strong>Econom\u00eda y Empresas<\/strong><\/p>\n<p><u><a href=\"https:\/\/www.msn.com\/es-es\/news\/espana\/andaluc-c3-ada-aplicar-c3-a1-el-ii-plan-de-igualdad-para-los-c3-a1mbitos-agrario-pesquero-y-ambiental\/ar-BB1c6NaK\">Andaluc\u00eda aplicar\u00e1 el II Plan de Igualdad para los \u00e1mbitos agrario, pesquero y ambiental<\/a><\/u>&#8211;\u00a0<a href=\"http:\/\/eldiario.es\/\">eldiario.es<\/a><\/p>\n<p><u><a href=\"https:\/\/www.eldiario.es\/andalucia\/es-el-momento\/desempleo-problema-tapa-pandemia_132_6524226.html\">CCOO-A advierte de que la pandemia est\u00e1 tapando la enfermedad cr\u00f3nica de Andaluc\u00eda: el desempleo y la precariedad<\/a><\/u>-eldiario.es<\/p>\n<p><u><a href=\"https:\/\/www.eldiario.es\/andalucia\/economia\/andalucia-aprueba-presupuestos-expansivos-amenazados-paron-economico-horizonte-paro-30_1_6523477.html\">Andaluc\u00eda aprueba unos Presupuestos expansivos para 2021 bajo la amenaza de un horizonte de paro del 30%<\/a><\/u>-eldiario.es<strong>\u00a0<\/strong><\/p>\n<p><strong>Actualidad<\/strong><\/p>\n<p><u><a href=\"https:\/\/www.google.com\/url?rct=j&amp;sa=t&amp;url=https:\/\/www.europapress.es\/esandalucia\/almeria\/noticia-maria-montagut-nueva-asesora-programa-instituto-andaluz-mujer-almeria-20201222172131.html&amp;ct=ga&amp;cd=CAEYACoTODUwODQ0NDAwMzQwODc0NzU0NTIbOWFiMWNkZDdlMzY2ZWYzODplczplczpFUzpS&amp;usg=AFQjCNGvPvwqi38BLaohYFyUlKQHblocrw\">Mar\u00eda Montagut, nueva asesora de programa del\u00a0Instituto Andaluz de la Mujer\u00a0en Almer\u00eda<\/a><\/u>&#8211;\u00a0Europa Press<\/p>\n<p><u><a href=\"https:\/\/amecopress.net\/El-Instituto-Andaluz-de-la-Mujer-recalca-que-los-juguetes-y-los-juegos-no-tienen-genero\">El Instituto Andaluz de la Mujer recalca que los juguetes y los juegos \u201cno tienen g\u00e9nero\u201d<\/a><\/u>-amecopress.net<\/p>\n<p><u><a href=\"https:\/\/www.msn.com\/es-es\/noticias\/espana\/andaluc%C3%ADa-contempla-dar-un-justificante-a-todos-los-andaluces-que-se-vacunen\/ar-BB1caIUV\">Andaluc\u00eda contempla dar un justificante a todos los andaluces que se vacunen<\/a>\u00a0<\/u>-europapress<\/p>\n<p><u><a href=\"https:\/\/www.eldigitaldeasturias.com\/noticias\/category\/sociedad\/page\/1650\/\">Andaluc\u00eda propone trabajos comunitarios para quien no pueda pagar el alquiler<\/a><\/u>-eldigitaldeasturias<\/p>\n<p><u><a href=\"https:\/\/sevillasolidaria.sevilla.abc.es\/noticias\/el-programa-de-voluntariado-de-caixabank-en-andalucia-supera-los-600-participantes-en-2020\/\">El programa de voluntariado de CaixaBank en Andaluc\u00eda supera los 600 participantes en 2020<\/a><\/u>-sevillasolidaria.sevilla<strong>\u00a0<\/strong><\/p>\n<p><strong>Violencias<\/strong><\/p>\n<p><u><a href=\"https:\/\/www.teleprensa.com\/articulo\/andalucia-0\/andalucia-junta-acuerda-colegios-abogados-incrementar-guardias-turno-oficio-violencia-mujer\/20201222163508874954.html\">Junta acuerda con los Colegios de Abogados incrementar las guardias de turno de oficio sobre violencia contra la mujer<\/a><\/u>-teleprensa.com<\/p>\n<p><u><a href=\"https:\/\/www.google.com\/url?rct=j&amp;sa=t&amp;url=https:\/\/observatorioviolencia.org\/convenio-para-mejorar-la-atencion-a-las-mujeres-victimas-de-violencia-de-genero-en-andalucia\/&amp;ct=ga&amp;cd=CAEYACoUMTA2MjI1ODgxOTI5NDgxNjcwNDQyGWMwMzcyZWJjMmZlYWRhNTk6ZXM6ZXM6RVM&amp;usg=AFQjCNEyK_bxK2O2lYnMQ3tQrePi-yA59g\">Convenio para mejorar la atenci\u00f3n a las\u00a0mujeres\u00a0v\u00edctimas de violencia de g\u00e9nero en Andaluc\u00eda<\/a><\/u>&#8211;\u00a0Observatorio de la Violencia de G\u00e9nero<\/p>\n<p><u><a href=\"https:\/\/www.google.com\/url?rct=j&amp;sa=t&amp;url=https:\/\/www.lavanguardia.com\/local\/sevilla\/20201223\/6145071\/junta-refuerza-92-profesionales-centros-atencion-acogida-victimas-violencia-genero.html&amp;ct=ga&amp;cd=CAEYACoUMTUzMjYyNjc4ODE4MjEwODE4NDEyGWMwMzcyZWJjMmZlYWRhNTk6ZXM6ZXM6RVM&amp;usg=AFQjCNG_fIjMvFf9knDF6rf5Af9BSHb3uw\">La Junta refuerza con 92 profesionales los centros de atenci\u00f3n y acogida a las v\u00edctimas de &#8230;<\/a><\/u>&#8211;\u00a0La Vanguardia<\/p>\n<p><strong>Ciencia y Cultura<\/strong><\/p>\n<p><u><a href=\"https:\/\/www.europapress.es\/andalucia\/sevilla-00357\/noticia-maria-sanchez-gana-vi-premio-rosario-valpuesta-trabajo-prensa-andaluza-caso-manada-20201222125253.html\">Mar\u00eda S\u00e1nchez gana el VI Premio Rosario Valpuesta por un trabajo sobre prensa andaluza ante el caso de &#8216;La Manada&#8217;\u2026<\/a><\/u>-europapress<a href=\"https:\/\/www.google.com\/url?rct=j&amp;sa=t&amp;url=https:\/\/www.lavozdealmeria.com\/noticia\/5\/vivir\/206274\/la-bailaora-anabel-veloso-cierra-su-ano-mas-fertil-con-un-premio-pad&amp;ct=ga&amp;cd=CAEYBioUMTAyNzU0NTM1NjI5NTQzMjM0NjgyGTQ1YjFlOTgyOGJlYTcyYTk6ZXM6ZXM6RVM&amp;usg=AFQjCNFqOijkAyVcySvJb7F5GjlT6H5G_A\"><br \/>\nLa bailaora Anabel Veloso cierra su a\u00f1o m\u00e1s f\u00e9rtil con un premio PAD<\/a>\u00a0&#8211;\u00a0La Voz de Almer\u00eda<\/p>\n<p><a href=\"https:\/\/www.google.com\/url?rct=j&amp;sa=t&amp;url=https:\/\/m.europapress.es\/andalucia\/sevilla-00357\/noticia-nazarena-sandra-recamales-primer-premio-concurso-recetas-arroz-diputacion-sevilla-20201221151322.html&amp;ct=ga&amp;cd=CAEYACoUMTMxMjE0MDI5MzU4NDI3MDk2MjEyGTQ1YjFlOTgyOGJlYTcyYTk6ZXM6ZXM6RVM&amp;usg=AFQjCNFZAniqRB8jdPgI-XdU4f8DVsyZkA\">La nazarena Sandra Recamales, primer premio del concurso\u00a0de\u00a0recetas\u00a0de\u00a0arroz\u00a0de\u00a0la\u00a0Diputaci\u00f3n\u00a0&#8230;<\/a>&#8211;\u00a0Europa Press<\/p>\n<p><u><a href=\"https:\/\/www.google.com\/url?rct=j&amp;sa=t&amp;url=http:\/\/latamuda.com\/viii-edicion-de-los-premios-mav-2020&amp;ct=ga&amp;cd=CAEYASoTNjEwMDUzNTYzMzk0NDkwODMwNzIZYzAzNzJlYmMyZmVhZGE1OTplczplczpFUw&amp;usg=AFQjCNFl4VcZw1hjxwzNPhdOptZgK4KAJA\">VIII Edici\u00f3n de los Premios MAV 2020<\/a><\/u>&#8211;\u00a0latamuda.com<\/p>\n<p><u><a href=\"http:\/\/www.juntadeandalucia.es\/presidencia\/portavoz\/157062\/ConsejeriadeCulturayPatrimonioHistorico\/InstitutoNacionaldelPatrimonioHistorico\/30AniversariodelIAPH\">La Junta reconoce la excelencia cient\u00edfica del IAPH tras treinta a\u00f1os al servicio del patrimonio cultural<\/a><\/u>\u00a0\u2013 Oficina del Portavoz<\/p>\n<p><u><a href=\"https:\/\/sevilla.abc.es\/cultura\/sevi-bellas-artes-sevilla-culmina-2020-como-museo-publico-mas-visitado-andalucia-202012231318_noticia.html\">El Bellas Artes de Sevilla culmina 2020 como el museo p\u00fablico m\u00e1s visitado de Andaluc\u00eda<\/a><\/u>&#8211;<a href=\"http:\/\/abc.es\/\">abc.es<\/a><\/p>\n<p><u><a href=\"https:\/\/www.teleprensa.com\/articulo\/malaga\/proyecto-territorio-expansivo-impulsado-diputacion-galardonado-premios-danza-andalucia\/20201220095154873775.html\">El proyecto &#8216;Territorio Expansivo&#8217; impulsado por Diputaci\u00f3n, galardonado en los Premios de la Danza de Andaluc\u00eda<\/a><\/u>-teleprensa.com<strong>\u00a0<\/strong><\/p>\n<p><strong>Deporte<\/strong><\/p>\n<p><u><a href=\"https:\/\/www.estadiodeportivo.com\/noticias-deporte-universitario\/2020\/12\/21\/llega-campeonato-cadete-sala\/310892.html\">Llega el Campeonato Cadete de Sala<\/a><\/u><strong>&#8211;<\/strong>estadiodeportivo<\/p>\n<p>[\/toggle]<\/p>\n<p>[toggle type=\u00bbfirst\u00bb title=\u00bbEstado\u00bb]<\/p>\n<p><strong>Institucional<\/strong><a href=\"https:\/\/www.google.com\/url?rct=j&amp;sa=t&amp;url=https:\/\/www.lamoncloa.gob.es\/serviciosdeprensa\/notasprensa\/igualdad\/Paginas\/2020\/211220-balance.aspx&amp;ct=ga&amp;cd=CAEYASoUMTY3Mzg4MTU3OTgzNzQ1NDE3NTkyGWMwMzcyZWJjMmZlYWRhNTk6ZXM6ZXM6RVM&amp;usg=AFQjCNFEM2nneMgk69hDkOoItmM3PQFWLQ\"><br \/>\nIrene Montero: \u00ab2021 ser\u00e1 un a\u00f1o clave para la implementaci\u00f3n de las pol\u00edticas p\u00fablicas feministas\u00bb<\/a>&#8211;\u00a0lamoncloa.gob.es<\/p>\n<p><strong>Institucional-CCAA<\/strong><\/p>\n<p><a href=\"https:\/\/www.google.com\/url?rct=j&amp;sa=t&amp;url=https:\/\/arainfo.org\/el-iam-participa-en-una-campana-navidena-de-juguetes-no-sexistas-que-aspira-a-regalar-igualdad\/&amp;ct=ga&amp;cd=CAEYAyoTOTM0MjE3Nzk3MTk3MjI2MDk0MTIZMWRjNWJlY2M3MDZlY2Y4YjplczplczpFUw&amp;usg=AFQjCNH_SWt2IXyYJtS8YhEpGz5Czc7LEw\">El Instituto Aragon\u00e9s de la Mujer participa en una campa\u00f1a navide\u00f1a de juguetes no\u00a0sexistas\u00a0que aspira a \u201cregalar igualdad\u201d<\/a><u>&#8211;<\/u>\u00a0AraInfo<\/p>\n<p><a href=\"https:\/\/www.google.com\/url?rct=j&amp;sa=t&amp;url=https:\/\/www.navarra.es\/es\/noticias\/2020\/12\/21\/el-vicepresidente-remirez-pide-trabajo-conjunto-y-coordinado-para-los-retos-que-en-materia-de-igualad-habra-que-afrontar-tras-superar-la-situacion-de-emergencia-sanitaria-&amp;ct=ga&amp;cd=CAEYACoUMTY3Mzg4MTU3OTgzNzQ1NDE3NTkyGWMwMzcyZWJjMmZlYWRhNTk6ZXM6ZXM6RVM&amp;usg=AFQjCNEOjxRaR8zv623F8j-QAZAoFErh-g\">El vicepresidente Rem\u00edrez pide \u201ctrabajo conjunto y coordinado para los retos que en materia de &#8230;<\/a>&#8211;\u00a0Gobierno &#8211;\u00a0navarra.es<a href=\"https:\/\/www.google.com\/url?rct=j&amp;sa=t&amp;url=https:\/\/eldiadigital.es\/art\/349516\/ccoo-ultima-una-guia-de-los-recursos-para-las-mujeres-migrantes-en-c-lm&amp;ct=ga&amp;cd=CAEYAioUMTY3Mzg4MTU3OTgzNzQ1NDE3NTkyGWMwMzcyZWJjMmZlYWRhNTk6ZXM6ZXM6RVM&amp;usg=AFQjCNHc1mOX7p8hdePTYwzfIAiUQkCyjw\"><br \/>\nCCOO ultima una gu\u00eda de los recursos para las\u00a0mujeres\u00a0migrantes en C-LM<\/a>&#8211;\u00a0eldiadigital.es<\/p>\n<p><a href=\"https:\/\/www.google.com\/url?rct=j&amp;sa=t&amp;url=https:\/\/eldiadigital.es\/art\/349462\/inauguradas-las-i-jornadas-intergeneracional-esta-es-mi-historia&amp;ct=ga&amp;cd=CAEYCSoUMTY3Mzg4MTU3OTgzNzQ1NDE3NTkyGWMwMzcyZWJjMmZlYWRhNTk6ZXM6ZXM6RVM&amp;usg=AFQjCNFJi69n-DNaJBlhJ0eHBq5B54RYMA\">Inauguradas las I Jornadas Intergeneracional &#8216;Esta es mi Historia&#8217;<\/a><u>&#8211;\u00a0<\/u>eldiadigital.es<\/p>\n<p><u><a href=\"https:\/\/www.google.com\/url?rct=j&amp;sa=t&amp;url=https:\/\/www.elperiodicodearagon.com\/noticias\/aragon\/dpz-concede-ayudas-35-000-euros-23-mujeres-emprendedoras-provincia_1449928.html&amp;ct=ga&amp;cd=CAEYACoTNDIyNTE1NjExMjQ5MDgxMDE5NzIZZTFlNzdkMTU2MDk4YThlMzplczplczpFUw&amp;usg=AFQjCNGJyM7ClMHu7XhD877P7pO09l4_7Q\">La DPZ concede ayudas de 35.000 euros a 23 mujeres emprendedoras de la provincia<\/a><\/u>&#8211;\u00a0El Peri\u00f3dico de Arag\u00f3n<a href=\"https:\/\/www.google.com\/url?rct=j&amp;sa=t&amp;url=https:\/\/www.gomeranoticias.com\/2020\/12\/22\/cruz-roja-continua-con-el-proyecto-mujeres-victimas-de-violencia-en-la-isla-de-la-palma\/&amp;ct=ga&amp;cd=CAEYCCoTMTE5OTEwMzE4NjUyOTk0Njc4NTIZYzAzNzJlYmMyZmVhZGE1OTplczplczpFUw&amp;usg=AFQjCNF1WxhernquhItvSJA45KkMIVW3TQ\"><br \/>\nCruz Roja contin\u00faa con el proyecto \u201cMujeres\u00a0V\u00edctimas de Violencia\u201d en la isla de La Palma<\/a>&#8211;\u00a0Gomeranoticias<\/p>\n<p><strong>Econom\u00eda y Empresas<\/strong><\/p>\n<p><u><a href=\"https:\/\/www.google.com\/url?rct=j&amp;sa=t&amp;url=https:\/\/www.hosteltur.com\/comunidad\/nota\/024675_el-emprendimiento-femenino-como-pieza-clave-para-reinventar-el-sector-del-turismo.html&amp;ct=ga&amp;cd=CAEYBCoTMTE5OTEwMzE4NjUyOTk0Njc4NTIZYzAzNzJlYmMyZmVhZGE1OTplczplczpFUw&amp;usg=AFQjCNGPlngeIrOfIl46Sq3iFGRxIZnnyQ\">El emprendimiento femenino como pieza clave para reinventar el sector del turismo<\/a><\/u>&#8211;\u00a0Hosteltur<\/p>\n<p><a href=\"https:\/\/www.google.com\/url?rct=j&amp;sa=t&amp;url=https:\/\/www.elespanol.com\/invertia\/20201222\/caixabank-comunidad-mujer-empresaria-conectar-empresarial-femenino\/545195644_0.html&amp;ct=ga&amp;cd=CAEYACoTODc1MjQ1MTQxOTczNTAwMjk5NzIZYzAzNzJlYmMyZmVhZGE1OTplczplczpFUw&amp;usg=AFQjCNHtl4ScZ909F0ZwQCDC5pLnnMJvvg\">CaixaBank impulsa su \u00abComunidad\u00a0Mujer\u00a0Empresaria\u00bb para conectar el talento empresarial &#8230;<\/a>&#8211;\u00a0El Espa\u00f1ol<\/p>\n<p><u><a href=\"https:\/\/www.google.com\/url?rct=j&amp;sa=t&amp;url=http:\/\/www.diariosigloxxi.com\/texto-s\/mostrar\/392433\/pelayo-recibe-distintivo-igualdad-empresa-ministerio-igualdad&amp;ct=ga&amp;cd=CAEYAioUMTc1ODk5MzAzNjE0MTQ5NzYzMjEyGWMwMzcyZWJjMmZlYWRhNTk6ZXM6ZXM6RVM&amp;usg=AFQjCNEL5-1u1OzN99RCLX2cWQPsacqO4A\">Pelayo recibe el Distintivo de Igualdad en la Empresa del Ministerio de Igualdad<\/a><\/u>&#8211;\u00a0Diario Siglo XXI<\/p>\n<p><u><a href=\"https:\/\/www.google.com\/url?rct=j&amp;sa=t&amp;url=https:\/\/www.informaria.com\/eoi-impulsa-liderazgo-mujeres-empresas-mujeres-alto-potencial\/&amp;ct=ga&amp;cd=CAEYBSoTMTE5OTEwMzE4NjUyOTk0Njc4NTIZYzAzNzJlYmMyZmVhZGE1OTplczplczpFUw&amp;usg=AFQjCNF_vwiUFIXWktKJJ4Bei99TwrGMZw\">EOI impulsa el liderazgo de las\u00a0mujeres en\u00a0las empresas con &#8216;Mujeres\u00a0con Alto Potencial&#8217;<\/a><\/u>&#8211;\u00a0Informaria Digital<\/p>\n<p><u><a href=\"https:\/\/www.mujeremprendedora.net\/club-excelencia-sostenibilidad-actualiza-metodologia-medicion-brecha-salarial-genero\/\">El Club de Excelencia en Sostenibilidad actualiza su metodolog\u00eda de medici\u00f3n de la Brecha Salarial de G\u00e9nero<\/a><\/u>&#8211; Mujeremprendedora.net<\/p>\n<p><u><a href=\"https:\/\/www.eldiario.es\/economia\/afecta-pension-ampliar-computo-35-anos-cotizados-recorte-general-mejoras-parados-perjudicial-mujeres_1_6521665.html\">C\u00f3mo afecta a la pensi\u00f3n ampliar el c\u00f3mputo a los 35 a\u00f1os cotizados: recorte en general, mejoras para parados y perjudicial para las mujeres<\/a><\/u>\u00a0\u2013eldiario.es<\/p>\n<p><strong>Actualidad<\/strong><\/p>\n<p><a href=\"https:\/\/www.google.com\/url?rct=j&amp;sa=t&amp;url=https:\/\/murciaeconomia.com\/art\/75588\/las-mujeres-sufren-mas-por-el-covid&amp;ct=ga&amp;cd=CAEYDCoUMTY3Mzg4MTU3OTgzNzQ1NDE3NTkyGWMwMzcyZWJjMmZlYWRhNTk6ZXM6ZXM6RVM&amp;usg=AFQjCNGYmaU88IXSYL_nFTCN-t_KB2CNaw\">Las\u00a0mujeres\u00a0sufren m\u00e1s por el covid<\/a>&#8211;\u00a0MurciaEconom\u00eda.com<\/p>\n<p><u><a href=\"https:\/\/www.google.com\/url?rct=j&amp;sa=t&amp;url=https:\/\/www.20minutos.es\/noticia\/4521445\/0\/embarazadas-con-sars-cov-2-en-tercer-trimestre-no-contagian-al-recien-nacido\/&amp;ct=ga&amp;cd=CAEYACoTMjk4NjM4NTM4Mzc3OTMzMDkzMDIZYzAzNzJlYmMyZmVhZGE1OTplczplczpFUw&amp;usg=AFQjCNFSvKgjp1_Qh3MO9txR4t_p0hfEmg\">Las embarazadas con SARS-CoV-2 en el tercer trimestre no contagian al reci\u00e9n nacido<\/a><\/u>&#8211;\u00a020minutos<\/p>\n<p><u><a href=\"https:\/\/www.mujeremprendedora.net\/renfe-impulsara-2021-iniciativas-dedicadas-mujer-viajera\/\">Renfe impulsar\u00e1 en 2021 iniciativas dedicadas a la Mujer Viajera<\/a><\/u>&#8211; Mujeremprendedora.net<\/p>\n<p><a href=\"https:\/\/elpais.com\/sociedad\/2020-12-22\/el-numero-de-abortos-crece-ligeramente-en-espana-por-tercer-ano-consecutivo.html\">El n\u00famero de abortos crece ligeramente en Espa\u00f1a por tercer a\u00f1o consecutivo<\/a>\u00a0\u2013 El Pa\u00eds<\/p>\n<p><strong>Violencias<\/strong><a href=\"https:\/\/www.google.com\/url?rct=j&amp;sa=t&amp;url=https:\/\/www.cronica.com.ar\/salud\/El-60-de-las-mujeres-sufrio-violencia-de-genero-digital-durante-la-pandemia-20201216-0052.html&amp;ct=ga&amp;cd=CAEYACoUMTM5OTUzMTU4NTkyNTcwMTQyMjEyGWUxZTc3ZDE1NjA5OGE4ZTM6ZXM6ZXM6RVM&amp;usg=AFQjCNFqzBZVytmWUi61CRwfRoZOFA5LXA\"><br \/>\nEl 60% de las mujeres sufri\u00f3\u00a0violencia de g\u00e9nero\u00a0digital durante la pandemia de coronavirus<\/a>&#8211;\u00a0Cr\u00f3nica<\/p>\n<p><strong>Ciencia y Cultura<\/strong><\/p>\n<p><u><a href=\"https:\/\/www.eldiario.es\/sociedad\/margarita-val-frente-covid-debemos-pensar-conductas-sencillas-efectos-potentes_1_6554722.html\">Margarita del Val: \u00abPrefiero estar preparada para varios a\u00f1os y que luego sea m\u00e1s corto\u00bb<\/a>&#8211;\u00a0<\/u>eldiario.es<\/p>\n<p><a href=\"https:\/\/www.google.com\/url?rct=j&amp;sa=t&amp;url=https:\/\/www.interempresas.net\/A321791&amp;ct=ga&amp;cd=CAEYAyoUMTY3Mzg4MTU3OTgzNzQ1NDE3NTkyGWMwMzcyZWJjMmZlYWRhNTk6ZXM6ZXM6RVM&amp;usg=AFQjCNER3zaCNXGu-_UK90HlhosIiPZH0A\">\u00c1frica en 3D, el proyecto para promover el liderazgo de la\u00a0mujer\u00a0africana en la investigaci\u00f3n &#8230;<\/a>&#8211;\u00a0Interempresas<\/p>\n<p><u><a href=\"https:\/\/www.google.com\/url?rct=j&amp;sa=t&amp;url=https:\/\/www.vanitatis.elconfidencial.com\/casas-reales\/2020-12-23\/maria-mercedes-borbon-la-brava-tragedia_2882951\/&amp;ct=ga&amp;cd=CAEYASoTMzY0NzgxMTUwNjE0NjA0NDA5ODIZYzAzNzJlYmMyZmVhZGE1OTplczplczpFUw&amp;usg=AFQjCNHzprDJ58unnimyTG4hX3H3QF2otA\">La tragedia que parti\u00f3 matem\u00e1ticamente en dos la vida de Mar\u00eda la Brava<\/a><\/u>&#8211;\u00a0Vanitatis<a href=\"https:\/\/www.google.com\/url?rct=j&amp;sa=t&amp;url=https:\/\/www.lavanguardia.com\/local\/sevilla\/20201222\/6141772\/tesis-doctoral-universidad-loyola-analiza-influencia-dibujos-animados-obesidad-infantil.html&amp;ct=ga&amp;cd=CAEYACoUMTY5Mzg0ODk5ODU2OTQ1NDIzMTMyGWNjNzk4NDFjNmVmMzRlYmY6ZXM6ZXM6RVM&amp;usg=AFQjCNE58eZyZwbF5fw2jtRq7vWk3j8vrw\"><br \/>\nUna tesis doctoral de la Universidad Loyola analiza la influencia de los dibujos animados en la &#8230;<\/a>&#8211;\u00a0La Vanguardia<\/p>\n<p><u><a href=\"https:\/\/lacontradejaen.com\/cine-asecan-premios-jaen\/\">Talento jiennense en las nominaciones de los Premios Asecan de cine<\/a><\/u>-lacontradejaen<\/p>\n<p><u><a href=\"https:\/\/elpais.com\/cultura\/2020-12-22\/recibo-constantes-llamadas-de-auxilio-desde-los-museos.html\">M\u00aa Dolores Jim\u00e9nez Blanco, directora general de Bellas Artes: \u201cRecibo constantes llamadas de auxilio desde los museos\u201d<\/a><\/u>\u00a0\u2013 El Pa\u00eds<\/p>\n<p><a href=\"https:\/\/elpais.com\/cultura\/2020-12-21\/el-museo-del-prado-nunca-cierra.html\">El Museo del Prado nunca cierra<\/a>\u2013 El Pa\u00eds<\/p>\n<p><u><a href=\"https:\/\/www.canarias7.es\/cultura\/mujeres-ganan-presencia-20201222193647-nt.html\">Las mujeres ganan presencia en el sector audiovisual canario pero la igualdad sigue lejos<\/a><\/u>-Canarias7.es<\/p>\n<p><strong>Deporte<\/strong><\/p>\n<p><u><a href=\"https:\/\/www.google.com\/url?rct=j&amp;sa=t&amp;url=https:\/\/www.europapress.es\/deportes\/noticia-consejo-ministros-aprueba-creacion-observatorio-igualdad-deporte-20201222155226.html&amp;ct=ga&amp;cd=CAEYAioTMTE5OTEwMzE4NjUyOTk0Njc4NTIZYzAzNzJlYmMyZmVhZGE1OTplczplczpFUw&amp;usg=AFQjCNGMfarVdD6FZWaTWRg3ScDLbU8fAQ\">El Consejo de Ministros aprueba la creaci\u00f3n del Observatorio de Igualdad en el Deporte<\/a><\/u>&#8211;\u00a0Europa Press<\/p>\n<p><u><a href=\"https:\/\/www.google.com\/url?rct=j&amp;sa=t&amp;url=https:\/\/www.marca.com\/atletismo\/san-silvestre-vallecana\/2020\/12\/22\/5fe09c21ca474138518b45ae.html&amp;ct=ga&amp;cd=CAEYByoTMTE5OTEwMzE4NjUyOTk0Njc4NTIZYzAzNzJlYmMyZmVhZGE1OTplczplczpFUw&amp;usg=AFQjCNHQJ3IroHpSIglV6fxU5AqKrsDtPQ\">Yulimar Rojas, Niko Shera y David G\u00f3mez, entre los &#8216;Silvestres del A\u00f1o 2020&#8217;<\/a><\/u>&#8211;\u00a0Marca.com<\/p>\n<p><u><a href=\"https:\/\/www.efe.com\/efe\/espana\/practicodeporte\/sandra-sanchez-despide-el-ano-con-un-record-guinness\/50000944-4426357\">Sandra S\u00e1nchez despide el a\u00f1o con un r\u00e9cord Guinness<\/a><\/u>&#8211;<a href=\"http:\/\/efe.com\/\">efe.com<\/a><u><a href=\"https:\/\/www.google.com\/url?rct=j&amp;sa=t&amp;url=https:\/\/www.mundodeportivo.com\/atletismo\/20201222\/491243948588\/yulimar-rojas-distinguida-con-el-silvestre-del-ano.html&amp;ct=ga&amp;cd=CAEYACoTNTQ1MzE4ODkzOTQ0MDk4MjQ3OTIZYzAzNzJlYmMyZmVhZGE1OTplczplczpFUw&amp;usg=AFQjCNGUrgpGMGHKpf3KXo5nCkpKwvEPaA\"><br \/>\nYulimar Rojas, distinguida con el &#8216;Silvestre del a\u00f1o&#8217;<\/a><\/u>&#8211;\u00a0Mundo Deportivo<\/p>\n<p>[\/toggle]<\/p>\n<p>[toggle type=\u00bbfirst\u00bb title=\u00bbInternacional\u00bb]<u> <\/u><\/p>\n<p><u><a href=\"https:\/\/www.mujeremprendedora.net\/ce-garantiza-excelencia-mejora-equilibrio-genero-arbitraje-comercial-inversiones\/\">La CE garantiza la excelencia y mejora el equilibrio de g\u00e9nero en el arbitraje comercial y de inversiones<\/a><\/u>&#8211; Mujeremprendedora.net<\/p>\n<p><a href=\"https:\/\/www.google.com\/url?rct=j&amp;sa=t&amp;url=https:\/\/www.milenio.com\/politica\/mujeres-en-gabinete-de-amlo-ellas-son-las-secretarias-en-el-gobierno&amp;ct=ga&amp;cd=CAEYASoUMTM4NzkzMDgyNzU2NTIyMDI4ODMyGzkxODg1N2NkNjBmOTc3NDg6ZXM6ZXM6RVM6TA&amp;usg=AFQjCNF4tyvBwAKAk4eQRRqLwsMYAoC_zw\">Ellas son las mujeres en el gabinete de AMLO; conoce su trayectoria<\/a>&#8211;\u00a0Milenio.com<\/p>\n<p><u><a href=\"https:\/\/www.google.com\/url?rct=j&amp;sa=t&amp;url=https:\/\/elcomercio.pe\/publirreportaje\/las-mujeres-millennials-en-el-peru-una-generacion-lista-para-tomar-el-mando-noticia\/&amp;ct=ga&amp;cd=CAEYBSoUMTU2MDEzMTU2NzAxMDgxNTY3NTQyGWMwMzcyZWJjMmZlYWRhNTk6ZXM6ZXM6RVM&amp;usg=AFQjCNElFz2kMs051ooxvQigmgN6OuS6Zg\">Las\u00a0mujeres\u00a0millennials en el Per\u00fa: una generaci\u00f3n lista para tomar el mando<\/a><\/u>&#8211;\u00a0El Comercio<a href=\"https:\/\/www.google.com\/url?rct=j&amp;sa=t&amp;url=https:\/\/www.eltiempo.com\/politica\/gobierno\/alicia-arango-sera-embajadora-ante-la-onu-en-ginebra-suiza-556402&amp;ct=ga&amp;cd=CAEYBCoUMTMwNDk1NDYyNTE1NTc5MDk4OTQyGWMwMzcyZWJjMmZlYWRhNTk6ZXM6ZXM6RVM&amp;usg=AFQjCNFopIpqu8fvTMRZi2cAY0QsN7NTSA\"><br \/>\nAlicia Arango ser\u00e1 embajadora ante la ONU en Ginebra, Suiza<\/a>&#8211;\u00a0ElTiempo.com<\/p>\n<p><a href=\"https:\/\/www.google.com\/url?rct=j&amp;sa=t&amp;url=https:\/\/elperiodicocr.com\/marcela-guerrero-sera-la-nueva-presidenta-del-inamu\/&amp;ct=ga&amp;cd=CAEYACoUMTMzNjgzNTY1NTE4NDUwNjgwNTYyGWMwMzcyZWJjMmZlYWRhNTk6ZXM6ZXM6RVM&amp;usg=AFQjCNHkRPOGbvWPFJEbMcx-AIkj16fRwg\">Marcela Guerrero ser\u00e1 la nueva presidenta del INAMU<\/a>&#8211;\u00a0elperiodicocr.com<\/p>\n<p><u><a href=\"https:\/\/www.google.com\/url?rct=j&amp;sa=t&amp;url=https:\/\/elpais.com\/mexico\/sociedad\/2020-12-21\/leticia-bonifaz-la-violencia-de-genero-ha-subido-mas-en-el-espacio-publico-es-preocupante.html&amp;ct=ga&amp;cd=CAEYAioUMTU2MDEzMTU2NzAxMDgxNTY3NTQyGWMwMzcyZWJjMmZlYWRhNTk6ZXM6ZXM6RVM&amp;usg=AFQjCNEg_BodE-niZansWIPo9pmykwwkQg\">Leticia Bonifaz: \u201cLa violencia de g\u00e9nero ha subido m\u00e1s en el espacio p\u00fablico, es preocupante\u201d<\/a>&#8211;<\/u>\u00a0El Pa\u00eds<\/p>\n<p><a href=\"https:\/\/www.google.com\/url?rct=j&amp;sa=t&amp;url=https:\/\/andina.pe\/agencia\/noticia-atencion-cientifica-postula-aqui-al-concurso-mujeres-la-ciencia-latinoamerica-827088.aspx&amp;ct=ga&amp;cd=CAEYASoUMTIyNzcxNjY5NzUzMTcwMjIxOTEyGWMwMzcyZWJjMmZlYWRhNTk6ZXM6ZXM6RVM&amp;usg=AFQjCNGz7AnZW864FSfPkqe4r3pHZsMQaw\">\u00a1Atenci\u00f3n, cient\u00edfica! Postula aqu\u00ed al concurso \u00abMujeres en\u00a0la ciencia Latinoam\u00e9rica\u00bb<\/a>&#8211;\u00a0Agencia Andina<\/p>\n<p><u><a href=\"https:\/\/www.eldiario.es\/cultura\/pippi-calzaslargas-nina-transgresora-incomodaba-franquismo-convirtio-icono-feminista-cumple-75-anos_1_6524199.html\">Pippi Calzaslargas, la ni\u00f1a transgresora que incomod\u00f3 al franquismo y que se convirti\u00f3 en icono feminista, cumple 75 a\u00f1os<\/a><\/u>&#8211;\u00a0<a href=\"http:\/\/eldiario.es\/\">eldiario.es<\/a><\/p>\n<p><a href=\"https:\/\/elpais.com\/cultura\/2020-12-22\/washington-contara-con-un-museo-hispano-y-otro-para-la-mujer-americana.html\">Washington contar\u00e1 con un museo latino y otro para la mujer americana<\/a>\u00a0\u2013 El Pa\u00eds<\/p>\n<p>[\/toggle]<\/p>\n<\/div>\n<\/div>\n<\/div>\n<\/div>\n<\/div>\n<\/div>\n","protected":false},"excerpt":{"rendered":"<p>Montero: \u00ab2021 ser\u00e1 un a\u00f1o clave para la implementaci\u00f3n de <a href=\"https:\/\/cklcomunicaciones.es\/coop\/noticias-info-ckl-no-2-532-23-12-20\/\">[&#8230;]<\/a><\/p>\n","protected":false},"author":3,"featured_media":0,"comment_status":"closed","ping_status":"closed","sticky":false,"template":"","format":"standard","meta":{"footnotes":""},"categories":[298,623],"tags":[177,219],"class_list":["post-15182","post","type-post","status-publish","format-standard","hentry","category-newsletter","category-nwl-2-0","tag-feminismo","tag-perspectiva-de-genero"],"yoast_head":"<!-- This site is optimized with the Yoast SEO plugin v27.5 - https:\/\/yoast.com\/product\/yoast-seo-wordpress\/ -->\n<title>Noticias Info CKL n\u00ba 2.532-23\/12\/20-Comunicar con perspectiva de g\u00e9nero<\/title>\n<meta name=\"description\" content=\"Comunicar con perspectiva de g\u00e9nero: Montero: &quot;2021 ser\u00e1 un a\u00f1o clave para la implementaci\u00f3n de las pol\u00edticas p\u00fablicas feministas&quot;-Mar\u00eda S\u00e1nchez, VI Premio Rosario Valpuesta-El Observatorio de Igualdad en el Deporte recibe luz verde-Pippi, 75 a\u00f1os\" \/>\n<meta name=\"robots\" content=\"index, follow, max-snippet:-1, max-image-preview:large, max-video-preview:-1\" \/>\n<link rel=\"canonical\" href=\"https:\/\/cklcomunicaciones.es\/coop\/noticias-info-ckl-no-2-532-23-12-20\/\" \/>\n<meta property=\"og:locale\" content=\"es_ES\" \/>\n<meta property=\"og:type\" content=\"article\" \/>\n<meta property=\"og:title\" content=\"Noticias Info CKL n\u00ba 2.532-23\/12\/20-Comunicar con perspectiva de g\u00e9nero\" \/>\n<meta property=\"og:description\" content=\"Comunicar con perspectiva de g\u00e9nero: Montero: &quot;2021 ser\u00e1 un a\u00f1o clave para la implementaci\u00f3n de las pol\u00edticas p\u00fablicas feministas&quot;-Mar\u00eda S\u00e1nchez, VI Premio Rosario Valpuesta-El Observatorio de Igualdad en el Deporte recibe luz verde-Pippi, 75 a\u00f1os\" \/>\n<meta property=\"og:url\" content=\"https:\/\/cklcomunicaciones.es\/coop\/noticias-info-ckl-no-2-532-23-12-20\/\" \/>\n<meta property=\"og:site_name\" content=\"CKL Comunicaciones\" \/>\n<meta property=\"article:published_time\" content=\"2020-12-23T13:51:56+00:00\" \/>\n<meta property=\"article:modified_time\" content=\"2025-01-17T15:47:22+00:00\" \/>\n<meta property=\"og:image\" content=\"https:\/\/cklcomunicaciones.es\/coop\/wp-content\/uploads\/2018\/03\/CKL_comunicacion-con-perspetiva-de-genero.jpg\" \/>\n\t<meta property=\"og:image:width\" content=\"500\" \/>\n\t<meta property=\"og:image:height\" content=\"500\" \/>\n\t<meta property=\"og:image:type\" content=\"image\/jpeg\" \/>\n<meta name=\"author\" content=\"ckl\" \/>\n<meta name=\"twitter:card\" content=\"summary_large_image\" \/>\n<meta name=\"twitter:label1\" content=\"Escrito por\" \/>\n\t<meta name=\"twitter:data1\" content=\"ckl\" \/>\n\t<meta name=\"twitter:label2\" content=\"Tiempo de lectura\" \/>\n\t<meta name=\"twitter:data2\" content=\"7 minutos\" \/>\n<script type=\"application\/ld+json\" class=\"yoast-schema-graph\">{\"@context\":\"https:\\\/\\\/schema.org\",\"@graph\":[{\"@type\":\"Article\",\"@id\":\"https:\\\/\\\/cklcomunicaciones.es\\\/coop\\\/noticias-info-ckl-no-2-532-23-12-20\\\/#article\",\"isPartOf\":{\"@id\":\"https:\\\/\\\/cklcomunicaciones.es\\\/coop\\\/noticias-info-ckl-no-2-532-23-12-20\\\/\"},\"author\":{\"name\":\"ckl\",\"@id\":\"https:\\\/\\\/cklcomunicaciones.es\\\/coop\\\/#\\\/schema\\\/person\\\/929a6837f7626450bbb50cee1aef266e\"},\"headline\":\"Noticias Info CKL n\u00ba 2.532-23\\\/12\\\/20\",\"datePublished\":\"2020-12-23T13:51:56+00:00\",\"dateModified\":\"2025-01-17T15:47:22+00:00\",\"mainEntityOfPage\":{\"@id\":\"https:\\\/\\\/cklcomunicaciones.es\\\/coop\\\/noticias-info-ckl-no-2-532-23-12-20\\\/\"},\"wordCount\":1338,\"image\":{\"@id\":\"https:\\\/\\\/cklcomunicaciones.es\\\/coop\\\/noticias-info-ckl-no-2-532-23-12-20\\\/#primaryimage\"},\"thumbnailUrl\":\"http:\\\/\\\/www.cklcomunicaciones.es\\\/wp-content\\\/uploads\\\/2018\\\/03\\\/CKL_comunicacion-con-perspetiva-de-genero-300x300.jpg\",\"keywords\":[\"feminismo\",\"perspectiva de g\u00e9nero\"],\"articleSection\":[\"Newsletter\",\"Nwl v2.0\"],\"inLanguage\":\"es\"},{\"@type\":\"WebPage\",\"@id\":\"https:\\\/\\\/cklcomunicaciones.es\\\/coop\\\/noticias-info-ckl-no-2-532-23-12-20\\\/\",\"url\":\"https:\\\/\\\/cklcomunicaciones.es\\\/coop\\\/noticias-info-ckl-no-2-532-23-12-20\\\/\",\"name\":\"Noticias Info CKL n\u00ba 2.532-23\\\/12\\\/20-Comunicar con perspectiva de g\u00e9nero\",\"isPartOf\":{\"@id\":\"https:\\\/\\\/cklcomunicaciones.es\\\/coop\\\/#website\"},\"primaryImageOfPage\":{\"@id\":\"https:\\\/\\\/cklcomunicaciones.es\\\/coop\\\/noticias-info-ckl-no-2-532-23-12-20\\\/#primaryimage\"},\"image\":{\"@id\":\"https:\\\/\\\/cklcomunicaciones.es\\\/coop\\\/noticias-info-ckl-no-2-532-23-12-20\\\/#primaryimage\"},\"thumbnailUrl\":\"http:\\\/\\\/www.cklcomunicaciones.es\\\/wp-content\\\/uploads\\\/2018\\\/03\\\/CKL_comunicacion-con-perspetiva-de-genero-300x300.jpg\",\"datePublished\":\"2020-12-23T13:51:56+00:00\",\"dateModified\":\"2025-01-17T15:47:22+00:00\",\"author\":{\"@id\":\"https:\\\/\\\/cklcomunicaciones.es\\\/coop\\\/#\\\/schema\\\/person\\\/929a6837f7626450bbb50cee1aef266e\"},\"description\":\"Comunicar con perspectiva de g\u00e9nero: Montero: \\\"2021 ser\u00e1 un a\u00f1o clave para la implementaci\u00f3n de las pol\u00edticas p\u00fablicas feministas\\\"-Mar\u00eda S\u00e1nchez, VI Premio Rosario Valpuesta-El Observatorio de Igualdad en el Deporte recibe luz verde-Pippi, 75 a\u00f1os\",\"breadcrumb\":{\"@id\":\"https:\\\/\\\/cklcomunicaciones.es\\\/coop\\\/noticias-info-ckl-no-2-532-23-12-20\\\/#breadcrumb\"},\"inLanguage\":\"es\",\"potentialAction\":[{\"@type\":\"ReadAction\",\"target\":[\"https:\\\/\\\/cklcomunicaciones.es\\\/coop\\\/noticias-info-ckl-no-2-532-23-12-20\\\/\"]}]},{\"@type\":\"ImageObject\",\"inLanguage\":\"es\",\"@id\":\"https:\\\/\\\/cklcomunicaciones.es\\\/coop\\\/noticias-info-ckl-no-2-532-23-12-20\\\/#primaryimage\",\"url\":\"http:\\\/\\\/www.cklcomunicaciones.es\\\/wp-content\\\/uploads\\\/2018\\\/03\\\/CKL_comunicacion-con-perspetiva-de-genero-300x300.jpg\",\"contentUrl\":\"http:\\\/\\\/www.cklcomunicaciones.es\\\/wp-content\\\/uploads\\\/2018\\\/03\\\/CKL_comunicacion-con-perspetiva-de-genero-300x300.jpg\"},{\"@type\":\"BreadcrumbList\",\"@id\":\"https:\\\/\\\/cklcomunicaciones.es\\\/coop\\\/noticias-info-ckl-no-2-532-23-12-20\\\/#breadcrumb\",\"itemListElement\":[{\"@type\":\"ListItem\",\"position\":1,\"name\":\"Portada\",\"item\":\"https:\\\/\\\/cklcomunicaciones.es\\\/coop\\\/\"},{\"@type\":\"ListItem\",\"position\":2,\"name\":\"Noticias Info CKL n\u00ba 2.532-23\\\/12\\\/20\"}]},{\"@type\":\"WebSite\",\"@id\":\"https:\\\/\\\/cklcomunicaciones.es\\\/coop\\\/#website\",\"url\":\"https:\\\/\\\/cklcomunicaciones.es\\\/coop\\\/\",\"name\":\"CKL Comunicaciones\",\"description\":\"Sitio web de CKL Comunicaciones coop , la consultora de comunicaci\u00f3n y estrategia\",\"potentialAction\":[{\"@type\":\"SearchAction\",\"target\":{\"@type\":\"EntryPoint\",\"urlTemplate\":\"https:\\\/\\\/cklcomunicaciones.es\\\/coop\\\/?s={search_term_string}\"},\"query-input\":{\"@type\":\"PropertyValueSpecification\",\"valueRequired\":true,\"valueName\":\"search_term_string\"}}],\"inLanguage\":\"es\"},{\"@type\":\"Person\",\"@id\":\"https:\\\/\\\/cklcomunicaciones.es\\\/coop\\\/#\\\/schema\\\/person\\\/929a6837f7626450bbb50cee1aef266e\",\"name\":\"ckl\",\"image\":{\"@type\":\"ImageObject\",\"inLanguage\":\"es\",\"@id\":\"https:\\\/\\\/secure.gravatar.com\\\/avatar\\\/c82db564e8a669bf6023357a157b9dc4780f4d4c618f2ad1d71a6a5dede45057?s=96&d=mm&r=g\",\"url\":\"https:\\\/\\\/secure.gravatar.com\\\/avatar\\\/c82db564e8a669bf6023357a157b9dc4780f4d4c618f2ad1d71a6a5dede45057?s=96&d=mm&r=g\",\"contentUrl\":\"https:\\\/\\\/secure.gravatar.com\\\/avatar\\\/c82db564e8a669bf6023357a157b9dc4780f4d4c618f2ad1d71a6a5dede45057?s=96&d=mm&r=g\",\"caption\":\"ckl\"},\"url\":\"https:\\\/\\\/cklcomunicaciones.es\\\/coop\\\/author\\\/cklcomunicaciones\\\/\"}]}<\/script>\n<!-- \/ Yoast SEO plugin. -->","yoast_head_json":{"title":"Noticias Info CKL n\u00ba 2.532-23\/12\/20-Comunicar con perspectiva de g\u00e9nero","description":"Comunicar con perspectiva de g\u00e9nero: Montero: \"2021 ser\u00e1 un a\u00f1o clave para la implementaci\u00f3n de las pol\u00edticas p\u00fablicas feministas\"-Mar\u00eda S\u00e1nchez, VI Premio Rosario Valpuesta-El Observatorio de Igualdad en el Deporte recibe luz verde-Pippi, 75 a\u00f1os","robots":{"index":"index","follow":"follow","max-snippet":"max-snippet:-1","max-image-preview":"max-image-preview:large","max-video-preview":"max-video-preview:-1"},"canonical":"https:\/\/cklcomunicaciones.es\/coop\/noticias-info-ckl-no-2-532-23-12-20\/","og_locale":"es_ES","og_type":"article","og_title":"Noticias Info CKL n\u00ba 2.532-23\/12\/20-Comunicar con perspectiva de g\u00e9nero","og_description":"Comunicar con perspectiva de g\u00e9nero: Montero: \"2021 ser\u00e1 un a\u00f1o clave para la implementaci\u00f3n de las pol\u00edticas p\u00fablicas feministas\"-Mar\u00eda S\u00e1nchez, VI Premio Rosario Valpuesta-El Observatorio de Igualdad en el Deporte recibe luz verde-Pippi, 75 a\u00f1os","og_url":"https:\/\/cklcomunicaciones.es\/coop\/noticias-info-ckl-no-2-532-23-12-20\/","og_site_name":"CKL Comunicaciones","article_published_time":"2020-12-23T13:51:56+00:00","article_modified_time":"2025-01-17T15:47:22+00:00","og_image":[{"width":500,"height":500,"url":"https:\/\/cklcomunicaciones.es\/coop\/wp-content\/uploads\/2018\/03\/CKL_comunicacion-con-perspetiva-de-genero.jpg","type":"image\/jpeg"}],"author":"ckl","twitter_card":"summary_large_image","twitter_misc":{"Escrito por":"ckl","Tiempo de lectura":"7 minutos"},"schema":{"@context":"https:\/\/schema.org","@graph":[{"@type":"Article","@id":"https:\/\/cklcomunicaciones.es\/coop\/noticias-info-ckl-no-2-532-23-12-20\/#article","isPartOf":{"@id":"https:\/\/cklcomunicaciones.es\/coop\/noticias-info-ckl-no-2-532-23-12-20\/"},"author":{"name":"ckl","@id":"https:\/\/cklcomunicaciones.es\/coop\/#\/schema\/person\/929a6837f7626450bbb50cee1aef266e"},"headline":"Noticias Info CKL n\u00ba 2.532-23\/12\/20","datePublished":"2020-12-23T13:51:56+00:00","dateModified":"2025-01-17T15:47:22+00:00","mainEntityOfPage":{"@id":"https:\/\/cklcomunicaciones.es\/coop\/noticias-info-ckl-no-2-532-23-12-20\/"},"wordCount":1338,"image":{"@id":"https:\/\/cklcomunicaciones.es\/coop\/noticias-info-ckl-no-2-532-23-12-20\/#primaryimage"},"thumbnailUrl":"http:\/\/www.cklcomunicaciones.es\/wp-content\/uploads\/2018\/03\/CKL_comunicacion-con-perspetiva-de-genero-300x300.jpg","keywords":["feminismo","perspectiva de g\u00e9nero"],"articleSection":["Newsletter","Nwl v2.0"],"inLanguage":"es"},{"@type":"WebPage","@id":"https:\/\/cklcomunicaciones.es\/coop\/noticias-info-ckl-no-2-532-23-12-20\/","url":"https:\/\/cklcomunicaciones.es\/coop\/noticias-info-ckl-no-2-532-23-12-20\/","name":"Noticias Info CKL n\u00ba 2.532-23\/12\/20-Comunicar con perspectiva de g\u00e9nero","isPartOf":{"@id":"https:\/\/cklcomunicaciones.es\/coop\/#website"},"primaryImageOfPage":{"@id":"https:\/\/cklcomunicaciones.es\/coop\/noticias-info-ckl-no-2-532-23-12-20\/#primaryimage"},"image":{"@id":"https:\/\/cklcomunicaciones.es\/coop\/noticias-info-ckl-no-2-532-23-12-20\/#primaryimage"},"thumbnailUrl":"http:\/\/www.cklcomunicaciones.es\/wp-content\/uploads\/2018\/03\/CKL_comunicacion-con-perspetiva-de-genero-300x300.jpg","datePublished":"2020-12-23T13:51:56+00:00","dateModified":"2025-01-17T15:47:22+00:00","author":{"@id":"https:\/\/cklcomunicaciones.es\/coop\/#\/schema\/person\/929a6837f7626450bbb50cee1aef266e"},"description":"Comunicar con perspectiva de g\u00e9nero: Montero: \"2021 ser\u00e1 un a\u00f1o clave para la implementaci\u00f3n de las pol\u00edticas p\u00fablicas feministas\"-Mar\u00eda S\u00e1nchez, VI Premio Rosario Valpuesta-El Observatorio de Igualdad en el Deporte recibe luz verde-Pippi, 75 a\u00f1os","breadcrumb":{"@id":"https:\/\/cklcomunicaciones.es\/coop\/noticias-info-ckl-no-2-532-23-12-20\/#breadcrumb"},"inLanguage":"es","potentialAction":[{"@type":"ReadAction","target":["https:\/\/cklcomunicaciones.es\/coop\/noticias-info-ckl-no-2-532-23-12-20\/"]}]},{"@type":"ImageObject","inLanguage":"es","@id":"https:\/\/cklcomunicaciones.es\/coop\/noticias-info-ckl-no-2-532-23-12-20\/#primaryimage","url":"http:\/\/www.cklcomunicaciones.es\/wp-content\/uploads\/2018\/03\/CKL_comunicacion-con-perspetiva-de-genero-300x300.jpg","contentUrl":"http:\/\/www.cklcomunicaciones.es\/wp-content\/uploads\/2018\/03\/CKL_comunicacion-con-perspetiva-de-genero-300x300.jpg"},{"@type":"BreadcrumbList","@id":"https:\/\/cklcomunicaciones.es\/coop\/noticias-info-ckl-no-2-532-23-12-20\/#breadcrumb","itemListElement":[{"@type":"ListItem","position":1,"name":"Portada","item":"https:\/\/cklcomunicaciones.es\/coop\/"},{"@type":"ListItem","position":2,"name":"Noticias Info CKL n\u00ba 2.532-23\/12\/20"}]},{"@type":"WebSite","@id":"https:\/\/cklcomunicaciones.es\/coop\/#website","url":"https:\/\/cklcomunicaciones.es\/coop\/","name":"CKL Comunicaciones","description":"Sitio web de CKL Comunicaciones coop , la consultora de comunicaci\u00f3n y estrategia","potentialAction":[{"@type":"SearchAction","target":{"@type":"EntryPoint","urlTemplate":"https:\/\/cklcomunicaciones.es\/coop\/?s={search_term_string}"},"query-input":{"@type":"PropertyValueSpecification","valueRequired":true,"valueName":"search_term_string"}}],"inLanguage":"es"},{"@type":"Person","@id":"https:\/\/cklcomunicaciones.es\/coop\/#\/schema\/person\/929a6837f7626450bbb50cee1aef266e","name":"ckl","image":{"@type":"ImageObject","inLanguage":"es","@id":"https:\/\/secure.gravatar.com\/avatar\/c82db564e8a669bf6023357a157b9dc4780f4d4c618f2ad1d71a6a5dede45057?s=96&d=mm&r=g","url":"https:\/\/secure.gravatar.com\/avatar\/c82db564e8a669bf6023357a157b9dc4780f4d4c618f2ad1d71a6a5dede45057?s=96&d=mm&r=g","contentUrl":"https:\/\/secure.gravatar.com\/avatar\/c82db564e8a669bf6023357a157b9dc4780f4d4c618f2ad1d71a6a5dede45057?s=96&d=mm&r=g","caption":"ckl"},"url":"https:\/\/cklcomunicaciones.es\/coop\/author\/cklcomunicaciones\/"}]}},"_links":{"self":[{"href":"https:\/\/cklcomunicaciones.es\/coop\/wp-json\/wp\/v2\/posts\/15182","targetHints":{"allow":["GET"]}}],"collection":[{"href":"https:\/\/cklcomunicaciones.es\/coop\/wp-json\/wp\/v2\/posts"}],"about":[{"href":"https:\/\/cklcomunicaciones.es\/coop\/wp-json\/wp\/v2\/types\/post"}],"author":[{"embeddable":true,"href":"https:\/\/cklcomunicaciones.es\/coop\/wp-json\/wp\/v2\/users\/3"}],"replies":[{"embeddable":true,"href":"https:\/\/cklcomunicaciones.es\/coop\/wp-json\/wp\/v2\/comments?post=15182"}],"version-history":[{"count":0,"href":"https:\/\/cklcomunicaciones.es\/coop\/wp-json\/wp\/v2\/posts\/15182\/revisions"}],"wp:attachment":[{"href":"https:\/\/cklcomunicaciones.es\/coop\/wp-json\/wp\/v2\/media?parent=15182"}],"wp:term":[{"taxonomy":"category","embeddable":true,"href":"https:\/\/cklcomunicaciones.es\/coop\/wp-json\/wp\/v2\/categories?post=15182"},{"taxonomy":"post_tag","embeddable":true,"href":"https:\/\/cklcomunicaciones.es\/coop\/wp-json\/wp\/v2\/tags?post=15182"}],"curies":[{"name":"wp","href":"https:\/\/api.w.org\/{rel}","templated":true}]}}