{"id":15162,"date":"2020-12-02T13:05:53","date_gmt":"2020-12-02T12:05:53","guid":{"rendered":"http:\/\/www.cklcomunicaciones.es\/?p=15162"},"modified":"2025-01-17T16:47:24","modified_gmt":"2025-01-17T15:47:24","slug":"noticias-info-ckl-no-2-525-02-12-20","status":"publish","type":"post","link":"https:\/\/cklcomunicaciones.es\/coop\/noticias-info-ckl-no-2-525-02-12-20\/","title":{"rendered":"Noticias Info CKL n\u00ba 2.525-02\/12\/20"},"content":{"rendered":"<div id=\"pl-15162\"  class=\"panel-layout\" >\n<div id=\"pg-15162-0\"  class=\"panel-grid panel-no-style\"  data-style=\"{&quot;background_image_attachment&quot;:false,&quot;background_display&quot;:&quot;tile&quot;,&quot;cell_alignment&quot;:&quot;flex-start&quot;}\" >\n<div id=\"pgc-15162-0-0\"  class=\"panel-grid-cell\"  data-weight=\"1\" >\n<div id=\"panel-15162-0-0-0\" class=\"so-panel widget widget_sow-editor panel-first-child panel-last-child\" data-index=\"0\" data-style=\"{&quot;background_image_attachment&quot;:false,&quot;background_display&quot;:&quot;tile&quot;}\" >\n<div class=\"so-widget-sow-editor so-widget-sow-editor-base\">\n<div class=\"siteorigin-widget-tinymce textwidget\">\n<p><img decoding=\"async\" class=\"lazyload  wp-image-13726\" src=\"http:\/\/www.cklcomunicaciones.es\/wp-content\/uploads\/2018\/03\/CKL_comunicacion-con-perspetiva-de-genero-300x300.jpg\" data-orig-src=\"http:\/\/www.cklcomunicaciones.es\/wp-content\/uploads\/2018\/03\/CKL_comunicacion-con-perspetiva-de-genero-300x300.jpg\" alt=\"CKL_comunicacion con perspetiva de genero\" width=\"132\" height=\"132\" srcset=\"data:image\/svg+xml,%3Csvg%20xmlns%3D%27http%3A%2F%2Fwww.w3.org%2F2000%2Fsvg%27%20width%3D%27132%27%20height%3D%27132%27%20viewBox%3D%270%200%20132%20132%27%3E%3Crect%20width%3D%27132%27%20height%3D%27132%27%20fill-opacity%3D%220%22%2F%3E%3C%2Fsvg%3E\" data-srcset=\"https:\/\/cklcomunicaciones.es\/coop\/wp-content\/uploads\/2018\/03\/CKL_comunicacion-con-perspetiva-de-genero-150x150.jpg 150w, https:\/\/cklcomunicaciones.es\/coop\/wp-content\/uploads\/2018\/03\/CKL_comunicacion-con-perspetiva-de-genero-300x300.jpg 300w, https:\/\/cklcomunicaciones.es\/coop\/wp-content\/uploads\/2018\/03\/CKL_comunicacion-con-perspetiva-de-genero-450x450.jpg 450w, https:\/\/cklcomunicaciones.es\/coop\/wp-content\/uploads\/2018\/03\/CKL_comunicacion-con-perspetiva-de-genero.jpg 500w\" data-sizes=\"auto\" data-orig-sizes=\"(max-width: 132px) 100vw, 132px\" \/><\/p>\n<p id=\":1k4\" class=\"hP\" tabindex=\"-1\" data-thread-perm-id=\"thread-f:1684967262357993087\" data-legacy-thread-id=\"176234cc3b02b67f\"><strong>La exigua cuota femenina al mando-Denuncias y v\u00edctimas por la violencia de g\u00e9nero vuelven a niveles previos al confinamiento-Olvida<wbr><\/wbr>das, ninguneadas, \u201cdepuradas\u201d: las mujeres pioneras de la arquitectura en Espa\u00f1a<\/strong><\/p>\n<p>[toggle type=\u00bbfirst\u00bb title=\u00bbConvocatorias\u00bb]<\/p>\n<ul>\n<li>Jornada: &#8216;La incidencia de la publicidad en la adquisici\u00f3n de juegos y juguetes&#8217;<u> . <\/u>Organiza Instituto Andaluz de la Mujer. 3 de diciembre a las 11.30h<\/li>\n<li><a href=\"https:\/\/juntadeandalucia.es\/boja\/2020\/230\/2\">Subvenciones en r\u00e9gimen de concurrencia competitiva a entidades sin \u00e1nimo de lucro para la atenci\u00f3n a mujeres en situaci\u00f3n de riesgo de exclusi\u00f3n social y especialmente vulnerables ante la violencia de g\u00e9nero para 2021<\/a>. Instituto Andaluz de la Mujer. Plazo de presentaci\u00f3n de solicitudes 30 d\u00edas naturales a partir del 28 de noviembre de 2020<\/li>\n<li>Actividad formativa &#8216;Atenci\u00f3n e intervenci\u00f3n con familiares de mujeres v\u00edctimas de violencia de g\u00e9nero&#8217;. Instituto Andaluz de la Mujer. De 9:30 a 14:30 h. en todas las provincias. Almer\u00eda, 1 diciembre a trav\u00e9s de este <a href=\"https:\/\/eu.yourcircuit.com\/guest?token=14e8ba9d-cd34-4f03-8e06-bf678b9587da\">enlace<\/a>; Ja\u00e9n, 2 de diciembre a trav\u00e9s de este <a href=\"https:\/\/eu.yourcircuit.com\/guest?token=b54dd563-95aa-43ae-8fb5-12417ad2cfa8\">enlace<\/a>; Granada, 3 de diciembre a trav\u00e9s de este <a href=\"https:\/\/eu.yourcircuit.com\/guest?token=2183cac9-9179-45d7-9c62-4adf68578073\">enlace<\/a>; M\u00e1laga, 9 de diciembre a trav\u00e9s de este <a href=\"https:\/\/eu.yourcircuit.com\/guest?token=91331b0c-77a6-482d-9c34-c0ef62e987f4\">enlace<\/a>; Sevilla, 11 de diciembre a trav\u00e9s de este <a href=\"https:\/\/eu.yourcircuit.com\/guest?token=31fff5c8-27ed-4777-9a92-33ecc6bef134\">enlace<\/a>; Huelva, 14 de diciembre a trav\u00e9s de este <a href=\"https:\/\/eu.yourcircuit.com\/guest?token=ae4fee36-b209-410e-8566-99dca3916424\">enlace<\/a>; C\u00e1diz, 16 de diciembre a trav\u00e9s de este <a href=\"https:\/\/eu.yourcircuit.com\/guest?token=c46bba5e-8164-4208-9fb7-5252cbdb9764\">enlace<\/a>; C\u00f3rdoba, 17 de diciembre a trav\u00e9s de este <a href=\"https:\/\/eu.yourcircuit.com\/guest?token=4935dd2a-de72-49e8-8f2b-81f23f9e667c\">enlace<\/a><\/li>\n<li>Exposici\u00f3n \u00abMindier di Guin\u00e9, la mirada de Guinea-Bissau\u00bb en el Centro C\u00edvico del Aguila (c\/ Salvador T\u00e1vora, 1). Organiza ACPP Andaluc\u00eda y Ayuntamiento de Sevilla. Del 1 al 16 de diciembre. De 9:00 a 15:00h. <a href=\"https:\/\/www.facebook.com\/ACPPandalucia\/photos\/pcb.3646652138727701\/3646647718728143\/\">https:\/\/www.facebook.com\/ACPPandalucia\/photos\/pcb.3646652138727701\/3646647718728143\/<\/a><\/li>\n<\/ul>\n<p><strong>\u00a0<\/strong>[\/toggle]<\/p>\n<p>[toggle type=\u00bbfirst\u00bb title=\u00bbComunicaci\u00f3n\u00bb]<\/p>\n<p><a href=\"https:\/\/www.eldiario.es\/conectados\/rosa-montero-la-buena-suerte-charla-ignacio-escolar-entrevista_1_6469371.html\">Rosa Montero: \u00abMe asquea el tema de Maradona y la necesidad de hacer santo a quien no lo es\u00bb<\/a>-eldiario.es<\/p>\n<p><a href=\"https:\/\/www.eldiario.es\/andalucia\/sevilla\/aps-mala-praxis-imagen-musulmanas-terrorismo_1_6472172.html\">La Asociaci\u00f3n de la Prensa de Sevilla denuncia el uso de la imagen de musulmanes para ilustrar una noticia de terrorismo yihadista<\/a>&#8211; eldiario.es<\/p>\n<p><a href=\"https:\/\/www.google.com\/url?rct=j&amp;sa=t&amp;url=https:\/\/amecopress.net\/Jornada-La-incidencia-de-la-publicidad-en-la-adquisicion-de-juegos-y-juguetes&amp;ct=ga&amp;cd=CAEYACoTODM5NzU4OTU0OTQ1MjkyNzA2MTIZYzUxZTUzMzZhZjZjNDMwNTplczplczpFUw&amp;usg=AFQjCNFOT9oeovrxlOf0-VwHbypC4pjGzg\">Jornada: &#8216;La incidencia de la publicidad en la adquisici\u00f3n de juegos y juguetes&#8217; <\/a>&#8211; Ameco Press<\/p>\n<p><a href=\"https:\/\/www.google.com\/url?rct=j&amp;sa=t&amp;url=https:\/\/www.diariodesevilla.es\/vivirensevilla\/Reporteros-Espana-campana-juguetes-Cruz-Roja_0_1524747812.html&amp;ct=ga&amp;cd=CAEYAyoUMTUyODc4ODM3NDk2NzI0MDcxNTYyGTFkYzViZWNjNzA2ZWNmOGI6ZXM6ZXM6RVM&amp;usg=AFQjCNFXiqRoMRNbQ-IRSw-dyIcHfLhjiw\">Reporteros de toda Espa\u00f1a se unen a la campa\u00f1a de recogida de juguetes de Cruz Roja <\/a>&#8211; Diario de Sevilla<\/p>\n<p><a href=\"https:\/\/www.google.com\/url?rct=j&amp;sa=t&amp;url=https:\/\/www.elcorreo.com\/sociedad\/palabras-deberias-saber-20201130121024-nt.html&amp;ct=ga&amp;cd=CAEYDyoTNzkzNzMwNTQ2MjY1MzA2ODI5NzIZYzAzNzJlYmMyZmVhZGE1OTplczplczpFUw&amp;usg=AFQjCNGoF-cmA0KBlAmeWl7bEJd021KICg\">Todas las palabras que deber\u00edas saber sobre feminismo, ahora en euskera <\/a>&#8211; El Correo<\/p>\n<p><a href=\"https:\/\/elpais.com\/television\/2020-12-02\/la-ser-consolida-su-liderazgo-con-el-mejor-resultado-en-tres-anos.html\">La SER consolida su liderazgo con el mejor resultado en tres a\u00f1os<\/a>&#8211; El Pa\u00eds<\/p>\n<p><a href=\"https:\/\/www.eldiario.es\/tecnologia\/brecha-digital-no-cierra-habilidades-22-espanoles-no-buscar-internet_1_6472196.html\">La brecha digital que no se cierra: m\u00e1s de un 20% de espa\u00f1oles no busca en Internet ni manda emails<\/a>-eldiario.es<\/p>\n<p>[\/toggle]<\/p>\n<p>[toggle type=\u00bbfirst\u00bb title=\u00bbAndaluc\u00eda\u00bb]<\/p>\n<p><strong>Institucional<\/strong><\/p>\n<p><a href=\"https:\/\/www.canalsur.es\/radio\/andalucia-crea-una-ley-de-infancia-y-adolescencia-para-agilizar-la-acogida-de-menores-en-riesgo\/1657866.html\">Andaluc\u00eda crea una Ley de Infancia y Adolescencia para \u00abagilizar\u00bb la acogida de menores en riesgo<\/a>-canalsur.es<\/p>\n<p><strong>Econom\u00eda y Empresas<\/strong><\/p>\n<p><a href=\"https:\/\/www.faecta.coop\/index.php?id=14&amp;tx_ttnews%5Btt_news%5D=8463&amp;cHash=36ec3fad1cd939de9fdb79faed47b8fc\">COOPG\u00e9nero apoya a la incorporaci\u00f3n de la perspectiva de g\u00e9nero a las empresas de econom\u00eda social \u2026<\/a>-faecta.coop<\/p>\n<p><a href=\"https:\/\/www.mujeremprendedora.net\/almur-diputacion-almeria-revalidan-exito-jornadas-excelencia-empresarial\/\">ALMUR y la Diputaci\u00f3n de Almer\u00eda revalidan el \u00e9xito de las Jornadas de Excelencia Empresarial<\/a>&#8211; Mujeremprendedora.net<\/p>\n<p><a href=\"http:\/\/www.juntadeandalucia.es\/presidencia\/portavoz\/156503\/ConsejeriaTurismoRegeneracionJusticiaAdministracionLocal\/ConsejoGobierno\/bancoproyectos\/NextGeneration\">La Oficina de Fondos Europeos &#8216;Next Generation&#8217; valida 40 proyectos por importe de 7.000 millones<\/a>\u2013 Oficina del Portavoz<\/p>\n<p><a href=\"https:\/\/www.eldiario.es\/andalucia\/paro-sube-1-097-personas-noviembre-andalucia-966-504-desempleados_1_6474991.html\">El paro sube en 1.097 personas en noviembre en Andaluc\u00eda hasta los 966.504 desempleados<\/a>-eldiario.es<\/p>\n<p><strong>Actualidad<\/strong><\/p>\n<p><a href=\"https:\/\/www.google.com\/url?rct=j&amp;sa=t&amp;url=https:\/\/www.noticiasdealmeria.com\/el-iaj-entrega-2.400-preservativos-a-colega-y-medicos-del-mundo-para-su-reparto-en-mesas-contra-el-sida&amp;ct=ga&amp;cd=CAEYAioUMTQ1NTAzOTAwNzc2MDk2NjUwODMyGzlhYjFjZGQ3ZTM2NmVmMzg6ZXM6ZXM6RVM6Ug&amp;usg=AFQjCNGeH9lC2Zb3FtiYRDVzdUDQ6e946g\">El IAJ entrega 2.400 preservativos a Colega y M\u00e9dicos del Mundo para su reparto en mesas &#8230;- <\/a>Noticias de Almer\u00eda<\/p>\n<p><a href=\"https:\/\/www.google.com\/url?rct=j&amp;sa=t&amp;url=https:\/\/sientejerez.com\/igualdad-invita-a-romper-estereotipos-con-el-juego-como-herramienta-educativa\/&amp;ct=ga&amp;cd=CAEYAioUMTUyODc4ODM3NDk2NzI0MDcxNTYyGTFkYzViZWNjNzA2ZWNmOGI6ZXM6ZXM6RVM&amp;usg=AFQjCNGtC7OyguHzUsNUbwvAdKHUleaCzw\">Igualdad invita a romper estereotipos con el juego como herramienta educativa <\/a>&#8211; Siente Jerez<\/p>\n<p><a href=\"https:\/\/www.google.com\/url?rct=j&amp;sa=t&amp;url=https:\/\/andaluciainformacion.es\/sevilla\/935648\/la-diputacion-de-sevilla-rinde-un-homenaje-a-las-victimas-de-la-pandemia-del-sida\/&amp;ct=ga&amp;cd=CAEYASoUMTc2MjkzODk3NzE1NDc4Mzk1NTkyGTQ1YjFlOTgyOGJlYTcyYTk6ZXM6ZXM6RVM&amp;usg=AFQjCNGkBI-q9bImlk7-pKAamSc_QnFZ5g\">La Diputaci\u00f3n de Sevilla rinde un homenaje a las v\u00edctimas de la pandemia del Sida <\/a>&#8211; Andaluc\u00eda Informaci\u00f3n<\/p>\n<p><a href=\"https:\/\/sevilla.abc.es\/andalucia\/sevi-junta-andalucia-hara-test-y-hepatitis-todos-analisis-sangre-202012012307_noticia.html\">La Junta de Andaluc\u00eda har\u00e1 test de VIH y hepatitis con todos los an\u00e1lisis de sangre<\/a>-abcsevilla<\/p>\n<p><strong>Violencias<\/strong><\/p>\n<p><a href=\"https:\/\/www.google.com\/url?rct=j&amp;sa=t&amp;url=https:\/\/www.benalgo.es\/noticias\/solo-el-15-de-los-andaluces-contacto-con-la-policia-ante-un-caso-de-violencia-de-genero.html&amp;ct=ga&amp;cd=CAEYACoUMTQ1NTAzOTAwNzc2MDk2NjUwODMyGzlhYjFjZGQ3ZTM2NmVmMzg6ZXM6ZXM6RVM6Ug&amp;usg=AFQjCNHNFqn2KdkSjTHMKVZ-7nnsvDfWBg\">S\u00f3lo el 15% de los andaluces contact\u00f3 con la Polic\u00eda ante un caso de violencia de g\u00e9nero <\/a>-Contracr\u00f3nica.es<\/p>\n<p><a href=\"https:\/\/www.google.com\/url?rct=j&amp;sa=t&amp;url=https:\/\/m.europapress.es\/andalucia\/malaga-00356\/noticia-diputacion-malaga-caixabank-conciencian-violencia-genero-adolescentes-obra-barrio-paraiso-20201201140147.html&amp;ct=ga&amp;cd=CAEYACoTMTUzMjg3ODg0MTg4ODEwNzE5NTIZZTFlNzdkMTU2MDk4YThlMzplczplczpFUw&amp;usg=AFQjCNEwCdustTnuTb5JbzbzvB1dEYwDbg\">La Diputaci\u00f3n de M\u00e1laga y Caixabank conciencian sobre violencia de g\u00e9nero a adolescentes con &#8230; <\/a>&#8211; Europa Press<\/p>\n<p><strong>Ciencia y Cultura<\/strong><\/p>\n<p><a href=\"https:\/\/www.google.com\/url?rct=j&amp;sa=t&amp;url=https:\/\/www.diariocordoba.com\/noticias\/universidad\/master-pionero-ahonda-desarrollo-humano-sostenible_1400045.html&amp;ct=ga&amp;cd=CAEYASoTNDY4NzA1NTUyMTYxODI4NDQ3NjIbOTE4ODU3Y2Q2MGY5Nzc0ODplczplczpFUzpM&amp;usg=AFQjCNF2mAMKuyI5DSvl3gGPZxp9dQvuPg\">Un m\u00e1ster pionero ahonda en el desarrollo humano sostenible <\/a>&#8211; Diario C\u00f3rdoba<\/p>\n<p><a href=\"https:\/\/www.google.com\/url?rct=j&amp;sa=t&amp;url=https:\/\/www.diariocordoba.com\/noticias\/cordobalocal\/uco-10-anos-siendo-universidad-comercio-justo_1399757.html&amp;ct=ga&amp;cd=CAEYASoTNjczNDE2OTc2Nzc2OTQ3Nzg0MTIbOTE4ODU3Y2Q2MGY5Nzc0ODplczplczpFUzpM&amp;usg=AFQjCNEhswm7dmxcrW3-kWFjK_j19FYNgw\">La UCO, 10 a\u00f1os siendo una &#8216;Universidad por el Comercio Justo&#8217; <\/a>&#8211; Diario C\u00f3rdoba<\/p>\n<p><a href=\"https:\/\/www.cope.es\/actualidad\/cultura\/noticias\/andalucia-sevilla--riestra-premio-ateneo-sobre-espana-marruecos-nos-miramos-con-deseo-curiosidad-veces-con-miedo-20201201_1025214\">Blanca Riestra, Premio de Novela del Ateneo, sobre Espa\u00f1a y Marruecos: \u00abNos miramos con deseo, curiosidad y a veces con miedo\u00bb<\/a>-cope<\/p>\n<p><a href=\"http:\/\/www.juntadeandalucia.es\/presidencia\/portavoz\/156530\/ConsejeriadeCulturayPatrimonioHistorico\/PatriciadelPozo\/ProgramaciondelosmuseosandalucesenNavidad\">El Museo de Bellas Artes de Sevilla expondr\u00e1 durante las fiestas navide\u00f1as un Nacimiento de La Roldana<\/a> \u2013 Oficina del Portavoz<\/p>\n<p><a href=\"https:\/\/www.google.com\/url?rct=j&amp;sa=t&amp;url=https:\/\/www.diariodejerez.es\/ocio\/Escuela-Arte-Jerez-brilla-nuevo_0_1524448111.html&amp;ct=ga&amp;cd=CAEYASoUMTE1NjUxNjIxMDU4MzE1NTcxNTgyGWMwMzcyZWJjMmZlYWRhNTk6ZXM6ZXM6RVM&amp;usg=AFQjCNEEpaOuemFoRCTMr67o0Kqo0XmsgA\">La Escuela de Arte de Jerez brilla de nuevo <\/a>&#8211; Diario de Jerez<\/p>\n<p><a href=\"https:\/\/www.google.com\/url?rct=j&amp;sa=t&amp;url=https:\/\/www.diariodesevilla.es\/provincia\/candidatura-Italica-Patrimonio-Mundial-Unesco_0_1524747952.html&amp;ct=ga&amp;cd=CAEYByoUMTc2MjkzODk3NzE1NDc4Mzk1NTkyGTQ1YjFlOTgyOGJlYTcyYTk6ZXM6ZXM6RVM&amp;usg=AFQjCNGfDNnQpBPgunlp9VzIeStsM10q8g\">La candidatura de It\u00e1lica sigue avanzando para ser Patrimonio Mundial de la Unesco <\/a>&#8211; Diario de Sevilla<\/p>\n<p><a href=\"https:\/\/www.msn.com\/es-es\/news\/espana\/los-museos-andaluces-programan-m-c3-a1s-de-50-actividades-presenciales-y-on-line-para-la-navidad\/ar-BB1bwTdl\">Los museos andaluces programan m\u00e1s de 50 actividades presenciales y &#8216;on line&#8217; para la Navidad<\/a>-europapress<\/p>\n<p><strong>Deporte<\/strong><\/p>\n<p><a href=\"https:\/\/www.cope.es\/emisoras\/andalucia\/noticias\/andalucia-esta-preparada-para-ser-capital-europea-del-deporte-2021-20201201_1023985\">Andaluc\u00eda ya est\u00e1 preparada para ser capital europea del deporte 2021<\/a>-cope<\/p>\n<p>[\/toggle]<\/p>\n<p>[toggle type=\u00bbfirst\u00bb title=\u00bbEstado\u00bb]<\/p>\n<p><strong>Institucional<\/strong><\/p>\n<p><a href=\"https:\/\/www.google.com\/url?rct=j&amp;sa=t&amp;url=http:\/\/www.diariosigloxxi.com\/texto-s\/mostrar\/389729\/funcion-publica-suscribe-csif-ugt-cig-iii-plan-igualdad-genero-administracion-estado&amp;ct=ga&amp;cd=CAEYICoTNzkzNzMwNTQ2MjY1MzA2ODI5NzIZYzAzNzJlYmMyZmVhZGE1OTplczplczpFUw&amp;usg=AFQjCNGBpGbKxPFGurlosCNLs0RgKVdnaA\">Funci\u00f3n P\u00fablica suscribe con CSIF, UGT y CIG el III Plan para la Igualdad de G\u00e9nero en la &#8230; <\/a>&#8211; Diario Siglo XXI<strong>\u00a0<\/strong><\/p>\n<p><strong>Institucional-CCAA<\/strong><\/p>\n<p><a href=\"https:\/\/www.google.com\/url?rct=j&amp;sa=t&amp;url=https:\/\/www.elperiodic.com\/monica-oltra-vicepresidenta-generalitat-valenciana-entrega-premios-seda-creativa-silk-friendly-2020-mujeres-rutas-instituto-seda-espana_710075&amp;ct=ga&amp;cd=CAEYASoTNzkzNzMwNTQ2MjY1MzA2ODI5NzIZYzAzNzJlYmMyZmVhZGE1OTplczplczpFUw&amp;usg=AFQjCNFqd7gS2d8cmd8FE8y4ZU1nnBc7Fw\">M\u00f3nica Oltra, Vicepresidenta de la Generalitat Valenciana, entrega los II Premios Seda Creativa &#8230; <\/a>&#8211; elperiodic.com<\/p>\n<p><a href=\"https:\/\/www.google.com\/url?rct=j&amp;sa=t&amp;url=https:\/\/www.lanzadigital.com\/provincia\/ciudad-real\/amfar-abre-el-plazo-de-inscripcion-de-cuatro-talleres-de-salud-para-mujeres-rurales\/&amp;ct=ga&amp;cd=CAEYAioTNzkzNzMwNTQ2MjY1MzA2ODI5NzIZYzAzNzJlYmMyZmVhZGE1OTplczplczpFUw&amp;usg=AFQjCNHUWvcPy0TIQnMO1jePeptB3gyy8w\">AMFAR abre el plazo de inscripci\u00f3n de cuatro talleres de salud para mujeres rurales <\/a>&#8211; Lanza Digital<\/p>\n<p><a href=\"https:\/\/www.google.com\/url?rct=j&amp;sa=t&amp;url=https:\/\/www.lavanguardia.com\/local\/extremadura\/20201130\/49810375957\/blanca-martin-destaca-que-la-crisis-por-la-covid-19-no-puede-justificar-que-se-den-pasos-atras-en-materia-de-igualdad.html&amp;ct=ga&amp;cd=CAEYBCoTNzkzNzMwNTQ2MjY1MzA2ODI5NzIZYzAzNzJlYmMyZmVhZGE1OTplczplczpFUw&amp;usg=AFQjCNGjUZdQSMF7X7VHhcScZDerUW2azw\">Blanca Mart\u00edn, Directora del Instituto Extreme\u00f1o de la Mujer, destaca que la crisis por la Covid-19 no puede justificar que se den \u00abpasos atr\u00e1s\u00bb en &#8230; <\/a>&#8211; La Vanguardia<\/p>\n<p><a href=\"https:\/\/www.google.com\/url?rct=j&amp;sa=t&amp;url=https:\/\/www.nuevarioja.com.ar\/27126-gobierno-de-la-rioja-se-constituye-como-aliado-institucional-del-premio-weps-de-onu-mujeres&amp;ct=ga&amp;cd=CAEYByoUMTA5MDg0OTA1NzIzMTI0NjAxMjQyGWMwMzcyZWJjMmZlYWRhNTk6ZXM6ZXM6RVM&amp;usg=AFQjCNEvr_7ZQfsEwsIOFFS1os5o0Q-bMg\">Gobierno de La Rioja se constituye como aliado institucional del Premio WEPs de ONU Mujeres- <\/a>Nueva Rioja<\/p>\n<p><a href=\"https:\/\/www.google.com\/url?rct=j&amp;sa=t&amp;url=https:\/\/www.elespanol.com\/treintayseis\/articulos\/actualidad\/diputacion-de-pontevedra-pone-en-marcha-una-campana-de-igualdad-con-juguetes-no-sexistas&amp;ct=ga&amp;cd=CAEYASoUMTUyODc4ODM3NDk2NzI0MDcxNTYyGTFkYzViZWNjNzA2ZWNmOGI6ZXM6ZXM6RVM&amp;usg=AFQjCNFwAzLNqcAX86_yYuUfmA74GV-3cg\">Diputaci\u00f3n de Pontevedra pone en marcha una campa\u00f1a de igualdad con juguetes no sexistas <\/a>&#8211; El Espa\u00f1ol<\/p>\n<p><strong>Econom\u00eda y Empresas<\/strong><\/p>\n<p><a href=\"https:\/\/www.google.com\/url?rct=j&amp;sa=t&amp;url=https:\/\/www.farodevigo.es\/economia\/2020\/12\/01\/exigua-cuota-femenina-mando-25788842.html&amp;ct=ga&amp;cd=CAEYCioUMTA5MDg0OTA1NzIzMTI0NjAxMjQyGWMwMzcyZWJjMmZlYWRhNTk6ZXM6ZXM6RVM&amp;usg=AFQjCNG5ULMEGedMWwvjg1UWbHRzCRkXsg\">La exigua cuota femenina al mando <\/a>&#8211; Faro de Vigo<\/p>\n<p><a href=\"https:\/\/www.mujeremprendedora.net\/bbva-research-impacto-pandemia-mercado-laboral-amplia-brecha-genero-espana\/\">BBVA Research: El impacto de la pandemia en el mercado laboral ampl\u00eda la brecha de g\u00e9nero en Espa\u00f1a<\/a> \u2013 Mujeremprendedora.net<\/p>\n<p><a href=\"https:\/\/www.google.com\/url?rct=j&amp;sa=t&amp;url=https:\/\/www.elmundo.es\/comunidad-valenciana\/castellon\/2020\/11\/30\/5fc4ee5dfc6c83b2298b45c4.html&amp;ct=ga&amp;cd=CAEYAyoTNzkzNzMwNTQ2MjY1MzA2ODI5NzIZYzAzNzJlYmMyZmVhZGE1OTplczplczpFUw&amp;usg=AFQjCNGKQGy2iSTlCBRo53UpFFMb8ysE3A\">La mujer, en el foco de la innovaci\u00f3n <\/a>&#8211; El Mundo<\/p>\n<p><a href=\"https:\/\/www.eldiario.es\/economia\/empleo-aumento-noviembre-31-638-personas-trabajadores-erte-aumentaron-746-900_1_6474929.html\">El empleo creci\u00f3 en noviembre en 31.638 personas y los trabajadores en ERTE aumentaron hasta los 746.900<\/a>&#8211;<a href=\"http:\/\/eldiario.es\">eldiario.es<\/a><\/p>\n<p><strong>Actualidad<\/strong><\/p>\n<p><a href=\"https:\/\/www.google.com\/url?rct=j&amp;sa=t&amp;url=https:\/\/www.huffingtonpost.es\/entry\/no-encuentro-palabras-indignacion-por-el-correo-que-recibio-una-neurobiologa_es_5fc5e509c5b68ca87f8767e6&amp;ct=ga&amp;cd=CAEYACoUMTE1NjUxNjIxMDU4MzE1NTcxNTgyGWMwMzcyZWJjMmZlYWRhNTk6ZXM6ZXM6RVM&amp;usg=AFQjCNH08YlBokcnA8PRtQjcaaSwCsVfAw\">\u00abNo encuentro palabras\u00bb: indignaci\u00f3n por el correo que recibi\u00f3 una neurobi\u00f3loga <\/a>&#8211; El HuffPost<\/p>\n<p><a href=\"https:\/\/www.google.com\/url?rct=j&amp;sa=t&amp;url=https:\/\/www.elperiodico.com\/es\/entre-todos\/participacion\/los-juguetes-no-tienen-genero-205746&amp;ct=ga&amp;cd=CAEYACoTNzI3Mjg1NjQ3NDU4MzYwMDYyNTIZYzUxZTUzMzZhZjZjNDMwNTplczplczpFUw&amp;usg=AFQjCNHX9ruOi8_vPGQDSsEHJ1zz0oH1bw\">\u00abLos juguetes no tienen g\u00e9nero\u00bb <\/a>&#8211; El Peri\u00f3dico<\/p>\n<p><a href=\"https:\/\/www.mujeremprendedora.net\/coit-mujeres-avenir-fomentaran-vocaciones-tecnologicas-talento-joven-femenino\/\">COIT y Mujeres Avenir fomentar\u00e1n las vocaciones tecnol\u00f3gicas entre el talento joven femenino<\/a>&#8211; Mujeremprendedora.net<\/p>\n<p><a href=\"https:\/\/www.mujeremprendedora.net\/fedepe-profundiza-papel-mujer-detective\/\">FEDEPE profundiza en el papel de la mujer detective<\/a>&#8211; Mujeremprendedora.net<\/p>\n<p><a href=\"https:\/\/www.woman.es\/lifestyle\/womanpower\/dia-mundial-sida-mujeres-entrevista-loli-fernandez-cesida\">Un 12% de las mujeres con VIH no sabe que lo tiene<\/a>-woman.es<\/p>\n<p><strong>Violencias<\/strong><\/p>\n<p><a href=\"https:\/\/www.elindependiente.com\/sociedad\/2020\/12\/02\/las-denuncias-y-victimas-por-violencia-de-genero-vuelven-a-niveles-previos-al-confinamiento\/\">Las denuncias y las v\u00edctimas por violencia de g\u00e9nero vuelven a niveles previos al confinamiento<\/a>-elindependiente.com<\/p>\n<p><strong>Ciencia y Cultura<\/strong><\/p>\n<p><a href=\"https:\/\/elpais.com\/ciencia\/2020-12-02\/si-quieres-triunfar-en-ciencia-buscate-un-mentor-hombre.html\">\u201cSi quieres triunfar en ciencia, b\u00fascate un mentor hombre\u201d<\/a> \u2013 El Pa\u00eds<\/p>\n<p><a href=\"https:\/\/elpais.com\/ciencia\/2020-12-01\/una-empresa-espanola-desarrollara-el-primer-tratamiento-contra-la-fibrosis-pulmonar-basado-en-terapia-genica.html\">Una empresa espa\u00f1ola desarrollar\u00e1 el primer tratamiento contra la fibrosis pulmonar basado en terapia g\u00e9nica<\/a>\u2013 El Pa\u00eds<\/p>\n<p><a href=\"https:\/\/www.google.com\/url?rct=j&amp;sa=t&amp;url=https:\/\/www.abogacia.es\/actualidad\/noticias\/la-iba-presenta-el-documental-nasrin-sobre-el-trabajo-de-la-abogada-nasrin-sotoudeh\/&amp;ct=ga&amp;cd=CAEYBioTNzkzNzMwNTQ2MjY1MzA2ODI5NzIZYzAzNzJlYmMyZmVhZGE1OTplczplczpFUw&amp;usg=AFQjCNFHvlL24rSMExU09tmOaOiMwMxDSw\">La IBA presenta el documental &#8216;Nasrin&#8217;, sobre el trabajo de la abogada Nasrin Sotoudeh <\/a>&#8211; Abogac\u00eda Espa\u00f1ola<\/p>\n<p><a href=\"https:\/\/www.google.com\/url?rct=j&amp;sa=t&amp;url=https:\/\/elpais.com\/icon-design\/arquitectura\/2020-12-01\/olvidadas-ninguneadas-depuradas-las-mujeres-pioneras-de-la-arquitectura-en-espana.html&amp;ct=ga&amp;cd=CAEYBioUMTA5MDg0OTA1NzIzMTI0NjAxMjQyGWMwMzcyZWJjMmZlYWRhNTk6ZXM6ZXM6RVM&amp;usg=AFQjCNGorjEjk_HIUBgBxLXqCsJqCv-nsg\">Olvidadas, ninguneadas, \u201cdepuradas\u201d: las mujeres pioneras de la arquitectura en Espa\u00f1a <\/a>\u2013 El Pa\u00eds<\/p>\n<p><strong>Deporte<\/strong><\/p>\n<p><a href=\"https:\/\/www.google.com\/url?rct=j&amp;sa=t&amp;url=https:\/\/iusport.com\/art\/115686\/el-csd-trata-con-los-clubes-femeninos-el-proceso-de-profesionalizacion&amp;ct=ga&amp;cd=CAEYBCoUMTA5MDg0OTA1NzIzMTI0NjAxMjQyGWMwMzcyZWJjMmZlYWRhNTk6ZXM6ZXM6RVM&amp;usg=AFQjCNFV4fAJ57joXTouEHkSvocB9-ozxg\">El CSD trata con los clubes femeninos el proceso de profesionalizaci\u00f3n <\/a>&#8211; Iusport<\/p>\n<p><a href=\"https:\/\/www.google.com\/url?rct=j&amp;sa=t&amp;url=https:\/\/www.reporteindigo.com\/fan\/paula-dapena-la-jugadora-amenazada-por-negarse-a-homenajear-a-maradona\/&amp;ct=ga&amp;cd=CAEYAyoUMTc3NjA0NTM4MTk1MTczMzU5NjIyGWUyZGVmYTdkNWRhOTE1N2Q6ZXM6ZXM6RVM&amp;usg=AFQjCNGHwUHvh3fpN-QbqwFG_gUd3R8Fbw\">Paula Dapena, la jugadora amenazada por negarse a homenajear a Maradona <\/a>&#8211; Reporte Indigo<\/p>\n<p><a href=\"https:\/\/www.regiondigital.com\/noticias\/deportes\/336725-presentacion-del-mes-baloncesto-y-mujer.html\">Presentaci\u00f3n del mes &#8216;Baloncesto y Mujer&#8217;<\/a>-regiondigital<\/p>\n<p><a href=\"https:\/\/www.mundodeportivo.com\/balonmano\/20201201\/49842053774\/el-lema-de-las-guerreras-para-el-europeo-es-por-vosotros.html\">El lema de las &#8216;Guerreras&#8217; para el Europeo: \u00abEs por vosotros\u00bb<\/a>-mundodeportivo.com<\/p>\n<p><a href=\"https:\/\/www.efe.com\/efe\/espana\/practicodeporte\/el-campeonato-de-espana-pone-la-guinda-a-temporada-2020-del-golf-femenino-nacional\/50000944-4409084\">El Campeonato de Espa\u00f1a pone la guinda a la temporada 2020 del golf femenino nacional<\/a>-Efe<\/p>\n<p>[\/toggle]<\/p>\n<p>[toggle type=\u00bbfirst\u00bb title=\u00bbInternacional\u00bb]<\/p>\n<p><a href=\"https:\/\/www.rtve.es\/noticias\/20201201\/janet-yellen-joe-biden-urgencia-crisis-economica-tragedia-estados-unidos-coronavirus\/2058965.shtml\">Yellen advierte de la urgencia para atajar la crisis econ\u00f3mica y la \u00abdevastaci\u00f3n\u00bb en EE.UU. : \u00abEs una tragedia americana\u00bb<\/a><\/p>\n<p><a href=\"https:\/\/www.la-razon.com\/mundo\/2020\/12\/01\/con-biden-mujeres-y-minorias-para-impulsar-la-economia-de-eeuu\/\">Con Biden, mujeres y minor\u00edas para impulsar la econom\u00eda de EEUU<\/a>-larazon<\/p>\n<p><a href=\"https:\/\/www.portafolio.co\/opinion\/francisco-miranda-hamburger\/mujeres-a-cargo-de-la-economia-brujula-francisco-miranda-547149\">Mujeres a cargo de la econom\u00eda<\/a>-Portafolio.co<\/p>\n<p><a href=\"https:\/\/www.google.com\/url?rct=j&amp;sa=t&amp;url=https:\/\/www.laverdad.es\/economia-region-murcia\/economia-social-europea-20201202002450-ntvo.html&amp;ct=ga&amp;cd=CAEYACoTNDY4NzA1NTUyMTYxODI4NDQ3NjIbOTE4ODU3Y2Q2MGY5Nzc0ODplczplczpFUzpM&amp;usg=AFQjCNHAPBMlPjd054kxLG5tpKXfPtx24w\">La econom\u00eda social europea, en primera l\u00ednea frente a la crisis sanitaria- <\/a>La Verdad<\/p>\n<p><a href=\"https:\/\/www.google.com\/url?rct=j&amp;sa=t&amp;url=https:\/\/cronicaglobal.elespanol.com\/vida\/campana-promueve-campana-prueba-vih-entre-mujeres_413793_102.html&amp;ct=ga&amp;cd=CAEYCSoTNzkzNzMwNTQ2MjY1MzA2ODI5NzIZYzAzNzJlYmMyZmVhZGE1OTplczplczpFUw&amp;usg=AFQjCNHfZJpx0RxExH2V5KaDanLqrij-Dw\">Una campa\u00f1a promueve la prueba del VIH entre las mujeres <\/a>&#8211; Cr\u00f3nica Global<\/p>\n<p><a href=\"https:\/\/www.google.com\/url?rct=j&amp;sa=t&amp;url=https:\/\/es.reuters.com\/article\/derechos-mujeres-latinoamerica-idESKBN28B551&amp;ct=ga&amp;cd=CAEYFyoUMTA5MDg0OTA1NzIzMTI0NjAxMjQyGWMwMzcyZWJjMmZlYWRhNTk6ZXM6ZXM6RVM&amp;usg=AFQjCNHgORDiuojUbyqLCc213AHAWbR-TA\">Movimiento de mujeres recorre Am\u00e9rica Latina buscando relajar restricciones al aborto <\/a>&#8211; Reuters Espa\u00f1a<\/p>\n<p><a href=\"https:\/\/www.google.com\/url?rct=j&amp;sa=t&amp;url=https:\/\/www.24-horas.mx\/2020\/12\/01\/filmoteca-de-la-unam-hace-un-llamado-a-la-conciencia-sobre-la-violencia-de-genero-con-muestra-de-cine\/&amp;ct=ga&amp;cd=CAEYECoUMTA5MDg0OTA1NzIzMTI0NjAxMjQyGWMwMzcyZWJjMmZlYWRhNTk6ZXM6ZXM6RVM&amp;usg=AFQjCNHhD_QXW-Lpxf02bNopnJxFGPnWcw\">Filmoteca de la UNAM hace un llamado a la conciencia sobre la violencia de g\u00e9nero con muestra &#8230; <\/a>&#8211; 24horas<\/p>\n<p><a href=\"https:\/\/elpais.com\/cultura\/2020-12-02\/rosamund-pike-las-personas-tienen-criterios-diferentes-para-juzgar-a-un-hombre-o-a-una-mujer-inteligente.html\">Rosamund Pike: \u00abLas personas tienen criterios diferentes para juzgar a un hombre o a una mujer inteligente\u00bb<\/a>&#8211; El Pa\u00eds<\/p>\n<p><a href=\"https:\/\/www.palco23.com\/competiciones\/la-seleccion-femenina-de-futbol-de-estados-unidos-y-la-federacion-pactan-mejoras-laborales-para-evitar-ir-a-juicio.html\">La selecci\u00f3n femenina de f\u00fatbol de Estados Unidos y la federaci\u00f3n pactan mejoras laborales para evitar ir a juicio<\/a>-palco23<\/p>\n<p>[\/toggle]<\/p>\n<\/div>\n<\/div>\n<\/div>\n<\/div>\n<\/div>\n<\/div>\n","protected":false},"excerpt":{"rendered":"<p>La exigua cuota femenina al mando-Denuncias y v\u00edctimas por la <a href=\"https:\/\/cklcomunicaciones.es\/coop\/noticias-info-ckl-no-2-525-02-12-20\/\">[&#8230;]<\/a><\/p>\n","protected":false},"author":3,"featured_media":0,"comment_status":"closed","ping_status":"closed","sticky":false,"template":"","format":"standard","meta":{"footnotes":""},"categories":[298,623],"tags":[231,85,232,109],"class_list":["post-15162","post","type-post","status-publish","format-standard","hentry","category-newsletter","category-nwl-2-0","tag-arquitectas","tag-consejos-de-administracion","tag-deporte-femenino","tag-violencia-de-genero"],"yoast_head":"<!-- This site is optimized with the Yoast SEO plugin v27.5 - https:\/\/yoast.com\/product\/yoast-seo-wordpress\/ -->\n<title>Noticias Info CKL n\u00ba 2.525-02\/12\/20-Comunicar con perspectiva de g\u00e9nero<\/title>\n<meta name=\"description\" content=\"Comunicar con perspectiva de g\u00e9nero: La exigua cuota femenina al mando-Denuncias y v\u00edctimas por la violencia de g\u00e9nero vuelven a niveles previos al confinamiento\" \/>\n<meta name=\"robots\" content=\"index, follow, max-snippet:-1, max-image-preview:large, max-video-preview:-1\" \/>\n<link rel=\"canonical\" href=\"https:\/\/cklcomunicaciones.es\/coop\/noticias-info-ckl-no-2-525-02-12-20\/\" \/>\n<meta property=\"og:locale\" content=\"es_ES\" \/>\n<meta property=\"og:type\" content=\"article\" \/>\n<meta property=\"og:title\" content=\"Noticias Info CKL n\u00ba 2.525-02\/12\/20-Comunicar con perspectiva de g\u00e9nero\" \/>\n<meta property=\"og:description\" content=\"Comunicar con perspectiva de g\u00e9nero: La exigua cuota femenina al mando-Denuncias y v\u00edctimas por la violencia de g\u00e9nero vuelven a niveles previos al confinamiento\" \/>\n<meta property=\"og:url\" content=\"https:\/\/cklcomunicaciones.es\/coop\/noticias-info-ckl-no-2-525-02-12-20\/\" \/>\n<meta property=\"og:site_name\" content=\"CKL Comunicaciones\" \/>\n<meta property=\"article:published_time\" content=\"2020-12-02T12:05:53+00:00\" \/>\n<meta property=\"article:modified_time\" content=\"2025-01-17T15:47:24+00:00\" \/>\n<meta property=\"og:image\" content=\"https:\/\/cklcomunicaciones.es\/coop\/wp-content\/uploads\/2018\/03\/CKL_comunicacion-con-perspetiva-de-genero.jpg\" \/>\n\t<meta property=\"og:image:width\" content=\"500\" \/>\n\t<meta property=\"og:image:height\" content=\"500\" \/>\n\t<meta property=\"og:image:type\" content=\"image\/jpeg\" \/>\n<meta name=\"author\" content=\"ckl\" \/>\n<meta name=\"twitter:card\" content=\"summary_large_image\" \/>\n<meta name=\"twitter:label1\" content=\"Escrito por\" \/>\n\t<meta name=\"twitter:data1\" content=\"ckl\" \/>\n\t<meta name=\"twitter:label2\" content=\"Tiempo de lectura\" \/>\n\t<meta name=\"twitter:data2\" content=\"7 minutos\" \/>\n<script type=\"application\/ld+json\" class=\"yoast-schema-graph\">{\"@context\":\"https:\\\/\\\/schema.org\",\"@graph\":[{\"@type\":\"Article\",\"@id\":\"https:\\\/\\\/cklcomunicaciones.es\\\/coop\\\/noticias-info-ckl-no-2-525-02-12-20\\\/#article\",\"isPartOf\":{\"@id\":\"https:\\\/\\\/cklcomunicaciones.es\\\/coop\\\/noticias-info-ckl-no-2-525-02-12-20\\\/\"},\"author\":{\"name\":\"ckl\",\"@id\":\"https:\\\/\\\/cklcomunicaciones.es\\\/coop\\\/#\\\/schema\\\/person\\\/929a6837f7626450bbb50cee1aef266e\"},\"headline\":\"Noticias Info CKL n\u00ba 2.525-02\\\/12\\\/20\",\"datePublished\":\"2020-12-02T12:05:53+00:00\",\"dateModified\":\"2025-01-17T15:47:24+00:00\",\"mainEntityOfPage\":{\"@id\":\"https:\\\/\\\/cklcomunicaciones.es\\\/coop\\\/noticias-info-ckl-no-2-525-02-12-20\\\/\"},\"wordCount\":1357,\"image\":{\"@id\":\"https:\\\/\\\/cklcomunicaciones.es\\\/coop\\\/noticias-info-ckl-no-2-525-02-12-20\\\/#primaryimage\"},\"thumbnailUrl\":\"http:\\\/\\\/www.cklcomunicaciones.es\\\/wp-content\\\/uploads\\\/2018\\\/03\\\/CKL_comunicacion-con-perspetiva-de-genero-300x300.jpg\",\"keywords\":[\"arquitectas\",\"consejos de administraci\u00f3n\",\"deporte femenino\",\"violencia de g\u00e9nero\"],\"articleSection\":[\"Newsletter\",\"Nwl v2.0\"],\"inLanguage\":\"es\"},{\"@type\":\"WebPage\",\"@id\":\"https:\\\/\\\/cklcomunicaciones.es\\\/coop\\\/noticias-info-ckl-no-2-525-02-12-20\\\/\",\"url\":\"https:\\\/\\\/cklcomunicaciones.es\\\/coop\\\/noticias-info-ckl-no-2-525-02-12-20\\\/\",\"name\":\"Noticias Info CKL n\u00ba 2.525-02\\\/12\\\/20-Comunicar con perspectiva de g\u00e9nero\",\"isPartOf\":{\"@id\":\"https:\\\/\\\/cklcomunicaciones.es\\\/coop\\\/#website\"},\"primaryImageOfPage\":{\"@id\":\"https:\\\/\\\/cklcomunicaciones.es\\\/coop\\\/noticias-info-ckl-no-2-525-02-12-20\\\/#primaryimage\"},\"image\":{\"@id\":\"https:\\\/\\\/cklcomunicaciones.es\\\/coop\\\/noticias-info-ckl-no-2-525-02-12-20\\\/#primaryimage\"},\"thumbnailUrl\":\"http:\\\/\\\/www.cklcomunicaciones.es\\\/wp-content\\\/uploads\\\/2018\\\/03\\\/CKL_comunicacion-con-perspetiva-de-genero-300x300.jpg\",\"datePublished\":\"2020-12-02T12:05:53+00:00\",\"dateModified\":\"2025-01-17T15:47:24+00:00\",\"author\":{\"@id\":\"https:\\\/\\\/cklcomunicaciones.es\\\/coop\\\/#\\\/schema\\\/person\\\/929a6837f7626450bbb50cee1aef266e\"},\"description\":\"Comunicar con perspectiva de g\u00e9nero: La exigua cuota femenina al mando-Denuncias y v\u00edctimas por la violencia de g\u00e9nero vuelven a niveles previos al confinamiento\",\"breadcrumb\":{\"@id\":\"https:\\\/\\\/cklcomunicaciones.es\\\/coop\\\/noticias-info-ckl-no-2-525-02-12-20\\\/#breadcrumb\"},\"inLanguage\":\"es\",\"potentialAction\":[{\"@type\":\"ReadAction\",\"target\":[\"https:\\\/\\\/cklcomunicaciones.es\\\/coop\\\/noticias-info-ckl-no-2-525-02-12-20\\\/\"]}]},{\"@type\":\"ImageObject\",\"inLanguage\":\"es\",\"@id\":\"https:\\\/\\\/cklcomunicaciones.es\\\/coop\\\/noticias-info-ckl-no-2-525-02-12-20\\\/#primaryimage\",\"url\":\"http:\\\/\\\/www.cklcomunicaciones.es\\\/wp-content\\\/uploads\\\/2018\\\/03\\\/CKL_comunicacion-con-perspetiva-de-genero-300x300.jpg\",\"contentUrl\":\"http:\\\/\\\/www.cklcomunicaciones.es\\\/wp-content\\\/uploads\\\/2018\\\/03\\\/CKL_comunicacion-con-perspetiva-de-genero-300x300.jpg\"},{\"@type\":\"BreadcrumbList\",\"@id\":\"https:\\\/\\\/cklcomunicaciones.es\\\/coop\\\/noticias-info-ckl-no-2-525-02-12-20\\\/#breadcrumb\",\"itemListElement\":[{\"@type\":\"ListItem\",\"position\":1,\"name\":\"Portada\",\"item\":\"https:\\\/\\\/cklcomunicaciones.es\\\/coop\\\/\"},{\"@type\":\"ListItem\",\"position\":2,\"name\":\"Noticias Info CKL n\u00ba 2.525-02\\\/12\\\/20\"}]},{\"@type\":\"WebSite\",\"@id\":\"https:\\\/\\\/cklcomunicaciones.es\\\/coop\\\/#website\",\"url\":\"https:\\\/\\\/cklcomunicaciones.es\\\/coop\\\/\",\"name\":\"CKL Comunicaciones\",\"description\":\"Sitio web de CKL Comunicaciones coop , la consultora de comunicaci\u00f3n y estrategia\",\"potentialAction\":[{\"@type\":\"SearchAction\",\"target\":{\"@type\":\"EntryPoint\",\"urlTemplate\":\"https:\\\/\\\/cklcomunicaciones.es\\\/coop\\\/?s={search_term_string}\"},\"query-input\":{\"@type\":\"PropertyValueSpecification\",\"valueRequired\":true,\"valueName\":\"search_term_string\"}}],\"inLanguage\":\"es\"},{\"@type\":\"Person\",\"@id\":\"https:\\\/\\\/cklcomunicaciones.es\\\/coop\\\/#\\\/schema\\\/person\\\/929a6837f7626450bbb50cee1aef266e\",\"name\":\"ckl\",\"image\":{\"@type\":\"ImageObject\",\"inLanguage\":\"es\",\"@id\":\"https:\\\/\\\/secure.gravatar.com\\\/avatar\\\/c82db564e8a669bf6023357a157b9dc4780f4d4c618f2ad1d71a6a5dede45057?s=96&d=mm&r=g\",\"url\":\"https:\\\/\\\/secure.gravatar.com\\\/avatar\\\/c82db564e8a669bf6023357a157b9dc4780f4d4c618f2ad1d71a6a5dede45057?s=96&d=mm&r=g\",\"contentUrl\":\"https:\\\/\\\/secure.gravatar.com\\\/avatar\\\/c82db564e8a669bf6023357a157b9dc4780f4d4c618f2ad1d71a6a5dede45057?s=96&d=mm&r=g\",\"caption\":\"ckl\"},\"url\":\"https:\\\/\\\/cklcomunicaciones.es\\\/coop\\\/author\\\/cklcomunicaciones\\\/\"}]}<\/script>\n<!-- \/ Yoast SEO plugin. -->","yoast_head_json":{"title":"Noticias Info CKL n\u00ba 2.525-02\/12\/20-Comunicar con perspectiva de g\u00e9nero","description":"Comunicar con perspectiva de g\u00e9nero: La exigua cuota femenina al mando-Denuncias y v\u00edctimas por la violencia de g\u00e9nero vuelven a niveles previos al confinamiento","robots":{"index":"index","follow":"follow","max-snippet":"max-snippet:-1","max-image-preview":"max-image-preview:large","max-video-preview":"max-video-preview:-1"},"canonical":"https:\/\/cklcomunicaciones.es\/coop\/noticias-info-ckl-no-2-525-02-12-20\/","og_locale":"es_ES","og_type":"article","og_title":"Noticias Info CKL n\u00ba 2.525-02\/12\/20-Comunicar con perspectiva de g\u00e9nero","og_description":"Comunicar con perspectiva de g\u00e9nero: La exigua cuota femenina al mando-Denuncias y v\u00edctimas por la violencia de g\u00e9nero vuelven a niveles previos al confinamiento","og_url":"https:\/\/cklcomunicaciones.es\/coop\/noticias-info-ckl-no-2-525-02-12-20\/","og_site_name":"CKL Comunicaciones","article_published_time":"2020-12-02T12:05:53+00:00","article_modified_time":"2025-01-17T15:47:24+00:00","og_image":[{"width":500,"height":500,"url":"https:\/\/cklcomunicaciones.es\/coop\/wp-content\/uploads\/2018\/03\/CKL_comunicacion-con-perspetiva-de-genero.jpg","type":"image\/jpeg"}],"author":"ckl","twitter_card":"summary_large_image","twitter_misc":{"Escrito por":"ckl","Tiempo de lectura":"7 minutos"},"schema":{"@context":"https:\/\/schema.org","@graph":[{"@type":"Article","@id":"https:\/\/cklcomunicaciones.es\/coop\/noticias-info-ckl-no-2-525-02-12-20\/#article","isPartOf":{"@id":"https:\/\/cklcomunicaciones.es\/coop\/noticias-info-ckl-no-2-525-02-12-20\/"},"author":{"name":"ckl","@id":"https:\/\/cklcomunicaciones.es\/coop\/#\/schema\/person\/929a6837f7626450bbb50cee1aef266e"},"headline":"Noticias Info CKL n\u00ba 2.525-02\/12\/20","datePublished":"2020-12-02T12:05:53+00:00","dateModified":"2025-01-17T15:47:24+00:00","mainEntityOfPage":{"@id":"https:\/\/cklcomunicaciones.es\/coop\/noticias-info-ckl-no-2-525-02-12-20\/"},"wordCount":1357,"image":{"@id":"https:\/\/cklcomunicaciones.es\/coop\/noticias-info-ckl-no-2-525-02-12-20\/#primaryimage"},"thumbnailUrl":"http:\/\/www.cklcomunicaciones.es\/wp-content\/uploads\/2018\/03\/CKL_comunicacion-con-perspetiva-de-genero-300x300.jpg","keywords":["arquitectas","consejos de administraci\u00f3n","deporte femenino","violencia de g\u00e9nero"],"articleSection":["Newsletter","Nwl v2.0"],"inLanguage":"es"},{"@type":"WebPage","@id":"https:\/\/cklcomunicaciones.es\/coop\/noticias-info-ckl-no-2-525-02-12-20\/","url":"https:\/\/cklcomunicaciones.es\/coop\/noticias-info-ckl-no-2-525-02-12-20\/","name":"Noticias Info CKL n\u00ba 2.525-02\/12\/20-Comunicar con perspectiva de g\u00e9nero","isPartOf":{"@id":"https:\/\/cklcomunicaciones.es\/coop\/#website"},"primaryImageOfPage":{"@id":"https:\/\/cklcomunicaciones.es\/coop\/noticias-info-ckl-no-2-525-02-12-20\/#primaryimage"},"image":{"@id":"https:\/\/cklcomunicaciones.es\/coop\/noticias-info-ckl-no-2-525-02-12-20\/#primaryimage"},"thumbnailUrl":"http:\/\/www.cklcomunicaciones.es\/wp-content\/uploads\/2018\/03\/CKL_comunicacion-con-perspetiva-de-genero-300x300.jpg","datePublished":"2020-12-02T12:05:53+00:00","dateModified":"2025-01-17T15:47:24+00:00","author":{"@id":"https:\/\/cklcomunicaciones.es\/coop\/#\/schema\/person\/929a6837f7626450bbb50cee1aef266e"},"description":"Comunicar con perspectiva de g\u00e9nero: La exigua cuota femenina al mando-Denuncias y v\u00edctimas por la violencia de g\u00e9nero vuelven a niveles previos al confinamiento","breadcrumb":{"@id":"https:\/\/cklcomunicaciones.es\/coop\/noticias-info-ckl-no-2-525-02-12-20\/#breadcrumb"},"inLanguage":"es","potentialAction":[{"@type":"ReadAction","target":["https:\/\/cklcomunicaciones.es\/coop\/noticias-info-ckl-no-2-525-02-12-20\/"]}]},{"@type":"ImageObject","inLanguage":"es","@id":"https:\/\/cklcomunicaciones.es\/coop\/noticias-info-ckl-no-2-525-02-12-20\/#primaryimage","url":"http:\/\/www.cklcomunicaciones.es\/wp-content\/uploads\/2018\/03\/CKL_comunicacion-con-perspetiva-de-genero-300x300.jpg","contentUrl":"http:\/\/www.cklcomunicaciones.es\/wp-content\/uploads\/2018\/03\/CKL_comunicacion-con-perspetiva-de-genero-300x300.jpg"},{"@type":"BreadcrumbList","@id":"https:\/\/cklcomunicaciones.es\/coop\/noticias-info-ckl-no-2-525-02-12-20\/#breadcrumb","itemListElement":[{"@type":"ListItem","position":1,"name":"Portada","item":"https:\/\/cklcomunicaciones.es\/coop\/"},{"@type":"ListItem","position":2,"name":"Noticias Info CKL n\u00ba 2.525-02\/12\/20"}]},{"@type":"WebSite","@id":"https:\/\/cklcomunicaciones.es\/coop\/#website","url":"https:\/\/cklcomunicaciones.es\/coop\/","name":"CKL Comunicaciones","description":"Sitio web de CKL Comunicaciones coop , la consultora de comunicaci\u00f3n y estrategia","potentialAction":[{"@type":"SearchAction","target":{"@type":"EntryPoint","urlTemplate":"https:\/\/cklcomunicaciones.es\/coop\/?s={search_term_string}"},"query-input":{"@type":"PropertyValueSpecification","valueRequired":true,"valueName":"search_term_string"}}],"inLanguage":"es"},{"@type":"Person","@id":"https:\/\/cklcomunicaciones.es\/coop\/#\/schema\/person\/929a6837f7626450bbb50cee1aef266e","name":"ckl","image":{"@type":"ImageObject","inLanguage":"es","@id":"https:\/\/secure.gravatar.com\/avatar\/c82db564e8a669bf6023357a157b9dc4780f4d4c618f2ad1d71a6a5dede45057?s=96&d=mm&r=g","url":"https:\/\/secure.gravatar.com\/avatar\/c82db564e8a669bf6023357a157b9dc4780f4d4c618f2ad1d71a6a5dede45057?s=96&d=mm&r=g","contentUrl":"https:\/\/secure.gravatar.com\/avatar\/c82db564e8a669bf6023357a157b9dc4780f4d4c618f2ad1d71a6a5dede45057?s=96&d=mm&r=g","caption":"ckl"},"url":"https:\/\/cklcomunicaciones.es\/coop\/author\/cklcomunicaciones\/"}]}},"_links":{"self":[{"href":"https:\/\/cklcomunicaciones.es\/coop\/wp-json\/wp\/v2\/posts\/15162","targetHints":{"allow":["GET"]}}],"collection":[{"href":"https:\/\/cklcomunicaciones.es\/coop\/wp-json\/wp\/v2\/posts"}],"about":[{"href":"https:\/\/cklcomunicaciones.es\/coop\/wp-json\/wp\/v2\/types\/post"}],"author":[{"embeddable":true,"href":"https:\/\/cklcomunicaciones.es\/coop\/wp-json\/wp\/v2\/users\/3"}],"replies":[{"embeddable":true,"href":"https:\/\/cklcomunicaciones.es\/coop\/wp-json\/wp\/v2\/comments?post=15162"}],"version-history":[{"count":0,"href":"https:\/\/cklcomunicaciones.es\/coop\/wp-json\/wp\/v2\/posts\/15162\/revisions"}],"wp:attachment":[{"href":"https:\/\/cklcomunicaciones.es\/coop\/wp-json\/wp\/v2\/media?parent=15162"}],"wp:term":[{"taxonomy":"category","embeddable":true,"href":"https:\/\/cklcomunicaciones.es\/coop\/wp-json\/wp\/v2\/categories?post=15162"},{"taxonomy":"post_tag","embeddable":true,"href":"https:\/\/cklcomunicaciones.es\/coop\/wp-json\/wp\/v2\/tags?post=15162"}],"curies":[{"name":"wp","href":"https:\/\/api.w.org\/{rel}","templated":true}]}}