{"id":15160,"date":"2020-11-30T13:37:25","date_gmt":"2020-11-30T12:37:25","guid":{"rendered":"http:\/\/www.cklcomunicaciones.es\/?p=15160"},"modified":"2025-01-17T16:47:24","modified_gmt":"2025-01-17T15:47:24","slug":"noticias-info-ckl-no-2-524-30-11-20","status":"publish","type":"post","link":"https:\/\/cklcomunicaciones.es\/coop\/noticias-info-ckl-no-2-524-30-11-20\/","title":{"rendered":"Noticias Info CKL n\u00ba 2.524-30\/11\/20"},"content":{"rendered":"<div id=\"pl-15160\"  class=\"panel-layout\" >\n<div id=\"pg-15160-0\"  class=\"panel-grid panel-no-style\"  data-style=\"{&quot;background_image_attachment&quot;:false,&quot;background_display&quot;:&quot;tile&quot;,&quot;cell_alignment&quot;:&quot;flex-start&quot;}\" >\n<div id=\"pgc-15160-0-0\"  class=\"panel-grid-cell\"  data-weight=\"1\" >\n<div id=\"panel-15160-0-0-0\" class=\"so-panel widget widget_sow-editor panel-first-child panel-last-child\" data-index=\"0\" data-style=\"{&quot;background_image_attachment&quot;:false,&quot;background_display&quot;:&quot;tile&quot;}\" >\n<div class=\"so-widget-sow-editor so-widget-sow-editor-base\">\n<div class=\"siteorigin-widget-tinymce textwidget\">\n<p><img decoding=\"async\" class=\"lazyload  wp-image-13726\" src=\"http:\/\/www.cklcomunicaciones.es\/wp-content\/uploads\/2018\/03\/CKL_comunicacion-con-perspetiva-de-genero-300x300.jpg\" data-orig-src=\"http:\/\/www.cklcomunicaciones.es\/wp-content\/uploads\/2018\/03\/CKL_comunicacion-con-perspetiva-de-genero-300x300.jpg\" alt=\"CKL_comunicacion con perspetiva de genero\" width=\"132\" height=\"132\" srcset=\"data:image\/svg+xml,%3Csvg%20xmlns%3D%27http%3A%2F%2Fwww.w3.org%2F2000%2Fsvg%27%20width%3D%27132%27%20height%3D%27132%27%20viewBox%3D%270%200%20132%20132%27%3E%3Crect%20width%3D%27132%27%20height%3D%27132%27%20fill-opacity%3D%220%22%2F%3E%3C%2Fsvg%3E\" data-srcset=\"https:\/\/cklcomunicaciones.es\/coop\/wp-content\/uploads\/2018\/03\/CKL_comunicacion-con-perspetiva-de-genero-150x150.jpg 150w, https:\/\/cklcomunicaciones.es\/coop\/wp-content\/uploads\/2018\/03\/CKL_comunicacion-con-perspetiva-de-genero-300x300.jpg 300w, https:\/\/cklcomunicaciones.es\/coop\/wp-content\/uploads\/2018\/03\/CKL_comunicacion-con-perspetiva-de-genero-450x450.jpg 450w, https:\/\/cklcomunicaciones.es\/coop\/wp-content\/uploads\/2018\/03\/CKL_comunicacion-con-perspetiva-de-genero.jpg 500w\" data-sizes=\"auto\" data-orig-sizes=\"(max-width: 132px) 100vw, 132px\" \/><\/p>\n<p id=\":5po\" class=\"hP\" tabindex=\"-1\" data-thread-perm-id=\"thread-f:1684787456354096363\" data-legacy-thread-id=\"17619143e20514eb\"><strong>Dolores Delgado: \u00abLas mujeres a\u00fan nos vemos expuestas a cuestionamientos ajenos a nuestra funci\u00f3n\u201d-Pensiones contributivas: Un hombre cobra de media 421 euros m\u00e1s que una mujer-\u00c1ngela Molina Goya de Honor 2021<\/strong><\/p>\n<p>[toggle type=\u00bbfirst\u00bb title=\u00bbConvocatorias\u00bb]<\/p>\n<ul>\n<li><a href=\"http:\/\/www.juntadeandalucia.es\/iam\/catalogo\/doc\/convocatorias\/2020-iam\/EL-incidencia-publicidad-compra-juegos-y-juguetes.pdf\">Jornada sobre la incidencia de la publicidad en la adquisici\u00f3n de juegos y juguetes &#8216;La publicidad juega a todo color&#8217;<\/a>. \u00c1rea de Coeducaci\u00f3n del Instituto Andaluz de la Mujer. 3 de diciembre 11:30 h. En directo en <a href=\"https:\/\/www.juntadeandalucia.es\/institutodelamujer\/index.php\/jornadapublicidadjuegosyjuguetes\">https:\/\/www.juntadeandalucia.es\/institutodelamujer\/index.php\/jornadapublicidadjuegosyjuguetes<\/a><\/li>\n<li>El XXXI Feminario tendr\u00e1 lugar el d\u00eda 11 de diciembre de 2020 y ser\u00e1 online<strong>. <\/strong>Para m\u00e1s informaci\u00f3n sobre c\u00f3mo inscribirse consulte nuestra web <a href=\"http:\/\/mujereslobby.mailrelay-iv.es\/newslink\/274677\/38.html\">www.mujereslobby.org<\/a><\/li>\n<\/ul>\n<p><strong>\u00a0<\/strong>[\/toggle]<\/p>\n<p>[toggle type=\u00bbfirst\u00bb title=\u00bbComunicaci\u00f3n\u00bb]<\/p>\n<p><a href=\"https:\/\/www.eldiario.es\/internacional\/elecciones-eeuu-2020\/biden-anuncia-equipo-comunicacion-casa-blanca-formado-primera-vez-mujeres_1_6469358.html\">Biden anuncia un equipo de comunicaci\u00f3n para la Casa Blanca formado por primera vez solo por mujeres<\/a>-eldiario.es<\/p>\n<p><a href=\"https:\/\/elpais.com\/tecnologia\/2020\/11\/28\/actualidad\/1606586473_863191.html\">\u201cLa privacidad es colectiva, como el medioambiente. Si no cuidas tus datos, otros lo sufren\u201d<\/a>&#8211; El Pa\u00eds<\/p>\n<p><a href=\"https:\/\/elpais.com\/tecnologia\/2020\/11\/27\/actualidad\/1606460243_375163.html\">Las redes sociales reflejan c\u00f3mo la pandemia ha perjudicado la salud mental de los usuarios<\/a>&#8211; El Pa\u00eds<\/p>\n<p>[\/toggle]<\/p>\n<p>[toggle type=\u00bbfirst\u00bb title=\u00bbAndaluc\u00eda\u00bb]<\/p>\n<p><strong>Econom\u00eda y Empresas<\/strong><\/p>\n<p><a href=\"https:\/\/www.msn.com\/es-es\/news\/espana\/junta-destaca-que-el-reto-de-futuro-es-que-la-ley-del-estatuto-de-las-mujeres-rurales-y-del-mar-funcione-y-sea-c3-batil\/ar-BB1boptd\">Junta destaca que el reto de futuro es que la Ley del Estatuto de las mujeres rurales y del mar \u00abfuncione y sea \u00fatil\u00bb<\/a>-europapress<\/p>\n<p><a href=\"http:\/\/www.juntadeandalucia.es\/presidencia\/portavoz\/156452\/CarmenCrespo\/MarifranCarazo\/RoquetasdeMar\/Puertos\">Crespo y Carazo presentan el proyecto de integraci\u00f3n puerto-ciudad en Roquetas de Mar<\/a> \u2013 Oficina del Portavoz<\/p>\n<p><a href=\"https:\/\/www.google.com\/url?rct=j&amp;sa=t&amp;url=https:\/\/sevilla.abc.es\/sevilla\/sevi-pilar-robledo-nivel-ingenieros-espanoles-ahora-mas-bajo-y-habria-volver-6-anos-carrera-202011290817_noticia.html&amp;ct=ga&amp;cd=CAEYASoTNTYwNjc3MDQxMjk5NjkwOTgwNzIZYzAzNzJlYmMyZmVhZGE1OTplczplczpFUw&amp;usg=AFQjCNFFJgAIi6YFxi3GNeTMHQTD6upiVQ\">Pilar Robledo, ingeniera y asesora tecnol\u00f3gica de la Consejer\u00eda de Econom\u00eda: \u00abEl nivel de los ingenieros espa\u00f1oles es ahora m\u00e1s bajo y habr\u00eda que volver a los 6 &#8230; <\/a>&#8211; abcdesevilla.es<\/p>\n<p><a href=\"https:\/\/www.google.com\/url?rct=j&amp;sa=t&amp;url=https:\/\/www.lavanguardia.com\/local\/sevilla\/20201127\/49742744545\/cruz-roja-reconoce-el-compromiso-de-118-empresas-andaluzas-colaboradoras-este-ano-de-su-plan-de-empleo.html&amp;ct=ga&amp;cd=CAEYASoTMjkxOTU3MDcyMTA3ODU2OTAxNzIZZDc4ZTU4NzVhMGYxZjJhYzplczplczpFUw&amp;usg=AFQjCNEtIKKKcr0TY9-19UfZT3bFJd_Izg\">Cruz Roja reconoce el \u00abcompromiso\u00bb de 118 empresas andaluzas colaboradoras este a\u00f1o de su &#8230; <\/a>&#8211; La Vanguardia<strong>\u00a0<\/strong><\/p>\n<p><strong>Actualidad<\/strong><\/p>\n<p><a href=\"https:\/\/www.google.com\/url?rct=j&amp;sa=t&amp;url=https:\/\/www.benalgo.es\/noticias\/ruiz-avanza-que-las-ayudas-del-iam-a-entidades-que-atienden-a-mujeres-en-riesgo-de-exclusion-social-triplican-su-presupuesto.html&amp;ct=ga&amp;cd=CAEYACoUMTQzMTUwMTg5OTMyMTI4MDk5NzgyGzlhYjFjZGQ3ZTM2NmVmMzg6ZXM6ZXM6RVM6Ug&amp;usg=AFQjCNHAPxEZgvZdKtrJXFL0fxlP_qqFug\">Ruiz avanza que las ayudas del IAM a entidades que atienden a mujeres en riesgo de exclusi\u00f3n &#8230; <\/a>&#8211; Contracr\u00f3nica.es<\/p>\n<p><a href=\"https:\/\/www.google.com\/url?rct=j&amp;sa=t&amp;url=https:\/\/www.diariocordoba.com\/noticias\/comunicaciones-empresas\/cuidar-salud-mujer-es-esencial-controlar-epidemia-vih_1399390.html&amp;ct=ga&amp;cd=CAEYASoUMTA4NDcyMTQ3NjAxNDIzMTYyODMyGWMwMzcyZWJjMmZlYWRhNTk6ZXM6ZXM6RVM&amp;usg=AFQjCNH8kY5amgWwh3qtWGJQIFK-nOn4wg\">\u00abCuidar de la salud de la mujer es esencial para controlar la epidemia del VIH\u00bb <\/a>&#8211; Diario C\u00f3rdoba<\/p>\n<p><a href=\"https:\/\/www.google.com\/url?rct=j&amp;sa=t&amp;url=https:\/\/www.diariodecadiz.es\/cadiz\/Avanzando-erradicacion-pandemia-genero_0_1523547868.html&amp;ct=ga&amp;cd=CAEYACoUMTU4NjkwMzYwMzc2MzM1NDcyNjAyGWMwMzcyZWJjMmZlYWRhNTk6ZXM6ZXM6RVM&amp;usg=AFQjCNGp8gHB7ma1KZOSaaSBSKMo7VcGBw\">Avanzando en la erradicaci\u00f3n de otra &#8216;pandemia&#8217; que es de g\u00e9nero <\/a>&#8211; Diario de C\u00e1diz<\/p>\n<p><strong>Violencias<\/strong><\/p>\n<p><a href=\"https:\/\/www.google.com\/url?rct=j&amp;sa=t&amp;url=https:\/\/autonomico.elconfidencialdigital.com\/articulo\/andalucia\/junta-andalucia-invierte-millones-euros-atender-mujeres-sufren-violencia-genero\/20201127131131055255.html&amp;ct=ga&amp;cd=CAEYACoSNjc4MDc2MzE2NDEzNTExNzI5Mhs5YWIxY2RkN2UzNjZlZjM4OmVzOmVzOkVTOlI&amp;usg=AFQjCNHBfRsDVTImag49eBtFjlgBSmO-3w\">La Junta de Andaluc\u00eda invierte cuatro millones de euros para atender a las mujeres que sufren &#8230; <\/a>&#8211; El Confidencial Digital<\/p>\n<p><a href=\"https:\/\/www.google.com\/url?rct=j&amp;sa=t&amp;url=https:\/\/aionsur.com\/estepa-lanza-mantecados-con-envoltorio-violeta-en-homenaje-a-la-igualdad-en-el-sector\/&amp;ct=ga&amp;cd=CAEYBSoUMTQzMTUwMTg5OTMyMTI4MDk5NzgyGzlhYjFjZGQ3ZTM2NmVmMzg6ZXM6ZXM6RVM6Ug&amp;usg=AFQjCNF6lXn73hpo5g54YiP7PdiSwa7lDQ\">Estepa lanza mantecados con envoltorio violeta en homenaje a la igualdad en el sector <\/a>&#8211; Aionsur.com<\/p>\n<p><a href=\"https:\/\/www.google.com\/url?rct=j&amp;sa=t&amp;url=https:\/\/www.diariodealmeria.es\/almeria\/Policia-Nacional-sensibilizacion-AMFAR-Almeria_0_1523548112.html&amp;ct=ga&amp;cd=CAEYFSoUMTA4NDcyMTQ3NjAxNDIzMTYyODMyGWMwMzcyZWJjMmZlYWRhNTk6ZXM6ZXM6RVM&amp;usg=AFQjCNE72TXbxzrB4NxLYdic4gYjwZGBlg\">La Polic\u00eda Nacional participa en una jornada de sensibilizaci\u00f3n organizada por AMFAR de Almer\u00eda <\/a>&#8211; Diario de Almer\u00eda<\/p>\n<p><a href=\"https:\/\/www.google.com\/url?rct=j&amp;sa=t&amp;url=https:\/\/www.teleprensa.com\/articulo\/almeria-sociedad\/seminario-acceso-victimas-violencia-genero-ingreso-minimo-vital-almeria\/20201127182627864623.html&amp;ct=ga&amp;cd=CAEYBioUMTE1ODkyMTQ5OTk3NjU4NzQ4MzkyGWMwMzcyZWJjMmZlYWRhNTk6ZXM6ZXM6RVM&amp;usg=AFQjCNGqm0ywCDwIQGP8qacwjvyKo9dcAg\">Seminario sobre el acceso de las v\u00edctimas de violencia de g\u00e9nero al Ingreso M\u00ednimo Vital en Almer\u00eda <\/a>&#8211; Teleprensa peri\u00f3dico digital<\/p>\n<p><a href=\"https:\/\/www.google.com\/url?rct=j&amp;sa=t&amp;url=https:\/\/www.canalsur.es\/television\/programas\/solidarios\/noticia\/1656869.html&amp;ct=ga&amp;cd=CAEYAyoTMjk0Mjc2ODQ4NTM3ODc4OTE4NjIZYzAzNzJlYmMyZmVhZGE1OTplczplczpFUw&amp;usg=AFQjCNEA4eb7nX8MP9mvV7xhyPGCSJeXYw\">Alertan ante el desconocimiento de la violencia de g\u00e9nero <\/a>&#8211; CanalSurWeb<\/p>\n<p><strong>Ciencia y Cultura<\/strong><\/p>\n<p><a href=\"https:\/\/www.mujeremprendedora.net\/llega-sexta-edicion-wanted\/\">Llega la sexta edici\u00f3n de WANTED!<\/a> \u2013 Mujeremprendedora.net<\/p>\n<p><a href=\"https:\/\/www.google.com\/url?rct=j&amp;sa=t&amp;url=https:\/\/www.europapress.es\/andalucia\/sevilla-00357\/noticia-dos-estudios-navegacion-naufragios-premio-accesit-concurso-america-diputacion-sevilla-20201127161138.html&amp;ct=ga&amp;cd=CAEYAyoUMTAyMzA0NzU3MzU4ODI3MTAyNzAyGTQ1YjFlOTgyOGJlYTcyYTk6ZXM6ZXM6RVM&amp;usg=AFQjCNE_S8ELvlzOt9eldgncEgJLGzxb4g\">Dos estudios sobre navegaci\u00f3n y los naufragios, premio y acc\u00e9sit del concurso &#8216;Nuestra Am\u00e9rica &#8230; <\/a>&#8211; Europa Press<\/p>\n<p><a href=\"https:\/\/www.google.com\/url?rct=j&amp;sa=t&amp;url=https:\/\/sevilla.abc.es\/cultura\/libros\/sevi-pandemia-lleva-libreros-sevilla-unirse-primera-gremio-202011290906_noticia.html&amp;ct=ga&amp;cd=CAEYACoUMTM2MTg5MDIxODY1OTUyMTAwMjcyGTQ1YjFlOTgyOGJlYTcyYTk6ZXM6ZXM6RVM&amp;usg=AFQjCNHpJAUgPs_QrRRqKF13Gt6Tlj9ntA\">La pandemia lleva a los libreros de Sevilla a unirse por primera vez en un gremio <\/a>&#8211; abcdesevilla.es<\/p>\n<p><a href=\"https:\/\/elpais.com\/cultura\/2020-11-28\/martirio-son-tiempos-de-libertad-con-ira.html\">Martirio: \u201cSon tiempos de libertad con ira\u201d<\/a> \u2013 El Pa\u00eds<\/p>\n<p><strong>Deporte<\/strong><\/p>\n<p><a href=\"https:\/\/www.cope.es\/emisoras\/andalucia\/jaen-provincia\/jaen\/jaen-deportes\/noticias\/mario-del-castillo-javier-perez-coronan-campeones-jaen-del-master-andalucia-padel-20201130_1022569\">Mario del Castillo y Javier P\u00e9rez se coronan campeones en Ja\u00e9n del Master de Andaluc\u00eda de Padel<\/a>-cope.es<\/p>\n<p><a href=\"https:\/\/www.marca.com\/golf\/2020\/11\/29\/5fc3acd4ca4741a87d8b45c8.html\">Hist\u00f3rica victoria de Pedersen en el Andaluc\u00eda Costa del Sol Open de Espa\u00f1a<\/a>-marca.com<\/p>\n<p>[\/toggle]<\/p>\n<p>[toggle type=\u00bbfirst\u00bb title=\u00bbEstado\u00bb]<\/p>\n<p><strong>Institucional<\/strong><\/p>\n<p><a href=\"https:\/\/www.google.com\/url?rct=j&amp;sa=t&amp;url=https:\/\/www.elmundo.es\/yodona\/lifestyle\/2020\/11\/27\/5fbf879621efa009758b4594.html&amp;ct=ga&amp;cd=CAEYBCoSNTQ2NjY0MDUyMjQzOTMyNDY5MhllMWU3N2QxNTYwOThhOGUzOmVzOmVzOkVT&amp;usg=AFQjCNEmT56nYABm7IEkua-B4_mtY4wHMQ\">Dolores Delgado, Fiscal General del Estado: \u00abLas mujeres a\u00fan nos vemos expuestas a cuestionamientos ajenos a nuestra funci\u00f3n\u201d &#8230; <\/a>&#8211; El Mundo<\/p>\n<p><a href=\"https:\/\/www.google.com\/url?rct=j&amp;sa=t&amp;url=https:\/\/www.informacion.es\/alicante\/2020\/11\/28\/maria-gamez-gamez-directora-general-guardia-civil-evitar-salida-de-pateras-25713128.html&amp;ct=ga&amp;cd=CAEYBioTMTg1NDM4NzU3NTU0Njk2NDg0MjIZYzAzNzJlYmMyZmVhZGE1OTplczplczpFUw&amp;usg=AFQjCNHGFI0nU2GgPsELSQ2Q3Gx_a0fsWQ\">Mar\u00eda G\u00e1mez G\u00e1mez, Directora General de la Guardia Civil: \u00abPara evitar la salida de pateras tenemos setenta efectivos desplegados en &#8230; <\/a>&#8211; Informaci\u00f3n<strong>\u00a0<\/strong><\/p>\n<p><strong>Institucional-CCAA<\/strong><\/p>\n<p><a href=\"https:\/\/www.google.com\/url?rct=j&amp;sa=t&amp;url=https:\/\/www.lavozdeltajo.com\/noticia\/53061\/castilla-la-mancha\/presupuesto--el-instituto-de-la-mujer-de-clm-contara-con-293-millones-en-2021.html&amp;ct=ga&amp;cd=CAEYACoUMTA4NDcyMTQ3NjAxNDIzMTYyODMyGWMwMzcyZWJjMmZlYWRhNTk6ZXM6ZXM6RVM&amp;usg=AFQjCNGDoxGBDpgJtmXh7Y9uKhyMnw7zqA\">El Instituto de la Mujer de CLM contar\u00e1 con 29,3 millones en 2021- <\/a><a href=\"http:\/\/lavozdeltajo.com\">lavozdeltajo.com<\/a><\/p>\n<p><a href=\"https:\/\/www.google.com\/url?rct=j&amp;sa=t&amp;url=https:\/\/elsemanaldelamancha.com\/art\/36013\/exito-del-ii-foro-de-mujeres-cooperativistas-con-mas-de-un-centenar-de-mujeres-lideres-agrarias-de-la-region-junto-a-teresa-viejo&amp;ct=ga&amp;cd=CAEYAioUMTA4NDcyMTQ3NjAxNDIzMTYyODMyGWMwMzcyZWJjMmZlYWRhNTk6ZXM6ZXM6RVM&amp;usg=AFQjCNELWPjJG5RwHWONKJ5JJfky3I2ddw\">\u00c9xito del II Foro de Mujeres Cooperativistas con m\u00e1s de un centenar de mujeres \u00abl\u00edderes agrarias &#8230; <\/a>&#8211; El Semanal de La Mancha<\/p>\n<p><a href=\"https:\/\/www.google.com\/url?rct=j&amp;sa=t&amp;url=https:\/\/www.lasprovincias.es\/valencia-ciudad\/valencia-creara-programa-20201129165152-nt.html&amp;ct=ga&amp;cd=CAEYACoUMTU5NjA1NzI5ODk0MDU1MzUzMjYyGWUxZTc3ZDE1NjA5OGE4ZTM6ZXM6ZXM6RVM&amp;usg=AFQjCNFuuUNnatRmJXCWyG8ghxeZee5xoA\">Valencia crear\u00e1 un programa para tratar de rehabilitar a maltratadores adolescentes <\/a>&#8211; Las Provincias<\/p>\n<p><a href=\"https:\/\/www.google.com\/url?rct=j&amp;sa=t&amp;url=https:\/\/icexs.com\/noticias\/ii-jornadas-contra-la-violencia-sexual\/&amp;ct=ga&amp;cd=CAEYBSoTOTg4MTUzNjY3ODY1MzUyMzU3NTIZYzAzNzJlYmMyZmVhZGE1OTplczplczpFUw&amp;usg=AFQjCNGyw0zTouPWeaECJY56btYIpCNKvA\">II Jornadas contra la Violencia Sexual en Extremadura <\/a>&#8211; Instituto Cl\u00ednico Extreme\u00f1o de Sexolog\u00eda<\/p>\n<p><strong>Econom\u00eda y Empresas<\/strong><\/p>\n<p><a href=\"https:\/\/www.google.com\/url?rct=j&amp;sa=t&amp;url=https:\/\/www.65ymas.com\/economia\/pensiones\/pensiones-contributivas-hombre-cobra-media-421-euros-mas-mujer_21724_102.html&amp;ct=ga&amp;cd=CAEYHyoUMTA4NDcyMTQ3NjAxNDIzMTYyODMyGWMwMzcyZWJjMmZlYWRhNTk6ZXM6ZXM6RVM&amp;usg=AFQjCNHMJHx9tHgJVqSKMkZtWt55TjDxNQ\">Pensiones contributivas: Un hombre cobra de media 421 euros m\u00e1s que una mujer <\/a>&#8211; 65ymas.com<\/p>\n<p><a href=\"https:\/\/cincodias.elpais.com\/cincodias\/2020\/11\/27\/legal\/1606461315_331931.html\">El techo de cristal en los grandes bufetes: solo un 20% de los socios son mujeres<\/a>&#8211; El Pa\u00eds<\/p>\n<p><a href=\"https:\/\/www.google.com\/url?rct=j&amp;sa=t&amp;url=https:\/\/castellonplaza.com\/el-rol-de-la-mujer-en-la-empresa-tech-a-debate-en-lasemana-focus-pyme-y-emprendimiento-de-la-comunitat&amp;ct=ga&amp;cd=CAEYACoUMTY3MDcwNzYwODc0NzE2NjM5NzcyGWMwMzcyZWJjMmZlYWRhNTk6ZXM6ZXM6RVM&amp;usg=AFQjCNHPHQH17UGU_A5ABdKBH8H7t9lpIA\">El rol de la mujer en la empresa &#8216;tech&#8217;, a debate en la Semana Focus Pyme y Emprendimiento de &#8230; <\/a>&#8211; castellonplaza.com<\/p>\n<p><a href=\"https:\/\/www.google.com\/url?rct=j&amp;sa=t&amp;url=https:\/\/www.elsaltodiario.com\/economia-social\/las-empresas-de-insercion-en-espana-impacto-social-y-retorno-economico&amp;ct=ga&amp;cd=CAEYACoUMTc0MTYwNzgyMDMyMTg2NzE5MzIyGzkxODg1N2NkNjBmOTc3NDg6ZXM6ZXM6RVM6TA&amp;usg=AFQjCNE0EdCUEK1SziO3u2xhqECyTFKuKA\">Las Empresas de Inserci\u00f3n en Espa\u00f1a: impacto social y retorno econ\u00f3mico &#8211; <\/a>El Salto<\/p>\n<p><a href=\"https:\/\/www.mujeremprendedora.net\/crecimiento-inclusivo-convierte-estrategia-largo-plazp-empresas-apuesta-real-alianzas\/\">El crecimiento inclusivo se convierte en una estrategia a largo plazo para las empresas y en una apuesta real por las alianzas<\/a> \u2013 Mujeremprendedora.net<\/p>\n<p><a href=\"https:\/\/www.eldiario.es\/economia\/cristina-sanchez-pandemia-agravado-brecha-grandes-empresas-pymes-materia-sostenibilidad_128_6465851.html\">Cristina S\u00e1nchez: \u00abLa pandemia ha agravado la brecha entre grandes empresas y pymes en materia de sostenibilidad\u00bb<\/a>-eldiario.es<\/p>\n<p><strong>Actualidad<\/strong><\/p>\n<p><a href=\"https:\/\/www.google.com\/url?rct=j&amp;sa=t&amp;url=https:\/\/www.newtral.es\/espana-pais-bienestar-mujeres\/20201128\/&amp;ct=ga&amp;cd=CAEYASoTMTYxMjMzMTU1ODY5NzA1NjYzMDIZYzAzNzJlYmMyZmVhZGE1OTplczplczpFUw&amp;usg=AFQjCNE_kMKGpHJHFFoGtdwCv8WfSrC4Mw\">Espa\u00f1a ya no es el quinto pa\u00eds con m\u00e1s bienestar para las mujeres seg\u00fan Georgetown, ahora &#8230; <\/a>&#8211; Newtral<\/p>\n<p><a href=\"https:\/\/www.google.com\/url?rct=j&amp;sa=t&amp;url=https:\/\/valenciaplaza.com\/ovodonacion-exito-infertilidad-femenina&amp;ct=ga&amp;cd=CAEYESoUMTA4NDcyMTQ3NjAxNDIzMTYyODMyGWMwMzcyZWJjMmZlYWRhNTk6ZXM6ZXM6RVM&amp;usg=AFQjCNHDhATcmKWa1y9LjUHJGUz7qjk0xQ\">Ovodonaci\u00f3n, una t\u00e9cnica con alto porcentaje de \u00e9xito en caso de infertilidad femenina <\/a>&#8211; valenciaplaza.com<\/p>\n<p><a href=\"https:\/\/www.google.com\/url?rct=j&amp;sa=t&amp;url=https:\/\/www.lavanguardia.com\/vida\/20201129\/49791991304\/un-estudio-avala-eliminar-la-altura-minima-para-que-haya-mas-mujeres-policias.html&amp;ct=ga&amp;cd=CAEYACoUMTgxOTMxMzcxNTA0NTk2NjcwNDIyGWMwMzcyZWJjMmZlYWRhNTk6ZXM6ZXM6RVM&amp;usg=AFQjCNFhXuAmvV7glkPEZ2uLjc6QJU4Zzg\">Un estudio avala eliminar la altura m\u00ednima para que haya m\u00e1s mujeres polic\u00edas <\/a>&#8211; La Vanguardia<\/p>\n<p><a href=\"https:\/\/www.google.com\/url?rct=j&amp;sa=t&amp;url=https:\/\/www.discapnet.es\/Foro-Social-Mujeres-Ninas-FCM&amp;ct=ga&amp;cd=CAEYASoTNTU4OTA1NjkwNDE5MDYwOTA5OTIZYzAzNzJlYmMyZmVhZGE1OTplczplczpFUw&amp;usg=AFQjCNGchZm6UjIIZ16nNhIImGyIRhSH6g\">CERMI Mujeres en el IV Foro Social de Mujeres y Ni\u00f1as con Discapacidad dar\u00e1 voz a mujeres y &#8230; <\/a>&#8211; Discapnet<\/p>\n<p><strong>Violencias<\/strong><\/p>\n<p><a href=\"https:\/\/www.google.com\/url?rct=j&amp;sa=t&amp;url=https:\/\/www.razon.com.mx\/virales\/violencia-generoa-avanza-normativa-falta-ambito-digital-senala-especialista-salle-414203&amp;ct=ga&amp;cd=CAEYBioSNTQ2NjY0MDUyMjQzOTMyNDY5MhllMWU3N2QxNTYwOThhOGUzOmVzOmVzOkVT&amp;usg=AFQjCNEuYgsnp445G0wUl6cxb4qVryb1iQ\">Violencia de g\u00e9nero avanza en normativa, pero a\u00fan falta m\u00e1s por hacer en lo digital, dice &#8230; <\/a>&#8211; La Raz\u00f3n<\/p>\n<p><a href=\"https:\/\/www.google.com\/url?rct=j&amp;sa=t&amp;url=https:\/\/www.noticiasde.es\/espana\/el-stalkerware-la-amenaza-silenciosa-que-utiliza-la-tecnologia-para-controlar-a-las-victimas-de-violencia-domestica-2\/&amp;ct=ga&amp;cd=CAEYACoUMTc3MzA1MzY3MjQ5Mjg3NTA0MjMyGWUxZTc3ZDE1NjA5OGE4ZTM6ZXM6ZXM6RVM&amp;usg=AFQjCNHzo6RGVEb8Ocak5OhYcDLee4eMsw\">El &#8216;stalkerware&#8217;, la amenaza silenciosa que utiliza la tecnolog\u00eda para controlar a las v\u00edctimas de &#8230; <\/a>&#8211; NoticiasDe.es<\/p>\n<p><a href=\"https:\/\/www.google.com\/url?rct=j&amp;sa=t&amp;url=https:\/\/www.eldiario.es\/canariasahora\/sociedad\/cara-oculta-prostitucion-2-0-pornografia-prepara-violencia_1_6466646.html&amp;ct=ga&amp;cd=CAEYAioTMjg0OTI4MzIyODU1MzEzMzg3NzIZYzAzNzJlYmMyZmVhZGE1OTplczplczpFUw&amp;usg=AFQjCNE7ujmos9q8ek11AhcdKNtuO2djHg\">La cara oculta de la \u00abprostituci\u00f3n 2.0\u00bb o c\u00f3mo la pornograf\u00eda \u00abprepara para la violencia\u00bb <\/a>&#8211; eldiario.es<\/p>\n<p><strong>Ciencia y Cultura<\/strong><\/p>\n<p><a href=\"https:\/\/www.google.com\/url?rct=j&amp;sa=t&amp;url=https:\/\/www.infosalus.com\/mujer\/noticia-investigacion-canceres-mama-mas-agresivos-abre-puerta-diseno-nuevos-farmacos-eficaces-20201127124435.html&amp;ct=ga&amp;cd=CAEYJCoUMTA4NDcyMTQ3NjAxNDIzMTYyODMyGWMwMzcyZWJjMmZlYWRhNTk6ZXM6ZXM6RVM&amp;usg=AFQjCNHklrBQbm_gtYG2VdibjCM5-O0QIg\">Una investigaci\u00f3n sobre uno de los c\u00e1nceres de mama m\u00e1s agresivos abre la puerta al dise\u00f1o de nuevos f\u00e1rmacos eficaces&#8230; <\/a>&#8211; <a href=\"http:\/\/infosalus.com\">infosalus.com<\/a><\/p>\n<p><a href=\"https:\/\/elpais.com\/ciencia\/2020-11-27\/demasiado-inteligentes-para-ser-biologas.html\">Demasiado inteligentes para ser bi\u00f3logas<\/a> \u2013 El Pa\u00eds<\/p>\n<p><a href=\"https:\/\/www.eldiario.es\/cultura\/cine\/actriz-angela-molina-recibe-goya-honor-2021_1_6469830.html\">La actriz \u00c1ngela Molina recibe el Goya de Honor 2021<\/a><\/p>\n<p><a href=\"https:\/\/www.google.com\/url?rct=j&amp;sa=t&amp;url=https:\/\/www.cartv.es\/aragoncultura\/nuestra-cultura\/tres-siglos-de-maria-andresa-casamayor-la-primera-escritora-de-ciencia-en-espanol-5245&amp;ct=ga&amp;cd=CAEYACoTNTc1MTE0OTY3NDcxMjY3MDEwMjIZYzAzNzJlYmMyZmVhZGE1OTplczplczpFUw&amp;usg=AFQjCNFc5428PTCIxTDGu2cc3H20RDMKlw\">Tres siglos de Mar\u00eda Andresa Casamayor, la primera escritora de ciencia en espa\u00f1ol <\/a>&#8211; CARTV<\/p>\n<p><a href=\"https:\/\/www.google.com\/url?rct=j&amp;sa=t&amp;url=https:\/\/www.radiohuesca.com\/cultura\/angela-abos-recibe-el-premio-iman-de-la-asociacion-aragonesa-de-escritores-27112020-147216.html&amp;ct=ga&amp;cd=CAEYIyoUMTA4NDcyMTQ3NjAxNDIzMTYyODMyGWMwMzcyZWJjMmZlYWRhNTk6ZXM6ZXM6RVM&amp;usg=AFQjCNFxUpU8eblydNg7yA537EvGaqh1YA\">\u00c1ngela Ab\u00f3s recibe el Premio Im\u00e1n de la Asociaci\u00f3n Aragonesa de Escritores <\/a>&#8211; Radio Huesca<\/p>\n<p><a href=\"https:\/\/www.google.com\/url?rct=j&amp;sa=t&amp;url=https:\/\/eldiadigital.es\/art\/347482\/la-fundacion-festival-internacional-de-teatro-clasico-de-almagro-despide-el-ano-con-danza-teatro-talleres-y-charlas&amp;ct=ga&amp;cd=CAEYASoTNTc1MTE0OTY3NDcxMjY3MDEwMjIZYzAzNzJlYmMyZmVhZGE1OTplczplczpFUw&amp;usg=AFQjCNGVwZuCDVfomHUxE7eQ5e6fcEqgGA\">La Fundaci\u00f3n Festival Internacional de Teatro Cl\u00e1sico de Almagro despide el a\u00f1o con danza &#8230; <\/a>&#8211; <a href=\"http:\/\/eldiadigital.es\">eldiadigital.es<\/a><\/p>\n<p><a href=\"https:\/\/www.audiovisual451.com\/la-jornadas-la-mirada-propia-debaten-sobre-la-creacion-audiovisual-femenina-y-abren-plazo-para-su-tutoria-de-proyectos\/\">La jornadas La Mirada Propia debaten sobre la creaci\u00f3n audiovisual femenina y abren plazo para su tutor\u00eda de proyectos<\/a>-audiovisual451.com<\/p>\n<p><a href=\"https:\/\/www.eldiarioalerta.com\/content\/print\/biografia-cadaver-mujer-nominado-premios-goya\/2020113009142492372\">&#8216;Biograf\u00eda del cad\u00e1ver de una mujer&#8217;, nominado a los Premios Goya<\/a>-eldiarioalerta.com<\/p>\n<p><a href=\"https:\/\/www.eldiario.es\/cultura\/arte\/5-puntos-desmontan-invitadas-exposicion-feminista-museo-prado_130_6453801.html\">Cinco razones por las que la exposici\u00f3n feminista &#8216;Invitadas&#8217; del Museo del Prado no lo es tanto -eldiario.es<\/a><\/p>\n<p><strong>Deporte<\/strong><\/p>\n<p><a href=\"https:\/\/elpais.com\/deportes\/2020-11-29\/oro-para-la-pionera-de-103-anos.html\">Oro a los 103 a\u00f1os<\/a> \u2013 El Pa\u00eds<\/p>\n<p><a href=\"https:\/\/elpais.com\/deportes\/2020-11-29\/jenni-hermoso-tenemos-la-responsabilidad-de-que-las-ninas-y-ninos-nos-vean-como-algo-que-quieren-ser.html\">Jenni Hermoso: \u201cTenemos la responsabilidad de que las ni\u00f1as y ni\u00f1os nos vean como algo que quieren ser\u201d <\/a>\u2013 El Pa\u00eds<\/p>\n<p><a href=\"https:\/\/eldesmarque.com\/actualidad\/deporte-femenino\/mujer-y-deporte\/1441486-silvia-navarro-veterania-y-pasion-santo-y-sena-de-las-guerreras\">Silvia Navarro: veteran\u00eda y pasi\u00f3n, santo y se\u00f1a de las Guerreras<\/a>-eldesmarque.com<\/p>\n<p>[\/toggle]<\/p>\n<p>[toggle type=\u00bbfirst\u00bb title=\u00bbInternacional\u00bb]<\/p>\n<p><a href=\"https:\/\/www.google.com\/url?rct=j&amp;sa=t&amp;url=https:\/\/www.eldiario.es\/economia\/gran-coalicion-merkel-acuerda-lanzar-ley-cuotas-feminizar-direccion-grandes-empresas_1_6464707.html&amp;ct=ga&amp;cd=CAEYBSoUMTE1ODkyMTQ5OTk3NjU4NzQ4MzkyGWMwMzcyZWJjMmZlYWRhNTk6ZXM6ZXM6RVM&amp;usg=AFQjCNErzLZl4GG6-gMa1J1NZEWMyCDEwQ\">La gran coalici\u00f3n de Merkel pacta una ley de cuotas para feminizar la direcci\u00f3n de las grandes &#8230; <\/a>&#8211;<u>eldiario.es<\/u><\/p>\n<p><a href=\"https:\/\/www.google.com\/url?rct=j&amp;sa=t&amp;url=https:\/\/lider919.com\/karen-castrejon-se-convierte-en-la-primera-mujer-en-dirigir-el-partido-verde&amp;ct=ga&amp;cd=CAEYACoTNjI2NzA3NDEwNjMzOTU5OTMxMDIZYzAzNzJlYmMyZmVhZGE1OTplczplczpFUw&amp;usg=AFQjCNFU3_bKH7zWssM9-xoIXso-7a0gfw\">Karen Castrej\u00f3n se convierte en la primera mujer en dirigir el Partido Verde <\/a>&#8211; L\u00edder Informativo<\/p>\n<p><a href=\"https:\/\/www.google.com\/url?rct=j&amp;sa=t&amp;url=https:\/\/www.swissinfo.ch\/spa\/la--mayor%25C3%25ADa-silenciosa--en-polonia--a-favor-de-una-estricta-ley-del-aborto\/46191536&amp;ct=ga&amp;cd=CAEYAioUMTY3MDcwNzYwODc0NzE2NjM5NzcyGWMwMzcyZWJjMmZlYWRhNTk6ZXM6ZXM6RVM&amp;usg=AFQjCNGGeQyUCx1r6lulB7HrPA92TXEHaA\">La \u00abmayor\u00eda silenciosa\u00bb en Polonia, a favor de una estricta ley del aborto <\/a>&#8211; swissinfo.ch<\/p>\n<p><a href=\"https:\/\/www.google.com\/url?rct=j&amp;sa=t&amp;url=https:\/\/www.la-razon.com\/nacional\/2020\/11\/27\/el-gobierno-activa-siete-acciones-para-enfrentar-la-crisis-y-la-violencia-hacia-la-mujer\/&amp;ct=ga&amp;cd=CAEYAyoUMTcyNDU3MjY5MDIxNDE2Njk0MDUyGWMwMzcyZWJjMmZlYWRhNTk6ZXM6ZXM6RVM&amp;usg=AFQjCNE704nzndg5hleV8VX-Bu42zxuHnw\">El Gobierno activa siete acciones para enfrentar la crisis y la violencia hacia la mujer <\/a>&#8211; La Raz\u00f3n<\/p>\n<p><a href=\"https:\/\/www.google.com\/url?rct=j&amp;sa=t&amp;url=https:\/\/www.enfoqueinformativo.mx\/la-cuarta-transformacion-requiere-del-respaldo-de-las-mujeres-adela-roman-ocampo\/&amp;ct=ga&amp;cd=CAEYASoSNzAyNzc0OTg4OTI0NzEzNDQ5MhljMDM3MmViYzJmZWFkYTU5OmVzOmVzOkVT&amp;usg=AFQjCNH5v8kQGUwYyciBkA1H3ww9A-xi0A\">La Cuarta Transformaci\u00f3n requiere del respaldo de las Mujeres: Adela Rom\u00e1n Ocampo <\/a>&#8211; Enfoque Informativo<\/p>\n<p><a href=\"https:\/\/www.google.com\/url?rct=j&amp;sa=t&amp;url=https:\/\/www.nacion.com\/el-pais\/educacion\/mujeres-lidian-con-carrera-de-obstaculos-para-ser\/ZGXOT3PN6BA3VGKOCF64TM66Z4\/story\/&amp;ct=ga&amp;cd=CAEYESoTMjk0Mjc2ODQ4NTM3ODc4OTE4NjIZYzAzNzJlYmMyZmVhZGE1OTplczplczpFUw&amp;usg=AFQjCNEKbslglHrtUObHbJqIQG9K3nf0zg\">Mujeres lidian con carrera de obst\u00e1culos para ser profesionales en ciencia y tecnolog\u00eda <\/a>&#8211; La Naci\u00f3n Costa Rica<\/p>\n<p><a href=\"https:\/\/www.google.com\/url?rct=j&amp;sa=t&amp;url=https:\/\/www.elespanol.com\/mujer\/protagonistas\/20201130\/clara-astrofisica-investiga-venus-departamentos-hombres-mediocres\/539196244_0.html&amp;ct=ga&amp;cd=CAEYACoTNDc5NjkwNDU5OTY0NTYyMTY3ODIZYzAzNzJlYmMyZmVhZGE1OTplczplczpFUw&amp;usg=AFQjCNE2QUctN0FgAtRfDF0NvZeYiOCgpw\">Clara Sousa e Silva, la astrof\u00edsica que investiga si hay vida en Venus: \u201cLos departamentos est\u00e1n llenos de &#8230; <\/a>&#8211; El Espa\u00f1ol<\/p>\n<p><a href=\"https:\/\/www.google.com\/url?rct=j&amp;sa=t&amp;url=https:\/\/futbol.radioformula.com.mx\/fuera-de-juego\/laura-pausini-critica-amplia-cobertura-a-muerte-de-maradona-lo-llama-un-hombre-poco-apreciable\/&amp;ct=ga&amp;cd=CAEYASoUMTQzNDcyOTAwNTcwNTU1ODMyNjgyGWUyZGVmYTdkNWRhOTE1N2Q6ZXM6ZXM6RVM&amp;usg=AFQjCNEiK4_dmS-Uz3330QIKJsKyu8OCIw\">Laura Pausini critica amplia cobertura a muerte de Maradona; lo llama un &#8216;hombre poco apreciable&#8217; <\/a>-F\u00fatbol en F\u00f3rmula<\/p>\n<p>[\/toggle]<\/p>\n<\/div>\n<\/div>\n<\/div>\n<\/div>\n<\/div>\n<\/div>\n","protected":false},"excerpt":{"rendered":"<p>Dolores Delgado: \u00abLas mujeres a\u00fan nos vemos expuestas a cuestionamientos <a href=\"https:\/\/cklcomunicaciones.es\/coop\/noticias-info-ckl-no-2-524-30-11-20\/\">[&#8230;]<\/a><\/p>\n","protected":false},"author":3,"featured_media":0,"comment_status":"closed","ping_status":"closed","sticky":false,"template":"","format":"standard","meta":{"footnotes":""},"categories":[298,623],"tags":[213,219],"class_list":["post-15160","post","type-post","status-publish","format-standard","hentry","category-newsletter","category-nwl-2-0","tag-comunicacion-inclusiva","tag-perspectiva-de-genero"],"yoast_head":"<!-- This site is optimized with the Yoast SEO plugin v27.5 - https:\/\/yoast.com\/product\/yoast-seo-wordpress\/ -->\n<title>Noticias Info CKL n\u00ba 2.524-30\/11\/20-Comunicar con perspectiva de g\u00e9nero<\/title>\n<meta name=\"description\" content=\"Comunicar con perspectiva de g\u00e9nero: Dolores Delgado: &quot;Las mujeres a\u00fan nos vemos expuestas a cuestionamientos ajenos a nuestra funci\u00f3n\u201d-\u00c1ngela Molina Goya de Honor 2021\" \/>\n<meta name=\"robots\" content=\"index, follow, max-snippet:-1, max-image-preview:large, max-video-preview:-1\" \/>\n<link rel=\"canonical\" href=\"https:\/\/cklcomunicaciones.es\/coop\/noticias-info-ckl-no-2-524-30-11-20\/\" \/>\n<meta property=\"og:locale\" content=\"es_ES\" \/>\n<meta property=\"og:type\" content=\"article\" \/>\n<meta property=\"og:title\" content=\"Noticias Info CKL n\u00ba 2.524-30\/11\/20-Comunicar con perspectiva de g\u00e9nero\" \/>\n<meta property=\"og:description\" content=\"Comunicar con perspectiva de g\u00e9nero: Dolores Delgado: &quot;Las mujeres a\u00fan nos vemos expuestas a cuestionamientos ajenos a nuestra funci\u00f3n\u201d-\u00c1ngela Molina Goya de Honor 2021\" \/>\n<meta property=\"og:url\" content=\"https:\/\/cklcomunicaciones.es\/coop\/noticias-info-ckl-no-2-524-30-11-20\/\" \/>\n<meta property=\"og:site_name\" content=\"CKL Comunicaciones\" \/>\n<meta property=\"article:published_time\" content=\"2020-11-30T12:37:25+00:00\" \/>\n<meta property=\"article:modified_time\" content=\"2025-01-17T15:47:24+00:00\" \/>\n<meta property=\"og:image\" content=\"https:\/\/cklcomunicaciones.es\/coop\/wp-content\/uploads\/2018\/03\/CKL_comunicacion-con-perspetiva-de-genero.jpg\" \/>\n\t<meta property=\"og:image:width\" content=\"500\" \/>\n\t<meta property=\"og:image:height\" content=\"500\" \/>\n\t<meta property=\"og:image:type\" content=\"image\/jpeg\" \/>\n<meta name=\"author\" content=\"ckl\" \/>\n<meta name=\"twitter:card\" content=\"summary_large_image\" \/>\n<meta name=\"twitter:label1\" content=\"Escrito por\" \/>\n\t<meta name=\"twitter:data1\" content=\"ckl\" \/>\n\t<meta name=\"twitter:label2\" content=\"Tiempo de lectura\" \/>\n\t<meta name=\"twitter:data2\" content=\"7 minutos\" \/>\n<script type=\"application\/ld+json\" class=\"yoast-schema-graph\">{\"@context\":\"https:\\\/\\\/schema.org\",\"@graph\":[{\"@type\":\"Article\",\"@id\":\"https:\\\/\\\/cklcomunicaciones.es\\\/coop\\\/noticias-info-ckl-no-2-524-30-11-20\\\/#article\",\"isPartOf\":{\"@id\":\"https:\\\/\\\/cklcomunicaciones.es\\\/coop\\\/noticias-info-ckl-no-2-524-30-11-20\\\/\"},\"author\":{\"name\":\"ckl\",\"@id\":\"https:\\\/\\\/cklcomunicaciones.es\\\/coop\\\/#\\\/schema\\\/person\\\/929a6837f7626450bbb50cee1aef266e\"},\"headline\":\"Noticias Info CKL n\u00ba 2.524-30\\\/11\\\/20\",\"datePublished\":\"2020-11-30T12:37:25+00:00\",\"dateModified\":\"2025-01-17T15:47:24+00:00\",\"mainEntityOfPage\":{\"@id\":\"https:\\\/\\\/cklcomunicaciones.es\\\/coop\\\/noticias-info-ckl-no-2-524-30-11-20\\\/\"},\"wordCount\":1310,\"image\":{\"@id\":\"https:\\\/\\\/cklcomunicaciones.es\\\/coop\\\/noticias-info-ckl-no-2-524-30-11-20\\\/#primaryimage\"},\"thumbnailUrl\":\"http:\\\/\\\/www.cklcomunicaciones.es\\\/wp-content\\\/uploads\\\/2018\\\/03\\\/CKL_comunicacion-con-perspetiva-de-genero-300x300.jpg\",\"keywords\":[\"comunicaci\u00f3n inclusiva\",\"perspectiva de g\u00e9nero\"],\"articleSection\":[\"Newsletter\",\"Nwl v2.0\"],\"inLanguage\":\"es\"},{\"@type\":\"WebPage\",\"@id\":\"https:\\\/\\\/cklcomunicaciones.es\\\/coop\\\/noticias-info-ckl-no-2-524-30-11-20\\\/\",\"url\":\"https:\\\/\\\/cklcomunicaciones.es\\\/coop\\\/noticias-info-ckl-no-2-524-30-11-20\\\/\",\"name\":\"Noticias Info CKL n\u00ba 2.524-30\\\/11\\\/20-Comunicar con perspectiva de g\u00e9nero\",\"isPartOf\":{\"@id\":\"https:\\\/\\\/cklcomunicaciones.es\\\/coop\\\/#website\"},\"primaryImageOfPage\":{\"@id\":\"https:\\\/\\\/cklcomunicaciones.es\\\/coop\\\/noticias-info-ckl-no-2-524-30-11-20\\\/#primaryimage\"},\"image\":{\"@id\":\"https:\\\/\\\/cklcomunicaciones.es\\\/coop\\\/noticias-info-ckl-no-2-524-30-11-20\\\/#primaryimage\"},\"thumbnailUrl\":\"http:\\\/\\\/www.cklcomunicaciones.es\\\/wp-content\\\/uploads\\\/2018\\\/03\\\/CKL_comunicacion-con-perspetiva-de-genero-300x300.jpg\",\"datePublished\":\"2020-11-30T12:37:25+00:00\",\"dateModified\":\"2025-01-17T15:47:24+00:00\",\"author\":{\"@id\":\"https:\\\/\\\/cklcomunicaciones.es\\\/coop\\\/#\\\/schema\\\/person\\\/929a6837f7626450bbb50cee1aef266e\"},\"description\":\"Comunicar con perspectiva de g\u00e9nero: Dolores Delgado: \\\"Las mujeres a\u00fan nos vemos expuestas a cuestionamientos ajenos a nuestra funci\u00f3n\u201d-\u00c1ngela Molina Goya de Honor 2021\",\"breadcrumb\":{\"@id\":\"https:\\\/\\\/cklcomunicaciones.es\\\/coop\\\/noticias-info-ckl-no-2-524-30-11-20\\\/#breadcrumb\"},\"inLanguage\":\"es\",\"potentialAction\":[{\"@type\":\"ReadAction\",\"target\":[\"https:\\\/\\\/cklcomunicaciones.es\\\/coop\\\/noticias-info-ckl-no-2-524-30-11-20\\\/\"]}]},{\"@type\":\"ImageObject\",\"inLanguage\":\"es\",\"@id\":\"https:\\\/\\\/cklcomunicaciones.es\\\/coop\\\/noticias-info-ckl-no-2-524-30-11-20\\\/#primaryimage\",\"url\":\"http:\\\/\\\/www.cklcomunicaciones.es\\\/wp-content\\\/uploads\\\/2018\\\/03\\\/CKL_comunicacion-con-perspetiva-de-genero-300x300.jpg\",\"contentUrl\":\"http:\\\/\\\/www.cklcomunicaciones.es\\\/wp-content\\\/uploads\\\/2018\\\/03\\\/CKL_comunicacion-con-perspetiva-de-genero-300x300.jpg\"},{\"@type\":\"BreadcrumbList\",\"@id\":\"https:\\\/\\\/cklcomunicaciones.es\\\/coop\\\/noticias-info-ckl-no-2-524-30-11-20\\\/#breadcrumb\",\"itemListElement\":[{\"@type\":\"ListItem\",\"position\":1,\"name\":\"Portada\",\"item\":\"https:\\\/\\\/cklcomunicaciones.es\\\/coop\\\/\"},{\"@type\":\"ListItem\",\"position\":2,\"name\":\"Noticias Info CKL n\u00ba 2.524-30\\\/11\\\/20\"}]},{\"@type\":\"WebSite\",\"@id\":\"https:\\\/\\\/cklcomunicaciones.es\\\/coop\\\/#website\",\"url\":\"https:\\\/\\\/cklcomunicaciones.es\\\/coop\\\/\",\"name\":\"CKL Comunicaciones\",\"description\":\"Sitio web de CKL Comunicaciones coop , la consultora de comunicaci\u00f3n y estrategia\",\"potentialAction\":[{\"@type\":\"SearchAction\",\"target\":{\"@type\":\"EntryPoint\",\"urlTemplate\":\"https:\\\/\\\/cklcomunicaciones.es\\\/coop\\\/?s={search_term_string}\"},\"query-input\":{\"@type\":\"PropertyValueSpecification\",\"valueRequired\":true,\"valueName\":\"search_term_string\"}}],\"inLanguage\":\"es\"},{\"@type\":\"Person\",\"@id\":\"https:\\\/\\\/cklcomunicaciones.es\\\/coop\\\/#\\\/schema\\\/person\\\/929a6837f7626450bbb50cee1aef266e\",\"name\":\"ckl\",\"image\":{\"@type\":\"ImageObject\",\"inLanguage\":\"es\",\"@id\":\"https:\\\/\\\/secure.gravatar.com\\\/avatar\\\/c82db564e8a669bf6023357a157b9dc4780f4d4c618f2ad1d71a6a5dede45057?s=96&d=mm&r=g\",\"url\":\"https:\\\/\\\/secure.gravatar.com\\\/avatar\\\/c82db564e8a669bf6023357a157b9dc4780f4d4c618f2ad1d71a6a5dede45057?s=96&d=mm&r=g\",\"contentUrl\":\"https:\\\/\\\/secure.gravatar.com\\\/avatar\\\/c82db564e8a669bf6023357a157b9dc4780f4d4c618f2ad1d71a6a5dede45057?s=96&d=mm&r=g\",\"caption\":\"ckl\"},\"url\":\"https:\\\/\\\/cklcomunicaciones.es\\\/coop\\\/author\\\/cklcomunicaciones\\\/\"}]}<\/script>\n<!-- \/ Yoast SEO plugin. -->","yoast_head_json":{"title":"Noticias Info CKL n\u00ba 2.524-30\/11\/20-Comunicar con perspectiva de g\u00e9nero","description":"Comunicar con perspectiva de g\u00e9nero: Dolores Delgado: \"Las mujeres a\u00fan nos vemos expuestas a cuestionamientos ajenos a nuestra funci\u00f3n\u201d-\u00c1ngela Molina Goya de Honor 2021","robots":{"index":"index","follow":"follow","max-snippet":"max-snippet:-1","max-image-preview":"max-image-preview:large","max-video-preview":"max-video-preview:-1"},"canonical":"https:\/\/cklcomunicaciones.es\/coop\/noticias-info-ckl-no-2-524-30-11-20\/","og_locale":"es_ES","og_type":"article","og_title":"Noticias Info CKL n\u00ba 2.524-30\/11\/20-Comunicar con perspectiva de g\u00e9nero","og_description":"Comunicar con perspectiva de g\u00e9nero: Dolores Delgado: \"Las mujeres a\u00fan nos vemos expuestas a cuestionamientos ajenos a nuestra funci\u00f3n\u201d-\u00c1ngela Molina Goya de Honor 2021","og_url":"https:\/\/cklcomunicaciones.es\/coop\/noticias-info-ckl-no-2-524-30-11-20\/","og_site_name":"CKL Comunicaciones","article_published_time":"2020-11-30T12:37:25+00:00","article_modified_time":"2025-01-17T15:47:24+00:00","og_image":[{"width":500,"height":500,"url":"https:\/\/cklcomunicaciones.es\/coop\/wp-content\/uploads\/2018\/03\/CKL_comunicacion-con-perspetiva-de-genero.jpg","type":"image\/jpeg"}],"author":"ckl","twitter_card":"summary_large_image","twitter_misc":{"Escrito por":"ckl","Tiempo de lectura":"7 minutos"},"schema":{"@context":"https:\/\/schema.org","@graph":[{"@type":"Article","@id":"https:\/\/cklcomunicaciones.es\/coop\/noticias-info-ckl-no-2-524-30-11-20\/#article","isPartOf":{"@id":"https:\/\/cklcomunicaciones.es\/coop\/noticias-info-ckl-no-2-524-30-11-20\/"},"author":{"name":"ckl","@id":"https:\/\/cklcomunicaciones.es\/coop\/#\/schema\/person\/929a6837f7626450bbb50cee1aef266e"},"headline":"Noticias Info CKL n\u00ba 2.524-30\/11\/20","datePublished":"2020-11-30T12:37:25+00:00","dateModified":"2025-01-17T15:47:24+00:00","mainEntityOfPage":{"@id":"https:\/\/cklcomunicaciones.es\/coop\/noticias-info-ckl-no-2-524-30-11-20\/"},"wordCount":1310,"image":{"@id":"https:\/\/cklcomunicaciones.es\/coop\/noticias-info-ckl-no-2-524-30-11-20\/#primaryimage"},"thumbnailUrl":"http:\/\/www.cklcomunicaciones.es\/wp-content\/uploads\/2018\/03\/CKL_comunicacion-con-perspetiva-de-genero-300x300.jpg","keywords":["comunicaci\u00f3n inclusiva","perspectiva de g\u00e9nero"],"articleSection":["Newsletter","Nwl v2.0"],"inLanguage":"es"},{"@type":"WebPage","@id":"https:\/\/cklcomunicaciones.es\/coop\/noticias-info-ckl-no-2-524-30-11-20\/","url":"https:\/\/cklcomunicaciones.es\/coop\/noticias-info-ckl-no-2-524-30-11-20\/","name":"Noticias Info CKL n\u00ba 2.524-30\/11\/20-Comunicar con perspectiva de g\u00e9nero","isPartOf":{"@id":"https:\/\/cklcomunicaciones.es\/coop\/#website"},"primaryImageOfPage":{"@id":"https:\/\/cklcomunicaciones.es\/coop\/noticias-info-ckl-no-2-524-30-11-20\/#primaryimage"},"image":{"@id":"https:\/\/cklcomunicaciones.es\/coop\/noticias-info-ckl-no-2-524-30-11-20\/#primaryimage"},"thumbnailUrl":"http:\/\/www.cklcomunicaciones.es\/wp-content\/uploads\/2018\/03\/CKL_comunicacion-con-perspetiva-de-genero-300x300.jpg","datePublished":"2020-11-30T12:37:25+00:00","dateModified":"2025-01-17T15:47:24+00:00","author":{"@id":"https:\/\/cklcomunicaciones.es\/coop\/#\/schema\/person\/929a6837f7626450bbb50cee1aef266e"},"description":"Comunicar con perspectiva de g\u00e9nero: Dolores Delgado: \"Las mujeres a\u00fan nos vemos expuestas a cuestionamientos ajenos a nuestra funci\u00f3n\u201d-\u00c1ngela Molina Goya de Honor 2021","breadcrumb":{"@id":"https:\/\/cklcomunicaciones.es\/coop\/noticias-info-ckl-no-2-524-30-11-20\/#breadcrumb"},"inLanguage":"es","potentialAction":[{"@type":"ReadAction","target":["https:\/\/cklcomunicaciones.es\/coop\/noticias-info-ckl-no-2-524-30-11-20\/"]}]},{"@type":"ImageObject","inLanguage":"es","@id":"https:\/\/cklcomunicaciones.es\/coop\/noticias-info-ckl-no-2-524-30-11-20\/#primaryimage","url":"http:\/\/www.cklcomunicaciones.es\/wp-content\/uploads\/2018\/03\/CKL_comunicacion-con-perspetiva-de-genero-300x300.jpg","contentUrl":"http:\/\/www.cklcomunicaciones.es\/wp-content\/uploads\/2018\/03\/CKL_comunicacion-con-perspetiva-de-genero-300x300.jpg"},{"@type":"BreadcrumbList","@id":"https:\/\/cklcomunicaciones.es\/coop\/noticias-info-ckl-no-2-524-30-11-20\/#breadcrumb","itemListElement":[{"@type":"ListItem","position":1,"name":"Portada","item":"https:\/\/cklcomunicaciones.es\/coop\/"},{"@type":"ListItem","position":2,"name":"Noticias Info CKL n\u00ba 2.524-30\/11\/20"}]},{"@type":"WebSite","@id":"https:\/\/cklcomunicaciones.es\/coop\/#website","url":"https:\/\/cklcomunicaciones.es\/coop\/","name":"CKL Comunicaciones","description":"Sitio web de CKL Comunicaciones coop , la consultora de comunicaci\u00f3n y estrategia","potentialAction":[{"@type":"SearchAction","target":{"@type":"EntryPoint","urlTemplate":"https:\/\/cklcomunicaciones.es\/coop\/?s={search_term_string}"},"query-input":{"@type":"PropertyValueSpecification","valueRequired":true,"valueName":"search_term_string"}}],"inLanguage":"es"},{"@type":"Person","@id":"https:\/\/cklcomunicaciones.es\/coop\/#\/schema\/person\/929a6837f7626450bbb50cee1aef266e","name":"ckl","image":{"@type":"ImageObject","inLanguage":"es","@id":"https:\/\/secure.gravatar.com\/avatar\/c82db564e8a669bf6023357a157b9dc4780f4d4c618f2ad1d71a6a5dede45057?s=96&d=mm&r=g","url":"https:\/\/secure.gravatar.com\/avatar\/c82db564e8a669bf6023357a157b9dc4780f4d4c618f2ad1d71a6a5dede45057?s=96&d=mm&r=g","contentUrl":"https:\/\/secure.gravatar.com\/avatar\/c82db564e8a669bf6023357a157b9dc4780f4d4c618f2ad1d71a6a5dede45057?s=96&d=mm&r=g","caption":"ckl"},"url":"https:\/\/cklcomunicaciones.es\/coop\/author\/cklcomunicaciones\/"}]}},"_links":{"self":[{"href":"https:\/\/cklcomunicaciones.es\/coop\/wp-json\/wp\/v2\/posts\/15160","targetHints":{"allow":["GET"]}}],"collection":[{"href":"https:\/\/cklcomunicaciones.es\/coop\/wp-json\/wp\/v2\/posts"}],"about":[{"href":"https:\/\/cklcomunicaciones.es\/coop\/wp-json\/wp\/v2\/types\/post"}],"author":[{"embeddable":true,"href":"https:\/\/cklcomunicaciones.es\/coop\/wp-json\/wp\/v2\/users\/3"}],"replies":[{"embeddable":true,"href":"https:\/\/cklcomunicaciones.es\/coop\/wp-json\/wp\/v2\/comments?post=15160"}],"version-history":[{"count":0,"href":"https:\/\/cklcomunicaciones.es\/coop\/wp-json\/wp\/v2\/posts\/15160\/revisions"}],"wp:attachment":[{"href":"https:\/\/cklcomunicaciones.es\/coop\/wp-json\/wp\/v2\/media?parent=15160"}],"wp:term":[{"taxonomy":"category","embeddable":true,"href":"https:\/\/cklcomunicaciones.es\/coop\/wp-json\/wp\/v2\/categories?post=15160"},{"taxonomy":"post_tag","embeddable":true,"href":"https:\/\/cklcomunicaciones.es\/coop\/wp-json\/wp\/v2\/tags?post=15160"}],"curies":[{"name":"wp","href":"https:\/\/api.w.org\/{rel}","templated":true}]}}