{"id":15158,"date":"2020-11-27T14:42:11","date_gmt":"2020-11-27T13:42:11","guid":{"rendered":"http:\/\/www.cklcomunicaciones.es\/?p=15158"},"modified":"2025-01-17T16:47:24","modified_gmt":"2025-01-17T15:47:24","slug":"noticias-info-ckl-no-2-523-27-11-20","status":"publish","type":"post","link":"https:\/\/cklcomunicaciones.es\/coop\/noticias-info-ckl-no-2-523-27-11-20\/","title":{"rendered":"Noticias Info CKL n\u00ba 2.523-27\/11\/20"},"content":{"rendered":"<div id=\"pl-15158\"  class=\"panel-layout\" >\n<div id=\"pg-15158-0\"  class=\"panel-grid panel-no-style\"  data-style=\"{&quot;background_image_attachment&quot;:false,&quot;background_display&quot;:&quot;tile&quot;,&quot;cell_alignment&quot;:&quot;flex-start&quot;}\" >\n<div id=\"pgc-15158-0-0\"  class=\"panel-grid-cell\"  data-weight=\"1\" >\n<div id=\"panel-15158-0-0-0\" class=\"so-panel widget widget_sow-editor panel-first-child panel-last-child\" data-index=\"0\" data-style=\"{&quot;background_image_attachment&quot;:false,&quot;background_display&quot;:&quot;tile&quot;}\" >\n<div class=\"so-widget-sow-editor so-widget-sow-editor-base\">\n<div class=\"siteorigin-widget-tinymce textwidget\">\n<p><img decoding=\"async\" class=\"lazyload  wp-image-13726\" src=\"http:\/\/www.cklcomunicaciones.es\/wp-content\/uploads\/2018\/03\/CKL_comunicacion-con-perspetiva-de-genero-300x300.jpg\" data-orig-src=\"http:\/\/www.cklcomunicaciones.es\/wp-content\/uploads\/2018\/03\/CKL_comunicacion-con-perspetiva-de-genero-300x300.jpg\" alt=\"CKL_comunicacion con perspetiva de genero\" width=\"132\" height=\"132\" srcset=\"data:image\/svg+xml,%3Csvg%20xmlns%3D%27http%3A%2F%2Fwww.w3.org%2F2000%2Fsvg%27%20width%3D%27132%27%20height%3D%27132%27%20viewBox%3D%270%200%20132%20132%27%3E%3Crect%20width%3D%27132%27%20height%3D%27132%27%20fill-opacity%3D%220%22%2F%3E%3C%2Fsvg%3E\" data-srcset=\"https:\/\/cklcomunicaciones.es\/coop\/wp-content\/uploads\/2018\/03\/CKL_comunicacion-con-perspetiva-de-genero-150x150.jpg 150w, https:\/\/cklcomunicaciones.es\/coop\/wp-content\/uploads\/2018\/03\/CKL_comunicacion-con-perspetiva-de-genero-300x300.jpg 300w, https:\/\/cklcomunicaciones.es\/coop\/wp-content\/uploads\/2018\/03\/CKL_comunicacion-con-perspetiva-de-genero-450x450.jpg 450w, https:\/\/cklcomunicaciones.es\/coop\/wp-content\/uploads\/2018\/03\/CKL_comunicacion-con-perspetiva-de-genero.jpg 500w\" data-sizes=\"auto\" data-orig-sizes=\"(max-width: 132px) 100vw, 132px\" \/><\/p>\n<p id=\":2mr\" class=\"hP\" tabindex=\"-1\" data-thread-perm-id=\"thread-f:1684519139813730787\" data-legacy-thread-id=\"17609d3b91f1a9e3\"><strong>Bibiana A\u00eddo: \u00abCuando hablamos de igualdad de g\u00e9nero, hablamos de lo que es m\u00e1s justo e inteligente-\u2018La boda de Rosa\u2019 y \u2018Las ni\u00f1as\u2019 con m\u00e1s candidaturas en los Premios Forqu\u00e9-Perseverar en la mirada sexista<\/strong><\/p>\n<p>[toggle type=\u00bbfirst\u00bb title=\u00bbConvocatorias\u00bb]<\/p>\n<ul>\n<li>Convocatoria EDYTA:\u00a0Innovaci\u00f3n educativa, digital y social, de Fundaci\u00f3n Orange, dirigida a la Administraci\u00f3n P\u00fablica o una Entidad sin \u00c1nimo de Lucro que trabaja para colectivos de mujeres en situaci\u00f3n de vulnerabilidad y\u00a0le interese este programa en educaci\u00f3n digital.\u00a0Presentaci\u00f3n de\u00a0candidaturas del\u00a0 20 noviembre al 9 de diciembre a las 10h. Informaci\u00f3n en <a href=\"http:\/\/www.fundacionorange.es\/abrimos-la-convocatoria-edyta-2020-2021\/\">http:\/\/www.fundacionorange.es\/abrimos-la-convocatoria-edyta-2020-2021\/<\/a><\/li>\n<li><a href=\"https:\/\/igualdad.us.es\/?p=4278\">Seminario Internacional &#8216;El Hilo de Ariadna. La dignidad y los derechos de las mujeres en la salida del laberinto&#8217;<\/a>. Manuel \u00c1ngel V\u00e1zquez Medel y Grupo de Investigaci\u00f3n en Teor\u00eda y Tecnolog\u00eda de la Comunicaci\u00f3n de la Universidad de Sevilla. 30 de noviembre. <a href=\"https:\/\/eu.bbcollab.com\/collab\/ui\/session\/guest\/e578b3d7693d4860b0611e91e7f3e261\">Enlace para su seguimiento en directo<\/a><\/li>\n<li><a href=\"http:\/\/www.juntadeandalucia.es\/iam\/catalogo\/doc\/convocatorias\/2020-genero\/EL-crea-gestiona-blog-Wordpress-fudacion-mujeres.pdf\">Taller &#8216;Crea y gestiona tu blog con WordPress&#8217; dirigido a mujeres emprendedoras y empresarias de Andaluc\u00eda<\/a>. Fundaci\u00f3n Mujeres; financia Consejer\u00eda de Igualdad, Pol\u00edticas Sociales y Conciliaci\u00f3n de la Junta de Andaluc\u00eda. 2, 3 y 4 de diciembre. <a href=\"https:\/\/docs.google.com\/forms\/d\/e\/1FAIpQLSeJDVHD0VEVB59q4AUeU6UgNAe4V-LlXEpVEJQN4bgz6IdXEA\/viewform\">Inscripciones<\/a><\/li>\n<li><a href=\"http:\/\/www.juntadeandalucia.es\/iam\/catalogo\/doc\/convocatorias\/2020-genero\/EL-editatona-defensoras-derechos-humanos.jpg\">Editatona &#8216;Encuentro Solidario Internacional para Editar en Wikipedia&#8217; en conmemoraci\u00f3n del D\u00eda Internacional de las Defensoras de los Derechos Humanos<\/a>. Calala, Iniciativa Mesoamericana de Mujeres Defensoras de los Derechos Humanos, Ecologistas en Acci\u00f3n, etc. 29 de noviembre. <a href=\"https:\/\/docs.google.com\/forms\/d\/e\/1FAIpQLSeiCJN-ZfWpQQqyBmurcv3Fj2EGrTKz0jxrbPKrCezGk0jrpQ\/viewform\">Inscripciones<\/a><\/li>\n<\/ul>\n<p><strong>\u00a0<\/strong>[\/toggle]<\/p>\n<p>[toggle type=\u00bbfirst\u00bb title=\u00bbComunicaci\u00f3n\u00bb]<\/p>\n<p><a href=\"https:\/\/elpais.com\/television\/2020-11-26\/rosa-maria-mateo-define-las-cosas-claras-como-un-espacio-de-infoentretenimiento.html\">Rosa Mar\u00eda Mateo define \u2018Las cosas claras\u2019 como un espacio de \u201cinfoentretenimiento\u201d <\/a>\u2013 El Pa\u00eds<\/p>\n<p><a href=\"https:\/\/www.ondacero.es\/emisoras\/andalucia\/sevilla\/noticias\/premios%20andalucia%20capital_202011265fbfacd6dde29400019481fc.html\">Onda Cero Andaluc\u00eda reconoce la actividad de las empresas andaluzas en los \u00abPremios Andaluc\u00eda Capital 2020\u00bb<\/a>-ondacero<\/p>\n<p><a href=\"https:\/\/www.google.com\/url?rct=j&amp;sa=t&amp;url=https:\/\/observatoriofiex.es\/publicidad-y-campanas-navidenas-de-juguetes-promocion-o-ruptura-de-estereotipos-y-roles-de-genero\/&amp;ct=ga&amp;cd=CAEYACoSNDAzNjI5ODU3NTcxNjUwMTc2MhljYzc5ODQxYzZlZjM0ZWJmOmVzOmVzOkVT&amp;usg=AFQjCNHgsIv-oL-9DE_20bYErEaU1ohf0w\">Publicidad y campa\u00f1as navide\u00f1as de juguetes: \u00bfpromoci\u00f3n o ruptura de estereotipos y roles de &#8230; <\/a>&#8211; Observatorio FIEX<\/p>\n<p><a href=\"https:\/\/elpais.com\/tecnologia\/2020\/11\/27\/actualidad\/1606460243_375163.html\">Las redes sociales reflejan c\u00f3mo la pandemia ha perjudicado la salud mental de los usuarios<\/a>-El Pa\u00eds<\/p>\n<p><a href=\"https:\/\/elpais.com\/tecnologia\/2020-11-26\/la-inteligencia-artificial-mejorara-la-experiencia-de-los-lectores-del-diario.html\">La Inteligencia Artificial mejorar\u00e1 la experiencia de los lectores del diario <\/a>-El Pa\u00eds<\/p>\n<p>[\/toggle]<\/p>\n<p>[toggle type=\u00bbfirst\u00bb title=\u00bbAndaluc\u00eda\u00bb]<\/p>\n<p><strong>Econom\u00eda y Empresas<\/strong><\/p>\n<p><a href=\"http:\/\/www.juntadeandalucia.es\/presidencia\/portavoz\/156391\/JuanmaMoreno\/Andalucia\/mujeres\/talento\/TalentWoman\/Malaga\/edicion\/progreso\/oportunidades\">Moreno: \u00abAndaluc\u00eda necesita del talento y la fuerza de las mujeres para ser una tierra de mayores oportunidades\u00bb<\/a>&#8211; Oficina de Portavoz<\/p>\n<p><a href=\"https:\/\/www.lavozdigital.es\/cadiz\/chiclana\/lvdi-crespo-aplaude-provincia-ejemplo-economia-circular-202011261519_noticia.html\">Crespo aplaude a la provincia por ser ejemplo en econom\u00eda circular<\/a>-lavozdigital<\/p>\n<p><a href=\"https:\/\/www.mujeremprendedora.net\/lider-no-define-sexo-sino-capacidades-habilidades-algunas-ellas-innatas-mujer\/\">\u201cUn l\u00edder no se define por su sexo sino por sus capacidades y habilidades, algunas de ellas innatas en la mujer\u201d<\/a> -Mujeremprendedora.net<\/p>\n<p><strong>Actualidad<\/strong><\/p>\n<p><a href=\"http:\/\/www.juntadeandalucia.es\/presidencia\/portavoz\/156430\/familias\/mujeres\/embarazadas\/ConsejeriadeSaludyFamilias\">El Gobierno andaluz destina un mill\u00f3n a proyectos con mujeres embarazadas y madres sin recursos<\/a>&#8211; Oficina de Portavoz<\/p>\n<p><a href=\"http:\/\/www.juntadeandalucia.es\/presidencia\/portavoz\/156427\/RocioRuiz\/IAM\/entidades\/mujeres\/riesgodeexclusionsocial\/ConsejeriadeIgualdad\">Las ayudas del IAM a entidades dedicadas a mujeres en riesgo de exclusi\u00f3n social triplican su presupuesto<\/a>&#8211; Oficina de Portavoz<\/p>\n<p><a href=\"https:\/\/www.eldiario.es\/andalucia\/desdeelsur\/perseverar-mirada-sexista_132_6460126.html\">Perseverar en la mirada sexista<\/a>-eldiario.es<\/p>\n<p><a href=\"https:\/\/www.elconfidencial.com\/espana\/andalucia\/2020-11-27\/andalucia-registra-menor-dato-hospitalizados-coronavirus-noviembre-covid19-mes_2851100\/\">Andaluc\u00eda registra el menor dato de hospitalizados por coronavirus de este mes<\/a>-elconfidencial.com<\/p>\n<p><a href=\"https:\/\/www.eldiario.es\/andalucia\/sevilla\/bibiana-aido_1_6458188.html\">Bibiana A\u00eddo: \u00abCuando hablamos de igualdad de g\u00e9nero, hablamos de lo que es justo y tambi\u00e9n de lo que es m\u00e1s inteligente\u00bb<\/a>-eldiario.es<\/p>\n<p><strong>Violencias<\/strong><\/p>\n<p><a href=\"https:\/\/www.google.com\/url?rct=j&amp;sa=t&amp;url=https:\/\/www.que.es\/ciudades\/andalucia-union-instituciones-violencia-machista.html&amp;ct=ga&amp;cd=CAEYACoTNzYwMzk0Mjc3Mzc1NDcxMjAxNTIbOWFiMWNkZDdlMzY2ZWYzODplczplczpFUzpS&amp;usg=AFQjCNGVd9jqIMTh0MY0ikT6qVPrIZScUw\">Andaluc\u00eda apela a la uni\u00f3n de instituciones para combatir la violencia machista <\/a>&#8211; Qu\u00e9.es<\/p>\n<p><a href=\"https:\/\/www.google.com\/url?rct=j&amp;sa=t&amp;url=https:\/\/www.europapress.es\/esandalucia\/sevilla\/noticia-mas-dos-tercios-andaluces-conoce-mujer-victima-violencia-genero-circulo-social-junta-20201125155353.html&amp;ct=ga&amp;cd=CAEYASoTNjk3NTUzODkzMjE0ODE0OTk5NzIZYzAzNzJlYmMyZmVhZGE1OTplczplczpFUw&amp;usg=AFQjCNE9niO1V4zRB46IHPhmXxyQsrLJ3Q\">M\u00e1s de dos tercios de andaluces conoce a una mujer v\u00edctima de violencia de g\u00e9nero en su c\u00edrculo &#8230; <\/a>&#8211; Europa Press<\/p>\n<p><a href=\"https:\/\/www.google.com\/url?rct=j&amp;sa=t&amp;url=https:\/\/www.ideal.es\/almeria\/almeria\/victimas-violencia-genero-almeria-cruz-roja-testimonios-20201125210455-nt.html&amp;ct=ga&amp;cd=CAEYByoTMzk1MjE0NDk0MTYxODYxOTgwNzIZZTFlNzdkMTU2MDk4YThlMzplczplczpFUw&amp;usg=AFQjCNEVFgDQVPX2-5I7c28e9mDzT1FfBA\">Ellas dan la cara: \u00abSent\u00eda que no era nadie, que no merec\u00eda un cari\u00f1o\u00bb <\/a>&#8211; Ideal Digital<\/p>\n<p><a href=\"https:\/\/www.google.com\/url?rct=j&amp;sa=t&amp;url=https:\/\/huelvaya.es\/2020\/11\/26\/jornada-de-la-subdelegacion-sobre-ciberviolencia-contra-mujeres-y-ninas\/&amp;ct=ga&amp;cd=CAEYACoTNjgyOTIyNTU5OTAwMzQ4ODMyMzIZZTFlNzdkMTU2MDk4YThlMzplczplczpFUw&amp;usg=AFQjCNFjD5gnajmFOqOq1NLXPFpxUskCDA\">Jornada de la Subdelegaci\u00f3n sobre ciberviolencia contra mujeres y ni\u00f1as <\/a>&#8211; HuelvaYA<\/p>\n<p><strong>Ciencia y Cultura<\/strong><\/p>\n<p><a href=\"https:\/\/www.google.com\/url?rct=j&amp;sa=t&amp;url=https:\/\/www.lavanguardia.com\/local\/sevilla\/20201125\/49695827725\/la-unia-impulsa-una-red-ciudadana-contra-la-violencia-de-genero.html&amp;ct=ga&amp;cd=CAEYBCoUMTM4NDU4MzA1NDAxNzY2OTAwMzYyGzlhYjFjZGQ3ZTM2NmVmMzg6ZXM6ZXM6RVM6Ug&amp;usg=AFQjCNF1GIB0jhIskT_YuW3f0jlW82qmwQ\">La UNIA impulsa una Red Ciudadana contra la Violencia de G\u00e9nero <\/a>&#8211; La Vanguardia<\/p>\n<p><a href=\"https:\/\/www.mujeremprendedora.net\/gema-blanco-cardenal-spinola-ceu-capacidad-adaptacion-cambios-no-es-misma-todos-es-imprescindible-orientar-alumnos-universitarios\/\">\u201cLa capacidad de adaptaci\u00f3n a los cambios no es la misma para todos. Es imprescindible orientar a los alumnos universitarios\u201d<\/a> Mujeremprendedora.net<\/p>\n<p><a href=\"http:\/\/www.juntadeandalucia.es\/presidencia\/portavoz\/156375\/ConsejeriadeCulturayPatrimonioHistorico\/CentroAndaluzdelasLetras\/AutordelAno2021\">El CAL declara a Emilio Prados como Autor del A\u00f1o y a Mariluz Escribano Cl\u00e1sica Andaluza 2021<\/a>&#8211; Oficina de Portavoz<\/p>\n<p><strong>Deporte<\/strong><\/p>\n<p><a href=\"https:\/\/www.google.com\/url?rct=j&amp;sa=t&amp;url=https:\/\/www.diariocordoba.com\/noticias\/deportes\/deporte-cordobes-clama-violencia_1398994.html&amp;ct=ga&amp;cd=CAEYASoTNzQyMzQ1NDYwMjMzOTQ4ODU5MDIZZTJkZWZhN2Q1ZGE5MTU3ZDplczplczpFUw&amp;usg=AFQjCNEWCzhCKykBoTS3SxkyKfLKiYh5mA\">El deporte cordob\u00e9s clama contra la violencia <\/a>&#8211; Diario C\u00f3rdoba<\/p>\n<p><a href=\"https:\/\/www.mundoplus.tv\/noticias\/?seccion=deportes&amp;id=5891459072\">El Andaluc\u00eda Costa del Sol Open de Espa\u00f1a Femenino, hasta el pr\u00f3ximo domingo en Andaluc\u00eda Televisi\u00f3n<\/a>-mundoplus.tv<\/p>\n<p>[\/toggle]<\/p>\n<p>[toggle type=\u00bbfirst\u00bb title=\u00bbEstado\u00bb]<\/p>\n<p><strong>Institucional<\/strong><\/p>\n<p><a href=\"https:\/\/www.google.com\/url?rct=j&amp;sa=t&amp;url=https:\/\/www.servimedia.es\/noticias\/1335745&amp;ct=ga&amp;cd=CAEYBioSODk2Mjk3NzAzNjU0NDI4NTMwMhljMDM3MmViYzJmZWFkYTU5OmVzOmVzOkVT&amp;usg=AFQjCNFV88V0u81L1Jv9VvJTPzIwbRx4Fw\">La ministra de Igualdad pide \u00abla unidad entre mujeres\u00bb frente al patriarcado \u00abque nos quiere en &#8230; <\/a>&#8211; Servimedia<\/p>\n<p><strong>Institucional-CCAA<\/strong><\/p>\n<p><a href=\"https:\/\/www.google.com\/url?rct=j&amp;sa=t&amp;url=https:\/\/www.burgosnoticias.com\/031774&amp;ct=ga&amp;cd=CAEYASoUMTUzMjYyNTA1OTA3ODk0Mzc1MDAyGWUyZGVmYTdkNWRhOTE1N2Q6ZXM6ZXM6RVM&amp;usg=AFQjCNGjGh6ZJSV61OeGqeWtBT6La3eEIg\">M\u00e1s de 700 alumnos y alumnas de Castilla y Le\u00f3n jugar\u00e1n juntos contra la violencia de g\u00e9nero<strong> &#8211; <\/strong><\/a>BurgosNoticias<\/p>\n<p><a href=\"https:\/\/www.google.com\/url?rct=j&amp;sa=t&amp;url=https:\/\/turismohurdes.es\/revistas\/empleo\/2195-el-instituto-de-la-mujer-de-extremadura-pone-en-marcha-una-nueva-edicion-del-programa-emma&amp;ct=ga&amp;cd=CAEYCyoUMTUxNDI1OTE1MTU5NjE2OTI1NjEyGWMwMzcyZWJjMmZlYWRhNTk6ZXM6ZXM6RVM&amp;usg=AFQjCNEhIywWJs75xIVnIQHi1me7b-d_BA\">El Instituto de la Mujer de Extremadura pone en marcha una nueva edici\u00f3n del programa EMMA <\/a>&#8211; Turismo Hurde<\/p>\n<p><a href=\"https:\/\/www.google.com\/url?rct=j&amp;sa=t&amp;url=https:\/\/www.eldiario.es\/castilla-la-mancha\/yo-pongo-el-limite\/instituto-mujer-castilla-mancha-pasara-llamarse-instituto-mujeres_132_6462805.html&amp;ct=ga&amp;cd=CAEYACoUMTQ5MTkwNjcxMjkxODI0NDYxNTUyGWMwMzcyZWJjMmZlYWRhNTk6ZXM6ZXM6RVM&amp;usg=AFQjCNGNWNmGLTZKpxgmFW6TWmXfl6ppsw\">El Instituto de la Mujer de Castilla-La Mancha tambi\u00e9n pasar\u00e1 a llamarse &#8216;Instituto de las Mujeres&#8217; <\/a>&#8211; eldiario.es<\/p>\n<p><a href=\"https:\/\/www.google.com\/url?rct=j&amp;sa=t&amp;url=https:\/\/navarra.elespanol.com\/articulo\/sociedad\/ganadoras-premios-concurso-posteres-upna\/20201126165417346774.html&amp;ct=ga&amp;cd=CAEYBSoTNTg3NzMxODU5MTE2NzIxMDc5NDIZYzAzNzJlYmMyZmVhZGE1OTplczplczpFUw&amp;usg=AFQjCNHYNVBjQ1TVKjxxDUIR3pGOKx9MHg\">La UPNA premia el trabajo de las mujeres en la ciencia y la tecnolog\u00eda: estas son las ganadoras <\/a>&#8211; Navarra.com<strong>\u00a0<\/strong><\/p>\n<p><strong>Econom\u00eda y Empresas<\/strong><\/p>\n<p><a href=\"https:\/\/www.eldiario.es\/economia\/nueva-presidenta-frob-pone-duda-too-big-to-fall-nueva-ola-fusiones-problema-no-tamano_1_6458754.html\">La nueva presidenta del FROB, Paula Conthe, pone en duda el &#8216;too big to fall&#8217; ante la nueva ola de fusiones: \u00abEl problema no es el tama\u00f1o\u00bb<\/a>-eldiario.es<\/p>\n<p><a href=\"https:\/\/www.bolsamania.com\/noticias\/empresas\/economia--enaire-lanza-enaire-enfemenino-para-sensibilizar-y-visibilizar-a-las-mujeres-profesionales--7726095.html\">Enaire lanza &#8216;Enaire Enfemenino&#8217; para sensibilizar y visibilizar a las mujeres profesionales<\/a>&#8211;<a href=\"http:\/\/bolsamania.com\">bolsamania.com<\/a><\/p>\n<p><a href=\"https:\/\/www.mujeremprendedora.net\/ejecon-redmad-lanzan-codigo-buenas-practicas-chile\/\">EJE&amp;CON y REDMAD lanzan el C\u00f3digo de Buenas Pr\u00e1cticas en Chile<\/a>&#8211; Mujeremprendedora.net<\/p>\n<p><a href=\"https:\/\/www.google.com\/url?rct=j&amp;sa=t&amp;url=https:\/\/www.rrhhpress.com\/comprometidos\/50942-ibermatica-se-adhiere-a-la-iniciativa-empresas-por-una-sociedad-libre-de-violencia-de-genero&amp;ct=ga&amp;cd=CAEYACoUMTAxNzU3MTYyOTgzMDIxNTkzODUyGWMwMzcyZWJjMmZlYWRhNTk6ZXM6ZXM6RVM&amp;usg=AFQjCNFCzyD5RsUdetQReBV1PKfBAq9JiQ\">Iberm\u00e1tica se adhiere a la iniciativa Empresas por una Sociedad Libre de Violencia de G\u00e9nero <\/a>&#8211; RRHHpress.com<\/p>\n<p><a href=\"https:\/\/www.msn.com\/es-es\/finance\/economia\/barcelona-analiza-la-econom-c3-ada-de-los-cuidados-y-sus-condiciones-laborales-en-un-congreso-europeo\/ar-BB1bocV4\">Barcelona analiza la econom\u00eda de los cuidados y sus condiciones laborales en un congreso europeo<\/a>-europapress<\/p>\n<p><a href=\"https:\/\/www.mujeremprendedora.net\/arranca-programa-virtual-talent-woman-espana-home\/\">Arranca el programa virtual de Talent Woman Espa\u00f1a @Home<\/a>&#8211; Mujeremprendedora.net<strong>\u00a0<\/strong><\/p>\n<p><strong>Actualidad<\/strong><\/p>\n<p><a href=\"https:\/\/www.google.com\/url?rct=j&amp;sa=t&amp;url=https:\/\/www.infosalus.com\/actualidad\/noticia-cesida-lanza-campana-promover-prueba-vih-mujeres-20201126121000.html&amp;ct=ga&amp;cd=CAEYByoTNDg2NDY3NTAyOTcyMzIzODYyMzIZYzAzNzJlYmMyZmVhZGE1OTplczplczpFUw&amp;usg=AFQjCNHNQbaF0iHySVCUQR8YHSoioHrq_A\">CESIDA lanza una campa\u00f1a para promover la prueba del VIH entre las mujeres- <\/a>infosalus.com<\/p>\n<p><a href=\"https:\/\/www.google.com\/url?rct=j&amp;sa=t&amp;url=https:\/\/www.murcia.com\/empresas\/noticias\/2020\/11\/26-prevemama-la-app-que-detecta-el-riesgo-de-padecer-cancer-de-mama.asp&amp;ct=ga&amp;cd=CAEYAyoUMTgzMDEwNjM5Mjk4MTUxNDE1NDkyGWMwMzcyZWJjMmZlYWRhNTk6ZXM6ZXM6RVM&amp;usg=AFQjCNGpSJ_YQ-MLgzBvG_fQ2RvS_h05Tw\">PreveMama la App que detecta el riesgo de padecer c\u00e1ncer de mama <\/a>&#8211; Murcia.com<\/p>\n<p><a href=\"https:\/\/www.larazon.es\/economia\/20201126\/5ejimknn7jdvrobdame63m26a4.html\">Las mujeres en ERTE pueden perder las ayudas por maternidad<\/a>-larazon<\/p>\n<p><a href=\"https:\/\/www.eldiario.es\/sociedad\/ley-celaa-pone-bases-lucha-segregacion-escolar-dependera-autonomias_1_6455662.html\">La &#8216;ley Cela\u00e1&#8217; pone las bases para una lucha contra la segregaci\u00f3n escolar que depender\u00e1 de las autonom\u00edas<\/a>-eldiario.es<\/p>\n<p><strong>Violencias<\/strong><\/p>\n<p><a href=\"https:\/\/www.google.com\/url?rct=j&amp;sa=t&amp;url=https:\/\/www.huffingtonpost.es\/entry\/en-la-lucha-contra-la-violencia-machista-no-sobra-nadie-solo-los-prejuicios_es_5fbd6c6cc5b68ca87f7f63fc%3Futm_hp_ref%3Des-politica&amp;ct=ga&amp;cd=CAEYESoUMTcyNjk0OTc3NzMwMTMwMzAyMTMyGWMwMzcyZWJjMmZlYWRhNTk6ZXM6ZXM6RVM&amp;usg=AFQjCNHLQ6dGVPl83hEtZG_e8-Ni0KOEoQ\">En la lucha contra la violencia machista no sobra nadie, s\u00f3lo los prejuicios <\/a>&#8211; El HuffPost<\/p>\n<p><a href=\"https:\/\/www.google.com\/url?rct=j&amp;sa=t&amp;url=https:\/\/www.infolibre.es\/noticias\/politica\/2020\/11\/25\/ampliar_foco_violencia_reforzar_educacion_sexual_sensibilizar_tambien_los_hombres_los_retos_espana_contra_violencia_machista_segun_consejo_europa_113686_1012.html&amp;ct=ga&amp;cd=CAEYDCoTMzk1MjE0NDk0MTYxODYxOTgwNzIZZTFlNzdkMTU2MDk4YThlMzplczplczpFUw&amp;usg=AFQjCNHa2XqiqSpVQzemWIkEed10ycBn_A\">Agresiones sexuales, matrimonios forzados, mutilaci\u00f3n genital femenina: el Consejo de Europa insta a Espa\u00f1a a ampliar el foco de la violencia&#8230; <\/a>&#8211; infoLibre<\/p>\n<p><a href=\"https:\/\/www.google.com\/url?rct=j&amp;sa=t&amp;url=https:\/\/www.65ymas.com\/sociedad\/mujeres-asesinadas-por-su-pareja-en-2020-tenian-mas-61-anos_21576_102.html&amp;ct=ga&amp;cd=CAEYACoTMzk1MjE0NDk0MTYxODYxOTgwNzIZZTFlNzdkMTU2MDk4YThlMzplczplczpFUw&amp;usg=AFQjCNG2IyVJ4-xjsSOwS066-12vm2IQbg\">El 27,5% de las mujeres asesinadas por su pareja en 2020 ten\u00edan m\u00e1s de 61 a\u00f1os <\/a>&#8211; <a href=\"http:\/\/65ymas.com\">65ymas.com<\/a><\/p>\n<p><a href=\"https:\/\/www.google.com\/url?rct=j&amp;sa=t&amp;url=https:\/\/www.20minutos.es\/noticia\/4488225\/0\/una-evolucion-del-sistema-judicial-avantius-permitira-analizar-el-retrato-de-las-victimas-de-la-violencia-machista\/&amp;ct=ga&amp;cd=CAEYAyoUMTgxNzQxMTk0OTgxNzYxNzA0MjYyGWMwMzcyZWJjMmZlYWRhNTk6ZXM6ZXM6RVM&amp;usg=AFQjCNFa_KoHoHsL5sVu-jY61jN4yeygwQ\">Una evoluci\u00f3n del sistema judicial Avantius permitir\u00e1 analizar el retrato de las v\u00edctimas de la violencia machista&#8230; <\/a>&#8211; 20minutos<\/p>\n<p><a href=\"https:\/\/amecopress.net\/Las-mujeres-mayores-tienen-mas-dificultad-para-reconocer-y-denunciar-el-maltrato\">Las mujeres mayores tienen m\u00e1s dificultad para reconocer y denunciar el maltrato<\/a>-amecopress.net<\/p>\n<p><strong>Ciencia y Cultura<\/strong><\/p>\n<p><a href=\"https:\/\/www.google.com\/url?rct=j&amp;sa=t&amp;url=https:\/\/www.elperiodic.com\/valencia\/investigadora-valenciana-dolors-corella-protagoniza-ultimo-murales-mujeres-ciencia_715283&amp;ct=ga&amp;cd=CAEYASoTNDg2NDY3NTAyOTcyMzIzODYyMzIZYzAzNzJlYmMyZmVhZGE1OTplczplczpFUw&amp;usg=AFQjCNFjMKTmkhnRCAts5uGVZzVFtUze8w\">La investigadora valenciana Dolors Corella protagoniza el \u00faltimo de los murales &#8216;Mujeres de Ciencia\u201d&#8230; <\/a>&#8211; elperiodic.com<\/p>\n<p><a href=\"https:\/\/www.google.com\/url?rct=j&amp;sa=t&amp;url=http:\/\/portalcomunicacion.uah.es\/diario-digital\/actualidad\/la-uah-acoge-las-ii-jornadas-de-la-catedra-isabel-munoz-de-caravaca&amp;ct=ga&amp;cd=CAEYBCoTNjM3Njg2Mzg1NDE3MTkzNTE4NDIZYzAzNzJlYmMyZmVhZGE1OTplczplczpFUw&amp;usg=AFQjCNGk7Hc5fw7B_Re65px3fQZxF8fvPw\">La UAH acoge las II Jornadas de la C\u00e1tedra Isabel Mu\u00f1oz de Caravaca <\/a>&#8211; Diario Digital Universidad de Alcal\u00e1<\/p>\n<p><a href=\"https:\/\/www.google.com\/url?rct=j&amp;sa=t&amp;url=https:\/\/www.heraldo.es\/noticias\/aragon\/huesca\/2020\/11\/25\/gervasio-sanchez-expone-en-huesca-40-historias-de-violencia-contra-la-mujer-1407070.html&amp;ct=ga&amp;cd=CAEYASoTNjM3Njg2Mzg1NDE3MTkzNTE4NDIZYzAzNzJlYmMyZmVhZGE1OTplczplczpFUw&amp;usg=AFQjCNGxdjUR_9ynh15XKs8i7SF7g4qinQ\">Gervasio S\u00e1nchez expone en Huesca 40 historias de violencia contra la mujer <\/a>&#8211; Heraldo.es<\/p>\n<p><a href=\"https:\/\/www.eldiario.es\/canariasahora\/lapalmaahora\/sociedad\/paso-convierte-epicentro-debate-social-igualdad-mujeres-cultura_1_6464430.html\">El Paso se convierte en epicentro del debate social sobre igualdad y mujeres en la cultura<\/a>-eldiario.es<\/p>\n<p><a href=\"https:\/\/www.eldiario.es\/cultura\/libros\/giocond-belli-sombra-revolucion-impide-menudo-ver-hay-detras-regimen-proclama-sandinista-revolucionario_1_6463147.html\">Gioconda Belli: \u00abEl 70% de los lectores son mujeres, pero la cr\u00edtica sigue siendo masculina y es bien dura con las escritoras\u00bb<\/a>-eldiario.es<\/p>\n<p><a href=\"https:\/\/elpais.com\/cultura\/2020-11-27\/la-boda-de-rosa-y-las-ninas-encabezan-las-candidaturas-en-cine-a-los-premios-forque.html\">\u2018La boda de Rosa\u2019 y \u2018Las ni\u00f1as\u2019 encabezan las candidaturas en cine a los premios Forqu\u00e9<\/a>-El Pa\u00eds<\/p>\n<p><strong>Deporte<\/strong><\/p>\n<p><a href=\"https:\/\/www.abc.es\/deportes\/abci-supera-y-igualdad-traves-deporte-202011270056_noticia.html\">Los SuperA y la igualdad, a trav\u00e9s del deporte<\/a>-abc.es<\/p>\n<p>[\/toggle]<\/p>\n<p>[toggle type=\u00bbfirst\u00bb title=\u00bbInternacional\u00bb]<\/p>\n<p><a href=\"https:\/\/www.eldiario.es\/economia\/hungria-polonia-mantienen-bloqueo-750-000-millones-fondos-recuperacion-totalmente-alineados_1_6462985.html\">Hungr\u00eda y Polonia mantienen el bloqueo a los 750.000 millones de los fondos de recuperaci\u00f3n: \u00abEstamos totalmente alineados\u00bb<\/a>&#8211; <a href=\"http:\/\/eldiario.es\">eldiario.es<\/a><\/p>\n<p><a href=\"https:\/\/www.google.com\/url?rct=j&amp;sa=t&amp;url=https:\/\/www.forbes.com.mx\/women-nashielly-escobedo-la-primera-mujer-presidenta-del-imece\/&amp;ct=ga&amp;cd=CAEYBSoTNDg2NDY3NTAyOTcyMzIzODYyMzIZYzAzNzJlYmMyZmVhZGE1OTplczplczpFUw&amp;usg=AFQjCNHlLdORs-7AEJ-Q0mqxHEEKSAmtrA\">Nashielly Escobedo, la primera mujer presidenta del IMECE <\/a>&#8211; Forbes Mexico<\/p>\n<p><a href=\"https:\/\/elfinanciero.com.mx\/tv\/ganadores-y-perdedores\/mujer-en-la-economia-una-plataforma-para-medir-participacion-de-las-mujeres-en-el-mercado-laboral\">Mujer en la econom\u00eda: una plataforma para medir participaci\u00f3n de las mujeres en el mercado laboral<\/a>&#8211; ElFinanciero<\/p>\n<p><a href=\"https:\/\/www.mujeremprendedora.net\/algoritmo-deteccion-temprana-covid-19-zonas-remotas-gana-premio-everis-global-2020\/\">Un algoritmo para la detecci\u00f3n temprana de COVID-19 en zonas remotas gana el Premio everis global 2020<\/a>&#8211; Mujeremprendedora.net<\/p>\n<p><a href=\"https:\/\/www.google.com\/url?rct=j&amp;sa=t&amp;url=https:\/\/wapa.pe\/mujer\/1595530-dia-internacional-eliminacion-violencia-mujer-educamos-hijos-e-hijas-patrones-machistas-actualidad-video&amp;ct=ga&amp;cd=CAEYBCoTNDg1NTk5MDM3NzEwMzg0ODMxMjIZZTJkZWZhN2Q1ZGE5MTU3ZDplczplczpFUw&amp;usg=AFQjCNErK2GRKjoRkEU7_BJctma0yaRK2w\">\u00bfC\u00f3mo educamos a nuestros hijos e hijas sin patrones machistas? <\/a>&#8211; Wapa.pe<\/p>\n<p><a href=\"https:\/\/elpais.com\/cultura\/2020-11-26\/vanessa-redgrave-la-lucha-sigue-para-la-veterana-izquierdista.html\">Vanessa Redgrave, la lucha sigue para la veterana izquierdista<\/a> \u2013 El Pa\u00eds<\/p>\n<p>[\/toggle]<\/p>\n<\/div>\n<\/div>\n<\/div>\n<\/div>\n<\/div>\n<\/div>\n","protected":false},"excerpt":{"rendered":"<p>Bibiana A\u00eddo: \u00abCuando hablamos de igualdad de g\u00e9nero, hablamos de <a href=\"https:\/\/cklcomunicaciones.es\/coop\/noticias-info-ckl-no-2-523-27-11-20\/\">[&#8230;]<\/a><\/p>\n","protected":false},"author":3,"featured_media":0,"comment_status":"closed","ping_status":"closed","sticky":false,"template":"","format":"standard","meta":{"footnotes":""},"categories":[298,623],"tags":[80],"class_list":["post-15158","post","type-post","status-publish","format-standard","hentry","category-newsletter","category-nwl-2-0","tag-igualdad-de-genero"],"yoast_head":"<!-- This site is optimized with the Yoast SEO plugin v27.5 - https:\/\/yoast.com\/product\/yoast-seo-wordpress\/ -->\n<title>Noticias Info CKL n\u00ba 2.523-27\/11\/20-Comunicar con perspectiva de g\u00e9nero<\/title>\n<meta name=\"description\" content=\"Comunicar con perspectiva de g\u00e9nero: Bibiana A\u00eddo: &quot;Cuando hablamos de igualdad de g\u00e9nero, hablamos de lo que es m\u00e1s justo e inteligente-Perseverar en la mirada sexista\" \/>\n<meta name=\"robots\" content=\"index, follow, max-snippet:-1, max-image-preview:large, max-video-preview:-1\" \/>\n<link rel=\"canonical\" href=\"https:\/\/cklcomunicaciones.es\/coop\/noticias-info-ckl-no-2-523-27-11-20\/\" \/>\n<meta property=\"og:locale\" content=\"es_ES\" \/>\n<meta property=\"og:type\" content=\"article\" \/>\n<meta property=\"og:title\" content=\"Noticias Info CKL n\u00ba 2.523-27\/11\/20-Comunicar con perspectiva de g\u00e9nero\" \/>\n<meta property=\"og:description\" content=\"Comunicar con perspectiva de g\u00e9nero: Bibiana A\u00eddo: &quot;Cuando hablamos de igualdad de g\u00e9nero, hablamos de lo que es m\u00e1s justo e inteligente-Perseverar en la mirada sexista\" \/>\n<meta property=\"og:url\" content=\"https:\/\/cklcomunicaciones.es\/coop\/noticias-info-ckl-no-2-523-27-11-20\/\" \/>\n<meta property=\"og:site_name\" content=\"CKL Comunicaciones\" \/>\n<meta property=\"article:published_time\" content=\"2020-11-27T13:42:11+00:00\" \/>\n<meta property=\"article:modified_time\" content=\"2025-01-17T15:47:24+00:00\" \/>\n<meta property=\"og:image\" content=\"https:\/\/cklcomunicaciones.es\/coop\/wp-content\/uploads\/2018\/03\/CKL_comunicacion-con-perspetiva-de-genero.jpg\" \/>\n\t<meta property=\"og:image:width\" content=\"500\" \/>\n\t<meta property=\"og:image:height\" content=\"500\" \/>\n\t<meta property=\"og:image:type\" content=\"image\/jpeg\" \/>\n<meta name=\"author\" content=\"ckl\" \/>\n<meta name=\"twitter:card\" content=\"summary_large_image\" \/>\n<meta name=\"twitter:label1\" content=\"Escrito por\" \/>\n\t<meta name=\"twitter:data1\" content=\"ckl\" \/>\n\t<meta name=\"twitter:label2\" content=\"Tiempo de lectura\" \/>\n\t<meta name=\"twitter:data2\" content=\"6 minutos\" \/>\n<script type=\"application\/ld+json\" class=\"yoast-schema-graph\">{\"@context\":\"https:\\\/\\\/schema.org\",\"@graph\":[{\"@type\":\"Article\",\"@id\":\"https:\\\/\\\/cklcomunicaciones.es\\\/coop\\\/noticias-info-ckl-no-2-523-27-11-20\\\/#article\",\"isPartOf\":{\"@id\":\"https:\\\/\\\/cklcomunicaciones.es\\\/coop\\\/noticias-info-ckl-no-2-523-27-11-20\\\/\"},\"author\":{\"name\":\"ckl\",\"@id\":\"https:\\\/\\\/cklcomunicaciones.es\\\/coop\\\/#\\\/schema\\\/person\\\/929a6837f7626450bbb50cee1aef266e\"},\"headline\":\"Noticias Info CKL n\u00ba 2.523-27\\\/11\\\/20\",\"datePublished\":\"2020-11-27T13:42:11+00:00\",\"dateModified\":\"2025-01-17T15:47:24+00:00\",\"mainEntityOfPage\":{\"@id\":\"https:\\\/\\\/cklcomunicaciones.es\\\/coop\\\/noticias-info-ckl-no-2-523-27-11-20\\\/\"},\"wordCount\":1295,\"image\":{\"@id\":\"https:\\\/\\\/cklcomunicaciones.es\\\/coop\\\/noticias-info-ckl-no-2-523-27-11-20\\\/#primaryimage\"},\"thumbnailUrl\":\"http:\\\/\\\/www.cklcomunicaciones.es\\\/wp-content\\\/uploads\\\/2018\\\/03\\\/CKL_comunicacion-con-perspetiva-de-genero-300x300.jpg\",\"keywords\":[\"Igualdad de g\u00e9nero\"],\"articleSection\":[\"Newsletter\",\"Nwl v2.0\"],\"inLanguage\":\"es\"},{\"@type\":\"WebPage\",\"@id\":\"https:\\\/\\\/cklcomunicaciones.es\\\/coop\\\/noticias-info-ckl-no-2-523-27-11-20\\\/\",\"url\":\"https:\\\/\\\/cklcomunicaciones.es\\\/coop\\\/noticias-info-ckl-no-2-523-27-11-20\\\/\",\"name\":\"Noticias Info CKL n\u00ba 2.523-27\\\/11\\\/20-Comunicar con perspectiva de g\u00e9nero\",\"isPartOf\":{\"@id\":\"https:\\\/\\\/cklcomunicaciones.es\\\/coop\\\/#website\"},\"primaryImageOfPage\":{\"@id\":\"https:\\\/\\\/cklcomunicaciones.es\\\/coop\\\/noticias-info-ckl-no-2-523-27-11-20\\\/#primaryimage\"},\"image\":{\"@id\":\"https:\\\/\\\/cklcomunicaciones.es\\\/coop\\\/noticias-info-ckl-no-2-523-27-11-20\\\/#primaryimage\"},\"thumbnailUrl\":\"http:\\\/\\\/www.cklcomunicaciones.es\\\/wp-content\\\/uploads\\\/2018\\\/03\\\/CKL_comunicacion-con-perspetiva-de-genero-300x300.jpg\",\"datePublished\":\"2020-11-27T13:42:11+00:00\",\"dateModified\":\"2025-01-17T15:47:24+00:00\",\"author\":{\"@id\":\"https:\\\/\\\/cklcomunicaciones.es\\\/coop\\\/#\\\/schema\\\/person\\\/929a6837f7626450bbb50cee1aef266e\"},\"description\":\"Comunicar con perspectiva de g\u00e9nero: Bibiana A\u00eddo: \\\"Cuando hablamos de igualdad de g\u00e9nero, hablamos de lo que es m\u00e1s justo e inteligente-Perseverar en la mirada sexista\",\"breadcrumb\":{\"@id\":\"https:\\\/\\\/cklcomunicaciones.es\\\/coop\\\/noticias-info-ckl-no-2-523-27-11-20\\\/#breadcrumb\"},\"inLanguage\":\"es\",\"potentialAction\":[{\"@type\":\"ReadAction\",\"target\":[\"https:\\\/\\\/cklcomunicaciones.es\\\/coop\\\/noticias-info-ckl-no-2-523-27-11-20\\\/\"]}]},{\"@type\":\"ImageObject\",\"inLanguage\":\"es\",\"@id\":\"https:\\\/\\\/cklcomunicaciones.es\\\/coop\\\/noticias-info-ckl-no-2-523-27-11-20\\\/#primaryimage\",\"url\":\"http:\\\/\\\/www.cklcomunicaciones.es\\\/wp-content\\\/uploads\\\/2018\\\/03\\\/CKL_comunicacion-con-perspetiva-de-genero-300x300.jpg\",\"contentUrl\":\"http:\\\/\\\/www.cklcomunicaciones.es\\\/wp-content\\\/uploads\\\/2018\\\/03\\\/CKL_comunicacion-con-perspetiva-de-genero-300x300.jpg\"},{\"@type\":\"BreadcrumbList\",\"@id\":\"https:\\\/\\\/cklcomunicaciones.es\\\/coop\\\/noticias-info-ckl-no-2-523-27-11-20\\\/#breadcrumb\",\"itemListElement\":[{\"@type\":\"ListItem\",\"position\":1,\"name\":\"Portada\",\"item\":\"https:\\\/\\\/cklcomunicaciones.es\\\/coop\\\/\"},{\"@type\":\"ListItem\",\"position\":2,\"name\":\"Noticias Info CKL n\u00ba 2.523-27\\\/11\\\/20\"}]},{\"@type\":\"WebSite\",\"@id\":\"https:\\\/\\\/cklcomunicaciones.es\\\/coop\\\/#website\",\"url\":\"https:\\\/\\\/cklcomunicaciones.es\\\/coop\\\/\",\"name\":\"CKL Comunicaciones\",\"description\":\"Sitio web de CKL Comunicaciones coop , la consultora de comunicaci\u00f3n y estrategia\",\"potentialAction\":[{\"@type\":\"SearchAction\",\"target\":{\"@type\":\"EntryPoint\",\"urlTemplate\":\"https:\\\/\\\/cklcomunicaciones.es\\\/coop\\\/?s={search_term_string}\"},\"query-input\":{\"@type\":\"PropertyValueSpecification\",\"valueRequired\":true,\"valueName\":\"search_term_string\"}}],\"inLanguage\":\"es\"},{\"@type\":\"Person\",\"@id\":\"https:\\\/\\\/cklcomunicaciones.es\\\/coop\\\/#\\\/schema\\\/person\\\/929a6837f7626450bbb50cee1aef266e\",\"name\":\"ckl\",\"image\":{\"@type\":\"ImageObject\",\"inLanguage\":\"es\",\"@id\":\"https:\\\/\\\/secure.gravatar.com\\\/avatar\\\/c82db564e8a669bf6023357a157b9dc4780f4d4c618f2ad1d71a6a5dede45057?s=96&d=mm&r=g\",\"url\":\"https:\\\/\\\/secure.gravatar.com\\\/avatar\\\/c82db564e8a669bf6023357a157b9dc4780f4d4c618f2ad1d71a6a5dede45057?s=96&d=mm&r=g\",\"contentUrl\":\"https:\\\/\\\/secure.gravatar.com\\\/avatar\\\/c82db564e8a669bf6023357a157b9dc4780f4d4c618f2ad1d71a6a5dede45057?s=96&d=mm&r=g\",\"caption\":\"ckl\"},\"url\":\"https:\\\/\\\/cklcomunicaciones.es\\\/coop\\\/author\\\/cklcomunicaciones\\\/\"}]}<\/script>\n<!-- \/ Yoast SEO plugin. -->","yoast_head_json":{"title":"Noticias Info CKL n\u00ba 2.523-27\/11\/20-Comunicar con perspectiva de g\u00e9nero","description":"Comunicar con perspectiva de g\u00e9nero: Bibiana A\u00eddo: \"Cuando hablamos de igualdad de g\u00e9nero, hablamos de lo que es m\u00e1s justo e inteligente-Perseverar en la mirada sexista","robots":{"index":"index","follow":"follow","max-snippet":"max-snippet:-1","max-image-preview":"max-image-preview:large","max-video-preview":"max-video-preview:-1"},"canonical":"https:\/\/cklcomunicaciones.es\/coop\/noticias-info-ckl-no-2-523-27-11-20\/","og_locale":"es_ES","og_type":"article","og_title":"Noticias Info CKL n\u00ba 2.523-27\/11\/20-Comunicar con perspectiva de g\u00e9nero","og_description":"Comunicar con perspectiva de g\u00e9nero: Bibiana A\u00eddo: \"Cuando hablamos de igualdad de g\u00e9nero, hablamos de lo que es m\u00e1s justo e inteligente-Perseverar en la mirada sexista","og_url":"https:\/\/cklcomunicaciones.es\/coop\/noticias-info-ckl-no-2-523-27-11-20\/","og_site_name":"CKL Comunicaciones","article_published_time":"2020-11-27T13:42:11+00:00","article_modified_time":"2025-01-17T15:47:24+00:00","og_image":[{"width":500,"height":500,"url":"https:\/\/cklcomunicaciones.es\/coop\/wp-content\/uploads\/2018\/03\/CKL_comunicacion-con-perspetiva-de-genero.jpg","type":"image\/jpeg"}],"author":"ckl","twitter_card":"summary_large_image","twitter_misc":{"Escrito por":"ckl","Tiempo de lectura":"6 minutos"},"schema":{"@context":"https:\/\/schema.org","@graph":[{"@type":"Article","@id":"https:\/\/cklcomunicaciones.es\/coop\/noticias-info-ckl-no-2-523-27-11-20\/#article","isPartOf":{"@id":"https:\/\/cklcomunicaciones.es\/coop\/noticias-info-ckl-no-2-523-27-11-20\/"},"author":{"name":"ckl","@id":"https:\/\/cklcomunicaciones.es\/coop\/#\/schema\/person\/929a6837f7626450bbb50cee1aef266e"},"headline":"Noticias Info CKL n\u00ba 2.523-27\/11\/20","datePublished":"2020-11-27T13:42:11+00:00","dateModified":"2025-01-17T15:47:24+00:00","mainEntityOfPage":{"@id":"https:\/\/cklcomunicaciones.es\/coop\/noticias-info-ckl-no-2-523-27-11-20\/"},"wordCount":1295,"image":{"@id":"https:\/\/cklcomunicaciones.es\/coop\/noticias-info-ckl-no-2-523-27-11-20\/#primaryimage"},"thumbnailUrl":"http:\/\/www.cklcomunicaciones.es\/wp-content\/uploads\/2018\/03\/CKL_comunicacion-con-perspetiva-de-genero-300x300.jpg","keywords":["Igualdad de g\u00e9nero"],"articleSection":["Newsletter","Nwl v2.0"],"inLanguage":"es"},{"@type":"WebPage","@id":"https:\/\/cklcomunicaciones.es\/coop\/noticias-info-ckl-no-2-523-27-11-20\/","url":"https:\/\/cklcomunicaciones.es\/coop\/noticias-info-ckl-no-2-523-27-11-20\/","name":"Noticias Info CKL n\u00ba 2.523-27\/11\/20-Comunicar con perspectiva de g\u00e9nero","isPartOf":{"@id":"https:\/\/cklcomunicaciones.es\/coop\/#website"},"primaryImageOfPage":{"@id":"https:\/\/cklcomunicaciones.es\/coop\/noticias-info-ckl-no-2-523-27-11-20\/#primaryimage"},"image":{"@id":"https:\/\/cklcomunicaciones.es\/coop\/noticias-info-ckl-no-2-523-27-11-20\/#primaryimage"},"thumbnailUrl":"http:\/\/www.cklcomunicaciones.es\/wp-content\/uploads\/2018\/03\/CKL_comunicacion-con-perspetiva-de-genero-300x300.jpg","datePublished":"2020-11-27T13:42:11+00:00","dateModified":"2025-01-17T15:47:24+00:00","author":{"@id":"https:\/\/cklcomunicaciones.es\/coop\/#\/schema\/person\/929a6837f7626450bbb50cee1aef266e"},"description":"Comunicar con perspectiva de g\u00e9nero: Bibiana A\u00eddo: \"Cuando hablamos de igualdad de g\u00e9nero, hablamos de lo que es m\u00e1s justo e inteligente-Perseverar en la mirada sexista","breadcrumb":{"@id":"https:\/\/cklcomunicaciones.es\/coop\/noticias-info-ckl-no-2-523-27-11-20\/#breadcrumb"},"inLanguage":"es","potentialAction":[{"@type":"ReadAction","target":["https:\/\/cklcomunicaciones.es\/coop\/noticias-info-ckl-no-2-523-27-11-20\/"]}]},{"@type":"ImageObject","inLanguage":"es","@id":"https:\/\/cklcomunicaciones.es\/coop\/noticias-info-ckl-no-2-523-27-11-20\/#primaryimage","url":"http:\/\/www.cklcomunicaciones.es\/wp-content\/uploads\/2018\/03\/CKL_comunicacion-con-perspetiva-de-genero-300x300.jpg","contentUrl":"http:\/\/www.cklcomunicaciones.es\/wp-content\/uploads\/2018\/03\/CKL_comunicacion-con-perspetiva-de-genero-300x300.jpg"},{"@type":"BreadcrumbList","@id":"https:\/\/cklcomunicaciones.es\/coop\/noticias-info-ckl-no-2-523-27-11-20\/#breadcrumb","itemListElement":[{"@type":"ListItem","position":1,"name":"Portada","item":"https:\/\/cklcomunicaciones.es\/coop\/"},{"@type":"ListItem","position":2,"name":"Noticias Info CKL n\u00ba 2.523-27\/11\/20"}]},{"@type":"WebSite","@id":"https:\/\/cklcomunicaciones.es\/coop\/#website","url":"https:\/\/cklcomunicaciones.es\/coop\/","name":"CKL Comunicaciones","description":"Sitio web de CKL Comunicaciones coop , la consultora de comunicaci\u00f3n y estrategia","potentialAction":[{"@type":"SearchAction","target":{"@type":"EntryPoint","urlTemplate":"https:\/\/cklcomunicaciones.es\/coop\/?s={search_term_string}"},"query-input":{"@type":"PropertyValueSpecification","valueRequired":true,"valueName":"search_term_string"}}],"inLanguage":"es"},{"@type":"Person","@id":"https:\/\/cklcomunicaciones.es\/coop\/#\/schema\/person\/929a6837f7626450bbb50cee1aef266e","name":"ckl","image":{"@type":"ImageObject","inLanguage":"es","@id":"https:\/\/secure.gravatar.com\/avatar\/c82db564e8a669bf6023357a157b9dc4780f4d4c618f2ad1d71a6a5dede45057?s=96&d=mm&r=g","url":"https:\/\/secure.gravatar.com\/avatar\/c82db564e8a669bf6023357a157b9dc4780f4d4c618f2ad1d71a6a5dede45057?s=96&d=mm&r=g","contentUrl":"https:\/\/secure.gravatar.com\/avatar\/c82db564e8a669bf6023357a157b9dc4780f4d4c618f2ad1d71a6a5dede45057?s=96&d=mm&r=g","caption":"ckl"},"url":"https:\/\/cklcomunicaciones.es\/coop\/author\/cklcomunicaciones\/"}]}},"_links":{"self":[{"href":"https:\/\/cklcomunicaciones.es\/coop\/wp-json\/wp\/v2\/posts\/15158","targetHints":{"allow":["GET"]}}],"collection":[{"href":"https:\/\/cklcomunicaciones.es\/coop\/wp-json\/wp\/v2\/posts"}],"about":[{"href":"https:\/\/cklcomunicaciones.es\/coop\/wp-json\/wp\/v2\/types\/post"}],"author":[{"embeddable":true,"href":"https:\/\/cklcomunicaciones.es\/coop\/wp-json\/wp\/v2\/users\/3"}],"replies":[{"embeddable":true,"href":"https:\/\/cklcomunicaciones.es\/coop\/wp-json\/wp\/v2\/comments?post=15158"}],"version-history":[{"count":0,"href":"https:\/\/cklcomunicaciones.es\/coop\/wp-json\/wp\/v2\/posts\/15158\/revisions"}],"wp:attachment":[{"href":"https:\/\/cklcomunicaciones.es\/coop\/wp-json\/wp\/v2\/media?parent=15158"}],"wp:term":[{"taxonomy":"category","embeddable":true,"href":"https:\/\/cklcomunicaciones.es\/coop\/wp-json\/wp\/v2\/categories?post=15158"},{"taxonomy":"post_tag","embeddable":true,"href":"https:\/\/cklcomunicaciones.es\/coop\/wp-json\/wp\/v2\/tags?post=15158"}],"curies":[{"name":"wp","href":"https:\/\/api.w.org\/{rel}","templated":true}]}}