{"id":15154,"date":"2020-11-25T14:08:13","date_gmt":"2020-11-25T13:08:13","guid":{"rendered":"http:\/\/www.cklcomunicaciones.es\/?p=15154"},"modified":"2025-01-17T16:47:25","modified_gmt":"2025-01-17T15:47:25","slug":"noticias-info-ckl-no-2-522-25-11-20","status":"publish","type":"post","link":"https:\/\/cklcomunicaciones.es\/coop\/noticias-info-ckl-no-2-522-25-11-20\/","title":{"rendered":"Noticias Info CKL n\u00ba 2.522-25\/11\/20"},"content":{"rendered":"<div id=\"pl-15154\"  class=\"panel-layout\" >\n<div id=\"pg-15154-0\"  class=\"panel-grid panel-no-style\"  data-style=\"{&quot;background_image_attachment&quot;:false,&quot;background_display&quot;:&quot;tile&quot;,&quot;cell_alignment&quot;:&quot;flex-start&quot;}\" >\n<div id=\"pgc-15154-0-0\"  class=\"panel-grid-cell\"  data-weight=\"1\" >\n<div id=\"panel-15154-0-0-0\" class=\"so-panel widget widget_sow-editor panel-first-child panel-last-child\" data-index=\"0\" data-style=\"{&quot;background_image_attachment&quot;:false,&quot;background_display&quot;:&quot;tile&quot;}\" >\n<div class=\"so-widget-sow-editor so-widget-sow-editor-base\">\n<div class=\"siteorigin-widget-tinymce textwidget\">\n<p><img decoding=\"async\" class=\"lazyload  wp-image-13726\" src=\"http:\/\/www.cklcomunicaciones.es\/wp-content\/uploads\/2018\/03\/CKL_comunicacion-con-perspetiva-de-genero-300x300.jpg\" data-orig-src=\"http:\/\/www.cklcomunicaciones.es\/wp-content\/uploads\/2018\/03\/CKL_comunicacion-con-perspetiva-de-genero-300x300.jpg\" alt=\"CKL_comunicacion con perspetiva de genero\" width=\"132\" height=\"132\" srcset=\"data:image\/svg+xml,%3Csvg%20xmlns%3D%27http%3A%2F%2Fwww.w3.org%2F2000%2Fsvg%27%20width%3D%27132%27%20height%3D%27132%27%20viewBox%3D%270%200%20132%20132%27%3E%3Crect%20width%3D%27132%27%20height%3D%27132%27%20fill-opacity%3D%220%22%2F%3E%3C%2Fsvg%3E\" data-srcset=\"https:\/\/cklcomunicaciones.es\/coop\/wp-content\/uploads\/2018\/03\/CKL_comunicacion-con-perspetiva-de-genero-150x150.jpg 150w, https:\/\/cklcomunicaciones.es\/coop\/wp-content\/uploads\/2018\/03\/CKL_comunicacion-con-perspetiva-de-genero-300x300.jpg 300w, https:\/\/cklcomunicaciones.es\/coop\/wp-content\/uploads\/2018\/03\/CKL_comunicacion-con-perspetiva-de-genero-450x450.jpg 450w, https:\/\/cklcomunicaciones.es\/coop\/wp-content\/uploads\/2018\/03\/CKL_comunicacion-con-perspetiva-de-genero.jpg 500w\" data-sizes=\"auto\" data-orig-sizes=\"(max-width: 132px) 100vw, 132px\" \/><\/p>\n<p id=\":1di\" class=\"hP\" tabindex=\"-1\" data-thread-perm-id=\"thread-f:1684337120332671332\" data-legacy-thread-id=\"175ff7afdb6ee964\"><strong>Pacto de Estado contra la Violencia de G\u00e9nero: un compromiso de Pa\u00eds-De un derecho laboral a la corresponsabilidad de cuidar-Soledad Sevilla, Premio Vel\u00e1zquez de Artes Pl\u00e1sticas-BBC: 100 Mujeres m\u00e1s influyentes<\/strong><\/p>\n<p id=\":1jb\" class=\"hP\" tabindex=\"-1\" data-thread-perm-id=\"thread-f:1673735291635950613\" data-legacy-thread-id=\"173a4d6141fee415\">[toggle type=\u00bbfirst\u00bb title=\u00bbMovilizaciones 25N\u00bb]<\/p>\n<p><a href=\"http:\/\/www.feministas.org\/movilizaciones-2020-25noviembre.html\">http:\/\/www.feministas.org\/movilizaciones-2020-25noviembre.html<\/a><\/p>\n<p><strong>\u00a0<\/strong>[\/toggle]<\/p>\n<p>[toggle type=\u00bbfirst\u00bb title=\u00bbConvocatorias\u00bb]<\/p>\n<ul>\n<li><a href=\"http:\/\/www.juntadeandalucia.es\/iam\/catalogo\/doc\/convocatorias\/2020-genero\/EL-jornadas-comunicacion-violencia-geneo-mujeresdelponiente.png\">Jornadas sobre Comunicaci\u00f3n y Violencia de G\u00e9nero<\/a>. Federaci\u00f3n de Mujeres del Poniente y la Alpujarra por la Igualdad. Inscripciones: <a href=\"mailto:mujeresponienteporlaigualdad@gmail.com\">mujeresponienteporlaigualdad@gmail.com<\/a><\/li>\n<li>III Jornada &#8216;Trata de Mujeres en el S.XXI&#8217;. Universidad de Huelva. 26 de noviembre a las 16h. <a href=\"https:\/\/eventos.uhu.es\/58009\/detail\/iii-jornada-ltrata-de-mujeres-en-el-s.xxir.html\">Informaci\u00f3n e inscripciones<\/a><\/li>\n<li>Violencias contra las mujeres, origen, naturaleza y expresiones. Universidad de Huelva. 30 de noviembre a las 17h. <a href=\"https:\/\/eventos.uhu.es\/57782\/detail\/programa-25n-uhu-violencias-contra-las-mujeres_-origen-naturaleza-y-expresiones.html\">Informaci\u00f3n e inscripciones<\/a><\/li>\n<li>Selecci\u00f3n de recursos del Centro de Documentaci\u00f3n Mar\u00eda Zambrano en torno al D\u00eda Internacional contra la Violencia de G\u00e9nero 2020: <a href=\"http:\/\/www.juntadeandalucia.es\/iam\/catalogo\/doc\/web\/recomendaciones\/guias\/2020\/guia-25noviembre-2020.pdf\">http:\/\/www.juntadeandalucia.es\/iam\/catalogo\/doc\/web\/recomendaciones\/guias\/2020\/guia-25noviembre-2020.pdf<\/a><\/li>\n<li>Concurso &#8216;Instagram Stories contra el machismo&#8217;. Universidad de Huelva. Dirigido a la comunidad universitaria de la mencionada Universidad. Hasta el 25 de noviembre de 2020 a las 12:00 h. <a href=\"https:\/\/drive.google.com\/file\/d\/1XNQ9IM8uabqp-saf8wvsYkQ6HyKwmGGt\/view\">Bases<\/a><\/li>\n<li><a href=\"https:\/\/www.proyectosfundacionorange.es\/edyta\/\">Convocatoria del Programa EDYTA 2020\/2021<\/a> [dirigida a Entidades sin \u00c1nimo de Lucro y Administraciones P\u00fablicas que trabajan con colectivos femeninos en riesgo de exclusi\u00f3n y baja empleabilidad]. Fundaci\u00f3n Orange. Presentaci\u00f3n de candidaturas hasta el 9 de diciembre a las 10.00 h.<\/li>\n<li><a href=\"http:\/\/www.juntadeandalucia.es\/iam\/index.php\/areas-tematicas-coeducacion\/2020-2021\/introduccion-a-los-videojuegos-taller-online\">Taller <\/a><a href=\"http:\/\/www.juntadeandalucia.es\/iam\/index.php\/areas-tematicas-coeducacion\/2020-2021\/introduccion-a-los-videojuegos-taller-online\">&#8216;<\/a><a href=\"http:\/\/www.juntadeandalucia.es\/iam\/index.php\/areas-tematicas-coeducacion\/2020-2021\/introduccion-a-los-videojuegos-taller-online\">Introducci\u00f3n a los videojuegos<\/a><a href=\"http:\/\/www.juntadeandalucia.es\/iam\/index.php\/areas-tematicas-coeducacion\/2020-2021\/introduccion-a-los-videojuegos-taller-online\">&#8216;<\/a>. \u00c1rea de Coeducaci\u00f3n del Instituto Andaluz de la Mujer. A partir del 23 de noviembre de 2020. Finalizado el Taller, el alumnado de 2\u00ba y 3\u00ba de ESO podr\u00e1 participar en un Concurso sobre Ideas de Videojuegos, con plazo hasta el 28 de febrero de 2021<\/li>\n<li><a href=\"https:\/\/www.cermiandalucia.es\/proacuteximos-cursos.html\">Curso &#8216;Hacia la mejora de la atenci\u00f3n a ni\u00f1as y mujeres con discapacidad con mirada de g\u00e9nero y derechos&#8217;, 2\u00aa edici\u00f3n<\/a>. CERMI Andaluc\u00eda; financia Consejer\u00eda de Igualdad, Pol\u00edticas Sociales y Conciliaci\u00f3n. Del 30 de noviembre al 15 de diciembre. <a href=\"https:\/\/docs.google.com\/forms\/d\/1L5iREPFRTyWjPHIfsS-XEL3eEJXF-Ts2rHKGydtOckc\/viewform?edit_requested=true\">Inscripciones<\/a><\/li>\n<\/ul>\n<p><strong>\u00a0<\/strong>[\/toggle]<\/p>\n<p>[toggle type=\u00bbfirst\u00bb title=\u00bbComunicaci\u00f3n\u00bb]<\/p>\n<p><a href=\"https:\/\/amecopress.net\/Seminario-web-Periodismo-y-Genero-Instantaneas-de-nuestro-tiempo\">Seminario web: &#8216;Periodismo y G\u00e9nero. Instant\u00e1neas de nuestro tiempo&#8217;<\/a>-amecopress.net<\/p>\n<p><a href=\"https:\/\/la-verdad.com.mx\/igualdad-genero-medios-comunicacion-hasta-dentro-70-anos-universidad-gothenburg-112092.html\">Igualdad de g\u00e9nero en medios de comunicaci\u00f3n hasta dentro de 70 a\u00f1os: Universidad de Gothenburg<\/a>-laverdad.com<\/p>\n<p><a href=\"https:\/\/www.google.com\/url?rct=j&amp;sa=t&amp;url=https:\/\/www.huffingtonpost.es\/entry\/cuando-la-violencia-machista-siempre-esta-en-linea_es_5fbc0706c5b63d1b7705ba50%3Futm_hp_ref%3Des-politica&amp;ct=ga&amp;cd=CAEYBSoUMTE1MjU3ODUzMjQ4MDM2Mzk1NjQyGWUxZTc3ZDE1NjA5OGE4ZTM6ZXM6ZXM6RVM&amp;usg=AFQjCNHgzqX7YzJXHgIkRIkpO8VyyF0t6A\">La violencia machista siempre est\u00e1 &#8216;en l\u00ednea&#8217; <\/a>&#8211; El HuffPost<\/p>\n<p><a href=\"https:\/\/www.elperiodico.com\/es\/tele\/20201125\/movistar-pioneras-serie-documental-mujeres-olvidadas-8219032\">Movistar+ rescata del olvido a mujeres postergadas en &#8216;Pioneras&#8217;<\/a> -elperiodico<\/p>\n<p><a href=\"https:\/\/www.google.com\/url?rct=j&amp;sa=t&amp;url=https:\/\/elpais.com\/cultura\/2020-11-23\/bruselas-expedienta-a-espana-por-su-retraso-en-adaptarse-a-la-nueva-norma-audiovisual.html&amp;ct=ga&amp;cd=CAEYBCoTOTE5MzI3NTQ5MTc5MTkyNTgxNzIZY2M3OTg0MWM2ZWYzNGViZjplczplczpFUw&amp;usg=AFQjCNGPFcIfdxEVKberKLkUl8N7VdTo1A\">Bruselas expedienta a Espa\u00f1a por su retraso en adaptarse a la nueva norma audiovisual <\/a>\u2013 El Pa\u00eds<\/p>\n<p><a href=\"https:\/\/www.eldiario.es\/cultura\/coronavirus-trolear-fascistoide-entran-diccionario-rae_1_6455957.html\">Coronavirus&#8217;, &#8216;trolear&#8217; y &#8216;fascistoide&#8217; entran en el diccionario de la RAE<\/a>&#8211; eldiario.es<\/p>\n<p>[\/toggle]<\/p>\n<p>[toggle type=\u00bbfirst\u00bb title=\u00bbAndaluc\u00eda\u00bb]<\/p>\n<p><strong>Econom\u00eda y Empresas<\/strong><\/p>\n<p><a href=\"https:\/\/www.diariodesevilla.es\/andalucia\/Consejeria-Agricultura-Camaras-Comercio-agroindustria_0_1522947876.html\">La Consejer\u00eda de Agricultura y las C\u00e1maras de Comercio impulsan el futuro digital de la agroindustria andaluza<\/a>&#8211; diariodesevilla<\/p>\n<p><a href=\"https:\/\/www.google.com\/url?rct=j&amp;sa=t&amp;url=https:\/\/www.elconfidencial.com\/espana\/andalucia\/2020-11-23\/ampliados-los-sectores-de-autonomos-que-pueden-pedir-ayudas-de-1-000-en-andalucia_2845308\/&amp;ct=ga&amp;cd=CAEYASoUMTEyNTAzNzU0OTU5Njg3MDg2NjkyGWQ3OGU1ODc1YTBmMWYyYWM6ZXM6ZXM6RVM&amp;usg=AFQjCNF7Ov5KDFXzLy-zUw3FqDB-Sl3hGQ\">Andaluc\u00eda ampl\u00eda los sectores de aut\u00f3nomos que pueden pedir la ayuda de 1.000 \u20ac <\/a>&#8211; El Confidencial<\/p>\n<p><a href=\"https:\/\/www.diariodesevilla.es\/andalucia\/Andalucia-recibe-fondos-Covid_0_1522947920.html\">Andaluc\u00eda recibe un 13% de los fondos Covid de 2020<\/a>-diariodesevilla<\/p>\n<p><strong>Actualidad<\/strong><\/p>\n<p><a href=\"https:\/\/www.noticiasdealmeria.com\/educacion-concede-primer-y-segundo-premio-rosa-regas-a-dos-centros-de-almeria\">Educaci\u00f3n concede primer y segundo Premio Rosa Reg\u00e1s a dos centros de Almer\u00eda<\/a>-noticiasdealmeria<\/p>\n<p><a href=\"https:\/\/www.google.com\/url?rct=j&amp;sa=t&amp;url=http:\/\/www.lamardeonuba.es\/fatima-una-temporera-marroqui-gravemente-enferma-y-abandonada-por-el-sistema-en-un-asentamiento-chabolista-de-huelva\/&amp;ct=ga&amp;cd=CAEYBCoTNzA1NDA3NDUxOTI3MzQwNTcyOTIbOWFiMWNkZDdlMzY2ZWYzODplczplczpFUzpS&amp;usg=AFQjCNE45dvbKvqKHNdbvIBhYbY41jEXpQ\">F\u00e1tima, una temporera marroqu\u00ed gravemente enferma y abandonada por el sistema en un &#8230; <\/a>&#8211; Revista La Mar de Onuba<\/p>\n<p><a href=\"https:\/\/www.eldiario.es\/andalucia\/sevilla\/no-habra-igualdad-hombres-impliquemos_1_6454244.html\">\u00abNo habr\u00e1 igualdad real hasta que los hombres nos impliquemos\u00bb<\/a>&#8211;<a href=\"http:\/\/eldiario.es\">eldiario.es<\/a><\/p>\n<p><a href=\"https:\/\/www.eldiario.es\/andalucia\/andalucia-convoca-miercoles-movilizaciones-dia-violencia-mujeres-pese-pandemia-25n_1_6457335.html\">Movilizaciones en Andaluc\u00eda por el D\u00eda contra la Violencia hacia las Mujeres pese a la pandemia<\/a>-eldiario.es<strong>\u00a0<\/strong><\/p>\n<p><strong>Violencias<\/strong><\/p>\n<p><a href=\"https:\/\/www.google.com\/url?rct=j&amp;sa=t&amp;url=https:\/\/www.20minutos.es\/noticia\/4487015\/0\/educacion-junta-ve-imprescindible-la-formacion-en-valores-en-la-escuela-para-luchar-contra-la-violencia-machista\/&amp;ct=ga&amp;cd=CAEYBSoTNDc3MjgyOTc0MzQ3MDQ3NDQyNDIbOWFiMWNkZDdlMzY2ZWYzODplczplczpFUzpS&amp;usg=AFQjCNEgjFwKeK-BTQu5XY9xqJNpln2iig\">Junta ve imprescindible la formaci\u00f3n en valores en la escuela para luchar contra la &#8230; <\/a>&#8211; 20minutos<\/p>\n<p><a href=\"https:\/\/www.google.com\/url?rct=j&amp;sa=t&amp;url=https:\/\/www.canalsur.es\/noticias\/rocio-ruiz-la-violencia-de-genero-se-puede-parar-entre-todos\/1654782.html&amp;ct=ga&amp;cd=CAEYAyoUMTUxNDA4MzQyNzQ3MzI1OTcxNjMyGzlhYjFjZGQ3ZTM2NmVmMzg6ZXM6ZXM6RVM6Ug&amp;usg=AFQjCNGb-KemMIS18wp4Nji62FlW1hqvMw\">Roc\u00edo Ruiz, Consejera de Igualdad:\u00bb La violencia de g\u00e9nero se puede parar entre todos\u00bb <\/a>&#8211; CanalSurWeb<\/p>\n<p><a href=\"https:\/\/www.google.com\/url?rct=j&amp;sa=t&amp;url=https:\/\/cordopolis.es\/2020\/11\/24\/la-junta-presenta-su-campana-del-25n-pidiendo-que-se-deje-de-responsabilizar-a-las-mujeres\/&amp;ct=ga&amp;cd=CAEYACoUMTI4Nzc3MTkwOTczMTk3MTIzODcyGWMwMzcyZWJjMmZlYWRhNTk6ZXM6ZXM6RVM&amp;usg=AFQjCNEJA0SmDGZ7I0LIQBbtx9Cpst7TGg\">La Junta presenta su campa\u00f1a del 25N pidiendo que \u201cse deje de responsabilizar a las mujeres\u201d <\/a>&#8211; Cord\u00f3polis<\/p>\n<p><a href=\"https:\/\/www.google.com\/url?rct=j&amp;sa=t&amp;url=https:\/\/www.lavanguardia.com\/local\/sevilla\/20201124\/49677460006\/casi-400-mujeres-con-discapacidad-victimas-de-violencia-de-genero-han-recibido-atencion-de-inserta-empleo-en-andalucia.html&amp;ct=ga&amp;cd=CAEYAioUMTc3MDY1MDgxMzUwNTU2MzAwNTEyGWQ3OGU1ODc1YTBmMWYyYWM6ZXM6ZXM6RVM&amp;usg=AFQjCNGyVKnqHgisMGShU6A4q1v8_fivng\">Casi 400 mujeres con discapacidad v\u00edctimas de violencia de g\u00e9nero han recibido atenci\u00f3n de &#8230; <\/a>&#8211; La Vanguardia<\/p>\n<p><a href=\"https:\/\/www.google.com\/url?rct=j&amp;sa=t&amp;url=https:\/\/www.noticiasdealmeria.com\/pepuka-y-el-monstruo-que-se-llevo-su-sonrisa-llega-a-los-ceip-de-vicar-por-el-25-n&amp;ct=ga&amp;cd=CAEYBCoUMTUxNDA4MzQyNzQ3MzI1OTcxNjMyGzlhYjFjZGQ3ZTM2NmVmMzg6ZXM6ZXM6RVM6Ug&amp;usg=AFQjCNFPpeNdNGpbPNL3nCBEN9KlFCF8Dw\">Pepuka Y El Monstruo Que Se Llev\u00f3 Su Sonrisa&#8217; Llega A Los CEIP De V\u00edcar por el 25-N <\/a>&#8211; Noticias de Almer\u00eda<\/p>\n<p><a href=\"https:\/\/www.google.com\/url?rct=j&amp;sa=t&amp;url=https:\/\/www.ideal.es\/almeria\/almeria\/violencia-genero-puede-20201125203811-nt.html&amp;ct=ga&amp;cd=CAEYESoUMTA2ODA5NDI1MTMxMTkyODI5NDEyGWMwMzcyZWJjMmZlYWRhNTk6ZXM6ZXM6RVM&amp;usg=AFQjCNGb82GSjDTjlOAC4VUe8hHxpSWYCQ\">Violencia de g\u00e9nero: \u00abYa no se puede decir que esto es una cosa de pareja, una cosa de familia\u00bb <\/a>&#8211; Ideal Digital<\/p>\n<p><a href=\"http:\/\/www.juntadeandalucia.es\/presidencia\/portavoz\/156333\/Salud\/ViolenciadeGenero\/SAS\/Mujer\">Salud atiende a m\u00e1s de 800 v\u00edctimas de violencia de g\u00e9nero en los equipos de atenci\u00f3n a la mujer y la familia<\/a> \u2013 Oficina del Portavoz<\/p>\n<p><strong>Ciencia y Cultura<\/strong><\/p>\n<p><a href=\"https:\/\/www.google.com\/url?rct=j&amp;sa=t&amp;url=https:\/\/www.europapress.es\/andalucia\/sevilla-00357\/noticia-cristina-heeren-eva-yerbabuena-alicia-troncoso-maria-jesus-almazor-reconocidas-premios-roma-20201124180556.html&amp;ct=ga&amp;cd=CAEYAyoUMTE2NzAxOTkzNDYzODk0MDM2ODcyGTQ1YjFlOTgyOGJlYTcyYTk6ZXM6ZXM6RVM&amp;usg=AFQjCNHgG7TleMzAI4FO2JZcKoDw1amevw\">Cristina Heeren, Eva La Yerbabuena, Alicia Troncoso o Mar\u00eda Jes\u00fas Almazor, reconocidas por los Premios Roma &#8230; <\/a>&#8211; Europa Press<\/p>\n<p><a href=\"https:\/\/www.google.com\/url?rct=j&amp;sa=t&amp;url=https:\/\/www.cineytele.com\/2020\/11\/23\/119-millones-de-euros-para-ayudas-selectivas-a-la-produccion-de-largometrajes-sobre-proyecto\/&amp;ct=ga&amp;cd=CAEYAyoSOTgxNzU2MDE2MTgxNDQxMjI4MhljMDM3MmViYzJmZWFkYTU5OmVzOmVzOkVT&amp;usg=AFQjCNH1sSPclDZo5V0Qf4eJkTfYa2k_XA\">11,9 millones de euros para ayudas selectivas a la producci\u00f3n de largometrajes sobre proyecto <\/a>&#8211; Cine y Tele<\/p>\n<p><a href=\"https:\/\/www.google.com\/url?rct=j&amp;sa=t&amp;url=https:\/\/www.lavanguardia.com\/local\/sevilla\/20201124\/49675702076\/memoria--la-diputacion-y-la-uco-trabajaran-en-la-investigacion-y-divulgacion-de-la-memoria-democratica.html&amp;ct=ga&amp;cd=CAEYByoUMTE2NzAxOTkzNDYzODk0MDM2ODcyGTQ1YjFlOTgyOGJlYTcyYTk6ZXM6ZXM6RVM&amp;usg=AFQjCNFAC7KKCqB_ZrRgjkIf6Kv7B41xAQ\">La Diputaci\u00f3n y la UCO trabajar\u00e1n en la investigaci\u00f3n y divulgaci\u00f3n de la memoria \u00a0&#8230; <\/a>&#8211; La Vanguardia<\/p>\n<p><a href=\"https:\/\/www.diariodesevilla.es\/entrevistas\/Berna-Perles-Soprano_0_1520548266.html\">Berna Perles, soprano: \u201cLa cultura ha sido indispensable para mantener la cordura\u00bb<\/a>-diariodesevilla<\/p>\n<p><a href=\"https:\/\/elpais.com\/cultura\/2020-11-24\/juana-de-aizpuru-mantengo-el-mismo-entusiasmo-que-cuando-abri-en-sevilla-en-1970.html\">Juana de Aizpuru: \u201cMantengo el mismo entusiasmo que cuando abr\u00ed en Sevilla en 1970\u201d<\/a>-El Pa\u00eds<\/p>\n<p><a href=\"https:\/\/elcorreoweb.es\/aladar\/un-estudio-sugiere-que-la-troya-de-homero-estaba-en-andalucia-AH6944310\">Un estudio sugiere que la Troya de Homero estaba en Andaluc\u00eda<\/a>&#8211; El Correo de Andaluc\u00eda<\/p>\n<p><strong>Deporte<\/strong><\/p>\n<p><a href=\"https:\/\/www.efe.com\/efe\/espana\/practicodeporte\/azahara-munoz-y-luna-sobron-entre-las-candidatas-a-ganar-el-andalucia-open-de-espana\/50000944-4403193\">Azahara Mu\u00f1oz y Luna Sobr\u00f3n, entre las candidatas a ganar el Andaluc\u00eda Open de Espa\u00f1a<\/a>-Efe<\/p>\n<p>[\/toggle]<\/p>\n<p>[toggle type=\u00bbfirst\u00bb title=\u00bbEstado\u00bb]<\/p>\n<p><strong>Institucional<\/strong><\/p>\n<p><a href=\"https:\/\/www.google.com\/url?rct=j&amp;sa=t&amp;url=https:\/\/www.20minutos.es\/opinion\/david-lafuente-duran-pacto-estado-violencia-genero-compromiso-pais-20201125-4486835\/&amp;ct=ga&amp;cd=CAEYASoUMTYzNTQzMjc5NzA2NTY3NDIwNTIyGWUyZGVmYTdkNWRhOTE1N2Q6ZXM6ZXM6RVM&amp;usg=AFQjCNH8dGbCzqtwgUJrVPqZh5CoTHyUzw\">Pacto de Estado contra la Violencia de G\u00e9nero: un compromiso de pa\u00eds <\/a>&#8211; 20minutos<\/p>\n<p><a href=\"https:\/\/www.eldiario.es\/sociedad\/consejo-europa-pide-espana-medidas-violencia-genero-fuera-ambito-pareja_1_6454985.html\">El Consejo de Europa pide a Espa\u00f1a m\u00e1s medidas contra la violencia de g\u00e9nero fuera del \u00e1mbito de la pareja<\/a>-eldiario.es<strong>\u00a0<\/strong><\/p>\n<p><strong>Institucional-CCAA<\/strong><\/p>\n<p><a href=\"https:\/\/www.google.com\/url?rct=j&amp;sa=t&amp;url=https:\/\/www.diariodelaltoaragon.es\/NoticiasDetalle.aspx%3FId%3D1229408&amp;ct=ga&amp;cd=CAEYACoUMTc4NDkzNTQ1NTE4MjI1NTc1OTgyGWMwMzcyZWJjMmZlYWRhNTk6ZXM6ZXM6RVM&amp;usg=AFQjCNENRzdOUlkdcwpiYJUQv1BSr39d5A\">La Comisi\u00f3n Asesora de Mujer y Ciencia echa a andar para aportar \u00abuna mirada de g\u00e9nero\u00bb a las &#8230; <\/a>&#8211; Alto Arag\u00f3n<\/p>\n<p><a href=\"https:\/\/www.google.com\/url?rct=j&amp;sa=t&amp;url=http:\/\/www.regiondigital.com\/noticias\/portada\/336232-el-imex-reitera-su-apuesta-por-reforzar-los-recursos-contra-el-terrorismo-machista.html&amp;ct=ga&amp;cd=CAEYACoSOTgxNzU2MDE2MTgxNDQxMjI4MhljMDM3MmViYzJmZWFkYTU5OmVzOmVzOkVT&amp;usg=AFQjCNEZ59i2ziu6U61_T9DHN5WSjUuPhA\">El IMEX reitera su apuesta por reforzar los recursos contra el \u00abterrorismo machista\u00bb <\/a>&#8211; Regi\u00f3n Digital<\/p>\n<p><a href=\"https:\/\/www.google.com\/url?rct=j&amp;sa=t&amp;url=https:\/\/www.lavanguardia.com\/vida\/20201123\/49647679042\/el-estado-premia-la-actuacion-del-instituto-canario-de-igualdad-en-2020.html&amp;ct=ga&amp;cd=CAEYAioUMTc4NDkzNTQ1NTE4MjI1NTc1OTgyGWMwMzcyZWJjMmZlYWRhNTk6ZXM6ZXM6RVM&amp;usg=AFQjCNEwN9mGZVgwpT7VpRHZhsL8tkHMLg\">El Estado premia la actuaci\u00f3n del Instituto Canario de Igualdad en 2020- <\/a>La Vanguardia<\/p>\n<p><a href=\"https:\/\/www.google.com\/url?rct=j&amp;sa=t&amp;url=https:\/\/www.europapress.es\/illes-balears\/noticia-govern-personara-acusacion-popular-procedimiento-muerte-remedios-cortes-20201123134122.html&amp;ct=ga&amp;cd=CAEYAyoUMTc4NDkzNTQ1NTE4MjI1NTc1OTgyGWMwMzcyZWJjMmZlYWRhNTk6ZXM6ZXM6RVM&amp;usg=AFQjCNFNLPnOB4mZikxQKGvcoJd_SDCXyQ\">El Govern se personar\u00e1 como acusaci\u00f3n popular en el procedimiento por la muerte de Remedios &#8230; <\/a>&#8211; Europa Press<\/p>\n<p><a href=\"https:\/\/www.google.com\/url?rct=j&amp;sa=t&amp;url=https:\/\/ahoraclm.com\/2020\/11\/24\/la-red-de-recursos-de-acogida-atendio-en-2019-a-334-mujeres-y-349-menores\/&amp;ct=ga&amp;cd=CAEYAioRMTA0Njc0ODQwMDYyOTIwNzIyGWMwMzcyZWJjMmZlYWRhNTk6ZXM6ZXM6RVM&amp;usg=AFQjCNFanFAeO-uc7crELOmG_JCaCLSymQ\">La Red de Recursos de Acogida de CLM atendi\u00f3 en 2019 a 334 mujeres y 349 menores <\/a>&#8211; Ahora CLM<\/p>\n<p><a href=\"https:\/\/www.google.com\/url?rct=j&amp;sa=t&amp;url=https:\/\/digitalextremadura.com\/el-instituto-de-la-mujer-de-extremadura-pone-en-marcha-una-nueva-edicion-del-programa-emma\/&amp;ct=ga&amp;cd=CAEYACoTNjAzMDU1NTA0MDA4Mjk2MDA5ODIZYzAzNzJlYmMyZmVhZGE1OTplczplczpFUw&amp;usg=AFQjCNGpUwCBFx0AP0ayCub3rhs3PFk5Qg\">El Instituto de la Mujer de Extremadura pone en marcha una nueva edici\u00f3n del programa EMMA <\/a>&#8211; digitalextremadura.com<strong>\u00a0<\/strong><\/p>\n<p><strong>Econom\u00eda y Empresas<\/strong><\/p>\n<p><a href=\"https:\/\/www.google.com\/url?rct=j&amp;sa=t&amp;url=https:\/\/www.ibercampus.es\/reelegida-ana-gomez-primera-mujer-40368.htm&amp;ct=ga&amp;cd=CAEYASoTNjcyNzA0MzE0NzY3NzcyMzM4NzIbZTU1MjBjNTU4YjkxNTcxMDplczplczpFUzpS&amp;usg=AFQjCNFKjAAW6J1EMZhLKQh1JMHCdQsSFA\">Reelegida Ana G\u00f3mez, primera mujer en presidir la mayoritaria Asociaci\u00f3n Nacional de Laboralistas <\/a>&#8211; Ibercampus.es<\/p>\n<p><a href=\"https:\/\/www.google.com\/url?rct=j&amp;sa=t&amp;url=https:\/\/www.economistjurist.es\/noticias-juridicas\/sharon-izaguirre-deloitte-hay-que-transgredir-los-limites-o-barreras-que-nosotras-mismas-podamos-llegar-a-visualizar\/&amp;ct=ga&amp;cd=CAEYIyoUMTA2ODA5NDI1MTMxMTkyODI5NDEyGWMwMzcyZWJjMmZlYWRhNTk6ZXM6ZXM6RVM&amp;usg=AFQjCNGsBd8bbMdRT3mh2hp20ZSCf3pWgw\">Sharon Izaguirre (Deloitte): \u201cHay que transgredir los l\u00edmites o barreras que nosotras mismas podamos llegar a visibilizar &#8230; <\/a>&#8211; Revista<\/p>\n<p><a href=\"https:\/\/www.google.com\/url?rct=j&amp;sa=t&amp;url=https:\/\/valenciaplaza.com\/DigitalizacinbioempresasyelpapeltecnolgicodelamujerejestemticosdelXVFocusPyme1&amp;ct=ga&amp;cd=CAEYISoUMTA2ODA5NDI1MTMxMTkyODI5NDEyGWMwMzcyZWJjMmZlYWRhNTk6ZXM6ZXM6RVM&amp;usg=AFQjCNGVyqUx94DmNoAtE8LwAyJ__u8b3Q\">Digitalizaci\u00f3n, bioempresas y el papel tecnol\u00f3gico de la mujer, ejes tem\u00e1ticos del XV Focus Pyme <\/a>&#8211; <a href=\"http:\/\/valenciaplaza.com\">valenciaplaza.com<\/a><\/p>\n<p><a href=\"https:\/\/www.google.com\/url?rct=j&amp;sa=t&amp;url=https:\/\/www.20minutos.es\/noticia\/4481919\/0\/conciliacion-derecho-laboral-corresponsabilidad-cuidados-espacial-20-aniversario-20-minutos\/&amp;ct=ga&amp;cd=CAEYAioSNjU3NTA2MDgwMDEwNzg1Mjk0MhljMDM3MmViYzJmZWFkYTU5OmVzOmVzOkVT&amp;usg=AFQjCNEDcoVZYH3GYtRBapQ5fcCORF0OQg\">De un derecho laboral a la corresponsabilidad de cuidar <\/a>&#8211; 20minutos<\/p>\n<p><a href=\"https:\/\/www.mujeremprendedora.net\/mujeres-gastronomia-y-scoolinary-firman-acuerdo-colaboracion\/\">Mujeres en Gastronom\u00eda y Scoolinary firman acuerdo de colaboraci\u00f3n<\/a>&#8211; Mujeremprendedora.net<\/p>\n<p><a href=\"https:\/\/www.mujeremprendedora.net\/women-in-mining-industry-spain-asociacion-impulsa-mujer-mineria-industria\/\">Women in Mining &amp; Industry Spain, una asociaci\u00f3n que impulsa a la mujer en la miner\u00eda y la industria<\/a>&#8211; Mujeremprendedora.net<strong>\u00a0<\/strong><\/p>\n<p><strong>Actualidad<\/strong><\/p>\n<p><a href=\"https:\/\/www.lamarea.com\/2020\/11\/24\/carme-valls-los-problemas-sociales-de-las-mujeres-no-se-tienen-que-tratar-con-pastillas-sino-cambiando-sus-condiciones-de-vida-y-de-trabajo\/\">Carme Valls, doctora: \u00abLos problemas sociales de las mujeres no se tienen que tratar con pastillas, sino cambiando sus condiciones de vida y de trabajo\u00bb<\/a>&#8211;<a href=\"http:\/\/lamarea.com\">lamarea.com<\/a><\/p>\n<p><a href=\"https:\/\/www.google.com\/url?rct=j&amp;sa=t&amp;url=https:\/\/www.abc.es\/familia\/mujeres\/abci-doble-jornada-trabajo-y-mucho-mas-estres-vivieron-confinamiento-mujeres-202011240135_noticia.html&amp;ct=ga&amp;cd=CAEYASoTOTE5Mzk0OTMwMjY3MTU1NjU0NzIZYzAzNzJlYmMyZmVhZGE1OTplczplczpFUw&amp;usg=AFQjCNGCDCM_QEoYDUHUunTKMgNlZQ0xig\">Doble jornada de trabajo y mucho m\u00e1s estr\u00e9s: as\u00ed vivieron el confinamiento las mujeres <\/a>&#8211; Abc.es<\/p>\n<p><a href=\"https:\/\/www.google.com\/url?rct=j&amp;sa=t&amp;url=https:\/\/www.65ymas.com\/sociedad\/25nsenior-ciclo-actividades-impulsar-empoderamiento-femenino-senior_21543_102.html&amp;ct=ga&amp;cd=CAEYASoRMTE0MzA5MDQ4OTMyMjE1NTgyGWUyZGVmYTdkNWRhOTE1N2Q6ZXM6ZXM6RVM&amp;usg=AFQjCNFuCTBTI4iJQ4uXZu3IEcPIe9XK2Q\">#25nSenior, un ciclo de actividades para impulsar el empoderamiento femenino s\u00e9nior <\/a>&#8211; <a href=\"http:\/\/65ymas.com\">65ymas.com<\/a><\/p>\n<p><a href=\"https:\/\/www.google.com\/url?rct=j&amp;sa=t&amp;url=https:\/\/www.elconfidencial.com\/alma-corazon-vida\/2020-11-24\/juguetes-no-sexistas-juegos-mesa-navidad-black-friday_2844632\/&amp;ct=ga&amp;cd=CAEYACoUMTU2ODc5MzE0NjQwMTU1MjY4MjgyGTFkYzViZWNjNzA2ZWNmOGI6ZXM6ZXM6RVM&amp;usg=AFQjCNFVEqfhak_3WSL9ORJhBTM1PNoV9w\">Juegos de mesa, juguetes de madera y no sexistas: c\u00f3mo aprovechar el Black Friday para &#8230; <\/a>&#8211; El Confidencial<\/p>\n<p><a href=\"https:\/\/www.google.com\/url?rct=j&amp;sa=t&amp;url=https:\/\/www.newtral.es\/silvia-gil-primera-mujer-comandancia-guardia-civil\/20201124\/&amp;ct=ga&amp;cd=CAEYFSoUMTA2ODA5NDI1MTMxMTkyODI5NDEyGWMwMzcyZWJjMmZlYWRhNTk6ZXM6ZXM6RVM&amp;usg=AFQjCNGOJW2o_llh7wtouG_42X8E8ZkF6A\">Silvia Gil, primera mujer en asumir una Comandancia de la Guardia Civil <\/a>&#8211; Newtral<\/p>\n<p><strong>Violencias<\/strong><\/p>\n<p><a href=\"https:\/\/www.eldiario.es\/canariasahora\/sociedad\/victoria-rosell-bulos-denuncias-falsas-contribuyendo-silencio-victimas-amparando-agresores_1_6457737.html\">Victoria Rosell: \u00abLos bulos sobre denuncias falsas amparan a los agresores\u00bb<\/a>-eldiario.es<\/p>\n<p><a href=\"https:\/\/www.google.com\/url?rct=j&amp;sa=t&amp;url=https:\/\/www.cope.es\/actualidad\/sociedad\/noticias\/formacion-gran-obstaculo-para-educar-contra-violencia-machista-20201123_1011601&amp;ct=ga&amp;cd=CAEYASoTODA1MDAxNDQ2OTIwMTk1MzgxMTIZZTFlNzdkMTU2MDk4YThlMzplczplczpFUw&amp;usg=AFQjCNEWHnCRDnHcuvLuznBLhT_84HOg7A\">La formaci\u00f3n, gran obst\u00e1culo para educar contra la violencia machista <\/a>&#8211; Cope<\/p>\n<p><a href=\"https:\/\/www.google.com\/url?rct=j&amp;sa=t&amp;url=https:\/\/www.cope.es\/emisoras\/comunidad-de-madrid\/madrid-provincia\/villalba\/noticias\/los-expertos-advierten-porno-esta-convirtiendo-una-escuela-sexualidad-20201123_1011812&amp;ct=ga&amp;cd=CAEYAioUMTYwODA0NTE3NjU1OTEyNjk4OTkyGWUyZGVmYTdkNWRhOTE1N2Q6ZXM6ZXM6RVM&amp;usg=AFQjCNGqIX4rE3Id8MJ64X6TvS8yzX9LwA\">Marisa Garc\u00eda, t\u00e9cnico de Igualdad: \u201cEl porno se est\u00e1 convirtiendo en una escuela de sexualidad\u201d <\/a>&#8211; Cope<\/p>\n<p><a href=\"https:\/\/www.google.com\/url?rct=j&amp;sa=t&amp;url=https:\/\/www.elperiodico.com\/es\/tele\/20201124\/claudia-traisac-metoo-corto-cosmo-8217291&amp;ct=ga&amp;cd=CAEYASoTMTE2ODAwMTI4MDk4MDMwMjkxMjIZZTJkZWZhN2Q1ZGE5MTU3ZDplczplczpFUw&amp;usg=AFQjCNFLsKxUAz6kIm78DwNVD7lnxeoiXw\">Claudia Traisac: \u00abEn Espa\u00f1a hay casos del #MeToo, pero no se ha roto ese silencio\u00bb <\/a>&#8211; El Peri\u00f3dico<\/p>\n<p><a href=\"https:\/\/blogs.publico.es\/dominiopublico\/35343\/sobre-la-violencia-cultural-y-simbolica\/\">Sobre la violencia cultural y simb\u00f3lica<\/a>&#8211; P\u00fablico<\/p>\n<p><a href=\"https:\/\/www.eldiario.es\/castilla-la-mancha\/yo-pongo-el-limite\/36-mujeres-asesinadas-crimenes-machistas-ano-municipios-rurales_132_6458781.html\">M\u00e1s del 36% de las mujeres asesinadas en cr\u00edmenes machistas este a\u00f1o eran de municipios rurales<\/a>-eldiario.es<\/p>\n<p><strong>Ciencia y Cultura<\/strong><\/p>\n<p><a href=\"https:\/\/www.eldiario.es\/sociedad\/lejos-focos-vacunas-espanolas-covid-prosiguen-avance-autosuficientes-medio-plazo_1_6456496.html\">Lejos de los focos, las vacunas espa\u00f1olas avanzan para ser una alternativa a medio plazo<\/a>&#8211;<a href=\"http:\/\/eldiario.es\">eldiario.es<\/a><\/p>\n<p><a href=\"https:\/\/www.google.com\/url?rct=j&amp;sa=t&amp;url=http:\/\/www.rtvc.es\/noticias\/el-instituto-de-teguise-distinguido-por-una-investigacion-social-sobre-mujeres-220659.aspx&amp;ct=ga&amp;cd=CAEYAioUMTA2ODA5NDI1MTMxMTkyODI5NDEyGWMwMzcyZWJjMmZlYWRhNTk6ZXM6ZXM6RVM&amp;usg=AFQjCNGHsY0HvLWDP1x5Zj8ztm2KGrnRbw\">El Instituto de Teguise, distinguido por una investigaci\u00f3n social sobre mujeres <\/a>&#8211; Rtvc.es<\/p>\n<p><a href=\"https:\/\/www.google.com\/url?rct=j&amp;sa=t&amp;url=http:\/\/www.jaca.com\/noticias\/2020\/11\/mujeres-almanaque-pirineos.php&amp;ct=ga&amp;cd=CAEYDSoUMTA2ODA5NDI1MTMxMTkyODI5NDEyGWMwMzcyZWJjMmZlYWRhNTk6ZXM6ZXM6RVM&amp;usg=AFQjCNEPUu6Pzi34NaxV9sfOmeroVzHJPA\">\u00abMujeres, migraci\u00f3n a la modernidad\u00bb reivindica la mujer pirenaica de principios del XX <\/a>&#8211; Jaca gu\u00eda tur\u00edstica y agenda<\/p>\n<p><a href=\"https:\/\/www.lamarea.com\/2020\/11\/25\/mujeres-en-pie-de-paz\/\">Mujeres en pie de paz<\/a>&#8211; La Marea<\/p>\n<p><a href=\"https:\/\/www.elimparcial.es\/noticia\/219253\/cultura\/emilia-de-noelia-adanez:-la-vocacion-de-la-mujer-y-sus-agravios.html\">Emilia, de Noelia Ad\u00e1nez: La vocaci\u00f3n de la mujer y sus agravios<\/a>-elimparcial<\/p>\n<p><a href=\"https:\/\/www.diariodemallorca.es\/cultura\/2020\/11\/25\/pilar-juncosa-mujer-forjo-fundacio-25561155.html\">Pilar Juncosa, la mujer que forj\u00f3 la Fundaci\u00f3 Mir\u00f3<\/a>-diariodemallorca<\/p>\n<p><a href=\"https:\/\/www.diariocritico.com\/cultura\/carmen-baroja-lo-que-pudo-ser-y-no-fue-y-lo-sido\">Carmen Baroja: Lo que pudo ser y no fue&#8230; y lo sido<\/a>&#8211;<a href=\"http:\/\/diariocritico.com\">diariocritico.com<\/a><\/p>\n<p><a href=\"https:\/\/www.elcorreo.com\/alava\/araba\/primera-mujer-frente-20201123133716-nt.html\">Isabel Rubio, la primera mujer al frente de la Banda Municipal de Vitoria<\/a>&#8211; El Correo<\/p>\n<p><a href=\"https:\/\/www.eldiario.es\/cultura\/soledad-sevilla-premio-velazquez-artes-plasticas_1_6453309.html\">Soledad Sevilla, Premio Vel\u00e1zquez de Artes Pl\u00e1sticas 2020<\/a> \u2013eldiario.es<strong>\u00a0<\/strong><\/p>\n<p><strong>Deporte<\/strong><\/p>\n<p><a href=\"https:\/\/www.google.com\/url?rct=j&amp;sa=t&amp;url=https:\/\/www.europapress.es\/deportes\/futbol-00162\/noticia-seleccion-femenina-ata-lazo-morado-contra-violencia-genero-20201124175728.html&amp;ct=ga&amp;cd=CAEYASoUMTE0MDcwNTk4OTcwMTI4MTQ3OTgyGWUyZGVmYTdkNWRhOTE1N2Q6ZXM6ZXM6RVM&amp;usg=AFQjCNH8KNIP76idytO7mkMoUzznUdvFfQ\">La selecci\u00f3n femenina se ata el lazo morado contra la violencia de g\u00e9nero <\/a>&#8211; Europa Press<\/p>\n<p>[\/toggle]<\/p>\n<p>[toggle type=\u00bbfirst\u00bb title=\u00bbInternacional\u00bb]<\/p>\n<p><a href=\"https:\/\/www.google.com\/url?rct=j&amp;sa=t&amp;url=https:\/\/www.bbc.com\/mundo\/noticias-55043925&amp;ct=ga&amp;cd=CAEYGyoUMTA2ODA5NDI1MTMxMTkyODI5NDEyGWMwMzcyZWJjMmZlYWRhNTk6ZXM6ZXM6RVM&amp;usg=AFQjCNHyHdokp6pPT11QQCDZc_DIoR120A\">Qui\u00e9nes son las 100 Mujeres elegidas por la BBC para 2020 (y qui\u00e9nes son las 11 &#8230; <\/a>&#8211; BBC Mundo<\/p>\n<p><a href=\"https:\/\/www.rtve.es\/noticias\/20201124\/janet-yellen-primera-mujer-frente-secretaria-del-tesoro-estados-unidos\/2058399.shtml\">Janet Yellen, primera mujer al frente de la Secretar\u00eda del Tesoro de Estados Unidos<\/a>&#8211; Rtve.es<\/p>\n<p><a href=\"https:\/\/elcomercio.pe\/mundo\/eeuu\/joe-biden-poder-femenino-las-mujeres-que-estaran-en-los-puestos-mas-importantes-del-gabinete-noticia\/\">Poder femenino: las mujeres que estar\u00e1n en los puestos m\u00e1s importantes del gabinete de Biden<\/a>&#8211; El comercio<\/p>\n<p><a href=\"https:\/\/www.lanzadigital.com\/general\/manos-unidas-denuncia-que-es-intolerable-que-el-30-de-las-mujeres-y-ninas-del-mundo-vivan-con-miedo-a-ser-agredidas\/\">Manos Unidas denuncia que es intolerable que el 30% de las mujeres y ni\u00f1as del mundo vivan con miedo a ser agredidas<\/a>-lanzadigital<\/p>\n<p><a href=\"http:\/\/www.radiocable.com\/escocia-se-convierte-en-el-primer-pais-del-mundo-en-dar-acceso-gratuito-a-tampones-y-compresas.html\">Escocia se convierte en el primer pa\u00eds del mundo en dar acceso gratuito a tampones y compresas\u2026<\/a>-radiocable<\/p>\n<p><a href=\"https:\/\/www.google.com\/url?rct=j&amp;sa=t&amp;url=https:\/\/www.eleconomista.com.mx\/politica\/Las-mujeres-estan-expuestas-a-sufrir-mayores-impactos-por-altos-niveles-de-impunidad-admiten-funcionarias-publicas-20201123-0091.html&amp;ct=ga&amp;cd=CAEYAyoUMTI1Mjk3NjgxNDI5OTUwNjYzNTQyGWMwMzcyZWJjMmZlYWRhNTk6ZXM6ZXM6RVM&amp;usg=AFQjCNH7rYxwyX3gSF_yl0BCwiTKreq_Kg\">Las mujeres est\u00e1n expuestas a sufrir mayores impactos por altos niveles de impunidad, admiten &#8230; <\/a>&#8211; El Economista<\/p>\n<p><a href=\"https:\/\/www.google.com\/url?rct=j&amp;sa=t&amp;url=https:\/\/tecreview.tec.mx\/2020\/11\/23\/ciencia\/maria-del-pilar-carreon-castro\/&amp;ct=ga&amp;cd=CAEYDCoUMTUzNTg1ODkzNTk3NjU5NzkzMjMyGWMwMzcyZWJjMmZlYWRhNTk6ZXM6ZXM6RVM&amp;usg=AFQjCNGRdX1jzDkgrIJuqH0kJ1BQ4CMieg\">Mar\u00eda del Pilar Carre\u00f3n Castro, primera mujer al frente del Instituto de Ciencias Nucleares de la UNAM <\/a>&#8211; Tec Review<\/p>\n<p><a href=\"https:\/\/www.eldiario.es\/nidos\/hermanas-mirabal-comic-adolescentes-conozcan-historia_1_6454741.html\">\u00bfQui\u00e9nes fueron las hermanas Mirabal? Un c\u00f3mic para conocer a las activistas que dieron lugar al 25N<\/a>-eldiario.es<\/p>\n<p><a href=\"https:\/\/elpais.com\/cultura\/2020-11-25\/beyonce-taylor-swift-y-dua-lipa-dominan-las-candidaturas-a-los-grammy-estos-son-todos-los-nominados.html\">La lista de nominados a los Grammy 2021: Beyonc\u00e9, Taylor Swift y Dua Lipa dominan las candidaturas<\/a>-El Pa\u00eds<\/p>\n<p>[\/toggle]<\/p>\n<\/div>\n<\/div>\n<\/div>\n<\/div>\n<\/div>\n<\/div>\n","protected":false},"excerpt":{"rendered":"<p>Pacto de Estado contra la Violencia de G\u00e9nero: un compromiso <a href=\"https:\/\/cklcomunicaciones.es\/coop\/noticias-info-ckl-no-2-522-25-11-20\/\">[&#8230;]<\/a><\/p>\n","protected":false},"author":3,"featured_media":0,"comment_status":"closed","ping_status":"closed","sticky":false,"template":"","format":"standard","meta":{"footnotes":""},"categories":[298,623],"tags":[230,109],"class_list":["post-15154","post","type-post","status-publish","format-standard","hentry","category-newsletter","category-nwl-2-0","tag-25n","tag-violencia-de-genero"],"yoast_head":"<!-- This site is optimized with the Yoast SEO plugin v27.5 - https:\/\/yoast.com\/product\/yoast-seo-wordpress\/ -->\n<title>Noticias Info CKL n\u00ba 2.522-25\/11\/20-Comunicar con perspectiva de g\u00e9nero<\/title>\n<meta name=\"description\" content=\"Comunicar con perspectiva de g\u00e9nero: Pacto de Estado contra la VG: un compromiso de Pa\u00eds-Soledad Sevilla, Premio Vel\u00e1zquez de Artes Pl\u00e1sticas\" \/>\n<meta name=\"robots\" content=\"index, follow, max-snippet:-1, max-image-preview:large, max-video-preview:-1\" \/>\n<link rel=\"canonical\" href=\"https:\/\/cklcomunicaciones.es\/coop\/noticias-info-ckl-no-2-522-25-11-20\/\" \/>\n<meta property=\"og:locale\" content=\"es_ES\" \/>\n<meta property=\"og:type\" content=\"article\" \/>\n<meta property=\"og:title\" content=\"Noticias Info CKL n\u00ba 2.522-25\/11\/20-Comunicar con perspectiva de g\u00e9nero\" \/>\n<meta property=\"og:description\" content=\"Comunicar con perspectiva de g\u00e9nero: Pacto de Estado contra la VG: un compromiso de Pa\u00eds-Soledad Sevilla, Premio Vel\u00e1zquez de Artes Pl\u00e1sticas\" \/>\n<meta property=\"og:url\" content=\"https:\/\/cklcomunicaciones.es\/coop\/noticias-info-ckl-no-2-522-25-11-20\/\" \/>\n<meta property=\"og:site_name\" content=\"CKL Comunicaciones\" \/>\n<meta property=\"article:published_time\" content=\"2020-11-25T13:08:13+00:00\" \/>\n<meta property=\"article:modified_time\" content=\"2025-01-17T15:47:25+00:00\" \/>\n<meta property=\"og:image\" content=\"https:\/\/cklcomunicaciones.es\/coop\/wp-content\/uploads\/2018\/03\/CKL_comunicacion-con-perspetiva-de-genero.jpg\" \/>\n\t<meta property=\"og:image:width\" content=\"500\" \/>\n\t<meta property=\"og:image:height\" content=\"500\" \/>\n\t<meta property=\"og:image:type\" content=\"image\/jpeg\" \/>\n<meta name=\"author\" content=\"ckl\" \/>\n<meta name=\"twitter:card\" content=\"summary_large_image\" \/>\n<meta name=\"twitter:label1\" content=\"Escrito por\" \/>\n\t<meta name=\"twitter:data1\" content=\"ckl\" \/>\n\t<meta name=\"twitter:label2\" content=\"Tiempo de lectura\" \/>\n\t<meta name=\"twitter:data2\" content=\"8 minutos\" \/>\n<script type=\"application\/ld+json\" class=\"yoast-schema-graph\">{\"@context\":\"https:\\\/\\\/schema.org\",\"@graph\":[{\"@type\":\"Article\",\"@id\":\"https:\\\/\\\/cklcomunicaciones.es\\\/coop\\\/noticias-info-ckl-no-2-522-25-11-20\\\/#article\",\"isPartOf\":{\"@id\":\"https:\\\/\\\/cklcomunicaciones.es\\\/coop\\\/noticias-info-ckl-no-2-522-25-11-20\\\/\"},\"author\":{\"name\":\"ckl\",\"@id\":\"https:\\\/\\\/cklcomunicaciones.es\\\/coop\\\/#\\\/schema\\\/person\\\/929a6837f7626450bbb50cee1aef266e\"},\"headline\":\"Noticias Info CKL n\u00ba 2.522-25\\\/11\\\/20\",\"datePublished\":\"2020-11-25T13:08:13+00:00\",\"dateModified\":\"2025-01-17T15:47:25+00:00\",\"mainEntityOfPage\":{\"@id\":\"https:\\\/\\\/cklcomunicaciones.es\\\/coop\\\/noticias-info-ckl-no-2-522-25-11-20\\\/\"},\"wordCount\":1605,\"image\":{\"@id\":\"https:\\\/\\\/cklcomunicaciones.es\\\/coop\\\/noticias-info-ckl-no-2-522-25-11-20\\\/#primaryimage\"},\"thumbnailUrl\":\"http:\\\/\\\/www.cklcomunicaciones.es\\\/wp-content\\\/uploads\\\/2018\\\/03\\\/CKL_comunicacion-con-perspetiva-de-genero-300x300.jpg\",\"keywords\":[\"25N\",\"violencia de g\u00e9nero\"],\"articleSection\":[\"Newsletter\",\"Nwl v2.0\"],\"inLanguage\":\"es\"},{\"@type\":\"WebPage\",\"@id\":\"https:\\\/\\\/cklcomunicaciones.es\\\/coop\\\/noticias-info-ckl-no-2-522-25-11-20\\\/\",\"url\":\"https:\\\/\\\/cklcomunicaciones.es\\\/coop\\\/noticias-info-ckl-no-2-522-25-11-20\\\/\",\"name\":\"Noticias Info CKL n\u00ba 2.522-25\\\/11\\\/20-Comunicar con perspectiva de g\u00e9nero\",\"isPartOf\":{\"@id\":\"https:\\\/\\\/cklcomunicaciones.es\\\/coop\\\/#website\"},\"primaryImageOfPage\":{\"@id\":\"https:\\\/\\\/cklcomunicaciones.es\\\/coop\\\/noticias-info-ckl-no-2-522-25-11-20\\\/#primaryimage\"},\"image\":{\"@id\":\"https:\\\/\\\/cklcomunicaciones.es\\\/coop\\\/noticias-info-ckl-no-2-522-25-11-20\\\/#primaryimage\"},\"thumbnailUrl\":\"http:\\\/\\\/www.cklcomunicaciones.es\\\/wp-content\\\/uploads\\\/2018\\\/03\\\/CKL_comunicacion-con-perspetiva-de-genero-300x300.jpg\",\"datePublished\":\"2020-11-25T13:08:13+00:00\",\"dateModified\":\"2025-01-17T15:47:25+00:00\",\"author\":{\"@id\":\"https:\\\/\\\/cklcomunicaciones.es\\\/coop\\\/#\\\/schema\\\/person\\\/929a6837f7626450bbb50cee1aef266e\"},\"description\":\"Comunicar con perspectiva de g\u00e9nero: Pacto de Estado contra la VG: un compromiso de Pa\u00eds-Soledad Sevilla, Premio Vel\u00e1zquez de Artes Pl\u00e1sticas\",\"breadcrumb\":{\"@id\":\"https:\\\/\\\/cklcomunicaciones.es\\\/coop\\\/noticias-info-ckl-no-2-522-25-11-20\\\/#breadcrumb\"},\"inLanguage\":\"es\",\"potentialAction\":[{\"@type\":\"ReadAction\",\"target\":[\"https:\\\/\\\/cklcomunicaciones.es\\\/coop\\\/noticias-info-ckl-no-2-522-25-11-20\\\/\"]}]},{\"@type\":\"ImageObject\",\"inLanguage\":\"es\",\"@id\":\"https:\\\/\\\/cklcomunicaciones.es\\\/coop\\\/noticias-info-ckl-no-2-522-25-11-20\\\/#primaryimage\",\"url\":\"http:\\\/\\\/www.cklcomunicaciones.es\\\/wp-content\\\/uploads\\\/2018\\\/03\\\/CKL_comunicacion-con-perspetiva-de-genero-300x300.jpg\",\"contentUrl\":\"http:\\\/\\\/www.cklcomunicaciones.es\\\/wp-content\\\/uploads\\\/2018\\\/03\\\/CKL_comunicacion-con-perspetiva-de-genero-300x300.jpg\"},{\"@type\":\"BreadcrumbList\",\"@id\":\"https:\\\/\\\/cklcomunicaciones.es\\\/coop\\\/noticias-info-ckl-no-2-522-25-11-20\\\/#breadcrumb\",\"itemListElement\":[{\"@type\":\"ListItem\",\"position\":1,\"name\":\"Portada\",\"item\":\"https:\\\/\\\/cklcomunicaciones.es\\\/coop\\\/\"},{\"@type\":\"ListItem\",\"position\":2,\"name\":\"Noticias Info CKL n\u00ba 2.522-25\\\/11\\\/20\"}]},{\"@type\":\"WebSite\",\"@id\":\"https:\\\/\\\/cklcomunicaciones.es\\\/coop\\\/#website\",\"url\":\"https:\\\/\\\/cklcomunicaciones.es\\\/coop\\\/\",\"name\":\"CKL Comunicaciones\",\"description\":\"Sitio web de CKL Comunicaciones coop , la consultora de comunicaci\u00f3n y estrategia\",\"potentialAction\":[{\"@type\":\"SearchAction\",\"target\":{\"@type\":\"EntryPoint\",\"urlTemplate\":\"https:\\\/\\\/cklcomunicaciones.es\\\/coop\\\/?s={search_term_string}\"},\"query-input\":{\"@type\":\"PropertyValueSpecification\",\"valueRequired\":true,\"valueName\":\"search_term_string\"}}],\"inLanguage\":\"es\"},{\"@type\":\"Person\",\"@id\":\"https:\\\/\\\/cklcomunicaciones.es\\\/coop\\\/#\\\/schema\\\/person\\\/929a6837f7626450bbb50cee1aef266e\",\"name\":\"ckl\",\"image\":{\"@type\":\"ImageObject\",\"inLanguage\":\"es\",\"@id\":\"https:\\\/\\\/secure.gravatar.com\\\/avatar\\\/c82db564e8a669bf6023357a157b9dc4780f4d4c618f2ad1d71a6a5dede45057?s=96&d=mm&r=g\",\"url\":\"https:\\\/\\\/secure.gravatar.com\\\/avatar\\\/c82db564e8a669bf6023357a157b9dc4780f4d4c618f2ad1d71a6a5dede45057?s=96&d=mm&r=g\",\"contentUrl\":\"https:\\\/\\\/secure.gravatar.com\\\/avatar\\\/c82db564e8a669bf6023357a157b9dc4780f4d4c618f2ad1d71a6a5dede45057?s=96&d=mm&r=g\",\"caption\":\"ckl\"},\"url\":\"https:\\\/\\\/cklcomunicaciones.es\\\/coop\\\/author\\\/cklcomunicaciones\\\/\"}]}<\/script>\n<!-- \/ Yoast SEO plugin. -->","yoast_head_json":{"title":"Noticias Info CKL n\u00ba 2.522-25\/11\/20-Comunicar con perspectiva de g\u00e9nero","description":"Comunicar con perspectiva de g\u00e9nero: Pacto de Estado contra la VG: un compromiso de Pa\u00eds-Soledad Sevilla, Premio Vel\u00e1zquez de Artes Pl\u00e1sticas","robots":{"index":"index","follow":"follow","max-snippet":"max-snippet:-1","max-image-preview":"max-image-preview:large","max-video-preview":"max-video-preview:-1"},"canonical":"https:\/\/cklcomunicaciones.es\/coop\/noticias-info-ckl-no-2-522-25-11-20\/","og_locale":"es_ES","og_type":"article","og_title":"Noticias Info CKL n\u00ba 2.522-25\/11\/20-Comunicar con perspectiva de g\u00e9nero","og_description":"Comunicar con perspectiva de g\u00e9nero: Pacto de Estado contra la VG: un compromiso de Pa\u00eds-Soledad Sevilla, Premio Vel\u00e1zquez de Artes Pl\u00e1sticas","og_url":"https:\/\/cklcomunicaciones.es\/coop\/noticias-info-ckl-no-2-522-25-11-20\/","og_site_name":"CKL Comunicaciones","article_published_time":"2020-11-25T13:08:13+00:00","article_modified_time":"2025-01-17T15:47:25+00:00","og_image":[{"width":500,"height":500,"url":"https:\/\/cklcomunicaciones.es\/coop\/wp-content\/uploads\/2018\/03\/CKL_comunicacion-con-perspetiva-de-genero.jpg","type":"image\/jpeg"}],"author":"ckl","twitter_card":"summary_large_image","twitter_misc":{"Escrito por":"ckl","Tiempo de lectura":"8 minutos"},"schema":{"@context":"https:\/\/schema.org","@graph":[{"@type":"Article","@id":"https:\/\/cklcomunicaciones.es\/coop\/noticias-info-ckl-no-2-522-25-11-20\/#article","isPartOf":{"@id":"https:\/\/cklcomunicaciones.es\/coop\/noticias-info-ckl-no-2-522-25-11-20\/"},"author":{"name":"ckl","@id":"https:\/\/cklcomunicaciones.es\/coop\/#\/schema\/person\/929a6837f7626450bbb50cee1aef266e"},"headline":"Noticias Info CKL n\u00ba 2.522-25\/11\/20","datePublished":"2020-11-25T13:08:13+00:00","dateModified":"2025-01-17T15:47:25+00:00","mainEntityOfPage":{"@id":"https:\/\/cklcomunicaciones.es\/coop\/noticias-info-ckl-no-2-522-25-11-20\/"},"wordCount":1605,"image":{"@id":"https:\/\/cklcomunicaciones.es\/coop\/noticias-info-ckl-no-2-522-25-11-20\/#primaryimage"},"thumbnailUrl":"http:\/\/www.cklcomunicaciones.es\/wp-content\/uploads\/2018\/03\/CKL_comunicacion-con-perspetiva-de-genero-300x300.jpg","keywords":["25N","violencia de g\u00e9nero"],"articleSection":["Newsletter","Nwl v2.0"],"inLanguage":"es"},{"@type":"WebPage","@id":"https:\/\/cklcomunicaciones.es\/coop\/noticias-info-ckl-no-2-522-25-11-20\/","url":"https:\/\/cklcomunicaciones.es\/coop\/noticias-info-ckl-no-2-522-25-11-20\/","name":"Noticias Info CKL n\u00ba 2.522-25\/11\/20-Comunicar con perspectiva de g\u00e9nero","isPartOf":{"@id":"https:\/\/cklcomunicaciones.es\/coop\/#website"},"primaryImageOfPage":{"@id":"https:\/\/cklcomunicaciones.es\/coop\/noticias-info-ckl-no-2-522-25-11-20\/#primaryimage"},"image":{"@id":"https:\/\/cklcomunicaciones.es\/coop\/noticias-info-ckl-no-2-522-25-11-20\/#primaryimage"},"thumbnailUrl":"http:\/\/www.cklcomunicaciones.es\/wp-content\/uploads\/2018\/03\/CKL_comunicacion-con-perspetiva-de-genero-300x300.jpg","datePublished":"2020-11-25T13:08:13+00:00","dateModified":"2025-01-17T15:47:25+00:00","author":{"@id":"https:\/\/cklcomunicaciones.es\/coop\/#\/schema\/person\/929a6837f7626450bbb50cee1aef266e"},"description":"Comunicar con perspectiva de g\u00e9nero: Pacto de Estado contra la VG: un compromiso de Pa\u00eds-Soledad Sevilla, Premio Vel\u00e1zquez de Artes Pl\u00e1sticas","breadcrumb":{"@id":"https:\/\/cklcomunicaciones.es\/coop\/noticias-info-ckl-no-2-522-25-11-20\/#breadcrumb"},"inLanguage":"es","potentialAction":[{"@type":"ReadAction","target":["https:\/\/cklcomunicaciones.es\/coop\/noticias-info-ckl-no-2-522-25-11-20\/"]}]},{"@type":"ImageObject","inLanguage":"es","@id":"https:\/\/cklcomunicaciones.es\/coop\/noticias-info-ckl-no-2-522-25-11-20\/#primaryimage","url":"http:\/\/www.cklcomunicaciones.es\/wp-content\/uploads\/2018\/03\/CKL_comunicacion-con-perspetiva-de-genero-300x300.jpg","contentUrl":"http:\/\/www.cklcomunicaciones.es\/wp-content\/uploads\/2018\/03\/CKL_comunicacion-con-perspetiva-de-genero-300x300.jpg"},{"@type":"BreadcrumbList","@id":"https:\/\/cklcomunicaciones.es\/coop\/noticias-info-ckl-no-2-522-25-11-20\/#breadcrumb","itemListElement":[{"@type":"ListItem","position":1,"name":"Portada","item":"https:\/\/cklcomunicaciones.es\/coop\/"},{"@type":"ListItem","position":2,"name":"Noticias Info CKL n\u00ba 2.522-25\/11\/20"}]},{"@type":"WebSite","@id":"https:\/\/cklcomunicaciones.es\/coop\/#website","url":"https:\/\/cklcomunicaciones.es\/coop\/","name":"CKL Comunicaciones","description":"Sitio web de CKL Comunicaciones coop , la consultora de comunicaci\u00f3n y estrategia","potentialAction":[{"@type":"SearchAction","target":{"@type":"EntryPoint","urlTemplate":"https:\/\/cklcomunicaciones.es\/coop\/?s={search_term_string}"},"query-input":{"@type":"PropertyValueSpecification","valueRequired":true,"valueName":"search_term_string"}}],"inLanguage":"es"},{"@type":"Person","@id":"https:\/\/cklcomunicaciones.es\/coop\/#\/schema\/person\/929a6837f7626450bbb50cee1aef266e","name":"ckl","image":{"@type":"ImageObject","inLanguage":"es","@id":"https:\/\/secure.gravatar.com\/avatar\/c82db564e8a669bf6023357a157b9dc4780f4d4c618f2ad1d71a6a5dede45057?s=96&d=mm&r=g","url":"https:\/\/secure.gravatar.com\/avatar\/c82db564e8a669bf6023357a157b9dc4780f4d4c618f2ad1d71a6a5dede45057?s=96&d=mm&r=g","contentUrl":"https:\/\/secure.gravatar.com\/avatar\/c82db564e8a669bf6023357a157b9dc4780f4d4c618f2ad1d71a6a5dede45057?s=96&d=mm&r=g","caption":"ckl"},"url":"https:\/\/cklcomunicaciones.es\/coop\/author\/cklcomunicaciones\/"}]}},"_links":{"self":[{"href":"https:\/\/cklcomunicaciones.es\/coop\/wp-json\/wp\/v2\/posts\/15154","targetHints":{"allow":["GET"]}}],"collection":[{"href":"https:\/\/cklcomunicaciones.es\/coop\/wp-json\/wp\/v2\/posts"}],"about":[{"href":"https:\/\/cklcomunicaciones.es\/coop\/wp-json\/wp\/v2\/types\/post"}],"author":[{"embeddable":true,"href":"https:\/\/cklcomunicaciones.es\/coop\/wp-json\/wp\/v2\/users\/3"}],"replies":[{"embeddable":true,"href":"https:\/\/cklcomunicaciones.es\/coop\/wp-json\/wp\/v2\/comments?post=15154"}],"version-history":[{"count":0,"href":"https:\/\/cklcomunicaciones.es\/coop\/wp-json\/wp\/v2\/posts\/15154\/revisions"}],"wp:attachment":[{"href":"https:\/\/cklcomunicaciones.es\/coop\/wp-json\/wp\/v2\/media?parent=15154"}],"wp:term":[{"taxonomy":"category","embeddable":true,"href":"https:\/\/cklcomunicaciones.es\/coop\/wp-json\/wp\/v2\/categories?post=15154"},{"taxonomy":"post_tag","embeddable":true,"href":"https:\/\/cklcomunicaciones.es\/coop\/wp-json\/wp\/v2\/tags?post=15154"}],"curies":[{"name":"wp","href":"https:\/\/api.w.org\/{rel}","templated":true}]}}