{"id":15132,"date":"2020-11-05T14:59:26","date_gmt":"2020-11-05T13:59:26","guid":{"rendered":"http:\/\/www.cklcomunicaciones.es\/?p=15132"},"modified":"2025-01-17T16:47:26","modified_gmt":"2025-01-17T15:47:26","slug":"noticias-info-ckl-no-2-513-05-11-20","status":"publish","type":"post","link":"https:\/\/cklcomunicaciones.es\/coop\/noticias-info-ckl-no-2-513-05-11-20\/","title":{"rendered":"Noticias Info CKL n\u00ba 2.513-05\/11\/20"},"content":{"rendered":"<div id=\"pl-15132\"  class=\"panel-layout\" >\n<div id=\"pg-15132-0\"  class=\"panel-grid panel-no-style\"  data-style=\"{&quot;background_image_attachment&quot;:false,&quot;background_display&quot;:&quot;tile&quot;,&quot;cell_alignment&quot;:&quot;flex-start&quot;}\" >\n<div id=\"pgc-15132-0-0\"  class=\"panel-grid-cell\"  data-weight=\"1\" >\n<div id=\"panel-15132-0-0-0\" class=\"so-panel widget widget_sow-editor panel-first-child panel-last-child\" data-index=\"0\" data-style=\"{&quot;background_image_attachment&quot;:false,&quot;background_display&quot;:&quot;tile&quot;}\" >\n<div class=\"so-widget-sow-editor so-widget-sow-editor-base\">\n<div class=\"siteorigin-widget-tinymce textwidget\">\n<p><img decoding=\"async\" class=\"lazyload  wp-image-13726\" src=\"http:\/\/www.cklcomunicaciones.es\/wp-content\/uploads\/2018\/03\/CKL_comunicacion-con-perspetiva-de-genero-300x300.jpg\" data-orig-src=\"http:\/\/www.cklcomunicaciones.es\/wp-content\/uploads\/2018\/03\/CKL_comunicacion-con-perspetiva-de-genero-300x300.jpg\" alt=\"CKL_comunicacion con perspetiva de genero\" width=\"132\" height=\"132\" srcset=\"data:image\/svg+xml,%3Csvg%20xmlns%3D%27http%3A%2F%2Fwww.w3.org%2F2000%2Fsvg%27%20width%3D%27132%27%20height%3D%27132%27%20viewBox%3D%270%200%20132%20132%27%3E%3Crect%20width%3D%27132%27%20height%3D%27132%27%20fill-opacity%3D%220%22%2F%3E%3C%2Fsvg%3E\" data-srcset=\"https:\/\/cklcomunicaciones.es\/coop\/wp-content\/uploads\/2018\/03\/CKL_comunicacion-con-perspetiva-de-genero-150x150.jpg 150w, https:\/\/cklcomunicaciones.es\/coop\/wp-content\/uploads\/2018\/03\/CKL_comunicacion-con-perspetiva-de-genero-300x300.jpg 300w, https:\/\/cklcomunicaciones.es\/coop\/wp-content\/uploads\/2018\/03\/CKL_comunicacion-con-perspetiva-de-genero-450x450.jpg 450w, https:\/\/cklcomunicaciones.es\/coop\/wp-content\/uploads\/2018\/03\/CKL_comunicacion-con-perspetiva-de-genero.jpg 500w\" data-sizes=\"auto\" data-orig-sizes=\"(max-width: 132px) 100vw, 132px\" \/><\/p>\n<p id=\":703\" class=\"hP\" tabindex=\"-1\" data-thread-perm-id=\"thread-f:1682528314765041926\" data-legacy-thread-id=\"17598a967e1b6106\"><strong>Olga S\u00e1nchez, Consejera Delegada (Axa Expa\u00f1a): \u201cNo necesitas estar f\u00edsicamente en la oficina para dirigir una compa\u00f1\u00eda\u00bb-Irene Vallejo, Premio Nacional de Ensayo 2020-Mar\u00eda Blanchard, la \u00abFrida Kahlo\u00bb espa\u00f1ola<\/strong><\/p>\n<p id=\":1jb\" class=\"hP\" tabindex=\"-1\" data-thread-perm-id=\"thread-f:1673735291635950613\" data-legacy-thread-id=\"173a4d6141fee415\">[toggle type=\u00bbfirst\u00bb title=\u00bbConvocatorias\u00bb]<\/p>\n<ul>\n<li><a href=\"https:\/\/feminicidio.net\/webinar-coloquio-con-la-fiscal-susana-gisbert-sobre-justicia-y-perspectiva-de-genero\/\">Webinar \u2013 Coloquio con la Fiscal Susana Gisbert sobre Justicia y Perspectiva de G\u00e9nero<\/a>. Feminicidio.net. 5 de noviembre<\/li>\n<li><a href=\"https:\/\/www.larinconada.es\/noticias\/10712\/igualdad-presenta-su-nueva-herramienta-formativa-y-educativa-para-prevenir-la-violencia-de-genero?fbclid=IwAR2QFsYUp3PbLv-vDSf2Wr-w9LszOFJVuGzPJ8Q0AhJsImIDHdwHv0yyeWo\">Ciclo webinar &#8216;Propuestas para la acci\u00f3n en la lucha contra la violencia de g\u00e9nero&#8217;<\/a>. Ayuntamiento de la Rinconada. Del 11 al 30 de noviembre<\/li>\n<li><a href=\"http:\/\/www.juntadeandalucia.es\/iam\/catalogo\/doc\/convocatorias\/2020-genero\/SE-taller-escritura-creativa.jpg\">Taller de escritura creativa y relatos &#8216;Las Mujeres del Sur, Nosotras, las Otras&#8217; (2\u00aa ed.)<\/a>. Asamblea de Cooperaci\u00f3n por la Paz (ACPP). 3 meses de duraci\u00f3n, inicio 15 de noviembre. <a href=\"https:\/\/forms.gle\/qroXJ9tnAuUB7kPk8\">Inscripci\u00f3n<\/a><\/li>\n<li><a href=\"http:\/\/www.juntadeandalucia.es\/iam\/catalogo\/doc\/convocatorias\/2020-genero\/SE-exposicion-guinea-basau.jpg\">Exposici\u00f3n &#8216;Mindjer di Guin\u00e9: Miradas desde Guinea-Bissau&#8217;<\/a>. Asamblea de Cooperaci\u00f3n por la Paz (ACPP). Del 3 al 30 de noviembre<\/li>\n<li>Ciclo de Seminarios y conversatorios sobre violencias machistas &#8216;Nos queremos vivas&#8217;, del 5 de noviembre al 17 diciembre. M\u00e1s informaci\u00f3n: <a href=\"https:\/\/seminariosnosqueremosvivas.es\/\">https:\/\/seminariosnosqueremosvivas.es\/<\/a><\/li>\n<\/ul>\n<p><strong>\u00a0<\/strong>[\/toggle]<\/p>\n<p>[toggle type=\u00bbfirst\u00bb title=\u00bbComunicaci\u00f3n\u00bb]<\/p>\n<p><a href=\"https:\/\/amecopress.net\/El-feminismo-ha-impactado-las-redacciones-periodistas-espanolas\">El feminismo ha impactado en las redacciones: periodistas espa\u00f1olas\u2026<\/a>-amecopress.net<\/p>\n<p><a href=\"http:\/\/www.juntadeandalucia.es\/presidencia\/portavoz\/155831\/PremioAndaluciadePeriodismo\/Convocatoria\/Premio\/Periodismo\">Convocados los Premios Andaluc\u00eda de Periodismo en su XXXV edici\u00f3n<\/a>\u2013 Oficina del Portavoz<\/p>\n<p><a href=\"https:\/\/elpais.com\/tecnologia\/2020\/11\/03\/actualidad\/1604429964_038820.html\">Alaska: \u201cNo podr\u00eda vivir sin Internet\u201d<\/a>-El Pa\u00eds<\/p>\n<p><a href=\"https:\/\/cadenaser.com\/emisora\/2020\/11\/05\/radio_sevilla\/1604579926_922162.html\">Mar\u00eda G\u00e1mez, Directora General de la Guardia Civil, en \u00abSER Andaluces\u00bb<\/a>-cadenaser.com<\/p>\n<p><a href=\"https:\/\/elpais.com\/tecnologia\/2020-11-05\/whatsapp-introduce-por-fin-la-posibilidad-de-enviar-mensajes-que-se-autodestruyen.html\">WhatsApp introduce la posibilidad de enviar mensajes que se autodestruyen<\/a> \u2013 El Pa\u00eds<\/p>\n<p>[\/toggle]<\/p>\n<p>[toggle type=\u00bbfirst\u00bb title=\u00bbAndaluc\u00eda\u00bb]<\/p>\n<p><strong>Institucional<\/strong><\/p>\n<p><a href=\"https:\/\/www.google.com\/url?rct=j&amp;sa=t&amp;url=https:\/\/www.benalgo.es\/noticias\/el-presupuesto-de-2021-en-andalucia-crece-un-3-7-y-refuerza-politicas-sociales-y-las-bases-para-la-reactivacion-economica.html&amp;ct=ga&amp;cd=CAEYAioTMzM3NjU1NzIyMzE5NDAyNjQ4NzIZZDc4ZTU4NzVhMGYxZjJhYzplczplczpFUw&amp;usg=AFQjCNGOzOuJJM3_Ii2tRqYkO6gX84ysyQ\">El Presupuesto de 2021 en Andaluc\u00eda crece un 3,7% y refuerza pol\u00edticas sociales y las bases para &#8230; <\/a>&#8211; Contracr\u00f3nica.es<strong>\u00a0<\/strong><\/p>\n<p><strong>Econom\u00eda y Empresas<\/strong><\/p>\n<p><a href=\"https:\/\/www.google.com\/url?rct=j&amp;sa=t&amp;url=https:\/\/www.camaracadiz.com\/webinar-mujer-y-comercio-internacional&amp;ct=ga&amp;cd=CAEYBSoUMTIwMTc4MjY1NTY0ODM2OTQxOTcyGWMwMzcyZWJjMmZlYWRhNTk6ZXM6ZXM6RVM&amp;usg=AFQjCNEqOn9QV2Od3LVERm6lYh6ArgfQ0A\">Webinar Mujer y comercio internacional <\/a>&#8211; C\u00e1mara de Comercio de C\u00e1diz<\/p>\n<p><a href=\"https:\/\/www.faecta.coop\/index.php?id=14&amp;tx_ttnews%5Btt_news%5D=8442&amp;cHash=f0894ac2619da88223d93b42ce397157\">COOPG\u00e9nero apoya la incorporaci\u00f3n de la perspectiva de g\u00e9nero a las empresas de econom\u00eda social \u2026<\/a>&#8211;<a href=\"http:\/\/faecta.coop\">faecta.coop<\/a><\/p>\n<p><a href=\"https:\/\/www.mujeremprendedora.net\/almur-pone-marcha-ciclo-webinarios-sobre-nueva-realidad-ante-covid-19\/\">ALMUR pone en marcha un ciclo de webinarios sobre la \u201cNueva realidad ante la COVID-19\u201d<\/a>-mujeremprendedora.net<\/p>\n<p><a href=\"https:\/\/www.google.com\/url?rct=j&amp;sa=t&amp;url=https:\/\/okdiario.com\/andalucia\/andalucia-crece-pese-crisis-region-suma-44-nuevos-autonomos-espana-octubre-6387313&amp;ct=ga&amp;cd=CAEYACoTMjYyMzQzMjQ4MTIyMTk4MzQ2NzIZZDc4ZTU4NzVhMGYxZjJhYzplczplczpFUw&amp;usg=AFQjCNEmWPnpmgIevx19zt8_DBQovp7OQw\">Andaluc\u00eda crece pese a la crisis: la regi\u00f3n suma el 44% de los nuevos aut\u00f3nomos de Espa\u00f1a en &#8230; <\/a>&#8211; okdiario.com<\/p>\n<p><a href=\"http:\/\/www.juntadeandalucia.es\/presidencia\/portavoz\/155844\/Empleo\/Paro\/desempleo\/octubre\/ServicioAndaluzdeEmpleo\/SAE\/ConsejeriadeEmpleoFormacionyTrabajoAutonomo\/Andalucia\/JuntadeAndalucia\/GobiernodeAndalucia\">El paro sube en Andaluc\u00eda en 9.506 personas en octubre, el menor incremento de los \u00faltimos tres a\u00f1os en ese mes<\/a>\u2013 Oficina del Portavoz<\/p>\n<p><strong>Actualidad<\/strong><\/p>\n<p><a href=\"https:\/\/www.google.com\/url?rct=j&amp;sa=t&amp;url=https:\/\/europatropical.net\/2020\/11\/04\/la-granadina-nuria-medina-es-una-de-las-doce-protagonistas-del-calendario-del-iam-ninas-de-ayer-mujeres-de-hoy\/&amp;ct=ga&amp;cd=CAEYASoTMjIyNDMzMjU4MzM0MjAwOTAwMDIZYzAzNzJlYmMyZmVhZGE1OTplczplczpFUw&amp;usg=AFQjCNHxastxml81A-poKc7-m-drnQ4hQg\">La granadina Nuria Medina es una de las doce protagonistas del calendario del IAM &#8216;Ni\u00f1as de &#8230; <\/a>&#8211; Europatropical<\/p>\n<p><a href=\"http:\/\/www.juntadeandalucia.es\/presidencia\/portavoz\/155841\/ConsejeriaIgualdadPoliticasSocialesConciliacion\/ConsejoGobierno\/mayores\/dependencia\">La prevenci\u00f3n de la dependencia, principal eje del I Plan estrat\u00e9gico para mayores de Andaluc\u00eda<\/a> \u2013 Oficina del Portavoz<\/p>\n<p><a href=\"https:\/\/www.google.com\/url?rct=j&amp;sa=t&amp;url=https:\/\/blog.dipalme.org\/diputacion-organiza-la-viii-jornada-parentalidad-positiva-guia-buenas-practicas\/&amp;ct=ga&amp;cd=CAEYAioUMTMyMzY5MTY4NjUwNDQ0NTU0OTIyGTQ1YjFlOTgyOGJlYTcyYTk6ZXM6ZXM6RVM&amp;usg=AFQjCNGz8O4HTEl9A1LjnYmwIA-NjX0i3w\">Diputaci\u00f3n organiza la VIII Jornada de Parentalidad Positiva, gu\u00eda de buenas pr\u00e1cticas <\/a>&#8211; Diputaci\u00f3n de Almer\u00eda<\/p>\n<p><strong>Violencias<\/strong><\/p>\n<p><a href=\"https:\/\/www.lavozdigital.es\/cadiz\/jerez\/lvdi-junta-y-cruz-roja-espanola-impulsan-integracion-50-mujeres-victimas-violencia-genero-jerez-202011051123_noticia.html\">Junta y Cruz Roja Espa\u00f1ola impulsan la integraci\u00f3n 50 mujeres v\u00edctimas de violencia de g\u00e9nero en Jerez<\/a>-lavozdigital.es<strong>\u00a0<\/strong><\/p>\n<p><strong>Ciencia y Cultura<\/strong><\/p>\n<p><a href=\"https:\/\/www.mujeremprendedora.net\/catedratica-ugr-amelina-correa-ramon-obtiene-premio-luis-de-salazar-castro-primera-edicion\/\">La catedr\u00e1tica de la UGR Amelina Correa Ram\u00f3n obtiene el Premio Luis de Salazar y Castro<\/a> -mujeremprendedora.net<\/p>\n<p><a href=\"https:\/\/www.diariodealmeria.es\/ocio\/marta-navarro-ros-premio-planeta-vera_0_1513049366.html\">La veratense Marta Navarro Ros, se cuela entre los finalistas de los Premio Planeta \u2026<\/a>-diariodealmeria<\/p>\n<p><a href=\"https:\/\/atrapahuelva.com\/entrevista-a-maria-clauss\/\">Mar\u00eda Clauss, fot\u00f3grafa: \u201cHabr\u00eda que potenciar el turismo cultural\u201d \u2026<\/a>-atrapahuelva.com<\/p>\n<p><a href=\"https:\/\/www.google.com\/url?rct=j&amp;sa=t&amp;url=https:\/\/www.diariocordoba.com\/noticias\/universidad\/conferencias-mirando-cielo_1395722.html&amp;ct=ga&amp;cd=CAEYACoUMTc4MzIzMTYxMDc4NTg4MTQ1NDkyGTFmYWEzNjRkM2QxMTIyMWI6ZXM6ZXM6RVM&amp;usg=AFQjCNGPlzJCgk3nlq6GbK_r5Zk9JfZ6DA\">Conferencias &#8216;Mirando al cielo&#8217; <\/a>&#8211; Diario C\u00f3rdoba<\/p>\n<p><a href=\"https:\/\/sevilla.abc.es\/cultura\/arte\/sevi-icono-feminista-atesora-catedral-sevilla-desde-hace-siglos-202011042247_noticia.html\">El icono feminista que atesora la Catedral de Sevilla desde hace siglos \u2026<\/a>-abcsevilla<\/p>\n<p><a href=\"https:\/\/www.eldiario.es\/andalucia\/lacajanegra\/cine\/emmanuelle-beart-recibira-premio-ciudad-sevilla-seff_1_6384365.html\">Emmanuelle B\u00e9art recibir\u00e1 el premio Ciudad de Sevilla en el Festival de Cine Europeo<\/a>-eldiario.es<strong>\u00a0<\/strong><\/p>\n<p><strong>Deporte<\/strong><\/p>\n<p><a href=\"https:\/\/www.eldiadecordoba.es\/deportes\/Cordoba-Femenino-entrena-Miralbaida_0_1516648868.html\">El C\u00f3rdoba Femenino ya se entrena en Miralbaida<\/a>&#8211;<a href=\"http:\/\/eldiadecordoba.es\">eldiadecordoba.es<\/a><\/p>\n<p><a href=\"https:\/\/www.diariodesevilla.es\/deportes\/Remo-Regata-Sevilla-Betis-presentada-tintes-solidarios_0_1516948590.html\">Presentada la LIV Regata Sevilla-Betis, con tintes solidarios<\/a> \u2013 Diario de Sevilla<\/p>\n<p>[\/toggle]<\/p>\n<p>[toggle type=\u00bbfirst\u00bb title=\u00bbEstado\u00bb]<\/p>\n<p><strong>Institucional-CCAA<\/strong><\/p>\n<p><a href=\"https:\/\/www.google.com\/url?rct=j&amp;sa=t&amp;url=https:\/\/www.leonoticias.com\/universidad\/participa-jornadas-apoyo-20201103132636-nt.html&amp;ct=ga&amp;cd=CAEYASoUMTI0Njk5MzI0NDc1NTIwMzk5ODEyGWMwMzcyZWJjMmZlYWRhNTk6ZXM6ZXM6RVM&amp;usg=AFQjCNHfpSjtiZ-3RBxkI306m_7OkIVppw\">La ULE participa en unas jornadas en apoyo a las investigadoras <\/a>&#8211; leonoticias.com<\/p>\n<p><a href=\"https:\/\/www.google.com\/url?rct=j&amp;sa=t&amp;url=https:\/\/www.diariodenavarra.es\/noticias\/navarra\/2020\/11\/04\/un-proyecto-para-detectar-violencia-genero-recibe-premio-innovacion-social-706999-300.html&amp;ct=ga&amp;cd=CAEYACoUMTYzNjkyNDE4OTI4NTg1OTY4MjYyGWUyZGVmYTdkNWRhOTE1N2Q6ZXM6ZXM6RVM&amp;usg=AFQjCNHce4GWRilC0YFQGbqCNqfUenlhgg\">Un proyecto para detectar violencia de g\u00e9nero recibe el Premio a la Innovaci\u00f3n Social- <\/a>Diario de Navarra<\/p>\n<p><a href=\"https:\/\/www.google.com\/url?rct=j&amp;sa=t&amp;url=https:\/\/elapuron.com\/noticias\/sociedad\/145539\/actua-hackea-la-violencia-machista-lema-la-campana-del-gobierno-canarias-los-cabildos-25n\/&amp;ct=ga&amp;cd=CAEYACoUMTIzNDk4MzYxNTk0NDY4ODg3OTQyGWUyZGVmYTdkNWRhOTE1N2Q6ZXM6ZXM6RVM&amp;usg=AFQjCNEyoLgw_xBinsgKacRJYvVPcMbhfg\">Act\u00faa. Hackea la Violencia Machista&#8217;, lema de la campa\u00f1a del Gobierno de Canarias y los &#8230; <\/a>&#8211; elapuron.com<\/p>\n<p><a href=\"https:\/\/www.google.com\/url?rct=j&amp;sa=t&amp;url=https:\/\/www.naiz.eus\/es\/actualidad\/noticia\/20201104\/un-estudio-del-naiz-alerta-de-la-violencia-que-padecen-las-mujeres-mayores&amp;ct=ga&amp;cd=CAEYASoUMTIzNDk4MzYxNTk0NDY4ODg3OTQyGWUyZGVmYTdkNWRhOTE1N2Q6ZXM6ZXM6RVM&amp;usg=AFQjCNGnruyYX3iiYY91wCHudqH2g2GCxw\">Un estudio del Instituto Navarro de Igualdad alerta de la invisibilidad de la violencia que padecen las mujeres mayores <\/a>&#8211; Naiz<\/p>\n<p><a href=\"https:\/\/www.google.com\/url?rct=j&amp;sa=t&amp;url=https:\/\/www.cronicabalear.es\/2020\/baleares-guarda-un-minuto-de-silencio-por-la-mujer-asesinada-a-manos-de-su-pareja-en-palma\/&amp;ct=ga&amp;cd=CAEYAioTMjIyNDMzMjU4MzM0MjAwOTAwMDIZYzAzNzJlYmMyZmVhZGE1OTplczplczpFUw&amp;usg=AFQjCNEbflh6OTbxKphMJdaTOFNnmv7rcA\">Baleares guarda un minuto de silencio por la mujer asesinada a manos de su pareja en Palma <\/a>&#8211; Cr\u00f3nica Balear<\/p>\n<p><a href=\"https:\/\/www.google.com\/url?rct=j&amp;sa=t&amp;url=https:\/\/www.elespanol.com\/actualidad\/20201105\/lucha-joven-bilbao-llevar-instituto-movimiento-feminista\/533447278_0.html&amp;ct=ga&amp;cd=CAEYDCoTMjIyNDMzMjU4MzM0MjAwOTAwMDIZYzAzNzJlYmMyZmVhZGE1OTplczplczpFUw&amp;usg=AFQjCNHdPwVWewVXLEQ969uVRXmqqCnJuQ\">La lucha de un joven de Bilbao por poder llevar falda en el instituto: \u00abEs un movimiento feminista\u00bb <\/a>&#8211; El Espa\u00f1ol<\/p>\n<p><a href=\"https:\/\/www.google.com\/url?rct=j&amp;sa=t&amp;url=https:\/\/www.diariodelaltoaragon.es\/NoticiasDetalle.aspx%3FId%3D1227323&amp;ct=ga&amp;cd=CAEYASoTNTc4NjA4MDgyNzU0NDU4MjQ4NzIbOTE4ODU3Y2Q2MGY5Nzc0ODplczplczpFUzpM&amp;usg=AFQjCNErxxxrwunBmhec64iumZLgk8hmZA\">\u00abMujeres para cambiar el mundo rural\u00bb es la nueva formaci\u00f3n de Concilia <\/a>&#8211; Alto Arag\u00f3n<\/p>\n<p><a href=\"https:\/\/www.google.com\/url?rct=j&amp;sa=t&amp;url=https:\/\/www.abc.es\/espana\/castilla-leon\/abci-ley-garantizara-castilla-y-leon-atencion-discapacidad-durante-toda-vida-202011050858_noticia.html&amp;ct=ga&amp;cd=CAEYASoUMTIwNDA0MDcwNDczMDQyMTg1NTYyGWUxZTc3ZDE1NjA5OGE4ZTM6ZXM6ZXM6RVM&amp;usg=AFQjCNF9MITrJHVB7vg-czVG_IdHHZZe3Q\">Una ley garantizar\u00e1 en Castilla y Le\u00f3n la atenci\u00f3n a la discapacidad durante toda la vida- <\/a>Abc.es<\/p>\n<p><a href=\"https:\/\/www.google.com\/url?rct=j&amp;sa=t&amp;url=https:\/\/www.noticiasdenavarra.com\/actualidad\/sociedad\/2020\/11\/04\/inai-upna-elaboran-estudio-analiza\/1092202.html&amp;ct=ga&amp;cd=CAEYAioTNjk4MjE2NjU1ODM1NjY3NTAyMTIZYzAzNzJlYmMyZmVhZGE1OTplczplczpFUw&amp;usg=AFQjCNG1KJ95KBsQJwjOKbC4uEPQgL8MTA\">El INAI y la UPNA elaboran un estudio que analiza los efectos de la violencia machista y &#8230; <\/a>&#8211; Noticias de Navarra<\/p>\n<p><a href=\"https:\/\/www.google.com\/url?rct=j&amp;sa=t&amp;url=https:\/\/www.diariodemallorca.es\/mallorca\/2020\/11\/05\/faldas-igualdad-genero-son-ferrer-22254636.html&amp;ct=ga&amp;cd=CAEYAyoUMTIwMTc4MjY1NTY0ODM2OTQxOTcyGWMwMzcyZWJjMmZlYWRhNTk6ZXM6ZXM6RVM&amp;usg=AFQjCNFX3ntWz1Nq6osB2XfxJnJ18FzrYw\">Faldas por la igualdad de g\u00e9nero en institutos de Mallorca <\/a>&#8211; Diario de Mallorca<\/p>\n<p><strong>Econom\u00eda y Empresas<\/strong><\/p>\n<p><a href=\"https:\/\/elpais.com\/tecnologia\/haz-cosas-extraordinarias\/2020-11-05\/no-necesitas-estar-fisicamente-en-la-oficina-para-dirigir-una-compania.html\">Olga S\u00e1nchez, Consejera Delegada de Axa Expa\u00f1a: \u201cNo necesitas estar f\u00edsicamente en la oficina para dirigir una compa\u00f1\u00eda\u00bb<\/a>-El Pa\u00eds<\/p>\n<p><a href=\"https:\/\/www.google.com\/url?rct=j&amp;sa=t&amp;url=https:\/\/elpais.com\/elpais\/2020\/11\/04\/alterconsumismo\/1604481547_556378.html&amp;ct=ga&amp;cd=CAEYACoTMzY1NzkxNjIzMzU4OTM1MjUzMDIbOTE4ODU3Y2Q2MGY5Nzc0ODplczplczpFUzpM&amp;usg=AFQjCNGJinQ0aL8xtujt1X8bCStLs6fcrw\">\u00bfSomos capaces de crear un circuito econ\u00f3mico alternativo y \u00e9tico? <\/a>\u2013 El Pa\u00eds<\/p>\n<p><a href=\"https:\/\/www.eldiario.es\/economia\/empleo-aumento-113-974-personas-octubre-pese-rebrotes_1_6385613.html\">El empleo aument\u00f3 en 113.974 personas en octubre pese a los rebrotes de coronavirus<\/a>-eldiario.es<\/p>\n<p><strong>Actualidad<\/strong><\/p>\n<p><a href=\"https:\/\/elpais.com\/elpais\/2020\/10\/19\/mujeres\/1603096403_335333.html\">El sexo femenino existe<\/a> \u2013 El Pa\u00eds<\/p>\n<p><a href=\"https:\/\/www.google.com\/url?rct=j&amp;sa=t&amp;url=https:\/\/blogs.publico.es\/dominiopublico\/35133\/en-defensa-de-los-estudios-y-el-conocimiento-feminista\/&amp;ct=ga&amp;cd=CAEYACoTMzQ5Njg4NTU5NTgyODI1MTgzMTIZYzUxZTUzMzZhZjZjNDMwNTplczplczpFUw&amp;usg=AFQjCNGWWfaYHjD095I31ykfNpgoMfJvJg\">En defensa de los estudios y el conocimiento feminista <\/a>&#8211; P\u00fablico<\/p>\n<p><a href=\"https:\/\/tribunafeminista.elplural.com\/2020\/11\/feminismo-y-transfobia-una-polemica-falsa-e-interesada\/\">Feminismo y transfobia una pol\u00e9mica falsa e interesada\u2026<\/a>&#8211;<a href=\"http:\/\/elplural.com\">elplural.com<\/a><\/p>\n<p><a href=\"https:\/\/www.google.com\/url?rct=j&amp;sa=t&amp;url=https:\/\/www.20minutos.es\/noticia\/4444039\/0\/contra-la-soledad-en-tiempos-de-crisis-una-mano-robotica-para-pasear-alquiler-de-hermanas-y-matrimonios-con-robots\/&amp;ct=ga&amp;cd=CAEYASoUMTM2MDgwODY1NDA1NTE0MDcxODcyGWMwMzcyZWJjMmZlYWRhNTk6ZXM6ZXM6RVM&amp;usg=AFQjCNHgfqudm0VbXS2MrHEwuLGrNHbPhQ\">Contra la soledad en tiempos de crisis: una mano rob\u00f3tica para pasear, alquiler de hermanas y &#8230; <\/a>&#8211; 20minutos<\/p>\n<p><a href=\"https:\/\/elpais.com\/sociedad\/2020-11-04\/las-embarazadas-tienen-mas-riesgo-de-desarrollar-complicaciones-a-causa-de-la-covid-19.html\">Las embarazadas tienen m\u00e1s riesgo de desarrollar complicaciones a causa de la covid-19<\/a>&#8211; El Pa\u00eds<\/p>\n<p><strong>Violencias<\/strong><\/p>\n<p><a href=\"https:\/\/www.google.com\/url?rct=j&amp;sa=t&amp;url=https:\/\/www.servimedia.es\/noticias\/1328379&amp;ct=ga&amp;cd=CAEYAioUMTE0NzczNTAxOTU1ODgyODc5NjgyGWUyZGVmYTdkNWRhOTE1N2Q6ZXM6ZXM6RVM&amp;usg=AFQjCNH5ijnI5rPv6rYYVgqM-kHSopdWkw\">Las llamadas al 016 disminuyeron un 18,8% en octubre respecto al a\u00f1o 2019 <\/a>&#8211; Servimedia<\/p>\n<p><a href=\"https:\/\/www.google.com\/url?rct=j&amp;sa=t&amp;url=https:\/\/www.diariodenavarra.es\/noticias\/navarra\/2020\/11\/04\/el-miedo-soledad-dependencia-economica-agravan-violencia-genero-707023-300.html&amp;ct=ga&amp;cd=CAEYACoTODQ5NjkxMjk1MjI5Mzg5MTAzMDIZYzAzNzJlYmMyZmVhZGE1OTplczplczpFUw&amp;usg=AFQjCNHaI4ArE3t_RwLqDiinWMUZl-0O_w\">El miedo a la soledad y la dependencia econ\u00f3mica agravan la violencia de g\u00e9nero <\/a>&#8211; Diario de Navarra<\/p>\n<p><a href=\"https:\/\/www.eldiario.es\/sociedad\/una-mujer-de-32-anos-asesinada-por-su-pareja-en-palma_1_6385739.html\">Una mujer de 32 a\u00f1os, asesinada por su pareja en Palma<\/a>-eldiario.es<strong>\u00a0<\/strong><\/p>\n<p><strong>Ciencia y Cutura<\/strong><\/p>\n<p><a href=\"https:\/\/www.google.com\/url?rct=j&amp;sa=t&amp;url=https:\/\/www.estrategiasdeinversion.com\/actualidad\/noticias\/otras\/la-fundacion-mary-kay-entrega-una-beca-a-una-cientifica-n-460461&amp;ct=ga&amp;cd=CAEYAyoTNjk4MjE2NjU1ODM1NjY3NTAyMTIZYzAzNzJlYmMyZmVhZGE1OTplczplczpFUw&amp;usg=AFQjCNH88uBoeotk1XmcYUdnG7_Em6M0Mg\">La Fundaci\u00f3n Mary Kay entrega una Beca Internacional Postdoctoral en Investigaci\u00f3n del C\u00e1ncer a la cient\u00edfica espa\u00f1ola Ana Mar\u00eda Mart\u00edn Vega\u2026-<\/a>Estrategias de Inversi\u00f3n<\/p>\n<p><a href=\"https:\/\/www.google.com\/url?rct=j&amp;sa=t&amp;url=https:\/\/www.diariodemallorca.es\/mallorca\/2020\/11\/04\/investigadora-imedea-anna-traveset-ecologa-22208768.html&amp;ct=ga&amp;cd=CAEYACoUMTMzMDUzMjI0NjUwMDQ0OTgzNTIyGWMwMzcyZWJjMmZlYWRhNTk6ZXM6ZXM6RVM&amp;usg=AFQjCNEduwl9SLelCieGMZKb9LA4owsp7g\">La investigadora del IMEDEA Anna Traveset es la ec\u00f3loga m\u00e1s citada del pa\u00eds <\/a>&#8211; Diario de Mallorca<\/p>\n<p><a href=\"https:\/\/www.eldiario.es\/cultura\/libros\/irene-vallejo-premio-nacional-ensayo-infinito-junco_1_6386912.html\">Irene Vallejo, Premio Nacional de Ensayo 2020 por &#8216;El infinito en un junco&#8217;<\/a>&#8211;<a href=\"http:\/\/eldiario.es\">eldiario.es<\/a><\/p>\n<p><a href=\"https:\/\/www.eldiario.es\/cultura\/libros\/maria-blanchard-frida-kahlo-espanola-machismo-enterro-historia-arte_1_6386525.html\">Mar\u00eda Blanchard, la \u00abFrida Kahlo espa\u00f1ola\u00bb que el machismo enterr\u00f3 en la Historia del Arte<\/a>-eldiario.es<\/p>\n<p><a href=\"https:\/\/www.google.com\/url?rct=j&amp;sa=t&amp;url=https:\/\/www.lavanguardia.com\/vida\/20201104\/49237100561\/tambien-este-2020-habra-festival-cine-por-mujeres-un-acto-de-resistencia.html&amp;ct=ga&amp;cd=CAEYACoTMjIyNDMzMjU4MzM0MjAwOTAwMDIZYzAzNzJlYmMyZmVhZGE1OTplczplczpFUw&amp;usg=AFQjCNEQzXCiN9K9rzVri_spph43FLYg5A\">Tambi\u00e9n este 2020 habr\u00e1 Festival Cine por Mujeres, un \u00abacto de resistencia\u00bb <\/a>&#8211; La Vanguardia<\/p>\n<p><a href=\"https:\/\/www.google.com\/url?rct=j&amp;sa=t&amp;url=https:\/\/www.20minutos.es\/noticia\/4443723\/0\/el-impactante-corto-que-arrasa-en-internet-para-concienciar-a-los-jovenes-sobre-la-segunda-ola-de-la-covid\/&amp;ct=ga&amp;cd=CAEYDioTMjIyNDMzMjU4MzM0MjAwOTAwMDIZYzAzNzJlYmMyZmVhZGE1OTplczplczpFUw&amp;usg=AFQjCNFzfDPV5ihcOPgsfgiVk-dvzT9VYw\">El impactante corto que arrasa en Internet para concienciar a los j\u00f3venes sobre la segunda ola de &#8230; <\/a>&#8211; 20minutos.es<\/p>\n<p><a href=\"https:\/\/www.google.com\/url?rct=j&amp;sa=t&amp;url=https:\/\/www.heraldo.es\/noticias\/ocio-y-cultura\/2020\/11\/05\/maria-frisa-zaragoza-es-una-ciudad-de-novela-negra-1403644.html&amp;ct=ga&amp;cd=CAEYACoSNDI4NjM1MTE1MDA3OTUxNDU1MhljMDM3MmViYzJmZWFkYTU5OmVzOmVzOkVT&amp;usg=AFQjCNGgVt-TXq897T5xoDBrEMFMFpPS1A\">Mar\u00eda Frisa: \u00abZaragoza es una ciudad de novela negra\u00bb <\/a>&#8211; Heraldo.es<\/p>\n<p><a href=\"https:\/\/elpais.com\/ciencia\/2020-11-04\/las-mujeres-prehistoricas-tambien-cazaban-grandes-animales.html\">Las mujeres prehist\u00f3ricas tambi\u00e9n cazaban grandes animales<\/a>&#8211; El Pa\u00eds<\/p>\n<p><strong>Deporte<\/strong><\/p>\n<p><a href=\"https:\/\/elpais.com\/deportes\/2020-11-04\/la-arbitra-que-rompe-barreras.html\">Guadalupe Porras, la \u00e1rbitra que rompe barreras<\/a>&#8211; El Pa\u00eds<\/p>\n<p>[\/toggle]<\/p>\n<p>[toggle type=\u00bbfirst\u00bb title=\u00bbInternacional\u00bb]<\/p>\n<p><a href=\"https:\/\/www.google.com\/url?rct=j&amp;sa=t&amp;url=https:\/\/www.infogate.cl\/2020\/11\/04\/promociona-chile-tiene-su-nueva-directora-ejecutiva-especialista-en-temas-de-genero\/&amp;ct=ga&amp;cd=CAEYASoTODQ5NjkxMjk1MjI5Mzg5MTAzMDIZYzAzNzJlYmMyZmVhZGE1OTplczplczpFUw&amp;usg=AFQjCNHHTf72cWE5amuPJ-QHfyANuRC3kQ\">Promociona Chile tiene su nueva directora ejecutiva, especialista en temas de g\u00e9nero <\/a>&#8211; infogate<\/p>\n<p><a href=\"https:\/\/www.google.com\/url?rct=j&amp;sa=t&amp;url=https:\/\/mundo.sputniknews.com\/opinion\/202011041093353545-mujeres-de-costa-rica-revierten-intento-de-ser-marginadas-de-dialogo-nacional\/&amp;ct=ga&amp;cd=CAEYASoUMTMzMDUzMjI0NjUwMDQ0OTgzNTIyGWMwMzcyZWJjMmZlYWRhNTk6ZXM6ZXM6RVM&amp;usg=AFQjCNE0kX8DWMDEcMst7kL3jUh8iNDgDA\">Mujeres de Costa Rica revierten intento de ser marginadas de di\u00e1logo nacional <\/a>&#8211; Sputnik Mundo<\/p>\n<p><a href=\"https:\/\/www.google.com\/url?rct=j&amp;sa=t&amp;url=https:\/\/www.forbes.com.mx\/red-forbes-como-dan-uso-al-tiempo-los-hombres-y-las-mujeres-en-mexico\/&amp;ct=ga&amp;cd=CAEYAyoUMTQwMjQ5NTExNzU3ODU0NTU0NDEyGWMwMzcyZWJjMmZlYWRhNTk6ZXM6ZXM6RVM&amp;usg=AFQjCNEmmeKkUIeQRPo6RB-GPrZI4lWDkA\">\u00bfC\u00f3mo dan uso al tiempo los hombres y las mujeres en M\u00e9xico? <\/a>&#8211; Forbes Mexico<\/p>\n<p><a href=\"https:\/\/www.google.com\/url?rct=j&amp;sa=t&amp;url=https:\/\/www.diariosumario.com.ar\/provinciales\/2020\/11\/4\/conferencia-sobre-los-diferentes-modos-de-abordaje-de-la-violencia-de-genero-24292.html&amp;ct=ga&amp;cd=CAEYBioTMjIyNDMzMjU4MzM0MjAwOTAwMDIZYzAzNzJlYmMyZmVhZGE1OTplczplczpFUw&amp;usg=AFQjCNEjqpZUuKKCPxMrr5SWtW-dMICiwg\">Conferencia sobre los diferentes modos de abordaje de la violencia de g\u00e9nero <\/a>&#8211; <a href=\"http:\/\/diariosumario.com.ar\">diariosumario.com.ar<\/a><\/p>\n<p><a href=\"https:\/\/www.google.com\/url?rct=j&amp;sa=t&amp;url=https:\/\/listindiario.com\/las-sociales\/2020\/11\/04\/642643\/claudia-roa-se-convierte-en-la-primera-mujer-al-frente-del-centro-de-navegacion-de-aerea&amp;ct=ga&amp;cd=CAEYAioSNDI4NjM1MTE1MDA3OTUxNDU1MhljMDM3MmViYzJmZWFkYTU5OmVzOmVzOkVT&amp;usg=AFQjCNEz7fZWxekwfHWggiUpWcdcfiw9Ew\">Claudia Roa se convierte en la primera mujer al frente del Centro de Navegaci\u00f3n de A\u00e9rea <\/a>&#8211; List\u00edn Diario<\/p>\n<p>[\/toggle]<\/p>\n<\/div>\n<\/div>\n<\/div>\n<\/div>\n<\/div>\n<\/div>\n","protected":false},"excerpt":{"rendered":"<p>Olga S\u00e1nchez, Consejera Delegada (Axa Expa\u00f1a): \u201cNo necesitas estar f\u00edsicamente <a href=\"https:\/\/cklcomunicaciones.es\/coop\/noticias-info-ckl-no-2-513-05-11-20\/\">[&#8230;]<\/a><\/p>\n","protected":false},"author":3,"featured_media":0,"comment_status":"closed","ping_status":"closed","sticky":false,"template":"","format":"standard","meta":{"footnotes":""},"categories":[298,623],"tags":[225,80],"class_list":["post-15132","post","type-post","status-publish","format-standard","hentry","category-newsletter","category-nwl-2-0","tag-iege2020","tag-igualdad-de-genero"],"yoast_head":"<!-- This site is optimized with the Yoast SEO plugin v27.5 - https:\/\/yoast.com\/product\/yoast-seo-wordpress\/ -->\n<title>Noticias Info CKL n\u00ba 2.513-05\/11\/20-Comunicar con perspectiva de g\u00e9nero<\/title>\n<meta name=\"description\" content=\"Comunicar con perspectiva de g\u00e9nero: Olga S\u00e1nchez, Consejera Delegada (Axa Expa\u00f1a): \u201cNo necesitas estar f\u00edsicamente en la oficina para dirigir una compa\u00f1\u00eda&quot;-Irene Vallejo, Premio Nacional de Ensayo 2020\" \/>\n<meta name=\"robots\" content=\"index, follow, max-snippet:-1, max-image-preview:large, max-video-preview:-1\" \/>\n<link rel=\"canonical\" href=\"https:\/\/cklcomunicaciones.es\/coop\/noticias-info-ckl-no-2-513-05-11-20\/\" \/>\n<meta property=\"og:locale\" content=\"es_ES\" \/>\n<meta property=\"og:type\" content=\"article\" \/>\n<meta property=\"og:title\" content=\"Noticias Info CKL n\u00ba 2.513-05\/11\/20-Comunicar con perspectiva de g\u00e9nero\" \/>\n<meta property=\"og:description\" content=\"Comunicar con perspectiva de g\u00e9nero: Olga S\u00e1nchez, Consejera Delegada (Axa Expa\u00f1a): \u201cNo necesitas estar f\u00edsicamente en la oficina para dirigir una compa\u00f1\u00eda&quot;-Irene Vallejo, Premio Nacional de Ensayo 2020\" \/>\n<meta property=\"og:url\" content=\"https:\/\/cklcomunicaciones.es\/coop\/noticias-info-ckl-no-2-513-05-11-20\/\" \/>\n<meta property=\"og:site_name\" content=\"CKL Comunicaciones\" \/>\n<meta property=\"article:published_time\" content=\"2020-11-05T13:59:26+00:00\" \/>\n<meta property=\"article:modified_time\" content=\"2025-01-17T15:47:26+00:00\" \/>\n<meta property=\"og:image\" content=\"https:\/\/cklcomunicaciones.es\/coop\/wp-content\/uploads\/2018\/03\/CKL_comunicacion-con-perspetiva-de-genero.jpg\" \/>\n\t<meta property=\"og:image:width\" content=\"500\" \/>\n\t<meta property=\"og:image:height\" content=\"500\" \/>\n\t<meta property=\"og:image:type\" content=\"image\/jpeg\" \/>\n<meta name=\"author\" content=\"ckl\" \/>\n<meta name=\"twitter:card\" content=\"summary_large_image\" \/>\n<meta name=\"twitter:label1\" content=\"Escrito por\" \/>\n\t<meta name=\"twitter:data1\" content=\"ckl\" \/>\n\t<meta name=\"twitter:label2\" content=\"Tiempo de lectura\" \/>\n\t<meta name=\"twitter:data2\" content=\"6 minutos\" \/>\n<script type=\"application\/ld+json\" class=\"yoast-schema-graph\">{\"@context\":\"https:\\\/\\\/schema.org\",\"@graph\":[{\"@type\":\"Article\",\"@id\":\"https:\\\/\\\/cklcomunicaciones.es\\\/coop\\\/noticias-info-ckl-no-2-513-05-11-20\\\/#article\",\"isPartOf\":{\"@id\":\"https:\\\/\\\/cklcomunicaciones.es\\\/coop\\\/noticias-info-ckl-no-2-513-05-11-20\\\/\"},\"author\":{\"name\":\"ckl\",\"@id\":\"https:\\\/\\\/cklcomunicaciones.es\\\/coop\\\/#\\\/schema\\\/person\\\/929a6837f7626450bbb50cee1aef266e\"},\"headline\":\"Noticias Info CKL n\u00ba 2.513-05\\\/11\\\/20\",\"datePublished\":\"2020-11-05T13:59:26+00:00\",\"dateModified\":\"2025-01-17T15:47:26+00:00\",\"mainEntityOfPage\":{\"@id\":\"https:\\\/\\\/cklcomunicaciones.es\\\/coop\\\/noticias-info-ckl-no-2-513-05-11-20\\\/\"},\"wordCount\":1182,\"image\":{\"@id\":\"https:\\\/\\\/cklcomunicaciones.es\\\/coop\\\/noticias-info-ckl-no-2-513-05-11-20\\\/#primaryimage\"},\"thumbnailUrl\":\"http:\\\/\\\/www.cklcomunicaciones.es\\\/wp-content\\\/uploads\\\/2018\\\/03\\\/CKL_comunicacion-con-perspetiva-de-genero-300x300.jpg\",\"keywords\":[\"IEGE2020\",\"Igualdad de g\u00e9nero\"],\"articleSection\":[\"Newsletter\",\"Nwl v2.0\"],\"inLanguage\":\"es\"},{\"@type\":\"WebPage\",\"@id\":\"https:\\\/\\\/cklcomunicaciones.es\\\/coop\\\/noticias-info-ckl-no-2-513-05-11-20\\\/\",\"url\":\"https:\\\/\\\/cklcomunicaciones.es\\\/coop\\\/noticias-info-ckl-no-2-513-05-11-20\\\/\",\"name\":\"Noticias Info CKL n\u00ba 2.513-05\\\/11\\\/20-Comunicar con perspectiva de g\u00e9nero\",\"isPartOf\":{\"@id\":\"https:\\\/\\\/cklcomunicaciones.es\\\/coop\\\/#website\"},\"primaryImageOfPage\":{\"@id\":\"https:\\\/\\\/cklcomunicaciones.es\\\/coop\\\/noticias-info-ckl-no-2-513-05-11-20\\\/#primaryimage\"},\"image\":{\"@id\":\"https:\\\/\\\/cklcomunicaciones.es\\\/coop\\\/noticias-info-ckl-no-2-513-05-11-20\\\/#primaryimage\"},\"thumbnailUrl\":\"http:\\\/\\\/www.cklcomunicaciones.es\\\/wp-content\\\/uploads\\\/2018\\\/03\\\/CKL_comunicacion-con-perspetiva-de-genero-300x300.jpg\",\"datePublished\":\"2020-11-05T13:59:26+00:00\",\"dateModified\":\"2025-01-17T15:47:26+00:00\",\"author\":{\"@id\":\"https:\\\/\\\/cklcomunicaciones.es\\\/coop\\\/#\\\/schema\\\/person\\\/929a6837f7626450bbb50cee1aef266e\"},\"description\":\"Comunicar con perspectiva de g\u00e9nero: Olga S\u00e1nchez, Consejera Delegada (Axa Expa\u00f1a): \u201cNo necesitas estar f\u00edsicamente en la oficina para dirigir una compa\u00f1\u00eda\\\"-Irene Vallejo, Premio Nacional de Ensayo 2020\",\"breadcrumb\":{\"@id\":\"https:\\\/\\\/cklcomunicaciones.es\\\/coop\\\/noticias-info-ckl-no-2-513-05-11-20\\\/#breadcrumb\"},\"inLanguage\":\"es\",\"potentialAction\":[{\"@type\":\"ReadAction\",\"target\":[\"https:\\\/\\\/cklcomunicaciones.es\\\/coop\\\/noticias-info-ckl-no-2-513-05-11-20\\\/\"]}]},{\"@type\":\"ImageObject\",\"inLanguage\":\"es\",\"@id\":\"https:\\\/\\\/cklcomunicaciones.es\\\/coop\\\/noticias-info-ckl-no-2-513-05-11-20\\\/#primaryimage\",\"url\":\"http:\\\/\\\/www.cklcomunicaciones.es\\\/wp-content\\\/uploads\\\/2018\\\/03\\\/CKL_comunicacion-con-perspetiva-de-genero-300x300.jpg\",\"contentUrl\":\"http:\\\/\\\/www.cklcomunicaciones.es\\\/wp-content\\\/uploads\\\/2018\\\/03\\\/CKL_comunicacion-con-perspetiva-de-genero-300x300.jpg\"},{\"@type\":\"BreadcrumbList\",\"@id\":\"https:\\\/\\\/cklcomunicaciones.es\\\/coop\\\/noticias-info-ckl-no-2-513-05-11-20\\\/#breadcrumb\",\"itemListElement\":[{\"@type\":\"ListItem\",\"position\":1,\"name\":\"Portada\",\"item\":\"https:\\\/\\\/cklcomunicaciones.es\\\/coop\\\/\"},{\"@type\":\"ListItem\",\"position\":2,\"name\":\"Noticias Info CKL n\u00ba 2.513-05\\\/11\\\/20\"}]},{\"@type\":\"WebSite\",\"@id\":\"https:\\\/\\\/cklcomunicaciones.es\\\/coop\\\/#website\",\"url\":\"https:\\\/\\\/cklcomunicaciones.es\\\/coop\\\/\",\"name\":\"CKL Comunicaciones\",\"description\":\"Sitio web de CKL Comunicaciones coop , la consultora de comunicaci\u00f3n y estrategia\",\"potentialAction\":[{\"@type\":\"SearchAction\",\"target\":{\"@type\":\"EntryPoint\",\"urlTemplate\":\"https:\\\/\\\/cklcomunicaciones.es\\\/coop\\\/?s={search_term_string}\"},\"query-input\":{\"@type\":\"PropertyValueSpecification\",\"valueRequired\":true,\"valueName\":\"search_term_string\"}}],\"inLanguage\":\"es\"},{\"@type\":\"Person\",\"@id\":\"https:\\\/\\\/cklcomunicaciones.es\\\/coop\\\/#\\\/schema\\\/person\\\/929a6837f7626450bbb50cee1aef266e\",\"name\":\"ckl\",\"image\":{\"@type\":\"ImageObject\",\"inLanguage\":\"es\",\"@id\":\"https:\\\/\\\/secure.gravatar.com\\\/avatar\\\/c82db564e8a669bf6023357a157b9dc4780f4d4c618f2ad1d71a6a5dede45057?s=96&d=mm&r=g\",\"url\":\"https:\\\/\\\/secure.gravatar.com\\\/avatar\\\/c82db564e8a669bf6023357a157b9dc4780f4d4c618f2ad1d71a6a5dede45057?s=96&d=mm&r=g\",\"contentUrl\":\"https:\\\/\\\/secure.gravatar.com\\\/avatar\\\/c82db564e8a669bf6023357a157b9dc4780f4d4c618f2ad1d71a6a5dede45057?s=96&d=mm&r=g\",\"caption\":\"ckl\"},\"url\":\"https:\\\/\\\/cklcomunicaciones.es\\\/coop\\\/author\\\/cklcomunicaciones\\\/\"}]}<\/script>\n<!-- \/ Yoast SEO plugin. -->","yoast_head_json":{"title":"Noticias Info CKL n\u00ba 2.513-05\/11\/20-Comunicar con perspectiva de g\u00e9nero","description":"Comunicar con perspectiva de g\u00e9nero: Olga S\u00e1nchez, Consejera Delegada (Axa Expa\u00f1a): \u201cNo necesitas estar f\u00edsicamente en la oficina para dirigir una compa\u00f1\u00eda\"-Irene Vallejo, Premio Nacional de Ensayo 2020","robots":{"index":"index","follow":"follow","max-snippet":"max-snippet:-1","max-image-preview":"max-image-preview:large","max-video-preview":"max-video-preview:-1"},"canonical":"https:\/\/cklcomunicaciones.es\/coop\/noticias-info-ckl-no-2-513-05-11-20\/","og_locale":"es_ES","og_type":"article","og_title":"Noticias Info CKL n\u00ba 2.513-05\/11\/20-Comunicar con perspectiva de g\u00e9nero","og_description":"Comunicar con perspectiva de g\u00e9nero: Olga S\u00e1nchez, Consejera Delegada (Axa Expa\u00f1a): \u201cNo necesitas estar f\u00edsicamente en la oficina para dirigir una compa\u00f1\u00eda\"-Irene Vallejo, Premio Nacional de Ensayo 2020","og_url":"https:\/\/cklcomunicaciones.es\/coop\/noticias-info-ckl-no-2-513-05-11-20\/","og_site_name":"CKL Comunicaciones","article_published_time":"2020-11-05T13:59:26+00:00","article_modified_time":"2025-01-17T15:47:26+00:00","og_image":[{"width":500,"height":500,"url":"https:\/\/cklcomunicaciones.es\/coop\/wp-content\/uploads\/2018\/03\/CKL_comunicacion-con-perspetiva-de-genero.jpg","type":"image\/jpeg"}],"author":"ckl","twitter_card":"summary_large_image","twitter_misc":{"Escrito por":"ckl","Tiempo de lectura":"6 minutos"},"schema":{"@context":"https:\/\/schema.org","@graph":[{"@type":"Article","@id":"https:\/\/cklcomunicaciones.es\/coop\/noticias-info-ckl-no-2-513-05-11-20\/#article","isPartOf":{"@id":"https:\/\/cklcomunicaciones.es\/coop\/noticias-info-ckl-no-2-513-05-11-20\/"},"author":{"name":"ckl","@id":"https:\/\/cklcomunicaciones.es\/coop\/#\/schema\/person\/929a6837f7626450bbb50cee1aef266e"},"headline":"Noticias Info CKL n\u00ba 2.513-05\/11\/20","datePublished":"2020-11-05T13:59:26+00:00","dateModified":"2025-01-17T15:47:26+00:00","mainEntityOfPage":{"@id":"https:\/\/cklcomunicaciones.es\/coop\/noticias-info-ckl-no-2-513-05-11-20\/"},"wordCount":1182,"image":{"@id":"https:\/\/cklcomunicaciones.es\/coop\/noticias-info-ckl-no-2-513-05-11-20\/#primaryimage"},"thumbnailUrl":"http:\/\/www.cklcomunicaciones.es\/wp-content\/uploads\/2018\/03\/CKL_comunicacion-con-perspetiva-de-genero-300x300.jpg","keywords":["IEGE2020","Igualdad de g\u00e9nero"],"articleSection":["Newsletter","Nwl v2.0"],"inLanguage":"es"},{"@type":"WebPage","@id":"https:\/\/cklcomunicaciones.es\/coop\/noticias-info-ckl-no-2-513-05-11-20\/","url":"https:\/\/cklcomunicaciones.es\/coop\/noticias-info-ckl-no-2-513-05-11-20\/","name":"Noticias Info CKL n\u00ba 2.513-05\/11\/20-Comunicar con perspectiva de g\u00e9nero","isPartOf":{"@id":"https:\/\/cklcomunicaciones.es\/coop\/#website"},"primaryImageOfPage":{"@id":"https:\/\/cklcomunicaciones.es\/coop\/noticias-info-ckl-no-2-513-05-11-20\/#primaryimage"},"image":{"@id":"https:\/\/cklcomunicaciones.es\/coop\/noticias-info-ckl-no-2-513-05-11-20\/#primaryimage"},"thumbnailUrl":"http:\/\/www.cklcomunicaciones.es\/wp-content\/uploads\/2018\/03\/CKL_comunicacion-con-perspetiva-de-genero-300x300.jpg","datePublished":"2020-11-05T13:59:26+00:00","dateModified":"2025-01-17T15:47:26+00:00","author":{"@id":"https:\/\/cklcomunicaciones.es\/coop\/#\/schema\/person\/929a6837f7626450bbb50cee1aef266e"},"description":"Comunicar con perspectiva de g\u00e9nero: Olga S\u00e1nchez, Consejera Delegada (Axa Expa\u00f1a): \u201cNo necesitas estar f\u00edsicamente en la oficina para dirigir una compa\u00f1\u00eda\"-Irene Vallejo, Premio Nacional de Ensayo 2020","breadcrumb":{"@id":"https:\/\/cklcomunicaciones.es\/coop\/noticias-info-ckl-no-2-513-05-11-20\/#breadcrumb"},"inLanguage":"es","potentialAction":[{"@type":"ReadAction","target":["https:\/\/cklcomunicaciones.es\/coop\/noticias-info-ckl-no-2-513-05-11-20\/"]}]},{"@type":"ImageObject","inLanguage":"es","@id":"https:\/\/cklcomunicaciones.es\/coop\/noticias-info-ckl-no-2-513-05-11-20\/#primaryimage","url":"http:\/\/www.cklcomunicaciones.es\/wp-content\/uploads\/2018\/03\/CKL_comunicacion-con-perspetiva-de-genero-300x300.jpg","contentUrl":"http:\/\/www.cklcomunicaciones.es\/wp-content\/uploads\/2018\/03\/CKL_comunicacion-con-perspetiva-de-genero-300x300.jpg"},{"@type":"BreadcrumbList","@id":"https:\/\/cklcomunicaciones.es\/coop\/noticias-info-ckl-no-2-513-05-11-20\/#breadcrumb","itemListElement":[{"@type":"ListItem","position":1,"name":"Portada","item":"https:\/\/cklcomunicaciones.es\/coop\/"},{"@type":"ListItem","position":2,"name":"Noticias Info CKL n\u00ba 2.513-05\/11\/20"}]},{"@type":"WebSite","@id":"https:\/\/cklcomunicaciones.es\/coop\/#website","url":"https:\/\/cklcomunicaciones.es\/coop\/","name":"CKL Comunicaciones","description":"Sitio web de CKL Comunicaciones coop , la consultora de comunicaci\u00f3n y estrategia","potentialAction":[{"@type":"SearchAction","target":{"@type":"EntryPoint","urlTemplate":"https:\/\/cklcomunicaciones.es\/coop\/?s={search_term_string}"},"query-input":{"@type":"PropertyValueSpecification","valueRequired":true,"valueName":"search_term_string"}}],"inLanguage":"es"},{"@type":"Person","@id":"https:\/\/cklcomunicaciones.es\/coop\/#\/schema\/person\/929a6837f7626450bbb50cee1aef266e","name":"ckl","image":{"@type":"ImageObject","inLanguage":"es","@id":"https:\/\/secure.gravatar.com\/avatar\/c82db564e8a669bf6023357a157b9dc4780f4d4c618f2ad1d71a6a5dede45057?s=96&d=mm&r=g","url":"https:\/\/secure.gravatar.com\/avatar\/c82db564e8a669bf6023357a157b9dc4780f4d4c618f2ad1d71a6a5dede45057?s=96&d=mm&r=g","contentUrl":"https:\/\/secure.gravatar.com\/avatar\/c82db564e8a669bf6023357a157b9dc4780f4d4c618f2ad1d71a6a5dede45057?s=96&d=mm&r=g","caption":"ckl"},"url":"https:\/\/cklcomunicaciones.es\/coop\/author\/cklcomunicaciones\/"}]}},"_links":{"self":[{"href":"https:\/\/cklcomunicaciones.es\/coop\/wp-json\/wp\/v2\/posts\/15132","targetHints":{"allow":["GET"]}}],"collection":[{"href":"https:\/\/cklcomunicaciones.es\/coop\/wp-json\/wp\/v2\/posts"}],"about":[{"href":"https:\/\/cklcomunicaciones.es\/coop\/wp-json\/wp\/v2\/types\/post"}],"author":[{"embeddable":true,"href":"https:\/\/cklcomunicaciones.es\/coop\/wp-json\/wp\/v2\/users\/3"}],"replies":[{"embeddable":true,"href":"https:\/\/cklcomunicaciones.es\/coop\/wp-json\/wp\/v2\/comments?post=15132"}],"version-history":[{"count":0,"href":"https:\/\/cklcomunicaciones.es\/coop\/wp-json\/wp\/v2\/posts\/15132\/revisions"}],"wp:attachment":[{"href":"https:\/\/cklcomunicaciones.es\/coop\/wp-json\/wp\/v2\/media?parent=15132"}],"wp:term":[{"taxonomy":"category","embeddable":true,"href":"https:\/\/cklcomunicaciones.es\/coop\/wp-json\/wp\/v2\/categories?post=15132"},{"taxonomy":"post_tag","embeddable":true,"href":"https:\/\/cklcomunicaciones.es\/coop\/wp-json\/wp\/v2\/tags?post=15132"}],"curies":[{"name":"wp","href":"https:\/\/api.w.org\/{rel}","templated":true}]}}