{"id":15100,"date":"2020-10-13T12:31:06","date_gmt":"2020-10-13T10:31:06","guid":{"rendered":"http:\/\/www.cklcomunicaciones.es\/?p=15100"},"modified":"2025-01-17T16:47:29","modified_gmt":"2025-01-17T15:47:29","slug":"noticias-info-ckl-no-2-504-13-10-20","status":"publish","type":"post","link":"https:\/\/cklcomunicaciones.es\/coop\/noticias-info-ckl-no-2-504-13-10-20\/","title":{"rendered":"Noticias Info CKL n\u00ba 2.504-13\/10\/20"},"content":{"rendered":"<div id=\"pl-15100\"  class=\"panel-layout\" >\n<div id=\"pg-15100-0\"  class=\"panel-grid panel-no-style\"  data-style=\"{&quot;background_image_attachment&quot;:false,&quot;background_display&quot;:&quot;tile&quot;,&quot;cell_alignment&quot;:&quot;flex-start&quot;}\" >\n<div id=\"pgc-15100-0-0\"  class=\"panel-grid-cell\"  data-weight=\"1\" >\n<div id=\"panel-15100-0-0-0\" class=\"so-panel widget widget_sow-editor panel-first-child panel-last-child\" data-index=\"0\" data-style=\"{&quot;background_image_attachment&quot;:false,&quot;background_display&quot;:&quot;tile&quot;}\" >\n<div class=\"so-widget-sow-editor so-widget-sow-editor-base\">\n<div class=\"siteorigin-widget-tinymce textwidget\">\n<p><img decoding=\"async\" class=\"lazyload  wp-image-13726\" src=\"http:\/\/www.cklcomunicaciones.es\/wp-content\/uploads\/2018\/03\/CKL_comunicacion-con-perspetiva-de-genero-300x300.jpg\" data-orig-src=\"http:\/\/www.cklcomunicaciones.es\/wp-content\/uploads\/2018\/03\/CKL_comunicacion-con-perspetiva-de-genero-300x300.jpg\" alt=\"CKL_comunicacion con perspetiva de genero\" width=\"132\" height=\"132\" srcset=\"data:image\/svg+xml,%3Csvg%20xmlns%3D%27http%3A%2F%2Fwww.w3.org%2F2000%2Fsvg%27%20width%3D%27132%27%20height%3D%27132%27%20viewBox%3D%270%200%20132%20132%27%3E%3Crect%20width%3D%27132%27%20height%3D%27132%27%20fill-opacity%3D%220%22%2F%3E%3C%2Fsvg%3E\" data-srcset=\"https:\/\/cklcomunicaciones.es\/coop\/wp-content\/uploads\/2018\/03\/CKL_comunicacion-con-perspetiva-de-genero-150x150.jpg 150w, https:\/\/cklcomunicaciones.es\/coop\/wp-content\/uploads\/2018\/03\/CKL_comunicacion-con-perspetiva-de-genero-300x300.jpg 300w, https:\/\/cklcomunicaciones.es\/coop\/wp-content\/uploads\/2018\/03\/CKL_comunicacion-con-perspetiva-de-genero-450x450.jpg 450w, https:\/\/cklcomunicaciones.es\/coop\/wp-content\/uploads\/2018\/03\/CKL_comunicacion-con-perspetiva-de-genero.jpg 500w\" data-sizes=\"auto\" data-orig-sizes=\"(max-width: 132px) 100vw, 132px\" \/><\/p>\n<p id=\":pv\" class=\"hP\" tabindex=\"-1\" data-thread-perm-id=\"thread-f:1680431867571143801\" data-legacy-thread-id=\"175217e157d30479\"><strong>Gobierno aprueba regular la igualdad salarial y planes de igualdad en la empresa-El 60% de espa\u00f1olas consideran que su educaci\u00f3n financiera es mala o muy mala-El machismo se hace + joven-El mundo por Hannah Arendt<\/strong><\/p>\n<p id=\":1jb\" class=\"hP\" tabindex=\"-1\" data-thread-perm-id=\"thread-f:1673735291635950613\" data-legacy-thread-id=\"173a4d6141fee415\">[toggle type=\u00bbfirst\u00bb title=\u00bbConvocatorias\u00bb]<\/p>\n<ul>\n<li>International Day of Rural Women. Webinar on 15 of October &#8211; \u00abUnleashing the potential of Mediterranean women in rural areas: constraints and solutions in the COVID-19 era\u00bb. M\u00e1s informaci\u00f3n: <a href=\"http:\/\/www.enicbcmed.eu\/join-our-webinar-15-october-unleashing-potential-mediterranean-women-rural-areas-constraints-and?fbclid=IwAR3-zxvk_gdJDrpvlp6_-hAuebJkKGfqDZRt-17RBiFbmDhN-cZ9PDOyuFg\">http:\/\/www.enicbcmed.eu\/join-our-webinar-15-october-unleashing-potential-mediterranean-women-rural-areas-constraints-and?fbclid=IwAR3-zxvk_gdJDrpvlp6_-hAuebJkKGfqDZRt-17RBiFbmDhN-cZ9PDOyuFg<\/a><\/li>\n<\/ul>\n<p tabindex=\"-1\" data-thread-perm-id=\"thread-f:1673735291635950613\" data-legacy-thread-id=\"173a4d6141fee415\">[\/toggle]<\/p>\n<p>[toggle type=\u00bbfirst\u00bb title=\u00bbComunicaci\u00f3n\u00bb]<\/p>\n<p><a href=\"https:\/\/www.google.com\/url?rct=j&amp;sa=t&amp;url=https:\/\/www.europapress.es\/epsocial\/igualdad\/noticia-instituto-mujer-reclama-sector-publicitario-acabe-sexualizacion-ninas-20201009184145.html&amp;ct=ga&amp;cd=CAEYACoTNDQ5ODQyNjUzMjgzODQwNzYxODIZYzAzNzJlYmMyZmVhZGE1OTplczplczpFUw&amp;usg=AFQjCNEH-QOntVtp53p63CaBjOs5iEkM-g\">El Instituto de la Mujer reclama al sector publicitario que acabe con la sexualizaci\u00f3n de las ni\u00f1as <\/a>&#8211; Europa Press<\/p>\n<p><a href=\"https:\/\/www.google.com\/url?rct=j&amp;sa=t&amp;url=https:\/\/es.globalvoices.org\/2020\/10\/09\/hacia-un-futuro-ciberfeminista-nuevo-estudio-pone-a-mujeres-africanas-como-protagonistas-en-linea\/&amp;ct=ga&amp;cd=CAEYACoUMTA3MjE4NTcyODgwMDQ2MDM0NzIyGWUxZTc3ZDE1NjA5OGE4ZTM6ZXM6ZXM6RVM&amp;usg=AFQjCNHdxksgvFW3ghd04OEWEgyG7zcw5w\">Hacia un futuro ciberfeminista: Nuevo estudio pone a mujeres africanas como protagonistas en l\u00ednea <\/a>&#8211; Global Voices en espa\u00f1ol<\/p>\n<p><a href=\"https:\/\/www.mujeremprendedora.net\/foro-coordinadas-2020-presentara-plataforma-virtual-para-emprendedoras\/\">El Foro Coordinadas 2020 presentar\u00e1 su plataforma virtual para emprendedoras<\/a> \u2013 Mujeremprendedora.net<\/p>\n<p><a href=\"https:\/\/www.google.com\/url?rct=j&amp;sa=t&amp;url=https:\/\/www.leonoticias.com\/vivir\/tecnologia\/como-hablan-maquinas-linguistica-computacionali-20201012164315-ntrc.html&amp;ct=ga&amp;cd=CAEYAioTNDAwMzg2NzM2ODEzNjk3NzUzNzIZYzAzNzJlYmMyZmVhZGE1OTplczplczpFUw&amp;usg=AFQjCNHsaQ3_AnbJc7qy9wpe5vgJuIg_hA\">\u00bfQui\u00e9n ha ense\u00f1ado a hablar a Siri? <\/a>&#8211; leonoticias.com<\/p>\n<p><a href=\"https:\/\/www.google.com\/url?rct=j&amp;sa=t&amp;url=https:\/\/confilegal.com\/20201012-a-partir-del-1-de-enero-los-influentes-tendran-un-codigo-de-autorregulacion-para-que-la-publicidad-digital-sea-mas-clara\/&amp;ct=ga&amp;cd=CAEYACoUMTM3MDY0MDIzMjA4NDkzMTkwNDYyGWM1MWU1MzM2YWY2YzQzMDU6ZXM6ZXM6RVM&amp;usg=AFQjCNHeGPrQMoOMI33G3j8_AVk76fzBiw\">A partir del 1 de enero los influentes tendr\u00e1n un C\u00f3digo de Autorregulaci\u00f3n para que la publicidad &#8230; <\/a>&#8211; Confilegal<\/p>\n<p>[\/toggle]<\/p>\n<p>[toggle type=\u00bbfirst\u00bb title=\u00bbAndaluc\u00eda\u00bb]<\/p>\n<p><strong>Institucional<\/strong><\/p>\n<p><a href=\"https:\/\/www.google.com\/url?rct=j&amp;sa=t&amp;url=https:\/\/www.elespanol.com\/invertia\/economia\/macroeconomia\/20201013\/andalucia-blindara-bienestar-primeros-presupuestos-covid-19\/527698340_0.html&amp;ct=ga&amp;cd=CAEYACoUMTEzOTE0MTkyMDc2MjY3MjAxMTQyGWQ3OGU1ODc1YTBmMWYyYWM6ZXM6ZXM6RVM&amp;usg=AFQjCNGlrBmh1YZLHPhmTDS9HiZ4JJs45Q\">Andaluc\u00eda blindar\u00e1 el Estado de bienestar en sus primeros presupuestos tras la Covid-19 <\/a>&#8211; El Espa\u00f1ol<strong>\u00a0<\/strong><\/p>\n<p><strong>Econom\u00eda y Empresas<\/strong><\/p>\n<p><a href=\"https:\/\/www.google.com\/url?rct=j&amp;sa=t&amp;url=https:\/\/www.ideal.es\/jaen\/jaen\/emprendedoras-centran-debate-20201009181426-nt.html&amp;ct=ga&amp;cd=CAEYAyoTNDQ5ODQyNjUzMjgzODQwNzYxODIZYzAzNzJlYmMyZmVhZGE1OTplczplczpFUw&amp;usg=AFQjCNHNT6TKj9TMuRbZmEp-PYqhOlgSjg\">Las emprendedoras centran el debate de las XI Jornadas de la Mujer de CSIF <\/a>&#8211; Ideal Digital<\/p>\n<p><a href=\"https:\/\/www.mujeremprendedora.net\/patro-contreras-coviran-en-coviran-son-muchos-socios-preparan-nuevas-generaciones\/\">Patro Contreras, Presidenta de Coviran: \u201cEn Covir\u00e1n son muchos los socios que preparan a las nuevas generaciones\u201d<\/a> \u2013 Mujeremprendedora.net<\/p>\n<p><a href=\"https:\/\/www.google.com\/url?rct=j&amp;sa=t&amp;url=https:\/\/elcorreoweb.es\/andalucia\/el-aceite-andaluz-vuelve-a-tirar-del-carro-en-espana-EL6863116&amp;ct=ga&amp;cd=CAEYACoTNTIyNjU0NjE5NTUwMDg2NjkyODIZNDViMWU5ODI4YmVhNzJhOTplczplczpFUw&amp;usg=AFQjCNGHHcYI4QOv8rzQqiPaIt_MK_mPhw\">El aceite andaluz vuelve a tirar del carro en Espa\u00f1a <\/a>&#8211; El Correo de Andaluc\u00eda<\/p>\n<p><a href=\"https:\/\/www.google.com\/url?rct=j&amp;sa=t&amp;url=https:\/\/www.europapress.es\/esandalucia\/sevilla\/noticia-empleo-reconocera-premios-andalucia-emprende-iniciativas-surgidas-tiempos-covid-20201010123532.html&amp;ct=ga&amp;cd=CAEYASoUMTYwNzM1MjA5NjY3Nzk5NTY0MzUyGWQ3OGU1ODc1YTBmMWYyYWM6ZXM6ZXM6RVM&amp;usg=AFQjCNH58Gf9fKnhH89NfjzUkQZvnTRv_g\">Empleo reconocer\u00e1 con los &#8216;Premios Andaluc\u00eda Emprende&#8217; las iniciativas surgidas en tiempos de &#8230; <\/a>&#8211; Europa Press<\/p>\n<p><strong>Actualidad<\/strong><\/p>\n<p><a href=\"https:\/\/www.google.com\/url?rct=j&amp;sa=t&amp;url=https:\/\/huelvaya.es\/2020\/10\/09\/curiel-presenta-el-proyecto-iguales-contra-la-desigualdad-en-hinojos\/&amp;ct=ga&amp;cd=CAEYCCoTNDQ5ODQyNjUzMjgzODQwNzYxODIZYzAzNzJlYmMyZmVhZGE1OTplczplczpFUw&amp;usg=AFQjCNEBUIXWLTU8n0ToEWdT0spf1orJwQ\">Curiel presenta el proyecto Iguales contra la desigualdad en Hinojos <\/a>&#8211; HuelvaYA<\/p>\n<p><a href=\"https:\/\/www.google.com\/url?rct=j&amp;sa=t&amp;url=https:\/\/www.diariodealmeria.es\/vivir\/calendario-mirada-mujer_0_1508849516.html&amp;ct=ga&amp;cd=CAEYACoUMTQ0MDYwNzk4ODQ3ODQ5MDAzMTUyGWMwMzcyZWJjMmZlYWRhNTk6ZXM6ZXM6RVM&amp;usg=AFQjCNE-eH2qWxggVuiGD1vJuBWcwB7ueg\">Un calendario con mirada de mujer <\/a>&#8211; Diario de Almer\u00eda<\/p>\n<p><a href=\"https:\/\/www.google.com\/url?rct=j&amp;sa=t&amp;url=https:\/\/www.ideal.es\/jaen\/jaen\/aldeahermosa-rinde-homenaje-20201011170935-nt.html&amp;ct=ga&amp;cd=CAEYBCoTOTQ0MjkzODEzOTY0MjMzMTc1NzIZYzAzNzJlYmMyZmVhZGE1OTplczplczpFUw&amp;usg=AFQjCNFdAG39TIf9g1Tw2DSw_9lCZ2fObw\">Aldeahermosa rinde homenaje a Mar\u00eda Zambrano <\/a>&#8211; Ideal Digital<\/p>\n<p><a href=\"http:\/\/www.juntadeandalucia.es\/presidencia\/portavoz\/155165\/PremiosAndaluciaSocial2020\/inclusion\/solidaridad\/cooperacion\/voluntariado\/ConsejeriadeIgualdadPoliticiasSocialesyConciliacion\/Andalucia\/JuntadeAndalucia\/GobiernodeAndalucia\">Cruz Roja Andaluc\u00eda, Anumayores y la Campa\u00f1a Mundial por la Educaci\u00f3n, entre los Premios Andaluc\u00eda +Social 2020<\/a> \u2013 Oficina del Portavoz<strong>\u00a0<\/strong><\/p>\n<p><strong>Violencias<\/strong><\/p>\n<p><a href=\"https:\/\/www.google.com\/url?rct=j&amp;sa=t&amp;url=https:\/\/www.revistalugardeencuentro.com\/wp\/2020\/10\/11\/un-verano-libre-de-violencias-machistas-para-350-ninas-y-ninos-de-los-centros-de-acogida\/&amp;ct=ga&amp;cd=CAEYACoUMTA5Mjk5NTYzMjgwODExMjAwNTIyGWMwMzcyZWJjMmZlYWRhNTk6ZXM6ZXM6RVM&amp;usg=AFQjCNGFQegdpGzDB23mzcTZ3VxQsz9U6Q\">Un verano libre de violencias machistas para 350 ni\u00f1as y ni\u00f1os de los centros de acogida <\/a>&#8211; Revista Lugar Encuentro<\/p>\n<p><a href=\"https:\/\/www.google.com\/url?rct=j&amp;sa=t&amp;url=https:\/\/www.diariodealmeria.es\/provincia\/vicar\/Vicar-jornadas-violencia-pandemia-sanitaria_0_1508849387.html&amp;ct=ga&amp;cd=CAEYAioTNzc1NzEzMTA0MjAxNDk3MTc1NDIZYzAzNzJlYmMyZmVhZGE1OTplczplczpFUw&amp;usg=AFQjCNHTf7epbkGgWtiEtatd_3sQhEdGXg\">V\u00edcar acoge unas jornadas sobre violencia de g\u00e9nero en tiempos de pandemia sanitaria <\/a>&#8211; Diario de Almer\u00eda<\/p>\n<p><a href=\"https:\/\/es.noticias.yahoo.com\/confirmado-violencia-g%C3%A9nero-crimen-autocaravana-094331886.html\">Confirmado como violencia de g\u00e9nero el crimen de la autocaravana de C\u00e1diz<\/a>-noticias.yahoo<\/p>\n<p><strong>Ciencia y Cultura<\/strong><\/p>\n<p><a href=\"https:\/\/www.google.com\/url?rct=j&amp;sa=t&amp;url=https:\/\/cordopolis.es\/2020\/10\/12\/el-reina-sofia-aboga-por-el-diagnostico-precoz-de-la-artritis-reumatoide-para-frenar-su-afectacion\/&amp;ct=ga&amp;cd=CAEYBCoTNzI3NjEwOTYxNTEwMjYyNzY3MzIZYzAzNzJlYmMyZmVhZGE1OTplczplczpFUw&amp;usg=AFQjCNFdNU7Jb7Dyb1XuOjZEEMVdvS8Azg\">El Reina Sof\u00eda aboga por el diagn\u00f3stico precoz de la artritis reumatoide para frenar su afectaci\u00f3n <\/a>&#8211; Cord\u00f3polis<\/p>\n<p><a href=\"https:\/\/www.google.com\/url?rct=j&amp;sa=t&amp;url=https:\/\/www.lavanguardia.com\/local\/sevilla\/20201009\/483959204456\/la-investigadora-cristina-romera-una-de-las-protagonistas-del-calendario-ninas-de-ayer-mujeres-de-hoy.html&amp;ct=ga&amp;cd=CAEYACoTNzc1NzEzMTA0MjAxNDk3MTc1NDIZYzAzNzJlYmMyZmVhZGE1OTplczplczpFUw&amp;usg=AFQjCNFBS2DtIc_GkCBX3Tcm7BC58LGttQ\">La investigadora Cristina Romera, una de las protagonistas del calendario &#8216;Ni\u00f1as de ayer, mujeres &#8230; <\/a>&#8211; La Vanguardia<\/p>\n<p><a href=\"https:\/\/www.google.com\/url?rct=j&amp;sa=t&amp;url=https:\/\/www.granadahoy.com\/vivir\/biblioteca-granadina-premiada-buenas-practicas_0_1508249551.html&amp;ct=ga&amp;cd=CAEYACoTNDA3NzA2NjY1NDMwNDk3OTg1MDIZYzAzNzJlYmMyZmVhZGE1OTplczplczpFUw&amp;usg=AFQjCNHL1MuSa4aSJTSySIshgBp46xJLXg\">Este instituto de Granada tiene una de las mejores bibliotecas de Andaluc\u00eda <\/a>&#8211; Granada Hoy<\/p>\n<p><a href=\"https:\/\/www.google.com\/url?rct=j&amp;sa=t&amp;url=https:\/\/www.lavanguardia.com\/local\/sevilla\/20201009\/483958465239\/la-malaguena-maggie-civantos-una-de-las-doce-protagonistas-del-calendario-escolar-coeducativo-del-iam.html&amp;ct=ga&amp;cd=CAEYACoSNzc5MjIyNjQ5MTA4OTkzNzg0MhljMDM3MmViYzJmZWFkYTU5OmVzOmVzOkVT&amp;usg=AFQjCNEpvwBSw1DTPu3tCW3QEbdBBnV1jQ\">La actriz malague\u00f1a Maggie Civantos, una de las doce protagonistas del calendario escolar &#8230; <\/a>&#8211; La Vanguardia<\/p>\n<p><a href=\"https:\/\/www.google.com\/url?rct=j&amp;sa=t&amp;url=https:\/\/www.ideal.es\/jaen\/provincia-jaen\/encarnacion-medina-recoge-20201009205916-nt.html&amp;ct=ga&amp;cd=CAEYBCoTMjE3MzA4MDUxNDk5ODA3NjcwODIZYzAzNzJlYmMyZmVhZGE1OTplczplczpFUw&amp;usg=AFQjCNH9bLpEWHSUK9tWTy3zaFM-OCv0Bw\">Encarnaci\u00f3n Medina recoge en un libro la vida de la religiosa &#8216;Ana de Jes\u00fas, priora de Beas&#8217; <\/a>&#8211; Ideal Digital<\/p>\n<p><a href=\"https:\/\/www.google.com\/url?rct=j&amp;sa=t&amp;url=https:\/\/www.revistalaflamenca.com\/alemania-espana-unidas-flamenco\/&amp;ct=ga&amp;cd=CAEYAyoTOTU4MjQzMzU4NDIyMzc1NjUxODIZNDViMWU5ODI4YmVhNzJhOTplczplczpFUw&amp;usg=AFQjCNGZtl8db5wAqBErdGftGisHGJxX0w\">Alemania y Espa\u00f1a unidas por el Flamenco <\/a>&#8211; Revista La Flamenca<\/p>\n<p><a href=\"https:\/\/www.google.com\/url?rct=j&amp;sa=t&amp;url=https:\/\/www.ahoracordoba.es\/70-actividades-y-200-proyectos-se-dan-cita-en-la-xv-edicion-del-festival-eutopia\/&amp;ct=ga&amp;cd=CAEYACoTNDg4NzU1MjUzMDY5NTA4Mjk2NTIZZTJkZWZhN2Q1ZGE5MTU3ZDplczplczpFUw&amp;usg=AFQjCNFiDt8wVkPCKivga2y6aZRzFVmBPA\">70 actividades y 200 proyectos se dan cita en la XV edici\u00f3n del Festival Eutop\u00eda <\/a>&#8211; Ahora C\u00f3rdoba<\/p>\n<p><strong>Deporte<\/strong><\/p>\n<p><a href=\"https:\/\/www.diariosur.es\/cronica-universitaria\/rugby-femenino-vuelve-20201013000333-ntvo.html\">El rugby femenino vuelve a casa<\/a>&#8211; Sur<\/p>\n<p><a href=\"https:\/\/sevilla.abc.es\/andalucia\/cordoba\/sevi-futbol-sala-cajasur-cordoba-reina-nuevo-andalucia-202010121251_noticia.html\">El Cajasur C\u00f3rdoba reina de nuevo en Andaluc\u00eda<\/a>&#8211;<a href=\"http:\/\/abcsevilla.es\">abcsevilla.es<\/a><\/p>\n<p><a href=\"https:\/\/andaluciainformacion.es\/andalucia\/903164\/nati-gutierrez-primera-mujer-al-frente-del-malaga-femenino\/\">Nati Guti\u00e9rrez, primera mujer al frente del M\u00e1laga Femenino<\/a>&#8211;<a href=\"http:\/\/andaluciainformacion.es\">andaluciainformacion.es<\/a><\/p>\n<p>[\/toggle]<\/p>\n<p>[toggle type=\u00bbfirst\u00bb title=\u00bbEstado\u00bb]<\/p>\n<p><strong>Institucional<\/strong><\/p>\n<p><a href=\"https:\/\/www.google.com\/url?rct=j&amp;sa=t&amp;url=https:\/\/www.lamarea.com\/2020\/10\/12\/casi-el-72-de-la-ciudadania-aboga-por-reformar-la-constitucion\/&amp;ct=ga&amp;cd=CAEYACoTNzI3NjEwOTYxNTEwMjYyNzY3MzIZYzAzNzJlYmMyZmVhZGE1OTplczplczpFUw&amp;usg=AFQjCNE2AKwVjX3-mvO3ZV-XXox27RH46A\">Casi el 72% de la ciudadan\u00eda aboga por reformar la Constituci\u00f3n <\/a>&#8211; La Marea<\/p>\n<p><a href=\"https:\/\/www.google.com\/url?rct=j&amp;sa=t&amp;url=https:\/\/www.publico.es\/politica\/brecha-salarial-gobierno-aprueba-martes-regular-igualdad-salarial-hombres-mujeres-planes-igualdad-empresa.html&amp;ct=ga&amp;cd=CAEYACoTODMxNTIyMjAxMDMzNDk5MzUwNDIZYzAzNzJlYmMyZmVhZGE1OTplczplczpFUw&amp;usg=AFQjCNEgMN2O0aXr3TyOKUkZrP-d2C-mVA\">El Gobierno aprueba este martes regular la igualdad salarial entre hombres y mujeres y los planes &#8230; <\/a>&#8211; P\u00fablico<strong>\u00a0<\/strong><\/p>\n<p><strong>Institucional-CCAA<\/strong><\/p>\n<p><a href=\"https:\/\/www.google.com\/url?rct=j&amp;sa=t&amp;url=https:\/\/www.eldigitalcastillalamancha.es\/empresas\/175719236\/Cecam-creara-una-guia-para-implantar-politicas-de-igualdad-en-las-empresas-de-Castilla-La-Mancha.html&amp;ct=ga&amp;cd=CAEYBioTNDQ5ODQyNjUzMjgzODQwNzYxODIZYzAzNzJlYmMyZmVhZGE1OTplczplczpFUw&amp;usg=AFQjCNFViiLtYiz0fpkJoyYbN_dz8DjNlg\">Cecam crear\u00e1 una gu\u00eda para implantar pol\u00edticas de igualdad en las empresas de Castilla-La Mancha <\/a>&#8211; El Digital CLM<\/p>\n<p><a href=\"https:\/\/www.google.com\/url?rct=j&amp;sa=t&amp;url=https:\/\/regiondigital.com\/noticias\/merida\/333995-merida-trabaja-en-elaboracion-de-vi-plan-de-igualdad-de-mujeres-y-hombres-en-extremadura.html&amp;ct=ga&amp;cd=CAEYByoTNDQ5ODQyNjUzMjgzODQwNzYxODIZYzAzNzJlYmMyZmVhZGE1OTplczplczpFUw&amp;usg=AFQjCNHVj5eQNf32knYucq1R3xl7AW7B1w\">M\u00e9rida trabaja en elaboraci\u00f3n de VI Plan de Igualdad de Mujeres y Hombres en Extremadura <\/a>&#8211; Regi\u00f3n Digital<\/p>\n<p><a href=\"https:\/\/www.google.com\/url?rct=j&amp;sa=t&amp;url=https:\/\/www.eldiario.es\/canariasahora\/lapalmaahora\/sociedad\/canarias-aborda-agroecologia-muro-contencion-frente-cambio-climatico_1_6282262.html&amp;ct=ga&amp;cd=CAEYEyoTNDQ5ODQyNjUzMjgzODQwNzYxODIZYzAzNzJlYmMyZmVhZGE1OTplczplczpFUw&amp;usg=AFQjCNG7MmeM4tooPjRWzgTsRVqWTrAi2Q\">Canarias aborda la agroecolog\u00eda como muro de contenci\u00f3n frente al cambio clim\u00e1tico <\/a>&#8211; eldiario.es<\/p>\n<p><a href=\"https:\/\/www.google.com\/url?rct=j&amp;sa=t&amp;url=https:\/\/www.diariodenavarra.es\/noticias\/navarra\/2020\/10\/10\/un-los-hogares-monoparentales-encabezados-por-mujeres-704467-300.html&amp;ct=ga&amp;cd=CAEYBCoTNDE5ODE5NjY3NzY2NDM4Mjk2OTIZYzAzNzJlYmMyZmVhZGE1OTplczplczpFUw&amp;usg=AFQjCNHmN3bnoFw0yMEN97w1XmvAkqNhYg\">Un 78% de los hogares monoparentales, encabezados por mujeres <\/a>&#8211; Diario de Navarra<\/p>\n<p><a href=\"https:\/\/www.google.com\/url?rct=j&amp;sa=t&amp;url=https:\/\/www.diariopalentino.es\/Noticia\/ZF7638D62-AA8C-E586-22F31F1E72A799ED\/202010\/Mujeres-rurales-revindican-equidad-de-genero&amp;ct=ga&amp;cd=CAEYAyoTOTQ0MjkzODEzOTY0MjMzMTc1NzIZYzAzNzJlYmMyZmVhZGE1OTplczplczpFUw&amp;usg=AFQjCNElM-OxyBtUS2URM2BjjPKhqa_cuw\">Mujeres rurales revindican equidad de g\u00e9nero <\/a>&#8211; Diario Palentino<\/p>\n<p><strong>Econom\u00eda y Empresas<\/strong><\/p>\n<p><a href=\"https:\/\/www.google.com\/url?rct=j&amp;sa=t&amp;url=https:\/\/diario16.com\/el-instituto-de-la-mujer-defiende-el-emprendimiento-inclusivo-y-en-igualdad-real\/&amp;ct=ga&amp;cd=CAEYACoTODM2NDI1Mzg3NjkwNzgxNDc2NDIZYzAzNzJlYmMyZmVhZGE1OTplczplczpFUw&amp;usg=AFQjCNEci77ktfB6wD-galOf7zWpiO8q_w\">El Instituto de la Mujer defiende el emprendimiento inclusivo y en igualdad real <\/a>&#8211; Diario16<\/p>\n<p><a href=\"https:\/\/www.google.com\/url?rct=j&amp;sa=t&amp;url=https:\/\/www.expansion.com\/sociedad\/2020\/10\/10\/5f81a4b0468aeb9a108b4661.html&amp;ct=ga&amp;cd=CAEYBSoTMjE3MzA4MDUxNDk5ODA3NjcwODIZYzAzNzJlYmMyZmVhZGE1OTplczplczpFUw&amp;usg=AFQjCNEqv_kDME1BMoAjPdbO7l2nVRcL2g\">Seis de cada diez espa\u00f1olas consideran que su educaci\u00f3n financiera es mala o muy mala <\/a>&#8211; Expansi\u00f3n.com<\/p>\n<p><a href=\"https:\/\/www.google.com\/url?rct=j&amp;sa=t&amp;url=https:\/\/elpais.com\/ideas\/2020-10-09\/como-pagar-la-jubilacion-de-la-generacion-baby-boom.html&amp;ct=ga&amp;cd=CAEYAioTNjcxNTYxNTI4NzIzOTExNjc2OTIZYzAzNzJlYmMyZmVhZGE1OTplczplczpFUw&amp;usg=AFQjCNE6Qhc-ZEAhhI1bVbPWv7cN9vBECw\">C\u00f3mo pagar la jubilaci\u00f3n de la generaci\u00f3n &#8216;baby boom&#8217; <\/a>\u2013 El Pa\u00eds<\/p>\n<p><a href=\"https:\/\/www.google.com\/url?rct=j&amp;sa=t&amp;url=https:\/\/www.equiposytalento.com\/talentstreet\/noticias\/2020\/10\/13\/las-100-empresas-con-mejor-reputacion-en-espanya-en-2020\/104\/&amp;ct=ga&amp;cd=CAEYASoTOTQ5MTIzMzE5MTMxMzY1NDAwNjIZYzAzNzJlYmMyZmVhZGE1OTplczplczpFUw&amp;usg=AFQjCNE1V5JFxWzG6xYeq8hxGJHXRZCePQ\">Las 100 empresas con mejor reputaci\u00f3n en Espa\u00f1a en 2020 <\/a>&#8211; Equipos &amp; Talento<\/p>\n<p><a href=\"https:\/\/www.mujeremprendedora.net\/caixabank-firma-acuerdo-afammer-para-impulsar-actividad-agraria-espana\/\">CaixaBank y AFAMMER impulsan la actividad agraria en Espa\u00f1a<\/a> \u2013 Mujeremprendedora.net<\/p>\n<p><a href=\"https:\/\/www.mujeremprendedora.net\/samsung-apuesta-talento-femenino-nuevos-cursos-inteligencia-artificial\/\">Samsung apuesta por el talento femenino con sus nuevos cursos de Inteligencia Artificial<\/a>\u2013 Mujeremprendedora.net<\/p>\n<p><strong>Actualidad<\/strong><\/p>\n<p><a href=\"https:\/\/www.google.com\/url?rct=j&amp;sa=t&amp;url=https:\/\/www.publico.es\/sociedad\/expertas-denuncian-lejos-avanzar-mujeres-vez-ausentes-debate-publico.html&amp;ct=ga&amp;cd=CAEYACoTNzM5MzQwMTcxMzc2NDQ2Mjc2NjIZYzAzNzJlYmMyZmVhZGE1OTplczplczpFUw&amp;usg=AFQjCNHUFEFrdVsPswHXPtqbYNK4TyJyEw\">Expertas denuncian que, lejos de avanzar, las mujeres est\u00e1n cada vez m\u00e1s ausentes del debate &#8230; <\/a>&#8211; P\u00fablico<\/p>\n<p><a href=\"https:\/\/www.google.com\/url?rct=j&amp;sa=t&amp;url=https:\/\/www.meneame.net\/story\/ministerio-igualdad-organiza-seminario-covid-tecnoloia-clave&amp;ct=ga&amp;cd=CAEYACoUMTMyNjY3MjczNDI5ODY3MDk5NDQyGWMwMzcyZWJjMmZlYWRhNTk6ZXM6ZXM6RVM&amp;usg=AFQjCNE8ldC_1sx3fXNljsp19Tf3d3p5_A\">El Ministerio de Igualdad organiza el seminario \u00abCovid y Tecnolog\u00eda en clave de G\u00e9nero\u00bb <\/a>&#8211; Men\u00e9ame<\/p>\n<p><a href=\"https:\/\/www.google.com\/url?rct=j&amp;sa=t&amp;url=https:\/\/www.religiondigital.org\/educacion\/Dialogo-fe-cultura-perspectiva-mujeres-Seminario-dialogo-asociaciones-feministas-iglesia_0_2276772301.html&amp;ct=ga&amp;cd=CAEYASoTODMxNTIyMjAxMDMzNDk5MzUwNDIZYzAzNzJlYmMyZmVhZGE1OTplczplczpFUw&amp;usg=AFQjCNEZbEFjoTeve4pQL4KX4Pf6XLNs8g\">Di\u00e1logo fe-cultura desde la perspectiva de las mujeres: arranca el V Seminario <\/a>&#8211; Religi\u00f3n Digital<\/p>\n<p><a href=\"https:\/\/www.google.com\/url?rct=j&amp;sa=t&amp;url=https:\/\/elpais.com\/mamas-papas\/2020-10-13\/embarazos-confinados-las-futuras-madres-redujeron-un-30-su-actividad-fisica-y-caminaron-un-60-menos.html&amp;ct=ga&amp;cd=CAEYACoTOTQ5MTIzMzE5MTMxMzY1NDAwNjIZYzAzNzJlYmMyZmVhZGE1OTplczplczpFUw&amp;usg=AFQjCNFwpZBVBabCS-WpuyCg7TbXGSd1vw\">Embarazos confinados: las futuras madres redujeron un 30% su actividad f\u00edsica y caminaron un 60 &#8230; <\/a>\u2013 El Pa\u00eds<\/p>\n<p><a href=\"https:\/\/www.google.com\/url?rct=j&amp;sa=t&amp;url=https:\/\/www.lasprovincias.es\/comunitat\/machismo-joven-20201011234052-ntvo.html&amp;ct=ga&amp;cd=CAEYACoTNzE4OTQ3MjU5OTY5Mzc5ODk0MDIZZTFlNzdkMTU2MDk4YThlMzplczplczpFUw&amp;usg=AFQjCNG8GhMAdjmT8oNvU62G3h2Zzt5UIw\">El machismo se hace m\u00e1s joven <\/a>&#8211; Las Provincias<\/p>\n<p><a href=\"https:\/\/www.google.com\/url?rct=j&amp;sa=t&amp;url=https:\/\/www.servimedia.es\/noticias\/1319043&amp;ct=ga&amp;cd=CAEYAyoTODIzMTgyMTg4ODEwMTgzOTA0ODIZZTFlNzdkMTU2MDk4YThlMzplczplczpFUw&amp;usg=AFQjCNHnMDegrRQyL-OvqSe_Qmud1tz_qg\">Asociaciones de mayores y de discapacidad llaman a luchar contra la soledad no deseada, \u201cun r\u00edo &#8230; <\/a>&#8211; Servimedia<\/p>\n<p><strong>Violencias<\/strong><\/p>\n<p><a href=\"https:\/\/www.iustel.com\/diario_del_derecho_municipal\/noticia.asp?ref_iustel=1203347\">La Fundaci\u00f3n Abogac\u00eda y Exteriores firman un convenio para asesorar a victimas de violencia de g\u00e9nero en el exterior\u2026-iustel.com <\/a><\/p>\n<p><a href=\"https:\/\/www.20minutos.es\/noticia\/4414718\/0\/juezas-y-jueces-para-la-democracia-piden-mas-formacion-en-la-atencion-a-menores-victimas-de-violencia-machista\/\">Juezas y Jueces para la Democracia piden m\u00e1s formaci\u00f3n en la atenci\u00f3n a menores v\u00edctimas de violencia machista<\/a>-20minutos.es<\/p>\n<p><strong>Ciencia y Cultura<\/strong><\/p>\n<p><a href=\"https:\/\/www.google.com\/url?rct=j&amp;sa=t&amp;url=https:\/\/elpueblodeceuta.es\/art\/52370\/una-cientifica-ceuti-en-el-equipo-que-fabrica-la-vacuna-de-la-covid-19&amp;ct=ga&amp;cd=CAEYASoUMTUwMzIwNTczMDIwNDE0Mzc1OTAyGWMwMzcyZWJjMmZlYWRhNTk6ZXM6ZXM6RVM&amp;usg=AFQjCNEWB84UeoxP-9XZThmE4mS7Mhe_Ww\">La cient\u00edfica ceut\u00ed, Luisa Ruiz Gat\u00f3n, en el equipo que fabrica la vacuna de la Covid-19 <\/a>&#8211; El Pueblo de Ceuta<\/p>\n<p><a href=\"https:\/\/www.google.com\/url?rct=j&amp;sa=t&amp;url=https:\/\/www.rtve.es\/noticias\/20201010\/reconocimiento-mujeres-cientificas-nobel-puede-inspirar-jovenes\/2044167.shtml&amp;ct=ga&amp;cd=CAEYASoTODM2NDI1Mzg3NjkwNzgxNDc2NDIZYzAzNzJlYmMyZmVhZGE1OTplczplczpFUw&amp;usg=AFQjCNHnTDMjrEkkjqgFeEqWec-jg3kBkw\">Las cient\u00edficas se reivindican en los Nobel 2020: \u00abSiempre hemos estado en la ciencia, pero no se &#8230; <\/a>&#8211; RTVE<\/p>\n<p><a href=\"https:\/\/www.google.com\/url?rct=j&amp;sa=t&amp;url=https:\/\/www.que.es\/ultimas-noticias\/sociedad\/arranca-rodaje-pelicula-frederica-montseny.html&amp;ct=ga&amp;cd=CAEYASoSNzc5MjIyNjQ5MTA4OTkzNzg0MhljMDM3MmViYzJmZWFkYTU5OmVzOmVzOkVT&amp;usg=AFQjCNHxJFyVyWeXUGUJ9_s6l9M2U5xPyQ\">Arranca el rodaje de la pel\u00edcula sobre Frederica Montseny <\/a>&#8211; Qu\u00e9.es<strong>\u00a0<\/strong><\/p>\n<p><strong>Deporte<\/strong><\/p>\n<p><a href=\"https:\/\/www.estadiodeportivo.com\/polideportivo\/2020\/10\/08\/lozano-agradece-papel-deportistas-inversion\/299136.html\">Lozano, Presidenta del Consejo Superior de Deportes, agradece el papel de las deportistas y la inversi\u00f3n en deporte femenino<\/a>-estadiodeportivo<\/p>\n<p><a href=\"https:\/\/www.elespanol.com\/deportes\/20201008\/iberdrola-muestra-csd-incondicional-deporte-femenino-obligacion\/526698805_0.html\">Iberdrola muestra al CSD su apoyo incondicional al deporte femenino: \u00abEs una obligaci\u00f3n moral\u00bb<\/a>-elespanol<\/p>\n<p>[\/toggle]<\/p>\n<p>[toggle type=\u00bbfirst\u00bb title=\u00bbInternacional\u00bb]<\/p>\n<p><a href=\"https:\/\/www.google.com\/url?rct=j&amp;sa=t&amp;url=https:\/\/es.globalvoices.org\/2020\/10\/12\/en-turquia-las-mujeres-se-alzan-para-evitar-el-retiro-de-la-convencion-de-estambul\/&amp;ct=ga&amp;cd=CAEYASoTOTg1NTAwNTM1NDgxMjkyNzg0NzIZYzAzNzJlYmMyZmVhZGE1OTplczplczpFUw&amp;usg=AFQjCNE4IfhZBSIUj7asJav9T2OiQrDd9A\">En Turqu\u00eda, las mujeres se alzan para evitar el retiro de la Convenci\u00f3n de Estambul <\/a>&#8211; Global Voices en espa\u00f1ol<\/p>\n<p><a href=\"https:\/\/www.google.com\/url?rct=j&amp;sa=t&amp;url=https:\/\/www.huffingtonpost.es\/entry\/declaracion-de-beijing-25-anos-despues-y-varios-pasos-atras_es_5f7f654bc5b664e5babaf044&amp;ct=ga&amp;cd=CAEYECoTNDQ5ODQyNjUzMjgzODQwNzYxODIZYzAzNzJlYmMyZmVhZGE1OTplczplczpFUw&amp;usg=AFQjCNHZaftxdo_Qmj79YrPv_zjr7NuHbA\">Declaraci\u00f3n de Beijing: 25 a\u00f1os despu\u00e9s (y varios pasos atr\u00e1s) <\/a>&#8211; El HuffPost<\/p>\n<p><a href=\"https:\/\/www.google.com\/url?rct=j&amp;sa=t&amp;url=https:\/\/www.eluniversal.com.mx\/metropoli\/edomex\/feministas-protestan-ahora-en-visitaduria-de-edomex-apoyan-toma-de-la-cndh&amp;ct=ga&amp;cd=CAEYFyoTNDQ5ODQyNjUzMjgzODQwNzYxODIZYzAzNzJlYmMyZmVhZGE1OTplczplczpFUw&amp;usg=AFQjCNEJmHbfgOZ4Z3sTHlAh7Gka8K81gQ\">Feministas protestan ahora en Visitadur\u00eda de Edomex; apoyan toma de la CNDH <\/a>&#8211; El Universal<\/p>\n<p><a href=\"https:\/\/www.google.com\/url?rct=j&amp;sa=t&amp;url=https:\/\/www.eluniverso.com\/entretenimiento\/2020\/10\/11\/nota\/8010664\/uti-torres-influyente-empresaria-mujer-pleno&amp;ct=ga&amp;cd=CAEYASoUMTM2NTk0ODAzNDAyMzg2MjM2MTEyGWMwMzcyZWJjMmZlYWRhNTk6ZXM6ZXM6RVM&amp;usg=AFQjCNHySfCXGVdG5T6tHO3-lb0VQ4FQYg\">Uti Torres, de influyente a empresaria. Una mujer en pleno autoconocimiento <\/a>&#8211; El Universo<\/p>\n<p><a href=\"https:\/\/www.google.com\/url?rct=j&amp;sa=t&amp;url=https:\/\/www.eluniversal.com.mx\/autopistas\/conoce-paris-mcgowan-la-primera-ingeniera-afroamericana-que-trabaja-para-harley-davidson&amp;ct=ga&amp;cd=CAEYACoUMTQwNTMxMzkxMjA4ODcxNjY4NTMyGWMwMzcyZWJjMmZlYWRhNTk6ZXM6ZXM6RVM&amp;usg=AFQjCNExUs26Kd3p9z6PDDtzC-FLHyQgGA\">Conoce a Paris McGowan, la primera ingeniera afroamericana que trabaja para Harley-Davidson <\/a>&#8211; El Universal<\/p>\n<p><a href=\"https:\/\/www.google.com\/url?rct=j&amp;sa=t&amp;url=https:\/\/www.elperiodico.com\/es\/economia\/20201012\/premio-nobel-economia-2020-8152369&amp;ct=ga&amp;cd=CAEYACoTODIwNTEwOTM5OTg5Mjg5NDI2MTIZYzAzNzJlYmMyZmVhZGE1OTplczplczpFUw&amp;usg=AFQjCNGTKRBbZwLf4rbQgHkMG906Z98Gzg\">El Nobel de Econom\u00eda 2020, el broche de oro para una edici\u00f3n m\u00e1s femenina <\/a>&#8211; El Peri\u00f3dico<\/p>\n<p><a href=\"https:\/\/www.google.com\/url?rct=j&amp;sa=t&amp;url=https:\/\/www.elindependiente.com\/tendencias\/cultura\/2020\/10\/11\/el-mundo-de-hoy-por-hannah-arendt\/&amp;ct=ga&amp;cd=CAEYAyoUMTUwMzIwNTczMDIwNDE0Mzc1OTAyGWMwMzcyZWJjMmZlYWRhNTk6ZXM6ZXM6RVM&amp;usg=AFQjCNHWN1UmH5PWNvVee13MoIUYyl46wA\">El mundo de hoy por Hannah Arendt <\/a>\u2013 El Independiente<\/p>\n<p><a href=\"https:\/\/www.google.com\/url?rct=j&amp;sa=t&amp;url=https:\/\/www.nationalgeographic.es\/historia\/2020\/10\/matematica-katherine-johnson-labor-esencial-luna-recibe-medalla-hubbard&amp;ct=ga&amp;cd=CAEYGSoTNDQ5ODQyNjUzMjgzODQwNzYxODIZYzAzNzJlYmMyZmVhZGE1OTplczplczpFUw&amp;usg=AFQjCNEX8q6p0s8vNWY_1nNRPql8YbRujQ\">Katherine Johnson, cuya labor fue esencial para llegar a la Luna, gana la medalla Hubbard <\/a>&#8211; National Geographic Espa\u00f1a<\/p>\n<p><a href=\"https:\/\/www.google.com\/url?rct=j&amp;sa=t&amp;url=https:\/\/www.clarin.com\/agencias\/efe-mujeres-cine-abre-on-line-argentina-peru-mexico-eeuu_0_nu29IzlJu.html&amp;ct=ga&amp;cd=CAEYBCoTNzc1NzEzMTA0MjAxNDk3MTc1NDIZYzAzNzJlYmMyZmVhZGE1OTplczplczpFUw&amp;usg=AFQjCNGFo6QL6GHMZ3GEnbQEkIO0FKAHoQ\">Mujeres de Cine se abre on line a Argentina, Per\u00fa, M\u00e9xico y EEUU <\/a>&#8211; Clar\u00edn.com<\/p>\n<p><a href=\"https:\/\/www.google.com\/url?rct=j&amp;sa=t&amp;url=https:\/\/www.nationalgeographicla.com\/pristine-seas\/la-peninsula-antartica&amp;ct=ga&amp;cd=CAEYAioTMTI2OTA5NzM3NDc4NTI1NDQ3MjIZYzAzNzJlYmMyZmVhZGE1OTplczplczpFUw&amp;usg=AFQjCNFZp89nRuGqhhByWlKpmZzu8iJ4bQ\">National Geographic estrena un documental sobre una expedici\u00f3n in\u00e9dita de Pristine Seas a La &#8230; <\/a>&#8211; National Geographic Latinoam\u00e9rica<\/p>\n<p><a href=\"https:\/\/www.cope.es\/blogs\/derosca\/2020\/10\/13\/el-europeo-femenino-2020-solo-lo-van-a-dirigir-colegiadas\/\">El Europeo Femenino de Balonmano 2020 s\u00f3lo lo van a dirigir colegiadas<\/a>-cope.es<\/p>\n<p>[\/toggle]<\/p>\n<\/div>\n<\/div>\n<\/div>\n<\/div>\n<\/div>\n<\/div>\n","protected":false},"excerpt":{"rendered":"<p>Gobierno aprueba regular la igualdad salarial y planes de igualdad <a href=\"https:\/\/cklcomunicaciones.es\/coop\/noticias-info-ckl-no-2-504-13-10-20\/\">[&#8230;]<\/a><\/p>\n","protected":false},"author":3,"featured_media":0,"comment_status":"closed","ping_status":"closed","sticky":false,"template":"","format":"standard","meta":{"footnotes":""},"categories":[298,623],"tags":[103,213,219],"class_list":["post-15100","post","type-post","status-publish","format-standard","hentry","category-newsletter","category-nwl-2-0","tag-ckl","tag-comunicacion-inclusiva","tag-perspectiva-de-genero"],"yoast_head":"<!-- This site is optimized with the Yoast SEO plugin v27.5 - https:\/\/yoast.com\/product\/yoast-seo-wordpress\/ -->\n<title>Noticias Info CKL n\u00ba 2.504-13\/10\/20-Comunicar con perspectiva de g\u00e9nero<\/title>\n<meta name=\"description\" content=\"Comunicar con perspectiva de g\u00e9nero: El Gobierno aprueba regular la igualdad salarial y planes de igualdad en la empresa-El 60% de espa\u00f1olas considera que su educaci\u00f3n financiera es mala\" \/>\n<meta name=\"robots\" content=\"index, follow, max-snippet:-1, max-image-preview:large, max-video-preview:-1\" \/>\n<link rel=\"canonical\" href=\"https:\/\/cklcomunicaciones.es\/coop\/noticias-info-ckl-no-2-504-13-10-20\/\" \/>\n<meta property=\"og:locale\" content=\"es_ES\" \/>\n<meta property=\"og:type\" content=\"article\" \/>\n<meta property=\"og:title\" content=\"Noticias Info CKL n\u00ba 2.504-13\/10\/20-Comunicar con perspectiva de g\u00e9nero\" \/>\n<meta property=\"og:description\" content=\"Comunicar con perspectiva de g\u00e9nero: El Gobierno aprueba regular la igualdad salarial y planes de igualdad en la empresa-El 60% de espa\u00f1olas considera que su educaci\u00f3n financiera es mala\" \/>\n<meta property=\"og:url\" content=\"https:\/\/cklcomunicaciones.es\/coop\/noticias-info-ckl-no-2-504-13-10-20\/\" \/>\n<meta property=\"og:site_name\" content=\"CKL Comunicaciones\" \/>\n<meta property=\"article:published_time\" content=\"2020-10-13T10:31:06+00:00\" \/>\n<meta property=\"article:modified_time\" content=\"2025-01-17T15:47:29+00:00\" \/>\n<meta property=\"og:image\" content=\"https:\/\/cklcomunicaciones.es\/coop\/wp-content\/uploads\/2018\/03\/CKL_comunicacion-con-perspetiva-de-genero.jpg\" \/>\n\t<meta property=\"og:image:width\" content=\"500\" \/>\n\t<meta property=\"og:image:height\" content=\"500\" \/>\n\t<meta property=\"og:image:type\" content=\"image\/jpeg\" \/>\n<meta name=\"author\" content=\"ckl\" \/>\n<meta name=\"twitter:card\" content=\"summary_large_image\" \/>\n<meta name=\"twitter:label1\" content=\"Escrito por\" \/>\n\t<meta name=\"twitter:data1\" content=\"ckl\" \/>\n\t<meta name=\"twitter:label2\" content=\"Tiempo de lectura\" \/>\n\t<meta name=\"twitter:data2\" content=\"6 minutos\" \/>\n<script type=\"application\/ld+json\" class=\"yoast-schema-graph\">{\"@context\":\"https:\\\/\\\/schema.org\",\"@graph\":[{\"@type\":\"Article\",\"@id\":\"https:\\\/\\\/cklcomunicaciones.es\\\/coop\\\/noticias-info-ckl-no-2-504-13-10-20\\\/#article\",\"isPartOf\":{\"@id\":\"https:\\\/\\\/cklcomunicaciones.es\\\/coop\\\/noticias-info-ckl-no-2-504-13-10-20\\\/\"},\"author\":{\"name\":\"ckl\",\"@id\":\"https:\\\/\\\/cklcomunicaciones.es\\\/coop\\\/#\\\/schema\\\/person\\\/929a6837f7626450bbb50cee1aef266e\"},\"headline\":\"Noticias Info CKL n\u00ba 2.504-13\\\/10\\\/20\",\"datePublished\":\"2020-10-13T10:31:06+00:00\",\"dateModified\":\"2025-01-17T15:47:29+00:00\",\"mainEntityOfPage\":{\"@id\":\"https:\\\/\\\/cklcomunicaciones.es\\\/coop\\\/noticias-info-ckl-no-2-504-13-10-20\\\/\"},\"wordCount\":1216,\"image\":{\"@id\":\"https:\\\/\\\/cklcomunicaciones.es\\\/coop\\\/noticias-info-ckl-no-2-504-13-10-20\\\/#primaryimage\"},\"thumbnailUrl\":\"http:\\\/\\\/www.cklcomunicaciones.es\\\/wp-content\\\/uploads\\\/2018\\\/03\\\/CKL_comunicacion-con-perspetiva-de-genero-300x300.jpg\",\"keywords\":[\"CKL\",\"comunicaci\u00f3n inclusiva\",\"perspectiva de g\u00e9nero\"],\"articleSection\":[\"Newsletter\",\"Nwl v2.0\"],\"inLanguage\":\"es\"},{\"@type\":\"WebPage\",\"@id\":\"https:\\\/\\\/cklcomunicaciones.es\\\/coop\\\/noticias-info-ckl-no-2-504-13-10-20\\\/\",\"url\":\"https:\\\/\\\/cklcomunicaciones.es\\\/coop\\\/noticias-info-ckl-no-2-504-13-10-20\\\/\",\"name\":\"Noticias Info CKL n\u00ba 2.504-13\\\/10\\\/20-Comunicar con perspectiva de g\u00e9nero\",\"isPartOf\":{\"@id\":\"https:\\\/\\\/cklcomunicaciones.es\\\/coop\\\/#website\"},\"primaryImageOfPage\":{\"@id\":\"https:\\\/\\\/cklcomunicaciones.es\\\/coop\\\/noticias-info-ckl-no-2-504-13-10-20\\\/#primaryimage\"},\"image\":{\"@id\":\"https:\\\/\\\/cklcomunicaciones.es\\\/coop\\\/noticias-info-ckl-no-2-504-13-10-20\\\/#primaryimage\"},\"thumbnailUrl\":\"http:\\\/\\\/www.cklcomunicaciones.es\\\/wp-content\\\/uploads\\\/2018\\\/03\\\/CKL_comunicacion-con-perspetiva-de-genero-300x300.jpg\",\"datePublished\":\"2020-10-13T10:31:06+00:00\",\"dateModified\":\"2025-01-17T15:47:29+00:00\",\"author\":{\"@id\":\"https:\\\/\\\/cklcomunicaciones.es\\\/coop\\\/#\\\/schema\\\/person\\\/929a6837f7626450bbb50cee1aef266e\"},\"description\":\"Comunicar con perspectiva de g\u00e9nero: El Gobierno aprueba regular la igualdad salarial y planes de igualdad en la empresa-El 60% de espa\u00f1olas considera que su educaci\u00f3n financiera es mala\",\"breadcrumb\":{\"@id\":\"https:\\\/\\\/cklcomunicaciones.es\\\/coop\\\/noticias-info-ckl-no-2-504-13-10-20\\\/#breadcrumb\"},\"inLanguage\":\"es\",\"potentialAction\":[{\"@type\":\"ReadAction\",\"target\":[\"https:\\\/\\\/cklcomunicaciones.es\\\/coop\\\/noticias-info-ckl-no-2-504-13-10-20\\\/\"]}]},{\"@type\":\"ImageObject\",\"inLanguage\":\"es\",\"@id\":\"https:\\\/\\\/cklcomunicaciones.es\\\/coop\\\/noticias-info-ckl-no-2-504-13-10-20\\\/#primaryimage\",\"url\":\"http:\\\/\\\/www.cklcomunicaciones.es\\\/wp-content\\\/uploads\\\/2018\\\/03\\\/CKL_comunicacion-con-perspetiva-de-genero-300x300.jpg\",\"contentUrl\":\"http:\\\/\\\/www.cklcomunicaciones.es\\\/wp-content\\\/uploads\\\/2018\\\/03\\\/CKL_comunicacion-con-perspetiva-de-genero-300x300.jpg\"},{\"@type\":\"BreadcrumbList\",\"@id\":\"https:\\\/\\\/cklcomunicaciones.es\\\/coop\\\/noticias-info-ckl-no-2-504-13-10-20\\\/#breadcrumb\",\"itemListElement\":[{\"@type\":\"ListItem\",\"position\":1,\"name\":\"Portada\",\"item\":\"https:\\\/\\\/cklcomunicaciones.es\\\/coop\\\/\"},{\"@type\":\"ListItem\",\"position\":2,\"name\":\"Noticias Info CKL n\u00ba 2.504-13\\\/10\\\/20\"}]},{\"@type\":\"WebSite\",\"@id\":\"https:\\\/\\\/cklcomunicaciones.es\\\/coop\\\/#website\",\"url\":\"https:\\\/\\\/cklcomunicaciones.es\\\/coop\\\/\",\"name\":\"CKL Comunicaciones\",\"description\":\"Sitio web de CKL Comunicaciones coop , la consultora de comunicaci\u00f3n y estrategia\",\"potentialAction\":[{\"@type\":\"SearchAction\",\"target\":{\"@type\":\"EntryPoint\",\"urlTemplate\":\"https:\\\/\\\/cklcomunicaciones.es\\\/coop\\\/?s={search_term_string}\"},\"query-input\":{\"@type\":\"PropertyValueSpecification\",\"valueRequired\":true,\"valueName\":\"search_term_string\"}}],\"inLanguage\":\"es\"},{\"@type\":\"Person\",\"@id\":\"https:\\\/\\\/cklcomunicaciones.es\\\/coop\\\/#\\\/schema\\\/person\\\/929a6837f7626450bbb50cee1aef266e\",\"name\":\"ckl\",\"image\":{\"@type\":\"ImageObject\",\"inLanguage\":\"es\",\"@id\":\"https:\\\/\\\/secure.gravatar.com\\\/avatar\\\/c82db564e8a669bf6023357a157b9dc4780f4d4c618f2ad1d71a6a5dede45057?s=96&d=mm&r=g\",\"url\":\"https:\\\/\\\/secure.gravatar.com\\\/avatar\\\/c82db564e8a669bf6023357a157b9dc4780f4d4c618f2ad1d71a6a5dede45057?s=96&d=mm&r=g\",\"contentUrl\":\"https:\\\/\\\/secure.gravatar.com\\\/avatar\\\/c82db564e8a669bf6023357a157b9dc4780f4d4c618f2ad1d71a6a5dede45057?s=96&d=mm&r=g\",\"caption\":\"ckl\"},\"url\":\"https:\\\/\\\/cklcomunicaciones.es\\\/coop\\\/author\\\/cklcomunicaciones\\\/\"}]}<\/script>\n<!-- \/ Yoast SEO plugin. -->","yoast_head_json":{"title":"Noticias Info CKL n\u00ba 2.504-13\/10\/20-Comunicar con perspectiva de g\u00e9nero","description":"Comunicar con perspectiva de g\u00e9nero: El Gobierno aprueba regular la igualdad salarial y planes de igualdad en la empresa-El 60% de espa\u00f1olas considera que su educaci\u00f3n financiera es mala","robots":{"index":"index","follow":"follow","max-snippet":"max-snippet:-1","max-image-preview":"max-image-preview:large","max-video-preview":"max-video-preview:-1"},"canonical":"https:\/\/cklcomunicaciones.es\/coop\/noticias-info-ckl-no-2-504-13-10-20\/","og_locale":"es_ES","og_type":"article","og_title":"Noticias Info CKL n\u00ba 2.504-13\/10\/20-Comunicar con perspectiva de g\u00e9nero","og_description":"Comunicar con perspectiva de g\u00e9nero: El Gobierno aprueba regular la igualdad salarial y planes de igualdad en la empresa-El 60% de espa\u00f1olas considera que su educaci\u00f3n financiera es mala","og_url":"https:\/\/cklcomunicaciones.es\/coop\/noticias-info-ckl-no-2-504-13-10-20\/","og_site_name":"CKL Comunicaciones","article_published_time":"2020-10-13T10:31:06+00:00","article_modified_time":"2025-01-17T15:47:29+00:00","og_image":[{"width":500,"height":500,"url":"https:\/\/cklcomunicaciones.es\/coop\/wp-content\/uploads\/2018\/03\/CKL_comunicacion-con-perspetiva-de-genero.jpg","type":"image\/jpeg"}],"author":"ckl","twitter_card":"summary_large_image","twitter_misc":{"Escrito por":"ckl","Tiempo de lectura":"6 minutos"},"schema":{"@context":"https:\/\/schema.org","@graph":[{"@type":"Article","@id":"https:\/\/cklcomunicaciones.es\/coop\/noticias-info-ckl-no-2-504-13-10-20\/#article","isPartOf":{"@id":"https:\/\/cklcomunicaciones.es\/coop\/noticias-info-ckl-no-2-504-13-10-20\/"},"author":{"name":"ckl","@id":"https:\/\/cklcomunicaciones.es\/coop\/#\/schema\/person\/929a6837f7626450bbb50cee1aef266e"},"headline":"Noticias Info CKL n\u00ba 2.504-13\/10\/20","datePublished":"2020-10-13T10:31:06+00:00","dateModified":"2025-01-17T15:47:29+00:00","mainEntityOfPage":{"@id":"https:\/\/cklcomunicaciones.es\/coop\/noticias-info-ckl-no-2-504-13-10-20\/"},"wordCount":1216,"image":{"@id":"https:\/\/cklcomunicaciones.es\/coop\/noticias-info-ckl-no-2-504-13-10-20\/#primaryimage"},"thumbnailUrl":"http:\/\/www.cklcomunicaciones.es\/wp-content\/uploads\/2018\/03\/CKL_comunicacion-con-perspetiva-de-genero-300x300.jpg","keywords":["CKL","comunicaci\u00f3n inclusiva","perspectiva de g\u00e9nero"],"articleSection":["Newsletter","Nwl v2.0"],"inLanguage":"es"},{"@type":"WebPage","@id":"https:\/\/cklcomunicaciones.es\/coop\/noticias-info-ckl-no-2-504-13-10-20\/","url":"https:\/\/cklcomunicaciones.es\/coop\/noticias-info-ckl-no-2-504-13-10-20\/","name":"Noticias Info CKL n\u00ba 2.504-13\/10\/20-Comunicar con perspectiva de g\u00e9nero","isPartOf":{"@id":"https:\/\/cklcomunicaciones.es\/coop\/#website"},"primaryImageOfPage":{"@id":"https:\/\/cklcomunicaciones.es\/coop\/noticias-info-ckl-no-2-504-13-10-20\/#primaryimage"},"image":{"@id":"https:\/\/cklcomunicaciones.es\/coop\/noticias-info-ckl-no-2-504-13-10-20\/#primaryimage"},"thumbnailUrl":"http:\/\/www.cklcomunicaciones.es\/wp-content\/uploads\/2018\/03\/CKL_comunicacion-con-perspetiva-de-genero-300x300.jpg","datePublished":"2020-10-13T10:31:06+00:00","dateModified":"2025-01-17T15:47:29+00:00","author":{"@id":"https:\/\/cklcomunicaciones.es\/coop\/#\/schema\/person\/929a6837f7626450bbb50cee1aef266e"},"description":"Comunicar con perspectiva de g\u00e9nero: El Gobierno aprueba regular la igualdad salarial y planes de igualdad en la empresa-El 60% de espa\u00f1olas considera que su educaci\u00f3n financiera es mala","breadcrumb":{"@id":"https:\/\/cklcomunicaciones.es\/coop\/noticias-info-ckl-no-2-504-13-10-20\/#breadcrumb"},"inLanguage":"es","potentialAction":[{"@type":"ReadAction","target":["https:\/\/cklcomunicaciones.es\/coop\/noticias-info-ckl-no-2-504-13-10-20\/"]}]},{"@type":"ImageObject","inLanguage":"es","@id":"https:\/\/cklcomunicaciones.es\/coop\/noticias-info-ckl-no-2-504-13-10-20\/#primaryimage","url":"http:\/\/www.cklcomunicaciones.es\/wp-content\/uploads\/2018\/03\/CKL_comunicacion-con-perspetiva-de-genero-300x300.jpg","contentUrl":"http:\/\/www.cklcomunicaciones.es\/wp-content\/uploads\/2018\/03\/CKL_comunicacion-con-perspetiva-de-genero-300x300.jpg"},{"@type":"BreadcrumbList","@id":"https:\/\/cklcomunicaciones.es\/coop\/noticias-info-ckl-no-2-504-13-10-20\/#breadcrumb","itemListElement":[{"@type":"ListItem","position":1,"name":"Portada","item":"https:\/\/cklcomunicaciones.es\/coop\/"},{"@type":"ListItem","position":2,"name":"Noticias Info CKL n\u00ba 2.504-13\/10\/20"}]},{"@type":"WebSite","@id":"https:\/\/cklcomunicaciones.es\/coop\/#website","url":"https:\/\/cklcomunicaciones.es\/coop\/","name":"CKL Comunicaciones","description":"Sitio web de CKL Comunicaciones coop , la consultora de comunicaci\u00f3n y estrategia","potentialAction":[{"@type":"SearchAction","target":{"@type":"EntryPoint","urlTemplate":"https:\/\/cklcomunicaciones.es\/coop\/?s={search_term_string}"},"query-input":{"@type":"PropertyValueSpecification","valueRequired":true,"valueName":"search_term_string"}}],"inLanguage":"es"},{"@type":"Person","@id":"https:\/\/cklcomunicaciones.es\/coop\/#\/schema\/person\/929a6837f7626450bbb50cee1aef266e","name":"ckl","image":{"@type":"ImageObject","inLanguage":"es","@id":"https:\/\/secure.gravatar.com\/avatar\/c82db564e8a669bf6023357a157b9dc4780f4d4c618f2ad1d71a6a5dede45057?s=96&d=mm&r=g","url":"https:\/\/secure.gravatar.com\/avatar\/c82db564e8a669bf6023357a157b9dc4780f4d4c618f2ad1d71a6a5dede45057?s=96&d=mm&r=g","contentUrl":"https:\/\/secure.gravatar.com\/avatar\/c82db564e8a669bf6023357a157b9dc4780f4d4c618f2ad1d71a6a5dede45057?s=96&d=mm&r=g","caption":"ckl"},"url":"https:\/\/cklcomunicaciones.es\/coop\/author\/cklcomunicaciones\/"}]}},"_links":{"self":[{"href":"https:\/\/cklcomunicaciones.es\/coop\/wp-json\/wp\/v2\/posts\/15100","targetHints":{"allow":["GET"]}}],"collection":[{"href":"https:\/\/cklcomunicaciones.es\/coop\/wp-json\/wp\/v2\/posts"}],"about":[{"href":"https:\/\/cklcomunicaciones.es\/coop\/wp-json\/wp\/v2\/types\/post"}],"author":[{"embeddable":true,"href":"https:\/\/cklcomunicaciones.es\/coop\/wp-json\/wp\/v2\/users\/3"}],"replies":[{"embeddable":true,"href":"https:\/\/cklcomunicaciones.es\/coop\/wp-json\/wp\/v2\/comments?post=15100"}],"version-history":[{"count":0,"href":"https:\/\/cklcomunicaciones.es\/coop\/wp-json\/wp\/v2\/posts\/15100\/revisions"}],"wp:attachment":[{"href":"https:\/\/cklcomunicaciones.es\/coop\/wp-json\/wp\/v2\/media?parent=15100"}],"wp:term":[{"taxonomy":"category","embeddable":true,"href":"https:\/\/cklcomunicaciones.es\/coop\/wp-json\/wp\/v2\/categories?post=15100"},{"taxonomy":"post_tag","embeddable":true,"href":"https:\/\/cklcomunicaciones.es\/coop\/wp-json\/wp\/v2\/tags?post=15100"}],"curies":[{"name":"wp","href":"https:\/\/api.w.org\/{rel}","templated":true}]}}