{"id":15084,"date":"2020-10-05T15:15:36","date_gmt":"2020-10-05T13:15:36","guid":{"rendered":"http:\/\/www.cklcomunicaciones.es\/?p=15084"},"modified":"2025-01-17T16:47:29","modified_gmt":"2025-01-17T15:47:29","slug":"noticias-info-ckl-no-2-501-05-10-20","status":"publish","type":"post","link":"https:\/\/cklcomunicaciones.es\/coop\/noticias-info-ckl-no-2-501-05-10-20\/","title":{"rendered":"Noticias Info CKL n\u00ba 2.501-05\/10\/20"},"content":{"rendered":"<div id=\"pl-15084\"  class=\"panel-layout\" >\n<div id=\"pg-15084-0\"  class=\"panel-grid panel-no-style\"  data-style=\"{&quot;background_image_attachment&quot;:false,&quot;background_display&quot;:&quot;tile&quot;,&quot;cell_alignment&quot;:&quot;flex-start&quot;}\" >\n<div id=\"pgc-15084-0-0\"  class=\"panel-grid-cell\"  data-weight=\"1\" >\n<div id=\"panel-15084-0-0-0\" class=\"so-panel widget widget_sow-editor panel-first-child panel-last-child\" data-index=\"0\" data-style=\"{&quot;background_image_attachment&quot;:false,&quot;background_display&quot;:&quot;tile&quot;}\" >\n<div class=\"so-widget-sow-editor so-widget-sow-editor-base\">\n<div class=\"siteorigin-widget-tinymce textwidget\">\n<p><img decoding=\"async\" class=\"lazyload  wp-image-13726\" src=\"http:\/\/www.cklcomunicaciones.es\/wp-content\/uploads\/2018\/03\/CKL_comunicacion-con-perspetiva-de-genero-300x300.jpg\" data-orig-src=\"http:\/\/www.cklcomunicaciones.es\/wp-content\/uploads\/2018\/03\/CKL_comunicacion-con-perspetiva-de-genero-300x300.jpg\" alt=\"CKL_comunicacion con perspetiva de genero\" width=\"132\" height=\"132\" srcset=\"data:image\/svg+xml,%3Csvg%20xmlns%3D%27http%3A%2F%2Fwww.w3.org%2F2000%2Fsvg%27%20width%3D%27132%27%20height%3D%27132%27%20viewBox%3D%270%200%20132%20132%27%3E%3Crect%20width%3D%27132%27%20height%3D%27132%27%20fill-opacity%3D%220%22%2F%3E%3C%2Fsvg%3E\" data-srcset=\"https:\/\/cklcomunicaciones.es\/coop\/wp-content\/uploads\/2018\/03\/CKL_comunicacion-con-perspetiva-de-genero-150x150.jpg 150w, https:\/\/cklcomunicaciones.es\/coop\/wp-content\/uploads\/2018\/03\/CKL_comunicacion-con-perspetiva-de-genero-300x300.jpg 300w, https:\/\/cklcomunicaciones.es\/coop\/wp-content\/uploads\/2018\/03\/CKL_comunicacion-con-perspetiva-de-genero-450x450.jpg 450w, https:\/\/cklcomunicaciones.es\/coop\/wp-content\/uploads\/2018\/03\/CKL_comunicacion-con-perspetiva-de-genero.jpg 500w\" data-sizes=\"auto\" data-orig-sizes=\"(max-width: 132px) 100vw, 132px\" \/><\/p>\n<p id=\":fy\" class=\"hP\" tabindex=\"-1\" data-thread-perm-id=\"thread-f:1679717216008627900\" data-legacy-thread-id=\"174f8de88f4d66bc\"><strong>Los Estados UpM aprueban mecanismo para supervisar progresos en igualdad de g\u00e9nero-La mujer gana terreno en Fruit Attraction-Cobo: La pornograf\u00eda legitima la violencia sexual-En Comit\u00e9s Nobel, las mujeres escasean<\/strong><\/p>\n<p id=\":1jb\" class=\"hP\" tabindex=\"-1\" data-thread-perm-id=\"thread-f:1673735291635950613\" data-legacy-thread-id=\"173a4d6141fee415\">[toggle type=\u00bbfirst\u00bb title=\u00bbConvocatorias\u00bb]<\/p>\n<ul>\n<li><a href=\"http:\/\/www.juntadeandalucia.es\/iam\/catalogo\/doc\/convocatorias\/2020-genero\/MA-representacion-sombras-luminosas.pdf\">Representaci\u00f3n &#8216;Sombras luminosas&#8217;<\/a>. TEDteatro, Premio Mariana Pineda de Teatro e Igualdad. 9 de octubre, etc. Informaci\u00f3n y reservas: <a href=\"mailto:teatro.didactico2015@gmail.com\">teatro.didactico2015@gmail.com<\/a>; 6878093 49 \/ 661292775<\/li>\n<li><a href=\"https:\/\/igualdad.us.es\/?p=3949\">Seminario <\/a><a href=\"https:\/\/igualdad.us.es\/?p=3949\">&#8216;<\/a><a href=\"https:\/\/igualdad.us.es\/?p=3949\">La ciberviolencia machist<\/a><a href=\"https:\/\/igualdad.us.es\/?p=3949\">a&#8217;<\/a>. Universidad de Sevilla. 21, 22 y 23 de octubre <a href=\"https:\/\/igualdad.us.es\/wpblog\/wp-content\/uploads\/2020\/10\/Subvencion-13932_diptico.pdf\">Inscripci\u00f3n gratuita<\/a><\/li>\n<\/ul>\n<p tabindex=\"-1\" data-thread-perm-id=\"thread-f:1673735291635950613\" data-legacy-thread-id=\"173a4d6141fee415\">[\/toggle]<\/p>\n<p>[toggle type=\u00bbfirst\u00bb title=\u00bbComunicaci\u00f3n\u00bb]<\/p>\n<p><a href=\"https:\/\/www.opinion.com.bo\/articulo\/revista-asi\/redes-trata-trafico-roban-suenos-mujeres-bolivianas\/20201004013124789719.html\">Las redes de trata y tr\u00e1fico que roban los sue\u00f1os a mujeres &#8230;<\/a>-Opini\u00f3n Bolivia<\/p>\n<p><a href=\"https:\/\/www.pagina12.com.ar\/296848-por-primera-vez-una-mujer-comentara-en-television-los-partid\">Por primera vez una mujer comentar\u00e1 en televisi\u00f3n los partidos ..-Pagina12<\/a><\/p>\n<p><a href=\"https:\/\/www.google.com\/url?rct=j&amp;sa=t&amp;url=https:\/\/www.lasprovincias.es\/sociedad\/stalking-nuevo-tipo-acoso-digital-20201005174353-ntrc.html&amp;ct=ga&amp;cd=CAEYACoTNDQyMTAyMDc0OTU5MzUyNzA5NTIZYzAzNzJlYmMyZmVhZGE1OTplczplczpFUw&amp;usg=AFQjCNEqLrV6nRFCuu1V7GLM4ZdKX4PuHA\">&#8216;Stalking&#8217;, el nuevo tipo de acoso digital <\/a>&#8211; Las Provincias<\/p>\n<p>[\/toggle]<\/p>\n<p>[toggle type=\u00bbfirst\u00bb title=\u00bbAndaluc\u00eda\u00bb]<\/p>\n<p><strong>Econom\u00eda y Empresas<\/strong><\/p>\n<p><a href=\"https:\/\/sevilla.abc.es\/economia\/sevi-maria-luisa-garcia-andalucia-ahora-mas-dinero-para-startup-proyectos-invertir-202010040852_noticia.html\">Mar\u00eda Luisa Garc\u00eda, Presidenta de la Asociaci\u00f3n Andaluza de Business Angel: \u00abEn Andaluc\u00eda hay ahora m\u00e1s dinero &#8230;-sevilla.abc.es<\/a><\/p>\n<p><a href=\"https:\/\/www.mujeremprendedora.net\/papel-mujer-gestion-durante-pandemia-debate-greencities-moving\/\">El papel de la mujer en la gesti\u00f3n durante la pandemia, a debate en Greencities y S-MOVING<\/a> \u2013 Mujeremprendedora.net<\/p>\n<p><a href=\"https:\/\/www.lavozdealmeria.com\/agricultura2000\/noticia\/8\/agricultura\/201638\/la-mujer-gana-terreno-en-fruit-attraction\">La mujer gana terreno en Fruit Attraction \u2013 La Voz de Almer\u00eda<\/a><\/p>\n<p><a href=\"https:\/\/www.google.com\/url?rct=j&amp;sa=t&amp;url=https:\/\/www.diariodesevilla.es\/andalucia\/Sevilla-conferencia-lanzamiento-proyecto-MedTOWN_0_1506749930.html&amp;ct=ga&amp;cd=CAEYACoTOTQ2NjcxNjcxMTMxMzAxNTY3MTIZZDc4ZTU4NzVhMGYxZjJhYzplczplczpFUw&amp;usg=AFQjCNFdtnBFSad-SJixtTOio5RmNP-8jQ\">Sevilla acoge este lunes la conferencia virtual de lanzamiento del proyecto &#8216;MedTOWN&#8217; <\/a>&#8211; Diario de Sevilla<\/p>\n<p><a href=\"https:\/\/www.google.com\/url?rct=j&amp;sa=t&amp;url=https:\/\/elcorreoweb.es\/opinion\/columnas\/la-diputacion-con-la-concertacion-de-empleo-economia-e-innovacion-XN6852321&amp;ct=ga&amp;cd=CAEYACoTODY0NjcwNTAxMTIyMzg3NzAwNDIZNDViMWU5ODI4YmVhNzJhOTplczplczpFUw&amp;usg=AFQjCNHbZrYWx8s17Q8G_fHCYNgjU4CLqw\">La Diputaci\u00f3n con la concertaci\u00f3n de empleo, econom\u00eda e innovaci\u00f3n <\/a>&#8211; El Correo de Andaluc\u00eda<\/p>\n<p><a href=\"https:\/\/www.google.com\/url?rct=j&amp;sa=t&amp;url=https:\/\/www.benalgo.es\/noticias\/bendodo-asegura-que-andalucia-en-marcha-sera-un-revulsivo-para-dinamizar-la-economia.html&amp;ct=ga&amp;cd=CAEYACoTMzQ4NDk1MTM3MDk3MDY1MTA0MTIZZDc4ZTU4NzVhMGYxZjJhYzplczplczpFUw&amp;usg=AFQjCNF5iUWxtuB3uRhnL4bWeAXxMAZZeA\">Bendodo asegura que Andaluc\u00eda en Marcha ser\u00e1 un \u00abrevulsivo para dinamizar la econom\u00eda\u00bb <\/a>&#8211; Contracr\u00f3nica.es<\/p>\n<p><strong>Actualidad<\/strong><\/p>\n<p><a href=\"http:\/\/www.juntadeandalucia.es\/presidencia\/portavoz\/154915\/igualdadpoliticassocialesyconciliacion\/rocioruiz\/subvenciones\/nuevaorden\/mujeresenriesgodeexclusion\/violenciadegenero\">Subvenciones del 100% a proyectos para mujeres en riesgo de exclusi\u00f3n por entre 20.000 y 50.000 euros<\/a> \u2013 Oficina del Portavoz<\/p>\n<p><a href=\"https:\/\/www.google.com\/url?rct=j&amp;sa=t&amp;url=https:\/\/sevilla.abc.es\/andalucia\/sevi-ninos-andalucia-acceden-porno-internet-desde-ocho-anos-202010030826_noticia.html&amp;ct=ga&amp;cd=CAEYAyoUMTQ2OTczMzQyNjM5OTY0MjQxMjUyGWMwMzcyZWJjMmZlYWRhNTk6ZXM6ZXM6RVM&amp;usg=AFQjCNFc8QqTCFyFCDvt7nck0NbOp5YdPg\">Los ni\u00f1os de Andaluc\u00eda acceden a porno en Internet desde los ocho a\u00f1os <\/a>&#8211; abcdesevilla.es<\/p>\n<p><a href=\"https:\/\/www.mujeremprendedora.net\/madre-coraje-aacid-apoyan-dos-distritos-mozambique-materia-genero\/\">Madre Coraje y la AACID apoyan a dos distritos de Mozambique en materia de g\u00e9nero<\/a> \u2013 Mujeremprendedora.net<\/p>\n<p><a href=\"https:\/\/www.eldiario.es\/andalucia\/desdeelsur\/muerte-ruth-bader-ginsburg-duelo-representaba_132_6261867.html\">La muerte de Ruth Bader Ginsburg y el duelo por lo que para muchos representaba<\/a> \u2013eldiario.es<strong>\u00a0<\/strong><\/p>\n<p><strong>Violencias<\/strong><\/p>\n<p><a href=\"https:\/\/www.google.com\/url?rct=j&amp;sa=t&amp;url=https:\/\/www.iustel.com\/diario_del_derecho\/noticia.asp%3Fref_iustel%3D1203071&amp;ct=ga&amp;cd=CAEYASoUMTE0MzY3NDc0OTQwNjQ3NzAzNTkyGWMwMzcyZWJjMmZlYWRhNTk6ZXM6ZXM6RVM&amp;usg=AFQjCNGMawOYfzSD_5C1Jq_VNGlZ443SMA\">Estrategia Andaluza para la Lucha Contra la Trata de Mujeres y Ni\u00f1as con fines de explotaci\u00f3n &#8230; <\/a>&#8211; Iustel<\/p>\n<p><strong>Ciencia y Cultura<\/strong><\/p>\n<p><a href=\"https:\/\/www.google.com\/url?rct=j&amp;sa=t&amp;url=https:\/\/www.aulamagna.com.es\/emprendimiento-femenino-universidad-sevilla\/&amp;ct=ga&amp;cd=CAEYAioUMTE0MzY3NDc0OTQwNjQ3NzAzNTkyGWMwMzcyZWJjMmZlYWRhNTk6ZXM6ZXM6RVM&amp;usg=AFQjCNGIDw8_t7b5grkegLTJ_aaUP-Dnzg\">Emprendimiento femenino nacido en el seno de la US <\/a>&#8211; Aula Magna<\/p>\n<p><a href=\"https:\/\/www.google.com\/url?rct=j&amp;sa=t&amp;url=https:\/\/www.diariojaen.es\/cultura\/un-trabajo-sobre-la-administracion-femenina-del-hogar-y-bienes-en-el-antiguo-regimen-obtiene-el-premio-cazaban-2020-KH7485914&amp;ct=ga&amp;cd=CAEYACoUMTU3NDkyNjI3NDY4MzYyMTcyNDkyGWMwMzcyZWJjMmZlYWRhNTk6ZXM6ZXM6RVM&amp;usg=AFQjCNFd75S7Al1oTFl6Ocg6Cd3ZDHUwag\">Un trabajo sobre la administraci\u00f3n femenina del hogar y bienes en el Antiguo R\u00e9gimen obtiene el &#8230; <\/a>&#8211; Diario Ja\u00e9n<\/p>\n<p><a href=\"https:\/\/www.google.com\/url?rct=j&amp;sa=t&amp;url=https:\/\/www.montilladigital.com\/2020\/10\/la-artista-marta-campos-muestra-lo.html&amp;ct=ga&amp;cd=CAEYACoTMTQ4OTE5MjI3Nzk5MTM2MDYyNjIZNDViMWU5ODI4YmVhNzJhOTplczplczpFUw&amp;usg=AFQjCNFgH2xfYGNpNnJHFR1PcLuZS8aOXQ\">La artista Marta Campos muestra &#8216;Lo Invisible&#8217; de la naturaleza con una exposici\u00f3n en Taberna &#8230;- <\/a>Montilla Digital<\/p>\n<p><a href=\"https:\/\/www.google.com\/url?rct=j&amp;sa=t&amp;url=https:\/\/cordopolis.es\/2020\/10\/04\/maria-leon-se-mete-en-la-piel-de-yerma-en-una-actualizacion-feminista-de-la-obra-de-lorca\/&amp;ct=ga&amp;cd=CAEYBSoUMTMwMDI0NjA1MzY0MDQ5ODExODQyGWMwMzcyZWJjMmZlYWRhNTk6ZXM6ZXM6RVM&amp;usg=AFQjCNFu5GpkgVyIShFv1Oy0MydFYNsfFA\">Mar\u00eda Le\u00f3n se mete en la piel de Yerma en una actualizaci\u00f3n feminista de la obra de Lorca <\/a>&#8211; Cord\u00f3polis<\/p>\n<p><strong>Deporte<\/strong><\/p>\n<p><a href=\"https:\/\/ten-golf.com\/es\/grandes-circuitos\/ladies-european-tour\/la-costa-del-sol-destino-prioritario-para-las-mejores-golfistas-del-mundo-tengolf\/\">La Costa del Sol, destino prioritario para las mejores golfistas \u2013Ten-Golf<\/a><\/p>\n<p><a href=\"https:\/\/www.thechampionsvoice.com\/cristina-gutierrez-buscara-plaza-para-el-dakar-2021-en-andalucia-junto-a-carlos-sainz-y-peterhansel\/\">Cristina Guti\u00e9rrez buscar\u00e1 plaza para el Dakar 2021 en &#8230;- The Champions Voice<\/a><\/p>\n<p>[\/toggle]<\/p>\n<p>[toggle type=\u00bbfirst\u00bb title=\u00bbEstado\u00bb]<\/p>\n<p><strong>Institucional<\/strong><\/p>\n<p><a href=\"https:\/\/www.eldiario.es\/economia\/presidenta-cnmc-ve-preocupacion-fomento-campeones-nacionales_1_6268756.html\">La presidenta de la CNMC ve \u201ccon preocupaci\u00f3n\u201d el fomento de los \u201ccampeones nacionales\u201d<\/a>-eldiario.es<strong>\u00a0<\/strong><\/p>\n<p><strong>Institucional-CCAA<\/strong><\/p>\n<p><a href=\"https:\/\/www.google.com\/url?rct=j&amp;sa=t&amp;url=https:\/\/objetivocastillalamancha.es\/contenidos\/gobierno-regional-da-cuenta-actuacion-materia-igualdad-violencia-genero-realizada-2019-durante-pandemia&amp;ct=ga&amp;cd=CAEYAyoUMTIyMjE5MTc3NDQwOTE1ODc0MTkyGWUxZTc3ZDE1NjA5OGE4ZTM6ZXM6ZXM6RVM&amp;usg=AFQjCNECQP6lz8UkJ6et_BcdErK5jaTQ-Q\">El Gobierno regional da cuenta de la actuaci\u00f3n en materia de igualdad y contra la violencia de &#8230; <\/a>&#8211; Objetivo Castilla-La Mancha Noticias<\/p>\n<p><a href=\"https:\/\/www.google.com\/url?rct=j&amp;sa=t&amp;url=https:\/\/www.eldiario.es\/canariasahora\/lapalmaahora\/sociedad\/voz-muje-r-sonara-fuerza-mes-octubre-palma_1_6265178.html&amp;ct=ga&amp;cd=CAEYACoTOTczNTY0NzA4MDQ5MjYzMDk2MDIZYzAzNzJlYmMyZmVhZGE1OTplczplczpFUw&amp;usg=AFQjCNGh8M42BhLCLm-N5XW5_iOhp26JvQ\">&#8216;La voz de la mujer&#8217; sonar\u00e1 con fuerza el mes de octubre en La Palma <\/a>&#8211; <a href=\"http:\/\/eldiario.es\">eldiario.es<\/a><\/p>\n<p><a href=\"https:\/\/www.google.com\/url?rct=j&amp;sa=t&amp;url=https:\/\/www.moncloa.com\/canarias-organiza-jornadas-gordofobia-violencia-estetica\/&amp;ct=ga&amp;cd=CAEYACoTNTU2ODIxNjY2NDk0ODMyNzI0NjIZYzAzNzJlYmMyZmVhZGE1OTplczplczpFUw&amp;usg=AFQjCNFy0IRd8zRWJaxj9x8mAT36fF_GFA\">Canarias organiza unas jornadas sobre la gordofobia y la violencia est\u00e9tica contra las mujeres <\/a>&#8211; Moncloa.com<\/p>\n<p><a href=\"https:\/\/www.google.com\/url?rct=j&amp;sa=t&amp;url=https:\/\/www.europapress.es\/castilla-lamancha\/noticia-ayudas-frente-covid-mujeres-victimas-explotacion-sexual-lm-llegan-235-mujeres-20201003111556.html&amp;ct=ga&amp;cd=CAEYACoUMTYyOTA4NTM3MjQ5MjI3NDQ1OTMyGWMwMzcyZWJjMmZlYWRhNTk6ZXM6ZXM6RVM&amp;usg=AFQjCNGuOTH90hoDflRHuUD4GifWIBl3IQ\">Las ayudas frente al COVID para mujeres v\u00edctimas de explotaci\u00f3n sexual en C-LM llegan a 235 &#8230; <\/a>&#8211; Europa Press<\/p>\n<p><a href=\"https:\/\/www.google.com\/url?rct=j&amp;sa=t&amp;url=https:\/\/www.elcomercio.es\/aviles\/cuidados-sigan-recayendo-20201004000449-ntvo.html&amp;ct=ga&amp;cd=CAEYACoUMTMwMDI0NjA1MzY0MDQ5ODExODQyGWMwMzcyZWJjMmZlYWRhNTk6ZXM6ZXM6RVM&amp;usg=AFQjCNHGmu1bgCHvmaVN1YpF1usecsj8Nw\">\u00abQue los cuidados sigan recayendo en las mujeres lastra el futuro de la regi\u00f3n\u00bb <\/a>&#8211; El Comercio Digital (Asturias)<\/p>\n<p><a href=\"https:\/\/www.google.com\/url?rct=j&amp;sa=t&amp;url=https:\/\/www.lne.es\/gijon\/2020\/10\/04\/coloquio-mujer-africana-organizado-late\/2690960.html&amp;ct=ga&amp;cd=CAEYAyoUMTMwMDI0NjA1MzY0MDQ5ODExODQyGWMwMzcyZWJjMmZlYWRhNTk6ZXM6ZXM6RVM&amp;usg=AFQjCNFKq55xkko6pnveaHbjzKuaSeqpaA\">Coloquio sobre la mujer africana organizado por LATE Asturias <\/a>&#8211; La Nueva Espa\u00f1a<\/p>\n<p><strong>Econom\u00eda y Empresas<\/strong><\/p>\n<p><a href=\"https:\/\/www.google.com\/url?rct=j&amp;sa=t&amp;url=https:\/\/www.20minutos.es\/noticia\/4405613\/0\/fedepe-impulsa-el-emprendimiento-femenino-en-la-rioja-como-respuesta-a-la-crisis\/&amp;ct=ga&amp;cd=CAEYACoUMTEyMDc5NzI2NTI4NDY5NTUyNjUyGWUxZTc3ZDE1NjA5OGE4ZTM6ZXM6ZXM6RVM&amp;usg=AFQjCNF5hVuNf-ltBQNBf_Tdd4zYxR02LQ\">Fedepe impulsa el emprendimiento femenino en La Rioja como respuesta a la crisis <\/a>&#8211; 20minutos<\/p>\n<p><a href=\"https:\/\/www.google.com\/url?rct=j&amp;sa=t&amp;url=https:\/\/m.europapress.es\/sociedad\/noticia-claves-impulsar-economia-social-solidaria-20201003140332.html&amp;ct=ga&amp;cd=CAEYACoTMjAxMzk1OTM3OTE2MjAwNjk3NTIbOTE4ODU3Y2Q2MGY5Nzc0ODplczplczpFUzpM&amp;usg=AFQjCNEbjNogySFafXwrQV-zHvdpZPY2Vg\">Claves para impulsar la econom\u00eda social y solidaria <\/a>&#8211; Europa Press<\/p>\n<p><a href=\"https:\/\/www.mujeremprendedora.net\/adecco-aemener-promocionan-mujer-sector-energetico\/\">Adecco y AEMENER promocionan a la mujer en el sector energ\u00e9tico<\/a> \u2013 Mujeremprendedora.net<strong>\u00a0<\/strong><\/p>\n<p><strong>Actualidad<\/strong><\/p>\n<p><a href=\"https:\/\/www.google.com\/url?rct=j&amp;sa=t&amp;url=https:\/\/www.eldiario.es\/sociedad\/ana-lopez-navajas-vision-mundo-traslada-escuela-mujeres-no-aparecen_128_6264659.html&amp;ct=ga&amp;cd=CAEYACoUMTU1OTYyNDM3MjMyNTA0NTg4MDYyGWMwMzcyZWJjMmZlYWRhNTk6ZXM6ZXM6RVM&amp;usg=AFQjCNGOKQyf6FJM_fCJypOohgGGfAX8Uw\">Ana L\u00f3pez Navajas, fil\u00f3loga e investigadora: \u00abTenemos una visi\u00f3n del mundo que se nos traslada desde la escuela donde &#8230; <\/a>&#8211; eldiario.es<\/p>\n<p><a href=\"https:\/\/www.google.com\/url?rct=j&amp;sa=t&amp;url=https:\/\/www.bebesymas.com\/fertilidad\/bebes-nacidos-mediante-tecnicas-reproduccion-suponen-9-nacimientos-nuestro-pais&amp;ct=ga&amp;cd=CAEYASoUMTU3NDkyNjI3NDY4MzYyMTcyNDkyGWMwMzcyZWJjMmZlYWRhNTk6ZXM6ZXM6RVM&amp;usg=AFQjCNE9rsbYay5itrtKm36biQ_x-wu-xQ\">Los beb\u00e9s nacidos mediante t\u00e9cnicas de reproducci\u00f3n asistida ya suponen el 9% del total de &#8230; <\/a>-Beb\u00e9s y m\u00e1s<\/p>\n<p><a href=\"https:\/\/www.google.com\/url?rct=j&amp;sa=t&amp;url=https:\/\/www.infosalus.com\/mujer\/noticia-tratamiento-tejido-mamario-anormal-cirugia-radioterapia-reduce-riesgo-cancer-20201003161736.html&amp;ct=ga&amp;cd=CAEYACoUMTM5ODQ2MjI5NjgwMzY5MTczNDgyGWMwMzcyZWJjMmZlYWRhNTk6ZXM6ZXM6RVM&amp;usg=AFQjCNGX3eGprnw1ncUlQivqN53tPwKoFg\">El tratamiento del tejido mamario anormal con cirug\u00eda y radioterapia reduce el riesgo de c\u00e1ncer <\/a>-infosalus.com<\/p>\n<p><strong>Violencias<\/strong><\/p>\n<p><a href=\"https:\/\/www.google.com\/url?rct=j&amp;sa=t&amp;url=https:\/\/www.publico.es\/sociedad\/violencia-economica-dinero-arma-control-machista.html&amp;ct=ga&amp;cd=CAEYACoTNDgyNjY2NjI5MzU2MzI1NDIwNzIZYzAzNzJlYmMyZmVhZGE1OTplczplczpFUw&amp;usg=AFQjCNEtT93FAGab39rde1oJ7g_ZLBiHxA\">Violencia econ\u00f3mica: cuando el dinero se usa como un arma de control machista- <\/a>P\u00fablico<\/p>\n<p><a href=\"https:\/\/www.google.com\/url?rct=j&amp;sa=t&amp;url=https:\/\/www.20minutos.es\/noticia\/4404925\/0\/violencia-machista-adolescente-control-abusivo-insultos-aislamiento\/&amp;ct=ga&amp;cd=CAEYACoTNDMyNTg5ODUzMzk4MDM0ODMxNDIZZTFlNzdkMTU2MDk4YThlMzplczplczpFUw&amp;usg=AFQjCNGUVPbFgOg3yIqdhGKBYUNM4OqzNQ\">Violencia machista adolescente: control abusivo, insultos y aislamiento <\/a>&#8211; 20minutos<\/p>\n<p><a href=\"https:\/\/www.google.com\/url?rct=j&amp;sa=t&amp;url=https:\/\/www.efeminista.com\/rosa-cobo-pornografia-libro-violencia-sexual\/&amp;ct=ga&amp;cd=CAEYACoUMTA3NDY1ODk3NDY1NzIwMTA3MDMyGWUxZTc3ZDE1NjA5OGE4ZTM6ZXM6ZXM6RVM&amp;usg=AFQjCNFce0U87-JuN2deaImBAY1MnFo9pg\">Rosa Cobo: La pornograf\u00eda legitima la violencia sexual- <\/a>Agencia EFE<strong>\u00a0<\/strong><\/p>\n<p><strong>Ciencia y Cultura<\/strong><\/p>\n<p><a href=\"https:\/\/www.google.com\/url?rct=j&amp;sa=t&amp;url=https:\/\/www.elespanol.com\/quincemil\/articulos\/cultura\/la-gallega-angeles-alvarino-una-de-las-mas-prestigiosas-cientificas-del-siglo-xx-2&amp;ct=ga&amp;cd=CAEYBioUMTMwMDI0NjA1MzY0MDQ5ODExODQyGWMwMzcyZWJjMmZlYWRhNTk6ZXM6ZXM6RVM&amp;usg=AFQjCNE9bLwhLV3E8Q42etDGMTDPhMP9oQ\">La gallega \u00c1ngeles Alvari\u00f1o, una de las m\u00e1s prestigiosas cient\u00edficas del siglo XX <\/a>&#8211; El Espa\u00f1ol<\/p>\n<p><a href=\"https:\/\/www.google.com\/url?rct=j&amp;sa=t&amp;url=https:\/\/elpais.com\/cultura\/2020\/10\/02\/babelia\/1601657509_960131.html&amp;ct=ga&amp;cd=CAEYASoSNTk2ODMyNTE1NTQxMDcwNjg0MhljMDM3MmViYzJmZWFkYTU5OmVzOmVzOkVT&amp;usg=AFQjCNHTknPGa6GcL9Z-rZRWC1EP8ZVoMg\">Elena Medel: \u201c\u00bfQu\u00e9 quieren los j\u00f3venes? Llegar a fin de mes\u201d <\/a>\u2013 El Pa\u00eds<\/p>\n<p><a href=\"https:\/\/www.noticiasdenavarra.com\/cultura\/2020\/10\/04\/cara-buena-gente-dan-mala\/1083533.html\">Llum Barrera: \u00abPor la cara de buena gente que tengo, no me &#8230;-Diario de Navarra<\/a><\/p>\n<p><a href=\"https:\/\/www.eldiariomontanes.es\/dmusica\/entrevistas\/acepta-20201005120008-nt.html\">\u00abA nosotras no se nos acepta tal como somos\u00bb &#8211; Diario Monta\u00f1\u00e9s<\/a><strong>\u00a0<\/strong><\/p>\n<p><strong>Deporte<\/strong><\/p>\n<p><a href=\"https:\/\/www.informacion.es\/deportes\/2020\/10\/04\/barcelona-golea-primer-clasico-femenino-15421337.html\">El Barcelona golea en el primer cl\u00e1sico femenino-informaci\u00f3n.com<\/a><\/p>\n<p><a href=\"https:\/\/www.clm24.es\/articulo\/deportes\/karate-competicion-sandra-sanchez-protagoniza-guadalajara-vuelta-karate-femenino\/20201004230134294959.html\">Sandra S\u00e1nchez protagoniza en Guadalajara la vuelta del Karate femenino.. \u2013CLM24<\/a><\/p>\n<p>[\/toggle]<\/p>\n<p>[toggle type=\u00bbfirst\u00bb title=\u00bbInternacional\u00bb]<\/p>\n<p><a href=\"https:\/\/www.mujeremprendedora.net\/estados-upm-aprueban-mecanismo-regional-supervisar-progresos-igualdad-genero\/\">Los Estados de la UpM aprueban mecanismo regional para supervisar progresos en igualdad de g\u00e9nero<\/a> \u2013 Mujeremprendedora.net<\/p>\n<p><a href=\"https:\/\/www.google.com\/url?rct=j&amp;sa=t&amp;url=https:\/\/www.eleconomista.com.mx\/economia\/El-presupuesto-para-mujeres-en-2021-no-es-exclusivo-para-mujeres-y-eso-preocupa-20201004-0003.html&amp;ct=ga&amp;cd=CAEYBCoTMjEyNjkzMzgyODQ3MTE5ODM5MjIZYzAzNzJlYmMyZmVhZGE1OTplczplczpFUw&amp;usg=AFQjCNH706dOFwhzY_eefw4x5QW210O-Vw\">El presupuesto para mujeres en 2021 no es exclusivo para mujeres\u2026 y eso preocupa <\/a>&#8211; El Economista<\/p>\n<p><a href=\"https:\/\/www.google.com\/url?rct=j&amp;sa=t&amp;url=https:\/\/www.lavanguardia.com\/vida\/20201003\/483823920284\/el-feminismo-en-francia-alza-la-voz-contra-el-acoso-callejero.html&amp;ct=ga&amp;cd=CAEYASoTOTk2NjcxMzY2OTc3MzYwOTUyNDIZYzAzNzJlYmMyZmVhZGE1OTplczplczpFUw&amp;usg=AFQjCNEy-kIVFHiIUyp4VPSchd7Odk5s6w\">El feminismo en Francia alza la voz contra el acoso callejero <\/a>&#8211; La Vanguardia<\/p>\n<p><a href=\"https:\/\/www.eldiario.es\/internacional\/theguardian\/violencia-racista-aumenta-portugal-extrema-derecha-avanza_1_6252106.html\">La violencia racista aumenta en Portugal mientras la extrema derecha avanza<\/a>&#8211;<a href=\"http:\/\/eldiario.es\">eldiario.es<\/a><\/p>\n<p><a href=\"https:\/\/elpais.com\/mexico\/2020-10-03\/la-mecha-del-feminismo-enciende-mexico.html\">La mecha del feminismo enciende M\u00e9xico<\/a> \u2013 El Pa\u00eds<\/p>\n<p><a href=\"https:\/\/www.google.com\/url?rct=j&amp;sa=t&amp;url=https:\/\/www.cnnchile.com\/economia\/en-que-afecta-ine-suspenda-encuesta-nacional-uso-tiempo_20201001\/&amp;ct=ga&amp;cd=CAEYBCoUMTAwNTM3MTIwMDMyNjYxNzIxMTUyGWMwMzcyZWJjMmZlYWRhNTk6ZXM6ZXM6RVM&amp;usg=AFQjCNFn7NyD9UCaSlfvdYotXqSonak-2Q\">INE descarta Encuesta Nacional de Uso del Tiempo 2020: \u00bfEn qu\u00e9 afecta su suspensi\u00f3n? <\/a>&#8211; CNN Chile<\/p>\n<p><a href=\"https:\/\/www.google.com\/url?rct=j&amp;sa=t&amp;url=https:\/\/www.elespanol.com\/mujer\/actualidad\/20201003\/leggins-blusas-prohibicion-machista-expedicion-artico-denunciarse\/524448755_0.html&amp;ct=ga&amp;cd=CAEYACoTNzQyNzQ5NzYzMDQ3MDk3MTYyNDIZYzAzNzJlYmMyZmVhZGE1OTplczplczpFUw&amp;usg=AFQjCNFyt8A2eakCUufhTRroPudEi-ud6A\">\u00abNi leggins ni blusas\u00bb: la prohibici\u00f3n machista en una expedici\u00f3n al \u00c1rtico al denunciarse acoso &#8230; <\/a>&#8211; El Espa\u00f1ol<\/p>\n<p><a href=\"https:\/\/www.google.com\/url?rct=j&amp;sa=t&amp;url=https:\/\/www.infobae.com\/america\/colombia\/2020\/10\/04\/el-poema-es-como-una-sabana-para-tapar-muchas-cosas-maria-paz-guerrero-en-el-dia-nacional-del-poeta\/&amp;ct=ga&amp;cd=CAEYASoTMjE1NjIzODQ1NTg5MzE4NTE3NDIZYzAzNzJlYmMyZmVhZGE1OTplczplczpFUw&amp;usg=AFQjCNFupXJAw3vVzKlIzRHvLKl3p85ieA\">\u201cEl poema es como una s\u00e1bana para tapar muchas cosas:\u201d: Mar\u00eda Paz Guerrero en el D\u00eda &#8230; <\/a>&#8211; infobae Am\u00e9rica<\/p>\n<p><a href=\"https:\/\/www.google.com\/url?rct=j&amp;sa=t&amp;url=https:\/\/www.rfi.fr\/es\/20201004-en-los-comites-del-nobel-las-mujeres-escasean&amp;ct=ga&amp;cd=CAEYACoTMjEyNzExMjcwMDM1ODQ0MTA5MjIZYzAzNzJlYmMyZmVhZGE1OTplczplczpFUw&amp;usg=AFQjCNHUNS8y6LD3pvZHbaM1hf1Bj96B4A\">En los comit\u00e9s del Nobel, las mujeres escasean <\/a>&#8211; RFI<\/p>\n<p><a href=\"https:\/\/www.google.com\/url?rct=j&amp;sa=t&amp;url=https:\/\/www.rtve.es\/noticias\/20201004\/janis-joplin-perla-rebelde-cambio-papel-mujer-rock\/2043533.shtml&amp;ct=ga&amp;cd=CAEYAioUMTMwMDI0NjA1MzY0MDQ5ODExODQyGWMwMzcyZWJjMmZlYWRhNTk6ZXM6ZXM6RVM&amp;usg=AFQjCNG1RRnU7tkvxiqb7poyT4QCEM_2YA\">Janis Joplin, la &#8216;perla&#8217; rebelde que cambi\u00f3 el papel de la mujer en el rock <\/a>&#8211; Rtve<\/p>\n<p>[\/toggle]<\/p>\n<\/div>\n<\/div>\n<\/div>\n<\/div>\n<\/div>\n<\/div>\n","protected":false},"excerpt":{"rendered":"<p>Los Estados UpM aprueban mecanismo para supervisar progresos en igualdad <a href=\"https:\/\/cklcomunicaciones.es\/coop\/noticias-info-ckl-no-2-501-05-10-20\/\">[&#8230;]<\/a><\/p>\n","protected":false},"author":3,"featured_media":0,"comment_status":"closed","ping_status":"closed","sticky":false,"template":"","format":"standard","meta":{"footnotes":""},"categories":[298,623],"tags":[103,213,219],"class_list":["post-15084","post","type-post","status-publish","format-standard","hentry","category-newsletter","category-nwl-2-0","tag-ckl","tag-comunicacion-inclusiva","tag-perspectiva-de-genero"],"yoast_head":"<!-- This site is optimized with the Yoast SEO plugin v27.5 - https:\/\/yoast.com\/product\/yoast-seo-wordpress\/ -->\n<title>Noticias Info CKL n\u00ba 2.501-05\/10\/20-Comunicar con perspectiva de g\u00e9nero<\/title>\n<meta name=\"description\" content=\"Comunicar con perspectiva de g\u00e9nero: Estados UpM aprueban mecanismo para supervisar progresos en igualdad de g\u00e9nero-La mujer gana terreno en Fruit Attraction\" \/>\n<meta name=\"robots\" content=\"index, follow, max-snippet:-1, max-image-preview:large, max-video-preview:-1\" \/>\n<link rel=\"canonical\" href=\"https:\/\/cklcomunicaciones.es\/coop\/noticias-info-ckl-no-2-501-05-10-20\/\" \/>\n<meta property=\"og:locale\" content=\"es_ES\" \/>\n<meta property=\"og:type\" content=\"article\" \/>\n<meta property=\"og:title\" content=\"Noticias Info CKL n\u00ba 2.501-05\/10\/20-Comunicar con perspectiva de g\u00e9nero\" \/>\n<meta property=\"og:description\" content=\"Comunicar con perspectiva de g\u00e9nero: Estados UpM aprueban mecanismo para supervisar progresos en igualdad de g\u00e9nero-La mujer gana terreno en Fruit Attraction\" \/>\n<meta property=\"og:url\" content=\"https:\/\/cklcomunicaciones.es\/coop\/noticias-info-ckl-no-2-501-05-10-20\/\" \/>\n<meta property=\"og:site_name\" content=\"CKL Comunicaciones\" \/>\n<meta property=\"article:published_time\" content=\"2020-10-05T13:15:36+00:00\" \/>\n<meta property=\"article:modified_time\" content=\"2025-01-17T15:47:29+00:00\" \/>\n<meta property=\"og:image\" content=\"https:\/\/cklcomunicaciones.es\/coop\/wp-content\/uploads\/2018\/03\/CKL_comunicacion-con-perspetiva-de-genero.jpg\" \/>\n\t<meta property=\"og:image:width\" content=\"500\" \/>\n\t<meta property=\"og:image:height\" content=\"500\" \/>\n\t<meta property=\"og:image:type\" content=\"image\/jpeg\" \/>\n<meta name=\"author\" content=\"ckl\" \/>\n<meta name=\"twitter:card\" content=\"summary_large_image\" \/>\n<meta name=\"twitter:label1\" content=\"Escrito por\" \/>\n\t<meta name=\"twitter:data1\" content=\"ckl\" \/>\n\t<meta name=\"twitter:label2\" content=\"Tiempo de lectura\" \/>\n\t<meta name=\"twitter:data2\" content=\"5 minutos\" \/>\n<script type=\"application\/ld+json\" class=\"yoast-schema-graph\">{\"@context\":\"https:\\\/\\\/schema.org\",\"@graph\":[{\"@type\":\"Article\",\"@id\":\"https:\\\/\\\/cklcomunicaciones.es\\\/coop\\\/noticias-info-ckl-no-2-501-05-10-20\\\/#article\",\"isPartOf\":{\"@id\":\"https:\\\/\\\/cklcomunicaciones.es\\\/coop\\\/noticias-info-ckl-no-2-501-05-10-20\\\/\"},\"author\":{\"name\":\"ckl\",\"@id\":\"https:\\\/\\\/cklcomunicaciones.es\\\/coop\\\/#\\\/schema\\\/person\\\/929a6837f7626450bbb50cee1aef266e\"},\"headline\":\"Noticias Info CKL n\u00ba 2.501-05\\\/10\\\/20\",\"datePublished\":\"2020-10-05T13:15:36+00:00\",\"dateModified\":\"2025-01-17T15:47:29+00:00\",\"mainEntityOfPage\":{\"@id\":\"https:\\\/\\\/cklcomunicaciones.es\\\/coop\\\/noticias-info-ckl-no-2-501-05-10-20\\\/\"},\"wordCount\":991,\"image\":{\"@id\":\"https:\\\/\\\/cklcomunicaciones.es\\\/coop\\\/noticias-info-ckl-no-2-501-05-10-20\\\/#primaryimage\"},\"thumbnailUrl\":\"http:\\\/\\\/www.cklcomunicaciones.es\\\/wp-content\\\/uploads\\\/2018\\\/03\\\/CKL_comunicacion-con-perspetiva-de-genero-300x300.jpg\",\"keywords\":[\"CKL\",\"comunicaci\u00f3n inclusiva\",\"perspectiva de g\u00e9nero\"],\"articleSection\":[\"Newsletter\",\"Nwl v2.0\"],\"inLanguage\":\"es\"},{\"@type\":\"WebPage\",\"@id\":\"https:\\\/\\\/cklcomunicaciones.es\\\/coop\\\/noticias-info-ckl-no-2-501-05-10-20\\\/\",\"url\":\"https:\\\/\\\/cklcomunicaciones.es\\\/coop\\\/noticias-info-ckl-no-2-501-05-10-20\\\/\",\"name\":\"Noticias Info CKL n\u00ba 2.501-05\\\/10\\\/20-Comunicar con perspectiva de g\u00e9nero\",\"isPartOf\":{\"@id\":\"https:\\\/\\\/cklcomunicaciones.es\\\/coop\\\/#website\"},\"primaryImageOfPage\":{\"@id\":\"https:\\\/\\\/cklcomunicaciones.es\\\/coop\\\/noticias-info-ckl-no-2-501-05-10-20\\\/#primaryimage\"},\"image\":{\"@id\":\"https:\\\/\\\/cklcomunicaciones.es\\\/coop\\\/noticias-info-ckl-no-2-501-05-10-20\\\/#primaryimage\"},\"thumbnailUrl\":\"http:\\\/\\\/www.cklcomunicaciones.es\\\/wp-content\\\/uploads\\\/2018\\\/03\\\/CKL_comunicacion-con-perspetiva-de-genero-300x300.jpg\",\"datePublished\":\"2020-10-05T13:15:36+00:00\",\"dateModified\":\"2025-01-17T15:47:29+00:00\",\"author\":{\"@id\":\"https:\\\/\\\/cklcomunicaciones.es\\\/coop\\\/#\\\/schema\\\/person\\\/929a6837f7626450bbb50cee1aef266e\"},\"description\":\"Comunicar con perspectiva de g\u00e9nero: Estados UpM aprueban mecanismo para supervisar progresos en igualdad de g\u00e9nero-La mujer gana terreno en Fruit Attraction\",\"breadcrumb\":{\"@id\":\"https:\\\/\\\/cklcomunicaciones.es\\\/coop\\\/noticias-info-ckl-no-2-501-05-10-20\\\/#breadcrumb\"},\"inLanguage\":\"es\",\"potentialAction\":[{\"@type\":\"ReadAction\",\"target\":[\"https:\\\/\\\/cklcomunicaciones.es\\\/coop\\\/noticias-info-ckl-no-2-501-05-10-20\\\/\"]}]},{\"@type\":\"ImageObject\",\"inLanguage\":\"es\",\"@id\":\"https:\\\/\\\/cklcomunicaciones.es\\\/coop\\\/noticias-info-ckl-no-2-501-05-10-20\\\/#primaryimage\",\"url\":\"http:\\\/\\\/www.cklcomunicaciones.es\\\/wp-content\\\/uploads\\\/2018\\\/03\\\/CKL_comunicacion-con-perspetiva-de-genero-300x300.jpg\",\"contentUrl\":\"http:\\\/\\\/www.cklcomunicaciones.es\\\/wp-content\\\/uploads\\\/2018\\\/03\\\/CKL_comunicacion-con-perspetiva-de-genero-300x300.jpg\"},{\"@type\":\"BreadcrumbList\",\"@id\":\"https:\\\/\\\/cklcomunicaciones.es\\\/coop\\\/noticias-info-ckl-no-2-501-05-10-20\\\/#breadcrumb\",\"itemListElement\":[{\"@type\":\"ListItem\",\"position\":1,\"name\":\"Portada\",\"item\":\"https:\\\/\\\/cklcomunicaciones.es\\\/coop\\\/\"},{\"@type\":\"ListItem\",\"position\":2,\"name\":\"Noticias Info CKL n\u00ba 2.501-05\\\/10\\\/20\"}]},{\"@type\":\"WebSite\",\"@id\":\"https:\\\/\\\/cklcomunicaciones.es\\\/coop\\\/#website\",\"url\":\"https:\\\/\\\/cklcomunicaciones.es\\\/coop\\\/\",\"name\":\"CKL Comunicaciones\",\"description\":\"Sitio web de CKL Comunicaciones coop , la consultora de comunicaci\u00f3n y estrategia\",\"potentialAction\":[{\"@type\":\"SearchAction\",\"target\":{\"@type\":\"EntryPoint\",\"urlTemplate\":\"https:\\\/\\\/cklcomunicaciones.es\\\/coop\\\/?s={search_term_string}\"},\"query-input\":{\"@type\":\"PropertyValueSpecification\",\"valueRequired\":true,\"valueName\":\"search_term_string\"}}],\"inLanguage\":\"es\"},{\"@type\":\"Person\",\"@id\":\"https:\\\/\\\/cklcomunicaciones.es\\\/coop\\\/#\\\/schema\\\/person\\\/929a6837f7626450bbb50cee1aef266e\",\"name\":\"ckl\",\"image\":{\"@type\":\"ImageObject\",\"inLanguage\":\"es\",\"@id\":\"https:\\\/\\\/secure.gravatar.com\\\/avatar\\\/c82db564e8a669bf6023357a157b9dc4780f4d4c618f2ad1d71a6a5dede45057?s=96&d=mm&r=g\",\"url\":\"https:\\\/\\\/secure.gravatar.com\\\/avatar\\\/c82db564e8a669bf6023357a157b9dc4780f4d4c618f2ad1d71a6a5dede45057?s=96&d=mm&r=g\",\"contentUrl\":\"https:\\\/\\\/secure.gravatar.com\\\/avatar\\\/c82db564e8a669bf6023357a157b9dc4780f4d4c618f2ad1d71a6a5dede45057?s=96&d=mm&r=g\",\"caption\":\"ckl\"},\"url\":\"https:\\\/\\\/cklcomunicaciones.es\\\/coop\\\/author\\\/cklcomunicaciones\\\/\"}]}<\/script>\n<!-- \/ Yoast SEO plugin. -->","yoast_head_json":{"title":"Noticias Info CKL n\u00ba 2.501-05\/10\/20-Comunicar con perspectiva de g\u00e9nero","description":"Comunicar con perspectiva de g\u00e9nero: Estados UpM aprueban mecanismo para supervisar progresos en igualdad de g\u00e9nero-La mujer gana terreno en Fruit Attraction","robots":{"index":"index","follow":"follow","max-snippet":"max-snippet:-1","max-image-preview":"max-image-preview:large","max-video-preview":"max-video-preview:-1"},"canonical":"https:\/\/cklcomunicaciones.es\/coop\/noticias-info-ckl-no-2-501-05-10-20\/","og_locale":"es_ES","og_type":"article","og_title":"Noticias Info CKL n\u00ba 2.501-05\/10\/20-Comunicar con perspectiva de g\u00e9nero","og_description":"Comunicar con perspectiva de g\u00e9nero: Estados UpM aprueban mecanismo para supervisar progresos en igualdad de g\u00e9nero-La mujer gana terreno en Fruit Attraction","og_url":"https:\/\/cklcomunicaciones.es\/coop\/noticias-info-ckl-no-2-501-05-10-20\/","og_site_name":"CKL Comunicaciones","article_published_time":"2020-10-05T13:15:36+00:00","article_modified_time":"2025-01-17T15:47:29+00:00","og_image":[{"width":500,"height":500,"url":"https:\/\/cklcomunicaciones.es\/coop\/wp-content\/uploads\/2018\/03\/CKL_comunicacion-con-perspetiva-de-genero.jpg","type":"image\/jpeg"}],"author":"ckl","twitter_card":"summary_large_image","twitter_misc":{"Escrito por":"ckl","Tiempo de lectura":"5 minutos"},"schema":{"@context":"https:\/\/schema.org","@graph":[{"@type":"Article","@id":"https:\/\/cklcomunicaciones.es\/coop\/noticias-info-ckl-no-2-501-05-10-20\/#article","isPartOf":{"@id":"https:\/\/cklcomunicaciones.es\/coop\/noticias-info-ckl-no-2-501-05-10-20\/"},"author":{"name":"ckl","@id":"https:\/\/cklcomunicaciones.es\/coop\/#\/schema\/person\/929a6837f7626450bbb50cee1aef266e"},"headline":"Noticias Info CKL n\u00ba 2.501-05\/10\/20","datePublished":"2020-10-05T13:15:36+00:00","dateModified":"2025-01-17T15:47:29+00:00","mainEntityOfPage":{"@id":"https:\/\/cklcomunicaciones.es\/coop\/noticias-info-ckl-no-2-501-05-10-20\/"},"wordCount":991,"image":{"@id":"https:\/\/cklcomunicaciones.es\/coop\/noticias-info-ckl-no-2-501-05-10-20\/#primaryimage"},"thumbnailUrl":"http:\/\/www.cklcomunicaciones.es\/wp-content\/uploads\/2018\/03\/CKL_comunicacion-con-perspetiva-de-genero-300x300.jpg","keywords":["CKL","comunicaci\u00f3n inclusiva","perspectiva de g\u00e9nero"],"articleSection":["Newsletter","Nwl v2.0"],"inLanguage":"es"},{"@type":"WebPage","@id":"https:\/\/cklcomunicaciones.es\/coop\/noticias-info-ckl-no-2-501-05-10-20\/","url":"https:\/\/cklcomunicaciones.es\/coop\/noticias-info-ckl-no-2-501-05-10-20\/","name":"Noticias Info CKL n\u00ba 2.501-05\/10\/20-Comunicar con perspectiva de g\u00e9nero","isPartOf":{"@id":"https:\/\/cklcomunicaciones.es\/coop\/#website"},"primaryImageOfPage":{"@id":"https:\/\/cklcomunicaciones.es\/coop\/noticias-info-ckl-no-2-501-05-10-20\/#primaryimage"},"image":{"@id":"https:\/\/cklcomunicaciones.es\/coop\/noticias-info-ckl-no-2-501-05-10-20\/#primaryimage"},"thumbnailUrl":"http:\/\/www.cklcomunicaciones.es\/wp-content\/uploads\/2018\/03\/CKL_comunicacion-con-perspetiva-de-genero-300x300.jpg","datePublished":"2020-10-05T13:15:36+00:00","dateModified":"2025-01-17T15:47:29+00:00","author":{"@id":"https:\/\/cklcomunicaciones.es\/coop\/#\/schema\/person\/929a6837f7626450bbb50cee1aef266e"},"description":"Comunicar con perspectiva de g\u00e9nero: Estados UpM aprueban mecanismo para supervisar progresos en igualdad de g\u00e9nero-La mujer gana terreno en Fruit Attraction","breadcrumb":{"@id":"https:\/\/cklcomunicaciones.es\/coop\/noticias-info-ckl-no-2-501-05-10-20\/#breadcrumb"},"inLanguage":"es","potentialAction":[{"@type":"ReadAction","target":["https:\/\/cklcomunicaciones.es\/coop\/noticias-info-ckl-no-2-501-05-10-20\/"]}]},{"@type":"ImageObject","inLanguage":"es","@id":"https:\/\/cklcomunicaciones.es\/coop\/noticias-info-ckl-no-2-501-05-10-20\/#primaryimage","url":"http:\/\/www.cklcomunicaciones.es\/wp-content\/uploads\/2018\/03\/CKL_comunicacion-con-perspetiva-de-genero-300x300.jpg","contentUrl":"http:\/\/www.cklcomunicaciones.es\/wp-content\/uploads\/2018\/03\/CKL_comunicacion-con-perspetiva-de-genero-300x300.jpg"},{"@type":"BreadcrumbList","@id":"https:\/\/cklcomunicaciones.es\/coop\/noticias-info-ckl-no-2-501-05-10-20\/#breadcrumb","itemListElement":[{"@type":"ListItem","position":1,"name":"Portada","item":"https:\/\/cklcomunicaciones.es\/coop\/"},{"@type":"ListItem","position":2,"name":"Noticias Info CKL n\u00ba 2.501-05\/10\/20"}]},{"@type":"WebSite","@id":"https:\/\/cklcomunicaciones.es\/coop\/#website","url":"https:\/\/cklcomunicaciones.es\/coop\/","name":"CKL Comunicaciones","description":"Sitio web de CKL Comunicaciones coop , la consultora de comunicaci\u00f3n y estrategia","potentialAction":[{"@type":"SearchAction","target":{"@type":"EntryPoint","urlTemplate":"https:\/\/cklcomunicaciones.es\/coop\/?s={search_term_string}"},"query-input":{"@type":"PropertyValueSpecification","valueRequired":true,"valueName":"search_term_string"}}],"inLanguage":"es"},{"@type":"Person","@id":"https:\/\/cklcomunicaciones.es\/coop\/#\/schema\/person\/929a6837f7626450bbb50cee1aef266e","name":"ckl","image":{"@type":"ImageObject","inLanguage":"es","@id":"https:\/\/secure.gravatar.com\/avatar\/c82db564e8a669bf6023357a157b9dc4780f4d4c618f2ad1d71a6a5dede45057?s=96&d=mm&r=g","url":"https:\/\/secure.gravatar.com\/avatar\/c82db564e8a669bf6023357a157b9dc4780f4d4c618f2ad1d71a6a5dede45057?s=96&d=mm&r=g","contentUrl":"https:\/\/secure.gravatar.com\/avatar\/c82db564e8a669bf6023357a157b9dc4780f4d4c618f2ad1d71a6a5dede45057?s=96&d=mm&r=g","caption":"ckl"},"url":"https:\/\/cklcomunicaciones.es\/coop\/author\/cklcomunicaciones\/"}]}},"_links":{"self":[{"href":"https:\/\/cklcomunicaciones.es\/coop\/wp-json\/wp\/v2\/posts\/15084","targetHints":{"allow":["GET"]}}],"collection":[{"href":"https:\/\/cklcomunicaciones.es\/coop\/wp-json\/wp\/v2\/posts"}],"about":[{"href":"https:\/\/cklcomunicaciones.es\/coop\/wp-json\/wp\/v2\/types\/post"}],"author":[{"embeddable":true,"href":"https:\/\/cklcomunicaciones.es\/coop\/wp-json\/wp\/v2\/users\/3"}],"replies":[{"embeddable":true,"href":"https:\/\/cklcomunicaciones.es\/coop\/wp-json\/wp\/v2\/comments?post=15084"}],"version-history":[{"count":0,"href":"https:\/\/cklcomunicaciones.es\/coop\/wp-json\/wp\/v2\/posts\/15084\/revisions"}],"wp:attachment":[{"href":"https:\/\/cklcomunicaciones.es\/coop\/wp-json\/wp\/v2\/media?parent=15084"}],"wp:term":[{"taxonomy":"category","embeddable":true,"href":"https:\/\/cklcomunicaciones.es\/coop\/wp-json\/wp\/v2\/categories?post=15084"},{"taxonomy":"post_tag","embeddable":true,"href":"https:\/\/cklcomunicaciones.es\/coop\/wp-json\/wp\/v2\/tags?post=15084"}],"curies":[{"name":"wp","href":"https:\/\/api.w.org\/{rel}","templated":true}]}}