{"id":15057,"date":"2020-09-04T14:42:09","date_gmt":"2020-09-04T12:42:09","guid":{"rendered":"http:\/\/www.cklcomunicaciones.es\/?p=15057"},"modified":"2025-01-17T16:47:32","modified_gmt":"2025-01-17T15:47:32","slug":"noticias-info-ckl-no-2-489-04-09-20","status":"publish","type":"post","link":"https:\/\/cklcomunicaciones.es\/coop\/noticias-info-ckl-no-2-489-04-09-20\/","title":{"rendered":"Noticias Info CKL n\u00ba 2.489-04\/09\/20"},"content":{"rendered":"<div id=\"pl-15057\"  class=\"panel-layout\" >\n<div id=\"pg-15057-0\"  class=\"panel-grid panel-no-style\"  data-style=\"{&quot;background_image_attachment&quot;:false,&quot;background_display&quot;:&quot;tile&quot;,&quot;cell_alignment&quot;:&quot;flex-start&quot;}\" >\n<div id=\"pgc-15057-0-0\"  class=\"panel-grid-cell\"  data-weight=\"1\" >\n<div id=\"panel-15057-0-0-0\" class=\"so-panel widget widget_sow-editor panel-first-child panel-last-child\" data-index=\"0\" data-style=\"{&quot;background_image_attachment&quot;:false,&quot;background_display&quot;:&quot;tile&quot;}\" >\n<div class=\"so-widget-sow-editor so-widget-sow-editor-base\">\n<div class=\"siteorigin-widget-tinymce textwidget\">\n<p><img decoding=\"async\" class=\"lazyload  wp-image-13726\" src=\"http:\/\/www.cklcomunicaciones.es\/wp-content\/uploads\/2018\/03\/CKL_comunicacion-con-perspetiva-de-genero-300x300.jpg\" data-orig-src=\"http:\/\/www.cklcomunicaciones.es\/wp-content\/uploads\/2018\/03\/CKL_comunicacion-con-perspetiva-de-genero-300x300.jpg\" alt=\"CKL_comunicacion con perspetiva de genero\" width=\"132\" height=\"132\" srcset=\"data:image\/svg+xml,%3Csvg%20xmlns%3D%27http%3A%2F%2Fwww.w3.org%2F2000%2Fsvg%27%20width%3D%27132%27%20height%3D%27132%27%20viewBox%3D%270%200%20132%20132%27%3E%3Crect%20width%3D%27132%27%20height%3D%27132%27%20fill-opacity%3D%220%22%2F%3E%3C%2Fsvg%3E\" data-srcset=\"https:\/\/cklcomunicaciones.es\/coop\/wp-content\/uploads\/2018\/03\/CKL_comunicacion-con-perspetiva-de-genero-150x150.jpg 150w, https:\/\/cklcomunicaciones.es\/coop\/wp-content\/uploads\/2018\/03\/CKL_comunicacion-con-perspetiva-de-genero-300x300.jpg 300w, https:\/\/cklcomunicaciones.es\/coop\/wp-content\/uploads\/2018\/03\/CKL_comunicacion-con-perspetiva-de-genero-450x450.jpg 450w, https:\/\/cklcomunicaciones.es\/coop\/wp-content\/uploads\/2018\/03\/CKL_comunicacion-con-perspetiva-de-genero.jpg 500w\" data-sizes=\"auto\" data-orig-sizes=\"(max-width: 132px) 100vw, 132px\" \/><\/p>\n<p id=\":3j3\" class=\"hP\" tabindex=\"-1\" data-thread-perm-id=\"thread-f:1676717330963023039\" data-legacy-thread-id=\"1744e58764cac4bf\"><strong>El Banco Central recomend\u00f3 a los bancos mayor paridad de g\u00e9nero-Carmela Troncoso (ingeniera) tras las apps de rastreo de contactos en la lista Fortune-Andaluc\u00eda exige a Montero el cese de los prost\u00edbulos por Ley<\/strong><\/p>\n<p>[toggle type=\u00bbfirst\u00bb title=\u00bbConvocatorias\u00bb]<\/p>\n<ul>\n<li>Evento online: \u2018Women: Moving the energy transition forward\u2019.\u00a0Jueves; 10 de Septiembre 2020. 9.30-10.30h. Organizado por Eurogas. M\u00e1s informaci\u00f3n:<a href=\"https:\/\/linagalvez.eu\/women-moving-energy-transition-forward\/\">https:\/\/linagalvez.eu\/women-moving-energy-transition-forward\/<\/a><\/li>\n<li><a href=\"http:\/\/cepaim.org\/event\/ii-desayuno-practica-la-igualdad-marca-la-diferencia-planes-de-igualdad-y-diversidad-la-implicacion-de-los-hombres-online-mas-adelante\/\">&#8216;II Desayuno: Practica la igualdad, marca la diferencia. Planes de Igualdad y Diversidad: La implicaci\u00f3n de los hombres.<\/a>&#8216; Organiza: Fundaci\u00f3n CEPAIM. 17 de septiembre de 2020 a las 10:00h<\/li>\n<li>Cita INTREPIDA. Marina Duarte explica c\u00f3mo utilizar la fotograf\u00eda como escaparate digital. Fundaci\u00f3n Tres Culturas. M\u00e1s informaci\u00f3n:\u00a0<a href=\"http:\/\/tresculturas.org\/actividad\/cita-intrepida-marina-duarte-explica-como-utilizar-la-fotografia-como-escaparate-digital\/\">http:\/\/tresculturas.org\/actividad\/cita-intrepida-marina-duarte-explica-como-utilizar-la-fotografia-como-escaparate-digital\/<\/a><\/li>\n<li><a href=\"https:\/\/drive.google.com\/file\/d\/1oVBxVUctwPKVLQwTdwpNNVi-2-Abx34G\/view\">Encuentro &#8216;Intervenci\u00f3n social y feminismo&#8217;<\/a>. Organizado por PeriF\u00e9ricas. Inscripci\u00f3n: hasta el 24 de septiembre. Celebraci\u00f3n: 1 y 2 de octubre<\/li>\n<\/ul>\n<p>[\/toggle]<\/p>\n<p>[toggle type=\u00bbfirst\u00bb title=\u00bbComunicaci\u00f3n\u00bb]<\/p>\n<p><a href=\"https:\/\/www.elespanol.com\/cultura\/20200904\/carmen-rigalt-espanol-metian-despreciaban-periodismo-machista\/517949622_0.html\">Carmen Rigalt ficha por El Espa\u00f1ol: \u00abTe met\u00edan mano o te despreciaban, era un periodismo muy machista\u00bb<\/a>&#8211; Elespa\u00f1ol<a href=\"https:\/\/www.google.com\/url?rct=j&amp;sa=t&amp;url=https:\/\/lasillarota.com\/lacaderadeeva\/la-4t-adopta-lenguaje-inclusivo-sin-entenderlo-feministas-feminicidio-paty-olamendi-feminismo-feministas\/431222&amp;ct=ga&amp;cd=CAEYASoTOTcwNTQ5OTU2MzkxNDc2MDY1MTIZYzAzNzJlYmMyZmVhZGE1OTplczplczpFUw&amp;usg=AFQjCNHxbOUABw75fLZft5lYJeCB7r_7DQ\"><br \/>\nLa 4T adopta lenguaje inclusivo sin entenderlo: feministas<\/a>&#8211;\u00a0lasillarota.com<\/p>\n<p><a href=\"http:\/\/www.cibersur.com\/cibersur\/impe\/comunicaciones\/021422\/soluciones\/inteligentes\/sostenibles\/nuevos\/retos\/ciudades\/territorios\/greencities\/smoving\/2020\">Soluciones inteligentes y sostenibles para los nuevos retos de las ciudades y los territorios en Greencities y S-moving 2020<\/a>-Cibersur<\/p>\n<p><a href=\"https:\/\/www.eldiario.es\/tecnologia\/facebook-bloqueara-los-mensajes-politicos-antes-de-las-elecciones-en-ee-uu_1_6198719.html\">Facebook bloquear\u00e1 los mensajes pol\u00edticos antes de las elecciones en EE UU<\/a>&#8211;\u00a0eldiario.es<\/p>\n<p>[\/toggle]<\/p>\n<p>[toggle type=\u00bbfirst\u00bb title=\u00bbAndaluc\u00eda\u00bb]<\/p>\n<p><strong>Institucional<\/strong><\/p>\n<p><a href=\"https:\/\/www.juntadeandalucia.es\/presidencia\/portavoz\/154285\/RocioRuiz\/IngresoMinimoVital\/IMV\/RentaMinima\">Igualdad solicita al Ministerio que avance en la gesti\u00f3n compartida del IMV con la Junta<\/a>\u00a0\u2013 Oficina del Portavoz<strong>\u00a0<\/strong><\/p>\n<p><strong>Econom\u00eda y Empresas<\/strong><\/p>\n<p><a href=\"https:\/\/smart-lighting.es\/junta-andalucia-vodafone-formacion-5g\/\">La Junta de Andaluc\u00eda y Vodafone arrancan un programa de &#8230;-Smartlighting<\/a><\/p>\n<p><a href=\"https:\/\/www.europapress.es\/andalucia\/cadiz-al-dia-01055\/noticia-dipuactiva-financia-proyectos-relevo-empresarial-construccion-sostenible-digitalizacion-negocios-cadiz-20200904113119.html\">DipuActiva financia proyectos de relevo empresarial, construcci\u00f3n sostenible o digitalizaci\u00f3n de negocios en C\u00e1diz<\/a>-Europa Press<\/p>\n<p><a href=\"https:\/\/www.diariodesevilla.es\/economia\/Empleo-plataforma-telematica-presentacion-ERTE_0_1498350302.html\">Empleo habilita una plataforma telem\u00e1tica para la presentaci\u00f3n&#8230;-Diario de Sevilla<\/a><\/p>\n<p><a href=\"https:\/\/www.informaria.com\/caixabank-acompana-empresarias-andaluzas-fame-20-aniversario\/\">CaixaBank acompa\u00f1a a las empresarias andaluzas (FAME) &#8230;-<\/a>informaria.com<strong>\u00a0<\/strong><\/p>\n<p><strong>Actualidad<\/strong><\/p>\n<p><a href=\"https:\/\/sevilla.abc.es\/andalucia\/sevi-andalucia-espera-contar-este-300000-dosis-vacuna-oxford-para-coronavirus-202009032340_noticia.html\">Andaluc\u00eda espera contar este a\u00f1o con 300.000 dosis de la vacuna de Oxford para el coronavirus<\/a>&#8211;\u00a0abc.es<\/p>\n<p><a href=\"https:\/\/www.lavozdealmeria.com\/noticia\/12\/almeria\/199950\/andalucia-permitira-la-educacion-semipresencial-a-partir-de-3o-de-eso\">Andaluc\u00eda permitir\u00e1 la educaci\u00f3n semipresencial a partir de 3\u00ba de ESO<\/a>&#8211;\u00a0lavozdealmeria<\/p>\n<p><a href=\"https:\/\/www.eldiario.es\/andalucia\/andalucia-otorga-ayudas-100-000-euros-descendientes-andaluces-afectados-inmersion-lingueistica-catalunya_1_6200255.html\">Andaluc\u00eda otorga ayudas de 100.000 euros a descendientes de andaluces \u00abafectados\u00bb por la inmersi\u00f3n ling\u00fc\u00edstica en Catalunya<\/a>-eldiario.es<\/p>\n<p><strong>Violencias<\/strong><\/p>\n<p><a href=\"https:\/\/diariofinanciero.com\/andalucia-exige-a-montero-el-cese-de-todos-los-prostibulos-por-ley\/\">Andaluc\u00eda exige a Montero el cese de todos los prost\u00edbulos por ley<\/a>-diariofinanciero<\/p>\n<p><a href=\"https:\/\/www.diariodesevilla.es\/sevilla\/programa-becas-formacion-no-presencial-mujeres-educacion-privada_0_1487251705.html\">Un programa de becas permitir\u00e1 la formaci\u00f3n no presencial &#8230;-Diario de Sevilla<\/a><a href=\"https:\/\/www.google.com\/url?rct=j&amp;sa=t&amp;url=https:\/\/www.lavanguardia.com\/local\/sevilla\/20200904\/483288268099\/andalucia-reclama-al-gobierno-una-ley-para-la-erradicacion-de-la-trata-de-mujeres-con-fines-de-explotacion-sexual.html&amp;ct=ga&amp;cd=CAEYACoTNDY3NTMzNjU4MTk5MDAyMjMxODIZYzAzNzJlYmMyZmVhZGE1OTplczplczpFUw&amp;usg=AFQjCNGst6Wu7e0ed80I-aN9mU7ApEFALg\"><br \/>\nAndaluc\u00eda reclama al Gobierno una ley para la erradicaci\u00f3n de la trata de\u00a0mujeres\u00a0con fines de &#8230;<\/a>&#8211;\u00a0La Vanguardia<\/p>\n<p><a href=\"https:\/\/www.google.com\/url?rct=j&amp;sa=t&amp;url=https:\/\/www.laopiniondemalaga.es\/malaga\/2020\/09\/03\/pulseras-control-violencia-machista-elevan\/1188623.html&amp;ct=ga&amp;cd=CAEYACoTMzU1NTU5MzgyNzA3NjU1NzcyOTIZZTFlNzdkMTU2MDk4YThlMzplczplczpFUw&amp;usg=AFQjCNHttiifnmCaBBQpzMRF1iLg46fyyA\">Las pulseras de control por\u00a0violencia\u00a0machista se elevan a 89 en M\u00e1laga, un 89,4% m\u00e1s que en &#8230;<\/a>&#8211;\u00a0La Opini\u00f3n de M\u00e1laga<strong>\u00a0<\/strong><\/p>\n<p><strong>Ciencia y Cultura<\/strong><\/p>\n<p><a href=\"https:\/\/www.yosoymujer.es\/cultura\/arte-de-vanguardia-100-anos-despues-un-curso-online-que-nos-acerca-a-los-movimientos-artisticos-de-hace-un-siglo\/\">\u201cArte de vanguardia 100 a\u00f1os despu\u00e9s\u00bb, un curso online que nos acerca a los movimientos art\u00edsticos de hace un\u00a0\u2026-Yo Soy Mujer<\/a><\/p>\n<p><a href=\"https:\/\/www.diariodesevilla.es\/entrevistas\/profesion-importante-escuchar-bautista-belen-arte-ecuestre_0_1486951672.html\">Bel\u00e9n Bautista S\u00e1nchez, jineta de la Real Escuela Andaluza de Arte Ecuestre: \u201cEn esta profesi\u00f3n es muy importante saber escuchar\u201d-Diario de Sevilla<\/a><a href=\"https:\/\/www.google.com\/url?rct=j&amp;sa=t&amp;url=https:\/\/diariosexitano.com\/2020\/09\/04\/el-cantautor-granadino-paco-damas-presenta-el-concierto-de-las-sinsombrero-en-almunecar\/&amp;ct=ga&amp;cd=CAEYACoUMTM2MTMyNzM5ODc2NzI5MzQxMjIyGWUxZTc3ZDE1NjA5OGE4ZTM6ZXM6ZXM6RVM&amp;usg=AFQjCNEFGv7w7SDkoUw3gGrLtlFDXHfDTw\"><br \/>\nEl cantautor granadino Paco Damas presenta el concierto de \u201cLas Sinsombrero\u201d en Almu\u00f1\u00e9car<\/a>&#8211;\u00a0Diario Sexitano<\/p>\n<p>[\/toggle]<\/p>\n<p>[toggle type=\u00bbfirst\u00bb title=\u00bbEstado\u00bb]<\/p>\n<p><strong>Institucional<\/strong><\/p>\n<p><a href=\"http:\/\/www.telemadrid.es\/programas\/buenos-dias-madrid\/Pilar-Llop-Necesitamos-desterrar-oposicion-2-2265393448--20200904105400.html\">Pilar Llop, Presidenta del Senado: \u00abNecesitamos recuperar una oposici\u00f3n de Estado\u00bb<\/a>&#8211;\u00a0<a href=\"http:\/\/www.telemadrid.es\/programas\/buenos-dias-madrid\/Pilar-Llop-Necesitamos-desterrar-oposicion-2-2265393448--20200904105400.html\">Telemadrid<\/a><\/p>\n<p><a href=\"https:\/\/www.eldiario.es\/economia\/ministra-trabajo-aboga-extender-erte-rebrote-sea-necesario_1_6198224.html\">La ministra de Trabajo aboga por extender los ERTE por rebrote \u00abhasta cuando sea necesario\u00bb<\/a>&#8211;<a href=\"http:\/\/eldiario.es\/\">eldiario.es<\/a><\/p>\n<p><a href=\"https:\/\/tribunafeminista.elplural.com\/2020\/09\/gobierno-quiere-reforzar-la-asistencia-a-victimas-de-violencia-de-genero-ante-la-falta-de-denuncias-previas\/\">Gobierno quiere \u00abreforzar\u00bb la asistencia a v\u00edctimas de violencia de g\u00e9nero ante la \u00abfalta de denuncias previas\u00bb-tribunafeminista.es<\/a><\/p>\n<p><strong>Institucional-CCAA<\/strong><\/p>\n<p><a href=\"https:\/\/www.google.com\/url?rct=j&amp;sa=t&amp;url=https:\/\/www.elperiodicodecanarias.es\/mujer-de-clase-media-con-estudios-y-residente-en-la-capital-perfil-tipo-de-la-sitycleta\/&amp;ct=ga&amp;cd=CAEYBCoSNjI3NjQzNDk1ODc5ODU5Mjc1MhljMDM3MmViYzJmZWFkYTU5OmVzOmVzOkVT&amp;usg=AFQjCNHdoPKwHgtT4JxhUPwigeYy8jdI0Q\">Mujer\u00a0de clase media, con estudios y residente en la capital, perfil tipo de la S\u00edtycleta<\/a>&#8211;\u00a0El Peri\u00f3dico de Canarias<\/p>\n<p><a href=\"https:\/\/arainfo.org\/la-medida-pionera-del-iam-para-abordar-el-trabajo-sexual-durante-la-pandemia-alternativa-habitacional-frente-al-cierre-de-prostibulos\/\">La medida pionera del Instituto Aragon\u00e9s de la Mujer para abordar el trabajo sexual durante la pandemia: alternativa habitacional frente al cierre de prost\u00edbulos<\/a>&#8211;\u00a0<a href=\"https:\/\/arainfo.org\/la-medida-pionera-del-iam-para-abordar-el-trabajo-sexual-durante-la-pandemia-alternativa-habitacional-frente-al-cierre-de-prostibulos\/\">arainfo.org<\/a><strong>\u00a0<\/strong><\/p>\n<p><strong>Econom\u00eda y Empresas<\/strong><\/p>\n<p><a href=\"https:\/\/www.la-razon.com\/opinion\/2020\/09\/04\/crisis-para-las-mujeres\/\">Crisis para las mujeres<\/a>&#8211;\u00a0<a href=\"https:\/\/www.la-razon.com\/opinion\/2020\/09\/04\/crisis-para-las-mujeres\/\">La Raz\u00f3n<\/a><\/p>\n<p><a href=\"https:\/\/www.mujeremprendedora.net\/ampliado-plazo-iii-premios-mujer-agro-hasta-30-septiembre\/\">Ampliado el plazo para los III Premios Mujer Agro hasta el 30 de septiembre<\/a>\u00a0\u2013 Mujeremprendedora.net<\/p>\n<p><a href=\"https:\/\/www.mujeremprendedora.net\/cinco-mujeres-destacan-por-sus-proyectos-de-emprendimiento-en-el-gira-mujeres-weekend-de-la-zona-norte-de-espana\/\">Cinco emprendedoras destacan por sus proyectos en el Gira Mujeres Weekend de la Zona Norte de Espa\u00f1a<\/a>\u2013 Mujeremprendedora.net<\/p>\n<p><a href=\"https:\/\/www.eldiario.es\/sociedad\/oleada-coronavirus-segunda-gran-crisis-conciliacion-comenzo-pandemia-garantizada_1_6198989.html\">La segunda gran crisis de conciliaci\u00f3n desde que comenz\u00f3 la pandemia est\u00e1 garantizada<\/a>&#8211;\u00a0eldiario.es<\/p>\n<p><a href=\"https:\/\/agroinformacion.com\/nace-ganaderia-en-femenino-un-proyecto-para-contribuir-a-visibilizar-el-papel-de-la-mujer-en-ganaderia\/\">Nace \u201cGanader\u00eda en Femenino\u201d, un proyecto para contribuir a ..-agroinformaci\u00f3n<\/a><\/p>\n<p><strong>Actualidad<\/strong><\/p>\n<p><a href=\"https:\/\/www.google.com\/url?rct=j&amp;sa=t&amp;url=https:\/\/www.servimedia.es\/noticias\/1301791&amp;ct=ga&amp;cd=CAEYACoSNjI3NjQzNDk1ODc5ODU5Mjc1MhljMDM3MmViYzJmZWFkYTU5OmVzOmVzOkVT&amp;usg=AFQjCNEGxwoXnlx9f-64JcQ_MBJEKxi33A\">Cermi Mujeres traslada al\u00a0Instituto de la Mujer\u00a0su \u201cpreocupaci\u00f3n\u201d por los efectos de la pandemia &#8230;<\/a>&#8211;\u00a0Servimedia<\/p>\n<p><a href=\"https:\/\/www.lavanguardia.com\/vida\/20200904\/483288920039\/mas-de-2600-cooperantes-mujer-y-mayor-de-35-anos-el-perfil-mas-habitual.html\">M\u00e1s de 2.600 cooperantes: mujer y mayor de 35 a\u00f1os, el perfil m\u00e1s habitual&#8230;-\u00a0La Vanguardia<\/a><\/p>\n<p><strong>Violencias<\/strong><\/p>\n<p><a href=\"https:\/\/www.larazon.es\/comunidad-valenciana\/20200904\/t3evzzg2bfecrclfrcifwv5e2a.html\">Confirman el crimen machista de la v\u00edctima hallada en un maletero&#8230;-La Raz\u00f3n<\/a><strong>\u00a0<\/strong><\/p>\n<p><strong>Ciencia y Cultura<\/strong><\/p>\n<p><a href=\"https:\/\/www.eldiario.es\/tecnologia\/ingeniera-espanola-apps-rastreo-contactos-lista-fortune-personas-relevantes-menores-40-anos_1_6195397.html\">Carmela Troncoso, la ingeniera espa\u00f1ola tras las apps de rastreo de contactos, en la lista Fortune de personas m\u00e1s relevantes menores de 40 a\u00f1os<\/a>&#8211;<a href=\"http:\/\/eldiario.es\/\">eldiario.es<\/a><\/p>\n<p><a href=\"https:\/\/www.eldiario.es\/sociedad\/alicia-sintes-fisica-teorica-fascinante-ondas-gravitacionales-descubriran-fenomenos-no-imaginar_1_6200177.html\">Alicia Sintes, investigadora: \u00abEs fascinante, las ondas gravitacionales nos descubrir\u00e1n fen\u00f3menos que no podemos ni imaginar\u00bb<\/a>-eldiario.es<\/p>\n<p><a href=\"https:\/\/www.google.com\/url?rct=j&amp;sa=t&amp;url=https:\/\/www.europapress.es\/comunitat-valenciana\/noticia-kinshasa-valencia-exposicion-fotografica-contra-violencia-sexual-mujeres-congo-llega-nau-20200904105040.html&amp;ct=ga&amp;cd=CAEYACoTNzE4MzU1MDU5MzIwMDc2ODE3NDIZYzAzNzJlYmMyZmVhZGE1OTplczplczpFUw&amp;usg=AFQjCNFaGBzomdkKO8dM2CkmWpJdQsDu2A\">De Kinshasa a Val\u00e8ncia: la exposici\u00f3n fotogr\u00e1fica contra la violencia sexual &#8216;Mujeres\u00a0del Congo &#8230;<\/a>&#8211;\u00a0Europa Press<a href=\"https:\/\/www.google.com\/url?rct=j&amp;sa=t&amp;url=https:\/\/www.publico.es\/entrevistas\/pilar-palomero-masturbacion-femenina-todavia-tabu-espana.html&amp;ct=ga&amp;cd=CAEYASoTMzk4ODE1OTM0MTg2ODM4MjAyMDIZYzAzNzJlYmMyZmVhZGE1OTplczplczpFUw&amp;usg=AFQjCNHEpATe7pjrN42iqtpECydC3aqIpA\"><br \/>\nPilar Palomero: \u00abLa masturbaci\u00f3n femenina todav\u00eda es tab\u00fa en Espa\u00f1a\u00bb<\/a>&#8211;\u00a0P\u00fablico<\/p>\n<p><a href=\"https:\/\/www.mujeremprendedora.net\/mobile-film-festival-visibiliza-empoderamiento-mujer\/\">Mobile Film Festival visibiliza el empoderamiento de la mujer<\/a>\u00a0\u2013 Mujeremprendedora.net<\/p>\n<p><a href=\"https:\/\/www.eldiarioalerta.com\/articulo\/cultura\/jardin-espejos-novela-mujer-creativa\/20200904095041085658.html\">&#8216;El jard\u00edn de los espejos&#8217;, una novela sobre la mujer creativa-eldiarioalerta<\/a><strong>\u00a0<\/strong><\/p>\n<p><strong>Deporte<\/strong><\/p>\n<p><a href=\"https:\/\/www.efe.com\/efe\/espana\/practicodeporte\/blanca-un-ano-sin-la-primera-espanola-que-gano-una-medalla-olimpica\/50000944-4334945\">Blanca: un a\u00f1o sin la primera espa\u00f1ola que gan\u00f3 una medalla ol\u00edmpica&#8230;-Efe<\/a><\/p>\n<p><a href=\"https:\/\/www.divinity.es\/mujeres\/inscripciones-carrera-mujer-abiertas-evento-deportivo-femenino-correr-cancerdemama_18_3005895074.html\">Las inscripciones para la Carrera de la Mujer 2020 est\u00e1n ya &#8230;-\u00a0<\/a><a href=\"http:\/\/divinity.es\/\">divinity.es<\/a><\/p>\n<p>[\/toggle]<\/p>\n<p>[toggle type=\u00bbfirst\u00bb title=\u00bbInternacional\u00bb]<\/p>\n<p><a href=\"https:\/\/www.infobae.com\/economia\/2020\/09\/04\/el-banco-central-recomendo-a-los-bancos-mayor-paridad-de-genero-en-lugares-de-decision\/\">El Banco Central recomend\u00f3 a los bancos mayor paridad de g\u00e9nero&#8230;-infobae.com<\/a><\/p>\n<p><a href=\"https:\/\/www.mujeremprendedora.net\/sernameg-capacitara-millar-mujeres-todo-chile-escuela-mujer-emprende\/\">SernamEG capacitar\u00e1 a un millar de mujeres de Chile con Escuela Mujer Emprende<\/a>\u2013 Mujeremprendedora.net<\/p>\n<p><a href=\"https:\/\/www.europapress.es\/comunicados\/internacional-00907\/noticia-comunicado-sdrpy-nueva-asociacion-empoderar-economicamente-mujeres-yemenies-20200903181839.html\">SDRPY en nueva asociaci\u00f3n para empoderar econ\u00f3micamente a las mujeres yemen\u00edes<\/a>&#8211;\u00a0Europa Press<\/p>\n<p><a href=\"https:\/\/www.google.com\/url?rct=j&amp;sa=t&amp;url=https:\/\/www.rfi.fr\/es\/am%25C3%25A9ricas\/20200903-chile-acaba-con-la-discriminaci%25C3%25B3n-contras-las-mujeres-en-segundas-nupcias&amp;ct=ga&amp;cd=CAEYACoTMzIyMzQ4NDgyMDcxNjA0OTg1NjIZYzAzNzJlYmMyZmVhZGE1OTplczplczpFUw&amp;usg=AFQjCNEQ-iMc4N0AyYl6RLO3LlWCdn9Ofg\">Chile acaba con la discriminaci\u00f3n contras las\u00a0mujeres en\u00a0segundas nupcias<\/a>\u00a0&#8211;\u00a0RFI<a href=\"https:\/\/www.google.com\/url?rct=j&amp;sa=t&amp;url=https:\/\/www.efeminista.com\/brasil-plataforma-violencia-machista\/&amp;ct=ga&amp;cd=CAEYACoTMjEzNDIxNTA3MTk2MzA3MTE0NTIZYzAzNzJlYmMyZmVhZGE1OTplczplczpFUw&amp;usg=AFQjCNFmurzetzQimO256VD2kDXdJT7vZQ\"><br \/>\nUna plataforma de streaming luchar\u00e1 contra la violencia machista en Brasil<\/a>&#8211;\u00a0Agencia EFE<\/p>\n<p><a href=\"https:\/\/www.google.com\/url?rct=j&amp;sa=t&amp;url=https:\/\/www.panamaon.com\/noticias\/ocio-y-cultura\/81952-cientifica-del-instituto-gorgas-gana-el-premio-nacional-loreal-unesco-por-las-mujeres-en-la-ciencia-2020.html&amp;ct=ga&amp;cd=CAEYACoSNzAzMzA4MjcwNTgzNTI5MDIwMhljMDM3MmViYzJmZWFkYTU5OmVzOmVzOkVT&amp;usg=AFQjCNHrp6DXJGf7m8HAOngrKkDcBEKcYQ\">La doctora Mairim A. Sol\u00eds Tejada del\u00a0Instituto\u00a0Gorgas gana el Premio Nacional L&#8217;Or\u00e9al \u2013 UNESCO \u201cPor las\u00a0Mujeres en\u00a0la &#8230;<\/a>&#8211;\u00a0PanamaOn<\/p>\n<p><a href=\"https:\/\/www.eluniversal.com.mx\/cultura\/angeles-del-hogar-y-musas-callejeras\">\u00c1ngeles del hogar y musas callejeras\u00a0\u2013eluniversal.com<\/a><\/p>\n<p>[\/toggle]<\/p>\n<\/div>\n<\/div>\n<\/div>\n<\/div>\n<\/div>\n<\/div>\n","protected":false},"excerpt":{"rendered":"<p>El Banco Central recomend\u00f3 a los bancos mayor paridad de <a href=\"https:\/\/cklcomunicaciones.es\/coop\/noticias-info-ckl-no-2-489-04-09-20\/\">[&#8230;]<\/a><\/p>\n","protected":false},"author":3,"featured_media":0,"comment_status":"closed","ping_status":"closed","sticky":false,"template":"","format":"standard","meta":{"footnotes":""},"categories":[298,623],"tags":[103,213,219],"class_list":["post-15057","post","type-post","status-publish","format-standard","hentry","category-newsletter","category-nwl-2-0","tag-ckl","tag-comunicacion-inclusiva","tag-perspectiva-de-genero"],"yoast_head":"<!-- This site is optimized with the Yoast SEO plugin v27.5 - https:\/\/yoast.com\/product\/yoast-seo-wordpress\/ -->\n<title>Noticias Info CKL n\u00ba 2.489-04\/09\/20-Comunicar con perspectiva de g\u00e9nero<\/title>\n<meta name=\"description\" content=\"Comunicar con perspectiva de g\u00e9nero: El Banco Central recomend\u00f3 a los bancos mayor paridad de g\u00e9nero-Carmela Troncoso en la lista Fortune ...\" \/>\n<meta name=\"robots\" content=\"index, follow, max-snippet:-1, max-image-preview:large, max-video-preview:-1\" \/>\n<link rel=\"canonical\" href=\"https:\/\/cklcomunicaciones.es\/coop\/noticias-info-ckl-no-2-489-04-09-20\/\" \/>\n<meta property=\"og:locale\" content=\"es_ES\" \/>\n<meta property=\"og:type\" content=\"article\" \/>\n<meta property=\"og:title\" content=\"Noticias Info CKL n\u00ba 2.489-04\/09\/20-Comunicar con perspectiva de g\u00e9nero\" \/>\n<meta property=\"og:description\" content=\"Comunicar con perspectiva de g\u00e9nero: El Banco Central recomend\u00f3 a los bancos mayor paridad de g\u00e9nero-Carmela Troncoso en la lista Fortune ...\" \/>\n<meta property=\"og:url\" content=\"https:\/\/cklcomunicaciones.es\/coop\/noticias-info-ckl-no-2-489-04-09-20\/\" \/>\n<meta property=\"og:site_name\" content=\"CKL Comunicaciones\" \/>\n<meta property=\"article:published_time\" content=\"2020-09-04T12:42:09+00:00\" \/>\n<meta property=\"article:modified_time\" content=\"2025-01-17T15:47:32+00:00\" \/>\n<meta property=\"og:image\" content=\"https:\/\/cklcomunicaciones.es\/coop\/wp-content\/uploads\/2018\/03\/CKL_comunicacion-con-perspetiva-de-genero.jpg\" \/>\n\t<meta property=\"og:image:width\" content=\"500\" \/>\n\t<meta property=\"og:image:height\" content=\"500\" \/>\n\t<meta property=\"og:image:type\" content=\"image\/jpeg\" \/>\n<meta name=\"author\" content=\"ckl\" \/>\n<meta name=\"twitter:card\" content=\"summary_large_image\" \/>\n<meta name=\"twitter:label1\" content=\"Escrito por\" \/>\n\t<meta name=\"twitter:data1\" content=\"ckl\" \/>\n\t<meta name=\"twitter:label2\" content=\"Tiempo de lectura\" \/>\n\t<meta name=\"twitter:data2\" content=\"5 minutos\" \/>\n<script type=\"application\/ld+json\" class=\"yoast-schema-graph\">{\"@context\":\"https:\\\/\\\/schema.org\",\"@graph\":[{\"@type\":\"Article\",\"@id\":\"https:\\\/\\\/cklcomunicaciones.es\\\/coop\\\/noticias-info-ckl-no-2-489-04-09-20\\\/#article\",\"isPartOf\":{\"@id\":\"https:\\\/\\\/cklcomunicaciones.es\\\/coop\\\/noticias-info-ckl-no-2-489-04-09-20\\\/\"},\"author\":{\"name\":\"ckl\",\"@id\":\"https:\\\/\\\/cklcomunicaciones.es\\\/coop\\\/#\\\/schema\\\/person\\\/929a6837f7626450bbb50cee1aef266e\"},\"headline\":\"Noticias Info CKL n\u00ba 2.489-04\\\/09\\\/20\",\"datePublished\":\"2020-09-04T12:42:09+00:00\",\"dateModified\":\"2025-01-17T15:47:32+00:00\",\"mainEntityOfPage\":{\"@id\":\"https:\\\/\\\/cklcomunicaciones.es\\\/coop\\\/noticias-info-ckl-no-2-489-04-09-20\\\/\"},\"wordCount\":992,\"image\":{\"@id\":\"https:\\\/\\\/cklcomunicaciones.es\\\/coop\\\/noticias-info-ckl-no-2-489-04-09-20\\\/#primaryimage\"},\"thumbnailUrl\":\"http:\\\/\\\/www.cklcomunicaciones.es\\\/wp-content\\\/uploads\\\/2018\\\/03\\\/CKL_comunicacion-con-perspetiva-de-genero-300x300.jpg\",\"keywords\":[\"CKL\",\"comunicaci\u00f3n inclusiva\",\"perspectiva de g\u00e9nero\"],\"articleSection\":[\"Newsletter\",\"Nwl v2.0\"],\"inLanguage\":\"es\"},{\"@type\":\"WebPage\",\"@id\":\"https:\\\/\\\/cklcomunicaciones.es\\\/coop\\\/noticias-info-ckl-no-2-489-04-09-20\\\/\",\"url\":\"https:\\\/\\\/cklcomunicaciones.es\\\/coop\\\/noticias-info-ckl-no-2-489-04-09-20\\\/\",\"name\":\"Noticias Info CKL n\u00ba 2.489-04\\\/09\\\/20-Comunicar con perspectiva de g\u00e9nero\",\"isPartOf\":{\"@id\":\"https:\\\/\\\/cklcomunicaciones.es\\\/coop\\\/#website\"},\"primaryImageOfPage\":{\"@id\":\"https:\\\/\\\/cklcomunicaciones.es\\\/coop\\\/noticias-info-ckl-no-2-489-04-09-20\\\/#primaryimage\"},\"image\":{\"@id\":\"https:\\\/\\\/cklcomunicaciones.es\\\/coop\\\/noticias-info-ckl-no-2-489-04-09-20\\\/#primaryimage\"},\"thumbnailUrl\":\"http:\\\/\\\/www.cklcomunicaciones.es\\\/wp-content\\\/uploads\\\/2018\\\/03\\\/CKL_comunicacion-con-perspetiva-de-genero-300x300.jpg\",\"datePublished\":\"2020-09-04T12:42:09+00:00\",\"dateModified\":\"2025-01-17T15:47:32+00:00\",\"author\":{\"@id\":\"https:\\\/\\\/cklcomunicaciones.es\\\/coop\\\/#\\\/schema\\\/person\\\/929a6837f7626450bbb50cee1aef266e\"},\"description\":\"Comunicar con perspectiva de g\u00e9nero: El Banco Central recomend\u00f3 a los bancos mayor paridad de g\u00e9nero-Carmela Troncoso en la lista Fortune ...\",\"breadcrumb\":{\"@id\":\"https:\\\/\\\/cklcomunicaciones.es\\\/coop\\\/noticias-info-ckl-no-2-489-04-09-20\\\/#breadcrumb\"},\"inLanguage\":\"es\",\"potentialAction\":[{\"@type\":\"ReadAction\",\"target\":[\"https:\\\/\\\/cklcomunicaciones.es\\\/coop\\\/noticias-info-ckl-no-2-489-04-09-20\\\/\"]}]},{\"@type\":\"ImageObject\",\"inLanguage\":\"es\",\"@id\":\"https:\\\/\\\/cklcomunicaciones.es\\\/coop\\\/noticias-info-ckl-no-2-489-04-09-20\\\/#primaryimage\",\"url\":\"http:\\\/\\\/www.cklcomunicaciones.es\\\/wp-content\\\/uploads\\\/2018\\\/03\\\/CKL_comunicacion-con-perspetiva-de-genero-300x300.jpg\",\"contentUrl\":\"http:\\\/\\\/www.cklcomunicaciones.es\\\/wp-content\\\/uploads\\\/2018\\\/03\\\/CKL_comunicacion-con-perspetiva-de-genero-300x300.jpg\"},{\"@type\":\"BreadcrumbList\",\"@id\":\"https:\\\/\\\/cklcomunicaciones.es\\\/coop\\\/noticias-info-ckl-no-2-489-04-09-20\\\/#breadcrumb\",\"itemListElement\":[{\"@type\":\"ListItem\",\"position\":1,\"name\":\"Portada\",\"item\":\"https:\\\/\\\/cklcomunicaciones.es\\\/coop\\\/\"},{\"@type\":\"ListItem\",\"position\":2,\"name\":\"Noticias Info CKL n\u00ba 2.489-04\\\/09\\\/20\"}]},{\"@type\":\"WebSite\",\"@id\":\"https:\\\/\\\/cklcomunicaciones.es\\\/coop\\\/#website\",\"url\":\"https:\\\/\\\/cklcomunicaciones.es\\\/coop\\\/\",\"name\":\"CKL Comunicaciones\",\"description\":\"Sitio web de CKL Comunicaciones coop , la consultora de comunicaci\u00f3n y estrategia\",\"potentialAction\":[{\"@type\":\"SearchAction\",\"target\":{\"@type\":\"EntryPoint\",\"urlTemplate\":\"https:\\\/\\\/cklcomunicaciones.es\\\/coop\\\/?s={search_term_string}\"},\"query-input\":{\"@type\":\"PropertyValueSpecification\",\"valueRequired\":true,\"valueName\":\"search_term_string\"}}],\"inLanguage\":\"es\"},{\"@type\":\"Person\",\"@id\":\"https:\\\/\\\/cklcomunicaciones.es\\\/coop\\\/#\\\/schema\\\/person\\\/929a6837f7626450bbb50cee1aef266e\",\"name\":\"ckl\",\"image\":{\"@type\":\"ImageObject\",\"inLanguage\":\"es\",\"@id\":\"https:\\\/\\\/secure.gravatar.com\\\/avatar\\\/c82db564e8a669bf6023357a157b9dc4780f4d4c618f2ad1d71a6a5dede45057?s=96&d=mm&r=g\",\"url\":\"https:\\\/\\\/secure.gravatar.com\\\/avatar\\\/c82db564e8a669bf6023357a157b9dc4780f4d4c618f2ad1d71a6a5dede45057?s=96&d=mm&r=g\",\"contentUrl\":\"https:\\\/\\\/secure.gravatar.com\\\/avatar\\\/c82db564e8a669bf6023357a157b9dc4780f4d4c618f2ad1d71a6a5dede45057?s=96&d=mm&r=g\",\"caption\":\"ckl\"},\"url\":\"https:\\\/\\\/cklcomunicaciones.es\\\/coop\\\/author\\\/cklcomunicaciones\\\/\"}]}<\/script>\n<!-- \/ Yoast SEO plugin. -->","yoast_head_json":{"title":"Noticias Info CKL n\u00ba 2.489-04\/09\/20-Comunicar con perspectiva de g\u00e9nero","description":"Comunicar con perspectiva de g\u00e9nero: El Banco Central recomend\u00f3 a los bancos mayor paridad de g\u00e9nero-Carmela Troncoso en la lista Fortune ...","robots":{"index":"index","follow":"follow","max-snippet":"max-snippet:-1","max-image-preview":"max-image-preview:large","max-video-preview":"max-video-preview:-1"},"canonical":"https:\/\/cklcomunicaciones.es\/coop\/noticias-info-ckl-no-2-489-04-09-20\/","og_locale":"es_ES","og_type":"article","og_title":"Noticias Info CKL n\u00ba 2.489-04\/09\/20-Comunicar con perspectiva de g\u00e9nero","og_description":"Comunicar con perspectiva de g\u00e9nero: El Banco Central recomend\u00f3 a los bancos mayor paridad de g\u00e9nero-Carmela Troncoso en la lista Fortune ...","og_url":"https:\/\/cklcomunicaciones.es\/coop\/noticias-info-ckl-no-2-489-04-09-20\/","og_site_name":"CKL Comunicaciones","article_published_time":"2020-09-04T12:42:09+00:00","article_modified_time":"2025-01-17T15:47:32+00:00","og_image":[{"width":500,"height":500,"url":"https:\/\/cklcomunicaciones.es\/coop\/wp-content\/uploads\/2018\/03\/CKL_comunicacion-con-perspetiva-de-genero.jpg","type":"image\/jpeg"}],"author":"ckl","twitter_card":"summary_large_image","twitter_misc":{"Escrito por":"ckl","Tiempo de lectura":"5 minutos"},"schema":{"@context":"https:\/\/schema.org","@graph":[{"@type":"Article","@id":"https:\/\/cklcomunicaciones.es\/coop\/noticias-info-ckl-no-2-489-04-09-20\/#article","isPartOf":{"@id":"https:\/\/cklcomunicaciones.es\/coop\/noticias-info-ckl-no-2-489-04-09-20\/"},"author":{"name":"ckl","@id":"https:\/\/cklcomunicaciones.es\/coop\/#\/schema\/person\/929a6837f7626450bbb50cee1aef266e"},"headline":"Noticias Info CKL n\u00ba 2.489-04\/09\/20","datePublished":"2020-09-04T12:42:09+00:00","dateModified":"2025-01-17T15:47:32+00:00","mainEntityOfPage":{"@id":"https:\/\/cklcomunicaciones.es\/coop\/noticias-info-ckl-no-2-489-04-09-20\/"},"wordCount":992,"image":{"@id":"https:\/\/cklcomunicaciones.es\/coop\/noticias-info-ckl-no-2-489-04-09-20\/#primaryimage"},"thumbnailUrl":"http:\/\/www.cklcomunicaciones.es\/wp-content\/uploads\/2018\/03\/CKL_comunicacion-con-perspetiva-de-genero-300x300.jpg","keywords":["CKL","comunicaci\u00f3n inclusiva","perspectiva de g\u00e9nero"],"articleSection":["Newsletter","Nwl v2.0"],"inLanguage":"es"},{"@type":"WebPage","@id":"https:\/\/cklcomunicaciones.es\/coop\/noticias-info-ckl-no-2-489-04-09-20\/","url":"https:\/\/cklcomunicaciones.es\/coop\/noticias-info-ckl-no-2-489-04-09-20\/","name":"Noticias Info CKL n\u00ba 2.489-04\/09\/20-Comunicar con perspectiva de g\u00e9nero","isPartOf":{"@id":"https:\/\/cklcomunicaciones.es\/coop\/#website"},"primaryImageOfPage":{"@id":"https:\/\/cklcomunicaciones.es\/coop\/noticias-info-ckl-no-2-489-04-09-20\/#primaryimage"},"image":{"@id":"https:\/\/cklcomunicaciones.es\/coop\/noticias-info-ckl-no-2-489-04-09-20\/#primaryimage"},"thumbnailUrl":"http:\/\/www.cklcomunicaciones.es\/wp-content\/uploads\/2018\/03\/CKL_comunicacion-con-perspetiva-de-genero-300x300.jpg","datePublished":"2020-09-04T12:42:09+00:00","dateModified":"2025-01-17T15:47:32+00:00","author":{"@id":"https:\/\/cklcomunicaciones.es\/coop\/#\/schema\/person\/929a6837f7626450bbb50cee1aef266e"},"description":"Comunicar con perspectiva de g\u00e9nero: El Banco Central recomend\u00f3 a los bancos mayor paridad de g\u00e9nero-Carmela Troncoso en la lista Fortune ...","breadcrumb":{"@id":"https:\/\/cklcomunicaciones.es\/coop\/noticias-info-ckl-no-2-489-04-09-20\/#breadcrumb"},"inLanguage":"es","potentialAction":[{"@type":"ReadAction","target":["https:\/\/cklcomunicaciones.es\/coop\/noticias-info-ckl-no-2-489-04-09-20\/"]}]},{"@type":"ImageObject","inLanguage":"es","@id":"https:\/\/cklcomunicaciones.es\/coop\/noticias-info-ckl-no-2-489-04-09-20\/#primaryimage","url":"http:\/\/www.cklcomunicaciones.es\/wp-content\/uploads\/2018\/03\/CKL_comunicacion-con-perspetiva-de-genero-300x300.jpg","contentUrl":"http:\/\/www.cklcomunicaciones.es\/wp-content\/uploads\/2018\/03\/CKL_comunicacion-con-perspetiva-de-genero-300x300.jpg"},{"@type":"BreadcrumbList","@id":"https:\/\/cklcomunicaciones.es\/coop\/noticias-info-ckl-no-2-489-04-09-20\/#breadcrumb","itemListElement":[{"@type":"ListItem","position":1,"name":"Portada","item":"https:\/\/cklcomunicaciones.es\/coop\/"},{"@type":"ListItem","position":2,"name":"Noticias Info CKL n\u00ba 2.489-04\/09\/20"}]},{"@type":"WebSite","@id":"https:\/\/cklcomunicaciones.es\/coop\/#website","url":"https:\/\/cklcomunicaciones.es\/coop\/","name":"CKL Comunicaciones","description":"Sitio web de CKL Comunicaciones coop , la consultora de comunicaci\u00f3n y estrategia","potentialAction":[{"@type":"SearchAction","target":{"@type":"EntryPoint","urlTemplate":"https:\/\/cklcomunicaciones.es\/coop\/?s={search_term_string}"},"query-input":{"@type":"PropertyValueSpecification","valueRequired":true,"valueName":"search_term_string"}}],"inLanguage":"es"},{"@type":"Person","@id":"https:\/\/cklcomunicaciones.es\/coop\/#\/schema\/person\/929a6837f7626450bbb50cee1aef266e","name":"ckl","image":{"@type":"ImageObject","inLanguage":"es","@id":"https:\/\/secure.gravatar.com\/avatar\/c82db564e8a669bf6023357a157b9dc4780f4d4c618f2ad1d71a6a5dede45057?s=96&d=mm&r=g","url":"https:\/\/secure.gravatar.com\/avatar\/c82db564e8a669bf6023357a157b9dc4780f4d4c618f2ad1d71a6a5dede45057?s=96&d=mm&r=g","contentUrl":"https:\/\/secure.gravatar.com\/avatar\/c82db564e8a669bf6023357a157b9dc4780f4d4c618f2ad1d71a6a5dede45057?s=96&d=mm&r=g","caption":"ckl"},"url":"https:\/\/cklcomunicaciones.es\/coop\/author\/cklcomunicaciones\/"}]}},"_links":{"self":[{"href":"https:\/\/cklcomunicaciones.es\/coop\/wp-json\/wp\/v2\/posts\/15057","targetHints":{"allow":["GET"]}}],"collection":[{"href":"https:\/\/cklcomunicaciones.es\/coop\/wp-json\/wp\/v2\/posts"}],"about":[{"href":"https:\/\/cklcomunicaciones.es\/coop\/wp-json\/wp\/v2\/types\/post"}],"author":[{"embeddable":true,"href":"https:\/\/cklcomunicaciones.es\/coop\/wp-json\/wp\/v2\/users\/3"}],"replies":[{"embeddable":true,"href":"https:\/\/cklcomunicaciones.es\/coop\/wp-json\/wp\/v2\/comments?post=15057"}],"version-history":[{"count":0,"href":"https:\/\/cklcomunicaciones.es\/coop\/wp-json\/wp\/v2\/posts\/15057\/revisions"}],"wp:attachment":[{"href":"https:\/\/cklcomunicaciones.es\/coop\/wp-json\/wp\/v2\/media?parent=15057"}],"wp:term":[{"taxonomy":"category","embeddable":true,"href":"https:\/\/cklcomunicaciones.es\/coop\/wp-json\/wp\/v2\/categories?post=15057"},{"taxonomy":"post_tag","embeddable":true,"href":"https:\/\/cklcomunicaciones.es\/coop\/wp-json\/wp\/v2\/tags?post=15057"}],"curies":[{"name":"wp","href":"https:\/\/api.w.org\/{rel}","templated":true}]}}