{"id":15034,"date":"2020-07-17T11:43:34","date_gmt":"2020-07-17T09:43:34","guid":{"rendered":"http:\/\/www.cklcomunicaciones.es\/?p=15034"},"modified":"2025-01-17T16:47:34","modified_gmt":"2025-01-17T15:47:34","slug":"noticias-info-ckl-no-2-481-17-07-20","status":"publish","type":"post","link":"https:\/\/cklcomunicaciones.es\/coop\/noticias-info-ckl-no-2-481-17-07-20\/","title":{"rendered":"Noticias Info CKL n\u00ba 2.481-17\/07\/20"},"content":{"rendered":"<div id=\"pl-15034\"  class=\"panel-layout\" >\n<div id=\"pg-15034-0\"  class=\"panel-grid panel-no-style\"  data-style=\"{&quot;background_image_attachment&quot;:false,&quot;background_display&quot;:&quot;tile&quot;,&quot;cell_alignment&quot;:&quot;flex-start&quot;}\" >\n<div id=\"pgc-15034-0-0\"  class=\"panel-grid-cell\"  data-weight=\"1\" >\n<div id=\"panel-15034-0-0-0\" class=\"so-panel widget widget_sow-editor panel-first-child panel-last-child\" data-index=\"0\" data-style=\"{&quot;background_image_attachment&quot;:false,&quot;background_display&quot;:&quot;tile&quot;}\" >\n<div class=\"so-widget-sow-editor so-widget-sow-editor-base\">\n<div class=\"siteorigin-widget-tinymce textwidget\">\n<p><img decoding=\"async\" class=\"lazyload  wp-image-13726\" src=\"http:\/\/www.cklcomunicaciones.es\/wp-content\/uploads\/2018\/03\/CKL_comunicacion-con-perspetiva-de-genero-300x300.jpg\" data-orig-src=\"http:\/\/www.cklcomunicaciones.es\/wp-content\/uploads\/2018\/03\/CKL_comunicacion-con-perspetiva-de-genero-300x300.jpg\" alt=\"CKL_comunicacion con perspetiva de genero\" width=\"132\" height=\"132\" srcset=\"data:image\/svg+xml,%3Csvg%20xmlns%3D%27http%3A%2F%2Fwww.w3.org%2F2000%2Fsvg%27%20width%3D%27132%27%20height%3D%27132%27%20viewBox%3D%270%200%20132%20132%27%3E%3Crect%20width%3D%27132%27%20height%3D%27132%27%20fill-opacity%3D%220%22%2F%3E%3C%2Fsvg%3E\" data-srcset=\"https:\/\/cklcomunicaciones.es\/coop\/wp-content\/uploads\/2018\/03\/CKL_comunicacion-con-perspetiva-de-genero-150x150.jpg 150w, https:\/\/cklcomunicaciones.es\/coop\/wp-content\/uploads\/2018\/03\/CKL_comunicacion-con-perspetiva-de-genero-300x300.jpg 300w, https:\/\/cklcomunicaciones.es\/coop\/wp-content\/uploads\/2018\/03\/CKL_comunicacion-con-perspetiva-de-genero-450x450.jpg 450w, https:\/\/cklcomunicaciones.es\/coop\/wp-content\/uploads\/2018\/03\/CKL_comunicacion-con-perspetiva-de-genero.jpg 500w\" data-sizes=\"auto\" data-orig-sizes=\"(max-width: 132px) 100vw, 132px\" \/><\/p>\n<p id=\":16q\" class=\"hP\" tabindex=\"-1\" data-thread-perm-id=\"thread-f:1672455818620328492\" data-legacy-thread-id=\"1735c1b4bb665a2c\"><strong>Banco de Espa\u00f1a constata que se penaliza a la mujer por tener hijos: cobra un 11% menos tras ser madre-Ellas Crean: danza, m\u00fasica y poes\u00eda para la igualdad-La periodista Elsa Gonz\u00e1lez se incorpora a directiva FEDEPE<\/strong><\/p>\n<p>[toggle type=\u00bbfirst\u00bb title=\u00bbComunicaci\u00f3n\u00bb]<\/p>\n<p><u><a href=\"https:\/\/www.mujeremprendedora.net\/periodista-elsa-gonzalez-incorpora-junta-directiva-fedepe\/\">La periodista Elsa Gonz\u00e1lez se incorpora a la junta directiva de FEDEPE\u2026\u00a0<\/a><\/u>&#8211;<a href=\"http:\/\/mujeremprendedora.net\/\">mujeremprendedora.net<\/a><a href=\"https:\/\/www.google.com\/url?rct=j&amp;sa=t&amp;url=https:\/\/www.emartv.es\/2020\/07\/16\/informe-iam-medios-com-mujeres\/&amp;ct=ga&amp;cd=CAEYACoSMTkwMzg2NTI5MjE1NDA1MzE0Mhs5YWIxY2RkN2UzNjZlZjM4OmVzOmVzOkVTOlI&amp;usg=AFQjCNHPLxaMjrx8O8zc5lp9_zh2hYK9Bg\"><br \/>\nLa imagen de\u00a0las mujeres en\u00a0los medios de comunicaci\u00f3n\u00a0andaluces\u00a0est\u00e1 infrarrepresentada e &#8230;<\/a>&#8211;\u00a0EMA-RTV<\/p>\n<p><a href=\"https:\/\/elpais.com\/cultura\/2020-07-15\/prensa-underground-cuando-la-subversion-llegaba-a-traves-del-quiosco.html\">Prensa \u2018underground\u2019: cuando la subversi\u00f3n llegaba a trav\u00e9s del quiosco\u00a0\u00a0<\/a>&#8211; El Pa\u00eds<\/p>\n<p><a href=\"https:\/\/elpais.com\/tecnologia\/2020-07-16\/que-navegador-consume-menos-y-cual-asegura-mejor-mi-privacidad.html\">\u00bfQu\u00e9 navegador consume menos y cu\u00e1l asegura mejor mi privacidad?\u00a0<\/a>\u00a0&#8211; El Pa\u00eds<\/p>\n<p><a href=\"https:\/\/elpais.com\/tecnologia\/2020\/07\/15\/actualidad\/1594792915_701741.html\">La otra cara del \u2018deepfake\u2019: un intercambio de rostros para proteger a los m\u00e1s vulnerables<\/a>&#8211; El Pa\u00eds<a href=\"https:\/\/www.google.com\/url?rct=j&amp;sa=t&amp;url=https:\/\/theconversation.com\/las-redes-sociales-y-el-whatsapp-principales-formas-de-abuso-entre-parejas-adolescentes-136882&amp;ct=ga&amp;cd=CAEYACoTMTM5NTIzNjU4NzI2MjAyODY4MzIZZTFlNzdkMTU2MDk4YThlMzplczplczpFUw&amp;usg=AFQjCNEIYvwRD-6t5xAWFnCyIw41oMfuWw\"><br \/>\nLas redes sociales y el WhatsApp, principales formas de abuso entre parejas adolescentes<\/a>&#8211;\u00a0The Conversation Spain<\/p>\n<p><u><a href=\"https:\/\/elpais.com\/tecnologia\/2020-07-16\/mi-pulso-el-dia-que-mi-mujer-me-pidio-el-divorcio-compartir-datos-de-apps-de-tracking-el-nuevo-selfi.html\">\u2018Mi pulso el d\u00eda que mi mujer me pidi\u00f3 el divorcio\u2019: compartir datos de apps de \u2018tracking\u2019, el nuevo selfi<\/a><\/u>\u00a0\u2013El Pa\u00eds<\/p>\n<p>[\/toggle]<\/p>\n<p>[toggle type=\u00bbfirst\u00bb title=\u00bbAndaluc\u00eda\u00bb]<\/p>\n<p><strong>Econom\u00eda y Empresas<\/strong><\/p>\n<p><a href=\"https:\/\/elpais.com\/espana\/2020-07-15\/las-7100-temporeras-marroquies-atrapadas-en-huelva-empezaran-a-regresar-este-fin-de-semana.html\">Las 7.100 temporeras marroqu\u00edes atrapadas en Huelva empezar\u00e1n a regresar este fin de semana\u00a0<\/a>&#8211; El Pa\u00eds<\/p>\n<p><a href=\"https:\/\/www.mujeremprendedora.net\/nace-andalucia-emprendearth2030-primer-design-camp-educacion-emprendimiento-sostenible\/\">Nace en Andaluc\u00eda EmprendEARTH2030, el primer Design Camp de emprendimiento sostenible<\/a>\u00a0\u2013 Mujeremprendedora.net<a href=\"https:\/\/www.google.com\/url?rct=j&amp;sa=t&amp;url=https:\/\/okdiario.com\/andalucia\/cooperativas-andaluzas-impulsan-actividad-economica-empleo-durante-pandemia-5889568&amp;ct=ga&amp;cd=CAEYACoTODY0NDI5MjEyMzQ0MjQ0NTc0MDIbOTE4ODU3Y2Q2MGY5Nzc0ODplczplczpFUzpM&amp;usg=AFQjCNGTdacqtuHA2wqxv-GzrPT9DLfc6w\"><br \/>\nLas cooperativas andaluzas impulsan la actividad\u00a0econ\u00f3mica\u00a0y el empleo durante la pandemia<\/a>&#8211;\u00a0okdiario.com<\/p>\n<p><strong>Actualidad<\/strong><a href=\"https:\/\/www.google.com\/url?rct=j&amp;sa=t&amp;url=https:\/\/www.diariodecadiz.es\/cadiz\/lorena-garron-futuro-feminista-libre-violencia-machista_0_1483351954.html&amp;ct=ga&amp;cd=CAEYACoUMTQ3NzcwMTUwNjEyMDQ0Njg1MTIyGzlhYjFjZGQ3ZTM2NmVmMzg6ZXM6ZXM6RVM6Ug&amp;usg=AFQjCNHCRgXLiFdj3rTh_GjSOf0TB5bvbA\"><br \/>\nLorena Garr\u00f3n: \u00abDamos un paso m\u00e1s hacia un futuro feminista y libre de violencia machista\u00bb<\/a>&#8211;\u00a0Diario de C\u00e1diz<u><a href=\"https:\/\/www.google.com\/url?rct=j&amp;sa=t&amp;url=https:\/\/okdiario.com\/look\/estilo\/30-mujeres-espanolas-quiere-tener-sexo-desconocido-982529&amp;ct=ga&amp;cd=CAEYASoTNDg0MDE1MjA3MDkyMzkzMjk4MjIZYzAzNzJlYmMyZmVhZGE1OTplczplczpFUw&amp;usg=AFQjCNGKj0ZKk4-AcrWLxfBZqMTsQa-05Q\"><br \/>\nUn 30% de las\u00a0mujeres\u00a0espa\u00f1olas quiere tener sexo con un desconocido<\/a><\/u>&#8211;\u00a0<a href=\"http:\/\/okdiario.com\/\">okdiario.com<\/a><\/p>\n<p><u><a href=\"https:\/\/www.lamarea.com\/2020\/07\/17\/mujeres-muy-libres-que-casi-nunca-lo-fueron\/\">Mujeres muy libres que (casi) nunca lo fueron-\u00a0La Marea.com<\/a><\/u><\/p>\n<p><strong>Violencias<\/strong><\/p>\n<p><a href=\"https:\/\/www.google.com\/url?rct=j&amp;sa=t&amp;url=https:\/\/www.diariodealmeria.es\/almeria\/Instituto-Andaluz-Mujer-proyectos-dirigidos_0_1483051965.html&amp;ct=ga&amp;cd=CAEYACoUMTY5MDQwNjcwMTQwNzk0MzQ1ODMyGzlhYjFjZGQ3ZTM2NmVmMzg6ZXM6ZXM6RVM6Ug&amp;usg=AFQjCNGKobLYzfpN2wnWsjN9Dp45xW16fg\">El\u00a0Instituto Andaluz de la Mujer\u00a0presenta dos proyectos dirigidos a las v\u00edctimas de VioG\u00e9n<\/a>&#8211;\u00a0Diario de Almer\u00eda<\/p>\n<p><a href=\"https:\/\/www.google.com\/url?rct=j&amp;sa=t&amp;url=https:\/\/elmira.es\/15\/07\/2020\/un-verano-libre-de-violencias-machistas-gracias-al-instituto-andaluz-de-la-mujer\/&amp;ct=ga&amp;cd=CAEYASoUMTU5MzU3NDg4NTc1MDU1NzQyODcyGWUyZGVmYTdkNWRhOTE1N2Q6ZXM6ZXM6RVM&amp;usg=AFQjCNHZfKXvPCaBE_yGPWnPSPDZtpteww\">Un verano libre de\u00a0violencias\u00a0machistas gracias al Instituto Andaluz de la Mujer<\/a>&#8211;\u00a0El Mira<\/p>\n<p><u><a href=\"https:\/\/www.google.com\/url?rct=j&amp;sa=t&amp;url=https:\/\/www.diariojaen.es\/jaen\/campana-en-redes-sociales-para-difundir-recursos-contra-la-violencia-de-genero-KF7340693&amp;ct=ga&amp;cd=CAEYASoTNjY0MzIzMjI4MjA5MzEyNjg2NzIZZTJkZWZhN2Q1ZGE5MTU3ZDplczplczpFUw&amp;usg=AFQjCNH7VzZMBX7AtUn-3bXFUBw9IFExbg\">Campa\u00f1a en redes sociales para difundir recursos contra la\u00a0violencia de g\u00e9nero<\/a><\/u>&#8211;\u00a0Diario Ja\u00e9n<\/p>\n<p><u><a href=\"https:\/\/www.europapress.es\/andalucia\/huelva-00354\/noticia-aracena-huelva-suma-programa-viogen-proteccion-victimas-violencia-genero-20200716153405.html\">Aracena (Huelva) se suma al programa Viog\u00e9n de protecci\u00f3n &#8230;-Europa Press<\/a><\/u><\/p>\n<p><strong>Ciencia y Cultura<\/strong><\/p>\n<p><u><a href=\"https:\/\/www.eldiario.es\/andalucia\/almeria\/calar-alto-huelga-doctoras-astrofisicas-trabajando-precario-mayor-observatorio-europa-continental_1_6107964.html\">Calar Alto, en huelga: doctoras astrof\u00edsicas trabajando \u00aben precario\u00bb en el mayor observatorio de Europa continental<\/a>\u00a0<\/u>\u2013<a href=\"http:\/\/eldiario.es\/\">eldiario.es<\/a><\/p>\n<p><a href=\"https:\/\/www.google.com\/url?rct=j&amp;sa=t&amp;url=http:\/\/huelva24.com\/art\/139099\/comunicado-de-los-rectores-y-rectoras-de-las-diez-universidades-publicas-andaluzas&amp;ct=ga&amp;cd=CAEYACoUMTI1OTY1NTI0NzcwNTQzNDk1MDAyGWQ3OGU1ODc1YTBmMWYyYWM6ZXM6ZXM6RVM&amp;usg=AFQjCNExoU9tnL1Xb_MZGcwTZ4jrjqqpBw\">Comunicado de los Rectores y Rectoras de las diez universidades p\u00fablicas\u00a0andaluzas<\/a>&#8211;\u00a0Huelva24<\/p>\n<p><a href=\"https:\/\/elpais.com\/cultura\/2020-07-15\/lifting-a-la-herencia-nazari-del-real-alcazar-de-sevilla.html\">Lifting\u2019 a la herencia nazar\u00ed del Real Alc\u00e1zar de Sevilla<\/a>&#8211; El Pa\u00eds<\/p>\n<p><a href=\"https:\/\/elpais.com\/cultura\/2020-07-16\/mala-rodriguez-me-veo-en-los-logros-de-rosalia.html\">Mala Rodr\u00edguez: \u201cMe veo en los logros de Rosal\u00eda\u201d\u00a0<\/a>\u00a0&#8211; El Pa\u00eds<\/p>\n<p><u><a href=\"https:\/\/moroninformacion.es\/el-taller-grandes-mujeres-de-mi-tierra-flamenco-y-literatura-llega-a-su-fin\/\">El Taller &#8216;Grandes mujeres de mi tierra: Flamenco y Literatura ..-moroninformacion.com<\/a><\/u><\/p>\n<p><u><a href=\"https:\/\/www.efe.com\/efe\/espana\/cultura\/patronato-lorca-reabre-con-actividades-sobre-la-mujer-en-obra-lorquiana\/10005-4299088\">Patronato Lorca reabre con actividades sobre la mujer en la &#8230;-Efe-Noticias<\/a><\/u><\/p>\n<p><strong>Deporte<\/strong><a href=\"https:\/\/www.google.com\/url?rct=j&amp;sa=t&amp;url=https:\/\/cordopolis.es\/2020\/07\/16\/el-instituto-andaluz-de-la-mujer-respalda-al-cordoba-baloncesto-femenino\/&amp;ct=ga&amp;cd=CAEYACoTNTQ2MDczNTE5NDM5NTY1ODA3NTIbOWFiMWNkZDdlMzY2ZWYzODplczplczpFUzpS&amp;usg=AFQjCNHoyoUf8OZ5O9evNwDS4YTzE7FXOg\"><br \/>\nEl\u00a0Instituto Andaluz de la Mujer\u00a0respalda al C\u00f3rdoba Baloncesto Femenino<\/a>&#8211;\u00a0Cord\u00f3polis<\/p>\n<p><u><a href=\"https:\/\/www.granadadigital.es\/mas-de-300-expertos-abordan-la-nutricion-y-los-trastornos-de-la-alimentacion-en-el-deporte-femenino\/\">M\u00e1s de 300 expertos abordan la nutrici\u00f3n y los trastornos de la alimentaci\u00f3n en el deporte femenino&#8230;-granadadigital.com<\/a><\/u><\/p>\n<p><u><a href=\"https:\/\/www.laopiniondemalaga.es\/todo-deporte\/2020\/07\/17\/pepa-moreno-apuesta-renovacion-balonmano\/1178882.html\">Pepa Moreno apuesta por una renovaci\u00f3n en el balonmano&#8230;-La Opini\u00f3n M\u00e1laga<\/a><\/u><\/p>\n<p>[\/toggle]<\/p>\n<p>[toggle type=\u00bbfirst\u00bb title=\u00bbEstado\u00bb]<\/p>\n<p><strong>Institucional<\/strong><\/p>\n<p><a href=\"https:\/\/elpais.com\/economia\/2020-07-16\/el-banco-de-espana-constata-que-se-penaliza-a-la-mujer-por-tener-hijos-cobra-un-11-menos-tras-ser-madre.html\">El<\/a><a href=\"https:\/\/elpais.com\/economia\/2020-07-16\/el-banco-de-espana-constata-que-se-penaliza-a-la-mujer-por-tener-hijos-cobra-un-11-menos-tras-ser-madre.html\"> Banco de Espa\u00f1a constata que se penaliza a la mujer por tener hijos: cobra un 11% menos tras ser madre<\/a>&#8211; El Pa\u00eds<strong>\u00a0<\/strong><\/p>\n<p><strong>Institucional-CCAA<\/strong><a href=\"https:\/\/www.google.com\/url?rct=j&amp;sa=t&amp;url=https:\/\/www.aragondigital.es\/2020\/07\/15\/aragon-firma-un-protocolo-para-ejecutar-el-pacto-de-estado-en-materia-de-violencia-de-genero\/&amp;ct=ga&amp;cd=CAEYACoTMzkxOTcyNjM4ODgxOTMyOTcyNDIZZTFlNzdkMTU2MDk4YThlMzplczplczpFUw&amp;usg=AFQjCNEhEny-SESS0qwi26WzaUQY4_ETHg\"><br \/>\nArag\u00f3n firma un protocolo para ejecutar el Pacto de Estado en Materia de\u00a0Violencia de G\u00e9nero<\/a>&#8211;\u00a0Arag\u00f3n Digital<\/p>\n<p><a href=\"https:\/\/www.google.com\/url?rct=j&amp;sa=t&amp;url=https:\/\/www.elperiodicodearagon.com\/noticias\/aragon\/iam-seis-departamentos-ejecutivo-suscribiran-protocolo-violencia-genero_1428530.html&amp;ct=ga&amp;cd=CAEYASoUMTI4MzYxOTg1ODg1MTU1MTgxMTcyGWMwMzcyZWJjMmZlYWRhNTk6ZXM6ZXM6RVM&amp;usg=AFQjCNG8uqAsl0OkygvrHXkni6hiy5QYYw\">El Instituto Aragon\u00e9s de la Mujer y seis Departamentos del Ejecutivo suscribir\u00e1n un protocolo sobre violencia de g\u00e9nero<\/a>&#8211;\u00a0El Peri\u00f3dico de Arag\u00f3n<\/p>\n<p><a href=\"https:\/\/www.google.com\/url?rct=j&amp;sa=t&amp;url=https:\/\/www.lavanguardia.com\/local\/baleares\/20200715\/482328143156\/el-parlament-insta-al-govern-a-incluir-la-perspectiva-de-genero-en-los-protocolos-y-diagnosticos-sanitarios.html&amp;ct=ga&amp;cd=CAEYASoUMTIxOTYxMDU3MzQzNDU1MjQxODYyGWMwMzcyZWJjMmZlYWRhNTk6ZXM6ZXM6RVM&amp;usg=AFQjCNE2NzMdNsYdX1kbmICDFDlyhtYWig\">El Parlament insta al Govern a incluir la perspectiva de g\u00e9nero en los protocolos y diagn\u00f3sticos sanitarios&#8230;<\/a>&#8211;\u00a0La Vanguardia<u><a href=\"https:\/\/www.google.com\/url?rct=j&amp;sa=t&amp;url=https:\/\/www.tribunasalamanca.com\/noticias\/cinco-salmantinas-victimas-de-violencia-de-genero-participan-en-un-proyecto-de-terapia-con-perros\/1594912227&amp;ct=ga&amp;cd=CAEYACoTNjY0MzIzMjI4MjA5MzEyNjg2NzIZZTJkZWZhN2Q1ZGE5MTU3ZDplczplczpFUw&amp;usg=AFQjCNGsNJCmR0L8CLGjomibd-rIYK21Ow\"><br \/>\nCinco salmantinas v\u00edctimas de\u00a0violencia de g\u00e9nero\u00a0participan en un proyecto de terapia con perros<\/a><\/u>&#8211;\u00a0Tribuna de Salamanca<\/p>\n<p><u><a href=\"https:\/\/www.google.com\/url?rct=j&amp;sa=t&amp;url=https:\/\/www.elfaradio.com\/2020\/07\/16\/el-proyecto-europeo-incommon-trabaja-por-la-integracion-de-400-mujeres-migrantes-en-4-paises\/&amp;ct=ga&amp;cd=CAEYAioUMTM5Mzg3NzY2NjAzMjcwODE2MzIyGWMwMzcyZWJjMmZlYWRhNTk6ZXM6ZXM6RVM&amp;usg=AFQjCNF47zFtB7zTy6wjGPlkXiAHZNX7DQ\">El proyecto europeo &#8216;InCommon&#8217; trabaja por la integraci\u00f3n de 400\u00a0mujeres\u00a0migrantes en 4 pa\u00edses<\/a><\/u>&#8211;\u00a0El Faradio<\/p>\n<p><u><a href=\"https:\/\/www.google.com\/url?rct=j&amp;sa=t&amp;url=https:\/\/www.miciudadreal.es\/2020\/07\/16\/el-gobierno-regional-destaca-el-trabajo-que-realizan-los-centros-de-la-mujer-en-los-entornos-rurales\/&amp;ct=ga&amp;cd=CAEYACoTNzEzMDQ0ODIzMTI1NjYwMTAzMTIZYzAzNzJlYmMyZmVhZGE1OTplczplczpFUw&amp;usg=AFQjCNFmjQU9KxYLUWo5KwGmx58RNwzL3w\">El Gobierno regional destaca el trabajo que realizan los centros de la\u00a0mujer\u00a0en los entornos rurales<\/a><\/u>&#8211;\u00a0Mi Ciudad Real<\/p>\n<p><strong>Econom\u00eda y Empresas<\/strong><\/p>\n<p><a href=\"https:\/\/www.google.com\/url?rct=j&amp;sa=t&amp;url=http:\/\/www.feccoo-madrid.org\/noticia:514802--%25E2%2580%259CSe_debe_alcanzar_ya_un_acuerdo_en_los_reglamentos_de_planes_de_igualdad_y_en_la_igualdad_retributiva%25E2%2580%259D%26opc_id%3Dbacd9437e147e4e0f3495a9a4b0d7cbd&amp;ct=ga&amp;cd=CAEYASoUMTUxNjI2MjcxMjc2NDA2NzkxODcyGWMwMzcyZWJjMmZlYWRhNTk6ZXM6ZXM6RVM&amp;usg=AFQjCNFBxFx6ZsUiqk7s8Oo7aDJTOKXwow\">\u201cSe debe alcanzar ya un acuerdo en los reglamentos de planes de igualdad y en la igualdad retributiva&#8230;<\/a>&#8211;\u00a0Fecco<\/p>\n<p><a href=\"https:\/\/www.mujeremprendedora.net\/fundacion-asti-escuela-gobierno-universidad-complutense-nivel-exigencia-mujer-promocione-es-mucho-mas-alto\/\">\u201cEl nivel de exigencia para que una mujer promocione es mucho m\u00e1s alto\u201d<\/a>\u00a0\u2013 Mujeremprendedora.net<\/p>\n<p><strong>Actualidad<\/strong><\/p>\n<p><u><a href=\"https:\/\/elpais.com\/sociedad\/2020-07-16\/la-pobreza-severa-en-espana-el-30-trabaja-y-el-37-tiene-estudios-medios-o-altos.html\">La pobreza severa en Espa\u00f1a: el 30% trabaja y el 37% tiene estudios medios o altos<\/a><\/u>-El Pa\u00eds<u><a href=\"https:\/\/www.google.com\/url?rct=j&amp;sa=t&amp;url=https:\/\/www.cocemfe.es\/informate\/noticias\/empoderadasconsororidad-webinario-violencia-y-confinamiento-todas-sus-caras\/&amp;ct=ga&amp;cd=CAEYACoTNDg0MDE1MjA3MDkyMzkzMjk4MjIZYzAzNzJlYmMyZmVhZGE1OTplczplczpFUw&amp;usg=AFQjCNEcWbKmQD6Mtv-hvrxSvFyk6De7eA\"><br \/>\n#empoderadasconsororidad: Webinario &#8216;Violencia y Confinamiento. Todas sus caras&#8217;<\/a><\/u>&#8211; COCEMFE<\/p>\n<p><u>Barcelona, la ciudad espa\u00f1ola con m\u00e1s mujeres conduciendo &#8230;-<\/u>La Vanguardia<strong>\u00a0<\/strong><\/p>\n<p><strong>Violencias<\/strong><a href=\"https:\/\/www.google.com\/url?rct=j&amp;sa=t&amp;url=https:\/\/www.lavanguardia.com\/vida\/20200715\/482326028472\/govern-condena-con-minuto-de-silencio-ultimo-asesinato-de-mujer-en-barcelona.html&amp;ct=ga&amp;cd=CAEYACoTNjQyNDcwMjM0NTUwNDk3NTI1NzIZYzAzNzJlYmMyZmVhZGE1OTplczplczpFUw&amp;usg=AFQjCNH-Nku1gjvAAxdXeoyKOZxQiXKRJA\"><br \/>\nGovern condena con minuto de silencio \u00faltimo asesinato machista en Barcelona<\/a>&#8211;\u00a0La Vanguardia<\/p>\n<p><u><a href=\"https:\/\/www.eldiario.es\/sociedad\/suspendido-empleo-sueldo-durante-13-meses-profesor-urjc-denunciado-acoso-sexual-alumnas_1_6107785.html\">Suspendido de empleo y sueldo durante 13 meses el profesor de la URJC denunciado por acoso sexual a alumnas<\/a><\/u>-eldiario.es<strong>\u00a0<\/strong><\/p>\n<p><strong>Ciencia y Cultura<\/strong><\/p>\n<p><u><a href=\"https:\/\/www.google.com\/url?rct=j&amp;sa=t&amp;url=http:\/\/isanidad.com\/166507\/europa-destaca-proyecto-mopead-deteccion-precoz-alzheimer-big-data-coordina-espana\/&amp;ct=ga&amp;cd=CAEYASoUMTM5Mzg3NzY2NjAzMjcwODE2MzIyGWMwMzcyZWJjMmZlYWRhNTk6ZXM6ZXM6RVM&amp;usg=AFQjCNGb8dk8EHZmXXFGd_ysbquhXG1vlA\">Europa destaca el proyecto Mopead para la detecci\u00f3n precoz del Alzheimer con big data que &#8230;<\/a><\/u>&#8211; iSanidad<\/p>\n<p><a href=\"https:\/\/elpais.com\/educacion\/2020-07-15\/la-universidad-pierde-el-monopolio-de-las-mejores-salidas-profesionales.html\">La Universidad pierde el monopolio de las mejores salidas profesionales<\/a><u>\u00a0<\/u>\u2013El Pa\u00eds<a href=\"https:\/\/www.google.com\/url?rct=j&amp;sa=t&amp;url=https:\/\/www.20minutos.es\/noticia\/4325579\/0\/la-unidad-de-la-mujer-de-quironsalud-estrena-la-exposicion-en-tu-mirada\/&amp;ct=ga&amp;cd=CAEYACoTOTk1OTM0NzkxOTI5NTI4NjE2MjIZYzAzNzJlYmMyZmVhZGE1OTplczplczpFUw&amp;usg=AFQjCNGBYeWXWFw7DxdC5v-3cTxmXDHe6A\"><br \/>\nLa Unidad de la\u00a0Mujer\u00a0de Quir\u00f3nsalud estrena la exposici\u00f3n &#8216;En tu mirada&#8217;<\/a>&#8211; 20minutos<u><a href=\"https:\/\/www.google.com\/url?rct=j&amp;sa=t&amp;url=https:\/\/www.abc.es\/espana\/madrid\/abci-ellas-crean-danza-musica-y-poesia-para-igualdad-202007170123_noticia.html&amp;ct=ga&amp;cd=CAEYACoUMTE3NDU0MDczMjY1MDc5OTE3OTQyGWMwMzcyZWJjMmZlYWRhNTk6ZXM6ZXM6RVM&amp;usg=AFQjCNETn20GWNQe8AQRT7DmRtc6NKZ8HQ\"><br \/>\nEllas Crean: danza, m\u00fasica y poes\u00eda para la igualdad<\/a><\/u>&#8211;\u00a0Abc.es<\/p>\n<p><u><a href=\"https:\/\/www.gasteizhoy.com\/femme-roll-2-0\/\">Mujeres sobre el escenario: Femme &amp; Roll 2.0-Gasteizhoy.com<\/a><\/u><\/p>\n<p><strong>Deporte<\/strong><\/p>\n<p><u><a href=\"https:\/\/www.eldiariomontanes.es\/deportes\/ciclismo\/sandra-trevilla-bathco-20200716195755-ntvo.html\">Sandra Trevilla se une al Bathco\u00a0\u00a0\u2013El Diario Monta\u00f1es<\/a><\/u><\/p>\n<p><strong>\u00a0<\/strong>[\/toggle]<\/p>\n<p>[toggle type=\u00bbfirst\u00bb title=\u00bbInternacional\u00bb]<\/p>\n<p><u><a href=\"https:\/\/elpais.com\/economia\/2020-07-16\/lagarde-deja-intacta-la-politica-monetaria-a-la-espera-de-la-cumbre-europea-de-la-recuperacion.html\">Lagarde reclama a los l\u00edderes europeos un acuerdo r\u00e1pido y ambicioso contra la crisis<\/a><\/u>-El Pa\u00eds<\/p>\n<p><a href=\"https:\/\/www.google.com\/url?rct=j&amp;sa=t&amp;url=https:\/\/www.el19digital.com\/articulos\/ver\/titulo:105236-nicaragua-participa-en-reunion-del-consejo-de-ministras-de-la-mujer-de-centroamerica-y-republica-dominicana&amp;ct=ga&amp;cd=CAEYAyoTNDQ4NzI1NzQ3NTI1NTU2ODkxODIZYzAzNzJlYmMyZmVhZGE1OTplczplczpFUw&amp;usg=AFQjCNGPz9QnUoQiLrqmKR3k0VjzpYJ0EQ\">Nicaragua participa en reuni\u00f3n del Consejo de Ministras de la\u00a0Mujer\u00a0de Centroam\u00e9rica y Rep\u00fablica Dominicana&#8230;<\/a>&#8211;\u00a0El 19 Digital<a href=\"https:\/\/www.google.com\/url?rct=j&amp;sa=t&amp;url=https:\/\/www.lavanguardia.com\/cribeo\/fast-news\/20200715\/482324833217\/grupo-enfermeras-mexico-recibe-kit-sexual-agradecimiento-labor-pandemia.html&amp;ct=ga&amp;cd=CAEYAyoUMTEwMjE1MTg5MjY4NjYyMjA3NTQyGWMwMzcyZWJjMmZlYWRhNTk6ZXM6ZXM6RVM&amp;usg=AFQjCNHnYxGxCUIlSZ0yzV5iQO9p4cU-MA\"><br \/>\nUn grupo de enfermeras de M\u00e9xico recibe un \u201ckit sexual\u201d como agradecimiento por su labor &#8230;<\/a>&#8211;\u00a0La Vanguardia<\/p>\n<p><a href=\"https:\/\/www.google.com\/url?rct=j&amp;sa=t&amp;url=https:\/\/es.noticias.yahoo.com\/fotos-los-paises-latinos-que-permiten-el-matrimonio-infantil-y-la-mutilacion-femenina-102351860.html&amp;ct=ga&amp;cd=CAEYASoTNzMxMTc3MzI4MjE0NzA5ODc1MzIZZTJkZWZhN2Q1ZGE5MTU3ZDplczplczpFUw&amp;usg=AFQjCNFidjRdgE1SkLwQlalOaFDK-fPIiA\">Los pa\u00edses latinos que permiten el matrimonio infantil y la mutilaci\u00f3n femenina<\/a>&#8211;\u00a0Yahoo Noticias Espa\u00f1a<\/p>\n<p><a href=\"https:\/\/elpais.com\/elpais\/2020\/06\/19\/planeta_futuro\/1592554697_012712.html\">Ni cuarentena ni distanciamiento para las trabajadoras sexuales<\/a>-El Pa\u00eds<a href=\"https:\/\/www.google.com\/url?rct=j&amp;sa=t&amp;url=https:\/\/www.elperiodista.cl\/solo-una-mujer-de-7-miembros-integra-comite-cientifico-para-la-estrategia-nacional-de-vacunas-covid-19-en-chile\/&amp;ct=ga&amp;cd=CAEYASoTMTI0MTQzNTg0MjY2OTA0NjExNDIZYzAzNzJlYmMyZmVhZGE1OTplczplczpFUw&amp;usg=AFQjCNFPL8JUV8wNi3RwE6m8CNxbEyYtJw\"><br \/>\nS\u00f3lo una\u00a0mujer\u00a0(de 7 miembros) integra comit\u00e9 cient\u00edfico para la Estrategia Nacional de Vacunas &#8230;<\/a>&#8211;\u00a0El Periodista<a href=\"https:\/\/www.google.com\/url?rct=j&amp;sa=t&amp;url=https:\/\/www.tekcrispy.com\/2020\/07\/15\/lise-meitner\/&amp;ct=ga&amp;cd=CAEYAyoUMTc5NjU1NTI5MjUxNzI5Mjk4MzMyGWMwMzcyZWJjMmZlYWRhNTk6ZXM6ZXM6RVM&amp;usg=AFQjCNGOUAvAostIWYdtm4LBr7LC92wSTg\"><br \/>\nLise Meitner: la pionera de la f\u00edsica nuclear que mereci\u00f3 el Premio Nobel<\/a>&#8211;\u00a0TekCrispy<\/p>\n<p><u><a href=\"https:\/\/www.elmundo.es\/cultura\/literatura\/2020\/07\/16\/5f0c30b4fc6c839b298b45a8.html\">Leona Florentino, la madre de la literatura filipina que rugi\u00f3 al &#8230;-<\/a><\/u>El Mundo<\/p>\n<p><a href=\"https:\/\/elpais.com\/deportes\/2020-07-14\/la-wnba-insta-a-delle-donne-a-jugar-pese-a-su-enfermedad.html\">La WNBA insta a Delle Donne a jugar pese a su enfermedad<\/a>-El Pa\u00eds<\/p>\n<p>[\/toggle]<\/p>\n<\/div>\n<\/div>\n<\/div>\n<\/div>\n<\/div>\n<\/div>\n","protected":false},"excerpt":{"rendered":"<p>Banco de Espa\u00f1a constata que se penaliza a la mujer <a href=\"https:\/\/cklcomunicaciones.es\/coop\/noticias-info-ckl-no-2-481-17-07-20\/\">[&#8230;]<\/a><\/p>\n","protected":false},"author":3,"featured_media":0,"comment_status":"closed","ping_status":"closed","sticky":false,"template":"","format":"standard","meta":{"footnotes":""},"categories":[298,623],"tags":[103,213,219],"class_list":["post-15034","post","type-post","status-publish","format-standard","hentry","category-newsletter","category-nwl-2-0","tag-ckl","tag-comunicacion-inclusiva","tag-perspectiva-de-genero"],"yoast_head":"<!-- This site is optimized with the Yoast SEO plugin v27.5 - https:\/\/yoast.com\/product\/yoast-seo-wordpress\/ -->\n<title>Noticias Info CKL n\u00ba 2.481-17\/07\/20-Comunicar con perspectiva de g\u00e9nero<\/title>\n<meta name=\"description\" content=\"Comunicar con perspectiva de g\u00e9nero: Banco de Espa\u00f1a constata que se penaliza a la mujer por tener hijos: cobra un 11% menos tras ser madre-Ellas Crean...\" \/>\n<meta name=\"robots\" content=\"index, follow, max-snippet:-1, max-image-preview:large, max-video-preview:-1\" \/>\n<link rel=\"canonical\" href=\"https:\/\/cklcomunicaciones.es\/coop\/noticias-info-ckl-no-2-481-17-07-20\/\" \/>\n<meta property=\"og:locale\" content=\"es_ES\" \/>\n<meta property=\"og:type\" content=\"article\" \/>\n<meta property=\"og:title\" content=\"Noticias Info CKL n\u00ba 2.481-17\/07\/20-Comunicar con perspectiva de g\u00e9nero\" \/>\n<meta property=\"og:description\" content=\"Comunicar con perspectiva de g\u00e9nero: Banco de Espa\u00f1a constata que se penaliza a la mujer por tener hijos: cobra un 11% menos tras ser madre-Ellas Crean...\" \/>\n<meta property=\"og:url\" content=\"https:\/\/cklcomunicaciones.es\/coop\/noticias-info-ckl-no-2-481-17-07-20\/\" \/>\n<meta property=\"og:site_name\" content=\"CKL Comunicaciones\" \/>\n<meta property=\"article:published_time\" content=\"2020-07-17T09:43:34+00:00\" \/>\n<meta property=\"article:modified_time\" content=\"2025-01-17T15:47:34+00:00\" \/>\n<meta property=\"og:image\" content=\"https:\/\/cklcomunicaciones.es\/coop\/wp-content\/uploads\/2018\/03\/CKL_comunicacion-con-perspetiva-de-genero.jpg\" \/>\n\t<meta property=\"og:image:width\" content=\"500\" \/>\n\t<meta property=\"og:image:height\" content=\"500\" \/>\n\t<meta property=\"og:image:type\" content=\"image\/jpeg\" \/>\n<meta name=\"author\" content=\"ckl\" \/>\n<meta name=\"twitter:card\" content=\"summary_large_image\" \/>\n<meta name=\"twitter:label1\" content=\"Escrito por\" \/>\n\t<meta name=\"twitter:data1\" content=\"ckl\" \/>\n\t<meta name=\"twitter:label2\" content=\"Tiempo de lectura\" \/>\n\t<meta name=\"twitter:data2\" content=\"5 minutos\" \/>\n<script type=\"application\/ld+json\" class=\"yoast-schema-graph\">{\"@context\":\"https:\\\/\\\/schema.org\",\"@graph\":[{\"@type\":\"Article\",\"@id\":\"https:\\\/\\\/cklcomunicaciones.es\\\/coop\\\/noticias-info-ckl-no-2-481-17-07-20\\\/#article\",\"isPartOf\":{\"@id\":\"https:\\\/\\\/cklcomunicaciones.es\\\/coop\\\/noticias-info-ckl-no-2-481-17-07-20\\\/\"},\"author\":{\"name\":\"ckl\",\"@id\":\"https:\\\/\\\/cklcomunicaciones.es\\\/coop\\\/#\\\/schema\\\/person\\\/929a6837f7626450bbb50cee1aef266e\"},\"headline\":\"Noticias Info CKL n\u00ba 2.481-17\\\/07\\\/20\",\"datePublished\":\"2020-07-17T09:43:34+00:00\",\"dateModified\":\"2025-01-17T15:47:34+00:00\",\"mainEntityOfPage\":{\"@id\":\"https:\\\/\\\/cklcomunicaciones.es\\\/coop\\\/noticias-info-ckl-no-2-481-17-07-20\\\/\"},\"wordCount\":1007,\"image\":{\"@id\":\"https:\\\/\\\/cklcomunicaciones.es\\\/coop\\\/noticias-info-ckl-no-2-481-17-07-20\\\/#primaryimage\"},\"thumbnailUrl\":\"http:\\\/\\\/www.cklcomunicaciones.es\\\/wp-content\\\/uploads\\\/2018\\\/03\\\/CKL_comunicacion-con-perspetiva-de-genero-300x300.jpg\",\"keywords\":[\"CKL\",\"comunicaci\u00f3n inclusiva\",\"perspectiva de g\u00e9nero\"],\"articleSection\":[\"Newsletter\",\"Nwl v2.0\"],\"inLanguage\":\"es\"},{\"@type\":\"WebPage\",\"@id\":\"https:\\\/\\\/cklcomunicaciones.es\\\/coop\\\/noticias-info-ckl-no-2-481-17-07-20\\\/\",\"url\":\"https:\\\/\\\/cklcomunicaciones.es\\\/coop\\\/noticias-info-ckl-no-2-481-17-07-20\\\/\",\"name\":\"Noticias Info CKL n\u00ba 2.481-17\\\/07\\\/20-Comunicar con perspectiva de g\u00e9nero\",\"isPartOf\":{\"@id\":\"https:\\\/\\\/cklcomunicaciones.es\\\/coop\\\/#website\"},\"primaryImageOfPage\":{\"@id\":\"https:\\\/\\\/cklcomunicaciones.es\\\/coop\\\/noticias-info-ckl-no-2-481-17-07-20\\\/#primaryimage\"},\"image\":{\"@id\":\"https:\\\/\\\/cklcomunicaciones.es\\\/coop\\\/noticias-info-ckl-no-2-481-17-07-20\\\/#primaryimage\"},\"thumbnailUrl\":\"http:\\\/\\\/www.cklcomunicaciones.es\\\/wp-content\\\/uploads\\\/2018\\\/03\\\/CKL_comunicacion-con-perspetiva-de-genero-300x300.jpg\",\"datePublished\":\"2020-07-17T09:43:34+00:00\",\"dateModified\":\"2025-01-17T15:47:34+00:00\",\"author\":{\"@id\":\"https:\\\/\\\/cklcomunicaciones.es\\\/coop\\\/#\\\/schema\\\/person\\\/929a6837f7626450bbb50cee1aef266e\"},\"description\":\"Comunicar con perspectiva de g\u00e9nero: Banco de Espa\u00f1a constata que se penaliza a la mujer por tener hijos: cobra un 11% menos tras ser madre-Ellas Crean...\",\"breadcrumb\":{\"@id\":\"https:\\\/\\\/cklcomunicaciones.es\\\/coop\\\/noticias-info-ckl-no-2-481-17-07-20\\\/#breadcrumb\"},\"inLanguage\":\"es\",\"potentialAction\":[{\"@type\":\"ReadAction\",\"target\":[\"https:\\\/\\\/cklcomunicaciones.es\\\/coop\\\/noticias-info-ckl-no-2-481-17-07-20\\\/\"]}]},{\"@type\":\"ImageObject\",\"inLanguage\":\"es\",\"@id\":\"https:\\\/\\\/cklcomunicaciones.es\\\/coop\\\/noticias-info-ckl-no-2-481-17-07-20\\\/#primaryimage\",\"url\":\"http:\\\/\\\/www.cklcomunicaciones.es\\\/wp-content\\\/uploads\\\/2018\\\/03\\\/CKL_comunicacion-con-perspetiva-de-genero-300x300.jpg\",\"contentUrl\":\"http:\\\/\\\/www.cklcomunicaciones.es\\\/wp-content\\\/uploads\\\/2018\\\/03\\\/CKL_comunicacion-con-perspetiva-de-genero-300x300.jpg\"},{\"@type\":\"BreadcrumbList\",\"@id\":\"https:\\\/\\\/cklcomunicaciones.es\\\/coop\\\/noticias-info-ckl-no-2-481-17-07-20\\\/#breadcrumb\",\"itemListElement\":[{\"@type\":\"ListItem\",\"position\":1,\"name\":\"Portada\",\"item\":\"https:\\\/\\\/cklcomunicaciones.es\\\/coop\\\/\"},{\"@type\":\"ListItem\",\"position\":2,\"name\":\"Noticias Info CKL n\u00ba 2.481-17\\\/07\\\/20\"}]},{\"@type\":\"WebSite\",\"@id\":\"https:\\\/\\\/cklcomunicaciones.es\\\/coop\\\/#website\",\"url\":\"https:\\\/\\\/cklcomunicaciones.es\\\/coop\\\/\",\"name\":\"CKL Comunicaciones\",\"description\":\"Sitio web de CKL Comunicaciones coop , la consultora de comunicaci\u00f3n y estrategia\",\"potentialAction\":[{\"@type\":\"SearchAction\",\"target\":{\"@type\":\"EntryPoint\",\"urlTemplate\":\"https:\\\/\\\/cklcomunicaciones.es\\\/coop\\\/?s={search_term_string}\"},\"query-input\":{\"@type\":\"PropertyValueSpecification\",\"valueRequired\":true,\"valueName\":\"search_term_string\"}}],\"inLanguage\":\"es\"},{\"@type\":\"Person\",\"@id\":\"https:\\\/\\\/cklcomunicaciones.es\\\/coop\\\/#\\\/schema\\\/person\\\/929a6837f7626450bbb50cee1aef266e\",\"name\":\"ckl\",\"image\":{\"@type\":\"ImageObject\",\"inLanguage\":\"es\",\"@id\":\"https:\\\/\\\/secure.gravatar.com\\\/avatar\\\/c82db564e8a669bf6023357a157b9dc4780f4d4c618f2ad1d71a6a5dede45057?s=96&d=mm&r=g\",\"url\":\"https:\\\/\\\/secure.gravatar.com\\\/avatar\\\/c82db564e8a669bf6023357a157b9dc4780f4d4c618f2ad1d71a6a5dede45057?s=96&d=mm&r=g\",\"contentUrl\":\"https:\\\/\\\/secure.gravatar.com\\\/avatar\\\/c82db564e8a669bf6023357a157b9dc4780f4d4c618f2ad1d71a6a5dede45057?s=96&d=mm&r=g\",\"caption\":\"ckl\"},\"url\":\"https:\\\/\\\/cklcomunicaciones.es\\\/coop\\\/author\\\/cklcomunicaciones\\\/\"}]}<\/script>\n<!-- \/ Yoast SEO plugin. -->","yoast_head_json":{"title":"Noticias Info CKL n\u00ba 2.481-17\/07\/20-Comunicar con perspectiva de g\u00e9nero","description":"Comunicar con perspectiva de g\u00e9nero: Banco de Espa\u00f1a constata que se penaliza a la mujer por tener hijos: cobra un 11% menos tras ser madre-Ellas Crean...","robots":{"index":"index","follow":"follow","max-snippet":"max-snippet:-1","max-image-preview":"max-image-preview:large","max-video-preview":"max-video-preview:-1"},"canonical":"https:\/\/cklcomunicaciones.es\/coop\/noticias-info-ckl-no-2-481-17-07-20\/","og_locale":"es_ES","og_type":"article","og_title":"Noticias Info CKL n\u00ba 2.481-17\/07\/20-Comunicar con perspectiva de g\u00e9nero","og_description":"Comunicar con perspectiva de g\u00e9nero: Banco de Espa\u00f1a constata que se penaliza a la mujer por tener hijos: cobra un 11% menos tras ser madre-Ellas Crean...","og_url":"https:\/\/cklcomunicaciones.es\/coop\/noticias-info-ckl-no-2-481-17-07-20\/","og_site_name":"CKL Comunicaciones","article_published_time":"2020-07-17T09:43:34+00:00","article_modified_time":"2025-01-17T15:47:34+00:00","og_image":[{"width":500,"height":500,"url":"https:\/\/cklcomunicaciones.es\/coop\/wp-content\/uploads\/2018\/03\/CKL_comunicacion-con-perspetiva-de-genero.jpg","type":"image\/jpeg"}],"author":"ckl","twitter_card":"summary_large_image","twitter_misc":{"Escrito por":"ckl","Tiempo de lectura":"5 minutos"},"schema":{"@context":"https:\/\/schema.org","@graph":[{"@type":"Article","@id":"https:\/\/cklcomunicaciones.es\/coop\/noticias-info-ckl-no-2-481-17-07-20\/#article","isPartOf":{"@id":"https:\/\/cklcomunicaciones.es\/coop\/noticias-info-ckl-no-2-481-17-07-20\/"},"author":{"name":"ckl","@id":"https:\/\/cklcomunicaciones.es\/coop\/#\/schema\/person\/929a6837f7626450bbb50cee1aef266e"},"headline":"Noticias Info CKL n\u00ba 2.481-17\/07\/20","datePublished":"2020-07-17T09:43:34+00:00","dateModified":"2025-01-17T15:47:34+00:00","mainEntityOfPage":{"@id":"https:\/\/cklcomunicaciones.es\/coop\/noticias-info-ckl-no-2-481-17-07-20\/"},"wordCount":1007,"image":{"@id":"https:\/\/cklcomunicaciones.es\/coop\/noticias-info-ckl-no-2-481-17-07-20\/#primaryimage"},"thumbnailUrl":"http:\/\/www.cklcomunicaciones.es\/wp-content\/uploads\/2018\/03\/CKL_comunicacion-con-perspetiva-de-genero-300x300.jpg","keywords":["CKL","comunicaci\u00f3n inclusiva","perspectiva de g\u00e9nero"],"articleSection":["Newsletter","Nwl v2.0"],"inLanguage":"es"},{"@type":"WebPage","@id":"https:\/\/cklcomunicaciones.es\/coop\/noticias-info-ckl-no-2-481-17-07-20\/","url":"https:\/\/cklcomunicaciones.es\/coop\/noticias-info-ckl-no-2-481-17-07-20\/","name":"Noticias Info CKL n\u00ba 2.481-17\/07\/20-Comunicar con perspectiva de g\u00e9nero","isPartOf":{"@id":"https:\/\/cklcomunicaciones.es\/coop\/#website"},"primaryImageOfPage":{"@id":"https:\/\/cklcomunicaciones.es\/coop\/noticias-info-ckl-no-2-481-17-07-20\/#primaryimage"},"image":{"@id":"https:\/\/cklcomunicaciones.es\/coop\/noticias-info-ckl-no-2-481-17-07-20\/#primaryimage"},"thumbnailUrl":"http:\/\/www.cklcomunicaciones.es\/wp-content\/uploads\/2018\/03\/CKL_comunicacion-con-perspetiva-de-genero-300x300.jpg","datePublished":"2020-07-17T09:43:34+00:00","dateModified":"2025-01-17T15:47:34+00:00","author":{"@id":"https:\/\/cklcomunicaciones.es\/coop\/#\/schema\/person\/929a6837f7626450bbb50cee1aef266e"},"description":"Comunicar con perspectiva de g\u00e9nero: Banco de Espa\u00f1a constata que se penaliza a la mujer por tener hijos: cobra un 11% menos tras ser madre-Ellas Crean...","breadcrumb":{"@id":"https:\/\/cklcomunicaciones.es\/coop\/noticias-info-ckl-no-2-481-17-07-20\/#breadcrumb"},"inLanguage":"es","potentialAction":[{"@type":"ReadAction","target":["https:\/\/cklcomunicaciones.es\/coop\/noticias-info-ckl-no-2-481-17-07-20\/"]}]},{"@type":"ImageObject","inLanguage":"es","@id":"https:\/\/cklcomunicaciones.es\/coop\/noticias-info-ckl-no-2-481-17-07-20\/#primaryimage","url":"http:\/\/www.cklcomunicaciones.es\/wp-content\/uploads\/2018\/03\/CKL_comunicacion-con-perspetiva-de-genero-300x300.jpg","contentUrl":"http:\/\/www.cklcomunicaciones.es\/wp-content\/uploads\/2018\/03\/CKL_comunicacion-con-perspetiva-de-genero-300x300.jpg"},{"@type":"BreadcrumbList","@id":"https:\/\/cklcomunicaciones.es\/coop\/noticias-info-ckl-no-2-481-17-07-20\/#breadcrumb","itemListElement":[{"@type":"ListItem","position":1,"name":"Portada","item":"https:\/\/cklcomunicaciones.es\/coop\/"},{"@type":"ListItem","position":2,"name":"Noticias Info CKL n\u00ba 2.481-17\/07\/20"}]},{"@type":"WebSite","@id":"https:\/\/cklcomunicaciones.es\/coop\/#website","url":"https:\/\/cklcomunicaciones.es\/coop\/","name":"CKL Comunicaciones","description":"Sitio web de CKL Comunicaciones coop , la consultora de comunicaci\u00f3n y estrategia","potentialAction":[{"@type":"SearchAction","target":{"@type":"EntryPoint","urlTemplate":"https:\/\/cklcomunicaciones.es\/coop\/?s={search_term_string}"},"query-input":{"@type":"PropertyValueSpecification","valueRequired":true,"valueName":"search_term_string"}}],"inLanguage":"es"},{"@type":"Person","@id":"https:\/\/cklcomunicaciones.es\/coop\/#\/schema\/person\/929a6837f7626450bbb50cee1aef266e","name":"ckl","image":{"@type":"ImageObject","inLanguage":"es","@id":"https:\/\/secure.gravatar.com\/avatar\/c82db564e8a669bf6023357a157b9dc4780f4d4c618f2ad1d71a6a5dede45057?s=96&d=mm&r=g","url":"https:\/\/secure.gravatar.com\/avatar\/c82db564e8a669bf6023357a157b9dc4780f4d4c618f2ad1d71a6a5dede45057?s=96&d=mm&r=g","contentUrl":"https:\/\/secure.gravatar.com\/avatar\/c82db564e8a669bf6023357a157b9dc4780f4d4c618f2ad1d71a6a5dede45057?s=96&d=mm&r=g","caption":"ckl"},"url":"https:\/\/cklcomunicaciones.es\/coop\/author\/cklcomunicaciones\/"}]}},"_links":{"self":[{"href":"https:\/\/cklcomunicaciones.es\/coop\/wp-json\/wp\/v2\/posts\/15034","targetHints":{"allow":["GET"]}}],"collection":[{"href":"https:\/\/cklcomunicaciones.es\/coop\/wp-json\/wp\/v2\/posts"}],"about":[{"href":"https:\/\/cklcomunicaciones.es\/coop\/wp-json\/wp\/v2\/types\/post"}],"author":[{"embeddable":true,"href":"https:\/\/cklcomunicaciones.es\/coop\/wp-json\/wp\/v2\/users\/3"}],"replies":[{"embeddable":true,"href":"https:\/\/cklcomunicaciones.es\/coop\/wp-json\/wp\/v2\/comments?post=15034"}],"version-history":[{"count":0,"href":"https:\/\/cklcomunicaciones.es\/coop\/wp-json\/wp\/v2\/posts\/15034\/revisions"}],"wp:attachment":[{"href":"https:\/\/cklcomunicaciones.es\/coop\/wp-json\/wp\/v2\/media?parent=15034"}],"wp:term":[{"taxonomy":"category","embeddable":true,"href":"https:\/\/cklcomunicaciones.es\/coop\/wp-json\/wp\/v2\/categories?post=15034"},{"taxonomy":"post_tag","embeddable":true,"href":"https:\/\/cklcomunicaciones.es\/coop\/wp-json\/wp\/v2\/tags?post=15034"}],"curies":[{"name":"wp","href":"https:\/\/api.w.org\/{rel}","templated":true}]}}