{"id":15030,"date":"2020-07-13T14:39:24","date_gmt":"2020-07-13T12:39:24","guid":{"rendered":"http:\/\/www.cklcomunicaciones.es\/?p=15030"},"modified":"2025-01-17T16:47:34","modified_gmt":"2025-01-17T15:47:34","slug":"noticias-info-ckl-no-2-479-13-07-20","status":"publish","type":"post","link":"https:\/\/cklcomunicaciones.es\/coop\/noticias-info-ckl-no-2-479-13-07-20\/","title":{"rendered":"Noticias Info CKL n\u00ba 2.479-13\/07\/20"},"content":{"rendered":"<div id=\"pl-15030\"  class=\"panel-layout\" >\n<div id=\"pg-15030-0\"  class=\"panel-grid panel-no-style\"  data-style=\"{&quot;background_image_attachment&quot;:false,&quot;background_display&quot;:&quot;tile&quot;,&quot;cell_alignment&quot;:&quot;flex-start&quot;}\" >\n<div id=\"pgc-15030-0-0\"  class=\"panel-grid-cell\"  data-weight=\"1\" >\n<div id=\"panel-15030-0-0-0\" class=\"so-panel widget widget_sow-editor panel-first-child panel-last-child\" data-index=\"0\" data-style=\"{&quot;background_image_attachment&quot;:false,&quot;background_display&quot;:&quot;tile&quot;}\" >\n<div class=\"so-widget-sow-editor so-widget-sow-editor-base\">\n<div class=\"siteorigin-widget-tinymce textwidget\">\n<p><img decoding=\"async\" class=\"lazyload  wp-image-13726\" src=\"http:\/\/www.cklcomunicaciones.es\/wp-content\/uploads\/2018\/03\/CKL_comunicacion-con-perspetiva-de-genero-300x300.jpg\" data-orig-src=\"http:\/\/www.cklcomunicaciones.es\/wp-content\/uploads\/2018\/03\/CKL_comunicacion-con-perspetiva-de-genero-300x300.jpg\" alt=\"CKL_comunicacion con perspetiva de genero\" width=\"132\" height=\"132\" srcset=\"data:image\/svg+xml,%3Csvg%20xmlns%3D%27http%3A%2F%2Fwww.w3.org%2F2000%2Fsvg%27%20width%3D%27132%27%20height%3D%27132%27%20viewBox%3D%270%200%20132%20132%27%3E%3Crect%20width%3D%27132%27%20height%3D%27132%27%20fill-opacity%3D%220%22%2F%3E%3C%2Fsvg%3E\" data-srcset=\"https:\/\/cklcomunicaciones.es\/coop\/wp-content\/uploads\/2018\/03\/CKL_comunicacion-con-perspetiva-de-genero-150x150.jpg 150w, https:\/\/cklcomunicaciones.es\/coop\/wp-content\/uploads\/2018\/03\/CKL_comunicacion-con-perspetiva-de-genero-300x300.jpg 300w, https:\/\/cklcomunicaciones.es\/coop\/wp-content\/uploads\/2018\/03\/CKL_comunicacion-con-perspetiva-de-genero-450x450.jpg 450w, https:\/\/cklcomunicaciones.es\/coop\/wp-content\/uploads\/2018\/03\/CKL_comunicacion-con-perspetiva-de-genero.jpg 500w\" data-sizes=\"auto\" data-orig-sizes=\"(max-width: 132px) 100vw, 132px\" \/><\/p>\n<p id=\":ox\" class=\"hP\" tabindex=\"-1\" data-thread-perm-id=\"thread-f:1671644464695813528\" data-legacy-thread-id=\"1732dfc8acf12598\"><strong>La mujer debe ser eje de la econom\u00eda mundial pos pandemia-D\u00edaz premiar\u00e1 por contratar a mujeres que cobran el IMV-Las mujeres en los medios: menos presencia y en \u00e1mbitos + feminizados-Dibujand<wbr><\/wbr>o a una superhero\u00edna<\/strong><\/p>\n<p>[toggle type=\u00bbfirst\u00bb title=\u00bbComunicaci\u00f3n\u00bb]<\/p>\n<p><u><a href=\"https:\/\/www.juntadeandalucia.es\/presidencia\/portavoz\/153226\/RocioRuiz\/Mujeres\/IAM\/informe\/Mediosdecomunicacion\/Publicidad\">Las mujeres en los medios: menos presencia y concentrada en los \u00e1mbitos m\u00e1s feminizados<\/a><\/u>\u00a0\u2013Oficina del Portavoz<\/p>\n<p><u><a href=\"https:\/\/elpais.com\/cultura\/2020-07-12\/christiane-amanpour-han-politizado-el-virus-y-eso-era-lo-mas-peligroso.html\">Christiane Amanpour, periodista: \u201cHan politizado el virus y eso era lo m\u00e1s peligroso\u201d<\/a><\/u>&#8211; El Pa\u00eds<\/p>\n<p><u><a href=\"https:\/\/www.google.com\/url?rct=j&amp;sa=t&amp;url=https:\/\/www.eldia.es\/cultura\/2020\/07\/11\/islas-censuran-365-dias\/1093430.html&amp;ct=ga&amp;cd=CAEYBSoUMTUzNzk1NzM3NzEwOTU5OTkzMDcyGWMwMzcyZWJjMmZlYWRhNTk6ZXM6ZXM6RVM&amp;usg=AFQjCNFcJQJrmQ8eDv-SFzlhvaldQBcIXQ\">Las Islas censuran &#8216;365 d\u00edas&#8217;<\/a><\/u>&#8211;\u00a0<a href=\"http:\/\/eldia.es\/\">eldia.es<\/a><\/p>\n<p><u><a href=\"https:\/\/www.eldiario.es\/redaccion\/nueva-revista-eldiario-publico-rescate-ciudadanos_132_6095248.html\">La nueva revista de elDiario.es: Lo p\u00fablico, al rescate de los ciudadanos<\/a><\/u>&#8211;\u00a0eldiario.es<\/p>\n<p><u><a href=\"https:\/\/elpais.com\/tecnologia\/2020-07-11\/cuanto-dioxido-de-carbono-se-emite-al-enviar-un-tuit-hacer-una-busqueda-o-ver-un-video-de-youtube.html\">\u00bfCu\u00e1nto contamina enviar un tuit, hacer una b\u00fasqueda en Internet o ver un v\u00eddeo de Youtube?<\/a><\/u>-El Pa\u00eds<\/p>\n<p>[\/toggle]<\/p>\n<p>[toggle type=\u00bbfirst\u00bb title=\u00bbAndaluc\u00eda\u00bb]<\/p>\n<p><strong>Institucional<\/strong><\/p>\n<p><u><a href=\"https:\/\/www.google.com\/url?rct=j&amp;sa=t&amp;url=https:\/\/europatropical.net\/2020\/07\/09\/moreno-apela-a-la-colaboracion-publico-privada-para-la-recuperacion-economica-y-social-de-andalucia\/&amp;ct=ga&amp;cd=CAEYACoUMTE2NTc3MjYxOTk3NDUzMDg4MzIyGWQ3OGU1ODc1YTBmMWYyYWM6ZXM6ZXM6RVM&amp;usg=AFQjCNE7lNMhlFz8Q1Be-BTopuIAdGRXbg\">Moreno apela a la colaboraci\u00f3n p\u00fablico-privada para la recuperaci\u00f3n\u00a0econ\u00f3mica\u00a0y\u00a0social de\u00a0&#8230;<\/a><\/u>&#8211;\u00a0Europatropical<\/p>\n<p><strong>Econom\u00eda y Empresas<\/strong><\/p>\n<p><u><a href=\"https:\/\/www.mujeremprendedora.net\/llega-octava-edicion-programa-aceleracion-startups-minerva\/\">Llega la octava edici\u00f3n del programa de aceleraci\u00f3n de startups Minerva<\/a><\/u>\u00a0\u2013mujeremprendedora.net<\/p>\n<p><u><a href=\"https:\/\/www.juntadeandalucia.es\/presidencia\/portavoz\/153137\/igualdadpoliticassocialesyconciliacion\/institutoandaluzdelajuventud\/iaj\/daviidmorales\/ata\/convenio\/covid19\/jovenesautonomos\/emprendedores\/tutorizacion\">El IAJ y ATA se unen para asesorar a los j\u00f3venes aut\u00f3nomos para afrontar la crisis por el Covid-19<\/a><\/u>\u2013Oficina del Portavoz<\/p>\n<p><u><a href=\"https:\/\/www.vidaeconomica.com\/2020\/07\/andalucia-open-future-alhambra-venture\/\">Startups de &#8216;Andaluc\u00eda Open Future&#8217; mantienen m\u00e1s de 100 &#8230;-vidaecon\u00f3mica.com<\/a><\/u><\/p>\n<p><u><a href=\"http:\/\/www.teleprensa.com\/es\/nacional\/andalucia\/malaga\/el-iaj-acerca-a-los-jovenes-malaguenos-el-mundo-del-cooperativismo.html\">El IAJ acerca a los j\u00f3venes malague\u00f1os el mundo del cooperativismo&#8230;-teleprensa.com<\/a><\/u><\/p>\n<p><strong>Actualidad<\/strong><\/p>\n<p><u><a href=\"https:\/\/www.google.com\/url?rct=j&amp;sa=t&amp;url=https:\/\/www.granadadigital.es\/hasta-130-mujeres-y-menores-de-los-centros-de-acogida-del-iam-disfrutaran-de-un-verano-libre-de-violencia\/&amp;ct=ga&amp;cd=CAEYASoTNDkzMjM0MzkyMTcxMjAwMTUxMDIbOWFiMWNkZDdlMzY2ZWYzODplczplczpFUzpS&amp;usg=AFQjCNH9l_mwq4B-nrU9ftjt8kZ9iJSXTQ\">Hasta 130 mujeres y menores de los centros de acogida del IAM disfrutar\u00e1n de un verano libre de violencia &#8230;<\/a><\/u>&#8211;\u00a0GranadaDigital<\/p>\n<p><u><a href=\"https:\/\/www.juntadeandalucia.es\/presidencia\/portavoz\/153183\/igualdadpoliticassocialesyconciliacion\/rocioruiz\/parlamentoandaluz\/comisionparalarecuperacioneconomicaysocial\/covid19\/dependencia\/rentaminimadeinsercionsocial\/tarjetamonedero\">Igualdad moviliza 457 millones de euros para la respuesta social a la crisis del Covid-19 en Andaluc\u00eda<\/a><\/u>&#8211; Oficina del Portavoz<\/p>\n<p><u>Fernando Sim\u00f3n y tres ministros \u00abpasan\u00bb de la comisi\u00f3n de recuperaci\u00f3n econ\u00f3mica&#8230;-okdiario<\/u><\/p>\n<p><strong>Violencias<\/strong><\/p>\n<p><u><a href=\"https:\/\/www.google.com\/url?rct=j&amp;sa=t&amp;url=https:\/\/www.lavozdealmeria.com\/noticia\/12\/almeria\/197077\/el-iam-atiende-1-384-mujeres-por-violencia-machista-en-la-pandemia&amp;ct=ga&amp;cd=CAEYACoUMTY2MDY4NTc2MjM5NTcwMzI1MjMyGzlhYjFjZGQ3ZTM2NmVmMzg6ZXM6ZXM6RVM6Ug&amp;usg=AFQjCNGLl98vBzHYc-CDJTnuz-r28YSxww\">El IAM atiende 1.384 mujeres en Almer\u00eda por violencia machista en la pandemia<\/a>&#8211;<\/u>\u00a0La Voz de Almer\u00eda<strong>\u00a0<\/strong><\/p>\n<p><strong>Ciencia y Cultura<\/strong><\/p>\n<p><u><a href=\"https:\/\/www.cordobabn.com\/articulo\/cultura\/noche-investigadores-micro-cuentos-bares-ciencia-balcones-talleres-virtuales\/20200713121201052743.html\">La Noche Europea de los Investigadores: microcuentos en\u2026\u00a0\u2013C\u00f3rdoba Buenas Noticias<\/a><\/u><\/p>\n<p><u><a href=\"https:\/\/www.google.com\/url?rct=j&amp;sa=t&amp;url=https:\/\/huelvaya.es\/2020\/07\/10\/cultura-participara-en-el-proyecto-de-concienciacion-contra-la-violencia-de-genero\/&amp;ct=ga&amp;cd=CAEYASoUMTIzMjI2MzE5NTg3ODY5MDg5MjMyGWUxZTc3ZDE1NjA5OGE4ZTM6ZXM6ZXM6RVM&amp;usg=AFQjCNFqJeFfEwqf-H8Jo8uU6Pagpcco1A\">Cultura participar\u00e1 en el proyecto de concienciaci\u00f3n contra la\u00a0violencia de g\u00e9nero<\/a><\/u>&#8211;\u00a0HuelvaYA<\/p>\n<p><u><a href=\"http:\/\/www.teleprensa.com\/es\/nacional\/andalucia\/jaen\/desarrollan-en-la-uja-una-tecnica-portatil-que-identifica-el-origen-natural-del-lapislazuli-en-monumentos.html\">Desarrollan en la UJA una t\u00e9cnica port\u00e1til que identifica el &#8230;-Teleprensa Peri\u00f3dico<\/a><\/u><\/p>\n<p><u><a href=\"https:\/\/www.google.com\/url?rct=j&amp;sa=t&amp;url=http:\/\/agrodiariohuelva.es\/2020\/07\/09\/donana-cumple-50-anos-de-mirella-humanes-y-miguel-angel-jimenez-premio-huelva-de-periodismo\/&amp;ct=ga&amp;cd=CAEYASoTNjY1MzY2NDE0Nzg1ODUxMzAyNDIZNDViMWU5ODI4YmVhNzJhOTplczplczpFUw&amp;usg=AFQjCNGsCzdtrDqkSwi73cLAF9nHEe5WvQ\">&#8216;Do\u00f1ana cumple 50 a\u00f1os&#8217;\u00a0de\u00a0Mireia Humanes y Miguel Angel Jim\u00e9nez, Premio Huelva\u00a0de\u00a0&#8230;<\/a><\/u>&#8211;\u00a0Agrodiariohuelva.es<a href=\"https:\/\/www.google.com\/url?rct=j&amp;sa=t&amp;url=https:\/\/www.diariodesevilla.es\/ocio\/CAD-integrara-Centro-Creacion-Coreografica_0_1481852146.html&amp;ct=ga&amp;cd=CAEYACoUMTU0MjM2OTQyMjQ3MzAzOTM1MjIyGWMwMzcyZWJjMmZlYWRhNTk6ZXM6ZXM6RVM&amp;usg=AFQjCNHrAIm-EhwWKDPiIqirqQZIvNj5PQ\"><br \/>\n\u00abEl CAD no se cierra, se integrar\u00e1 en el Centro de Creaci\u00f3n Coreogr\u00e1fica de Andaluc\u00eda\u00bb<\/a>&#8211;\u00a0Diario de Sevilla<\/p>\n<p><strong>Deporte<\/strong><\/p>\n<p><u><a href=\"https:\/\/www.ideal.es\/deportes\/provincial-granada\/granada-medira-azahar-20200713124505-nt.html\">El Granada B se medir\u00e1 al Azahar Atl\u00e9tico y el Monachil se &#8230;-\u00a0<\/a><\/u>Idealdigital<\/p>\n<p>[\/toggle]<\/p>\n<p>[toggle type=\u00bbfirst\u00bb title=\u00bbEstado\u00bb]<\/p>\n<p><strong>Institucional-CCAA<\/strong><\/p>\n<p><u><a href=\"https:\/\/www.google.com\/url?rct=j&amp;sa=t&amp;url=https:\/\/www.20minutos.es\/noticia\/4320192\/0\/el-ayuntamiento-de-teruel-imparte-talleres-sobre-igualdad-de-genero-a-colectivos-vulnerables\/&amp;ct=ga&amp;cd=CAEYACoUMTA2ODgzNTQ2Njg4MTk4NDkzMTcyGWUyZGVmYTdkNWRhOTE1N2Q6ZXM6ZXM6RVM&amp;usg=AFQjCNFJkegT_S8b7V7tytG0nP_lpJ6JZg\">El Ayuntamiento de Teruel imparte talleres sobre igualdad de\u00a0g\u00e9nero\u00a0a colectivos vulnerables<\/a><\/u>&#8211;\u00a020minutos<\/p>\n<p><u><a href=\"https:\/\/www.google.com\/url?rct=j&amp;sa=t&amp;url=https:\/\/www.eldigitaldealbacete.com\/2020\/07\/11\/el-instituto-de-la-mujer-recomienda-50-titulos-para-disfrutar-del-cine-y-la-lectura-feminista-y-con-perspectiva-de-genero-durante-el-verano-2020\/&amp;ct=ga&amp;cd=CAEYACoUMTUzNzk1NzM3NzEwOTU5OTkzMDcyGWMwMzcyZWJjMmZlYWRhNTk6ZXM6ZXM6RVM&amp;usg=AFQjCNFWvzeio24pFZpBPttU6x-Z6kIb4w\">El\u00a0Instituto de la Mujer de C-LM\u00a0recomienda 50 t\u00edtulos para disfrutar del cine y la \u201clectura feminista y con &#8230;<\/a>&#8211;\u00a0<\/u>El Digital de Albacete<\/p>\n<p><u><a href=\"https:\/\/www.google.com\/url?rct=j&amp;sa=t&amp;url=https:\/\/m.europapress.es\/euskadi\/noticia-emakunde-diputaciones-eudel-ponen-disposicion-ayuntamientos-campana-verano-libre-agresiones-sexistas-20200713115642.html&amp;ct=ga&amp;cd=CAEYBCoTNzA4NDk2NjIyMTI2ODYwMTE1NjIZYzAzNzJlYmMyZmVhZGE1OTplczplczpFUw&amp;usg=AFQjCNGz9dZZ6RcwBcRVLkUTv7XPCTZfeA\">Emakunde, diputaciones y Eudel ponen a disposici\u00f3n de ayuntamientos la campa\u00f1a &#8216;Un verano &#8230;<\/a><\/u>&#8211;\u00a0Europa Press<\/p>\n<p><u><a href=\"https:\/\/www.20minutos.es\/noticia\/4322628\/0\/cyl-entre-las-ccaa-con-tasa-mas-bajas-de-victimas-de-violencia-de-genero-en-el-primer-trimestre-9-9-por-10-000-mujeres\/\">CyL, entre las CCAA con tasa m\u00e1s bajas de v\u00edctimas de &#8230;-\u00a0<\/a><\/u><a href=\"http:\/\/20minutos.es\/\">20minutos.es<\/a><\/p>\n<p><u><a href=\"https:\/\/www.europapress.es\/euskadi\/noticia-bilbao-ofrece-nuevo-servicio-informacion-orientacion-mujeres-necesidades-generadas-covid-20200713125129.html\">Bilbao ofrece un nuevo servicio de informaci\u00f3n y orientaci\u00f3n a &#8230;-Europa Press<\/a><\/u><\/p>\n<p><strong>Econom\u00eda y Empresas<\/strong><\/p>\n<p><u><a href=\"https:\/\/www.lainformacion.com\/economia-negocios-y-finanzas\/diaz-premia-empresas-contratar-mujeres-ingreso-minimo-vital\/2809969\/\">D\u00edaz premiar\u00e1 a empresas por contratar a mujeres que cobran el Ingreso M\u00ednimo Vital&#8230;-informaci\u00f3n.com<\/a><\/u><\/p>\n<p><u><a href=\"http:\/\/www.ceutaldia.com\/articulo\/economia\/trace-contrata-primera-vez-mujer-como-conductora-flota\/20200713130509221158.html\">Trace contrata por primera vez a una mujer, Isabel Vega &#8230;-\u00a0Ceuta al d\u00eda<\/a><\/u><\/p>\n<p><u><a href=\"https:\/\/www.ambito.com\/economia\/mujeres\/al-debate-bajar-impuestos-los-productos-exclusivos-n5116616\">Al debate: bajar impuestos en los productos exclusivos de mujeres &#8230;-\u00a0<\/a><\/u>Ambito.com<\/p>\n<p><strong>Actualidad<\/strong><a href=\"https:\/\/www.google.com\/url?rct=j&amp;sa=t&amp;url=https:\/\/confilegal.com\/20200710-el-ts-establece-que-las-lesiones-sufridas-en-el-parto-deben-considerarse-accidente-no-laboral-y-no-enfermedad-comun\/&amp;ct=ga&amp;cd=CAEYACoUMTc0MDcyNTg4OTc0OTI4MzIxMzkyGWMwMzcyZWJjMmZlYWRhNTk6ZXM6ZXM6RVM&amp;usg=AFQjCNF3rog777PAY046cNCwEoxNjugUaA\"><br \/>\nEl TS establece que las lesiones sufridas en el parto deben considerarse accidente no laboral y no enfermedad com\u00fan&#8230;<\/a>&#8211;\u00a0Confilegal<a href=\"https:\/\/www.google.com\/url?rct=j&amp;sa=t&amp;url=https:\/\/www.rtve.es\/noticias\/20200710\/derrota-calvino-eurogrupo-fracaso-diplomacia-espanola\/2026945.shtml&amp;ct=ga&amp;cd=CAEYACoTNzI3NjI3MzQxNDg2MjMwNTIxODIZYzAzNzJlYmMyZmVhZGE1OTplczplczpFUw&amp;usg=AFQjCNEAjvcGA-lvNOkd2B-l7f4lDenl_g\"><br \/>\nLa oportunidad perdida de Calvi\u00f1o frente a una Europa \u00abescorada al centro derecha\u00bb<\/a>&#8211;\u00a0Rtve<\/p>\n<p><u><a href=\"https:\/\/www.eldiario.es\/cultura\/maestras-republicanas-exilio-luz-prende_1_6084880.html\">Las maestras republicanas en el exilio: como una luz que se prende<\/a><\/u>-eldiario.es<\/p>\n<p><strong>Violencias<\/strong><\/p>\n<p><u><a href=\"https:\/\/www.google.com\/url?rct=j&amp;sa=t&amp;url=https:\/\/www.lasexta.com\/noticias\/sociedad\/asi-se-las-ha-cambiado-la-vida-a-victimas-de-violencia-machista-gracias-a-un-programa-de-de-formacion-financiado-por-la-ue_202007105f087fcbf5f4b20001adb7ed.html&amp;ct=ga&amp;cd=CAEYACoUMTIzMjI2MzE5NTg3ODY5MDg5MjMyGWUxZTc3ZDE1NjA5OGE4ZTM6ZXM6ZXM6RVM&amp;usg=AFQjCNGnqJYJAVk_6I_E4KAFKi2UsOBVkg\">As\u00ed apoyan a las v\u00edctimas de\u00a0violencia\u00a0machista los programas de formaci\u00f3n financiados por la UE<\/a><\/u>&#8211;\u00a0LaSexta<u><a href=\"https:\/\/www.google.com\/url?rct=j&amp;sa=t&amp;url=https:\/\/hidalgo.lasillarota.com\/estados\/pagar-por-sexo-una-practica-que-contribuye-a-esclavizar-mujeres-table-dance-contingencia-sanitaria-vida-nocturna\/412328&amp;ct=ga&amp;cd=CAEYAioTMTczMTQ0MTc2MTc4OTQ1MTg2MzIZYzAzNzJlYmMyZmVhZGE1OTplczplczpFUw&amp;usg=AFQjCNGgNDZlWnnMobhdV9CD4YLZkhDOIA\"><br \/>\nPagar por sexo: una pr\u00e1ctica que contribuye a esclavizar\u00a0mujeres<\/a><\/u>&#8211;\u00a0La Silla Rota<\/p>\n<p><strong>Ciencia y Cultura<\/strong><a href=\"https:\/\/www.google.com\/url?rct=j&amp;sa=t&amp;url=https:\/\/sorianoticias.com\/noticia\/2020-07-07-la-venerable-muestra-tan-sabia-como-valerosa-mujeres-escritura-siglos-oro-instituto-cervantes-69497&amp;ct=ga&amp;cd=CAEYACoTOTA3NTE5NTM4NTc4NTE4OTg4NTIZYzAzNzJlYmMyZmVhZGE1OTplczplczpFUw&amp;usg=AFQjCNHk5aGy7AUc5Y9FMMOLVeozXqYrlA\"><br \/>\nLa Venerable, en la muestra &#8216;Tan sabia como valerosa.\u00a0Mujeres\u00a0y escritura en los Siglos de Oro &#8230;<\/a>&#8211;\u00a0Soria Noticias<\/p>\n<p><u><a href=\"https:\/\/www.google.com\/url?rct=j&amp;sa=t&amp;url=https:\/\/eldiadigital.es\/art\/334691\/este-martes-arranca-la-43a-edicion-del-festival-de-almagro&amp;ct=ga&amp;cd=CAEYASoUMTM1MzMyNTA4NTcyNjExODMzNzMyGWMwMzcyZWJjMmZlYWRhNTk6ZXM6ZXM6RVM&amp;usg=AFQjCNGr0PXGMaFtXsHNw2Xf-nTuNvmYZA\">Este martes arranca la 43\u00aa edici\u00f3n del Festival de Almagro<\/a><\/u>&#8211;\u00a0eldiadigital.es<\/p>\n<p><u><a href=\"https:\/\/alicanteplaza.es\/el-32-festival-de-cine-de-lalfas-premiara-el-papel-de-la-mujer-en-el-mundo-audiovisual\">El 32 Festival de Cine de l&#8217;Alf\u00e0s premiar\u00e1 el papel de la mujer &#8230;-\u00a0<\/a><\/u>Alicante Plaza<\/p>\n<p><u><a href=\"https:\/\/diario16.com\/artemisia-gentileschi-la-pintora-de-caravaggio\/\">Artemisia Gentileschi, la pintora de Caravaggio-diario16.com<\/a><\/u><\/p>\n<p><strong>Deporte<\/strong><\/p>\n<p><u><a href=\"https:\/\/www.fcbarcelona.es\/es\/noticias\/1724167\/el-femenino-vuelve-a-rodar\">El Barcelona Femenino vuelve a rodar-FC Barcelona<\/a><\/u><\/p>\n<p>[\/toggle]<\/p>\n<p>[toggle type=\u00bbfirst\u00bb title=\u00bbInternacional\u00bb]<\/p>\n<p><u><a href=\"http:\/\/www.eje21.com.co\/2020\/07\/la-mujer-debe-ser-eje-de-la-economia-mundial-pospandemia-vicepresidenta-en-cumbre-ministerial-ocde\/\">La mujer, debe ser eje de la econom\u00eda mundial pos pandemia &#8230;-Eje21<\/a><\/u><a href=\"https:\/\/www.google.com\/url?rct=j&amp;sa=t&amp;url=https:\/\/hidalgo.lasillarota.com\/estados\/limpieza-de-hogar-no-es-responsabilidad-exclusiva-de-mujeres-maria-concepcion-hernandez-aragon\/411642&amp;ct=ga&amp;cd=CAEYAyoUMTE0MDk5MzMzOTE4Mjk5NjMzNzEyGWMwMzcyZWJjMmZlYWRhNTk6ZXM6ZXM6RVM&amp;usg=AFQjCNHIixf4j4rTygC-syFXcoUFdEn_tQ\"><br \/>\nLimpieza de hogar no es responsabilidad exclusiva de\u00a0mujeres<\/a>&#8211;\u00a0La Silla Rota<\/p>\n<p><u><a href=\"https:\/\/elpais.com\/elpais\/2020\/07\/09\/africa_no_es_un_pais\/1594310905_891216.html\">Dibujando a una superhero\u00edna-El Pa\u00eds<\/a><\/u><\/p>\n<p><u><a href=\"https:\/\/www.google.com\/url?rct=j&amp;sa=t&amp;url=https:\/\/vos.lavoz.com.ar\/tv\/lucia-puenzo-directora-de-la-jauria-las-violencias-de-genero-tienen-un-arraigo-cultural&amp;ct=ga&amp;cd=CAEYACoUMTcyMTU2NTQ0OTYxNzQ3MzIwNzgyGWUyZGVmYTdkNWRhOTE1N2Q6ZXM6ZXM6RVM&amp;usg=AFQjCNEi9plrxc1dgFSdt7ainG5nVYv9Yw\">Luc\u00eda Puenzo, directora de \u00abLa jaur\u00eda\u00bb: Las\u00a0violencias de g\u00e9nero\u00a0tienen un arraigo cultural<\/a>&#8211;<\/u>\u00a0La Voz del Interior<a href=\"https:\/\/www.google.com\/url?rct=j&amp;sa=t&amp;url=https:\/\/www.abc.es\/play\/series\/noticias\/abci-cate-blanchett-sistema-disfuncional-y-esta-roto-tenemos-reformarlo-202007130151_noticia.html&amp;ct=ga&amp;cd=CAEYAyoTMTg0MTUwMDY3ODQwNzQ3OTY3ODIZYzAzNzJlYmMyZmVhZGE1OTplczplczpFUw&amp;usg=AFQjCNFCiU-Z0WaAG7mRUirnHLAm2peUXw\"><br \/>\nCate Blanchett: \u00abEl sistema es disfuncional y est\u00e1 roto, tenemos que reformarlo\u00bb<\/a>&#8211;\u00a0ABC Play<\/p>\n<p>[\/toggle]<\/p>\n<\/div>\n<\/div>\n<\/div>\n<\/div>\n<\/div>\n<\/div>\n","protected":false},"excerpt":{"rendered":"<p>La mujer debe ser eje de la econom\u00eda mundial pos <a href=\"https:\/\/cklcomunicaciones.es\/coop\/noticias-info-ckl-no-2-479-13-07-20\/\">[&#8230;]<\/a><\/p>\n","protected":false},"author":3,"featured_media":0,"comment_status":"closed","ping_status":"closed","sticky":false,"template":"","format":"standard","meta":{"footnotes":""},"categories":[298,623],"tags":[103,213,219],"class_list":["post-15030","post","type-post","status-publish","format-standard","hentry","category-newsletter","category-nwl-2-0","tag-ckl","tag-comunicacion-inclusiva","tag-perspectiva-de-genero"],"yoast_head":"<!-- This site is optimized with the Yoast SEO plugin v27.5 - https:\/\/yoast.com\/product\/yoast-seo-wordpress\/ -->\n<title>Noticias Info CKL n\u00ba 2.479-13\/07\/20-Comunicar con perspectiva de g\u00e9nero<\/title>\n<meta name=\"description\" content=\"Comunicar con perspectiva de g\u00e9nero: La mujer debe ser eje de la econom\u00eda mundial pos pandemia-D\u00edaz premiar\u00e1 por contratar a mujeres que cobran el IMV...\" \/>\n<meta name=\"robots\" content=\"index, follow, max-snippet:-1, max-image-preview:large, max-video-preview:-1\" \/>\n<link rel=\"canonical\" href=\"https:\/\/cklcomunicaciones.es\/coop\/noticias-info-ckl-no-2-479-13-07-20\/\" \/>\n<meta property=\"og:locale\" content=\"es_ES\" \/>\n<meta property=\"og:type\" content=\"article\" \/>\n<meta property=\"og:title\" content=\"Noticias Info CKL n\u00ba 2.479-13\/07\/20-Comunicar con perspectiva de g\u00e9nero\" \/>\n<meta property=\"og:description\" content=\"Comunicar con perspectiva de g\u00e9nero: La mujer debe ser eje de la econom\u00eda mundial pos pandemia-D\u00edaz premiar\u00e1 por contratar a mujeres que cobran el IMV...\" \/>\n<meta property=\"og:url\" content=\"https:\/\/cklcomunicaciones.es\/coop\/noticias-info-ckl-no-2-479-13-07-20\/\" \/>\n<meta property=\"og:site_name\" content=\"CKL Comunicaciones\" \/>\n<meta property=\"article:published_time\" content=\"2020-07-13T12:39:24+00:00\" \/>\n<meta property=\"article:modified_time\" content=\"2025-01-17T15:47:34+00:00\" \/>\n<meta property=\"og:image\" content=\"https:\/\/cklcomunicaciones.es\/coop\/wp-content\/uploads\/2018\/03\/CKL_comunicacion-con-perspetiva-de-genero.jpg\" \/>\n\t<meta property=\"og:image:width\" content=\"500\" \/>\n\t<meta property=\"og:image:height\" content=\"500\" \/>\n\t<meta property=\"og:image:type\" content=\"image\/jpeg\" \/>\n<meta name=\"author\" content=\"ckl\" \/>\n<meta name=\"twitter:card\" content=\"summary_large_image\" \/>\n<meta name=\"twitter:label1\" content=\"Escrito por\" \/>\n\t<meta name=\"twitter:data1\" content=\"ckl\" \/>\n\t<meta name=\"twitter:label2\" content=\"Tiempo de lectura\" \/>\n\t<meta name=\"twitter:data2\" content=\"4 minutos\" \/>\n<script type=\"application\/ld+json\" class=\"yoast-schema-graph\">{\"@context\":\"https:\\\/\\\/schema.org\",\"@graph\":[{\"@type\":\"Article\",\"@id\":\"https:\\\/\\\/cklcomunicaciones.es\\\/coop\\\/noticias-info-ckl-no-2-479-13-07-20\\\/#article\",\"isPartOf\":{\"@id\":\"https:\\\/\\\/cklcomunicaciones.es\\\/coop\\\/noticias-info-ckl-no-2-479-13-07-20\\\/\"},\"author\":{\"name\":\"ckl\",\"@id\":\"https:\\\/\\\/cklcomunicaciones.es\\\/coop\\\/#\\\/schema\\\/person\\\/929a6837f7626450bbb50cee1aef266e\"},\"headline\":\"Noticias Info CKL n\u00ba 2.479-13\\\/07\\\/20\",\"datePublished\":\"2020-07-13T12:39:24+00:00\",\"dateModified\":\"2025-01-17T15:47:34+00:00\",\"mainEntityOfPage\":{\"@id\":\"https:\\\/\\\/cklcomunicaciones.es\\\/coop\\\/noticias-info-ckl-no-2-479-13-07-20\\\/\"},\"wordCount\":790,\"image\":{\"@id\":\"https:\\\/\\\/cklcomunicaciones.es\\\/coop\\\/noticias-info-ckl-no-2-479-13-07-20\\\/#primaryimage\"},\"thumbnailUrl\":\"http:\\\/\\\/www.cklcomunicaciones.es\\\/wp-content\\\/uploads\\\/2018\\\/03\\\/CKL_comunicacion-con-perspetiva-de-genero-300x300.jpg\",\"keywords\":[\"CKL\",\"comunicaci\u00f3n inclusiva\",\"perspectiva de g\u00e9nero\"],\"articleSection\":[\"Newsletter\",\"Nwl v2.0\"],\"inLanguage\":\"es\"},{\"@type\":\"WebPage\",\"@id\":\"https:\\\/\\\/cklcomunicaciones.es\\\/coop\\\/noticias-info-ckl-no-2-479-13-07-20\\\/\",\"url\":\"https:\\\/\\\/cklcomunicaciones.es\\\/coop\\\/noticias-info-ckl-no-2-479-13-07-20\\\/\",\"name\":\"Noticias Info CKL n\u00ba 2.479-13\\\/07\\\/20-Comunicar con perspectiva de g\u00e9nero\",\"isPartOf\":{\"@id\":\"https:\\\/\\\/cklcomunicaciones.es\\\/coop\\\/#website\"},\"primaryImageOfPage\":{\"@id\":\"https:\\\/\\\/cklcomunicaciones.es\\\/coop\\\/noticias-info-ckl-no-2-479-13-07-20\\\/#primaryimage\"},\"image\":{\"@id\":\"https:\\\/\\\/cklcomunicaciones.es\\\/coop\\\/noticias-info-ckl-no-2-479-13-07-20\\\/#primaryimage\"},\"thumbnailUrl\":\"http:\\\/\\\/www.cklcomunicaciones.es\\\/wp-content\\\/uploads\\\/2018\\\/03\\\/CKL_comunicacion-con-perspetiva-de-genero-300x300.jpg\",\"datePublished\":\"2020-07-13T12:39:24+00:00\",\"dateModified\":\"2025-01-17T15:47:34+00:00\",\"author\":{\"@id\":\"https:\\\/\\\/cklcomunicaciones.es\\\/coop\\\/#\\\/schema\\\/person\\\/929a6837f7626450bbb50cee1aef266e\"},\"description\":\"Comunicar con perspectiva de g\u00e9nero: La mujer debe ser eje de la econom\u00eda mundial pos pandemia-D\u00edaz premiar\u00e1 por contratar a mujeres que cobran el IMV...\",\"breadcrumb\":{\"@id\":\"https:\\\/\\\/cklcomunicaciones.es\\\/coop\\\/noticias-info-ckl-no-2-479-13-07-20\\\/#breadcrumb\"},\"inLanguage\":\"es\",\"potentialAction\":[{\"@type\":\"ReadAction\",\"target\":[\"https:\\\/\\\/cklcomunicaciones.es\\\/coop\\\/noticias-info-ckl-no-2-479-13-07-20\\\/\"]}]},{\"@type\":\"ImageObject\",\"inLanguage\":\"es\",\"@id\":\"https:\\\/\\\/cklcomunicaciones.es\\\/coop\\\/noticias-info-ckl-no-2-479-13-07-20\\\/#primaryimage\",\"url\":\"http:\\\/\\\/www.cklcomunicaciones.es\\\/wp-content\\\/uploads\\\/2018\\\/03\\\/CKL_comunicacion-con-perspetiva-de-genero-300x300.jpg\",\"contentUrl\":\"http:\\\/\\\/www.cklcomunicaciones.es\\\/wp-content\\\/uploads\\\/2018\\\/03\\\/CKL_comunicacion-con-perspetiva-de-genero-300x300.jpg\"},{\"@type\":\"BreadcrumbList\",\"@id\":\"https:\\\/\\\/cklcomunicaciones.es\\\/coop\\\/noticias-info-ckl-no-2-479-13-07-20\\\/#breadcrumb\",\"itemListElement\":[{\"@type\":\"ListItem\",\"position\":1,\"name\":\"Portada\",\"item\":\"https:\\\/\\\/cklcomunicaciones.es\\\/coop\\\/\"},{\"@type\":\"ListItem\",\"position\":2,\"name\":\"Noticias Info CKL n\u00ba 2.479-13\\\/07\\\/20\"}]},{\"@type\":\"WebSite\",\"@id\":\"https:\\\/\\\/cklcomunicaciones.es\\\/coop\\\/#website\",\"url\":\"https:\\\/\\\/cklcomunicaciones.es\\\/coop\\\/\",\"name\":\"CKL Comunicaciones\",\"description\":\"Sitio web de CKL Comunicaciones coop , la consultora de comunicaci\u00f3n y estrategia\",\"potentialAction\":[{\"@type\":\"SearchAction\",\"target\":{\"@type\":\"EntryPoint\",\"urlTemplate\":\"https:\\\/\\\/cklcomunicaciones.es\\\/coop\\\/?s={search_term_string}\"},\"query-input\":{\"@type\":\"PropertyValueSpecification\",\"valueRequired\":true,\"valueName\":\"search_term_string\"}}],\"inLanguage\":\"es\"},{\"@type\":\"Person\",\"@id\":\"https:\\\/\\\/cklcomunicaciones.es\\\/coop\\\/#\\\/schema\\\/person\\\/929a6837f7626450bbb50cee1aef266e\",\"name\":\"ckl\",\"image\":{\"@type\":\"ImageObject\",\"inLanguage\":\"es\",\"@id\":\"https:\\\/\\\/secure.gravatar.com\\\/avatar\\\/c82db564e8a669bf6023357a157b9dc4780f4d4c618f2ad1d71a6a5dede45057?s=96&d=mm&r=g\",\"url\":\"https:\\\/\\\/secure.gravatar.com\\\/avatar\\\/c82db564e8a669bf6023357a157b9dc4780f4d4c618f2ad1d71a6a5dede45057?s=96&d=mm&r=g\",\"contentUrl\":\"https:\\\/\\\/secure.gravatar.com\\\/avatar\\\/c82db564e8a669bf6023357a157b9dc4780f4d4c618f2ad1d71a6a5dede45057?s=96&d=mm&r=g\",\"caption\":\"ckl\"},\"url\":\"https:\\\/\\\/cklcomunicaciones.es\\\/coop\\\/author\\\/cklcomunicaciones\\\/\"}]}<\/script>\n<!-- \/ Yoast SEO plugin. -->","yoast_head_json":{"title":"Noticias Info CKL n\u00ba 2.479-13\/07\/20-Comunicar con perspectiva de g\u00e9nero","description":"Comunicar con perspectiva de g\u00e9nero: La mujer debe ser eje de la econom\u00eda mundial pos pandemia-D\u00edaz premiar\u00e1 por contratar a mujeres que cobran el IMV...","robots":{"index":"index","follow":"follow","max-snippet":"max-snippet:-1","max-image-preview":"max-image-preview:large","max-video-preview":"max-video-preview:-1"},"canonical":"https:\/\/cklcomunicaciones.es\/coop\/noticias-info-ckl-no-2-479-13-07-20\/","og_locale":"es_ES","og_type":"article","og_title":"Noticias Info CKL n\u00ba 2.479-13\/07\/20-Comunicar con perspectiva de g\u00e9nero","og_description":"Comunicar con perspectiva de g\u00e9nero: La mujer debe ser eje de la econom\u00eda mundial pos pandemia-D\u00edaz premiar\u00e1 por contratar a mujeres que cobran el IMV...","og_url":"https:\/\/cklcomunicaciones.es\/coop\/noticias-info-ckl-no-2-479-13-07-20\/","og_site_name":"CKL Comunicaciones","article_published_time":"2020-07-13T12:39:24+00:00","article_modified_time":"2025-01-17T15:47:34+00:00","og_image":[{"width":500,"height":500,"url":"https:\/\/cklcomunicaciones.es\/coop\/wp-content\/uploads\/2018\/03\/CKL_comunicacion-con-perspetiva-de-genero.jpg","type":"image\/jpeg"}],"author":"ckl","twitter_card":"summary_large_image","twitter_misc":{"Escrito por":"ckl","Tiempo de lectura":"4 minutos"},"schema":{"@context":"https:\/\/schema.org","@graph":[{"@type":"Article","@id":"https:\/\/cklcomunicaciones.es\/coop\/noticias-info-ckl-no-2-479-13-07-20\/#article","isPartOf":{"@id":"https:\/\/cklcomunicaciones.es\/coop\/noticias-info-ckl-no-2-479-13-07-20\/"},"author":{"name":"ckl","@id":"https:\/\/cklcomunicaciones.es\/coop\/#\/schema\/person\/929a6837f7626450bbb50cee1aef266e"},"headline":"Noticias Info CKL n\u00ba 2.479-13\/07\/20","datePublished":"2020-07-13T12:39:24+00:00","dateModified":"2025-01-17T15:47:34+00:00","mainEntityOfPage":{"@id":"https:\/\/cklcomunicaciones.es\/coop\/noticias-info-ckl-no-2-479-13-07-20\/"},"wordCount":790,"image":{"@id":"https:\/\/cklcomunicaciones.es\/coop\/noticias-info-ckl-no-2-479-13-07-20\/#primaryimage"},"thumbnailUrl":"http:\/\/www.cklcomunicaciones.es\/wp-content\/uploads\/2018\/03\/CKL_comunicacion-con-perspetiva-de-genero-300x300.jpg","keywords":["CKL","comunicaci\u00f3n inclusiva","perspectiva de g\u00e9nero"],"articleSection":["Newsletter","Nwl v2.0"],"inLanguage":"es"},{"@type":"WebPage","@id":"https:\/\/cklcomunicaciones.es\/coop\/noticias-info-ckl-no-2-479-13-07-20\/","url":"https:\/\/cklcomunicaciones.es\/coop\/noticias-info-ckl-no-2-479-13-07-20\/","name":"Noticias Info CKL n\u00ba 2.479-13\/07\/20-Comunicar con perspectiva de g\u00e9nero","isPartOf":{"@id":"https:\/\/cklcomunicaciones.es\/coop\/#website"},"primaryImageOfPage":{"@id":"https:\/\/cklcomunicaciones.es\/coop\/noticias-info-ckl-no-2-479-13-07-20\/#primaryimage"},"image":{"@id":"https:\/\/cklcomunicaciones.es\/coop\/noticias-info-ckl-no-2-479-13-07-20\/#primaryimage"},"thumbnailUrl":"http:\/\/www.cklcomunicaciones.es\/wp-content\/uploads\/2018\/03\/CKL_comunicacion-con-perspetiva-de-genero-300x300.jpg","datePublished":"2020-07-13T12:39:24+00:00","dateModified":"2025-01-17T15:47:34+00:00","author":{"@id":"https:\/\/cklcomunicaciones.es\/coop\/#\/schema\/person\/929a6837f7626450bbb50cee1aef266e"},"description":"Comunicar con perspectiva de g\u00e9nero: La mujer debe ser eje de la econom\u00eda mundial pos pandemia-D\u00edaz premiar\u00e1 por contratar a mujeres que cobran el IMV...","breadcrumb":{"@id":"https:\/\/cklcomunicaciones.es\/coop\/noticias-info-ckl-no-2-479-13-07-20\/#breadcrumb"},"inLanguage":"es","potentialAction":[{"@type":"ReadAction","target":["https:\/\/cklcomunicaciones.es\/coop\/noticias-info-ckl-no-2-479-13-07-20\/"]}]},{"@type":"ImageObject","inLanguage":"es","@id":"https:\/\/cklcomunicaciones.es\/coop\/noticias-info-ckl-no-2-479-13-07-20\/#primaryimage","url":"http:\/\/www.cklcomunicaciones.es\/wp-content\/uploads\/2018\/03\/CKL_comunicacion-con-perspetiva-de-genero-300x300.jpg","contentUrl":"http:\/\/www.cklcomunicaciones.es\/wp-content\/uploads\/2018\/03\/CKL_comunicacion-con-perspetiva-de-genero-300x300.jpg"},{"@type":"BreadcrumbList","@id":"https:\/\/cklcomunicaciones.es\/coop\/noticias-info-ckl-no-2-479-13-07-20\/#breadcrumb","itemListElement":[{"@type":"ListItem","position":1,"name":"Portada","item":"https:\/\/cklcomunicaciones.es\/coop\/"},{"@type":"ListItem","position":2,"name":"Noticias Info CKL n\u00ba 2.479-13\/07\/20"}]},{"@type":"WebSite","@id":"https:\/\/cklcomunicaciones.es\/coop\/#website","url":"https:\/\/cklcomunicaciones.es\/coop\/","name":"CKL Comunicaciones","description":"Sitio web de CKL Comunicaciones coop , la consultora de comunicaci\u00f3n y estrategia","potentialAction":[{"@type":"SearchAction","target":{"@type":"EntryPoint","urlTemplate":"https:\/\/cklcomunicaciones.es\/coop\/?s={search_term_string}"},"query-input":{"@type":"PropertyValueSpecification","valueRequired":true,"valueName":"search_term_string"}}],"inLanguage":"es"},{"@type":"Person","@id":"https:\/\/cklcomunicaciones.es\/coop\/#\/schema\/person\/929a6837f7626450bbb50cee1aef266e","name":"ckl","image":{"@type":"ImageObject","inLanguage":"es","@id":"https:\/\/secure.gravatar.com\/avatar\/c82db564e8a669bf6023357a157b9dc4780f4d4c618f2ad1d71a6a5dede45057?s=96&d=mm&r=g","url":"https:\/\/secure.gravatar.com\/avatar\/c82db564e8a669bf6023357a157b9dc4780f4d4c618f2ad1d71a6a5dede45057?s=96&d=mm&r=g","contentUrl":"https:\/\/secure.gravatar.com\/avatar\/c82db564e8a669bf6023357a157b9dc4780f4d4c618f2ad1d71a6a5dede45057?s=96&d=mm&r=g","caption":"ckl"},"url":"https:\/\/cklcomunicaciones.es\/coop\/author\/cklcomunicaciones\/"}]}},"_links":{"self":[{"href":"https:\/\/cklcomunicaciones.es\/coop\/wp-json\/wp\/v2\/posts\/15030","targetHints":{"allow":["GET"]}}],"collection":[{"href":"https:\/\/cklcomunicaciones.es\/coop\/wp-json\/wp\/v2\/posts"}],"about":[{"href":"https:\/\/cklcomunicaciones.es\/coop\/wp-json\/wp\/v2\/types\/post"}],"author":[{"embeddable":true,"href":"https:\/\/cklcomunicaciones.es\/coop\/wp-json\/wp\/v2\/users\/3"}],"replies":[{"embeddable":true,"href":"https:\/\/cklcomunicaciones.es\/coop\/wp-json\/wp\/v2\/comments?post=15030"}],"version-history":[{"count":0,"href":"https:\/\/cklcomunicaciones.es\/coop\/wp-json\/wp\/v2\/posts\/15030\/revisions"}],"wp:attachment":[{"href":"https:\/\/cklcomunicaciones.es\/coop\/wp-json\/wp\/v2\/media?parent=15030"}],"wp:term":[{"taxonomy":"category","embeddable":true,"href":"https:\/\/cklcomunicaciones.es\/coop\/wp-json\/wp\/v2\/categories?post=15030"},{"taxonomy":"post_tag","embeddable":true,"href":"https:\/\/cklcomunicaciones.es\/coop\/wp-json\/wp\/v2\/tags?post=15030"}],"curies":[{"name":"wp","href":"https:\/\/api.w.org\/{rel}","templated":true}]}}