{"id":15028,"date":"2020-07-10T13:14:51","date_gmt":"2020-07-10T11:14:51","guid":{"rendered":"http:\/\/www.cklcomunicaciones.es\/?p=15028"},"modified":"2025-01-17T16:47:34","modified_gmt":"2025-01-17T15:47:34","slug":"noticias-info-ckl-no-2-478-10-07-20","status":"publish","type":"post","link":"https:\/\/cklcomunicaciones.es\/coop\/noticias-info-ckl-no-2-478-10-07-20\/","title":{"rendered":"Noticias Info CKL n\u00ba 2.478-10\/07\/20"},"content":{"rendered":"<div id=\"pl-15028\"  class=\"panel-layout\" >\n<div id=\"pg-15028-0\"  class=\"panel-grid panel-no-style\"  data-style=\"{&quot;background_image_attachment&quot;:false,&quot;background_display&quot;:&quot;tile&quot;,&quot;cell_alignment&quot;:&quot;flex-start&quot;}\" >\n<div id=\"pgc-15028-0-0\"  class=\"panel-grid-cell\"  data-weight=\"1\" >\n<div id=\"panel-15028-0-0-0\" class=\"so-panel widget widget_sow-editor panel-first-child panel-last-child\" data-index=\"0\" data-style=\"{&quot;background_image_attachment&quot;:false,&quot;background_display&quot;:&quot;tile&quot;}\" >\n<div class=\"so-widget-sow-editor so-widget-sow-editor-base\">\n<div class=\"siteorigin-widget-tinymce textwidget\">\n<p><img decoding=\"async\" class=\"lazyload  wp-image-13726\" src=\"http:\/\/www.cklcomunicaciones.es\/wp-content\/uploads\/2018\/03\/CKL_comunicacion-con-perspetiva-de-genero-300x300.jpg\" data-orig-src=\"http:\/\/www.cklcomunicaciones.es\/wp-content\/uploads\/2018\/03\/CKL_comunicacion-con-perspetiva-de-genero-300x300.jpg\" alt=\"CKL_comunicacion con perspetiva de genero\" width=\"132\" height=\"132\" srcset=\"data:image\/svg+xml,%3Csvg%20xmlns%3D%27http%3A%2F%2Fwww.w3.org%2F2000%2Fsvg%27%20width%3D%27132%27%20height%3D%27132%27%20viewBox%3D%270%200%20132%20132%27%3E%3Crect%20width%3D%27132%27%20height%3D%27132%27%20fill-opacity%3D%220%22%2F%3E%3C%2Fsvg%3E\" data-srcset=\"https:\/\/cklcomunicaciones.es\/coop\/wp-content\/uploads\/2018\/03\/CKL_comunicacion-con-perspetiva-de-genero-150x150.jpg 150w, https:\/\/cklcomunicaciones.es\/coop\/wp-content\/uploads\/2018\/03\/CKL_comunicacion-con-perspetiva-de-genero-300x300.jpg 300w, https:\/\/cklcomunicaciones.es\/coop\/wp-content\/uploads\/2018\/03\/CKL_comunicacion-con-perspetiva-de-genero-450x450.jpg 450w, https:\/\/cklcomunicaciones.es\/coop\/wp-content\/uploads\/2018\/03\/CKL_comunicacion-con-perspetiva-de-genero.jpg 500w\" data-sizes=\"auto\" data-orig-sizes=\"(max-width: 132px) 100vw, 132px\" \/><\/p>\n<p id=\":ox\" class=\"hP\" tabindex=\"-1\" data-thread-perm-id=\"thread-f:1671644464695813528\" data-legacy-thread-id=\"1732dfc8acf12598\"><strong>Nadia Calvi\u00f1o y la cuota masculina-Andaluc\u00eda incentivar\u00e1 con 6.600\u20ac la contrataci\u00f3n de mujeres que teletrabajen-No aplicar la &#8216;Ley de la Silla&#8217; discrimina a la mujer-M\u00aa Rosa Lojo, Medalla Europea de Poes\u00eda y Arte<\/strong><\/p>\n<p>[toggle type=\u00bbfirst\u00bb title=\u00bbComunicaci\u00f3n\u00bb]<\/p>\n<p><a href=\"https:\/\/www.eldiario.es\/sociedad\/z-breve-diccionario-feminismo_1_6086093.html\">De la A a la Z: Breve diccionario de feminismo<\/a> \u2013eldiario.es<\/p>\n<p><a href=\"https:\/\/www.google.com\/url?rct=j&amp;sa=t&amp;url=http:\/\/www.extradigital.es\/andalucia-emisoras-piratas-64\/&amp;ct=ga&amp;cd=CAEYASoTNDA0MTc1MDc5Mjk5NTA5OTk2ODIZY2M3OTg0MWM2ZWYzNGViZjplczplczpFUw&amp;usg=AFQjCNGRSvnTpXDPGG_sRVEIYIB5MNoUmg\">En Andaluc\u00eda el n\u00famero de emisoras piratas de televisi\u00f3n se reduce a la mitad en dos a\u00f1os, hasta&#8230;<\/a>&#8211; Extradigital.es <a href=\"https:\/\/www.google.com\/url?rct=j&amp;sa=t&amp;url=https:\/\/sevilla.abc.es\/andalucia\/huelva\/sevi-reportaje-abc-sevilla-sobre-donana-premio-huelva-periodismo-202007091617_noticia.html&amp;ct=ga&amp;cd=CAEYAyoUMTE0MTIxOTkxNzc0NDk5ODM0ODMyGTQ1YjFlOTgyOGJlYTcyYTk6ZXM6ZXM6RVM&amp;usg=AFQjCNGLzSgWY6SigvM0tcJYsfYthP8q5w\"><br \/>\nUn reportaje\u00a0de\u00a0Abc\u00a0de Sevilla\u00a0sobre Do\u00f1ana, de Mireia Humanes y Miguel \u00c1ngel Jim\u00e9nez, Premio Huelva\u00a0de\u00a0Periodismo<\/a>&#8211; abcdesevilla.es<\/p>\n<p><a href=\"https:\/\/www.agorarsc.org\/boicot-a-facebook-el-pulso-entre-zuckerberg-y-los-anunciantes-estamos-ante-un-activismo-politico-empresarial-efectivo\/\">Boicot a facebook\u2026<\/a>-agorarsc<\/p>\n<p>[\/toggle]<\/p>\n<p>[toggle type=\u00bbfirst\u00bb title=\u00bbAndaluc\u00eda\u00bb]<\/p>\n<p><strong>Institucional<\/strong><\/p>\n<p><a href=\"https:\/\/www.google.com\/url?rct=j&amp;sa=t&amp;url=https:\/\/m.europapress.es\/andalucia\/almeria-00350\/noticia-presidente-junta-preve-peor-crisis-social-economica-andalucia-partir-septiembre-20200708190724.html&amp;ct=ga&amp;cd=CAEYACoUMTgxODIyNDk2MTE1NDIwOTc0MDAyGWQ3OGU1ODc1YTBmMWYyYWM6ZXM6ZXM6RVM&amp;usg=AFQjCNG9B-nv8Ie0Xj6r2RKrpCfczioQpg\">El presidente de la Junta prev\u00e9 \u00abla peor crisis\u00a0social\u00a0y\u00a0econ\u00f3mica\u00bb de\u00a0Andaluc\u00eda\u00a0a partir de septiembre&#8230;<\/a>&#8211; Europa Press<a href=\"https:\/\/www.google.com\/url?rct=j&amp;sa=t&amp;url=https:\/\/www.emartv.es\/2020\/07\/09\/informe-defensor-pueblo-andaluz\/&amp;ct=ga&amp;cd=CAEYASoUMTMxMzAzMDY5ODcyODQzMDA3NTQyGWQ3OGU1ODc1YTBmMWYyYWM6ZXM6ZXM6RVM&amp;usg=AFQjCNG3_K2WVyyBGR6WKIPzM3rZxz-RFQ\"><br \/>\nEl Defensor del Pueblo\u00a0Andaluz, Jes\u00fas Maetzu, alerta en su informe anual del agravamiento de la vulnerabilidad econ\u00f3mica y social&#8230;<\/a>&#8211; Ema-RTV<\/p>\n<p><strong>Econom\u00eda y Empresas<\/strong><\/p>\n<p><a href=\"https:\/\/www.diariosur.es\/andalucia\/junta-andalucia-incentivara-20200709164059-nt.html\">La Junta de Andaluc\u00eda incentivar\u00e1 con 6.600 euros la contrataci\u00f3n de mujeres que teletrabajen- Diariosur<\/a><\/p>\n<p><a href=\"https:\/\/andaluciainformacion.es\/cadiz\/909493\/manolinda-cifuentes-luna-mujer-empresaria-del-ano-en-cadiz\/\">Manolinda Cifuentes Luna, Mujer Empresaria del A\u00f1o en C\u00e1diz -Andaluciainformaci\u00f3n<\/a><\/p>\n<p><a href=\"https:\/\/www.google.com\/url?rct=j&amp;sa=t&amp;url=https:\/\/www.diariosur.es\/andalucia\/modelo-andalucia\/revolucion-verde-andalucia-20200708134008-nt.html&amp;ct=ga&amp;cd=CAEYAioUMTgxODIyNDk2MTE1NDIwOTc0MDAyGWQ3OGU1ODc1YTBmMWYyYWM6ZXM6ZXM6RVM&amp;usg=AFQjCNEhiaFM_csURA738-enbz61kYgpOg\">La &#8216;revoluci\u00f3n verde&#8217; de\u00a0Andaluc\u00eda\u00a0generar\u00e1 20.000 empleos basados en el desarrollo sostenible<\/a>&#8211; Sur Digital<\/p>\n<p><a href=\"https:\/\/www.google.com\/url?rct=j&amp;sa=t&amp;url=https:\/\/www.benalgo.es\/noticias\/andalucia-aprobara-incentivos-de-hasta-6-600-euros-para-contratos-indefinidos-que-incluyan-parte-de-la-jornada-en-teletrabajo.html&amp;ct=ga&amp;cd=CAEYACoUMTMxMzAzMDY5ODcyODQzMDA3NTQyGWQ3OGU1ODc1YTBmMWYyYWM6ZXM6ZXM6RVM&amp;usg=AFQjCNHle4rbd5dDYWhdtuKNEPypZVxJGw\">Andaluc\u00eda\u00a0aprobar\u00e1 incentivos de hasta 6.600 euros para contratos indefinidos que incluyan parte &#8230;<\/a>&#8211; Contracr\u00f3nica.es<\/p>\n<p><strong>Actualidad<\/strong><\/p>\n<p><a href=\"https:\/\/www.google.com\/url?rct=j&amp;sa=t&amp;url=https:\/\/cadenaser.com\/emisora\/2020\/07\/08\/ser_malaga\/1594213613_314856.html&amp;ct=ga&amp;cd=CAEYASoTNDgxODEyODgyOTYwMjg3ODc4OTIbOWFiMWNkZDdlMzY2ZWYzODplczplczpFUzpS&amp;usg=AFQjCNEeQQYULBiufBBMlxuzHnI_zA3vOQ\">La conciliaci\u00f3n laboral y familiar es uno de los grandes retos de la sociedad<\/a>&#8211; Cadena SER<\/p>\n<p><a href=\"https:\/\/www.google.com\/url?rct=j&amp;sa=t&amp;url=https:\/\/www.diariojaen.es\/jaen\/mas-de-la-mitad-de-las-mujeres-que-han-pedido-ayuda-al-iam-en-el-estado-de-alarma-son-nuevas-usuarias-DH7328731&amp;ct=ga&amp;cd=CAEYACoTNDgxODEyODgyOTYwMjg3ODc4OTIbOWFiMWNkZDdlMzY2ZWYzODplczplczpFUzpS&amp;usg=AFQjCNGT0F6xvWXn2_m2fyseC5j7B4Y84A\">M\u00e1s de la mitad de\u00a0las mujeres\u00a0que han pedido ayuda al IAM en el estado de alarma son nuevas usuarias&#8230;<\/a>&#8211; Diario Ja\u00e9n<\/p>\n<p><a href=\"https:\/\/www.google.com\/url?rct=j&amp;sa=t&amp;url=https:\/\/elmira.es\/08\/07\/2020\/save-the-children-avisa-que-la-pobreza-infantil-puede-alcanzar-un-22-en-andalucia\/&amp;ct=ga&amp;cd=CAEYBSoUMTgxODIyNDk2MTE1NDIwOTc0MDAyGWQ3OGU1ODc1YTBmMWYyYWM6ZXM6ZXM6RVM&amp;usg=AFQjCNFoDRO9DFz6EdJQeEVSiHP7GU7k1Q\">Save the Children avisa que la pobreza infantil puede alcanzar un 22% en\u00a0Andaluc\u00eda<\/a>&#8211; El Mira<\/p>\n<p><strong>Violencias<\/strong><\/p>\n<p><a href=\"https:\/\/www.google.com\/url?rct=j&amp;sa=t&amp;url=https:\/\/andaluciainformacion.es\/huelva\/909146\/el-dia-de-la-justicia-gratuita-dedicado-a-la-violencia-de-genero\/&amp;ct=ga&amp;cd=CAEYAioTNTU0MDYzODM4NjYzNzY5Nzc4ODIZYzAzNzJlYmMyZmVhZGE1OTplczplczpFUw&amp;usg=AFQjCNFjjdHJibWkiaFcvK8VGKTauuBhdQ\">El D\u00eda de la Justicia Gratuita, dedicado a la violencia de g\u00e9nero<\/a>-Andaluc\u00eda Informaci\u00f3n<\/p>\n<p><strong>Ciencia y Cultura<\/strong><\/p>\n<p><a href=\"https:\/\/www.google.com\/url?rct=j&amp;sa=t&amp;url=https:\/\/www.diariodealmeria.es\/ocio\/Cooltural-Go-Music-For-All_0_1480952262.html&amp;ct=ga&amp;cd=CAEYBCoTNDgxODEyODgyOTYwMjg3ODc4OTIbOWFiMWNkZDdlMzY2ZWYzODplczplczpFUzpS&amp;usg=AFQjCNFgmojg86x7spj-qTYC37PV9cY4Xg\">Cooltural Go! reforzar\u00e1 las medidas inclusivas y sociales con su proyecto &#8216;Music For All&#8217; en los&#8230;<\/a>&#8211; Diario de Almer\u00eda<\/p>\n<p><a href=\"https:\/\/cadenaser.com\/emisora\/2020\/07\/10\/radio_cadiz\/1594367554_522590.html\">Nina Alemania brilla en la azotea de Cajasol-cadenaser<\/a><\/p>\n<p><a href=\"https:\/\/www.eldiario.es\/andalucia\/andalucia-y-la-novela-historica-inaugurara-los-cursos-de-verano-de-la-sede-de-la-rabida-de-la-unia_1_6088406.html\">&#8216;Andaluc\u00eda y la novela hist\u00f3rica&#8217; inaugurar\u00e1 los Cursos de &#8230;- <\/a>eldiario.es<\/p>\n<p><a href=\"https:\/\/sevilla.abc.es\/cultura\/sevi-amaral-viva-suecia-y-derby-motorettas-actuaran-sevilla-conciertos-verano-caac-202007101218_noticia.html\">Amaral, Viva Suecia y Derby Motoretta&#8217;s actuar\u00e1n en Sevilla &#8230;-<\/a>abcsevilla.es<\/p>\n<p><strong>Deporte<\/strong><\/p>\n<p><a href=\"http:\/\/www.diariosigloxxi.com\/texto-ep\/mostrar\/20200709193040\/andalucia-designada-como-region-europea-deporte-2021\">Andaluc\u00eda, designada como Regi\u00f3n Europea del Deporte en 2021<\/a>-siglo XXI<\/p>\n<p><a href=\"https:\/\/www.diariosur.es\/deportes\/mas-deportes\/promesa-busca-olimpismo-20200709202347-nt.html\">Una promesa en busca del olimpismo-Sur digital<\/a><\/p>\n<p><a href=\"https:\/\/www.horajaen.com\/2020\/07\/10\/inter-jaen-cf-y-cd-la-circunstancia-seguiran-ligados-a-traves-del-futbol-femenino\/\">Inter Ja\u00e9n CF y CD La Circunstancia seguir\u00e1n ligados a trav\u00e9s del f\u00fatbol femenino-horajaen<\/a><\/p>\n<p>[\/toggle]<\/p>\n<p>[toggle type=\u00bbfirst\u00bb title=\u00bbEstado\u00bb]<\/p>\n<p><strong>Institucional<\/strong><\/p>\n<p><a href=\"https:\/\/elpais.com\/economia\/2020-07-08\/gonzalez-laya-descarta-presentarse-como-candidata-a-dirigir-la-omc.html\">Gonz\u00e1lez Laya se descarta para dirigir la Organizaci\u00f3n Mundial del Comercio<\/a> \u2013 El Pa\u00eds<a href=\"https:\/\/www.google.com\/url?rct=j&amp;sa=t&amp;url=https:\/\/diario16.com\/el-tribunal-supremo-reconoce-el-derecho-de-las-mujeres-lesionadas-durante-el-parto-a-recibir-pension-e-indemnizaciones-incorporando-la-perspectiva-de-genero\/&amp;ct=ga&amp;cd=CAEYBioUMTMzNzk1MjkyMTY4MjI2NTQ1MDgyGWMwMzcyZWJjMmZlYWRhNTk6ZXM6ZXM6RVM&amp;usg=AFQjCNFXtszPUHyIyQIWSRtWC6Zit6cbWg\"><br \/>\nEl Tribunal Supremo reconoce el derecho de las\u00a0mujeres\u00a0lesionadas durante el parto a recibir &#8230;<\/a>&#8211; Diario16<\/p>\n<p><strong>Institucional-CCAA<\/strong><\/p>\n<p><a href=\"https:\/\/www.google.com\/url?rct=j&amp;sa=t&amp;url=https:\/\/www.cmmedia.es\/noticias\/castilla-la-mancha\/castilla-la-mancha-una-de-las-que-mas-recursos-destina-a-victimas-de-la-violencia-de-genero&amp;ct=ga&amp;cd=CAEYASoUMTQyOTEzMzk1NzUzMzA1NTAzMjgyGWUyZGVmYTdkNWRhOTE1N2Q6ZXM6ZXM6RVM&amp;usg=AFQjCNHL1Pq9azJUXoqI9jQ_uFYDccVwkA\">Castilla-La Mancha, una de las que m\u00e1s recursos destina a v\u00edctimas de la\u00a0violencia de g\u00e9nero<\/a>&#8211; Noticias CMM<\/p>\n<p><a href=\"https:\/\/www.google.com\/url?rct=j&amp;sa=t&amp;url=https:\/\/www.noticiasde.es\/extremadura\/begona-garcia-destaca-la-importancia-del-fomento-del-cooperativismo-y-la-economia-social\/&amp;ct=ga&amp;cd=CAEYBioUMTgxODIyNDk2MTE1NDIwOTc0MDAyGWQ3OGU1ODc1YTBmMWYyYWM6ZXM6ZXM6RVM&amp;usg=AFQjCNFHpmD5ZUr0589g4npB-lHHAERXBg\">Bego\u00f1a Garc\u00eda, Consejera de Agricultura, Desarrollo Rural, Poblaci\u00f3n y Territorio, destaca la importancia del fomento del cooperativismo y la\u00a0econom\u00eda social<\/a>&#8211; NoticiasDe.es<\/p>\n<p><strong><a href=\"https:\/\/www.mujeremprendedora.net\/cuatro-emprendedoras-inician-proyectos-marco-programa-dona-empren\/\">Cuatro emprendedoras inician sus proyectos en el marco del programa \u2018D\u00f3na Empr\u00e9n\u2019<\/a> \u2013 Mujeremprendedora.net<a href=\"https:\/\/www.google.com\/url?rct=j&amp;sa=t&amp;url=https:\/\/www.timejust.es\/espana\/castilla-la-mancha\/el-instituto-de-la-mujer-de-castilla-la-mancha-reitera-la-importancia-de-visibilizar-a-las-mujeres-artistas\/&amp;ct=ga&amp;cd=CAEYACoUMTcyMzYzMDYyNTU5NzIzMzAzNjcyGWMwMzcyZWJjMmZlYWRhNTk6ZXM6ZXM6RVM&amp;usg=AFQjCNH21J0aDhGi3Xt8CpE5_DjBOQoEhA\"><br \/>\n<\/a><\/strong><a href=\"https:\/\/www.google.com\/url?rct=j&amp;sa=t&amp;url=https:\/\/www.timejust.es\/espana\/castilla-la-mancha\/el-instituto-de-la-mujer-de-castilla-la-mancha-reitera-la-importancia-de-visibilizar-a-las-mujeres-artistas\/&amp;ct=ga&amp;cd=CAEYACoUMTcyMzYzMDYyNTU5NzIzMzAzNjcyGWMwMzcyZWJjMmZlYWRhNTk6ZXM6ZXM6RVM&amp;usg=AFQjCNH21J0aDhGi3Xt8CpE5_DjBOQoEhA\">El\u00a0Instituto de la Mujer\u00a0de Castilla-La Mancha reitera la importancia de visibilizar a las mujeres &#8230;<\/a>&#8211; TIMEJUST<\/p>\n<p><strong>Econom\u00eda y Empresas<\/strong><\/p>\n<p><a href=\"https:\/\/www.eldiario.es\/economia\/yolanda-diaz-ceoe-no-pretender-teletrabajo-sea-manera-ahorrar-costes-empresariales_1_6094446.html\">Yolanda D\u00edaz: \u00abLa CEOE no puede pretender que el teletrabajo sea una manera de ahorrar costes empresariales\u00bb<\/a>-eldiario.es<a href=\"https:\/\/www.google.com\/url?rct=j&amp;sa=t&amp;url=https:\/\/www.sepe.es\/HomeSepe\/que-es-el-sepe\/comunicacion-institucional\/noticias\/detalle-noticia.html%3Ffolder%3D\/2020\/Julio\/%26detail%3Dpremios-innovatia-empresas-innovadoras-mujeres-2020&amp;ct=ga&amp;cd=CAEYACoTOTM0Mjc2MDkxOTkwNjc5OTk4NDIbZTU1MjBjNTU4YjkxNTcxMDplczplczpFUzpS&amp;usg=AFQjCNEvyTufjvs-lOEy7JXo3y1GrysjjQ\"><br \/>\nIII premios Innovatia 8.3 para empresas de car\u00e1cter innovador lideradas por mujeres y &#8230;<\/a>&#8211; SEPE<\/p>\n<p><a href=\"https:\/\/www.eldiario.es\/sociedad\/afterwork-carencias-personales-teletrabajo_1_6084788.html\">Sin pausa del caf\u00e9 ni &#8216;afterwork&#8217;: las carencias personales del teletrabajo tambi\u00e9n pasan factura<\/a> \u2013eldiario.es<\/p>\n<p><a href=\"https:\/\/www.google.com\/url?rct=j&amp;sa=t&amp;url=https:\/\/www.comunicae.es\/nota\/abierto-el-plazo-de-las-becas-formativas-para-1216290\/&amp;ct=ga&amp;cd=CAEYAioUMTY2MTMzNjk5NzgzMzE0NzA5MjkyGWUxZTc3ZDE1NjA5OGE4ZTM6ZXM6ZXM6RVM&amp;usg=AFQjCNG96NtAcTV2qd-qc3n6NBfwTqWYfw\">Abierto el plazo de las becas formativas para personas con discapacidad de Fundaci\u00f3n Adecco &#8230;<\/a>&#8211; Comunicae Espa\u00f1a<\/p>\n<h4>Actualidad<\/h4>\n<p><a href=\"https:\/\/www.eldiario.es\/opinion\/zona-critica\/nadia-calvino-cuota-masculina_129_6094264.html\">Nadia Calvi\u00f1o y la cuota masculina<\/a>-eldiario.es<a href=\"https:\/\/www.google.com\/url?rct=j&amp;sa=t&amp;url=https:\/\/cincodias.elpais.com\/cincodias\/2020\/07\/09\/opinion\/1594295755_247747.html&amp;ct=ga&amp;cd=CAEYACoUMTY3ODMxMDc0NTgxNTcyMTk3MzUyGWMwMzcyZWJjMmZlYWRhNTk6ZXM6ZXM6RVM&amp;usg=AFQjCNHV2HNhdPXtPWrljIDZvRaYBKtbRw\"><br \/>\nNo aplicar la &#8216;Ley de la Silla&#8217; discrimina a la\u00a0mujer<\/a>&#8211; Cinco D\u00edas<\/p>\n<p><a href=\"https:\/\/www.google.com\/url?rct=j&amp;sa=t&amp;url=https:\/\/www.montevideo.com.uy\/Mujer-y-salud\/Prueban-en-Espana-un-tratamiento-que-reduce-mortalidad-en-casos-criticos-de-COVID-19-uc757931&amp;ct=ga&amp;cd=CAEYHioUMTAxNTUxNjg2MzEzODc3MDYxMTQyGWMwMzcyZWJjMmZlYWRhNTk6ZXM6ZXM6RVM&amp;usg=AFQjCNHvMBPwaDt_TDebOqdAegYHEN7trA\">Prueban en Espa\u00f1a un tratamiento que reduce mortalidad en casos cr\u00edticos de COVID-19<\/a>&#8211; Montevideo Portal<\/p>\n<p><a href=\"https:\/\/elpais.com\/ciencia\/2020-07-09\/como-las-parejas-que-duermen-juntas-sincronizan-su-sueno.html\">C\u00f3mo las parejas que duermen juntas sincronizan su sue\u00f1o<\/a>&#8211; El Pa\u00eds<\/p>\n<p><a href=\"https:\/\/www.elplural.com\/el-telescopio\/sostenibilidad\/mujeres-jovenes-ninas-afectadas-impacto-covid-19_243351102\">Mujeres j\u00f3venes y ni\u00f1as, las m\u00e1s afectadas por el impacto del COVID-19<\/a>-elplural.com<\/p>\n<h4>Violencias<\/h4>\n<p><a href=\"https:\/\/www.lawyerpress.com\/2020\/07\/10\/la-violencia-de-genero-ha-sido-el-ambito-donde-se-han-hecho-mas-peticiones-de-abogados-y-abogadas-de-oficio-segun-alerta-el-icab\/\">La Violencia de G\u00e9nero ha sido el \u00e1mbito donde se han m\u00e1s peticiones de abogados&#8230;-lawyerpress.com<\/a><\/p>\n<p><strong>Ciencia y Cultura<\/strong><\/p>\n<p><a href=\"https:\/\/www.eldiario.es\/sociedad\/jovenes-investigadores-levantan-gobierno-falta-ayudas-queda-fuera-gente-93-100_1_6091239.html\">La juventud investigadora se levanta contra el Gobierno por la falta de ayudas: \u00abSe queda fuera gente con 93 sobre 100\u00bb<\/a>\u2013eldiario.es<a href=\"https:\/\/www.google.com\/url?rct=j&amp;sa=t&amp;url=https:\/\/www.eleconomista.es\/ecoaula\/noticias\/10656857\/07\/20\/Cristina-del-Prado-La-Universidad-Rey-Juan-Carlos-no-cierra-trabaja-y-ensena-de-otra-manera.html&amp;ct=ga&amp;cd=CAEYACoUMTMwODgyNzMxMjg5OTg5MzczNzkyGWMwMzcyZWJjMmZlYWRhNTk6ZXM6ZXM6RVM&amp;usg=AFQjCNGcF8rtNwRkumrABwPKn1tvzXt7Iw\"><br \/>\nCristina del Prado: \u00abLa Universidad Rey Juan Carlos no cierra, trabaja y ense\u00f1a de otra manera\u00bb<\/a>&#8211; elEconomista.es<\/p>\n<p><a href=\"https:\/\/www.google.com\/url?rct=j&amp;sa=t&amp;url=https:\/\/www.elmundo.es\/papel\/lideres\/2020\/07\/09\/5f05ed6cfdddffd7718b45e3.html&amp;ct=ga&amp;cd=CAEYDyoUMTAxNTUxNjg2MzEzODc3MDYxMTQyGWMwMzcyZWJjMmZlYWRhNTk6ZXM6ZXM6RVM&amp;usg=AFQjCNG6JKr3wnHOZG8wdv_ZCyKfGRMTvg\">Silvia Alonso: \u00abEn el cine, las\u00a0mujeres\u00a0estamos destinadas a ser la que espera y le sirve la trama al &#8230;<\/a>&#8211; El Mundo<\/p>\n<p><a href=\"https:\/\/smoda.elpais.com\/feminismo\/la-misteriosa-vida-de-egeria-adelanto-tripadvisor\/\">Egeria, la monja de El Bierzo que se adelant\u00f3 1.500 a\u00f1os al TripAdvisor<\/a>&#8211; El Pa\u00eds<a href=\"https:\/\/www.google.com\/url?rct=j&amp;sa=t&amp;url=https:\/\/nuevaalcarria.com\/articulos\/mujeres-en-el-arte-amalia-avia-o-el-potencial-artistico-femenino&amp;ct=ga&amp;cd=CAEYACoUMTAwMTg0MTk3NzExNzcyNzEzNTkyGWMwMzcyZWJjMmZlYWRhNTk6ZXM6ZXM6RVM&amp;usg=AFQjCNEYsjdA8DCY-dkRMlNX_akWp32QUw\"><br \/>\nMujeres en\u00a0el Arte &#8216;Amalia Avia&#8217; o el potencial art\u00edstico femenino<\/a>&#8211; nueva alcarria<\/p>\n<p><a href=\"http:\/\/www.ceutaldia.com\/articulo\/cultura\/cultura-vuelve-nombre-mujer-blanca-portillo-estrella-morente-veronica-forque-irene-gomez-calado\/20200709104154221047.html\">La cultura vuelve con nombre de mujer: Blanca Portillo, Estrella Morente y Ver\u00f3nica Forqu\u00e9-ceutaaldia<\/a><\/p>\n<p><strong>Deporte<\/strong><\/p>\n<p><a href=\"https:\/\/elpais.com\/deportes\/2020-07-08\/anna-cruz-y-laura-nicholls-la-seleccion-vuelve-a-casa.html\">Anna Cruz y Laura Nicholls, la selecci\u00f3n vuelve a casa<\/a>&#8211; El Pa\u00eds<\/p>\n<p>[\/toggle]<\/p>\n<p>[toggle type=\u00bbfirst\u00bb title=\u00bbInternacional\u00bb]<\/p>\n<p><a href=\"https:\/\/elpais.com\/economia\/2020-07-08\/rebeca-grynspan-el-fmi-debe-ser-la-principal-fuente-recursos-para-america-latina-es-el-unico-con-capacidad.html\">Rebeca Gryspan, Secretaria General de Iberoam\u00e9rica: \u201cEl FMI debe ser la principal fuente recursos para Latinoam\u00e9rica; es el \u00fanico con capacidad\u201d<\/a>&#8211; El Pa\u00eds<\/p>\n<p><a href=\"https:\/\/elpais.com\/economia\/2020-07-10\/la-diplomacia-espanola-se-estrella-de-nuevo-en-europa.html\">La diplomacia espa\u00f1ola se estrella de nuevo en Europa<\/a> \u2013 El Pa\u00eds<\/p>\n<p><a href=\"https:\/\/elpais.com\/sociedad\/2020-07-08\/el-gobierno-de-escocia-mantiene-la-cuarentena-para-los-viajeros-procedentes-de-espana-y-serbia.html\">El Gobierno de Escocia mantiene la cuarentena para los viajeros procedentes de Espa\u00f1a y Serbia<\/a>&#8211; El Pa\u00eds<\/p>\n<p><a href=\"https:\/\/www.google.com\/url?rct=j&amp;sa=t&amp;url=https:\/\/www.servimedia.es\/noticias\/1278185&amp;ct=ga&amp;cd=CAEYASoTNzExNDI4NTg5OTAyMzAwODI3NTIZZTFlNzdkMTU2MDk4YThlMzplczplczpFUw&amp;usg=AFQjCNGp6coN-dn8OmzSJU1yQ_QrNOZs0w\">La\u00a0violencia, la pobreza y el acceso a la\u00a0tecnolog\u00eda, principales preocupaciones de las mujeres con discapacidad en Latinoam\u00e9rica&#8230;<\/a>&#8211; Servimedia<\/p>\n<p><a href=\"https:\/\/www.pagina12.com.ar\/277561-maria-rosa-lojo-recibira-la-medalla-europea-de-poesia-y-arte\">Mar\u00eda Rosa Lojo recibir\u00e1 la Medalla Europea de Poes\u00eda y Arte &#8230;- <\/a>Pagina12<\/p>\n<p>[\/toggle]<\/p>\n<\/div>\n<\/div>\n<\/div>\n<\/div>\n<\/div>\n<\/div>\n","protected":false},"excerpt":{"rendered":"<p>Nadia Calvi\u00f1o y la cuota masculina-Andaluc\u00eda incentivar\u00e1 con 6.600\u20ac la <a href=\"https:\/\/cklcomunicaciones.es\/coop\/noticias-info-ckl-no-2-478-10-07-20\/\">[&#8230;]<\/a><\/p>\n","protected":false},"author":3,"featured_media":0,"comment_status":"closed","ping_status":"closed","sticky":false,"template":"","format":"standard","meta":{"footnotes":""},"categories":[298,623],"tags":[103,213,219],"class_list":["post-15028","post","type-post","status-publish","format-standard","hentry","category-newsletter","category-nwl-2-0","tag-ckl","tag-comunicacion-inclusiva","tag-perspectiva-de-genero"],"yoast_head":"<!-- This site is optimized with the Yoast SEO plugin v27.5 - https:\/\/yoast.com\/product\/yoast-seo-wordpress\/ -->\n<title>Noticias Info CKL n\u00ba 2.478-10\/07\/20-Comunicar con perspectiva de g\u00e9nero<\/title>\n<meta name=\"description\" content=\"Comunicar con perspectiva de g\u00e9nero: Nadia Calvi\u00f1o y la cuota masculina-Andaluc\u00eda incentivar\u00e1 con 6.600\u20ac la contrataci\u00f3n de mujeres que teletrabajen...\" \/>\n<meta name=\"robots\" content=\"index, follow, max-snippet:-1, max-image-preview:large, max-video-preview:-1\" \/>\n<link rel=\"canonical\" href=\"https:\/\/cklcomunicaciones.es\/coop\/noticias-info-ckl-no-2-478-10-07-20\/\" \/>\n<meta property=\"og:locale\" content=\"es_ES\" \/>\n<meta property=\"og:type\" content=\"article\" \/>\n<meta property=\"og:title\" content=\"Noticias Info CKL n\u00ba 2.478-10\/07\/20-Comunicar con perspectiva de g\u00e9nero\" \/>\n<meta property=\"og:description\" content=\"Comunicar con perspectiva de g\u00e9nero: Nadia Calvi\u00f1o y la cuota masculina-Andaluc\u00eda incentivar\u00e1 con 6.600\u20ac la contrataci\u00f3n de mujeres que teletrabajen...\" \/>\n<meta property=\"og:url\" content=\"https:\/\/cklcomunicaciones.es\/coop\/noticias-info-ckl-no-2-478-10-07-20\/\" \/>\n<meta property=\"og:site_name\" content=\"CKL Comunicaciones\" \/>\n<meta property=\"article:published_time\" content=\"2020-07-10T11:14:51+00:00\" \/>\n<meta property=\"article:modified_time\" content=\"2025-01-17T15:47:34+00:00\" \/>\n<meta property=\"og:image\" content=\"https:\/\/cklcomunicaciones.es\/coop\/wp-content\/uploads\/2018\/03\/CKL_comunicacion-con-perspetiva-de-genero.jpg\" \/>\n\t<meta property=\"og:image:width\" content=\"500\" \/>\n\t<meta property=\"og:image:height\" content=\"500\" \/>\n\t<meta property=\"og:image:type\" content=\"image\/jpeg\" \/>\n<meta name=\"author\" content=\"ckl\" \/>\n<meta name=\"twitter:card\" content=\"summary_large_image\" \/>\n<meta name=\"twitter:label1\" content=\"Escrito por\" \/>\n\t<meta name=\"twitter:data1\" content=\"ckl\" \/>\n\t<meta name=\"twitter:label2\" content=\"Tiempo de lectura\" \/>\n\t<meta name=\"twitter:data2\" content=\"5 minutos\" \/>\n<script type=\"application\/ld+json\" class=\"yoast-schema-graph\">{\"@context\":\"https:\\\/\\\/schema.org\",\"@graph\":[{\"@type\":\"Article\",\"@id\":\"https:\\\/\\\/cklcomunicaciones.es\\\/coop\\\/noticias-info-ckl-no-2-478-10-07-20\\\/#article\",\"isPartOf\":{\"@id\":\"https:\\\/\\\/cklcomunicaciones.es\\\/coop\\\/noticias-info-ckl-no-2-478-10-07-20\\\/\"},\"author\":{\"name\":\"ckl\",\"@id\":\"https:\\\/\\\/cklcomunicaciones.es\\\/coop\\\/#\\\/schema\\\/person\\\/929a6837f7626450bbb50cee1aef266e\"},\"headline\":\"Noticias Info CKL n\u00ba 2.478-10\\\/07\\\/20\",\"datePublished\":\"2020-07-10T11:14:51+00:00\",\"dateModified\":\"2025-01-17T15:47:34+00:00\",\"mainEntityOfPage\":{\"@id\":\"https:\\\/\\\/cklcomunicaciones.es\\\/coop\\\/noticias-info-ckl-no-2-478-10-07-20\\\/\"},\"wordCount\":929,\"image\":{\"@id\":\"https:\\\/\\\/cklcomunicaciones.es\\\/coop\\\/noticias-info-ckl-no-2-478-10-07-20\\\/#primaryimage\"},\"thumbnailUrl\":\"http:\\\/\\\/www.cklcomunicaciones.es\\\/wp-content\\\/uploads\\\/2018\\\/03\\\/CKL_comunicacion-con-perspetiva-de-genero-300x300.jpg\",\"keywords\":[\"CKL\",\"comunicaci\u00f3n inclusiva\",\"perspectiva de g\u00e9nero\"],\"articleSection\":[\"Newsletter\",\"Nwl v2.0\"],\"inLanguage\":\"es\"},{\"@type\":\"WebPage\",\"@id\":\"https:\\\/\\\/cklcomunicaciones.es\\\/coop\\\/noticias-info-ckl-no-2-478-10-07-20\\\/\",\"url\":\"https:\\\/\\\/cklcomunicaciones.es\\\/coop\\\/noticias-info-ckl-no-2-478-10-07-20\\\/\",\"name\":\"Noticias Info CKL n\u00ba 2.478-10\\\/07\\\/20-Comunicar con perspectiva de g\u00e9nero\",\"isPartOf\":{\"@id\":\"https:\\\/\\\/cklcomunicaciones.es\\\/coop\\\/#website\"},\"primaryImageOfPage\":{\"@id\":\"https:\\\/\\\/cklcomunicaciones.es\\\/coop\\\/noticias-info-ckl-no-2-478-10-07-20\\\/#primaryimage\"},\"image\":{\"@id\":\"https:\\\/\\\/cklcomunicaciones.es\\\/coop\\\/noticias-info-ckl-no-2-478-10-07-20\\\/#primaryimage\"},\"thumbnailUrl\":\"http:\\\/\\\/www.cklcomunicaciones.es\\\/wp-content\\\/uploads\\\/2018\\\/03\\\/CKL_comunicacion-con-perspetiva-de-genero-300x300.jpg\",\"datePublished\":\"2020-07-10T11:14:51+00:00\",\"dateModified\":\"2025-01-17T15:47:34+00:00\",\"author\":{\"@id\":\"https:\\\/\\\/cklcomunicaciones.es\\\/coop\\\/#\\\/schema\\\/person\\\/929a6837f7626450bbb50cee1aef266e\"},\"description\":\"Comunicar con perspectiva de g\u00e9nero: Nadia Calvi\u00f1o y la cuota masculina-Andaluc\u00eda incentivar\u00e1 con 6.600\u20ac la contrataci\u00f3n de mujeres que teletrabajen...\",\"breadcrumb\":{\"@id\":\"https:\\\/\\\/cklcomunicaciones.es\\\/coop\\\/noticias-info-ckl-no-2-478-10-07-20\\\/#breadcrumb\"},\"inLanguage\":\"es\",\"potentialAction\":[{\"@type\":\"ReadAction\",\"target\":[\"https:\\\/\\\/cklcomunicaciones.es\\\/coop\\\/noticias-info-ckl-no-2-478-10-07-20\\\/\"]}]},{\"@type\":\"ImageObject\",\"inLanguage\":\"es\",\"@id\":\"https:\\\/\\\/cklcomunicaciones.es\\\/coop\\\/noticias-info-ckl-no-2-478-10-07-20\\\/#primaryimage\",\"url\":\"http:\\\/\\\/www.cklcomunicaciones.es\\\/wp-content\\\/uploads\\\/2018\\\/03\\\/CKL_comunicacion-con-perspetiva-de-genero-300x300.jpg\",\"contentUrl\":\"http:\\\/\\\/www.cklcomunicaciones.es\\\/wp-content\\\/uploads\\\/2018\\\/03\\\/CKL_comunicacion-con-perspetiva-de-genero-300x300.jpg\"},{\"@type\":\"BreadcrumbList\",\"@id\":\"https:\\\/\\\/cklcomunicaciones.es\\\/coop\\\/noticias-info-ckl-no-2-478-10-07-20\\\/#breadcrumb\",\"itemListElement\":[{\"@type\":\"ListItem\",\"position\":1,\"name\":\"Portada\",\"item\":\"https:\\\/\\\/cklcomunicaciones.es\\\/coop\\\/\"},{\"@type\":\"ListItem\",\"position\":2,\"name\":\"Noticias Info CKL n\u00ba 2.478-10\\\/07\\\/20\"}]},{\"@type\":\"WebSite\",\"@id\":\"https:\\\/\\\/cklcomunicaciones.es\\\/coop\\\/#website\",\"url\":\"https:\\\/\\\/cklcomunicaciones.es\\\/coop\\\/\",\"name\":\"CKL Comunicaciones\",\"description\":\"Sitio web de CKL Comunicaciones coop , la consultora de comunicaci\u00f3n y estrategia\",\"potentialAction\":[{\"@type\":\"SearchAction\",\"target\":{\"@type\":\"EntryPoint\",\"urlTemplate\":\"https:\\\/\\\/cklcomunicaciones.es\\\/coop\\\/?s={search_term_string}\"},\"query-input\":{\"@type\":\"PropertyValueSpecification\",\"valueRequired\":true,\"valueName\":\"search_term_string\"}}],\"inLanguage\":\"es\"},{\"@type\":\"Person\",\"@id\":\"https:\\\/\\\/cklcomunicaciones.es\\\/coop\\\/#\\\/schema\\\/person\\\/929a6837f7626450bbb50cee1aef266e\",\"name\":\"ckl\",\"image\":{\"@type\":\"ImageObject\",\"inLanguage\":\"es\",\"@id\":\"https:\\\/\\\/secure.gravatar.com\\\/avatar\\\/c82db564e8a669bf6023357a157b9dc4780f4d4c618f2ad1d71a6a5dede45057?s=96&d=mm&r=g\",\"url\":\"https:\\\/\\\/secure.gravatar.com\\\/avatar\\\/c82db564e8a669bf6023357a157b9dc4780f4d4c618f2ad1d71a6a5dede45057?s=96&d=mm&r=g\",\"contentUrl\":\"https:\\\/\\\/secure.gravatar.com\\\/avatar\\\/c82db564e8a669bf6023357a157b9dc4780f4d4c618f2ad1d71a6a5dede45057?s=96&d=mm&r=g\",\"caption\":\"ckl\"},\"url\":\"https:\\\/\\\/cklcomunicaciones.es\\\/coop\\\/author\\\/cklcomunicaciones\\\/\"}]}<\/script>\n<!-- \/ Yoast SEO plugin. -->","yoast_head_json":{"title":"Noticias Info CKL n\u00ba 2.478-10\/07\/20-Comunicar con perspectiva de g\u00e9nero","description":"Comunicar con perspectiva de g\u00e9nero: Nadia Calvi\u00f1o y la cuota masculina-Andaluc\u00eda incentivar\u00e1 con 6.600\u20ac la contrataci\u00f3n de mujeres que teletrabajen...","robots":{"index":"index","follow":"follow","max-snippet":"max-snippet:-1","max-image-preview":"max-image-preview:large","max-video-preview":"max-video-preview:-1"},"canonical":"https:\/\/cklcomunicaciones.es\/coop\/noticias-info-ckl-no-2-478-10-07-20\/","og_locale":"es_ES","og_type":"article","og_title":"Noticias Info CKL n\u00ba 2.478-10\/07\/20-Comunicar con perspectiva de g\u00e9nero","og_description":"Comunicar con perspectiva de g\u00e9nero: Nadia Calvi\u00f1o y la cuota masculina-Andaluc\u00eda incentivar\u00e1 con 6.600\u20ac la contrataci\u00f3n de mujeres que teletrabajen...","og_url":"https:\/\/cklcomunicaciones.es\/coop\/noticias-info-ckl-no-2-478-10-07-20\/","og_site_name":"CKL Comunicaciones","article_published_time":"2020-07-10T11:14:51+00:00","article_modified_time":"2025-01-17T15:47:34+00:00","og_image":[{"width":500,"height":500,"url":"https:\/\/cklcomunicaciones.es\/coop\/wp-content\/uploads\/2018\/03\/CKL_comunicacion-con-perspetiva-de-genero.jpg","type":"image\/jpeg"}],"author":"ckl","twitter_card":"summary_large_image","twitter_misc":{"Escrito por":"ckl","Tiempo de lectura":"5 minutos"},"schema":{"@context":"https:\/\/schema.org","@graph":[{"@type":"Article","@id":"https:\/\/cklcomunicaciones.es\/coop\/noticias-info-ckl-no-2-478-10-07-20\/#article","isPartOf":{"@id":"https:\/\/cklcomunicaciones.es\/coop\/noticias-info-ckl-no-2-478-10-07-20\/"},"author":{"name":"ckl","@id":"https:\/\/cklcomunicaciones.es\/coop\/#\/schema\/person\/929a6837f7626450bbb50cee1aef266e"},"headline":"Noticias Info CKL n\u00ba 2.478-10\/07\/20","datePublished":"2020-07-10T11:14:51+00:00","dateModified":"2025-01-17T15:47:34+00:00","mainEntityOfPage":{"@id":"https:\/\/cklcomunicaciones.es\/coop\/noticias-info-ckl-no-2-478-10-07-20\/"},"wordCount":929,"image":{"@id":"https:\/\/cklcomunicaciones.es\/coop\/noticias-info-ckl-no-2-478-10-07-20\/#primaryimage"},"thumbnailUrl":"http:\/\/www.cklcomunicaciones.es\/wp-content\/uploads\/2018\/03\/CKL_comunicacion-con-perspetiva-de-genero-300x300.jpg","keywords":["CKL","comunicaci\u00f3n inclusiva","perspectiva de g\u00e9nero"],"articleSection":["Newsletter","Nwl v2.0"],"inLanguage":"es"},{"@type":"WebPage","@id":"https:\/\/cklcomunicaciones.es\/coop\/noticias-info-ckl-no-2-478-10-07-20\/","url":"https:\/\/cklcomunicaciones.es\/coop\/noticias-info-ckl-no-2-478-10-07-20\/","name":"Noticias Info CKL n\u00ba 2.478-10\/07\/20-Comunicar con perspectiva de g\u00e9nero","isPartOf":{"@id":"https:\/\/cklcomunicaciones.es\/coop\/#website"},"primaryImageOfPage":{"@id":"https:\/\/cklcomunicaciones.es\/coop\/noticias-info-ckl-no-2-478-10-07-20\/#primaryimage"},"image":{"@id":"https:\/\/cklcomunicaciones.es\/coop\/noticias-info-ckl-no-2-478-10-07-20\/#primaryimage"},"thumbnailUrl":"http:\/\/www.cklcomunicaciones.es\/wp-content\/uploads\/2018\/03\/CKL_comunicacion-con-perspetiva-de-genero-300x300.jpg","datePublished":"2020-07-10T11:14:51+00:00","dateModified":"2025-01-17T15:47:34+00:00","author":{"@id":"https:\/\/cklcomunicaciones.es\/coop\/#\/schema\/person\/929a6837f7626450bbb50cee1aef266e"},"description":"Comunicar con perspectiva de g\u00e9nero: Nadia Calvi\u00f1o y la cuota masculina-Andaluc\u00eda incentivar\u00e1 con 6.600\u20ac la contrataci\u00f3n de mujeres que teletrabajen...","breadcrumb":{"@id":"https:\/\/cklcomunicaciones.es\/coop\/noticias-info-ckl-no-2-478-10-07-20\/#breadcrumb"},"inLanguage":"es","potentialAction":[{"@type":"ReadAction","target":["https:\/\/cklcomunicaciones.es\/coop\/noticias-info-ckl-no-2-478-10-07-20\/"]}]},{"@type":"ImageObject","inLanguage":"es","@id":"https:\/\/cklcomunicaciones.es\/coop\/noticias-info-ckl-no-2-478-10-07-20\/#primaryimage","url":"http:\/\/www.cklcomunicaciones.es\/wp-content\/uploads\/2018\/03\/CKL_comunicacion-con-perspetiva-de-genero-300x300.jpg","contentUrl":"http:\/\/www.cklcomunicaciones.es\/wp-content\/uploads\/2018\/03\/CKL_comunicacion-con-perspetiva-de-genero-300x300.jpg"},{"@type":"BreadcrumbList","@id":"https:\/\/cklcomunicaciones.es\/coop\/noticias-info-ckl-no-2-478-10-07-20\/#breadcrumb","itemListElement":[{"@type":"ListItem","position":1,"name":"Portada","item":"https:\/\/cklcomunicaciones.es\/coop\/"},{"@type":"ListItem","position":2,"name":"Noticias Info CKL n\u00ba 2.478-10\/07\/20"}]},{"@type":"WebSite","@id":"https:\/\/cklcomunicaciones.es\/coop\/#website","url":"https:\/\/cklcomunicaciones.es\/coop\/","name":"CKL Comunicaciones","description":"Sitio web de CKL Comunicaciones coop , la consultora de comunicaci\u00f3n y estrategia","potentialAction":[{"@type":"SearchAction","target":{"@type":"EntryPoint","urlTemplate":"https:\/\/cklcomunicaciones.es\/coop\/?s={search_term_string}"},"query-input":{"@type":"PropertyValueSpecification","valueRequired":true,"valueName":"search_term_string"}}],"inLanguage":"es"},{"@type":"Person","@id":"https:\/\/cklcomunicaciones.es\/coop\/#\/schema\/person\/929a6837f7626450bbb50cee1aef266e","name":"ckl","image":{"@type":"ImageObject","inLanguage":"es","@id":"https:\/\/secure.gravatar.com\/avatar\/c82db564e8a669bf6023357a157b9dc4780f4d4c618f2ad1d71a6a5dede45057?s=96&d=mm&r=g","url":"https:\/\/secure.gravatar.com\/avatar\/c82db564e8a669bf6023357a157b9dc4780f4d4c618f2ad1d71a6a5dede45057?s=96&d=mm&r=g","contentUrl":"https:\/\/secure.gravatar.com\/avatar\/c82db564e8a669bf6023357a157b9dc4780f4d4c618f2ad1d71a6a5dede45057?s=96&d=mm&r=g","caption":"ckl"},"url":"https:\/\/cklcomunicaciones.es\/coop\/author\/cklcomunicaciones\/"}]}},"_links":{"self":[{"href":"https:\/\/cklcomunicaciones.es\/coop\/wp-json\/wp\/v2\/posts\/15028","targetHints":{"allow":["GET"]}}],"collection":[{"href":"https:\/\/cklcomunicaciones.es\/coop\/wp-json\/wp\/v2\/posts"}],"about":[{"href":"https:\/\/cklcomunicaciones.es\/coop\/wp-json\/wp\/v2\/types\/post"}],"author":[{"embeddable":true,"href":"https:\/\/cklcomunicaciones.es\/coop\/wp-json\/wp\/v2\/users\/3"}],"replies":[{"embeddable":true,"href":"https:\/\/cklcomunicaciones.es\/coop\/wp-json\/wp\/v2\/comments?post=15028"}],"version-history":[{"count":0,"href":"https:\/\/cklcomunicaciones.es\/coop\/wp-json\/wp\/v2\/posts\/15028\/revisions"}],"wp:attachment":[{"href":"https:\/\/cklcomunicaciones.es\/coop\/wp-json\/wp\/v2\/media?parent=15028"}],"wp:term":[{"taxonomy":"category","embeddable":true,"href":"https:\/\/cklcomunicaciones.es\/coop\/wp-json\/wp\/v2\/categories?post=15028"},{"taxonomy":"post_tag","embeddable":true,"href":"https:\/\/cklcomunicaciones.es\/coop\/wp-json\/wp\/v2\/tags?post=15028"}],"curies":[{"name":"wp","href":"https:\/\/api.w.org\/{rel}","templated":true}]}}