{"id":15025,"date":"2020-07-08T12:38:46","date_gmt":"2020-07-08T10:38:46","guid":{"rendered":"http:\/\/www.cklcomunicaciones.es\/?p=15025"},"modified":"2025-01-17T16:47:35","modified_gmt":"2025-01-17T15:47:35","slug":"noticias-info-ckl-no-2-477-08-07-20","status":"publish","type":"post","link":"https:\/\/cklcomunicaciones.es\/coop\/noticias-info-ckl-no-2-477-08-07-20\/","title":{"rendered":"Noticias Info CKL n\u00ba 2.477-08\/07\/20"},"content":{"rendered":"<div id=\"pl-15025\"  class=\"panel-layout\" >\n<div id=\"pg-15025-0\"  class=\"panel-grid panel-no-style\"  data-style=\"{&quot;background_image_attachment&quot;:false,&quot;background_display&quot;:&quot;tile&quot;,&quot;cell_alignment&quot;:&quot;flex-start&quot;}\" >\n<div id=\"pgc-15025-0-0\"  class=\"panel-grid-cell\"  data-weight=\"1\" >\n<div id=\"panel-15025-0-0-0\" class=\"so-panel widget widget_sow-editor panel-first-child panel-last-child\" data-index=\"0\" data-style=\"{&quot;background_image_attachment&quot;:false,&quot;background_display&quot;:&quot;tile&quot;}\" >\n<div class=\"so-widget-sow-editor so-widget-sow-editor-base\">\n<div class=\"siteorigin-widget-tinymce textwidget\">\n<p><img decoding=\"async\" class=\"lazyload  wp-image-13726\" src=\"http:\/\/www.cklcomunicaciones.es\/wp-content\/uploads\/2018\/03\/CKL_comunicacion-con-perspetiva-de-genero-300x300.jpg\" data-orig-src=\"http:\/\/www.cklcomunicaciones.es\/wp-content\/uploads\/2018\/03\/CKL_comunicacion-con-perspetiva-de-genero-300x300.jpg\" alt=\"CKL_comunicacion con perspetiva de genero\" width=\"132\" height=\"132\" srcset=\"data:image\/svg+xml,%3Csvg%20xmlns%3D%27http%3A%2F%2Fwww.w3.org%2F2000%2Fsvg%27%20width%3D%27132%27%20height%3D%27132%27%20viewBox%3D%270%200%20132%20132%27%3E%3Crect%20width%3D%27132%27%20height%3D%27132%27%20fill-opacity%3D%220%22%2F%3E%3C%2Fsvg%3E\" data-srcset=\"https:\/\/cklcomunicaciones.es\/coop\/wp-content\/uploads\/2018\/03\/CKL_comunicacion-con-perspetiva-de-genero-150x150.jpg 150w, https:\/\/cklcomunicaciones.es\/coop\/wp-content\/uploads\/2018\/03\/CKL_comunicacion-con-perspetiva-de-genero-300x300.jpg 300w, https:\/\/cklcomunicaciones.es\/coop\/wp-content\/uploads\/2018\/03\/CKL_comunicacion-con-perspetiva-de-genero-450x450.jpg 450w, https:\/\/cklcomunicaciones.es\/coop\/wp-content\/uploads\/2018\/03\/CKL_comunicacion-con-perspetiva-de-genero.jpg 500w\" data-sizes=\"auto\" data-orig-sizes=\"(max-width: 132px) 100vw, 132px\" \/><\/p>\n<p id=\":ox\" class=\"hP\" tabindex=\"-1\" data-thread-perm-id=\"thread-f:1671644464695813528\" data-legacy-thread-id=\"1732dfc8acf12598\"><strong>Espa\u00f1a pierde el 2,8% del PIB por falta de mujeres en empleos digitales-Solo 6 mujeres en 40 a\u00f1os del Tribunal Constitucional-Raque<wbr><\/wbr>l Yotti (Inst. Carlos II)I:\u00bbNo confinar hubiera tenido costes inasumibles\u00bb-\u00abMatria<wbr><\/wbr>\u00ab<\/strong><\/p>\n<p>[toggle type=\u00bbfirst\u00bb title=\u00bbComunicaci\u00f3n\u00bb]<\/p>\n<p>&nbsp;<\/p>\n<p><a href=\"https:\/\/www.google.com\/url?rct=j&amp;sa=t&amp;url=https:\/\/www.marketingdirecto.com\/anunciantes-general\/anunciantes\/begona-elices-vuelve-a-ser-elegida-como-presidenta-de-la-asociacion-espanola-de-anunciantes&amp;ct=ga&amp;cd=CAEYASoTOTI3OTQ0MzQzMDc0MTE2MjAyNDIZYzUxZTUzMzZhZjZjNDMwNTplczplczpFUw&amp;usg=AFQjCNHJfROJ-Zqm6zXN9lJPlmjTtf7dVQ\">Bego\u00f1a Elices vuelve a ser elegida como presidenta de la Asociaci\u00f3n Espa\u00f1ola de Anunciantes<\/a>&#8211;\u00a0MarketingDirecto<\/p>\n<p><a href=\"https:\/\/www.google.com\/url?rct=j&amp;sa=t&amp;url=https:\/\/www.telam.com.ar\/notas\/202007\/486060-encuentro-igualdad-genero-acoso-laboral-medios.html&amp;ct=ga&amp;cd=CAEYAioUMTMwNTQ3MzYzMzYyMzQwNTg0MjcyGWUxZTc3ZDE1NjA5OGE4ZTM6ZXM6ZXM6RVM&amp;usg=AFQjCNFiAH0jkA_bpwpNILV-fl88EZo5Gw\">Firman un compromiso para fortalecer la igualdad de\u00a0g\u00e9nero\u00a0en los medios p\u00fablicos<\/a>&#8211;\u00a0T\u00e9lam<\/p>\n<p><a href=\"https:\/\/www.mujeremprendedora.net\/vodafone-equiparacion-numero-hombres-mujeres-puestos-digitales-generaria-31-200-me-anuales\/\">La equiparaci\u00f3n de la cifra de hombres y mujeres en puestos digitales generar\u00eda 31.200 millones anuales<\/a>\u00a0\u2013 Mujeremprendedora.net<\/p>\n<p>[\/toggle]<\/p>\n<p>[toggle type=\u00bbfirst\u00bb title=\u00bbAndaluc\u00eda\u00bb]<\/p>\n<p><strong>Econom\u00eda y Empresas<\/strong><\/p>\n<p><a href=\"https:\/\/www.google.com\/url?rct=j&amp;sa=t&amp;url=https:\/\/www.diariojaen.es\/andalucia\/articulo-XY7320527&amp;ct=ga&amp;cd=CAEYBCoTMzMzODY3MTc3NjgyMjYxMTQ4NTIZZDc4ZTU4NzVhMGYxZjJhYzplczplczpFUw&amp;usg=AFQjCNEuFNwDecyKyF67KP8vDLprQyItAg\">Roc\u00edo Blanco Eguren, Consejera de Empleo, Formaci\u00f3n y Trabajo Aut\u00f3nomo: \u201cNuestra intenci\u00f3n es convertir la crisis en oportunidades para Ja\u00e9n\u201d<\/a>&#8211;\u00a0Diario Ja\u00e9n<\/p>\n<p><a href=\"https:\/\/www.cordobabn.com\/articulo\/andalucia\/joven-ingeniera-agricultora-triunfa-instagram\/20200707205614052205.html\">La ingeniera y agricultora cordobesa Lorena Guerra, contin\u00faa&#8230;<\/a>&#8211;\u00a0C\u00f3rdoba Buenas Noticias<\/p>\n<p><a href=\"https:\/\/www.google.com\/url?rct=j&amp;sa=t&amp;url=https:\/\/m.europapress.es\/andalucia\/noticia-ccoo-ugt-reclaman-partidos-acuerdo-social-recuperacion-andalucia-coronavirus-20200706183238.html&amp;ct=ga&amp;cd=CAEYASoTMzMzODY3MTc3NjgyMjYxMTQ4NTIZZDc4ZTU4NzVhMGYxZjJhYzplczplczpFUw&amp;usg=AFQjCNG1N-GjQ5EmlK6tPDjmhLtqEsJp4g\">CCOO y UGT reclaman a los partidos un acuerdo\u00a0social\u00a0para la recuperaci\u00f3n de\u00a0Andaluc\u00eda\u00a0ante &#8230;<\/a>&#8211;\u00a0Europa Press<\/p>\n<p><a href=\"https:\/\/www.mispeces.com\/noticias\/Un-webinar-abordara-la-convocatoria-de-ayudas-en-Andalucia-del-Programa-para-la-Investigacion-Industria-e-Innovacion-Empresarial\/\">Un webinar abordar\u00e1 la convocatoria de ayudas en\u00a0Andaluc\u00eda&#8230;<\/a>&#8211;\u00a0El Portal de la Acuicultura<\/p>\n<p><a href=\"https:\/\/www.lavozdecordoba.es\/actualidad\/2020\/07\/08\/loyola-mentoring\/\">Loyola pone en marcha un pionero programa de mentoring&#8230;<\/a>&#8211;\u00a0La voz de C\u00f3rdoba<\/p>\n<p><strong>Actualidad<\/strong><\/p>\n<p><a href=\"https:\/\/www.lavozdealcala.com\/mas-actualidad\/32930-el-instituto-andaluz-de-la-juventud-convoca-nuevas-ayudas-para-jovenes-emprendedores\/\">El Instituto\u00a0Andaluz\u00a0de la Juventud convoca nuevas ayudas para j\u00f3venes&#8230;<\/a>&#8211;\u00a0La Voz de Alcal\u00e1<\/p>\n<p><a href=\"https:\/\/www.granadadigital.es\/andalucia-tiene-segunda-peor-tasa-de-pcr-por-cada-1-000-habitantes-de-toda-espana\/\">Andaluc\u00eda\u00a0tiene la segunda peor tasa de PCR por cada 1.000&#8230;<\/a>&#8211;\u00a0GranadaDigital<\/p>\n<p><a href=\"https:\/\/www.teleprensa.com\/es\/nacional\/andalucia\/sevilla\/la-junta-extendera-el-distintivo-andalucia-segura-a-la-cultura-y-sector-agroalimentario.html\">La Junta extender\u00e1 el distintivo &#8216;Andaluc\u00eda\u00a0Segura&#8217; a la\u00a0cultura y el sector agroalimentario&#8230;<\/a>&#8211; Teleprensa peri\u00f3dico digital<strong>\u00a0<\/strong><\/p>\n<p><strong>Violencias<\/strong><\/p>\n<p><a href=\"https:\/\/www.google.com\/url?rct=j&amp;sa=t&amp;url=https:\/\/www.huelvainformacion.es\/huelva\/ICAHuelva-Dia-Justicia-Gratuita-asistencia_0_1480952027.html&amp;ct=ga&amp;cd=CAEYASoUMTU5MzcxODA0NjAwNDQ4NjA4OTMyGWMwMzcyZWJjMmZlYWRhNTk6ZXM6ZXM6RVM&amp;usg=AFQjCNEoghgBYoXZichh1jQG9ksbKBud_Q\">El ICAHuelva centrar\u00e1 el D\u00eda de la Justicia Gratuita en la asistencia a la\u00a0mujer\u00a0v\u00edctima de violencia &#8230;<\/a>&#8211;\u00a0Huelva Informaci\u00f3n<\/p>\n<p><a href=\"https:\/\/www.google.com\/url?rct=j&amp;sa=t&amp;url=https:\/\/www.benalgo.es\/noticias\/estepona-impartira-un-taller-de-fotografia-gratuito-para-jovenes-sobre-violencia-de-genero.html&amp;ct=ga&amp;cd=CAEYASoUMTE3MjY4OTQ3MTQxMDc3Nzc1MDkyGzlhYjFjZGQ3ZTM2NmVmMzg6ZXM6ZXM6RVM6Ug&amp;usg=AFQjCNHthF2UH3fqhWQTAOvPA0-0AXe8jA\">Estepona impartir\u00e1 un taller de fotograf\u00eda gratuito para j\u00f3venes sobre violencia de g\u00e9nero<\/a>&#8211;\u00a0Contracr\u00f3nica.es<\/p>\n<p><a href=\"https:\/\/www.europapress.es\/esandalucia\/huelva\/noticia-iam-atiende-mas-2100-mujeres-violencia-machista-confinamiento-provincia-huelva-20200707153750.html\">El IAM atiende a m\u00e1s de 2.100 mujeres por\u00a0violencia\u00a0machista&#8230;<\/a>&#8211;\u00a0Europa Press<strong>\u00a0<\/strong><\/p>\n<p><strong>Ciencia y Cultura<\/strong><\/p>\n<p><a href=\"https:\/\/www.google.com\/url?rct=j&amp;sa=t&amp;url=https:\/\/www.benalgo.es\/noticias\/eutopia-se-abre-desde-cordoba-a-toda-andalucia-en-su-edicion-mas-digital.html&amp;ct=ga&amp;cd=CAEYBCoTOTkwMDgzNTE3NDg2MjkwMjMzMzIZZTJkZWZhN2Q1ZGE5MTU3ZDplczplczpFUw&amp;usg=AFQjCNGy0q0e6ZPDhG2AdIaAoyb8XiknHA\">Eutop\u00eda se abre desde C\u00f3rdoba a toda Andaluc\u00eda en su edici\u00f3n m\u00e1s digital<\/a>&#8211;\u00a0Contracr\u00f3nica.es<a href=\"https:\/\/www.google.com\/url?rct=j&amp;sa=t&amp;url=https:\/\/almanzora.ideal.es\/actualidad\/juana-prisionera-teatro-20200707092451-nt.html&amp;ct=ga&amp;cd=CAEYACoUMTQ1MTUwNjE2ODUxMTMxMjE2OTkyGzlhYjFjZGQ3ZTM2NmVmMzg6ZXM6ZXM6RVM6Ug&amp;usg=AFQjCNHtdIQvmIEaqYoXhcQAhTlGCQpL-w\"><br \/>\n&#8216;Juana, la prisionera&#8217; teatro para reflexionar sobre diferentes tipos de violencias hacia\u00a0las mujeres<\/a>&#8211;\u00a0Ideal Digital<\/p>\n<p><a href=\"https:\/\/www.diariodesevilla.es\/entrevistas\/Piluca-Querol-Andalucia-debe-aspirar-liderar-industria-rodajes-Espana-Film-Commission_0_1480652127.html\">\u201cAndaluc\u00eda\u00a0debe aspirar a liderar la industria de los rodajes&#8230;<\/a>&#8211;\u00a0Diario de Sevilla<\/p>\n<p><a href=\"https:\/\/www.canalsur.es\/rtva\/canal-sur-refuerza-su-apoyo-al-cine-y-la-industria-audiovisual-andaluza\/1602001.html\">Canal Sur refuerza su apoyo al cine y la industria audiovisual &#8230;<\/a>&#8211;\u00a0CanalSurWeb<\/p>\n<p><strong>Deporte<\/strong><\/p>\n<p><a href=\"https:\/\/sevilla.abc.es\/deportes\/orgullodenervion\/noticias\/sevilla-fc\/renueva-la-capitana-del-sevilla-fc-femenino-maite-albarran-197643-1594195885.html\">Renueva la capitana del Sevilla FC\u00a0Femenino, Maite Albarr\u00e1n<\/a>&#8211;\u00a0abcdesevilla.es<\/p>\n<p>[\/toggle]<\/p>\n<p>[toggle type=\u00bbfirst\u00bb title=\u00bbEstado\u00bb]<\/p>\n<p><strong>Institucional<\/strong><\/p>\n<p><a href=\"https:\/\/www.google.com\/url?rct=j&amp;sa=t&amp;url=https:\/\/www.elespanol.com\/mujer\/actualidad\/20200706\/unicas-mujeres-formado-parte-tribunal-constitucional-anos\/503229676_3.html&amp;ct=ga&amp;cd=CAEYAyoUMTE3MjY4OTQ3MTQxMDc3Nzc1MDkyGzlhYjFjZGQ3ZTM2NmVmMzg6ZXM6ZXM6RVM6Ug&amp;usg=AFQjCNGPzD0yT0wcrjYThkeHg6ISRDf0tg\">Solo seis\u00a0mujeres en\u00a0los 40 a\u00f1os del Tribunal Constitucional: estas son las que rompieron el techo &#8230;<\/a>&#8211;\u00a0El Espa\u00f1ol<\/p>\n<p><a href=\"https:\/\/www.eleconomista.es\/economia\/noticias\/10652836\/07\/20\/Calvino-sabra-manana-si-se-convierte-en-la-nueva-presidenta-del-Eurogrupo.html\">Calvi\u00f1o sabr\u00e1 este jueves si se convierte en la nueva &#8230;<\/a>&#8211;\u00a0elEconomista.es<strong>\u00a0<\/strong><\/p>\n<p><strong>Institucional-CCAA<\/strong><\/p>\n<p><a href=\"https:\/\/www.google.com\/url?rct=j&amp;sa=t&amp;url=https:\/\/eldiadigital.es\/art\/334238\/un-grupo-de-voluntarios-se-convertiran-en-agentes-contra-la-violencia-de-genero&amp;ct=ga&amp;cd=CAEYACoUMTc5ODI4NTMwODAyMTYzMTA5MzkyGWUxZTc3ZDE1NjA5OGE4ZTM6ZXM6ZXM6RVM&amp;usg=AFQjCNE3tkV6K6zJMLbhtMBdSYmikB1B2A\">Un grupo de voluntarios se convertir\u00e1n en agentes contra la\u00a0violencia de g\u00e9nero<\/a>&#8211;\u00a0eldiadigital.es<\/p>\n<p><a href=\"https:\/\/www.eldiario.es\/euskadi\/miren-gorrotxategi-elkarrekin-iu-no-marco-limites-30-escanos-no_128_6088994.html\">La candidata de Elkarrekin Podemos-IU: \u00abNo me marco l\u00edmites: 30 esca\u00f1os. \u00bfPor qu\u00e9 no?\u00bb<\/a>-eldiario.es<\/p>\n<p><a href=\"https:\/\/www.farodevigo.es\/portada-deza-tabeiros-montes\/2020\/07\/07\/mulleres-poden-economia-rural\/2310572.html\">Mulleres que Poden:\u00a0econom\u00eda\u00a0y rural<\/a>&#8211;\u00a0Faro de Vigo<\/p>\n<p><a href=\"https:\/\/www.elcorreo.com\/economia\/empresas\/virgina-navarro-primera-20200707213956-nt.html\">Virgina Navarro, primera\u00a0mujer\u00a0en presidir los consignatarios de Busques y Estibadores del Puerto de Bilbao&#8230;<\/a>&#8211;\u00a0El Correo<\/p>\n<p><a href=\"https:\/\/eleconomico.es\/ciudad\/135065-educacion-convoca-becas-para-favorecer-la-presencia-de-mujeres-en-ciclos-formativos-de-grado-medio-y-superior-mas-masculinizados\">Educaci\u00f3n convoca becas para favorecer la presencia de&#8230;<\/a>&#8211;\u00a0eleconomico.es<strong>\u00a0<\/strong><\/p>\n<p><strong>Econom\u00eda y Empresas<\/strong><\/p>\n<p><a href=\"https:\/\/www.elperiodico.com\/es\/economia\/20200707\/espana-pierde-el-28-de-su-pib-por-la-falta-de-mujeres-en-los-empleos-digitales-8029982\">Espa\u00f1a pierde el 2,8% de su PIB por la falta de\u00a0mujeres\u00a0en los empleos digitales&#8230;<\/a>&#8211;\u00a0El Peri\u00f3dico<\/p>\n<p><a href=\"https:\/\/www.mujeremprendedora.net\/rural-joven-desempleada-perfil-alumnas-cursos-online-amfar\/\">Rural, joven y desempleada, perfil de las alumnas de los cursos online de AMFAR<\/a>\u00a0\u2013 Mujeremprendedora.net<\/p>\n<p><a href=\"https:\/\/elpais.com\/economia\/2020-07-08\/la-presencia-de-mujeres-en-los-consejos-de-administracion-crece-en-2019-segun-la-cnmv.html\">La presencia de mujeres en los consejos de<\/a><a href=\"https:\/\/elpais.com\/economia\/2020-07-08\/la-presencia-de-mujeres-en-los-consejos-de-administracion-crece-en-2019-segun-la-cnmv.html\"> administra<\/a><a href=\"https:\/\/elpais.com\/economia\/2020-07-08\/la-presencia-de-mujeres-en-los-consejos-de-administracion-crece-en-2019-segun-la-cnmv.html\">ci\u00f3n<\/a><a href=\"https:\/\/elpais.com\/economia\/2020-07-08\/la-presencia-de-mujeres-en-los-consejos-de-administracion-crece-en-2019-segun-la-cnmv.html\"> crece en 2019, seg\u00fan la CNMV<\/a>&#8211;\u00a0El Pa\u00eds<\/p>\n<p><strong>Actualidad<\/strong><\/p>\n<p><a href=\"https:\/\/www.google.com\/url?rct=j&amp;sa=t&amp;url=https:\/\/tribunafeminista.elplural.com\/2020\/07\/la-fecundacion-in-vitro-a-partir-de-ovocitos-de-otras-mujeres-genera-en-espana-mas-de-600-millones-de-euros-al-ano\/&amp;ct=ga&amp;cd=CAEYACoSNjE1NzU2MDU5NDU2NDAyOTYxMhljMDM3MmViYzJmZWFkYTU5OmVzOmVzOkVT&amp;usg=AFQjCNF-LJhK3szm4v9QFAEtxHh8T0v3Ug\">La fecundaci\u00f3n in vitro a partir de ovocitos de otras\u00a0mujeres\u00a0genera en Espa\u00f1a m\u00e1s de 600 &#8230;<\/a>&#8211;\u00a0elplural.com<\/p>\n<p><a href=\"https:\/\/www.mujeremprendedora.net\/elena-garcia-donoso-recomendaciones-ayudar-mujeres-alcanzar-libertad-emocional-superacion-propios-miedos\/\">Recomendaciones para ayudar a las mujeres a alcanzar su libertad emocional y superaci\u00f3n de sus propios miedos<\/a>\u00a0\u2013Mujeremprendedora.net<\/p>\n<p><a href=\"https:\/\/www.eldiario.es\/andalucia\/desdeelsur\/autodeterminacion-genero-matices-distinciones-debate-pendiente_132_6088739.html\">La autodeterminaci\u00f3n de g\u00e9nero: matices y distinciones para&#8230;<\/a>&#8211;\u00a0eldiario.es<strong>\u00a0<\/strong><\/p>\n<p><strong>Violencias<\/strong><a href=\"https:\/\/www.google.com\/url?rct=j&amp;sa=t&amp;url=https:\/\/www.eldia.es\/sociedad\/2020\/07\/08\/diagnostico-estudia-actitudes-juveniles-violencia\/1092507.html&amp;ct=ga&amp;cd=CAEYACoTNjAwMjE1NjcxMjM4OTczMDY4MzIZYzAzNzJlYmMyZmVhZGE1OTplczplczpFUw&amp;usg=AFQjCNHDSXw7BV2Apa44WXsyA7_nUjuW0A\"><br \/>\nUn diagn\u00f3stico estudia las actitudes juveniles ante la violencia de g\u00e9nero<\/a>&#8211;\u00a0eldia.es<strong>\u00a0<\/strong><\/p>\n<p><strong>Ciencia y Cultura<\/strong><\/p>\n<p><a href=\"https:\/\/www.eldiario.es\/sociedad\/raquel-yotti-5-poblacion-contagiada-tuvimos-sistema-sobrepasado-miles-fallecidos-no-confinar-hubiera-tenido-costes-inasumibles_128_6088249.html\">Raquel Yotti, directora del Instituto de Salud Carlos III: \u00abNo confinar hubiera tenido costes inasumibles\u00bb<\/a>-eldiario.es<\/p>\n<p><a href=\"https:\/\/elpais.com\/sociedad\/2020-07-07\/el-csic-logra-un-test-de-anticuerpos-fiable-mas-barato-que-los-comerciales-y-de-fabricacion-espanola.html\">El CSIC logra un test de anticuerpos fiable, m\u00e1s barato que los comerciales y de fabricaci\u00f3n espa\u00f1ola<\/a>-El Pa\u00eds<\/p>\n<p><a href=\"https:\/\/www.google.com\/url?rct=j&amp;sa=t&amp;url=https:\/\/www.diarioinformacion.com\/economia\/2020\/07\/06\/ineca-aepa-intercambiaran-informacion-impulsar\/2279725.html&amp;ct=ga&amp;cd=CAEYAioTMTY4Njg5NTM4MDA0MTc0Mjk5MTIZYzAzNzJlYmMyZmVhZGE1OTplczplczpFUw&amp;usg=AFQjCNFkzkT_CtdhlsF4X0J21MH_GT4kNA\">INECA y AEPA intercambiar\u00e1n informaci\u00f3n para impulsar estudios<\/a>&#8211;\u00a0Informaci\u00f3n<\/p>\n<p><a href=\"https:\/\/www.google.com\/url?rct=j&amp;sa=t&amp;url=https:\/\/www.larazon.es\/comunidad-valenciana\/20200707\/ahaob4xhujdydc6yg7f6z4jfii.html&amp;ct=ga&amp;cd=CAEYACoUMTgwNDk3NzYzMzE3NjE4NDE3MzMyGWMwMzcyZWJjMmZlYWRhNTk6ZXM6ZXM6RVM&amp;usg=AFQjCNGKAJYu8SkasrLdWrelJGuPGFjDvQ\">El papel de la\u00a0mujer\u00a0en la Rep\u00fablica y en el franquismo, pregunta de examen en la PAU<\/a>&#8211;\u00a0La Raz\u00f3n<\/p>\n<p><a href=\"https:\/\/www.yosoymujer.es\/cultura\/mascaras-metamorfosis-de-la-identidad-moderna-la-nueva-exposicion-del-museo-armen-thyssen-malaga\/\">\u201cM\u00e1scaras. Metamorfosis de la identidad moderna\u201d la nueva &#8230;<\/a>&#8211;\u00a0Yo soy Mujer<\/p>\n<p><a href=\"https:\/\/www.cartv.es\/aragoncultura\/nuestra-cultura\/matria-el-homenaje-a-la-mujer-campesina-de-judith-prat\">&#8216;Matria&#8217;, el homenaje a la\u00a0mujer\u00a0campesina de Judith Prat<\/a>&#8211;\u00a0CARTV<\/p>\n<p><strong>Deporte<\/strong><\/p>\n<p><a href=\"https:\/\/www.laverdad.es\/deportes\/mas-deportes\/gloria-vuelve-disfrutar-20200708001212-ntvo.html\">Gloria vuelve a disfrutar en Altea<\/a>&#8211;\u00a0La Verdad<\/p>\n<p><a href=\"https:\/\/www.mundodeportivo.com\/futbol\/femenino\/20200707\/482182120364\/los-clubs-se-movilizan-para-reclamar-una-liga-femenina-profesional.html\">Los clubs se movilizan para reclamar una Liga\u00a0femenina&#8230;<\/a>&#8211;\u00a0Mundo Deportivo<\/p>\n<p>[\/toggle]<\/p>\n<p>[toggle type=\u00bbfirst\u00bb title=\u00bbInternacional\u00bb]<\/p>\n<p><a href=\"https:\/\/elpais.com\/economia\/2020-07-07\/la-ocde-alerta-de-que-prolongar-las-ayudas-publicas-al-empleo-puede-distorsionar-el-mercado-laboral.html\">La OCDE advierte de que prolongar las ayudas p\u00fablicas al empleo puede distorsionar el mercado laboral<\/a>\u00a0\u2013El Pa\u00eds<a href=\"https:\/\/www.google.com\/url?rct=j&amp;sa=t&amp;url=https:\/\/m.metrolibre.com\/cultura\/175845-promotora-de-la-mujer-en-las-ciencias.html&amp;ct=ga&amp;cd=CAEYFCoTMTY4Njg5NTM4MDA0MTc0Mjk5MTIZYzAzNzJlYmMyZmVhZGE1OTplczplczpFUw&amp;usg=AFQjCNEs1dYCRl6E-miuiE9-G-htUZw3Zw\"><br \/>\n\u00c1ngela Jeria, una luchadora por los derechos humanos y madre de Michelle Bachelet- El Pa\u00eds<\/a><\/p>\n<p><a href=\"https:\/\/www.google.com\/url?rct=j&amp;sa=t&amp;url=https:\/\/m.metrolibre.com\/cultura\/175845-promotora-de-la-mujer-en-las-ciencias.html&amp;ct=ga&amp;cd=CAEYFCoTMTY4Njg5NTM4MDA0MTc0Mjk5MTIZYzAzNzJlYmMyZmVhZGE1OTplczplczpFUw&amp;usg=AFQjCNEs1dYCRl6E-miuiE9-G-htUZw3Zw\">Promotora de la\u00a0mujer\u00a0en las ciencias<\/a>&#8211;\u00a0Metro Libre<\/p>\n<p><a href=\"https:\/\/www.lanacion.com.ar\/sociedad\/artemisia-gentileschi-427-aniversario-del-nacimiento-esta-nid2393200\">Artemisia Gentileschi: el 427\u00ba aniversario del nacimiento de&#8230;<\/a>&#8211;\u00a0La Naci\u00f3n<\/p>\n<p><a href=\"https:\/\/www.airedesantafe.com.ar\/ocio\/frida-kahlo-artista-mexicana-y-mujer-revolucionaria-n161693\">Frida Kahlo:\u00a0artista\u00a0mexicana y\u00a0mujer\u00a0revolucionaria<\/a>&#8211;\u00a0Aire de Santa Fe<\/p>\n<p><a href=\"https:\/\/www.elcorreo.com\/deporte-femenino\/baloncesto\/jugadoras-femenina-vestiran-20200707212829-nt.html\">Las jugadoras de la NBA\u00a0femenina\u00a0vestir\u00e1n camisetas con&#8230;<\/a>&#8211;\u00a0El Correo<\/p>\n<p>[\/toggle]<\/p>\n<\/div>\n<\/div>\n<\/div>\n<\/div>\n<\/div>\n<\/div>\n","protected":false},"excerpt":{"rendered":"<p>Espa\u00f1a pierde el 2,8% del PIB por falta de mujeres <a href=\"https:\/\/cklcomunicaciones.es\/coop\/noticias-info-ckl-no-2-477-08-07-20\/\">[&#8230;]<\/a><\/p>\n","protected":false},"author":3,"featured_media":0,"comment_status":"closed","ping_status":"closed","sticky":false,"template":"","format":"standard","meta":{"footnotes":""},"categories":[298,623],"tags":[103,213,219],"class_list":["post-15025","post","type-post","status-publish","format-standard","hentry","category-newsletter","category-nwl-2-0","tag-ckl","tag-comunicacion-inclusiva","tag-perspectiva-de-genero"],"yoast_head":"<!-- This site is optimized with the Yoast SEO plugin v27.5 - https:\/\/yoast.com\/product\/yoast-seo-wordpress\/ -->\n<title>Noticias Info CKL n\u00ba 2.477-08\/07\/20-Comunicar con perspectiva de g\u00e9nero<\/title>\n<meta name=\"description\" content=\"Comunicar con perspectiva de g\u00e9nero: Espa\u00f1a pierde el 2,8% del PIB por falta de mujeres en empleos digitales-Solo 6 mujeres en 40 a\u00f1os del Tribunal Constitu\" \/>\n<meta name=\"robots\" content=\"index, follow, max-snippet:-1, max-image-preview:large, max-video-preview:-1\" \/>\n<link rel=\"canonical\" href=\"https:\/\/cklcomunicaciones.es\/coop\/noticias-info-ckl-no-2-477-08-07-20\/\" \/>\n<meta property=\"og:locale\" content=\"es_ES\" \/>\n<meta property=\"og:type\" content=\"article\" \/>\n<meta property=\"og:title\" content=\"Noticias Info CKL n\u00ba 2.477-08\/07\/20-Comunicar con perspectiva de g\u00e9nero\" \/>\n<meta property=\"og:description\" content=\"Comunicar con perspectiva de g\u00e9nero: Espa\u00f1a pierde el 2,8% del PIB por falta de mujeres en empleos digitales-Solo 6 mujeres en 40 a\u00f1os del Tribunal Constitu\" \/>\n<meta property=\"og:url\" content=\"https:\/\/cklcomunicaciones.es\/coop\/noticias-info-ckl-no-2-477-08-07-20\/\" \/>\n<meta property=\"og:site_name\" content=\"CKL Comunicaciones\" \/>\n<meta property=\"article:published_time\" content=\"2020-07-08T10:38:46+00:00\" \/>\n<meta property=\"article:modified_time\" content=\"2025-01-17T15:47:35+00:00\" \/>\n<meta property=\"og:image\" content=\"https:\/\/cklcomunicaciones.es\/coop\/wp-content\/uploads\/2018\/03\/CKL_comunicacion-con-perspetiva-de-genero.jpg\" \/>\n\t<meta property=\"og:image:width\" content=\"500\" \/>\n\t<meta property=\"og:image:height\" content=\"500\" \/>\n\t<meta property=\"og:image:type\" content=\"image\/jpeg\" \/>\n<meta name=\"author\" content=\"ckl\" \/>\n<meta name=\"twitter:card\" content=\"summary_large_image\" \/>\n<meta name=\"twitter:label1\" content=\"Escrito por\" \/>\n\t<meta name=\"twitter:data1\" content=\"ckl\" \/>\n\t<meta name=\"twitter:label2\" content=\"Tiempo de lectura\" \/>\n\t<meta name=\"twitter:data2\" content=\"4 minutos\" \/>\n<script type=\"application\/ld+json\" class=\"yoast-schema-graph\">{\"@context\":\"https:\\\/\\\/schema.org\",\"@graph\":[{\"@type\":\"Article\",\"@id\":\"https:\\\/\\\/cklcomunicaciones.es\\\/coop\\\/noticias-info-ckl-no-2-477-08-07-20\\\/#article\",\"isPartOf\":{\"@id\":\"https:\\\/\\\/cklcomunicaciones.es\\\/coop\\\/noticias-info-ckl-no-2-477-08-07-20\\\/\"},\"author\":{\"name\":\"ckl\",\"@id\":\"https:\\\/\\\/cklcomunicaciones.es\\\/coop\\\/#\\\/schema\\\/person\\\/929a6837f7626450bbb50cee1aef266e\"},\"headline\":\"Noticias Info CKL n\u00ba 2.477-08\\\/07\\\/20\",\"datePublished\":\"2020-07-08T10:38:46+00:00\",\"dateModified\":\"2025-01-17T15:47:35+00:00\",\"mainEntityOfPage\":{\"@id\":\"https:\\\/\\\/cklcomunicaciones.es\\\/coop\\\/noticias-info-ckl-no-2-477-08-07-20\\\/\"},\"wordCount\":854,\"image\":{\"@id\":\"https:\\\/\\\/cklcomunicaciones.es\\\/coop\\\/noticias-info-ckl-no-2-477-08-07-20\\\/#primaryimage\"},\"thumbnailUrl\":\"http:\\\/\\\/www.cklcomunicaciones.es\\\/wp-content\\\/uploads\\\/2018\\\/03\\\/CKL_comunicacion-con-perspetiva-de-genero-300x300.jpg\",\"keywords\":[\"CKL\",\"comunicaci\u00f3n inclusiva\",\"perspectiva de g\u00e9nero\"],\"articleSection\":[\"Newsletter\",\"Nwl v2.0\"],\"inLanguage\":\"es\"},{\"@type\":\"WebPage\",\"@id\":\"https:\\\/\\\/cklcomunicaciones.es\\\/coop\\\/noticias-info-ckl-no-2-477-08-07-20\\\/\",\"url\":\"https:\\\/\\\/cklcomunicaciones.es\\\/coop\\\/noticias-info-ckl-no-2-477-08-07-20\\\/\",\"name\":\"Noticias Info CKL n\u00ba 2.477-08\\\/07\\\/20-Comunicar con perspectiva de g\u00e9nero\",\"isPartOf\":{\"@id\":\"https:\\\/\\\/cklcomunicaciones.es\\\/coop\\\/#website\"},\"primaryImageOfPage\":{\"@id\":\"https:\\\/\\\/cklcomunicaciones.es\\\/coop\\\/noticias-info-ckl-no-2-477-08-07-20\\\/#primaryimage\"},\"image\":{\"@id\":\"https:\\\/\\\/cklcomunicaciones.es\\\/coop\\\/noticias-info-ckl-no-2-477-08-07-20\\\/#primaryimage\"},\"thumbnailUrl\":\"http:\\\/\\\/www.cklcomunicaciones.es\\\/wp-content\\\/uploads\\\/2018\\\/03\\\/CKL_comunicacion-con-perspetiva-de-genero-300x300.jpg\",\"datePublished\":\"2020-07-08T10:38:46+00:00\",\"dateModified\":\"2025-01-17T15:47:35+00:00\",\"author\":{\"@id\":\"https:\\\/\\\/cklcomunicaciones.es\\\/coop\\\/#\\\/schema\\\/person\\\/929a6837f7626450bbb50cee1aef266e\"},\"description\":\"Comunicar con perspectiva de g\u00e9nero: Espa\u00f1a pierde el 2,8% del PIB por falta de mujeres en empleos digitales-Solo 6 mujeres en 40 a\u00f1os del Tribunal Constitu\",\"breadcrumb\":{\"@id\":\"https:\\\/\\\/cklcomunicaciones.es\\\/coop\\\/noticias-info-ckl-no-2-477-08-07-20\\\/#breadcrumb\"},\"inLanguage\":\"es\",\"potentialAction\":[{\"@type\":\"ReadAction\",\"target\":[\"https:\\\/\\\/cklcomunicaciones.es\\\/coop\\\/noticias-info-ckl-no-2-477-08-07-20\\\/\"]}]},{\"@type\":\"ImageObject\",\"inLanguage\":\"es\",\"@id\":\"https:\\\/\\\/cklcomunicaciones.es\\\/coop\\\/noticias-info-ckl-no-2-477-08-07-20\\\/#primaryimage\",\"url\":\"http:\\\/\\\/www.cklcomunicaciones.es\\\/wp-content\\\/uploads\\\/2018\\\/03\\\/CKL_comunicacion-con-perspetiva-de-genero-300x300.jpg\",\"contentUrl\":\"http:\\\/\\\/www.cklcomunicaciones.es\\\/wp-content\\\/uploads\\\/2018\\\/03\\\/CKL_comunicacion-con-perspetiva-de-genero-300x300.jpg\"},{\"@type\":\"BreadcrumbList\",\"@id\":\"https:\\\/\\\/cklcomunicaciones.es\\\/coop\\\/noticias-info-ckl-no-2-477-08-07-20\\\/#breadcrumb\",\"itemListElement\":[{\"@type\":\"ListItem\",\"position\":1,\"name\":\"Portada\",\"item\":\"https:\\\/\\\/cklcomunicaciones.es\\\/coop\\\/\"},{\"@type\":\"ListItem\",\"position\":2,\"name\":\"Noticias Info CKL n\u00ba 2.477-08\\\/07\\\/20\"}]},{\"@type\":\"WebSite\",\"@id\":\"https:\\\/\\\/cklcomunicaciones.es\\\/coop\\\/#website\",\"url\":\"https:\\\/\\\/cklcomunicaciones.es\\\/coop\\\/\",\"name\":\"CKL Comunicaciones\",\"description\":\"Sitio web de CKL Comunicaciones coop , la consultora de comunicaci\u00f3n y estrategia\",\"potentialAction\":[{\"@type\":\"SearchAction\",\"target\":{\"@type\":\"EntryPoint\",\"urlTemplate\":\"https:\\\/\\\/cklcomunicaciones.es\\\/coop\\\/?s={search_term_string}\"},\"query-input\":{\"@type\":\"PropertyValueSpecification\",\"valueRequired\":true,\"valueName\":\"search_term_string\"}}],\"inLanguage\":\"es\"},{\"@type\":\"Person\",\"@id\":\"https:\\\/\\\/cklcomunicaciones.es\\\/coop\\\/#\\\/schema\\\/person\\\/929a6837f7626450bbb50cee1aef266e\",\"name\":\"ckl\",\"image\":{\"@type\":\"ImageObject\",\"inLanguage\":\"es\",\"@id\":\"https:\\\/\\\/secure.gravatar.com\\\/avatar\\\/c82db564e8a669bf6023357a157b9dc4780f4d4c618f2ad1d71a6a5dede45057?s=96&d=mm&r=g\",\"url\":\"https:\\\/\\\/secure.gravatar.com\\\/avatar\\\/c82db564e8a669bf6023357a157b9dc4780f4d4c618f2ad1d71a6a5dede45057?s=96&d=mm&r=g\",\"contentUrl\":\"https:\\\/\\\/secure.gravatar.com\\\/avatar\\\/c82db564e8a669bf6023357a157b9dc4780f4d4c618f2ad1d71a6a5dede45057?s=96&d=mm&r=g\",\"caption\":\"ckl\"},\"url\":\"https:\\\/\\\/cklcomunicaciones.es\\\/coop\\\/author\\\/cklcomunicaciones\\\/\"}]}<\/script>\n<!-- \/ Yoast SEO plugin. -->","yoast_head_json":{"title":"Noticias Info CKL n\u00ba 2.477-08\/07\/20-Comunicar con perspectiva de g\u00e9nero","description":"Comunicar con perspectiva de g\u00e9nero: Espa\u00f1a pierde el 2,8% del PIB por falta de mujeres en empleos digitales-Solo 6 mujeres en 40 a\u00f1os del Tribunal Constitu","robots":{"index":"index","follow":"follow","max-snippet":"max-snippet:-1","max-image-preview":"max-image-preview:large","max-video-preview":"max-video-preview:-1"},"canonical":"https:\/\/cklcomunicaciones.es\/coop\/noticias-info-ckl-no-2-477-08-07-20\/","og_locale":"es_ES","og_type":"article","og_title":"Noticias Info CKL n\u00ba 2.477-08\/07\/20-Comunicar con perspectiva de g\u00e9nero","og_description":"Comunicar con perspectiva de g\u00e9nero: Espa\u00f1a pierde el 2,8% del PIB por falta de mujeres en empleos digitales-Solo 6 mujeres en 40 a\u00f1os del Tribunal Constitu","og_url":"https:\/\/cklcomunicaciones.es\/coop\/noticias-info-ckl-no-2-477-08-07-20\/","og_site_name":"CKL Comunicaciones","article_published_time":"2020-07-08T10:38:46+00:00","article_modified_time":"2025-01-17T15:47:35+00:00","og_image":[{"width":500,"height":500,"url":"https:\/\/cklcomunicaciones.es\/coop\/wp-content\/uploads\/2018\/03\/CKL_comunicacion-con-perspetiva-de-genero.jpg","type":"image\/jpeg"}],"author":"ckl","twitter_card":"summary_large_image","twitter_misc":{"Escrito por":"ckl","Tiempo de lectura":"4 minutos"},"schema":{"@context":"https:\/\/schema.org","@graph":[{"@type":"Article","@id":"https:\/\/cklcomunicaciones.es\/coop\/noticias-info-ckl-no-2-477-08-07-20\/#article","isPartOf":{"@id":"https:\/\/cklcomunicaciones.es\/coop\/noticias-info-ckl-no-2-477-08-07-20\/"},"author":{"name":"ckl","@id":"https:\/\/cklcomunicaciones.es\/coop\/#\/schema\/person\/929a6837f7626450bbb50cee1aef266e"},"headline":"Noticias Info CKL n\u00ba 2.477-08\/07\/20","datePublished":"2020-07-08T10:38:46+00:00","dateModified":"2025-01-17T15:47:35+00:00","mainEntityOfPage":{"@id":"https:\/\/cklcomunicaciones.es\/coop\/noticias-info-ckl-no-2-477-08-07-20\/"},"wordCount":854,"image":{"@id":"https:\/\/cklcomunicaciones.es\/coop\/noticias-info-ckl-no-2-477-08-07-20\/#primaryimage"},"thumbnailUrl":"http:\/\/www.cklcomunicaciones.es\/wp-content\/uploads\/2018\/03\/CKL_comunicacion-con-perspetiva-de-genero-300x300.jpg","keywords":["CKL","comunicaci\u00f3n inclusiva","perspectiva de g\u00e9nero"],"articleSection":["Newsletter","Nwl v2.0"],"inLanguage":"es"},{"@type":"WebPage","@id":"https:\/\/cklcomunicaciones.es\/coop\/noticias-info-ckl-no-2-477-08-07-20\/","url":"https:\/\/cklcomunicaciones.es\/coop\/noticias-info-ckl-no-2-477-08-07-20\/","name":"Noticias Info CKL n\u00ba 2.477-08\/07\/20-Comunicar con perspectiva de g\u00e9nero","isPartOf":{"@id":"https:\/\/cklcomunicaciones.es\/coop\/#website"},"primaryImageOfPage":{"@id":"https:\/\/cklcomunicaciones.es\/coop\/noticias-info-ckl-no-2-477-08-07-20\/#primaryimage"},"image":{"@id":"https:\/\/cklcomunicaciones.es\/coop\/noticias-info-ckl-no-2-477-08-07-20\/#primaryimage"},"thumbnailUrl":"http:\/\/www.cklcomunicaciones.es\/wp-content\/uploads\/2018\/03\/CKL_comunicacion-con-perspetiva-de-genero-300x300.jpg","datePublished":"2020-07-08T10:38:46+00:00","dateModified":"2025-01-17T15:47:35+00:00","author":{"@id":"https:\/\/cklcomunicaciones.es\/coop\/#\/schema\/person\/929a6837f7626450bbb50cee1aef266e"},"description":"Comunicar con perspectiva de g\u00e9nero: Espa\u00f1a pierde el 2,8% del PIB por falta de mujeres en empleos digitales-Solo 6 mujeres en 40 a\u00f1os del Tribunal Constitu","breadcrumb":{"@id":"https:\/\/cklcomunicaciones.es\/coop\/noticias-info-ckl-no-2-477-08-07-20\/#breadcrumb"},"inLanguage":"es","potentialAction":[{"@type":"ReadAction","target":["https:\/\/cklcomunicaciones.es\/coop\/noticias-info-ckl-no-2-477-08-07-20\/"]}]},{"@type":"ImageObject","inLanguage":"es","@id":"https:\/\/cklcomunicaciones.es\/coop\/noticias-info-ckl-no-2-477-08-07-20\/#primaryimage","url":"http:\/\/www.cklcomunicaciones.es\/wp-content\/uploads\/2018\/03\/CKL_comunicacion-con-perspetiva-de-genero-300x300.jpg","contentUrl":"http:\/\/www.cklcomunicaciones.es\/wp-content\/uploads\/2018\/03\/CKL_comunicacion-con-perspetiva-de-genero-300x300.jpg"},{"@type":"BreadcrumbList","@id":"https:\/\/cklcomunicaciones.es\/coop\/noticias-info-ckl-no-2-477-08-07-20\/#breadcrumb","itemListElement":[{"@type":"ListItem","position":1,"name":"Portada","item":"https:\/\/cklcomunicaciones.es\/coop\/"},{"@type":"ListItem","position":2,"name":"Noticias Info CKL n\u00ba 2.477-08\/07\/20"}]},{"@type":"WebSite","@id":"https:\/\/cklcomunicaciones.es\/coop\/#website","url":"https:\/\/cklcomunicaciones.es\/coop\/","name":"CKL Comunicaciones","description":"Sitio web de CKL Comunicaciones coop , la consultora de comunicaci\u00f3n y estrategia","potentialAction":[{"@type":"SearchAction","target":{"@type":"EntryPoint","urlTemplate":"https:\/\/cklcomunicaciones.es\/coop\/?s={search_term_string}"},"query-input":{"@type":"PropertyValueSpecification","valueRequired":true,"valueName":"search_term_string"}}],"inLanguage":"es"},{"@type":"Person","@id":"https:\/\/cklcomunicaciones.es\/coop\/#\/schema\/person\/929a6837f7626450bbb50cee1aef266e","name":"ckl","image":{"@type":"ImageObject","inLanguage":"es","@id":"https:\/\/secure.gravatar.com\/avatar\/c82db564e8a669bf6023357a157b9dc4780f4d4c618f2ad1d71a6a5dede45057?s=96&d=mm&r=g","url":"https:\/\/secure.gravatar.com\/avatar\/c82db564e8a669bf6023357a157b9dc4780f4d4c618f2ad1d71a6a5dede45057?s=96&d=mm&r=g","contentUrl":"https:\/\/secure.gravatar.com\/avatar\/c82db564e8a669bf6023357a157b9dc4780f4d4c618f2ad1d71a6a5dede45057?s=96&d=mm&r=g","caption":"ckl"},"url":"https:\/\/cklcomunicaciones.es\/coop\/author\/cklcomunicaciones\/"}]}},"_links":{"self":[{"href":"https:\/\/cklcomunicaciones.es\/coop\/wp-json\/wp\/v2\/posts\/15025","targetHints":{"allow":["GET"]}}],"collection":[{"href":"https:\/\/cklcomunicaciones.es\/coop\/wp-json\/wp\/v2\/posts"}],"about":[{"href":"https:\/\/cklcomunicaciones.es\/coop\/wp-json\/wp\/v2\/types\/post"}],"author":[{"embeddable":true,"href":"https:\/\/cklcomunicaciones.es\/coop\/wp-json\/wp\/v2\/users\/3"}],"replies":[{"embeddable":true,"href":"https:\/\/cklcomunicaciones.es\/coop\/wp-json\/wp\/v2\/comments?post=15025"}],"version-history":[{"count":0,"href":"https:\/\/cklcomunicaciones.es\/coop\/wp-json\/wp\/v2\/posts\/15025\/revisions"}],"wp:attachment":[{"href":"https:\/\/cklcomunicaciones.es\/coop\/wp-json\/wp\/v2\/media?parent=15025"}],"wp:term":[{"taxonomy":"category","embeddable":true,"href":"https:\/\/cklcomunicaciones.es\/coop\/wp-json\/wp\/v2\/categories?post=15025"},{"taxonomy":"post_tag","embeddable":true,"href":"https:\/\/cklcomunicaciones.es\/coop\/wp-json\/wp\/v2\/tags?post=15025"}],"curies":[{"name":"wp","href":"https:\/\/api.w.org\/{rel}","templated":true}]}}