{"id":15004,"date":"2020-06-22T14:18:25","date_gmt":"2020-06-22T12:18:25","guid":{"rendered":"http:\/\/www.cklcomunicaciones.es\/?p=15004"},"modified":"2025-01-17T16:47:36","modified_gmt":"2025-01-17T15:47:36","slug":"noticias-info-ckl-no-2-470-22-06-20","status":"publish","type":"post","link":"https:\/\/cklcomunicaciones.es\/coop\/noticias-info-ckl-no-2-470-22-06-20\/","title":{"rendered":"Noticias Info CKL n\u00ba 2.470-22\/06\/20"},"content":{"rendered":"<div id=\"pl-15004\"  class=\"panel-layout\" >\n<div id=\"pg-15004-0\"  class=\"panel-grid panel-no-style\"  data-style=\"{&quot;background_image_attachment&quot;:false,&quot;background_display&quot;:&quot;tile&quot;,&quot;cell_alignment&quot;:&quot;flex-start&quot;}\" >\n<div id=\"pgc-15004-0-0\"  class=\"panel-grid-cell\"  data-weight=\"1\" >\n<div id=\"panel-15004-0-0-0\" class=\"so-panel widget widget_sow-editor panel-first-child panel-last-child\" data-index=\"0\" data-style=\"{&quot;background_image_attachment&quot;:false,&quot;background_display&quot;:&quot;tile&quot;}\" >\n<div class=\"so-widget-sow-editor so-widget-sow-editor-base\">\n<div class=\"siteorigin-widget-tinymce textwidget\">\n<p><img decoding=\"async\" class=\"lazyload  wp-image-13726\" src=\"http:\/\/www.cklcomunicaciones.es\/wp-content\/uploads\/2018\/03\/CKL_comunicacion-con-perspetiva-de-genero-300x300.jpg\" data-orig-src=\"http:\/\/www.cklcomunicaciones.es\/wp-content\/uploads\/2018\/03\/CKL_comunicacion-con-perspetiva-de-genero-300x300.jpg\" alt=\"CKL_comunicacion con perspetiva de genero\" width=\"132\" height=\"132\" srcset=\"data:image\/svg+xml,%3Csvg%20xmlns%3D%27http%3A%2F%2Fwww.w3.org%2F2000%2Fsvg%27%20width%3D%27132%27%20height%3D%27132%27%20viewBox%3D%270%200%20132%20132%27%3E%3Crect%20width%3D%27132%27%20height%3D%27132%27%20fill-opacity%3D%220%22%2F%3E%3C%2Fsvg%3E\" data-srcset=\"https:\/\/cklcomunicaciones.es\/coop\/wp-content\/uploads\/2018\/03\/CKL_comunicacion-con-perspetiva-de-genero-150x150.jpg 150w, https:\/\/cklcomunicaciones.es\/coop\/wp-content\/uploads\/2018\/03\/CKL_comunicacion-con-perspetiva-de-genero-300x300.jpg 300w, https:\/\/cklcomunicaciones.es\/coop\/wp-content\/uploads\/2018\/03\/CKL_comunicacion-con-perspetiva-de-genero-450x450.jpg 450w, https:\/\/cklcomunicaciones.es\/coop\/wp-content\/uploads\/2018\/03\/CKL_comunicacion-con-perspetiva-de-genero.jpg 500w\" data-sizes=\"auto\" data-orig-sizes=\"(max-width: 132px) 100vw, 132px\" \/><\/p>\n<p id=\":8nx\" class=\"hP\" tabindex=\"-1\" data-thread-perm-id=\"thread-f:1670200862499643305\" data-legacy-thread-id=\"172dbed5d8d79fa9\"><strong>La UE se aleja de los objetivos de desarrollo sostenible sobre igualdad de g\u00e9nero-La Europa de las mujeres: voces en tiempos de COVID-Jane Goodall: \u00abNo voy a dejar que tipos como Trump y Bolsonaro me hagan callar\u00bb<\/strong><\/p>\n<p>[toggle type=\u00bbfirst\u00bb title=\u00bbConvocatorias\u00bb]<\/p>\n<ul>\n<li><a href=\"http:\/\/www.caac.es\/programa\/ndn2019\/frame.htm\">Ex<\/a><a href=\"http:\/\/www.caac.es\/programa\/ndn2019\/frame.htm\">posici\u00f3n<\/a><a href=\"http:\/\/www.caac.es\/programa\/ndn2019\/frame.htm\"> &#8216;Nosotras<\/a><a href=\"http:\/\/www.caac.es\/programa\/ndn2019\/frame.htm\"> de nuevo&#8217;<\/a><strong>.\u00a0<\/strong>Centro Andaluz de Arte Contempor\u00e1neo. Hasta el 20 de septiembre de 2020<\/li>\n<li>Women\u2019s Europe: Voices in times of COVID. Episode 2:\u00a0Gender Equality brushed under the carpet<strong>.\u00a0<\/strong><a href=\"https:\/\/youtu.be\/a3dKd4pr05E\">https:\/\/youtu.be\/a3dKd4pr05E<\/a><\/li>\n<\/ul>\n<p><strong>\u00a0<\/strong>[\/toggle]<\/p>\n<p>[toggle type=\u00bbfirst\u00bb title=\u00bbComunicaci\u00f3n\u00bb]<\/p>\n<p><u><a href=\"https:\/\/www.eje21.com.co\/2020\/06\/maria-camila-orozco-el-periodismo-es-mi-pasion-lo-que-me-hace-sentir-viva\/\">Mar\u00eda Camila Orozco: \u201cEl\u00a0periodismo\u00a0es mi pasi\u00f3n, lo que me &#8230;<\/a><\/u>&#8211;\u00a0Eje21<\/p>\n<p><u><a href=\"https:\/\/www.lavozdealmeria.com\/noticia\/12\/almeria\/196003\/un-estudio-denuncia-que-los-bulos-son-diseminados-en-las-redes-sociales\">Un estudio denuncia que los bulos son diseminados en las redes sociales &#8230;<\/a><\/u>&#8211;\u00a0La Voz de Almer\u00eda<a href=\"https:\/\/www.google.com\/url?rct=j&amp;sa=t&amp;url=https:\/\/www.neeo.es\/2020\/06\/19\/la-noche-tematica-estrena-modelos-de-hombres\/&amp;ct=ga&amp;cd=CAEYACoTMTczMzY0MDc4OTI2OTM5MTk3MDIZZTJkZWZhN2Q1ZGE5MTU3ZDplczplczpFUw&amp;usg=AFQjCNEeVF-vxjuqbXT3qmne5yDWn0Nw6Q\"><br \/>\n&#8216;La noche tem\u00e1tica&#8217; estrena &#8216;Modelos de hombres&#8217;<\/a>&#8211;\u00a0Neeo<a href=\"https:\/\/www.google.com\/url?rct=j&amp;sa=t&amp;url=http:\/\/www.laarena.com.ar\/caldenia-las-mujeres-y-las-tics-2117974-5.html&amp;ct=ga&amp;cd=CAEYACoTOTE0MDA5Njg1MTk2NDY5ODE4NzIZZTFlNzdkMTU2MDk4YThlMzplczplczpFUw&amp;usg=AFQjCNGS7DK0xB7C8mWDWFn-qCE1H9bguQ\"><br \/>\nLas mujeres y las TIC&#8217;s<\/a>&#8211;\u00a0La Pampa La Arena<\/p>\n<p>[\/toggle]<\/p>\n<p>[toggle type=\u00bbfirst\u00bb title=\u00bbAndaluc\u00eda\u00bb]<\/p>\n<p><strong>Institucional<\/strong><a href=\"https:\/\/www.google.com\/url?rct=j&amp;sa=t&amp;url=https:\/\/www.lavanguardia.com\/local\/sevilla\/20200622\/481902884824\/maeztu-apela-a-una-recuperacion-sin-dejar-a-nadie-atras-y-llama-al-consenso-en-el-parlamento.html&amp;ct=ga&amp;cd=CAEYACoUMTExMTEzMDA4NDEzNzk5NzI4OTQyGWQ3OGU1ODc1YTBmMWYyYWM6ZXM6ZXM6RVM&amp;usg=AFQjCNFVYfc-1MuLmZaWw5t1uicBnW7pWw\"><br \/>\nMaeztu apela a una recuperaci\u00f3n sin \u00abdejar a nadie atr\u00e1s\u00bb y llama al consenso en el Parlamento<\/a>&#8211;\u00a0La Vanguardia<\/p>\n<p><strong>\u00a0<\/strong><strong>Econom\u00eda y Empresas<\/strong><u><a href=\"https:\/\/www.google.com\/url?rct=j&amp;sa=t&amp;url=https:\/\/sevilla.abc.es\/sevilla\/sevi-maria-jose-andrade-ninguna-mujer-emprendedora-quedara-anonimato-crisis-202006220738_noticia.html&amp;ct=ga&amp;cd=CAEYACoUMTE5MzgzNjEzNzk1NzU5OTc2OTYyGWMwMzcyZWJjMmZlYWRhNTk6ZXM6ZXM6RVM&amp;usg=AFQjCNGKb6rwGIFFOnVvMoGlstUPaQ_Glw\"><br \/>\nMar\u00eda Jos\u00e9 Andrade, fundadora y directora de la plataforma Mujeres Valientes: \u201c \u00abNinguna\u00a0mujer\u00a0emprendedora se quedar\u00e1 en el anonimato por la crisis\u00bb<\/a><\/u>&#8211;\u00a0<a href=\"http:\/\/abcdesevilla.es\/\">abcdesevilla.es<\/a><\/p>\n<p><u><a href=\"https:\/\/www.juntadeandalucia.es\/presidencia\/portavoz\/152589\/economiaconocimientoempresasyuniversidad\/ieca\/coronavirus\/covid19\/confinamienrto\/encuesta\/teletrabajo\/ejerciciofisico\/saludmental\/redessociales\">Las andaluzas teletrabajan m\u00e1s, los mayores hacen m\u00e1s ejercicio y la salud mental se ha resentido<\/a><\/u>\u00a0\u2013 Oficina del Trabajo<\/p>\n<p><a href=\"https:\/\/www.google.com\/url?rct=j&amp;sa=t&amp;url=https:\/\/www.lavozdealmeria.com\/noticia\/20\/economia\/195915\/almeria-ha-sido-la-provincia-andaluza-donde-menos-se-paralizo-la-economia&amp;ct=ga&amp;cd=CAEYACoTMzk0NDMyMTAxNzk3NjUwOTc1NDIZZDc4ZTU4NzVhMGYxZjJhYzplczplczpFUw&amp;usg=AFQjCNELihS2cyRd84wPZ0X1lr9YQhTc8A\">Almer\u00eda ha sido la provincia\u00a0andaluza\u00a0donde menos se paraliz\u00f3 la\u00a0econom\u00eda<\/a><u>&#8211;<\/u>\u00a0La Voz de Almer\u00eda<\/p>\n<p><u><a href=\"https:\/\/www.juntadeandalucia.es\/presidencia\/portavoz\/152666\/Economia\/Ayudas\/Incentivos\/IDi\/FondosEuropeos\/Empresas\/Investigacion\">La Consejer\u00eda de Econom\u00eda abre el plazo para solicitar 43 millones en ayudas a la I+D+i empresarial<\/a>\u00a0<\/u>\u2013Oficina del Portavoz<\/p>\n<p><strong>\u00a0<\/strong><strong>Actualidad<\/strong><\/p>\n<p><a href=\"https:\/\/www.google.com\/url?rct=j&amp;sa=t&amp;url=https:\/\/www.eldiario.es\/andalucia\/desdeelsur\/Europa-mujeres-voces-tiempos-COVID_6_1039806048.html&amp;ct=ga&amp;cd=CAEYACoTNzU2MDI5NDcwNDI2NDk5ODQxOTIZMWZhYTM2NGQzZDExMjIxYjplczplczpFUw&amp;usg=AFQjCNENPy_W2JsvzCgTBIlWJYJ4tbJybg\">La Europa de las mujeres: voces en tiempos de COVID<\/a>&#8211;\u00a0<a href=\"http:\/\/eldiario.es\/\">eldiario.es<\/a><\/p>\n<p><a href=\"https:\/\/www.google.com\/url?rct=j&amp;sa=t&amp;url=https:\/\/www.diariocordoba.com\/noticias\/cordobaprovincia\/encuentro-virtual-analizara-vision-mujeres-nueva-realidad_1376101.html&amp;ct=ga&amp;cd=CAEYASoUMTc2NDg4Nzg5NTIxMDQwMjYyMDQyGWMwMzcyZWJjMmZlYWRhNTk6ZXM6ZXM6RVM&amp;usg=AFQjCNHawfIi9UBqLqDzrrO4o-1tfGe6lA\">Un encuentro virtual analizar\u00e1 la visi\u00f3n de las\u00a0mujeres\u00a0ante la \u00abnueva realidad\u00bb<\/a>&#8211;\u00a0Diario C\u00f3rdoba<\/p>\n<p><a href=\"https:\/\/www.google.com\/url?rct=j&amp;sa=t&amp;url=https:\/\/www.canalsur.es\/noticias\/la-mujer-tuvo-mas-cargas-en-el-confinamiento\/1595480.html&amp;ct=ga&amp;cd=CAEYACoTMjg3NTc4NDUwODU2MTg4OTU5ODIZYzAzNzJlYmMyZmVhZGE1OTplczplczpFUw&amp;usg=AFQjCNHBzJXHpYpE2Ag4pCjYeEhqs60j6A\">La\u00a0mujer\u00a0tuvo m\u00e1s cargas en el confinamiento<\/a>&#8211;\u00a0CanalSurWeb<\/p>\n<p><a href=\"https:\/\/www.google.com\/url?rct=j&amp;sa=t&amp;url=https:\/\/andaluciainformacion.es\/cadiz\/905545\/cadiz-acogera-el-i-foro-social-iberoamericano-en-abril-de-2021\/&amp;ct=ga&amp;cd=CAEYASoTNTkxMzIxNDIzMDU5NjIwMjYzMzIZYzAzNzJlYmMyZmVhZGE1OTplczplczpFUw&amp;usg=AFQjCNGK6-Hs6Xm6tFgyLiS4UGHbDkERjA\">C\u00e1diz acoger\u00e1 el I Foro Social Iberoamericano en abril de 2021<\/a>&#8211;\u00a0Andaluc\u00eda Informaci\u00f3n<\/p>\n<p><strong>Violencias<\/strong><\/p>\n<p><u><a href=\"https:\/\/www.google.com\/url?rct=j&amp;sa=t&amp;url=https:\/\/www.diariodehuelva.es\/2020\/06\/21\/iam-mujeres-confinamiento1\/&amp;ct=ga&amp;cd=CAEYACoSODk4MjY1MjU0ODAxNTE3ODMzMhljMDM3MmViYzJmZWFkYTU5OmVzOmVzOkVT&amp;usg=AFQjCNFvl7LU6KBSXXC6wAghWUI6hHM0yA\">Mar\u00eda Mart\u00edn: \u201cGracias al entorno de la v\u00edctima, hemos ayudado a m\u00e1s\u00a0mujeres\u00a0maltratadas\u201d<\/a><\/u>&#8211;\u00a0Diario de Huelva<a href=\"https:\/\/www.google.com\/url?rct=j&amp;sa=t&amp;url=https:\/\/www.diariojaen.es\/provincia\/ubeda\/pautas-para-combatir-con-eficacia-la-violencia-machista-HL7278876&amp;ct=ga&amp;cd=CAEYACoUMTIzNjY5MTYxNzU1MjE2MTQwMjgyGzlhYjFjZGQ3ZTM2NmVmMzg6ZXM6ZXM6RVM6Ug&amp;usg=AFQjCNF3L47BOPYo7bdL5gPoaPfbY0u3YA\"><br \/>\nPautas para combatir con eficacia la violencia machista<\/a>&#8211;\u00a0Diario Ja\u00e9n<\/p>\n<p><u><a href=\"https:\/\/www.google.com\/url?rct=j&amp;sa=t&amp;url=https:\/\/www.lavozdealmeria.com\/noticia\/3\/provincia\/196020\/liberan-a-una-mujer-de-dalias-tras-9-dias-maltratada-y-retenida-por-su-expareja&amp;ct=ga&amp;cd=CAEYACoUMTc2NDg4Nzg5NTIxMDQwMjYyMDQyGWMwMzcyZWJjMmZlYWRhNTk6ZXM6ZXM6RVM&amp;usg=AFQjCNGLvDkxnImY6719J0UeV6cSlvViUw\">Liberan a una\u00a0mujer\u00a0de Dal\u00edas tras 9 d\u00edas maltratada y retenida por su expareja<\/a><\/u>&#8211;\u00a0La Voz de Almer\u00eda<\/p>\n<p><strong>Ciencia y Cultura<\/strong><\/p>\n<p><a href=\"https:\/\/www.cope.es\/emisoras\/andalucia\/huelva-provincia\/noticias\/patricia-del-pozo-defiende-intercambio-cultural-que-significo-descubrimiento-america-20200622_779525\">Patricia del Pozo defiende el \u201cintercambio\u00a0cultural\u201d que &#8230;<\/a>&#8211;\u00a0Cope<a href=\"https:\/\/www.google.com\/url?rct=j&amp;sa=t&amp;url=http:\/\/www.aulamagna.com.es\/4fem-unia-un-impulso-al-emprendimiento-entre-mujeres-universitarias\/&amp;ct=ga&amp;cd=CAEYACoUMTYxNTU5NzgyMjg2NTY4OTU3NTkyGzlhYjFjZGQ3ZTM2NmVmMzg6ZXM6ZXM6RVM6Ug&amp;usg=AFQjCNHa67nROVOM6BYaoaTuXVllkgPZhQ\"><br \/>\nLa UNIA impulsa el emprendimiento entre\u00a0las mujeres\u00a0universitarias<\/a>&#8211;\u00a0Aula Magna<\/p>\n<p><a href=\"https:\/\/www.expoflamenco.com\/entrevistas\/rosario-ancer-bailaora-vancouver-canada-rosario-flamenco-nacio-en-andalucia-vive-en-nuestros-corazones\">Rosario Ancer: \u00abEl flamenco naci\u00f3 en\u00a0Andaluc\u00eda\u00a0y vive en &#8230;<\/a>&#8211;\u00a0ExpoFlamenco<\/p>\n<p><u><a href=\"https:\/\/www.granadahoy.com\/ocio\/Marina-Vargas-feliz-artista-propia_0_1474952787.html\">Marina Vargas, feliz\u00a0artista\u00a0con voz propia<\/a><\/u>&#8211;\u00a0Granada Hoy<\/p>\n<p><a href=\"https:\/\/www.cope.es\/emisoras\/andalucia\/jaen-provincia\/jaen\/noticias\/etnosjur-vivira-este-ano-red-20200622_779672\">Etnosur se vivir\u00e1 este a\u00f1o en la red<\/a>&#8211;\u00a0Cope<\/p>\n<p><strong>Deporte<\/strong><\/p>\n<p><u><a href=\"https:\/\/www.thechampionsvoice.com\/blanca-manchon-celebra-la-convocatoria-del-csd-de-ayudas-para-deportistas-madres\/\">Blanca Manch\u00f3n celebra la convocatoria del CSD de ayudas &#8230;<\/a><\/u>&#8211;\u00a0The Champions Voice<\/p>\n<p><a href=\"https:\/\/www.rfef.es\/futbol-sala\/noticias\/malaga-acoge-presentacion-semana-grande-del-futbol-sala\">M\u00e1laga acoge la presentaci\u00f3n de la semana grande del f\u00fatbol &#8230;<\/a>&#8211;\u00a0RFEF<\/p>\n<p>[\/toggle]<\/p>\n<p>[toggle type=\u00bbfirst\u00bb title=\u00bbEstado\u00bb]<\/p>\n<p><strong>Institucional<\/strong><\/p>\n<p><a href=\"https:\/\/www.google.com\/url?rct=j&amp;sa=t&amp;url=https:\/\/www.eldia.es\/economia\/2020\/06\/21\/diaz-defiende-empresas-paguen-gastos\/1088246.html&amp;ct=ga&amp;cd=CAEYACoUMTY4NTIwODc1NjcyNjQ1ODYwNTcyG2U1NTIwYzU1OGI5MTU3MTA6ZXM6ZXM6RVM6Ug&amp;usg=AFQjCNGHoteHM6-xHyz02AOZ1L-c_jKlGg\">D\u00edaz, Ministra de Trabajo, defiende que las empresas paguen algunos gastos del teletrabajo<\/a>&#8211;\u00a0eldia.es<\/p>\n<p><strong>Institucional-CCAA<\/strong><a href=\"https:\/\/www.google.com\/url?rct=j&amp;sa=t&amp;url=http:\/\/www.plenainclusionaragon.com\/informate\/actualidad\/noticias\/2020\/plena-inclusion-aragon-recibe-el-distintivo-igualdad-en-la&amp;ct=ga&amp;cd=CAEYAioUMTYyMTE2NzM4NjczMTE5NzMyODMyGWMwMzcyZWJjMmZlYWRhNTk6ZXM6ZXM6RVM&amp;usg=AFQjCNEgIeJF1D-Pp8Qiakvz4RfdW_NGvQ\"><br \/>\nPlena inclusi\u00f3n Arag\u00f3n recibe el distintivo Igualdad en la Empresa que concede el Ministerio de &#8230;<\/a>&#8211; Plena Inclusi\u00f3n Arag\u00f3n<a href=\"https:\/\/www.google.com\/url?rct=j&amp;sa=t&amp;url=https:\/\/www.albaceteabierto.es\/noticia\/43509\/albacete\/castilla-la-mancha-aprueba-ayudas-para-entidades-albacetenas-dirigidas-a-intervenciones-de-mujeres-en-explotacion-sexual.html&amp;ct=ga&amp;cd=CAEYAyoSMTgxODcyMjM0ODQwNTA4OTQ4MhljMDM3MmViYzJmZWFkYTU5OmVzOmVzOkVT&amp;usg=AFQjCNFVTTLcBvzpC-nmGCvndqUex86OsA\"><br \/>\nCastilla-La Mancha aprueba ayudas para entidades albacete\u00f1as dirigidas a intervenciones de &#8230;<\/a>&#8211;\u00a0Albacete Abierto<\/p>\n<p><a href=\"https:\/\/www.elfaradio.com\/2020\/06\/22\/stem-talent-girl-cantabria-finaliza-el-curso-2019-20-adaptandose-al-modelo-digital-y-abre-inscripciones-para-su-proyecto-suma\/\">Stem Talent Girl Cantabria finaliza el curso 2019-20 &#8230;<\/a>&#8211;\u00a0El Faradio<a href=\"https:\/\/www.google.com\/url?rct=j&amp;sa=t&amp;url=https:\/\/www.rioja2.com\/n-143527-2-la-concha-del-espolon-acoge-la-muestra-mujeres-en-la-musica-en-la-rioja-hasta-el-19-de-julio\/&amp;ct=ga&amp;cd=CAEYBioTMzg2NjQyNDE2NjUzMjgwNTY4NjIZYzAzNzJlYmMyZmVhZGE1OTplczplczpFUw&amp;usg=AFQjCNHM1bWrWca01Twoblo2cmhxBXeY_Q\"><br \/>\nLa Concha del Espol\u00f3n acoge la muestra &#8216;Mujeres en\u00a0la M\u00fasica en La Rioja&#8217; hasta el 19 de julio<\/a>&#8211;\u00a0Rioja2.com<\/p>\n<p><a href=\"https:\/\/www.google.com\/url?rct=j&amp;sa=t&amp;url=https:\/\/www.laopiniondemurcia.es\/comunidad\/2020\/06\/20\/comunidad-quiere-familias-monoparentales-o\/1122820.html&amp;ct=ga&amp;cd=CAEYACoUMTY1ODUxNDY2ODk3MDA2NTQyOTAyGWMwMzcyZWJjMmZlYWRhNTk6ZXM6ZXM6RVM&amp;usg=AFQjCNFdCsCIoTXA3PfwNkTZne7z37eS_Q\">La Comunidad quiere que las familias monoparentales con dos o m\u00e1s hijos entren en una &#8230;<\/a>&#8211;\u00a0La Opini\u00f3n de Murcia<\/p>\n<p><strong>Econom\u00eda y Empresas<\/strong><\/p>\n<p><a href=\"https:\/\/www.google.com\/url?rct=j&amp;sa=t&amp;url=https:\/\/www.rtve.es\/radio\/20200620\/mujeres-mar-invisibles-pero-imprescindibles\/2019643.shtml&amp;ct=ga&amp;cd=CAEYASoTNjcyMjQ3ODQ4MjYxOTMyODY4OTIZYzAzNzJlYmMyZmVhZGE1OTplczplczpFUw&amp;usg=AFQjCNG9bmwaYvzBqbAVcJEB1TMhZ7ydag\">Mujeres\u00a0de mar: invisibles pero imprescindibles<\/a>&#8211;\u00a0RTVE<a href=\"https:\/\/www.google.com\/url?rct=j&amp;sa=t&amp;url=https:\/\/www.larazon.es\/actualidad\/20200619\/m4jnigd6vffwrd3uvtwe4k7n44.html&amp;ct=ga&amp;cd=CAEYASoSODY2MDYxMzAxNjAxMDIzNjI3MhljMDM3MmViYzJmZWFkYTU5OmVzOmVzOkVT&amp;usg=AFQjCNFL_EN0kVUsR-ewffQo92Hj1ZYO7w\"><br \/>\nLa covid-19 catapulta el teletrabajo y coloca a Espa\u00f1a a un paso de su potencial<\/a>&#8211;\u00a0La Raz\u00f3n<\/p>\n<p><u><a href=\"https:\/\/www.larazon.es\/economia\/20200621\/rpqrwjg7wjeedhz35jnvzptebi.html\">Las empresas espa\u00f1olas buscan\u00a0mujeres\u00a0para sus consejos<\/a><\/u>&#8211;\u00a0La Raz\u00f3n<\/p>\n<p><a href=\"https:\/\/www.agorarsc.org\/inmigracion-y-economia-a-proposito-del-informe-del-defensor-del-pueblo\/\">Inmigraci\u00f3n y econom\u00eda a prop\u00f3sito del Informe del Defensor del Pueblo\u2026\u00a0<\/a>-agorarsc<\/p>\n<p><u><a href=\"https:\/\/www.europapress.es\/economia\/noticia-metrovacesa-logra-distintivo-igualdad-empresa-20200622115322.html\">Metrovacesa logra el distintivo &#8216;Igualdad en la Empresa&#8217;<\/a><\/u>&#8211;\u00a0Europa Press<\/p>\n<p><strong>\u00a0<\/strong><strong>Actualidad<\/strong><a href=\"https:\/\/www.google.com\/url?rct=j&amp;sa=t&amp;url=https:\/\/m.elmostrador.cl\/braga\/2020\/06\/19\/instituto-de-la-mujer-visibiliza-la-educacion-no-sexista-como-herramienta-para-avanzar-en-igualdad-de-genero-y-prevenir-violencias\/&amp;ct=ga&amp;cd=CAEYACoTMjEzMjU3NTY3NTA5OTE5NzQxODIZYzAzNzJlYmMyZmVhZGE1OTplczplczpFUw&amp;usg=AFQjCNH7YqAouLuKPq6zYowAQsIdXjPE1Q\"><br \/>\nInstituto de la Mujer\u00a0visibiliza la educaci\u00f3n no sexista como herramienta para avanzar en igualdad &#8230;<\/a>&#8211;\u00a0El Mostrador<\/p>\n<p><u><a href=\"https:\/\/elpais.com\/economia\/2020\/06\/22\/mis_derechos\/1592807045_476538.html\">Una mujer de 59 a\u00f1os logra una pensi\u00f3n vitalicia de su ex porque a su edad es \u201cimprobable\u201d que encuentre empleo<\/a>&#8211;<\/u>\u00a0El Pa\u00eds<\/p>\n<p><strong>Violencia<\/strong><\/p>\n<p><a href=\"https:\/\/www.google.com\/url?rct=j&amp;sa=t&amp;url=https:\/\/www.eldiario.es\/clm\/Cubrir-necesidades-situacion-prostitucion-abolicion_0_1039746568.html&amp;ct=ga&amp;cd=CAEYACoTNzYzNDIxMTU3Mjk5ODk2MzY0NjIZYzAzNzJlYmMyZmVhZGE1OTplczplczpFUw&amp;usg=AFQjCNGm4dkyZluv9ol7AnipOZcxNrD8dA\">Cubrir las necesidades b\u00e1sicas de las\u00a0mujeres en\u00a0situaci\u00f3n de prostituci\u00f3n: el primer paso para &#8230;<\/a>&#8211;\u00a0<a href=\"http:\/\/eldiario.es\/\">eldiario.es<\/a><a href=\"https:\/\/www.google.com\/url?rct=j&amp;sa=t&amp;url=https:\/\/tribunafeminista.elplural.com\/2020\/06\/un-asesinato-por-semana\/&amp;ct=ga&amp;cd=CAEYACoTNDg2NTExMzg2MDU5Mzk3MzQ0NjIZZTJkZWZhN2Q1ZGE5MTU3ZDplczplczpFUw&amp;usg=AFQjCNGhr_crBOOxxYcp8T3dJz0rdeieGw\"><br \/>\nUn asesinato por semana<\/a>&#8211;\u00a0<a href=\"http:\/\/elplural.com\/\">elplural.com<\/a><\/p>\n<p><strong>Ciencia y Cultura<\/strong><\/p>\n<p><u><a href=\"https:\/\/www.eldiario.es\/tecnologia\/Cuarenta-candidaturas-Princesa-Asturias-Investigacion_0_1040796252.html\">Cuarenta y ocho candidaturas optan al Princesa de Asturias de Investigaci\u00f3n<\/a><\/u>&#8211;\u00a0<a href=\"http:\/\/eldiario.es\/\">eldiario.es<\/a><\/p>\n<p><a href=\"https:\/\/www.google.com\/url?rct=j&amp;sa=t&amp;url=https:\/\/www.diariodelaltoaragon.es\/NoticiasDetalle.aspx%3FId%3D1211397&amp;ct=ga&amp;cd=CAEYASoUMTc5NjIwMTA3NzEzNzgyNjYwMTIyGWMwMzcyZWJjMmZlYWRhNTk6ZXM6ZXM6RVM&amp;usg=AFQjCNF99mxw9xPGDWcRZ0VwzqWkw1MtWQ\">Espa\u00f1a, Suecia y Chile se reparten este a\u00f1o los Premios Danzante<\/a>&#8211;\u00a0Alto Arag\u00f3n<\/p>\n<p><a href=\"https:\/\/www.google.com\/url?rct=j&amp;sa=t&amp;url=https:\/\/m.europapress.es\/asturias\/noticia-diversos-nuevo-espacio-semana-negra-debate-accion-solidaria-movilizacion-social-20200619125717.html&amp;ct=ga&amp;cd=CAEYASoTMjEzMjU3NTY3NTA5OTE5NzQxODIZYzAzNzJlYmMyZmVhZGE1OTplczplczpFUw&amp;usg=AFQjCNFrnDHn-HwQxS78pDWkICDo4VwELQ\">&#8216;DiverSOS&#8217;, nuevo espacio de la Semana Negra para el debate, la acci\u00f3n solidaria y la &#8230;<\/a>&#8211;\u00a0Europa Press<a href=\"https:\/\/www.google.com\/url?rct=j&amp;sa=t&amp;url=https:\/\/www.inoutviajes.com\/noticia\/12915\/otras-noticias\/nace-canoa-la-primera-red-panhispanica-para-internacionalizar-la-cultura-en-espanol.html&amp;ct=ga&amp;cd=CAEYASoUMTI0MjMyODgxODk4MTQzODg2MTQyGWMwMzcyZWJjMmZlYWRhNTk6ZXM6ZXM6RVM&amp;usg=AFQjCNGx61zWe-D6j8_HUOSNoazdOrtmfg\"><br \/>\nNace Canoa, la primera red panhisp\u00e1nica para internacionalizar la cultura en espa\u00f1ol<\/a>&#8211;\u00a0Revista Inout Viajes<\/p>\n<p><strong>Deporte<\/strong><\/p>\n<p><u><a href=\"https:\/\/www.elcorreo.com\/deporte-femenino\/otros-deportes\/lady-hercules-mujer-20200607122040-nt.html\">&#8216;Lady H\u00e9rcules&#8217;, la mujer m\u00e1s fuerte del mundo<\/a><\/u>&#8211;\u00a0El Correo<u><a href=\"https:\/\/www.marca.com\/futbol\/futbol-femenino\/primera-division\/2020\/06\/21\/5eef745522601d97798b4599.html\"><br \/>\nAlicia Fuentes cuelga las botas a los 42 a\u00f1os<\/a><\/u>&#8211;\u00a0Marca.com<\/p>\n<p>[\/toggle]<\/p>\n<p>[toggle type=\u00bbfirst\u00bb title=\u00bbInternacional\u00bb]<\/p>\n<p><u><a href=\"https:\/\/dirigentesdigital.com\/opinion\/mujeres-al-frente\">Mujeres\u00a0al frente<\/a>&#8211;<\/u>\u00a0DirigentesDigital<\/p>\n<p><a href=\"https:\/\/www.eldiario.es\/sociedad\/UE-objetivos-desarrollo-sostenible-climatica_0_1040796078.html\">La UE se aleja de los objetivos de desarrollo sostenible sobre igualdad de g\u00e9nero y no avanza en los de acci\u00f3n clim\u00e1tica<\/a>&#8211;<a href=\"http:\/\/eldiario.es\/\">eldiario.es<\/a><a href=\"https:\/\/www.google.com\/url?rct=j&amp;sa=t&amp;url=https:\/\/informepolitico.com.ar\/mercosur-gomez-alcorta-participo-del-evento-mujeres-en-el-contexto-de-la-pandemia-covid-19\/&amp;ct=ga&amp;cd=CAEYACoSODM4NDI2NDQ5NTU1MDEyODYxMhljMDM3MmViYzJmZWFkYTU5OmVzOmVzOkVT&amp;usg=AFQjCNGNtnmNvpA8yVcKwtS_BVPXnlqYXg\"><br \/>\nMercosur: G\u00f3mez Alcorta particip\u00f3 del evento \u201cMujeres en\u00a0el contexto de la pandemia Covid 19\u201d<\/a>&#8211;\u00a0Informe Pol\u00edtico<\/p>\n<p><u><a href=\"https:\/\/www.google.com\/url?rct=j&amp;sa=t&amp;url=https:\/\/www.contralinea.com.mx\/archivo-revista\/2020\/06\/19\/insuficiente-recibir-25-de-financiamiento-total-casas-de-la-mujer-indigena-y-afromexicana\/&amp;ct=ga&amp;cd=CAEYAioUMTM0ODIzMjQzNjE1MDk5NjEwMzQyGWMwMzcyZWJjMmZlYWRhNTk6ZXM6ZXM6RVM&amp;usg=AFQjCNFbv1WqRWpeZMfFrDiAU1KZFCbTLg\">\u201cInsuficiente\u201d, recibir 25% de financiamiento total: Casas de la\u00a0Mujer\u00a0Ind\u00edgena y Afromexicana<\/a>&#8211;<\/u>\u00a0Revista Contral\u00ednea<\/p>\n<p><a href=\"https:\/\/www.google.com\/url?rct=j&amp;sa=t&amp;url=https:\/\/www.elcomercio.com\/actualidad\/malala-educacion-diploma-universidad-oxford.html&amp;ct=ga&amp;cd=CAEYAyoUMTEzMTM4Nzg1MDc2MjI4OTg1MDUyGWMwMzcyZWJjMmZlYWRhNTk6ZXM6ZXM6RVM&amp;usg=AFQjCNEm8G4visDwtV-gVsWlY0bbo9K6Ow\">Malala, s\u00edmbolo de la lucha por la educaci\u00f3n, recibi\u00f3 un diploma de la universidad de Oxford<\/a>&#8211;\u00a0El Comercio<a href=\"https:\/\/www.google.com\/url?rct=j&amp;sa=t&amp;url=https:\/\/dossierpolitico.com\/vernoticias.php%3Fartid%3D235363%26relacion%3Ddossierpolitico%26categoria%3D3&amp;ct=ga&amp;cd=CAEYACoUMTI0MjMyODgxODk4MTQzODg2MTQyGWMwMzcyZWJjMmZlYWRhNTk6ZXM6ZXM6RVM&amp;usg=AFQjCNG_fuyZRZy0tIBqUUXNcgucGcA6wQ\"><br \/>\n&#8216;Mujer\u00a0murci\u00e9lago&#8217; de China advierte que el nuevo coronavirus es s\u00f3lo la punta del iceberg<\/a>&#8211;\u00a0Dossier Pol\u00edtico<a href=\"https:\/\/www.google.com\/url?rct=j&amp;sa=t&amp;url=https:\/\/www.telesurtv.net\/telesuragenda\/violencia-genero-riesgo-cuarentena-pandemia-covid-20200618-0055.html&amp;ct=ga&amp;cd=CAEYACoUMTI5NjI2Nzc4NjAyNjAzOTY4MTQyGWMwMzcyZWJjMmZlYWRhNTk6ZXM6ZXM6RVM&amp;usg=AFQjCNG7ARu83-itbalFR8Tv3JVhwDp8Aw\"><br \/>\nJane Goodall: \u201cNo voy a dejar que tipos como Trump y Bolsonaro me hagan callar\u201d\u00a0\u2013El Pa\u00eds<\/a><\/p>\n<p><u><a href=\"https:\/\/www.google.com\/url?rct=j&amp;sa=t&amp;url=https:\/\/www.telesurtv.net\/telesuragenda\/violencia-genero-riesgo-cuarentena-pandemia-covid-20200618-0055.html&amp;ct=ga&amp;cd=CAEYACoUMTI5NjI2Nzc4NjAyNjAzOTY4MTQyGWMwMzcyZWJjMmZlYWRhNTk6ZXM6ZXM6RVM&amp;usg=AFQjCNG7ARu83-itbalFR8Tv3JVhwDp8Aw\">Confinadas pero no calladas:\u00a0Mujeres en\u00a0la pandemia<\/a><\/u>&#8211;\u00a0teleSUR TV<\/p>\n<p><u><a href=\"https:\/\/www.google.com\/url?rct=j&amp;sa=t&amp;url=https:\/\/www.mundodeportivo.com\/baloncesto\/nba\/20200619\/481840866123\/igualdad-equiparacion-genero-racismo-estados-unidos-deporte.html&amp;ct=ga&amp;cd=CAEYASoUMTc4OTk0MzI3Njk2ODE1MDE0MDQyGWMwMzcyZWJjMmZlYWRhNTk6ZXM6ZXM6RVM&amp;usg=AFQjCNFD5ES0aKIQntoLULLR6A-QioM9Sw\">La igualdad racial y de g\u00e9nero, una asignatura pendiente para la NBA<\/a><\/u>&#8211;\u00a0Mundo Deportivo<\/p>\n<p>[\/toggle]<\/p>\n<\/div>\n<\/div>\n<\/div>\n<\/div>\n<\/div>\n<\/div>\n","protected":false},"excerpt":{"rendered":"<p>La UE se aleja de los objetivos de desarrollo sostenible <a href=\"https:\/\/cklcomunicaciones.es\/coop\/noticias-info-ckl-no-2-470-22-06-20\/\">[&#8230;]<\/a><\/p>\n","protected":false},"author":3,"featured_media":0,"comment_status":"closed","ping_status":"closed","sticky":false,"template":"","format":"standard","meta":{"footnotes":""},"categories":[298,623],"tags":[103,213,219],"class_list":["post-15004","post","type-post","status-publish","format-standard","hentry","category-newsletter","category-nwl-2-0","tag-ckl","tag-comunicacion-inclusiva","tag-perspectiva-de-genero"],"yoast_head":"<!-- This site is optimized with the Yoast SEO plugin v27.5 - https:\/\/yoast.com\/product\/yoast-seo-wordpress\/ -->\n<title>Noticias Info CKL n\u00ba 2.470-22\/06\/20-Comunicar con perspectiva de g\u00e9nero<\/title>\n<meta name=\"description\" content=\"Comunicar con perspectiva de g\u00e9nero: La UE se aleja de los objetivos de desarrollo sostenible sobre igualdad de g\u00e9nero-La Europa de las mujeres...\" \/>\n<meta name=\"robots\" content=\"index, follow, max-snippet:-1, max-image-preview:large, max-video-preview:-1\" \/>\n<link rel=\"canonical\" href=\"https:\/\/cklcomunicaciones.es\/coop\/noticias-info-ckl-no-2-470-22-06-20\/\" \/>\n<meta property=\"og:locale\" content=\"es_ES\" \/>\n<meta property=\"og:type\" content=\"article\" \/>\n<meta property=\"og:title\" content=\"Noticias Info CKL n\u00ba 2.470-22\/06\/20-Comunicar con perspectiva de g\u00e9nero\" \/>\n<meta property=\"og:description\" content=\"Comunicar con perspectiva de g\u00e9nero: La UE se aleja de los objetivos de desarrollo sostenible sobre igualdad de g\u00e9nero-La Europa de las mujeres...\" \/>\n<meta property=\"og:url\" content=\"https:\/\/cklcomunicaciones.es\/coop\/noticias-info-ckl-no-2-470-22-06-20\/\" \/>\n<meta property=\"og:site_name\" content=\"CKL Comunicaciones\" \/>\n<meta property=\"article:published_time\" content=\"2020-06-22T12:18:25+00:00\" \/>\n<meta property=\"article:modified_time\" content=\"2025-01-17T15:47:36+00:00\" \/>\n<meta property=\"og:image\" content=\"https:\/\/cklcomunicaciones.es\/coop\/wp-content\/uploads\/2018\/03\/CKL_comunicacion-con-perspetiva-de-genero.jpg\" \/>\n\t<meta property=\"og:image:width\" content=\"500\" \/>\n\t<meta property=\"og:image:height\" content=\"500\" \/>\n\t<meta property=\"og:image:type\" content=\"image\/jpeg\" \/>\n<meta name=\"author\" content=\"ckl\" \/>\n<meta name=\"twitter:card\" content=\"summary_large_image\" \/>\n<meta name=\"twitter:label1\" content=\"Escrito por\" \/>\n\t<meta name=\"twitter:data1\" content=\"ckl\" \/>\n\t<meta name=\"twitter:label2\" content=\"Tiempo de lectura\" \/>\n\t<meta name=\"twitter:data2\" content=\"5 minutos\" \/>\n<script type=\"application\/ld+json\" class=\"yoast-schema-graph\">{\"@context\":\"https:\\\/\\\/schema.org\",\"@graph\":[{\"@type\":\"Article\",\"@id\":\"https:\\\/\\\/cklcomunicaciones.es\\\/coop\\\/noticias-info-ckl-no-2-470-22-06-20\\\/#article\",\"isPartOf\":{\"@id\":\"https:\\\/\\\/cklcomunicaciones.es\\\/coop\\\/noticias-info-ckl-no-2-470-22-06-20\\\/\"},\"author\":{\"name\":\"ckl\",\"@id\":\"https:\\\/\\\/cklcomunicaciones.es\\\/coop\\\/#\\\/schema\\\/person\\\/929a6837f7626450bbb50cee1aef266e\"},\"headline\":\"Noticias Info CKL n\u00ba 2.470-22\\\/06\\\/20\",\"datePublished\":\"2020-06-22T12:18:25+00:00\",\"dateModified\":\"2025-01-17T15:47:36+00:00\",\"mainEntityOfPage\":{\"@id\":\"https:\\\/\\\/cklcomunicaciones.es\\\/coop\\\/noticias-info-ckl-no-2-470-22-06-20\\\/\"},\"wordCount\":982,\"image\":{\"@id\":\"https:\\\/\\\/cklcomunicaciones.es\\\/coop\\\/noticias-info-ckl-no-2-470-22-06-20\\\/#primaryimage\"},\"thumbnailUrl\":\"http:\\\/\\\/www.cklcomunicaciones.es\\\/wp-content\\\/uploads\\\/2018\\\/03\\\/CKL_comunicacion-con-perspetiva-de-genero-300x300.jpg\",\"keywords\":[\"CKL\",\"comunicaci\u00f3n inclusiva\",\"perspectiva de g\u00e9nero\"],\"articleSection\":[\"Newsletter\",\"Nwl v2.0\"],\"inLanguage\":\"es\"},{\"@type\":\"WebPage\",\"@id\":\"https:\\\/\\\/cklcomunicaciones.es\\\/coop\\\/noticias-info-ckl-no-2-470-22-06-20\\\/\",\"url\":\"https:\\\/\\\/cklcomunicaciones.es\\\/coop\\\/noticias-info-ckl-no-2-470-22-06-20\\\/\",\"name\":\"Noticias Info CKL n\u00ba 2.470-22\\\/06\\\/20-Comunicar con perspectiva de g\u00e9nero\",\"isPartOf\":{\"@id\":\"https:\\\/\\\/cklcomunicaciones.es\\\/coop\\\/#website\"},\"primaryImageOfPage\":{\"@id\":\"https:\\\/\\\/cklcomunicaciones.es\\\/coop\\\/noticias-info-ckl-no-2-470-22-06-20\\\/#primaryimage\"},\"image\":{\"@id\":\"https:\\\/\\\/cklcomunicaciones.es\\\/coop\\\/noticias-info-ckl-no-2-470-22-06-20\\\/#primaryimage\"},\"thumbnailUrl\":\"http:\\\/\\\/www.cklcomunicaciones.es\\\/wp-content\\\/uploads\\\/2018\\\/03\\\/CKL_comunicacion-con-perspetiva-de-genero-300x300.jpg\",\"datePublished\":\"2020-06-22T12:18:25+00:00\",\"dateModified\":\"2025-01-17T15:47:36+00:00\",\"author\":{\"@id\":\"https:\\\/\\\/cklcomunicaciones.es\\\/coop\\\/#\\\/schema\\\/person\\\/929a6837f7626450bbb50cee1aef266e\"},\"description\":\"Comunicar con perspectiva de g\u00e9nero: La UE se aleja de los objetivos de desarrollo sostenible sobre igualdad de g\u00e9nero-La Europa de las mujeres...\",\"breadcrumb\":{\"@id\":\"https:\\\/\\\/cklcomunicaciones.es\\\/coop\\\/noticias-info-ckl-no-2-470-22-06-20\\\/#breadcrumb\"},\"inLanguage\":\"es\",\"potentialAction\":[{\"@type\":\"ReadAction\",\"target\":[\"https:\\\/\\\/cklcomunicaciones.es\\\/coop\\\/noticias-info-ckl-no-2-470-22-06-20\\\/\"]}]},{\"@type\":\"ImageObject\",\"inLanguage\":\"es\",\"@id\":\"https:\\\/\\\/cklcomunicaciones.es\\\/coop\\\/noticias-info-ckl-no-2-470-22-06-20\\\/#primaryimage\",\"url\":\"http:\\\/\\\/www.cklcomunicaciones.es\\\/wp-content\\\/uploads\\\/2018\\\/03\\\/CKL_comunicacion-con-perspetiva-de-genero-300x300.jpg\",\"contentUrl\":\"http:\\\/\\\/www.cklcomunicaciones.es\\\/wp-content\\\/uploads\\\/2018\\\/03\\\/CKL_comunicacion-con-perspetiva-de-genero-300x300.jpg\"},{\"@type\":\"BreadcrumbList\",\"@id\":\"https:\\\/\\\/cklcomunicaciones.es\\\/coop\\\/noticias-info-ckl-no-2-470-22-06-20\\\/#breadcrumb\",\"itemListElement\":[{\"@type\":\"ListItem\",\"position\":1,\"name\":\"Portada\",\"item\":\"https:\\\/\\\/cklcomunicaciones.es\\\/coop\\\/\"},{\"@type\":\"ListItem\",\"position\":2,\"name\":\"Noticias Info CKL n\u00ba 2.470-22\\\/06\\\/20\"}]},{\"@type\":\"WebSite\",\"@id\":\"https:\\\/\\\/cklcomunicaciones.es\\\/coop\\\/#website\",\"url\":\"https:\\\/\\\/cklcomunicaciones.es\\\/coop\\\/\",\"name\":\"CKL Comunicaciones\",\"description\":\"Sitio web de CKL Comunicaciones coop , la consultora de comunicaci\u00f3n y estrategia\",\"potentialAction\":[{\"@type\":\"SearchAction\",\"target\":{\"@type\":\"EntryPoint\",\"urlTemplate\":\"https:\\\/\\\/cklcomunicaciones.es\\\/coop\\\/?s={search_term_string}\"},\"query-input\":{\"@type\":\"PropertyValueSpecification\",\"valueRequired\":true,\"valueName\":\"search_term_string\"}}],\"inLanguage\":\"es\"},{\"@type\":\"Person\",\"@id\":\"https:\\\/\\\/cklcomunicaciones.es\\\/coop\\\/#\\\/schema\\\/person\\\/929a6837f7626450bbb50cee1aef266e\",\"name\":\"ckl\",\"image\":{\"@type\":\"ImageObject\",\"inLanguage\":\"es\",\"@id\":\"https:\\\/\\\/secure.gravatar.com\\\/avatar\\\/c82db564e8a669bf6023357a157b9dc4780f4d4c618f2ad1d71a6a5dede45057?s=96&d=mm&r=g\",\"url\":\"https:\\\/\\\/secure.gravatar.com\\\/avatar\\\/c82db564e8a669bf6023357a157b9dc4780f4d4c618f2ad1d71a6a5dede45057?s=96&d=mm&r=g\",\"contentUrl\":\"https:\\\/\\\/secure.gravatar.com\\\/avatar\\\/c82db564e8a669bf6023357a157b9dc4780f4d4c618f2ad1d71a6a5dede45057?s=96&d=mm&r=g\",\"caption\":\"ckl\"},\"url\":\"https:\\\/\\\/cklcomunicaciones.es\\\/coop\\\/author\\\/cklcomunicaciones\\\/\"}]}<\/script>\n<!-- \/ Yoast SEO plugin. -->","yoast_head_json":{"title":"Noticias Info CKL n\u00ba 2.470-22\/06\/20-Comunicar con perspectiva de g\u00e9nero","description":"Comunicar con perspectiva de g\u00e9nero: La UE se aleja de los objetivos de desarrollo sostenible sobre igualdad de g\u00e9nero-La Europa de las mujeres...","robots":{"index":"index","follow":"follow","max-snippet":"max-snippet:-1","max-image-preview":"max-image-preview:large","max-video-preview":"max-video-preview:-1"},"canonical":"https:\/\/cklcomunicaciones.es\/coop\/noticias-info-ckl-no-2-470-22-06-20\/","og_locale":"es_ES","og_type":"article","og_title":"Noticias Info CKL n\u00ba 2.470-22\/06\/20-Comunicar con perspectiva de g\u00e9nero","og_description":"Comunicar con perspectiva de g\u00e9nero: La UE se aleja de los objetivos de desarrollo sostenible sobre igualdad de g\u00e9nero-La Europa de las mujeres...","og_url":"https:\/\/cklcomunicaciones.es\/coop\/noticias-info-ckl-no-2-470-22-06-20\/","og_site_name":"CKL Comunicaciones","article_published_time":"2020-06-22T12:18:25+00:00","article_modified_time":"2025-01-17T15:47:36+00:00","og_image":[{"width":500,"height":500,"url":"https:\/\/cklcomunicaciones.es\/coop\/wp-content\/uploads\/2018\/03\/CKL_comunicacion-con-perspetiva-de-genero.jpg","type":"image\/jpeg"}],"author":"ckl","twitter_card":"summary_large_image","twitter_misc":{"Escrito por":"ckl","Tiempo de lectura":"5 minutos"},"schema":{"@context":"https:\/\/schema.org","@graph":[{"@type":"Article","@id":"https:\/\/cklcomunicaciones.es\/coop\/noticias-info-ckl-no-2-470-22-06-20\/#article","isPartOf":{"@id":"https:\/\/cklcomunicaciones.es\/coop\/noticias-info-ckl-no-2-470-22-06-20\/"},"author":{"name":"ckl","@id":"https:\/\/cklcomunicaciones.es\/coop\/#\/schema\/person\/929a6837f7626450bbb50cee1aef266e"},"headline":"Noticias Info CKL n\u00ba 2.470-22\/06\/20","datePublished":"2020-06-22T12:18:25+00:00","dateModified":"2025-01-17T15:47:36+00:00","mainEntityOfPage":{"@id":"https:\/\/cklcomunicaciones.es\/coop\/noticias-info-ckl-no-2-470-22-06-20\/"},"wordCount":982,"image":{"@id":"https:\/\/cklcomunicaciones.es\/coop\/noticias-info-ckl-no-2-470-22-06-20\/#primaryimage"},"thumbnailUrl":"http:\/\/www.cklcomunicaciones.es\/wp-content\/uploads\/2018\/03\/CKL_comunicacion-con-perspetiva-de-genero-300x300.jpg","keywords":["CKL","comunicaci\u00f3n inclusiva","perspectiva de g\u00e9nero"],"articleSection":["Newsletter","Nwl v2.0"],"inLanguage":"es"},{"@type":"WebPage","@id":"https:\/\/cklcomunicaciones.es\/coop\/noticias-info-ckl-no-2-470-22-06-20\/","url":"https:\/\/cklcomunicaciones.es\/coop\/noticias-info-ckl-no-2-470-22-06-20\/","name":"Noticias Info CKL n\u00ba 2.470-22\/06\/20-Comunicar con perspectiva de g\u00e9nero","isPartOf":{"@id":"https:\/\/cklcomunicaciones.es\/coop\/#website"},"primaryImageOfPage":{"@id":"https:\/\/cklcomunicaciones.es\/coop\/noticias-info-ckl-no-2-470-22-06-20\/#primaryimage"},"image":{"@id":"https:\/\/cklcomunicaciones.es\/coop\/noticias-info-ckl-no-2-470-22-06-20\/#primaryimage"},"thumbnailUrl":"http:\/\/www.cklcomunicaciones.es\/wp-content\/uploads\/2018\/03\/CKL_comunicacion-con-perspetiva-de-genero-300x300.jpg","datePublished":"2020-06-22T12:18:25+00:00","dateModified":"2025-01-17T15:47:36+00:00","author":{"@id":"https:\/\/cklcomunicaciones.es\/coop\/#\/schema\/person\/929a6837f7626450bbb50cee1aef266e"},"description":"Comunicar con perspectiva de g\u00e9nero: La UE se aleja de los objetivos de desarrollo sostenible sobre igualdad de g\u00e9nero-La Europa de las mujeres...","breadcrumb":{"@id":"https:\/\/cklcomunicaciones.es\/coop\/noticias-info-ckl-no-2-470-22-06-20\/#breadcrumb"},"inLanguage":"es","potentialAction":[{"@type":"ReadAction","target":["https:\/\/cklcomunicaciones.es\/coop\/noticias-info-ckl-no-2-470-22-06-20\/"]}]},{"@type":"ImageObject","inLanguage":"es","@id":"https:\/\/cklcomunicaciones.es\/coop\/noticias-info-ckl-no-2-470-22-06-20\/#primaryimage","url":"http:\/\/www.cklcomunicaciones.es\/wp-content\/uploads\/2018\/03\/CKL_comunicacion-con-perspetiva-de-genero-300x300.jpg","contentUrl":"http:\/\/www.cklcomunicaciones.es\/wp-content\/uploads\/2018\/03\/CKL_comunicacion-con-perspetiva-de-genero-300x300.jpg"},{"@type":"BreadcrumbList","@id":"https:\/\/cklcomunicaciones.es\/coop\/noticias-info-ckl-no-2-470-22-06-20\/#breadcrumb","itemListElement":[{"@type":"ListItem","position":1,"name":"Portada","item":"https:\/\/cklcomunicaciones.es\/coop\/"},{"@type":"ListItem","position":2,"name":"Noticias Info CKL n\u00ba 2.470-22\/06\/20"}]},{"@type":"WebSite","@id":"https:\/\/cklcomunicaciones.es\/coop\/#website","url":"https:\/\/cklcomunicaciones.es\/coop\/","name":"CKL Comunicaciones","description":"Sitio web de CKL Comunicaciones coop , la consultora de comunicaci\u00f3n y estrategia","potentialAction":[{"@type":"SearchAction","target":{"@type":"EntryPoint","urlTemplate":"https:\/\/cklcomunicaciones.es\/coop\/?s={search_term_string}"},"query-input":{"@type":"PropertyValueSpecification","valueRequired":true,"valueName":"search_term_string"}}],"inLanguage":"es"},{"@type":"Person","@id":"https:\/\/cklcomunicaciones.es\/coop\/#\/schema\/person\/929a6837f7626450bbb50cee1aef266e","name":"ckl","image":{"@type":"ImageObject","inLanguage":"es","@id":"https:\/\/secure.gravatar.com\/avatar\/c82db564e8a669bf6023357a157b9dc4780f4d4c618f2ad1d71a6a5dede45057?s=96&d=mm&r=g","url":"https:\/\/secure.gravatar.com\/avatar\/c82db564e8a669bf6023357a157b9dc4780f4d4c618f2ad1d71a6a5dede45057?s=96&d=mm&r=g","contentUrl":"https:\/\/secure.gravatar.com\/avatar\/c82db564e8a669bf6023357a157b9dc4780f4d4c618f2ad1d71a6a5dede45057?s=96&d=mm&r=g","caption":"ckl"},"url":"https:\/\/cklcomunicaciones.es\/coop\/author\/cklcomunicaciones\/"}]}},"_links":{"self":[{"href":"https:\/\/cklcomunicaciones.es\/coop\/wp-json\/wp\/v2\/posts\/15004","targetHints":{"allow":["GET"]}}],"collection":[{"href":"https:\/\/cklcomunicaciones.es\/coop\/wp-json\/wp\/v2\/posts"}],"about":[{"href":"https:\/\/cklcomunicaciones.es\/coop\/wp-json\/wp\/v2\/types\/post"}],"author":[{"embeddable":true,"href":"https:\/\/cklcomunicaciones.es\/coop\/wp-json\/wp\/v2\/users\/3"}],"replies":[{"embeddable":true,"href":"https:\/\/cklcomunicaciones.es\/coop\/wp-json\/wp\/v2\/comments?post=15004"}],"version-history":[{"count":0,"href":"https:\/\/cklcomunicaciones.es\/coop\/wp-json\/wp\/v2\/posts\/15004\/revisions"}],"wp:attachment":[{"href":"https:\/\/cklcomunicaciones.es\/coop\/wp-json\/wp\/v2\/media?parent=15004"}],"wp:term":[{"taxonomy":"category","embeddable":true,"href":"https:\/\/cklcomunicaciones.es\/coop\/wp-json\/wp\/v2\/categories?post=15004"},{"taxonomy":"post_tag","embeddable":true,"href":"https:\/\/cklcomunicaciones.es\/coop\/wp-json\/wp\/v2\/tags?post=15004"}],"curies":[{"name":"wp","href":"https:\/\/api.w.org\/{rel}","templated":true}]}}