{"id":14995,"date":"2020-06-17T12:03:10","date_gmt":"2020-06-17T10:03:10","guid":{"rendered":"http:\/\/www.cklcomunicaciones.es\/?p=14995"},"modified":"2025-01-17T16:47:36","modified_gmt":"2025-01-17T15:47:36","slug":"noticias-info-ckl-no-2-469-19-06-20","status":"publish","type":"post","link":"https:\/\/cklcomunicaciones.es\/coop\/noticias-info-ckl-no-2-469-19-06-20\/","title":{"rendered":"Noticias Info CKL n\u00ba 2.469-19\/06\/20"},"content":{"rendered":"<div id=\"pl-14995\"  class=\"panel-layout\" >\n<div id=\"pg-14995-0\"  class=\"panel-grid panel-no-style\"  data-style=\"{&quot;background_image_attachment&quot;:false,&quot;background_display&quot;:&quot;tile&quot;,&quot;cell_alignment&quot;:&quot;flex-start&quot;}\" >\n<div id=\"pgc-14995-0-0\"  class=\"panel-grid-cell\"  data-weight=\"1\" >\n<div id=\"panel-14995-0-0-0\" class=\"so-panel widget widget_sow-editor panel-first-child panel-last-child\" data-index=\"0\" data-style=\"{&quot;background_image_attachment&quot;:false,&quot;background_display&quot;:&quot;tile&quot;}\" >\n<div class=\"so-widget-sow-editor so-widget-sow-editor-base\">\n<div class=\"siteorigin-widget-tinymce textwidget\">\n<p><img decoding=\"async\" class=\"lazyload  wp-image-13726\" src=\"http:\/\/www.cklcomunicaciones.es\/wp-content\/uploads\/2018\/03\/CKL_comunicacion-con-perspetiva-de-genero-300x300.jpg\" data-orig-src=\"http:\/\/www.cklcomunicaciones.es\/wp-content\/uploads\/2018\/03\/CKL_comunicacion-con-perspetiva-de-genero-300x300.jpg\" alt=\"CKL_comunicacion con perspetiva de genero\" width=\"132\" height=\"132\" srcset=\"data:image\/svg+xml,%3Csvg%20xmlns%3D%27http%3A%2F%2Fwww.w3.org%2F2000%2Fsvg%27%20width%3D%27132%27%20height%3D%27132%27%20viewBox%3D%270%200%20132%20132%27%3E%3Crect%20width%3D%27132%27%20height%3D%27132%27%20fill-opacity%3D%220%22%2F%3E%3C%2Fsvg%3E\" data-srcset=\"https:\/\/cklcomunicaciones.es\/coop\/wp-content\/uploads\/2018\/03\/CKL_comunicacion-con-perspetiva-de-genero-150x150.jpg 150w, https:\/\/cklcomunicaciones.es\/coop\/wp-content\/uploads\/2018\/03\/CKL_comunicacion-con-perspetiva-de-genero-300x300.jpg 300w, https:\/\/cklcomunicaciones.es\/coop\/wp-content\/uploads\/2018\/03\/CKL_comunicacion-con-perspetiva-de-genero-450x450.jpg 450w, https:\/\/cklcomunicaciones.es\/coop\/wp-content\/uploads\/2018\/03\/CKL_comunicacion-con-perspetiva-de-genero.jpg 500w\" data-sizes=\"auto\" data-orig-sizes=\"(max-width: 132px) 100vw, 132px\" \/><\/p>\n<p id=\":5xn\" class=\"hP\" tabindex=\"-1\" data-thread-perm-id=\"thread-f:1669915979409241288\" data-legacy-thread-id=\"172cbbbc556fb4c8\"><strong>Carmen Reinhart, economista l\u00edder del Banco Mundial-Igualdad impulsar\u00e1 una Ley de Tiempo Corresponsable-Ana Bel\u00e9n, XX Premio Corral de Comedias de Festival de Almagro-Anne Carson Princesa de Asturias de las Letras<\/strong><\/p>\n<p>[toggle type=\u00bbfirst\u00bb title=\u00bbConvocatorias\u00bb]<\/p>\n<ul>\n<li><a href=\"http:\/\/www.juntadeandalucia.es\/iam\/catalogo\/doc\/convocatorias\/2020-iam\/OL-gestionar-apego-teletrabajando.png\">Mesa redonda &#8216;C\u00f3mo gestionar el apego teletrabajando&#8217;<\/a>. Instituto Andaluz de la Mujer y AJE M\u00e1laga. 19 de junio a las 17:30 h.\u00a0<a href=\"https:\/\/www.enterticket.es\/eventos\/como-gestionar-el-apego-infantil-en-confinamiento-y-con-tel-716076\">Inscripci\u00f3n<\/a><\/li>\n<li><a href=\"https:\/\/www.bieses.net\/encuentro-virtual-sobre-escritura-conventual\/\">Encuentro virtual sobre escritura conventua<\/a><a href=\"https:\/\/www.bieses.net\/encuentro-virtual-sobre-escritura-conventual\/\">l femenina<\/a>. Editorial Iberoamericana Vervuert. 23 de junio de 2020 a las 18.30 h.<\/li>\n<li><a href=\"https:\/\/www.rociodejuan.com\/home\/ficcion-sur\/\">Taller &#8216;Escritura g\u00f3tica sure\u00f1a&#8217; sobre las grandes damas del sur.<\/a>Roc\u00edo de Juan. Comienzo el 22 de junio de 2020<\/li>\n<li><a href=\"http:\/\/cadiztrabajosocial.es\/eventos\/taller-online-uso-no-sexista-del-lenguaje-y-su-aplicacion-al-trabajo-social-2-h\/1043\/view\">Taller &#8216;Uso no sexista del lenguaje y su aplicaci\u00f3n al Trabajo Social&#8217;<\/a>. Colegio Profesional de Trabajo Social de C\u00e1diz. 24 de junio de 2020, 17 a 19 h.<\/li>\n<li><a href=\"https:\/\/perifericas.es\/collections\/cursos\/products\/elaboracion-de-proyectos-sociales-desde-la-perspectiva-de-genero\">Curso &#8216;E<\/a><a href=\"https:\/\/perifericas.es\/collections\/cursos\/products\/elaboracion-de-proyectos-sociales-desde-la-perspectiva-de-genero\">laboraci\u00f3n de proyectos sociales desde perspectiva de g\u00e9nero<\/a>&#8216;. Perif\u00e9ricas. Abierta la inscripci\u00f3n<\/li>\n<li><a href=\"https:\/\/www.premiosfugaz.com\/ciclo-de-cortometrajes-contra-la-violencia-de-genero-ayuntamiento-de-logrono\/\">Ciclo de cortometrajes contra la violencia de g\u00e9nero<\/a>. Ayuntamiento de Logro\u00f1o. Disponibles en l\u00ednea hasta el 21 de junio de 2020<\/li>\n<li><a href=\"http:\/\/www.juntadeandalucia.es\/iam\/catalogo\/doc\/convocatorias\/2020-genero\/OL-charla-pioneras-feminismo.png\">Charla &#8216;Del pensamiento a la emancipaci\u00f3n: las pioneras feministas&#8217;<\/a>. Perif\u00e9ricas. 18 de junio a las 18.30 h.<\/li>\n<\/ul>\n<p><strong>\u00a0<\/strong>[\/toggle]<\/p>\n<p>[toggle type=\u00bbfirst\u00bb title=\u00bbComunicaci\u00f3n\u00bb]<\/p>\n<p><u><a href=\"https:\/\/amecopress.net\/Redaccion\">La destacada periodista filipina Maria Ressa condenada por libelo cibern\u00e9tico<\/a><\/u>-amecopress.net<\/p>\n<p><a href=\"https:\/\/elpais.com\/verne\/2020\/06\/09\/articulo\/1591711639_497882.html\">Acoso, insultos, trols&#8230; \u00bfEs posible arreglar Twitter?<\/a>-El Pa\u00eds<\/p>\n<p><u><a href=\"https:\/\/elpais.com\/economia\/2020-06-18\/la-ue-seguira-adelante-con-su-tasa-google-pese-a-la-amenaza-de-trump.html\">La UE seguir\u00e1 adelante con su \u2018tasa Google\u2019 pese a la amenaza de Trump<\/a><\/u>&#8211;\u00a0El Pa\u00eds<\/p>\n<p>[\/toggle]<\/p>\n<p>[toggle type=\u00bbfirst\u00bb title=\u00bbAndaluc\u00eda\u00bb]<\/p>\n<p><strong>Institucional<\/strong><\/p>\n<p><u><a href=\"http:\/\/www.juntadeandalucia.es\/presidencia\/portavoz\/152607\/RociaRuiz\/Parlamento\/Igualdad\/RentaMinimadeInsercionSocial\/IngresoMinimoVital\">Roc\u00edo Ruiz, Consejera de Igualdad, aboga por el consenso para que la Renta M\u00ednima sea compatible con el Ingreso M\u00ednimo Vital<\/a>\u00a0<\/u><strong>\u2013\u00a0<\/strong>Oficina del Portavoz<strong>\u00a0<\/strong><\/p>\n<p><strong>Econom\u00eda y Empresas<\/strong><\/p>\n<p><u><a href=\"https:\/\/www.google.com\/url?rct=j&amp;sa=t&amp;url=https:\/\/m.europapress.es\/andalucia\/noticia-junta-anuncia-ayudas-directas-empresas-economia-social-dedica-16-millones-gastos-diversos-20200618130609.html&amp;ct=ga&amp;cd=CAEYACoTMjI5OTUwMTk3NTg2MTcxNjg2NTIZZDc4ZTU4NzVhMGYxZjJhYzplczplczpFUw&amp;usg=AFQjCNEwgy8lVsEB3DLx9E6jHbzlwcVBLA\">Junta anuncia ayudas directas a las empresas de\u00a0econom\u00eda social, a las que dedica 1,6 millones &#8230;<\/a><\/u>&#8211;\u00a0Europa Press<\/p>\n<p><u><a href=\"https:\/\/www.google.com\/url?rct=j&amp;sa=t&amp;url=https:\/\/www.europapress.es\/esandalucia\/malaga\/noticia-iam-aje-organizan-ciclo-online-apego-infantil-conciliacion-acoso-sexual-trabajo-20200618140151.html&amp;ct=ga&amp;cd=CAEYACoUMTY4MzQ0ODU5MzA3NDc5MTMyODYyGzlhYjFjZGQ3ZTM2NmVmMzg6ZXM6ZXM6RVM6Ug&amp;usg=AFQjCNGf3ieirnQJlAFp2BUM0esZnwQTgA\">El IAM y AJE organizan un ciclo online sobre apego infantil, conciliaci\u00f3n y el acoso sexual en el &#8230;<\/a>&#8211;<\/u>\u00a0Europa Press<\/p>\n<p><u><a href=\"https:\/\/www.mujeremprendedora.net\/unia-ofrece-4fem-unia-curso-gratuito-impulsar-emprendimiento-mujeres-universitarias\/\">La UNIA ofrece 4FEM-UNIA, un curso gratuito para impulsar el emprendimiento en mujeres universitarias<\/a>\u00a0\u2013<\/u>Mujeremprendedora.net<u><a href=\"https:\/\/www.google.com\/url?rct=j&amp;sa=t&amp;url=https:\/\/cadenaser.com\/emisora\/2020\/06\/18\/radio_granada\/1592485536_404825.html&amp;ct=ga&amp;cd=CAEYASoTMjI5OTUwMTk3NTg2MTcxNjg2NTIZZDc4ZTU4NzVhMGYxZjJhYzplczplczpFUw&amp;usg=AFQjCNFTpfLapOHlR_o-qxeZQt4Dv3Tihg\"><br \/>\nLa UGR reivindica su peso en la\u00a0econom\u00eda andaluza<\/a><\/u>&#8211;\u00a0Cadena SER<\/p>\n<p><strong>Actualidad<\/strong><\/p>\n<p><a href=\"https:\/\/www.google.com\/url?rct=j&amp;sa=t&amp;url=http:\/\/www.aulamagna.com.es\/empleabilidad-y-emprendimiento-en-clave-de-genero\/&amp;ct=ga&amp;cd=CAEYASoUMTIzMTM4ODczMjU5MDQ3MTI0OTQyGWMwMzcyZWJjMmZlYWRhNTk6ZXM6ZXM6RVM&amp;usg=AFQjCNEH7y_QPCA59MW9D7MIkCxaDWuFfQ\">Teleformaci\u00f3n en competencias desde la perspectiva de g\u00e9nero<\/a>&#8211;\u00a0Aula Magna<a href=\"https:\/\/www.google.com\/url?rct=j&amp;sa=t&amp;url=https:\/\/www.lavanguardia.com\/local\/sevilla\/20200617\/481824102163\/la-diputacion-abre-el-plazo-de-solicitudes-para-sus-ayudas-a-proyectos-de-igualdad-y-diversidad.html&amp;ct=ga&amp;cd=CAEYACoUMTY0Mzg4OTIyNTg0MjUxMjgwMTgyGTQ1YjFlOTgyOGJlYTcyYTk6ZXM6ZXM6RVM&amp;usg=AFQjCNH7Dr-6qjjimset5NchI9tUZ4cDww\"><br \/>\nLa\u00a0Diputaci\u00f3n de Sevilla\u00a0abre\u00a0el\u00a0plazo\u00a0de\u00a0solicitudes para sus ayudas a proyectos\u00a0de\u00a0igualdad y diversidad<\/a>&#8211; La Vanguardia<\/p>\n<p><a href=\"http:\/\/www.juntadeandalucia.es\/presidencia\/portavoz\/152569\/igualdadpoliticassocialesyconciliacion\/rocioruiz\/economiaconocimientoempresasyuniversidad\/rogeliovelasco\/servicioandaluzdeteleasistencia\/comprapublicadeinnovacion\/colaboracionpublicoprivada\">Igualdad destinar\u00e1 2 millones de euros a un proyecto de innovaci\u00f3n para impulsar la nueva Teleasistencia<\/a>\u2013 Oficina del Portavoz<\/p>\n<p><u><a href=\"https:\/\/www.google.com\/url?rct=j&amp;sa=t&amp;url=http:\/\/www.andaluciasolidaria.org\/noticias\/item\/1384-ongd-sindicatos-agencias-de-naciones-unidas-municipios-y-personal-de-las-universidades-andaluzas-entregan-a-la-junta-de-andalucia-una-declaracion-en-defensa-de-la-cooperacion-internacional&amp;ct=ga&amp;cd=CAEYBCoTMjI5OTUwMTk3NTg2MTcxNjg2NTIZZDc4ZTU4NzVhMGYxZjJhYzplczplczpFUw&amp;usg=AFQjCNGRuRZ-ew5qPCH8qtnXY_hzUmEicw\">ONGD, sindicatos, agencias de Naciones Unidas, municipios y personal de las universidades entregan a la Junta una declaraci\u00f3n en defensa de la cooperaci\u00f3n internacional&#8230;<\/a><\/u>&#8211;\u00a0FAMSI<\/p>\n<p><strong>Violencias<\/strong><a href=\"https:\/\/www.google.com\/url?rct=j&amp;sa=t&amp;url=https:\/\/cadenaser.com\/emisora\/2020\/06\/17\/radio_sevilla\/1592390284_615132.html&amp;ct=ga&amp;cd=CAEYACoUMTA1NjczNTY0MTYyNzczMzkwNjkyGzlhYjFjZGQ3ZTM2NmVmMzg6ZXM6ZXM6RVM6Ug&amp;usg=AFQjCNESZfGF6EJZclfLvYj9_tmOAel3hA\"><br \/>\nAna Gonz\u00e1lez Pinto, Coordinadora IAM Sevilla: \u00abNo est\u00e1is solas\u00bb<\/a><u>&#8211;<\/u>\u00a0Cadena SER<a href=\"https:\/\/www.google.com\/url?rct=j&amp;sa=t&amp;url=https:\/\/www.lavanguardia.com\/vida\/20200617\/481822463436\/anar-atiende-a-11682-menores-durante-estado-de-alarmala-mitad-por-violencia.html&amp;ct=ga&amp;cd=CAEYAioTMTg5ODA2NDI2ODQzNzkwMTM0ODIZZTFlNzdkMTU2MDk4YThlMzplczplczpFUw&amp;usg=AFQjCNHKL7_rc087-pZy2guEwmbgTaYK5g\"><br \/>\nANAR atiende a 11.682 menores durante estado de alarma, la mitad por\u00a0violencia<\/a>&#8211;\u00a0La Vanguardia<a href=\"https:\/\/www.google.com\/url?rct=j&amp;sa=t&amp;url=https:\/\/ubeda.ideal.es\/ubeda\/formacion-intervenir-madres-20200617204124-nt.html&amp;ct=ga&amp;cd=CAEYASoUMTE4MjAwNjYyOTYwNzkyNzM1MDcyGWMwMzcyZWJjMmZlYWRhNTk6ZXM6ZXM6RVM&amp;usg=AFQjCNElxZjwwwyafNGtsEXLF5QfsnjUkw\"><br \/>\nFormaci\u00f3n para intervenir con madres y menores v\u00edctimas de violencia de g\u00e9nero<\/a><u>&#8211;\u00a0<\/u>Ideal Digital<\/p>\n<p><strong>Ciencia y Cultura<\/strong><u><a href=\"https:\/\/www.google.com\/url?rct=j&amp;sa=t&amp;url=https:\/\/www.diariodesevilla.es\/suplementos\/master-y-posgrado\/formacion-superior-online-puntera-especializada_0_1474952877.html&amp;ct=ga&amp;cd=CAEYACoUMTQ2NDA4MDA1NzMyOTgxMDY3MTQyGWUxZTc3ZDE1NjA5OGE4ZTM6ZXM6ZXM6RVM&amp;usg=AFQjCNGf5CSlwSgcNPLRn1-85bkBYLaajg\"><br \/>\nLa formaci\u00f3n superior online m\u00e1s puntera y especializada<\/a><\/u>&#8211;\u00a0Diario de Sevilla<\/p>\n<p><a href=\"https:\/\/www.eldiario.es\/UNIAformacion\/UNIA-sobrepone-COVID-programa-masteres_6_1038056199.html\">La UNIA se sobrepone a a COVID y arranca su programa de m\u00e1steres y becas<\/a>&#8211;<a href=\"http:\/\/eldiario.es\/\">eldiario.es<\/a><\/p>\n<p><a href=\"https:\/\/www.google.com\/url?rct=j&amp;sa=t&amp;url=https:\/\/elmira.es\/17\/06\/2020\/arranca-la-feria-de-la-ciencia-en-sevilla\/&amp;ct=ga&amp;cd=CAEYACoTNDI4MDUxMDA4ODkzNDAyNjM5NjIZNDViMWU5ODI4YmVhNzJhOTplczplczpFUw&amp;usg=AFQjCNH1NuiijUwg9f2qqB4XjOm-mlXERw\">Arranca la Feria\u00a0de\u00a0la Ciencia en\u00a0Sevilla<\/a>&#8211; El Mira<a href=\"https:\/\/www.google.com\/url?rct=j&amp;sa=t&amp;url=https:\/\/elcorreoweb.es\/agenda\/nunca-es-tarde-el-primer-largometraje-de-ana-rosa-diego-MG6686806&amp;ct=ga&amp;cd=CAEYAyoTOTQ3NTYzOTk1NTIyMDU3MzEwNzIZYzAzNzJlYmMyZmVhZGE1OTplczplczpFUw&amp;usg=AFQjCNF_hKlkcG9t8sBO43GP9s-k_I9c_A\"><br \/>\n&#8216;Nunca es tarde&#8217;, el primer largometraje de Ana Rosa Diego<\/a>&#8211;\u00a0El Correo de Andaluc\u00eda<\/p>\n<p><a href=\"https:\/\/elpais.com\/cultura\/2020-06-17\/estrella-morente-canta-a-la-alhambra-en-su-reapertura.html\">Estrella Morente canta a la Alhambra en su reapertura<\/a>&#8211; El Pa\u00eds<\/p>\n<p><a href=\"https:\/\/www.google.com\/url?rct=j&amp;sa=t&amp;url=https:\/\/elpais.com\/cultura\/2020-06-17\/la-bienal-de-flamenco-se-traslada-a-los-espacios-abiertos.html&amp;ct=ga&amp;cd=CAEYASoUMTI3OTEzMDAyNTIxODIyMDkxOTcyGTQ1YjFlOTgyOGJlYTcyYTk6ZXM6ZXM6RVM&amp;usg=AFQjCNGIbC44p2BoxOBsKZ0Ozz6p9WG1Ug\">La Bienal\u00a0de\u00a0Flamenco se traslada a los espacios abiertos<\/a>&#8211;\u00a0El Pa\u00eds<\/p>\n<p><a href=\"http:\/\/www.juntadeandalucia.es\/presidencia\/portavoz\/152571\/ConsejeriadeCulturayPatrimonioHistorico\/BalletFlamencodeAndaluciaBFA\/flamenco\/patrimoniomundial\">El Ballet Flamenco de Andaluc\u00eda inicia una gira por los 10 a\u00f1os de la declaraci\u00f3n de Patrimonio Mundial<\/a><u>\u00a0<\/u>\u2013 Oficina del Portavoz<\/p>\n<p><strong>Deporte<\/strong><\/p>\n<p><u><a href=\"https:\/\/www.diariosur.es\/deportes\/mas-deportes\/pepa-moreno-vamos-20200615105911-nt.html\">Pepa Moreno: \u00abVamos a pelear por conseguir lo m\u00e1ximo\u00bb<\/a><\/u>&#8211;\u00a0Sur Digital<\/p>\n<p><u><a href=\"https:\/\/www.avancedeportivo.es\/noticias\/las-guerreras-soledad-lopez-jennifer-gutierrez-y-marta-lopez-premio-andalucia-de-los-deportes-2019\/\">&#8216;Las Guerreras&#8217; Soledad L\u00f3pez, Jennifer Guti\u00e9rrez y Marta L\u00f3pez, Premios Andaluc\u00eda del Deporte &#8230;<\/a><\/u>&#8211;\u00a0Avance Deportivo<\/p>\n<p>[\/toggle]<\/p>\n<p>[toggle type=\u00bbfirst\u00bb title=\u00bbEstado\u00bb]<\/p>\n<p><strong>Institucional<\/strong><\/p>\n<p><a href=\"https:\/\/www.google.com\/url?rct=j&amp;sa=t&amp;url=https:\/\/www.servimedia.es\/noticias\/1269635&amp;ct=ga&amp;cd=CAEYACoUMTAwNjg4Mjc4MTUyMDQ1NDA3OTQyG2U1NTIwYzU1OGI5MTU3MTA6ZXM6ZXM6RVM6Ug&amp;usg=AFQjCNFNKmpHF00BdruHMqNzWr5gs5V5ww\">D\u00edaz destaca que la inclusi\u00f3n digital debe servir para superar las desigualdades<\/a><u>&#8211;<\/u>\u00a0Servimedia<\/p>\n<p><a href=\"https:\/\/www.google.com\/url?rct=j&amp;sa=t&amp;url=https:\/\/elpais.com\/sociedad\/2020-06-17\/interior-incrementa-hasta-2070-el-numero-de-policias-contra-la-violencia-de-genero.html&amp;ct=ga&amp;cd=CAEYAioTNDIxMTE5NzM1ODQ4MTg3OTk5NzIZYzAzNzJlYmMyZmVhZGE1OTplczplczpFUw&amp;usg=AFQjCNHxjj7GamrrArSy1aHXhwx-JjHJzg\">Interior incrementa hasta 2.070 el n\u00famero de polic\u00edas contra la violencia de g\u00e9nero<\/a>&#8211;\u00a0El Pa\u00eds<\/p>\n<p><a href=\"https:\/\/elpais.com\/economia\/2020-06-17\/calvino-se-suma-al-boom-de-grupos-de-expertos.html\">Calvi\u00f1o, Ministra de Econom\u00eda, se suma al \u2018boom\u2019 de grupos de expertos<\/a>&#8211; El Pa\u00eds<\/p>\n<p><a href=\"https:\/\/www.publico.es\/politica\/conciliacion-laboral-gobierno-impulsara-ley-corresponsable-conciliacion.html\">Igualdad impulsar\u00e1 una Ley de Tiempo Corresponsable\u2026.<\/a>-P\u00fablico<\/p>\n<p><u><a href=\"https:\/\/elpais.com\/sociedad\/2020-06-18\/la-ministra-de-igualdad-propone-un-sistema-estatal-de-los-cuidados-que-crearia-300000-empleos.html\">La ministra de Igualdad propone un \u201csistema estatal de los cuidados\u201d que crear\u00eda 300.000 empleos<\/a><\/u>&#8211; El Pa\u00eds<strong>\u00a0<\/strong><\/p>\n<p><strong>Institucional-CCAA<\/strong><a href=\"https:\/\/www.google.com\/url?rct=j&amp;sa=t&amp;url=https:\/\/www.elfaradio.com\/2020\/06\/18\/la-camara-de-comercio-de-torrelavega-activa-el-proyecto-camara-de-torrelavega-x-la-igualdad\/&amp;ct=ga&amp;cd=CAEYACoTNDIxMTE5NzM1ODQ4MTg3OTk5NzIZYzAzNzJlYmMyZmVhZGE1OTplczplczpFUw&amp;usg=AFQjCNHkYpbTd-5WEGNb-olMl_9Jol_Mqg\"><br \/>\nLa c\u00e1mara de comercio de Torrelavega activa el proyecto \u00bbC\u00e1mara de Torrelavega X la Igualdad\u00bb<\/a>&#8211;\u00a0El Faradio<\/p>\n<p><u><a href=\"https:\/\/www.google.com\/url?rct=j&amp;sa=t&amp;url=https:\/\/www.educandoenigualdad.com\/2020\/06\/18\/berdingo-el-juego-de-mesa-en-euskera-sobre-la-igualdad-de-genero\/&amp;ct=ga&amp;cd=CAEYACoTNjU3ODI4ODQ4MjQxNTg4NDY3NjIZZTJkZWZhN2Q1ZGE5MTU3ZDplczplczpFUw&amp;usg=AFQjCNFe87Cf298eS1R-bBAXSEq7iVWTJg\">BerdinGO!\u00bb, el\u00a0juego\u00a0de mesa en euskera sobre la igualdad de\u00a0g\u00e9nero<\/a><\/u>&#8211;\u00a0Educando en Igualdad<u><a href=\"https:\/\/www.google.com\/url?rct=j&amp;sa=t&amp;url=https:\/\/www.lavanguardia.com\/politica\/20200618\/481833850128\/la-memoria-violeta-recordara-a-mujeres-asesinadas-por-violencia-machista.html&amp;ct=ga&amp;cd=CAEYBioTNjk1MDg1NDg5NjU4MzMzNjYwMjIZYzAzNzJlYmMyZmVhZGE1OTplczplczpFUw&amp;usg=AFQjCNEzJNVlzydnu7r53VdcdNV_ajSA5A\"><br \/>\nLa &#8216;Memoria violeta&#8217; recordar\u00e1 a\u00a0mujeres\u00a0asesinadas por violencia machista<\/a><\/u><u>&#8211;<\/u>\u00a0La Vanguardia<strong>\u00a0<\/strong><\/p>\n<p><strong>Econom\u00eda y Empresas<\/strong><\/p>\n<p><a href=\"https:\/\/www.mujeremprendedora.net\/gem-espana-en-espana-hay-mujer-emprendedora-cada-hombre\/\">En Espa\u00f1a hay una mujer emprendedora por cada hombre<\/a>&#8211; Mujeremprendedora.net<\/p>\n<p><a href=\"https:\/\/www.mujeremprendedora.net\/solo-68-trabajadores-espana-pueden-modificar-horario-conciliar\/\">Solo el 68% de trabajadores en Espa\u00f1a pueden modificar su horario para conciliar<\/a>&#8211; Mujeremprendedora.net<a href=\"https:\/\/www.google.com\/url?rct=j&amp;sa=t&amp;url=https:\/\/www.cope.es\/actualidad\/economia\/noticias\/total-160-empresas-entidades-cuentan-con-distintivo-igualdad-empresa-die-20200618_774785&amp;ct=ga&amp;cd=CAEYACoUMTUxNTA5MDUyNzM2MDM1Mzg1NjIyGWMwMzcyZWJjMmZlYWRhNTk6ZXM6ZXM6RVM&amp;usg=AFQjCNHAuFF3qwm3w2L3Qda96BqCq-DOgA\"><br \/>\nUn total de 160 empresas y entidades cuentan ya con el Distintivo de Igualdad en la Empresa (DIE)<\/a>&#8211;\u00a0Cope<u><a href=\"https:\/\/www.google.com\/url?rct=j&amp;sa=t&amp;url=https:\/\/www.elespanol.com\/mujer\/actualidad\/20200619\/chicas-quieren-liderar-espana-preparan-escuela-negocios\/498700531_0.html&amp;ct=ga&amp;cd=CAEYACoTNjYwNzI0MTg3MjAyODAxNTgxNTIZYzAzNzJlYmMyZmVhZGE1OTplczplczpFUw&amp;usg=AFQjCNEKjkh1qd2Z0EdsK1fTOJ_R-sksxQ\"><br \/>\nLas 40 chicas de 16 a\u00f1os que quieren liderar Espa\u00f1a: as\u00ed se preparan en una escuela de negocios<\/a><\/u>&#8211;\u00a0El Espa\u00f1ol<\/p>\n<p><a href=\"https:\/\/www.mujeremprendedora.net\/bcg-mujeres-son-clave-nuevas-formas-trabajar-liderar\/\">Las mujeres son clave en las nuevas formas de trabajar y liderar \u2026<\/a>\u00a0-mujeremprendedora.net<strong>\u00a0<\/strong><\/p>\n<p><strong>Actualidad<\/strong><a href=\"https:\/\/www.google.com\/url?rct=j&amp;sa=t&amp;url=https:\/\/www.hispanidad.com\/argumentos\/argumentacion-irene-si-hay-mujeres-beben-dependientes-farmacos-ludopatas-es-por-hombres_12019308_102.html&amp;ct=ga&amp;cd=CAEYACoUMTIzMTM4ODczMjU5MDQ3MTI0OTQyGWMwMzcyZWJjMmZlYWRhNTk6ZXM6ZXM6RVM&amp;usg=AFQjCNGIkPOkGSImTFyvvyedFKvinWiNeA\"><br \/>\nEn la gu\u00eda tambi\u00e9n se recogen consejos \u00fatiles para poder acabar con una adicci\u00f3n. En este &#8230;<\/a>&#8211;\u00a0Hispanidad<\/p>\n<p><a href=\"https:\/\/www.mujeremprendedora.net\/sol-sanchez-eudaimonia-como-nueva-felicidadpost-covid-19\/\">La Eudaimonia, o c\u00f3mo es la \u201cnueva felicidad\u201d post-COVID-19<\/a>\u00a0\u2013 Mujeremprendedora.net<strong>\u00a0<\/strong><\/p>\n<p><strong>Violencia<\/strong><a href=\"https:\/\/www.google.com\/url?rct=j&amp;sa=t&amp;url=https:\/\/elpais.com\/elpais\/2020\/06\/15\/seres_urbanos\/1592210364_159401.html&amp;ct=ga&amp;cd=CAEYASoUMTEyNjE0MDY0ODUzNjExODk0MDEyGWUxZTc3ZDE1NjA5OGE4ZTM6ZXM6ZXM6RVM&amp;usg=AFQjCNF1yP3qZIPySH49Wo9JV2klJDmzrw\"><br \/>\nCiudades que nos cuidan<\/a>&#8211; El Pa\u00eds<\/p>\n<p><strong>Ciencia y Cultura<\/strong><\/p>\n<p><a href=\"https:\/\/www.eldiario.es\/politica\/periodismo-universidad-reconstruccion-Espana-servicios_0_1039047275.html\">M\u00e1s de medio centenar de personalidades del mundo de la cultura, el periodismo y la universidad piden un pacto para la reconstrucci\u00f3n social\u00a0<\/a>..-<a href=\"http:\/\/eldiario.es\/\">eldiario.es<\/a><\/p>\n<p><a href=\"https:\/\/www.mujeremprendedora.net\/unidad-mujeres-ciencia-analiza-impacto-covid-19-igualdad-genero-idi\/\">La Unidad de Mujeres y Ciencia analiza el impacto del COVID-19 en la igualdad de g\u00e9nero en la I+D+i<\/a>-\u2013 Mujeremprendedora.net<\/p>\n<p><a href=\"https:\/\/elpais.com\/cultura\/2020-06-17\/ana-belen-xx-premio-corral-de-comedias-del-festival-de-almagro.html\">Ana Bel\u00e9n, XX Premio Corral de Comedias del Festival de Almagro<\/a>&#8211; El Pa\u00eds<\/p>\n<p><u><a href=\"https:\/\/www.google.com\/url?rct=j&amp;sa=t&amp;url=https:\/\/www.lavozdegalicia.es\/noticia\/cultura\/2020\/06\/18\/poeta-anne-carson-gana-princesa-asturias-letras\/00031592477435372825722.htm&amp;ct=ga&amp;cd=CAEYGioTNjk1MDg1NDg5NjU4MzMzNjYwMjIZYzAzNzJlYmMyZmVhZGE1OTplczplczpFUw&amp;usg=AFQjCNGumG6_aEU2BMQwA3ABNc-g8mGBVQ\">La poeta Anne Carson gana el Princesa de Asturias de las Letras<\/a><\/u>&#8211;\u00a0La Voz de Galicia<a href=\"https:\/\/www.google.com\/url?rct=j&amp;sa=t&amp;url=https:\/\/www.lavanguardia.com\/vida\/20200617\/481823984447\/igualdad-quiere-que-la-biblioteca-de-mujeres-pase-a-la-red-de-bibliotecas.html&amp;ct=ga&amp;cd=CAEYACoUMTIxNDcwNjU1NjUzODEyNDEzNDIyGWMwMzcyZWJjMmZlYWRhNTk6ZXM6ZXM6RVM&amp;usg=AFQjCNGtglEKcxF8W8kL5_7y_ZUZCtclAw\"><br \/>\nIgualdad quiere que la Biblioteca de\u00a0Mujeres\u00a0pase a la Red de Bibliotecas<\/a>&#8211;\u00a0La Vanguardia<\/p>\n<p><a href=\"https:\/\/www.google.com\/url?rct=j&amp;sa=t&amp;url=https:\/\/www.20minutos.es\/noticia\/4294995\/0\/isabel-coixet-dice-que-su-film-nieva-en-benidorm-es-una-busqueda-de-la-belleza-en-un-mundo-feo-e-impuro\/&amp;ct=ga&amp;cd=CAEYASoTMTEwMDM5ODcwNDc1NzgyODc2MzIZYzAzNzJlYmMyZmVhZGE1OTplczplczpFUw&amp;usg=AFQjCNHrIJ2gdcOHU6-tNXqWZchvBvTJ9w\">Isabel Coixet dice que su film &#8216;Nieva en Benidorm&#8217; es una \u00abb\u00fasqueda de la belleza\u00bb en un mundo &#8230;<\/a>&#8211;\u00a020minutos<\/p>\n<p><a href=\"https:\/\/www.google.com\/url?rct=j&amp;sa=t&amp;url=https:\/\/www.rtve.es\/noticias\/20200617\/comic-cristales-rotos-version-juvenil-feminista-harley-quinn\/2016047.shtml&amp;ct=ga&amp;cd=CAEYBCoTMzMwMjkyMTM1NjQ1OTY3NzY3MjIZYzAzNzJlYmMyZmVhZGE1OTplczplczpFUw&amp;usg=AFQjCNFXLocOKfczKDY711jVCbiE6f1hKg\">Cristales rotos&#8217;, una versi\u00f3n juvenil y feminista de Harley Quinn<\/a>&#8211;\u00a0Rtve<\/p>\n<p><u><a href=\"https:\/\/www.eldiario.es\/cultura\/entrevistas\/Entrevista-Cristina-Morales_0_1039046400.html\">Cristina Morales, escritora: \u201dSe ha romantizado el confinamiento\u00bb<\/a>&#8211;<\/u>\u00a0eldiario.es<strong>\u00a0<\/strong><\/p>\n<p><strong>Deporte<\/strong><a href=\"https:\/\/www.elcorreo.com\/deporte-femenino\/balonmano\/guerreras-lucharan-campeonas-20200618132952-nt.html\"><br \/>\nLas &#8216;Guerreras&#8217; luchar\u00e1n contra las campeonas ol\u00edmpicas en el Europeo &#8230;<\/a>&#8211;\u00a0El Correo<\/p>\n<p><u><a href=\"https:\/\/as.com\/futbol\/2020\/06\/18\/femenino\/1592499359_888837.html\">Amanda Sampedro participar\u00e1 en el Tour Universo Mujer<\/a><\/u>&#8211;\u00a0As.com<\/p>\n<p><a href=\"https:\/\/elpais.com\/deportes\/2020-06-17\/la-final-de-la-champions-femenina-en-anoeta.html\">La final de la Champions femenina se celebrar\u00e1 en Anoeta<\/a>&#8211; El Pa\u00eds<\/p>\n<p>[\/toggle]<\/p>\n<p>[toggle type=\u00bbfirst\u00bb title=\u00bbInternacional\u00bb]<\/p>\n<p><u><a href=\"https:\/\/www.cubaencuentro.com\/internacional\/noticias\/una-cubanoamericana-es-la-nueva-economista-jefe-del-banco-mundial-337743\">Carmen Reinhart, economista l\u00edder del Banco Mundial\u2026<\/a><\/u>&#8211;\u00a0Cubaencuentro.com<\/p>\n<p><u><a href=\"https:\/\/www.milenio.com\/negocios\/mujeres-ganan-terreno-puestos-clave-iberdrola\">Mujeres ganan terreno en puestos clave de Iberdrola<\/a><\/u>&#8211;\u00a0Milenio.com<\/p>\n<p><u><a href=\"https:\/\/andina.pe\/agencia\/noticia-jne-y-tribunal-electoral-euador-realizaran-foro-binacional-mujeres-parlamentarias-801891.aspx\">JNE\u00a0y\u00a0Tribunal Electoral\u00a0de Euador realizar\u00e1n\u00a0Foro Binacional\u00a0de Mujeres Parlamentarias&#8230;<\/a><\/u>&#8211;\u00a0Agencia Andina<\/p>\n<p><u><a href=\"https:\/\/www.cambio16.com\/dani-rodrik-recibe-el-princesa-de-asturias-por-humanizar-la-economia\/\">Dani Rodrik recibe el Princesa de Asturias por humanizar la econom\u00eda&#8230;<\/a><\/u>&#8211;\u00a0Cambio16<\/p>\n<p><u>Espa\u00f1a, Per\u00fa, Colombia y M\u00e9xico ponen en marcha Canoa para reforzar el espa\u00f1ol y su cultura&#8230;-<\/u>\u00a0<a href=\"http:\/\/novaciencia.es\/\">novaciencia.es<\/a><\/p>\n<p><u><a href=\"https:\/\/www.mujeremprendedora.net\/mariza-regresara-este-verano-con-su-tour-homenaje-a-amalia-rodrigues\/\">Mariza regresar\u00e1 este verano con tour homenaje a Amalia Rodrigues\u2026<\/a><\/u>\u00a0&#8211;<a href=\"http:\/\/mujeremprendedora.net\/\">mujeremprendedora.net<\/a><\/p>\n<p><u><a href=\"https:\/\/www.20minutos.es\/deportes\/noticia\/4296672\/0\/ex-liga-endesa-femenina-cerca-primera-entreandora-historia-nba\/\">Becky Hammon, una ex de la Liga Endesa\u00a0Femenina, muy cerca de ser la entrenadora \u00a0&#8230;<\/a><\/u>&#8211;\u00a020minutos<\/p>\n<p>[\/toggle]<\/p>\n<\/div>\n<\/div>\n<\/div>\n<\/div>\n<\/div>\n<\/div>\n","protected":false},"excerpt":{"rendered":"<p>Carmen Reinhart, economista l\u00edder del Banco Mundial-Igualdad impulsar\u00e1 una Ley <a href=\"https:\/\/cklcomunicaciones.es\/coop\/noticias-info-ckl-no-2-469-19-06-20\/\">[&#8230;]<\/a><\/p>\n","protected":false},"author":3,"featured_media":0,"comment_status":"closed","ping_status":"closed","sticky":false,"template":"","format":"standard","meta":{"footnotes":""},"categories":[298,623],"tags":[103,213,219],"class_list":["post-14995","post","type-post","status-publish","format-standard","hentry","category-newsletter","category-nwl-2-0","tag-ckl","tag-comunicacion-inclusiva","tag-perspectiva-de-genero"],"yoast_head":"<!-- This site is optimized with the Yoast SEO plugin v27.5 - https:\/\/yoast.com\/product\/yoast-seo-wordpress\/ -->\n<title>Noticias Info CKL n\u00ba 2.469-19\/06\/20-Comunicar con perspectiva de g\u00e9nero<\/title>\n<meta name=\"description\" content=\"Comunicar con perspectiva de g\u00e9nero: Carmen Reinhart, economista l\u00edder del Banco Mundial-Igualdad impulsar\u00e1 una Ley de Tiempo Corresponsable...\" \/>\n<meta name=\"robots\" content=\"index, follow, max-snippet:-1, max-image-preview:large, max-video-preview:-1\" \/>\n<link rel=\"canonical\" href=\"https:\/\/cklcomunicaciones.es\/coop\/noticias-info-ckl-no-2-469-19-06-20\/\" \/>\n<meta property=\"og:locale\" content=\"es_ES\" \/>\n<meta property=\"og:type\" content=\"article\" \/>\n<meta property=\"og:title\" content=\"Noticias Info CKL n\u00ba 2.469-19\/06\/20-Comunicar con perspectiva de g\u00e9nero\" \/>\n<meta property=\"og:description\" content=\"Comunicar con perspectiva de g\u00e9nero: Carmen Reinhart, economista l\u00edder del Banco Mundial-Igualdad impulsar\u00e1 una Ley de Tiempo Corresponsable...\" \/>\n<meta property=\"og:url\" content=\"https:\/\/cklcomunicaciones.es\/coop\/noticias-info-ckl-no-2-469-19-06-20\/\" \/>\n<meta property=\"og:site_name\" content=\"CKL Comunicaciones\" \/>\n<meta property=\"article:published_time\" content=\"2020-06-17T10:03:10+00:00\" \/>\n<meta property=\"article:modified_time\" content=\"2025-01-17T15:47:36+00:00\" \/>\n<meta property=\"og:image\" content=\"https:\/\/cklcomunicaciones.es\/coop\/wp-content\/uploads\/2018\/03\/CKL_comunicacion-con-perspetiva-de-genero.jpg\" \/>\n\t<meta property=\"og:image:width\" content=\"500\" \/>\n\t<meta property=\"og:image:height\" content=\"500\" \/>\n\t<meta property=\"og:image:type\" content=\"image\/jpeg\" \/>\n<meta name=\"author\" content=\"ckl\" \/>\n<meta name=\"twitter:card\" content=\"summary_large_image\" \/>\n<meta name=\"twitter:label1\" content=\"Escrito por\" \/>\n\t<meta name=\"twitter:data1\" content=\"ckl\" \/>\n\t<meta name=\"twitter:label2\" content=\"Tiempo de lectura\" \/>\n\t<meta name=\"twitter:data2\" content=\"6 minutos\" \/>\n<script type=\"application\/ld+json\" class=\"yoast-schema-graph\">{\"@context\":\"https:\\\/\\\/schema.org\",\"@graph\":[{\"@type\":\"Article\",\"@id\":\"https:\\\/\\\/cklcomunicaciones.es\\\/coop\\\/noticias-info-ckl-no-2-469-19-06-20\\\/#article\",\"isPartOf\":{\"@id\":\"https:\\\/\\\/cklcomunicaciones.es\\\/coop\\\/noticias-info-ckl-no-2-469-19-06-20\\\/\"},\"author\":{\"name\":\"ckl\",\"@id\":\"https:\\\/\\\/cklcomunicaciones.es\\\/coop\\\/#\\\/schema\\\/person\\\/929a6837f7626450bbb50cee1aef266e\"},\"headline\":\"Noticias Info CKL n\u00ba 2.469-19\\\/06\\\/20\",\"datePublished\":\"2020-06-17T10:03:10+00:00\",\"dateModified\":\"2025-01-17T15:47:36+00:00\",\"mainEntityOfPage\":{\"@id\":\"https:\\\/\\\/cklcomunicaciones.es\\\/coop\\\/noticias-info-ckl-no-2-469-19-06-20\\\/\"},\"wordCount\":1172,\"image\":{\"@id\":\"https:\\\/\\\/cklcomunicaciones.es\\\/coop\\\/noticias-info-ckl-no-2-469-19-06-20\\\/#primaryimage\"},\"thumbnailUrl\":\"http:\\\/\\\/www.cklcomunicaciones.es\\\/wp-content\\\/uploads\\\/2018\\\/03\\\/CKL_comunicacion-con-perspetiva-de-genero-300x300.jpg\",\"keywords\":[\"CKL\",\"comunicaci\u00f3n inclusiva\",\"perspectiva de g\u00e9nero\"],\"articleSection\":[\"Newsletter\",\"Nwl v2.0\"],\"inLanguage\":\"es\"},{\"@type\":\"WebPage\",\"@id\":\"https:\\\/\\\/cklcomunicaciones.es\\\/coop\\\/noticias-info-ckl-no-2-469-19-06-20\\\/\",\"url\":\"https:\\\/\\\/cklcomunicaciones.es\\\/coop\\\/noticias-info-ckl-no-2-469-19-06-20\\\/\",\"name\":\"Noticias Info CKL n\u00ba 2.469-19\\\/06\\\/20-Comunicar con perspectiva de g\u00e9nero\",\"isPartOf\":{\"@id\":\"https:\\\/\\\/cklcomunicaciones.es\\\/coop\\\/#website\"},\"primaryImageOfPage\":{\"@id\":\"https:\\\/\\\/cklcomunicaciones.es\\\/coop\\\/noticias-info-ckl-no-2-469-19-06-20\\\/#primaryimage\"},\"image\":{\"@id\":\"https:\\\/\\\/cklcomunicaciones.es\\\/coop\\\/noticias-info-ckl-no-2-469-19-06-20\\\/#primaryimage\"},\"thumbnailUrl\":\"http:\\\/\\\/www.cklcomunicaciones.es\\\/wp-content\\\/uploads\\\/2018\\\/03\\\/CKL_comunicacion-con-perspetiva-de-genero-300x300.jpg\",\"datePublished\":\"2020-06-17T10:03:10+00:00\",\"dateModified\":\"2025-01-17T15:47:36+00:00\",\"author\":{\"@id\":\"https:\\\/\\\/cklcomunicaciones.es\\\/coop\\\/#\\\/schema\\\/person\\\/929a6837f7626450bbb50cee1aef266e\"},\"description\":\"Comunicar con perspectiva de g\u00e9nero: Carmen Reinhart, economista l\u00edder del Banco Mundial-Igualdad impulsar\u00e1 una Ley de Tiempo Corresponsable...\",\"breadcrumb\":{\"@id\":\"https:\\\/\\\/cklcomunicaciones.es\\\/coop\\\/noticias-info-ckl-no-2-469-19-06-20\\\/#breadcrumb\"},\"inLanguage\":\"es\",\"potentialAction\":[{\"@type\":\"ReadAction\",\"target\":[\"https:\\\/\\\/cklcomunicaciones.es\\\/coop\\\/noticias-info-ckl-no-2-469-19-06-20\\\/\"]}]},{\"@type\":\"ImageObject\",\"inLanguage\":\"es\",\"@id\":\"https:\\\/\\\/cklcomunicaciones.es\\\/coop\\\/noticias-info-ckl-no-2-469-19-06-20\\\/#primaryimage\",\"url\":\"http:\\\/\\\/www.cklcomunicaciones.es\\\/wp-content\\\/uploads\\\/2018\\\/03\\\/CKL_comunicacion-con-perspetiva-de-genero-300x300.jpg\",\"contentUrl\":\"http:\\\/\\\/www.cklcomunicaciones.es\\\/wp-content\\\/uploads\\\/2018\\\/03\\\/CKL_comunicacion-con-perspetiva-de-genero-300x300.jpg\"},{\"@type\":\"BreadcrumbList\",\"@id\":\"https:\\\/\\\/cklcomunicaciones.es\\\/coop\\\/noticias-info-ckl-no-2-469-19-06-20\\\/#breadcrumb\",\"itemListElement\":[{\"@type\":\"ListItem\",\"position\":1,\"name\":\"Portada\",\"item\":\"https:\\\/\\\/cklcomunicaciones.es\\\/coop\\\/\"},{\"@type\":\"ListItem\",\"position\":2,\"name\":\"Noticias Info CKL n\u00ba 2.469-19\\\/06\\\/20\"}]},{\"@type\":\"WebSite\",\"@id\":\"https:\\\/\\\/cklcomunicaciones.es\\\/coop\\\/#website\",\"url\":\"https:\\\/\\\/cklcomunicaciones.es\\\/coop\\\/\",\"name\":\"CKL Comunicaciones\",\"description\":\"Sitio web de CKL Comunicaciones coop , la consultora de comunicaci\u00f3n y estrategia\",\"potentialAction\":[{\"@type\":\"SearchAction\",\"target\":{\"@type\":\"EntryPoint\",\"urlTemplate\":\"https:\\\/\\\/cklcomunicaciones.es\\\/coop\\\/?s={search_term_string}\"},\"query-input\":{\"@type\":\"PropertyValueSpecification\",\"valueRequired\":true,\"valueName\":\"search_term_string\"}}],\"inLanguage\":\"es\"},{\"@type\":\"Person\",\"@id\":\"https:\\\/\\\/cklcomunicaciones.es\\\/coop\\\/#\\\/schema\\\/person\\\/929a6837f7626450bbb50cee1aef266e\",\"name\":\"ckl\",\"image\":{\"@type\":\"ImageObject\",\"inLanguage\":\"es\",\"@id\":\"https:\\\/\\\/secure.gravatar.com\\\/avatar\\\/c82db564e8a669bf6023357a157b9dc4780f4d4c618f2ad1d71a6a5dede45057?s=96&d=mm&r=g\",\"url\":\"https:\\\/\\\/secure.gravatar.com\\\/avatar\\\/c82db564e8a669bf6023357a157b9dc4780f4d4c618f2ad1d71a6a5dede45057?s=96&d=mm&r=g\",\"contentUrl\":\"https:\\\/\\\/secure.gravatar.com\\\/avatar\\\/c82db564e8a669bf6023357a157b9dc4780f4d4c618f2ad1d71a6a5dede45057?s=96&d=mm&r=g\",\"caption\":\"ckl\"},\"url\":\"https:\\\/\\\/cklcomunicaciones.es\\\/coop\\\/author\\\/cklcomunicaciones\\\/\"}]}<\/script>\n<!-- \/ Yoast SEO plugin. -->","yoast_head_json":{"title":"Noticias Info CKL n\u00ba 2.469-19\/06\/20-Comunicar con perspectiva de g\u00e9nero","description":"Comunicar con perspectiva de g\u00e9nero: Carmen Reinhart, economista l\u00edder del Banco Mundial-Igualdad impulsar\u00e1 una Ley de Tiempo Corresponsable...","robots":{"index":"index","follow":"follow","max-snippet":"max-snippet:-1","max-image-preview":"max-image-preview:large","max-video-preview":"max-video-preview:-1"},"canonical":"https:\/\/cklcomunicaciones.es\/coop\/noticias-info-ckl-no-2-469-19-06-20\/","og_locale":"es_ES","og_type":"article","og_title":"Noticias Info CKL n\u00ba 2.469-19\/06\/20-Comunicar con perspectiva de g\u00e9nero","og_description":"Comunicar con perspectiva de g\u00e9nero: Carmen Reinhart, economista l\u00edder del Banco Mundial-Igualdad impulsar\u00e1 una Ley de Tiempo Corresponsable...","og_url":"https:\/\/cklcomunicaciones.es\/coop\/noticias-info-ckl-no-2-469-19-06-20\/","og_site_name":"CKL Comunicaciones","article_published_time":"2020-06-17T10:03:10+00:00","article_modified_time":"2025-01-17T15:47:36+00:00","og_image":[{"width":500,"height":500,"url":"https:\/\/cklcomunicaciones.es\/coop\/wp-content\/uploads\/2018\/03\/CKL_comunicacion-con-perspetiva-de-genero.jpg","type":"image\/jpeg"}],"author":"ckl","twitter_card":"summary_large_image","twitter_misc":{"Escrito por":"ckl","Tiempo de lectura":"6 minutos"},"schema":{"@context":"https:\/\/schema.org","@graph":[{"@type":"Article","@id":"https:\/\/cklcomunicaciones.es\/coop\/noticias-info-ckl-no-2-469-19-06-20\/#article","isPartOf":{"@id":"https:\/\/cklcomunicaciones.es\/coop\/noticias-info-ckl-no-2-469-19-06-20\/"},"author":{"name":"ckl","@id":"https:\/\/cklcomunicaciones.es\/coop\/#\/schema\/person\/929a6837f7626450bbb50cee1aef266e"},"headline":"Noticias Info CKL n\u00ba 2.469-19\/06\/20","datePublished":"2020-06-17T10:03:10+00:00","dateModified":"2025-01-17T15:47:36+00:00","mainEntityOfPage":{"@id":"https:\/\/cklcomunicaciones.es\/coop\/noticias-info-ckl-no-2-469-19-06-20\/"},"wordCount":1172,"image":{"@id":"https:\/\/cklcomunicaciones.es\/coop\/noticias-info-ckl-no-2-469-19-06-20\/#primaryimage"},"thumbnailUrl":"http:\/\/www.cklcomunicaciones.es\/wp-content\/uploads\/2018\/03\/CKL_comunicacion-con-perspetiva-de-genero-300x300.jpg","keywords":["CKL","comunicaci\u00f3n inclusiva","perspectiva de g\u00e9nero"],"articleSection":["Newsletter","Nwl v2.0"],"inLanguage":"es"},{"@type":"WebPage","@id":"https:\/\/cklcomunicaciones.es\/coop\/noticias-info-ckl-no-2-469-19-06-20\/","url":"https:\/\/cklcomunicaciones.es\/coop\/noticias-info-ckl-no-2-469-19-06-20\/","name":"Noticias Info CKL n\u00ba 2.469-19\/06\/20-Comunicar con perspectiva de g\u00e9nero","isPartOf":{"@id":"https:\/\/cklcomunicaciones.es\/coop\/#website"},"primaryImageOfPage":{"@id":"https:\/\/cklcomunicaciones.es\/coop\/noticias-info-ckl-no-2-469-19-06-20\/#primaryimage"},"image":{"@id":"https:\/\/cklcomunicaciones.es\/coop\/noticias-info-ckl-no-2-469-19-06-20\/#primaryimage"},"thumbnailUrl":"http:\/\/www.cklcomunicaciones.es\/wp-content\/uploads\/2018\/03\/CKL_comunicacion-con-perspetiva-de-genero-300x300.jpg","datePublished":"2020-06-17T10:03:10+00:00","dateModified":"2025-01-17T15:47:36+00:00","author":{"@id":"https:\/\/cklcomunicaciones.es\/coop\/#\/schema\/person\/929a6837f7626450bbb50cee1aef266e"},"description":"Comunicar con perspectiva de g\u00e9nero: Carmen Reinhart, economista l\u00edder del Banco Mundial-Igualdad impulsar\u00e1 una Ley de Tiempo Corresponsable...","breadcrumb":{"@id":"https:\/\/cklcomunicaciones.es\/coop\/noticias-info-ckl-no-2-469-19-06-20\/#breadcrumb"},"inLanguage":"es","potentialAction":[{"@type":"ReadAction","target":["https:\/\/cklcomunicaciones.es\/coop\/noticias-info-ckl-no-2-469-19-06-20\/"]}]},{"@type":"ImageObject","inLanguage":"es","@id":"https:\/\/cklcomunicaciones.es\/coop\/noticias-info-ckl-no-2-469-19-06-20\/#primaryimage","url":"http:\/\/www.cklcomunicaciones.es\/wp-content\/uploads\/2018\/03\/CKL_comunicacion-con-perspetiva-de-genero-300x300.jpg","contentUrl":"http:\/\/www.cklcomunicaciones.es\/wp-content\/uploads\/2018\/03\/CKL_comunicacion-con-perspetiva-de-genero-300x300.jpg"},{"@type":"BreadcrumbList","@id":"https:\/\/cklcomunicaciones.es\/coop\/noticias-info-ckl-no-2-469-19-06-20\/#breadcrumb","itemListElement":[{"@type":"ListItem","position":1,"name":"Portada","item":"https:\/\/cklcomunicaciones.es\/coop\/"},{"@type":"ListItem","position":2,"name":"Noticias Info CKL n\u00ba 2.469-19\/06\/20"}]},{"@type":"WebSite","@id":"https:\/\/cklcomunicaciones.es\/coop\/#website","url":"https:\/\/cklcomunicaciones.es\/coop\/","name":"CKL Comunicaciones","description":"Sitio web de CKL Comunicaciones coop , la consultora de comunicaci\u00f3n y estrategia","potentialAction":[{"@type":"SearchAction","target":{"@type":"EntryPoint","urlTemplate":"https:\/\/cklcomunicaciones.es\/coop\/?s={search_term_string}"},"query-input":{"@type":"PropertyValueSpecification","valueRequired":true,"valueName":"search_term_string"}}],"inLanguage":"es"},{"@type":"Person","@id":"https:\/\/cklcomunicaciones.es\/coop\/#\/schema\/person\/929a6837f7626450bbb50cee1aef266e","name":"ckl","image":{"@type":"ImageObject","inLanguage":"es","@id":"https:\/\/secure.gravatar.com\/avatar\/c82db564e8a669bf6023357a157b9dc4780f4d4c618f2ad1d71a6a5dede45057?s=96&d=mm&r=g","url":"https:\/\/secure.gravatar.com\/avatar\/c82db564e8a669bf6023357a157b9dc4780f4d4c618f2ad1d71a6a5dede45057?s=96&d=mm&r=g","contentUrl":"https:\/\/secure.gravatar.com\/avatar\/c82db564e8a669bf6023357a157b9dc4780f4d4c618f2ad1d71a6a5dede45057?s=96&d=mm&r=g","caption":"ckl"},"url":"https:\/\/cklcomunicaciones.es\/coop\/author\/cklcomunicaciones\/"}]}},"_links":{"self":[{"href":"https:\/\/cklcomunicaciones.es\/coop\/wp-json\/wp\/v2\/posts\/14995","targetHints":{"allow":["GET"]}}],"collection":[{"href":"https:\/\/cklcomunicaciones.es\/coop\/wp-json\/wp\/v2\/posts"}],"about":[{"href":"https:\/\/cklcomunicaciones.es\/coop\/wp-json\/wp\/v2\/types\/post"}],"author":[{"embeddable":true,"href":"https:\/\/cklcomunicaciones.es\/coop\/wp-json\/wp\/v2\/users\/3"}],"replies":[{"embeddable":true,"href":"https:\/\/cklcomunicaciones.es\/coop\/wp-json\/wp\/v2\/comments?post=14995"}],"version-history":[{"count":0,"href":"https:\/\/cklcomunicaciones.es\/coop\/wp-json\/wp\/v2\/posts\/14995\/revisions"}],"wp:attachment":[{"href":"https:\/\/cklcomunicaciones.es\/coop\/wp-json\/wp\/v2\/media?parent=14995"}],"wp:term":[{"taxonomy":"category","embeddable":true,"href":"https:\/\/cklcomunicaciones.es\/coop\/wp-json\/wp\/v2\/categories?post=14995"},{"taxonomy":"post_tag","embeddable":true,"href":"https:\/\/cklcomunicaciones.es\/coop\/wp-json\/wp\/v2\/tags?post=14995"}],"curies":[{"name":"wp","href":"https:\/\/api.w.org\/{rel}","templated":true}]}}