{"id":14985,"date":"2020-06-08T15:36:14","date_gmt":"2020-06-08T13:36:14","guid":{"rendered":"http:\/\/www.cklcomunicaciones.es\/?p=14985"},"modified":"2025-01-17T16:47:37","modified_gmt":"2025-01-17T15:47:37","slug":"noticias-info-ckl-no-2-464-08-06-20","status":"publish","type":"post","link":"https:\/\/cklcomunicaciones.es\/coop\/noticias-info-ckl-no-2-464-08-06-20\/","title":{"rendered":"Noticias Info CKL n\u00ba 2.464-08\/06\/20"},"content":{"rendered":"<div id=\"pl-14985\"  class=\"panel-layout\" >\n<div id=\"pg-14985-0\"  class=\"panel-grid panel-no-style\"  data-style=\"{&quot;background_image_attachment&quot;:false,&quot;background_display&quot;:&quot;tile&quot;,&quot;cell_alignment&quot;:&quot;flex-start&quot;}\" >\n<div id=\"pgc-14985-0-0\"  class=\"panel-grid-cell\"  data-weight=\"1\" >\n<div id=\"panel-14985-0-0-0\" class=\"so-panel widget widget_sow-editor panel-first-child panel-last-child\" data-index=\"0\" data-style=\"{&quot;background_image_attachment&quot;:false,&quot;background_display&quot;:&quot;tile&quot;}\" >\n<div class=\"so-widget-sow-editor so-widget-sow-editor-base\">\n<div class=\"siteorigin-widget-tinymce textwidget\">\n<p><img decoding=\"async\" class=\"lazyload  wp-image-13726\" src=\"http:\/\/www.cklcomunicaciones.es\/wp-content\/uploads\/2018\/03\/CKL_comunicacion-con-perspetiva-de-genero-300x300.jpg\" data-orig-src=\"http:\/\/www.cklcomunicaciones.es\/wp-content\/uploads\/2018\/03\/CKL_comunicacion-con-perspetiva-de-genero-300x300.jpg\" alt=\"CKL_comunicacion con perspetiva de genero\" width=\"132\" height=\"132\" srcset=\"data:image\/svg+xml,%3Csvg%20xmlns%3D%27http%3A%2F%2Fwww.w3.org%2F2000%2Fsvg%27%20width%3D%27132%27%20height%3D%27132%27%20viewBox%3D%270%200%20132%20132%27%3E%3Crect%20width%3D%27132%27%20height%3D%27132%27%20fill-opacity%3D%220%22%2F%3E%3C%2Fsvg%3E\" data-srcset=\"https:\/\/cklcomunicaciones.es\/coop\/wp-content\/uploads\/2018\/03\/CKL_comunicacion-con-perspetiva-de-genero-150x150.jpg 150w, https:\/\/cklcomunicaciones.es\/coop\/wp-content\/uploads\/2018\/03\/CKL_comunicacion-con-perspetiva-de-genero-300x300.jpg 300w, https:\/\/cklcomunicaciones.es\/coop\/wp-content\/uploads\/2018\/03\/CKL_comunicacion-con-perspetiva-de-genero-450x450.jpg 450w, https:\/\/cklcomunicaciones.es\/coop\/wp-content\/uploads\/2018\/03\/CKL_comunicacion-con-perspetiva-de-genero.jpg 500w\" data-sizes=\"auto\" data-orig-sizes=\"(max-width: 132px) 100vw, 132px\" \/><\/p>\n<p id=\":nu\" class=\"hP\" tabindex=\"-1\" data-thread-perm-id=\"thread-f:1668937451832732515\" data-legacy-thread-id=\"172941c520d5eb63\"><strong>Mujer y econom\u00eda en tiempos de crisis-La catedr\u00e1tica Dolores P\u00e9rez Mar\u00edn Premio Internacional Gerald S. Birth-Las mujeres han publicado menos estudios sobre la pandemia-Margaret Michaelis vuelve de la Guerra Civil<\/strong><\/p>\n<p>[toggle type=\u00bbfirst\u00bb title=\u00bbConvocatorias\u00bb]<\/p>\n<ul>\n<li>Conversaciones con Francisco Fonseca,\u00a0Director de la Representaci\u00f3n de la Comisi\u00f3n Europea en Espa\u00f1a, el pr\u00f3ximo mi\u00e9rcoles 10 de junio, de 18h a 19.30h. Inscripci\u00f3n:\u00a0<a href=\"https:\/\/docs.google.com\/forms\/d\/e\/1FAIpQLScVoOqFrmTk6sNuj4xBaH2_nt7LVdml9BV_MGnkxkt6DUM7gQ\/viewform\">https:\/\/docs.google.com\/forms\/d\/e\/1FAIpQLScVoOqFrmTk6sNuj4xBaH2_nt7LVdml9BV_MGnkxkt6DUM7gQ\/viewform<\/a><\/li>\n<li><a href=\"https:\/\/la-sur.com\/producto\/curso-online-las-mujeres-como-mercancia\/\">Curso &#8216;Las mujeres como mercanc\u00eda: explotaci\u00f3n prostitucional, pornogr\u00e1fica y reproductiva&#8217;<\/a>. Feminicidio.net. Julio de 2020 (cinco semanas, 100 horas)<\/li>\n<li><a href=\"https:\/\/relatoras.com\/producto\/no-solo-duelen-los-golpes-una-experiencia-transformadora-3a-edicion-pamela-palenciano-y-celia-garrido\/\">Taller &#8216;No solo duelen los golpes. Una experiencia transformadora&#8217; (3\u00aa ed.)<\/a>. Relatoras.\u00a0Comienzo\u00a022 de junio de 2020; matr\u00edcula abierta hasta el 29 de<\/li>\n<li><a href=\"http:\/\/tresculturas.org\/actividad\/tres-con-libros-en-casa-cierra-temporada-con-un-toque-noir\/\">Grupo de lectura abierto en torno al libro &#8216;peque\u00f1as mujeres rojas&#8217; de Marta Sanz<\/a><strong>.\u00a0<\/strong>Biblioteca de la Fundaci\u00f3n Tres Culturas. 23 y 30 de junio de 2020,\u00a018:00 h., a trav\u00e9s de Instagram de la Fundaci\u00f3n (@funtresculturas)<\/li>\n<\/ul>\n<p><strong>\u00a0<\/strong>[\/toggle]<\/p>\n<p>[toggle type=\u00bbfirst\u00bb title=\u00bbComunicaci\u00f3n\u00bb]<\/p>\n<p><a href=\"https:\/\/elpais.com\/television\/2020-06-06\/monica-carrillo-en-los-libros-me-quito-el-corse-del-informativo.html\">M\u00f3nica Carrillo: \u201cEn los libros me quito el cors\u00e9 del informativo\u201d<\/a>&#8211;\u00a0El Pa\u00eds<\/p>\n<p><a href=\"https:\/\/elpais.com\/cultura\/2020-06-06\/la-guerra-civil-de-margaret-michaelis.html\">Margaret Michaelis vuelve de la Guerra Civil<\/a>\u00a0\u2013\u00a0El Pa\u00eds<a href=\"https:\/\/www.google.com\/url?rct=j&amp;sa=t&amp;url=https:\/\/nuevarioja.com.ar\/12806-la-comunicacion-es-importante-para-desnaturalizar-la-violencia&amp;ct=ga&amp;cd=CAEYACoSNzQ0MzMyOTc2MzExNTk4ODk2MhllMWU3N2QxNTYwOThhOGUzOmVzOmVzOkVT&amp;usg=AFQjCNHiFBUCHcjk4aTnklKeSj2Ga6DOjQ\"><br \/>\n\u00abLa comunicaci\u00f3n es importante para desnaturalizar la\u00a0violencia\u00bb<\/a>&#8211;\u00a0Nueva Rioja<\/p>\n<p><a href=\"https:\/\/www.google.com\/url?rct=j&amp;sa=t&amp;url=https:\/\/elpais.com\/sociedad\/2020-06-05\/la-confusa-ilustracion-de-la-junta-de-andalucia-senalada-por-machista.html&amp;ct=ga&amp;cd=CAEYASoUMTE1ODcwNDkxMTY2ODIwMjE4ODkyGWMwMzcyZWJjMmZlYWRhNTk6ZXM6ZXM6RVM&amp;usg=AFQjCNFs04t2mh9cowoIQXW6sDaFAb4blQ\">La confusa ilustraci\u00f3n de la Junta de Andaluc\u00eda se\u00f1alada por machista<\/a>\u00a0\u2013\u00a0El Pa\u00eds<\/p>\n<p>[\/toggle]<\/p>\n<p>[toggle type=\u00bbfirst\u00bb title=\u00bbAndaluc\u00eda\u00bb]<\/p>\n<p><strong>Institucional<\/strong><\/p>\n<p><a href=\"https:\/\/www.lavanguardia.com\/vida\/20200608\/481668009122\/bosquet-aboga-dar-visibilidad-pueblo-gitano-y-apuesta-por-consejo-andaluz.html\">Marta Bosquet, Presidenta del Parlamento de Andaluc\u00eda, aboga dar visibilidad pueblo gitano y apuesta por &#8230;<\/a>&#8211;\u00a0La Vanguardia<strong>\u00a0<\/strong><\/p>\n<p><strong>Econom\u00eda y Empresas<\/strong><\/p>\n<p><a href=\"https:\/\/www.google.com\/url?rct=j&amp;sa=t&amp;url=https:\/\/cadiznoticias.es\/la-junta-busca-a-los-mejores-emprendedores-andaluces\/&amp;ct=ga&amp;cd=CAEYACoUMTIxNTI5NTcwMTI0NjQ5MDAzOTgyGWQ3OGU1ODc1YTBmMWYyYWM6ZXM6ZXM6RVM&amp;usg=AFQjCNFaZPzxzTqK89XPuzR4Lx9wOC2q-w\">La Junta busca a los mejores emprendedores\u00a0andaluces<\/a>&#8211;\u00a0Cadiznoticias<\/p>\n<p><a href=\"https:\/\/www.horasur.com\/articulo\/empresas\/empleo-destina-16-millones-fortalecer-cooperativas-sociedades-laborales\/20200606142043044319.html\">Empleo destina 1,6 millones para fortalecer las cooperativas y sociedades laborales&#8230;<\/a>&#8211;\u00a0Horasur<\/p>\n<p><strong>\u00a0<\/strong><strong>Actualidad<\/strong><a href=\"https:\/\/www.google.com\/url?rct=j&amp;sa=t&amp;url=https:\/\/elmira.es\/06\/06\/2020\/la-junta-lanza-ayudas-para-las-familias-monoparentales\/&amp;ct=ga&amp;cd=CAEYACoTMTkyMjgyOTgwODMwOTY2MTIzNjIZZDc4ZTU4NzVhMGYxZjJhYzplczplczpFUw&amp;usg=AFQjCNEQ8RteRRAW2Y-Ts2x_AsvNFCkZVw\"><br \/>\nLa Junta lanza ayudas para las familias monoparentales<\/a>&#8211; El Mira<\/p>\n<p><a href=\"https:\/\/www.google.com\/url?rct=j&amp;sa=t&amp;url=https:\/\/www.revistalugardeencuentro.com\/wp\/2020\/06\/06\/igualdad-implementa-medidas-sociales-de-las-que-podran-beneficiarse-133-000-familias-monoparentales-andaluzas\/&amp;ct=ga&amp;cd=CAEYASoUMTQxNzgyNDEzMjg5Njg2OTgyNzUyGWQ3OGU1ODc1YTBmMWYyYWM6ZXM6ZXM6RVM&amp;usg=AFQjCNFT1SWnDFbYLJyoQxxbmMYjm2KNoQ\">Igualdad implementa medidas\u00a0sociales\u00a0de las que podr\u00e1n beneficiarse 133.000 familias &#8230;<\/a>&#8211;\u00a0Revista Lugar Encuentro<\/p>\n<p><a href=\"https:\/\/www.eldiario.es\/euroblog\/Conformismo-frente-desigualdad-remora-sociedades_6_1035606437.html\">Conformismo frente a la desigualdad: la gran r\u00e9mora de nuestras sociedades..<\/a><strong><a href=\"https:\/\/www.eldiario.es\/euroblog\/Conformismo-frente-desigualdad-remora-sociedades_6_1035606437.html\">.<\/a><\/strong>&#8211;\u00a0eldiario.es<\/p>\n<p><a href=\"https:\/\/www.google.com\/url?rct=j&amp;sa=t&amp;url=https:\/\/www.diariodesevilla.es\/economia\/Andalucia-plan-reactivar-comercio-internacional_0_1471053264.html&amp;ct=ga&amp;cd=CAEYACoSODExMzEzNjE4MzY4NjY2MDg2MhlkNzhlNTg3NWEwZjFmMmFjOmVzOmVzOkVT&amp;usg=AFQjCNFG5fqYLFwerRk3UChVDZxjCaqJRg\">Andaluc\u00eda\u00a0tiene un plan para reactivar el comercio internacional<\/a>&#8211;\u00a0Diario de Sevilla<\/p>\n<p><a href=\"https:\/\/www.google.com\/url?rct=j&amp;sa=t&amp;url=https:\/\/www.elconfidencial.com\/espana\/andalucia\/2020-06-06\/maria-gamez-mando-femenino-no-planto-marlaska_2625199\/&amp;ct=ga&amp;cd=CAEYACoTNjQ2MTYyODA5OTMxNDU2MjgxODIZYzAzNzJlYmMyZmVhZGE1OTplczplczpFUw&amp;usg=AFQjCNG7FwWjxYbajhrriuvCJcv9p4DnCw\">Mar\u00eda G\u00e1mez, un mando en femenino que no se plant\u00f3 ante Marlaska<\/a>&#8211;\u00a0El Confidencial<a href=\"https:\/\/www.google.com\/url?rct=j&amp;sa=t&amp;url=https:\/\/www.lavozdealmeria.com\/noticia\/12\/almeria\/195145\/esta-crisis-deshace-el-indivualismo-o-nos-salvamos-juntos-o-no-se-salva-nadie&amp;ct=ga&amp;cd=CAEYAioTNjIzODQ2ODA1NDI2MzM1NzAzMzIZYzAzNzJlYmMyZmVhZGE1OTplczplczpFUw&amp;usg=AFQjCNH0ovrV-9cvuSShaCWhrMQEezWKJg\"><br \/>\n\u201cEsta crisis deshace el indivualismo: o nos salvamos juntos o no se salva nadie\u201d<\/a>&#8211;\u00a0La Voz de Almer\u00eda<strong>\u00a0<\/strong><\/p>\n<p><strong>Violencias<\/strong><a href=\"https:\/\/www.google.com\/url?rct=j&amp;sa=t&amp;url=https:\/\/www.diariodealmeria.es\/almeria\/violencia-genero-almeria_0_1471952955.html&amp;ct=ga&amp;cd=CAEYASoTNzE3NjY1MjA4MjY2OTc2MDQ4OTIbOWFiMWNkZDdlMzY2ZWYzODplczplczpFUzpS&amp;usg=AFQjCNHGnR_TuBdTYKIjpyt-c_j_9Cj2uw\"><br \/>\nEl 78% de\u00a0mujeres\u00a0atendidas por el IAM en el confinamiento, por violencia de g\u00e9nero<\/a>&#8211;\u00a0Diario de Almer\u00eda<\/p>\n<p><a href=\"https:\/\/www.google.com\/url?rct=j&amp;sa=t&amp;url=https:\/\/www.lavanguardia.com\/local\/sevilla\/20200608\/481665775537\/el-iam-amplia-hasta-fin-de-marzo-de-2021-el-plazo-para-que-ayuntamientos-ejecuten-proyectos-contra-violencia-machista.html&amp;ct=ga&amp;cd=CAEYACoTNzE3NjY1MjA4MjY2OTc2MDQ4OTIbOWFiMWNkZDdlMzY2ZWYzODplczplczpFUzpS&amp;usg=AFQjCNFsAAh54ZnAj4HxQORBJjOBVFUqtg\">El IAM ampl\u00eda hasta fin de marzo de 2021 el plazo para que ayuntamientos ejecuten proyectos contra la violencia machista &#8230;<\/a>&#8211;\u00a0La Vanguardia<strong>\u00a0<\/strong><\/p>\n<p><strong>Ciencia y Cultura<\/strong><\/p>\n<p><a href=\"https:\/\/www.eldiario.es\/edcreativoandalucia\/elementos-conectados-relacionados-manteniendo-equilibrio_6_1035956396.html\">In\u00e9s Mart\u00ednez Pita, especialista den zoolog\u00eda mariana (UPO): \u201cEl oc\u00e9ano funciona porque sus elementos est\u00e1n conectados y relacionados entre s\u00ed manteniendo el equilibrio\u201d<\/a>&#8211;\u00a0eldiario.es<a href=\"https:\/\/www.google.com\/url?rct=j&amp;sa=t&amp;url=https:\/\/www.diariocordoba.com\/noticias\/cordobalocal\/catedratica-etsiam-dolores-perez-marin-recibe-premio-gerald-s-birth_1373611.html&amp;ct=ga&amp;cd=CAEYAyoTOTc0MjAwNjc1OTg1NTAzODIwMTIZYzAzNzJlYmMyZmVhZGE1OTplczplczpFUw&amp;usg=AFQjCNGrYTz0sDXOFQtxDjhxtkaYkr4XcQ\"><br \/>\nLa catedr\u00e1tica de Etsiam Dolores P\u00e9rez Mar\u00edn recibe el premio Gerald S. Birth<\/a>&#8211;\u00a0Diario C\u00f3rdoba<\/p>\n<p><a href=\"https:\/\/www.google.com\/url?rct=j&amp;sa=t&amp;url=https:\/\/www.diariodehuelva.es\/2020\/06\/08\/uhu-tumores-investigacion\/&amp;ct=ga&amp;cd=CAEYBSoTNjIzODQ2ODA1NDI2MzM1NzAzMzIZYzAzNzJlYmMyZmVhZGE1OTplczplczpFUw&amp;usg=AFQjCNFEZVtI4WMUD_KEGl5jOLcmb47HXQ\">La UHU lidera un estudio sobre sintomatolog\u00eda de tumores cerebrales en pacientes j\u00f3venes<\/a>&#8211;\u00a0Diario de Huelva<\/p>\n<p><strong>Deporte<\/strong><\/p>\n<p><a href=\"https:\/\/www.google.com\/url?rct=j&amp;sa=t&amp;url=https:\/\/www.estadiodeportivo.com\/polideportivo\/atletismo\/2020\/06\/05\/maria-perez-da-bano-realidad\/281342.html&amp;ct=ga&amp;cd=CAEYACoUMTAyNDQ1NzQ5OTM4MzA3NjM1NjQyGWUyZGVmYTdkNWRhOTE1N2Q6ZXM6ZXM6RVM&amp;usg=AFQjCNHc9HfN3bc6Q3CvNxT5Mh8fm7Gfeg\">Mar\u00eda P\u00e9rez se da \u00abun ba\u00f1o de realidad\u00bb atendiendo a personas sin hogar<\/a>&#8211;\u00a0<a href=\"http:\/\/estadiodeportivo.com\/\">estadiodeportivo.com<\/a><\/p>\n<p><a href=\"https:\/\/www.juntadeandalucia.es\/presidencia\/portavoz\/152331\/PremiosAndaluciadelosDeportes2019\">Fallados los Premios Andaluc\u00eda de los Deportes 2019<\/a>\u00a0\u2013 Oficina del Portavoz<\/p>\n<p>[\/toggle]<\/p>\n<p>[toggle type=\u00bbfirst\u00bb title=\u00bbEstado\u00bb]<\/p>\n<p><strong>Institucional<\/strong><\/p>\n<p><a href=\"https:\/\/elpais.com\/economia\/2020-06-07\/los-desafios-de-cani-fernandez.html\">Una compleja tarea para Cani Fern\u00e1ndez<\/a>\u00a0\u2013 El Pa\u00eds<strong>\u00a0<\/strong><\/p>\n<p><strong>Institucional-CCAA<\/strong><\/p>\n<p><a href=\"https:\/\/www.google.com\/url?rct=j&amp;sa=t&amp;url=https:\/\/www.lavozdeltajo.com\/noticia\/48383\/castilla-la-mancha\/clm--el-instituto-de-la-mujer-publicara-en-breve-diferentes-convocatorias-de-ayudas.html&amp;ct=ga&amp;cd=CAEYACoUMTYzOTIxMjA5MjgwOTQ3MTQ2NTQyGWMwMzcyZWJjMmZlYWRhNTk6ZXM6ZXM6RVM&amp;usg=AFQjCNF8xMLYhEm_W0dOpG3u8lq-5mZ3cQ\">El\u00a0Instituto de la Mujer\u00a0de CLM publicar\u00e1 en breve diferentes convocatorias de ayudas<\/a>&#8211;\u00a0lavozdeltajo.com<\/p>\n<p><a href=\"https:\/\/www.google.com\/url?rct=j&amp;sa=t&amp;url=https:\/\/www.eldiario.es\/canariasahora\/sociedad\/Mayo-experimenta-dispositivos-emergencia-Canarias_0_1034846862.html&amp;ct=ga&amp;cd=CAEYAioTNzI3NDU1ODQxMTQyMTM5ODczMDIZYzAzNzJlYmMyZmVhZGE1OTplczplczpFUw&amp;usg=AFQjCNGCDJiU8mST3FawHNtFmSbz7gxIpQ\">Mayo registra un repunte de\u00a0mujeres\u00a0acogidas en los recursos para v\u00edctimas de violencia machista &#8230;<\/a>&#8211;\u00a0eldiario.es<\/p>\n<p><a href=\"https:\/\/www.mujeremprendedora.net\/amedna-impulsa-consejos-consultivos-asesores-gratuitos\/\">AMEDNA impulsa consejos consultivos asesores gratuitos<\/a>\u00a0-Mujeremprendedora.net<\/p>\n<p><strong>Econom\u00eda y Empresas<\/strong><\/p>\n<p><a href=\"https:\/\/www.eldiario.es\/economia\/Solo-Ibex-consejeras-CNMV-renunciado_0_1034847452.html\">Solo cuatro empresas del Ibex cumplen el criterio de un 40% de consejeras al que la CNMV renunci\u00f3 tras m\u00faltiples peticiones<\/a>\u00a0\u2013\u00a0eldiario.es<a href=\"https:\/\/www.google.com\/url?rct=j&amp;sa=t&amp;url=https:\/\/www.diezminutos.es\/estilo-de-vida\/hogar\/a32768175\/mujer-economia-tiempos-crisis\/&amp;ct=ga&amp;cd=CAEYBSoUMTUyODczNjU5ODE0MzMyODk5MDgyGWMwMzcyZWJjMmZlYWRhNTk6ZXM6ZXM6RVM&amp;usg=AFQjCNG4btHZ2wPO2QIn5WoNd-Z3GYHjpw\"><br \/>\nMujer\u00a0y econom\u00eda en tiempos de crisis<\/a>&#8211;\u00a0<a href=\"http:\/\/diezminutos.es\/\">diezminutos.es<\/a><a href=\"https:\/\/www.google.com\/url?rct=j&amp;sa=t&amp;url=https:\/\/www.somospacientes.com\/noticias\/asociaciones\/empoderamiento-e-insercion-laboral-de-las-mujeres-con-discapacidad\/&amp;ct=ga&amp;cd=CAEYAyoTODQzOTIxNjE1ODYyNDc1NzgxNDIZYzAzNzJlYmMyZmVhZGE1OTplczplczpFUw&amp;usg=AFQjCNGMCMYuzNTbVz45JsDeTN7XCm83LQ\"><br \/>\nEmpoderamiento e inserci\u00f3n laboral de las\u00a0mujeres\u00a0con discapacidad<\/a>&#8211;\u00a0Somos Pacientes<\/p>\n<p><a href=\"https:\/\/www.mujeremprendedora.net\/nace-women-action-sustainability-asociacion-nueva-conciencia-sostenible\/\">Nace Women Action Sustainability, \u201cla asociaci\u00f3n de la nueva conciencia sostenible\u201d<\/a>&#8211; Mujeremprendedora.net<strong>\u00a0<\/strong><\/p>\n<p><strong>Actualidad<\/strong><\/p>\n<p><a href=\"https:\/\/www.google.com\/url?rct=j&amp;sa=t&amp;url=https:\/\/pacot.es\/t\/el-instituto-de-la-mujer-prepara-un-informe-sobre-genero-y-cambio-climatico\/67226&amp;ct=ga&amp;cd=CAEYCioTODQzOTIxNjE1ODYyNDc1NzgxNDIZYzAzNzJlYmMyZmVhZGE1OTplczplczpFUw&amp;usg=AFQjCNH9Y_GHrkQeDQ4TdJmU1iTxwRhlZA\">El\u00a0Instituto de la Mujer\u00a0prepara un informe sobre \u00abGenero y Cambio climatico\u00bb<\/a>&#8211;\u00a0Pacotes<\/p>\n<p><a href=\"https:\/\/www.google.com\/url?rct=j&amp;sa=t&amp;url=https:\/\/m.infosalus.com\/mujer\/noticia-distres-psicologico-afecta-mas-doble-mujeres-diagnosticadas-cancer-mama-sanas-20200605143234.html&amp;ct=ga&amp;cd=CAEYAyoUMTYzOTIxMjA5MjgwOTQ3MTQ2NTQyGWMwMzcyZWJjMmZlYWRhNTk6ZXM6ZXM6RVM&amp;usg=AFQjCNEkGCwfGkAbc4jjWHTsAYbgAt1Q0w\">El distr\u00e9s psicol\u00f3gico afecta a m\u00e1s del doble de\u00a0mujeres\u00a0diagnosticadas de c\u00e1ncer de mama que a &#8230;<\/a>&#8211;\u00a0infosalus.com<\/p>\n<p><a href=\"https:\/\/www.mujeremprendedora.net\/ximena-duque-valencia-cinco-caracteristicas-de-la-sociedad-post-covid-19\/\">Cinco caracter\u00edsticas de la sociedad post-COVID-19<\/a>\u00a0\u2013 Mujeremprendedora.net<\/p>\n<p><a href=\"https:\/\/www.mujeremprendedora.net\/directivas-frente-crisis-jornada-mujeres-avenir\/\">Directivas frente a las crisis, una jornada de Mujeres Avenir<\/a>\u2013 Mujeremprendedora.net<\/p>\n<p><a href=\"https:\/\/www.mujeremprendedora.net\/perfil-mayoritario-voluntariado-cruz-roja-frente-covid-19-es-mujer\/\">El perfil mayoritario del voluntariado de Cruz Roja frente al COVID-19 es mujer<\/a>\u2013 Mujeremprendedora.net<strong>\u00a0<\/strong><\/p>\n<p><strong>Violencias<\/strong><a href=\"https:\/\/www.google.com\/url?rct=j&amp;sa=t&amp;url=https:\/\/www.eldiario.es\/sociedad\/claves-ley-infancia_0_1035196556.html&amp;ct=ga&amp;cd=CAEYACoTOTU2MTM1MTg0MTMzOTg4NDA1NjIZZTFlNzdkMTU2MDk4YThlMzplczplczpFUw&amp;usg=AFQjCNG85IsITNkJNuZ9pW7m1Dc_i5p4yw\"><br \/>\nM\u00e1s a\u00f1os para denunciar delitos sexuales y \u00abcultura del buen trato\u00bb: estas son las claves de la ley &#8230;<\/a>&#8211;\u00a0eldiario.es<\/p>\n<p><a href=\"https:\/\/www.eldiario.es\/andalucia\/cordoba\/Fiscalia-recurrira-sentencia-Manada-argumentada_0_1035896569.html\">La Fiscal\u00eda no recurrir\u00e1 la sentencia de &#8216;La Manada&#8217; por el caso Pozoblanco al estar \u00abmuy ajustada y argumentada\u00bb<\/a>-eldiario.es<\/p>\n<p><a href=\"https:\/\/www.elmundo.es\/andalucia\/2020\/06\/08\/5edd250e21efa0541d8b457a.html\">Prostitutas en la era del Covid-19: atrapadas entre el coronavirus y la redes de explotaci\u00f3n sexual&#8230;<\/a>&#8211;\u00a0El Mundo<strong>\u00a0<\/strong><\/p>\n<p><strong>Ciencia y Cultura<\/strong><\/p>\n<p><a href=\"https:\/\/www.elmundo.es\/ciencia-y-salud\/ciencia\/2020\/06\/08\/5eda7777fdddff2e368b461d.html\">Las\u00a0mujeres\u00a0han publicado menos estudios sobre la pandemia<\/a>&#8211;\u00a0El Mundo<\/p>\n<p><a href=\"https:\/\/www.eldiario.es\/cultura\/libros\/invisibles-Museo-Prado-ignorando-mujeres_0_1032747139.html\">&#8216;Las invisibles&#8217;, o por qu\u00e9 el Museo del Prado lleva m\u00e1s de 200 a\u00f1os ignorando a las mujeres<\/a>-eldiario.es<\/p>\n<p><a href=\"https:\/\/www.elfaradio.com\/2020\/06\/08\/marta-cerezales-laforet-presenta-en-la-voragine-su-libro-siete-mujeres\/\">Marta Cerezales Laforet presenta en La Vor\u00e1gine su libro \u201cSiete mujeres\u201d &#8230;<\/a>&#8211;\u00a0El Faradio<\/p>\n<p><strong>\u00a0<\/strong><strong>Deporte<\/strong><\/p>\n<p><a href=\"https:\/\/www.lavanguardia.com\/deportes\/20200608\/481671012809\/jorge-garbajosa--el-futuro-del-baloncesto-femenino-es-esperanzador.html\">Jorge Garbajosa: \u00bb El futuro del baloncesto\u00a0femenino\u00a0es&#8230;<\/a>&#8211;\u00a0La Vanguardia<\/p>\n<p><a href=\"https:\/\/www.lavozdegalicia.es\/noticia\/deportes\/2020\/06\/07\/nuria-rodriguez-veces-me-siento-raro-mundo-machos\/00031591553704250302973.htm\">Nuria Rodr\u00edguez: \u00abA veces me siento un ser raro en un&#8230;<\/a>&#8211;\u00a0La Voz de Galicia<\/p>\n<p>[\/toggle]<\/p>\n<p>[toggle type=\u00bbfirst\u00bb title=\u00bbInternacional\u00bb]<\/p>\n<p><a href=\"https:\/\/www.perfil.com\/noticias\/economia\/empresas-y-gobiernos-evaluan-las-herramientas-de-genero-pospandemia.phtml\">Empresas y gobiernos eval\u00faan las herramientas de g\u00e9nero&#8230;<\/a>&#8211;\u00a0Perfil.com<a href=\"https:\/\/www.google.com\/url?rct=j&amp;sa=t&amp;url=https:\/\/laregion.cr\/noticias-costa-rica\/programa-mujer-y-negocios-2020-abre-convocatoria-para-capacitar-a-emprendedoras-y-empresarias\/&amp;ct=ga&amp;cd=CAEYASoUMTgwNTI4NzExOTEzNjAwMzYyNzMyGWMwMzcyZWJjMmZlYWRhNTk6ZXM6ZXM6RVM&amp;usg=AFQjCNEvo1JwdDfKBfiwPeENiBM78xSzYg\"><br \/>\nPrograma \u201cMujer\u00a0y Negocios 2020\u201d abre convocatoria para capacitar a emprendedoras y &#8230;<\/a>&#8211;\u00a0La Regi\u00f3n<\/p>\n<p><a href=\"https:\/\/www.google.com\/url?rct=j&amp;sa=t&amp;url=https:\/\/www.lavoz.com.ar\/ciudadanos\/ana-correa-desafios-de-hoy-son-frenar-violencia-de-genero-e-instalar-discusion-por-cuidad&amp;ct=ga&amp;cd=CAEYACoTOTMzOTcyMDc4OTUyMDMzMDkyMjIZZTJkZWZhN2Q1ZGE5MTU3ZDplczplczpFUw&amp;usg=AFQjCNEXHbacqwXDxLE7rV4r62-WU4d3XQ\">Ana Correa: \u00abLos desaf\u00edos de hoy son frenar la\u00a0violencia de g\u00e9nero\u00a0e instalar la discusi\u00f3n por los &#8230;<\/a>&#8211;\u00a0La Voz del Interior<\/p>\n<p><a href=\"https:\/\/www.elcorreo.com\/deporte-femenino\/japon-estrenara-2021-20200606095524-nt.html\">Jap\u00f3n estrenar\u00e1 en 2021 su primera Liga de f\u00fatbol\u00a0femenino<\/a>&#8211;\u00a0El Correo<\/p>\n<p>[\/toggle]<\/p>\n<\/div>\n<\/div>\n<\/div>\n<\/div>\n<\/div>\n<\/div>\n","protected":false},"excerpt":{"rendered":"<p>Mujer y econom\u00eda en tiempos de crisis-La catedr\u00e1tica Dolores P\u00e9rez <a href=\"https:\/\/cklcomunicaciones.es\/coop\/noticias-info-ckl-no-2-464-08-06-20\/\">[&#8230;]<\/a><\/p>\n","protected":false},"author":3,"featured_media":0,"comment_status":"closed","ping_status":"closed","sticky":false,"template":"","format":"standard","meta":{"footnotes":""},"categories":[298,623],"tags":[103,213,219],"class_list":["post-14985","post","type-post","status-publish","format-standard","hentry","category-newsletter","category-nwl-2-0","tag-ckl","tag-comunicacion-inclusiva","tag-perspectiva-de-genero"],"yoast_head":"<!-- This site is optimized with the Yoast SEO plugin v27.5 - https:\/\/yoast.com\/product\/yoast-seo-wordpress\/ -->\n<title>Noticias Info CKL n\u00ba 2.464-0806\/20-Comunicar con perspectiva de g\u00e9nero<\/title>\n<meta name=\"description\" content=\"Comunicar con perspectiva de g\u00e9nero: Mujer y econom\u00eda en tiempos de crisis-La catedr\u00e1tica Dolores P\u00e9rez Mar\u00edn Premio Internacional Gerald S. Birth...\" \/>\n<meta name=\"robots\" content=\"index, follow, max-snippet:-1, max-image-preview:large, max-video-preview:-1\" \/>\n<link rel=\"canonical\" href=\"https:\/\/cklcomunicaciones.es\/coop\/noticias-info-ckl-no-2-464-08-06-20\/\" \/>\n<meta property=\"og:locale\" content=\"es_ES\" \/>\n<meta property=\"og:type\" content=\"article\" \/>\n<meta property=\"og:title\" content=\"Noticias Info CKL n\u00ba 2.464-0806\/20-Comunicar con perspectiva de g\u00e9nero\" \/>\n<meta property=\"og:description\" content=\"Comunicar con perspectiva de g\u00e9nero: Mujer y econom\u00eda en tiempos de crisis-La catedr\u00e1tica Dolores P\u00e9rez Mar\u00edn Premio Internacional Gerald S. Birth...\" \/>\n<meta property=\"og:url\" content=\"https:\/\/cklcomunicaciones.es\/coop\/noticias-info-ckl-no-2-464-08-06-20\/\" \/>\n<meta property=\"og:site_name\" content=\"CKL Comunicaciones\" \/>\n<meta property=\"article:published_time\" content=\"2020-06-08T13:36:14+00:00\" \/>\n<meta property=\"article:modified_time\" content=\"2025-01-17T15:47:37+00:00\" \/>\n<meta property=\"og:image\" content=\"https:\/\/cklcomunicaciones.es\/coop\/wp-content\/uploads\/2018\/03\/CKL_comunicacion-con-perspetiva-de-genero.jpg\" \/>\n\t<meta property=\"og:image:width\" content=\"500\" \/>\n\t<meta property=\"og:image:height\" content=\"500\" \/>\n\t<meta property=\"og:image:type\" content=\"image\/jpeg\" \/>\n<meta name=\"author\" content=\"ckl\" \/>\n<meta name=\"twitter:card\" content=\"summary_large_image\" \/>\n<meta name=\"twitter:label1\" content=\"Escrito por\" \/>\n\t<meta name=\"twitter:data1\" content=\"ckl\" \/>\n\t<meta name=\"twitter:label2\" content=\"Tiempo de lectura\" \/>\n\t<meta name=\"twitter:data2\" content=\"5 minutos\" \/>\n<script type=\"application\/ld+json\" class=\"yoast-schema-graph\">{\"@context\":\"https:\\\/\\\/schema.org\",\"@graph\":[{\"@type\":\"Article\",\"@id\":\"https:\\\/\\\/cklcomunicaciones.es\\\/coop\\\/noticias-info-ckl-no-2-464-08-06-20\\\/#article\",\"isPartOf\":{\"@id\":\"https:\\\/\\\/cklcomunicaciones.es\\\/coop\\\/noticias-info-ckl-no-2-464-08-06-20\\\/\"},\"author\":{\"name\":\"ckl\",\"@id\":\"https:\\\/\\\/cklcomunicaciones.es\\\/coop\\\/#\\\/schema\\\/person\\\/929a6837f7626450bbb50cee1aef266e\"},\"headline\":\"Noticias Info CKL n\u00ba 2.464-08\\\/06\\\/20\",\"datePublished\":\"2020-06-08T13:36:14+00:00\",\"dateModified\":\"2025-01-17T15:47:37+00:00\",\"mainEntityOfPage\":{\"@id\":\"https:\\\/\\\/cklcomunicaciones.es\\\/coop\\\/noticias-info-ckl-no-2-464-08-06-20\\\/\"},\"wordCount\":936,\"image\":{\"@id\":\"https:\\\/\\\/cklcomunicaciones.es\\\/coop\\\/noticias-info-ckl-no-2-464-08-06-20\\\/#primaryimage\"},\"thumbnailUrl\":\"http:\\\/\\\/www.cklcomunicaciones.es\\\/wp-content\\\/uploads\\\/2018\\\/03\\\/CKL_comunicacion-con-perspetiva-de-genero-300x300.jpg\",\"keywords\":[\"CKL\",\"comunicaci\u00f3n inclusiva\",\"perspectiva de g\u00e9nero\"],\"articleSection\":[\"Newsletter\",\"Nwl v2.0\"],\"inLanguage\":\"es\"},{\"@type\":\"WebPage\",\"@id\":\"https:\\\/\\\/cklcomunicaciones.es\\\/coop\\\/noticias-info-ckl-no-2-464-08-06-20\\\/\",\"url\":\"https:\\\/\\\/cklcomunicaciones.es\\\/coop\\\/noticias-info-ckl-no-2-464-08-06-20\\\/\",\"name\":\"Noticias Info CKL n\u00ba 2.464-0806\\\/20-Comunicar con perspectiva de g\u00e9nero\",\"isPartOf\":{\"@id\":\"https:\\\/\\\/cklcomunicaciones.es\\\/coop\\\/#website\"},\"primaryImageOfPage\":{\"@id\":\"https:\\\/\\\/cklcomunicaciones.es\\\/coop\\\/noticias-info-ckl-no-2-464-08-06-20\\\/#primaryimage\"},\"image\":{\"@id\":\"https:\\\/\\\/cklcomunicaciones.es\\\/coop\\\/noticias-info-ckl-no-2-464-08-06-20\\\/#primaryimage\"},\"thumbnailUrl\":\"http:\\\/\\\/www.cklcomunicaciones.es\\\/wp-content\\\/uploads\\\/2018\\\/03\\\/CKL_comunicacion-con-perspetiva-de-genero-300x300.jpg\",\"datePublished\":\"2020-06-08T13:36:14+00:00\",\"dateModified\":\"2025-01-17T15:47:37+00:00\",\"author\":{\"@id\":\"https:\\\/\\\/cklcomunicaciones.es\\\/coop\\\/#\\\/schema\\\/person\\\/929a6837f7626450bbb50cee1aef266e\"},\"description\":\"Comunicar con perspectiva de g\u00e9nero: Mujer y econom\u00eda en tiempos de crisis-La catedr\u00e1tica Dolores P\u00e9rez Mar\u00edn Premio Internacional Gerald S. Birth...\",\"breadcrumb\":{\"@id\":\"https:\\\/\\\/cklcomunicaciones.es\\\/coop\\\/noticias-info-ckl-no-2-464-08-06-20\\\/#breadcrumb\"},\"inLanguage\":\"es\",\"potentialAction\":[{\"@type\":\"ReadAction\",\"target\":[\"https:\\\/\\\/cklcomunicaciones.es\\\/coop\\\/noticias-info-ckl-no-2-464-08-06-20\\\/\"]}]},{\"@type\":\"ImageObject\",\"inLanguage\":\"es\",\"@id\":\"https:\\\/\\\/cklcomunicaciones.es\\\/coop\\\/noticias-info-ckl-no-2-464-08-06-20\\\/#primaryimage\",\"url\":\"http:\\\/\\\/www.cklcomunicaciones.es\\\/wp-content\\\/uploads\\\/2018\\\/03\\\/CKL_comunicacion-con-perspetiva-de-genero-300x300.jpg\",\"contentUrl\":\"http:\\\/\\\/www.cklcomunicaciones.es\\\/wp-content\\\/uploads\\\/2018\\\/03\\\/CKL_comunicacion-con-perspetiva-de-genero-300x300.jpg\"},{\"@type\":\"BreadcrumbList\",\"@id\":\"https:\\\/\\\/cklcomunicaciones.es\\\/coop\\\/noticias-info-ckl-no-2-464-08-06-20\\\/#breadcrumb\",\"itemListElement\":[{\"@type\":\"ListItem\",\"position\":1,\"name\":\"Portada\",\"item\":\"https:\\\/\\\/cklcomunicaciones.es\\\/coop\\\/\"},{\"@type\":\"ListItem\",\"position\":2,\"name\":\"Noticias Info CKL n\u00ba 2.464-08\\\/06\\\/20\"}]},{\"@type\":\"WebSite\",\"@id\":\"https:\\\/\\\/cklcomunicaciones.es\\\/coop\\\/#website\",\"url\":\"https:\\\/\\\/cklcomunicaciones.es\\\/coop\\\/\",\"name\":\"CKL Comunicaciones\",\"description\":\"Sitio web de CKL Comunicaciones coop , la consultora de comunicaci\u00f3n y estrategia\",\"potentialAction\":[{\"@type\":\"SearchAction\",\"target\":{\"@type\":\"EntryPoint\",\"urlTemplate\":\"https:\\\/\\\/cklcomunicaciones.es\\\/coop\\\/?s={search_term_string}\"},\"query-input\":{\"@type\":\"PropertyValueSpecification\",\"valueRequired\":true,\"valueName\":\"search_term_string\"}}],\"inLanguage\":\"es\"},{\"@type\":\"Person\",\"@id\":\"https:\\\/\\\/cklcomunicaciones.es\\\/coop\\\/#\\\/schema\\\/person\\\/929a6837f7626450bbb50cee1aef266e\",\"name\":\"ckl\",\"image\":{\"@type\":\"ImageObject\",\"inLanguage\":\"es\",\"@id\":\"https:\\\/\\\/secure.gravatar.com\\\/avatar\\\/c82db564e8a669bf6023357a157b9dc4780f4d4c618f2ad1d71a6a5dede45057?s=96&d=mm&r=g\",\"url\":\"https:\\\/\\\/secure.gravatar.com\\\/avatar\\\/c82db564e8a669bf6023357a157b9dc4780f4d4c618f2ad1d71a6a5dede45057?s=96&d=mm&r=g\",\"contentUrl\":\"https:\\\/\\\/secure.gravatar.com\\\/avatar\\\/c82db564e8a669bf6023357a157b9dc4780f4d4c618f2ad1d71a6a5dede45057?s=96&d=mm&r=g\",\"caption\":\"ckl\"},\"url\":\"https:\\\/\\\/cklcomunicaciones.es\\\/coop\\\/author\\\/cklcomunicaciones\\\/\"}]}<\/script>\n<!-- \/ Yoast SEO plugin. -->","yoast_head_json":{"title":"Noticias Info CKL n\u00ba 2.464-0806\/20-Comunicar con perspectiva de g\u00e9nero","description":"Comunicar con perspectiva de g\u00e9nero: Mujer y econom\u00eda en tiempos de crisis-La catedr\u00e1tica Dolores P\u00e9rez Mar\u00edn Premio Internacional Gerald S. Birth...","robots":{"index":"index","follow":"follow","max-snippet":"max-snippet:-1","max-image-preview":"max-image-preview:large","max-video-preview":"max-video-preview:-1"},"canonical":"https:\/\/cklcomunicaciones.es\/coop\/noticias-info-ckl-no-2-464-08-06-20\/","og_locale":"es_ES","og_type":"article","og_title":"Noticias Info CKL n\u00ba 2.464-0806\/20-Comunicar con perspectiva de g\u00e9nero","og_description":"Comunicar con perspectiva de g\u00e9nero: Mujer y econom\u00eda en tiempos de crisis-La catedr\u00e1tica Dolores P\u00e9rez Mar\u00edn Premio Internacional Gerald S. Birth...","og_url":"https:\/\/cklcomunicaciones.es\/coop\/noticias-info-ckl-no-2-464-08-06-20\/","og_site_name":"CKL Comunicaciones","article_published_time":"2020-06-08T13:36:14+00:00","article_modified_time":"2025-01-17T15:47:37+00:00","og_image":[{"width":500,"height":500,"url":"https:\/\/cklcomunicaciones.es\/coop\/wp-content\/uploads\/2018\/03\/CKL_comunicacion-con-perspetiva-de-genero.jpg","type":"image\/jpeg"}],"author":"ckl","twitter_card":"summary_large_image","twitter_misc":{"Escrito por":"ckl","Tiempo de lectura":"5 minutos"},"schema":{"@context":"https:\/\/schema.org","@graph":[{"@type":"Article","@id":"https:\/\/cklcomunicaciones.es\/coop\/noticias-info-ckl-no-2-464-08-06-20\/#article","isPartOf":{"@id":"https:\/\/cklcomunicaciones.es\/coop\/noticias-info-ckl-no-2-464-08-06-20\/"},"author":{"name":"ckl","@id":"https:\/\/cklcomunicaciones.es\/coop\/#\/schema\/person\/929a6837f7626450bbb50cee1aef266e"},"headline":"Noticias Info CKL n\u00ba 2.464-08\/06\/20","datePublished":"2020-06-08T13:36:14+00:00","dateModified":"2025-01-17T15:47:37+00:00","mainEntityOfPage":{"@id":"https:\/\/cklcomunicaciones.es\/coop\/noticias-info-ckl-no-2-464-08-06-20\/"},"wordCount":936,"image":{"@id":"https:\/\/cklcomunicaciones.es\/coop\/noticias-info-ckl-no-2-464-08-06-20\/#primaryimage"},"thumbnailUrl":"http:\/\/www.cklcomunicaciones.es\/wp-content\/uploads\/2018\/03\/CKL_comunicacion-con-perspetiva-de-genero-300x300.jpg","keywords":["CKL","comunicaci\u00f3n inclusiva","perspectiva de g\u00e9nero"],"articleSection":["Newsletter","Nwl v2.0"],"inLanguage":"es"},{"@type":"WebPage","@id":"https:\/\/cklcomunicaciones.es\/coop\/noticias-info-ckl-no-2-464-08-06-20\/","url":"https:\/\/cklcomunicaciones.es\/coop\/noticias-info-ckl-no-2-464-08-06-20\/","name":"Noticias Info CKL n\u00ba 2.464-0806\/20-Comunicar con perspectiva de g\u00e9nero","isPartOf":{"@id":"https:\/\/cklcomunicaciones.es\/coop\/#website"},"primaryImageOfPage":{"@id":"https:\/\/cklcomunicaciones.es\/coop\/noticias-info-ckl-no-2-464-08-06-20\/#primaryimage"},"image":{"@id":"https:\/\/cklcomunicaciones.es\/coop\/noticias-info-ckl-no-2-464-08-06-20\/#primaryimage"},"thumbnailUrl":"http:\/\/www.cklcomunicaciones.es\/wp-content\/uploads\/2018\/03\/CKL_comunicacion-con-perspetiva-de-genero-300x300.jpg","datePublished":"2020-06-08T13:36:14+00:00","dateModified":"2025-01-17T15:47:37+00:00","author":{"@id":"https:\/\/cklcomunicaciones.es\/coop\/#\/schema\/person\/929a6837f7626450bbb50cee1aef266e"},"description":"Comunicar con perspectiva de g\u00e9nero: Mujer y econom\u00eda en tiempos de crisis-La catedr\u00e1tica Dolores P\u00e9rez Mar\u00edn Premio Internacional Gerald S. Birth...","breadcrumb":{"@id":"https:\/\/cklcomunicaciones.es\/coop\/noticias-info-ckl-no-2-464-08-06-20\/#breadcrumb"},"inLanguage":"es","potentialAction":[{"@type":"ReadAction","target":["https:\/\/cklcomunicaciones.es\/coop\/noticias-info-ckl-no-2-464-08-06-20\/"]}]},{"@type":"ImageObject","inLanguage":"es","@id":"https:\/\/cklcomunicaciones.es\/coop\/noticias-info-ckl-no-2-464-08-06-20\/#primaryimage","url":"http:\/\/www.cklcomunicaciones.es\/wp-content\/uploads\/2018\/03\/CKL_comunicacion-con-perspetiva-de-genero-300x300.jpg","contentUrl":"http:\/\/www.cklcomunicaciones.es\/wp-content\/uploads\/2018\/03\/CKL_comunicacion-con-perspetiva-de-genero-300x300.jpg"},{"@type":"BreadcrumbList","@id":"https:\/\/cklcomunicaciones.es\/coop\/noticias-info-ckl-no-2-464-08-06-20\/#breadcrumb","itemListElement":[{"@type":"ListItem","position":1,"name":"Portada","item":"https:\/\/cklcomunicaciones.es\/coop\/"},{"@type":"ListItem","position":2,"name":"Noticias Info CKL n\u00ba 2.464-08\/06\/20"}]},{"@type":"WebSite","@id":"https:\/\/cklcomunicaciones.es\/coop\/#website","url":"https:\/\/cklcomunicaciones.es\/coop\/","name":"CKL Comunicaciones","description":"Sitio web de CKL Comunicaciones coop , la consultora de comunicaci\u00f3n y estrategia","potentialAction":[{"@type":"SearchAction","target":{"@type":"EntryPoint","urlTemplate":"https:\/\/cklcomunicaciones.es\/coop\/?s={search_term_string}"},"query-input":{"@type":"PropertyValueSpecification","valueRequired":true,"valueName":"search_term_string"}}],"inLanguage":"es"},{"@type":"Person","@id":"https:\/\/cklcomunicaciones.es\/coop\/#\/schema\/person\/929a6837f7626450bbb50cee1aef266e","name":"ckl","image":{"@type":"ImageObject","inLanguage":"es","@id":"https:\/\/secure.gravatar.com\/avatar\/c82db564e8a669bf6023357a157b9dc4780f4d4c618f2ad1d71a6a5dede45057?s=96&d=mm&r=g","url":"https:\/\/secure.gravatar.com\/avatar\/c82db564e8a669bf6023357a157b9dc4780f4d4c618f2ad1d71a6a5dede45057?s=96&d=mm&r=g","contentUrl":"https:\/\/secure.gravatar.com\/avatar\/c82db564e8a669bf6023357a157b9dc4780f4d4c618f2ad1d71a6a5dede45057?s=96&d=mm&r=g","caption":"ckl"},"url":"https:\/\/cklcomunicaciones.es\/coop\/author\/cklcomunicaciones\/"}]}},"_links":{"self":[{"href":"https:\/\/cklcomunicaciones.es\/coop\/wp-json\/wp\/v2\/posts\/14985","targetHints":{"allow":["GET"]}}],"collection":[{"href":"https:\/\/cklcomunicaciones.es\/coop\/wp-json\/wp\/v2\/posts"}],"about":[{"href":"https:\/\/cklcomunicaciones.es\/coop\/wp-json\/wp\/v2\/types\/post"}],"author":[{"embeddable":true,"href":"https:\/\/cklcomunicaciones.es\/coop\/wp-json\/wp\/v2\/users\/3"}],"replies":[{"embeddable":true,"href":"https:\/\/cklcomunicaciones.es\/coop\/wp-json\/wp\/v2\/comments?post=14985"}],"version-history":[{"count":0,"href":"https:\/\/cklcomunicaciones.es\/coop\/wp-json\/wp\/v2\/posts\/14985\/revisions"}],"wp:attachment":[{"href":"https:\/\/cklcomunicaciones.es\/coop\/wp-json\/wp\/v2\/media?parent=14985"}],"wp:term":[{"taxonomy":"category","embeddable":true,"href":"https:\/\/cklcomunicaciones.es\/coop\/wp-json\/wp\/v2\/categories?post=14985"},{"taxonomy":"post_tag","embeddable":true,"href":"https:\/\/cklcomunicaciones.es\/coop\/wp-json\/wp\/v2\/tags?post=14985"}],"curies":[{"name":"wp","href":"https:\/\/api.w.org\/{rel}","templated":true}]}}