{"id":14981,"date":"2020-06-03T13:44:08","date_gmt":"2020-06-03T11:44:08","guid":{"rendered":"http:\/\/www.cklcomunicaciones.es\/?p=14981"},"modified":"2025-01-17T16:47:38","modified_gmt":"2025-01-17T15:47:38","slug":"noticias-info-ckl-no-2-462-03-06-20","status":"publish","type":"post","link":"https:\/\/cklcomunicaciones.es\/coop\/noticias-info-ckl-no-2-462-03-06-20\/","title":{"rendered":"Noticias Info CKL n\u00ba 2.462-03\/06\/20"},"content":{"rendered":"<div id=\"pl-14981\"  class=\"panel-layout\" >\n<div id=\"pg-14981-0\"  class=\"panel-grid panel-no-style\"  data-style=\"{&quot;background_image_attachment&quot;:false,&quot;background_display&quot;:&quot;tile&quot;,&quot;cell_alignment&quot;:&quot;flex-start&quot;}\" >\n<div id=\"pgc-14981-0-0\"  class=\"panel-grid-cell\"  data-weight=\"1\" >\n<div id=\"panel-14981-0-0-0\" class=\"so-panel widget widget_sow-editor panel-first-child panel-last-child\" data-index=\"0\" data-style=\"{&quot;background_image_attachment&quot;:false,&quot;background_display&quot;:&quot;tile&quot;}\" >\n<div class=\"so-widget-sow-editor so-widget-sow-editor-base\">\n<div class=\"siteorigin-widget-tinymce textwidget\">\n<p><img decoding=\"async\" class=\"lazyload  wp-image-13726\" src=\"http:\/\/www.cklcomunicaciones.es\/wp-content\/uploads\/2018\/03\/CKL_comunicacion-con-perspetiva-de-genero-300x300.jpg\" data-orig-src=\"http:\/\/www.cklcomunicaciones.es\/wp-content\/uploads\/2018\/03\/CKL_comunicacion-con-perspetiva-de-genero-300x300.jpg\" alt=\"CKL_comunicacion con perspetiva de genero\" width=\"132\" height=\"132\" srcset=\"data:image\/svg+xml,%3Csvg%20xmlns%3D%27http%3A%2F%2Fwww.w3.org%2F2000%2Fsvg%27%20width%3D%27132%27%20height%3D%27132%27%20viewBox%3D%270%200%20132%20132%27%3E%3Crect%20width%3D%27132%27%20height%3D%27132%27%20fill-opacity%3D%220%22%2F%3E%3C%2Fsvg%3E\" data-srcset=\"https:\/\/cklcomunicaciones.es\/coop\/wp-content\/uploads\/2018\/03\/CKL_comunicacion-con-perspetiva-de-genero-150x150.jpg 150w, https:\/\/cklcomunicaciones.es\/coop\/wp-content\/uploads\/2018\/03\/CKL_comunicacion-con-perspetiva-de-genero-300x300.jpg 300w, https:\/\/cklcomunicaciones.es\/coop\/wp-content\/uploads\/2018\/03\/CKL_comunicacion-con-perspetiva-de-genero-450x450.jpg 450w, https:\/\/cklcomunicaciones.es\/coop\/wp-content\/uploads\/2018\/03\/CKL_comunicacion-con-perspetiva-de-genero.jpg 500w\" data-sizes=\"auto\" data-orig-sizes=\"(max-width: 132px) 100vw, 132px\" \/><\/p>\n<p id=\":ebe\" class=\"hP\" tabindex=\"-1\" data-thread-perm-id=\"thread-f:1668300983100721429\" data-legacy-thread-id=\"1726fee7b4274915\"><strong>La econom\u00eda feminista aterriza en la Comisi\u00f3n de Reconstrucci\u00f3n-Conci<wbr><\/wbr>liaci\u00f3n: de asignatura pendiente a obligaci\u00f3n real tras la COVID19-El modelo machista y la pol\u00edtica-Las primeras mujeres de la Asociaci\u00f3n de la Prensa<\/strong><\/p>\n<p>[toggle type=\u00bbfirst\u00bb title=\u00bbConvocatorias\u00bb]<\/p>\n<ul>\n<li><a href=\"https:\/\/www.foroabierto.org\/evento\/encuentro-digital-con-almudena-grandes\/?instance_id=4633\">Encuentro con Almudena Grandes<\/a>. Foro Abierto. 4 de junio de 2020, de 19 a 20 h.<\/li>\n<li><a href=\"https:\/\/fmujeresprogresistas.org\/crisis-de-cuidados\/\">Jornada Virtual sobre Trabajo y Corresponsabilidad &#8216;Crisis de cuidados y Covid-19: impacto laboral en las mujeres&#8217;<\/a>. Federaci\u00f3n Mujeres Progresistas . 11 de junio de 2020, de 10:00 a 12:30 h.<\/li>\n<li><a href=\"https:\/\/www.uma.es\/amzet\/info\/119928\/primera-edicion-premio-kate-obrian\/\">Primera edici\u00f3n Premio Kate O&#8217;Brien<\/a>. Aula Mar\u00eda Zambrano de Estudios Transatl\u00e1nticos de la Universidad de M\u00e1laga. Ampliaci\u00f3n del plazo de recepci\u00f3n de trabajos hasta el 13 de julio de 2020<\/li>\n<li><a href=\"http:\/\/helveticasescueladeescritura.com\/verano-2020-este-es-el-plan\/\">WritCamping Verano 2020<\/a>. Helv\u00e9ticas, Escuela de Escritura. Del 29 de junio al 6 de septiembre de 2020<\/li>\n<li><a href=\"http:\/\/almeria.fape.es\/wp-content\/uploads\/2020\/03\/Bases-de-la-Convocatoria_CARMEN_BURGOS_XXI.report.pdf\">XXI Premio Nacional de Ensayo &#8216;Carmen de Burgos&#8217;<\/a>.\u00a0Delegaci\u00f3n de Igualdad de la Diputaci\u00f3n de Almer\u00eda. Plazo de admisi\u00f3n hasta el 26 de septiembre 2020<\/li>\n<\/ul>\n<p>[\/toggle]<\/p>\n<p>[toggle type=\u00bbfirst\u00bb title=\u00bbComunicaci\u00f3n\u00bb]<\/p>\n<p><u><a href=\"https:\/\/www.rtve.es\/noticias\/20200602\/primeras-mujeres-asociacion-prensa\/2015378.shtml\">Las primeras\u00a0mujeres\u00a0de la Asociaci\u00f3n de la Prensa<\/a><\/u>&#8211;\u00a0Rtve<\/p>\n<p><a href=\"https:\/\/amecopress.net\/Tina-Modotti-una-de-las-fotografas-mas-relevantes-del-siglo-XX\">Tina Modotti, una de las fot\u00f3grafas m\u00e1s relevantes del siglo XX\u2026<\/a>-amecopress.net<\/p>\n<p><a href=\"http:\/\/www.extradigital.es\/el-corte-ingles-gana-el-premio-al-peor-y-mas-machista-anuncio-del-ano\/\">El Corte Ingl\u00e9s \u201cgana\u201d el premio al &#8216;peor y m\u00e1s machista &#8230;<\/a>&#8211;\u00a0Extradigital.es<\/p>\n<p>[\/toggle]<\/p>\n<p>[toggle type=\u00bbfirst\u00bb title=\u00bbAndaluc\u00eda\u00bb]<\/p>\n<p><strong>Econom\u00eda y Empresas<\/strong><\/p>\n<p><u><a href=\"https:\/\/www.larazon.es\/andalucia\/20200603\/25kwc2mw2fez7crz4fn6od2v3y.html\">Denuncian que las temporeras migrantes de Huelva sufren &#8230;<\/a><\/u>&#8211;\u00a0La Raz\u00f3n<u><a href=\"https:\/\/www.google.com\/url?rct=j&amp;sa=t&amp;url=https:\/\/www.eldiadecordoba.es\/cordoba\/uco-incidencia-coronavirus-brecha-laboral-genero_0_1470453065.html&amp;ct=ga&amp;cd=CAEYACoUMTU2MzE2NDE0MzA1MzA3MTI3MzEyGWMwMzcyZWJjMmZlYWRhNTk6ZXM6ZXM6RVM&amp;usg=AFQjCNG7oCMIsX3D8EGEAaw7s1a-JzYucQ\"><br \/>\nLa UCO constata la incidencia del coronavirus en la brecha laboral de g\u00e9nero<\/a><\/u>&#8211;\u00a0El D\u00eda de C\u00f3rdoba<\/p>\n<p><u><a href=\"https:\/\/www.google.com\/url?rct=j&amp;sa=t&amp;url=https:\/\/elcorreoweb.es\/agenda\/mejorar-la-respuesta-a-las-brechas-que-sufren-las-mujeres-BD6656300&amp;ct=ga&amp;cd=CAEYACoTNTI1OTY1MTkyOTQ4NDEzMjgwNzIZYzAzNzJlYmMyZmVhZGE1OTplczplczpFUw&amp;usg=AFQjCNEKdMdS-pG11wheYKZ7Ut-yDS0GVw\">Mejorar la respuesta a las brechas que sufren las\u00a0mujeres<\/a><\/u>&#8211;\u00a0El Correo de Andaluc\u00eda<\/p>\n<p><u><a href=\"https:\/\/www.eldiario.es\/andalucia\/Andalucia-registra-desempleados-descenso-nacional_0_1033796711.html\">Andaluc\u00eda encabeza el descenso del paro en Espa\u00f1a durante el mes de mayo con 9.210 desempleados menos<\/a><\/u>-eldiario.es<strong>\u00a0<\/strong><\/p>\n<p><strong>Actualidad<\/strong><a href=\"https:\/\/www.google.com\/url?rct=j&amp;sa=t&amp;url=https:\/\/www.lavanguardia.com\/local\/sevilla\/20200602\/481575548398\/comienza-la-accion-formativa-mujer-360-digitalizacion-del-medio-rural-de-la-diputacion.html&amp;ct=ga&amp;cd=CAEYACoTNzk4OTI4Mzc5ODUwODIzNjUzNTIZYzAzNzJlYmMyZmVhZGE1OTplczplczpFUw&amp;usg=AFQjCNG9zUWRtbTYmnxPUXDwb2cZ-Bsb_w\"><br \/>\nComienza la acci\u00f3n formativa &#8216;Mujer\u00a0360\u00ba. Digitalizaci\u00f3n del Medio Rural&#8217; de la Diputaci\u00f3n de C\u00f3rdoba\u2026<\/a>-La Vanguardia<\/p>\n<p><a href=\"https:\/\/www.ideal.es\/jaen\/linares\/generando-igualdad-solidaris-20200603091546-nt.html\">&#8216;Generando Igualdad&#8217; de Solidari@s Sport sigue en pro de la &#8230;<\/a>-Ideal Digital<a href=\"https:\/\/www.google.com\/url?rct=j&amp;sa=t&amp;url=https:\/\/www.huffingtonpost.es\/entry\/el-modelo-machista-y-la-politica_es_5ed40ea3c5b6f24bfb519b85%3Futm_hp_ref%3Des-politica&amp;ct=ga&amp;cd=CAEYACoTNzc3OTgzNjAwMTg0MzA1NTE3OTIZZTJkZWZhN2Q1ZGE5MTU3ZDplczplczpFUw&amp;usg=AFQjCNHx34zipM2JjIipG3hDehNuPFCHUA\"><br \/>\nEl modelo machista y la pol\u00edtica<\/a>&#8211;\u00a0El HuffPost<a href=\"https:\/\/www.google.com\/url?rct=j&amp;sa=t&amp;url=https:\/\/www.diariojaen.es\/andalucia\/la-renta-minima-andaluza-supera-su-maximo-historico-con-161-millones-y-14615-beneficiarios-AI7219156&amp;ct=ga&amp;cd=CAEYASoTMTA3NDEzNTE2Mjk1NjE3MzExNjIZZDc4ZTU4NzVhMGYxZjJhYzplczplczpFUw&amp;usg=AFQjCNF7hjum8RkPgzlAwuzFJdWxyjd_WQ\"><br \/>\nLa Renta M\u00ednima\u00a0andaluza\u00a0\u00absupera su m\u00e1ximo hist\u00f3rico\u00bb con 16,1 millones y 14.615 beneficiarios<\/a>&#8211;\u00a0Diario Ja\u00e9n<a href=\"https:\/\/www.google.com\/url?rct=j&amp;sa=t&amp;url=https:\/\/www.eldiario.es\/eselmomentoccoo\/Tiempo-politica-mayusculas_6_1034206578.html&amp;ct=ga&amp;cd=CAEYACoTNDk0NDQ5OTU1OTAzMDcxNDkwMDIZZDc4ZTU4NzVhMGYxZjJhYzplczplczpFUw&amp;usg=AFQjCNHlL9qNOUc0DOhcYRyA6kQunDpWPA\"><br \/>\nTiempo de pol\u00edtica con may\u00fasculas<\/a>&#8211;\u00a0eldiario.es<strong>\u00a0<\/strong><\/p>\n<p><strong>Violencias<\/strong><\/p>\n<p><a href=\"https:\/\/cadiznoticias.es\/andalucia-tendra-por-primera-vez-un-protocolo-especifico-de-informacion-para-victimas-de-trata\/\">Andaluc\u00eda\u00a0tendr\u00e1 por primera vez un protocolo espec\u00edfico de informaci\u00f3n para v\u00edctimas de trata &#8230;<\/a>&#8211;\u00a0Cadiznoticias<\/p>\n<p><a href=\"https:\/\/diario16.com\/maria-jose-barrera-la-primera-violencia-hacia-las-putas-es-la-institucional\/\">Mar\u00eda Jos\u00e9 Barrera: \u00abLa primera violencia hacia las \u201cputas\u201d es institucional&#8230;<\/a>-Diario16<\/p>\n<p><a href=\"https:\/\/www.google.com\/url?rct=j&amp;sa=t&amp;url=http:\/\/www.teleprensa.com\/es\/nacional\/andalucia\/sevilla\/aumentan-en-67-las-altas-por-denuncias-en-el-sistema-viogen-en-la-segunda-mitad-de-mayo-hasta-las-466-de-media-diaria.html&amp;ct=ga&amp;cd=CAEYBCoTNTQ5NDI3Mzc3Mzg2NDkxOTAzNTIZZTFlNzdkMTU2MDk4YThlMzplczplczpFUw&amp;usg=AFQjCNEc8AVrMCl8NRohxFhfgLRlTJLZRA\">Aumentan en 6,7 las altas por denuncias en el Sistema VioGen en la segunda mitad de mayo &#8230;<\/a>&#8211;\u00a0Teleprensa peri\u00f3dico digital<\/p>\n<p><a href=\"https:\/\/www.google.com\/url?rct=j&amp;sa=t&amp;url=https:\/\/m.europapress.es\/andalucia\/noticia-repunte-significativo-jaen-denuncias-diarias-violencia-genero-segunda-quincena-mayo-20200601184203.html&amp;ct=ga&amp;cd=CAEYASoTNTQ5NDI3Mzc3Mzg2NDkxOTAzNTIZZTFlNzdkMTU2MDk4YThlMzplczplczpFUw&amp;usg=AFQjCNE-ABfB1stmK9SlOUhCGeP6r2Y-vQ\">Repunte \u00absignificativo\u00bb en Ja\u00e9n de las denuncias diarias por\u00a0violencia de g\u00e9nero\u00a0en la segunda &#8230;<\/a>&#8211;\u00a0Europa Press<strong>\u00a0<\/strong><\/p>\n<p><strong>Ciencia y Cultura<\/strong><a href=\"https:\/\/www.google.com\/url?rct=j&amp;sa=t&amp;url=https:\/\/www.20minutos.es\/noticia\/4277534\/0\/upo-reanuda-segunda-edicion-del-programa-univergem-a-partir-de-esta-semana-y-en-formato-on-line\/&amp;ct=ga&amp;cd=CAEYACoTOTQzMjU1MTIyNTM1OTYyOTM4MDIbOWFiMWNkZDdlMzY2ZWYzODplczplczpFUzpS&amp;usg=AFQjCNGmhArYIupfrapIO42f8rLz_Cxnpg\"><br \/>\nUPO reanuda segunda edici\u00f3n del programa Univergem a partir de esta semana y en formato &#8216;on &#8230;<\/a>&#8211;\u00a020minutos<a href=\"https:\/\/www.google.com\/url?rct=j&amp;sa=t&amp;url=https:\/\/andaluciainformacion.es\/andalucia\/901750\/una-exposicion-de-esculturas-para-el-regreso-de-la-fundacion-cajasol\/&amp;ct=ga&amp;cd=CAEYASoUMTAyNTM1MDY5MDQzMzQ0NDU3MzYyGWQ3OGU1ODc1YTBmMWYyYWM6ZXM6ZXM6RVM&amp;usg=AFQjCNH3-MDqDD0sdRZZsY1WGAI86jjq8A\"><br \/>\nUna exposicion de esculturas para el regreso de la Fundaci\u00f3n Cajasol<\/a>&#8211;\u00a0Andaluc\u00eda Informaci\u00f3n<\/p>\n<p><u><a href=\"https:\/\/www.axarquiaplus.es\/colores-de-mujer-nueva-exposicion-de-la-casa-de-la-cultura-de-frigiliana\/\">\u201dColores de\u00a0Mujer&#8217;, nueva exposici\u00f3n de la Casa de la Cultura &#8230;<\/a><\/u>&#8211;\u00a0Axarqu\u00edaPlus<\/p>\n<p><u><a href=\"https:\/\/www.diariosur.es\/culturas\/picasso-acaba-nunca-20200602135509-nt.html\">Picasso no se acaba nunca<\/a><\/u>&#8211;\u00a0Sur Digital<strong>\u00a0<\/strong><\/p>\n<p><strong>Deporte<\/strong><\/p>\n<p><u><a href=\"http:\/\/www.malagahoy.es\/deportes\/estepona-ascenso-liga-femenina-2_0_1470453160.html\">El Estepona asciende a Liga\u00a0Femenina\u00a02<\/a><\/u>&#8211;\u00a0M\u00e1laga Hoy<\/p>\n<p><u><a href=\"https:\/\/www.diariodecadiz.es\/deportes\/Deborah-Fernandez-Cadiz-CF-Virgili_0_1470153474.html\">D\u00e9borah Fern\u00e1ndez se despide como entrenadora del C\u00e1diz &#8230;<\/a><\/u>&#8211;\u00a0Diario de C\u00e1diz<\/p>\n<p>[\/toggle]<\/p>\n<p>[toggle type=\u00bbfirst\u00bb title=\u00bbEstado\u00bb]<\/p>\n<p><strong>Institucional<\/strong><\/p>\n<p><u><a href=\"https:\/\/www.mujeremprendedora.net\/agricultura-convoca-premios-excelencia-innovacion-mujeres-rurales\/\">Agricultura convoca los Premios de Excelencia a la Innovaci\u00f3n para Mujeres Rurales<\/a><\/u>\u2013 Mujeremprendedora.net<strong>\u00a0<\/strong><\/p>\n<p><strong>Institucional-CCAA<\/strong><\/p>\n<p><a href=\"https:\/\/www.google.com\/url?rct=j&amp;sa=t&amp;url=https:\/\/www.abc.es\/espana\/navarra\/abci-1060-mujeres-asistidas-maltrato-2019-202006021933_noticia.html&amp;ct=ga&amp;cd=CAEYASoTOTQzNTkxNDY5MTA1NTgxMzQ1OTIZYzAzNzJlYmMyZmVhZGE1OTplczplczpFUw&amp;usg=AFQjCNFP_pERSVZ3u2NI566DKZ68SuhlFA\">1.060\u00a0mujeres\u00a0asistidas por maltrato en 2019<\/a>&#8211;\u00a0Abc.es<\/p>\n<p><u><a href=\"https:\/\/www.eleconomista.es\/ecoaula\/noticias\/10579568\/06\/20\/Sarralle-adelanta-la-convocatoria-de-su-programa-de-becas-para-mujeres-que-comiencen-un-doble-grado-cientificotecnologico.html\">Sarralle adelanta la convocatoria de su programa de becas&#8230;<\/a><\/u>&#8211;\u00a0Ecodiario<\/p>\n<p><u><a href=\"https:\/\/www.elcomercio.es\/asturias\/benvenuty-ejemplo-evolucion-20200603000600-ntvo.html\">Benvenuty, \u00abejemplo de la evoluci\u00f3n de la presencia de la &#8230;<\/a><\/u>&#8211;\u00a0El Comercio Digital<\/p>\n<p><u><a href=\"https:\/\/www.lanzadigital.com\/provincia\/ciudad-real\/las-mujeres-son-la-columna-vertebral-de-la-sociedad-rural-y-estan-siendo-heroinas-durante-esta-pandemia\/\">\u00abLas\u00a0mujeres\u00a0son la columna vertebral de la sociedad rural y &#8230;<\/a><\/u>&#8211;\u00a0Lanza Digital<\/p>\n<p><u><a href=\"https:\/\/www.mujeremprendedora.net\/ruth-rodriguez-ascacibar-primera-mujer-frente-direccion-tecnica-bodegas-campillo\/\">Ruth Rodr\u00edguez Ascac\u00edbar, primera mujer al frente de la direcci\u00f3n t\u00e9cnica de Bodegas Campillo<\/a>\u00a0<\/u>\u2013 Mujeremprendedora.net<strong>\u00a0<\/strong><\/p>\n<p><strong>Econom\u00eda y Empresas<\/strong><\/p>\n<p><a href=\"https:\/\/www.eldiario.es\/economia\/CNMV-recomendacion-cotizadas-alcancen-mujeres_0_1033796852.html\">La CNMV aplaza dos a\u00f1os la recomendaci\u00f3n de que las cotizadas alcancen un 40% de consejeras<\/a>-eldiario.es<a href=\"https:\/\/www.google.com\/url?rct=j&amp;sa=t&amp;url=https:\/\/www.eleconomista.es\/castilla_y_leon\/noticias\/10579064\/06\/20\/Rocio-Hervella-Los-empresarios-familiares-sabemos-remangarnos-para-tirar-del-carro-y-preservar-el-empleo.html&amp;ct=ga&amp;cd=CAEYAioUMTU1NDg5ODY1MTgzMTgzMDQ3OTUyGWMwMzcyZWJjMmZlYWRhNTk6ZXM6ZXM6RVM&amp;usg=AFQjCNEDMn5y9Z_WO-74ZUGy7dMqUoqBxg\"><br \/>\nRoc\u00edo Hervella, CEO de Prosol: \u00abLos empresarios familiares sabemos remangarnos para tirar del carro y preservar &#8230;<\/a>&#8211;\u00a0elEconomista.es<\/p>\n<p><a href=\"https:\/\/amecopress.net\/La-economia-feminista-aterriza-en-la-Comision-de-Reconstruccion-del-Congreso\">La econom\u00eda feminista aterriza en la Comisi\u00f3n de Reconstrucci\u00f3n del Congreso \u2026<\/a>-Amecopress.net<\/p>\n<p><u><a href=\"https:\/\/www.interempresas.net\/Vitivinicola\/Articulos\/305781-Vino-y-Mujer-regresa-en-2020-con-multisede-y-un-jurado-integramente-femenino.html\">Vino y\u00a0Mujer\u00a0regresa en 2020 con multisede y un jurado &#8230;<\/a><\/u>&#8211;\u00a0Interempresas<\/p>\n<p><u><a href=\"https:\/\/www.eldiario.es\/economia\/Preparados-verano-teletrabajo-abrasador_0_1033797371.html\">Preparados para un verano de teletrabajo abrasador: \u00abNo tengo aire y me planteo mudarme\u00bb<\/a><\/u>-eldiario.es<strong>\u00a0<\/strong><\/p>\n<p><strong>Actualidad<\/strong><\/p>\n<p><u><a href=\"https:\/\/www.eldiario.es\/sociedad\/llegaremos-cuantas-muertes-directamente-COVID-19_0_1033797562.html\">Amparo Larrauri, epidomi\u00f3loga: \u201cNunca llegaremos a saber cu\u00e1ntas de las 43.000 muertes de m\u00e1s fueron directamente por COVID-19&#8243;<\/a><\/u>&#8211;<a href=\"http:\/\/eldiario.es\/\">eldiario.es<\/a><a href=\"https:\/\/www.google.com\/url?rct=j&amp;sa=t&amp;url=https:\/\/www.elespanol.com\/mujer\/salud-bienestar\/20200603\/peligro-tintes-alisadores-quimicos-aumentan-riesgo-sufrir\/494701015_0.html&amp;ct=ga&amp;cd=CAEYASoUMTA4MzAzNjQ4NTQ0NjA5NjEzNzMyGWMwMzcyZWJjMmZlYWRhNTk6ZXM6ZXM6RVM&amp;usg=AFQjCNEldbgysyYiQ8SXnllq49bYPGQe1g\"><br \/>\nEl peligro de los tintes y los alisadores qu\u00edmicos para el pelo: aumentan el riesgo de sufrir c\u00e1ncer<\/a>&#8211;\u00a0El Espa\u00f1ol<\/p>\n<p><u><a href=\"https:\/\/www.20minutos.es\/noticia\/4278929\/0\/concepcion-arenal-la-mujer-del-porvenir-resena\/\">Concepci\u00f3n Arenal y &#8216;La\u00a0mujer\u00a0del porvenir&#8217;<\/a>&#8211;<\/u>\u00a020minutos<\/p>\n<p><u><a href=\"https:\/\/www.mujeremprendedora.net\/conciliacion-asignatura-pendiente-obligacion-real-tras-crisis-covid-19\/\">Conciliaci\u00f3n: de asignatura pendiente a obligaci\u00f3n real tras la crisis del COVID-19<\/a><\/u>&#8211; Mujeremprendedora.net<\/p>\n<p><strong>Violencias<\/strong><\/p>\n<p><u><a href=\"https:\/\/www.google.com\/url?rct=j&amp;sa=t&amp;url=https:\/\/www.abogacia.es\/actualidad\/entrevistas\/10-preguntas-a\/cristina-colom-las-ayudas-a-victimas-de-violencia-de-genero-son-de-dificil-acceso-durante-el-estado-de-alarma\/&amp;ct=ga&amp;cd=CAEYACoTNDkyMzU4MTg1OTczNTc3MTExNzIZZTFlNzdkMTU2MDk4YThlMzplczplczpFUw&amp;usg=AFQjCNG3tzIme1gJvkROWd-nD93xgEMmbw\">Cristina Colom: \u201cLas ayudas a v\u00edctimas de\u00a0violencia de g\u00e9nero\u00a0son de dif\u00edcil acceso durante el&#8230;<\/a><\/u>&#8211;\u00a0Abogac\u00eda Espa\u00f1ola<strong>\u00a0<\/strong><\/p>\n<p><strong>Ciencia y Cultura<\/strong><\/p>\n<p><a href=\"https:\/\/www.eldiario.es\/sociedad\/Marina-Pollan-coordinadora-seroprevalencia-Espana_0_1033447590.html\">Marina Poll\u00e1n, directora del Centro Nacional de Epidemiolog\u00eda: \u201cNo es realista pensar que vayamos a tener la vacuna disponible antes de un a\u00f1o\u00bb<\/a>-eldiario.es<\/p>\n<p><a href=\"https:\/\/www.google.com\/url?rct=j&amp;sa=t&amp;url=https:\/\/www.20minutos.com.mx\/noticia\/857671\/0\/ana-caro-dramaturga-espanola-del-siglo-de-oro\/&amp;ct=ga&amp;cd=CAEYASoTNjYyNjU0OTg3NDE4ODk0NTY2MDIZYzAzNzJlYmMyZmVhZGE1OTplczplczpFUw&amp;usg=AFQjCNFeJ__JG7PVckifoU50N9eNsXUTRA\">Ana Caro, dramaturga espa\u00f1ola del siglo de oro<\/a>&#8211;\u00a020minutos.com.mx<\/p>\n<p><a href=\"https:\/\/www.google.com\/url?rct=j&amp;sa=t&amp;url=https:\/\/lasillarota.com\/lacaderadeeva\/15-peliculas-para-conocer-la-lucha-feminista-cine-feminista\/397864&amp;ct=ga&amp;cd=CAEYAioUMTE3OTI0NjQ4ODQ1NDgxMjQyMjYyGWMwMzcyZWJjMmZlYWRhNTk6ZXM6ZXM6RVM&amp;usg=AFQjCNE98SxWDAQo9nmqvn36fC7ymOZMXw\">15 pel\u00edculas para conocer la lucha feminista<\/a>\u00a0&#8211;\u00a0La Silla Rota<\/p>\n<p><a href=\"https:\/\/elpais.com\/verne\/2020\/06\/02\/mexico\/1591050185_063571.html\">\u2018La Llorona\u2019, una canci\u00f3n muy mexicana que ahora reinterpreta Rosal\u00eda<\/a>&#8211;\u00a0El Pa\u00eds<a href=\"https:\/\/www.google.com\/url?rct=j&amp;sa=t&amp;url=https:\/\/www.heraldo.es\/noticias\/aragon\/huesca\/2020\/06\/02\/el-instituto-cervantes-proyecta-gratis-en-su-web-cuatro-cortos-premiados-en-huesca-1378312.html&amp;ct=ga&amp;cd=CAEYACoTNDA1NjM1MDcwNTc0MDk1MDU2NTIZYzAzNzJlYmMyZmVhZGE1OTplczplczpFUw&amp;usg=AFQjCNFKCfwqAzUMcjdr_PK94NXj2aKuYw\"><br \/>\nEl\u00a0Instituto\u00a0Cervantes proyecta gratis en su web cuatro cortos premiados en Huesca<\/a>&#8211;\u00a0Heraldo.es<\/p>\n<p><u><a href=\"https:\/\/elpais.com\/espana\/madrid\/2020-06-02\/desnudas-o-expuestas-mujeres-ante-el-patriarcado.html\">Desnudas o expuestas:\u00a0mujeres\u00a0ante el patriarcado<\/a><\/u>&#8211;\u00a0El Pa\u00eds<strong>\u00a0<\/strong><\/p>\n<p><strong>Deporte<\/strong><\/p>\n<p><u><a href=\"https:\/\/www.estadiodeportivo.com\/noticias-deporte-provincial\/2020\/06\/02\/mujeres-toman-calle\/280968.html\">Las\u00a0mujeres\u00a0toman la calle<\/a>&#8211;\u00a0<\/u><a href=\"http:\/\/estadiodeportivo.com\/\">estadiodeportivo.com<\/a><\/p>\n<p><u><a href=\"https:\/\/elperiodigolf.madridiario.es\/444857\/el-dia-mundial-de-la-mujer-golfista-el-acceso-al-pga-tour-de-los-jugadores-de-la-ncaa-y-la-actualizacion-del-calendario-del-european-tour-analizados-en-el-golfiario\">El D\u00eda Mundial de la\u00a0Mujer\u00a0Golfista y el acceso al PGA Tour &#8230;<\/a><\/u>&#8211;\u00a0Madridiario<\/p>\n<p><u><a href=\"https:\/\/www.lavanguardia.com\/deportes\/20200603\/481585727505\/la-seleccion-femenina-disputara-cinco-partidos-oficiales-antes-de-fin-de-ano.html\">La selecci\u00f3n\u00a0femenina\u00a0disputar\u00e1 cinco partidos oficiales antes&#8230;<\/a><\/u>&#8211;\u00a0La Vanguardia<\/p>\n<p>[\/toggle]<\/p>\n<p>[toggle type=\u00bbfirst\u00bb title=\u00bbInternacional\u00bb]<\/p>\n<p><a href=\"https:\/\/elpais.com\/ideas\/2020-05-30\/el-metodo-merkel-asi-ha-liderado-la-canciller-alemana-europa.html\">El m\u00e9todo Merkel: as\u00ed ha liderado la canciller alemana Europa\u00a0\u00a0<\/a>&#8211; El Pa\u00eds<\/p>\n<p><u><a href=\"https:\/\/elpais.com\/cultura\/2020\/06\/02\/babelia\/1591088308_956034.html\">&#8216;Rodham&#8217;: \u00bfQu\u00e9 hubiera sido de Hillary sin Bill?<\/a>&#8211;<\/u>\u00a0El Pa\u00eds<\/p>\n<p><a href=\"https:\/\/www.google.com\/url?rct=j&amp;sa=t&amp;url=https:\/\/www.telam.com.ar\/notas\/202006\/471342-ni-una-menos--mujeres--cientifica-redes.html&amp;ct=ga&amp;cd=CAEYASoUMTA1MjI2NjY0NjAzMDMzMDYyNjEyGWMwMzcyZWJjMmZlYWRhNTk6ZXM6ZXM6RVM&amp;usg=AFQjCNGEhgPzszzXNPMXuUIdT-J8CCHMUQ\">Las cient\u00edficas se organizan en redes para lograr igualdad y denunciar las violencias<\/a><u>&#8211;<\/u>\u00a0T\u00e9lam<a href=\"https:\/\/www.google.com\/url?rct=j&amp;sa=t&amp;url=https:\/\/www.elespanol.com\/mujer\/mujeres-historia\/20200602\/sara-little-turbull-inventora-mascarilla-fpp2-sujetador\/494451469_0.html&amp;ct=ga&amp;cd=CAEYASoUMTA3NzI5ODIwMDM3MTM4NTU3MTYyGWMwMzcyZWJjMmZlYWRhNTk6ZXM6ZXM6RVM&amp;usg=AFQjCNGkuY4LO_GafyhXIih1jmG3yswXEA\"><br \/>\nSara Little Turbull, la inventora de la mascarilla FPP2 que se inspir\u00f3 en la copa de un sujetador<\/a>&#8211;\u00a0El Espa\u00f1ol<\/p>\n<p><a href=\"https:\/\/www.google.com\/url?rct=j&amp;sa=t&amp;url=https:\/\/www.bolsamania.com\/chile\/noticias\/sociedad\/chile--polemica-en-chile-por-una-campana-contra-la-violencia-de-genero-criticada-por-victimizar-al-agresor--7527899.html&amp;ct=ga&amp;cd=CAEYAyoTNjQyNDQ0NzA5NzgyNTY5NjAzNjIZYzAzNzJlYmMyZmVhZGE1OTplczplczpFUw&amp;usg=AFQjCNHk03JFmRg26j4uUxu6BZP01thRyQ\">Pol\u00e9mica en Chile por una campa\u00f1a contra la violencia de g\u00e9nero criticada por \u00abvictimizar &#8230;<\/a>&#8211;\u00a0Bolsamania.com<a href=\"https:\/\/www.google.com\/url?rct=j&amp;sa=t&amp;url=https:\/\/es-us.noticias.yahoo.com\/performances-reflexionar-situaci%25C3%25B3n-mujer-222531669.html&amp;ct=ga&amp;cd=CAEYAyoUMTEwMTExOTczMjE2ODM1NDkyMDQyGWMwMzcyZWJjMmZlYWRhNTk6ZXM6ZXM6RVM&amp;usg=AFQjCNEPqutHZtYj5VVlJBxAVpeKdW8bvQ\"><br \/>\nPerformances para reflexionar sobre la situaci\u00f3n de la\u00a0mujer<\/a>&#8211;\u00a0Yahoo Noticias<\/p>\n<p>[\/toggle]<\/p>\n<\/div>\n<\/div>\n<\/div>\n<\/div>\n<\/div>\n<\/div>\n","protected":false},"excerpt":{"rendered":"<p>La econom\u00eda feminista aterriza en la Comisi\u00f3n de Reconstrucci\u00f3n-Conciliaci\u00f3n: de <a href=\"https:\/\/cklcomunicaciones.es\/coop\/noticias-info-ckl-no-2-462-03-06-20\/\">[&#8230;]<\/a><\/p>\n","protected":false},"author":3,"featured_media":0,"comment_status":"closed","ping_status":"closed","sticky":false,"template":"","format":"standard","meta":{"footnotes":""},"categories":[298,623],"tags":[103,213,219],"class_list":["post-14981","post","type-post","status-publish","format-standard","hentry","category-newsletter","category-nwl-2-0","tag-ckl","tag-comunicacion-inclusiva","tag-perspectiva-de-genero"],"yoast_head":"<!-- This site is optimized with the Yoast SEO plugin v27.5 - https:\/\/yoast.com\/product\/yoast-seo-wordpress\/ -->\n<title>Noticias Info CKL n\u00ba 2.462-0306\/20-Comunicar con perspectiva de g\u00e9nero<\/title>\n<meta name=\"description\" content=\"Comunicar con perspectiva de g\u00e9nero: La econom\u00eda feminista aterriza en la Comisi\u00f3n de Reconstrucci\u00f3n-Conciliaci\u00f3n: de asignatura pendiente tras la COVID19\" \/>\n<meta name=\"robots\" content=\"index, follow, max-snippet:-1, max-image-preview:large, max-video-preview:-1\" \/>\n<link rel=\"canonical\" href=\"https:\/\/cklcomunicaciones.es\/coop\/noticias-info-ckl-no-2-462-03-06-20\/\" \/>\n<meta property=\"og:locale\" content=\"es_ES\" \/>\n<meta property=\"og:type\" content=\"article\" \/>\n<meta property=\"og:title\" content=\"Noticias Info CKL n\u00ba 2.462-0306\/20-Comunicar con perspectiva de g\u00e9nero\" \/>\n<meta property=\"og:description\" content=\"Comunicar con perspectiva de g\u00e9nero: La econom\u00eda feminista aterriza en la Comisi\u00f3n de Reconstrucci\u00f3n-Conciliaci\u00f3n: de asignatura pendiente tras la COVID19\" \/>\n<meta property=\"og:url\" content=\"https:\/\/cklcomunicaciones.es\/coop\/noticias-info-ckl-no-2-462-03-06-20\/\" \/>\n<meta property=\"og:site_name\" content=\"CKL Comunicaciones\" \/>\n<meta property=\"article:published_time\" content=\"2020-06-03T11:44:08+00:00\" \/>\n<meta property=\"article:modified_time\" content=\"2025-01-17T15:47:38+00:00\" \/>\n<meta property=\"og:image\" content=\"https:\/\/cklcomunicaciones.es\/coop\/wp-content\/uploads\/2018\/03\/CKL_comunicacion-con-perspetiva-de-genero.jpg\" \/>\n\t<meta property=\"og:image:width\" content=\"500\" \/>\n\t<meta property=\"og:image:height\" content=\"500\" \/>\n\t<meta property=\"og:image:type\" content=\"image\/jpeg\" \/>\n<meta name=\"author\" content=\"ckl\" \/>\n<meta name=\"twitter:card\" content=\"summary_large_image\" \/>\n<meta name=\"twitter:label1\" content=\"Escrito por\" \/>\n\t<meta name=\"twitter:data1\" content=\"ckl\" \/>\n\t<meta name=\"twitter:label2\" content=\"Tiempo de lectura\" \/>\n\t<meta name=\"twitter:data2\" content=\"5 minutos\" \/>\n<script type=\"application\/ld+json\" class=\"yoast-schema-graph\">{\"@context\":\"https:\\\/\\\/schema.org\",\"@graph\":[{\"@type\":\"Article\",\"@id\":\"https:\\\/\\\/cklcomunicaciones.es\\\/coop\\\/noticias-info-ckl-no-2-462-03-06-20\\\/#article\",\"isPartOf\":{\"@id\":\"https:\\\/\\\/cklcomunicaciones.es\\\/coop\\\/noticias-info-ckl-no-2-462-03-06-20\\\/\"},\"author\":{\"name\":\"ckl\",\"@id\":\"https:\\\/\\\/cklcomunicaciones.es\\\/coop\\\/#\\\/schema\\\/person\\\/929a6837f7626450bbb50cee1aef266e\"},\"headline\":\"Noticias Info CKL n\u00ba 2.462-03\\\/06\\\/20\",\"datePublished\":\"2020-06-03T11:44:08+00:00\",\"dateModified\":\"2025-01-17T15:47:38+00:00\",\"mainEntityOfPage\":{\"@id\":\"https:\\\/\\\/cklcomunicaciones.es\\\/coop\\\/noticias-info-ckl-no-2-462-03-06-20\\\/\"},\"wordCount\":1037,\"image\":{\"@id\":\"https:\\\/\\\/cklcomunicaciones.es\\\/coop\\\/noticias-info-ckl-no-2-462-03-06-20\\\/#primaryimage\"},\"thumbnailUrl\":\"http:\\\/\\\/www.cklcomunicaciones.es\\\/wp-content\\\/uploads\\\/2018\\\/03\\\/CKL_comunicacion-con-perspetiva-de-genero-300x300.jpg\",\"keywords\":[\"CKL\",\"comunicaci\u00f3n inclusiva\",\"perspectiva de g\u00e9nero\"],\"articleSection\":[\"Newsletter\",\"Nwl v2.0\"],\"inLanguage\":\"es\"},{\"@type\":\"WebPage\",\"@id\":\"https:\\\/\\\/cklcomunicaciones.es\\\/coop\\\/noticias-info-ckl-no-2-462-03-06-20\\\/\",\"url\":\"https:\\\/\\\/cklcomunicaciones.es\\\/coop\\\/noticias-info-ckl-no-2-462-03-06-20\\\/\",\"name\":\"Noticias Info CKL n\u00ba 2.462-0306\\\/20-Comunicar con perspectiva de g\u00e9nero\",\"isPartOf\":{\"@id\":\"https:\\\/\\\/cklcomunicaciones.es\\\/coop\\\/#website\"},\"primaryImageOfPage\":{\"@id\":\"https:\\\/\\\/cklcomunicaciones.es\\\/coop\\\/noticias-info-ckl-no-2-462-03-06-20\\\/#primaryimage\"},\"image\":{\"@id\":\"https:\\\/\\\/cklcomunicaciones.es\\\/coop\\\/noticias-info-ckl-no-2-462-03-06-20\\\/#primaryimage\"},\"thumbnailUrl\":\"http:\\\/\\\/www.cklcomunicaciones.es\\\/wp-content\\\/uploads\\\/2018\\\/03\\\/CKL_comunicacion-con-perspetiva-de-genero-300x300.jpg\",\"datePublished\":\"2020-06-03T11:44:08+00:00\",\"dateModified\":\"2025-01-17T15:47:38+00:00\",\"author\":{\"@id\":\"https:\\\/\\\/cklcomunicaciones.es\\\/coop\\\/#\\\/schema\\\/person\\\/929a6837f7626450bbb50cee1aef266e\"},\"description\":\"Comunicar con perspectiva de g\u00e9nero: La econom\u00eda feminista aterriza en la Comisi\u00f3n de Reconstrucci\u00f3n-Conciliaci\u00f3n: de asignatura pendiente tras la COVID19\",\"breadcrumb\":{\"@id\":\"https:\\\/\\\/cklcomunicaciones.es\\\/coop\\\/noticias-info-ckl-no-2-462-03-06-20\\\/#breadcrumb\"},\"inLanguage\":\"es\",\"potentialAction\":[{\"@type\":\"ReadAction\",\"target\":[\"https:\\\/\\\/cklcomunicaciones.es\\\/coop\\\/noticias-info-ckl-no-2-462-03-06-20\\\/\"]}]},{\"@type\":\"ImageObject\",\"inLanguage\":\"es\",\"@id\":\"https:\\\/\\\/cklcomunicaciones.es\\\/coop\\\/noticias-info-ckl-no-2-462-03-06-20\\\/#primaryimage\",\"url\":\"http:\\\/\\\/www.cklcomunicaciones.es\\\/wp-content\\\/uploads\\\/2018\\\/03\\\/CKL_comunicacion-con-perspetiva-de-genero-300x300.jpg\",\"contentUrl\":\"http:\\\/\\\/www.cklcomunicaciones.es\\\/wp-content\\\/uploads\\\/2018\\\/03\\\/CKL_comunicacion-con-perspetiva-de-genero-300x300.jpg\"},{\"@type\":\"BreadcrumbList\",\"@id\":\"https:\\\/\\\/cklcomunicaciones.es\\\/coop\\\/noticias-info-ckl-no-2-462-03-06-20\\\/#breadcrumb\",\"itemListElement\":[{\"@type\":\"ListItem\",\"position\":1,\"name\":\"Portada\",\"item\":\"https:\\\/\\\/cklcomunicaciones.es\\\/coop\\\/\"},{\"@type\":\"ListItem\",\"position\":2,\"name\":\"Noticias Info CKL n\u00ba 2.462-03\\\/06\\\/20\"}]},{\"@type\":\"WebSite\",\"@id\":\"https:\\\/\\\/cklcomunicaciones.es\\\/coop\\\/#website\",\"url\":\"https:\\\/\\\/cklcomunicaciones.es\\\/coop\\\/\",\"name\":\"CKL Comunicaciones\",\"description\":\"Sitio web de CKL Comunicaciones coop , la consultora de comunicaci\u00f3n y estrategia\",\"potentialAction\":[{\"@type\":\"SearchAction\",\"target\":{\"@type\":\"EntryPoint\",\"urlTemplate\":\"https:\\\/\\\/cklcomunicaciones.es\\\/coop\\\/?s={search_term_string}\"},\"query-input\":{\"@type\":\"PropertyValueSpecification\",\"valueRequired\":true,\"valueName\":\"search_term_string\"}}],\"inLanguage\":\"es\"},{\"@type\":\"Person\",\"@id\":\"https:\\\/\\\/cklcomunicaciones.es\\\/coop\\\/#\\\/schema\\\/person\\\/929a6837f7626450bbb50cee1aef266e\",\"name\":\"ckl\",\"image\":{\"@type\":\"ImageObject\",\"inLanguage\":\"es\",\"@id\":\"https:\\\/\\\/secure.gravatar.com\\\/avatar\\\/c82db564e8a669bf6023357a157b9dc4780f4d4c618f2ad1d71a6a5dede45057?s=96&d=mm&r=g\",\"url\":\"https:\\\/\\\/secure.gravatar.com\\\/avatar\\\/c82db564e8a669bf6023357a157b9dc4780f4d4c618f2ad1d71a6a5dede45057?s=96&d=mm&r=g\",\"contentUrl\":\"https:\\\/\\\/secure.gravatar.com\\\/avatar\\\/c82db564e8a669bf6023357a157b9dc4780f4d4c618f2ad1d71a6a5dede45057?s=96&d=mm&r=g\",\"caption\":\"ckl\"},\"url\":\"https:\\\/\\\/cklcomunicaciones.es\\\/coop\\\/author\\\/cklcomunicaciones\\\/\"}]}<\/script>\n<!-- \/ Yoast SEO plugin. -->","yoast_head_json":{"title":"Noticias Info CKL n\u00ba 2.462-0306\/20-Comunicar con perspectiva de g\u00e9nero","description":"Comunicar con perspectiva de g\u00e9nero: La econom\u00eda feminista aterriza en la Comisi\u00f3n de Reconstrucci\u00f3n-Conciliaci\u00f3n: de asignatura pendiente tras la COVID19","robots":{"index":"index","follow":"follow","max-snippet":"max-snippet:-1","max-image-preview":"max-image-preview:large","max-video-preview":"max-video-preview:-1"},"canonical":"https:\/\/cklcomunicaciones.es\/coop\/noticias-info-ckl-no-2-462-03-06-20\/","og_locale":"es_ES","og_type":"article","og_title":"Noticias Info CKL n\u00ba 2.462-0306\/20-Comunicar con perspectiva de g\u00e9nero","og_description":"Comunicar con perspectiva de g\u00e9nero: La econom\u00eda feminista aterriza en la Comisi\u00f3n de Reconstrucci\u00f3n-Conciliaci\u00f3n: de asignatura pendiente tras la COVID19","og_url":"https:\/\/cklcomunicaciones.es\/coop\/noticias-info-ckl-no-2-462-03-06-20\/","og_site_name":"CKL Comunicaciones","article_published_time":"2020-06-03T11:44:08+00:00","article_modified_time":"2025-01-17T15:47:38+00:00","og_image":[{"width":500,"height":500,"url":"https:\/\/cklcomunicaciones.es\/coop\/wp-content\/uploads\/2018\/03\/CKL_comunicacion-con-perspetiva-de-genero.jpg","type":"image\/jpeg"}],"author":"ckl","twitter_card":"summary_large_image","twitter_misc":{"Escrito por":"ckl","Tiempo de lectura":"5 minutos"},"schema":{"@context":"https:\/\/schema.org","@graph":[{"@type":"Article","@id":"https:\/\/cklcomunicaciones.es\/coop\/noticias-info-ckl-no-2-462-03-06-20\/#article","isPartOf":{"@id":"https:\/\/cklcomunicaciones.es\/coop\/noticias-info-ckl-no-2-462-03-06-20\/"},"author":{"name":"ckl","@id":"https:\/\/cklcomunicaciones.es\/coop\/#\/schema\/person\/929a6837f7626450bbb50cee1aef266e"},"headline":"Noticias Info CKL n\u00ba 2.462-03\/06\/20","datePublished":"2020-06-03T11:44:08+00:00","dateModified":"2025-01-17T15:47:38+00:00","mainEntityOfPage":{"@id":"https:\/\/cklcomunicaciones.es\/coop\/noticias-info-ckl-no-2-462-03-06-20\/"},"wordCount":1037,"image":{"@id":"https:\/\/cklcomunicaciones.es\/coop\/noticias-info-ckl-no-2-462-03-06-20\/#primaryimage"},"thumbnailUrl":"http:\/\/www.cklcomunicaciones.es\/wp-content\/uploads\/2018\/03\/CKL_comunicacion-con-perspetiva-de-genero-300x300.jpg","keywords":["CKL","comunicaci\u00f3n inclusiva","perspectiva de g\u00e9nero"],"articleSection":["Newsletter","Nwl v2.0"],"inLanguage":"es"},{"@type":"WebPage","@id":"https:\/\/cklcomunicaciones.es\/coop\/noticias-info-ckl-no-2-462-03-06-20\/","url":"https:\/\/cklcomunicaciones.es\/coop\/noticias-info-ckl-no-2-462-03-06-20\/","name":"Noticias Info CKL n\u00ba 2.462-0306\/20-Comunicar con perspectiva de g\u00e9nero","isPartOf":{"@id":"https:\/\/cklcomunicaciones.es\/coop\/#website"},"primaryImageOfPage":{"@id":"https:\/\/cklcomunicaciones.es\/coop\/noticias-info-ckl-no-2-462-03-06-20\/#primaryimage"},"image":{"@id":"https:\/\/cklcomunicaciones.es\/coop\/noticias-info-ckl-no-2-462-03-06-20\/#primaryimage"},"thumbnailUrl":"http:\/\/www.cklcomunicaciones.es\/wp-content\/uploads\/2018\/03\/CKL_comunicacion-con-perspetiva-de-genero-300x300.jpg","datePublished":"2020-06-03T11:44:08+00:00","dateModified":"2025-01-17T15:47:38+00:00","author":{"@id":"https:\/\/cklcomunicaciones.es\/coop\/#\/schema\/person\/929a6837f7626450bbb50cee1aef266e"},"description":"Comunicar con perspectiva de g\u00e9nero: La econom\u00eda feminista aterriza en la Comisi\u00f3n de Reconstrucci\u00f3n-Conciliaci\u00f3n: de asignatura pendiente tras la COVID19","breadcrumb":{"@id":"https:\/\/cklcomunicaciones.es\/coop\/noticias-info-ckl-no-2-462-03-06-20\/#breadcrumb"},"inLanguage":"es","potentialAction":[{"@type":"ReadAction","target":["https:\/\/cklcomunicaciones.es\/coop\/noticias-info-ckl-no-2-462-03-06-20\/"]}]},{"@type":"ImageObject","inLanguage":"es","@id":"https:\/\/cklcomunicaciones.es\/coop\/noticias-info-ckl-no-2-462-03-06-20\/#primaryimage","url":"http:\/\/www.cklcomunicaciones.es\/wp-content\/uploads\/2018\/03\/CKL_comunicacion-con-perspetiva-de-genero-300x300.jpg","contentUrl":"http:\/\/www.cklcomunicaciones.es\/wp-content\/uploads\/2018\/03\/CKL_comunicacion-con-perspetiva-de-genero-300x300.jpg"},{"@type":"BreadcrumbList","@id":"https:\/\/cklcomunicaciones.es\/coop\/noticias-info-ckl-no-2-462-03-06-20\/#breadcrumb","itemListElement":[{"@type":"ListItem","position":1,"name":"Portada","item":"https:\/\/cklcomunicaciones.es\/coop\/"},{"@type":"ListItem","position":2,"name":"Noticias Info CKL n\u00ba 2.462-03\/06\/20"}]},{"@type":"WebSite","@id":"https:\/\/cklcomunicaciones.es\/coop\/#website","url":"https:\/\/cklcomunicaciones.es\/coop\/","name":"CKL Comunicaciones","description":"Sitio web de CKL Comunicaciones coop , la consultora de comunicaci\u00f3n y estrategia","potentialAction":[{"@type":"SearchAction","target":{"@type":"EntryPoint","urlTemplate":"https:\/\/cklcomunicaciones.es\/coop\/?s={search_term_string}"},"query-input":{"@type":"PropertyValueSpecification","valueRequired":true,"valueName":"search_term_string"}}],"inLanguage":"es"},{"@type":"Person","@id":"https:\/\/cklcomunicaciones.es\/coop\/#\/schema\/person\/929a6837f7626450bbb50cee1aef266e","name":"ckl","image":{"@type":"ImageObject","inLanguage":"es","@id":"https:\/\/secure.gravatar.com\/avatar\/c82db564e8a669bf6023357a157b9dc4780f4d4c618f2ad1d71a6a5dede45057?s=96&d=mm&r=g","url":"https:\/\/secure.gravatar.com\/avatar\/c82db564e8a669bf6023357a157b9dc4780f4d4c618f2ad1d71a6a5dede45057?s=96&d=mm&r=g","contentUrl":"https:\/\/secure.gravatar.com\/avatar\/c82db564e8a669bf6023357a157b9dc4780f4d4c618f2ad1d71a6a5dede45057?s=96&d=mm&r=g","caption":"ckl"},"url":"https:\/\/cklcomunicaciones.es\/coop\/author\/cklcomunicaciones\/"}]}},"_links":{"self":[{"href":"https:\/\/cklcomunicaciones.es\/coop\/wp-json\/wp\/v2\/posts\/14981","targetHints":{"allow":["GET"]}}],"collection":[{"href":"https:\/\/cklcomunicaciones.es\/coop\/wp-json\/wp\/v2\/posts"}],"about":[{"href":"https:\/\/cklcomunicaciones.es\/coop\/wp-json\/wp\/v2\/types\/post"}],"author":[{"embeddable":true,"href":"https:\/\/cklcomunicaciones.es\/coop\/wp-json\/wp\/v2\/users\/3"}],"replies":[{"embeddable":true,"href":"https:\/\/cklcomunicaciones.es\/coop\/wp-json\/wp\/v2\/comments?post=14981"}],"version-history":[{"count":0,"href":"https:\/\/cklcomunicaciones.es\/coop\/wp-json\/wp\/v2\/posts\/14981\/revisions"}],"wp:attachment":[{"href":"https:\/\/cklcomunicaciones.es\/coop\/wp-json\/wp\/v2\/media?parent=14981"}],"wp:term":[{"taxonomy":"category","embeddable":true,"href":"https:\/\/cklcomunicaciones.es\/coop\/wp-json\/wp\/v2\/categories?post=14981"},{"taxonomy":"post_tag","embeddable":true,"href":"https:\/\/cklcomunicaciones.es\/coop\/wp-json\/wp\/v2\/tags?post=14981"}],"curies":[{"name":"wp","href":"https:\/\/api.w.org\/{rel}","templated":true}]}}