{"id":14978,"date":"2020-06-01T14:57:28","date_gmt":"2020-06-01T12:57:28","guid":{"rendered":"http:\/\/www.cklcomunicaciones.es\/?p=14978"},"modified":"2025-01-17T16:47:38","modified_gmt":"2025-01-17T15:47:38","slug":"noticias-info-ckl-no-2-461-01-06-20","status":"publish","type":"post","link":"https:\/\/cklcomunicaciones.es\/coop\/noticias-info-ckl-no-2-461-01-06-20\/","title":{"rendered":"Noticias Info CKL n\u00ba 2.461-01\/06\/20"},"content":{"rendered":"<div id=\"pl-14978\"  class=\"panel-layout\" >\n<div id=\"pg-14978-0\"  class=\"panel-grid panel-no-style\"  data-style=\"{&quot;background_image_attachment&quot;:false,&quot;background_display&quot;:&quot;tile&quot;,&quot;cell_alignment&quot;:&quot;flex-start&quot;}\" >\n<div id=\"pgc-14978-0-0\"  class=\"panel-grid-cell\"  data-weight=\"1\" >\n<div id=\"panel-14978-0-0-0\" class=\"so-panel widget widget_sow-editor panel-first-child panel-last-child\" data-index=\"0\" data-style=\"{&quot;background_image_attachment&quot;:false,&quot;background_display&quot;:&quot;tile&quot;}\" >\n<div class=\"so-widget-sow-editor so-widget-sow-editor-base\">\n<div class=\"siteorigin-widget-tinymce textwidget\">\n<p><img decoding=\"async\" class=\"lazyload  wp-image-13726\" src=\"http:\/\/www.cklcomunicaciones.es\/wp-content\/uploads\/2018\/03\/CKL_comunicacion-con-perspetiva-de-genero-300x300.jpg\" data-orig-src=\"http:\/\/www.cklcomunicaciones.es\/wp-content\/uploads\/2018\/03\/CKL_comunicacion-con-perspetiva-de-genero-300x300.jpg\" alt=\"CKL_comunicacion con perspetiva de genero\" width=\"132\" height=\"132\" srcset=\"data:image\/svg+xml,%3Csvg%20xmlns%3D%27http%3A%2F%2Fwww.w3.org%2F2000%2Fsvg%27%20width%3D%27132%27%20height%3D%27132%27%20viewBox%3D%270%200%20132%20132%27%3E%3Crect%20width%3D%27132%27%20height%3D%27132%27%20fill-opacity%3D%220%22%2F%3E%3C%2Fsvg%3E\" data-srcset=\"https:\/\/cklcomunicaciones.es\/coop\/wp-content\/uploads\/2018\/03\/CKL_comunicacion-con-perspetiva-de-genero-150x150.jpg 150w, https:\/\/cklcomunicaciones.es\/coop\/wp-content\/uploads\/2018\/03\/CKL_comunicacion-con-perspetiva-de-genero-300x300.jpg 300w, https:\/\/cklcomunicaciones.es\/coop\/wp-content\/uploads\/2018\/03\/CKL_comunicacion-con-perspetiva-de-genero-450x450.jpg 450w, https:\/\/cklcomunicaciones.es\/coop\/wp-content\/uploads\/2018\/03\/CKL_comunicacion-con-perspetiva-de-genero.jpg 500w\" data-sizes=\"auto\" data-orig-sizes=\"(max-width: 132px) 100vw, 132px\" \/><\/p>\n<p id=\":ebe\" class=\"hP\" tabindex=\"-1\" data-thread-perm-id=\"thread-f:1668300983100721429\" data-legacy-thread-id=\"1726fee7b4274915\"><strong>La jurista Cani Fern\u00e1ndez propuesta como presidenta de la CNMC-Teletrabajo\/vio<wbr><\/wbr>lencia de g\u00e9nero: el nuevo riesgo laboral que trajo la COVID19-M\u00aa \u00c1ngeles Dur\u00e1n: \u201cDe esta crisis nos est\u00e1n salvando los hogares otra vez<\/strong><\/p>\n<p>[toggle type=\u00bbfirst\u00bb title=\u00bbConvocatorias\u00bb]<\/p>\n<ul>\n<li><a href=\"https:\/\/www.easp.es\/jornada-duelo-gestacional\/#cb\">Jornada sobre Duelo Gestacional y Neonatal<\/a>. Escuela Andaluza de Salud P\u00fablica. 2 de junio de 2020<\/li>\n<li><a href=\"https:\/\/docs.google.com\/forms\/d\/e\/1FAIpQLSdf8Yp5iO6Ylo7vCkIeW2xdWfoMzWB3nUYlH-7OxCb2QoCWyQ\/viewform\">Tertulia &#8216;\u00bfHan llegado los discursos feministas a la series de televisi\u00f3n?&#8217;<\/a>.\u00a0Cl\u00e1sicas y Modernas. 4 de junio de 2020, 18 h.<\/li>\n<li><a href=\"https:\/\/www.easp.es\/en-el-ano-internacional-de-la-enfermeria-hablemos-de-cuidados\/#6\">Encuentro &#8216;Una mirada de g\u00e9nero al cuidado, y a la profesi\u00f3n de enfermera&#8217;<\/a>.\u00a0Escuela Andaluza de Salud P\u00fablica.\u00a04\u00a0de junio de 2020<\/li>\n<li><a href=\"http:\/\/www.aulamagna.com.es\/la-upo-abre-la-convocatoria-del-vi-premio-de-investigacion-rosario-valpuesta\/\">VI\u00a0Premio de Investigaci\u00f3n Rosario Valpuesta<\/a>.\u00a0Movimiento Carmona por la Feminizaci\u00f3n del Derecho Privado; colaboran\u00a0Facultad de Derecho de la Universidad Pablo de Olavide, Diputaci\u00f3n de Sevilla, Fundaci\u00f3n Cajasol y Tirant lo Blanch.\u00a0Plazo hasta el\u00a013 de noviembre de 2020<\/li>\n<li><a href=\"https:\/\/perifericas.es\/collections\/cursos\/products\/historia-del-feminismo-en-europa-i-las-raices-preilustradas-e-ilustradas\">Curso &#8216;Historia del feminismo en Europa I. Las ra\u00edces: preilustradas e ilustradas&#8217;<\/a>. Perif\u00e9ricas, Escuela de Feminismos Alternativos. 120 h.<\/li>\n<li><a href=\"https:\/\/www.easp.es\/cursos\/?idCurso=507P01NA20#cb\">Curso &#8216;Pr\u00e1cticas de autocuidado en tiempos de pandemia&#8217;<\/a>.\u00a0Esc. Andaluza de Salud P\u00fablica.\u00a015 de junio al 20 de julio de 2020, inscripci\u00f3n hasta 3\u00a0de junio<\/li>\n<li><a href=\"https:\/\/www.easp.ws\/diplogenero20cb\">Diploma de Especializaci\u00f3n en G\u00e9nero y Salud, Servicios Sanitarios y Sociales (13\u00aa edici\u00f3n)<\/a>. Escuela Andaluza de Salud P\u00fablica. Del 26 de octubre de 2020 al 30 de septiembre de 2021,\u00a0inscripci\u00f3n hasta el 28 de septiembre<\/li>\n<\/ul>\n<p>[\/toggle]<\/p>\n<p>[toggle type=\u00bbfirst\u00bb title=\u00bbComunicaci\u00f3n\u00bb]<\/p>\n<p><a href=\"https:\/\/www.adncultura.org\/entrega-hay-festival-medalla-al-periodismo-2020-lydia-cacho\">Entrega Hay Festival, Medalla al\u00a0Periodismo\u00a02020 a Lydia Cacho &#8230;<\/a>&#8211;\u00a0ADN Cultura<\/p>\n<p><a href=\"https:\/\/es.globalvoices.org\/2020\/06\/01\/ser-mujer-y-periodista-en-uganda-conlleva-una-doble-carga-ciberataques-y-acoso\/\">Ser\u00a0mujer\u00a0y periodista en Uganda conlleva una \u201cdoble carga &#8230;<\/a>&#8211;\u00a0Global Voices en espa\u00f1ol<\/p>\n<p><a href=\"https:\/\/www.google.com\/url?rct=j&amp;sa=t&amp;url=https:\/\/observatorio.tec.mx\/edu-news\/mujeres-carreras-stem&amp;ct=ga&amp;cd=CAEYACoTODQyNTU3NjI4ODgzMzE0MTM4NjIZYzAzNzJlYmMyZmVhZGE1OTplczplczpFUw&amp;usg=AFQjCNGUCqlNMaICaOslITBxz_3s0b4RdQ\">\u00bfC\u00f3mo incrementar el n\u00famero de\u00a0mujeres en\u00a0carreras STEM?<\/a>&#8211;\u00a0Observatorio de Innovaci\u00f3n Educativa del Tecnol\u00f3gico de Monterrey<\/p>\n<p><a href=\"https:\/\/www.burgosconecta.es\/burgos\/universidad\/ganan-partida-20200530134831-nt.html\">Ellas ganan la partida<\/a>&#8211;\u00a0BurgosConecta.es<\/p>\n<p>[\/toggle]<\/p>\n<p>[toggle type=\u00bbfirst\u00bb title=\u00bbAndaluc\u00eda\u00bb]<\/p>\n<p><strong>Institucional<\/strong><a href=\"https:\/\/www.google.com\/url?rct=j&amp;sa=t&amp;url=https:\/\/www.diariosur.es\/andalucia\/rocio-ruiz-ingreso-20200531000811-nt.html&amp;ct=ga&amp;cd=CAEYACoTNzA2NTkxNTMzODA1NTQ5NTc5MDIbOWFiMWNkZDdlMzY2ZWYzODplczplczpFUzpS&amp;usg=AFQjCNHtQP6ccgFhhMf_O-lTu6sKs7djhg\"><br \/>\nRoc\u00edo Ruiz, Consejera de Igualdad: \u00abEl Ingreso M\u00ednimo Vital debe estar vinculado a la inserci\u00f3n laboral\u00bb<\/a>&#8211;\u00a0Sur Digital<strong>\u00a0<\/strong><\/p>\n<p><strong>Econom\u00eda y Empresas<\/strong><\/p>\n<p><a href=\"https:\/\/www.google.com\/url?rct=j&amp;sa=t&amp;url=https:\/\/www.europapress.es\/andalucia\/noticia-rocio-blanco-preve-tasa-paro-andalucia-rondara-30-recuperacion-no-sera-inmediata-20200601120012.html&amp;ct=ga&amp;cd=CAEYASoUMTU1MDc4MTU4NjUwMjg1OTgxMDgyGWQ3OGU1ODc1YTBmMWYyYWM6ZXM6ZXM6RVM&amp;usg=AFQjCNHfaWxHO3sSk2TYl7xxv1QVRinoCQ\">Roc\u00edo Blanco prev\u00e9 que la tasa de paro en\u00a0Andaluc\u00eda\u00a0rondar\u00e1 el 30% con una recuperaci\u00f3n que &#8230;<\/a>&#8211;\u00a0Europa Press<\/p>\n<p><a href=\"https:\/\/www.mujeremprendedora.net\/patro-contreras-coviran-trabaja-mejora-calidad-surtido\/\">Patro Contreras, Presidenta de Covir\u00e1n: \u201cCovir\u00e1n trabaja en la mejora de la calidad del surtido\u201d<\/a>-Mujeremprendedora.net<a href=\"https:\/\/www.google.com\/url?rct=j&amp;sa=t&amp;url=https:\/\/m.europapress.es\/andalucia\/noticia-junta-abre-septiembre-primera-convocatoria-programa-emprendimiento-startup-andalucia-roadshow-20200529152433.html&amp;ct=ga&amp;cd=CAEYACoUMTQ2NjE1MzM4ODYwODU5MDEyNDIyGWQ3OGU1ODc1YTBmMWYyYWM6ZXM6ZXM6RVM&amp;usg=AFQjCNF7W3o_rToxBGdewfUqK8HZGwIjcw\"><br \/>\nJunta abre en septiembre la primera convocatoria del programa de emprendimiento &#8216;Startup &#8230;<\/a>&#8211;\u00a0Europa Press<\/p>\n<p><strong>Actualidad<\/strong><\/p>\n<p><a href=\"http:\/\/www.juntadeandalucia.es\/presidencia\/portavoz\/152119\/IAM\/Mujer\/Salud\/Estudio\/CuadernosparalasaluddelasMujeres\">El coste de los cuidados en las mujeres: peor salud, menos ocio y mayor riesgo de pobreza<\/a>\u00a0\u2013Oficina del Portavoz<a href=\"https:\/\/www.google.com\/url?rct=j&amp;sa=t&amp;url=https:\/\/www.cordobabn.com\/articulo\/andalucia\/instituto-andaluz-mujer\/20200601112601047703.html&amp;ct=ga&amp;cd=CAEYACoUMTI3NDczNzE0NTUxNjg1NjkxNjgyGWMwMzcyZWJjMmZlYWRhNTk6ZXM6ZXM6RVM&amp;usg=AFQjCNEjKzXfAuzxoZ-yj1J-B2hBkcqy5A\"><br \/>\nEl\u00a0Instituto\u00a0Andaluz de la\u00a0Mujer\u00a0trabaja para mejorar la conciliaci\u00f3n durante el Covid-19<\/a>&#8211;\u00a0C\u00f3rdoba Buenas Noticias<strong>\u00a0<\/strong><\/p>\n<p><strong>Violencias<\/strong><\/p>\n<p><a href=\"https:\/\/www.europapress.es\/andalucia\/cordoba-unica-01012\/noticia-diputacion-cordoba-estrena-segundo-capitulo-mujeres-pie-dedicado-personas-mayores-20200529131415.html\">La Diputaci\u00f3n de C\u00f3rdoba estrena el segundo cap\u00edtulo &#8230;<\/a>&#8211;\u00a0Europa Press<strong>\u00a0<\/strong><\/p>\n<p><strong>Ciencia y Cultura<\/strong><\/p>\n<p><a href=\"https:\/\/www.google.com\/url?rct=j&amp;sa=t&amp;url=https:\/\/www.ideal.es\/culturas\/ciencia-salud\/divulgadores-granada-quijotes-ciencia-cunadismo-whatsapp-20200531135035-nt.html&amp;ct=ga&amp;cd=CAEYASoUMTQ4NjY3MzQxNTkwNDI2NDY0NDYyGWMwMzcyZWJjMmZlYWRhNTk6ZXM6ZXM6RVM&amp;usg=AFQjCNHwNIfbAvKl_CSp_BL5J2DB6dRNhg\">Divulgadores de Granada: Quijotes de la ciencia contra el cu\u00f1adismo de Whatsapp<\/a>&#8211;\u00a0Ideal Digital<\/p>\n<p><a href=\"http:\/\/www.juntadeandalucia.es\/presidencia\/portavoz\/152165\/Cultura\/PatriciadelPozo\/C3A\/CentrodeCreacionContemporanea\/Covid19\">Cultura retoma la actividad en el Centro de Creaci\u00f3n Contempor\u00e1nea de Andaluc\u00eda con cinco exposiciones<\/a>\u2013Oficina del Portavoz<\/p>\n<p><a href=\"https:\/\/www.diariodejerez.es\/jerez\/La-cultura-vinos-Jerez_0_1469253367.html\">La\u00a0cultura\u00a0de los vinos de Jerez<\/a>&#8211;\u00a0Diario de Jerez<strong>\u00a0<\/strong><\/p>\n<p><strong>Deporte<\/strong><\/p>\n<p><a href=\"https:\/\/www.diariosur.es\/deportes\/mas-deportes\/meteorico-ascenso-grupo-20200530185908-nt.html\">El mete\u00f3rico ascenso de un grupo de desconocidas<\/a>&#8211;\u00a0Sur Digital<\/p>\n<p><a href=\"https:\/\/sevilla.abc.es\/andalucia\/cordoba\/cordoba-cf\/sevi-infinity-proyecta-ascenso-primera-para-cordoba-femenino-202005300828_noticia.html\">Infinity proyecta un ascenso a Primera para el C\u00f3rdoba CF &#8230;<\/a>&#8211;\u00a0Abc C\u00f3rdoba<\/p>\n<p>[\/toggle]<\/p>\n<p>[toggle type=\u00bbfirst\u00bb title=\u00bbEstado\u00bb]<\/p>\n<p><strong>Institucional<\/strong><\/p>\n<p><a href=\"https:\/\/www.lainformacion.com\/empresas\/sanchez-propone-abogada-cani-fernandez-cnmc\/6571619\/\">El Gobierno propone a la abogada Cani Fern\u00e1ndez como presidenta de la CNMC&#8230;<\/a>&#8211;\u00a0lainformacion.com<strong>\u00a0<\/strong><\/p>\n<p><strong>Institucional-CCAA<\/strong><a href=\"https:\/\/www.google.com\/url?rct=j&amp;sa=t&amp;url=https:\/\/www.lavanguardia.com\/vida\/20200529\/481442666234\/catalanas-cobraron-de-media-371-euros-menos-al-mes-de-pension-que-los-hombres.html&amp;ct=ga&amp;cd=CAEYASoTOTg4MjAxNTY5NzM3ODcwNjU3NTIZYzAzNzJlYmMyZmVhZGE1OTplczplczpFUw&amp;usg=AFQjCNE3CFA9HEWK0WbEmvzDxIjieUP0Yg\"><br \/>\nCatalanas cobraron de media 371 euros menos al mes de pensi\u00f3n que los hombres<\/a>&#8211;\u00a0La Vanguardia<\/p>\n<p><a href=\"https:\/\/www.google.com\/url?rct=j&amp;sa=t&amp;url=https:\/\/www.eldiario.es\/canariasahora\/politica\/Canarias-paridad-coronavirus-gestion-hombres-mujeres-igualdad_0_1032047527.html&amp;ct=ga&amp;cd=CAEYAyoTODY4OTg2MjQyMDQ1OTE5Nzk1NzIZYzAzNzJlYmMyZmVhZGE1OTplczplczpFUw&amp;usg=AFQjCNELO4_mWU0zORlVfEoAw_-te3JLqQ\">Canarias pierde en paridad en la crisis del coronavirus con una gesti\u00f3n copada por hombres<\/a>&#8211;\u00a0eldiario.es<\/p>\n<p><a href=\"https:\/\/www.google.com\/url?rct=j&amp;sa=t&amp;url=https:\/\/www.laopiniondemurcia.es\/comunidad\/2020\/05\/30\/ana-martinez-vidal-apostamos-murcia\/1117586.html&amp;ct=ga&amp;cd=CAEYACoTMTQxMzE4MjEzNTAxNTc4OTY5ODIZYzAzNzJlYmMyZmVhZGE1OTplczplczpFUw&amp;usg=AFQjCNGb6rvdUZ5dk2rOOUNSSovDuaDNfg\">Ana Mart\u00ednez Vidal: \u00abApostamos por Murcia como Regi\u00f3n Empresarial\u00bb<\/a>&#8211;\u00a0La Opini\u00f3n de Murcia<\/p>\n<p><a href=\"https:\/\/www.google.com\/url?rct=j&amp;sa=t&amp;url=https:\/\/www.noticiasde.es\/comunidad-valenciana\/el-servicio-de-atencion-telefonica-de-la-red-de-centros-mujer-ha-recibido-145-llamadas-diarias-desde-que-se-decreto-el-estado-de-alarma\/&amp;ct=ga&amp;cd=CAEYBCoSMzAwNDE3ODQxNzY1ODY5OTYxMhljMDM3MmViYzJmZWFkYTU5OmVzOmVzOkVT&amp;usg=AFQjCNG_EF_M9zyt9o_tZvwVNoyQvcDVBg\">El servicio de atenci\u00f3n telef\u00f3nica de la Red de Centros\u00a0Mujer\u00a0ha recibido 145 llamadas diarias &#8230;<\/a>&#8211;\u00a0NoticiasDe.es<\/p>\n<p><a href=\"https:\/\/www.mujeremprendedora.net\/emakunde-participa-encuentro-organizado-pnud-covid-19-genero\/\">Emakunde participa en un encuentro organizado por el PNUD sobre COVID-19 y g\u00e9nero<\/a>\u00a0\u2013Mujeremprendedora.net<strong>\u00a0<\/strong><\/p>\n<p><strong>Econom\u00eda y Empresas<\/strong><a href=\"https:\/\/www.google.com\/url?rct=j&amp;sa=t&amp;url=https:\/\/diario16.com\/mas-de-10-gobiernos-de-la-ue-constatan-el-papel-clave-de-las-empresas-de-economia-social-en-los-planes-de-recuperacion-economica-y-social\/&amp;ct=ga&amp;cd=CAEYACoTMjA3NjM2Mzc5NDUyMTE3ODAwNjIbOWM1NGEyYjJkZmM2NzJiMTplczplczpFUzpM&amp;usg=AFQjCNES5zBqGDMEmBVZ4wCkM2JOoyA4Zw\"><br \/>\nM\u00e1s de 10 gobiernos de la UE constatan el papel clave de las empresas de Econom\u00eda Social en los planes de recuperaci\u00f3n econ\u00f3mica y social &#8230;<\/a>&#8211;\u00a0Diario16<a href=\"https:\/\/www.google.com\/url?rct=j&amp;sa=t&amp;url=https:\/\/www.huffingtonpost.es\/entry\/teletrabajo-y-violencia-de-genero-el-nuevo-riesgo-laboral-que-trajo-el-covid-19_es_5ed03d15c5b6f1a49994edd8&amp;ct=ga&amp;cd=CAEYACoTMTg5ODkzNjU4MTkzNjUwOTE0ODIZYzAzNzJlYmMyZmVhZGE1OTplczplczpFUw&amp;usg=AFQjCNGcdCEBSSC4U5-ixGoWj8UPoWpqkg\"><br \/>\nTeletrabajo y violencia de g\u00e9nero: el \u00abnuevo\u00bb riesgo laboral que trajo el COVID-19<\/a>&#8211;\u00a0El HuffPost<\/p>\n<p><a href=\"https:\/\/www.mujeremprendedora.net\/abierta-convocatoria-iii-edicion-premios-mujer-agro\/\">Premios Mujer Agro abre la convocatoria de su tercera edici\u00f3n<\/a>\u00a0\u2013Mujeremprendedora.net<a href=\"https:\/\/www.google.com\/url?rct=j&amp;sa=t&amp;url=http:\/\/murciadiario.com\/art\/21825\/desempleo-perfil-de-riesgo-espanola-mayor-de-45-residente-en-murcia-y-ocupada-en-servicios&amp;ct=ga&amp;cd=CAEYAyoTODI1MTQ3MTU4NDE1NzY1MDUyMjIZYzAzNzJlYmMyZmVhZGE1OTplczplczpFUw&amp;usg=AFQjCNGUsxwkA8-ZJUgkkhQn0IIQJd5o0A\"><br \/>\nDesempleo, perfil de riesgo: espa\u00f1ola, mayor de 45, residente en Murcia y ocupada en servicios<\/a>&#8211;\u00a0Murciadiario<strong>\u00a0<\/strong><\/p>\n<p><strong>Actualidad<\/strong><a href=\"https:\/\/www.google.com\/url?rct=j&amp;sa=t&amp;url=https:\/\/www.actuall.com\/familia\/la-perspectiva-de-genero-es-esencial-en-la-respuesta-a-la-pandemia\/&amp;ct=ga&amp;cd=CAEYBCoTOTg4MjAxNTY5NzM3ODcwNjU3NTIZYzAzNzJlYmMyZmVhZGE1OTplczplczpFUw&amp;usg=AFQjCNEH5wyhcw8Nln2mBUC1u-PqRfBuUA\"><br \/>\n\u00bfLa perspectiva de g\u00e9nero es esencial en la respuesta a la pandemia?<\/a>&#8211;\u00a0Actuall\u00a0<a href=\"https:\/\/www.google.com\/url?rct=j&amp;sa=t&amp;url=https:\/\/www.alimente.elconfidencial.com\/nutricion\/2020-05-30\/por-que-no-funcionandietas_2053794\/&amp;ct=ga&amp;cd=CAEYACoTMzMzMDk3ODc0NDg2NTYyNzQ5ODIZYzAzNzJlYmMyZmVhZGE1OTplczplczpFUw&amp;usg=AFQjCNHgh4kaD5DfvCMB5rGe0O22pOek7w\"><br \/>\nPor qu\u00e9 estamos siempre a dieta y no funciona<\/a>&#8211;\u00a0Alimente<a href=\"https:\/\/www.lavanguardia.com\/historiayvida\/historia-antigua\/20200601\/481441641505\/moda-prendas-unisex-leotardo-pantalones-gabardina-esmoquin-falda.html\"><br \/>\nLa ropa de\u00a0mujer\u00a0que empez\u00f3 siendo de hombre<\/a>&#8211;\u00a0La Vanguardia<\/p>\n<p><a href=\"https:\/\/www.atlantico.net\/articulo\/baixo-mino\/mujeres-comunes-son-mueven-mundo-pequenas-acciones\/20200531005955777579.html\">\u00abLas\u00a0mujeres\u00a0comunes son las que mueven el mundo con sus &#8230;<\/a>&#8211;\u00a0Diario Atl\u00e1ntico<strong>\u00a0<\/strong><\/p>\n<p><strong>Violencias<\/strong><\/p>\n<p><a href=\"https:\/\/www.infolibre.es\/noticias\/politica\/2020\/05\/30\/victoria_rosell_107262_1012.html\">Victoria Rosell, delegada del Gobierno para la Violencia de G\u00e9nero: \u00abEl ingreso m\u00ednimo vital permite salir de la &#8230;<\/a>&#8211;\u00a0infoLibre<\/p>\n<p><a href=\"https:\/\/www.elllobregat.com\/noticia\/18576\/esplugues\/una-mujer-de-51-anos-muere-asesinada-por-violencia-de-genero-en-esplugues.html\">Una mujer de 51 a\u00f1os muere asesinada por\u00a0violencia de\u00a0&#8230;<\/a>&#8211;\u00a0El Llobregat<strong>\u00a0<\/strong><\/p>\n<p><strong>Ciencia y Cultura<\/strong><\/p>\n<p><a href=\"https:\/\/elpais.com\/sociedad\/2020-05-31\/de-esta-crisis-nos-estan-salvando-los-hogares-otra-vez.html\">Mar\u00eda \u00c1ngeles Dur\u00e1n:\u00a0\u201cDe esta crisis nos est\u00e1n salvando los hogares otra vez\u201d<\/a>\u00a0\u2013 El Pa\u00eds<\/p>\n<p><a href=\"https:\/\/www.google.com\/url?rct=j&amp;sa=t&amp;url=https:\/\/www.abc.es\/ciencia\/abci-mujeres-europeas-poseen-fertilidad-heredado-directamente-neandertales-202005300052_noticia.html&amp;ct=ga&amp;cd=CAEYACoSMzU4NjkxNzk4MTgzMTE1NDAxMhljMDM3MmViYzJmZWFkYTU5OmVzOmVzOkVT&amp;usg=AFQjCNH909hDj-UAicZhe2AkYF1bM4nDoA\">Las\u00a0europeas poseen un \u00abgen de la fertilidad\u00bb heredado directamente de los neandertales<\/a>&#8211;\u00a0Abc.es<a href=\"https:\/\/www.google.com\/url?rct=j&amp;sa=t&amp;url=https:\/\/valenciaplaza.com\/sanchidrian-universidad-europea-sabe-valencia-polo-innovacion&amp;ct=ga&amp;cd=CAEYAioUMTU3MzkxMjQ3OTM2MDc2NzY4NDAyGWMwMzcyZWJjMmZlYWRhNTk6ZXM6ZXM6RVM&amp;usg=AFQjCNGPjdjm-imGY2SvU6U14x4-3-h1YA\"><br \/>\nRosa Sanchidri\u00e1n, Rectora Universidad Europea de Valencia: \u201cLa Universidad Europea sabe que Valencia es un polo de innovaci\u00f3n\u201d<\/a>&#8211;\u00a0valenciaplaza.com<strong>\u00a0<\/strong><\/p>\n<p><strong>Deporte<\/strong><\/p>\n<p><a href=\"https:\/\/www.abc.es\/deportes\/futbol\/abci-sonia-bermudez-no-puedes-sola-guerra-luchar-unidas-futbol-femenino-202006010052_noticia.html\">Sonia Berm\u00fadez: \u00abNo puedes ir sola a la guerra, hay que&#8230;<\/a>&#8211;\u00a0Abc.es-<\/p>\n<p><a href=\"https:\/\/www.lanzarotedeportiva.com\/index.php\/futbol\/femenino\/22909-agata-lopez-candidata-a-ser-arbitra-de-la-primera-division-femenina\">Agata L\u00f3pez candidata a ser \u00e1rbitra de la Primera Divisi\u00f3n Femenina&#8230;<\/a>&#8211;\u00a0lanzarotedeportiva.com<\/p>\n<p><a href=\"https:\/\/www.infonortedigital.com\/portada\/deportes\/item\/84141-grandes-experiencias-que-demuestran-que-la-igualdad-en-el-automovilismo-es-posible\">Grandes experiencias que demuestran que la igualdad en el &#8230;<\/a>&#8211;\u00a0InfonorteDigital<\/p>\n<p>[\/toggle]<\/p>\n<p>[toggle type=\u00bbfirst\u00bb title=\u00bbInternacional\u00bb]<\/p>\n<p><a href=\"https:\/\/elpais.com\/opinion\/2020-05-31\/una-ministra-feminista-en-la-pandemia-hace-la-diferencia.html\">Una ministra feminista en la pandemia hace la diferencia<\/a>&#8211; El Pa\u00eds<\/p>\n<p><a href=\"https:\/\/www.google.com\/url?rct=j&amp;sa=t&amp;url=https:\/\/www.critica.com.mx\/vernoticias.php%3Fartid%3D88423%26mas%3D1&amp;ct=ga&amp;cd=CAEYBSoTODQyNTU3NjI4ODgzMzE0MTM4NjIZYzAzNzJlYmMyZmVhZGE1OTplczplczpFUw&amp;usg=AFQjCNGOsfIuQMOEOkUaytWQvdaBNqScXg\">La lucha de las\u00a0mujeres\u00a0para alcanzar un mundo con igualdad hoy se vuelve un hecho hist\u00f3rico ..\u00a0&#8211;<\/a>Critica<\/p>\n<p><a href=\"https:\/\/smoda.elpais.com\/moda\/gloria-steinem-dice-que-es-ridicula-que-ha-sido-verdad-y-que-mentira-en-mrs-america\/\">Gloria Steinem dice que es \u201crid\u00edcula\u201d: \u00bfQu\u00e9 ha sido verdad y qu\u00e9 mentira en \u2018Mrs. America\u2019?<\/a>&#8211; El Pa\u00eds<\/p>\n<p><a href=\"https:\/\/www.eldiario.es\/sociedad\/francesa-presenta-candidatura-Arzobispado-Lyon_0_1032396808.html\">\u00ab\u00bfPor qu\u00e9 no? \u00bfPor qu\u00e9 no puedo ser obispo?\u00bb Una te\u00f3loga francesa presenta su candidatura al Arzobispado de Lyon<\/a>&#8211;<a href=\"http:\/\/eldiario.es\/\">eldiario.es<\/a><\/p>\n<p><a href=\"https:\/\/elpais.com\/cultura\/2020\/05\/29\/babelia\/1590760982_169067.html\">Hannah Arendt sigue pensando<\/a>&#8211;\u00a0El Pa\u00eds<\/p>\n<p><a href=\"https:\/\/elpais.com\/cultura\/2020\/05\/29\/babelia\/1590769522_753410.html\">Rachel Cusk: \u201cEl yo est\u00e1 acabado, no creo que vuelva a usarlo\u201d<\/a>&#8211;\u00a0El Pa\u00eds<\/p>\n<p><a href=\"https:\/\/www.larazon.es\/cataluna\/20200531\/vgix77uzxzejloxgzg6lg27f7u.html\">Suzanne Valadon, la pintora que dio luz a los posimpresionistas<\/a>&#8211;\u00a0La Raz\u00f3n<a href=\"https:\/\/www.google.com\/url?rct=j&amp;sa=t&amp;url=https:\/\/www.dosmanzanas.com\/2020\/05\/casi-un-centenar-de-organizaciones-japonesas-utilizan-los-juegos-olimpicos-para-pedir-una-ley-de-igualdad-lgtb.html&amp;ct=ga&amp;cd=CAEYACoUMTgzODM4NTg1MDY5Mzc0Mjc5ODkyGWUyZGVmYTdkNWRhOTE1N2Q6ZXM6ZXM6RVM&amp;usg=AFQjCNEZ_yWx5ggjoxFO4G8nMWqEABHsfQ\"><br \/>\nCasi un centenar de organizaciones japonesas utilizan los\u00a0Juegos\u00a0Ol\u00edmpicos para pedir una ley de Igualdad LGTB &#8230;<\/a>&#8211;\u00a0Dos Manzanas<\/p>\n<p>[\/toggle]<\/p>\n<\/div>\n<\/div>\n<\/div>\n<\/div>\n<\/div>\n<\/div>\n","protected":false},"excerpt":{"rendered":"<p>La jurista Cani Fern\u00e1ndez propuesta como presidenta de la CNMC-Teletrabajo\/violencia <a href=\"https:\/\/cklcomunicaciones.es\/coop\/noticias-info-ckl-no-2-461-01-06-20\/\">[&#8230;]<\/a><\/p>\n","protected":false},"author":3,"featured_media":0,"comment_status":"closed","ping_status":"closed","sticky":false,"template":"","format":"standard","meta":{"footnotes":""},"categories":[298,623],"tags":[103,213,219],"class_list":["post-14978","post","type-post","status-publish","format-standard","hentry","category-newsletter","category-nwl-2-0","tag-ckl","tag-comunicacion-inclusiva","tag-perspectiva-de-genero"],"yoast_head":"<!-- This site is optimized with the Yoast SEO plugin v27.5 - https:\/\/yoast.com\/product\/yoast-seo-wordpress\/ -->\n<title>Noticias Info CKL n\u00ba 2.461-0106\/20-Comunicar con perspectiva de g\u00e9nero<\/title>\n<meta name=\"description\" content=\"Comunicar con perspectiva de g\u00e9nero: La jurista Cani Fern\u00e1ndez propuesta como presidenta de la CNMC-Teletrabajo y violencia de g\u00e9nero: nuevo riesgo laboral\" \/>\n<meta name=\"robots\" content=\"index, follow, max-snippet:-1, max-image-preview:large, max-video-preview:-1\" \/>\n<link rel=\"canonical\" href=\"https:\/\/cklcomunicaciones.es\/coop\/noticias-info-ckl-no-2-461-01-06-20\/\" \/>\n<meta property=\"og:locale\" content=\"es_ES\" \/>\n<meta property=\"og:type\" content=\"article\" \/>\n<meta property=\"og:title\" content=\"Noticias Info CKL n\u00ba 2.461-0106\/20-Comunicar con perspectiva de g\u00e9nero\" \/>\n<meta property=\"og:description\" content=\"Comunicar con perspectiva de g\u00e9nero: La jurista Cani Fern\u00e1ndez propuesta como presidenta de la CNMC-Teletrabajo y violencia de g\u00e9nero: nuevo riesgo laboral\" \/>\n<meta property=\"og:url\" content=\"https:\/\/cklcomunicaciones.es\/coop\/noticias-info-ckl-no-2-461-01-06-20\/\" \/>\n<meta property=\"og:site_name\" content=\"CKL Comunicaciones\" \/>\n<meta property=\"article:published_time\" content=\"2020-06-01T12:57:28+00:00\" \/>\n<meta property=\"article:modified_time\" content=\"2025-01-17T15:47:38+00:00\" \/>\n<meta property=\"og:image\" content=\"https:\/\/cklcomunicaciones.es\/coop\/wp-content\/uploads\/2018\/03\/CKL_comunicacion-con-perspetiva-de-genero.jpg\" \/>\n\t<meta property=\"og:image:width\" content=\"500\" \/>\n\t<meta property=\"og:image:height\" content=\"500\" \/>\n\t<meta property=\"og:image:type\" content=\"image\/jpeg\" \/>\n<meta name=\"author\" content=\"ckl\" \/>\n<meta name=\"twitter:card\" content=\"summary_large_image\" \/>\n<meta name=\"twitter:label1\" content=\"Escrito por\" \/>\n\t<meta name=\"twitter:data1\" content=\"ckl\" \/>\n\t<meta name=\"twitter:label2\" content=\"Tiempo de lectura\" \/>\n\t<meta name=\"twitter:data2\" content=\"5 minutos\" \/>\n<script type=\"application\/ld+json\" class=\"yoast-schema-graph\">{\"@context\":\"https:\\\/\\\/schema.org\",\"@graph\":[{\"@type\":\"Article\",\"@id\":\"https:\\\/\\\/cklcomunicaciones.es\\\/coop\\\/noticias-info-ckl-no-2-461-01-06-20\\\/#article\",\"isPartOf\":{\"@id\":\"https:\\\/\\\/cklcomunicaciones.es\\\/coop\\\/noticias-info-ckl-no-2-461-01-06-20\\\/\"},\"author\":{\"name\":\"ckl\",\"@id\":\"https:\\\/\\\/cklcomunicaciones.es\\\/coop\\\/#\\\/schema\\\/person\\\/929a6837f7626450bbb50cee1aef266e\"},\"headline\":\"Noticias Info CKL n\u00ba 2.461-01\\\/06\\\/20\",\"datePublished\":\"2020-06-01T12:57:28+00:00\",\"dateModified\":\"2025-01-17T15:47:38+00:00\",\"mainEntityOfPage\":{\"@id\":\"https:\\\/\\\/cklcomunicaciones.es\\\/coop\\\/noticias-info-ckl-no-2-461-01-06-20\\\/\"},\"wordCount\":1037,\"image\":{\"@id\":\"https:\\\/\\\/cklcomunicaciones.es\\\/coop\\\/noticias-info-ckl-no-2-461-01-06-20\\\/#primaryimage\"},\"thumbnailUrl\":\"http:\\\/\\\/www.cklcomunicaciones.es\\\/wp-content\\\/uploads\\\/2018\\\/03\\\/CKL_comunicacion-con-perspetiva-de-genero-300x300.jpg\",\"keywords\":[\"CKL\",\"comunicaci\u00f3n inclusiva\",\"perspectiva de g\u00e9nero\"],\"articleSection\":[\"Newsletter\",\"Nwl v2.0\"],\"inLanguage\":\"es\"},{\"@type\":\"WebPage\",\"@id\":\"https:\\\/\\\/cklcomunicaciones.es\\\/coop\\\/noticias-info-ckl-no-2-461-01-06-20\\\/\",\"url\":\"https:\\\/\\\/cklcomunicaciones.es\\\/coop\\\/noticias-info-ckl-no-2-461-01-06-20\\\/\",\"name\":\"Noticias Info CKL n\u00ba 2.461-0106\\\/20-Comunicar con perspectiva de g\u00e9nero\",\"isPartOf\":{\"@id\":\"https:\\\/\\\/cklcomunicaciones.es\\\/coop\\\/#website\"},\"primaryImageOfPage\":{\"@id\":\"https:\\\/\\\/cklcomunicaciones.es\\\/coop\\\/noticias-info-ckl-no-2-461-01-06-20\\\/#primaryimage\"},\"image\":{\"@id\":\"https:\\\/\\\/cklcomunicaciones.es\\\/coop\\\/noticias-info-ckl-no-2-461-01-06-20\\\/#primaryimage\"},\"thumbnailUrl\":\"http:\\\/\\\/www.cklcomunicaciones.es\\\/wp-content\\\/uploads\\\/2018\\\/03\\\/CKL_comunicacion-con-perspetiva-de-genero-300x300.jpg\",\"datePublished\":\"2020-06-01T12:57:28+00:00\",\"dateModified\":\"2025-01-17T15:47:38+00:00\",\"author\":{\"@id\":\"https:\\\/\\\/cklcomunicaciones.es\\\/coop\\\/#\\\/schema\\\/person\\\/929a6837f7626450bbb50cee1aef266e\"},\"description\":\"Comunicar con perspectiva de g\u00e9nero: La jurista Cani Fern\u00e1ndez propuesta como presidenta de la CNMC-Teletrabajo y violencia de g\u00e9nero: nuevo riesgo laboral\",\"breadcrumb\":{\"@id\":\"https:\\\/\\\/cklcomunicaciones.es\\\/coop\\\/noticias-info-ckl-no-2-461-01-06-20\\\/#breadcrumb\"},\"inLanguage\":\"es\",\"potentialAction\":[{\"@type\":\"ReadAction\",\"target\":[\"https:\\\/\\\/cklcomunicaciones.es\\\/coop\\\/noticias-info-ckl-no-2-461-01-06-20\\\/\"]}]},{\"@type\":\"ImageObject\",\"inLanguage\":\"es\",\"@id\":\"https:\\\/\\\/cklcomunicaciones.es\\\/coop\\\/noticias-info-ckl-no-2-461-01-06-20\\\/#primaryimage\",\"url\":\"http:\\\/\\\/www.cklcomunicaciones.es\\\/wp-content\\\/uploads\\\/2018\\\/03\\\/CKL_comunicacion-con-perspetiva-de-genero-300x300.jpg\",\"contentUrl\":\"http:\\\/\\\/www.cklcomunicaciones.es\\\/wp-content\\\/uploads\\\/2018\\\/03\\\/CKL_comunicacion-con-perspetiva-de-genero-300x300.jpg\"},{\"@type\":\"BreadcrumbList\",\"@id\":\"https:\\\/\\\/cklcomunicaciones.es\\\/coop\\\/noticias-info-ckl-no-2-461-01-06-20\\\/#breadcrumb\",\"itemListElement\":[{\"@type\":\"ListItem\",\"position\":1,\"name\":\"Portada\",\"item\":\"https:\\\/\\\/cklcomunicaciones.es\\\/coop\\\/\"},{\"@type\":\"ListItem\",\"position\":2,\"name\":\"Noticias Info CKL n\u00ba 2.461-01\\\/06\\\/20\"}]},{\"@type\":\"WebSite\",\"@id\":\"https:\\\/\\\/cklcomunicaciones.es\\\/coop\\\/#website\",\"url\":\"https:\\\/\\\/cklcomunicaciones.es\\\/coop\\\/\",\"name\":\"CKL Comunicaciones\",\"description\":\"Sitio web de CKL Comunicaciones coop , la consultora de comunicaci\u00f3n y estrategia\",\"potentialAction\":[{\"@type\":\"SearchAction\",\"target\":{\"@type\":\"EntryPoint\",\"urlTemplate\":\"https:\\\/\\\/cklcomunicaciones.es\\\/coop\\\/?s={search_term_string}\"},\"query-input\":{\"@type\":\"PropertyValueSpecification\",\"valueRequired\":true,\"valueName\":\"search_term_string\"}}],\"inLanguage\":\"es\"},{\"@type\":\"Person\",\"@id\":\"https:\\\/\\\/cklcomunicaciones.es\\\/coop\\\/#\\\/schema\\\/person\\\/929a6837f7626450bbb50cee1aef266e\",\"name\":\"ckl\",\"image\":{\"@type\":\"ImageObject\",\"inLanguage\":\"es\",\"@id\":\"https:\\\/\\\/secure.gravatar.com\\\/avatar\\\/c82db564e8a669bf6023357a157b9dc4780f4d4c618f2ad1d71a6a5dede45057?s=96&d=mm&r=g\",\"url\":\"https:\\\/\\\/secure.gravatar.com\\\/avatar\\\/c82db564e8a669bf6023357a157b9dc4780f4d4c618f2ad1d71a6a5dede45057?s=96&d=mm&r=g\",\"contentUrl\":\"https:\\\/\\\/secure.gravatar.com\\\/avatar\\\/c82db564e8a669bf6023357a157b9dc4780f4d4c618f2ad1d71a6a5dede45057?s=96&d=mm&r=g\",\"caption\":\"ckl\"},\"url\":\"https:\\\/\\\/cklcomunicaciones.es\\\/coop\\\/author\\\/cklcomunicaciones\\\/\"}]}<\/script>\n<!-- \/ Yoast SEO plugin. -->","yoast_head_json":{"title":"Noticias Info CKL n\u00ba 2.461-0106\/20-Comunicar con perspectiva de g\u00e9nero","description":"Comunicar con perspectiva de g\u00e9nero: La jurista Cani Fern\u00e1ndez propuesta como presidenta de la CNMC-Teletrabajo y violencia de g\u00e9nero: nuevo riesgo laboral","robots":{"index":"index","follow":"follow","max-snippet":"max-snippet:-1","max-image-preview":"max-image-preview:large","max-video-preview":"max-video-preview:-1"},"canonical":"https:\/\/cklcomunicaciones.es\/coop\/noticias-info-ckl-no-2-461-01-06-20\/","og_locale":"es_ES","og_type":"article","og_title":"Noticias Info CKL n\u00ba 2.461-0106\/20-Comunicar con perspectiva de g\u00e9nero","og_description":"Comunicar con perspectiva de g\u00e9nero: La jurista Cani Fern\u00e1ndez propuesta como presidenta de la CNMC-Teletrabajo y violencia de g\u00e9nero: nuevo riesgo laboral","og_url":"https:\/\/cklcomunicaciones.es\/coop\/noticias-info-ckl-no-2-461-01-06-20\/","og_site_name":"CKL Comunicaciones","article_published_time":"2020-06-01T12:57:28+00:00","article_modified_time":"2025-01-17T15:47:38+00:00","og_image":[{"width":500,"height":500,"url":"https:\/\/cklcomunicaciones.es\/coop\/wp-content\/uploads\/2018\/03\/CKL_comunicacion-con-perspetiva-de-genero.jpg","type":"image\/jpeg"}],"author":"ckl","twitter_card":"summary_large_image","twitter_misc":{"Escrito por":"ckl","Tiempo de lectura":"5 minutos"},"schema":{"@context":"https:\/\/schema.org","@graph":[{"@type":"Article","@id":"https:\/\/cklcomunicaciones.es\/coop\/noticias-info-ckl-no-2-461-01-06-20\/#article","isPartOf":{"@id":"https:\/\/cklcomunicaciones.es\/coop\/noticias-info-ckl-no-2-461-01-06-20\/"},"author":{"name":"ckl","@id":"https:\/\/cklcomunicaciones.es\/coop\/#\/schema\/person\/929a6837f7626450bbb50cee1aef266e"},"headline":"Noticias Info CKL n\u00ba 2.461-01\/06\/20","datePublished":"2020-06-01T12:57:28+00:00","dateModified":"2025-01-17T15:47:38+00:00","mainEntityOfPage":{"@id":"https:\/\/cklcomunicaciones.es\/coop\/noticias-info-ckl-no-2-461-01-06-20\/"},"wordCount":1037,"image":{"@id":"https:\/\/cklcomunicaciones.es\/coop\/noticias-info-ckl-no-2-461-01-06-20\/#primaryimage"},"thumbnailUrl":"http:\/\/www.cklcomunicaciones.es\/wp-content\/uploads\/2018\/03\/CKL_comunicacion-con-perspetiva-de-genero-300x300.jpg","keywords":["CKL","comunicaci\u00f3n inclusiva","perspectiva de g\u00e9nero"],"articleSection":["Newsletter","Nwl v2.0"],"inLanguage":"es"},{"@type":"WebPage","@id":"https:\/\/cklcomunicaciones.es\/coop\/noticias-info-ckl-no-2-461-01-06-20\/","url":"https:\/\/cklcomunicaciones.es\/coop\/noticias-info-ckl-no-2-461-01-06-20\/","name":"Noticias Info CKL n\u00ba 2.461-0106\/20-Comunicar con perspectiva de g\u00e9nero","isPartOf":{"@id":"https:\/\/cklcomunicaciones.es\/coop\/#website"},"primaryImageOfPage":{"@id":"https:\/\/cklcomunicaciones.es\/coop\/noticias-info-ckl-no-2-461-01-06-20\/#primaryimage"},"image":{"@id":"https:\/\/cklcomunicaciones.es\/coop\/noticias-info-ckl-no-2-461-01-06-20\/#primaryimage"},"thumbnailUrl":"http:\/\/www.cklcomunicaciones.es\/wp-content\/uploads\/2018\/03\/CKL_comunicacion-con-perspetiva-de-genero-300x300.jpg","datePublished":"2020-06-01T12:57:28+00:00","dateModified":"2025-01-17T15:47:38+00:00","author":{"@id":"https:\/\/cklcomunicaciones.es\/coop\/#\/schema\/person\/929a6837f7626450bbb50cee1aef266e"},"description":"Comunicar con perspectiva de g\u00e9nero: La jurista Cani Fern\u00e1ndez propuesta como presidenta de la CNMC-Teletrabajo y violencia de g\u00e9nero: nuevo riesgo laboral","breadcrumb":{"@id":"https:\/\/cklcomunicaciones.es\/coop\/noticias-info-ckl-no-2-461-01-06-20\/#breadcrumb"},"inLanguage":"es","potentialAction":[{"@type":"ReadAction","target":["https:\/\/cklcomunicaciones.es\/coop\/noticias-info-ckl-no-2-461-01-06-20\/"]}]},{"@type":"ImageObject","inLanguage":"es","@id":"https:\/\/cklcomunicaciones.es\/coop\/noticias-info-ckl-no-2-461-01-06-20\/#primaryimage","url":"http:\/\/www.cklcomunicaciones.es\/wp-content\/uploads\/2018\/03\/CKL_comunicacion-con-perspetiva-de-genero-300x300.jpg","contentUrl":"http:\/\/www.cklcomunicaciones.es\/wp-content\/uploads\/2018\/03\/CKL_comunicacion-con-perspetiva-de-genero-300x300.jpg"},{"@type":"BreadcrumbList","@id":"https:\/\/cklcomunicaciones.es\/coop\/noticias-info-ckl-no-2-461-01-06-20\/#breadcrumb","itemListElement":[{"@type":"ListItem","position":1,"name":"Portada","item":"https:\/\/cklcomunicaciones.es\/coop\/"},{"@type":"ListItem","position":2,"name":"Noticias Info CKL n\u00ba 2.461-01\/06\/20"}]},{"@type":"WebSite","@id":"https:\/\/cklcomunicaciones.es\/coop\/#website","url":"https:\/\/cklcomunicaciones.es\/coop\/","name":"CKL Comunicaciones","description":"Sitio web de CKL Comunicaciones coop , la consultora de comunicaci\u00f3n y estrategia","potentialAction":[{"@type":"SearchAction","target":{"@type":"EntryPoint","urlTemplate":"https:\/\/cklcomunicaciones.es\/coop\/?s={search_term_string}"},"query-input":{"@type":"PropertyValueSpecification","valueRequired":true,"valueName":"search_term_string"}}],"inLanguage":"es"},{"@type":"Person","@id":"https:\/\/cklcomunicaciones.es\/coop\/#\/schema\/person\/929a6837f7626450bbb50cee1aef266e","name":"ckl","image":{"@type":"ImageObject","inLanguage":"es","@id":"https:\/\/secure.gravatar.com\/avatar\/c82db564e8a669bf6023357a157b9dc4780f4d4c618f2ad1d71a6a5dede45057?s=96&d=mm&r=g","url":"https:\/\/secure.gravatar.com\/avatar\/c82db564e8a669bf6023357a157b9dc4780f4d4c618f2ad1d71a6a5dede45057?s=96&d=mm&r=g","contentUrl":"https:\/\/secure.gravatar.com\/avatar\/c82db564e8a669bf6023357a157b9dc4780f4d4c618f2ad1d71a6a5dede45057?s=96&d=mm&r=g","caption":"ckl"},"url":"https:\/\/cklcomunicaciones.es\/coop\/author\/cklcomunicaciones\/"}]}},"_links":{"self":[{"href":"https:\/\/cklcomunicaciones.es\/coop\/wp-json\/wp\/v2\/posts\/14978","targetHints":{"allow":["GET"]}}],"collection":[{"href":"https:\/\/cklcomunicaciones.es\/coop\/wp-json\/wp\/v2\/posts"}],"about":[{"href":"https:\/\/cklcomunicaciones.es\/coop\/wp-json\/wp\/v2\/types\/post"}],"author":[{"embeddable":true,"href":"https:\/\/cklcomunicaciones.es\/coop\/wp-json\/wp\/v2\/users\/3"}],"replies":[{"embeddable":true,"href":"https:\/\/cklcomunicaciones.es\/coop\/wp-json\/wp\/v2\/comments?post=14978"}],"version-history":[{"count":0,"href":"https:\/\/cklcomunicaciones.es\/coop\/wp-json\/wp\/v2\/posts\/14978\/revisions"}],"wp:attachment":[{"href":"https:\/\/cklcomunicaciones.es\/coop\/wp-json\/wp\/v2\/media?parent=14978"}],"wp:term":[{"taxonomy":"category","embeddable":true,"href":"https:\/\/cklcomunicaciones.es\/coop\/wp-json\/wp\/v2\/categories?post=14978"},{"taxonomy":"post_tag","embeddable":true,"href":"https:\/\/cklcomunicaciones.es\/coop\/wp-json\/wp\/v2\/tags?post=14978"}],"curies":[{"name":"wp","href":"https:\/\/api.w.org\/{rel}","templated":true}]}}