{"id":14976,"date":"2020-05-29T12:50:11","date_gmt":"2020-05-29T10:50:11","guid":{"rendered":"http:\/\/www.cklcomunicaciones.es\/?p=14976"},"modified":"2025-01-17T16:47:38","modified_gmt":"2025-01-17T15:47:38","slug":"noticias-info-ckl-no-2-460-29-05-20","status":"publish","type":"post","link":"https:\/\/cklcomunicaciones.es\/coop\/noticias-info-ckl-no-2-460-29-05-20\/","title":{"rendered":"Noticias Info CKL n\u00ba 2.460-29\/05\/20"},"content":{"rendered":"<div id=\"pl-14976\"  class=\"panel-layout\" >\n<div id=\"pg-14976-0\"  class=\"panel-grid panel-no-style\"  data-style=\"{&quot;background_image_attachment&quot;:false,&quot;background_display&quot;:&quot;tile&quot;,&quot;cell_alignment&quot;:&quot;flex-start&quot;}\" >\n<div id=\"pgc-14976-0-0\"  class=\"panel-grid-cell\"  data-weight=\"1\" >\n<div id=\"panel-14976-0-0-0\" class=\"so-panel widget widget_sow-editor panel-first-child panel-last-child\" data-index=\"0\" data-style=\"{&quot;background_image_attachment&quot;:false,&quot;background_display&quot;:&quot;tile&quot;}\" >\n<div class=\"so-widget-sow-editor so-widget-sow-editor-base\">\n<div class=\"siteorigin-widget-tinymce textwidget\">\n<p><img decoding=\"async\" class=\"lazyload  wp-image-13726\" src=\"http:\/\/www.cklcomunicaciones.es\/wp-content\/uploads\/2018\/03\/CKL_comunicacion-con-perspetiva-de-genero-300x300.jpg\" data-orig-src=\"http:\/\/www.cklcomunicaciones.es\/wp-content\/uploads\/2018\/03\/CKL_comunicacion-con-perspetiva-de-genero-300x300.jpg\" alt=\"CKL_comunicacion con perspetiva de genero\" width=\"132\" height=\"132\" srcset=\"data:image\/svg+xml,%3Csvg%20xmlns%3D%27http%3A%2F%2Fwww.w3.org%2F2000%2Fsvg%27%20width%3D%27132%27%20height%3D%27132%27%20viewBox%3D%270%200%20132%20132%27%3E%3Crect%20width%3D%27132%27%20height%3D%27132%27%20fill-opacity%3D%220%22%2F%3E%3C%2Fsvg%3E\" data-srcset=\"https:\/\/cklcomunicaciones.es\/coop\/wp-content\/uploads\/2018\/03\/CKL_comunicacion-con-perspetiva-de-genero-150x150.jpg 150w, https:\/\/cklcomunicaciones.es\/coop\/wp-content\/uploads\/2018\/03\/CKL_comunicacion-con-perspetiva-de-genero-300x300.jpg 300w, https:\/\/cklcomunicaciones.es\/coop\/wp-content\/uploads\/2018\/03\/CKL_comunicacion-con-perspetiva-de-genero-450x450.jpg 450w, https:\/\/cklcomunicaciones.es\/coop\/wp-content\/uploads\/2018\/03\/CKL_comunicacion-con-perspetiva-de-genero.jpg 500w\" data-sizes=\"auto\" data-orig-sizes=\"(max-width: 132px) 100vw, 132px\" \/><\/p>\n<p id=\":yl\" class=\"hP\" tabindex=\"-1\" data-thread-perm-id=\"thread-f:1667668014116648148\" data-legacy-thread-id=\"1724bf3920b434d4\">IM y FEMP apoyar\u00e1n proyectos municipales de corresponsabilidad-A<wbr><\/wbr>buela, maestra y canguro \u2018online\u2019-Las 10 grandes &#8216;pecadoras&#8217; de la historia-La mujer ara\u00f1a-Las mujeres copan casi el 50% de las comisiones del COI<\/p>\n<p>[toggle type=\u00bbfirst\u00bb title=\u00bbConvocatorias\u00bb]<\/p>\n<ul>\n<li><strong><a href=\"https:\/\/www.radia.university\/inicio\">5<\/a><\/strong><a href=\"https:\/\/www.radia.university\/inicio\">0 becas para el Programa RADIA: Women&#8217;s Digital Inclusion<\/a><strong>.\u00a0<\/strong>Fundaci\u00f3n ONCE, Fundaci\u00f3n CEOE y la Conferencia de Consejos Sociales Universitarios. Del 27 de mayo al 30 de junio de 2020<\/li>\n<li><a href=\"https:\/\/www.centrodeestudiosandaluces.es\/cea-actividades\/cursos\/3131\">Curso &#8216;Enfoque de g\u00e9nero en el dise\u00f1o y desarrollo de una investigaci\u00f3n en Ciencias Sociales&#8217;<\/a>.\u00a0Centro de Estudios Andaluces. Del 15 al 17 de junio y del 22 al 25 de junio\u00a0de 2020<\/li>\n<li><a href=\"https:\/\/www.radia.university\/contenidos\/webinars\">Seminarios virtuales del Programa RADIA: &#8216;Tecnolog\u00eda e Identidad de G\u00e9nero&#8217; (2 de junio de 2020); &#8216;Mentoras\/es y Tecnolog\u00eda&#8217; (9\u00a0de junio de 2020); &#8216;Tecnolog\u00eda, G\u00e9nero y Sostenibilidad&#8217; (16\u00a0de junio de 2020); &#8216;El Empleo en el Mundo Digital&#8217; (23\u00a0de junio de 2020)<\/a>.\u00a0Fundaci\u00f3n ONCE, Fundaci\u00f3n CEOE y la Conferencia de Consejos Sociales Universitarios<\/li>\n<\/ul>\n<p>[\/toggle]<\/p>\n<p>[toggle type=\u00bbfirst\u00bb title=\u00bbComunicaci\u00f3n\u00bb]<\/p>\n<p><u><a href=\"https:\/\/elpais.com\/television\/2020-05-28\/rosa-maria-mateo-explica-los-cambios-de-presentadores-en-la-1-por-criterios-profesionales.html\">Rosa Mar\u00eda Mateo explica los cambios de presentadores en La 1 por \u201ccriterios profesionales\u201d<\/a><\/u>-El Pa\u00eds<\/p>\n<p><u><a href=\"https:\/\/www.diariovasco.com\/opinion\/mujer-arana-20200529141508-ntrc.html\">La\u00a0mujer\u00a0ara\u00f1a<\/a>&#8211;<\/u>\u00a0Diario Vasco<\/p>\n<p><u><a href=\"https:\/\/www.panoramaaudiovisual.com\/2020\/05\/28\/coit-rai-amplian-acuerdo-colaboracion\/\">El COIT y la Real Academia de Ingenier\u00eda ampl\u00edan su acuerdo&#8230;<\/a><\/u>&#8211;\u00a0Panorama Audiovisual<a href=\"https:\/\/www.google.com\/url?rct=j&amp;sa=t&amp;url=https:\/\/www.huffingtonpost.es\/entry\/la-es-la-marca-inclusiva-mas-empleada-en-twitter_es_5ecf95cbc5b60226ae597b60&amp;ct=ga&amp;cd=CAEYACoUMTMwMjA5NjQ2MDY0NTExMTEwMzcyGWMwMzcyZWJjMmZlYWRhNTk6ZXM6ZXM6RVM&amp;usg=AFQjCNG5rt4dbU__HJqfQ_7GcPPP6-L-bw\"><br \/>\nLa @ es la marca inclusiva m\u00e1s empleada en Twitter<\/a>\u00a0-El HuffPost<\/p>\n<p>[\/toggle]<\/p>\n<p>[toggle type=\u00bbfirst\u00bb title=\u00bbAndaluc\u00eda\u00bb]<\/p>\n<p><strong>Econom\u00eda y Empresas<\/strong><\/p>\n<p><a href=\"https:\/\/www.google.com\/url?rct=j&amp;sa=t&amp;url=https:\/\/m.europapress.es\/andalucia\/noticia-junta-agentes-economicos-apelan-dialogo-social-mejorar-modernizar-modelo-laboral-andaluz-covid-19-20200527174342.html&amp;ct=ga&amp;cd=CAEYACoUMTc1MzY2MTY3ODY1NDc0NTY1MjIyGWQ3OGU1ODc1YTBmMWYyYWM6ZXM6ZXM6RVM&amp;usg=AFQjCNEIzi5bLvVP50hlxWkvrDIU5mGBLA\">Junta y agentes\u00a0econ\u00f3micos\u00a0apelan al di\u00e1logo\u00a0social\u00a0para mejorar y modernizar el modelo laboral &#8230;<\/a><u>&#8211;\u00a0<\/u>Europa Press<\/p>\n<p><a href=\"https:\/\/www.europapress.es\/andalucia\/federacion-andaluza-municipios-provincias-01122\/noticia-famp-impulsa-grupo-trabajo-actores-clave-poner-marcha-hoja-ruta-post-covid-19-20200527222226.html\">La\u00a0FAMP\u00a0impulsa el grupo de trabajo de \u00abactores clave\u00bb para poner en marcha la hoja de ruta post-Covid19&#8230;<\/a>&#8211;\u00a0Europa Press<\/p>\n<p><a href=\"https:\/\/www.google.com\/url?rct=j&amp;sa=t&amp;url=https:\/\/www.lavanguardia.com\/local\/sevilla\/20200528\/481435327673\/ugt-a-pide-una-reunion-al-iam-para-los-problemas-de-las-mujeres-trabajadoras-y-dice-que-la-junta-apoya-a-antiabortistas.html&amp;ct=ga&amp;cd=CAEYASoTNTIyNDMyOTAzNTI3NTkwMjg5NTIbOWFiMWNkZDdlMzY2ZWYzODplczplczpFUzpS&amp;usg=AFQjCNF5wBfZoPAQFu0V8Lv27s9ceTLCAA\">UGT-A pide una reuni\u00f3n al IAM para los problemas de\u00a0las mujeres\u00a0trabajadoras\u2026<\/a>&#8211;\u00a0La Vanguardia<\/p>\n<p><u><a href=\"https:\/\/www.eldiario.es\/andalucia\/empresa-andaluza-ayudar-botella-PCR_0_1031697742.html\">La empresa andaluza que puede ayudar a deshacer el atasco en las pruebas PCR<\/a><\/u>-eldiario.es<\/p>\n<p><strong>Actualidad<\/strong><\/p>\n<p><a href=\"https:\/\/www.google.com\/url?rct=j&amp;sa=t&amp;url=https:\/\/www.revistalugardeencuentro.com\/wp\/2020\/05\/27\/el-iam-aborda-en-un-nuevo-cuaderno-de-salud-el-coste-que-los-cuidados-tienen-en-las-mujeres\/&amp;ct=ga&amp;cd=CAEYCioUMTU4Nzg4MzY5MDE3OTA3MjkzNzcyGWMwMzcyZWJjMmZlYWRhNTk6ZXM6ZXM6RVM&amp;usg=AFQjCNFIQqHzvtZdQaAaPQ6YMkkwC9oiCg\">El IAM aborda en un nuevo cuaderno de salud el coste que los cuidados tienen en las\u00a0mujeres<\/a>&#8211;\u00a0Revista Lugar Encuentro<\/p>\n<p><a href=\"https:\/\/www.google.com\/url?rct=j&amp;sa=t&amp;url=https:\/\/www.lavanguardia.com\/local\/sevilla\/20200528\/481433898376\/ccoo-a-senala-la-brecha-de-salud-que-afecta-a-las-mujeres-y-se-ha-agudizado-durante-la-crisis.html&amp;ct=ga&amp;cd=CAEYASoTMjA3NTAxMzY3MTEyODkxNTc5MzIZYzAzNzJlYmMyZmVhZGE1OTplczplczpFUw&amp;usg=AFQjCNFNVVPLx8fRSVtQXkNZYL5QGRJw_Q\">CCOO-A se\u00f1ala \u00abla brecha de salud\u00bb que afecta a las\u00a0mujeres\u00a0y se ha agudizado durante la crisis<\/a>&#8211;\u00a0La Vanguardia<\/p>\n<p><u><a href=\"http:\/\/www.juntadeandalucia.es\/presidencia\/portavoz\/152101\/ConsejeriaIgualdadPoliticasSocialesConciliacion\/RedAndaluzaPersonasVoluntarias\/Covid19\">La Red Andaluza de Personas Voluntarias creada para combatir el Covid-19 supera las 4.000 inscritos<\/a><\/u>\u00a0\u2013 Oficina del Portavoz<\/p>\n<p><strong>Violencias<\/strong><\/p>\n<p><a href=\"https:\/\/www.google.com\/url?rct=j&amp;sa=t&amp;url=https:\/\/www.europapress.es\/andalucia\/noticia-andalucia-atiende-mas-11000-mujeres-66-violencia-genero-dos-primeros-meses-estado-alarma-20200528125453.html&amp;ct=ga&amp;cd=CAEYASoTNzY3Nzk3Njc3NTE0NDY4MjQwMTIZYzAzNzJlYmMyZmVhZGE1OTplczplczpFUw&amp;usg=AFQjCNEM-fAHx3lpnAKgGTFRYpGEyZRsqg\">Andaluc\u00eda atiende m\u00e1s de 11.000\u00a0mujeres, el 66% por violencia de g\u00e9nero, en los dos primeros&#8230;<\/a>&#8211;\u00a0Europa Press<\/p>\n<p><a href=\"https:\/\/www.google.com\/url?rct=j&amp;sa=t&amp;url=https:\/\/www.benalgo.es\/noticias\/las-mujeres-victimas-de-violencia-de-genero-con-cualquier-medida-cautelar-de-proteccion-podran-recibir-las-ayudas-economicas-del-iam.html&amp;ct=ga&amp;cd=CAEYACoUMTM3NDM0ODc5ODk3MjE3OTUxMDUyGzlhYjFjZGQ3ZTM2NmVmMzg6ZXM6ZXM6RVM6Ug&amp;usg=AFQjCNFkXEDfYJj-FUtCRIN4xxsnMRD-sg\">Las mujeres\u00a0v\u00edctimas de violencia de g\u00e9nero con cualquier medida cautelar de protecci\u00f3n podr\u00e1n&#8230;<\/a>&#8211;\u00a0Contracr\u00f3nica.es<strong>\u00a0<\/strong><\/p>\n<p><strong>Ciencia y Cultura<\/strong><\/p>\n<p><a href=\"https:\/\/www.google.com\/url?rct=j&amp;sa=t&amp;url=https:\/\/www.diariodealmeria.es\/finanzasyagricultura\/Economia-investigadores-UAL-Ciemat-EEZA_0_1468653459.html&amp;ct=ga&amp;cd=CAEYACoUMTUyMTYzNjQzMDc4OTgzMjgyNTgyGWQ3OGU1ODc1YTBmMWYyYWM6ZXM6ZXM6RVM&amp;usg=AFQjCNFcBm69t4yK47MMN024tpxqYc7JXQ\">Econom\u00eda\u00a0inicia la selecci\u00f3n para contratar a 13 investigadores en la UAL, Ciemat y EEZA<\/a>&#8211;\u00a0Diario de Almer\u00eda<\/p>\n<p><u><a href=\"https:\/\/www.lavozdelsur.es\/gitana-mora-y-mujer-una-historia-musical-de-la-matria-andaluza\/\">Gitana, mora y\u00a0mujer: una historia musical de la matria\u00a0andaluza<\/a><\/u>&#8211;\u00a0La Voz del Sur<\/p>\n<p><u><a href=\"https:\/\/www.larazon.es\/cultura\/20200529\/6d73awu5m5avdgbadh6eylpnfe.html\">Mala Rodr\u00edguez: \u201cEs el mejor momento para ser\u00a0mujer\u00a0y hacer&#8230;<\/a><\/u>&#8211;\u00a0La Raz\u00f3n<\/p>\n<p><u><a href=\"https:\/\/www.huelvainformacion.es\/huelva\/Rocio-Marquez-XXXII-Onubenses-Ano_0_1468653264.html\">La\u00a0artista\u00a0Roc\u00edo M\u00e1rquez invita a presentar candidaturas para&#8230;<\/a><\/u>&#8211;\u00a0Huelva Informaci\u00f3n<strong>\u00a0<\/strong><\/p>\n<p><strong>Deporte<\/strong><\/p>\n<p><u><a href=\"https:\/\/www.diariojaen.es\/deportes\/unos-colores-para-la-historia-BX7198614\">Unos colores para la historia<\/a><\/u>&#8211;\u00a0Diario Ja\u00e9n<\/p>\n<p><u><a href=\"https:\/\/elcorreoweb.es\/el-decano-deportivo\/polideportivo\/ruben-alcaine-es-fundamental-que-el-futbol-femenino-sea-una-competicion-profesional-GF6645091\">Rub\u00e9n Alcaine: \u00abEs fundamental que el f\u00fatbol\u00a0femenino\u00a0sea una competici\u00f3n profesional&#8230;<\/a><\/u>&#8211;\u00a0El Correo de Andaluc\u00eda<\/p>\n<p>[\/toggle]<\/p>\n<p>[toggle type=\u00bbfirst\u00bb title=\u00bbEstado\u00bb]<\/p>\n<p><strong>Institucional<\/strong><a href=\"https:\/\/www.google.com\/url?rct=j&amp;sa=t&amp;url=https:\/\/www.amecopress.net\/El-Instituto-de-la-Mujer-y-la-FEMP-apoyaran-proyectos-municipales-de-corresponsabilidad&amp;ct=ga&amp;cd=CAEYAioTMTg4OTEyNTk2ODA1MzMyMzU0OTIZYzAzNzJlYmMyZmVhZGE1OTplczplczpFUw&amp;usg=AFQjCNFdG7JMwOloqdjDA9cfhVkQF4yoBw\"><br \/>\nEl\u00a0Instituto de la Mujer\u00a0y la FEMP apoyar\u00e1n proyectos municipales de corresponsabilidad<\/a>&#8211;\u00a0Ameco Press<a href=\"https:\/\/www.google.com\/url?rct=j&amp;sa=t&amp;url=https:\/\/www.servimedia.es\/noticias\/1260350&amp;ct=ga&amp;cd=CAEYAioUMTMyMTA0MDQ2NDU4NjM4NDk3MTYyGzkxODg1N2NkNjBmOTc3NDg6ZXM6ZXM6RVM6TA&amp;usg=AFQjCNGpzEeb6cTftKXu0P4vvSWJzd_IeQ\"><br \/>\nEl grupo de trabajo del Congreso para la reactivaci\u00f3n\u00a0econ\u00f3mica\u00a0iniciar\u00e1 el 2 de junio sus 20&#8230;<\/a>&#8211;\u00a0Servimedia<strong>\u00a0<\/strong><\/p>\n<p><strong>Institucional-CCAA<\/strong><\/p>\n<p><a href=\"https:\/\/www.google.com\/url?rct=j&amp;sa=t&amp;url=https:\/\/www.20minutos.es\/noticia\/4272446\/0\/remirez-muestra-su-voluntad-de-implementar-la-perspectiva-de-genero-en-el-plan-reactivar-navarra\/&amp;ct=ga&amp;cd=CAEYASoSODMyNzY0MDg0MTQ1MTUwMjc1MhllMWU3N2QxNTYwOThhOGUzOmVzOmVzOkVT&amp;usg=AFQjCNEjLmuRWRRVEu2oSXICVzeks6NFHg\">Rem\u00edrez muestra su voluntad de implementar la \u00abperspectiva de\u00a0g\u00e9nero\u00bb en el Plan Reactivar &#8230;<\/a>&#8211;\u00a020minutos<\/p>\n<p><a href=\"https:\/\/www.google.com\/url?rct=j&amp;sa=t&amp;url=https:\/\/diariodecastillayleon.elmundo.es\/articulo\/castilla-y-leon\/rocio-hervella-convertira-primera-presidenta-empresa-familiar-castilla-leon\/20200527185639010378.html&amp;ct=ga&amp;cd=CAEYDSoUMTU4Nzg4MzY5MDE3OTA3MjkzNzcyGWMwMzcyZWJjMmZlYWRhNTk6ZXM6ZXM6RVM&amp;usg=AFQjCNGGaJvm1mashxC1A-DE4cnhkuKCqA\">Roc\u00edo Hervella se convertir\u00e1 en la primera presidenta de Empresa Familiar en Castilla y Le\u00f3n<\/a>&#8211;\u00a0El Mundo<a href=\"https:\/\/www.google.com\/url?rct=j&amp;sa=t&amp;url=https:\/\/www.eldiariocantabria.es\/opinion\/vanessa-montes\/mujeres-protagonistas\/20200528224229076784.html&amp;ct=ga&amp;cd=CAEYACoTNzg5NjAxNzgxNDgwOTkzODg4NzIZZTFlNzdkMTU2MDk4YThlMzplczplczpFUw&amp;usg=AFQjCNEcP95T3pJmQWgnF7UZ2imsk0Wc0g\"><br \/>\nLas mujeres, protagonistas<\/a>&#8211;\u00a0Eldiariocantabria<\/p>\n<p><u><a href=\"https:\/\/www.campocyl.es\/category\/sector\/convocatoria-premios-mujer-agro\/\">Abierta la convocatoria de la III Edici\u00f3n de los Premios\u00a0Mujer Agro\u00a0&#8230;<\/a><\/u>&#8211;\u00a0Campocyl\u00a0<strong>\u00a0<\/strong><\/p>\n<p><strong>Econom\u00eda y Empresas<\/strong><\/p>\n<p><u><a href=\"https:\/\/www.mujeremprendedora.net\/adecco-lanza-un-programa-para-ayudar-a-trabajadores-afectados-por-la-crisis\/\">Adecco lanza un programa para ayudar a trabajadores afectados por la crisis<\/a><\/u>\u00a0\u2013Mujeremprendedora.net<\/p>\n<p><u><a href=\"https:\/\/www.mujeremprendedora.net\/fundacion-asti-lanza-stem-talent-girl-awards\/\">La Fundaci\u00f3n ASTI lanza los STEM Talent Girl Awards<\/a><\/u>\u2013Mujeremprendedora.net<strong>\u00a0<\/strong><\/p>\n<p><strong>Actualidad<\/strong><a href=\"https:\/\/www.google.com\/url?rct=j&amp;sa=t&amp;url=https:\/\/www.lacerca.com\/noticias\/espana\/ministerio-igualdad-reune-asociacion-mujeres-juristas-themis-511382-1.html&amp;ct=ga&amp;cd=CAEYASoUMTU4Nzg4MzY5MDE3OTA3MjkzNzcyGWMwMzcyZWJjMmZlYWRhNTk6ZXM6ZXM6RVM&amp;usg=AFQjCNHXeSTueU9v6x0EuppuVv88Ht2dVQ\"><br \/>\nEl Ministerio de Igualdad se re\u00fane con la Asociaci\u00f3n de\u00a0Mujeres\u00a0Juristas Themis<\/a>&#8211;\u00a0La Cerca<\/p>\n<p><a href=\"https:\/\/www.google.com\/url?rct=j&amp;sa=t&amp;url=https:\/\/www.cope.es\/emisoras\/comunidad-valenciana\/castellon-provincia\/castellon\/noticias\/estudio-ceu-ahonda-diferente-uso-por-genero-los-videojuegos-entre-adolescentes-20200528_739671&amp;ct=ga&amp;cd=CAEYACoUMTI3MTcxMTg2NjY4NTI2MTU2MTYyGTFkYzViZWNjNzA2ZWNmOGI6ZXM6ZXM6RVM&amp;usg=AFQjCNG3IkMpzQcx7IvspY-o6eyo3MxBSQ\">Un estudio de la CEU ahonda en el diferente uso por g\u00e9nero de los\u00a0videojuegos\u00a0entre adolescentes<\/a>&#8211;\u00a0Cope<\/p>\n<p><a href=\"https:\/\/www.google.com\/url?rct=j&amp;sa=t&amp;url=https:\/\/www.cocemfe.es\/informate\/noticias\/cocemfe-publica-una-guia-para-facilitar-la-creacion-de-programas-de-voluntariado-inclusivos\/&amp;ct=ga&amp;cd=CAEYAioTMTM1NTg5NTc2MDQ2ODMzMjI4OTIZYzAzNzJlYmMyZmVhZGE1OTplczplczpFUw&amp;usg=AFQjCNEOEZ7E0nujjrPCZxxEawyFHw1dpA\">COCEMFE publica una gu\u00eda para facilitar la creaci\u00f3n de programas de voluntariado inclusivos<\/a>&#8211;\u00a0COCEMFE<\/p>\n<p><a href=\"https:\/\/www.google.com\/url?rct=j&amp;sa=t&amp;url=https:\/\/www.mujerhoy.com\/vivir\/salud\/202005\/28\/todas-claves-sobre-coronavirus-experta-raquel-yotti-20200528194143.html&amp;ct=ga&amp;cd=CAEYAioTNjM2ODk3MjAzNDc5NzMxODE5ODIZYzAzNzJlYmMyZmVhZGE1OTplczplczpFUw&amp;usg=AFQjCNFOxBt7rldEoknM4aBFKW8pvjY4JA\">Todas las claves del coronavirus seg\u00fan Raquel Yotti<\/a><u>&#8211;<\/u>\u00a0Mujerhoy.com<\/p>\n<p><a href=\"https:\/\/elpais.com\/sociedad\/historias-de-la-pandemia\/2020-05-28\/abuela-maestra-y-canguro-online.html\">Abuela, maestra y canguro \u2018online\u2019\u00a0\u00a0<\/a>-El Pa\u00eds<\/p>\n<p><u><a href=\"https:\/\/www.eldiario.es\/politica\/Errores-mentiras-Guardia-Civil-manifestacion_0_1032047760.html\">Errores, bulos y mentiras en el informe de la Guardia Civil sobre el 8M<\/a><\/u>-eldiario.es<\/p>\n<p><strong>Violencias<\/strong><\/p>\n<p><a href=\"https:\/\/www.google.com\/url?rct=j&amp;sa=t&amp;url=http:\/\/www.canalsur.es\/noticias\/un-hombre-asesina-a-su-pareja-en-girona-y-despues-se-suicida\/1586794.html&amp;ct=ga&amp;cd=CAEYBSoUMTM3NDM0ODc5ODk3MjE3OTUxMDUyGzlhYjFjZGQ3ZTM2NmVmMzg6ZXM6ZXM6RVM6Ug&amp;usg=AFQjCNE-rIEryE7GC19T6b3SsJmYy7i1-A\">Un hombre asesina a su pareja en Girona y despu\u00e9s se suicida<\/a>&#8211;\u00a0CanalSurWeb<strong>\u00a0<\/strong><\/p>\n<p><strong>Ciencia y Cultura<\/strong><\/p>\n<p><a href=\"https:\/\/www.google.com\/url?rct=j&amp;sa=t&amp;url=https:\/\/elpais.com\/america\/sociedad\/2020-05-27\/adelina-gutierrez-la-astrofisica-sin-limites-en-el-cosmos.html&amp;ct=ga&amp;cd=CAEYEioUMTU4Nzg4MzY5MDE3OTA3MjkzNzcyGWMwMzcyZWJjMmZlYWRhNTk6ZXM6ZXM6RVM&amp;usg=AFQjCNFEOLR_i72ZvODVicV_vbrWjNzw2Q\">Adelina Guti\u00e9rrez, la astrof\u00edsica sin l\u00edmites en el cosmos<\/a>&#8211;\u00a0El Pa\u00eds<\/p>\n<p><a href=\"https:\/\/www.google.com\/url?rct=j&amp;sa=t&amp;url=https:\/\/www.elespanol.com\/mujer\/actualidad\/20200528\/laura-valle-cientifica-detras-milagro-investigar-espana\/493202041_0.html&amp;ct=ga&amp;cd=CAEYICoUMTU4Nzg4MzY5MDE3OTA3MjkzNzcyGWMwMzcyZWJjMmZlYWRhNTk6ZXM6ZXM6RVM&amp;usg=AFQjCNGV2BiMgJpV3-Rb79Mvw7XMDMp-9Q\">Laura Valle, la cient\u00edfica que busca los genes detr\u00e1s del c\u00e1ncer: \u201cEs un milagro investigar en &#8230;<\/a>&#8211;\u00a0El Espa\u00f1ol<\/p>\n<p><u><a href=\"https:\/\/elpais.com\/ciencia\/2020-05-27\/puerta-abierta-a-la-inmunoterapia-en-el-cancer-mas-agresivo.html\">Puerta abierta a la inmunoterapia en el c\u00e1ncer m\u00e1s agresivo<\/a>&#8211;<\/u>\u00a0El Pa\u00eds<\/p>\n<p><u><a href=\"https:\/\/elpais.com\/tecnologia\/2020\/05\/29\/actualidad\/1590732338_426554.html\">Ingrid Garc\u00eda-Jonsson, o c\u00f3mo resistirse a la tecnolog\u00eda<\/a><\/u>&#8211; El Pa\u00eds<\/p>\n<p><u><a href=\"https:\/\/www.rtve.es\/noticias\/20200528\/10-grandes-comics-sobre-mujeres\/2014342.shtml\">10 grandes c\u00f3mics de y sobre\u00a0mujeres<\/a><\/u>&#8211;\u00a0Rtve<\/p>\n<p><u><a href=\"https:\/\/www.elespanol.com\/mujer\/mujeres-historia\/20200528\/grandes-pecadoras-historia-mujeres-poderosas-llamo-putas\/493202056_0.html\">Las 10 grandes &#8216;pecadoras&#8217; de la historia: por qu\u00e9 a las&#8230;<\/a><\/u>&#8211;\u00a0El Espa\u00f1ol<\/p>\n<p><u><a href=\"https:\/\/www.libertaddigital.com\/cultura\/libros\/2020-05-29\/diotima-maestra-socrates-laura-mas-amor-platonico-1276658490\/\">Diotima, la maestra de S\u00f3crates a la que debemos el &#8230;<\/a><\/u>&#8211;\u00a0Libertad Digital<strong>\u00a0<\/strong><\/p>\n<p><strong>Deporte<\/strong><\/p>\n<p><a href=\"https:\/\/www.google.com\/url?rct=j&amp;sa=t&amp;url=https:\/\/www.estadiodeportivo.com\/noticias-futbol\/2020\/05\/27\/afe-elabora-plan-choque-profesionalizacion\/280148.html&amp;ct=ga&amp;cd=CAEYByoUMTU4Nzg4MzY5MDE3OTA3MjkzNzcyGWMwMzcyZWJjMmZlYWRhNTk6ZXM6ZXM6RVM&amp;usg=AFQjCNHimN0zoUG2yxDWSZWvkRUK87rJCw\">La AFE elabora un plan de choque para la profesionalizaci\u00f3n de la Primera divisi\u00f3n femenina<\/a>&#8211;\u00a0<a href=\"http:\/\/estadiodeportivo.com\/\">estadiodeportivo.com<\/a><\/p>\n<p><u><a href=\"https:\/\/elpais.com\/deportes\/2020-05-28\/marta-xargay-no-disfrutaba-necesito-coger-aire.html\">Marta Xargay: \u201cNecesito coger aire. No disfrutaba\u201d<\/a>&#8211;<\/u>\u00a0El Pa\u00eds<\/p>\n<p>[\/toggle]<\/p>\n<p>[toggle type=\u00bbfirst\u00bb title=\u00bbInternacional\u00bb]<\/p>\n<p><a href=\"https:\/\/www.google.com\/url?rct=j&amp;sa=t&amp;url=https:\/\/www.publico.es\/internacional\/brecha-genero-crisis-economica-covid-19-le-da-hachazo-mujer-estados-unidos.html&amp;ct=ga&amp;cd=CAEYACoTMjA3NTAxMzY3MTEyODkxNTc5MzIZYzAzNzJlYmMyZmVhZGE1OTplczplczpFUw&amp;usg=AFQjCNGl70AmMcHIf4DWbmMJT0ngCIgP0A\">La crisis econ\u00f3mica por la covid-19 le da un hachazo al empleo de la\u00a0mujer\u00a0en Estados Unidos<\/a>&#8211;\u00a0P\u00fablico<\/p>\n<p><u><a href=\"https:\/\/elpais.com\/economia\/2020-05-28\/el-fmi-advierte-a-los-paises-de-una-posible-ola-de-bancarrotas-en-bancos-debiles.html\">El FMI advierte a los pa\u00edses de una posible ola de bancarrotas en bancos \u201cd\u00e9biles\u201d<\/a><\/u>-El Pa\u00eds<\/p>\n<p><a href=\"https:\/\/elpais.com\/tecnologia\/2020\/05\/27\/actualidad\/1590563724_213975.html\">Cathy O\u2019Neil, matem\u00e1tica, cient\u00edfica de datos y activista, a diferencia de China, en Occidente los gobiernos no nos dicen que nos vigilan\u201d<\/a>-El Pa\u00eds<\/p>\n<p><u><a href=\"https:\/\/elpais.com\/internacional\/2020-05-28\/un-albergue-llamado-parlamento-europeo.html\">Un edificio de la Euroc\u00e1mara en Bruselas da cobijo a 103 mujeres vulnerables durante la pandemia<\/a>\u00a0\u2013<\/u>El Pa\u00eds<\/p>\n<p><u><a href=\"https:\/\/www.eldiario.es\/cv\/desolvidador\/Sojourner_Truth-opresion-mujer_negra_6_1032456745.html\">A 169 a\u00f1os de un discurso m\u00edtico: \u00ab\u00bfAcaso no soy una\u00a0mujer?\u00bb<\/a><\/u>&#8211;\u00a0<a href=\"http:\/\/eldiario.es\/\">eldiario.es<\/a><\/p>\n<p><u><a href=\"https:\/\/elpais.com\/sociedad\/2020-05-29\/harvey-weinstein-acusado-de-nuevos-delitos-sexuales-uno-a-una-menor-de-edad.html\">Harvey Weinstein, acusado de nuevos delitos sexuales, uno a una menor de edad<\/a><\/u>-El Pa\u00eds<\/p>\n<p><u><a href=\"https:\/\/elpais.com\/cultura\/2020-05-28\/muere-a-los-77-anos-irm-hermann-musa-de-fassbinder-y-gran-dama-de-la-television-alemana.html\">Muere a los 77 a\u00f1os Irm Hermann, musa de Fassbinder y gran dama de la televisi\u00f3n alemana<\/a><\/u>-El Pa\u00eds<\/p>\n<p><u><a href=\"https:\/\/iusport.com\/art\/107239\/las-mujeres-copan-casi-el-50-de-las-comisiones-del-coi\">Las\u00a0mujeres\u00a0copan casi el 50% de las comisiones del COI<\/a>&#8211;<\/u>\u00a0Iusport<\/p>\n<p>[\/toggle]<\/p>\n<\/div>\n<\/div>\n<\/div>\n<\/div>\n<\/div>\n<\/div>\n","protected":false},"excerpt":{"rendered":"<p>IM y FEMP apoyar\u00e1n proyectos municipales de corresponsabilidad-Abuela, maestra y <a href=\"https:\/\/cklcomunicaciones.es\/coop\/noticias-info-ckl-no-2-460-29-05-20\/\">[&#8230;]<\/a><\/p>\n","protected":false},"author":3,"featured_media":0,"comment_status":"closed","ping_status":"closed","sticky":false,"template":"","format":"standard","meta":{"footnotes":""},"categories":[298,623],"tags":[103,213,219],"class_list":["post-14976","post","type-post","status-publish","format-standard","hentry","category-newsletter","category-nwl-2-0","tag-ckl","tag-comunicacion-inclusiva","tag-perspectiva-de-genero"],"yoast_head":"<!-- This site is optimized with the Yoast SEO plugin v27.5 - https:\/\/yoast.com\/product\/yoast-seo-wordpress\/ -->\n<title>Noticias Info CKL n\u00ba 2.460-2905\/20-Comunicar con perspectiva de g\u00e9nero<\/title>\n<meta name=\"description\" content=\"Comunicar con perspectiva de g\u00e9nero: IM\/FEMP apoyar\u00e1n proyectos municipales de corresponsabilidad-Abuela, maestra y canguro online-Las 10 grandes pecadoras\" \/>\n<meta name=\"robots\" content=\"index, follow, max-snippet:-1, max-image-preview:large, max-video-preview:-1\" \/>\n<link rel=\"canonical\" href=\"https:\/\/cklcomunicaciones.es\/coop\/noticias-info-ckl-no-2-460-29-05-20\/\" \/>\n<meta property=\"og:locale\" content=\"es_ES\" \/>\n<meta property=\"og:type\" content=\"article\" \/>\n<meta property=\"og:title\" content=\"Noticias Info CKL n\u00ba 2.460-2905\/20-Comunicar con perspectiva de g\u00e9nero\" \/>\n<meta property=\"og:description\" content=\"Comunicar con perspectiva de g\u00e9nero: IM\/FEMP apoyar\u00e1n proyectos municipales de corresponsabilidad-Abuela, maestra y canguro online-Las 10 grandes pecadoras\" \/>\n<meta property=\"og:url\" content=\"https:\/\/cklcomunicaciones.es\/coop\/noticias-info-ckl-no-2-460-29-05-20\/\" \/>\n<meta property=\"og:site_name\" content=\"CKL Comunicaciones\" \/>\n<meta property=\"article:published_time\" content=\"2020-05-29T10:50:11+00:00\" \/>\n<meta property=\"article:modified_time\" content=\"2025-01-17T15:47:38+00:00\" \/>\n<meta property=\"og:image\" content=\"https:\/\/cklcomunicaciones.es\/coop\/wp-content\/uploads\/2018\/03\/CKL_comunicacion-con-perspetiva-de-genero.jpg\" \/>\n\t<meta property=\"og:image:width\" content=\"500\" \/>\n\t<meta property=\"og:image:height\" content=\"500\" \/>\n\t<meta property=\"og:image:type\" content=\"image\/jpeg\" \/>\n<meta name=\"author\" content=\"ckl\" \/>\n<meta name=\"twitter:card\" content=\"summary_large_image\" \/>\n<meta name=\"twitter:label1\" content=\"Escrito por\" \/>\n\t<meta name=\"twitter:data1\" content=\"ckl\" \/>\n\t<meta name=\"twitter:label2\" content=\"Tiempo de lectura\" \/>\n\t<meta name=\"twitter:data2\" content=\"5 minutos\" \/>\n<script type=\"application\/ld+json\" class=\"yoast-schema-graph\">{\"@context\":\"https:\\\/\\\/schema.org\",\"@graph\":[{\"@type\":\"Article\",\"@id\":\"https:\\\/\\\/cklcomunicaciones.es\\\/coop\\\/noticias-info-ckl-no-2-460-29-05-20\\\/#article\",\"isPartOf\":{\"@id\":\"https:\\\/\\\/cklcomunicaciones.es\\\/coop\\\/noticias-info-ckl-no-2-460-29-05-20\\\/\"},\"author\":{\"name\":\"ckl\",\"@id\":\"https:\\\/\\\/cklcomunicaciones.es\\\/coop\\\/#\\\/schema\\\/person\\\/929a6837f7626450bbb50cee1aef266e\"},\"headline\":\"Noticias Info CKL n\u00ba 2.460-29\\\/05\\\/20\",\"datePublished\":\"2020-05-29T10:50:11+00:00\",\"dateModified\":\"2025-01-17T15:47:38+00:00\",\"mainEntityOfPage\":{\"@id\":\"https:\\\/\\\/cklcomunicaciones.es\\\/coop\\\/noticias-info-ckl-no-2-460-29-05-20\\\/\"},\"wordCount\":1036,\"image\":{\"@id\":\"https:\\\/\\\/cklcomunicaciones.es\\\/coop\\\/noticias-info-ckl-no-2-460-29-05-20\\\/#primaryimage\"},\"thumbnailUrl\":\"http:\\\/\\\/www.cklcomunicaciones.es\\\/wp-content\\\/uploads\\\/2018\\\/03\\\/CKL_comunicacion-con-perspetiva-de-genero-300x300.jpg\",\"keywords\":[\"CKL\",\"comunicaci\u00f3n inclusiva\",\"perspectiva de g\u00e9nero\"],\"articleSection\":[\"Newsletter\",\"Nwl v2.0\"],\"inLanguage\":\"es\"},{\"@type\":\"WebPage\",\"@id\":\"https:\\\/\\\/cklcomunicaciones.es\\\/coop\\\/noticias-info-ckl-no-2-460-29-05-20\\\/\",\"url\":\"https:\\\/\\\/cklcomunicaciones.es\\\/coop\\\/noticias-info-ckl-no-2-460-29-05-20\\\/\",\"name\":\"Noticias Info CKL n\u00ba 2.460-2905\\\/20-Comunicar con perspectiva de g\u00e9nero\",\"isPartOf\":{\"@id\":\"https:\\\/\\\/cklcomunicaciones.es\\\/coop\\\/#website\"},\"primaryImageOfPage\":{\"@id\":\"https:\\\/\\\/cklcomunicaciones.es\\\/coop\\\/noticias-info-ckl-no-2-460-29-05-20\\\/#primaryimage\"},\"image\":{\"@id\":\"https:\\\/\\\/cklcomunicaciones.es\\\/coop\\\/noticias-info-ckl-no-2-460-29-05-20\\\/#primaryimage\"},\"thumbnailUrl\":\"http:\\\/\\\/www.cklcomunicaciones.es\\\/wp-content\\\/uploads\\\/2018\\\/03\\\/CKL_comunicacion-con-perspetiva-de-genero-300x300.jpg\",\"datePublished\":\"2020-05-29T10:50:11+00:00\",\"dateModified\":\"2025-01-17T15:47:38+00:00\",\"author\":{\"@id\":\"https:\\\/\\\/cklcomunicaciones.es\\\/coop\\\/#\\\/schema\\\/person\\\/929a6837f7626450bbb50cee1aef266e\"},\"description\":\"Comunicar con perspectiva de g\u00e9nero: IM\\\/FEMP apoyar\u00e1n proyectos municipales de corresponsabilidad-Abuela, maestra y canguro online-Las 10 grandes pecadoras\",\"breadcrumb\":{\"@id\":\"https:\\\/\\\/cklcomunicaciones.es\\\/coop\\\/noticias-info-ckl-no-2-460-29-05-20\\\/#breadcrumb\"},\"inLanguage\":\"es\",\"potentialAction\":[{\"@type\":\"ReadAction\",\"target\":[\"https:\\\/\\\/cklcomunicaciones.es\\\/coop\\\/noticias-info-ckl-no-2-460-29-05-20\\\/\"]}]},{\"@type\":\"ImageObject\",\"inLanguage\":\"es\",\"@id\":\"https:\\\/\\\/cklcomunicaciones.es\\\/coop\\\/noticias-info-ckl-no-2-460-29-05-20\\\/#primaryimage\",\"url\":\"http:\\\/\\\/www.cklcomunicaciones.es\\\/wp-content\\\/uploads\\\/2018\\\/03\\\/CKL_comunicacion-con-perspetiva-de-genero-300x300.jpg\",\"contentUrl\":\"http:\\\/\\\/www.cklcomunicaciones.es\\\/wp-content\\\/uploads\\\/2018\\\/03\\\/CKL_comunicacion-con-perspetiva-de-genero-300x300.jpg\"},{\"@type\":\"BreadcrumbList\",\"@id\":\"https:\\\/\\\/cklcomunicaciones.es\\\/coop\\\/noticias-info-ckl-no-2-460-29-05-20\\\/#breadcrumb\",\"itemListElement\":[{\"@type\":\"ListItem\",\"position\":1,\"name\":\"Portada\",\"item\":\"https:\\\/\\\/cklcomunicaciones.es\\\/coop\\\/\"},{\"@type\":\"ListItem\",\"position\":2,\"name\":\"Noticias Info CKL n\u00ba 2.460-29\\\/05\\\/20\"}]},{\"@type\":\"WebSite\",\"@id\":\"https:\\\/\\\/cklcomunicaciones.es\\\/coop\\\/#website\",\"url\":\"https:\\\/\\\/cklcomunicaciones.es\\\/coop\\\/\",\"name\":\"CKL Comunicaciones\",\"description\":\"Sitio web de CKL Comunicaciones coop , la consultora de comunicaci\u00f3n y estrategia\",\"potentialAction\":[{\"@type\":\"SearchAction\",\"target\":{\"@type\":\"EntryPoint\",\"urlTemplate\":\"https:\\\/\\\/cklcomunicaciones.es\\\/coop\\\/?s={search_term_string}\"},\"query-input\":{\"@type\":\"PropertyValueSpecification\",\"valueRequired\":true,\"valueName\":\"search_term_string\"}}],\"inLanguage\":\"es\"},{\"@type\":\"Person\",\"@id\":\"https:\\\/\\\/cklcomunicaciones.es\\\/coop\\\/#\\\/schema\\\/person\\\/929a6837f7626450bbb50cee1aef266e\",\"name\":\"ckl\",\"image\":{\"@type\":\"ImageObject\",\"inLanguage\":\"es\",\"@id\":\"https:\\\/\\\/secure.gravatar.com\\\/avatar\\\/c82db564e8a669bf6023357a157b9dc4780f4d4c618f2ad1d71a6a5dede45057?s=96&d=mm&r=g\",\"url\":\"https:\\\/\\\/secure.gravatar.com\\\/avatar\\\/c82db564e8a669bf6023357a157b9dc4780f4d4c618f2ad1d71a6a5dede45057?s=96&d=mm&r=g\",\"contentUrl\":\"https:\\\/\\\/secure.gravatar.com\\\/avatar\\\/c82db564e8a669bf6023357a157b9dc4780f4d4c618f2ad1d71a6a5dede45057?s=96&d=mm&r=g\",\"caption\":\"ckl\"},\"url\":\"https:\\\/\\\/cklcomunicaciones.es\\\/coop\\\/author\\\/cklcomunicaciones\\\/\"}]}<\/script>\n<!-- \/ Yoast SEO plugin. -->","yoast_head_json":{"title":"Noticias Info CKL n\u00ba 2.460-2905\/20-Comunicar con perspectiva de g\u00e9nero","description":"Comunicar con perspectiva de g\u00e9nero: IM\/FEMP apoyar\u00e1n proyectos municipales de corresponsabilidad-Abuela, maestra y canguro online-Las 10 grandes pecadoras","robots":{"index":"index","follow":"follow","max-snippet":"max-snippet:-1","max-image-preview":"max-image-preview:large","max-video-preview":"max-video-preview:-1"},"canonical":"https:\/\/cklcomunicaciones.es\/coop\/noticias-info-ckl-no-2-460-29-05-20\/","og_locale":"es_ES","og_type":"article","og_title":"Noticias Info CKL n\u00ba 2.460-2905\/20-Comunicar con perspectiva de g\u00e9nero","og_description":"Comunicar con perspectiva de g\u00e9nero: IM\/FEMP apoyar\u00e1n proyectos municipales de corresponsabilidad-Abuela, maestra y canguro online-Las 10 grandes pecadoras","og_url":"https:\/\/cklcomunicaciones.es\/coop\/noticias-info-ckl-no-2-460-29-05-20\/","og_site_name":"CKL Comunicaciones","article_published_time":"2020-05-29T10:50:11+00:00","article_modified_time":"2025-01-17T15:47:38+00:00","og_image":[{"width":500,"height":500,"url":"https:\/\/cklcomunicaciones.es\/coop\/wp-content\/uploads\/2018\/03\/CKL_comunicacion-con-perspetiva-de-genero.jpg","type":"image\/jpeg"}],"author":"ckl","twitter_card":"summary_large_image","twitter_misc":{"Escrito por":"ckl","Tiempo de lectura":"5 minutos"},"schema":{"@context":"https:\/\/schema.org","@graph":[{"@type":"Article","@id":"https:\/\/cklcomunicaciones.es\/coop\/noticias-info-ckl-no-2-460-29-05-20\/#article","isPartOf":{"@id":"https:\/\/cklcomunicaciones.es\/coop\/noticias-info-ckl-no-2-460-29-05-20\/"},"author":{"name":"ckl","@id":"https:\/\/cklcomunicaciones.es\/coop\/#\/schema\/person\/929a6837f7626450bbb50cee1aef266e"},"headline":"Noticias Info CKL n\u00ba 2.460-29\/05\/20","datePublished":"2020-05-29T10:50:11+00:00","dateModified":"2025-01-17T15:47:38+00:00","mainEntityOfPage":{"@id":"https:\/\/cklcomunicaciones.es\/coop\/noticias-info-ckl-no-2-460-29-05-20\/"},"wordCount":1036,"image":{"@id":"https:\/\/cklcomunicaciones.es\/coop\/noticias-info-ckl-no-2-460-29-05-20\/#primaryimage"},"thumbnailUrl":"http:\/\/www.cklcomunicaciones.es\/wp-content\/uploads\/2018\/03\/CKL_comunicacion-con-perspetiva-de-genero-300x300.jpg","keywords":["CKL","comunicaci\u00f3n inclusiva","perspectiva de g\u00e9nero"],"articleSection":["Newsletter","Nwl v2.0"],"inLanguage":"es"},{"@type":"WebPage","@id":"https:\/\/cklcomunicaciones.es\/coop\/noticias-info-ckl-no-2-460-29-05-20\/","url":"https:\/\/cklcomunicaciones.es\/coop\/noticias-info-ckl-no-2-460-29-05-20\/","name":"Noticias Info CKL n\u00ba 2.460-2905\/20-Comunicar con perspectiva de g\u00e9nero","isPartOf":{"@id":"https:\/\/cklcomunicaciones.es\/coop\/#website"},"primaryImageOfPage":{"@id":"https:\/\/cklcomunicaciones.es\/coop\/noticias-info-ckl-no-2-460-29-05-20\/#primaryimage"},"image":{"@id":"https:\/\/cklcomunicaciones.es\/coop\/noticias-info-ckl-no-2-460-29-05-20\/#primaryimage"},"thumbnailUrl":"http:\/\/www.cklcomunicaciones.es\/wp-content\/uploads\/2018\/03\/CKL_comunicacion-con-perspetiva-de-genero-300x300.jpg","datePublished":"2020-05-29T10:50:11+00:00","dateModified":"2025-01-17T15:47:38+00:00","author":{"@id":"https:\/\/cklcomunicaciones.es\/coop\/#\/schema\/person\/929a6837f7626450bbb50cee1aef266e"},"description":"Comunicar con perspectiva de g\u00e9nero: IM\/FEMP apoyar\u00e1n proyectos municipales de corresponsabilidad-Abuela, maestra y canguro online-Las 10 grandes pecadoras","breadcrumb":{"@id":"https:\/\/cklcomunicaciones.es\/coop\/noticias-info-ckl-no-2-460-29-05-20\/#breadcrumb"},"inLanguage":"es","potentialAction":[{"@type":"ReadAction","target":["https:\/\/cklcomunicaciones.es\/coop\/noticias-info-ckl-no-2-460-29-05-20\/"]}]},{"@type":"ImageObject","inLanguage":"es","@id":"https:\/\/cklcomunicaciones.es\/coop\/noticias-info-ckl-no-2-460-29-05-20\/#primaryimage","url":"http:\/\/www.cklcomunicaciones.es\/wp-content\/uploads\/2018\/03\/CKL_comunicacion-con-perspetiva-de-genero-300x300.jpg","contentUrl":"http:\/\/www.cklcomunicaciones.es\/wp-content\/uploads\/2018\/03\/CKL_comunicacion-con-perspetiva-de-genero-300x300.jpg"},{"@type":"BreadcrumbList","@id":"https:\/\/cklcomunicaciones.es\/coop\/noticias-info-ckl-no-2-460-29-05-20\/#breadcrumb","itemListElement":[{"@type":"ListItem","position":1,"name":"Portada","item":"https:\/\/cklcomunicaciones.es\/coop\/"},{"@type":"ListItem","position":2,"name":"Noticias Info CKL n\u00ba 2.460-29\/05\/20"}]},{"@type":"WebSite","@id":"https:\/\/cklcomunicaciones.es\/coop\/#website","url":"https:\/\/cklcomunicaciones.es\/coop\/","name":"CKL Comunicaciones","description":"Sitio web de CKL Comunicaciones coop , la consultora de comunicaci\u00f3n y estrategia","potentialAction":[{"@type":"SearchAction","target":{"@type":"EntryPoint","urlTemplate":"https:\/\/cklcomunicaciones.es\/coop\/?s={search_term_string}"},"query-input":{"@type":"PropertyValueSpecification","valueRequired":true,"valueName":"search_term_string"}}],"inLanguage":"es"},{"@type":"Person","@id":"https:\/\/cklcomunicaciones.es\/coop\/#\/schema\/person\/929a6837f7626450bbb50cee1aef266e","name":"ckl","image":{"@type":"ImageObject","inLanguage":"es","@id":"https:\/\/secure.gravatar.com\/avatar\/c82db564e8a669bf6023357a157b9dc4780f4d4c618f2ad1d71a6a5dede45057?s=96&d=mm&r=g","url":"https:\/\/secure.gravatar.com\/avatar\/c82db564e8a669bf6023357a157b9dc4780f4d4c618f2ad1d71a6a5dede45057?s=96&d=mm&r=g","contentUrl":"https:\/\/secure.gravatar.com\/avatar\/c82db564e8a669bf6023357a157b9dc4780f4d4c618f2ad1d71a6a5dede45057?s=96&d=mm&r=g","caption":"ckl"},"url":"https:\/\/cklcomunicaciones.es\/coop\/author\/cklcomunicaciones\/"}]}},"_links":{"self":[{"href":"https:\/\/cklcomunicaciones.es\/coop\/wp-json\/wp\/v2\/posts\/14976","targetHints":{"allow":["GET"]}}],"collection":[{"href":"https:\/\/cklcomunicaciones.es\/coop\/wp-json\/wp\/v2\/posts"}],"about":[{"href":"https:\/\/cklcomunicaciones.es\/coop\/wp-json\/wp\/v2\/types\/post"}],"author":[{"embeddable":true,"href":"https:\/\/cklcomunicaciones.es\/coop\/wp-json\/wp\/v2\/users\/3"}],"replies":[{"embeddable":true,"href":"https:\/\/cklcomunicaciones.es\/coop\/wp-json\/wp\/v2\/comments?post=14976"}],"version-history":[{"count":0,"href":"https:\/\/cklcomunicaciones.es\/coop\/wp-json\/wp\/v2\/posts\/14976\/revisions"}],"wp:attachment":[{"href":"https:\/\/cklcomunicaciones.es\/coop\/wp-json\/wp\/v2\/media?parent=14976"}],"wp:term":[{"taxonomy":"category","embeddable":true,"href":"https:\/\/cklcomunicaciones.es\/coop\/wp-json\/wp\/v2\/categories?post=14976"},{"taxonomy":"post_tag","embeddable":true,"href":"https:\/\/cklcomunicaciones.es\/coop\/wp-json\/wp\/v2\/tags?post=14976"}],"curies":[{"name":"wp","href":"https:\/\/api.w.org\/{rel}","templated":true}]}}