{"id":14959,"date":"2020-05-11T14:06:16","date_gmt":"2020-05-11T12:06:16","guid":{"rendered":"http:\/\/www.cklcomunicaciones.es\/?p=14959"},"modified":"2025-01-17T16:47:40","modified_gmt":"2025-01-17T15:47:40","slug":"noticias-info-ckl-no-2-453-11-05-20","status":"publish","type":"post","link":"https:\/\/cklcomunicaciones.es\/coop\/noticias-info-ckl-no-2-453-11-05-20\/","title":{"rendered":"Noticias Info CKL n\u00ba 2.453-11\/05\/20"},"content":{"rendered":"<div id=\"pl-14959\"  class=\"panel-layout\" >\n<div id=\"pg-14959-0\"  class=\"panel-grid panel-no-style\"  data-style=\"{&quot;background_image_attachment&quot;:false,&quot;background_display&quot;:&quot;tile&quot;,&quot;cell_alignment&quot;:&quot;flex-start&quot;}\" >\n<div id=\"pgc-14959-0-0\"  class=\"panel-grid-cell\"  data-weight=\"1\" >\n<div id=\"panel-14959-0-0-0\" class=\"so-panel widget widget_sow-editor panel-first-child panel-last-child\" data-index=\"0\" data-style=\"{&quot;background_image_attachment&quot;:false,&quot;background_display&quot;:&quot;tile&quot;}\" >\n<div class=\"so-widget-sow-editor so-widget-sow-editor-base\">\n<div class=\"siteorigin-widget-tinymce textwidget\">\n<p><img decoding=\"async\" class=\"lazyload  wp-image-13726\" src=\"http:\/\/www.cklcomunicaciones.es\/wp-content\/uploads\/2018\/03\/CKL_comunicacion-con-perspetiva-de-genero-300x300.jpg\" data-orig-src=\"http:\/\/www.cklcomunicaciones.es\/wp-content\/uploads\/2018\/03\/CKL_comunicacion-con-perspetiva-de-genero-300x300.jpg\" alt=\"CKL_comunicacion con perspetiva de genero\" width=\"132\" height=\"132\" srcset=\"data:image\/svg+xml,%3Csvg%20xmlns%3D%27http%3A%2F%2Fwww.w3.org%2F2000%2Fsvg%27%20width%3D%27132%27%20height%3D%27132%27%20viewBox%3D%270%200%20132%20132%27%3E%3Crect%20width%3D%27132%27%20height%3D%27132%27%20fill-opacity%3D%220%22%2F%3E%3C%2Fsvg%3E\" data-srcset=\"https:\/\/cklcomunicaciones.es\/coop\/wp-content\/uploads\/2018\/03\/CKL_comunicacion-con-perspetiva-de-genero-150x150.jpg 150w, https:\/\/cklcomunicaciones.es\/coop\/wp-content\/uploads\/2018\/03\/CKL_comunicacion-con-perspetiva-de-genero-300x300.jpg 300w, https:\/\/cklcomunicaciones.es\/coop\/wp-content\/uploads\/2018\/03\/CKL_comunicacion-con-perspetiva-de-genero-450x450.jpg 450w, https:\/\/cklcomunicaciones.es\/coop\/wp-content\/uploads\/2018\/03\/CKL_comunicacion-con-perspetiva-de-genero.jpg 500w\" data-sizes=\"auto\" data-orig-sizes=\"(max-width: 132px) 100vw, 132px\" \/><\/p>\n<p id=\":kt\" class=\"hP\" tabindex=\"-1\" data-thread-perm-id=\"thread-f:1666395143972669996\" data-legacy-thread-id=\"1720398df3ed4a2c\"><strong>Igualdad ve \u201cimprescindible\u201d la perspectiva de g\u00e9nero en la respuesta a la pandemia-Miradas desde la econom\u00eda feminista y el ecofeminismo-La hora de las ministras-Las ciudades como vanguardia post-Covid-19<\/strong><\/p>\n<p>[toggle type=\u00bbfirst\u00bb title=\u00bbConvocatorias\u00bb]<\/p>\n<ul>\n<li><a href=\"https:\/\/asad.es\/noticias\/curso-online-ciberfeminismos-asad\/\">Curso \u2018Ciberfeminismos: Herramientas para la realizaci\u00f3n de campa\u00f1as de comunicaci\u00f3n con enfoque interseccional\u2019<\/a>. Asociaci\u00f3n Solidaria Andaluza de Desarrollo (ASAD). Del 18 de mayo al 5 de junio de 2020 (16 horas)<\/li>\n<li>Exposici\u00f3n virtual \u201cSemillas del nuevo Marruecos\u201d. Fundaci\u00f3n Tres Culturas:\u00a0<a href=\"http:\/\/tresculturas.org\/actividad\/exposicion-virtual-semillas-del-nuevo-marruecos\/\">http:\/\/tresculturas.org\/actividad\/exposicion-virtual-semillas-del-nuevo-marruecos\/<\/a><\/li>\n<li>Exposici\u00f3n online\u00a0<a href=\"https:\/\/schuman70.eui.eu\/\">\u00abEuropa y los europeos 1950 &gt; 2020: 70 aniversario de la Declaraci\u00f3n de Schuman\u00bb<\/a><\/li>\n<\/ul>\n<p>[\/toggle]<\/p>\n<p>[toggle type=\u00bbfirst\u00bb title=\u00bbComunicaci\u00f3n\u00bb]<\/p>\n<p><a href=\"https:\/\/elpais.com\/sociedad\/modelo-de-suscripcion\/2020-04-30\/podcast-la-directora-de-el-pais-soledad-gallego-diaz-habla-con-montserrat-dominguez-sobre-el-periodismo-en-tiempos-del-coronavirus.html\">Soledad Gallego-D\u00edaz, directora de EL PA\u00cdS habla sobre el periodismo en tiempos del coronavirus<\/a>-El Pa\u00eds<\/p>\n<p><a href=\"https:\/\/elpais.com\/television\/2020-05-08\/tve-sustituye-a-maria-casado-por-monica-lopez-al-frente-de-la-manana.html\">TVE sustituye a Mar\u00eda Casado por M\u00f3nica L\u00f3pez al frente de \u2018La ma\u00f1ana\u2019<\/a>-El Pa\u00eds<\/p>\n<p><a href=\"https:\/\/www.google.com\/url?rct=j&amp;sa=t&amp;url=https:\/\/www.capital.es\/2020\/05\/08\/la-fundacion-adecco-lanza-su-nueva-guia-redesparatodos-para-ayudar-a-las-personas-en-riesgo-de-exclusion\/&amp;ct=ga&amp;cd=CAEYASoUMTYzNDY4ODE2NDI3MTkzODU3MjUyGWUxZTc3ZDE1NjA5OGE4ZTM6ZXM6ZXM6RVM&amp;usg=AFQjCNEo61HositR1QjZVm-qvR_iqjkqIg\">La Fundaci\u00f3n Adecco lanza su\u00a0nueva\u00a0Gu\u00eda #RedesParaTodos para ayudar a las personas en exclusi\u00f3n social&#8230;<\/a>&#8211;\u00a0Capital (Espa\u00f1a)<\/p>\n<p><a href=\"https:\/\/elpais.com\/tecnologia\/2020-05-09\/nuestro-deber-es-ser-ingratos-con-facebook.html\">\u201cNuestro deber es ser ingratos con Facebook\u201d<\/a>&#8211;\u00a0El Pa\u00eds<\/p>\n<p><a href=\"https:\/\/www.eldiario.es\/catalunya\/redes-sociales-videojuegos-ciberdelincuentes-menores_0_1024698499.html\">Silvia Barrera, experta en cibercrimen: \u00abDejar un m\u00f3vil con internet a un ni\u00f1o sin supervisarle es como abandonarlo en un centro comercial\u00bb<\/a>&#8211;<a href=\"http:\/\/eldiario.es\/\">eldiario.es<\/a><\/p>\n<p><a href=\"https:\/\/elpais.com\/tecnologia\/2020-05-08\/facebook-y-google-extienden-el-teletrabajo-hasta-final-de-ano.html\">Facebook y Google extienden el teletrabajo hasta final de a\u00f1o<\/a>\u00a0\u2013 El Pa\u00eds<\/p>\n<p>[\/toggle]<\/p>\n<p>[toggle type=\u00bbfirst\u00bb title=\u00bbAndaluc\u00eda\u00bb]<\/p>\n<p><strong>Institucional<\/strong><a href=\"https:\/\/www.europapress.es\/andalucia\/noticia-parlamento-retoma-semana-comisiones-aforo-reducido-comparecencias-cinco-consejeros-20200510115944.html\"><br \/>\nEl Parlamento retoma esta semana las comisiones, con aforo reducido &#8230;<\/a>&#8211;\u00a0Europa Pres<strong>\u00a0<\/strong><\/p>\n<p><strong>Econom\u00eda y Empresas<\/strong><\/p>\n<p><a href=\"https:\/\/sevilla.abc.es\/opinion\/sevi-maria-jesus-catala-directora-caixabank-andalucia-y-extremadura-reactivar-juntos-economia-202005090820_noticia.html\">Reactivar juntos la\u00a0econom\u00eda<\/a>&#8211;\u00a0<a href=\"http:\/\/abcdesevilla.es\/\">abcdesevilla.es<\/a><\/p>\n<p><a href=\"https:\/\/www.eldiario.es\/euronautas\/Miradas-economia-feminista-ecofeminismo_6_1025107531.html\">Miradas desde la econom\u00eda feminista y el ecofeminismo<\/a>\u00a0\u2013eldiario.es<\/p>\n<p><a href=\"https:\/\/www.juntadeandalucia.es\/presidencia\/portavoz\/151763\/Empleo\/ConsejeriadeEmpleo\/empresastecnologicas\/programas\/formaciondigital\">Empleo acuerda con empresas tecnol\u00f3gicas el acceso gratuito a programas de formaci\u00f3n digital<\/a>\u00a0\u2013 Oficina del Portavoz<\/p>\n<p><a href=\"https:\/\/www.europapress.es\/esandalucia\/sevilla\/noticia-siete-lanzaderas-conecta-empleo-andalucia-comenzaran-funcionar-mayo-formato-digital-20200511133806.html\">Las siete Lanzaderas Conecta Empleo de\u00a0Andaluc\u00eda\u00a0&#8230;<\/a>&#8211;\u00a0Europa Press<\/p>\n<p><strong>Actualidad<\/strong><a href=\"https:\/\/www.google.com\/url?rct=j&amp;sa=t&amp;url=https:\/\/www.ideal.es\/jaen\/jaen\/instituto-andaluz-mujer-20200511221322-nt.html&amp;ct=ga&amp;cd=CAEYACoUMTc3MjcwNDEyMzg2MzA2NTcwOTkyGWMwMzcyZWJjMmZlYWRhNTk6ZXM6ZXM6RVM&amp;usg=AFQjCNH38ZSM-8PksTZjR9X-WiPk3pr80g\"><br \/>\nEl\u00a0Instituto\u00a0Andaluz de la\u00a0Mujer\u00a0atiende a un 34% m\u00e1s de usuarias durante el confinamiento<\/a>&#8211;\u00a0Ideal Digital<\/p>\n<p><a href=\"http:\/\/www.teleprensa.com\/es\/nacional\/andalucia\/sevilla\/el-consistorio-reabre-todos-los-ciam-y-reincorpora-a-la-mitad-del-personal-de-servicios-sociales.html\">El Ayuntamiento de Sevilla reabre \u00abtodos\u00bb los CIAM y reincorpora a la mitad del personal &#8230;<\/a>&#8211;\u00a0Teleprensa peri\u00f3dico digital<\/p>\n<p><a href=\"https:\/\/linagalvez.eu\/ciudades-vanguardia-post-covid19\/\">Las ciudades como vanguardia post-Covid-19\u2026<\/a>-eldiario.es<\/p>\n<p><a href=\"https:\/\/www.eldiario.es\/andalucia\/Manifiesto-defensa-andaluz_0_1025397844.html\">Un manifiesto en defensa del andaluz sale al paso de los \u00abataques\u00bb a la portavoz del Gobierno de Espa\u00f1a<\/a>&#8211;\u00a0eldiario.es<\/p>\n<p><a href=\"https:\/\/www.diariodecadiz.es\/ocio\/ciudades-mujeres-beguinas_0_1462954007.html\">Las ciudades de las\u00a0mujeres<\/a>&#8211;\u00a0Diario de C\u00e1diz<strong>\u00a0<\/strong><\/p>\n<p><strong>Violencias<\/strong><a href=\"https:\/\/www.google.com\/url?rct=j&amp;sa=t&amp;url=https:\/\/www.revistalugardeencuentro.com\/wp\/2020\/05\/08\/el-iam-atiende-a-612-menores-victimas-de-violencia-de-genero-durante-el-confinamiento\/&amp;ct=ga&amp;cd=CAEYACoUMTcwOTI4MTYxMTE5NjQyMDc1MDkyGzlhYjFjZGQ3ZTM2NmVmMzg6ZXM6ZXM6RVM6Ug&amp;usg=AFQjCNE6P38AcsGrKDD_TiKCkCb_UWdk1Q\"><br \/>\nEl IAM atiende a 612 menores v\u00edctimas de violencia de g\u00e9nero durante el confinamiento<\/a>&#8211;\u00a0Revista Lugar Encuentro<\/p>\n<p><a href=\"https:\/\/www.lavozdigital.es\/cadiz\/provincia\/lvdi-confinadas-peor-enemigo-202005110707_noticia.html\">Confinadas con su peor enemigo<\/a>&#8211;\u00a0La Voz Digital<\/p>\n<p><strong>Ciencia y Cultura<\/strong><\/p>\n<p><a href=\"https:\/\/www.mujeremprendedora.net\/ugr-lanza-%ce%bcebt-crear-empresas-basadas-conocimiento-cientifico\/\">La UGR lanza \u201c\u03bcEBT\u201d para crear empresas basadas en el conocimiento cient\u00edfico<\/a>\u00a0\u2013 Mujeremprendedora.net<\/p>\n<p><a href=\"https:\/\/www.diariodesevilla.es\/rastrodelafama\/idea-utopia-necesaria-salir-situacion_0_1462953897.html\">Cinta Canterla, catedr\u00e1tica de Filosof\u00eda de la UPO: \u201cLa idea de utop\u00eda va a ser muy necesaria para salir de esta situaci\u00f3n &#8230;<\/a>&#8211;\u00a0Diario de Sevilla<\/p>\n<p><a href=\"http:\/\/www.sevillaactualidad.com\/andalucia\/148148-desde-manu-sanchez-a-india-martinez-la-cultura-andaluza-se-une-frente-al-coronavirus\/\">Desde Manu S\u00e1nchez a India Mart\u00ednez: la\u00a0cultura andaluza\u00a0se &#8230;<\/a>&#8211;\u00a0Sevilla Actualidad<\/p>\n<p><a href=\"https:\/\/lacontradejaen.com\/zoom-filomena-garrido-jaen\/\">Filomena Garrido, Asociaci\u00f3n de Gestores Culturales de Andaluc\u00eda: \u201cSi algo positivo deja esta pandemia es que hemos valorado&#8230;<\/a>&#8211;\u00a0Lacontradejaen<\/p>\n<p><a href=\"https:\/\/www.eldiario.es\/andalucia\/lacajanegra\/cajon_flamenco\/flamenco-anticipa-crisis-venir-ofensiva_0_1023648246.html\">El flamenco se anticipa a la crisis por venir y pasa a la ofensiva<\/a>\u00a0\u2013\u00a0eldiario.es<\/p>\n<p><a href=\"https:\/\/www.eldiario.es\/filmand\/andaluz-sabor-agridulce-decreto-cultural_6_1024407576.html\">El cine\u00a0andaluz\u00a0mira a casa ante el \u00absabor agridulce\u00bb del real&#8230;<\/a>&#8211;\u00a0eldiario.es<strong>\u00a0<\/strong><\/p>\n<p><strong>Deporte<\/strong><\/p>\n<p><a href=\"https:\/\/sevilla.abc.es\/deportes\/sevi-gesta-mapa-deporte-femenino-sevillano-202005102257_noticia.html\">Una gesta en el mapa del\u00a0deporte femenino\u00a0sevillano<\/a>&#8211;\u00a0abcdesevilla.es<\/p>\n<p><strong>\u00a0<\/strong>[\/toggle]<\/p>\n<p>[toggle type=\u00bbfirst\u00bb title=\u00bbEstado\u00bb]<\/p>\n<p><strong>Institucional<\/strong><a href=\"https:\/\/www.google.com\/url?rct=j&amp;sa=t&amp;url=http:\/\/www.diariosigloxxi.com\/texto-s\/mostrar\/363856\/igualdad-ve-imprescindible-perspectiva-genero-respuesta-pandemia-evitar-aumento-desigualdades&amp;ct=ga&amp;cd=CAEYASoTNTk1MjU4MTYzMzQ1MzYyNDcxOTIZYzAzNzJlYmMyZmVhZGE1OTplczplczpFUw&amp;usg=AFQjCNFFppBct-xuz1BcAgUI68_sHR2i8w\"><br \/>\nIgualdad ve \u201cimprescindible\u201d la perspectiva de g\u00e9nero en la respuesta a la pandemia para evitar el aumento de la desigualdad&#8230;<\/a>&#8211;\u00a0Diario Siglo XXI<\/p>\n<p><a href=\"https:\/\/www.lavanguardia.com\/politica\/20200510\/481055757147\/la-hora-de-las-ministras.html\">La hora de las ministras<\/a>&#8211;\u00a0La Vanguardia<\/p>\n<p><strong>Institucional-CCAA<\/strong><a href=\"https:\/\/www.google.com\/url?rct=j&amp;sa=t&amp;url=https:\/\/www.lavozdeasturias.es\/noticia\/asturias\/2020\/05\/10\/asturiasdispondra-nuevo-modelo-justicia-gratuita\/00031589109142590759235.htm&amp;ct=ga&amp;cd=CAEYASoUMTc0Mjg2NzQzMDQwMTI0MTc1ODYyGWUxZTc3ZDE1NjA5OGE4ZTM6ZXM6ZXM6RVM&amp;usg=AFQjCNE98lMrBqNcvQlgx5LOi4wD7Gef0g\"><br \/>\nAsturias dispondr\u00e1 de un\u00a0nuevo\u00a0modelo de justicia gratuita<\/a>&#8211;\u00a0La Voz de Asturias<\/p>\n<p><a href=\"https:\/\/www.google.com\/url?rct=j&amp;sa=t&amp;url=https:\/\/www.laopiniondemurcia.es\/comunidad\/2020\/05\/10\/55000-mujeres-region-murcia-han\/1112718.html&amp;ct=ga&amp;cd=CAEYByoUMTc3MjcwNDEyMzg2MzA2NTcwOTkyGWMwMzcyZWJjMmZlYWRhNTk6ZXM6ZXM6RVM&amp;usg=AFQjCNHHxKJ6W68qEG95C7Qn61FSjTGbYg\">M\u00e1s de 55.000\u00a0mujeres\u00a0de la Regi\u00f3n de Murcia nunca se han masturbado<\/a>\u00a0-La Opini\u00f3n de Murcia<a href=\"https:\/\/www.google.com\/url?rct=j&amp;sa=t&amp;url=https:\/\/www.atlantico.net\/articulo\/vigo\/chicas-cable-viguesas\/20200510235544773982.html&amp;ct=ga&amp;cd=CAEYDCoUMTc3MjcwNDEyMzg2MzA2NTcwOTkyGWMwMzcyZWJjMmZlYWRhNTk6ZXM6ZXM6RVM&amp;usg=AFQjCNGhPA50JhMREVjEsP7N4n7Bm6y6VA\"><br \/>\nLas &#8216;chicas del cable&#8217; viguesas<\/a>&#8211;\u00a0Diario Atl\u00e1ntico<\/p>\n<p><a href=\"https:\/\/www.google.com\/url?rct=j&amp;sa=t&amp;url=https:\/\/www.elnortedecastilla.es\/salamanca\/salamanca-reune-video-20200508123420-nt.html&amp;ct=ga&amp;cd=CAEYASoUMTY4NjUyOTg3OTIxNzU5MTQ4MjEyGWMwMzcyZWJjMmZlYWRhNTk6ZXM6ZXM6RVM&amp;usg=AFQjCNFxt_Afp8lIMFvK1L33dnvX6skNvw\">Salamanca re\u00fane en un v\u00eddeo a diversas personalidades bajo el lema #M\u00e1sUnidosQueNunca<\/a>&#8211;\u00a0El Norte de Castilla<\/p>\n<p><a href=\"https:\/\/www.google.com\/url?rct=j&amp;sa=t&amp;url=https:\/\/www.agronewscastillayleon.com\/blog\/celia-miravalles\/jornada-line-mujeres-agrosostenibles&amp;ct=ga&amp;cd=CAEYACoTNTk1MjU4MTYzMzQ1MzYyNDcxOTIZYzAzNzJlYmMyZmVhZGE1OTplczplczpFUw&amp;usg=AFQjCNHjP1KghSjRWSmDDN0U7XRK6-SBxA\">Jornada on line \u00abMujeres\u00a0AgroSostenibles\u00bb-\u00a0<\/a>Agronews Castilla y Le\u00f3n<\/p>\n<p><a href=\"https:\/\/www.google.com\/url?rct=j&amp;sa=t&amp;url=https:\/\/www.elperiodicodearagon.com\/noticias\/aragon\/aumentan-intervenciones-bomberos-zaragoza-crisis-psicologicas_1420600.html&amp;ct=ga&amp;cd=CAEYACoTNjkyMTc4MzIwMjE2NDc3Mjg0ODIZYzAzNzJlYmMyZmVhZGE1OTplczplczpFUw&amp;usg=AFQjCNHBPBgCFc7aac-L-CSLT0AF-lNuWg\">Aumentan las intervenciones de los Bomberos de Zaragoza por crisis psicol\u00f3gicas<\/a>&#8211;\u00a0El Peri\u00f3dico de Arag\u00f3n<a href=\"https:\/\/www.google.com\/url?rct=j&amp;sa=t&amp;url=https:\/\/www.heraldo.es\/noticias\/aragon\/teruel\/2020\/05\/10\/anabel-sancho-es-un-orgullo-ser-la-primera-bombera-de-la-provincia-de-teruel-1374042.html&amp;ct=ga&amp;cd=CAEYACoTMTIyMTM5Nzc3MTU5MjA0NjExMjIZYzAzNzJlYmMyZmVhZGE1OTplczplczpFUw&amp;usg=AFQjCNE90YjPE6KTWoc6hVCV6pR4Rn9eRw\"><br \/>\nAnabel Sancho: \u00abEs un orgullo ser la primera bombera de la provincia de Teruel\u00bb<\/a>&#8211;\u00a0Heraldo.es<strong>\u00a0<\/strong><\/p>\n<p><strong>Econom\u00eda y Empresas<\/strong><\/p>\n<p><a href=\"https:\/\/www.burgosnoticias.com\/actualidad\/026969\/en-los-matrimonios-espanoles-hay-el-triple-de-mujeres-en-paro-que-hombres\">En los matrimonios espa\u00f1oles hay el triple de\u00a0mujeres\u00a0en paro que hombres&#8230;<\/a>&#8211;\u00a0BurgosNoticias<a href=\"https:\/\/www.google.com\/url?rct=j&amp;sa=t&amp;url=https:\/\/www.infolibre.es\/noticias\/politica\/2020\/05\/09\/conciliacion_coronavirus_nueva_normalidad_mujeres_106618_1012.html&amp;ct=ga&amp;cd=CAEYAyoUMTc3MjcwNDEyMzg2MzA2NTcwOTkyGWMwMzcyZWJjMmZlYWRhNTk6ZXM6ZXM6RVM&amp;usg=AFQjCNFMFFJCLqJD6mwyyyNjdMf6e-2iIw\"><br \/>\nEl teletrabajo, una \u00abtrampa mortal\u00bb sobre todo para las\u00a0mujeres, trabajadoras y cuidadoras las 24h&#8230;<\/a>&#8211;\u00a0infoLibre<\/p>\n<p><a href=\"https:\/\/elpais.com\/economia\/2020-05-10\/la-pandemia-visibiliza-la-precariedad-laboral-de-las-kellys.html\">La pandemia visibiliza la precariedad laboral de las \u2018kellys\u2019\u00a0\u00a0<\/a>&#8211; El Pa\u00eds<\/p>\n<p><a href=\"https:\/\/www.mujeremprendedora.net\/caixabank-vital-voices-impulsan-plataforma-mentoring-virtual-ayudar-emprendedoras-afectadas-covid-19\/\">Caixabank y Vital Voices impulsan una plataforma de mentoring virtual para ayudar a emprendedoras afectadas \u2026<\/a>\u00a0-mujeremprendedora.net<strong>\u00a0<\/strong><\/p>\n<p><strong>Actualidad<\/strong><a href=\"https:\/\/www.google.com\/url?rct=j&amp;sa=t&amp;url=https:\/\/spain.shafaqna.com\/ES\/AL\/4264527&amp;ct=ga&amp;cd=CAEYBioTNzg5Nzc1MTc4MDI5MTkxNzE3MzIZYzAzNzJlYmMyZmVhZGE1OTplczplczpFUw&amp;usg=AFQjCNHDkqhvzd3tkcl7IY-vVATw0CSIsw\"><br \/>\nEl\u00a0Instituto de la Mujer\u00a0alerta del elevado impacto de la crisis de la covid-19 sobre las mujeres<\/a>&#8211;\u00a0Spain News<a href=\"https:\/\/www.google.com\/url?rct=j&amp;sa=t&amp;url=https:\/\/www.elespanol.com\/mujer\/salud-bienestar\/20200511\/ansiedad-depresion-psicosis-mujeres-problemas-embarazo-postparto\/488951352_0.html&amp;ct=ga&amp;cd=CAEYCSoUMTc3MjcwNDEyMzg2MzA2NTcwOTkyGWMwMzcyZWJjMmZlYWRhNTk6ZXM6ZXM6RVM&amp;usg=AFQjCNHoH8wGFWlP133-kG4XEtht6W81hQ\"><br \/>\nAnsiedad, depresi\u00f3n, psicosis: 1 de cada 5\u00a0mujeres\u00a0tiene problemas en el embarazo y postparto<\/a>&#8211;\u00a0El Espa\u00f1ol<\/p>\n<p><a href=\"https:\/\/www.google.com\/url?rct=j&amp;sa=t&amp;url=https:\/\/agencia6.com\/index.php\/2020\/05\/10\/el-30-de-las-mujeres-espanolas-ha-sido-infiel-a-su-pareja-y-la-cosa-va-en-aumento-las-apps-de-citas-se-dirigen-hoy-a-ellas-y-hablan-de-empoderamiento\/&amp;ct=ga&amp;cd=CAEYGyoUMTc3MjcwNDEyMzg2MzA2NTcwOTkyGWMwMzcyZWJjMmZlYWRhNTk6ZXM6ZXM6RVM&amp;usg=AFQjCNEDxm4X7g-zyi2VhNY_CrO14a8-7Q\">El 30% de las\u00a0mujeres\u00a0espa\u00f1olas ha sido infiel a su pareja, y la cosa va en aumento; las apps de &#8230;<\/a>&#8211;\u00a0Agencia6<\/p>\n<p><a href=\"https:\/\/kaosenlared.net\/contra-la-doctrina-del-shock-patriarcal\/\">Contra la doctrina del shock patriarcal<\/a>\u00a0&#8211;\u00a0kaosenlared.net<\/p>\n<p><strong>Violencias<\/strong><a href=\"https:\/\/www.google.com\/url?rct=j&amp;sa=t&amp;url=https:\/\/www.elnortedecastilla.es\/valladolid\/deniega-pension-viudedad-20200508181627-nt.html&amp;ct=ga&amp;cd=CAEYBCoTMTI1Nzk2MDk5NTkyMTM3MTUzMDIZYzAzNzJlYmMyZmVhZGE1OTplczplczpFUw&amp;usg=AFQjCNFMAkYFFxewCmkHSkl4AazQkw85Tg\"><br \/>\nEl TSJ deniega pensi\u00f3n de viudedad a una v\u00edctima de violencia de g\u00e9nero en Valladolid por &#8230;<\/a>&#8211;\u00a0El Norte de Castilla<a href=\"https:\/\/www.google.com\/url?rct=j&amp;sa=t&amp;url=https:\/\/www.bolsamania.com\/argentina\/noticias\/sociedad\/la-ii-marcha-por-la-abolicion-de-la-prostitucion-se-celebra-este-sabado-de-forma-virtual-en-las-redes--7478718.html&amp;ct=ga&amp;cd=CAEYAyoTNDEwNzkyNjY4NDY2NTAzNDc0NjIZYzAzNzJlYmMyZmVhZGE1OTplczplczpFUw&amp;usg=AFQjCNEuUyJuP_yGBzHNweDTgDOjyHQ9Lw\"><br \/>\nLa II marcha por la abolici\u00f3n de la prostituci\u00f3n se celebra este s\u00e1bado de forma virtual en las redes<\/a>&#8211;\u00a0Bolsamania.com<strong>\u00a0<\/strong><\/p>\n<p><strong>Ciencia y Cultura<\/strong><\/p>\n<p><a href=\"https:\/\/www.eldiario.es\/tecnologia\/Crean-potente-antimicrobiano-protege-COVID-19_0_1025747530.html\">Crean un potente antimicrobiano que protege tejidos de COVID-19 durante d\u00edas<\/a>\u00a0\u2013eldiario.es<\/p>\n<p><a href=\"https:\/\/www.google.com\/url?rct=j&amp;sa=t&amp;url=https:\/\/www.elciudadanoweb.com\/la-musica-como-herramienta-de-acercamiento-social-en-medio-del-aislamiento-obligatorio\/&amp;ct=ga&amp;cd=CAEYAioTOTQzMjAyMDQyMTY4MTI3NzAzOTIZYzAzNzJlYmMyZmVhZGE1OTplczplczpFUw&amp;usg=AFQjCNEeciFMvYZPv22ne2w8QvxhAjqPfw\">La m\u00fasica como herramienta de acercamiento social en medio del aislamiento obligatorio<\/a>&#8211;\u00a0El Ciudadano &amp; La Gente<\/p>\n<p><a href=\"https:\/\/www.heraldo.es\/noticias\/ocio-y-cultura\/2020\/05\/10\/lina-vila-no-querria-a-los-50-pintar-y-tener-que-buscar-otro-trabajo-1374033.html\">Lina Vila: \u00abEl dibujo y la lectura me salvar\u00e1n de la locura y la&#8230;<\/a>&#8211;\u00a0Heraldo.es<\/p>\n<p><a href=\"https:\/\/www.abc.es\/cultura\/abci-mujeres-mestizos-amuletos-arqueologos-rompen-mitos-sobre-elite-inicio-imperio-espanol-202005100152_noticia.html\">Mujeres, mestizos, amuletos: los arque\u00f3logos rompen los\u00a0 mitos&#8230;<\/a>&#8211;\u00a0Abc.es<\/p>\n<p><a href=\"https:\/\/www.lavanguardia.com\/ocio\/20200510\/481066064193\/cine-musica-y-un-homenaje-a-emilia-pardo-bazan-para-pasar-el-domingo.html\">Cine, m\u00fasica y un homenaje a Emilia Pardo Baz\u00e1n para pasar&#8230;<\/a>&#8211;\u00a0La Vanguardia<strong>\u00a0<\/strong><\/p>\n<p><strong>Deporte<\/strong><\/p>\n<p><a href=\"https:\/\/elpais.com\/deportes\/2020-05-09\/ainhoa-tirapu-este-ano-el-futbol-femenino-ha-perdido-visibilidad.html\">Ainhoa Tirapu: \u201cEste a\u00f1o el f\u00fatbol femenino ha perdido visibilidad\u201d<\/a>&#8211; El Pa\u00eds<\/p>\n<p>[\/toggle]<\/p>\n<p>[toggle type=\u00bbfirst\u00bb title=\u00bbInternacional\u00bb]<\/p>\n<p><a href=\"https:\/\/www.eldiario.es\/economia\/Nombrada-directora-ejecutiva-Banco-Japon_0_1026097409.html\">Tokiko Shimizu, primera\u00a0mujer\u00a0como directora ejecutiva del Banco de Jap\u00f3n&#8230;<\/a>&#8211;\u00a0eldiario.es<\/p>\n<p><a href=\"http:\/\/www.ibercampus.es\/articulo_boletin.asp?tipo=articulo&amp;cod=683635890&amp;idenvio=3633&amp;idarticulo=39570\">M\u00e1s de 600.000 piden ya a las l\u00edderes de la UE que se enfrenten a lobbies y den futuro a Europa\u2026<\/a>-ibercampus.es<\/p>\n<p><a href=\"https:\/\/www.google.com\/url?rct=j&amp;sa=t&amp;url=https:\/\/www.infobae.com\/opinion\/2020\/05\/09\/el-sindrome-de-noruega-y-la-eterna-cuarentena\/&amp;ct=ga&amp;cd=CAEYBCoRMzAxMzEyNjExOTIxOTY3MDQyGWMwMzcyZWJjMmZlYWRhNTk6ZXM6ZXM6RVM&amp;usg=AFQjCNGkCWBygmD8QT_jtSlVCplplz_p6A\">El s\u00edndrome de Noruega y la eterna cuarentena<\/a>&#8211;\u00a0Infobae.com<a href=\"https:\/\/www.google.com\/url?rct=j&amp;sa=t&amp;url=https:\/\/www.alainet.org\/es\/articulo\/206432&amp;ct=ga&amp;cd=CAEYCyoUMTI5MjczODUwMTQ3MDQ1NDAyNjUyGWMwMzcyZWJjMmZlYWRhNTk6ZXM6ZXM6RVM&amp;usg=AFQjCNEdJksHbrS45GySpJ_o1gHyC4R46w\"><br \/>\nEl presupuesto p\u00fablico y las\u00a0mujeres en\u00a0Brasil<\/a>\u00a0&#8211;\u00a0ALai<a href=\"https:\/\/www.google.com\/url?rct=j&amp;sa=t&amp;url=https:\/\/delfino.cr\/2020\/05\/inamu-y-onu-unen-esfuerzos-en-campana-de-apoyo-a-mujeres-en-riesgo-de-violencia&amp;ct=ga&amp;cd=CAEYASoUMTE3MTgwNTk4MjczNDc5NDIwNzAyGWMwMzcyZWJjMmZlYWRhNTk6ZXM6ZXM6RVM&amp;usg=AFQjCNHKa8una8PRIsWzQ5ePQvBniyJPzQ\"><br \/>\nINAMU y ONU unen esfuerzos en campa\u00f1a de apoyo a\u00a0mujeres en\u00a0riesgo de violencia<\/a>&#8211;\u00a0Delfino.cr<a href=\"https:\/\/www.google.com\/url?rct=j&amp;sa=t&amp;url=https:\/\/www.abc.es\/ciencia\/abci-internacional-mujer-matematica-mirzakhani-referentes-y-estereotipos-202005110201_noticia.html&amp;ct=ga&amp;cd=CAEYBSoUMTc3MjcwNDEyMzg2MzA2NTcwOTkyGWMwMzcyZWJjMmZlYWRhNTk6ZXM6ZXM6RVM&amp;usg=AFQjCNHSt3TP6KvvpQsnLt22AogS6iEcng\"><br \/>\nD\u00eda Internacional de la\u00a0Mujer\u00a0Matem\u00e1tica: Mirzakhani, referentes y estereotipos<\/a>&#8211;\u00a0Abc.es<a href=\"https:\/\/www.google.com\/url?rct=j&amp;sa=t&amp;url=https:\/\/arqa.com\/actualidad\/colaboraciones\/lea-namer-la-arquitecta-francesa-que-visibilizo-a-itala-fulvia-referente-de-la-arquitectura-argentina.html&amp;ct=ga&amp;cd=CAEYEioTMTI1Nzk2MDk5NTkyMTM3MTUzMDIZYzAzNzJlYmMyZmVhZGE1OTplczplczpFUw&amp;usg=AFQjCNEEQJfWY1xcMiWLaIf4-1H2drRWjA\"><br \/>\nL\u00e9a Namer, la arquitecta francesa que visibiliz\u00f3 a \u00cdtala Fulvia, referente de la arquitectura argentina<\/a>&#8211;\u00a0Arqa.com<\/p>\n<p><a href=\"https:\/\/elpais.com\/elpais\/2020\/05\/06\/eps\/1588763586_726948.html\">Julieta Venegas: \u201cMi pap\u00e1 era esa figura de macho con todos los estereotipos posibles\u201d<\/a>&#8211; El Pa\u00eds<br \/>\nLos Globos de Oro cambian sus reglas a favor de filmes de pa\u00edses con coronavirus \u2013eldiario.es<\/p>\n<p>[\/toggle]<\/p>\n<\/div>\n<\/div>\n<\/div>\n<\/div>\n<\/div>\n<\/div>\n","protected":false},"excerpt":{"rendered":"<p>Igualdad ve \u201cimprescindible\u201d la perspectiva de g\u00e9nero en la respuesta <a href=\"https:\/\/cklcomunicaciones.es\/coop\/noticias-info-ckl-no-2-453-11-05-20\/\">[&#8230;]<\/a><\/p>\n","protected":false},"author":3,"featured_media":0,"comment_status":"closed","ping_status":"closed","sticky":false,"template":"","format":"standard","meta":{"footnotes":""},"categories":[298,623],"tags":[103,213,219],"class_list":["post-14959","post","type-post","status-publish","format-standard","hentry","category-newsletter","category-nwl-2-0","tag-ckl","tag-comunicacion-inclusiva","tag-perspectiva-de-genero"],"yoast_head":"<!-- This site is optimized with the Yoast SEO plugin v27.5 - https:\/\/yoast.com\/product\/yoast-seo-wordpress\/ -->\n<title>Noticias Info CKL n\u00ba 2.453-11\/05\/20-Comunicar con perspectiva de g\u00e9nero<\/title>\n<meta name=\"description\" content=\"Comunicar con perspectiva de g\u00e9nero: Igualdad ve \u201cimprescindible\u201d la perspectiva de g\u00e9nero en la respuesta a la pandemia-Miradas desde la econom\u00eda feminista y el ecofeminismo-La hora de las ministras-Las ciudades como vanguardia post-Covid-19\" \/>\n<meta name=\"robots\" content=\"index, follow, max-snippet:-1, max-image-preview:large, max-video-preview:-1\" \/>\n<link rel=\"canonical\" href=\"https:\/\/cklcomunicaciones.es\/coop\/noticias-info-ckl-no-2-453-11-05-20\/\" \/>\n<meta property=\"og:locale\" content=\"es_ES\" \/>\n<meta property=\"og:type\" content=\"article\" \/>\n<meta property=\"og:title\" content=\"Noticias Info CKL n\u00ba 2.453-11\/05\/20-Comunicar con perspectiva de g\u00e9nero\" \/>\n<meta property=\"og:description\" content=\"Comunicar con perspectiva de g\u00e9nero: Igualdad ve \u201cimprescindible\u201d la perspectiva de g\u00e9nero en la respuesta a la pandemia-Miradas desde la econom\u00eda feminista y el ecofeminismo-La hora de las ministras-Las ciudades como vanguardia post-Covid-19\" \/>\n<meta property=\"og:url\" content=\"https:\/\/cklcomunicaciones.es\/coop\/noticias-info-ckl-no-2-453-11-05-20\/\" \/>\n<meta property=\"og:site_name\" content=\"CKL Comunicaciones\" \/>\n<meta property=\"article:published_time\" content=\"2020-05-11T12:06:16+00:00\" \/>\n<meta property=\"article:modified_time\" content=\"2025-01-17T15:47:40+00:00\" \/>\n<meta property=\"og:image\" content=\"https:\/\/cklcomunicaciones.es\/coop\/wp-content\/uploads\/2018\/03\/CKL_comunicacion-con-perspetiva-de-genero.jpg\" \/>\n\t<meta property=\"og:image:width\" content=\"500\" \/>\n\t<meta property=\"og:image:height\" content=\"500\" \/>\n\t<meta property=\"og:image:type\" content=\"image\/jpeg\" \/>\n<meta name=\"author\" content=\"ckl\" \/>\n<meta name=\"twitter:card\" content=\"summary_large_image\" \/>\n<meta name=\"twitter:label1\" content=\"Escrito por\" \/>\n\t<meta name=\"twitter:data1\" content=\"ckl\" \/>\n\t<meta name=\"twitter:label2\" content=\"Tiempo de lectura\" \/>\n\t<meta name=\"twitter:data2\" content=\"6 minutos\" \/>\n<script type=\"application\/ld+json\" class=\"yoast-schema-graph\">{\"@context\":\"https:\\\/\\\/schema.org\",\"@graph\":[{\"@type\":\"Article\",\"@id\":\"https:\\\/\\\/cklcomunicaciones.es\\\/coop\\\/noticias-info-ckl-no-2-453-11-05-20\\\/#article\",\"isPartOf\":{\"@id\":\"https:\\\/\\\/cklcomunicaciones.es\\\/coop\\\/noticias-info-ckl-no-2-453-11-05-20\\\/\"},\"author\":{\"name\":\"ckl\",\"@id\":\"https:\\\/\\\/cklcomunicaciones.es\\\/coop\\\/#\\\/schema\\\/person\\\/929a6837f7626450bbb50cee1aef266e\"},\"headline\":\"Noticias Info CKL n\u00ba 2.453-11\\\/05\\\/20\",\"datePublished\":\"2020-05-11T12:06:16+00:00\",\"dateModified\":\"2025-01-17T15:47:40+00:00\",\"mainEntityOfPage\":{\"@id\":\"https:\\\/\\\/cklcomunicaciones.es\\\/coop\\\/noticias-info-ckl-no-2-453-11-05-20\\\/\"},\"wordCount\":1108,\"image\":{\"@id\":\"https:\\\/\\\/cklcomunicaciones.es\\\/coop\\\/noticias-info-ckl-no-2-453-11-05-20\\\/#primaryimage\"},\"thumbnailUrl\":\"http:\\\/\\\/www.cklcomunicaciones.es\\\/wp-content\\\/uploads\\\/2018\\\/03\\\/CKL_comunicacion-con-perspetiva-de-genero-300x300.jpg\",\"keywords\":[\"CKL\",\"comunicaci\u00f3n inclusiva\",\"perspectiva de g\u00e9nero\"],\"articleSection\":[\"Newsletter\",\"Nwl v2.0\"],\"inLanguage\":\"es\"},{\"@type\":\"WebPage\",\"@id\":\"https:\\\/\\\/cklcomunicaciones.es\\\/coop\\\/noticias-info-ckl-no-2-453-11-05-20\\\/\",\"url\":\"https:\\\/\\\/cklcomunicaciones.es\\\/coop\\\/noticias-info-ckl-no-2-453-11-05-20\\\/\",\"name\":\"Noticias Info CKL n\u00ba 2.453-11\\\/05\\\/20-Comunicar con perspectiva de g\u00e9nero\",\"isPartOf\":{\"@id\":\"https:\\\/\\\/cklcomunicaciones.es\\\/coop\\\/#website\"},\"primaryImageOfPage\":{\"@id\":\"https:\\\/\\\/cklcomunicaciones.es\\\/coop\\\/noticias-info-ckl-no-2-453-11-05-20\\\/#primaryimage\"},\"image\":{\"@id\":\"https:\\\/\\\/cklcomunicaciones.es\\\/coop\\\/noticias-info-ckl-no-2-453-11-05-20\\\/#primaryimage\"},\"thumbnailUrl\":\"http:\\\/\\\/www.cklcomunicaciones.es\\\/wp-content\\\/uploads\\\/2018\\\/03\\\/CKL_comunicacion-con-perspetiva-de-genero-300x300.jpg\",\"datePublished\":\"2020-05-11T12:06:16+00:00\",\"dateModified\":\"2025-01-17T15:47:40+00:00\",\"author\":{\"@id\":\"https:\\\/\\\/cklcomunicaciones.es\\\/coop\\\/#\\\/schema\\\/person\\\/929a6837f7626450bbb50cee1aef266e\"},\"description\":\"Comunicar con perspectiva de g\u00e9nero: Igualdad ve \u201cimprescindible\u201d la perspectiva de g\u00e9nero en la respuesta a la pandemia-Miradas desde la econom\u00eda feminista y el ecofeminismo-La hora de las ministras-Las ciudades como vanguardia post-Covid-19\",\"breadcrumb\":{\"@id\":\"https:\\\/\\\/cklcomunicaciones.es\\\/coop\\\/noticias-info-ckl-no-2-453-11-05-20\\\/#breadcrumb\"},\"inLanguage\":\"es\",\"potentialAction\":[{\"@type\":\"ReadAction\",\"target\":[\"https:\\\/\\\/cklcomunicaciones.es\\\/coop\\\/noticias-info-ckl-no-2-453-11-05-20\\\/\"]}]},{\"@type\":\"ImageObject\",\"inLanguage\":\"es\",\"@id\":\"https:\\\/\\\/cklcomunicaciones.es\\\/coop\\\/noticias-info-ckl-no-2-453-11-05-20\\\/#primaryimage\",\"url\":\"http:\\\/\\\/www.cklcomunicaciones.es\\\/wp-content\\\/uploads\\\/2018\\\/03\\\/CKL_comunicacion-con-perspetiva-de-genero-300x300.jpg\",\"contentUrl\":\"http:\\\/\\\/www.cklcomunicaciones.es\\\/wp-content\\\/uploads\\\/2018\\\/03\\\/CKL_comunicacion-con-perspetiva-de-genero-300x300.jpg\"},{\"@type\":\"BreadcrumbList\",\"@id\":\"https:\\\/\\\/cklcomunicaciones.es\\\/coop\\\/noticias-info-ckl-no-2-453-11-05-20\\\/#breadcrumb\",\"itemListElement\":[{\"@type\":\"ListItem\",\"position\":1,\"name\":\"Portada\",\"item\":\"https:\\\/\\\/cklcomunicaciones.es\\\/coop\\\/\"},{\"@type\":\"ListItem\",\"position\":2,\"name\":\"Noticias Info CKL n\u00ba 2.453-11\\\/05\\\/20\"}]},{\"@type\":\"WebSite\",\"@id\":\"https:\\\/\\\/cklcomunicaciones.es\\\/coop\\\/#website\",\"url\":\"https:\\\/\\\/cklcomunicaciones.es\\\/coop\\\/\",\"name\":\"CKL Comunicaciones\",\"description\":\"Sitio web de CKL Comunicaciones coop , la consultora de comunicaci\u00f3n y estrategia\",\"potentialAction\":[{\"@type\":\"SearchAction\",\"target\":{\"@type\":\"EntryPoint\",\"urlTemplate\":\"https:\\\/\\\/cklcomunicaciones.es\\\/coop\\\/?s={search_term_string}\"},\"query-input\":{\"@type\":\"PropertyValueSpecification\",\"valueRequired\":true,\"valueName\":\"search_term_string\"}}],\"inLanguage\":\"es\"},{\"@type\":\"Person\",\"@id\":\"https:\\\/\\\/cklcomunicaciones.es\\\/coop\\\/#\\\/schema\\\/person\\\/929a6837f7626450bbb50cee1aef266e\",\"name\":\"ckl\",\"image\":{\"@type\":\"ImageObject\",\"inLanguage\":\"es\",\"@id\":\"https:\\\/\\\/secure.gravatar.com\\\/avatar\\\/c82db564e8a669bf6023357a157b9dc4780f4d4c618f2ad1d71a6a5dede45057?s=96&d=mm&r=g\",\"url\":\"https:\\\/\\\/secure.gravatar.com\\\/avatar\\\/c82db564e8a669bf6023357a157b9dc4780f4d4c618f2ad1d71a6a5dede45057?s=96&d=mm&r=g\",\"contentUrl\":\"https:\\\/\\\/secure.gravatar.com\\\/avatar\\\/c82db564e8a669bf6023357a157b9dc4780f4d4c618f2ad1d71a6a5dede45057?s=96&d=mm&r=g\",\"caption\":\"ckl\"},\"url\":\"https:\\\/\\\/cklcomunicaciones.es\\\/coop\\\/author\\\/cklcomunicaciones\\\/\"}]}<\/script>\n<!-- \/ Yoast SEO plugin. -->","yoast_head_json":{"title":"Noticias Info CKL n\u00ba 2.453-11\/05\/20-Comunicar con perspectiva de g\u00e9nero","description":"Comunicar con perspectiva de g\u00e9nero: Igualdad ve \u201cimprescindible\u201d la perspectiva de g\u00e9nero en la respuesta a la pandemia-Miradas desde la econom\u00eda feminista y el ecofeminismo-La hora de las ministras-Las ciudades como vanguardia post-Covid-19","robots":{"index":"index","follow":"follow","max-snippet":"max-snippet:-1","max-image-preview":"max-image-preview:large","max-video-preview":"max-video-preview:-1"},"canonical":"https:\/\/cklcomunicaciones.es\/coop\/noticias-info-ckl-no-2-453-11-05-20\/","og_locale":"es_ES","og_type":"article","og_title":"Noticias Info CKL n\u00ba 2.453-11\/05\/20-Comunicar con perspectiva de g\u00e9nero","og_description":"Comunicar con perspectiva de g\u00e9nero: Igualdad ve \u201cimprescindible\u201d la perspectiva de g\u00e9nero en la respuesta a la pandemia-Miradas desde la econom\u00eda feminista y el ecofeminismo-La hora de las ministras-Las ciudades como vanguardia post-Covid-19","og_url":"https:\/\/cklcomunicaciones.es\/coop\/noticias-info-ckl-no-2-453-11-05-20\/","og_site_name":"CKL Comunicaciones","article_published_time":"2020-05-11T12:06:16+00:00","article_modified_time":"2025-01-17T15:47:40+00:00","og_image":[{"width":500,"height":500,"url":"https:\/\/cklcomunicaciones.es\/coop\/wp-content\/uploads\/2018\/03\/CKL_comunicacion-con-perspetiva-de-genero.jpg","type":"image\/jpeg"}],"author":"ckl","twitter_card":"summary_large_image","twitter_misc":{"Escrito por":"ckl","Tiempo de lectura":"6 minutos"},"schema":{"@context":"https:\/\/schema.org","@graph":[{"@type":"Article","@id":"https:\/\/cklcomunicaciones.es\/coop\/noticias-info-ckl-no-2-453-11-05-20\/#article","isPartOf":{"@id":"https:\/\/cklcomunicaciones.es\/coop\/noticias-info-ckl-no-2-453-11-05-20\/"},"author":{"name":"ckl","@id":"https:\/\/cklcomunicaciones.es\/coop\/#\/schema\/person\/929a6837f7626450bbb50cee1aef266e"},"headline":"Noticias Info CKL n\u00ba 2.453-11\/05\/20","datePublished":"2020-05-11T12:06:16+00:00","dateModified":"2025-01-17T15:47:40+00:00","mainEntityOfPage":{"@id":"https:\/\/cklcomunicaciones.es\/coop\/noticias-info-ckl-no-2-453-11-05-20\/"},"wordCount":1108,"image":{"@id":"https:\/\/cklcomunicaciones.es\/coop\/noticias-info-ckl-no-2-453-11-05-20\/#primaryimage"},"thumbnailUrl":"http:\/\/www.cklcomunicaciones.es\/wp-content\/uploads\/2018\/03\/CKL_comunicacion-con-perspetiva-de-genero-300x300.jpg","keywords":["CKL","comunicaci\u00f3n inclusiva","perspectiva de g\u00e9nero"],"articleSection":["Newsletter","Nwl v2.0"],"inLanguage":"es"},{"@type":"WebPage","@id":"https:\/\/cklcomunicaciones.es\/coop\/noticias-info-ckl-no-2-453-11-05-20\/","url":"https:\/\/cklcomunicaciones.es\/coop\/noticias-info-ckl-no-2-453-11-05-20\/","name":"Noticias Info CKL n\u00ba 2.453-11\/05\/20-Comunicar con perspectiva de g\u00e9nero","isPartOf":{"@id":"https:\/\/cklcomunicaciones.es\/coop\/#website"},"primaryImageOfPage":{"@id":"https:\/\/cklcomunicaciones.es\/coop\/noticias-info-ckl-no-2-453-11-05-20\/#primaryimage"},"image":{"@id":"https:\/\/cklcomunicaciones.es\/coop\/noticias-info-ckl-no-2-453-11-05-20\/#primaryimage"},"thumbnailUrl":"http:\/\/www.cklcomunicaciones.es\/wp-content\/uploads\/2018\/03\/CKL_comunicacion-con-perspetiva-de-genero-300x300.jpg","datePublished":"2020-05-11T12:06:16+00:00","dateModified":"2025-01-17T15:47:40+00:00","author":{"@id":"https:\/\/cklcomunicaciones.es\/coop\/#\/schema\/person\/929a6837f7626450bbb50cee1aef266e"},"description":"Comunicar con perspectiva de g\u00e9nero: Igualdad ve \u201cimprescindible\u201d la perspectiva de g\u00e9nero en la respuesta a la pandemia-Miradas desde la econom\u00eda feminista y el ecofeminismo-La hora de las ministras-Las ciudades como vanguardia post-Covid-19","breadcrumb":{"@id":"https:\/\/cklcomunicaciones.es\/coop\/noticias-info-ckl-no-2-453-11-05-20\/#breadcrumb"},"inLanguage":"es","potentialAction":[{"@type":"ReadAction","target":["https:\/\/cklcomunicaciones.es\/coop\/noticias-info-ckl-no-2-453-11-05-20\/"]}]},{"@type":"ImageObject","inLanguage":"es","@id":"https:\/\/cklcomunicaciones.es\/coop\/noticias-info-ckl-no-2-453-11-05-20\/#primaryimage","url":"http:\/\/www.cklcomunicaciones.es\/wp-content\/uploads\/2018\/03\/CKL_comunicacion-con-perspetiva-de-genero-300x300.jpg","contentUrl":"http:\/\/www.cklcomunicaciones.es\/wp-content\/uploads\/2018\/03\/CKL_comunicacion-con-perspetiva-de-genero-300x300.jpg"},{"@type":"BreadcrumbList","@id":"https:\/\/cklcomunicaciones.es\/coop\/noticias-info-ckl-no-2-453-11-05-20\/#breadcrumb","itemListElement":[{"@type":"ListItem","position":1,"name":"Portada","item":"https:\/\/cklcomunicaciones.es\/coop\/"},{"@type":"ListItem","position":2,"name":"Noticias Info CKL n\u00ba 2.453-11\/05\/20"}]},{"@type":"WebSite","@id":"https:\/\/cklcomunicaciones.es\/coop\/#website","url":"https:\/\/cklcomunicaciones.es\/coop\/","name":"CKL Comunicaciones","description":"Sitio web de CKL Comunicaciones coop , la consultora de comunicaci\u00f3n y estrategia","potentialAction":[{"@type":"SearchAction","target":{"@type":"EntryPoint","urlTemplate":"https:\/\/cklcomunicaciones.es\/coop\/?s={search_term_string}"},"query-input":{"@type":"PropertyValueSpecification","valueRequired":true,"valueName":"search_term_string"}}],"inLanguage":"es"},{"@type":"Person","@id":"https:\/\/cklcomunicaciones.es\/coop\/#\/schema\/person\/929a6837f7626450bbb50cee1aef266e","name":"ckl","image":{"@type":"ImageObject","inLanguage":"es","@id":"https:\/\/secure.gravatar.com\/avatar\/c82db564e8a669bf6023357a157b9dc4780f4d4c618f2ad1d71a6a5dede45057?s=96&d=mm&r=g","url":"https:\/\/secure.gravatar.com\/avatar\/c82db564e8a669bf6023357a157b9dc4780f4d4c618f2ad1d71a6a5dede45057?s=96&d=mm&r=g","contentUrl":"https:\/\/secure.gravatar.com\/avatar\/c82db564e8a669bf6023357a157b9dc4780f4d4c618f2ad1d71a6a5dede45057?s=96&d=mm&r=g","caption":"ckl"},"url":"https:\/\/cklcomunicaciones.es\/coop\/author\/cklcomunicaciones\/"}]}},"_links":{"self":[{"href":"https:\/\/cklcomunicaciones.es\/coop\/wp-json\/wp\/v2\/posts\/14959","targetHints":{"allow":["GET"]}}],"collection":[{"href":"https:\/\/cklcomunicaciones.es\/coop\/wp-json\/wp\/v2\/posts"}],"about":[{"href":"https:\/\/cklcomunicaciones.es\/coop\/wp-json\/wp\/v2\/types\/post"}],"author":[{"embeddable":true,"href":"https:\/\/cklcomunicaciones.es\/coop\/wp-json\/wp\/v2\/users\/3"}],"replies":[{"embeddable":true,"href":"https:\/\/cklcomunicaciones.es\/coop\/wp-json\/wp\/v2\/comments?post=14959"}],"version-history":[{"count":0,"href":"https:\/\/cklcomunicaciones.es\/coop\/wp-json\/wp\/v2\/posts\/14959\/revisions"}],"wp:attachment":[{"href":"https:\/\/cklcomunicaciones.es\/coop\/wp-json\/wp\/v2\/media?parent=14959"}],"wp:term":[{"taxonomy":"category","embeddable":true,"href":"https:\/\/cklcomunicaciones.es\/coop\/wp-json\/wp\/v2\/categories?post=14959"},{"taxonomy":"post_tag","embeddable":true,"href":"https:\/\/cklcomunicaciones.es\/coop\/wp-json\/wp\/v2\/tags?post=14959"}],"curies":[{"name":"wp","href":"https:\/\/api.w.org\/{rel}","templated":true}]}}