{"id":14898,"date":"2020-04-17T11:47:13","date_gmt":"2020-04-17T09:47:13","guid":{"rendered":"http:\/\/www.cklcomunicaciones.es\/?p=14898"},"modified":"2025-01-17T16:47:42","modified_gmt":"2025-01-17T15:47:42","slug":"noticias-info-ckl-no-2-444-17-04-20","status":"publish","type":"post","link":"https:\/\/cklcomunicaciones.es\/coop\/noticias-info-ckl-no-2-444-17-04-20\/","title":{"rendered":"Noticias Info CKL n\u00ba 2.444-17\/04\/20"},"content":{"rendered":"<div id=\"pl-14898\"  class=\"panel-layout\" >\n<div id=\"pg-14898-0\"  class=\"panel-grid panel-no-style\"  data-style=\"{&quot;background_image_attachment&quot;:false,&quot;background_display&quot;:&quot;tile&quot;,&quot;cell_alignment&quot;:&quot;flex-start&quot;}\" >\n<div id=\"pgc-14898-0-0\"  class=\"panel-grid-cell\"  data-weight=\"1\" >\n<div id=\"panel-14898-0-0-0\" class=\"so-panel widget widget_sow-editor panel-first-child panel-last-child\" data-index=\"0\" data-style=\"{&quot;background_image_attachment&quot;:false,&quot;background_display&quot;:&quot;tile&quot;}\" >\n<div class=\"so-widget-sow-editor so-widget-sow-editor-base\">\n<div class=\"siteorigin-widget-tinymce textwidget\">\n<p><img decoding=\"async\" class=\"lazyload  wp-image-13726\" src=\"http:\/\/www.cklcomunicaciones.es\/wp-content\/uploads\/2018\/03\/CKL_comunicacion-con-perspetiva-de-genero-300x300.jpg\" data-orig-src=\"http:\/\/www.cklcomunicaciones.es\/wp-content\/uploads\/2018\/03\/CKL_comunicacion-con-perspetiva-de-genero-300x300.jpg\" alt=\"CKL_comunicacion con perspetiva de genero\" width=\"132\" height=\"132\" srcset=\"data:image\/svg+xml,%3Csvg%20xmlns%3D%27http%3A%2F%2Fwww.w3.org%2F2000%2Fsvg%27%20width%3D%27132%27%20height%3D%27132%27%20viewBox%3D%270%200%20132%20132%27%3E%3Crect%20width%3D%27132%27%20height%3D%27132%27%20fill-opacity%3D%220%22%2F%3E%3C%2Fsvg%3E\" data-srcset=\"https:\/\/cklcomunicaciones.es\/coop\/wp-content\/uploads\/2018\/03\/CKL_comunicacion-con-perspetiva-de-genero-150x150.jpg 150w, https:\/\/cklcomunicaciones.es\/coop\/wp-content\/uploads\/2018\/03\/CKL_comunicacion-con-perspetiva-de-genero-300x300.jpg 300w, https:\/\/cklcomunicaciones.es\/coop\/wp-content\/uploads\/2018\/03\/CKL_comunicacion-con-perspetiva-de-genero-450x450.jpg 450w, https:\/\/cklcomunicaciones.es\/coop\/wp-content\/uploads\/2018\/03\/CKL_comunicacion-con-perspetiva-de-genero.jpg 500w\" data-sizes=\"auto\" data-orig-sizes=\"(max-width: 132px) 100vw, 132px\" \/><\/p>\n<p id=\":fd\" class=\"hP\" tabindex=\"-1\" data-thread-perm-id=\"thread-f:1664210419020263068\" data-legacy-thread-id=\"1718768f0934ee9c\"><strong>COVID19: 7 mujeres l\u00edderes de pa\u00edses que mejor han gestionado la pandemia-Rampa: nace la red de mujeres de la industria audiovisual-Jane Goodall: \u00abNuestra falta de respeto a los animales ha causado la pandemia\u00bb<\/strong><\/p>\n<p tabindex=\"-1\" data-thread-perm-id=\"thread-f:1662950007221126275\" data-legacy-thread-id=\"1713fc388ba60483\">[toggle type=\u00bbfirst\u00bb title=\u00bbConvocatorias\u00bb]<\/p>\n<ul>\n<li>Exposici\u00f3n fotogr\u00e1fica virtual \u201cSemillas del nuevo Marruecos\u201d. Fundaci\u00f3n Tres Culturas. M\u00e1s informaci\u00f3n:\u00a0<u><a href=\"https:\/\/tresculturas.us20.list-manage.com\/track\/click?u=88ab4487d9310b1e2169eb9ed&amp;id=ef2d7cd2d5&amp;e=c07ac3b69f\">www.tresculturas.org<\/a><\/u><\/li>\n<li><u><a href=\"https:\/\/www.mujeremprendedora.net\/premios-educativos-grandes-iniciativas\/\">Premios educativos \u2018Grandes Iniciativas\u2019<\/a><\/u><strong>.\u00a0<\/strong>Se ampl\u00eda el plazo de inscripci\u00f3n de proyectos educativos hasta el 30 de abril \u00a0Fundaci\u00f3n Atresmedia y Fundaci\u00f3n la Caixa, con la participaci\u00f3n de Fundaci\u00f3n Orange y la Universidad Internacional de Valencia (VIU)<\/li>\n<\/ul>\n<p tabindex=\"-1\" data-thread-perm-id=\"thread-f:1662950007221126275\" data-legacy-thread-id=\"1713fc388ba60483\">[\/toggle]<\/p>\n<p>[toggle type=\u00bbfirst\u00bb title=\u00bbComunicaci\u00f3n\u00bb]<\/p>\n<p><a href=\"https:\/\/www.google.com\/url?rct=j&amp;sa=t&amp;url=https:\/\/okdiario.com\/espana\/ministerio-irene-montero-cuestiona-que-diga-medicos-enfermeras-5462275&amp;ct=ga&amp;cd=CAEYACoUMTI2MzE3NzA0MTc1MjM4MDI0MzgyGWMwMzcyZWJjMmZlYWRhNTk6ZXM6ZXM6RVM&amp;usg=AFQjCNGLYrritlMzSzr9SJpSyJkt7GOZVw\">El Ministerio de Igualdad cuestiona que se diga \u00abm\u00e9dicos y enfermeras\u00bb<\/a>&#8211;\u00a0okdiario.com<\/p>\n<p><a href=\"https:\/\/www.eldiario.es\/politica\/Denuncian-CIS-limitar-libertad-informacion_0_1017348465.html\">Denuncian un \u00abglobo sonda\u00bb del CIS para limitar la libertad de informaci\u00f3n<\/a>\u00a0\u2013eldiario.es<\/p>\n<p><u><a href=\"https:\/\/elpais.com\/economia\/2020-04-16\/el-gobierno-plantea-bajar-de-forma-inmediata-el-iva-del-libro-electronico-y-la-prensa-digital.html\">El Gobierno plantea rebajar de \u201cforma inmediata\u201d el IVA del libro electr\u00f3nico y de la prensa digital<\/a><\/u>\u2013El Pa\u00eds<\/p>\n<p><u><a href=\"https:\/\/elpais.com\/sociedad\/2020-04-16\/facebook-alertara-a-los-usuarios-que-hayan-visto-contenidos-daninos-sobre-el-coronavirus.html\">Un estudio alerta de que Facebook no detecta el 70% de los bulos<\/a><\/u>\u00a0\u2013El Pa\u00eds<\/p>\n<p>[\/toggle]<\/p>\n<p>[toggle type=\u00bbfirst\u00bb title=\u00bbAndaluc\u00eda\u00bb]<\/p>\n<p><strong>Econom\u00eda y Empresas<\/strong><\/p>\n<p><a href=\"https:\/\/www.google.com\/url?rct=j&amp;sa=t&amp;url=https:\/\/m.europapress.es\/esandalucia\/sevilla\/noticia-economia-constituye-seis-grupos-trabajo-incorporar-propuestas-nuevo-plan-general-emprendimiento-20200415181121.html&amp;ct=ga&amp;cd=CAEYACoUMTE1ODI1OTAxNzgxNTk5MjgzMTUyGWQ3OGU1ODc1YTBmMWYyYWM6ZXM6ZXM6RVM&amp;usg=AFQjCNEzgLvgZ_YN9FNfu89D2Ms9k9mZ1w\">Econom\u00eda\u00a0constituye seis grupos de trabajo para incorporar propuestas al nuevo Plan General de Emprendimiento&#8230;<\/a>&#8211;\u00a0Europa Press<\/p>\n<p><a href=\"https:\/\/www.eldiario.es\/andalucia\/Andalucia-marcha-autonomos-requisitos-pedirla_0_1016999360.html\">Andaluc\u00eda pone en marcha la ayuda de 300 euros a aut\u00f3nomos: requisitos y plazos para pedirla<\/a><u>\u00a0\u2013<\/u>eldiario.es<\/p>\n<p><u><a href=\"https:\/\/www.juntadeandalucia.es\/presidencia\/portavoz\/151486\/haciendaindustriayenergia\/juanbravo\/parlamento\/coronavirus\/prestamosgarantizados\/autonomos\/pymes\/gobiernodeandalucia\">M\u00e1s de 600 aut\u00f3nomos y pymes andaluzas reciben pr\u00e9stamos garantizados al 100%<\/a><\/u>\u00a0&#8211; Oficina del Portavoz<\/p>\n<p><u><a href=\"https:\/\/www.eldiario.es\/andalucia\/Escuelas-infantiles_0_1014548984.html\">Escuelas infantiles y coronavirus: el reto de salvar un sector que genera 10.000 empleos en Andaluc\u00eda<\/a><\/u>\u00a0\u2013eldiario.es<a href=\"https:\/\/www.google.com\/url?rct=j&amp;sa=t&amp;url=https:\/\/www.diariosur.es\/andalucia\/velasco-preve-impacto-20200416174903-nt.html&amp;ct=ga&amp;cd=CAEYACoTMTk1NzkzNTQ4MzYxNzQ5MTU1OTIZZDc4ZTU4NzVhMGYxZjJhYzplczplczpFUw&amp;usg=AFQjCNFkN_JOIcYRDWZxXxK_fMFuiLESTw\"><br \/>\nAndaluc\u00eda\u00a0prev\u00e9 un impacto negativo en su\u00a0econom\u00eda\u00a0por el coronavirus de entre el 3 y el 5% del &#8230;<\/a>&#8211;\u00a0Sur Digital<\/p>\n<p><strong>Actualidad<\/strong><\/p>\n<p><a href=\"https:\/\/www.google.com\/url?rct=j&amp;sa=t&amp;url=https:\/\/motrildigital.com\/centro-la-mujer-almunecar-ha-reforzado-apoyo-psicologico-emocional-familiar\/&amp;ct=ga&amp;cd=CAEYACoUMTM4MDU2NDM2OTExNTY4MjMwMDIyGWMwMzcyZWJjMmZlYWRhNTk6ZXM6ZXM6RVM&amp;usg=AFQjCNEqnC4_j80_Q7A-CTW7YnfwCjKCrg\">El Centro de la\u00a0Mujer\u00a0de Almu\u00f1\u00e9car ha reforzado el apoyo psicol\u00f3gico y emocional familiar<\/a>\u00a0&#8211;\u00a0Motril@Digital<\/p>\n<p><a href=\"https:\/\/www.google.com\/url?rct=j&amp;sa=t&amp;url=https:\/\/www.diariocordoba.com\/noticias\/cordobalocal\/58-contagiados-covid-19-cordoba-son-mujeres_1365669.html&amp;ct=ga&amp;cd=CAEYCSoTMzQwNTA4OTUyNTM4NjEyODAzNjIZYzAzNzJlYmMyZmVhZGE1OTplczplczpFUw&amp;usg=AFQjCNH8qjgLTHW68UOLXCYKmQoT_SWqBQ\">El 58% de los contagiados por el covid-19 en C\u00f3rdoba son\u00a0mujeres<\/a>\u00a0&#8211;\u00a0Diario C\u00f3rdoba<\/p>\n<p><a href=\"https:\/\/www.juntadeandalucia.es\/presidencia\/portavoz\/151361\/IAJCONNECT\/InstitutoAndaluzdelajuventud\/formacion\/cursosonline\/nuevastecnologias\/Covid19\/Coronavirus\/Andalucia\/Juntade\">El Instituto Andaluz de la Juventud ofrece m\u00e1s de 40 cursos gratuitos &#8216;online&#8217;<\/a>-Oficina del Portavoz<\/p>\n<p><strong>Violencias<\/strong><\/p>\n<p><u><a href=\"https:\/\/www.diariocordoba.com\/noticias\/sociedad\/aumentan-79-60-mujeres-atendidas-violencia-machista_1365808.html\">Aumentan un 79,60% las\u00a0mujeres\u00a0atendidas por violencia machista&#8230;<\/a><\/u>&#8211;\u00a0Diario C\u00f3rdoba<\/p>\n<p><u><a href=\"https:\/\/www.lavanguardia.com\/local\/sevilla\/20200415\/48539219751\/aumentan-denuncias-en-sistema-viogen-en-andalucia-con-una-media-de-2457-altas-en-primera-quincena-de-abril.html\">Aumentan denuncias en sistema VioG\u00e9n en\u00a0Andaluc\u00eda\u00a0con &#8230;<\/a><\/u>&#8211;\u00a0La Vanguardia<\/p>\n<p><u><a href=\"http:\/\/www.diariosigloxxi.com\/texto-ep\/mostrar\/20200415162158\/campana-ofrecera-profesionales-sanitarios-andaluces-recursos-violencia-genero\">Una campa\u00f1a ofrecer\u00e1 a profesionales sanitarios andaluces recursos &#8230;<\/a><\/u>&#8211;\u00a0Diario Siglo XXI<\/p>\n<p><strong>Ciencia y Cultura<\/strong><\/p>\n<p><u><a href=\"https:\/\/www.lavozdealmeria.com\/noticia\/5\/vivir\/191297\/patricia-del-pozo-pide-la-declaracion-de-la-cultura-como-bien-esencial\">Patricia del Pozo, Consejera de Cultura y Patrimonio Hist\u00f3rico, pide la declaraci\u00f3n de la cultura como Bien esencial&#8230;<\/a>&#8211;<\/u>La Voz de Almer\u00eda<\/p>\n<p><a href=\"https:\/\/www.mujeremprendedora.net\/mujereando-innovacion-cultural-social-traves-teatro-carmen-tamayo-leo-premio-arte-compromiso-upo\/\">\u2018Mujereando. Innovaci\u00f3n cultural y social a trav\u00e9s del teatro\u2019, de Carmen Tamayo Leo, \u2018Premio Arte y Compromiso\u2019 de la UPO<\/a>&#8211;\u00a0<a href=\"http:\/\/mujeremprendedora.net\/\">mujeremprendedora.net<\/a><\/p>\n<p><u><a href=\"https:\/\/sevilla.abc.es\/andalucia\/cordoba\/sevi-luis-miranda-hijo-modista-hija-obrero-202004160816_noticia.html\">El hijo de la modista, la hija del obrero<\/a>&#8211;<\/u>\u00a0ABC C\u00f3rdoba<\/p>\n<p><u><a href=\"https:\/\/www.diariodesevilla.es\/artes_plasticas\/CAAC-la-sal-Carmen-Laffon_0_1455754821.html\">El CAAC ofrece un anticipo de &#8216;La sal&#8217;, la muestra de Carmen Laffon &#8230;<\/a>&#8211;<\/u>\u00a0Diario de Sevilla<\/p>\n<p><u><a href=\"https:\/\/elcorreoweb.es\/opinion\/columnas\/es-el-flamenco-cultura-EE6574152\">\u00bfEs el flamenco Cultura?<\/a><\/u>&#8211;\u00a0El Correo de Andaluc\u00eda<\/p>\n<p><strong>Deporte<\/strong><\/p>\n<p><u><a href=\"https:\/\/www.diariojaen.es\/jaen\/una-frase-des-tacada-del-personaje-entrevistado-KD7027084\">Alba M\u00aa Dominguez Carazo: \u201cQuiero que la Universidad siga incentivando el\u00a0deporte femenino\u00a0&#8230;<\/a><\/u><strong><u>&#8211;\u00a0<\/u><\/strong>Diario Ja\u00e9n<\/p>\n<p>[\/toggle]<\/p>\n<p>[toggle type=\u00bbfirst\u00bb title=\u00bbEstado\u00bb]<\/p>\n<p><strong>Institucional<\/strong><\/p>\n<p><a href=\"https:\/\/elpais.com\/sociedad\/2020-04-15\/el-alumno-repetira-solo-si-eso-le-va-a-hacer-mejorar.html\">Isabel Cela\u00e1, Ministra de Educaci\u00f3n: \u201cEl alumno repetir\u00e1 solamente si eso le va a hacer mejorar\u201d<\/a>-El Pa\u00eds<\/p>\n<p><a href=\"https:\/\/www.eldiario.es\/sociedad\/destruir-ecosistemas-incurrimos-materializan-dramatica_0_1016998452.html\">Teresa Ribera, Ministra de Transici\u00f3n Ecol\u00f3gica: \u201cAl destruir ecosistemas incurrimos en riesgos que se materializan de forma dram\u00e1tica\u2026\u00bb<\/a><u>\u00a0<\/u>\u2013eldiario.es<strong>\u00a0<\/strong><\/p>\n<p><strong>Institucional-CCAA<\/strong><u><a href=\"https:\/\/elcierredigital.com\/cultura-y-ocio\/750211457\/cofradia-canarias-mujeres-denuncias-discriminacion.html\"><br \/>\nLa Justicia obliga a una Hermandad en Canarias a incluir a\u00a0mujeres\u00a0como cofrades&#8230;<\/a><\/u>&#8211;\u00a0El Cierre Digital<\/p>\n<p><a href=\"https:\/\/www.heraldo.es\/noticias\/ocio-y-cultura\/2020\/04\/17\/adios-a-carmen-olivares-catedratica-de-filologia-inglesa-y-apasionada-del-arte-1370105.html\">Adi\u00f3s a Carmen Olivares, catedr\u00e1tica de Filolog\u00eda Inglesa de la Universidad de Zaragoza y apasionada del arte&#8230;<\/a>&#8211;\u00a0Heraldo.es<\/p>\n<p><u><a href=\"https:\/\/www.google.com\/url?rct=j&amp;sa=t&amp;url=https:\/\/www.regiondigital.com\/noticias\/merida\/326043-ayuntamiento-merida-lanza-una-serie-de-recomendaciones-para-favorecer-el-juego-igualitario.html&amp;ct=ga&amp;cd=CAEYACoSMzkxMDQ4Nzk3ODY1NjEyMTkxMhkxZGM1YmVjYzcwNmVjZjhiOmVzOmVzOkVT&amp;usg=AFQjCNEx_LSDbUjhri2kQuOzkdggMo1Smg\">Ayuntamiento M\u00e9rida lanza una serie de recomendaciones para favorecer el\u00a0juego\u00a0igualitario<\/a><\/u>&#8211;\u00a0Regi\u00f3n Digital<strong>\u00a0<\/strong><\/p>\n<p><strong>Econom\u00eda y Empresas<\/strong><\/p>\n<p><u><a href=\"https:\/\/www.eldiario.es\/sociedad\/Ana-agricultura-ecologica-tiempos-pandemia_0_1017348631.html\">Ana, o la agricultura ecol\u00f3gica en tiempos de pandemia<\/a><\/u>\u00a0\u2013eldiario.es<\/p>\n<p><a href=\"https:\/\/www.mujeremprendedora.net\/actividades-proyecto-stem-talent-girl-disponibles-formato-online\/\">Las actividades del proyecto STEM Talent Girl, disponibles en formato online<\/a>&#8211;\u00a0mujeremprendedora.net<\/p>\n<p><u><a href=\"https:\/\/www.mujeremprendedora.net\/female-startups-leaders-debate-online-sobre-emprendimiento-femenino\/\">\u2018Female Startups Leaders\u2019, un debate online sobre el emprendimiento femenino<\/a><\/u>&#8211;\u00a0mujeremprendedora.net<strong>\u00a0<\/strong><\/p>\n<p><strong>Actualidad<\/strong><\/p>\n<p><a href=\"https:\/\/www.mujeremprendedora.net\/fundacion-bbva-premia-psicologas-susan-fiske-shelley-taylor\/\">Fundaci\u00f3n BBVA premia a las psic\u00f3logas Susan Fliske y Shelley Taylor \u2026<\/a>\u00a0&#8211;<a href=\"http:\/\/mujeremprendedora.net\/\">mujeremprendedora.net<\/a><\/p>\n<p><a href=\"https:\/\/elpais.com\/sociedad\/2020-04-15\/va-a-llevar-un-tiempo-reconstruir-las-relaciones-sociales-despues-del-confinamiento.html\">Shelley Taylor, psic\u00f3loga: \u201cVa a llevar un tiempo reconstruir las relaciones sociales despu\u00e9s del confinamiento\u201d<\/a>\u00a0\u2013 El Pa\u00eds<\/p>\n<p><a href=\"https:\/\/amecopress.net\/Redaccion-AmecoPress\">Frente al mayor riesgo de pobreza, m\u00e1s perspectiva de g\u00e9nero\u2026<\/a>-Amecopress.net<strong>\u00a0<\/strong><\/p>\n<p><strong>Violencia<\/strong><a href=\"https:\/\/www.google.com\/url?rct=j&amp;sa=t&amp;url=https:\/\/www.lavanguardia.com\/local\/sevilla\/20200416\/48558867934\/el-iam-ofrece-atencion-telematica-a-1013-victimas-de-violencia-de-genero-en-un-mes-de-confinamiento.html&amp;ct=ga&amp;cd=CAEYACoTMTc2OTQ0ODUyMjU4MDgyMTcwNTIbOWFiMWNkZDdlMzY2ZWYzODplczplczpFUzpS&amp;usg=AFQjCNE8KcxO7Cqnsbjc7MO8-HJO0GlHYA\"><br \/>\nEl IAM ofrece atenci\u00f3n telem\u00e1tica a 1.013 v\u00edctimas de violencia de g\u00e9nero en un mes de confinamiento&#8230;<\/a>&#8211;\u00a0La Vanguardia<strong>\u00a0<\/strong><\/p>\n<p><strong>Ciencia y Cultura<\/strong><\/p>\n<p><a href=\"https:\/\/elpais.com\/tecnologia\/2020-04-15\/la-ingeniera-espanola-que-lidera-la-app-europea-de-rastreo-de-contagios-no-debe-ser-un-estado-de-vigilancia.html\">Carmela Troncoso, la ingeniera espa\u00f1ola que lidera la \u2018app\u2019 europea de rastreo de contagios: \u201cNo ser\u00e1 un estado de vigilancia\u201d<\/a>\u00a0\u2013 El Pa\u00eds<\/p>\n<p><a href=\"https:\/\/www.google.com\/url?rct=j&amp;sa=t&amp;url=https:\/\/www.diarioinformacion.com\/cultura\/2020\/04\/15\/orgullo-primera-mujer-dirija-instituto\/2255825.html&amp;ct=ga&amp;cd=CAEYACoUMTM4MDgwNjg5MTIwMzA0NjQ2NjEyGWMwMzcyZWJjMmZlYWRhNTk6ZXM6ZXM6RVM&amp;usg=AFQjCNGL6LEPXoZKBJ0W9i5G_9cOTAyocA\">M\u00aa Teresa P\u00e9rez V\u00e1zquez: \u00abEs un orgullo ser la primera\u00a0mujer\u00a0que dirija el Gil-Albert\u00bb<\/a>&#8211;\u00a0Informaci\u00f3n<\/p>\n<p><a href=\"https:\/\/elpais.com\/cultura\/2020-04-15\/la-sgae-destrona-a-pilar-jurado.html\">La direcci\u00f3n de la SGAE destituye a Pilar Jurado de la presidencia<\/a>\u2013 El Pa\u00eds<\/p>\n<p><u><a href=\"https:\/\/www.efe.com\/efe\/espana\/cultura\/nace-la-red-de-mujeres-industria-audiovisual-rampa\/10005-4222902\">Nace la\u00a0red de mujeres de la industria audiovisual Rampa<\/a><\/u>&#8211;\u00a0EFE \u2013<\/p>\n<p><u><a href=\"https:\/\/www.lavanguardia.com\/cultura\/culturas\/20200417\/48559304834\/confinamiento-covid-19-reclusas-edad-media.html\">Las reclusas medievales: confinadas para ayudar<\/a><\/u>&#8211;\u00a0La Vanguardia<\/p>\n<p><u><a href=\"https:\/\/elpais.com\/cultura\/2020\/02\/28\/babelia\/1582891432_579434.html\">El primer rey de Espa\u00f1a fue\u00a0mujer<\/a><\/u>&#8211;\u00a0El Pa\u00eds<\/p>\n<p><a href=\"https:\/\/www.google.com\/url?rct=j&amp;sa=t&amp;url=https:\/\/www.elimparcial.es\/noticia\/212113\/cultura\/llega-la-semana-cervantina:-charlas-con-escritores-audiolibros-gratis-y-el-fenomeno-booktubers.html&amp;ct=ga&amp;cd=CAEYAyoUMTU1MDM4MjQ2MTc5MTg1OTE5MjEyGWMwMzcyZWJjMmZlYWRhNTk6ZXM6ZXM6RVM&amp;usg=AFQjCNHOoHpHvtZLPrCUt2z2fUr6yPbPrA\">La Semana Cervantina, desde casa: charlas con escritores, audiolibros gratis y Booktubers<\/a>&#8211;\u00a0El Imparcial<strong>\u00a0<\/strong><\/p>\n<p><strong>Deporte<\/strong><\/p>\n<p><a href=\"https:\/\/elpais.com\/deportes\/2020-04-15\/laura-ester-jamas-pense-que-echaria-de-menos-el-agua.html\">Laura Ester, portera internacional de waterpolo: \u201cJam\u00e1s pens\u00e9 que echar\u00eda de menos el agua\u201d<\/a><u>\u00a0<\/u>\u2013 El Pa\u00eds<\/p>\n<p><u><a href=\"https:\/\/elpais.com\/deportes\/2020-04-16\/teresa-perales-me-motiva-igualar-a-phelps.html\">Teresa Perales: \u201cMe motiva igualar a Phelps\u201d<\/a><\/u>\u00a0\u2013 El Pa\u00eds<\/p>\n<p><a href=\"https:\/\/www.elmundo.es\/deportes\/futbol\/futbol-femenino\/2020\/04\/17\/5e983d75fdddffd8368b4582.html\">Los nervios del f\u00fatbol\u00a0femenino\u00a0por el coronavirus: \u00abSi no se &#8230;<\/a>&#8211;\u00a0El Mundo<\/p>\n<p>[\/toggle]<\/p>\n<p>[toggle type=\u00bbfirst\u00bb title=\u00bbInternacional\u00bb]<\/p>\n<p><a href=\"https:\/\/elpais.com\/economia\/2020-04-15\/georgieva-fmi-a-gobiernos-y-bancos-centrales-gasten-cuanto-puedan-pero-guarden-los-recibos.html\">La directora del FMI, a Gobiernos y bancos centrales: \u201cGasten cuanto puedan, pero guarden los recibos\u201d<\/a>-El Pa\u00eds<\/p>\n<p><u><a href=\"https:\/\/acento.com.do\/2020\/actualidad\/8806602-coronavirus-7-mujeres-que-estan-al-frente-de-algunos-de-los-paises-que-mejor-estan-gestionando-la-pandemia\/\">Coronavirus: 7\u00a0mujeres\u00a0que est\u00e1n al frente de algunos de los pa\u00edses que mejor han gestionado la pandemia &#8230;<\/a><\/u>&#8211;\u00a0Acento<\/p>\n<p><u><a href=\"https:\/\/www.mujerhoy.com\/vivir\/protagonistas\/202004\/16\/mujer-mas-rica-mundo-forbes-alice-walton-walmart-coleccion-arte-20200416131941.html\">Alice Walton: la\u00a0mujer\u00a0m\u00e1s rica del mundo es una apasionada &#8230;<\/a><\/u>&#8211;\u00a0Mujerhoy.com<\/p>\n<p><u><a href=\"https:\/\/elpais.com\/internacional\/2020-04-16\/polonia-aparca-los-proyectos-para-restringir-el-aborto-y-castigar-la-educacion-sexual.html\">Polonia aparca los proyectos para restringir el aborto y castigar la educaci\u00f3n sexual<\/a><\/u>&#8211; El Pa\u00eds<\/p>\n<p><a href=\"https:\/\/www.niusdiario.es\/cultura\/cine\/jane-goodall-nuestra-falta-respeto-animales-causado-pandemia-coronavirus-covid19_18_2931870282.html\">Jane Goodall: \u00abNuestra falta de respeto a los animales ha causado la pandemia\u201d\u00a0&#8230;<\/a>Nius<a href=\"https:\/\/www.google.com\/url?rct=j&amp;sa=t&amp;url=https:\/\/www.canal9.cl\/programas\/noticias\/2020\/04\/15\/june-almeida-la-mujer-que-descubrio-el-primer-coronavirus-en-1964.shtml&amp;ct=ga&amp;cd=CAEYAioTMzQwNTA4OTUyNTM4NjEyODAzNjIZYzAzNzJlYmMyZmVhZGE1OTplczplczpFUw&amp;usg=AFQjCNHY2py6QOVV-k0JstMuW8-L6y0Pxw\"><br \/>\nJune Almeida, la\u00a0mujer\u00a0que descubri\u00f3 el primer coronavirus en 1964<\/a>&#8211;\u00a0Canal 9 B\u00edo B\u00edo<\/p>\n<p><a href=\"https:\/\/amecopress.net\/Fallece-Sarah-Maldoror-pionera-del-cine-africano\">Fallece Sarah Maldoror, pionera del cine africano\u2026<\/a>&#8211; Amecopress.net<\/p>\n<p><a href=\"https:\/\/www.google.com\/url?rct=j&amp;sa=t&amp;url=https:\/\/www.soycorredor.es\/corredora\/energia-mujer-keniata_48196_102.html&amp;ct=ga&amp;cd=CAEYACoTOTQ5NjM4MTUyMTIyMDQ3Mzg2NTIZZTJkZWZhN2Q1ZGE5MTU3ZDplczplczpFUw&amp;usg=AFQjCNFItSUOTf-30gmLtOsT3JNLg1TA6g\">La energ\u00eda de la mujer keniata<\/a>&#8211;\u00a0soycorredor.es<\/p>\n<p>[\/toggle]<\/p>\n<\/div>\n<\/div>\n<\/div>\n<\/div>\n<\/div>\n<\/div>\n","protected":false},"excerpt":{"rendered":"<p>COVID19: 7 mujeres l\u00edderes de pa\u00edses que mejor han gestionado <a href=\"https:\/\/cklcomunicaciones.es\/coop\/noticias-info-ckl-no-2-444-17-04-20\/\">[&#8230;]<\/a><\/p>\n","protected":false},"author":3,"featured_media":0,"comment_status":"closed","ping_status":"closed","sticky":false,"template":"","format":"standard","meta":{"footnotes":""},"categories":[298,623],"tags":[103,213,219],"class_list":["post-14898","post","type-post","status-publish","format-standard","hentry","category-newsletter","category-nwl-2-0","tag-ckl","tag-comunicacion-inclusiva","tag-perspectiva-de-genero"],"yoast_head":"<!-- This site is optimized with the Yoast SEO plugin v27.5 - https:\/\/yoast.com\/product\/yoast-seo-wordpress\/ -->\n<title>Noticias Info CKL n\u00ba 2.444-17\/04\/20-Comunicar con perspectiva de g\u00e9nero<\/title>\n<meta name=\"description\" content=\"Comunicar con perspectiva de g\u00e9nero: #COVID19: 7 mujeres l\u00edderes de pa\u00edses que mejor han gestionado la pandemia-#Rampa: nace la red de mujeres de la industria audiovisual-Jane Goodall: &quot;Nuestra falta de respeto a los animales ha causado la pandemia&quot;\" \/>\n<meta name=\"robots\" content=\"index, follow, max-snippet:-1, max-image-preview:large, max-video-preview:-1\" \/>\n<link rel=\"canonical\" href=\"https:\/\/cklcomunicaciones.es\/coop\/noticias-info-ckl-no-2-444-17-04-20\/\" \/>\n<meta property=\"og:locale\" content=\"es_ES\" \/>\n<meta property=\"og:type\" content=\"article\" \/>\n<meta property=\"og:title\" content=\"Noticias Info CKL n\u00ba 2.444-17\/04\/20-Comunicar con perspectiva de g\u00e9nero\" \/>\n<meta property=\"og:description\" content=\"Comunicar con perspectiva de g\u00e9nero: #COVID19: 7 mujeres l\u00edderes de pa\u00edses que mejor han gestionado la pandemia-#Rampa: nace la red de mujeres de la industria audiovisual-Jane Goodall: &quot;Nuestra falta de respeto a los animales ha causado la pandemia&quot;\" \/>\n<meta property=\"og:url\" content=\"https:\/\/cklcomunicaciones.es\/coop\/noticias-info-ckl-no-2-444-17-04-20\/\" \/>\n<meta property=\"og:site_name\" content=\"CKL Comunicaciones\" \/>\n<meta property=\"article:published_time\" content=\"2020-04-17T09:47:13+00:00\" \/>\n<meta property=\"article:modified_time\" content=\"2025-01-17T15:47:42+00:00\" \/>\n<meta property=\"og:image\" content=\"https:\/\/cklcomunicaciones.es\/coop\/wp-content\/uploads\/2018\/03\/CKL_comunicacion-con-perspetiva-de-genero.jpg\" \/>\n\t<meta property=\"og:image:width\" content=\"500\" \/>\n\t<meta property=\"og:image:height\" content=\"500\" \/>\n\t<meta property=\"og:image:type\" content=\"image\/jpeg\" \/>\n<meta name=\"author\" content=\"ckl\" \/>\n<meta name=\"twitter:card\" content=\"summary_large_image\" \/>\n<meta name=\"twitter:label1\" content=\"Escrito por\" \/>\n\t<meta name=\"twitter:data1\" content=\"ckl\" \/>\n\t<meta name=\"twitter:label2\" content=\"Tiempo de lectura\" \/>\n\t<meta name=\"twitter:data2\" content=\"5 minutos\" \/>\n<script type=\"application\/ld+json\" class=\"yoast-schema-graph\">{\"@context\":\"https:\\\/\\\/schema.org\",\"@graph\":[{\"@type\":\"Article\",\"@id\":\"https:\\\/\\\/cklcomunicaciones.es\\\/coop\\\/noticias-info-ckl-no-2-444-17-04-20\\\/#article\",\"isPartOf\":{\"@id\":\"https:\\\/\\\/cklcomunicaciones.es\\\/coop\\\/noticias-info-ckl-no-2-444-17-04-20\\\/\"},\"author\":{\"name\":\"ckl\",\"@id\":\"https:\\\/\\\/cklcomunicaciones.es\\\/coop\\\/#\\\/schema\\\/person\\\/929a6837f7626450bbb50cee1aef266e\"},\"headline\":\"Noticias Info CKL n\u00ba 2.444-17\\\/04\\\/20\",\"datePublished\":\"2020-04-17T09:47:13+00:00\",\"dateModified\":\"2025-01-17T15:47:42+00:00\",\"mainEntityOfPage\":{\"@id\":\"https:\\\/\\\/cklcomunicaciones.es\\\/coop\\\/noticias-info-ckl-no-2-444-17-04-20\\\/\"},\"wordCount\":995,\"image\":{\"@id\":\"https:\\\/\\\/cklcomunicaciones.es\\\/coop\\\/noticias-info-ckl-no-2-444-17-04-20\\\/#primaryimage\"},\"thumbnailUrl\":\"http:\\\/\\\/www.cklcomunicaciones.es\\\/wp-content\\\/uploads\\\/2018\\\/03\\\/CKL_comunicacion-con-perspetiva-de-genero-300x300.jpg\",\"keywords\":[\"CKL\",\"comunicaci\u00f3n inclusiva\",\"perspectiva de g\u00e9nero\"],\"articleSection\":[\"Newsletter\",\"Nwl v2.0\"],\"inLanguage\":\"es\"},{\"@type\":\"WebPage\",\"@id\":\"https:\\\/\\\/cklcomunicaciones.es\\\/coop\\\/noticias-info-ckl-no-2-444-17-04-20\\\/\",\"url\":\"https:\\\/\\\/cklcomunicaciones.es\\\/coop\\\/noticias-info-ckl-no-2-444-17-04-20\\\/\",\"name\":\"Noticias Info CKL n\u00ba 2.444-17\\\/04\\\/20-Comunicar con perspectiva de g\u00e9nero\",\"isPartOf\":{\"@id\":\"https:\\\/\\\/cklcomunicaciones.es\\\/coop\\\/#website\"},\"primaryImageOfPage\":{\"@id\":\"https:\\\/\\\/cklcomunicaciones.es\\\/coop\\\/noticias-info-ckl-no-2-444-17-04-20\\\/#primaryimage\"},\"image\":{\"@id\":\"https:\\\/\\\/cklcomunicaciones.es\\\/coop\\\/noticias-info-ckl-no-2-444-17-04-20\\\/#primaryimage\"},\"thumbnailUrl\":\"http:\\\/\\\/www.cklcomunicaciones.es\\\/wp-content\\\/uploads\\\/2018\\\/03\\\/CKL_comunicacion-con-perspetiva-de-genero-300x300.jpg\",\"datePublished\":\"2020-04-17T09:47:13+00:00\",\"dateModified\":\"2025-01-17T15:47:42+00:00\",\"author\":{\"@id\":\"https:\\\/\\\/cklcomunicaciones.es\\\/coop\\\/#\\\/schema\\\/person\\\/929a6837f7626450bbb50cee1aef266e\"},\"description\":\"Comunicar con perspectiva de g\u00e9nero: #COVID19: 7 mujeres l\u00edderes de pa\u00edses que mejor han gestionado la pandemia-#Rampa: nace la red de mujeres de la industria audiovisual-Jane Goodall: \\\"Nuestra falta de respeto a los animales ha causado la pandemia\\\"\",\"breadcrumb\":{\"@id\":\"https:\\\/\\\/cklcomunicaciones.es\\\/coop\\\/noticias-info-ckl-no-2-444-17-04-20\\\/#breadcrumb\"},\"inLanguage\":\"es\",\"potentialAction\":[{\"@type\":\"ReadAction\",\"target\":[\"https:\\\/\\\/cklcomunicaciones.es\\\/coop\\\/noticias-info-ckl-no-2-444-17-04-20\\\/\"]}]},{\"@type\":\"ImageObject\",\"inLanguage\":\"es\",\"@id\":\"https:\\\/\\\/cklcomunicaciones.es\\\/coop\\\/noticias-info-ckl-no-2-444-17-04-20\\\/#primaryimage\",\"url\":\"http:\\\/\\\/www.cklcomunicaciones.es\\\/wp-content\\\/uploads\\\/2018\\\/03\\\/CKL_comunicacion-con-perspetiva-de-genero-300x300.jpg\",\"contentUrl\":\"http:\\\/\\\/www.cklcomunicaciones.es\\\/wp-content\\\/uploads\\\/2018\\\/03\\\/CKL_comunicacion-con-perspetiva-de-genero-300x300.jpg\"},{\"@type\":\"BreadcrumbList\",\"@id\":\"https:\\\/\\\/cklcomunicaciones.es\\\/coop\\\/noticias-info-ckl-no-2-444-17-04-20\\\/#breadcrumb\",\"itemListElement\":[{\"@type\":\"ListItem\",\"position\":1,\"name\":\"Portada\",\"item\":\"https:\\\/\\\/cklcomunicaciones.es\\\/coop\\\/\"},{\"@type\":\"ListItem\",\"position\":2,\"name\":\"Noticias Info CKL n\u00ba 2.444-17\\\/04\\\/20\"}]},{\"@type\":\"WebSite\",\"@id\":\"https:\\\/\\\/cklcomunicaciones.es\\\/coop\\\/#website\",\"url\":\"https:\\\/\\\/cklcomunicaciones.es\\\/coop\\\/\",\"name\":\"CKL Comunicaciones\",\"description\":\"Sitio web de CKL Comunicaciones coop , la consultora de comunicaci\u00f3n y estrategia\",\"potentialAction\":[{\"@type\":\"SearchAction\",\"target\":{\"@type\":\"EntryPoint\",\"urlTemplate\":\"https:\\\/\\\/cklcomunicaciones.es\\\/coop\\\/?s={search_term_string}\"},\"query-input\":{\"@type\":\"PropertyValueSpecification\",\"valueRequired\":true,\"valueName\":\"search_term_string\"}}],\"inLanguage\":\"es\"},{\"@type\":\"Person\",\"@id\":\"https:\\\/\\\/cklcomunicaciones.es\\\/coop\\\/#\\\/schema\\\/person\\\/929a6837f7626450bbb50cee1aef266e\",\"name\":\"ckl\",\"image\":{\"@type\":\"ImageObject\",\"inLanguage\":\"es\",\"@id\":\"https:\\\/\\\/secure.gravatar.com\\\/avatar\\\/c82db564e8a669bf6023357a157b9dc4780f4d4c618f2ad1d71a6a5dede45057?s=96&d=mm&r=g\",\"url\":\"https:\\\/\\\/secure.gravatar.com\\\/avatar\\\/c82db564e8a669bf6023357a157b9dc4780f4d4c618f2ad1d71a6a5dede45057?s=96&d=mm&r=g\",\"contentUrl\":\"https:\\\/\\\/secure.gravatar.com\\\/avatar\\\/c82db564e8a669bf6023357a157b9dc4780f4d4c618f2ad1d71a6a5dede45057?s=96&d=mm&r=g\",\"caption\":\"ckl\"},\"url\":\"https:\\\/\\\/cklcomunicaciones.es\\\/coop\\\/author\\\/cklcomunicaciones\\\/\"}]}<\/script>\n<!-- \/ Yoast SEO plugin. -->","yoast_head_json":{"title":"Noticias Info CKL n\u00ba 2.444-17\/04\/20-Comunicar con perspectiva de g\u00e9nero","description":"Comunicar con perspectiva de g\u00e9nero: #COVID19: 7 mujeres l\u00edderes de pa\u00edses que mejor han gestionado la pandemia-#Rampa: nace la red de mujeres de la industria audiovisual-Jane Goodall: \"Nuestra falta de respeto a los animales ha causado la pandemia\"","robots":{"index":"index","follow":"follow","max-snippet":"max-snippet:-1","max-image-preview":"max-image-preview:large","max-video-preview":"max-video-preview:-1"},"canonical":"https:\/\/cklcomunicaciones.es\/coop\/noticias-info-ckl-no-2-444-17-04-20\/","og_locale":"es_ES","og_type":"article","og_title":"Noticias Info CKL n\u00ba 2.444-17\/04\/20-Comunicar con perspectiva de g\u00e9nero","og_description":"Comunicar con perspectiva de g\u00e9nero: #COVID19: 7 mujeres l\u00edderes de pa\u00edses que mejor han gestionado la pandemia-#Rampa: nace la red de mujeres de la industria audiovisual-Jane Goodall: \"Nuestra falta de respeto a los animales ha causado la pandemia\"","og_url":"https:\/\/cklcomunicaciones.es\/coop\/noticias-info-ckl-no-2-444-17-04-20\/","og_site_name":"CKL Comunicaciones","article_published_time":"2020-04-17T09:47:13+00:00","article_modified_time":"2025-01-17T15:47:42+00:00","og_image":[{"width":500,"height":500,"url":"https:\/\/cklcomunicaciones.es\/coop\/wp-content\/uploads\/2018\/03\/CKL_comunicacion-con-perspetiva-de-genero.jpg","type":"image\/jpeg"}],"author":"ckl","twitter_card":"summary_large_image","twitter_misc":{"Escrito por":"ckl","Tiempo de lectura":"5 minutos"},"schema":{"@context":"https:\/\/schema.org","@graph":[{"@type":"Article","@id":"https:\/\/cklcomunicaciones.es\/coop\/noticias-info-ckl-no-2-444-17-04-20\/#article","isPartOf":{"@id":"https:\/\/cklcomunicaciones.es\/coop\/noticias-info-ckl-no-2-444-17-04-20\/"},"author":{"name":"ckl","@id":"https:\/\/cklcomunicaciones.es\/coop\/#\/schema\/person\/929a6837f7626450bbb50cee1aef266e"},"headline":"Noticias Info CKL n\u00ba 2.444-17\/04\/20","datePublished":"2020-04-17T09:47:13+00:00","dateModified":"2025-01-17T15:47:42+00:00","mainEntityOfPage":{"@id":"https:\/\/cklcomunicaciones.es\/coop\/noticias-info-ckl-no-2-444-17-04-20\/"},"wordCount":995,"image":{"@id":"https:\/\/cklcomunicaciones.es\/coop\/noticias-info-ckl-no-2-444-17-04-20\/#primaryimage"},"thumbnailUrl":"http:\/\/www.cklcomunicaciones.es\/wp-content\/uploads\/2018\/03\/CKL_comunicacion-con-perspetiva-de-genero-300x300.jpg","keywords":["CKL","comunicaci\u00f3n inclusiva","perspectiva de g\u00e9nero"],"articleSection":["Newsletter","Nwl v2.0"],"inLanguage":"es"},{"@type":"WebPage","@id":"https:\/\/cklcomunicaciones.es\/coop\/noticias-info-ckl-no-2-444-17-04-20\/","url":"https:\/\/cklcomunicaciones.es\/coop\/noticias-info-ckl-no-2-444-17-04-20\/","name":"Noticias Info CKL n\u00ba 2.444-17\/04\/20-Comunicar con perspectiva de g\u00e9nero","isPartOf":{"@id":"https:\/\/cklcomunicaciones.es\/coop\/#website"},"primaryImageOfPage":{"@id":"https:\/\/cklcomunicaciones.es\/coop\/noticias-info-ckl-no-2-444-17-04-20\/#primaryimage"},"image":{"@id":"https:\/\/cklcomunicaciones.es\/coop\/noticias-info-ckl-no-2-444-17-04-20\/#primaryimage"},"thumbnailUrl":"http:\/\/www.cklcomunicaciones.es\/wp-content\/uploads\/2018\/03\/CKL_comunicacion-con-perspetiva-de-genero-300x300.jpg","datePublished":"2020-04-17T09:47:13+00:00","dateModified":"2025-01-17T15:47:42+00:00","author":{"@id":"https:\/\/cklcomunicaciones.es\/coop\/#\/schema\/person\/929a6837f7626450bbb50cee1aef266e"},"description":"Comunicar con perspectiva de g\u00e9nero: #COVID19: 7 mujeres l\u00edderes de pa\u00edses que mejor han gestionado la pandemia-#Rampa: nace la red de mujeres de la industria audiovisual-Jane Goodall: \"Nuestra falta de respeto a los animales ha causado la pandemia\"","breadcrumb":{"@id":"https:\/\/cklcomunicaciones.es\/coop\/noticias-info-ckl-no-2-444-17-04-20\/#breadcrumb"},"inLanguage":"es","potentialAction":[{"@type":"ReadAction","target":["https:\/\/cklcomunicaciones.es\/coop\/noticias-info-ckl-no-2-444-17-04-20\/"]}]},{"@type":"ImageObject","inLanguage":"es","@id":"https:\/\/cklcomunicaciones.es\/coop\/noticias-info-ckl-no-2-444-17-04-20\/#primaryimage","url":"http:\/\/www.cklcomunicaciones.es\/wp-content\/uploads\/2018\/03\/CKL_comunicacion-con-perspetiva-de-genero-300x300.jpg","contentUrl":"http:\/\/www.cklcomunicaciones.es\/wp-content\/uploads\/2018\/03\/CKL_comunicacion-con-perspetiva-de-genero-300x300.jpg"},{"@type":"BreadcrumbList","@id":"https:\/\/cklcomunicaciones.es\/coop\/noticias-info-ckl-no-2-444-17-04-20\/#breadcrumb","itemListElement":[{"@type":"ListItem","position":1,"name":"Portada","item":"https:\/\/cklcomunicaciones.es\/coop\/"},{"@type":"ListItem","position":2,"name":"Noticias Info CKL n\u00ba 2.444-17\/04\/20"}]},{"@type":"WebSite","@id":"https:\/\/cklcomunicaciones.es\/coop\/#website","url":"https:\/\/cklcomunicaciones.es\/coop\/","name":"CKL Comunicaciones","description":"Sitio web de CKL Comunicaciones coop , la consultora de comunicaci\u00f3n y estrategia","potentialAction":[{"@type":"SearchAction","target":{"@type":"EntryPoint","urlTemplate":"https:\/\/cklcomunicaciones.es\/coop\/?s={search_term_string}"},"query-input":{"@type":"PropertyValueSpecification","valueRequired":true,"valueName":"search_term_string"}}],"inLanguage":"es"},{"@type":"Person","@id":"https:\/\/cklcomunicaciones.es\/coop\/#\/schema\/person\/929a6837f7626450bbb50cee1aef266e","name":"ckl","image":{"@type":"ImageObject","inLanguage":"es","@id":"https:\/\/secure.gravatar.com\/avatar\/c82db564e8a669bf6023357a157b9dc4780f4d4c618f2ad1d71a6a5dede45057?s=96&d=mm&r=g","url":"https:\/\/secure.gravatar.com\/avatar\/c82db564e8a669bf6023357a157b9dc4780f4d4c618f2ad1d71a6a5dede45057?s=96&d=mm&r=g","contentUrl":"https:\/\/secure.gravatar.com\/avatar\/c82db564e8a669bf6023357a157b9dc4780f4d4c618f2ad1d71a6a5dede45057?s=96&d=mm&r=g","caption":"ckl"},"url":"https:\/\/cklcomunicaciones.es\/coop\/author\/cklcomunicaciones\/"}]}},"_links":{"self":[{"href":"https:\/\/cklcomunicaciones.es\/coop\/wp-json\/wp\/v2\/posts\/14898","targetHints":{"allow":["GET"]}}],"collection":[{"href":"https:\/\/cklcomunicaciones.es\/coop\/wp-json\/wp\/v2\/posts"}],"about":[{"href":"https:\/\/cklcomunicaciones.es\/coop\/wp-json\/wp\/v2\/types\/post"}],"author":[{"embeddable":true,"href":"https:\/\/cklcomunicaciones.es\/coop\/wp-json\/wp\/v2\/users\/3"}],"replies":[{"embeddable":true,"href":"https:\/\/cklcomunicaciones.es\/coop\/wp-json\/wp\/v2\/comments?post=14898"}],"version-history":[{"count":0,"href":"https:\/\/cklcomunicaciones.es\/coop\/wp-json\/wp\/v2\/posts\/14898\/revisions"}],"wp:attachment":[{"href":"https:\/\/cklcomunicaciones.es\/coop\/wp-json\/wp\/v2\/media?parent=14898"}],"wp:term":[{"taxonomy":"category","embeddable":true,"href":"https:\/\/cklcomunicaciones.es\/coop\/wp-json\/wp\/v2\/categories?post=14898"},{"taxonomy":"post_tag","embeddable":true,"href":"https:\/\/cklcomunicaciones.es\/coop\/wp-json\/wp\/v2\/tags?post=14898"}],"curies":[{"name":"wp","href":"https:\/\/api.w.org\/{rel}","templated":true}]}}