{"id":14894,"date":"2020-04-13T12:33:19","date_gmt":"2020-04-13T10:33:19","guid":{"rendered":"http:\/\/www.cklcomunicaciones.es\/?p=14894"},"modified":"2025-01-17T16:42:50","modified_gmt":"2025-01-17T15:42:50","slug":"noticias-info-ckl-no-2-442-13-04-20","status":"publish","type":"post","link":"https:\/\/cklcomunicaciones.es\/coop\/noticias-info-ckl-no-2-442-13-04-20\/","title":{"rendered":"Noticias Info CKL n\u00ba 2.442-13\/04\/20"},"content":{"rendered":"<div id=\"pl-14894\"  class=\"panel-layout\" >\n<div id=\"pg-14894-0\"  class=\"panel-grid panel-no-style\"  data-style=\"{&quot;background_image_attachment&quot;:false,&quot;background_display&quot;:&quot;tile&quot;,&quot;cell_alignment&quot;:&quot;flex-start&quot;}\" >\n<div id=\"pgc-14894-0-0\"  class=\"panel-grid-cell\"  data-weight=\"1\" >\n<div id=\"panel-14894-0-0-0\" class=\"so-panel widget widget_sow-editor panel-first-child panel-last-child\" data-index=\"0\" data-style=\"{&quot;background_image_attachment&quot;:false,&quot;background_display&quot;:&quot;tile&quot;}\" >\n<div class=\"so-widget-sow-editor so-widget-sow-editor-base\">\n<div class=\"siteorigin-widget-tinymce textwidget\">\n<p><img decoding=\"async\" class=\"lazyload  wp-image-13726\" src=\"http:\/\/www.cklcomunicaciones.es\/wp-content\/uploads\/2018\/03\/CKL_comunicacion-con-perspetiva-de-genero-300x300.jpg\" data-orig-src=\"http:\/\/www.cklcomunicaciones.es\/wp-content\/uploads\/2018\/03\/CKL_comunicacion-con-perspetiva-de-genero-300x300.jpg\" alt=\"CKL_comunicacion con perspetiva de genero\" width=\"132\" height=\"132\" srcset=\"data:image\/svg+xml,%3Csvg%20xmlns%3D%27http%3A%2F%2Fwww.w3.org%2F2000%2Fsvg%27%20width%3D%27132%27%20height%3D%27132%27%20viewBox%3D%270%200%20132%20132%27%3E%3Crect%20width%3D%27132%27%20height%3D%27132%27%20fill-opacity%3D%220%22%2F%3E%3C%2Fsvg%3E\" data-srcset=\"https:\/\/cklcomunicaciones.es\/coop\/wp-content\/uploads\/2018\/03\/CKL_comunicacion-con-perspetiva-de-genero-150x150.jpg 150w, https:\/\/cklcomunicaciones.es\/coop\/wp-content\/uploads\/2018\/03\/CKL_comunicacion-con-perspetiva-de-genero-300x300.jpg 300w, https:\/\/cklcomunicaciones.es\/coop\/wp-content\/uploads\/2018\/03\/CKL_comunicacion-con-perspetiva-de-genero-450x450.jpg 450w, https:\/\/cklcomunicaciones.es\/coop\/wp-content\/uploads\/2018\/03\/CKL_comunicacion-con-perspetiva-de-genero.jpg 500w\" data-sizes=\"auto\" data-orig-sizes=\"(max-width: 132px) 100vw, 132px\" \/><\/p>\n<p id=\":1r2\" class=\"hP\" tabindex=\"-1\" data-thread-perm-id=\"thread-f:1662950007221126275\" data-legacy-thread-id=\"1713fc388ba60483\"><strong>Libertad Gonz\u00e1lez:\u00bbLos cambios laborales por Covid-19 pueden facilitar la igualdad de g\u00e9nero\u00bb-La cajera del s\u00faper sostiene la econom\u00eda-M\u00ba Jes\u00fas Prieto-Laffargue, 1er Premio Pioneras IT-Historia de una mujer confinada<\/strong><\/p>\n<p tabindex=\"-1\" data-thread-perm-id=\"thread-f:1662950007221126275\" data-legacy-thread-id=\"1713fc388ba60483\">[toggle type=\u00bbfirst\u00bb title=\u00bbConvocatorias\u00bb]<\/p>\n<ul>\n<li><a href=\"http:\/\/helveticasescueladeescritura.com\/cursos\/\">Cursos de Escritura<\/a>. Helv\u00e9ticas, Escuela de Escrituras. Comienzo 13 de abril de 2020<\/li>\n<li><a href=\"https:\/\/docs.google.com\/forms\/d\/e\/1FAIpQLSc5XNzt8GXMvXBFhXQSKjY8HMitXhwIkLG4H-9CH9B2OFUdzA\/viewform\">Cursos &#8216;G\u00e9nero y Econom\u00eda. Introducci\u00f3n a la Econom\u00eda Feminista&#8217;<\/a>. Universidad Pablo de Olavide. 20, 21 y 22 de abril de 2020<\/li>\n<li>Cursos: &#8216;<a href=\"https:\/\/perifericas.es\/collections\/cursos\/products\/psicologia-y-feminismo\">Psicolog\u00eda y Feminismo<\/a>&#8216;; &#8216;<a href=\"https:\/\/perifericas.es\/products\/sexualidad-con-perspectiva-de-genero\">Sexualidad con perspectiva de g\u00e9nero<\/a>&#8216;; &#8216;<a href=\"https:\/\/perifericas.es\/products\/arqueologia-de-genero\">Arqueolog\u00eda de g\u00e9nero<\/a>&#8216;. Perif\u00e9ricas, Escuela de Feminismos Alternativos<\/li>\n<\/ul>\n<p tabindex=\"-1\" data-thread-perm-id=\"thread-f:1662950007221126275\" data-legacy-thread-id=\"1713fc388ba60483\">[\/toggle]<\/p>\n<p>[toggle type=\u00bbfirst\u00bb title=\u00bbComunicaci\u00f3n\u00bb]<\/p>\n<p><a href=\"https:\/\/elpais.com\/gente\/2020-04-12\/ana-blanco-el-valor-mas-seguro-de-tve-desde-hace-30-anos.html\">Ana Blanco, el valor m\u00e1s seguro de TVE desde hace 30 a\u00f1os<\/a>\u00a0\u2013 El Pa\u00eds<\/p>\n<p><a href=\"https:\/\/www.google.com\/url?rct=j&amp;sa=t&amp;url=https:\/\/www.eldiariodelarepublica.com\/nota\/2020-4-11-10-9-0-ciberfeminismo-batallas-en-las-redes-por-la-igualdad&amp;ct=ga&amp;cd=CAEYASoTMjk2MzgyMDgyNTgwMTE0MDE1MTIZZTFlNzdkMTU2MDk4YThlMzplczplczpFUw&amp;usg=AFQjCNH1I9my_2Ge7-G5QQzrJeZ69DGpvA\">Ciberfeminismo: batallas en las redes por la igualdad<\/a>&#8211;\u00a0Diario de la Rep\u00fablica<\/p>\n<p><a href=\"https:\/\/www.google.com\/url?rct=j&amp;sa=t&amp;url=https:\/\/www.grupolaprovincia.com\/sociedad\/liberan-por-youtube-un-documental-sin-estrenar-sobre-abuso-sexual-infantil-para-estar-atentos-475212&amp;ct=ga&amp;cd=CAEYAyoTMzI2NDA0MTc2NjIxOTQyODg2MTIZZTJkZWZhN2Q1ZGE5MTU3ZDplczplczpFUw&amp;usg=AFQjCNG7wiXXWe1Y2Y8EetDwCql83DTuKA\">Liberan por Youtube un documental sin estrenar sobre abuso sexual infantil para estar atentos<\/a>&#8211;\u00a0Grupo La Provincia<\/p>\n<p><a href=\"https:\/\/www.eldiario.es\/tecnologia\/tecnologicas-infodemia-mentiras-relacionadas-coronavirus_0_1015948888.html\">Google y Facebook se transforman para evitar ser c\u00f3mplices de los bulos del coronavirus (y sientan un importante precedente)<\/a>&#8211;<a href=\"http:\/\/eldiario.es\/\">eldiario.es<\/a><\/p>\n<p><a href=\"https:\/\/www.elsaltodiario.com\/economia-digital\/mujeres-bienvenidas-a-la-discriminacion-3.0\">Mujeres, bienvenidas a la discriminaci\u00f3n 3.0<\/a>&#8211;\u00a0El Salto<\/p>\n<p>[\/toggle]<\/p>\n<p>[toggle type=\u00bbfirst\u00bb title=\u00bbAndaluc\u00eda\u00bb]<\/p>\n<p><strong>Econom\u00eda y Empresas<\/strong><\/p>\n<p><a href=\"https:\/\/www.mujeremprendedora.net\/andalucia-dara-ayudas-300-euros-autonomos-excluidos-ayudas-estatales\/\">Andaluc\u00eda dar\u00e1 ayudas de 300 euros a aut\u00f3nomos excluidos de las ayudas estatales<\/a>\u00a0\u2013 Mujeremprendedora.net<\/p>\n<p><a href=\"https:\/\/www.eldiario.es\/andalucia\/Economia-plataforma-presentacion-solicitudes-IDi_0_1015948492.html\">Econom\u00eda\u00a0mantiene abierta la plataforma para la presentaci\u00f3n de ayudas de I+D+I &#8230;<\/a>&#8211;\u00a0eldiario.es<\/p>\n<p><a href=\"https:\/\/www.europapress.es\/andalucia\/noticia-ccoo-pide-medidas-alta-temporalidad-mujeres-dejara-muchas-fuera-erte-20200407153010.html\">CCOO-A pide medidas ante la \u00abalta temporalidad\u00bb de las mujeres &#8230;<\/a>&#8211;\u00a0Europa Press<strong>\u00a0<\/strong><\/p>\n<p><strong>Actualidad<\/strong><\/p>\n<p><a href=\"https:\/\/www.google.com\/url?rct=j&amp;sa=t&amp;url=https:\/\/www.elconfidencial.com\/espana\/andalucia\/2020-04-09\/andalucia-medidas-sociales-asistenciales-bra_2537679\/&amp;ct=ga&amp;cd=CAEYACoSOTI4NDkzNDUyMzEzMDE2MTQwMhs5YWIxY2RkN2UzNjZlZjM4OmVzOmVzOkVTOlI&amp;usg=AFQjCNFnnGxYhOpLoOTdP2W3GF0aHoiYDQ\">El plan social de\u00a0Andaluc\u00eda\u00a0para frenar los efectos del Covid-19<\/a>&#8211;\u00a0El Confidencial<\/p>\n<p><a href=\"https:\/\/www.google.com\/url?rct=j&amp;sa=t&amp;url=https:\/\/www.revistalugardeencuentro.com\/wp\/2020\/04\/12\/mas-de-130-estudiantes-realizaran-on-line-el-taller-de-emprendimiento-con-perspectiva-de-genero\/&amp;ct=ga&amp;cd=CAEYACoUMTM0NTg4MzYzMjM1ODQ0NDM1NDAyGzlhYjFjZGQ3ZTM2NmVmMzg6ZXM6ZXM6RVM6Ug&amp;usg=AFQjCNFlFkxZBuYd_hYV6cc0JkAyPVTL5g\">M\u00e1s de 130 estudiantes realizar\u00e1n on line el taller de emprendimiento con perspectiva de g\u00e9nero<\/a>&#8211;\u00a0Revista Lugar Encuentro<\/p>\n<p><a href=\"https:\/\/www.lavozdealmeria.com\/noticia\/3\/provincia\/190989\/mujeres-y-ninos-interlocutores-clave-en-el-proyecto-marca-pueblo\">Mujeres\u00a0y ni\u00f1os, interlocutores clave en el proyecto &#8216;Marca Pueblo\u201d &#8230;<\/a>-La Voz de Almer\u00eda<\/p>\n<p><a href=\"https:\/\/www.google.com\/url?rct=j&amp;sa=t&amp;url=https:\/\/www.lavanguardia.com\/local\/sevilla\/20200412\/48445262465\/la-diputacion-de-malaga-oferta-un-curso-online-destinado-a-agentes-rurales-para-combatir-la-despoblacion.html&amp;ct=ga&amp;cd=CAEYASoUMTAzNzIxODExOTU4MTgxMjE1NjMyGTQ1YjFlOTgyOGJlYTcyYTk6ZXM6ZXM6RVM&amp;usg=AFQjCNFy5bYgSuEOcF3mi6ZkXfAEB3h3gA\">La\u00a0Diputaci\u00f3n de\u00a0M\u00e1laga oferta un curso online destinado\u00a0a\u00a0agentes rurales para combatir la despoblaci\u00f3n&#8230;<\/a>&#8211;\u00a0La Vanguardia<\/p>\n<p><a href=\"https:\/\/www.yosoymujer.es\/covid-19\/ya-estan-en-malaga-las-mascarillas-que-se-distribuiran-en-transportes-publicos\/\">372 mil mascarillas se distribuir\u00e1n en los transportes p\u00fablicos&#8230;<\/a>&#8211;\u00a0Yo soy mujer<\/p>\n<p><a href=\"https:\/\/elcorreoweb.es\/opinion\/columnas\/historia-de-una-mujer-confinada-HY6562944\">Historia de una\u00a0mujer\u00a0confinada<\/a>&#8211;\u00a0El Correo de Andaluc\u00eda<strong>\u00a0<\/strong><\/p>\n<p><strong>Violencias<\/strong><\/p>\n<p><a href=\"https:\/\/www.google.com\/url?rct=j&amp;sa=t&amp;url=https:\/\/andaluciainformacion.es\/sanlucar\/890510\/igualdad-edita-un-decalogo-para-victimas-de-violencia-de-genero\/&amp;ct=ga&amp;cd=CAEYACoTMzI2NDA0MTc2NjIxOTQyODg2MTIZZTJkZWZhN2Q1ZGE5MTU3ZDplczplczpFUw&amp;usg=AFQjCNEG47TnJ5YDSKR4P5BtB_tcBUWkBw\">Igualdad edita un dec\u00e1logo para v\u00edctimas de\u00a0violencia de g\u00e9nero<\/a>&#8211;\u00a0Andaluc\u00eda Informaci\u00f3n<a href=\"https:\/\/www.google.com\/url?rct=j&amp;sa=t&amp;url=https:\/\/www.elperiodico.com\/es\/sociedad\/20200412\/detenido-sevilla-hombre-retener-pareja-contra-voluntad-durante-tres-dias-7925843&amp;ct=ga&amp;cd=CAEYACoUMTcwNTM4MjQxNjY2NDQ0NjUwMzAyGzlhYjFjZGQ3ZTM2NmVmMzg6ZXM6ZXM6RVM6Ug&amp;usg=AFQjCNEBqWS7bNe5LMrCBNJsMdedHQQraw\"><br \/>\nDetenido en Sevilla tras retener a su pareja contra su voluntad durante tres d\u00edas<\/a>&#8211; El Peri\u00f3dico<\/p>\n<p><a href=\"https:\/\/www.cope.es\/emisoras\/andalucia\/jaen-provincia\/noticias\/desmantelada-una-red-trata-mujeres-cordoba-jaen-20200411_677285\">Desmantelada una red de trata de\u00a0mujeres\u00a0en C\u00f3rdoba y Ja\u00e9n<\/a>&#8211;\u00a0Cope<\/p>\n<p><strong>Ciencia y Cultura<\/strong><\/p>\n<p><a href=\"https:\/\/www.eldiario.es\/euroblog\/Ciencia-ahora-despues_6_1016008408.html\">Ciencia ahora y despu\u00e9s\u00a0\u2013\u00a0eldiario.es\u00a0<\/a><\/p>\n<p><a href=\"https:\/\/www.eldiario.es\/euroblog\/Ciencia-ahora-despues_6_1016008408.html\">La Universidad priorizar\u00e1 los ex\u00e1menes online y las pr\u00e1cticas &#8230;-Ideal Digital<\/a><\/p>\n<p><a href=\"https:\/\/www.informaria.com\/andalucia-abre-ventana-semana-santa-andaluza-principios-siglo-xx\/\">Andaluc\u00eda\u00a0abre una ventana a la Semana Santa\u00a0andaluza\u00a0de &#8230;<\/a>&#8211;\u00a0Informaria Digital<\/p>\n<p><a href=\"https:\/\/www.google.com\/url?rct=j&amp;sa=t&amp;url=https:\/\/www.diariosur.es\/malaga\/covid-warriors-escuadron-20200410115534-nt.html&amp;ct=ga&amp;cd=CAEYACoUMTUyOTU5Nzg5OTIzMDc4Nzc5ODgyGzlhYjFjZGQ3ZTM2NmVmMzg6ZXM6ZXM6RVM6Ug&amp;usg=AFQjCNFH3bcF5SauFwmcvWlfzZuUipSu5w\">&#8216;Covid Warriors&#8217;, el escuadr\u00f3n antivirus de\u00a0las mujeres\u00a0y menores de las casas de acogida &#8230;<\/a>&#8211;\u00a0Sur Digital<\/p>\n<p><a href=\"https:\/\/www.laopiniondemalaga.es\/cultura-espectaculos\/2020\/04\/12\/gente-cultura-bunkeres-v\/1159066.html\">La gente de la\u00a0cultura, desde sus b\u00fankeres \u2026<\/a>&#8211;\u00a0La Opini\u00f3n de M\u00e1laga<\/p>\n<p><a href=\"http:\/\/www.almeria24h.com\/noticia.php?noticia=50610\">El IEA habilita la visita virtual a sus 11 exposiciones sobre &#8230;<\/a>&#8211;\u00a0Almer\u00eda 24h<\/p>\n<p><strong>Deporte<\/strong><\/p>\n<p><a href=\"https:\/\/www.google.com\/url?rct=j&amp;sa=t&amp;url=https:\/\/m.diariodesevilla.es\/sevilla\/Carrera-Mujer_0_1453655122.html&amp;ct=ga&amp;cd=CAEYACoUMTAxNDA4MzY3NTQ3NzY5MDAzOTcyGWMwMzcyZWJjMmZlYWRhNTk6ZXM6ZXM6RVM&amp;usg=AFQjCNHHGRLojYZTVFMyqmK7sIq1tjCQXg\">La Carrera de la\u00a0Mujer\u00a0y la Nocturna se celebrar\u00e1n entre octubre y noviembre<\/a>&#8211;\u00a0Diario de Sevilla<\/p>\n<p><a href=\"https:\/\/www.lavozdealmeria.com\/noticia\/6\/deportes\/190820\/el-remo-andaluz-entrena-unido-desde-casa\">El remo\u00a0andaluz\u00a0entrena unido desde casa<\/a>&#8211;\u00a0La Voz de Almer\u00eda<\/p>\n<p>[\/toggle]<\/p>\n<p>[toggle type=\u00bbfirst\u00bb title=\u00bbEstado\u00bb]<\/p>\n<p><strong>Institucional<\/strong><\/p>\n<p><a href=\"https:\/\/www.eldiario.es\/economia\/ministra-desmontar-Segunda-Guerra-Mundial_0_1014898686.html\">Yolanda D\u00edaz, la ministra que quer\u00eda \u00abcorrer\u00bb para desmontar la reforma laboral y a la que estall\u00f3 la mayor crisis desde la Segunda Guerra Mundial<\/a>-eldiario.es<\/p>\n<p><a href=\"https:\/\/www.google.com\/url?rct=j&amp;sa=t&amp;url=http:\/\/www.diariosigloxxi.com\/texto-s\/mostrar\/359705\/cgpj-envia-justicia-plan-choque-preve-habilitar-mes-agosto-sentencias-in-voce&amp;ct=ga&amp;cd=CAEYACoUMTYwODgzNjI2OTEyNzEyMDU2MzAyGWUxZTc3ZDE1NjA5OGE4ZTM6ZXM6ZXM6RVM&amp;usg=AFQjCNHC_DMPexuyHtlNANUaRoMHs2jElA\">El CGPJ env\u00eda a Justicia su plan de choque que prev\u00e9 habilitar el mes de agosto y sentencias \u201cin voce\u201d &#8230;<\/a>&#8211;\u00a0Diario Siglo XXI<strong>\u00a0<\/strong><\/p>\n<p><strong>Econom\u00eda y Empresas<\/strong><\/p>\n<p><a href=\"https:\/\/www.google.com\/url?rct=j&amp;sa=t&amp;url=https:\/\/www.silicon.es\/el-primer-premio-pioneras-it-recae-en-maria-jesus-prieto-laffargue-2413685&amp;ct=ga&amp;cd=CAEYASoUMTU5NzUzNjkwMDAxOTAwMzE5ODUyGWMwMzcyZWJjMmZlYWRhNTk6ZXM6ZXM6RVM&amp;usg=AFQjCNFyIBmCrSzwiHhxV-V7rhEqkYEnRg\">El primer Premio Pioneras IT recae en Mar\u00eda Jes\u00fas Prieto-Laffargue<\/a>&#8211;\u00a0Silicon ES<\/p>\n<p><a href=\"https:\/\/www.eldiario.es\/economia\/Libertad-Gonzalez-laborales-coronavirus-facilitar_0_1014548602.html\">Libertad Gonz\u00e1lez, economista e investigadora: \u00abA largo plazo, los cambios laborales por el Covid-19 pueden facilitar la igualdad de g\u00e9nero &#8230;-\u00a0eldiario.es<\/a><\/p>\n<p><a href=\"https:\/\/www.mujeremprendedora.net\/lateuaterra-amplia-el-plazo-de-juntas-por-el-clima-los-premios-para-ecoemprendedoras\/\">Lateuaterra ampl\u00eda el plazo de \u2018Juntas por el Clima\u2019, los premios para ecoemprendedoras<\/a>\u00a0\u2013 Mujeremprendedora.net<\/p>\n<p><a href=\"https:\/\/www.laopiniondezamora.es\/zamora\/2020\/04\/13\/cuarentena-fantastica-descubrir-pequenas-cosas\/1237470.html\">Almudena Alberca, primera espa\u00f1ola Master of Wine: \u00abLa cuarentena puede ser fant\u00e1stica para &#8230;<\/a>&#8211;\u00a0La Opini\u00f3n de Zamora<\/p>\n<p><a href=\"https:\/\/www.lavanguardia.com\/economia\/20200412\/48431834021\/coronavirus-covid-19-comercio-cajeras-cajeros.html\">La cajera del s\u00faper sostiene la\u00a0econom\u00eda\u00a0durante la pandemia<\/a>&#8211;\u00a0La Vanguardia<strong>\u00a0<\/strong><\/p>\n<p><strong>Actualidad<\/strong><\/p>\n<p><a href=\"https:\/\/www.google.com\/url?rct=j&amp;sa=t&amp;url=https:\/\/www.elmundo.es\/ciencia-y-salud\/salud\/2020\/04\/08\/5e8e053afdddff7a948b45d1.html&amp;ct=ga&amp;cd=CAEYASoUMTYyMzUzNTI0NjMzNDYzMDgxOTAyGWMwMzcyZWJjMmZlYWRhNTk6ZXM6ZXM6RVM&amp;usg=AFQjCNHBxzkWGK8lwnNCnw6S-SympBR9zA\">El coronavirus no ataca s\u00f3lo a los pulmones: puede afectar al coraz\u00f3n, los ri\u00f1ones y el cerebro<\/a>&#8211;\u00a0El Mundo<a href=\"https:\/\/www.google.com\/url?rct=j&amp;sa=t&amp;url=https:\/\/es.aleteia.org\/2020\/04\/08\/el-papa-abre-nueva-comision-sobre-diaconado-femenino-el-50-de-los-miembros-son-mujeres\/&amp;ct=ga&amp;cd=CAEYACoUMTYyMzUzNTI0NjMzNDYzMDgxOTAyGWMwMzcyZWJjMmZlYWRhNTk6ZXM6ZXM6RVM&amp;usg=AFQjCNHZI998zWdcFv3VynC5cCA99b3okA\"><br \/>\nEl Papa abre nueva comisi\u00f3n sobre diaconado femenino: El 50% de los miembros son\u00a0mujeres<\/a>&#8211;\u00a0Aleteia ES<\/p>\n<p><a href=\"https:\/\/lahoradigital.com\/noticia\/26837\/opinion\/tambien-la-crisis-del-coronavirus-aumentara-la-desigualdad-entre-mujeres-y-hombres.html\">Tambi\u00e9n la crisis del coronavirus aumentar\u00e1 la desigualdad entre mujeres y hombres&#8230;<\/a>&#8211;\u00a0lahoradigital.com<strong>\u00a0<\/strong><\/p>\n<p><strong>Ciencia y Cultura<\/strong><\/p>\n<p><a href=\"https:\/\/www.google.com\/url?rct=j&amp;sa=t&amp;url=https:\/\/35milimetros.es\/marieta-caballero-directora-productora-y-guionista-antes-realizar-obra-planteo-aporta-mundo\/&amp;ct=ga&amp;cd=CAEYAyoUMTYyMzUzNTI0NjMzNDYzMDgxOTAyGWMwMzcyZWJjMmZlYWRhNTk6ZXM6ZXM6RVM&amp;usg=AFQjCNHxA4Z9kWHvI3ar5et3WZ6R-pXLqw\">Marieta Caballero es directora, productora y guionista: \u201cAntes de realizar una obra, me planteo si&#8230;<\/a>&#8211;\u00a035 Mil\u00edmetros (blog)<a href=\"https:\/\/www.google.com\/url?rct=j&amp;sa=t&amp;url=https:\/\/www.ecoticias.com\/medio-ambiente\/200930\/Mujeres-mares-libro-imprescindible-conservacion-oceanos&amp;ct=ga&amp;cd=CAEYAioTNzEwNDUwODIwMzI2NTE0MTU5NDIZYzAzNzJlYmMyZmVhZGE1OTplczplczpFUw&amp;usg=AFQjCNFNXujnwYciRYyFFf8z7ehBNhi8Bg\"><br \/>\n&#8216;Mujeres\u00a0de los mares&#8217;, el libro imprescindible de la conservaci\u00f3n de los oc\u00e9anos desde el &#8230;<\/a>&#8211;\u00a0ECOticias.com<\/p>\n<p><a href=\"https:\/\/elpais.com\/television\/2020-04-08\/la-cuarentena-una-oportunidad-para-comicos-en-las-redes.html\">La cuarentena, una oportunidad para c\u00f3micos en las redes<\/a>\u00a0\u2013 El Pa\u00eds<\/p>\n<p><a href=\"https:\/\/www.eldiario.es\/aragon\/cultura\/Mujeres-rostros-XX-fotografo-zaragozano_0_1014548744.html\">Mujeres\u00a0en busca de nombre: rostros del siglo XX en el&#8230;<\/a>&#8211;\u00a0eldiario.es<strong>\u00a0<\/strong><\/p>\n<p><strong>Deporte<\/strong><\/p>\n<p><a href=\"https:\/\/elpais.com\/deportes\/2020-04-11\/lydia-valentin-hay-que-ser-mentalmente-fuerte-para-lo-que-vendra.html\">Lydia Valent\u00edn: \u201cHay que ser mentalmente fuerte para lo que vendr\u00e1\u201d<\/a>\u00a0\u2013El Pa\u00eds<\/p>\n<p><a href=\"https:\/\/www.rtve.es\/rtve\/20200412\/quedateencasacontdp-rememora-primer-oro-europeo-seleccion-femenina-baloncesto-1993\/2011883.shtml\">#Qu\u00e9dateEnCasaConTDP rememora el primer oro europeo femenino de baloncesto&#8230;<\/a>&#8211;\u00a0Rtve<\/p>\n<p><a href=\"https:\/\/www.newtral.es\/silvia-navarro-la-paciencia-de-la-veterania\/20200412\/\">Silvia Navarro: la paciencia de la veteran\u00eda<\/a>&#8211;\u00a0Newtral<\/p>\n<p>[\/toggle]<\/p>\n<p>[toggle type=\u00bbfirst\u00bb title=\u00bbInternacional\u00bb]<\/p>\n<p><a href=\"https:\/\/www.lanacion.com.ar\/economia\/mujeres-ejecutivas-del-techo-de-cristal-a-la-campana-de-aceroel-futuro-del-trabajo-como-la-pandemia-puede-llevar-a-acortar-la-semana-laboral-nid2352938\">Mujeres\u00a0ejecutivas. Del techo de cristal a la campana de acero<\/a>&#8211;\u00a0La Naci\u00f3n<\/p>\n<p><a href=\"https:\/\/www.google.com\/url?rct=j&amp;sa=t&amp;url=https:\/\/www.20minutos.es\/noticia\/4222003\/0\/como-fortalecer-sistema-inmune\/&amp;ct=ga&amp;cd=CAEYCioUMTE3NjcyMDE2NTY1NjAwNDY4NjIyGWMwMzcyZWJjMmZlYWRhNTk6ZXM6ZXM6RVM&amp;usg=AFQjCNGhSbrvVS31qBJBIyMw-LEBzWgI6w\">\u00bfC\u00f3mo fortalecer el sistema inmune?<\/a>-20minutos<\/p>\n<p><a href=\"https:\/\/www.google.com\/url?rct=j&amp;sa=t&amp;url=https:\/\/opinion.cooperativa.cl\/opinion\/derechos-humanos\/violencia-contra-la-mujer-pandemia-invisible\/2020-04-08\/123152.html&amp;ct=ga&amp;cd=CAEYACoTNjgwMjc1MzcyNjM3Mzc5MzAyNTIZZTFlNzdkMTU2MDk4YThlMzplczplczpFUw&amp;usg=AFQjCNGszznyVOzXFMmcGDALpGltIuQNgQ\">Violencia\u00a0contra la mujer, pandemia invisible<\/a>&#8211;\u00a0Cooperativa.cl<\/p>\n<p><a href=\"https:\/\/www.google.com\/url?rct=j&amp;sa=t&amp;url=https:\/\/es.globalvoices.org\/2020\/04\/10\/bielorrusas-recurren-a-autodefensa-para-luchar-contra-violencia-de-genero\/&amp;ct=ga&amp;cd=CAEYACoTNzA0OTM2ODM5ODE5MTU4OTk0MTIZZTJkZWZhN2Q1ZGE5MTU3ZDplczplczpFUw&amp;usg=AFQjCNGmH3QNEKj9cUfZaN-qa6vU830A_Q\">Bielorrusas recurren a autodefensa para luchar contra\u00a0violencia de g\u00e9nero<\/a>&#8211;\u00a0Global Voices en Espa\u00f1ol (blog)<\/p>\n<p><a href=\"https:\/\/www.eldiario.es\/sociedad\/Saskia-Sassen-pueblitos-permitan-sobrevivir_0_1010349049.html\">Saskia Sassen, soci\u00f3loga y Premio Princesa de Asturias: \u201cQuiz\u00e1 los pueblitos que existen por todo el mundo ser\u00e1n los que nos permitan sobrevivir\u00bb<\/a>\u00a0\u2013<a href=\"http:\/\/eldiario.es\/\">eldiario.es<\/a><\/p>\n<p><a href=\"https:\/\/www.redaccion.com.ar\/por-que-la-ciencia-necesita-a-las-mujeres-y-el-cambio-climatico-las-necesita-a-ellas\/\">Por qu\u00e9 la ciencia necesita a las mujeres y el cambio clim\u00e1tico las necesita a ellas&#8230;-redaccion.com<\/a><\/p>\n<p><a href=\"https:\/\/www.google.com\/url?rct=j&amp;sa=t&amp;url=http:\/\/mesaredonda.cubadebate.cu\/mesa-redonda\/2020\/04\/08\/vilma-espin-y-la-obra-imperecedera-de-la-mujer-cubana-en-el-aniversario-90\/&amp;ct=ga&amp;cd=CAEYACoUMTY5OTk5ODg4MzgyNjk5NDQ5NDAyGWMwMzcyZWJjMmZlYWRhNTk6ZXM6ZXM6RVM&amp;usg=AFQjCNFRHmym30k7iuWz4udBgGJFkNbz4g\">Vilma Esp\u00edn y la obra imperecedera de la\u00a0mujer\u00a0cubana en el aniversario 90<\/a>&#8211;\u00a0CubaDebate<\/p>\n<p><a href=\"https:\/\/www.mujeremprendedora.net\/karina-canellakis-nueva-directora-invitada-principal-de-la-orquesta-filarmonica-de-londres\/\">Karina Canellakis, nueva directora invitada principal de la Orquesta Filarm\u00f3nica de Londres \u2026\u00a0<\/a>-Mujeremprendedora.net<\/p>\n<p><a href=\"https:\/\/elpais.com\/cultura\/2020-04-12\/vuvu-mpofu-o-como-superar-todos-los-tabues-de-sudafrica-para-convertirse-en-estrella-de-opera.html\">Vuvu Mpofu, o c\u00f3mo superar todos los tab\u00faes de Sud\u00e1frica para convertirse en estrella de \u00f3pera<\/a>-El Pa\u00eds<\/p>\n<p><a href=\"https:\/\/www.elcorreo.com\/deporte-femenino\/futbol\/emma-clarke-primera-20200409102833-nt.html\">Emma Clarke, la primera futbolista negra de Reino Unido<\/a>&#8211;\u00a0El Correo<\/p>\n<p>[\/toggle]<\/p>\n<\/div>\n<\/div>\n<\/div>\n<\/div>\n<\/div>\n<\/div>\n","protected":false},"excerpt":{"rendered":"<p>Libertad Gonz\u00e1lez:\u00bbLos cambios laborales por Covid-19 pueden facilitar la igualdad <a href=\"https:\/\/cklcomunicaciones.es\/coop\/noticias-info-ckl-no-2-442-13-04-20\/\">[&#8230;]<\/a><\/p>\n","protected":false},"author":3,"featured_media":0,"comment_status":"closed","ping_status":"closed","sticky":false,"template":"","format":"standard","meta":{"footnotes":""},"categories":[298,623],"tags":[103,213,219],"class_list":["post-14894","post","type-post","status-publish","format-standard","hentry","category-newsletter","category-nwl-2-0","tag-ckl","tag-comunicacion-inclusiva","tag-perspectiva-de-genero"],"yoast_head":"<!-- This site is optimized with the Yoast SEO plugin v27.5 - https:\/\/yoast.com\/product\/yoast-seo-wordpress\/ -->\n<title>Noticias Info CKL n\u00ba 2.442-13\/04\/20-Comunicar con perspectiva de g\u00e9nero<\/title>\n<meta name=\"description\" content=\"Comunicar con perspectiva de g\u00e9nero: Libertad Gonz\u00e1lez:&quot;Los cambios laborales por Covid-19 pueden facilitar la igualdad de g\u00e9nero&quot;-La cajera del s\u00faper sostiene la econom\u00eda-M\u00ba Jes\u00fas Prieto-Laffargue, 1er Premio Pioneras IT-Historia de una mujer confinada\" \/>\n<meta name=\"robots\" content=\"index, follow, max-snippet:-1, max-image-preview:large, max-video-preview:-1\" \/>\n<link rel=\"canonical\" href=\"https:\/\/cklcomunicaciones.es\/coop\/noticias-info-ckl-no-2-442-13-04-20\/\" \/>\n<meta property=\"og:locale\" content=\"es_ES\" \/>\n<meta property=\"og:type\" content=\"article\" \/>\n<meta property=\"og:title\" content=\"Noticias Info CKL n\u00ba 2.442-13\/04\/20-Comunicar con perspectiva de g\u00e9nero\" \/>\n<meta property=\"og:description\" content=\"Comunicar con perspectiva de g\u00e9nero: Libertad Gonz\u00e1lez:&quot;Los cambios laborales por Covid-19 pueden facilitar la igualdad de g\u00e9nero&quot;-La cajera del s\u00faper sostiene la econom\u00eda-M\u00ba Jes\u00fas Prieto-Laffargue, 1er Premio Pioneras IT-Historia de una mujer confinada\" \/>\n<meta property=\"og:url\" content=\"https:\/\/cklcomunicaciones.es\/coop\/noticias-info-ckl-no-2-442-13-04-20\/\" \/>\n<meta property=\"og:site_name\" content=\"CKL Comunicaciones\" \/>\n<meta property=\"article:published_time\" content=\"2020-04-13T10:33:19+00:00\" \/>\n<meta property=\"article:modified_time\" content=\"2025-01-17T15:42:50+00:00\" \/>\n<meta property=\"og:image\" content=\"https:\/\/cklcomunicaciones.es\/coop\/wp-content\/uploads\/2018\/03\/CKL_comunicacion-con-perspetiva-de-genero.jpg\" \/>\n\t<meta property=\"og:image:width\" content=\"500\" \/>\n\t<meta property=\"og:image:height\" content=\"500\" \/>\n\t<meta property=\"og:image:type\" content=\"image\/jpeg\" \/>\n<meta name=\"author\" content=\"ckl\" \/>\n<meta name=\"twitter:card\" content=\"summary_large_image\" \/>\n<meta name=\"twitter:label1\" content=\"Escrito por\" \/>\n\t<meta name=\"twitter:data1\" content=\"ckl\" \/>\n\t<meta name=\"twitter:label2\" content=\"Tiempo de lectura\" \/>\n\t<meta name=\"twitter:data2\" content=\"5 minutos\" \/>\n<script type=\"application\/ld+json\" class=\"yoast-schema-graph\">{\"@context\":\"https:\\\/\\\/schema.org\",\"@graph\":[{\"@type\":\"Article\",\"@id\":\"https:\\\/\\\/cklcomunicaciones.es\\\/coop\\\/noticias-info-ckl-no-2-442-13-04-20\\\/#article\",\"isPartOf\":{\"@id\":\"https:\\\/\\\/cklcomunicaciones.es\\\/coop\\\/noticias-info-ckl-no-2-442-13-04-20\\\/\"},\"author\":{\"name\":\"ckl\",\"@id\":\"https:\\\/\\\/cklcomunicaciones.es\\\/coop\\\/#\\\/schema\\\/person\\\/929a6837f7626450bbb50cee1aef266e\"},\"headline\":\"Noticias Info CKL n\u00ba 2.442-13\\\/04\\\/20\",\"datePublished\":\"2020-04-13T10:33:19+00:00\",\"dateModified\":\"2025-01-17T15:42:50+00:00\",\"mainEntityOfPage\":{\"@id\":\"https:\\\/\\\/cklcomunicaciones.es\\\/coop\\\/noticias-info-ckl-no-2-442-13-04-20\\\/\"},\"wordCount\":987,\"image\":{\"@id\":\"https:\\\/\\\/cklcomunicaciones.es\\\/coop\\\/noticias-info-ckl-no-2-442-13-04-20\\\/#primaryimage\"},\"thumbnailUrl\":\"http:\\\/\\\/www.cklcomunicaciones.es\\\/wp-content\\\/uploads\\\/2018\\\/03\\\/CKL_comunicacion-con-perspetiva-de-genero-300x300.jpg\",\"keywords\":[\"CKL\",\"comunicaci\u00f3n inclusiva\",\"perspectiva de g\u00e9nero\"],\"articleSection\":[\"Newsletter\",\"Nwl v2.0\"],\"inLanguage\":\"es\"},{\"@type\":\"WebPage\",\"@id\":\"https:\\\/\\\/cklcomunicaciones.es\\\/coop\\\/noticias-info-ckl-no-2-442-13-04-20\\\/\",\"url\":\"https:\\\/\\\/cklcomunicaciones.es\\\/coop\\\/noticias-info-ckl-no-2-442-13-04-20\\\/\",\"name\":\"Noticias Info CKL n\u00ba 2.442-13\\\/04\\\/20-Comunicar con perspectiva de g\u00e9nero\",\"isPartOf\":{\"@id\":\"https:\\\/\\\/cklcomunicaciones.es\\\/coop\\\/#website\"},\"primaryImageOfPage\":{\"@id\":\"https:\\\/\\\/cklcomunicaciones.es\\\/coop\\\/noticias-info-ckl-no-2-442-13-04-20\\\/#primaryimage\"},\"image\":{\"@id\":\"https:\\\/\\\/cklcomunicaciones.es\\\/coop\\\/noticias-info-ckl-no-2-442-13-04-20\\\/#primaryimage\"},\"thumbnailUrl\":\"http:\\\/\\\/www.cklcomunicaciones.es\\\/wp-content\\\/uploads\\\/2018\\\/03\\\/CKL_comunicacion-con-perspetiva-de-genero-300x300.jpg\",\"datePublished\":\"2020-04-13T10:33:19+00:00\",\"dateModified\":\"2025-01-17T15:42:50+00:00\",\"author\":{\"@id\":\"https:\\\/\\\/cklcomunicaciones.es\\\/coop\\\/#\\\/schema\\\/person\\\/929a6837f7626450bbb50cee1aef266e\"},\"description\":\"Comunicar con perspectiva de g\u00e9nero: Libertad Gonz\u00e1lez:\\\"Los cambios laborales por Covid-19 pueden facilitar la igualdad de g\u00e9nero\\\"-La cajera del s\u00faper sostiene la econom\u00eda-M\u00ba Jes\u00fas Prieto-Laffargue, 1er Premio Pioneras IT-Historia de una mujer confinada\",\"breadcrumb\":{\"@id\":\"https:\\\/\\\/cklcomunicaciones.es\\\/coop\\\/noticias-info-ckl-no-2-442-13-04-20\\\/#breadcrumb\"},\"inLanguage\":\"es\",\"potentialAction\":[{\"@type\":\"ReadAction\",\"target\":[\"https:\\\/\\\/cklcomunicaciones.es\\\/coop\\\/noticias-info-ckl-no-2-442-13-04-20\\\/\"]}]},{\"@type\":\"ImageObject\",\"inLanguage\":\"es\",\"@id\":\"https:\\\/\\\/cklcomunicaciones.es\\\/coop\\\/noticias-info-ckl-no-2-442-13-04-20\\\/#primaryimage\",\"url\":\"http:\\\/\\\/www.cklcomunicaciones.es\\\/wp-content\\\/uploads\\\/2018\\\/03\\\/CKL_comunicacion-con-perspetiva-de-genero-300x300.jpg\",\"contentUrl\":\"http:\\\/\\\/www.cklcomunicaciones.es\\\/wp-content\\\/uploads\\\/2018\\\/03\\\/CKL_comunicacion-con-perspetiva-de-genero-300x300.jpg\"},{\"@type\":\"BreadcrumbList\",\"@id\":\"https:\\\/\\\/cklcomunicaciones.es\\\/coop\\\/noticias-info-ckl-no-2-442-13-04-20\\\/#breadcrumb\",\"itemListElement\":[{\"@type\":\"ListItem\",\"position\":1,\"name\":\"Portada\",\"item\":\"https:\\\/\\\/cklcomunicaciones.es\\\/coop\\\/\"},{\"@type\":\"ListItem\",\"position\":2,\"name\":\"Noticias Info CKL n\u00ba 2.442-13\\\/04\\\/20\"}]},{\"@type\":\"WebSite\",\"@id\":\"https:\\\/\\\/cklcomunicaciones.es\\\/coop\\\/#website\",\"url\":\"https:\\\/\\\/cklcomunicaciones.es\\\/coop\\\/\",\"name\":\"CKL Comunicaciones\",\"description\":\"Sitio web de CKL Comunicaciones coop , la consultora de comunicaci\u00f3n y estrategia\",\"potentialAction\":[{\"@type\":\"SearchAction\",\"target\":{\"@type\":\"EntryPoint\",\"urlTemplate\":\"https:\\\/\\\/cklcomunicaciones.es\\\/coop\\\/?s={search_term_string}\"},\"query-input\":{\"@type\":\"PropertyValueSpecification\",\"valueRequired\":true,\"valueName\":\"search_term_string\"}}],\"inLanguage\":\"es\"},{\"@type\":\"Person\",\"@id\":\"https:\\\/\\\/cklcomunicaciones.es\\\/coop\\\/#\\\/schema\\\/person\\\/929a6837f7626450bbb50cee1aef266e\",\"name\":\"ckl\",\"image\":{\"@type\":\"ImageObject\",\"inLanguage\":\"es\",\"@id\":\"https:\\\/\\\/secure.gravatar.com\\\/avatar\\\/c82db564e8a669bf6023357a157b9dc4780f4d4c618f2ad1d71a6a5dede45057?s=96&d=mm&r=g\",\"url\":\"https:\\\/\\\/secure.gravatar.com\\\/avatar\\\/c82db564e8a669bf6023357a157b9dc4780f4d4c618f2ad1d71a6a5dede45057?s=96&d=mm&r=g\",\"contentUrl\":\"https:\\\/\\\/secure.gravatar.com\\\/avatar\\\/c82db564e8a669bf6023357a157b9dc4780f4d4c618f2ad1d71a6a5dede45057?s=96&d=mm&r=g\",\"caption\":\"ckl\"},\"url\":\"https:\\\/\\\/cklcomunicaciones.es\\\/coop\\\/author\\\/cklcomunicaciones\\\/\"}]}<\/script>\n<!-- \/ Yoast SEO plugin. -->","yoast_head_json":{"title":"Noticias Info CKL n\u00ba 2.442-13\/04\/20-Comunicar con perspectiva de g\u00e9nero","description":"Comunicar con perspectiva de g\u00e9nero: Libertad Gonz\u00e1lez:\"Los cambios laborales por Covid-19 pueden facilitar la igualdad de g\u00e9nero\"-La cajera del s\u00faper sostiene la econom\u00eda-M\u00ba Jes\u00fas Prieto-Laffargue, 1er Premio Pioneras IT-Historia de una mujer confinada","robots":{"index":"index","follow":"follow","max-snippet":"max-snippet:-1","max-image-preview":"max-image-preview:large","max-video-preview":"max-video-preview:-1"},"canonical":"https:\/\/cklcomunicaciones.es\/coop\/noticias-info-ckl-no-2-442-13-04-20\/","og_locale":"es_ES","og_type":"article","og_title":"Noticias Info CKL n\u00ba 2.442-13\/04\/20-Comunicar con perspectiva de g\u00e9nero","og_description":"Comunicar con perspectiva de g\u00e9nero: Libertad Gonz\u00e1lez:\"Los cambios laborales por Covid-19 pueden facilitar la igualdad de g\u00e9nero\"-La cajera del s\u00faper sostiene la econom\u00eda-M\u00ba Jes\u00fas Prieto-Laffargue, 1er Premio Pioneras IT-Historia de una mujer confinada","og_url":"https:\/\/cklcomunicaciones.es\/coop\/noticias-info-ckl-no-2-442-13-04-20\/","og_site_name":"CKL Comunicaciones","article_published_time":"2020-04-13T10:33:19+00:00","article_modified_time":"2025-01-17T15:42:50+00:00","og_image":[{"width":500,"height":500,"url":"https:\/\/cklcomunicaciones.es\/coop\/wp-content\/uploads\/2018\/03\/CKL_comunicacion-con-perspetiva-de-genero.jpg","type":"image\/jpeg"}],"author":"ckl","twitter_card":"summary_large_image","twitter_misc":{"Escrito por":"ckl","Tiempo de lectura":"5 minutos"},"schema":{"@context":"https:\/\/schema.org","@graph":[{"@type":"Article","@id":"https:\/\/cklcomunicaciones.es\/coop\/noticias-info-ckl-no-2-442-13-04-20\/#article","isPartOf":{"@id":"https:\/\/cklcomunicaciones.es\/coop\/noticias-info-ckl-no-2-442-13-04-20\/"},"author":{"name":"ckl","@id":"https:\/\/cklcomunicaciones.es\/coop\/#\/schema\/person\/929a6837f7626450bbb50cee1aef266e"},"headline":"Noticias Info CKL n\u00ba 2.442-13\/04\/20","datePublished":"2020-04-13T10:33:19+00:00","dateModified":"2025-01-17T15:42:50+00:00","mainEntityOfPage":{"@id":"https:\/\/cklcomunicaciones.es\/coop\/noticias-info-ckl-no-2-442-13-04-20\/"},"wordCount":987,"image":{"@id":"https:\/\/cklcomunicaciones.es\/coop\/noticias-info-ckl-no-2-442-13-04-20\/#primaryimage"},"thumbnailUrl":"http:\/\/www.cklcomunicaciones.es\/wp-content\/uploads\/2018\/03\/CKL_comunicacion-con-perspetiva-de-genero-300x300.jpg","keywords":["CKL","comunicaci\u00f3n inclusiva","perspectiva de g\u00e9nero"],"articleSection":["Newsletter","Nwl v2.0"],"inLanguage":"es"},{"@type":"WebPage","@id":"https:\/\/cklcomunicaciones.es\/coop\/noticias-info-ckl-no-2-442-13-04-20\/","url":"https:\/\/cklcomunicaciones.es\/coop\/noticias-info-ckl-no-2-442-13-04-20\/","name":"Noticias Info CKL n\u00ba 2.442-13\/04\/20-Comunicar con perspectiva de g\u00e9nero","isPartOf":{"@id":"https:\/\/cklcomunicaciones.es\/coop\/#website"},"primaryImageOfPage":{"@id":"https:\/\/cklcomunicaciones.es\/coop\/noticias-info-ckl-no-2-442-13-04-20\/#primaryimage"},"image":{"@id":"https:\/\/cklcomunicaciones.es\/coop\/noticias-info-ckl-no-2-442-13-04-20\/#primaryimage"},"thumbnailUrl":"http:\/\/www.cklcomunicaciones.es\/wp-content\/uploads\/2018\/03\/CKL_comunicacion-con-perspetiva-de-genero-300x300.jpg","datePublished":"2020-04-13T10:33:19+00:00","dateModified":"2025-01-17T15:42:50+00:00","author":{"@id":"https:\/\/cklcomunicaciones.es\/coop\/#\/schema\/person\/929a6837f7626450bbb50cee1aef266e"},"description":"Comunicar con perspectiva de g\u00e9nero: Libertad Gonz\u00e1lez:\"Los cambios laborales por Covid-19 pueden facilitar la igualdad de g\u00e9nero\"-La cajera del s\u00faper sostiene la econom\u00eda-M\u00ba Jes\u00fas Prieto-Laffargue, 1er Premio Pioneras IT-Historia de una mujer confinada","breadcrumb":{"@id":"https:\/\/cklcomunicaciones.es\/coop\/noticias-info-ckl-no-2-442-13-04-20\/#breadcrumb"},"inLanguage":"es","potentialAction":[{"@type":"ReadAction","target":["https:\/\/cklcomunicaciones.es\/coop\/noticias-info-ckl-no-2-442-13-04-20\/"]}]},{"@type":"ImageObject","inLanguage":"es","@id":"https:\/\/cklcomunicaciones.es\/coop\/noticias-info-ckl-no-2-442-13-04-20\/#primaryimage","url":"http:\/\/www.cklcomunicaciones.es\/wp-content\/uploads\/2018\/03\/CKL_comunicacion-con-perspetiva-de-genero-300x300.jpg","contentUrl":"http:\/\/www.cklcomunicaciones.es\/wp-content\/uploads\/2018\/03\/CKL_comunicacion-con-perspetiva-de-genero-300x300.jpg"},{"@type":"BreadcrumbList","@id":"https:\/\/cklcomunicaciones.es\/coop\/noticias-info-ckl-no-2-442-13-04-20\/#breadcrumb","itemListElement":[{"@type":"ListItem","position":1,"name":"Portada","item":"https:\/\/cklcomunicaciones.es\/coop\/"},{"@type":"ListItem","position":2,"name":"Noticias Info CKL n\u00ba 2.442-13\/04\/20"}]},{"@type":"WebSite","@id":"https:\/\/cklcomunicaciones.es\/coop\/#website","url":"https:\/\/cklcomunicaciones.es\/coop\/","name":"CKL Comunicaciones","description":"Sitio web de CKL Comunicaciones coop , la consultora de comunicaci\u00f3n y estrategia","potentialAction":[{"@type":"SearchAction","target":{"@type":"EntryPoint","urlTemplate":"https:\/\/cklcomunicaciones.es\/coop\/?s={search_term_string}"},"query-input":{"@type":"PropertyValueSpecification","valueRequired":true,"valueName":"search_term_string"}}],"inLanguage":"es"},{"@type":"Person","@id":"https:\/\/cklcomunicaciones.es\/coop\/#\/schema\/person\/929a6837f7626450bbb50cee1aef266e","name":"ckl","image":{"@type":"ImageObject","inLanguage":"es","@id":"https:\/\/secure.gravatar.com\/avatar\/c82db564e8a669bf6023357a157b9dc4780f4d4c618f2ad1d71a6a5dede45057?s=96&d=mm&r=g","url":"https:\/\/secure.gravatar.com\/avatar\/c82db564e8a669bf6023357a157b9dc4780f4d4c618f2ad1d71a6a5dede45057?s=96&d=mm&r=g","contentUrl":"https:\/\/secure.gravatar.com\/avatar\/c82db564e8a669bf6023357a157b9dc4780f4d4c618f2ad1d71a6a5dede45057?s=96&d=mm&r=g","caption":"ckl"},"url":"https:\/\/cklcomunicaciones.es\/coop\/author\/cklcomunicaciones\/"}]}},"_links":{"self":[{"href":"https:\/\/cklcomunicaciones.es\/coop\/wp-json\/wp\/v2\/posts\/14894","targetHints":{"allow":["GET"]}}],"collection":[{"href":"https:\/\/cklcomunicaciones.es\/coop\/wp-json\/wp\/v2\/posts"}],"about":[{"href":"https:\/\/cklcomunicaciones.es\/coop\/wp-json\/wp\/v2\/types\/post"}],"author":[{"embeddable":true,"href":"https:\/\/cklcomunicaciones.es\/coop\/wp-json\/wp\/v2\/users\/3"}],"replies":[{"embeddable":true,"href":"https:\/\/cklcomunicaciones.es\/coop\/wp-json\/wp\/v2\/comments?post=14894"}],"version-history":[{"count":0,"href":"https:\/\/cklcomunicaciones.es\/coop\/wp-json\/wp\/v2\/posts\/14894\/revisions"}],"wp:attachment":[{"href":"https:\/\/cklcomunicaciones.es\/coop\/wp-json\/wp\/v2\/media?parent=14894"}],"wp:term":[{"taxonomy":"category","embeddable":true,"href":"https:\/\/cklcomunicaciones.es\/coop\/wp-json\/wp\/v2\/categories?post=14894"},{"taxonomy":"post_tag","embeddable":true,"href":"https:\/\/cklcomunicaciones.es\/coop\/wp-json\/wp\/v2\/tags?post=14894"}],"curies":[{"name":"wp","href":"https:\/\/api.w.org\/{rel}","templated":true}]}}