{"id":14879,"date":"2020-03-27T11:53:20","date_gmt":"2020-03-27T10:53:20","guid":{"rendered":"http:\/\/www.cklcomunicaciones.es\/?p=14879"},"modified":"2025-01-17T16:42:51","modified_gmt":"2025-01-17T15:42:51","slug":"noticias-info-ckl-no-2-436-27-03-20","status":"publish","type":"post","link":"https:\/\/cklcomunicaciones.es\/coop\/noticias-info-ckl-no-2-436-27-03-20\/","title":{"rendered":"Noticias Info CKL n\u00ba 2.436-27\/03\/20"},"content":{"rendered":"<div id=\"pl-14879\"  class=\"panel-layout\" >\n<div id=\"pg-14879-0\"  class=\"panel-grid panel-no-style\"  data-style=\"{&quot;background_image_attachment&quot;:false,&quot;background_display&quot;:&quot;tile&quot;,&quot;cell_alignment&quot;:&quot;flex-start&quot;}\" >\n<div id=\"pgc-14879-0-0\"  class=\"panel-grid-cell\"  data-weight=\"1\" >\n<div id=\"panel-14879-0-0-0\" class=\"so-panel widget widget_sow-editor panel-first-child panel-last-child\" data-index=\"0\" data-style=\"{&quot;background_image_attachment&quot;:false,&quot;background_display&quot;:&quot;tile&quot;}\" >\n<div class=\"so-widget-sow-editor so-widget-sow-editor-base\">\n<div class=\"siteorigin-widget-tinymce textwidget\">\n<p><img decoding=\"async\" class=\"lazyload  wp-image-13726\" src=\"http:\/\/www.cklcomunicaciones.es\/wp-content\/uploads\/2018\/03\/CKL_comunicacion-con-perspetiva-de-genero-300x300.jpg\" data-orig-src=\"http:\/\/www.cklcomunicaciones.es\/wp-content\/uploads\/2018\/03\/CKL_comunicacion-con-perspetiva-de-genero-300x300.jpg\" alt=\"CKL_comunicacion con perspetiva de genero\" width=\"132\" height=\"132\" srcset=\"data:image\/svg+xml,%3Csvg%20xmlns%3D%27http%3A%2F%2Fwww.w3.org%2F2000%2Fsvg%27%20width%3D%27132%27%20height%3D%27132%27%20viewBox%3D%270%200%20132%20132%27%3E%3Crect%20width%3D%27132%27%20height%3D%27132%27%20fill-opacity%3D%220%22%2F%3E%3C%2Fsvg%3E\" data-srcset=\"https:\/\/cklcomunicaciones.es\/coop\/wp-content\/uploads\/2018\/03\/CKL_comunicacion-con-perspetiva-de-genero-150x150.jpg 150w, https:\/\/cklcomunicaciones.es\/coop\/wp-content\/uploads\/2018\/03\/CKL_comunicacion-con-perspetiva-de-genero-300x300.jpg 300w, https:\/\/cklcomunicaciones.es\/coop\/wp-content\/uploads\/2018\/03\/CKL_comunicacion-con-perspetiva-de-genero-450x450.jpg 450w, https:\/\/cklcomunicaciones.es\/coop\/wp-content\/uploads\/2018\/03\/CKL_comunicacion-con-perspetiva-de-genero.jpg 500w\" data-sizes=\"auto\" data-orig-sizes=\"(max-width: 132px) 100vw, 132px\" \/><\/p>\n<p id=\":fu\" class=\"hP\" tabindex=\"-1\" data-thread-perm-id=\"thread-f:1662313643850657766\" data-legacy-thread-id=\"1711b973a700efe6\"><strong>El valor econ\u00f3mico de los cuidados-Isabel Coixet: \u00abEl periodismo es hoy m\u00e1s importante que nunca\u00bb-Campa\u00f1a contra la VG \u00abEstamos contigo\u00bb-&#8216;Las invisibles&#8217;: el arte y su dif\u00edcil relaci\u00f3n con las mujeres y la igualdad<\/strong><\/p>\n<p>[toggle type=\u00bbfirst\u00bb title=\u00bbComunicaci\u00f3n\u00bb]<\/p>\n<p><u><a href=\"https:\/\/www.diariodealmeria.es\/vivir\/Premio-Periodismo-Colombine-conoce-composicion_0_1449755416.html\">El Premio de Periodismo Colombine ya conoce la composici\u00f3n &#8230;<\/a><\/u>&#8211;\u00a0Diario de Almer\u00eda-<\/p>\n<p><u><a href=\"https:\/\/suscripciones.elpais.com\/para-conocer\/conversaciones\/isabel-coixet\/\">Isabel Coixet:\u00a0\u201cEl periodismo es hoy m\u00e1s importante que nunca\u201d\u00a0<\/a><\/u>\u00a0\u2013 El Pa\u00eds<\/p>\n<p><u><a href=\"https:\/\/www.elcomercio.es\/asturias\/occidente\/foro-comunicacion-escuela-20200327000138-ntvo.html\">El XII Foro\u00a0Comunicaci\u00f3n\u00a0y Escuela, con sello femenino<\/a><\/u>&#8211;\u00a0El Comercio Digital<\/p>\n<p><a href=\"https:\/\/elpais.com\/gente\/2020-03-25\/pirelli-no-publicara-su-mitico-calendario-en-2021-y-dona-100000-euros-para-luchar-contra-el-coronavirus.html\">Pirelli no publicar\u00e1 su m\u00edtico calendario en 2021<\/a>\u2013 El Pa\u00eds<\/p>\n<p><a href=\"https:\/\/elpais.com\/television\/2020-03-25\/la-bbc-retrasa-su-plan-de-despidos-por-el-coronavirus.html\">La BBC retrasa su plan de despidos por el coronavirus<\/a>\u2013 El Pa\u00eds<\/p>\n<p><a href=\"https:\/\/elpais.com\/tecnologia\/2020-03-25\/whatsapp-prepara-una-nueva-herramienta-para-ayudar-a-sus-usuarios-a-comprobar-los-bulos.html\">WhatsApp prepara una nueva herramienta para ayudar a sus usuarios a comprobar los bulos<\/a>\u00a0\u2013 El Pa\u00eds<\/p>\n<p>[\/toggle]<\/p>\n<p>[toggle type=\u00bbfirst\u00bb title=\u00bbAndaluc\u00eda\u00bb]<\/p>\n<p><strong>Institucional<\/strong><\/p>\n<p><a href=\"https:\/\/www.juntadeandalucia.es\/presidencia\/portavoz\/151185\/JuanMarin\/coronavirus\/Covid19\/Gobiernoandaluz\/administracionlocal\/turismo\">Mar\u00edn asegura que el Gobierno ya trabaja en preparar a Andaluc\u00eda para salir cuanto antes de esta crisis<\/a>\u2013 Oficina del Portavoz<strong>\u00a0<\/strong><\/p>\n<p><strong>Econom\u00eda y Empresas<\/strong><\/p>\n<p><u><a href=\"https:\/\/www.diariocordoba.com\/noticias\/cabra\/jornadas-analizan-papel-mujeres-vitivinicultura-andaluza_1362433.html\">Unas jornadas analizan el papel de las\u00a0mujeres\u00a0en la vitivinicultura andaluza&#8230;<\/a><\/u>&#8211;\u00a0Diario C\u00f3rdoba<\/p>\n<p><u><a href=\"https:\/\/www.juntadeandalucia.es\/presidencia\/portavoz\/151194\/Economia\/Crisis\/Crecimiento\/PIB\/Covid19\">La Junta calcula que el PIB andaluz caer\u00e1 un 2,1% por cada mes de paro parcial de la actividad<\/a><\/u>\u2013 Oficina del Portavoz<strong>\u00a0<\/strong><\/p>\n<p><strong>Actualidad<\/strong><\/p>\n<p><a href=\"https:\/\/www.google.com\/url?rct=j&amp;sa=t&amp;url=https:\/\/m.diariodesevilla.es\/sevilla\/Ayuntamiento-Sevilla-suspende-actividades-mes-Diversidad-Sexual-Orgullo-coronavirus_0_1449455515.html&amp;ct=ga&amp;cd=CAEYBCoTNTE3ODY4NTA1MjA3MDQzMDM5NTIZNDViMWU5ODI4YmVhNzJhOTplczplczpFUw&amp;usg=AFQjCNFjFEboSZxWZMJ5S7xppkCMWoy_Og\">El Ayuntamiento\u00a0de Sevilla\u00a0suspende la actividades\u00a0del\u00a0mes\u00a0de\u00a0la Diversidad Sexual y Orgullo por &#8230;<\/a>&#8211;\u00a0Diario de Sevilla<\/p>\n<p><a href=\"https:\/\/amecopress.net\/El-valor-economico-de-los-cuidados\">El valor econ\u00f3mico de los cuidados\u2026 \u00a0<\/a>&#8211; Amecopress.net<\/p>\n<p><u><a href=\"https:\/\/www.revistalugardeencuentro.com\/wp\/2020\/03\/26\/el-cmim-de-cartama-tiene-en-marcha-un-plan-de-contingencia-para-atender-a-las-mujeres-victimas-de-violencia-de-genero\/\">El CMIM de C\u00e1rtama tiene en marcha un Plan de Contigencia &#8230;<\/a><\/u>&#8211;\u00a0Revista Lugar Encuentro<\/p>\n<p><u><a href=\"https:\/\/www.europapress.es\/andalucia\/noticia-apdha-alerta-conflicto-social-carencia-ingresos-economia-informal-pide-renta-basica-20200326122854.html\">Apdha alerta de \u00abconflicto social\u00bb por la carencia de ingresos &#8230;<\/a>&#8211;<\/u>\u00a0Europa Press<\/p>\n<p><strong>Violencias<\/strong><\/p>\n<p><u><a href=\"https:\/\/www.juntadeandalucia.es\/presidencia\/portavoz\/151212\/IAM\/mujer\/guiaderecursos\/violenciadegenero\/coronavirus\/covid19\">Gu\u00eda de recursos para v\u00edctimas de violencia de g\u00e9nero adaptada a la crisis del Covid-19<\/a><\/u>\u00a0\u2013 Oficina del Portavoz<a href=\"https:\/\/www.google.com\/url?rct=j&amp;sa=t&amp;url=https:\/\/www.20minutos.es\/noticia\/4204789\/0\/victimas-violencia-genero-clave-farmacias-andaluzas-mascarilla-19-alerta-coronavirus\/&amp;ct=ga&amp;cd=CAEYAyoTNzM4NzQ4MjM4NDk1OTExNDAxNjIZYzAzNzJlYmMyZmVhZGE1OTplczplczpFUw&amp;usg=AFQjCNFtE-eg1Yd-VTKzgcsnwjTjBN2g-w\"><br \/>\nLas v\u00edctimas de violencia de g\u00e9nero podr\u00e1n usar en las farmacias andaluzas la alerta clave &#8230;<\/a>&#8211;\u00a020minutos<\/p>\n<p><a href=\"https:\/\/www.google.com\/url?rct=j&amp;sa=t&amp;url=https:\/\/www.lawyerpress.com\/2020\/03\/25\/la-abogacia-granadina-atiende-mas-de-150-asistencias-al-detenido-y-a-victimas-de-violencia-de-genero-en-la-primera-semana-del-estado-de-alarma\/&amp;ct=ga&amp;cd=CAEYACoTNTgwMDU2NzAzNDU3OTA5ODM0MDIZZTJkZWZhN2Q1ZGE5MTU3ZDplczplczpFUw&amp;usg=AFQjCNGfFaNh5pxDUXQ2rH9VwSzT5Za29w\">La abogac\u00eda granadina atiende m\u00e1s de 150 asistencias al detenido ya v\u00edctimas de\u00a0violencia de\u00a0&#8230;<\/a>&#8211;\u00a0Lawyer Press<\/p>\n<p><strong>Ciencia y Cultura<\/strong><\/p>\n<p><a href=\"https:\/\/www.juntadeandalucia.es\/presidencia\/portavoz\/151189\/ConsejeriaEconomiaEmpresasConocimientoUniversidad\/proyectos\/investigacion\/coronavirus\/COVID19\">En marcha m\u00e1s de 30 nuevos proyectos de investigaci\u00f3n andaluces contra el coronavirus<\/a><u>\u00a0<\/u>\u2013 Oficina del Portavoz<\/p>\n<p><a href=\"https:\/\/www.google.com\/url?rct=j&amp;sa=t&amp;url=https:\/\/www.laverdaddeceuta.com\/sociedad\/noticias\/sociedad\/educacion\/la-universidad-de-granada-programa-una-videoconferencia-sobre-el-valor-de-un-negocio&amp;ct=ga&amp;cd=CAEYJioTNzM4NzQ4MjM4NDk1OTExNDAxNjIZYzAzNzJlYmMyZmVhZGE1OTplczplczpFUw&amp;usg=AFQjCNGDdUfTIR3NvStStRX8XcoNXuGQ9w\">La Universidad de Granada programa una videoconferencia sobre el valor de un negocio<\/a>&#8211;\u00a0La Verdad de Ceuta<\/p>\n<p><a href=\"https:\/\/www.diariodesevilla.es\/juzgado_de_guardia\/sentencias\/trata-personas-vudu-nigeriana_0_1449755301.html\">El TS condena a una red de trata de nigerianas en Sevilla, a &#8230;<\/a>&#8211;\u00a0Diario de Sevilla<\/p>\n<p><u><a href=\"https:\/\/www.elmundo.es\/metropoli\/musica\/2020\/03\/27\/5e7cd66821efa081408b4630.html\">Lola \u00cdndigo: \u00abEl reguet\u00f3n ya no es machista\u00bb<\/a><\/u>&#8211;\u00a0El Mundo<a href=\"https:\/\/www.cadenadial.com\/2020\/india-martinez-lanza-mascarilla19-una-campana-contra-el-maltrato-en-cuarentena-188761.html\"><br \/>\nIndia Mart\u00ednez lanza #Mascarilla19, una campa\u00f1a contra el &#8230;<\/a>&#8211;\u00a0Cadena Dial<\/p>\n<p><strong>Deporte<\/strong><\/p>\n<p><u><a href=\"https:\/\/www.diariosur.es\/deportes\/mas-deportes\/entrenadora-clara-santiago-20200327111813-nt.html\">La entrenadora Clara Santiago propone un<\/a><\/u><u><a href=\"https:\/\/www.diariosur.es\/deportes\/mas-deportes\/entrenadora-clara-santiago-20200327111813-nt.html\"> ret<\/a><\/u><u><a href=\"https:\/\/www.diariosur.es\/deportes\/mas-deportes\/entrenadora-clara-santiago-20200327111813-nt.html\">o<\/a><\/u><u><a href=\"https:\/\/www.diariosur.es\/deportes\/mas-deportes\/entrenadora-clara-santiago-20200327111813-nt.html\"> de ..<\/a><\/u><strong><u><a href=\"https:\/\/www.diariosur.es\/deportes\/mas-deportes\/entrenadora-clara-santiago-20200327111813-nt.html\">.<\/a><\/u><\/strong>&#8211;\u00a0Sur Digital<\/p>\n<p>[\/toggle]<\/p>\n<p>[toggle type=\u00bbfirst\u00bb title=\u00bbEstado\u00bb]<\/p>\n<p><strong>Institucional-CCAA<\/strong><a href=\"https:\/\/www.google.com\/url?rct=j&amp;sa=t&amp;url=https:\/\/www.lavanguardia.com\/local\/baleares\/20200325\/4898007212\/el-govern-y-los-consells-insulares-coordinan-la-atencion-a-las-victimas-de-violencia-de-genero.html&amp;ct=ga&amp;cd=CAEYCSoTNzM4NzQ4MjM4NDk1OTExNDAxNjIZYzAzNzJlYmMyZmVhZGE1OTplczplczpFUw&amp;usg=AFQjCNF22bH6tzZxVQrs3ggwgJ9sqf_H2Q\"><br \/>\nEl Govern y los consells insulares coordinan la atenci\u00f3n a las v\u00edctimas de violencia de g\u00e9nero<\/a>&#8211;\u00a0La Vanguardia<\/p>\n<p><a href=\"https:\/\/www.google.com\/url?rct=j&amp;sa=t&amp;url=https:\/\/www.elperiodicodearagon.com\/noticias\/espacio3\/tengo-firme-conviccion-de-situacion-excepcional-saldra-sociedad-mejor_1415275.html&amp;ct=ga&amp;cd=CAEYCyoTNzM4NzQ4MjM4NDk1OTExNDAxNjIZYzAzNzJlYmMyZmVhZGE1OTplczplczpFUw&amp;usg=AFQjCNFlFO2fiWVg56nrSdhzUkCj8hmgjA\">Natalia Salvo, Directora General de Inmigraci\u00f3n y Cooperaci\u00f3n al Desarrollo en Arag\u00f3n: \u00abTengo la firme convicci\u00f3n de que de esta situaci\u00f3n excepcional saldr\u00e1 una sociedad mejor\u201d &#8230;<\/a>&#8211;\u00a0El Peri\u00f3dico de Arag\u00f3n<\/p>\n<p><u><a href=\"https:\/\/www.noticiasdegipuzkoa.eus\/actualidad\/sociedad\/2020\/03\/27\/denuncias-violencia-genero-bajan-mitad\/1021266.html\">Las denuncias por violencia de g\u00e9nero bajan a la mitad<\/a><\/u>&#8211;\u00a0Noticias de Gipuzkoa<\/p>\n<p><u><a href=\"https:\/\/www.lacomarca.net\/podcasts\/servicios-del-instituto-aragones-de-la-mujer\/\">Servicios del\u00a0Instituto\u00a0Aragon\u00e9s de la\u00a0Mujer<\/a><\/u>&#8211;\u00a0La Comarca<strong>\u00a0<\/strong><\/p>\n<p><strong>Econom\u00eda y<\/strong> Empresas<a href=\"https:\/\/www.google.com\/url?rct=j&amp;sa=t&amp;url=http:\/\/www.rrhhdigital.com\/secciones\/conciliacion-e-igualdad\/140975\/Los-mejores-momentos-del-I-Congreso-Nacional-de-Igualdad-de-Oportunidades-de-Barcelona-en-video&amp;ct=ga&amp;cd=CAEYECoTNzM4NzQ4MjM4NDk1OTExNDAxNjIZYzAzNzJlYmMyZmVhZGE1OTplczplczpFUw&amp;usg=AFQjCNEMVKdg2Cdf_azgmYXokFZuO0mP5g\"><br \/>\n<\/a><strong><a href=\"https:\/\/www.google.com\/url?rct=j&amp;sa=t&amp;url=http:\/\/www.rrhhdigital.com\/secciones\/conciliacion-e-igualdad\/140975\/Los-mejores-momentos-del-I-Congreso-Nacional-de-Igualdad-de-Oportunidades-de-Barcelona-en-video&amp;ct=ga&amp;cd=CAEYECoTNzM4NzQ4MjM4NDk1OTExNDAxNjIZYzAzNzJlYmMyZmVhZGE1OTplczplczpFUw&amp;usg=AFQjCNEMVKdg2Cdf_azgmYXokFZuO0mP5g\">Los<\/a><\/strong><a href=\"https:\/\/www.google.com\/url?rct=j&amp;sa=t&amp;url=http:\/\/www.rrhhdigital.com\/secciones\/conciliacion-e-igualdad\/140975\/Los-mejores-momentos-del-I-Congreso-Nacional-de-Igualdad-de-Oportunidades-de-Barcelona-en-video&amp;ct=ga&amp;cd=CAEYECoTNzM4NzQ4MjM4NDk1OTExNDAxNjIZYzAzNzJlYmMyZmVhZGE1OTplczplczpFUw&amp;usg=AFQjCNEMVKdg2Cdf_azgmYXokFZuO0mP5g\"> mejores momentos del I Congreso Nacional de Igualdad de Oportunidades de Barcelona, en<\/a><strong><a href=\"https:\/\/www.google.com\/url?rct=j&amp;sa=t&amp;url=http:\/\/www.rrhhdigital.com\/secciones\/conciliacion-e-igualdad\/140975\/Los-mejores-momentos-del-I-Congreso-Nacional-de-Igualdad-de-Oportunidades-de-Barcelona-en-video&amp;ct=ga&amp;cd=CAEYECoTNzM4NzQ4MjM4NDk1OTExNDAxNjIZYzAzNzJlYmMyZmVhZGE1OTplczplczpFUw&amp;usg=AFQjCNEMVKdg2Cdf_azgmYXokFZuO0mP5g\"> &#8230;<\/a><\/strong>&#8211;\u00a0RRHHDigital<\/p>\n<p><a href=\"https:\/\/www.mujeremprendedora.net\/como-trabajar-desde-casa-hijos\/\">Diez iniciativas para trabajar desde casa y con hijos \u2026<\/a>\u00a0-Mujeremprendedora.net<\/p>\n<p><a href=\"https:\/\/elpais.com\/economia\/2020-03-26\/bbva-iberdrola-inditex-santander-y-telefonica-donan-150-millones-a-la-sanidad-publica-para-material-medico.html\">BBVA, Iberdrola, Inditex, Santander y Telef\u00f3nica donan 150 millones a la sanidad p\u00fablica para material m\u00e9dico<\/a><u>\u00a0<\/u>\u2013 El Pa\u00eds<strong>\u00a0<\/strong><\/p>\n<p><strong>Actualidad<\/strong><\/p>\n<p><u><a href=\"https:\/\/amecopress.net\/Un-informe-revela-los-posibles-efectos-de-la-crisis-sanitaria-sobre-la-salud-sexual-y-reproductiva-a-nivel-global\">U<\/a><\/u><u><a href=\"https:\/\/amecopress.net\/Un-informe-revela-los-posibles-efectos-de-la-crisis-sanitaria-sobre-la-salud-sexual-y-reproductiva-a-nivel-global\">n<\/a><\/u><u><a href=\"https:\/\/amecopress.net\/Un-informe-revela-los-posibles-efectos-de-la-crisis-sanitaria-sobre-la-salud-sexual-y-reproductiva-a-nivel-global\"> informe revela los posibles efectos de la crisis sanitaria sobre la salud sexual y reproductiva a nivel global \u2026<\/a><\/u>&#8211; Amecopress.net<\/p>\n<p><u><a href=\"https:\/\/www.eldiario.es\/zonacritica\/callo_6_1009709056.html\">Ya no me callo\u00a0m\u00e1s<\/a><strong>\u00a0<\/strong><\/u>&#8211;\u00a0<a href=\"http:\/\/eldiario.es\/\">eldiario.es<\/a><\/p>\n<p><u><a href=\"https:\/\/www.huffingtonpost.es\/entry\/muerte-soledad-y-despedidas-ante-el-coronavirus_es_5e7c76e3c5b6cb9dc19acad5\">Muerte,\u00a0soledad y despedidas ante el coronavirus<\/a><\/u>\u00a0&#8211;\u00a0El HuffPost<strong>\u00a0<\/strong><\/p>\n<p><strong>Violencias<\/strong><\/p>\n<p><a href=\"https:\/\/amecopress.net\/Estamos-contigo-campana-del-Gobierno-contra-la-violencia-machista\">\u201dEstamos contigo\u201d campa\u00f1a del Gobierno contra la violencia de g\u00e9nero\u2026<\/a>\u00a0-Amecopress.net<strong>\u00a0<\/strong><\/p>\n<p><strong>Ciencia y Cultura<\/strong><\/p>\n<p><u><a href=\"https:\/\/www.eldiario.es\/sociedad\/Espana-vacuna-coronavirus-erradico-viruela_0_1010000186.html\">Espa\u00f1a busca una vacuna para el COVID-19 a partir del virus que erradic\u00f3 la viruela<\/a>\u00a0\u2013<\/u><a href=\"http:\/\/eldiario.es\/\">eldiario.es<\/a><\/p>\n<p><u><a href=\"https:\/\/elpais.com\/cultura\/2020-03-26\/muere-por-coronavirus-la-figurinista-maria-araujo-ganadora-de-3-premios-max.html\">Muere por coronavirus la figurinista Mar\u00eda Araujo, ganadora de 3 premios Max<\/a><\/u>\u2013 El Pa\u00eds<\/p>\n<p><a href=\"https:\/\/amecopress.net\/La-primera-tertulia-virtual-de-CIMA-a-cerca-de-la-conciliacion-en-estos-dias-de-cuarentena\">La primera tertulia virtual de CIMA acerca de la conciliaci\u00f3n en estos d\u00edas de cuarentena\u2026\u00a0<\/a>-Amecopress.net<\/p>\n<p><u><a href=\"https:\/\/elpais.com\/cultura\/2020-03-26\/el-teatro-deja-la-luz-encendida-en-la-red.html\">El teatro deja la luz encendida en la Red<\/a><\/u>\u2013 El Pa\u00eds<u><a href=\"https:\/\/elpais.com\/cultura\/2020\/03\/25\/babelia\/1585159001_374121.html\"><br \/>\nVermeer y la\u00a0mujer\u00a0encerrada<\/a>\u00a0<\/u>\u2013 El Pa\u00eds<a href=\"https:\/\/comarcalcv.com\/cultura-resident-selecciona-a-diez-nuevos-artistas\/\"><br \/>\n&#8216;Cultura Resident&#8217; selecciona a diez nuevos\u00a0artistas<\/a>&#8211;\u00a0ComarcalCV<\/p>\n<p><u><a href=\"https:\/\/www.20minutos.es\/noticia\/4202020\/0\/entrevista-peio-h-riano-las-invisibles-museo-prado-mujeres\/\">&#8216;Las invisibles&#8217;: el arte y su dif\u00edcil relaci\u00f3n con las\u00a0mujeres\u00a0y la igualdad &#8230;<\/a><\/u>&#8211;\u00a020minutos<strong>\u00a0<\/strong><\/p>\n<p><strong>Deporte<\/strong><\/p>\n<p><a href=\"https:\/\/elpais.com\/deportes\/2020-03-25\/mireia-belmonte-la-campeona-ante-una-pagina-en-blanco.html\">Mireia Belmonte, la campeona ante una p\u00e1gina en blanco<\/a>\u2013 El Pa\u00eds<\/p>\n<p><a href=\"https:\/\/elpais.com\/deportes\/2020-03-25\/el-colmo-para-el-futbol-femenino.html\">El colmo para el f\u00fatbol femenino<\/a>\u2013\u00a0El Pa\u00eds<\/p>\n<p><u><a href=\"https:\/\/elpais.com\/deportes\/2020-03-26\/laia-palau-la-resistencia-sigue-siendo-mi-lema.html\">Laia Palau: \u201cLa resistencia sigue siendo mi lema\u201d<\/a><\/u>\u00a0\u2013\u00a0El Pa\u00eds<\/p>\n<p><u><a href=\"https:\/\/elpais.com\/deportes\/2020-03-26\/contagio-de-positivismo.html\">Contagio de positivismo<\/a><\/u>\u2013\u00a0El Pa\u00eds<\/p>\n<p><u><a href=\"https:\/\/www.thechampionsvoice.com\/sandra-sanchez-comparte-un-divertido-video-con-un-fail-y-compite-en-el-europeo\/\">Sandra S\u00e1nchez comparte un divertido v\u00eddeo con un &#8216;fail&#8217; y &#8230;<\/a><\/u>&#8211;\u00a0The Champions Voice<\/p>\n<p>[\/toggle]<\/p>\n<p>[toggle type=\u00bbfirst\u00bb title=\u00bbInternacional\u00bb]<\/p>\n<p><u><a href=\"https:\/\/www.elespectador.com\/noticias\/politica\/la-agenda-de-las-mujeres-en-el-congreso-articulo-911005\">La agenda de las\u00a0mujeres\u00a0en el Congreso<\/a><\/u>&#8211;\u00a0ElEspectador.com<\/p>\n<p><a href=\"https:\/\/www.mujeremprendedora.net\/omt-pide-innovadores-emprendedores-nuevas-soluciones-ayudar-sector\/\">La OMT pide a innovadores y emprendedores nuevas soluciones para ayudar al sector<\/a><u>\u00a0<\/u>\u2013 Mujeremprendedora.net<\/p>\n<p><a href=\"https:\/\/elpais.com\/elpais\/2020\/03\/12\/planeta_futuro\/1584029540_187049.html\">Cine de autor en Senegal para ensalzar a las mujeres africanas resilientes<\/a><u>\u00a0<\/u>\u2013 El Pa\u00eds<\/p>\n<p><a href=\"https:\/\/www.google.com\/url?rct=j&amp;sa=t&amp;url=https:\/\/futbol.radioformula.com.mx\/fuera-de-juego\/luis-henrique-futbolista-brasileno-muejeres-amarradas-polemica-broma-botafogo\/&amp;ct=ga&amp;cd=CAEYAioTNTgwMDU2NzAzNDU3OTA5ODM0MDIZZTJkZWZhN2Q1ZGE5MTU3ZDplczplczpFUw&amp;usg=AFQjCNF-ltZt969M35IoSXKOrIHUe8iItA\">Futbolista amarra a mujeres para promover el &#8216;Qu\u00e9date en Casa&#8217;<\/a>&#8211;\u00a0Radio F\u00f3rmula<\/p>\n<p><u><a href=\"https:\/\/www.telam.com.ar\/notas\/202003\/444513-leticia-obeid-el-arte-es-una-forma-de-apropiarse-del-mundo-de-masticar-la-experiencia.html\">Leticia Obeid: \u00abEl\u00a0arte\u00a0es una forma de apropiarse del mundo &#8230;<\/a><\/u>&#8211;\u00a0T\u00e9lam<\/p>\n<p><u><a href=\"https:\/\/www.elespanol.com\/mujer\/al-dia\/20200327\/idilio-secreto-eleanor-roosevelt-periodista-casa-blanca\/477703486_0.html\">El idilio secreto de Eleanor Roosevelt y una periodista en la Casa Blanca &#8230;<\/a>&#8211;\u00a0<\/u>El Espa\u00f1ol<\/p>\n<p><a href=\"https:\/\/www.elvocero.com\/deportes\/en-australia-el-mundial-femenino-de\/article_2f34101e-6fdb-11ea-a415-a35652c424a9.html\">En Australia el Mundial\u00a0femenino\u00a0de 2022<\/a>&#8211;\u00a0El Vocero de Puerto Rico<\/p>\n<p>[\/toggle]<\/p>\n<\/div>\n<\/div>\n<\/div>\n<\/div>\n<\/div>\n<\/div>\n","protected":false},"excerpt":{"rendered":"<p>El valor econ\u00f3mico de los cuidados-Isabel Coixet: \u00abEl periodismo es <a href=\"https:\/\/cklcomunicaciones.es\/coop\/noticias-info-ckl-no-2-436-27-03-20\/\">[&#8230;]<\/a><\/p>\n","protected":false},"author":3,"featured_media":0,"comment_status":"closed","ping_status":"closed","sticky":false,"template":"","format":"standard","meta":{"footnotes":""},"categories":[298,623],"tags":[103,213,219],"class_list":["post-14879","post","type-post","status-publish","format-standard","hentry","category-newsletter","category-nwl-2-0","tag-ckl","tag-comunicacion-inclusiva","tag-perspectiva-de-genero"],"yoast_head":"<!-- This site is optimized with the Yoast SEO plugin v27.5 - https:\/\/yoast.com\/product\/yoast-seo-wordpress\/ -->\n<title>Noticias Info CKL n\u00ba 2.436-27\/03\/20-Comunicar con perspectiva de g\u00e9nero<\/title>\n<meta name=\"description\" content=\"Comunicar con perspectiva de g\u00e9nero: El valor econ\u00f3mico de los cuidados-Isabel Coixet: &quot;El periodismo es hoy m\u00e1s importante que nunca&quot;-Campa\u00f1a contra la VG &quot;Estamos contigo&quot;-&#039;Las invisibles&#039;: el arte y su dif\u00edcil relaci\u00f3n con las mujeres y la igualdad\" \/>\n<meta name=\"robots\" content=\"index, follow, max-snippet:-1, max-image-preview:large, max-video-preview:-1\" \/>\n<link rel=\"canonical\" href=\"https:\/\/cklcomunicaciones.es\/coop\/noticias-info-ckl-no-2-436-27-03-20\/\" \/>\n<meta property=\"og:locale\" content=\"es_ES\" \/>\n<meta property=\"og:type\" content=\"article\" \/>\n<meta property=\"og:title\" content=\"Noticias Info CKL n\u00ba 2.436-27\/03\/20-Comunicar con perspectiva de g\u00e9nero\" \/>\n<meta property=\"og:description\" content=\"Comunicar con perspectiva de g\u00e9nero: El valor econ\u00f3mico de los cuidados-Isabel Coixet: &quot;El periodismo es hoy m\u00e1s importante que nunca&quot;-Campa\u00f1a contra la VG &quot;Estamos contigo&quot;-&#039;Las invisibles&#039;: el arte y su dif\u00edcil relaci\u00f3n con las mujeres y la igualdad\" \/>\n<meta property=\"og:url\" content=\"https:\/\/cklcomunicaciones.es\/coop\/noticias-info-ckl-no-2-436-27-03-20\/\" \/>\n<meta property=\"og:site_name\" content=\"CKL Comunicaciones\" \/>\n<meta property=\"article:published_time\" content=\"2020-03-27T10:53:20+00:00\" \/>\n<meta property=\"article:modified_time\" content=\"2025-01-17T15:42:51+00:00\" \/>\n<meta property=\"og:image\" content=\"https:\/\/cklcomunicaciones.es\/coop\/wp-content\/uploads\/2018\/03\/CKL_comunicacion-con-perspetiva-de-genero.jpg\" \/>\n\t<meta property=\"og:image:width\" content=\"500\" \/>\n\t<meta property=\"og:image:height\" content=\"500\" \/>\n\t<meta property=\"og:image:type\" content=\"image\/jpeg\" \/>\n<meta name=\"author\" content=\"ckl\" \/>\n<meta name=\"twitter:card\" content=\"summary_large_image\" \/>\n<meta name=\"twitter:label1\" content=\"Escrito por\" \/>\n\t<meta name=\"twitter:data1\" content=\"ckl\" \/>\n\t<meta name=\"twitter:label2\" content=\"Tiempo de lectura\" \/>\n\t<meta name=\"twitter:data2\" content=\"4 minutos\" \/>\n<script type=\"application\/ld+json\" class=\"yoast-schema-graph\">{\"@context\":\"https:\\\/\\\/schema.org\",\"@graph\":[{\"@type\":\"Article\",\"@id\":\"https:\\\/\\\/cklcomunicaciones.es\\\/coop\\\/noticias-info-ckl-no-2-436-27-03-20\\\/#article\",\"isPartOf\":{\"@id\":\"https:\\\/\\\/cklcomunicaciones.es\\\/coop\\\/noticias-info-ckl-no-2-436-27-03-20\\\/\"},\"author\":{\"name\":\"ckl\",\"@id\":\"https:\\\/\\\/cklcomunicaciones.es\\\/coop\\\/#\\\/schema\\\/person\\\/929a6837f7626450bbb50cee1aef266e\"},\"headline\":\"Noticias Info CKL n\u00ba 2.436-27\\\/03\\\/20\",\"datePublished\":\"2020-03-27T10:53:20+00:00\",\"dateModified\":\"2025-01-17T15:42:51+00:00\",\"mainEntityOfPage\":{\"@id\":\"https:\\\/\\\/cklcomunicaciones.es\\\/coop\\\/noticias-info-ckl-no-2-436-27-03-20\\\/\"},\"wordCount\":888,\"image\":{\"@id\":\"https:\\\/\\\/cklcomunicaciones.es\\\/coop\\\/noticias-info-ckl-no-2-436-27-03-20\\\/#primaryimage\"},\"thumbnailUrl\":\"http:\\\/\\\/www.cklcomunicaciones.es\\\/wp-content\\\/uploads\\\/2018\\\/03\\\/CKL_comunicacion-con-perspetiva-de-genero-300x300.jpg\",\"keywords\":[\"CKL\",\"comunicaci\u00f3n inclusiva\",\"perspectiva de g\u00e9nero\"],\"articleSection\":[\"Newsletter\",\"Nwl v2.0\"],\"inLanguage\":\"es\"},{\"@type\":\"WebPage\",\"@id\":\"https:\\\/\\\/cklcomunicaciones.es\\\/coop\\\/noticias-info-ckl-no-2-436-27-03-20\\\/\",\"url\":\"https:\\\/\\\/cklcomunicaciones.es\\\/coop\\\/noticias-info-ckl-no-2-436-27-03-20\\\/\",\"name\":\"Noticias Info CKL n\u00ba 2.436-27\\\/03\\\/20-Comunicar con perspectiva de g\u00e9nero\",\"isPartOf\":{\"@id\":\"https:\\\/\\\/cklcomunicaciones.es\\\/coop\\\/#website\"},\"primaryImageOfPage\":{\"@id\":\"https:\\\/\\\/cklcomunicaciones.es\\\/coop\\\/noticias-info-ckl-no-2-436-27-03-20\\\/#primaryimage\"},\"image\":{\"@id\":\"https:\\\/\\\/cklcomunicaciones.es\\\/coop\\\/noticias-info-ckl-no-2-436-27-03-20\\\/#primaryimage\"},\"thumbnailUrl\":\"http:\\\/\\\/www.cklcomunicaciones.es\\\/wp-content\\\/uploads\\\/2018\\\/03\\\/CKL_comunicacion-con-perspetiva-de-genero-300x300.jpg\",\"datePublished\":\"2020-03-27T10:53:20+00:00\",\"dateModified\":\"2025-01-17T15:42:51+00:00\",\"author\":{\"@id\":\"https:\\\/\\\/cklcomunicaciones.es\\\/coop\\\/#\\\/schema\\\/person\\\/929a6837f7626450bbb50cee1aef266e\"},\"description\":\"Comunicar con perspectiva de g\u00e9nero: El valor econ\u00f3mico de los cuidados-Isabel Coixet: \\\"El periodismo es hoy m\u00e1s importante que nunca\\\"-Campa\u00f1a contra la VG \\\"Estamos contigo\\\"-'Las invisibles': el arte y su dif\u00edcil relaci\u00f3n con las mujeres y la igualdad\",\"breadcrumb\":{\"@id\":\"https:\\\/\\\/cklcomunicaciones.es\\\/coop\\\/noticias-info-ckl-no-2-436-27-03-20\\\/#breadcrumb\"},\"inLanguage\":\"es\",\"potentialAction\":[{\"@type\":\"ReadAction\",\"target\":[\"https:\\\/\\\/cklcomunicaciones.es\\\/coop\\\/noticias-info-ckl-no-2-436-27-03-20\\\/\"]}]},{\"@type\":\"ImageObject\",\"inLanguage\":\"es\",\"@id\":\"https:\\\/\\\/cklcomunicaciones.es\\\/coop\\\/noticias-info-ckl-no-2-436-27-03-20\\\/#primaryimage\",\"url\":\"http:\\\/\\\/www.cklcomunicaciones.es\\\/wp-content\\\/uploads\\\/2018\\\/03\\\/CKL_comunicacion-con-perspetiva-de-genero-300x300.jpg\",\"contentUrl\":\"http:\\\/\\\/www.cklcomunicaciones.es\\\/wp-content\\\/uploads\\\/2018\\\/03\\\/CKL_comunicacion-con-perspetiva-de-genero-300x300.jpg\"},{\"@type\":\"BreadcrumbList\",\"@id\":\"https:\\\/\\\/cklcomunicaciones.es\\\/coop\\\/noticias-info-ckl-no-2-436-27-03-20\\\/#breadcrumb\",\"itemListElement\":[{\"@type\":\"ListItem\",\"position\":1,\"name\":\"Portada\",\"item\":\"https:\\\/\\\/cklcomunicaciones.es\\\/coop\\\/\"},{\"@type\":\"ListItem\",\"position\":2,\"name\":\"Noticias Info CKL n\u00ba 2.436-27\\\/03\\\/20\"}]},{\"@type\":\"WebSite\",\"@id\":\"https:\\\/\\\/cklcomunicaciones.es\\\/coop\\\/#website\",\"url\":\"https:\\\/\\\/cklcomunicaciones.es\\\/coop\\\/\",\"name\":\"CKL Comunicaciones\",\"description\":\"Sitio web de CKL Comunicaciones coop , la consultora de comunicaci\u00f3n y estrategia\",\"potentialAction\":[{\"@type\":\"SearchAction\",\"target\":{\"@type\":\"EntryPoint\",\"urlTemplate\":\"https:\\\/\\\/cklcomunicaciones.es\\\/coop\\\/?s={search_term_string}\"},\"query-input\":{\"@type\":\"PropertyValueSpecification\",\"valueRequired\":true,\"valueName\":\"search_term_string\"}}],\"inLanguage\":\"es\"},{\"@type\":\"Person\",\"@id\":\"https:\\\/\\\/cklcomunicaciones.es\\\/coop\\\/#\\\/schema\\\/person\\\/929a6837f7626450bbb50cee1aef266e\",\"name\":\"ckl\",\"image\":{\"@type\":\"ImageObject\",\"inLanguage\":\"es\",\"@id\":\"https:\\\/\\\/secure.gravatar.com\\\/avatar\\\/c82db564e8a669bf6023357a157b9dc4780f4d4c618f2ad1d71a6a5dede45057?s=96&d=mm&r=g\",\"url\":\"https:\\\/\\\/secure.gravatar.com\\\/avatar\\\/c82db564e8a669bf6023357a157b9dc4780f4d4c618f2ad1d71a6a5dede45057?s=96&d=mm&r=g\",\"contentUrl\":\"https:\\\/\\\/secure.gravatar.com\\\/avatar\\\/c82db564e8a669bf6023357a157b9dc4780f4d4c618f2ad1d71a6a5dede45057?s=96&d=mm&r=g\",\"caption\":\"ckl\"},\"url\":\"https:\\\/\\\/cklcomunicaciones.es\\\/coop\\\/author\\\/cklcomunicaciones\\\/\"}]}<\/script>\n<!-- \/ Yoast SEO plugin. -->","yoast_head_json":{"title":"Noticias Info CKL n\u00ba 2.436-27\/03\/20-Comunicar con perspectiva de g\u00e9nero","description":"Comunicar con perspectiva de g\u00e9nero: El valor econ\u00f3mico de los cuidados-Isabel Coixet: \"El periodismo es hoy m\u00e1s importante que nunca\"-Campa\u00f1a contra la VG \"Estamos contigo\"-'Las invisibles': el arte y su dif\u00edcil relaci\u00f3n con las mujeres y la igualdad","robots":{"index":"index","follow":"follow","max-snippet":"max-snippet:-1","max-image-preview":"max-image-preview:large","max-video-preview":"max-video-preview:-1"},"canonical":"https:\/\/cklcomunicaciones.es\/coop\/noticias-info-ckl-no-2-436-27-03-20\/","og_locale":"es_ES","og_type":"article","og_title":"Noticias Info CKL n\u00ba 2.436-27\/03\/20-Comunicar con perspectiva de g\u00e9nero","og_description":"Comunicar con perspectiva de g\u00e9nero: El valor econ\u00f3mico de los cuidados-Isabel Coixet: \"El periodismo es hoy m\u00e1s importante que nunca\"-Campa\u00f1a contra la VG \"Estamos contigo\"-'Las invisibles': el arte y su dif\u00edcil relaci\u00f3n con las mujeres y la igualdad","og_url":"https:\/\/cklcomunicaciones.es\/coop\/noticias-info-ckl-no-2-436-27-03-20\/","og_site_name":"CKL Comunicaciones","article_published_time":"2020-03-27T10:53:20+00:00","article_modified_time":"2025-01-17T15:42:51+00:00","og_image":[{"width":500,"height":500,"url":"https:\/\/cklcomunicaciones.es\/coop\/wp-content\/uploads\/2018\/03\/CKL_comunicacion-con-perspetiva-de-genero.jpg","type":"image\/jpeg"}],"author":"ckl","twitter_card":"summary_large_image","twitter_misc":{"Escrito por":"ckl","Tiempo de lectura":"4 minutos"},"schema":{"@context":"https:\/\/schema.org","@graph":[{"@type":"Article","@id":"https:\/\/cklcomunicaciones.es\/coop\/noticias-info-ckl-no-2-436-27-03-20\/#article","isPartOf":{"@id":"https:\/\/cklcomunicaciones.es\/coop\/noticias-info-ckl-no-2-436-27-03-20\/"},"author":{"name":"ckl","@id":"https:\/\/cklcomunicaciones.es\/coop\/#\/schema\/person\/929a6837f7626450bbb50cee1aef266e"},"headline":"Noticias Info CKL n\u00ba 2.436-27\/03\/20","datePublished":"2020-03-27T10:53:20+00:00","dateModified":"2025-01-17T15:42:51+00:00","mainEntityOfPage":{"@id":"https:\/\/cklcomunicaciones.es\/coop\/noticias-info-ckl-no-2-436-27-03-20\/"},"wordCount":888,"image":{"@id":"https:\/\/cklcomunicaciones.es\/coop\/noticias-info-ckl-no-2-436-27-03-20\/#primaryimage"},"thumbnailUrl":"http:\/\/www.cklcomunicaciones.es\/wp-content\/uploads\/2018\/03\/CKL_comunicacion-con-perspetiva-de-genero-300x300.jpg","keywords":["CKL","comunicaci\u00f3n inclusiva","perspectiva de g\u00e9nero"],"articleSection":["Newsletter","Nwl v2.0"],"inLanguage":"es"},{"@type":"WebPage","@id":"https:\/\/cklcomunicaciones.es\/coop\/noticias-info-ckl-no-2-436-27-03-20\/","url":"https:\/\/cklcomunicaciones.es\/coop\/noticias-info-ckl-no-2-436-27-03-20\/","name":"Noticias Info CKL n\u00ba 2.436-27\/03\/20-Comunicar con perspectiva de g\u00e9nero","isPartOf":{"@id":"https:\/\/cklcomunicaciones.es\/coop\/#website"},"primaryImageOfPage":{"@id":"https:\/\/cklcomunicaciones.es\/coop\/noticias-info-ckl-no-2-436-27-03-20\/#primaryimage"},"image":{"@id":"https:\/\/cklcomunicaciones.es\/coop\/noticias-info-ckl-no-2-436-27-03-20\/#primaryimage"},"thumbnailUrl":"http:\/\/www.cklcomunicaciones.es\/wp-content\/uploads\/2018\/03\/CKL_comunicacion-con-perspetiva-de-genero-300x300.jpg","datePublished":"2020-03-27T10:53:20+00:00","dateModified":"2025-01-17T15:42:51+00:00","author":{"@id":"https:\/\/cklcomunicaciones.es\/coop\/#\/schema\/person\/929a6837f7626450bbb50cee1aef266e"},"description":"Comunicar con perspectiva de g\u00e9nero: El valor econ\u00f3mico de los cuidados-Isabel Coixet: \"El periodismo es hoy m\u00e1s importante que nunca\"-Campa\u00f1a contra la VG \"Estamos contigo\"-'Las invisibles': el arte y su dif\u00edcil relaci\u00f3n con las mujeres y la igualdad","breadcrumb":{"@id":"https:\/\/cklcomunicaciones.es\/coop\/noticias-info-ckl-no-2-436-27-03-20\/#breadcrumb"},"inLanguage":"es","potentialAction":[{"@type":"ReadAction","target":["https:\/\/cklcomunicaciones.es\/coop\/noticias-info-ckl-no-2-436-27-03-20\/"]}]},{"@type":"ImageObject","inLanguage":"es","@id":"https:\/\/cklcomunicaciones.es\/coop\/noticias-info-ckl-no-2-436-27-03-20\/#primaryimage","url":"http:\/\/www.cklcomunicaciones.es\/wp-content\/uploads\/2018\/03\/CKL_comunicacion-con-perspetiva-de-genero-300x300.jpg","contentUrl":"http:\/\/www.cklcomunicaciones.es\/wp-content\/uploads\/2018\/03\/CKL_comunicacion-con-perspetiva-de-genero-300x300.jpg"},{"@type":"BreadcrumbList","@id":"https:\/\/cklcomunicaciones.es\/coop\/noticias-info-ckl-no-2-436-27-03-20\/#breadcrumb","itemListElement":[{"@type":"ListItem","position":1,"name":"Portada","item":"https:\/\/cklcomunicaciones.es\/coop\/"},{"@type":"ListItem","position":2,"name":"Noticias Info CKL n\u00ba 2.436-27\/03\/20"}]},{"@type":"WebSite","@id":"https:\/\/cklcomunicaciones.es\/coop\/#website","url":"https:\/\/cklcomunicaciones.es\/coop\/","name":"CKL Comunicaciones","description":"Sitio web de CKL Comunicaciones coop , la consultora de comunicaci\u00f3n y estrategia","potentialAction":[{"@type":"SearchAction","target":{"@type":"EntryPoint","urlTemplate":"https:\/\/cklcomunicaciones.es\/coop\/?s={search_term_string}"},"query-input":{"@type":"PropertyValueSpecification","valueRequired":true,"valueName":"search_term_string"}}],"inLanguage":"es"},{"@type":"Person","@id":"https:\/\/cklcomunicaciones.es\/coop\/#\/schema\/person\/929a6837f7626450bbb50cee1aef266e","name":"ckl","image":{"@type":"ImageObject","inLanguage":"es","@id":"https:\/\/secure.gravatar.com\/avatar\/c82db564e8a669bf6023357a157b9dc4780f4d4c618f2ad1d71a6a5dede45057?s=96&d=mm&r=g","url":"https:\/\/secure.gravatar.com\/avatar\/c82db564e8a669bf6023357a157b9dc4780f4d4c618f2ad1d71a6a5dede45057?s=96&d=mm&r=g","contentUrl":"https:\/\/secure.gravatar.com\/avatar\/c82db564e8a669bf6023357a157b9dc4780f4d4c618f2ad1d71a6a5dede45057?s=96&d=mm&r=g","caption":"ckl"},"url":"https:\/\/cklcomunicaciones.es\/coop\/author\/cklcomunicaciones\/"}]}},"_links":{"self":[{"href":"https:\/\/cklcomunicaciones.es\/coop\/wp-json\/wp\/v2\/posts\/14879","targetHints":{"allow":["GET"]}}],"collection":[{"href":"https:\/\/cklcomunicaciones.es\/coop\/wp-json\/wp\/v2\/posts"}],"about":[{"href":"https:\/\/cklcomunicaciones.es\/coop\/wp-json\/wp\/v2\/types\/post"}],"author":[{"embeddable":true,"href":"https:\/\/cklcomunicaciones.es\/coop\/wp-json\/wp\/v2\/users\/3"}],"replies":[{"embeddable":true,"href":"https:\/\/cklcomunicaciones.es\/coop\/wp-json\/wp\/v2\/comments?post=14879"}],"version-history":[{"count":0,"href":"https:\/\/cklcomunicaciones.es\/coop\/wp-json\/wp\/v2\/posts\/14879\/revisions"}],"wp:attachment":[{"href":"https:\/\/cklcomunicaciones.es\/coop\/wp-json\/wp\/v2\/media?parent=14879"}],"wp:term":[{"taxonomy":"category","embeddable":true,"href":"https:\/\/cklcomunicaciones.es\/coop\/wp-json\/wp\/v2\/categories?post=14879"},{"taxonomy":"post_tag","embeddable":true,"href":"https:\/\/cklcomunicaciones.es\/coop\/wp-json\/wp\/v2\/tags?post=14879"}],"curies":[{"name":"wp","href":"https:\/\/api.w.org\/{rel}","templated":true}]}}