{"id":14877,"date":"2020-03-25T13:22:03","date_gmt":"2020-03-25T12:22:03","guid":{"rendered":"http:\/\/www.cklcomunicaciones.es\/?p=14877"},"modified":"2025-01-17T16:42:51","modified_gmt":"2025-01-17T15:42:51","slug":"noticias-info-ckl-no-2-435-25-03-20","status":"publish","type":"post","link":"https:\/\/cklcomunicaciones.es\/coop\/noticias-info-ckl-no-2-435-25-03-20\/","title":{"rendered":"Noticias Info CKL n\u00ba 2.435-25\/03\/20"},"content":{"rendered":"<div id=\"pl-14877\"  class=\"panel-layout\" >\n<div id=\"pg-14877-0\"  class=\"panel-grid panel-no-style\"  data-style=\"{&quot;background_image_attachment&quot;:false,&quot;background_display&quot;:&quot;tile&quot;,&quot;cell_alignment&quot;:&quot;flex-start&quot;}\" >\n<div id=\"pgc-14877-0-0\"  class=\"panel-grid-cell\"  data-weight=\"1\" >\n<div id=\"panel-14877-0-0-0\" class=\"so-panel widget widget_sow-editor panel-first-child panel-last-child\" data-index=\"0\" data-style=\"{&quot;background_image_attachment&quot;:false,&quot;background_display&quot;:&quot;tile&quot;}\" >\n<div class=\"so-widget-sow-editor so-widget-sow-editor-base\">\n<div class=\"siteorigin-widget-tinymce textwidget\">\n<p><img decoding=\"async\" class=\"lazyload  wp-image-13726\" src=\"http:\/\/www.cklcomunicaciones.es\/wp-content\/uploads\/2018\/03\/CKL_comunicacion-con-perspetiva-de-genero-300x300.jpg\" data-orig-src=\"http:\/\/www.cklcomunicaciones.es\/wp-content\/uploads\/2018\/03\/CKL_comunicacion-con-perspetiva-de-genero-300x300.jpg\" alt=\"CKL_comunicacion con perspetiva de genero\" width=\"132\" height=\"132\" srcset=\"data:image\/svg+xml,%3Csvg%20xmlns%3D%27http%3A%2F%2Fwww.w3.org%2F2000%2Fsvg%27%20width%3D%27132%27%20height%3D%27132%27%20viewBox%3D%270%200%20132%20132%27%3E%3Crect%20width%3D%27132%27%20height%3D%27132%27%20fill-opacity%3D%220%22%2F%3E%3C%2Fsvg%3E\" data-srcset=\"https:\/\/cklcomunicaciones.es\/coop\/wp-content\/uploads\/2018\/03\/CKL_comunicacion-con-perspetiva-de-genero-150x150.jpg 150w, https:\/\/cklcomunicaciones.es\/coop\/wp-content\/uploads\/2018\/03\/CKL_comunicacion-con-perspetiva-de-genero-300x300.jpg 300w, https:\/\/cklcomunicaciones.es\/coop\/wp-content\/uploads\/2018\/03\/CKL_comunicacion-con-perspetiva-de-genero-450x450.jpg 450w, https:\/\/cklcomunicaciones.es\/coop\/wp-content\/uploads\/2018\/03\/CKL_comunicacion-con-perspetiva-de-genero.jpg 500w\" data-sizes=\"auto\" data-orig-sizes=\"(max-width: 132px) 100vw, 132px\" \/><\/p>\n<p id=\":iq\" class=\"hP\" tabindex=\"-1\" data-thread-perm-id=\"thread-f:1662137691265426954\" data-legacy-thread-id=\"1711196c7fa9e60a\"><strong>Trabajo ultima un subsidio extraordinario para las empleadas dom\u00e9stica-Por qu\u00e9 el Covid-19 mata casi el doble a los hombres que a las mujeres-Valeria Luiselli, primera mujer en obtener el Premio Rathbones Folio<\/strong><\/p>\n<p tabindex=\"-1\" data-thread-perm-id=\"thread-f:1662137691265426954\" data-legacy-thread-id=\"1711196c7fa9e60a\">[toggle type=\u00bbfirst\u00bb title=\u00bbConvocatorias\u00bb]<\/p>\n<ul>\n<li><a href=\"http:\/\/casatomada.es\/talleres-en-cuarentena-convocatoria-de-cursos-online\/#critica\">Taller de cr\u00edtica feminista<\/a>. Librer\u00eda Casa Tomada. 3 semanas<\/li>\n<li><a href=\"https:\/\/www.espacioentribu.es\/taller-ciclica\/\">Taller \u2018Naturaleza C\u00edclica: ciclo menstrual y sus fases\u2019<\/a>.\u00a0Espacio en Tribu. 5 sesiones\/1h.<\/li>\n<\/ul>\n<p tabindex=\"-1\" data-thread-perm-id=\"thread-f:1662137691265426954\" data-legacy-thread-id=\"1711196c7fa9e60a\">[\/toggle]<\/p>\n<p>[toggle type=\u00bbfirst\u00bb title=\u00bbComunicaci\u00f3n\u00bb]<\/p>\n<p><a href=\"http:\/\/www.canalsur.es\/rtva\/investigaciones-biomedicas-y-derechos-humanos-en-andalucia-en-movimiento\/1569003.html\">Investigaciones biom\u00e9dicas y Derechos Humanos, en Andaluc\u00eda en Movimiento &#8230;<\/a>&#8211;\u00a0CanalSurWeb<\/p>\n<p><u><a href=\"https:\/\/www.europapress.es\/andalucia\/noticia-editorial-autografia-convoca-concurso-relatos-hogar-tema-central-20200324130107.html\">Editorial Autograf\u00eda convoca un concurso de relatos con el &#8230;<\/a><\/u>&#8211;\u00a0Europa Press<\/p>\n<p><a href=\"https:\/\/elpais.com\/tecnologia\/2020-03-23\/el-movil-y-la-fibra-resisten-el-embate-del-coronavirus.html\">El m\u00f3vil y la fibra resisten el embate de\u00a0la pandemia<\/a>\u2013 El Pa\u00eds<\/p>\n<p>[\/toggle]<\/p>\n<p>[toggle type=\u00bbfirst\u00bb title=\u00bbAndaluc\u00eda\u00bb]<\/p>\n<p><strong>Institucional<\/strong><\/p>\n<p><u><a href=\"https:\/\/www.juntadeandalucia.es\/presidencia\/portavoz\/151175\/Videoconferencia\/Transporte\/Logistica\/Infraestructuras\/JuntadeAndalucia\/Gobiernocentral\/MarifranCarazo\/Andalucia\/coronavirus\/Covid19\">Marifr\u00e1n Carazo pide a \u00c1balos medidas \u00abclaras\u00bb para la construcci\u00f3n ante la no supresi\u00f3n de la actividad<\/a><\/u>\u00a0\u2013 Oficina del Portavoz<strong>\u00a0<\/strong><\/p>\n<p><strong>Econom\u00eda y Empresas<\/strong><\/p>\n<p><a href=\"https:\/\/amecopress.net\/Temporeras-en-Huelva-sin-mascarillas-ni-guantes-ni-agua-ni-distancia-de-seguridad\">Temporeras en Huelva, sin mascarillas, ni agua, ni distancia de seguridad\u2026.-Amecopres.net<\/a><\/p>\n<p><a href=\"https:\/\/www.mujeremprendedora.net\/heineken-espana-escuela-hosteleria-fundacion-cruzcampo-lanzan-plataforma-formacion-profesionales-hosteleros\/\">Heineken Espa\u00f1a y su Escuela de Hosteler\u00eda Fundaci\u00f3n Cruzcampo lanzan una plataforma de formaci\u00f3n para profesionales hosteleros<\/a><u>\u00a0<\/u>\u2013 Mujeremprendedora.net<u><a href=\"https:\/\/www.google.com\/url?rct=j&amp;sa=t&amp;url=https:\/\/www.expansion.com\/andalucia\/2020\/03\/25\/5e7a86db468aeb07528b4603.html&amp;ct=ga&amp;cd=CAEYASoUMTYyMjIyNDMyOTI5Njg2OTU3NjQyGWMwMzcyZWJjMmZlYWRhNTk6ZXM6ZXM6RVM&amp;usg=AFQjCNGKPuukRI1uEFQLcN2Ouf_pHTvFWg\"><br \/>\nInstituto\u00a0Espa\u00f1ol llega a los cuarenta millones de euros de facturaci\u00f3n<\/a><\/u>&#8211;\u00a0Expansi\u00f3n.com<\/p>\n<p><u><a href=\"https:\/\/www.mujeremprendedora.net\/cajasol-impulsa-acciones-formativas-gratuitas-online-afrontar-impacto-coronavirus-empresas\/\">Cajasol impulsa acciones formativas gratuitas online para afrontar el impacto del coronavirus en las empresas<\/a><\/u>&#8211; Mujeremprendedora.net<strong>\u00a0<\/strong><\/p>\n<p><strong>Actualidad<\/strong><\/p>\n<p><u><a href=\"https:\/\/www.mujeremprendedora.net\/andalucia-abre-canal-consultas-sobre-comercio-profesionales-ciudadanos\/\">Andaluc\u00eda abre un canal de consultas sobre comercio para profesionales y ciudadanos<\/a><\/u>\u2013 Mujeremprendedora.net<\/p>\n<p><u><a href=\"https:\/\/www.juntadeandalucia.es\/presidencia\/portavoz\/151153\/ConsejeriadeIgualdad\/mayores\/residencias\/comunidadesterapeuticas\/formularioonline\/discapacidad\/coronavirus\/Covid19\">Igualdad facilita a las residencias un formulario &#8216;online&#8217; para hacer llegar sus necesidades de material<\/a><\/u>\u00a0\u2013 Oficina del Portavoz<\/p>\n<p><u><a href=\"https:\/\/www.google.com\/url?rct=j&amp;sa=t&amp;url=https:\/\/www.elmundo.es\/promociones\/native\/2020\/03\/24jda&amp;ct=ga&amp;cd=CAEYACoUMTAxODcwNTIzODYyNzM2MDc0NzEyGWQ3OGU1ODc1YTBmMWYyYWM6ZXM6ZXM6RVM&amp;usg=AFQjCNE6t6uWTlgWLG_P1Prz6fnWtn3PcQ\">Movilizaci\u00f3n sanitaria,\u00a0social\u00a0y econ\u00f3mica en\u00a0Andaluc\u00eda\u00a0frente al COVID-19<\/a><\/u>&#8211;\u00a0El Mundo<\/p>\n<p><strong>Violencias<\/strong><u><a href=\"https:\/\/www.google.com\/url?rct=j&amp;sa=t&amp;url=https:\/\/www.diariodealmeria.es\/almeria\/victimas-violencia-menores-consultas-IAM_0_1448855569.html&amp;ct=ga&amp;cd=CAEYASoSNzcwMzc2MzkzODUxNzQ5Mzg4Mhs5YWIxY2RkN2UzNjZlZjM4OmVzOmVzOkVTOlI&amp;usg=AFQjCNHglGVi_Hq5vJu2cMsxIv33VzbcHA\"><br \/>\nAumenta en un 62% las consultas psicol\u00f3gicas de menores v\u00edctimas de violencia de g\u00e9nero<\/a>&#8211;<\/u><u>\u00a0<\/u>Diario de Almer\u00eda<strong>\u00a0<\/strong><\/p>\n<p><strong>Ciencia y Cultura<\/strong><\/p>\n<p><a href=\"http:\/\/www.juntadeandalucia.es\/presidencia\/portavoz\/salud\/151168\/Covid19\/Coronavirus\/paginaweb\/profesionalessanitarios\/formacion\/Andalucia\/ConsejeriadeSaludyFamilias\/JuntadeAndalucia\/GobiernodeAndalucia\">Andaluc\u00eda pone en marcha un portal con el conocimiento cient\u00edfico sobre Covid-19<\/a>\u00a0\u2013 Oficina del Portavoz<\/p>\n<p><u><a href=\"http:\/\/www.cibersur.com\/cibersur\/impe\/20600\">Las universidades andaluzas acercan sus actividades&#8230;<\/a>&#8211;<\/u>\u00a0Cibersur.com<\/p>\n<p><u><a href=\"https:\/\/www.larazon.es\/andalucia\/20200324\/jnj4mwcvkrcn3i6npoj6dpyy74.html\">Cultura\u00a0abre el acceso gratuito a los libros electr\u00f3nicos de las &#8230;<\/a><\/u>&#8211;\u00a0La Raz\u00f3n<\/p>\n<p><a href=\"https:\/\/www.europapress.es\/andalucia\/cadiz-al-dia-01055\/noticia-diputacion-cadiz-inicia-programa-apoyar-profesionales-cultura-provincia-20200324113039.html\">Diputaci\u00f3n de C\u00e1diz inicia un programa para apoyar a los profesionales de la cultura&#8230;<\/a>&#8211;\u00a0Europa Press<\/p>\n<p><strong>Deporte<\/strong><\/p>\n<p><a href=\"https:\/\/www.marca.com\/deporte-vintage\/2020\/03\/24\/5e78df1222601d72728b464f.html\">El primer d\u00eda de Carolina Mar\u00edn en Marca: finalista europea&#8230;<\/a>&#8211;\u00a0<a href=\"http:\/\/marca.com\/\">marca.com<\/a><\/p>\n<p><u><a href=\"https:\/\/www.elciclismodejaen.com\/2020\/03\/25\/maite-valenzuela\/\">Maite Valenzuela: \u201cVeo complicado el ciclismo\u00a0femenino\u00a0en carretera: pocas &#8230;<\/a><\/u>&#8211;\u00a0El Ciclismo de Ja\u00e9n<\/p>\n<p>[\/toggle]<\/p>\n<p>[toggle type=\u00bbfirst\u00bb title=\u00bbEstado\u00bb]<\/p>\n<p><strong>Institucional<\/strong><\/p>\n<p><a href=\"https:\/\/elpais.com\/espana\/2020-03-23\/casado-apoya-el-cierre-total-de-algunas-autonomias.html\">Calvi\u00f1o, Ministra de Econom\u00eda, defiende que no conviene parar m\u00e1s la<\/a><a href=\"https:\/\/elpais.com\/espana\/2020-03-23\/casado-apoya-el-cierre-total-de-algunas-autonomias.html\"> econom\u00eda<\/a>\u00a0\u2013 El Pa\u00eds<strong>\u00a0<\/strong><\/p>\n<p><strong>Institucional-CCAA<\/strong><\/p>\n<p><a href=\"https:\/\/www.google.com\/url?rct=j&amp;sa=t&amp;url=http:\/\/www.lacerca.com\/noticias\/castilla_la_mancha\/lm-nuevo-centro-acogida-posible-aumento-violencia-genero-502705-1.html&amp;ct=ga&amp;cd=CAEYACoUMTM4NTM5ODM5ODU3MjMxNDYxMzUyGWMwMzcyZWJjMmZlYWRhNTk6ZXM6ZXM6RVM&amp;usg=AFQjCNE2xPeC20MZd5UGs9FehgM1lhn8fQ\">C-LM trabaja para tener un nuevo centro de acogida ante un posible aumento de casos de &#8230;<\/a><u>&#8211;<\/u>\u00a0La Cerca<a href=\"https:\/\/www.google.com\/url?rct=j&amp;sa=t&amp;url=https:\/\/www.lavanguardia.com\/local\/paisvasco\/20200323\/4867555097\/crecen-un-76-los-delitos-contra-la-libertad-sexual-en-euskadi-con-72-mujeres-atacadas-hasta-febrero.html&amp;ct=ga&amp;cd=CAEYACoUMTY0NDYzNzU4OTIxMzcwNTQ1NzgyGWMwMzcyZWJjMmZlYWRhNTk6ZXM6ZXM6RVM&amp;usg=AFQjCNETJwMwF1P2e7EyhFXkiUTBkGvpsg\"><br \/>\nCrecen un 76% los delitos contra la libertad sexual en Euskadi, con 72\u00a0mujeres\u00a0atacadas hasta&#8230;<\/a>&#8211;\u00a0La Vanguardia<strong>\u00a0<\/strong><\/p>\n<p><strong>Econom\u00eda y Empresas<\/strong><\/p>\n<p><strong><u><a href=\"https:\/\/elpais.com\/economia\/2020-03-24\/trabajo-ultima-un-subsidio-extraordinario-para-las-empleadas-domesticas.html\">T<\/a><\/u><\/strong><u><a href=\"https:\/\/elpais.com\/economia\/2020-03-24\/trabajo-ultima-un-subsidio-extraordinario-para-las-empleadas-domesticas.html\">rabajo ultima un subsidio extraordinario para las empleadas dom\u00e9sticas<\/a><\/u>\u2013 El Pa\u00eds<strong><br \/>\n<\/strong><u>L\u00eddia Brun, economista: \u00abEl riesgo es que cuando acabe la crisis con m\u00e1s deuda p\u00fablica los adalides de la austeridad ataquen de nuevo\u00bb\u00a0<\/u>\u2013<a href=\"http:\/\/eldiario.es\/\">eldiario.es<\/a><\/p>\n<p><a href=\"https:\/\/elpais.com\/economia\/2020-03-23\/el-santander-se-compromete-a-no-despedir-mientras-dure-el-estado-de-alarma-por-el-coronavirus.html\">El Santander se compromete a no despedir mientras dure el estado de alarma por el coronaviru<\/a><strong><a href=\"https:\/\/elpais.com\/economia\/2020-03-23\/el-santander-se-compromete-a-no-despedir-mientras-dure-el-estado-de-alarma-por-el-coronavirus.html\">s<\/a><\/strong>\u2013 El Pa\u00eds<\/p>\n<p><a href=\"https:\/\/www.mujeremprendedora.net\/angeles-claro-jealsa-poder-compartir-experiencia-escuchar-otros-grandes-lideres-diferentes-sectores-es-enormemente-enriquecedor\/\">\u00c1ngeles Claro, Directora We Sea: \u201cPoder compartir nuestra experiencia y escuchar la de otros grandes l\u00edderes de diferentes sectores es enormemente enriquecedor\u201d<\/a><u>\u00a0<\/u>\u2013 Mujeremprendedora.net<\/p>\n<p><u><a href=\"https:\/\/www.mujeremprendedora.net\/fademur-lanza-primer-podcast-consejos-personas-mayores-cuarentena\/\">FADEMUR lanza su primer podcast con consejos para las personas mayores en cuarentena<\/a><\/u>\u2013 Mujeremprendedora.net<strong>\u00a0<\/strong><\/p>\n<p><strong>Actualidad<\/strong><\/p>\n<p><u><a href=\"https:\/\/elpais.com\/sociedad\/2020-03-24\/por-que-el-coronavirus-mata-casi-el-doble-a-hombres-que-a-mujeres.html\">Por qu\u00e9 el coronavirus mata casi el doble a los hombres que a las mujeres<\/a><\/u>\u2013 El Pa\u00eds<\/p>\n<p><u><a href=\"https:\/\/elpais.com\/sociedad\/crisis-del-coronavirus\/2020-03-24\/el-esfuerzo-de-las-cajeras-en-tiempos-de-pandemia.html\">El esfuerzo de las cajeras en tiempos de pandemia<\/a><\/u>\u2013 El Pa\u00eds<\/p>\n<p><a href=\"https:\/\/elpais.com\/gente\/2020-03-23\/sandra-ortega-la-discreta-hija-del-dueno-de-inditex-dona-a-titulo-personal-mascarillas-y-batas.html\">Sandra Ortega, la discreta hija del due\u00f1o de Inditex, dona a t\u00edtulo personal mascarillas y batas<\/a>\u2013 El Pa\u00eds<\/p>\n<p><u><a href=\"https:\/\/www.google.com\/url?rct=j&amp;sa=t&amp;url=https:\/\/www.somospacientes.com\/noticias\/asociaciones\/mujer-discapacidad-y-desigualdad-retributiva\/&amp;ct=ga&amp;cd=CAEYESoTODg3MDAzMzg2ODE1MTU1MjcwMzIZYzAzNzJlYmMyZmVhZGE1OTplczplczpFUw&amp;usg=AFQjCNFMR32Q3iZB9zVjWqvo5lulj_QuWQ\">Mujer, discapacidad y desigualdad retributiva<\/a><\/u>\u00a0-Somos Pacientes<strong>\u00a0<\/strong><\/p>\n<p><strong>Violencias<\/strong><\/p>\n<p><u><a href=\"https:\/\/www.google.com\/url?rct=j&amp;sa=t&amp;url=https:\/\/tribunafeminista.elplural.com\/2020\/03\/medicos-del-mundo-exige-medidas-de-apoyo-para-las-mujeres-prostituidas-ante-su-critica-situacion\/&amp;ct=ga&amp;cd=CAEYACoTODg3MDAzMzg2ODE1MTU1MjcwMzIZYzAzNzJlYmMyZmVhZGE1OTplczplczpFUw&amp;usg=AFQjCNGEDyD7WT7soThYZ6wOjQW6_zZd0Q\">M\u00e9dicos del Mundo exige medidas de apoyo para las\u00a0mujeres\u00a0prostituidas ante su \u00abcr\u00edtica situaci\u00f3n\u00bb<\/a><\/u>&#8211;\u00a0<a href=\"http:\/\/elplural.com\/\">elplural.com<\/a><\/p>\n<p><u><a href=\"https:\/\/www.google.com\/url?rct=j&amp;sa=t&amp;url=http:\/\/www.rfi.fr\/es\/salud\/20200324-mujeres-maltratadas-las-v%25C3%25ADctimas-silenciosas-del-coronavirus&amp;ct=ga&amp;cd=CAEYByoTODg3MDAzMzg2ODE1MTU1MjcwMzIZYzAzNzJlYmMyZmVhZGE1OTplczplczpFUw&amp;usg=AFQjCNGAS7wsRYiMBINv8CwjfAgm5bA11A\">24 horas confinada con su maltratador<\/a><\/u>\u00a0&#8211;\u00a0RFI<strong>\u00a0<\/strong><\/p>\n<p><strong>Ciencia y Cultura<\/strong><\/p>\n<p><a href=\"https:\/\/elpais.com\/cultura\/2020-03-23\/filosofia-de-urgencia-en-estado-de-alarma.html\">Filosof\u00eda de urgencia en estado de alarma<\/a>\u00a0\u2013 El Pa\u00eds<\/p>\n<p><a href=\"https:\/\/elpais.com\/gente\/2020-03-23\/muere-la-actriz-lucia-bose-a-los-89-anos.html\">Muere la actriz Lucia Bos\u00e9 a los 89 a\u00f1os<\/a>\u2013 El Pa\u00eds<\/p>\n<p><u><a href=\"https:\/\/elpais.com\/cultura\/2020-03-24\/rosalia-lanza-dolerme-su-nuevo-sencillo-para-aliviar-la-cuarentena.html\">Rosal\u00eda lanza \u2018Dolerme\u2019, su nuevo sencillo, para aliviar la cuarentena<\/a><\/u>\u2013 El Pa\u00eds<\/p>\n<p><u><a href=\"https:\/\/www.eldiario.es\/cultura\/agenda\/Festival-Online-Mujeres-Cine-conciertos_0_1008949159.html\">Del primer &#8216;Festival Online Mujeres de Cine&#8217; a un club de lectura con Toteking sin salir de casa<\/a><\/u>\u00a0\u2013eldiario.es<\/p>\n<p><u><a href=\"https:\/\/elpais.com\/cultura\/2020\/03\/23\/babelia\/1584979670_654170.html\">Tamara de Lempicka y la revoluci\u00f3n de la modernidad<\/a><\/u>&#8211;\u00a0El Pa\u00eds<strong>\u00a0<\/strong><\/p>\n<p><strong>Deporte<\/strong><\/p>\n<p><u><a href=\"https:\/\/as.com\/futbol\/2020\/03\/25\/femenino\/1585129173_504010.html\">El aplazamiento de los JJ OO imposibilita la Euro\u00a0femenina<\/a><\/u>&#8211;\u00a0As<\/p>\n<p><u><a href=\"https:\/\/as.com\/futbol\/2020\/03\/24\/femenino\/1585068325_933603.html\">El Granadilla tambi\u00e9n solicita un ERTE por el par\u00f3n de la liga<\/a><\/u>&#8211;\u00a0As<\/p>\n<p>[\/toggle]<\/p>\n<p>[toggle type=\u00bbfirst\u00bb title=\u00bbInternacional\u00bb]<\/p>\n<p><u><a href=\"https:\/\/elpais.com\/internacional\/2020-03-24\/von-der-leyen-acabamos-de-cerrar-la-compra-del-material-sanitario-que-necesita-la-ue.html\">Von der Leyen, Presidenta del Parlamento Europeo: \u201cAcabamos de cerrar la compra del material sanitario que necesita la UE\u201d<\/a>\u00a0<\/u>\u2013El Pa\u00eds<a href=\"https:\/\/www.google.com\/url?rct=j&amp;sa=t&amp;url=http:\/\/elurbanorural.cl\/sistema-de-gestion-de-igualdad-de-genero-y-conciliacion-de-la-vida-laboral-familiar-y-personal\/&amp;ct=ga&amp;cd=CAEYASoTNDc4Nzk3NDU5MTk5ODUyNzY2MDIZYzAzNzJlYmMyZmVhZGE1OTplczplczpFUw&amp;usg=AFQjCNEWqmI-gsy7PEU4Zze8cue9xFygJw\"><br \/>\nSistema de Gesti\u00f3n de Igualdad de G\u00e9nero y Conciliaci\u00f3n de la vida laboral, familiar y personal en Chile\u2026<\/a>&#8211;\u00a0El Urbano Rural<\/p>\n<p><a href=\"https:\/\/www.google.com\/url?rct=j&amp;sa=t&amp;url=https:\/\/diarioelcentro.cl\/mariana-canales-en-la-crisis-social-las-mujeres-tienen-mucho-que-decir\/&amp;ct=ga&amp;cd=CAEYACoSNzY1Nzg3ODI0NTc5ODQyMzUyMhljMDM3MmViYzJmZWFkYTU5OmVzOmVzOkVT&amp;usg=AFQjCNEPEJUxVV75YRYbUSN0OCTeuZ9BXQ\">Mariana Canales, investigadora del Instituto de Estudios de la Sociedad: \u201cEn la crisis social las\u00a0mujeres\u00a0tienen mucho que decir\u201d<\/a>&#8211;\u00a0El Centro<\/p>\n<p><a href=\"https:\/\/www.google.com\/url?rct=j&amp;sa=t&amp;url=https:\/\/tribunafeminista.elplural.com\/2020\/03\/i-congreso-internacional-patriarcado-prostitucion-y-violencia-contra-las-mujeres%25C2%25B7-por-el-modelo-nordico-en-mexico\/&amp;ct=ga&amp;cd=CAEYASoTNzIxMDUzNTYwNTE3MDA4MzE2MzIZYzAzNzJlYmMyZmVhZGE1OTplczplczpFUw&amp;usg=AFQjCNEH1qzux-gMoL2BSGGnCYfY062nOg\">I Congreso Internacional \u201cPatriarcado, Prostituci\u00f3n Y Violencia Contra las\u00a0Mujeres\u00b7: Por el modelo n\u00f3rdico en M\u00e9xico&#8230;<\/a>&#8211;\u00a0Elplural.com<\/p>\n<p><a href=\"https:\/\/elpais.com\/cultura\/2020-03-23\/una-de-las-cosas-que-debemos-aprender-de-esta-pandemia-es-cuan-precaria-era-nuestra-forma-de-vida-actual.html\">Jean Heagland, \u201cUna de las cosas que debemos aprender de esta pandemia es cu\u00e1n precaria era nuestra forma de vida actual\u201d<\/a>\u00a0\u2013 El Pa\u00eds<\/p>\n<p><u><a href=\"https:\/\/www.milenio.com\/cultura\/valeria-luiselli-obtiene-premio-rathbones-folio\">Valeria Luiselli, primera\u00a0mujer\u00a0en obtener el Premio Rathbones Folio &#8230;<\/a><\/u>&#8211;\u00a0Milenio.com<\/p>\n<p><u><a href=\"https:\/\/www.jornada.com.mx\/ultimas\/cultura\/2020\/03\/24\/la-biblioteca-digital-mundial-ofrece-acceso-gratuito-a-materiales-exquisitos-2831.html\">La Biblioteca Digital Mundial ofrece acceso gratuito a &#8230;<\/a><\/u>&#8211;\u00a0La Jornada<\/p>\n<p>&nbsp;<\/p>\n<p>&nbsp;<\/p>\n<p>[\/toggle]<\/p>\n<\/div>\n<\/div>\n<\/div>\n<\/div>\n<\/div>\n<\/div>\n","protected":false},"excerpt":{"rendered":"<p>Trabajo ultima un subsidio extraordinario para las empleadas dom\u00e9stica-Por qu\u00e9 <a href=\"https:\/\/cklcomunicaciones.es\/coop\/noticias-info-ckl-no-2-435-25-03-20\/\">[&#8230;]<\/a><\/p>\n","protected":false},"author":3,"featured_media":0,"comment_status":"closed","ping_status":"closed","sticky":false,"template":"","format":"standard","meta":{"footnotes":""},"categories":[298,623],"tags":[103,213,219],"class_list":["post-14877","post","type-post","status-publish","format-standard","hentry","category-newsletter","category-nwl-2-0","tag-ckl","tag-comunicacion-inclusiva","tag-perspectiva-de-genero"],"yoast_head":"<!-- This site is optimized with the Yoast SEO plugin v27.5 - https:\/\/yoast.com\/product\/yoast-seo-wordpress\/ -->\n<title>Noticias Info CKL n\u00ba 2.435-25\/03\/20-Comunicar con perspectiva de g\u00e9nero<\/title>\n<meta name=\"description\" content=\"Comunicar con perspectiva de g\u00e9nero: Trabajo ultima un subsidio extraordinario para las empleadas dom\u00e9stica-Por qu\u00e9 el Covid-19 mata casi el doble a los hombres que a las mujeres-Valeria Luiselli, primera mujer en obtener el Premio Rathbones Folio\" \/>\n<meta name=\"robots\" content=\"index, follow, max-snippet:-1, max-image-preview:large, max-video-preview:-1\" \/>\n<link rel=\"canonical\" href=\"https:\/\/cklcomunicaciones.es\/coop\/noticias-info-ckl-no-2-435-25-03-20\/\" \/>\n<meta property=\"og:locale\" content=\"es_ES\" \/>\n<meta property=\"og:type\" content=\"article\" \/>\n<meta property=\"og:title\" content=\"Noticias Info CKL n\u00ba 2.435-25\/03\/20-Comunicar con perspectiva de g\u00e9nero\" \/>\n<meta property=\"og:description\" content=\"Comunicar con perspectiva de g\u00e9nero: Trabajo ultima un subsidio extraordinario para las empleadas dom\u00e9stica-Por qu\u00e9 el Covid-19 mata casi el doble a los hombres que a las mujeres-Valeria Luiselli, primera mujer en obtener el Premio Rathbones Folio\" \/>\n<meta property=\"og:url\" content=\"https:\/\/cklcomunicaciones.es\/coop\/noticias-info-ckl-no-2-435-25-03-20\/\" \/>\n<meta property=\"og:site_name\" content=\"CKL Comunicaciones\" \/>\n<meta property=\"article:published_time\" content=\"2020-03-25T12:22:03+00:00\" \/>\n<meta property=\"article:modified_time\" content=\"2025-01-17T15:42:51+00:00\" \/>\n<meta property=\"og:image\" content=\"https:\/\/cklcomunicaciones.es\/coop\/wp-content\/uploads\/2018\/03\/CKL_comunicacion-con-perspetiva-de-genero.jpg\" \/>\n\t<meta property=\"og:image:width\" content=\"500\" \/>\n\t<meta property=\"og:image:height\" content=\"500\" \/>\n\t<meta property=\"og:image:type\" content=\"image\/jpeg\" \/>\n<meta name=\"author\" content=\"ckl\" \/>\n<meta name=\"twitter:card\" content=\"summary_large_image\" \/>\n<meta name=\"twitter:label1\" content=\"Escrito por\" \/>\n\t<meta name=\"twitter:data1\" content=\"ckl\" \/>\n\t<meta name=\"twitter:label2\" content=\"Tiempo de lectura\" \/>\n\t<meta name=\"twitter:data2\" content=\"4 minutos\" \/>\n<script type=\"application\/ld+json\" class=\"yoast-schema-graph\">{\"@context\":\"https:\\\/\\\/schema.org\",\"@graph\":[{\"@type\":\"Article\",\"@id\":\"https:\\\/\\\/cklcomunicaciones.es\\\/coop\\\/noticias-info-ckl-no-2-435-25-03-20\\\/#article\",\"isPartOf\":{\"@id\":\"https:\\\/\\\/cklcomunicaciones.es\\\/coop\\\/noticias-info-ckl-no-2-435-25-03-20\\\/\"},\"author\":{\"name\":\"ckl\",\"@id\":\"https:\\\/\\\/cklcomunicaciones.es\\\/coop\\\/#\\\/schema\\\/person\\\/929a6837f7626450bbb50cee1aef266e\"},\"headline\":\"Noticias Info CKL n\u00ba 2.435-25\\\/03\\\/20\",\"datePublished\":\"2020-03-25T12:22:03+00:00\",\"dateModified\":\"2025-01-17T15:42:51+00:00\",\"mainEntityOfPage\":{\"@id\":\"https:\\\/\\\/cklcomunicaciones.es\\\/coop\\\/noticias-info-ckl-no-2-435-25-03-20\\\/\"},\"wordCount\":898,\"image\":{\"@id\":\"https:\\\/\\\/cklcomunicaciones.es\\\/coop\\\/noticias-info-ckl-no-2-435-25-03-20\\\/#primaryimage\"},\"thumbnailUrl\":\"http:\\\/\\\/www.cklcomunicaciones.es\\\/wp-content\\\/uploads\\\/2018\\\/03\\\/CKL_comunicacion-con-perspetiva-de-genero-300x300.jpg\",\"keywords\":[\"CKL\",\"comunicaci\u00f3n inclusiva\",\"perspectiva de g\u00e9nero\"],\"articleSection\":[\"Newsletter\",\"Nwl v2.0\"],\"inLanguage\":\"es\"},{\"@type\":\"WebPage\",\"@id\":\"https:\\\/\\\/cklcomunicaciones.es\\\/coop\\\/noticias-info-ckl-no-2-435-25-03-20\\\/\",\"url\":\"https:\\\/\\\/cklcomunicaciones.es\\\/coop\\\/noticias-info-ckl-no-2-435-25-03-20\\\/\",\"name\":\"Noticias Info CKL n\u00ba 2.435-25\\\/03\\\/20-Comunicar con perspectiva de g\u00e9nero\",\"isPartOf\":{\"@id\":\"https:\\\/\\\/cklcomunicaciones.es\\\/coop\\\/#website\"},\"primaryImageOfPage\":{\"@id\":\"https:\\\/\\\/cklcomunicaciones.es\\\/coop\\\/noticias-info-ckl-no-2-435-25-03-20\\\/#primaryimage\"},\"image\":{\"@id\":\"https:\\\/\\\/cklcomunicaciones.es\\\/coop\\\/noticias-info-ckl-no-2-435-25-03-20\\\/#primaryimage\"},\"thumbnailUrl\":\"http:\\\/\\\/www.cklcomunicaciones.es\\\/wp-content\\\/uploads\\\/2018\\\/03\\\/CKL_comunicacion-con-perspetiva-de-genero-300x300.jpg\",\"datePublished\":\"2020-03-25T12:22:03+00:00\",\"dateModified\":\"2025-01-17T15:42:51+00:00\",\"author\":{\"@id\":\"https:\\\/\\\/cklcomunicaciones.es\\\/coop\\\/#\\\/schema\\\/person\\\/929a6837f7626450bbb50cee1aef266e\"},\"description\":\"Comunicar con perspectiva de g\u00e9nero: Trabajo ultima un subsidio extraordinario para las empleadas dom\u00e9stica-Por qu\u00e9 el Covid-19 mata casi el doble a los hombres que a las mujeres-Valeria Luiselli, primera mujer en obtener el Premio Rathbones Folio\",\"breadcrumb\":{\"@id\":\"https:\\\/\\\/cklcomunicaciones.es\\\/coop\\\/noticias-info-ckl-no-2-435-25-03-20\\\/#breadcrumb\"},\"inLanguage\":\"es\",\"potentialAction\":[{\"@type\":\"ReadAction\",\"target\":[\"https:\\\/\\\/cklcomunicaciones.es\\\/coop\\\/noticias-info-ckl-no-2-435-25-03-20\\\/\"]}]},{\"@type\":\"ImageObject\",\"inLanguage\":\"es\",\"@id\":\"https:\\\/\\\/cklcomunicaciones.es\\\/coop\\\/noticias-info-ckl-no-2-435-25-03-20\\\/#primaryimage\",\"url\":\"http:\\\/\\\/www.cklcomunicaciones.es\\\/wp-content\\\/uploads\\\/2018\\\/03\\\/CKL_comunicacion-con-perspetiva-de-genero-300x300.jpg\",\"contentUrl\":\"http:\\\/\\\/www.cklcomunicaciones.es\\\/wp-content\\\/uploads\\\/2018\\\/03\\\/CKL_comunicacion-con-perspetiva-de-genero-300x300.jpg\"},{\"@type\":\"BreadcrumbList\",\"@id\":\"https:\\\/\\\/cklcomunicaciones.es\\\/coop\\\/noticias-info-ckl-no-2-435-25-03-20\\\/#breadcrumb\",\"itemListElement\":[{\"@type\":\"ListItem\",\"position\":1,\"name\":\"Portada\",\"item\":\"https:\\\/\\\/cklcomunicaciones.es\\\/coop\\\/\"},{\"@type\":\"ListItem\",\"position\":2,\"name\":\"Noticias Info CKL n\u00ba 2.435-25\\\/03\\\/20\"}]},{\"@type\":\"WebSite\",\"@id\":\"https:\\\/\\\/cklcomunicaciones.es\\\/coop\\\/#website\",\"url\":\"https:\\\/\\\/cklcomunicaciones.es\\\/coop\\\/\",\"name\":\"CKL Comunicaciones\",\"description\":\"Sitio web de CKL Comunicaciones coop , la consultora de comunicaci\u00f3n y estrategia\",\"potentialAction\":[{\"@type\":\"SearchAction\",\"target\":{\"@type\":\"EntryPoint\",\"urlTemplate\":\"https:\\\/\\\/cklcomunicaciones.es\\\/coop\\\/?s={search_term_string}\"},\"query-input\":{\"@type\":\"PropertyValueSpecification\",\"valueRequired\":true,\"valueName\":\"search_term_string\"}}],\"inLanguage\":\"es\"},{\"@type\":\"Person\",\"@id\":\"https:\\\/\\\/cklcomunicaciones.es\\\/coop\\\/#\\\/schema\\\/person\\\/929a6837f7626450bbb50cee1aef266e\",\"name\":\"ckl\",\"image\":{\"@type\":\"ImageObject\",\"inLanguage\":\"es\",\"@id\":\"https:\\\/\\\/secure.gravatar.com\\\/avatar\\\/c82db564e8a669bf6023357a157b9dc4780f4d4c618f2ad1d71a6a5dede45057?s=96&d=mm&r=g\",\"url\":\"https:\\\/\\\/secure.gravatar.com\\\/avatar\\\/c82db564e8a669bf6023357a157b9dc4780f4d4c618f2ad1d71a6a5dede45057?s=96&d=mm&r=g\",\"contentUrl\":\"https:\\\/\\\/secure.gravatar.com\\\/avatar\\\/c82db564e8a669bf6023357a157b9dc4780f4d4c618f2ad1d71a6a5dede45057?s=96&d=mm&r=g\",\"caption\":\"ckl\"},\"url\":\"https:\\\/\\\/cklcomunicaciones.es\\\/coop\\\/author\\\/cklcomunicaciones\\\/\"}]}<\/script>\n<!-- \/ Yoast SEO plugin. -->","yoast_head_json":{"title":"Noticias Info CKL n\u00ba 2.435-25\/03\/20-Comunicar con perspectiva de g\u00e9nero","description":"Comunicar con perspectiva de g\u00e9nero: Trabajo ultima un subsidio extraordinario para las empleadas dom\u00e9stica-Por qu\u00e9 el Covid-19 mata casi el doble a los hombres que a las mujeres-Valeria Luiselli, primera mujer en obtener el Premio Rathbones Folio","robots":{"index":"index","follow":"follow","max-snippet":"max-snippet:-1","max-image-preview":"max-image-preview:large","max-video-preview":"max-video-preview:-1"},"canonical":"https:\/\/cklcomunicaciones.es\/coop\/noticias-info-ckl-no-2-435-25-03-20\/","og_locale":"es_ES","og_type":"article","og_title":"Noticias Info CKL n\u00ba 2.435-25\/03\/20-Comunicar con perspectiva de g\u00e9nero","og_description":"Comunicar con perspectiva de g\u00e9nero: Trabajo ultima un subsidio extraordinario para las empleadas dom\u00e9stica-Por qu\u00e9 el Covid-19 mata casi el doble a los hombres que a las mujeres-Valeria Luiselli, primera mujer en obtener el Premio Rathbones Folio","og_url":"https:\/\/cklcomunicaciones.es\/coop\/noticias-info-ckl-no-2-435-25-03-20\/","og_site_name":"CKL Comunicaciones","article_published_time":"2020-03-25T12:22:03+00:00","article_modified_time":"2025-01-17T15:42:51+00:00","og_image":[{"width":500,"height":500,"url":"https:\/\/cklcomunicaciones.es\/coop\/wp-content\/uploads\/2018\/03\/CKL_comunicacion-con-perspetiva-de-genero.jpg","type":"image\/jpeg"}],"author":"ckl","twitter_card":"summary_large_image","twitter_misc":{"Escrito por":"ckl","Tiempo de lectura":"4 minutos"},"schema":{"@context":"https:\/\/schema.org","@graph":[{"@type":"Article","@id":"https:\/\/cklcomunicaciones.es\/coop\/noticias-info-ckl-no-2-435-25-03-20\/#article","isPartOf":{"@id":"https:\/\/cklcomunicaciones.es\/coop\/noticias-info-ckl-no-2-435-25-03-20\/"},"author":{"name":"ckl","@id":"https:\/\/cklcomunicaciones.es\/coop\/#\/schema\/person\/929a6837f7626450bbb50cee1aef266e"},"headline":"Noticias Info CKL n\u00ba 2.435-25\/03\/20","datePublished":"2020-03-25T12:22:03+00:00","dateModified":"2025-01-17T15:42:51+00:00","mainEntityOfPage":{"@id":"https:\/\/cklcomunicaciones.es\/coop\/noticias-info-ckl-no-2-435-25-03-20\/"},"wordCount":898,"image":{"@id":"https:\/\/cklcomunicaciones.es\/coop\/noticias-info-ckl-no-2-435-25-03-20\/#primaryimage"},"thumbnailUrl":"http:\/\/www.cklcomunicaciones.es\/wp-content\/uploads\/2018\/03\/CKL_comunicacion-con-perspetiva-de-genero-300x300.jpg","keywords":["CKL","comunicaci\u00f3n inclusiva","perspectiva de g\u00e9nero"],"articleSection":["Newsletter","Nwl v2.0"],"inLanguage":"es"},{"@type":"WebPage","@id":"https:\/\/cklcomunicaciones.es\/coop\/noticias-info-ckl-no-2-435-25-03-20\/","url":"https:\/\/cklcomunicaciones.es\/coop\/noticias-info-ckl-no-2-435-25-03-20\/","name":"Noticias Info CKL n\u00ba 2.435-25\/03\/20-Comunicar con perspectiva de g\u00e9nero","isPartOf":{"@id":"https:\/\/cklcomunicaciones.es\/coop\/#website"},"primaryImageOfPage":{"@id":"https:\/\/cklcomunicaciones.es\/coop\/noticias-info-ckl-no-2-435-25-03-20\/#primaryimage"},"image":{"@id":"https:\/\/cklcomunicaciones.es\/coop\/noticias-info-ckl-no-2-435-25-03-20\/#primaryimage"},"thumbnailUrl":"http:\/\/www.cklcomunicaciones.es\/wp-content\/uploads\/2018\/03\/CKL_comunicacion-con-perspetiva-de-genero-300x300.jpg","datePublished":"2020-03-25T12:22:03+00:00","dateModified":"2025-01-17T15:42:51+00:00","author":{"@id":"https:\/\/cklcomunicaciones.es\/coop\/#\/schema\/person\/929a6837f7626450bbb50cee1aef266e"},"description":"Comunicar con perspectiva de g\u00e9nero: Trabajo ultima un subsidio extraordinario para las empleadas dom\u00e9stica-Por qu\u00e9 el Covid-19 mata casi el doble a los hombres que a las mujeres-Valeria Luiselli, primera mujer en obtener el Premio Rathbones Folio","breadcrumb":{"@id":"https:\/\/cklcomunicaciones.es\/coop\/noticias-info-ckl-no-2-435-25-03-20\/#breadcrumb"},"inLanguage":"es","potentialAction":[{"@type":"ReadAction","target":["https:\/\/cklcomunicaciones.es\/coop\/noticias-info-ckl-no-2-435-25-03-20\/"]}]},{"@type":"ImageObject","inLanguage":"es","@id":"https:\/\/cklcomunicaciones.es\/coop\/noticias-info-ckl-no-2-435-25-03-20\/#primaryimage","url":"http:\/\/www.cklcomunicaciones.es\/wp-content\/uploads\/2018\/03\/CKL_comunicacion-con-perspetiva-de-genero-300x300.jpg","contentUrl":"http:\/\/www.cklcomunicaciones.es\/wp-content\/uploads\/2018\/03\/CKL_comunicacion-con-perspetiva-de-genero-300x300.jpg"},{"@type":"BreadcrumbList","@id":"https:\/\/cklcomunicaciones.es\/coop\/noticias-info-ckl-no-2-435-25-03-20\/#breadcrumb","itemListElement":[{"@type":"ListItem","position":1,"name":"Portada","item":"https:\/\/cklcomunicaciones.es\/coop\/"},{"@type":"ListItem","position":2,"name":"Noticias Info CKL n\u00ba 2.435-25\/03\/20"}]},{"@type":"WebSite","@id":"https:\/\/cklcomunicaciones.es\/coop\/#website","url":"https:\/\/cklcomunicaciones.es\/coop\/","name":"CKL Comunicaciones","description":"Sitio web de CKL Comunicaciones coop , la consultora de comunicaci\u00f3n y estrategia","potentialAction":[{"@type":"SearchAction","target":{"@type":"EntryPoint","urlTemplate":"https:\/\/cklcomunicaciones.es\/coop\/?s={search_term_string}"},"query-input":{"@type":"PropertyValueSpecification","valueRequired":true,"valueName":"search_term_string"}}],"inLanguage":"es"},{"@type":"Person","@id":"https:\/\/cklcomunicaciones.es\/coop\/#\/schema\/person\/929a6837f7626450bbb50cee1aef266e","name":"ckl","image":{"@type":"ImageObject","inLanguage":"es","@id":"https:\/\/secure.gravatar.com\/avatar\/c82db564e8a669bf6023357a157b9dc4780f4d4c618f2ad1d71a6a5dede45057?s=96&d=mm&r=g","url":"https:\/\/secure.gravatar.com\/avatar\/c82db564e8a669bf6023357a157b9dc4780f4d4c618f2ad1d71a6a5dede45057?s=96&d=mm&r=g","contentUrl":"https:\/\/secure.gravatar.com\/avatar\/c82db564e8a669bf6023357a157b9dc4780f4d4c618f2ad1d71a6a5dede45057?s=96&d=mm&r=g","caption":"ckl"},"url":"https:\/\/cklcomunicaciones.es\/coop\/author\/cklcomunicaciones\/"}]}},"_links":{"self":[{"href":"https:\/\/cklcomunicaciones.es\/coop\/wp-json\/wp\/v2\/posts\/14877","targetHints":{"allow":["GET"]}}],"collection":[{"href":"https:\/\/cklcomunicaciones.es\/coop\/wp-json\/wp\/v2\/posts"}],"about":[{"href":"https:\/\/cklcomunicaciones.es\/coop\/wp-json\/wp\/v2\/types\/post"}],"author":[{"embeddable":true,"href":"https:\/\/cklcomunicaciones.es\/coop\/wp-json\/wp\/v2\/users\/3"}],"replies":[{"embeddable":true,"href":"https:\/\/cklcomunicaciones.es\/coop\/wp-json\/wp\/v2\/comments?post=14877"}],"version-history":[{"count":0,"href":"https:\/\/cklcomunicaciones.es\/coop\/wp-json\/wp\/v2\/posts\/14877\/revisions"}],"wp:attachment":[{"href":"https:\/\/cklcomunicaciones.es\/coop\/wp-json\/wp\/v2\/media?parent=14877"}],"wp:term":[{"taxonomy":"category","embeddable":true,"href":"https:\/\/cklcomunicaciones.es\/coop\/wp-json\/wp\/v2\/categories?post=14877"},{"taxonomy":"post_tag","embeddable":true,"href":"https:\/\/cklcomunicaciones.es\/coop\/wp-json\/wp\/v2\/tags?post=14877"}],"curies":[{"name":"wp","href":"https:\/\/api.w.org\/{rel}","templated":true}]}}