{"id":14871,"date":"2020-03-20T12:37:16","date_gmt":"2020-03-20T11:37:16","guid":{"rendered":"http:\/\/www.cklcomunicaciones.es\/?p=14871"},"modified":"2025-01-17T16:42:52","modified_gmt":"2025-01-17T15:42:52","slug":"noticias-info-ckl-no-2-433-20-03-20","status":"publish","type":"post","link":"https:\/\/cklcomunicaciones.es\/coop\/noticias-info-ckl-no-2-433-20-03-20\/","title":{"rendered":"Noticias Info CKL n\u00ba 2.433-20\/03\/20"},"content":{"rendered":"<div id=\"pl-14871\"  class=\"panel-layout\" >\n<div id=\"pg-14871-0\"  class=\"panel-grid panel-no-style\"  data-style=\"{&quot;background_image_attachment&quot;:false,&quot;background_display&quot;:&quot;tile&quot;,&quot;cell_alignment&quot;:&quot;flex-start&quot;}\" >\n<div id=\"pgc-14871-0-0\"  class=\"panel-grid-cell\"  data-weight=\"1\" >\n<div id=\"panel-14871-0-0-0\" class=\"so-panel widget widget_sow-editor panel-first-child panel-last-child\" data-index=\"0\" data-style=\"{&quot;background_image_attachment&quot;:false,&quot;background_display&quot;:&quot;tile&quot;}\" >\n<div class=\"so-widget-sow-editor so-widget-sow-editor-base\">\n<div class=\"siteorigin-widget-tinymce textwidget\">\n<p><img decoding=\"async\" class=\"lazyload  wp-image-13726\" src=\"http:\/\/www.cklcomunicaciones.es\/wp-content\/uploads\/2018\/03\/CKL_comunicacion-con-perspetiva-de-genero-300x300.jpg\" data-orig-src=\"http:\/\/www.cklcomunicaciones.es\/wp-content\/uploads\/2018\/03\/CKL_comunicacion-con-perspetiva-de-genero-300x300.jpg\" alt=\"CKL_comunicacion con perspetiva de genero\" width=\"132\" height=\"132\" srcset=\"data:image\/svg+xml,%3Csvg%20xmlns%3D%27http%3A%2F%2Fwww.w3.org%2F2000%2Fsvg%27%20width%3D%27132%27%20height%3D%27132%27%20viewBox%3D%270%200%20132%20132%27%3E%3Crect%20width%3D%27132%27%20height%3D%27132%27%20fill-opacity%3D%220%22%2F%3E%3C%2Fsvg%3E\" data-srcset=\"https:\/\/cklcomunicaciones.es\/coop\/wp-content\/uploads\/2018\/03\/CKL_comunicacion-con-perspetiva-de-genero-150x150.jpg 150w, https:\/\/cklcomunicaciones.es\/coop\/wp-content\/uploads\/2018\/03\/CKL_comunicacion-con-perspetiva-de-genero-300x300.jpg 300w, https:\/\/cklcomunicaciones.es\/coop\/wp-content\/uploads\/2018\/03\/CKL_comunicacion-con-perspetiva-de-genero-450x450.jpg 450w, https:\/\/cklcomunicaciones.es\/coop\/wp-content\/uploads\/2018\/03\/CKL_comunicacion-con-perspetiva-de-genero.jpg 500w\" data-sizes=\"auto\" data-orig-sizes=\"(max-width: 132px) 100vw, 132px\" \/><\/p>\n<p id=\":13t\" class=\"hP\" tabindex=\"-1\" data-thread-perm-id=\"thread-f:1661505605677807045\" data-legacy-thread-id=\"170eda8b9abef5c5\"><strong>UE: solo el 30% de los puestos de las TIC est\u00e1n ocupados por mujeres-Chen Wei, la doctora detr\u00e1s de la posible vacuna contra el COVID19-The Algorithm is Female para reducir la brecha digital de g\u00e9nero-\u00abMascarilla 19\u00bb<\/strong><\/p>\n<p>[toggle type=\u00bbfirst\u00bb title=\u00bbComunicaci\u00f3n\u00bb]<\/p>\n<p><a href=\"https:\/\/elpais.com\/gente\/2020-03-18\/oprah-winfrey-planta-cara-a-un-bulo-que-la-acusa-de-haber-sido-detenida-por-trafico-de-menores.html\">Oprah Winfrey planta cara a un bulo que la acusa de haber sido detenida por tr\u00e1fico de menores<\/a>\u00a0\u2013 El Pa\u00eds<\/p>\n<p><a href=\"https:\/\/elpais.com\/internacional\/2020-03-19\/condenado-en-mexico-uno-de-los-asesinos-de-la-periodista-miroslava-breach.html\">Condenado en M\u00e9xico uno de los asesinos de la periodista Miroslava Breach<\/a>\u00a0\u2013 El Pa\u00eds<\/p>\n<p><a href=\"https:\/\/elpais.com\/tecnologia\/2020\/03\/19\/actualidad\/1584600056_022499.html\">Tomar ca\u00f1as o trabajar: las \u2018apps\u2019 de videollamadas grupales con las que mantener la vida social<\/a>\u2013 El Pa\u00eds<\/p>\n<p><u><a href=\"https:\/\/www.ambito.com\/opiniones\/publicidad\/la-publicidad-se-adapta-los-cambios-la-sociedad-n5089901\">La publicidad se adapta a los cambios en la sociedad<\/a><\/u>&#8211;\u00a0\u00e1mbito.com<\/p>\n<p><a href=\"https:\/\/www.mujeremprendedora.net\/the-algorithm-is-female-iniciativa-ayudar-reducir-brecha-digital-genero\/\">\u2018The Algorithm is Female\u2019, una iniciativa para ayudar a reducir la brecha digital de g\u00e9nero<\/a><u>\u00a0<\/u>\u2013 Mujeremprendedora.net<\/p>\n<p><u><a href=\"https:\/\/elpais.com\/tecnologia\/2020\/03\/20\/actualidad\/1584686756_812268.html\">Gu\u00eda definitiva del reconocimiento facial: qu\u00e9 pueden hacer con tu cara y qu\u00e9 no<\/a>\u00a0\u2013<\/u>El Pa\u00eds<\/p>\n<p>[\/toggle]<\/p>\n<p>[toggle type=\u00bbfirst\u00bb title=\u00bbAndaluc\u00eda\u00bb]<\/p>\n<p><strong>Institucional<\/strong><\/p>\n<p><u><a href=\"https:\/\/www.juntadeandalucia.es\/presidencia\/portavoz\/151118\/Coronavirus\/Covid19\/Empresas\/empleo\/expedientesderegulaciondeempleotemporal\/ERTE\/agilizaciondetramites\/plataformaonline\/JuntadeAndalucia\/GobiernodeAndalucia\">Empleo habilita una plataforma online para agilizar la tramitaci\u00f3n de solicitudes de ERTE<\/a><\/u>\u00a0\u2013 Oficina del Portavoz<strong>\u00a0<\/strong><\/p>\n<p><strong>Econom\u00eda y Empresas<\/strong><\/p>\n<p><a href=\"https:\/\/www.eldiario.es\/andalucia\/huelva\/campo-andaluz_0_1007199586.html\">La fresa, al rescate: el sector ofrece trabajo a los nuevos desempleados por el coronavirus tras el cierre de fronteras<\/a><u>\u00a0<\/u>\u2013\u00a0<a href=\"http:\/\/eldiario.es\/\">eldiario.es<\/a><\/p>\n<p><a href=\"https:\/\/www.google.com\/url?rct=j&amp;sa=t&amp;url=https:\/\/www.olimerca.com\/noticiadet\/andaluciaescoop-alaba-la-labor-de-las-cooperativas-andaluzas\/b8c37cb10213d1d19babe7cd52cecba1&amp;ct=ga&amp;cd=CAEYACoUMTc2MDE1NTA3ODIwMzkwNzc3NTkyGWQ3OGU1ODc1YTBmMWYyYWM6ZXM6ZXM6RVM&amp;usg=AFQjCNFd2_WIJ7aGQD_UMmuH7UBb1qp2eQ\">Andaluc\u00edaEscoop alaba la labor de las cooperativas\u00a0andaluzas<\/a>\u00a0&#8211;\u00a0Olimerca<\/p>\n<p><a href=\"https:\/\/www.google.com\/url?rct=j&amp;sa=t&amp;url=https:\/\/www.larazon.es\/andalucia\/20200319\/7iobfind75hkfmqw55qjqi3sbu.html&amp;ct=ga&amp;cd=CAEYACoTMzQwMDkxOTIzNDI4ODY2MTM2NDIZZDc4ZTU4NzVhMGYxZjJhYzplczplczpFUw&amp;usg=AFQjCNEfc6--DAZc9ZgZTE1Ge4EqmplvvQ\">Casi 126.000 empresas\u00a0andaluzas\u00a0practican el teletrabajo<\/a>\u00a0&#8211;\u00a0La Raz\u00f3n<strong>\u00a0<\/strong><\/p>\n<p><strong>A<\/strong><strong>ctualidad<\/strong><\/p>\n<p><a href=\"https:\/\/www.juntadeandalucia.es\/presidencia\/portavoz\/151097\/igualdadpoliticassocialesyconciliacion\/rocioruiz\/coronavirus\/voluntariado\/herramientainformatica\/coordinacion\/asociaciones\/personasaltruistas\">Igualdad crea una herramienta inform\u00e1tica para coordinar el voluntariado contra el Covid-19<\/a>\u00a0\u2013 Oficina del Portavoz<\/p>\n<p><u><a href=\"https:\/\/www.juntadeandalucia.es\/presidencia\/portavoz\/151104\/igualdadpoliticassocialesyconciliacion\/saludyfamilias\/serviciodeteleasistencia\/coronavirus\/heroesandaluces\">H\u00e9roes y hero\u00ednas invisibles al otro lado del tel\u00e9fono\u2026<\/a>&#8211;<\/u>\u00a0Oficina del Portavoz<strong>\u00a0<\/strong><\/p>\n<p><strong>Violencias<\/strong><\/p>\n<p><a href=\"https:\/\/www.google.com\/url?rct=j&amp;sa=t&amp;url=http:\/\/www.canalsur.es\/noticias\/confinada-con-su-maltratador\/1566962.html&amp;ct=ga&amp;cd=CAEYACoTMjQ1NTA5MzcxMjMxNTcyMjIyNzIbOWFiMWNkZDdlMzY2ZWYzODplczplczpFUzpS&amp;usg=AFQjCNGvdvnaiIVi_jli2xp1VA9KHCPf-g\">Confinada con su maltratador<\/a>\u00a0\u2013\u00a0CanalSurWeb<\/p>\n<p><u><a href=\"https:\/\/www.eldiario.es\/andalucia\/sevilla\/Segunda-agresion-machista-confinamiento-Andalucia_0_1007899352.html\">Segunda agresi\u00f3n machista desde el inicio del confinamiento en Andaluc\u00eda&#8230;<\/a>&#8211;<\/u>\u00a0eldiario.es<\/p>\n<p><strong>Ciencia y Cultura<\/strong><\/p>\n<p><u><a href=\"https:\/\/www.juntadeandalucia.es\/presidencia\/portavoz\/151100\/presidenciaadministracionpublicaeinterior\/coronavirus\/cursosformativosonline\/iaap\/empleadospublicos\/juntadeandalucia\/ciudadanos\">Acciones formativas 100% online para ayudar a ciudadanos y empleados p\u00fablicos durante la alerta<\/a>\u00a0<\/u>-Oficina del Portavoz<\/p>\n<p><u><a href=\"https:\/\/yosoymujer.es\/cultura\/los-espacios-culturales-de-malaga-se-trasladan-al-mundo-online\/\">Los espacios\u00a0culturales\u00a0de M\u00e1laga se trasladan al mundo online<\/a>&#8211;<\/u>\u00a0Yo soy mujer<strong>\u00a0<\/strong><\/p>\n<p><strong>Deporte<\/strong><\/p>\n<p><a href=\"https:\/\/www.cmdsport.com\/fitness\/ya-hay-ganadoras-de-las-primeras-becas-deportivas-fuerte-group-hotels\/\">Ya hay ganadoras de las primeras Becas\u00a0Deportivas\u00a0Fuerte Grupo Hoteles&#8230;<\/a>&#8211;\u00a0CMDsport<u><a href=\"https:\/\/www.diariojaen.es\/jaen\/campeones-de-andalucia-en-padel-femenino-EE6897622\"><br \/>\nCampeonas de\u00a0Andaluc\u00eda\u00a0en p\u00e1del\u00a0femenino<\/a><\/u>&#8211;\u00a0Diario Ja\u00e9n<\/p>\n<p>[\/toggle]<\/p>\n<p>[toggle type=\u00bbfirst\u00bb title=\u00bbEstado\u00bb]<\/p>\n<p><strong>Institucional<\/strong><\/p>\n<p><u><a href=\"https:\/\/www.juntadeandalucia.es\/presidencia\/portavoz\/151118\/Coronavirus\/Covid19\/Empresas\/empleo\/expedientesderegulaciondeempleotemporal\/ERTE\/agilizaciondetramites\/plataformaonline\/JuntadeAndalucia\/GobiernodeAndalucia\">Empleo habilita una plataforma online para agilizar la tramitaci\u00f3n de solicitudes de ERTE<\/a><\/u>\u00a0\u2013 Oficina del Portavoz<strong>\u00a0<\/strong><\/p>\n<p><strong>Econom\u00eda y Empresas<\/strong><\/p>\n<p><a href=\"https:\/\/www.eldiario.es\/andalucia\/huelva\/campo-andaluz_0_1007199586.html\">La fresa, al rescate: el sector ofrece trabajo a los nuevos desempleados por el coronavirus tras el cierre de fronteras<\/a><u>\u00a0<\/u>\u2013\u00a0<a href=\"http:\/\/eldiario.es\/\">eldiario.es<\/a><\/p>\n<p><a href=\"https:\/\/www.google.com\/url?rct=j&amp;sa=t&amp;url=https:\/\/www.olimerca.com\/noticiadet\/andaluciaescoop-alaba-la-labor-de-las-cooperativas-andaluzas\/b8c37cb10213d1d19babe7cd52cecba1&amp;ct=ga&amp;cd=CAEYACoUMTc2MDE1NTA3ODIwMzkwNzc3NTkyGWQ3OGU1ODc1YTBmMWYyYWM6ZXM6ZXM6RVM&amp;usg=AFQjCNFd2_WIJ7aGQD_UMmuH7UBb1qp2eQ\">Andaluc\u00edaEscoop alaba la labor de las cooperativas\u00a0andaluzas<\/a>\u00a0&#8211;\u00a0Olimerca<\/p>\n<p><a href=\"https:\/\/www.google.com\/url?rct=j&amp;sa=t&amp;url=https:\/\/www.larazon.es\/andalucia\/20200319\/7iobfind75hkfmqw55qjqi3sbu.html&amp;ct=ga&amp;cd=CAEYACoTMzQwMDkxOTIzNDI4ODY2MTM2NDIZZDc4ZTU4NzVhMGYxZjJhYzplczplczpFUw&amp;usg=AFQjCNEfc6--DAZc9ZgZTE1Ge4EqmplvvQ\">Casi 126.000 empresas\u00a0andaluzas\u00a0practican el teletrabajo<\/a>\u00a0&#8211;\u00a0La Raz\u00f3n<strong>\u00a0<\/strong><\/p>\n<p><strong>A<\/strong><strong>ctualidad<\/strong><\/p>\n<p><a href=\"https:\/\/www.juntadeandalucia.es\/presidencia\/portavoz\/151097\/igualdadpoliticassocialesyconciliacion\/rocioruiz\/coronavirus\/voluntariado\/herramientainformatica\/coordinacion\/asociaciones\/personasaltruistas\">Igualdad crea una herramienta inform\u00e1tica para coordinar el voluntariado contra el Covid-19<\/a>\u00a0\u2013 Oficina del Portavoz<\/p>\n<p><u><a href=\"https:\/\/www.juntadeandalucia.es\/presidencia\/portavoz\/151104\/igualdadpoliticassocialesyconciliacion\/saludyfamilias\/serviciodeteleasistencia\/coronavirus\/heroesandaluces\">H\u00e9roes y hero\u00ednas invisibles al otro lado del tel\u00e9fono\u2026<\/a>&#8211;<\/u>\u00a0Oficina del Portavoz<strong>\u00a0<\/strong><\/p>\n<p><strong>Violencias<\/strong><\/p>\n<p><a href=\"https:\/\/www.google.com\/url?rct=j&amp;sa=t&amp;url=http:\/\/www.canalsur.es\/noticias\/confinada-con-su-maltratador\/1566962.html&amp;ct=ga&amp;cd=CAEYACoTMjQ1NTA5MzcxMjMxNTcyMjIyNzIbOWFiMWNkZDdlMzY2ZWYzODplczplczpFUzpS&amp;usg=AFQjCNGvdvnaiIVi_jli2xp1VA9KHCPf-g\">Confinada con su maltratador<\/a>\u00a0\u2013\u00a0CanalSurWeb<\/p>\n<p><u><a href=\"https:\/\/www.eldiario.es\/andalucia\/sevilla\/Segunda-agresion-machista-confinamiento-Andalucia_0_1007899352.html\">Segunda agresi\u00f3n machista desde el inicio del confinamiento en Andaluc\u00eda&#8230;<\/a>&#8211;<\/u>\u00a0eldiario.es<\/p>\n<p><strong>Ciencia y Cultura<\/strong><\/p>\n<p><u><a href=\"https:\/\/www.juntadeandalucia.es\/presidencia\/portavoz\/151100\/presidenciaadministracionpublicaeinterior\/coronavirus\/cursosformativosonline\/iaap\/empleadospublicos\/juntadeandalucia\/ciudadanos\">Acciones formativas 100% online para ayudar a ciudadanos y empleados p\u00fablicos durante la alerta<\/a>\u00a0<\/u>-Oficina del Portavoz<\/p>\n<p><u><a href=\"https:\/\/yosoymujer.es\/cultura\/los-espacios-culturales-de-malaga-se-trasladan-al-mundo-online\/\">Los espacios\u00a0culturales\u00a0de M\u00e1laga se trasladan al mundo online<\/a>&#8211;<\/u>\u00a0Yo soy mujer<strong>\u00a0<\/strong><\/p>\n<p><strong>Deporte<\/strong><\/p>\n<p><a href=\"https:\/\/www.cmdsport.com\/fitness\/ya-hay-ganadoras-de-las-primeras-becas-deportivas-fuerte-group-hotels\/\">Ya hay ganadoras de las primeras Becas\u00a0Deportivas\u00a0Fuerte Grupo Hoteles&#8230;<\/a>&#8211;\u00a0CMDsport<u><a href=\"https:\/\/www.diariojaen.es\/jaen\/campeones-de-andalucia-en-padel-femenino-EE6897622\"><br \/>\nCampeonas de\u00a0Andaluc\u00eda\u00a0en p\u00e1del\u00a0femenino<\/a><\/u>&#8211;\u00a0Diario Ja\u00e9n[\/toggle]<\/p>\n<p>[toggle type=\u00bbfirst\u00bb title=\u00bbInternacional\u00bb]<\/p>\n<p><a href=\"https:\/\/www.eldiario.es\/economia\/BCE-programa-millones-emergencia-coronavirus_0_1007549236.html\">El BCE lanza un programa de est\u00edmulo econ\u00f3mico de 750.000 millones ante la emergencia del coronavirus<\/a>\u00a0\u2013<a href=\"http:\/\/eldiario.es\/\">eldiario.es<\/a><\/p>\n<p><u><a href=\"https:\/\/www.google.com\/url?rct=j&amp;sa=t&amp;url=https:\/\/www.elespanol.com\/mujer\/al-dia\/20200319\/sonora-manuela-madres-inventaron-dia-padre\/473453570_0.html&amp;ct=ga&amp;cd=CAEYBCoTNjU1MzMzMDk1MTM1MDkyODY5MDIZYzAzNzJlYmMyZmVhZGE1OTplczplczpFUw&amp;usg=AFQjCNG6Io7leZhrsKh2gcfEo6i68yisIQ\">Sonora y Manuela, las dos madres que se inventaron el &#8216;D\u00eda del Padre&#8217;<\/a><\/u>&#8211;\u00a0El Espa\u00f1ol<\/p>\n<p><a href=\"https:\/\/www.google.com\/url?rct=j&amp;sa=t&amp;url=https:\/\/www.infobae.com\/coronavirus\/2020\/03\/19\/la-otra-batalla-mundial-el-otro-enemigo-invisible-la-violencia-contra-las-mujeres-es-pandemia-hace-siglos\/&amp;ct=ga&amp;cd=CAEYACoTOTU2MDY4ODUwNzA0NDMxOTc2NTIZZTJkZWZhN2Q1ZGE5MTU3ZDplczplczpFUw&amp;usg=AFQjCNFh4SqD1icDkDLtoaM_-eNkjtPx-w\">La otra batalla mundial, el otro enemigo invisible: \u201cLa\u00a0violencia\u00a0contra las mujeres es pandemia hace siglos &#8230;<\/a>&#8211;\u00a0Infobae.com<\/p>\n<p><a href=\"https:\/\/www.google.com\/url?rct=j&amp;sa=t&amp;url=https:\/\/www.eluniversal.com.mx\/nacion\/politica\/diputados-aprueban-sancionar-violencia-politica-contra-la-mujer&amp;ct=ga&amp;cd=CAEYACoTODg3NDUyOTk3MTE5MzczMzUyNjIZYzAzNzJlYmMyZmVhZGE1OTplczplczpFUw&amp;usg=AFQjCNGMPr6x4ZA45PjMsvNO-sVp1g20Dg\">Aprueban reformas para sancionar violencia pol\u00edtica contra la\u00a0mujer<\/a>&#8211;\u00a0El Universal<\/p>\n<p><u><a href=\"https:\/\/www.google.com\/url?rct=j&amp;sa=t&amp;url=https:\/\/www.sinembargo.mx\/18-03-2020\/3750974&amp;ct=ga&amp;cd=CAEYAyoUMTQ2NTk5MDA3Nzk3MjY1Mjc2NTQyGWMwMzcyZWJjMmZlYWRhNTk6ZXM6ZXM6RVM&amp;usg=AFQjCNHu0nBYrgY7OVN1c9isEMHR48Ml_w\">El aislamiento por el COVID-19 aumentar\u00eda la violencia contra\u00a0mujeres\u00a0y ni\u00f1as, alerta Inmujeres<\/a><\/u>&#8211;\u00a0SinEmbarg<\/p>\n<p><u><a href=\"https:\/\/www.google.com\/url?rct=j&amp;sa=t&amp;url=https:\/\/www.revistavanityfair.es\/poder\/articulos\/vacuna-coronavirus-china-creadora-chen-wei\/44021&amp;ct=ga&amp;cd=CAEYACoTNjU1MzMzMDk1MTM1MDkyODY5MDIZYzAzNzJlYmMyZmVhZGE1OTplczplczpFUw&amp;usg=AFQjCNG_kDULyOlKlbiMAKZWDmpJiC8tYg\">Chen Wein, la excepcional historia de la doctora china que ha encontrado la posible vacuna contra el Covid-19<\/a>&#8211;<\/u>\u00a0Vanity Fair<\/p>\n<p><a href=\"https:\/\/elpais.com\/cultura\/2020-03-18\/la-guerra-fria-tambien-se-escribio-con-novelas-de-amor.html\">La Guerra Fr\u00eda tambi\u00e9n se escribi\u00f3 con novelas de amor<\/a>\u2013 El Pa\u00eds<\/p>\n<p><u><a href=\"https:\/\/elpais.com\/cultura\/2020-03-19\/el-festival-de-cannes-se-pospone-al-menos-hasta-finales-de-junio-por-el-coronavirus.html\">El festival de Cannes se pospone al menos hasta finales de junio por el coronavirus<\/a>\u00a0<\/u>\u2013 El Pa\u00eds<\/p>\n<p>[\/toggle]<\/p>\n<\/div>\n<\/div>\n<\/div>\n<\/div>\n<\/div>\n<\/div>\n","protected":false},"excerpt":{"rendered":"<p>UE: solo el 30% de los puestos de las TIC <a href=\"https:\/\/cklcomunicaciones.es\/coop\/noticias-info-ckl-no-2-433-20-03-20\/\">[&#8230;]<\/a><\/p>\n","protected":false},"author":3,"featured_media":0,"comment_status":"closed","ping_status":"closed","sticky":false,"template":"","format":"standard","meta":{"footnotes":""},"categories":[298,623],"tags":[103,213,219],"class_list":["post-14871","post","type-post","status-publish","format-standard","hentry","category-newsletter","category-nwl-2-0","tag-ckl","tag-comunicacion-inclusiva","tag-perspectiva-de-genero"],"yoast_head":"<!-- This site is optimized with the Yoast SEO plugin v27.5 - https:\/\/yoast.com\/product\/yoast-seo-wordpress\/ -->\n<title>Noticias Info CKL n\u00ba 2.433-20\/03\/20-Comunicar con perspectiva de g\u00e9nero<\/title>\n<meta name=\"description\" content=\"Comunicar con perspectiva de g\u00e9nero: UE: solo el 30% de los puestos de las TIC est\u00e1n ocupados por mujeres-Chen Wei, la doctora detr\u00e1s de la posible vacuna contra el #COVID19-The Algorithm is Female para reducir la brecha digital de g\u00e9nero-&quot;Mascarilla 19&quot;\" \/>\n<meta name=\"robots\" content=\"index, follow, max-snippet:-1, max-image-preview:large, max-video-preview:-1\" \/>\n<link rel=\"canonical\" href=\"https:\/\/cklcomunicaciones.es\/coop\/noticias-info-ckl-no-2-433-20-03-20\/\" \/>\n<meta property=\"og:locale\" content=\"es_ES\" \/>\n<meta property=\"og:type\" content=\"article\" \/>\n<meta property=\"og:title\" content=\"Noticias Info CKL n\u00ba 2.433-20\/03\/20-Comunicar con perspectiva de g\u00e9nero\" \/>\n<meta property=\"og:description\" content=\"Comunicar con perspectiva de g\u00e9nero: UE: solo el 30% de los puestos de las TIC est\u00e1n ocupados por mujeres-Chen Wei, la doctora detr\u00e1s de la posible vacuna contra el #COVID19-The Algorithm is Female para reducir la brecha digital de g\u00e9nero-&quot;Mascarilla 19&quot;\" \/>\n<meta property=\"og:url\" content=\"https:\/\/cklcomunicaciones.es\/coop\/noticias-info-ckl-no-2-433-20-03-20\/\" \/>\n<meta property=\"og:site_name\" content=\"CKL Comunicaciones\" \/>\n<meta property=\"article:published_time\" content=\"2020-03-20T11:37:16+00:00\" \/>\n<meta property=\"article:modified_time\" content=\"2025-01-17T15:42:52+00:00\" \/>\n<meta property=\"og:image\" content=\"https:\/\/cklcomunicaciones.es\/coop\/wp-content\/uploads\/2018\/03\/CKL_comunicacion-con-perspetiva-de-genero.jpg\" \/>\n\t<meta property=\"og:image:width\" content=\"500\" \/>\n\t<meta property=\"og:image:height\" content=\"500\" \/>\n\t<meta property=\"og:image:type\" content=\"image\/jpeg\" \/>\n<meta name=\"author\" content=\"ckl\" \/>\n<meta name=\"twitter:card\" content=\"summary_large_image\" \/>\n<meta name=\"twitter:label1\" content=\"Escrito por\" \/>\n\t<meta name=\"twitter:data1\" content=\"ckl\" \/>\n\t<meta name=\"twitter:label2\" content=\"Tiempo de lectura\" \/>\n\t<meta name=\"twitter:data2\" content=\"3 minutos\" \/>\n<script type=\"application\/ld+json\" class=\"yoast-schema-graph\">{\"@context\":\"https:\\\/\\\/schema.org\",\"@graph\":[{\"@type\":\"Article\",\"@id\":\"https:\\\/\\\/cklcomunicaciones.es\\\/coop\\\/noticias-info-ckl-no-2-433-20-03-20\\\/#article\",\"isPartOf\":{\"@id\":\"https:\\\/\\\/cklcomunicaciones.es\\\/coop\\\/noticias-info-ckl-no-2-433-20-03-20\\\/\"},\"author\":{\"name\":\"ckl\",\"@id\":\"https:\\\/\\\/cklcomunicaciones.es\\\/coop\\\/#\\\/schema\\\/person\\\/929a6837f7626450bbb50cee1aef266e\"},\"headline\":\"Noticias Info CKL n\u00ba 2.433-20\\\/03\\\/20\",\"datePublished\":\"2020-03-20T11:37:16+00:00\",\"dateModified\":\"2025-01-17T15:42:52+00:00\",\"mainEntityOfPage\":{\"@id\":\"https:\\\/\\\/cklcomunicaciones.es\\\/coop\\\/noticias-info-ckl-no-2-433-20-03-20\\\/\"},\"wordCount\":678,\"image\":{\"@id\":\"https:\\\/\\\/cklcomunicaciones.es\\\/coop\\\/noticias-info-ckl-no-2-433-20-03-20\\\/#primaryimage\"},\"thumbnailUrl\":\"http:\\\/\\\/www.cklcomunicaciones.es\\\/wp-content\\\/uploads\\\/2018\\\/03\\\/CKL_comunicacion-con-perspetiva-de-genero-300x300.jpg\",\"keywords\":[\"CKL\",\"comunicaci\u00f3n inclusiva\",\"perspectiva de g\u00e9nero\"],\"articleSection\":[\"Newsletter\",\"Nwl v2.0\"],\"inLanguage\":\"es\"},{\"@type\":\"WebPage\",\"@id\":\"https:\\\/\\\/cklcomunicaciones.es\\\/coop\\\/noticias-info-ckl-no-2-433-20-03-20\\\/\",\"url\":\"https:\\\/\\\/cklcomunicaciones.es\\\/coop\\\/noticias-info-ckl-no-2-433-20-03-20\\\/\",\"name\":\"Noticias Info CKL n\u00ba 2.433-20\\\/03\\\/20-Comunicar con perspectiva de g\u00e9nero\",\"isPartOf\":{\"@id\":\"https:\\\/\\\/cklcomunicaciones.es\\\/coop\\\/#website\"},\"primaryImageOfPage\":{\"@id\":\"https:\\\/\\\/cklcomunicaciones.es\\\/coop\\\/noticias-info-ckl-no-2-433-20-03-20\\\/#primaryimage\"},\"image\":{\"@id\":\"https:\\\/\\\/cklcomunicaciones.es\\\/coop\\\/noticias-info-ckl-no-2-433-20-03-20\\\/#primaryimage\"},\"thumbnailUrl\":\"http:\\\/\\\/www.cklcomunicaciones.es\\\/wp-content\\\/uploads\\\/2018\\\/03\\\/CKL_comunicacion-con-perspetiva-de-genero-300x300.jpg\",\"datePublished\":\"2020-03-20T11:37:16+00:00\",\"dateModified\":\"2025-01-17T15:42:52+00:00\",\"author\":{\"@id\":\"https:\\\/\\\/cklcomunicaciones.es\\\/coop\\\/#\\\/schema\\\/person\\\/929a6837f7626450bbb50cee1aef266e\"},\"description\":\"Comunicar con perspectiva de g\u00e9nero: UE: solo el 30% de los puestos de las TIC est\u00e1n ocupados por mujeres-Chen Wei, la doctora detr\u00e1s de la posible vacuna contra el #COVID19-The Algorithm is Female para reducir la brecha digital de g\u00e9nero-\\\"Mascarilla 19\\\"\",\"breadcrumb\":{\"@id\":\"https:\\\/\\\/cklcomunicaciones.es\\\/coop\\\/noticias-info-ckl-no-2-433-20-03-20\\\/#breadcrumb\"},\"inLanguage\":\"es\",\"potentialAction\":[{\"@type\":\"ReadAction\",\"target\":[\"https:\\\/\\\/cklcomunicaciones.es\\\/coop\\\/noticias-info-ckl-no-2-433-20-03-20\\\/\"]}]},{\"@type\":\"ImageObject\",\"inLanguage\":\"es\",\"@id\":\"https:\\\/\\\/cklcomunicaciones.es\\\/coop\\\/noticias-info-ckl-no-2-433-20-03-20\\\/#primaryimage\",\"url\":\"http:\\\/\\\/www.cklcomunicaciones.es\\\/wp-content\\\/uploads\\\/2018\\\/03\\\/CKL_comunicacion-con-perspetiva-de-genero-300x300.jpg\",\"contentUrl\":\"http:\\\/\\\/www.cklcomunicaciones.es\\\/wp-content\\\/uploads\\\/2018\\\/03\\\/CKL_comunicacion-con-perspetiva-de-genero-300x300.jpg\"},{\"@type\":\"BreadcrumbList\",\"@id\":\"https:\\\/\\\/cklcomunicaciones.es\\\/coop\\\/noticias-info-ckl-no-2-433-20-03-20\\\/#breadcrumb\",\"itemListElement\":[{\"@type\":\"ListItem\",\"position\":1,\"name\":\"Portada\",\"item\":\"https:\\\/\\\/cklcomunicaciones.es\\\/coop\\\/\"},{\"@type\":\"ListItem\",\"position\":2,\"name\":\"Noticias Info CKL n\u00ba 2.433-20\\\/03\\\/20\"}]},{\"@type\":\"WebSite\",\"@id\":\"https:\\\/\\\/cklcomunicaciones.es\\\/coop\\\/#website\",\"url\":\"https:\\\/\\\/cklcomunicaciones.es\\\/coop\\\/\",\"name\":\"CKL Comunicaciones\",\"description\":\"Sitio web de CKL Comunicaciones coop , la consultora de comunicaci\u00f3n y estrategia\",\"potentialAction\":[{\"@type\":\"SearchAction\",\"target\":{\"@type\":\"EntryPoint\",\"urlTemplate\":\"https:\\\/\\\/cklcomunicaciones.es\\\/coop\\\/?s={search_term_string}\"},\"query-input\":{\"@type\":\"PropertyValueSpecification\",\"valueRequired\":true,\"valueName\":\"search_term_string\"}}],\"inLanguage\":\"es\"},{\"@type\":\"Person\",\"@id\":\"https:\\\/\\\/cklcomunicaciones.es\\\/coop\\\/#\\\/schema\\\/person\\\/929a6837f7626450bbb50cee1aef266e\",\"name\":\"ckl\",\"image\":{\"@type\":\"ImageObject\",\"inLanguage\":\"es\",\"@id\":\"https:\\\/\\\/secure.gravatar.com\\\/avatar\\\/c82db564e8a669bf6023357a157b9dc4780f4d4c618f2ad1d71a6a5dede45057?s=96&d=mm&r=g\",\"url\":\"https:\\\/\\\/secure.gravatar.com\\\/avatar\\\/c82db564e8a669bf6023357a157b9dc4780f4d4c618f2ad1d71a6a5dede45057?s=96&d=mm&r=g\",\"contentUrl\":\"https:\\\/\\\/secure.gravatar.com\\\/avatar\\\/c82db564e8a669bf6023357a157b9dc4780f4d4c618f2ad1d71a6a5dede45057?s=96&d=mm&r=g\",\"caption\":\"ckl\"},\"url\":\"https:\\\/\\\/cklcomunicaciones.es\\\/coop\\\/author\\\/cklcomunicaciones\\\/\"}]}<\/script>\n<!-- \/ Yoast SEO plugin. -->","yoast_head_json":{"title":"Noticias Info CKL n\u00ba 2.433-20\/03\/20-Comunicar con perspectiva de g\u00e9nero","description":"Comunicar con perspectiva de g\u00e9nero: UE: solo el 30% de los puestos de las TIC est\u00e1n ocupados por mujeres-Chen Wei, la doctora detr\u00e1s de la posible vacuna contra el #COVID19-The Algorithm is Female para reducir la brecha digital de g\u00e9nero-\"Mascarilla 19\"","robots":{"index":"index","follow":"follow","max-snippet":"max-snippet:-1","max-image-preview":"max-image-preview:large","max-video-preview":"max-video-preview:-1"},"canonical":"https:\/\/cklcomunicaciones.es\/coop\/noticias-info-ckl-no-2-433-20-03-20\/","og_locale":"es_ES","og_type":"article","og_title":"Noticias Info CKL n\u00ba 2.433-20\/03\/20-Comunicar con perspectiva de g\u00e9nero","og_description":"Comunicar con perspectiva de g\u00e9nero: UE: solo el 30% de los puestos de las TIC est\u00e1n ocupados por mujeres-Chen Wei, la doctora detr\u00e1s de la posible vacuna contra el #COVID19-The Algorithm is Female para reducir la brecha digital de g\u00e9nero-\"Mascarilla 19\"","og_url":"https:\/\/cklcomunicaciones.es\/coop\/noticias-info-ckl-no-2-433-20-03-20\/","og_site_name":"CKL Comunicaciones","article_published_time":"2020-03-20T11:37:16+00:00","article_modified_time":"2025-01-17T15:42:52+00:00","og_image":[{"width":500,"height":500,"url":"https:\/\/cklcomunicaciones.es\/coop\/wp-content\/uploads\/2018\/03\/CKL_comunicacion-con-perspetiva-de-genero.jpg","type":"image\/jpeg"}],"author":"ckl","twitter_card":"summary_large_image","twitter_misc":{"Escrito por":"ckl","Tiempo de lectura":"3 minutos"},"schema":{"@context":"https:\/\/schema.org","@graph":[{"@type":"Article","@id":"https:\/\/cklcomunicaciones.es\/coop\/noticias-info-ckl-no-2-433-20-03-20\/#article","isPartOf":{"@id":"https:\/\/cklcomunicaciones.es\/coop\/noticias-info-ckl-no-2-433-20-03-20\/"},"author":{"name":"ckl","@id":"https:\/\/cklcomunicaciones.es\/coop\/#\/schema\/person\/929a6837f7626450bbb50cee1aef266e"},"headline":"Noticias Info CKL n\u00ba 2.433-20\/03\/20","datePublished":"2020-03-20T11:37:16+00:00","dateModified":"2025-01-17T15:42:52+00:00","mainEntityOfPage":{"@id":"https:\/\/cklcomunicaciones.es\/coop\/noticias-info-ckl-no-2-433-20-03-20\/"},"wordCount":678,"image":{"@id":"https:\/\/cklcomunicaciones.es\/coop\/noticias-info-ckl-no-2-433-20-03-20\/#primaryimage"},"thumbnailUrl":"http:\/\/www.cklcomunicaciones.es\/wp-content\/uploads\/2018\/03\/CKL_comunicacion-con-perspetiva-de-genero-300x300.jpg","keywords":["CKL","comunicaci\u00f3n inclusiva","perspectiva de g\u00e9nero"],"articleSection":["Newsletter","Nwl v2.0"],"inLanguage":"es"},{"@type":"WebPage","@id":"https:\/\/cklcomunicaciones.es\/coop\/noticias-info-ckl-no-2-433-20-03-20\/","url":"https:\/\/cklcomunicaciones.es\/coop\/noticias-info-ckl-no-2-433-20-03-20\/","name":"Noticias Info CKL n\u00ba 2.433-20\/03\/20-Comunicar con perspectiva de g\u00e9nero","isPartOf":{"@id":"https:\/\/cklcomunicaciones.es\/coop\/#website"},"primaryImageOfPage":{"@id":"https:\/\/cklcomunicaciones.es\/coop\/noticias-info-ckl-no-2-433-20-03-20\/#primaryimage"},"image":{"@id":"https:\/\/cklcomunicaciones.es\/coop\/noticias-info-ckl-no-2-433-20-03-20\/#primaryimage"},"thumbnailUrl":"http:\/\/www.cklcomunicaciones.es\/wp-content\/uploads\/2018\/03\/CKL_comunicacion-con-perspetiva-de-genero-300x300.jpg","datePublished":"2020-03-20T11:37:16+00:00","dateModified":"2025-01-17T15:42:52+00:00","author":{"@id":"https:\/\/cklcomunicaciones.es\/coop\/#\/schema\/person\/929a6837f7626450bbb50cee1aef266e"},"description":"Comunicar con perspectiva de g\u00e9nero: UE: solo el 30% de los puestos de las TIC est\u00e1n ocupados por mujeres-Chen Wei, la doctora detr\u00e1s de la posible vacuna contra el #COVID19-The Algorithm is Female para reducir la brecha digital de g\u00e9nero-\"Mascarilla 19\"","breadcrumb":{"@id":"https:\/\/cklcomunicaciones.es\/coop\/noticias-info-ckl-no-2-433-20-03-20\/#breadcrumb"},"inLanguage":"es","potentialAction":[{"@type":"ReadAction","target":["https:\/\/cklcomunicaciones.es\/coop\/noticias-info-ckl-no-2-433-20-03-20\/"]}]},{"@type":"ImageObject","inLanguage":"es","@id":"https:\/\/cklcomunicaciones.es\/coop\/noticias-info-ckl-no-2-433-20-03-20\/#primaryimage","url":"http:\/\/www.cklcomunicaciones.es\/wp-content\/uploads\/2018\/03\/CKL_comunicacion-con-perspetiva-de-genero-300x300.jpg","contentUrl":"http:\/\/www.cklcomunicaciones.es\/wp-content\/uploads\/2018\/03\/CKL_comunicacion-con-perspetiva-de-genero-300x300.jpg"},{"@type":"BreadcrumbList","@id":"https:\/\/cklcomunicaciones.es\/coop\/noticias-info-ckl-no-2-433-20-03-20\/#breadcrumb","itemListElement":[{"@type":"ListItem","position":1,"name":"Portada","item":"https:\/\/cklcomunicaciones.es\/coop\/"},{"@type":"ListItem","position":2,"name":"Noticias Info CKL n\u00ba 2.433-20\/03\/20"}]},{"@type":"WebSite","@id":"https:\/\/cklcomunicaciones.es\/coop\/#website","url":"https:\/\/cklcomunicaciones.es\/coop\/","name":"CKL Comunicaciones","description":"Sitio web de CKL Comunicaciones coop , la consultora de comunicaci\u00f3n y estrategia","potentialAction":[{"@type":"SearchAction","target":{"@type":"EntryPoint","urlTemplate":"https:\/\/cklcomunicaciones.es\/coop\/?s={search_term_string}"},"query-input":{"@type":"PropertyValueSpecification","valueRequired":true,"valueName":"search_term_string"}}],"inLanguage":"es"},{"@type":"Person","@id":"https:\/\/cklcomunicaciones.es\/coop\/#\/schema\/person\/929a6837f7626450bbb50cee1aef266e","name":"ckl","image":{"@type":"ImageObject","inLanguage":"es","@id":"https:\/\/secure.gravatar.com\/avatar\/c82db564e8a669bf6023357a157b9dc4780f4d4c618f2ad1d71a6a5dede45057?s=96&d=mm&r=g","url":"https:\/\/secure.gravatar.com\/avatar\/c82db564e8a669bf6023357a157b9dc4780f4d4c618f2ad1d71a6a5dede45057?s=96&d=mm&r=g","contentUrl":"https:\/\/secure.gravatar.com\/avatar\/c82db564e8a669bf6023357a157b9dc4780f4d4c618f2ad1d71a6a5dede45057?s=96&d=mm&r=g","caption":"ckl"},"url":"https:\/\/cklcomunicaciones.es\/coop\/author\/cklcomunicaciones\/"}]}},"_links":{"self":[{"href":"https:\/\/cklcomunicaciones.es\/coop\/wp-json\/wp\/v2\/posts\/14871","targetHints":{"allow":["GET"]}}],"collection":[{"href":"https:\/\/cklcomunicaciones.es\/coop\/wp-json\/wp\/v2\/posts"}],"about":[{"href":"https:\/\/cklcomunicaciones.es\/coop\/wp-json\/wp\/v2\/types\/post"}],"author":[{"embeddable":true,"href":"https:\/\/cklcomunicaciones.es\/coop\/wp-json\/wp\/v2\/users\/3"}],"replies":[{"embeddable":true,"href":"https:\/\/cklcomunicaciones.es\/coop\/wp-json\/wp\/v2\/comments?post=14871"}],"version-history":[{"count":0,"href":"https:\/\/cklcomunicaciones.es\/coop\/wp-json\/wp\/v2\/posts\/14871\/revisions"}],"wp:attachment":[{"href":"https:\/\/cklcomunicaciones.es\/coop\/wp-json\/wp\/v2\/media?parent=14871"}],"wp:term":[{"taxonomy":"category","embeddable":true,"href":"https:\/\/cklcomunicaciones.es\/coop\/wp-json\/wp\/v2\/categories?post=14871"},{"taxonomy":"post_tag","embeddable":true,"href":"https:\/\/cklcomunicaciones.es\/coop\/wp-json\/wp\/v2\/tags?post=14871"}],"curies":[{"name":"wp","href":"https:\/\/api.w.org\/{rel}","templated":true}]}}