{"id":14867,"date":"2020-03-16T12:47:22","date_gmt":"2020-03-16T11:47:22","guid":{"rendered":"http:\/\/www.cklcomunicaciones.es\/?p=14867"},"modified":"2025-01-17T16:42:52","modified_gmt":"2025-01-17T15:42:52","slug":"noticias-info-ckl-no-2-431-16-03-20","status":"publish","type":"post","link":"https:\/\/cklcomunicaciones.es\/coop\/noticias-info-ckl-no-2-431-16-03-20\/","title":{"rendered":"Noticias Info CKL n\u00ba 2.431-16\/03\/20"},"content":{"rendered":"<div id=\"pl-14867\"  class=\"panel-layout\" >\n<div id=\"pg-14867-0\"  class=\"panel-grid panel-no-style\"  data-style=\"{&quot;background_image_attachment&quot;:false,&quot;background_display&quot;:&quot;tile&quot;,&quot;cell_alignment&quot;:&quot;flex-start&quot;}\" >\n<div id=\"pgc-14867-0-0\"  class=\"panel-grid-cell\"  data-weight=\"1\" >\n<div id=\"panel-14867-0-0-0\" class=\"so-panel widget widget_sow-editor panel-first-child panel-last-child\" data-index=\"0\" data-style=\"{&quot;background_image_attachment&quot;:false,&quot;background_display&quot;:&quot;tile&quot;}\" >\n<div class=\"so-widget-sow-editor so-widget-sow-editor-base\">\n<div class=\"siteorigin-widget-tinymce textwidget\">\n<p><img decoding=\"async\" class=\"lazyload  wp-image-13726\" src=\"http:\/\/www.cklcomunicaciones.es\/wp-content\/uploads\/2018\/03\/CKL_comunicacion-con-perspetiva-de-genero-300x300.jpg\" data-orig-src=\"http:\/\/www.cklcomunicaciones.es\/wp-content\/uploads\/2018\/03\/CKL_comunicacion-con-perspetiva-de-genero-300x300.jpg\" alt=\"CKL_comunicacion con perspetiva de genero\" width=\"132\" height=\"132\" srcset=\"data:image\/svg+xml,%3Csvg%20xmlns%3D%27http%3A%2F%2Fwww.w3.org%2F2000%2Fsvg%27%20width%3D%27132%27%20height%3D%27132%27%20viewBox%3D%270%200%20132%20132%27%3E%3Crect%20width%3D%27132%27%20height%3D%27132%27%20fill-opacity%3D%220%22%2F%3E%3C%2Fsvg%3E\" data-srcset=\"https:\/\/cklcomunicaciones.es\/coop\/wp-content\/uploads\/2018\/03\/CKL_comunicacion-con-perspetiva-de-genero-150x150.jpg 150w, https:\/\/cklcomunicaciones.es\/coop\/wp-content\/uploads\/2018\/03\/CKL_comunicacion-con-perspetiva-de-genero-300x300.jpg 300w, https:\/\/cklcomunicaciones.es\/coop\/wp-content\/uploads\/2018\/03\/CKL_comunicacion-con-perspetiva-de-genero-450x450.jpg 450w, https:\/\/cklcomunicaciones.es\/coop\/wp-content\/uploads\/2018\/03\/CKL_comunicacion-con-perspetiva-de-genero.jpg 500w\" data-sizes=\"auto\" data-orig-sizes=\"(max-width: 132px) 100vw, 132px\" \/><\/p>\n<p id=\":r5\" class=\"hP\" tabindex=\"-1\" data-thread-perm-id=\"thread-f:1660864305974790801\" data-legacy-thread-id=\"170c934961c0ca91\"><strong>Nadia Calvi\u00f1o: \u00bbLa igualdad es tambi\u00e9n crecimiento econ\u00f3mico\u00bb-El coronavirus ataca a la situaci\u00f3n socioecon\u00f3mica de la mujer-CSIC: 1er informe sobre g\u00e9nero en la innovaci\u00f3n advierte: \u00abLas mujeres somos invisibles\u00bb\u00a0<\/strong><\/p>\n<p tabindex=\"-1\" data-thread-perm-id=\"thread-f:1660864305974790801\" data-legacy-thread-id=\"170c934961c0ca91\">[toggle type=\u00bbfirst\u00bb title=\u00bbConvocatorias\u00bb]<\/p>\n<ul>\n<li><a href=\"https:\/\/juntadeandalucia.es\/boja\/2020\/48\/BOJA20-048-00003-3696-01_00171113.pdf\">Premios Andaluc\u00eda Joven 2020 [incluyen una modalidad para la Promoci\u00f3n de la Igualdad entre Mujeres y Hombres en la Juventud]<\/a>. Instituto Andaluz de la Juventud. Plazo hasta el 24 de abril de 2020<\/li>\n<li><a href=\"http:\/\/certamenliterario.blogspot.com\/2020\/03\/convocatoria-del-xiv-certamen-literario.html\">XIV Certamen Literario Carmen de Michelena<\/a>. Asociaci\u00f3n Cultural &#8216;El Yelmo&#8217; (Beas del Segura, Ja\u00e9n). Plazo hasta el 30 de junio de 2020<\/li>\n<\/ul>\n<p tabindex=\"-1\" data-thread-perm-id=\"thread-f:1660864305974790801\" data-legacy-thread-id=\"170c934961c0ca91\">[\/toggle]<\/p>\n<p>[toggle type=\u00bbfirst\u00bb title=\u00bbComunicaci\u00f3n\u00bb]<\/p>\n<p><u><a href=\"https:\/\/elpais.com\/sociedad\/2020\/03\/06\/pienso_luego_actuo\/1583499707_203709.html\">Una \u2018app\u2019 para acabar con el s\u00edndrome de Caperucita Roja<\/a>\u00a0<\/u>\u2013 El Pa\u00eds<a href=\"https:\/\/www.google.com\/url?rct=j&amp;sa=t&amp;url=https:\/\/www.elperiodico.com\/es\/economia\/20200315\/carme-torras-hay-una-etica-para-la-era-digital-7890704&amp;ct=ga&amp;cd=CAEYACoUMTczOTkyNzk5NzAwNTkwODQ4NTQyGWMwMzcyZWJjMmZlYWRhNTk6ZXM6ZXM6RVM&amp;usg=AFQjCNHb2kNMFLa7TuXf5LBZcGSyVR53WA\"><br \/>\nCarme Torras: \u00abHay una \u00e9tica para la era digital\u00bb<\/a>&#8211;\u00a0El Peri\u00f3dico<\/p>\n<p><u><a href=\"https:\/\/www.google.com\/url?rct=j&amp;sa=t&amp;url=https:\/\/radioformulaqr.com\/noticias\/app-mujer-segura-supera-las-mil-descargas\/&amp;ct=ga&amp;cd=CAEYAyoTMjM0MzI4MzI0Nzc0MjQ2NTk2MjIZYzAzNzJlYmMyZmVhZGE1OTplczplczpFUw&amp;usg=AFQjCNGXQnu92wsYuku0aup9X3d5Av8SWg\">App \u201cMujer\u00a0Segura\u201d supera las mil descargas<\/a><\/u>\u00a0&#8211;\u00a0Radio F\u00f3rmula QR<\/p>\n<p>[\/toggle]<\/p>\n<p>[toggle type=\u00bbfirst\u00bb title=\u00bbAndaluc\u00eda\u00bb]<\/p>\n<p><strong>Institucional<\/strong><\/p>\n<p><u><a href=\"https:\/\/www.juntadeandalucia.es\/presidencia\/portavoz\/151056\/JuanmaMoreno\/Andalucia\/PedroSanchez\/presidentes\/videoconferencia\/epidemia\/coronavirus\/responsabilidad\/propuestas\/fronteras\">Moreno garantiza a S\u00e1nchez la lealtad de Andaluc\u00eda y apela a la necesidad de preparar un plan para el cierre de fronteras<\/a><\/u>\u00a0\u2013 Oficina del Portavoz<strong>\u00a0<\/strong><\/p>\n<p><strong>Econom\u00eda y Empresas<\/strong><\/p>\n<p><u><a href=\"https:\/\/www.laopiniondemalaga.es\/andalucia\/2020\/03\/15\/haber-picaresca-creo-abusar-erte\/1152848.html\">Roc\u00edo Blanco, Consejera de Empleo, Formaci\u00f3n, Trabajo Aut\u00f3nomo: \u201cSiempre puede haber picaresca, pero no creo que se vaya a&#8230;<\/a><\/u>&#8211;\u00a0La Opini\u00f3n de M\u00e1laga<\/p>\n<p><u><a href=\"https:\/\/www.google.com\/url?rct=j&amp;sa=t&amp;url=https:\/\/m.diariodesevilla.es\/andalucia\/Junta-reconocera-empresas-comprometan-trabajar_0_1446455505.html&amp;ct=ga&amp;cd=CAEYACoUMTQ4MjIwOTE2NjgyOTk4NTMzNzkyGzlhYjFjZGQ3ZTM2NmVmMzg6ZXM6ZXM6RVM6Ug&amp;usg=AFQjCNEE3GxKSN88GEepiWgXkv_yJIq01g\">La Junta favorecer\u00e1 a las empresas que trabajen por la igualdad de g\u00e9nero<\/a><\/u>\u00a0&#8211;\u00a0Diario de Sevilla<\/p>\n<p><u><a href=\"https:\/\/www.eldiario.es\/tecnologia\/mantiene-Malaga-mayo-totalmente-virtual_0_1006499505.html\">El 5GForum se mantiene en M\u00e1laga en mayo y ser\u00e1 totalmente virtual<\/a>\u00a0<\/u>\u2013\u00a0eldiario.es<strong>\u00a0<\/strong><\/p>\n<p><strong>A<\/strong><strong>ctualidad<\/strong><\/p>\n<p><u><a href=\"https:\/\/www.google.com\/url?rct=j&amp;sa=t&amp;url=https:\/\/www.elconfidencial.com\/espana\/andalucia\/2020-03-14\/andalucia-igualdad-violencia-genero-bra_2496000\/&amp;ct=ga&amp;cd=CAEYACoUMTExMzQyOTE3NzEzNzI1NzUwMjYyGzlhYjFjZGQ3ZTM2NmVmMzg6ZXM6ZXM6RVM6Ug&amp;usg=AFQjCNGintfYTM0PuqmHYeWS_8lQkYMzxw\">Andaluc\u00eda\u00a0multiplica su inversi\u00f3n y recursos para impulsar la igualdad<\/a><\/u>&#8211;\u00a0El Confidencial<u><a href=\"https:\/\/www.google.com\/url?rct=j&amp;sa=t&amp;url=https:\/\/www.diariocordoba.com\/noticias\/temadia\/con-adolescentes-hay-apelar-empatia_1360386.html&amp;ct=ga&amp;cd=CAEYACoUMTE5MTE0MTU4ODAzMjM0MjM5OTAyGWUyZGVmYTdkNWRhOTE1N2Q6ZXM6ZXM6RVM&amp;usg=AFQjCNHCK-afPpN-GoYHrpyYIA41fV08Cw\"><br \/>\nAntonia Alba, psic\u00f3loga general sanitaria: \u201cCon los adolescentes hay que apelar a la empat\u00eda<\/a><\/u>&#8211; Diario C\u00f3rdoba<\/p>\n<p><u><a href=\"https:\/\/andaluciainformacion.es\/andalucia\/885102\/el-obispo-de-huelva-destaca-el-papel-de-la-mujer-en-la-iglesia\/\">El obispo de Huelva destaca el papel de la\u00a0mujer\u00a0en la iglesia<\/a>&#8211;<\/u>\u00a0Andaluc\u00eda Informaci\u00f3n<\/p>\n<p><u><a href=\"https:\/\/www.google.com\/url?rct=j&amp;sa=t&amp;url=https:\/\/motrildigital.com\/almunecar-aparece-mar-cuerpo-sin-vida-la-mujer-china\/&amp;ct=ga&amp;cd=CAEYAyoUMTE0OTI2NjYyNDIwMDQ0MDU1MzQyGWMwMzcyZWJjMmZlYWRhNTk6ZXM6ZXM6RVM&amp;usg=AFQjCNG_mA3W-EqAY9ovYzJMRBM0NAWXSQ\">Almu\u00f1\u00e9car: Aparece en el mar el cuerpo sin vida de la\u00a0mujer\u00a0china<\/a><\/u>\u00a0&#8211;\u00a0Motril@Digital\u00a0<strong>\u00a0<\/strong><\/p>\n<p><strong>Violencias<\/strong><\/p>\n<p><a href=\"https:\/\/www.google.com\/url?rct=j&amp;sa=t&amp;url=https:\/\/www.lavanguardia.com\/local\/sevilla\/20200313\/474108740095\/granada-recibe-765-ejemplares-adaptados-a-lectura-facil-para-victimas-de-violencia-de-genero-con-discapacidad.html&amp;ct=ga&amp;cd=CAEYACoTNzY1OTc2NTU5OTU0Mjk5NjU0NTIbOWFiMWNkZDdlMzY2ZWYzODplczplczpFUzpS&amp;usg=AFQjCNES2zd6envgr0dQWuf2fqp71P-P1Q\">Granada recibe 765 ejemplares adaptados a lectura f\u00e1cil para v\u00edctimas de violencia de g\u00e9nero con&#8230;<\/a>&#8211;\u00a0La Vanguardia<\/p>\n<p><u><a href=\"https:\/\/www.google.com\/url?rct=j&amp;sa=t&amp;url=https:\/\/m.europapress.es\/andalucia\/noticia-total-13-mujeres-victimas-violencia-sexual-ejercido-acusacion-traves-amuvi-jaen-20200314112935.html&amp;ct=ga&amp;cd=CAEYACoTMTg4NjM2NzQ2NzcxNjEwNDMwODIbOWFiMWNkZDdlMzY2ZWYzODplczplczpFUzpS&amp;usg=AFQjCNF-ogs_c_a8-LYWZ0TrRG-EWssEIQ\">Un total de 13 mujeres v\u00edctimas de violencia sexual han ejercido la acusaci\u00f3n a trav\u00e9s de Amuvi &#8230;<\/a><\/u>&#8211;\u00a0Europa Press<\/p>\n<p><u><a href=\"https:\/\/www.google.com\/url?rct=j&amp;sa=t&amp;url=https:\/\/www.laopiniondemalaga.es\/marbella\/2020\/03\/15\/premian-instituto-marbella-relato-violencia\/1152872.html&amp;ct=ga&amp;cd=CAEYACoTNTU1MjQ4NTczMjM2MzA1NTg4MjIbOWFiMWNkZDdlMzY2ZWYzODplczplczpFUzpS&amp;usg=AFQjCNFtGCC7KOhrUCjdaRd8k_qNN53hvA\">Premian a un\u00a0instituto\u00a0de Marbella por un relato contra la violencia de g\u00e9nero<\/a><\/u>&#8211;\u00a0La Opini\u00f3n de M\u00e1laga<strong>\u00a0<\/strong><\/p>\n<p><strong>Ciencia y Cultura<\/strong><\/p>\n<p><u><a href=\"https:\/\/www.elmundo.es\/papel\/cultura\/2020\/03\/12\/5e68c50021efa04e3c8b4616.html\">Natalia de Molina: \u00abCuando gan\u00e9 el segundo Goya entr\u00e9 en el p\u00e1nico absoluto&#8230;<\/a><\/u>\u00a0\u2013 El Mundo<\/p>\n<p><u><a href=\"https:\/\/www.google.com\/url?rct=j&amp;sa=t&amp;url=https:\/\/www.diariojaen.es\/la-semana\/carmen-de-burgos-y-baeza-IA6882093&amp;ct=ga&amp;cd=CAEYACoTMTcyMDgxMjk1NDY5OTc0MTQ3OTIbOWFiMWNkZDdlMzY2ZWYzODplczplczpFUzpS&amp;usg=AFQjCNE_bF0vaWaVLEuHIYN3v0s2ZkJnQw\">Carmen de Burgos y Baeza<\/a><\/u>\u00a0&#8211;\u00a0Diario Ja\u00e9n<\/p>\n<p><u><a href=\"https:\/\/www.google.com\/url?rct=j&amp;sa=t&amp;url=https:\/\/www.diariodealmeria.es\/ocio\/Concierto-didactico-IES-Alabez-Mojacar_0_1445855947.html&amp;ct=ga&amp;cd=CAEYAyoTMjE5OTYwMzA0NTMwOTE2MzcxNTIZYzAzNzJlYmMyZmVhZGE1OTplczplczpFUw&amp;usg=AFQjCNFENUgqEhvXd5tH0NpcF8qi_ntKBA\">Concierto did\u00e1ctico &#8216;La\u00a0mujer\u00a0en el flamenco&#8217; a los alumnos del IES Alabez de Moj\u00e1car<\/a>\u00a0<\/u>&#8211;\u00a0Diario de Almer\u00eda<\/p>\n<p><u><a href=\"https:\/\/www.juntadeandalucia.es\/presidencia\/portavoz\/151010\/ConsejeriadeEconomia\/CATEC\/UniversidaddeSevilla\/robotica\">La mejor rob\u00f3tica tiene sello andaluz<\/a>\u00a0<\/u>\u2013 Oficina del Portavoz<strong>\u00a0<\/strong><\/p>\n<p><strong>Deporte<\/strong><\/p>\n<p><u><a href=\"https:\/\/eldesmarque.com\/sevilla\/polideportivo\/deporte-andaluz\/1198734-rugby-con-acento-la-vida-detras-del-exito-de-las-cocodrilas\">Rugby con acento: la vida detr\u00e1s del \u00e9xito de las &#8216;Cocodrilas&#8217;<\/a><\/u>&#8211;\u00a0ElDesmarque Sevilla<\/p>\n<p>[\/toggle]<\/p>\n<p>[toggle type=\u00bbfirst\u00bb title=\u00bbEstado\u00bb]<\/p>\n<p><strong>Institucional<\/strong><\/p>\n<p><u><a href=\"https:\/\/www.google.com\/url?rct=j&amp;sa=t&amp;url=https:\/\/www.elmundo.es\/yodona\/lifestyle\/2020\/03\/14\/5e6bbc7bfdddff2c1e8b46a4.html&amp;ct=ga&amp;cd=CAEYACoTMTA2NzI3MjUxODEyMTg3NjgzOTIZZTFlNzdkMTU2MDk4YThlMzplczplczpFUw&amp;usg=AFQjCNHcuN7chjLYSb31Rx-50FKaBbE9cg\">Nadia Calvi\u00f1o: \u00bbLa igualdad es tambi\u00e9n crecimiento econ\u00f3mico\u00bb<\/a><\/u>&#8211;\u00a0El Mundo<strong>\u00a0<\/strong><\/p>\n<p><strong>Institucional-CCAA<\/strong><\/p>\n<p><u><a href=\"https:\/\/www.google.com\/url?rct=j&amp;sa=t&amp;url=https:\/\/www.lacomarca.net\/elvira-hidalgo-guia-instituto-aragones-mujer\/&amp;ct=ga&amp;cd=CAEYACoTMjM0MzI4MzI0Nzc0MjQ2NTk2MjIZYzAzNzJlYmMyZmVhZGE1OTplczplczpFUw&amp;usg=AFQjCNH1vadU8EoB6EsB0DT2iH0ALu9k0A\">Elvira de Hidalgo, en la nueva gu\u00eda del\u00a0Instituto\u00a0Aragon\u00e9s de la\u00a0Mujer\u2026<\/a><\/u>&#8211;\u00a0La Comarca<\/p>\n<p><u><a href=\"https:\/\/www.google.com\/url?rct=j&amp;sa=t&amp;url=https:\/\/agroalimentariasclm.coop\/prensa\/reportajes\/2696-%25E2%2580%259Cel-medio-rural-no-tiene-futuro-si-las-mujeres-no-encuentran-su-futuro-en-%25C3%25A9l%25E2%2580%259D&amp;ct=ga&amp;cd=CAEYAyoTMTgwMjMyMTAxMjEwNTIxMjcxNTIZYzAzNzJlYmMyZmVhZGE1OTplczplczpFUw&amp;usg=AFQjCNE-6igCYoguIQHnrd3y4PHlY9K86g\">El medio rural no tiene futuro si las\u00a0mujeres\u00a0no encuentran su futuro en \u00e9l<\/a><\/u>&#8211;\u00a0Cooperativas agro-alimentarias CLM<\/p>\n<p><u><a href=\"https:\/\/www.google.com\/url?rct=j&amp;sa=t&amp;url=https:\/\/www.eldiario.es\/sociedad\/violencia-genero_0_1005450329.html&amp;ct=ga&amp;cd=CAEYBCoTMTE0OTQ5NDQ5OTcyNzM0Mjc0NzIZYzAzNzJlYmMyZmVhZGE1OTplczplczpFUw&amp;usg=AFQjCNF8IdwdejIILHkjYKYgUBPenzXT4A\">\u00bfY las v\u00edctimas de violencia de g\u00e9nero? Las expertas piden un refuerzo de los tel\u00e9fonos ante el&#8230;<\/a><\/u>&#8211;\u00a0<a href=\"http:\/\/eldiario.es\/\">eldiario.es<\/a><\/p>\n<p><u><a href=\"https:\/\/www.mujeremprendedora.net\/colegio-aparejadores-madrid-reafirma-compromiso-igualdad-profesion\/\">El Colegio de Aparejadores de Madrid reafirma su compromiso con la igualdad en la profesi\u00f3n<\/a><\/u>\u00a0\u2013 Mujeremprendedora.net<\/p>\n<p><u><a href=\"https:\/\/www.google.com\/url?rct=j&amp;sa=t&amp;url=https:\/\/entomelloso.com\/clm\/profesionales-sanitarios-de-la-region-veran-reforzada-su-formacion-en-prevencion-de-la-mutilacion-genital-femenina\/&amp;ct=ga&amp;cd=CAEYASoTNTIzMTkwMzIyODg1OTc0OTc3MzIZYzAzNzJlYmMyZmVhZGE1OTplczplczpFUw&amp;usg=AFQjCNElcI9AMN9gZAqQobpsYoiSiw8E-g\">Profesionales sanitarios de la regi\u00f3n ver\u00e1n reforzada su formaci\u00f3n en prevenci\u00f3n de la mutilaci\u00f3n&#8230;<\/a>&#8211;\u00a0<\/u>enTomelloso.com<strong>\u00a0<\/strong><\/p>\n<p><strong>Econom\u00eda y Empresa<\/strong><\/p>\n<p><u><a href=\"https:\/\/diario16.com\/el-coronavirus-ataca-a-la-situacion-socioeconomica-de-la-mujer\/\">El coronavirus ataca a la situaci\u00f3n socioecon\u00f3mica de la\u00a0mujer<\/a><\/u>&#8211;\u00a0Diario16<\/p>\n<p><a href=\"https:\/\/www.mujeremprendedora.net\/matsa-mineria-m-mujer\/\">MATSA, miner\u00eda con M de Mujer\u2026<\/a>\u2013\u00a0Mujeremprendedora.net<a href=\"https:\/\/elpais.com\/economia\/2020\/03\/16\/finanzas_a_las_9\/1584353674_854391.html\"><br \/>\nBrecha de g\u00e9nero en\u00a0econom\u00eda\u00a0y finanzas<\/a>\u00a0\u2013 El Pa\u00eds<\/p>\n<p><u><a href=\"https:\/\/www.google.com\/url?rct=j&amp;sa=t&amp;url=https:\/\/www.cope.es\/emisoras\/andalucia\/sevilla-provincia\/sevilla\/noticias\/mili-mujer-podra-sumar-para-obtener-jubilacion-anticipada-20200316_645140&amp;ct=ga&amp;cd=CAEYACoTNTEyNDEyODg2ODU0NDUxMjE2NTIZYzAzNzJlYmMyZmVhZGE1OTplczplczpFUw&amp;usg=AFQjCNG0Ez7Mjg_G2NNV5NKs51geryR-Yw\">Si hice &#8216;la mili de la\u00a0mujer&#8217; \u00bfme puedo jubilar antes?<\/a>\u00a0<\/u>&#8211;\u00a0Cope<\/p>\n<p><strong>Actualidad<\/strong><\/p>\n<p><u><a href=\"https:\/\/www.google.com\/url?rct=j&amp;sa=t&amp;url=https:\/\/www.discapnet.es\/odismet-analiza-la-perspectiva-de-genero-en-el-entorno-laboral&amp;ct=ga&amp;cd=CAEYFyoTMjE5OTYwMzA0NTMwOTE2MzcxNTIZYzAzNzJlYmMyZmVhZGE1OTplczplczpFUw&amp;usg=AFQjCNHvdX9DUe63d1ivyQzERMLKSHHpWw\">ODISMET analiza la perspectiva de g\u00e9nero en el entorno laboral para las personas con&#8230;<\/a><\/u>&#8211;\u00a0Discapnet<\/p>\n<p><u><a href=\"https:\/\/www.google.com\/url?rct=j&amp;sa=t&amp;url=https:\/\/www.larazon.es\/familia\/20200314\/ojvrj5y4gnaljnxr7is4krqxji.html&amp;ct=ga&amp;cd=CAEYASoUMTE0OTI2NjYyNDIwMDQ0MDU1MzQyGWMwMzcyZWJjMmZlYWRhNTk6ZXM6ZXM6RVM&amp;usg=AFQjCNEXmBQyISiarMvtjxNPJlHICP1pnQ\">La esperanza de vida modifica totalmente el panorama para los mayores de 60 a\u00f1os<\/a><\/u>\u00a0&#8211;\u00a0La Raz\u00f3n<\/p>\n<p><u><a href=\"https:\/\/elpais.com\/ciencia\/2020-03-16\/los-primeros-estudios-descartan-que-las-madres-transmitan-el-coronavirus-a-sus-recien-nacidos.html\">Los primeros estudios descartan que las madres transmitan el coronavirus a sus reci\u00e9n nacidos<\/a><\/u>\u00a0\u2013 El Pa\u00eds<strong>\u00a0<\/strong><\/p>\n<p><strong>Ciencia y Cultura<\/strong><\/p>\n<p><u><a href=\"https:\/\/www.google.com\/url?rct=j&amp;sa=t&amp;url=https:\/\/www.eldiario.es\/cv\/Brecha-genero-innovacion-datos_0_1004750346.html&amp;ct=ga&amp;cd=CAEYBCoUMTI4MzkxNzg3NjU1NTMyMjIzMDAyGWMwMzcyZWJjMmZlYWRhNTk6ZXM6ZXM6RVM&amp;usg=AFQjCNEdAeZoUhyYNiTHeXXExJ45Vo_rAQ\">El primer informe del CSIC sobre g\u00e9nero en la innovaci\u00f3n advierte: \u00abLas\u00a0mujeres\u00a0somos invisibles\u00bb<\/a><\/u>&#8211;\u00a0eldiario.es<\/p>\n<p><u><a href=\"https:\/\/www.eldiario.es\/tecnologia\/virologa-Margarita-Val-CSIC-cuarentena_0_1006499453.html\">La vir\u00f3loga Margarita del Val (CSIC), segura de la eficacia de la cuarentena<\/a><\/u>\u2013eldiario.es<\/p>\n<p><u><a href=\"https:\/\/www.eldiario.es\/cultura\/entrevistas\/politica-concepcion-literaria-literatura-ideologia_0_1005099567.html\">Marta Sanz, escritora: \u201cNos han hecho creer que la pol\u00edtica mancha la concepci\u00f3n literaria, pero no es as\u00ed: toda literatura es ideolog\u00eda\u00bb<\/a><\/u>\u00a0\u2013eldiario.es<\/p>\n<p><u><a href=\"https:\/\/www.eldiario.es\/cultura\/Peliculas-libros-coronavirus-cuarentena_0_1005450295.html\">M\u00fasica, pelis, libros y juegos para evadirte del coronavirus durante el confinamiento<\/a><\/u>\u2013eldiario.es<\/p>\n<p><u><a href=\"https:\/\/www.vavel.com\/es\/masvavel\/2020\/03\/15\/cine\/1017668-entrevista-beatriz-carretero-la-desigualdad-en-el-deporte-es-mayor-al-igual-que-su-desconocimiento.html\">Entrevista. Beatriz Carretero: \u00abLa desigualdad en el\u00a0deporte\u00a0es mayor, al igual que su desconocimiento&#8230;<\/a><\/u>&#8211;\u00a0Vavel.com<\/p>\n<p><strong>Deporte<\/strong><\/p>\n<p><u><a href=\"https:\/\/elpais.com\/deportes\/2020-03-14\/mireia-belmonte-se-queda-sin-piscina.html\">Mireia Belmonte se queda sin piscina<\/a><\/u>\u00a0\u2013 El Pa\u00eds<\/p>\n<p><u><a href=\"https:\/\/www.elcomercio.es\/deportes\/carmen-lopez-historia-20200316001353-ntvo.html\">Carmen L\u00f3pez hace historia al lograr el primer t\u00edtulo mundial&#8230;<\/a><\/u>&#8211;\u00a0El Comercio Digital<\/p>\n<p><u><a href=\"https:\/\/www.elespanol.com\/deportes\/futbol\/20200315\/mundial-shebelieves-cup-espana-adelante-futbol-femenino\/474953434_0.html\">Del Mundial a la SheBelieves Cup: Espa\u00f1a, un paso adelante&#8230;<\/a><\/u>&#8211;\u00a0El Espa\u00f1ol<\/p>\n<p>[\/toggle]<\/p>\n<p>[toggle type=\u00bbfirst\u00bb title=\u00bbInternacional\u00bb]<\/p>\n<p><u><a href=\"https:\/\/www.google.com\/url?rct=j&amp;sa=t&amp;url=https:\/\/sv.boell.org\/es\/2020\/03\/13\/el-futuro-es-ahora-la-relevancia-de-la-plataforma-de-accion-de-beijing&amp;ct=ga&amp;cd=CAEYACoSNzAzNzcwNjg5NDg3Mzk0NjA1MhllMWU3N2QxNTYwOThhOGUzOmVzOmVzOkVT&amp;usg=AFQjCNFgUWcHh0xQMbMJZYNavsp5_md8pg\">\u00a1El futuro es ahora! La relevancia de la Plataforma de Acci\u00f3n de Beijing<\/a><\/u>&#8211;\u00a0<a href=\"http:\/\/boell.org\/\">boell.org<\/a><\/p>\n<p><u><a href=\"https:\/\/www.elmundo.es\/economia\/macroeconomia\/2020\/03\/13\/5e6b8c78fdddff78188b467e.html\">Bruselas abre la mano: el gasto contra el coronavirus no computar\u00e1 para el d\u00e9ficit\u2026<\/a><\/u>&#8211; El Mundo<a href=\"https:\/\/www.google.com\/url?rct=j&amp;sa=t&amp;url=https:\/\/elpais.com\/economia\/negocio\/2020-03-14\/margaret-franklin-cfa-el-coronavirus-es-un-ejemplo-dramatico-del-impacto-de-las-cosas-impredecibles.html&amp;ct=ga&amp;cd=CAEYBioUMTY4NTM3MDU4MTQ3Njg0MTI5MDEyGWMwMzcyZWJjMmZlYWRhNTk6ZXM6ZXM6RVM&amp;usg=AFQjCNE3ED683FvHKVxTGEDafF--wvnrsQ\"><br \/>\nMargaret Franklin, presidenta de la Asociaci\u00f3n Internacional de profesionales de la inversi\u00f3n (CFA),: \u201cEl coronavirus es un ejemplo dram\u00e1tico del impacto de las cosas impredecibles\u201d &#8230;<\/a>&#8211;\u00a0El Pa\u00eds<\/p>\n<p><u><a href=\"https:\/\/www.google.com\/url?rct=j&amp;sa=t&amp;url=https:\/\/www.eluniversal.com.mx\/opinion\/armando-puebla\/situacion-del-empleo-formal-de-la-mujer-en-la-economia-del-pais&amp;ct=ga&amp;cd=CAEYFioTMjE5OTYwMzA0NTMwOTE2MzcxNTIZYzAzNzJlYmMyZmVhZGE1OTplczplczpFUw&amp;usg=AFQjCNHsEmRV8ZL-UCGf5XkOkgZklwWBPw\">Situaci\u00f3n del empleo formal de la\u00a0mujer\u00a0en la econom\u00eda del pa\u00eds<\/a><\/u>\u00a0&#8211;\u00a0El Universal<\/p>\n<p><u><a href=\"https:\/\/www.google.com\/url?rct=j&amp;sa=t&amp;url=https:\/\/www.lavanguardia.com\/politica\/20200314\/474120478205\/hidalgo-dati-y-buzyn-tres-mujeres-al-asalto-de-paris.html&amp;ct=ga&amp;cd=CAEYASoUMTYyMTU4OTIxNzIzNzI1NzM2ODgyGWMwMzcyZWJjMmZlYWRhNTk6ZXM6ZXM6RVM&amp;usg=AFQjCNFQzmFu6Ewr3OXt92DtyicP7C3PqA\">Hidalgo, Dati y Buzyn, tres\u00a0mujeres\u00a0al asalto de Par\u00eds<\/a><\/u>&#8211;\u00a0La Vanguardia<u><a href=\"https:\/\/www.google.com\/url?rct=j&amp;sa=t&amp;url=https:\/\/www.parati.com.ar\/conoce-a-las-ganadoras-del-premio-pritzker-2020\/&amp;ct=ga&amp;cd=CAEYASoUMTMzNzk0NTM1MjI3MDAyNjc0NjcyGWMwMzcyZWJjMmZlYWRhNTk6ZXM6ZXM6RVM&amp;usg=AFQjCNGxFtNpzpbn14KVRt-sCkHnfHPvBg\"><br \/>\nConoc\u00e9 a las arquitectas irlandesas ganadoras del Premio Pritzker 2020<\/a><\/u>&#8211;\u00a0Para Ti<\/p>\n<p><u><a href=\"https:\/\/www.google.com\/url?rct=j&amp;sa=t&amp;url=https:\/\/www.tekcrispy.com\/2020\/03\/13\/mileva-maric-einstein-mente-brillante-opacada\/&amp;ct=ga&amp;cd=CAEYBSoUMTI4MzkxNzg3NjU1NTMyMjIzMDAyGWMwMzcyZWJjMmZlYWRhNTk6ZXM6ZXM6RVM&amp;usg=AFQjCNE6E5sUZtzSmy8nZEhM9yNcO6CXXA\">Mileva Mari\u0107 Einstein: Una mente brillante opacada<\/a>\u00a0<\/u>-TekCrispy<\/p>\n<p><u><a href=\"https:\/\/www.google.com\/url?rct=j&amp;sa=t&amp;url=http:\/\/www.andigital.com.ar\/interes-general\/item\/83659-dora-barrancos-la-historia-fue-insidiosa-en-el-no-reconocimiento-de-la-mujer&amp;ct=ga&amp;cd=CAEYAyoTNDE0MzcwMzEyNjQ3MDUxMDcxNDIZYzAzNzJlYmMyZmVhZGE1OTplczplczpFUw&amp;usg=AFQjCNE7OxXCcelLDUkVOEE9O8be4EC-hA\">Dora Barrancos: \u201cLa historia fue insidiosa en el no reconocimiento de la\u00a0mujer\u201d<\/a><\/u>\u00a0&#8211;\u00a0ANDigital<u><a href=\"https:\/\/www.google.com\/url?rct=j&amp;sa=t&amp;url=https:\/\/desdepuebla.com\/2020\/03\/12\/se-inauguro-exposicion-artistas-mujeres-presentes-a-lo-largo-de-50-anos\/&amp;ct=ga&amp;cd=CAEYGioTMjE5OTYwMzA0NTMwOTE2MzcxNTIZYzAzNzJlYmMyZmVhZGE1OTplczplczpFUw&amp;usg=AFQjCNHWX2l_5QE2B7k544rgFrNLbTudHw\"><br \/>\nSe inaugur\u00f3 exposici\u00f3n \u201cArtistas,\u00a0mujeres\u00a0presentes a lo largo de 50 a\u00f1os\u201d<\/a><\/u>&#8211;\u00a0DesdePuebla<u><a href=\"https:\/\/www.google.com\/url?rct=j&amp;sa=t&amp;url=https:\/\/www.eluniversal.com.mx\/cultura\/documentalistas-el-poder-femenino&amp;ct=ga&amp;cd=CAEYACoTNDE5Mzk2OTU0ODU0NDY3NzYyNDIZYzAzNzJlYmMyZmVhZGE1OTplczplczpFUw&amp;usg=AFQjCNF9cEKxkQ5mfhUsJey488A4jRNczQ\"><br \/>\nDocumentalistas, el poder femenino<\/a>\u00a0<\/u>&#8211;\u00a0El Universal<\/p>\n<p><u><a href=\"https:\/\/elpais.com\/gente\/2020-03-15\/adele-haenel-la-nueva-heroina-del-metoo-frances.html\">Ad\u00e8le Haenel, la nueva hero\u00edna del MeToo franc\u00e9s<\/a><\/u>\u00a0\u2013\u00a0El Pa\u00eds<\/p>\n<p><u><a href=\"https:\/\/www.marca.com\/esports\/fifa\/2020\/03\/15\/5e6e500046163fc2098b4571.html\">\u00bfPor qu\u00e9 FIFA no incluye mujeres en su modo Ultimate Team?<\/a><\/u>\u00a0&#8211;\u00a0Marca<\/p>\n<p>&nbsp;<\/p>\n<p>[\/toggle]<\/p>\n<\/div>\n<\/div>\n<\/div>\n<\/div>\n<\/div>\n<\/div>\n","protected":false},"excerpt":{"rendered":"<p>Nadia Calvi\u00f1o: \u00bbLa igualdad es tambi\u00e9n crecimiento econ\u00f3mico\u00bb-El coronavirus ataca <a href=\"https:\/\/cklcomunicaciones.es\/coop\/noticias-info-ckl-no-2-431-16-03-20\/\">[&#8230;]<\/a><\/p>\n","protected":false},"author":3,"featured_media":0,"comment_status":"closed","ping_status":"closed","sticky":false,"template":"","format":"standard","meta":{"footnotes":""},"categories":[298,623],"tags":[103,213,219],"class_list":["post-14867","post","type-post","status-publish","format-standard","hentry","category-newsletter","category-nwl-2-0","tag-ckl","tag-comunicacion-inclusiva","tag-perspectiva-de-genero"],"yoast_head":"<!-- This site is optimized with the Yoast SEO plugin v27.5 - https:\/\/yoast.com\/product\/yoast-seo-wordpress\/ -->\n<title>Noticias Info CKL n\u00ba 2.431-16\/03\/20-Comunicar con perspectiva de g\u00e9nero<\/title>\n<meta name=\"description\" content=\"Comunicar con perspectiva de g\u00e9nero: Nadia Calvi\u00f1o: &#039;&#039;La igualdad es tambi\u00e9n crecimiento econ\u00f3mico&quot;-El coronavirus ataca a la situaci\u00f3n socioecon\u00f3mica de la mujer-CSIC: 1er informe sobre g\u00e9nero en la innovaci\u00f3n advierte: &quot;Las mujeres somos invisibles&quot;\" \/>\n<meta name=\"robots\" content=\"index, follow, max-snippet:-1, max-image-preview:large, max-video-preview:-1\" \/>\n<link rel=\"canonical\" href=\"https:\/\/cklcomunicaciones.es\/coop\/noticias-info-ckl-no-2-431-16-03-20\/\" \/>\n<meta property=\"og:locale\" content=\"es_ES\" \/>\n<meta property=\"og:type\" content=\"article\" \/>\n<meta property=\"og:title\" content=\"Noticias Info CKL n\u00ba 2.431-16\/03\/20-Comunicar con perspectiva de g\u00e9nero\" \/>\n<meta property=\"og:description\" content=\"Comunicar con perspectiva de g\u00e9nero: Nadia Calvi\u00f1o: &#039;&#039;La igualdad es tambi\u00e9n crecimiento econ\u00f3mico&quot;-El coronavirus ataca a la situaci\u00f3n socioecon\u00f3mica de la mujer-CSIC: 1er informe sobre g\u00e9nero en la innovaci\u00f3n advierte: &quot;Las mujeres somos invisibles&quot;\" \/>\n<meta property=\"og:url\" content=\"https:\/\/cklcomunicaciones.es\/coop\/noticias-info-ckl-no-2-431-16-03-20\/\" \/>\n<meta property=\"og:site_name\" content=\"CKL Comunicaciones\" \/>\n<meta property=\"article:published_time\" content=\"2020-03-16T11:47:22+00:00\" \/>\n<meta property=\"article:modified_time\" content=\"2025-01-17T15:42:52+00:00\" \/>\n<meta property=\"og:image\" content=\"https:\/\/cklcomunicaciones.es\/coop\/wp-content\/uploads\/2018\/03\/CKL_comunicacion-con-perspetiva-de-genero.jpg\" \/>\n\t<meta property=\"og:image:width\" content=\"500\" \/>\n\t<meta property=\"og:image:height\" content=\"500\" \/>\n\t<meta property=\"og:image:type\" content=\"image\/jpeg\" \/>\n<meta name=\"author\" content=\"ckl\" \/>\n<meta name=\"twitter:card\" content=\"summary_large_image\" \/>\n<meta name=\"twitter:label1\" content=\"Escrito por\" \/>\n\t<meta name=\"twitter:data1\" content=\"ckl\" \/>\n\t<meta name=\"twitter:label2\" content=\"Tiempo de lectura\" \/>\n\t<meta name=\"twitter:data2\" content=\"5 minutos\" \/>\n<script type=\"application\/ld+json\" class=\"yoast-schema-graph\">{\"@context\":\"https:\\\/\\\/schema.org\",\"@graph\":[{\"@type\":\"Article\",\"@id\":\"https:\\\/\\\/cklcomunicaciones.es\\\/coop\\\/noticias-info-ckl-no-2-431-16-03-20\\\/#article\",\"isPartOf\":{\"@id\":\"https:\\\/\\\/cklcomunicaciones.es\\\/coop\\\/noticias-info-ckl-no-2-431-16-03-20\\\/\"},\"author\":{\"name\":\"ckl\",\"@id\":\"https:\\\/\\\/cklcomunicaciones.es\\\/coop\\\/#\\\/schema\\\/person\\\/929a6837f7626450bbb50cee1aef266e\"},\"headline\":\"Noticias Info CKL n\u00ba 2.431-16\\\/03\\\/20\",\"datePublished\":\"2020-03-16T11:47:22+00:00\",\"dateModified\":\"2025-01-17T15:42:52+00:00\",\"mainEntityOfPage\":{\"@id\":\"https:\\\/\\\/cklcomunicaciones.es\\\/coop\\\/noticias-info-ckl-no-2-431-16-03-20\\\/\"},\"wordCount\":1019,\"image\":{\"@id\":\"https:\\\/\\\/cklcomunicaciones.es\\\/coop\\\/noticias-info-ckl-no-2-431-16-03-20\\\/#primaryimage\"},\"thumbnailUrl\":\"http:\\\/\\\/www.cklcomunicaciones.es\\\/wp-content\\\/uploads\\\/2018\\\/03\\\/CKL_comunicacion-con-perspetiva-de-genero-300x300.jpg\",\"keywords\":[\"CKL\",\"comunicaci\u00f3n inclusiva\",\"perspectiva de g\u00e9nero\"],\"articleSection\":[\"Newsletter\",\"Nwl v2.0\"],\"inLanguage\":\"es\"},{\"@type\":\"WebPage\",\"@id\":\"https:\\\/\\\/cklcomunicaciones.es\\\/coop\\\/noticias-info-ckl-no-2-431-16-03-20\\\/\",\"url\":\"https:\\\/\\\/cklcomunicaciones.es\\\/coop\\\/noticias-info-ckl-no-2-431-16-03-20\\\/\",\"name\":\"Noticias Info CKL n\u00ba 2.431-16\\\/03\\\/20-Comunicar con perspectiva de g\u00e9nero\",\"isPartOf\":{\"@id\":\"https:\\\/\\\/cklcomunicaciones.es\\\/coop\\\/#website\"},\"primaryImageOfPage\":{\"@id\":\"https:\\\/\\\/cklcomunicaciones.es\\\/coop\\\/noticias-info-ckl-no-2-431-16-03-20\\\/#primaryimage\"},\"image\":{\"@id\":\"https:\\\/\\\/cklcomunicaciones.es\\\/coop\\\/noticias-info-ckl-no-2-431-16-03-20\\\/#primaryimage\"},\"thumbnailUrl\":\"http:\\\/\\\/www.cklcomunicaciones.es\\\/wp-content\\\/uploads\\\/2018\\\/03\\\/CKL_comunicacion-con-perspetiva-de-genero-300x300.jpg\",\"datePublished\":\"2020-03-16T11:47:22+00:00\",\"dateModified\":\"2025-01-17T15:42:52+00:00\",\"author\":{\"@id\":\"https:\\\/\\\/cklcomunicaciones.es\\\/coop\\\/#\\\/schema\\\/person\\\/929a6837f7626450bbb50cee1aef266e\"},\"description\":\"Comunicar con perspectiva de g\u00e9nero: Nadia Calvi\u00f1o: ''La igualdad es tambi\u00e9n crecimiento econ\u00f3mico\\\"-El coronavirus ataca a la situaci\u00f3n socioecon\u00f3mica de la mujer-CSIC: 1er informe sobre g\u00e9nero en la innovaci\u00f3n advierte: \\\"Las mujeres somos invisibles\\\"\",\"breadcrumb\":{\"@id\":\"https:\\\/\\\/cklcomunicaciones.es\\\/coop\\\/noticias-info-ckl-no-2-431-16-03-20\\\/#breadcrumb\"},\"inLanguage\":\"es\",\"potentialAction\":[{\"@type\":\"ReadAction\",\"target\":[\"https:\\\/\\\/cklcomunicaciones.es\\\/coop\\\/noticias-info-ckl-no-2-431-16-03-20\\\/\"]}]},{\"@type\":\"ImageObject\",\"inLanguage\":\"es\",\"@id\":\"https:\\\/\\\/cklcomunicaciones.es\\\/coop\\\/noticias-info-ckl-no-2-431-16-03-20\\\/#primaryimage\",\"url\":\"http:\\\/\\\/www.cklcomunicaciones.es\\\/wp-content\\\/uploads\\\/2018\\\/03\\\/CKL_comunicacion-con-perspetiva-de-genero-300x300.jpg\",\"contentUrl\":\"http:\\\/\\\/www.cklcomunicaciones.es\\\/wp-content\\\/uploads\\\/2018\\\/03\\\/CKL_comunicacion-con-perspetiva-de-genero-300x300.jpg\"},{\"@type\":\"BreadcrumbList\",\"@id\":\"https:\\\/\\\/cklcomunicaciones.es\\\/coop\\\/noticias-info-ckl-no-2-431-16-03-20\\\/#breadcrumb\",\"itemListElement\":[{\"@type\":\"ListItem\",\"position\":1,\"name\":\"Portada\",\"item\":\"https:\\\/\\\/cklcomunicaciones.es\\\/coop\\\/\"},{\"@type\":\"ListItem\",\"position\":2,\"name\":\"Noticias Info CKL n\u00ba 2.431-16\\\/03\\\/20\"}]},{\"@type\":\"WebSite\",\"@id\":\"https:\\\/\\\/cklcomunicaciones.es\\\/coop\\\/#website\",\"url\":\"https:\\\/\\\/cklcomunicaciones.es\\\/coop\\\/\",\"name\":\"CKL Comunicaciones\",\"description\":\"Sitio web de CKL Comunicaciones coop , la consultora de comunicaci\u00f3n y estrategia\",\"potentialAction\":[{\"@type\":\"SearchAction\",\"target\":{\"@type\":\"EntryPoint\",\"urlTemplate\":\"https:\\\/\\\/cklcomunicaciones.es\\\/coop\\\/?s={search_term_string}\"},\"query-input\":{\"@type\":\"PropertyValueSpecification\",\"valueRequired\":true,\"valueName\":\"search_term_string\"}}],\"inLanguage\":\"es\"},{\"@type\":\"Person\",\"@id\":\"https:\\\/\\\/cklcomunicaciones.es\\\/coop\\\/#\\\/schema\\\/person\\\/929a6837f7626450bbb50cee1aef266e\",\"name\":\"ckl\",\"image\":{\"@type\":\"ImageObject\",\"inLanguage\":\"es\",\"@id\":\"https:\\\/\\\/secure.gravatar.com\\\/avatar\\\/c82db564e8a669bf6023357a157b9dc4780f4d4c618f2ad1d71a6a5dede45057?s=96&d=mm&r=g\",\"url\":\"https:\\\/\\\/secure.gravatar.com\\\/avatar\\\/c82db564e8a669bf6023357a157b9dc4780f4d4c618f2ad1d71a6a5dede45057?s=96&d=mm&r=g\",\"contentUrl\":\"https:\\\/\\\/secure.gravatar.com\\\/avatar\\\/c82db564e8a669bf6023357a157b9dc4780f4d4c618f2ad1d71a6a5dede45057?s=96&d=mm&r=g\",\"caption\":\"ckl\"},\"url\":\"https:\\\/\\\/cklcomunicaciones.es\\\/coop\\\/author\\\/cklcomunicaciones\\\/\"}]}<\/script>\n<!-- \/ Yoast SEO plugin. -->","yoast_head_json":{"title":"Noticias Info CKL n\u00ba 2.431-16\/03\/20-Comunicar con perspectiva de g\u00e9nero","description":"Comunicar con perspectiva de g\u00e9nero: Nadia Calvi\u00f1o: ''La igualdad es tambi\u00e9n crecimiento econ\u00f3mico\"-El coronavirus ataca a la situaci\u00f3n socioecon\u00f3mica de la mujer-CSIC: 1er informe sobre g\u00e9nero en la innovaci\u00f3n advierte: \"Las mujeres somos invisibles\"","robots":{"index":"index","follow":"follow","max-snippet":"max-snippet:-1","max-image-preview":"max-image-preview:large","max-video-preview":"max-video-preview:-1"},"canonical":"https:\/\/cklcomunicaciones.es\/coop\/noticias-info-ckl-no-2-431-16-03-20\/","og_locale":"es_ES","og_type":"article","og_title":"Noticias Info CKL n\u00ba 2.431-16\/03\/20-Comunicar con perspectiva de g\u00e9nero","og_description":"Comunicar con perspectiva de g\u00e9nero: Nadia Calvi\u00f1o: ''La igualdad es tambi\u00e9n crecimiento econ\u00f3mico\"-El coronavirus ataca a la situaci\u00f3n socioecon\u00f3mica de la mujer-CSIC: 1er informe sobre g\u00e9nero en la innovaci\u00f3n advierte: \"Las mujeres somos invisibles\"","og_url":"https:\/\/cklcomunicaciones.es\/coop\/noticias-info-ckl-no-2-431-16-03-20\/","og_site_name":"CKL Comunicaciones","article_published_time":"2020-03-16T11:47:22+00:00","article_modified_time":"2025-01-17T15:42:52+00:00","og_image":[{"width":500,"height":500,"url":"https:\/\/cklcomunicaciones.es\/coop\/wp-content\/uploads\/2018\/03\/CKL_comunicacion-con-perspetiva-de-genero.jpg","type":"image\/jpeg"}],"author":"ckl","twitter_card":"summary_large_image","twitter_misc":{"Escrito por":"ckl","Tiempo de lectura":"5 minutos"},"schema":{"@context":"https:\/\/schema.org","@graph":[{"@type":"Article","@id":"https:\/\/cklcomunicaciones.es\/coop\/noticias-info-ckl-no-2-431-16-03-20\/#article","isPartOf":{"@id":"https:\/\/cklcomunicaciones.es\/coop\/noticias-info-ckl-no-2-431-16-03-20\/"},"author":{"name":"ckl","@id":"https:\/\/cklcomunicaciones.es\/coop\/#\/schema\/person\/929a6837f7626450bbb50cee1aef266e"},"headline":"Noticias Info CKL n\u00ba 2.431-16\/03\/20","datePublished":"2020-03-16T11:47:22+00:00","dateModified":"2025-01-17T15:42:52+00:00","mainEntityOfPage":{"@id":"https:\/\/cklcomunicaciones.es\/coop\/noticias-info-ckl-no-2-431-16-03-20\/"},"wordCount":1019,"image":{"@id":"https:\/\/cklcomunicaciones.es\/coop\/noticias-info-ckl-no-2-431-16-03-20\/#primaryimage"},"thumbnailUrl":"http:\/\/www.cklcomunicaciones.es\/wp-content\/uploads\/2018\/03\/CKL_comunicacion-con-perspetiva-de-genero-300x300.jpg","keywords":["CKL","comunicaci\u00f3n inclusiva","perspectiva de g\u00e9nero"],"articleSection":["Newsletter","Nwl v2.0"],"inLanguage":"es"},{"@type":"WebPage","@id":"https:\/\/cklcomunicaciones.es\/coop\/noticias-info-ckl-no-2-431-16-03-20\/","url":"https:\/\/cklcomunicaciones.es\/coop\/noticias-info-ckl-no-2-431-16-03-20\/","name":"Noticias Info CKL n\u00ba 2.431-16\/03\/20-Comunicar con perspectiva de g\u00e9nero","isPartOf":{"@id":"https:\/\/cklcomunicaciones.es\/coop\/#website"},"primaryImageOfPage":{"@id":"https:\/\/cklcomunicaciones.es\/coop\/noticias-info-ckl-no-2-431-16-03-20\/#primaryimage"},"image":{"@id":"https:\/\/cklcomunicaciones.es\/coop\/noticias-info-ckl-no-2-431-16-03-20\/#primaryimage"},"thumbnailUrl":"http:\/\/www.cklcomunicaciones.es\/wp-content\/uploads\/2018\/03\/CKL_comunicacion-con-perspetiva-de-genero-300x300.jpg","datePublished":"2020-03-16T11:47:22+00:00","dateModified":"2025-01-17T15:42:52+00:00","author":{"@id":"https:\/\/cklcomunicaciones.es\/coop\/#\/schema\/person\/929a6837f7626450bbb50cee1aef266e"},"description":"Comunicar con perspectiva de g\u00e9nero: Nadia Calvi\u00f1o: ''La igualdad es tambi\u00e9n crecimiento econ\u00f3mico\"-El coronavirus ataca a la situaci\u00f3n socioecon\u00f3mica de la mujer-CSIC: 1er informe sobre g\u00e9nero en la innovaci\u00f3n advierte: \"Las mujeres somos invisibles\"","breadcrumb":{"@id":"https:\/\/cklcomunicaciones.es\/coop\/noticias-info-ckl-no-2-431-16-03-20\/#breadcrumb"},"inLanguage":"es","potentialAction":[{"@type":"ReadAction","target":["https:\/\/cklcomunicaciones.es\/coop\/noticias-info-ckl-no-2-431-16-03-20\/"]}]},{"@type":"ImageObject","inLanguage":"es","@id":"https:\/\/cklcomunicaciones.es\/coop\/noticias-info-ckl-no-2-431-16-03-20\/#primaryimage","url":"http:\/\/www.cklcomunicaciones.es\/wp-content\/uploads\/2018\/03\/CKL_comunicacion-con-perspetiva-de-genero-300x300.jpg","contentUrl":"http:\/\/www.cklcomunicaciones.es\/wp-content\/uploads\/2018\/03\/CKL_comunicacion-con-perspetiva-de-genero-300x300.jpg"},{"@type":"BreadcrumbList","@id":"https:\/\/cklcomunicaciones.es\/coop\/noticias-info-ckl-no-2-431-16-03-20\/#breadcrumb","itemListElement":[{"@type":"ListItem","position":1,"name":"Portada","item":"https:\/\/cklcomunicaciones.es\/coop\/"},{"@type":"ListItem","position":2,"name":"Noticias Info CKL n\u00ba 2.431-16\/03\/20"}]},{"@type":"WebSite","@id":"https:\/\/cklcomunicaciones.es\/coop\/#website","url":"https:\/\/cklcomunicaciones.es\/coop\/","name":"CKL Comunicaciones","description":"Sitio web de CKL Comunicaciones coop , la consultora de comunicaci\u00f3n y estrategia","potentialAction":[{"@type":"SearchAction","target":{"@type":"EntryPoint","urlTemplate":"https:\/\/cklcomunicaciones.es\/coop\/?s={search_term_string}"},"query-input":{"@type":"PropertyValueSpecification","valueRequired":true,"valueName":"search_term_string"}}],"inLanguage":"es"},{"@type":"Person","@id":"https:\/\/cklcomunicaciones.es\/coop\/#\/schema\/person\/929a6837f7626450bbb50cee1aef266e","name":"ckl","image":{"@type":"ImageObject","inLanguage":"es","@id":"https:\/\/secure.gravatar.com\/avatar\/c82db564e8a669bf6023357a157b9dc4780f4d4c618f2ad1d71a6a5dede45057?s=96&d=mm&r=g","url":"https:\/\/secure.gravatar.com\/avatar\/c82db564e8a669bf6023357a157b9dc4780f4d4c618f2ad1d71a6a5dede45057?s=96&d=mm&r=g","contentUrl":"https:\/\/secure.gravatar.com\/avatar\/c82db564e8a669bf6023357a157b9dc4780f4d4c618f2ad1d71a6a5dede45057?s=96&d=mm&r=g","caption":"ckl"},"url":"https:\/\/cklcomunicaciones.es\/coop\/author\/cklcomunicaciones\/"}]}},"_links":{"self":[{"href":"https:\/\/cklcomunicaciones.es\/coop\/wp-json\/wp\/v2\/posts\/14867","targetHints":{"allow":["GET"]}}],"collection":[{"href":"https:\/\/cklcomunicaciones.es\/coop\/wp-json\/wp\/v2\/posts"}],"about":[{"href":"https:\/\/cklcomunicaciones.es\/coop\/wp-json\/wp\/v2\/types\/post"}],"author":[{"embeddable":true,"href":"https:\/\/cklcomunicaciones.es\/coop\/wp-json\/wp\/v2\/users\/3"}],"replies":[{"embeddable":true,"href":"https:\/\/cklcomunicaciones.es\/coop\/wp-json\/wp\/v2\/comments?post=14867"}],"version-history":[{"count":0,"href":"https:\/\/cklcomunicaciones.es\/coop\/wp-json\/wp\/v2\/posts\/14867\/revisions"}],"wp:attachment":[{"href":"https:\/\/cklcomunicaciones.es\/coop\/wp-json\/wp\/v2\/media?parent=14867"}],"wp:term":[{"taxonomy":"category","embeddable":true,"href":"https:\/\/cklcomunicaciones.es\/coop\/wp-json\/wp\/v2\/categories?post=14867"},{"taxonomy":"post_tag","embeddable":true,"href":"https:\/\/cklcomunicaciones.es\/coop\/wp-json\/wp\/v2\/tags?post=14867"}],"curies":[{"name":"wp","href":"https:\/\/api.w.org\/{rel}","templated":true}]}}