{"id":14859,"date":"2020-03-11T11:55:12","date_gmt":"2020-03-11T10:55:12","guid":{"rendered":"http:\/\/www.cklcomunicaciones.es\/?p=14859"},"modified":"2025-01-17T16:42:53","modified_gmt":"2025-01-17T15:42:53","slug":"noticias-info-ckl-no-2-429-11-03-20","status":"publish","type":"post","link":"https:\/\/cklcomunicaciones.es\/coop\/noticias-info-ckl-no-2-429-11-03-20\/","title":{"rendered":"Noticias Info CKL n\u00ba 2.429-11\/03\/20"},"content":{"rendered":"<div id=\"pl-14859\"  class=\"panel-layout\" >\n<div id=\"pg-14859-0\"  class=\"panel-grid panel-no-style\"  data-style=\"{&quot;background_image_attachment&quot;:false,&quot;background_display&quot;:&quot;tile&quot;,&quot;cell_alignment&quot;:&quot;flex-start&quot;}\" >\n<div id=\"pgc-14859-0-0\"  class=\"panel-grid-cell\"  data-weight=\"1\" >\n<div id=\"panel-14859-0-0-0\" class=\"so-panel widget widget_sow-editor panel-first-child panel-last-child\" data-index=\"0\" data-style=\"{&quot;background_image_attachment&quot;:false,&quot;background_display&quot;:&quot;tile&quot;}\" >\n<div class=\"so-widget-sow-editor so-widget-sow-editor-base\">\n<div class=\"siteorigin-widget-tinymce textwidget\">\n<p><img decoding=\"async\" class=\"lazyload  wp-image-13726\" src=\"http:\/\/www.cklcomunicaciones.es\/wp-content\/uploads\/2018\/03\/CKL_comunicacion-con-perspetiva-de-genero-300x300.jpg\" data-orig-src=\"http:\/\/www.cklcomunicaciones.es\/wp-content\/uploads\/2018\/03\/CKL_comunicacion-con-perspetiva-de-genero-300x300.jpg\" alt=\"CKL_comunicacion con perspetiva de genero\" width=\"132\" height=\"132\" srcset=\"data:image\/svg+xml,%3Csvg%20xmlns%3D%27http%3A%2F%2Fwww.w3.org%2F2000%2Fsvg%27%20width%3D%27132%27%20height%3D%27132%27%20viewBox%3D%270%200%20132%20132%27%3E%3Crect%20width%3D%27132%27%20height%3D%27132%27%20fill-opacity%3D%220%22%2F%3E%3C%2Fsvg%3E\" data-srcset=\"https:\/\/cklcomunicaciones.es\/coop\/wp-content\/uploads\/2018\/03\/CKL_comunicacion-con-perspetiva-de-genero-150x150.jpg 150w, https:\/\/cklcomunicaciones.es\/coop\/wp-content\/uploads\/2018\/03\/CKL_comunicacion-con-perspetiva-de-genero-300x300.jpg 300w, https:\/\/cklcomunicaciones.es\/coop\/wp-content\/uploads\/2018\/03\/CKL_comunicacion-con-perspetiva-de-genero-450x450.jpg 450w, https:\/\/cklcomunicaciones.es\/coop\/wp-content\/uploads\/2018\/03\/CKL_comunicacion-con-perspetiva-de-genero.jpg 500w\" data-sizes=\"auto\" data-orig-sizes=\"(max-width: 132px) 100vw, 132px\" \/><\/p>\n<p id=\":r5\" class=\"hP\" tabindex=\"-1\" data-thread-perm-id=\"thread-f:1660864305974790801\" data-legacy-thread-id=\"170c934961c0ca91\"><strong>El Coronavirus evidencia la carga sobre la mujer de los cuidados familiares-Finanzas: Las mujeres tardan tres a\u00f1os m\u00e1s que los hombres en acceder a los puestos directivos-Mujeres con menor pensi\u00f3n y para m\u00e1s a\u00f1os<\/strong><\/p>\n<p>[toggle type=\u00bbfirst\u00bb title=\u00bbComunicaci\u00f3n\u00bb]<\/p>\n<p><a href=\"https:\/\/elpais.com\/television\/2020-03-10\/rtve-pide-fondos-para-competir-con-las-plataformas-de-internet.html\">RTVE pide fondos para competir con las plataformas de Internet<\/a>\u00a0\u2013 El Pa\u00eds<\/p>\n<p><a href=\"https:\/\/www.google.com\/url?rct=j&amp;sa=t&amp;url=https:\/\/www.puromarketing.com\/9\/33346\/golpe-contra-publicidad-sexista-gobierno-ultima-medidas-contra-publicidad-sexista-juguetes-cosifica-mujer.html&amp;ct=ga&amp;cd=CAEYACoUMTgyMjM1NTMwODA5MjU5OTM2OTMyGTFkYzViZWNjNzA2ZWNmOGI6ZXM6ZXM6RVM&amp;usg=AFQjCNF0pTxzdNhen8mEXC8sHv767JUtIQ\" data-saferedirecturl=\"https:\/\/www.google.com\/url?q=https:\/\/www.google.com\/url?rct%3Dj%26sa%3Dt%26url%3Dhttps:\/\/www.puromarketing.com\/9\/33346\/golpe-contra-publicidad-sexista-gobierno-ultima-medidas-contra-publicidad-sexista-juguetes-cosifica-mujer.html%26ct%3Dga%26cd%3DCAEYACoUMTgyMjM1NTMwODA5MjU5OTM2OTMyGTFkYzViZWNjNzA2ZWNmOGI6ZXM6ZXM6RVM%26usg%3DAFQjCNF0pTxzdNhen8mEXC8sHv767JUtIQ&amp;source=gmail&amp;ust=1584009919164000&amp;usg=AFQjCNHLrANUapxY4bSd6DGFfoNYtDTclA\">Golpe contra la publicidad sexista: el Gobierno ultima medidas contra la publicidad sexista de &#8230;<\/a>\u00a0&#8211; Puro Marketing<\/p>\n<p><a href=\"https:\/\/www.mujeremprendedora.net\/valpat-canal-promueve-incorporacion-ninas-mundo-steam-creado-valeria-corrales-patricia-heredia\/\" data-saferedirecturl=\"https:\/\/www.google.com\/url?q=https:\/\/www.mujeremprendedora.net\/valpat-canal-promueve-incorporacion-ninas-mundo-steam-creado-valeria-corrales-patricia-heredia\/&amp;source=gmail&amp;ust=1584009919164000&amp;usg=AFQjCNEoLJDdCcjx4tUm05PFizKwDsihXg\">ValPat, un canal que promueve la incorporaci\u00f3n de ni\u00f1as al mundo STEAM<\/a>\u00a0\u2013 Mujeremprendedora.net<\/p>\n<p><a href=\"https:\/\/www.google.com\/url?rct=j&amp;sa=t&amp;url=https:\/\/www.minutouno.com\/notas\/5087562-twitter-mujeres-rompen-el-silencio-porquenodenuncie&amp;ct=ga&amp;cd=CAEYASoUMTc2OTgwOTA5NDY1NDMyNzY1NjMyGWUyZGVmYTdkNWRhOTE1N2Q6ZXM6ZXM6RVM&amp;usg=AFQjCNHjpWglr-NSzzAct1psePOB8LqhvA\" data-saferedirecturl=\"https:\/\/www.google.com\/url?q=https:\/\/www.google.com\/url?rct%3Dj%26sa%3Dt%26url%3Dhttps:\/\/www.minutouno.com\/notas\/5087562-twitter-mujeres-rompen-el-silencio-porquenodenuncie%26ct%3Dga%26cd%3DCAEYASoUMTc2OTgwOTA5NDY1NDMyNzY1NjMyGWUyZGVmYTdkNWRhOTE1N2Q6ZXM6ZXM6RVM%26usg%3DAFQjCNHjpWglr-NSzzAct1psePOB8LqhvA&amp;source=gmail&amp;ust=1584009919164000&amp;usg=AFQjCNGzK1IL0suN2DwHpwDCXbSkqugsng\">Twitter: mujeres rompen el silencio con \u00ab#PorQueNoDenuncie<\/a>\u00a0&#8211; Minutouno.com<\/p>\n<p><a href=\"https:\/\/www.google.com\/url?rct=j&amp;sa=t&amp;url=https:\/\/lopezdoriga.com\/ciencia-tecnologia\/facebook-permite-publicidad-de-juego-para-abofetear-mujeres\/&amp;ct=ga&amp;cd=CAEYACoTNDk4MDg4MDk2MzE4MDg2ODIzNTIZZTJkZWZhN2Q1ZGE5MTU3ZDplczplczpFUw&amp;usg=AFQjCNFmWzLqh674QamQYZoQFhR37IpjCw\" data-saferedirecturl=\"https:\/\/www.google.com\/url?q=https:\/\/www.google.com\/url?rct%3Dj%26sa%3Dt%26url%3Dhttps:\/\/lopezdoriga.com\/ciencia-tecnologia\/facebook-permite-publicidad-de-juego-para-abofetear-mujeres\/%26ct%3Dga%26cd%3DCAEYACoTNDk4MDg4MDk2MzE4MDg2ODIzNTIZZTJkZWZhN2Q1ZGE5MTU3ZDplczplczpFUw%26usg%3DAFQjCNFmWzLqh674QamQYZoQFhR37IpjCw&amp;source=gmail&amp;ust=1584009919164000&amp;usg=AFQjCNFMUlNGdRKEJYrkKHcPi1JfSPj7Og\">Facebook permite publicidad de\u00a0juego\u00a0para abofetear mujeres<\/a><u>&#8211;<\/u>\u00a0L\u00f3pez D\u00f3riga Digital<\/p>\n<p>[\/toggle]<\/p>\n<p>[toggle type=\u00bbfirst\u00bb title=\u00bbAndaluc\u00eda\u00bb]<\/p>\n<p><strong>Institucional<\/strong><\/p>\n<p><a href=\"https:\/\/www.diariosur.es\/andalucia\/rocio-blanco-pide-20200310134353-nt.html\" data-saferedirecturl=\"https:\/\/www.google.com\/url?q=https:\/\/www.diariosur.es\/andalucia\/rocio-blanco-pide-20200310134353-nt.html&amp;source=gmail&amp;ust=1584009919164000&amp;usg=AFQjCNEDLtSUBQK1-1HYuuZ4I_3O5rW8jw\">Roc\u00edo Blanco, Consejera de Empleo, pide no \u00abprecipitarse\u00bb con medidas de teletrabajo &#8230;<\/a>&#8211;\u00a0Sur Digital<\/p>\n<p><strong>Econom\u00eda y Empresas<\/strong><\/p>\n<p><a href=\"https:\/\/www.google.com\/url?rct=j&amp;sa=t&amp;url=https:\/\/www.ideal.es\/jaen\/jaen\/celebran-primer-foro-20200309193712-nt.html&amp;ct=ga&amp;cd=CAEYAyoUMTczNjI2MzI3MzE1MTY1NTYwMDQyGWMwMzcyZWJjMmZlYWRhNTk6ZXM6ZXM6RVM&amp;usg=AFQjCNGb30hqqz9qm1RW64LfIRwcc7p0qw\" data-saferedirecturl=\"https:\/\/www.google.com\/url?q=https:\/\/www.google.com\/url?rct%3Dj%26sa%3Dt%26url%3Dhttps:\/\/www.ideal.es\/jaen\/jaen\/celebran-primer-foro-20200309193712-nt.html%26ct%3Dga%26cd%3DCAEYAyoUMTczNjI2MzI3MzE1MTY1NTYwMDQyGWMwMzcyZWJjMmZlYWRhNTk6ZXM6ZXM6RVM%26usg%3DAFQjCNGb30hqqz9qm1RW64LfIRwcc7p0qw&amp;source=gmail&amp;ust=1584009919164000&amp;usg=AFQjCNF7wg6wI9jn7xgbnFr-8qLYs7KZfg\">Celebran el primer &#8216;Foro de Empresas Comprometidas con la Igualdad&#8217; en la provincia<\/a>\u00a0&#8211; Ideal Digital<\/p>\n<p><a href=\"https:\/\/www.google.com\/url?rct=j&amp;sa=t&amp;url=https:\/\/www.benalgo.es\/noticias\/iam-edita-el-manual-practico-sobre-la-brecha-salarial-entre-mujeres-y-hombres.html&amp;ct=ga&amp;cd=CAEYACoTNTI0NzA2Njc0MjIwMTg0MjUxMzIbOWFiMWNkZDdlMzY2ZWYzODplczplczpFUzpS&amp;usg=AFQjCNHrm3nyv1LJKmgefu5Nw-D8kAitDQ\" data-saferedirecturl=\"https:\/\/www.google.com\/url?q=https:\/\/www.google.com\/url?rct%3Dj%26sa%3Dt%26url%3Dhttps:\/\/www.benalgo.es\/noticias\/iam-edita-el-manual-practico-sobre-la-brecha-salarial-entre-mujeres-y-hombres.html%26ct%3Dga%26cd%3DCAEYACoTNTI0NzA2Njc0MjIwMTg0MjUxMzIbOWFiMWNkZDdlMzY2ZWYzODplczplczpFUzpS%26usg%3DAFQjCNHrm3nyv1LJKmgefu5Nw-D8kAitDQ&amp;source=gmail&amp;ust=1584009919164000&amp;usg=AFQjCNFNxJXfKaRigyq7BVwFvpT_HhMx3Q\">IAM edita el &#8216;Manual Pr\u00e1ctico sobre la brecha salarial entre mujeres y hombres&#8217;<\/a>\u00a0&#8211;\u00a0Contracr\u00f3nica.es<\/p>\n<p><a href=\"https:\/\/www.google.com\/url?rct=j&amp;sa=t&amp;url=https:\/\/www.lavozdelsur.es\/el-ejemplo-de-una-pequena-empresa-que-aplica-medidas-reales-de-conciliacion\/&amp;ct=ga&amp;cd=CAEYACoTNDA0Nzg0MTY1OTMxNTUzNDA1NDIbOWFiMWNkZDdlMzY2ZWYzODplczplczpFUzpS&amp;usg=AFQjCNFrn_7rGBkGZYgm5rHLet2yW8-T9A\" data-saferedirecturl=\"https:\/\/www.google.com\/url?q=https:\/\/www.google.com\/url?rct%3Dj%26sa%3Dt%26url%3Dhttps:\/\/www.lavozdelsur.es\/el-ejemplo-de-una-pequena-empresa-que-aplica-medidas-reales-de-conciliacion\/%26ct%3Dga%26cd%3DCAEYACoTNDA0Nzg0MTY1OTMxNTUzNDA1NDIbOWFiMWNkZDdlMzY2ZWYzODplczplczpFUzpS%26usg%3DAFQjCNFrn_7rGBkGZYgm5rHLet2yW8-T9A&amp;source=gmail&amp;ust=1584009919165000&amp;usg=AFQjCNFcqQA0mZeXQqvUkLFEaAHz2RvAWA\">El ejemplo de una peque\u00f1a empresa que aplica medidas reales de conciliaci\u00f3n<\/a>&#8211;\u00a0La Voz del Sur<\/p>\n<p><a href=\"https:\/\/www.juntadeandalucia.es\/presidencia\/portavoz\/150894\/ConsejodeGobierno\/economia\/agilizaciondetramites\/actividadproductiva\/tramitacion\" data-saferedirecturl=\"https:\/\/www.google.com\/url?q=https:\/\/www.juntadeandalucia.es\/presidencia\/portavoz\/150894\/ConsejodeGobierno\/economia\/agilizaciondetramites\/actividadproductiva\/tramitacion&amp;source=gmail&amp;ust=1584009919165000&amp;usg=AFQjCNEWzQsqLIOYgTiZXRMg93KHslAYew\">Andaluc\u00eda agiliza 27 normas e incluye cien medidas de mejora para favorecer la econom\u00eda<\/a>&#8211; Oficina del Portavoz<\/p>\n<p><strong>A<\/strong><strong>ctualidad<\/strong><\/p>\n<p><a href=\"https:\/\/www.google.com\/url?rct=j&amp;sa=t&amp;url=https:\/\/okdiario.com\/andalucia\/andalucia-igualdad-eleva-presupuesto-instituto-andaluz-mujer-hasta-44-millones-5271805&amp;ct=ga&amp;cd=CAEYACoTNjMyODEzNTgxODE4MTYwMzkxMDIZYzAzNzJlYmMyZmVhZGE1OTplczplczpFUw&amp;usg=AFQjCNFzk6PMeRxpuXlYQAWANn_1R61dwQ\" data-saferedirecturl=\"https:\/\/www.google.com\/url?q=https:\/\/www.google.com\/url?rct%3Dj%26sa%3Dt%26url%3Dhttps:\/\/okdiario.com\/andalucia\/andalucia-igualdad-eleva-presupuesto-instituto-andaluz-mujer-hasta-44-millones-5271805%26ct%3Dga%26cd%3DCAEYACoTNjMyODEzNTgxODE4MTYwMzkxMDIZYzAzNzJlYmMyZmVhZGE1OTplczplczpFUw%26usg%3DAFQjCNFzk6PMeRxpuXlYQAWANn_1R61dwQ&amp;source=gmail&amp;ust=1584009919165000&amp;usg=AFQjCNEb22WAcAE4RksfIb9GjFGnpEQheg\">Andaluc\u00eda con la igualdad: eleva el presupuesto para el Instituto Andaluz de la Mujer hasta los 44 millones &#8230;<\/a>\u00a0&#8211;\u00a0<a href=\"http:\/\/okdiario.com\/\" data-saferedirecturl=\"https:\/\/www.google.com\/url?q=http:\/\/okdiario.com&amp;source=gmail&amp;ust=1584009919165000&amp;usg=AFQjCNGsQ_di4gsjDyBptwSOcM6LFD20WA\">okdiario.com<\/a><\/p>\n<p><a href=\"https:\/\/www.google.com\/url?rct=j&amp;sa=t&amp;url=https:\/\/www.lavozdelsur.es\/estudiaba-con-ninas-del-tuenti-en-una-clase-en-la-que-habia-150-hijos-mios-pero-fui-capaz\/&amp;ct=ga&amp;cd=CAEYCSoUMTM0MDc1NTc5ODgwOTMxMDM3MjkyGzlhYjFjZGQ3ZTM2NmVmMzg6ZXM6ZXM6RVM6Ug&amp;usg=AFQjCNHhcBANMMzOBdrjdBou1StCpHmdBA\" data-saferedirecturl=\"https:\/\/www.google.com\/url?q=https:\/\/www.google.com\/url?rct%3Dj%26sa%3Dt%26url%3Dhttps:\/\/www.lavozdelsur.es\/estudiaba-con-ninas-del-tuenti-en-una-clase-en-la-que-habia-150-hijos-mios-pero-fui-capaz\/%26ct%3Dga%26cd%3DCAEYCSoUMTM0MDc1NTc5ODgwOTMxMDM3MjkyGzlhYjFjZGQ3ZTM2NmVmMzg6ZXM6ZXM6RVM6Ug%26usg%3DAFQjCNHhcBANMMzOBdrjdBou1StCpHmdBA&amp;source=gmail&amp;ust=1584009919165000&amp;usg=AFQjCNEXa4Emz44pviN82VhyXAFx7RwU5Q\">Mar\u00eda Jos\u00e9 Andrade, fundadora de Mujeres Valientes: \u201cEstudiaba con ni\u00f1as del &#8216;Tuenti&#8217;,\u00a0\u2026.\u201d<\/a>\u00a0&#8211; La Voz del Sur<a href=\"https:\/\/www.google.com\/url?rct=j&amp;sa=t&amp;url=https:\/\/www.20minutos.es\/noticia\/4181961\/0\/iam-promueve-tres-talleres-coeducativos-para-la-prevencion-de-la-violencia-de-genero-en-los-centros-educativos\/&amp;ct=ga&amp;cd=CAEYACoUMTczMjc0NzYyNzk1NDEwNDgzNzUyGzlhYjFjZGQ3ZTM2NmVmMzg6ZXM6ZXM6RVM6Ug&amp;usg=AFQjCNHMs8s3VbCEymSds-MHIx2MdQK0Cw\" data-saferedirecturl=\"https:\/\/www.google.com\/url?q=https:\/\/www.google.com\/url?rct%3Dj%26sa%3Dt%26url%3Dhttps:\/\/www.20minutos.es\/noticia\/4181961\/0\/iam-promueve-tres-talleres-coeducativos-para-la-prevencion-de-la-violencia-de-genero-en-los-centros-educativos\/%26ct%3Dga%26cd%3DCAEYACoUMTczMjc0NzYyNzk1NDEwNDgzNzUyGzlhYjFjZGQ3ZTM2NmVmMzg6ZXM6ZXM6RVM6Ug%26usg%3DAFQjCNHMs8s3VbCEymSds-MHIx2MdQK0Cw&amp;source=gmail&amp;ust=1584009919165000&amp;usg=AFQjCNHwKr6IsEQMp0bKc3AD2iLuW0BcBA\"><br \/>\nIAM promueve tres talleres coeducativos para la prevenci\u00f3n de la violencia de g\u00e9nero en los &#8230;<\/a>&#8211;\u00a020minutos<\/p>\n<p><strong>Violencias<\/strong><\/p>\n<p><a href=\"https:\/\/www.google.com\/url?rct=j&amp;sa=t&amp;url=https:\/\/www.lavozdelsur.es\/pepuka-la-muneca-que-visita-colegios-para-educar-en-igualdad-y-prevenir-la-violencia-de-genero\/&amp;ct=ga&amp;cd=CAEYACoUMTc2OTgwOTA5NDY1NDMyNzY1NjMyGWUyZGVmYTdkNWRhOTE1N2Q6ZXM6ZXM6RVM&amp;usg=AFQjCNGcEniMMto9blIRNAYCiKFAD1JYBA\" data-saferedirecturl=\"https:\/\/www.google.com\/url?q=https:\/\/www.google.com\/url?rct%3Dj%26sa%3Dt%26url%3Dhttps:\/\/www.lavozdelsur.es\/pepuka-la-muneca-que-visita-colegios-para-educar-en-igualdad-y-prevenir-la-violencia-de-genero\/%26ct%3Dga%26cd%3DCAEYACoUMTc2OTgwOTA5NDY1NDMyNzY1NjMyGWUyZGVmYTdkNWRhOTE1N2Q6ZXM6ZXM6RVM%26usg%3DAFQjCNGcEniMMto9blIRNAYCiKFAD1JYBA&amp;source=gmail&amp;ust=1584009919165000&amp;usg=AFQjCNElXEdBtBfcnsbKDlLWALsdHx8GtA\">Pepuka, la mu\u00f1eca que visita colegios para educar en igualdad y prevenir la violencia de g\u00e9nero<\/a>\u00a0&#8211; La Voz del Sur<\/p>\n<p><a href=\"https:\/\/www.google.com\/url?rct=j&amp;sa=t&amp;url=https:\/\/www.eldiadecordoba.es\/cordoba\/violencia-genero-Cordoba-autobuses-Aucorsa_0_1444656013.html&amp;ct=ga&amp;cd=CAEYAioUMTczMjc0NzYyNzk1NDEwNDgzNzUyGzlhYjFjZGQ3ZTM2NmVmMzg6ZXM6ZXM6RVM6Ug&amp;usg=AFQjCNEamxVrz9qjgcCmDhFRxVhfXtQZ-w\" data-saferedirecturl=\"https:\/\/www.google.com\/url?q=https:\/\/www.google.com\/url?rct%3Dj%26sa%3Dt%26url%3Dhttps:\/\/www.eldiadecordoba.es\/cordoba\/violencia-genero-Cordoba-autobuses-Aucorsa_0_1444656013.html%26ct%3Dga%26cd%3DCAEYAioUMTczMjc0NzYyNzk1NDEwNDgzNzUyGzlhYjFjZGQ3ZTM2NmVmMzg6ZXM6ZXM6RVM6Ug%26usg%3DAFQjCNEamxVrz9qjgcCmDhFRxVhfXtQZ-w&amp;source=gmail&amp;ust=1584009919165000&amp;usg=AFQjCNGiBYTekqDAaSFODwb6XanEmkQ9EA\">La lucha contra la violencia de g\u00e9nero en C\u00f3rdoba llega a los autobuses de Aucorsa<\/a><u>\u00a0&#8211;<\/u>\u00a0El D\u00eda de C\u00f3rdoba<\/p>\n<p><strong>Ciencia y Cultura<\/strong><\/p>\n<p><a href=\"https:\/\/www.mujeremprendedora.net\/investigadora-cristina-romera-entre-jovenes-cientificas-mas-prometedoras-reconocidas-loreal-unesco-for-women-in-science\/\" data-saferedirecturl=\"https:\/\/www.google.com\/url?q=https:\/\/www.mujeremprendedora.net\/investigadora-cristina-romera-entre-jovenes-cientificas-mas-prometedoras-reconocidas-loreal-unesco-for-women-in-science\/&amp;source=gmail&amp;ust=1584009919165000&amp;usg=AFQjCNE2SP0myZqwyzan7lRjDLG47NTVmw\">La investigadora andaluza Cristina Romera, entre las j\u00f3venes cient\u00edficas m\u00e1s prometedoras reconocidas por L\u2019Or\u00e9al-UNESCO For Women in Science<\/a>\u00a0\u2013 Mujeremprendedora.net<\/p>\n<p><a href=\"https:\/\/www.mujeremprendedora.net\/microbiologa-carmen-maroto-vela-recibe-premio-unia-concha-caballero\/\" data-saferedirecturl=\"https:\/\/www.google.com\/url?q=https:\/\/www.mujeremprendedora.net\/microbiologa-carmen-maroto-vela-recibe-premio-unia-concha-caballero\/&amp;source=gmail&amp;ust=1584009919165000&amp;usg=AFQjCNE1X3d87jnT40TEg_e5w-cecmK4gw\">La microbi\u00f3loga Carmen Maroto Vela recibe el Premio UNIA Concha Caballero<\/a>&#8211; Mujeremprendedora.net<\/p>\n<p><a href=\"https:\/\/cordobabn.com\/articulo\/andalucia\/programa-maria-castellano-arroyo-impulsara-carrera-profesionales-sanitarios-andaluces\/20200310225909039289.html\" data-saferedirecturl=\"https:\/\/www.google.com\/url?q=https:\/\/cordobabn.com\/articulo\/andalucia\/programa-maria-castellano-arroyo-impulsara-carrera-profesionales-sanitarios-andaluces\/20200310225909039289.html&amp;source=gmail&amp;ust=1584009919165000&amp;usg=AFQjCNEHGA_C26fi_ICj4qtk0h_LEM9Y1g\">El programa \u00abMar\u00eda Castellano Arroyo\u00bb impulsar\u00e1 la carrera de profesionales sanitarios &#8230;<\/a>-C\u00f3rdoba Buenas Noticias\u00a0<a href=\"https:\/\/www.google.com\/url?rct=j&amp;sa=t&amp;url=https:\/\/www.ahoracordoba.es\/uco-campana-igualdad\/&amp;ct=ga&amp;cd=CAEYASoUMTAxNjQwMTM3OTU0MDMwODA4MzIyGzlhYjFjZGQ3ZTM2NmVmMzg6ZXM6ZXM6RVM6Ug&amp;usg=AFQjCNF9TLq3TEGdViO9hvomqiClYpW51Q\" data-saferedirecturl=\"https:\/\/www.google.com\/url?q=https:\/\/www.google.com\/url?rct%3Dj%26sa%3Dt%26url%3Dhttps:\/\/www.ahoracordoba.es\/uco-campana-igualdad\/%26ct%3Dga%26cd%3DCAEYASoUMTAxNjQwMTM3OTU0MDMwODA4MzIyGzlhYjFjZGQ3ZTM2NmVmMzg6ZXM6ZXM6RVM6Ug%26usg%3DAFQjCNF9TLq3TEGdViO9hvomqiClYpW51Q&amp;source=gmail&amp;ust=1584009919166000&amp;usg=AFQjCNEiTvp_GA4uHUrtp2pxW5unU3KV-g\"><br \/>\nLa UCO presenta \u201cIgualda:) no da igual. La educaci\u00f3n lo cambia todo\u201d.<\/a>&#8211;\u00a0Ahora C\u00f3rdoba<\/p>\n<p><a href=\"https:\/\/www.google.com\/url?rct=j&amp;sa=t&amp;url=https:\/\/www.cope.es\/emisoras\/andalucia\/granada-provincia\/granada\/noticias\/cafe-con-ciencia-dedicado-las-mujeres-investigadoras-granada-20200309_640812&amp;ct=ga&amp;cd=CAEYBSoTNDg5NDA3MjUxNzM0NTkzMTI1NzIZYzAzNzJlYmMyZmVhZGE1OTplczplczpFUw&amp;usg=AFQjCNFsIvR0JN5pFsxCuOdyzFZeFJSmRA\" data-saferedirecturl=\"https:\/\/www.google.com\/url?q=https:\/\/www.google.com\/url?rct%3Dj%26sa%3Dt%26url%3Dhttps:\/\/www.cope.es\/emisoras\/andalucia\/granada-provincia\/granada\/noticias\/cafe-con-ciencia-dedicado-las-mujeres-investigadoras-granada-20200309_640812%26ct%3Dga%26cd%3DCAEYBSoTNDg5NDA3MjUxNzM0NTkzMTI1NzIZYzAzNzJlYmMyZmVhZGE1OTplczplczpFUw%26usg%3DAFQjCNFsIvR0JN5pFsxCuOdyzFZeFJSmRA&amp;source=gmail&amp;ust=1584009919166000&amp;usg=AFQjCNGAlcC1BxyJ05tYA0vokVDdT2KI-g\">\u00abCaf\u00e9 con ciencia\u00bb dedicado a las mujeres investigadoras de Granada<\/a>\u00a0\u2013\u00a0Cope<\/p>\n<p><a href=\"https:\/\/elpais.com\/cultura\/2020-03-10\/amparanoia-graba-la-banda-sonora-de-su-maltrato.html\" data-saferedirecturl=\"https:\/\/www.google.com\/url?q=https:\/\/elpais.com\/cultura\/2020-03-10\/amparanoia-graba-la-banda-sonora-de-su-maltrato.html&amp;source=gmail&amp;ust=1584009919166000&amp;usg=AFQjCNF3AcnSkCtUSpjQiIO3iofGGb6Y6g\">Amparanoia graba la banda sonora de su maltrato\u00a0<\/a>\u00a0-El Pa\u00eds<\/p>\n<p><strong>Deporte<\/strong><\/p>\n<p><a href=\"https:\/\/andaluciainformacion.es\/el-puerto\/883876\/el-tejada-presenta-nosotras-historias-del-olvidado-deporte-femenino\/\" data-saferedirecturl=\"https:\/\/www.google.com\/url?q=https:\/\/andaluciainformacion.es\/el-puerto\/883876\/el-tejada-presenta-nosotras-historias-del-olvidado-deporte-femenino\/&amp;source=gmail&amp;ust=1584009919166000&amp;usg=AFQjCNGRsYg6wt20SA3yUNgGrAPbFEXF7Q\">El Tejada presenta &#8216;Nosotras: Historias del olvidado\u00a0deporte femenino&#8230;<\/a>&#8211;\u00a0Andaluc\u00eda Informaci\u00f3n<\/p>\n<p>[\/toggle]<\/p>\n<p>[toggle type=\u00bbfirst\u00bb title=\u00bbEstado\u00bb]<\/p>\n<p><strong>Institucional-CCAA<\/strong><\/p>\n<p><a href=\"https:\/\/www.google.com\/url?rct=j&amp;sa=t&amp;url=https:\/\/www.levante-emv.com\/comunitat-valenciana\/2020\/03\/10\/marisol-conde-convierte-primera-mujer\/1987602.html&amp;ct=ga&amp;cd=CAEYACoTNDE2NTAwMDk4Mzk4MjEzMDczODIZZTJkZWZhN2Q1ZGE5MTU3ZDplczplczpFUw&amp;usg=AFQjCNH008dnj4h-EG0XkLrsJ4N5_mFs5A\" data-saferedirecturl=\"https:\/\/www.google.com\/url?q=https:\/\/www.google.com\/url?rct%3Dj%26sa%3Dt%26url%3Dhttps:\/\/www.levante-emv.com\/comunitat-valenciana\/2020\/03\/10\/marisol-conde-convierte-primera-mujer\/1987602.html%26ct%3Dga%26cd%3DCAEYACoTNDE2NTAwMDk4Mzk4MjEzMDczODIZZTJkZWZhN2Q1ZGE5MTU3ZDplczplczpFUw%26usg%3DAFQjCNH008dnj4h-EG0XkLrsJ4N5_mFs5A&amp;source=gmail&amp;ust=1584009919166000&amp;usg=AFQjCNF-Tnubpa5NYSIjCSWdPy8QHOP_oA\">Marisol Conde se convierte en la primera mujer al frente de la polic\u00eda auton\u00f3mica-<\/a>\u00a0Levante -EMV<\/p>\n<p><a href=\"https:\/\/www.google.com\/url?rct=j&amp;sa=t&amp;url=https:\/\/www.infonortedigital.com\/portada\/sociedad\/item\/81884-la-fotografa-aruquense-monica-rodriguez-premiada-por-el-instituto-canario-de-igualdad&amp;ct=ga&amp;cd=CAEYBCoUMTE0ODMwNzg4MTIzNjY0MzI2NzQyGWMwMzcyZWJjMmZlYWRhNTk6ZXM6ZXM6RVM&amp;usg=AFQjCNEmXi95Oxb5drSrzsVG7L7LbERpeg\" data-saferedirecturl=\"https:\/\/www.google.com\/url?q=https:\/\/www.google.com\/url?rct%3Dj%26sa%3Dt%26url%3Dhttps:\/\/www.infonortedigital.com\/portada\/sociedad\/item\/81884-la-fotografa-aruquense-monica-rodriguez-premiada-por-el-instituto-canario-de-igualdad%26ct%3Dga%26cd%3DCAEYBCoUMTE0ODMwNzg4MTIzNjY0MzI2NzQyGWMwMzcyZWJjMmZlYWRhNTk6ZXM6ZXM6RVM%26usg%3DAFQjCNEmXi95Oxb5drSrzsVG7L7LbERpeg&amp;source=gmail&amp;ust=1584009919166000&amp;usg=AFQjCNGIV_mPPqFQclTdgj4cMqFOUHGMiQ\">La fot\u00f3grafa aruquense M\u00f3nica Rodr\u00edguez, premiada por el Instituto Canario de Igualdad<\/a><u>&#8211;<\/u>\u00a0InfonorteDigital<\/p>\n<p><a href=\"https:\/\/www.google.com\/url?rct=j&amp;sa=t&amp;url=https:\/\/www.miciudadreal.es\/2020\/03\/10\/el-gobierno-de-castilla-la-mancha-destaca-la-importancia-de-poder-contar-con-ayuntamientos-comprometidos-con-la-igualdad\/&amp;ct=ga&amp;cd=CAEYACoTMTM3MDM2NjU2Mjg5NjA1NzQzNzIZYzAzNzJlYmMyZmVhZGE1OTplczplczpFUw&amp;usg=AFQjCNHGx58arv5dThaeVYERDo6VqBc0CQ\" data-saferedirecturl=\"https:\/\/www.google.com\/url?q=https:\/\/www.google.com\/url?rct%3Dj%26sa%3Dt%26url%3Dhttps:\/\/www.miciudadreal.es\/2020\/03\/10\/el-gobierno-de-castilla-la-mancha-destaca-la-importancia-de-poder-contar-con-ayuntamientos-comprometidos-con-la-igualdad\/%26ct%3Dga%26cd%3DCAEYACoTMTM3MDM2NjU2Mjg5NjA1NzQzNzIZYzAzNzJlYmMyZmVhZGE1OTplczplczpFUw%26usg%3DAFQjCNHGx58arv5dThaeVYERDo6VqBc0CQ&amp;source=gmail&amp;ust=1584009919166000&amp;usg=AFQjCNETbD1Mb4S2SnGfWinX9z32ilfesg\">El Gobierno de Castilla-La Mancha destaca la importancia de poder contar con ayuntamientos &#8230;<\/a>&#8211;\u00a0Mi Ciudad Real<\/p>\n<p><a href=\"https:\/\/www.google.com\/url?rct=j&amp;sa=t&amp;url=https:\/\/www.heraldo.es\/noticias\/aragon\/2020\/03\/10\/diez-ilustres-aragonesas-protagonizan-guia-mujeres-son-tesoros-1363159.html&amp;ct=ga&amp;cd=CAEYASoTMTM3MDM2NjU2Mjg5NjA1NzQzNzIZYzAzNzJlYmMyZmVhZGE1OTplczplczpFUw&amp;usg=AFQjCNG_VIm7llnwT1x2t9N3MrnWbdGmEg\" data-saferedirecturl=\"https:\/\/www.google.com\/url?q=https:\/\/www.google.com\/url?rct%3Dj%26sa%3Dt%26url%3Dhttps:\/\/www.heraldo.es\/noticias\/aragon\/2020\/03\/10\/diez-ilustres-aragonesas-protagonizan-guia-mujeres-son-tesoros-1363159.html%26ct%3Dga%26cd%3DCAEYASoTMTM3MDM2NjU2Mjg5NjA1NzQzNzIZYzAzNzJlYmMyZmVhZGE1OTplczplczpFUw%26usg%3DAFQjCNG_VIm7llnwT1x2t9N3MrnWbdGmEg&amp;source=gmail&amp;ust=1584009919166000&amp;usg=AFQjCNGIUC5ZxUAbZOhaPSUDoLB40WWXaw\">Diez ilustres aragonesas protagonizan la gu\u00eda &#8216;Mujeres\u00a0que son tesoros&#8217;<\/a>&#8211;\u00a0Heraldo.es<\/p>\n<p><strong>Econom\u00eda y Empresa<\/strong><\/p>\n<p><a href=\"https:\/\/www.google.com\/url?rct=j&amp;sa=t&amp;url=https:\/\/www.libremercado.com\/2020-03-09\/el-instituto-coordenadas-de-gobernanza-y-economia-aplicada-elige-a-las-15-directivas-decisivas-de-espana-1276653605\/&amp;ct=ga&amp;cd=CAEYACoTNzMxMTQyODU5ODI5OTA3NTA1MTIZYzAzNzJlYmMyZmVhZGE1OTplczplczpFUw&amp;usg=AFQjCNFFFmPAmaoHmmta-4ggs_6mUqIueQ\" data-saferedirecturl=\"https:\/\/www.google.com\/url?q=https:\/\/www.google.com\/url?rct%3Dj%26sa%3Dt%26url%3Dhttps:\/\/www.libremercado.com\/2020-03-09\/el-instituto-coordenadas-de-gobernanza-y-economia-aplicada-elige-a-las-15-directivas-decisivas-de-espana-1276653605\/%26ct%3Dga%26cd%3DCAEYACoTNzMxMTQyODU5ODI5OTA3NTA1MTIZYzAzNzJlYmMyZmVhZGE1OTplczplczpFUw%26usg%3DAFQjCNFFFmPAmaoHmmta-4ggs_6mUqIueQ&amp;source=gmail&amp;ust=1584009919167000&amp;usg=AFQjCNHMIqZV1m32rQMfmVxqWSqAYUVzdw\">El Instituto Coordenadas de Gobernanza y Econom\u00eda Aplicada elige a las 15 \u00abdirectivas decisivas de Espa\u00f1a\u201d &#8230;<\/a>\u00a0&#8211; Libre Mercado<\/p>\n<p><a href=\"https:\/\/www.google.com\/url?rct=j&amp;sa=t&amp;url=https:\/\/cincodias.elpais.com\/cincodias\/2020\/03\/05\/fondos_y_planes\/1583410360_077272.html&amp;ct=ga&amp;cd=CAEYASoUMTI3NzM5MDc0NDk4NTg3Mjg2NTQyGWMwMzcyZWJjMmZlYWRhNTk6ZXM6ZXM6RVM&amp;usg=AFQjCNFqfYyFNuHT0gauaSCX6_5-8b1AwA\" data-saferedirecturl=\"https:\/\/www.google.com\/url?q=https:\/\/www.google.com\/url?rct%3Dj%26sa%3Dt%26url%3Dhttps:\/\/cincodias.elpais.com\/cincodias\/2020\/03\/05\/fondos_y_planes\/1583410360_077272.html%26ct%3Dga%26cd%3DCAEYASoUMTI3NzM5MDc0NDk4NTg3Mjg2NTQyGWMwMzcyZWJjMmZlYWRhNTk6ZXM6ZXM6RVM%26usg%3DAFQjCNFqfYyFNuHT0gauaSCX6_5-8b1AwA&amp;source=gmail&amp;ust=1584009919167000&amp;usg=AFQjCNGzGzKjrJx_zD_b-PILml5Mut65OA\">Mujeres\u00a0con menor pensi\u00f3n y para m\u00e1s a\u00f1os<\/a>&#8211;\u00a0Cinco D\u00edas<\/p>\n<p><a href=\"https:\/\/www.google.com\/url?rct=j&amp;sa=t&amp;url=https:\/\/www.publico.es\/sociedad\/techo-cristal-mujeres-directivo-tardan-tres-anos-hombres-acceder-puesto-sector-financiero.html&amp;ct=ga&amp;cd=CAEYACoTMzcyMzMyMzgzNzQ5NTAzNjI1MzIZYzAzNzJlYmMyZmVhZGE1OTplczplczpFUw&amp;usg=AFQjCNEoKszcH467J1W3Vq0S7izEcSHYTA\" data-saferedirecturl=\"https:\/\/www.google.com\/url?q=https:\/\/www.google.com\/url?rct%3Dj%26sa%3Dt%26url%3Dhttps:\/\/www.publico.es\/sociedad\/techo-cristal-mujeres-directivo-tardan-tres-anos-hombres-acceder-puesto-sector-financiero.html%26ct%3Dga%26cd%3DCAEYACoTMzcyMzMyMzgzNzQ5NTAzNjI1MzIZYzAzNzJlYmMyZmVhZGE1OTplczplczpFUw%26usg%3DAFQjCNEoKszcH467J1W3Vq0S7izEcSHYTA&amp;source=gmail&amp;ust=1584009919167000&amp;usg=AFQjCNFK6iKPpZ8ouPkFOetbcqdcOiJy-Q\">Las mujeres tardan tres a\u00f1os m\u00e1s que los hombres en acceder a un puesto directivo en el sector financiero&#8230;<\/a>\u00a0&#8211; P\u00fablico<\/p>\n<p><a href=\"https:\/\/www.mujeremprendedora.net\/espana-encabeza-paridad-entorno-europeo-sexto-ano-consecutivo\/\" data-saferedirecturl=\"https:\/\/www.google.com\/url?q=https:\/\/www.mujeremprendedora.net\/espana-encabeza-paridad-entorno-europeo-sexto-ano-consecutivo\/&amp;source=gmail&amp;ust=1584009919167000&amp;usg=AFQjCNGeMzXRRYzq2jpJxbXYaBVYg7UxBg\">Espa\u00f1a encabeza la paridad en emprendimiento en el entorno europeo por sexto a\u00f1o consecutivo<\/a>\u00a0\u2013 Mujeremprendedora.net<\/p>\n<p><a href=\"https:\/\/elpais.com\/economia\/2020\/03\/04\/actualidad\/1583338258_482552.html\" data-saferedirecturl=\"https:\/\/www.google.com\/url?q=https:\/\/elpais.com\/economia\/2020\/03\/04\/actualidad\/1583338258_482552.html&amp;source=gmail&amp;ust=1584009919167000&amp;usg=AFQjCNHep5EJ8D9qZKJJmTPKc8lCm2TkLA\">El primer Consejo de la Mujer en la industria<\/a>\u00a0\u2013\u00a0El Pa\u00eds<\/p>\n<p><a href=\"https:\/\/www.google.com\/url?rct=j&amp;sa=t&amp;url=https:\/\/www.elcorreo.com\/economia\/pensiones\/servicio-social-pension-jubilacion-20200309130015-nt.html&amp;ct=ga&amp;cd=CAEYCSoUMTQ1MjE2MDAzNDY5MzM1NDc4OTAyGWMwMzcyZWJjMmZlYWRhNTk6ZXM6ZXM6RVM&amp;usg=AFQjCNFi3MgQ8JTO1cc7XuIKx_XSxUWvcQ\" data-saferedirecturl=\"https:\/\/www.google.com\/url?q=https:\/\/www.google.com\/url?rct%3Dj%26sa%3Dt%26url%3Dhttps:\/\/www.elcorreo.com\/economia\/pensiones\/servicio-social-pension-jubilacion-20200309130015-nt.html%26ct%3Dga%26cd%3DCAEYCSoUMTQ1MjE2MDAzNDY5MzM1NDc4OTAyGWMwMzcyZWJjMmZlYWRhNTk6ZXM6ZXM6RVM%26usg%3DAFQjCNFi3MgQ8JTO1cc7XuIKx_XSxUWvcQ&amp;source=gmail&amp;ust=1584009919167000&amp;usg=AFQjCNHzf6lIrneRbnuLAWLHybOFiBBxgQ\">\u00bfC\u00f3mo afecta el servicio social a la pensi\u00f3n de jubilaci\u00f3n de las mujeres?<\/a><em>\u00a0<\/em><em>&#8211;<\/em>\u00a0El Correo<\/p>\n<p><a href=\"https:\/\/www.google.com\/url?rct=j&amp;sa=t&amp;url=http:\/\/www.rrhhdigital.com\/secciones\/salud-y-empresa\/140709\/%25C3%2589xito-absoluto-del-I-Congreso-Nacional-de-Igualdad-de-Oportunidades&amp;ct=ga&amp;cd=CAEYCioUMTQ1MjE2MDAzNDY5MzM1NDc4OTAyGWMwMzcyZWJjMmZlYWRhNTk6ZXM6ZXM6RVM&amp;usg=AFQjCNE3gqH3uwGNNCScPlW0MFIAQBIRiQ\" data-saferedirecturl=\"https:\/\/www.google.com\/url?q=https:\/\/www.google.com\/url?rct%3Dj%26sa%3Dt%26url%3Dhttp:\/\/www.rrhhdigital.com\/secciones\/salud-y-empresa\/140709\/%2525C3%252589xito-absoluto-del-I-Congreso-Nacional-de-Igualdad-de-Oportunidades%26ct%3Dga%26cd%3DCAEYCioUMTQ1MjE2MDAzNDY5MzM1NDc4OTAyGWMwMzcyZWJjMmZlYWRhNTk6ZXM6ZXM6RVM%26usg%3DAFQjCNE3gqH3uwGNNCScPlW0MFIAQBIRiQ&amp;source=gmail&amp;ust=1584009919167000&amp;usg=AFQjCNFEPkNaO2yRiWsydYise3wJLlYtUw\">\u00c9xito absoluto del I Congreso Nacional de Igualdad de Oportunidades<\/a>\u00a0&#8211; RRHHDigital<\/p>\n<p><a href=\"https:\/\/www.google.com\/url?rct=j&amp;sa=t&amp;url=https:\/\/www.lavanguardia.com\/economia\/20200310\/474056349673\/mujeres-hombres-igualdad-empresa-plan-empleo-trabajo.html&amp;ct=ga&amp;cd=CAEYACoUMTYzNDg1MjE3MDMyNTg2MzQ4OTQyGWMwMzcyZWJjMmZlYWRhNTk6ZXM6ZXM6RVM&amp;usg=AFQjCNF4UOEceDuiSSs4RIxeg6ecDNoSxg\" data-saferedirecturl=\"https:\/\/www.google.com\/url?q=https:\/\/www.google.com\/url?rct%3Dj%26sa%3Dt%26url%3Dhttps:\/\/www.lavanguardia.com\/economia\/20200310\/474056349673\/mujeres-hombres-igualdad-empresa-plan-empleo-trabajo.html%26ct%3Dga%26cd%3DCAEYACoUMTYzNDg1MjE3MDMyNTg2MzQ4OTQyGWMwMzcyZWJjMmZlYWRhNTk6ZXM6ZXM6RVM%26usg%3DAFQjCNF4UOEceDuiSSs4RIxeg6ecDNoSxg&amp;source=gmail&amp;ust=1584009919167000&amp;usg=AFQjCNFNw7xpS1_OhePQW3MtQVSCLrj1KQ\">La lucha de la mujer por conquistar la igualdad en la empresa<\/a>\u00a0&#8211; La Vanguardia<\/p>\n<p><strong>Actualidad<\/strong><\/p>\n<p><a href=\"https:\/\/www.publico.es\/sociedad\/crisis-coronavirus-coronavirus-evidencia-carga-mujer-cuidados-familiares.html\" data-saferedirecturl=\"https:\/\/www.google.com\/url?q=https:\/\/www.publico.es\/sociedad\/crisis-coronavirus-coronavirus-evidencia-carga-mujer-cuidados-familiares.html&amp;source=gmail&amp;ust=1584009919167000&amp;usg=AFQjCNER-jTiP0AlRpn7DemlSoGi-ErJYQ\">El coronavirus evidencia la carga sobre la mujer de los cuidados familiares<\/a>&#8211; P\u00fablico<\/p>\n<p><a href=\"https:\/\/www.google.com\/url?rct=j&amp;sa=t&amp;url=https:\/\/www.lavanguardia.com\/vida\/20200309\/474061759761\/gamez-dice-no-hay-barreras-para-mujeres-ni-en-guardia-civil-ni-en-sociedad.html&amp;ct=ga&amp;cd=CAEYByoUMTI5MTM3NTMxMTU0NDk1NTExOTQyGWMwMzcyZWJjMmZlYWRhNTk6ZXM6ZXM6RVM&amp;usg=AFQjCNFrQOBOUts1AUVQ4MnE28oElEsPtg\" data-saferedirecturl=\"https:\/\/www.google.com\/url?q=https:\/\/www.google.com\/url?rct%3Dj%26sa%3Dt%26url%3Dhttps:\/\/www.lavanguardia.com\/vida\/20200309\/474061759761\/gamez-dice-no-hay-barreras-para-mujeres-ni-en-guardia-civil-ni-en-sociedad.html%26ct%3Dga%26cd%3DCAEYByoUMTI5MTM3NTMxMTU0NDk1NTExOTQyGWMwMzcyZWJjMmZlYWRhNTk6ZXM6ZXM6RVM%26usg%3DAFQjCNFrQOBOUts1AUVQ4MnE28oElEsPtg&amp;source=gmail&amp;ust=1584009919167000&amp;usg=AFQjCNHzTGyqIFQiZkQIbkSMijJYqILlyA\">G\u00e1mez dice no hay \u00abbarreras\u00bb para\u00a0mujeres\u00a0ni en Guardia Civil ni en sociedad<\/a>&#8211;\u00a0La Vanguardia<\/p>\n<p><a href=\"https:\/\/www.google.com\/url?rct=j&amp;sa=t&amp;url=https:\/\/www.elespanol.com\/mujer\/saludables\/20200310\/corazon-mata-mujeres-hombres-principales-causas\/473453202_0.html&amp;ct=ga&amp;cd=CAEYAyoUMTUzNjgwNjIyMTkzMTM2MjE2MjcyGWMwMzcyZWJjMmZlYWRhNTk6ZXM6ZXM6RVM&amp;usg=AFQjCNExbAng6q0rCO_rKSzsN09MvOeZFw\" data-saferedirecturl=\"https:\/\/www.google.com\/url?q=https:\/\/www.google.com\/url?rct%3Dj%26sa%3Dt%26url%3Dhttps:\/\/www.elespanol.com\/mujer\/saludables\/20200310\/corazon-mata-mujeres-hombres-principales-causas\/473453202_0.html%26ct%3Dga%26cd%3DCAEYAyoUMTUzNjgwNjIyMTkzMTM2MjE2MjcyGWMwMzcyZWJjMmZlYWRhNTk6ZXM6ZXM6RVM%26usg%3DAFQjCNExbAng6q0rCO_rKSzsN09MvOeZFw&amp;source=gmail&amp;ust=1584009919167000&amp;usg=AFQjCNHLgBEfaz3uBzGxXD9qNI8eLb-RVA\">Por qu\u00e9 el coraz\u00f3n mata m\u00e1s a las mujeres que a los hombres: estas son las principales causas<\/a>\u00a0&#8211; El Espa\u00f1ol<\/p>\n<p><a href=\"https:\/\/www.google.com\/url?rct=j&amp;sa=t&amp;url=https:\/\/www.abc.es\/salud\/enfermedades\/abci-programas-recuperacion-cardiaca-adapatados-estilo-vida-mujer-202003091449_noticia.html&amp;ct=ga&amp;cd=CAEYBioTNDg5NDA3MjUxNzM0NTkzMTI1NzIZYzAzNzJlYmMyZmVhZGE1OTplczplczpFUw&amp;usg=AFQjCNGevKojII1F841a_NNlba3N_cHUDA\" data-saferedirecturl=\"https:\/\/www.google.com\/url?q=https:\/\/www.google.com\/url?rct%3Dj%26sa%3Dt%26url%3Dhttps:\/\/www.abc.es\/salud\/enfermedades\/abci-programas-recuperacion-cardiaca-adapatados-estilo-vida-mujer-202003091449_noticia.html%26ct%3Dga%26cd%3DCAEYBioTNDg5NDA3MjUxNzM0NTkzMTI1NzIZYzAzNzJlYmMyZmVhZGE1OTplczplczpFUw%26usg%3DAFQjCNGevKojII1F841a_NNlba3N_cHUDA&amp;source=gmail&amp;ust=1584009919167000&amp;usg=AFQjCNGVLxEv8mMD_d958fu1URU9bi9jeA\">Programas de recuperaci\u00f3n cardiaca adaptados al estilo de vida de la mujer<\/a>\u00a0&#8211; Abc.es<\/p>\n<p><a href=\"https:\/\/www.google.com\/url?rct=j&amp;sa=t&amp;url=https:\/\/www.eldia.es\/sociedad\/2020\/03\/09\/mujeres\/1058989.html&amp;ct=ga&amp;cd=CAEYACoUMTUzNjgwNjIyMTkzMTM2MjE2MjcyGWMwMzcyZWJjMmZlYWRhNTk6ZXM6ZXM6RVM&amp;usg=AFQjCNEaZHqH1hYkjTAc0RyDRRKaHcoqMA\" data-saferedirecturl=\"https:\/\/www.google.com\/url?q=https:\/\/www.google.com\/url?rct%3Dj%26sa%3Dt%26url%3Dhttps:\/\/www.eldia.es\/sociedad\/2020\/03\/09\/mujeres\/1058989.html%26ct%3Dga%26cd%3DCAEYACoUMTUzNjgwNjIyMTkzMTM2MjE2MjcyGWMwMzcyZWJjMmZlYWRhNTk6ZXM6ZXM6RVM%26usg%3DAFQjCNEaZHqH1hYkjTAc0RyDRRKaHcoqMA&amp;source=gmail&amp;ust=1584009919168000&amp;usg=AFQjCNHXF-26egz7NofMlVyXXjiK4SOGnQ\">Mujeres al poder<\/a>\u00a0&#8211;\u00a0eldia.es<a href=\"https:\/\/www.google.com\/url?rct=j&amp;sa=t&amp;url=https:\/\/www.elespanol.com\/mujer\/al-dia\/20200311\/condena-seguimos-pagando-mismo-iva-tampon-iberico\/473453517_0.html&amp;ct=ga&amp;cd=CAEYASoTMTc5ODI5MTcwNTc4NjE4MDY0NjIZYzAzNzJlYmMyZmVhZGE1OTplczplczpFUw&amp;usg=AFQjCNHWUs3ge11lIAXb0Yjl7GNsGHgE9Q\" data-saferedirecturl=\"https:\/\/www.google.com\/url?q=https:\/\/www.google.com\/url?rct%3Dj%26sa%3Dt%26url%3Dhttps:\/\/www.elespanol.com\/mujer\/al-dia\/20200311\/condena-seguimos-pagando-mismo-iva-tampon-iberico\/473453517_0.html%26ct%3Dga%26cd%3DCAEYASoTMTc5ODI5MTcwNTc4NjE4MDY0NjIZYzAzNzJlYmMyZmVhZGE1OTplczplczpFUw%26usg%3DAFQjCNHWUs3ge11lIAXb0Yjl7GNsGHgE9Q&amp;source=gmail&amp;ust=1584009919168000&amp;usg=AFQjCNGP-AT-7iqo1sIGJKsYgYaFgvetBw\"><br \/>\nLa condena de la &#8216;tasa rosa&#8217;: seguimos pagando el mismo IVA por un tamp\u00f3n que por jam\u00f3n ib\u00e9rico<\/a>&#8211;\u00a0El Espa\u00f1ol<\/p>\n<p><strong>Violencia<\/strong><strong>s<\/strong><\/p>\n<p><a href=\"https:\/\/www.google.com\/url?rct=j&amp;sa=t&amp;url=https:\/\/www.cope.es\/emisoras\/comunidad-valenciana\/valencia-provincia\/valencia\/noticias\/una-mujer-muere-tras-recibir-disparo-cabeza-20200309_640539&amp;ct=ga&amp;cd=CAEYGyoUMTQ1MjE2MDAzNDY5MzM1NDc4OTAyGWMwMzcyZWJjMmZlYWRhNTk6ZXM6ZXM6RVM&amp;usg=AFQjCNHuz_rAMt0igJP6__7Xzh4lMs6GJA\" data-saferedirecturl=\"https:\/\/www.google.com\/url?q=https:\/\/www.google.com\/url?rct%3Dj%26sa%3Dt%26url%3Dhttps:\/\/www.cope.es\/emisoras\/comunidad-valenciana\/valencia-provincia\/valencia\/noticias\/una-mujer-muere-tras-recibir-disparo-cabeza-20200309_640539%26ct%3Dga%26cd%3DCAEYGyoUMTQ1MjE2MDAzNDY5MzM1NDc4OTAyGWMwMzcyZWJjMmZlYWRhNTk6ZXM6ZXM6RVM%26usg%3DAFQjCNHuz_rAMt0igJP6__7Xzh4lMs6GJA&amp;source=gmail&amp;ust=1584009919168000&amp;usg=AFQjCNHV-Z2C86IfxvNa1GnczrD6mwaMCA\">Una mujer muere tras recibir un disparo en la cabeza<\/a>\u00a0&#8211; Cope<\/p>\n<p><strong>Ciencia y Cultura<\/strong><a href=\"https:\/\/www.google.com\/url?rct=j&amp;sa=t&amp;url=https:\/\/elderecho.com\/primer-informe-mujeres-e-innovacion-apuesta-profundizar-estudio-las-desigualdades-atajar-la-brecha-genero&amp;ct=ga&amp;cd=CAEYASoTNjQ4NTk5MTA3Mzk5MzQ0NzUwMjIZMWZhYTM2NGQzZDExMjIxYjplczplczpFUw&amp;usg=AFQjCNGzRM-OvyNiChH8Ngaw_ZQuOEG2SQ\" data-saferedirecturl=\"https:\/\/www.google.com\/url?q=https:\/\/www.google.com\/url?rct%3Dj%26sa%3Dt%26url%3Dhttps:\/\/elderecho.com\/primer-informe-mujeres-e-innovacion-apuesta-profundizar-estudio-las-desigualdades-atajar-la-brecha-genero%26ct%3Dga%26cd%3DCAEYASoTNjQ4NTk5MTA3Mzk5MzQ0NzUwMjIZMWZhYTM2NGQzZDExMjIxYjplczplczpFUw%26usg%3DAFQjCNGzRM-OvyNiChH8Ngaw_ZQuOEG2SQ&amp;source=gmail&amp;ust=1584009919168000&amp;usg=AFQjCNH18srbf8T7q254Rnve2IXnG0-RRA\"><br \/>\nEl primer informe &#8216;Mujeres e Innovaci\u00f3n&#8217; apuesta por profundizar en el estudio de las desigualdades y atajar la brecha de g\u00e9nero &#8230;<\/a>&#8211;\u00a0El Derecho<\/p>\n<p><a href=\"https:\/\/www.google.com\/url?rct=j&amp;sa=t&amp;url=https:\/\/www.heraldo.es\/noticias\/aragon\/2020\/03\/09\/pilar-alegria-csic-dan-visibilidad-trabajo-investigadoras-1362978.html&amp;ct=ga&amp;cd=CAEYASoTMzcyMzMyMzgzNzQ5NTAzNjI1MzIZYzAzNzJlYmMyZmVhZGE1OTplczplczpFUw&amp;usg=AFQjCNHieOhhFTUSA9aBjhmFhYLuMczlxw\" data-saferedirecturl=\"https:\/\/www.google.com\/url?q=https:\/\/www.google.com\/url?rct%3Dj%26sa%3Dt%26url%3Dhttps:\/\/www.heraldo.es\/noticias\/aragon\/2020\/03\/09\/pilar-alegria-csic-dan-visibilidad-trabajo-investigadoras-1362978.html%26ct%3Dga%26cd%3DCAEYASoTMzcyMzMyMzgzNzQ5NTAzNjI1MzIZYzAzNzJlYmMyZmVhZGE1OTplczplczpFUw%26usg%3DAFQjCNHieOhhFTUSA9aBjhmFhYLuMczlxw&amp;source=gmail&amp;ust=1584009919168000&amp;usg=AFQjCNFzwgUT5UU-n8stSMs82zY0Fox2Vw\">Pilar Alegr\u00eda y CSIC dan visibilidad al trabajo de las investigadoras<\/a>\u00a0&#8211; Heraldo.es<\/p>\n<p><a href=\"https:\/\/elpais.com\/ciencia\/2020-03-09\/el-nuevo-caracol-canario-de-un-milimetro-que-homenajea-a-margarita-salas.html\" data-saferedirecturl=\"https:\/\/www.google.com\/url?q=https:\/\/elpais.com\/ciencia\/2020-03-09\/el-nuevo-caracol-canario-de-un-milimetro-que-homenajea-a-margarita-salas.html&amp;source=gmail&amp;ust=1584009919168000&amp;usg=AFQjCNHvwd65wbfXoHZD_Uxp6bJMmviV2A\">El nuevo caracol canario de un mil\u00edmetro que homenajea a Margarita Salas<\/a>\u2013\u00a0El Pa\u00eds<\/p>\n<p><a href=\"https:\/\/www.google.com\/url?rct=j&amp;sa=t&amp;url=https:\/\/okdiario.com\/fiestas\/programacion-del-ellas-crean-2020-madrid-5274908&amp;ct=ga&amp;cd=CAEYAioUMTE0ODMwNzg4MTIzNjY0MzI2NzQyGWMwMzcyZWJjMmZlYWRhNTk6ZXM6ZXM6RVM&amp;usg=AFQjCNEJQP66K1fT_cCUS-765H68AGP6FQ\" data-saferedirecturl=\"https:\/\/www.google.com\/url?q=https:\/\/www.google.com\/url?rct%3Dj%26sa%3Dt%26url%3Dhttps:\/\/okdiario.com\/fiestas\/programacion-del-ellas-crean-2020-madrid-5274908%26ct%3Dga%26cd%3DCAEYAioUMTE0ODMwNzg4MTIzNjY0MzI2NzQyGWMwMzcyZWJjMmZlYWRhNTk6ZXM6ZXM6RVM%26usg%3DAFQjCNEJQP66K1fT_cCUS-765H68AGP6FQ&amp;source=gmail&amp;ust=1584009919168000&amp;usg=AFQjCNHK-9wTed95xObVRiFZWM_9z6CUng\">Programaci\u00f3n del Ellas Crean 2020 en Madrid<\/a>\u00a0&#8211;\u00a0<a href=\"http:\/\/okdiario.com\/\" data-saferedirecturl=\"https:\/\/www.google.com\/url?q=http:\/\/okdiario.com&amp;source=gmail&amp;ust=1584009919168000&amp;usg=AFQjCNHGyYuD0SuudVVGxyegLmkfcXAf0w\">okdiario.com<\/a><a href=\"https:\/\/www.google.com\/url?rct=j&amp;sa=t&amp;url=https:\/\/www.cuencanews.es\/noticia\/71877\/cuenca\/el-instituto-fernando-zobel-acoge-a-mujeres-en-uniforme.html&amp;ct=ga&amp;cd=CAEYAioUMTgwMzY2ODkwNzI4MDgwMzgwNDIyGWMwMzcyZWJjMmZlYWRhNTk6ZXM6ZXM6RVM&amp;usg=AFQjCNHGYNYAmnls2Umdks9N0Gx7l6uj3Q\" data-saferedirecturl=\"https:\/\/www.google.com\/url?q=https:\/\/www.google.com\/url?rct%3Dj%26sa%3Dt%26url%3Dhttps:\/\/www.cuencanews.es\/noticia\/71877\/cuenca\/el-instituto-fernando-zobel-acoge-a-mujeres-en-uniforme.html%26ct%3Dga%26cd%3DCAEYAioUMTgwMzY2ODkwNzI4MDgwMzgwNDIyGWMwMzcyZWJjMmZlYWRhNTk6ZXM6ZXM6RVM%26usg%3DAFQjCNHGYNYAmnls2Umdks9N0Gx7l6uj3Q&amp;source=gmail&amp;ust=1584009919168000&amp;usg=AFQjCNEKx4mLlspJzsrCkVXz8BaFj7InlQ\"><br \/>\nEl\u00a0instituto\u00a0Fernando Z\u00f3bel acoge a \u00abMujeres\u00a0en uniforme\u00bb<\/a>&#8211;\u00a0Cuenca News<\/p>\n<p><a href=\"https:\/\/www.google.com\/url?rct=j&amp;sa=t&amp;url=http:\/\/portalcomunicacion.uah.es\/diario-digital\/actualidad\/presentacion-del-libro-hartas-en-el-instituto-quevedo-de-las-artes.html&amp;ct=ga&amp;cd=CAEYBSoUMTI5MTM3NTMxMTU0NDk1NTExOTQyGWMwMzcyZWJjMmZlYWRhNTk6ZXM6ZXM6RVM&amp;usg=AFQjCNHXIUm2W0sXYksr1JuPYVLGeecG6g\" data-saferedirecturl=\"https:\/\/www.google.com\/url?q=https:\/\/www.google.com\/url?rct%3Dj%26sa%3Dt%26url%3Dhttp:\/\/portalcomunicacion.uah.es\/diario-digital\/actualidad\/presentacion-del-libro-hartas-en-el-instituto-quevedo-de-las-artes.html%26ct%3Dga%26cd%3DCAEYBSoUMTI5MTM3NTMxMTU0NDk1NTExOTQyGWMwMzcyZWJjMmZlYWRhNTk6ZXM6ZXM6RVM%26usg%3DAFQjCNHXIUm2W0sXYksr1JuPYVLGeecG6g&amp;source=gmail&amp;ust=1584009919168000&amp;usg=AFQjCNE3cwY0s1HoKUz8jw0ARzZ1IEvMgA\">Presentaci\u00f3n del libro &#8216;Hartas&#8217; del\u00a0Instituto\u00a0Quevedo de las Artes<\/a>&#8211;\u00a0Diario Digital Universidad de Alcal\u00e1<\/p>\n<p><strong>Deporte<\/strong><\/p>\n<p><a href=\"https:\/\/www.elcorreo.com\/deporte-femenino\/cuatro-diez-espanoles-deporte-femenino-20200309110042-nt.html\" data-saferedirecturl=\"https:\/\/www.google.com\/url?q=https:\/\/www.elcorreo.com\/deporte-femenino\/cuatro-diez-espanoles-deporte-femenino-20200309110042-nt.html&amp;source=gmail&amp;ust=1584009919169000&amp;usg=AFQjCNFq7Kl0TGdD7fq3hN9NyCOYtEuqiA\">Cuatro de cada diez espa\u00f1oles se consideran seguidores del\u00a0deporte femenino\u00a0&#8230;<\/a>&#8211;\u00a0El Correo<\/p>\n<p>[\/toggle]<\/p>\n<p>[toggle type=\u00bbfirst\u00bb title=\u00bbInternacional\u00bb]<\/p>\n<p><a href=\"https:\/\/www.eldiariodelarepublica.com\/nota\/2020-3-9-11-45-0-economia-feminista-la-invisibilizacion-del-trabajo-domestico-que-empobrece\">Econom\u00eda\u00a0feminista: la invisibilizaci\u00f3n del trabajo dom\u00e9stico&#8230;<\/a>&#8211;\u00a0Diario de la Rep\u00fablica<\/p>\n<p><a href=\"https:\/\/www.google.com\/url?rct=j&amp;sa=t&amp;url=https:\/\/tipsfemeninos.com\/tips-femeninos-mayor-presencia-de-las-mujeres-en-puestos-directivos-el-reto-del-sector-de-telecomunicaciones-catalina-ovando\/&amp;ct=ga&amp;cd=CAEYAioTNzQxNjQwMjQzNzI0NzE2NTgwNDIZZTFlNzdkMTU2MDk4YThlMzplczplczpFUw&amp;usg=AFQjCNG87mpsbxSCUKNvADqVXTrqBwOVrA\" data-saferedirecturl=\"https:\/\/www.google.com\/url?q=https:\/\/www.google.com\/url?rct%3Dj%26sa%3Dt%26url%3Dhttps:\/\/tipsfemeninos.com\/tips-femeninos-mayor-presencia-de-las-mujeres-en-puestos-directivos-el-reto-del-sector-de-telecomunicaciones-catalina-ovando\/%26ct%3Dga%26cd%3DCAEYAioTNzQxNjQwMjQzNzI0NzE2NTgwNDIZZTFlNzdkMTU2MDk4YThlMzplczplczpFUw%26usg%3DAFQjCNG87mpsbxSCUKNvADqVXTrqBwOVrA&amp;source=gmail&amp;ust=1584009919169000&amp;usg=AFQjCNF3oIhZ2tBODoQtaEkKBdtvdNQ1OQ\">Tips Femeninos | Mayor presencia de las mujeres en puestos directivos, el reto del sector de telecomunicaciones &#8230;<\/a>\u00a0&#8211; TipsFemeninos<\/p>\n<p><a href=\"https:\/\/www.google.com\/url?rct=j&amp;sa=t&amp;url=https:\/\/cnnespanol.cnn.com\/2020\/03\/09\/cancion-sin-miedo-el-himno-feminista-mexicano-contra-los-feminicidios-que-retumbo-en-el-zocalo-y-en-la-marcha\/&amp;ct=ga&amp;cd=CAEYACoUMTgwMzY2ODkwNzI4MDgwMzgwNDIyGWMwMzcyZWJjMmZlYWRhNTk6ZXM6ZXM6RVM&amp;usg=AFQjCNHSyhdCChTvyyeBszH-9eP7s-ZSpg\" data-saferedirecturl=\"https:\/\/www.google.com\/url?q=https:\/\/www.google.com\/url?rct%3Dj%26sa%3Dt%26url%3Dhttps:\/\/cnnespanol.cnn.com\/2020\/03\/09\/cancion-sin-miedo-el-himno-feminista-mexicano-contra-los-feminicidios-que-retumbo-en-el-zocalo-y-en-la-marcha\/%26ct%3Dga%26cd%3DCAEYACoUMTgwMzY2ODkwNzI4MDgwMzgwNDIyGWMwMzcyZWJjMmZlYWRhNTk6ZXM6ZXM6RVM%26usg%3DAFQjCNHSyhdCChTvyyeBszH-9eP7s-ZSpg&amp;source=gmail&amp;ust=1584009919169000&amp;usg=AFQjCNHVvnWl5iKGqms-Fg0nuW7lzr49jA\">\u201cCanci\u00f3n sin miedo\u201d, el himno feminista mexicano contra los feminicidios que retumb\u00f3 en el &#8230;<\/a>&#8211;\u00a0CNN M\u00e9xico.com<a href=\"https:\/\/www.google.com\/url?rct=j&amp;sa=t&amp;url=https:\/\/www.lavanguardia.com\/tecnologia\/20200310\/474081693837\/las-agresiones-sexuales-en-el-mundo-virtual-no-se-denuncian-en-marruecos.html&amp;ct=ga&amp;cd=CAEYACoUMTYyNTM2OTQ0NjI2OTQ4MTIwMDQyGWUxZTc3ZDE1NjA5OGE4ZTM6ZXM6ZXM6RVM&amp;usg=AFQjCNHtRcbpzAmnuF-Emp88IoHWXOSMnw\" data-saferedirecturl=\"https:\/\/www.google.com\/url?q=https:\/\/www.google.com\/url?rct%3Dj%26sa%3Dt%26url%3Dhttps:\/\/www.lavanguardia.com\/tecnologia\/20200310\/474081693837\/las-agresiones-sexuales-en-el-mundo-virtual-no-se-denuncian-en-marruecos.html%26ct%3Dga%26cd%3DCAEYACoUMTYyNTM2OTQ0NjI2OTQ4MTIwMDQyGWUxZTc3ZDE1NjA5OGE4ZTM6ZXM6ZXM6RVM%26usg%3DAFQjCNHtRcbpzAmnuF-Emp88IoHWXOSMnw&amp;source=gmail&amp;ust=1584009919169000&amp;usg=AFQjCNElfQiA4lMrD-AQZRba92LXhpeaEQ\"><br \/>\nLas agresiones sexuales en el mundo virtual no se denuncian en Marruecos<\/a>&#8211;\u00a0La Vanguardia<\/p>\n<p><a href=\"https:\/\/www.google.com\/url?rct=j&amp;sa=t&amp;url=https:\/\/www.eleconomista.net\/tendencias\/Laura-Bassi-la-primera-cientifica-profesional-de-la-historia-y-el-paraiso-de-las-mujeres-en-el-que-vivio-20200309-0028.html&amp;ct=ga&amp;cd=CAEYAioUMTI1NzE2MTQ3ODg5NzgzNzAwNjAyGWMwMzcyZWJjMmZlYWRhNTk6ZXM6ZXM6RVM&amp;usg=AFQjCNHpdzol64QCGEq4IDIzNjjckt2_0w\" data-saferedirecturl=\"https:\/\/www.google.com\/url?q=https:\/\/www.google.com\/url?rct%3Dj%26sa%3Dt%26url%3Dhttps:\/\/www.eleconomista.net\/tendencias\/Laura-Bassi-la-primera-cientifica-profesional-de-la-historia-y-el-paraiso-de-las-mujeres-en-el-que-vivio-20200309-0028.html%26ct%3Dga%26cd%3DCAEYAioUMTI1NzE2MTQ3ODg5NzgzNzAwNjAyGWMwMzcyZWJjMmZlYWRhNTk6ZXM6ZXM6RVM%26usg%3DAFQjCNHpdzol64QCGEq4IDIzNjjckt2_0w&amp;source=gmail&amp;ust=1584009919169000&amp;usg=AFQjCNHUAr1kDzkp52YMcgxayeVdmH4XOQ\">Laura Bassi, la primera cient\u00edfica profesional de la historia y el \u00abpara\u00edso de las\u00a0mujeres\u00bb en\u00a0el que &#8230;<\/a>&#8211;\u00a0El Economista<a href=\"https:\/\/www.google.com\/url?rct=j&amp;sa=t&amp;url=http:\/\/www.noticiasurbanas.com.ar\/noticias\/llego-i-map-el-primer-mapa-de-genero-inteligente-disponible-en-la-argentina\/&amp;ct=ga&amp;cd=CAEYAioUMTYyNTM2OTQ0NjI2OTQ4MTIwMDQyGWUxZTc3ZDE1NjA5OGE4ZTM6ZXM6ZXM6RVM&amp;usg=AFQjCNF1qJcqkkXmXbXhnAol83A95LgNtg\" data-saferedirecturl=\"https:\/\/www.google.com\/url?q=https:\/\/www.google.com\/url?rct%3Dj%26sa%3Dt%26url%3Dhttp:\/\/www.noticiasurbanas.com.ar\/noticias\/llego-i-map-el-primer-mapa-de-genero-inteligente-disponible-en-la-argentina\/%26ct%3Dga%26cd%3DCAEYAioUMTYyNTM2OTQ0NjI2OTQ4MTIwMDQyGWUxZTc3ZDE1NjA5OGE4ZTM6ZXM6ZXM6RVM%26usg%3DAFQjCNF1qJcqkkXmXbXhnAol83A95LgNtg&amp;source=gmail&amp;ust=1584009919169000&amp;usg=AFQjCNH-OCtcJ6n7SYYDOlcx6vSupDBOoQ\"><em><br \/>\n<\/em>Lleg\u00f3 i-MAP: el primer mapa de\u00a0g\u00e9nero\u00a0inteligente disponible en la Argentina<\/a>&#8211;\u00a0Noticias Urbanas<\/p>\n<p>[\/toggle]<\/p>\n<\/div>\n<\/div>\n<\/div>\n<\/div>\n<\/div>\n<\/div>\n","protected":false},"excerpt":{"rendered":"<p>El Coronavirus evidencia la carga sobre la mujer de los <a href=\"https:\/\/cklcomunicaciones.es\/coop\/noticias-info-ckl-no-2-429-11-03-20\/\">[&#8230;]<\/a><\/p>\n","protected":false},"author":3,"featured_media":0,"comment_status":"closed","ping_status":"closed","sticky":false,"template":"","format":"standard","meta":{"footnotes":""},"categories":[298,623],"tags":[103,213,219],"class_list":["post-14859","post","type-post","status-publish","format-standard","hentry","category-newsletter","category-nwl-2-0","tag-ckl","tag-comunicacion-inclusiva","tag-perspectiva-de-genero"],"yoast_head":"<!-- This site is optimized with the Yoast SEO plugin v27.5 - https:\/\/yoast.com\/product\/yoast-seo-wordpress\/ -->\n<title>Noticias Info CKL n\u00ba 2.429-11\/03\/20-Comunicar con perspectiva de g\u00e9nero<\/title>\n<meta name=\"description\" content=\"Comunicar con perspectiva de g\u00e9nero: El Coronavirus evidencia la carga sobre la mujer de los cuidados familiares-Finanzas: Las mujeres tardan tres a\u00f1os m\u00e1s que los hombres en acceder a los puestos directivos-Mujeres con menor pensi\u00f3n y para m\u00e1s a\u00f1os\" \/>\n<meta name=\"robots\" content=\"index, follow, max-snippet:-1, max-image-preview:large, max-video-preview:-1\" \/>\n<link rel=\"canonical\" href=\"https:\/\/cklcomunicaciones.es\/coop\/noticias-info-ckl-no-2-429-11-03-20\/\" \/>\n<meta property=\"og:locale\" content=\"es_ES\" \/>\n<meta property=\"og:type\" content=\"article\" \/>\n<meta property=\"og:title\" content=\"Noticias Info CKL n\u00ba 2.429-11\/03\/20-Comunicar con perspectiva de g\u00e9nero\" \/>\n<meta property=\"og:description\" content=\"Comunicar con perspectiva de g\u00e9nero: El Coronavirus evidencia la carga sobre la mujer de los cuidados familiares-Finanzas: Las mujeres tardan tres a\u00f1os m\u00e1s que los hombres en acceder a los puestos directivos-Mujeres con menor pensi\u00f3n y para m\u00e1s a\u00f1os\" \/>\n<meta property=\"og:url\" content=\"https:\/\/cklcomunicaciones.es\/coop\/noticias-info-ckl-no-2-429-11-03-20\/\" \/>\n<meta property=\"og:site_name\" content=\"CKL Comunicaciones\" \/>\n<meta property=\"article:published_time\" content=\"2020-03-11T10:55:12+00:00\" \/>\n<meta property=\"article:modified_time\" content=\"2025-01-17T15:42:53+00:00\" \/>\n<meta property=\"og:image\" content=\"https:\/\/cklcomunicaciones.es\/coop\/wp-content\/uploads\/2018\/03\/CKL_comunicacion-con-perspetiva-de-genero.jpg\" \/>\n\t<meta property=\"og:image:width\" content=\"500\" \/>\n\t<meta property=\"og:image:height\" content=\"500\" \/>\n\t<meta property=\"og:image:type\" content=\"image\/jpeg\" \/>\n<meta name=\"author\" content=\"ckl\" \/>\n<meta name=\"twitter:card\" content=\"summary_large_image\" \/>\n<meta name=\"twitter:label1\" content=\"Escrito por\" \/>\n\t<meta name=\"twitter:data1\" content=\"ckl\" \/>\n\t<meta name=\"twitter:label2\" content=\"Tiempo de lectura\" \/>\n\t<meta name=\"twitter:data2\" content=\"5 minutos\" \/>\n<script type=\"application\/ld+json\" class=\"yoast-schema-graph\">{\"@context\":\"https:\\\/\\\/schema.org\",\"@graph\":[{\"@type\":\"Article\",\"@id\":\"https:\\\/\\\/cklcomunicaciones.es\\\/coop\\\/noticias-info-ckl-no-2-429-11-03-20\\\/#article\",\"isPartOf\":{\"@id\":\"https:\\\/\\\/cklcomunicaciones.es\\\/coop\\\/noticias-info-ckl-no-2-429-11-03-20\\\/\"},\"author\":{\"name\":\"ckl\",\"@id\":\"https:\\\/\\\/cklcomunicaciones.es\\\/coop\\\/#\\\/schema\\\/person\\\/929a6837f7626450bbb50cee1aef266e\"},\"headline\":\"Noticias Info CKL n\u00ba 2.429-11\\\/03\\\/20\",\"datePublished\":\"2020-03-11T10:55:12+00:00\",\"dateModified\":\"2025-01-17T15:42:53+00:00\",\"mainEntityOfPage\":{\"@id\":\"https:\\\/\\\/cklcomunicaciones.es\\\/coop\\\/noticias-info-ckl-no-2-429-11-03-20\\\/\"},\"wordCount\":994,\"image\":{\"@id\":\"https:\\\/\\\/cklcomunicaciones.es\\\/coop\\\/noticias-info-ckl-no-2-429-11-03-20\\\/#primaryimage\"},\"thumbnailUrl\":\"http:\\\/\\\/www.cklcomunicaciones.es\\\/wp-content\\\/uploads\\\/2018\\\/03\\\/CKL_comunicacion-con-perspetiva-de-genero-300x300.jpg\",\"keywords\":[\"CKL\",\"comunicaci\u00f3n inclusiva\",\"perspectiva de g\u00e9nero\"],\"articleSection\":[\"Newsletter\",\"Nwl v2.0\"],\"inLanguage\":\"es\"},{\"@type\":\"WebPage\",\"@id\":\"https:\\\/\\\/cklcomunicaciones.es\\\/coop\\\/noticias-info-ckl-no-2-429-11-03-20\\\/\",\"url\":\"https:\\\/\\\/cklcomunicaciones.es\\\/coop\\\/noticias-info-ckl-no-2-429-11-03-20\\\/\",\"name\":\"Noticias Info CKL n\u00ba 2.429-11\\\/03\\\/20-Comunicar con perspectiva de g\u00e9nero\",\"isPartOf\":{\"@id\":\"https:\\\/\\\/cklcomunicaciones.es\\\/coop\\\/#website\"},\"primaryImageOfPage\":{\"@id\":\"https:\\\/\\\/cklcomunicaciones.es\\\/coop\\\/noticias-info-ckl-no-2-429-11-03-20\\\/#primaryimage\"},\"image\":{\"@id\":\"https:\\\/\\\/cklcomunicaciones.es\\\/coop\\\/noticias-info-ckl-no-2-429-11-03-20\\\/#primaryimage\"},\"thumbnailUrl\":\"http:\\\/\\\/www.cklcomunicaciones.es\\\/wp-content\\\/uploads\\\/2018\\\/03\\\/CKL_comunicacion-con-perspetiva-de-genero-300x300.jpg\",\"datePublished\":\"2020-03-11T10:55:12+00:00\",\"dateModified\":\"2025-01-17T15:42:53+00:00\",\"author\":{\"@id\":\"https:\\\/\\\/cklcomunicaciones.es\\\/coop\\\/#\\\/schema\\\/person\\\/929a6837f7626450bbb50cee1aef266e\"},\"description\":\"Comunicar con perspectiva de g\u00e9nero: El Coronavirus evidencia la carga sobre la mujer de los cuidados familiares-Finanzas: Las mujeres tardan tres a\u00f1os m\u00e1s que los hombres en acceder a los puestos directivos-Mujeres con menor pensi\u00f3n y para m\u00e1s a\u00f1os\",\"breadcrumb\":{\"@id\":\"https:\\\/\\\/cklcomunicaciones.es\\\/coop\\\/noticias-info-ckl-no-2-429-11-03-20\\\/#breadcrumb\"},\"inLanguage\":\"es\",\"potentialAction\":[{\"@type\":\"ReadAction\",\"target\":[\"https:\\\/\\\/cklcomunicaciones.es\\\/coop\\\/noticias-info-ckl-no-2-429-11-03-20\\\/\"]}]},{\"@type\":\"ImageObject\",\"inLanguage\":\"es\",\"@id\":\"https:\\\/\\\/cklcomunicaciones.es\\\/coop\\\/noticias-info-ckl-no-2-429-11-03-20\\\/#primaryimage\",\"url\":\"http:\\\/\\\/www.cklcomunicaciones.es\\\/wp-content\\\/uploads\\\/2018\\\/03\\\/CKL_comunicacion-con-perspetiva-de-genero-300x300.jpg\",\"contentUrl\":\"http:\\\/\\\/www.cklcomunicaciones.es\\\/wp-content\\\/uploads\\\/2018\\\/03\\\/CKL_comunicacion-con-perspetiva-de-genero-300x300.jpg\"},{\"@type\":\"BreadcrumbList\",\"@id\":\"https:\\\/\\\/cklcomunicaciones.es\\\/coop\\\/noticias-info-ckl-no-2-429-11-03-20\\\/#breadcrumb\",\"itemListElement\":[{\"@type\":\"ListItem\",\"position\":1,\"name\":\"Portada\",\"item\":\"https:\\\/\\\/cklcomunicaciones.es\\\/coop\\\/\"},{\"@type\":\"ListItem\",\"position\":2,\"name\":\"Noticias Info CKL n\u00ba 2.429-11\\\/03\\\/20\"}]},{\"@type\":\"WebSite\",\"@id\":\"https:\\\/\\\/cklcomunicaciones.es\\\/coop\\\/#website\",\"url\":\"https:\\\/\\\/cklcomunicaciones.es\\\/coop\\\/\",\"name\":\"CKL Comunicaciones\",\"description\":\"Sitio web de CKL Comunicaciones coop , la consultora de comunicaci\u00f3n y estrategia\",\"potentialAction\":[{\"@type\":\"SearchAction\",\"target\":{\"@type\":\"EntryPoint\",\"urlTemplate\":\"https:\\\/\\\/cklcomunicaciones.es\\\/coop\\\/?s={search_term_string}\"},\"query-input\":{\"@type\":\"PropertyValueSpecification\",\"valueRequired\":true,\"valueName\":\"search_term_string\"}}],\"inLanguage\":\"es\"},{\"@type\":\"Person\",\"@id\":\"https:\\\/\\\/cklcomunicaciones.es\\\/coop\\\/#\\\/schema\\\/person\\\/929a6837f7626450bbb50cee1aef266e\",\"name\":\"ckl\",\"image\":{\"@type\":\"ImageObject\",\"inLanguage\":\"es\",\"@id\":\"https:\\\/\\\/secure.gravatar.com\\\/avatar\\\/c82db564e8a669bf6023357a157b9dc4780f4d4c618f2ad1d71a6a5dede45057?s=96&d=mm&r=g\",\"url\":\"https:\\\/\\\/secure.gravatar.com\\\/avatar\\\/c82db564e8a669bf6023357a157b9dc4780f4d4c618f2ad1d71a6a5dede45057?s=96&d=mm&r=g\",\"contentUrl\":\"https:\\\/\\\/secure.gravatar.com\\\/avatar\\\/c82db564e8a669bf6023357a157b9dc4780f4d4c618f2ad1d71a6a5dede45057?s=96&d=mm&r=g\",\"caption\":\"ckl\"},\"url\":\"https:\\\/\\\/cklcomunicaciones.es\\\/coop\\\/author\\\/cklcomunicaciones\\\/\"}]}<\/script>\n<!-- \/ Yoast SEO plugin. -->","yoast_head_json":{"title":"Noticias Info CKL n\u00ba 2.429-11\/03\/20-Comunicar con perspectiva de g\u00e9nero","description":"Comunicar con perspectiva de g\u00e9nero: El Coronavirus evidencia la carga sobre la mujer de los cuidados familiares-Finanzas: Las mujeres tardan tres a\u00f1os m\u00e1s que los hombres en acceder a los puestos directivos-Mujeres con menor pensi\u00f3n y para m\u00e1s a\u00f1os","robots":{"index":"index","follow":"follow","max-snippet":"max-snippet:-1","max-image-preview":"max-image-preview:large","max-video-preview":"max-video-preview:-1"},"canonical":"https:\/\/cklcomunicaciones.es\/coop\/noticias-info-ckl-no-2-429-11-03-20\/","og_locale":"es_ES","og_type":"article","og_title":"Noticias Info CKL n\u00ba 2.429-11\/03\/20-Comunicar con perspectiva de g\u00e9nero","og_description":"Comunicar con perspectiva de g\u00e9nero: El Coronavirus evidencia la carga sobre la mujer de los cuidados familiares-Finanzas: Las mujeres tardan tres a\u00f1os m\u00e1s que los hombres en acceder a los puestos directivos-Mujeres con menor pensi\u00f3n y para m\u00e1s a\u00f1os","og_url":"https:\/\/cklcomunicaciones.es\/coop\/noticias-info-ckl-no-2-429-11-03-20\/","og_site_name":"CKL Comunicaciones","article_published_time":"2020-03-11T10:55:12+00:00","article_modified_time":"2025-01-17T15:42:53+00:00","og_image":[{"width":500,"height":500,"url":"https:\/\/cklcomunicaciones.es\/coop\/wp-content\/uploads\/2018\/03\/CKL_comunicacion-con-perspetiva-de-genero.jpg","type":"image\/jpeg"}],"author":"ckl","twitter_card":"summary_large_image","twitter_misc":{"Escrito por":"ckl","Tiempo de lectura":"5 minutos"},"schema":{"@context":"https:\/\/schema.org","@graph":[{"@type":"Article","@id":"https:\/\/cklcomunicaciones.es\/coop\/noticias-info-ckl-no-2-429-11-03-20\/#article","isPartOf":{"@id":"https:\/\/cklcomunicaciones.es\/coop\/noticias-info-ckl-no-2-429-11-03-20\/"},"author":{"name":"ckl","@id":"https:\/\/cklcomunicaciones.es\/coop\/#\/schema\/person\/929a6837f7626450bbb50cee1aef266e"},"headline":"Noticias Info CKL n\u00ba 2.429-11\/03\/20","datePublished":"2020-03-11T10:55:12+00:00","dateModified":"2025-01-17T15:42:53+00:00","mainEntityOfPage":{"@id":"https:\/\/cklcomunicaciones.es\/coop\/noticias-info-ckl-no-2-429-11-03-20\/"},"wordCount":994,"image":{"@id":"https:\/\/cklcomunicaciones.es\/coop\/noticias-info-ckl-no-2-429-11-03-20\/#primaryimage"},"thumbnailUrl":"http:\/\/www.cklcomunicaciones.es\/wp-content\/uploads\/2018\/03\/CKL_comunicacion-con-perspetiva-de-genero-300x300.jpg","keywords":["CKL","comunicaci\u00f3n inclusiva","perspectiva de g\u00e9nero"],"articleSection":["Newsletter","Nwl v2.0"],"inLanguage":"es"},{"@type":"WebPage","@id":"https:\/\/cklcomunicaciones.es\/coop\/noticias-info-ckl-no-2-429-11-03-20\/","url":"https:\/\/cklcomunicaciones.es\/coop\/noticias-info-ckl-no-2-429-11-03-20\/","name":"Noticias Info CKL n\u00ba 2.429-11\/03\/20-Comunicar con perspectiva de g\u00e9nero","isPartOf":{"@id":"https:\/\/cklcomunicaciones.es\/coop\/#website"},"primaryImageOfPage":{"@id":"https:\/\/cklcomunicaciones.es\/coop\/noticias-info-ckl-no-2-429-11-03-20\/#primaryimage"},"image":{"@id":"https:\/\/cklcomunicaciones.es\/coop\/noticias-info-ckl-no-2-429-11-03-20\/#primaryimage"},"thumbnailUrl":"http:\/\/www.cklcomunicaciones.es\/wp-content\/uploads\/2018\/03\/CKL_comunicacion-con-perspetiva-de-genero-300x300.jpg","datePublished":"2020-03-11T10:55:12+00:00","dateModified":"2025-01-17T15:42:53+00:00","author":{"@id":"https:\/\/cklcomunicaciones.es\/coop\/#\/schema\/person\/929a6837f7626450bbb50cee1aef266e"},"description":"Comunicar con perspectiva de g\u00e9nero: El Coronavirus evidencia la carga sobre la mujer de los cuidados familiares-Finanzas: Las mujeres tardan tres a\u00f1os m\u00e1s que los hombres en acceder a los puestos directivos-Mujeres con menor pensi\u00f3n y para m\u00e1s a\u00f1os","breadcrumb":{"@id":"https:\/\/cklcomunicaciones.es\/coop\/noticias-info-ckl-no-2-429-11-03-20\/#breadcrumb"},"inLanguage":"es","potentialAction":[{"@type":"ReadAction","target":["https:\/\/cklcomunicaciones.es\/coop\/noticias-info-ckl-no-2-429-11-03-20\/"]}]},{"@type":"ImageObject","inLanguage":"es","@id":"https:\/\/cklcomunicaciones.es\/coop\/noticias-info-ckl-no-2-429-11-03-20\/#primaryimage","url":"http:\/\/www.cklcomunicaciones.es\/wp-content\/uploads\/2018\/03\/CKL_comunicacion-con-perspetiva-de-genero-300x300.jpg","contentUrl":"http:\/\/www.cklcomunicaciones.es\/wp-content\/uploads\/2018\/03\/CKL_comunicacion-con-perspetiva-de-genero-300x300.jpg"},{"@type":"BreadcrumbList","@id":"https:\/\/cklcomunicaciones.es\/coop\/noticias-info-ckl-no-2-429-11-03-20\/#breadcrumb","itemListElement":[{"@type":"ListItem","position":1,"name":"Portada","item":"https:\/\/cklcomunicaciones.es\/coop\/"},{"@type":"ListItem","position":2,"name":"Noticias Info CKL n\u00ba 2.429-11\/03\/20"}]},{"@type":"WebSite","@id":"https:\/\/cklcomunicaciones.es\/coop\/#website","url":"https:\/\/cklcomunicaciones.es\/coop\/","name":"CKL Comunicaciones","description":"Sitio web de CKL Comunicaciones coop , la consultora de comunicaci\u00f3n y estrategia","potentialAction":[{"@type":"SearchAction","target":{"@type":"EntryPoint","urlTemplate":"https:\/\/cklcomunicaciones.es\/coop\/?s={search_term_string}"},"query-input":{"@type":"PropertyValueSpecification","valueRequired":true,"valueName":"search_term_string"}}],"inLanguage":"es"},{"@type":"Person","@id":"https:\/\/cklcomunicaciones.es\/coop\/#\/schema\/person\/929a6837f7626450bbb50cee1aef266e","name":"ckl","image":{"@type":"ImageObject","inLanguage":"es","@id":"https:\/\/secure.gravatar.com\/avatar\/c82db564e8a669bf6023357a157b9dc4780f4d4c618f2ad1d71a6a5dede45057?s=96&d=mm&r=g","url":"https:\/\/secure.gravatar.com\/avatar\/c82db564e8a669bf6023357a157b9dc4780f4d4c618f2ad1d71a6a5dede45057?s=96&d=mm&r=g","contentUrl":"https:\/\/secure.gravatar.com\/avatar\/c82db564e8a669bf6023357a157b9dc4780f4d4c618f2ad1d71a6a5dede45057?s=96&d=mm&r=g","caption":"ckl"},"url":"https:\/\/cklcomunicaciones.es\/coop\/author\/cklcomunicaciones\/"}]}},"_links":{"self":[{"href":"https:\/\/cklcomunicaciones.es\/coop\/wp-json\/wp\/v2\/posts\/14859","targetHints":{"allow":["GET"]}}],"collection":[{"href":"https:\/\/cklcomunicaciones.es\/coop\/wp-json\/wp\/v2\/posts"}],"about":[{"href":"https:\/\/cklcomunicaciones.es\/coop\/wp-json\/wp\/v2\/types\/post"}],"author":[{"embeddable":true,"href":"https:\/\/cklcomunicaciones.es\/coop\/wp-json\/wp\/v2\/users\/3"}],"replies":[{"embeddable":true,"href":"https:\/\/cklcomunicaciones.es\/coop\/wp-json\/wp\/v2\/comments?post=14859"}],"version-history":[{"count":0,"href":"https:\/\/cklcomunicaciones.es\/coop\/wp-json\/wp\/v2\/posts\/14859\/revisions"}],"wp:attachment":[{"href":"https:\/\/cklcomunicaciones.es\/coop\/wp-json\/wp\/v2\/media?parent=14859"}],"wp:term":[{"taxonomy":"category","embeddable":true,"href":"https:\/\/cklcomunicaciones.es\/coop\/wp-json\/wp\/v2\/categories?post=14859"},{"taxonomy":"post_tag","embeddable":true,"href":"https:\/\/cklcomunicaciones.es\/coop\/wp-json\/wp\/v2\/tags?post=14859"}],"curies":[{"name":"wp","href":"https:\/\/api.w.org\/{rel}","templated":true}]}}