{"id":14857,"date":"2020-03-09T13:29:28","date_gmt":"2020-03-09T12:29:28","guid":{"rendered":"http:\/\/www.cklcomunicaciones.es\/?p=14857"},"modified":"2025-01-17T16:42:53","modified_gmt":"2025-01-17T15:42:53","slug":"noticias-info-ckl-no-2-428-09-03-20","status":"publish","type":"post","link":"https:\/\/cklcomunicaciones.es\/coop\/noticias-info-ckl-no-2-428-09-03-20\/","title":{"rendered":"Noticias Info CKL n\u00ba 2.428-09\/03\/20"},"content":{"rendered":"<div id=\"pl-14857\"  class=\"panel-layout\" >\n<div id=\"pg-14857-0\"  class=\"panel-grid panel-no-style\"  data-style=\"{&quot;background_image_attachment&quot;:false,&quot;background_display&quot;:&quot;tile&quot;,&quot;cell_alignment&quot;:&quot;flex-start&quot;}\" >\n<div id=\"pgc-14857-0-0\"  class=\"panel-grid-cell\"  data-weight=\"1\" >\n<div id=\"panel-14857-0-0-0\" class=\"so-panel widget widget_sow-editor panel-first-child panel-last-child\" data-index=\"0\" data-style=\"{&quot;background_image_attachment&quot;:false,&quot;background_display&quot;:&quot;tile&quot;}\" >\n<div class=\"so-widget-sow-editor so-widget-sow-editor-base\">\n<div class=\"siteorigin-widget-tinymce textwidget\">\n<p><img decoding=\"async\" class=\"lazyload  wp-image-13726\" src=\"http:\/\/www.cklcomunicaciones.es\/wp-content\/uploads\/2018\/03\/CKL_comunicacion-con-perspetiva-de-genero-300x300.jpg\" data-orig-src=\"http:\/\/www.cklcomunicaciones.es\/wp-content\/uploads\/2018\/03\/CKL_comunicacion-con-perspetiva-de-genero-300x300.jpg\" alt=\"CKL_comunicacion con perspetiva de genero\" width=\"132\" height=\"132\" srcset=\"data:image\/svg+xml,%3Csvg%20xmlns%3D%27http%3A%2F%2Fwww.w3.org%2F2000%2Fsvg%27%20width%3D%27132%27%20height%3D%27132%27%20viewBox%3D%270%200%20132%20132%27%3E%3Crect%20width%3D%27132%27%20height%3D%27132%27%20fill-opacity%3D%220%22%2F%3E%3C%2Fsvg%3E\" data-srcset=\"https:\/\/cklcomunicaciones.es\/coop\/wp-content\/uploads\/2018\/03\/CKL_comunicacion-con-perspetiva-de-genero-150x150.jpg 150w, https:\/\/cklcomunicaciones.es\/coop\/wp-content\/uploads\/2018\/03\/CKL_comunicacion-con-perspetiva-de-genero-300x300.jpg 300w, https:\/\/cklcomunicaciones.es\/coop\/wp-content\/uploads\/2018\/03\/CKL_comunicacion-con-perspetiva-de-genero-450x450.jpg 450w, https:\/\/cklcomunicaciones.es\/coop\/wp-content\/uploads\/2018\/03\/CKL_comunicacion-con-perspetiva-de-genero.jpg 500w\" data-sizes=\"auto\" data-orig-sizes=\"(max-width: 132px) 100vw, 132px\" \/><\/p>\n<p id=\":2qy\" class=\"hP\" tabindex=\"-1\" data-thread-perm-id=\"thread-f:1660689173653154547\" data-legacy-thread-id=\"170bf40135eeeaf3\"><strong>Espa\u00f1a avanza en igualdad y asciende dos puestos en Europa-La mujer al frente de la moda: el 60% de las empresas son de ellas-#DondeEstanEll<wbr><\/wbr>as alcanzan la paridad en los debates de 2019-&#8216;Ellas Crean\u00bb de musas a creadoras<\/strong><\/p>\n<p>[toggle type=\u00bbfirst\u00bb title=\u00bbComunicaci\u00f3n\u00bb]<\/p>\n<p><em><u><a href=\"https:\/\/www.google.com\/url?rct=j&amp;sa=t&amp;url=https:\/\/www.cordobabn.com\/content\/print\/publicidad-juguetes-juegos-estara-libre-mensajes-sexistas-discriminatorios\/2020030510223338888&amp;ct=ga&amp;cd=CAEYACoTOTA2MzY5MjUxMjcyMjUyNTk0MzIZMWRjNWJlY2M3MDZlY2Y4YjplczplczpFUw&amp;usg=AFQjCNHCX2MhfyfVrklEjiMIxUIT-Gnk6Q\">L<\/a><\/u><\/em><u><a href=\"https:\/\/www.google.com\/url?rct=j&amp;sa=t&amp;url=https:\/\/www.cordobabn.com\/content\/print\/publicidad-juguetes-juegos-estara-libre-mensajes-sexistas-discriminatorios\/2020030510223338888&amp;ct=ga&amp;cd=CAEYACoTOTA2MzY5MjUxMjcyMjUyNTk0MzIZMWRjNWJlY2M3MDZlY2Y4YjplczplczpFUw&amp;usg=AFQjCNHCX2MhfyfVrklEjiMIxUIT-Gnk6Q\">a publicidad de juguetes y juegos estar\u00e1 libre de mensajes sexistas y discriminatori<\/a><\/u><em><u><a href=\"https:\/\/www.google.com\/url?rct=j&amp;sa=t&amp;url=https:\/\/www.cordobabn.com\/content\/print\/publicidad-juguetes-juegos-estara-libre-mensajes-sexistas-discriminatorios\/2020030510223338888&amp;ct=ga&amp;cd=CAEYACoTOTA2MzY5MjUxMjcyMjUyNTk0MzIZMWRjNWJlY2M3MDZlY2Y4YjplczplczpFUw&amp;usg=AFQjCNHCX2MhfyfVrklEjiMIxUIT-Gnk6Q\">os <\/a><\/u><\/em>&#8211; C\u00f3rdoba Buenas Noticias<\/p>\n<p><a href=\"https:\/\/www.google.com\/url?rct=j&amp;sa=t&amp;url=https:\/\/www.ecartelera.com\/noticias\/8m-skam-espana-serie-merecen-adolescentes-2020-60115\/&amp;ct=ga&amp;cd=CAEYFioUMTYwMDI5NDkxMzA3MjIxMDg3NjcyGWUyZGVmYTdkNWRhOTE1N2Q6ZXM6ZXM6RVM&amp;usg=AFQjCNEYSTbxWJVnZp2NO_vglUzOZM3q0g\">Especial 8M: &#8216;Skam&#8217;, la serie que merecen las adolescentes de 2020 <\/a>&#8211; eCartelera<\/p>\n<p><a href=\"https:\/\/www.revistalugardeencuentro.com\/wp\/2020\/03\/04\/nace-el-i-foro-mujer-y-comunicacion-para-la-reflexion-sobre-la-imagen-publica-de-la-mujer\/\">Nace el I Foro Mujer y Comunicaci\u00f3n para la reflexi\u00f3n sobre &#8230;<\/a>&#8211; Revista Lugar Encuentro<\/p>\n<p><a href=\"https:\/\/www.revistamercados.com\/hay-pocas-mujeres-de-comunicacion-en-puestos-directivos\/\">Mabel Salina, directora de comunicaci\u00f3n Grupo Caparr\u00f3s: \u201cHay pocas mujeres de comunicaci\u00f3n en puestos directivos\u201d<\/a>&#8211; Revista Mercados<\/p>\n<p>[\/toggle]<\/p>\n<p>[toggle type=\u00bbfirst\u00bb title=\u00bbAndaluc\u00eda\u00bb]<\/p>\n<p><strong>Institucional<\/strong><\/p>\n<p><a href=\"https:\/\/www.juntadeandalucia.es\/presidencia\/portavoz\/150881\/ConsejeriaIgualdadPoliticasSocialesConciliacion\/DiaInternacionalMujer\/unidad\/violenciagenero\">Roc\u00edo Ruiz hace un llamamiento a la unidad con motivo del D\u00eda Internacional de la Mujer<\/a> \u2013 Oficina del Portavoz<\/p>\n<p><u><a href=\"https:\/\/www.google.com\/url?rct=j&amp;sa=t&amp;url=https:\/\/sevilla.abc.es\/andalucia\/sevi-ayudas-subvenciones-y-apoyo-institucional-para-luchar-igualdad-andalucia-202003061330_noticia.html&amp;ct=ga&amp;cd=CAEYAyoTMTA1NjY3MDkwODI5MzE0OTU5ODIbOWFiMWNkZDdlMzY2ZWYzODplczplczpFUzpS&amp;usg=AFQjCNF3lZtRT52FLZaLw3q8l61_dYZt0A\">Ayudas, subvenciones y apoyo institucional para luchar por la igualdad en Andaluc\u00eda <\/a>&#8211; <\/u><a href=\"http:\/\/abcdesevilla.es\">abcdesevilla.es<\/a><\/p>\n<p><strong>Econom\u00eda y Empresas<\/strong><\/p>\n<p><a href=\"https:\/\/www.mujeremprendedora.net\/mujeres-regentan-66-supermercados-coviran\/\">Las mujeres regentan el 66% de los supermercados de Covir\u00e1n<\/a> \u2013 Mujeremprendedora.net<\/p>\n<p><a href=\"https:\/\/www.juntadeandalucia.es\/presidencia\/portavoz\/150827\/SAS\/Mujeres\/Plantilla\">Las mujeres son el 71% de la plantilla del SAS<\/a> &#8211;\u00a0 Oficina del Portavoz<\/p>\n<p><u><a href=\"https:\/\/www.google.com\/url?rct=j&amp;sa=t&amp;url=https:\/\/m.europapress.es\/andalucia\/noticia-organizaciones-reivindican-papel-cooperativas-andalucia-promover-igualdad-principios-20200306130708.html&amp;ct=ga&amp;cd=CAEYACoUMTI4ODk3MDY1ODA1MjI4NjE4NjQyGWQ3OGU1ODc1YTBmMWYyYWM6ZXM6ZXM6RVM&amp;usg=AFQjCNEq52X_FmW34Dt2vyAIozEec1cCGQ\">Organizaciones reivindican el papel de las cooperativas en Andaluc\u00eda por \u00abpromover la igualdad &#8230; <\/a><\/u><em>&#8211; <\/em>Europa Press<\/p>\n<p><a href=\"https:\/\/www.google.com\/url?rct=j&amp;sa=t&amp;url=https:\/\/www.lavozdigital.es\/cadiz\/provincia\/lvdi-camara-comercio-cadiz-atendio-215-usuarias-programa-empresarial-mujeres-202003061703_noticia.html&amp;ct=ga&amp;cd=CAEYKioUMTY0OTU3NTY4MDI0OTA4OTQ1MjUyGWMwMzcyZWJjMmZlYWRhNTk6ZXM6ZXM6RVM&amp;usg=AFQjCNFFgUjPn7vX_9vwFLA3bPcikP6RpA\">La C\u00e1mara de Comercio de C\u00e1diz atendi\u00f3 a 215 usuarias del programa de apoyo empresarial a ..<em>.<\/em>&#8211;<\/a> La Voz Digital (C\u00e1diz)<\/p>\n<p><u><a href=\"https:\/\/www.google.com\/url?rct=j&amp;sa=t&amp;url=https:\/\/www.granadahoy.com\/comete_granada\/mujer-vitivinicultura-andaluza_0_1444055805.html&amp;ct=ga&amp;cd=CAEYAyoUMTUxODMyNjExMDczNzc3MDgzMTQyGWMwMzcyZWJjMmZlYWRhNTk6ZXM6ZXM6RVM&amp;usg=AFQjCNFPebKXjUjvwCUiQrZKQOB4nZfLuA\">La mujer en la vitivinicultura andaluza <\/a><\/u>&#8211; Granada Hoy<\/p>\n<p><a href=\"https:\/\/www.mujeremprendedora.net\/andalucia-destina-seis-millones-plan-accion-conciliacion\/\">Andaluc\u00eda destina seis millones a un plan de acci\u00f3n para la conciliaci\u00f3n<\/a>\u2013 Mujeremprendedora.net<\/p>\n<p><a href=\"https:\/\/www.juntadeandalucia.es\/presidencia\/portavoz\/150826\/mujeres\/mujer\/empleo\/trabajo\/puestosdetrabajo\">Las mujeres ocuparon m\u00e1s de la mitad de los nuevos empleos generados el pasado a\u00f1o en Andaluc\u00eda<\/a>&#8211;\u00a0 Oficina del Portavoz<\/p>\n<p><strong>A<\/strong><strong>ctualidad<\/strong><\/p>\n<p><a href=\"https:\/\/www.eldiario.es\/euroblog\/Marketing-feminista_6_1003759626.html\">Marketing feminista<\/a> &#8211; eldiario.es<\/p>\n<p><u><a href=\"https:\/\/www.google.com\/url?rct=j&amp;sa=t&amp;url=http:\/\/www.diariosigloxxi.com\/texto-ep\/mostrar\/20200306170143\/junta-andalucia-senala-educacion-como-instrumento-lograr-igualdad-i-congreso-coeducacion&amp;ct=ga&amp;cd=CAEYASoUMTc1MDU3NzAyMDczNjY5OTY4MTIyGTFkYzViZWNjNzA2ZWNmOGI6ZXM6ZXM6RVM&amp;usg=AFQjCNHonSqlUzAgUeR0fwQLtBxd7-vqMQ\">La Junta de Andaluc\u00eda se\u00f1ala la educaci\u00f3n como instrumento para lograr la igualdad el I &#8230; <\/a><\/u>&#8211; Diario Siglo XXI<\/p>\n<p><a href=\"https:\/\/www.google.com\/url?rct=j&amp;sa=t&amp;url=https:\/\/andaluciainformacion.es\/andalucia\/883362\/seis-millones-a-un-plan-para-la-conciliacion-laboral-y-familiar\/&amp;ct=ga&amp;cd=CAEYACoUMTQzODkxMTA0NzAyMDY3MzQwMDEyGWQ3OGU1ODc1YTBmMWYyYWM6ZXM6ZXM6RVM&amp;usg=AFQjCNFBmPvhE-6amtNxXwEfmOIQ99gHRQ\">Seis millones a un plan para la conciliaci\u00f3n laboral y familiar <\/a><em>&#8211; <\/em>Andaluc\u00eda Informaci\u00f3n<\/p>\n<p><u><a href=\"https:\/\/www.google.com\/url?rct=j&amp;sa=t&amp;url=https:\/\/www.lavanguardia.com\/local\/sevilla\/20200306\/473984772735\/8m-junta-reivindica-la-diversidad-y-un-feminismo-inclusivo-en-la-campana-del-8m-todas-hacemos-el-mundo-girar.html&amp;ct=ga&amp;cd=CAEYACoTMTA1NjY3MDkwODI5MzE0OTU5ODIbOWFiMWNkZDdlMzY2ZWYzODplczplczpFUzpS&amp;usg=AFQjCNG-_BqmvKLwOSTC4fwf231dqMpovA\">Junta reivindica la diversidad y un feminismo inclusivo en la campa\u00f1a del 8M &#8216;Todas hacemos &#8230; <\/a><\/u>&#8211; La Vanguardia<\/p>\n<p><a href=\"https:\/\/www.google.com\/url?rct=j&amp;sa=t&amp;url=https:\/\/www.diariojaen.es\/jaen\/un-pacto-andaluz-por-la-igualdad-CG6855657&amp;ct=ga&amp;cd=CAEYAioTNjEwNDYwNzQ3MTc4NDk5NTY1MzIbOWFiMWNkZDdlMzY2ZWYzODplczplczpFUzpS&amp;usg=AFQjCNHdC3AxEfLxhW9IQgtGU1EsEFqQyQ\">Una melod\u00eda de lo m\u00e1s reivindicativa <\/a>&#8211; Diario Ja\u00e9n<\/p>\n<p><strong>Violencias<\/strong><\/p>\n<p><a href=\"https:\/\/www.google.com\/url?rct=j&amp;sa=t&amp;url=https:\/\/www.lavanguardia.com\/vida\/20200306\/473984544423\/ruiz-anuncia-13-guias-para-victimas-de-violencia-de-genero-con-discapacidad.html&amp;ct=ga&amp;cd=CAEYACoUMTM0OTk5MTU4ODQxMTMxOTEyNjIyGzlhYjFjZGQ3ZTM2NmVmMzg6ZXM6ZXM6RVM6Ug&amp;usg=AFQjCNHsTuv8JGq84fEApdNOD5XcoH9UGw\">Ruiz anuncia 13 gu\u00edas para v\u00edctimas de violencia de g\u00e9nero con discapacidad <\/a>&#8211; La Vanguardia<\/p>\n<p><u><a href=\"https:\/\/www.google.com\/url?rct=j&amp;sa=t&amp;url=https:\/\/www.diariosur.es\/sociedad\/denunciar-casos-violenciade-20200306174658-ntrc.html&amp;ct=ga&amp;cd=CAEYAyoTMjIyNjg2NDI2OTMwMjY2MTU2MDIZZTFlNzdkMTU2MDk4YThlMzplczplczpFUw&amp;usg=AFQjCNHtleXE-GlSUTzFqnf7NQq65i_OtQ\">\u00abDenunciar los casos de violencia de g\u00e9nero es el inicio de la salida\u00bb <\/a><\/u>&#8211; Sur Digital<\/p>\n<p><a href=\"https:\/\/www.google.com\/url?rct=j&amp;sa=t&amp;url=https:\/\/www.elmundo.es\/andalucia\/2020\/03\/08\/5e63991bfdddffeb038b4675.html&amp;ct=ga&amp;cd=CAEYASoUMTMxMTYxMzAxODE0MjA2ODI2ODMyGzlhYjFjZGQ3ZTM2NmVmMzg6ZXM6ZXM6RVM6Ug&amp;usg=AFQjCNEovGUFxUYwBof_cwU58Lfbzr0P_g\">Las agresiones sexuales graves crecen en todas las provincias de Andaluc\u00eda, segunda &#8230; <\/a>&#8211; El Mundo<\/p>\n<p><strong>Ciencia y Cultura<\/strong><\/p>\n<p><u>La escritora Mar\u00eda Luisa Balaguer nos acerca a la figura de la feminista Iris Zavala \u2026 <\/u>&#8211;<a href=\"http:\/\/nuevatribuna.es\">nuevatribuna.es<\/a><\/p>\n<p><a href=\"https:\/\/www.lavozdealmeria.com\/noticia\/272\/especial-dia-de-la-mujer-2020\/188273\/gemma-gimenez-el-hombre-es-escuchado-y-la-mujer-cuestionada\">Gemma Gim\u00e9nez, actriz y gestora cultural: \u201cEl hombre es escuchado y la mujer cuestionada &#8230;<\/a>&#8211; La Voz de Almer\u00eda<\/p>\n<p><u><a href=\"https:\/\/www.google.com\/url?rct=j&amp;sa=t&amp;url=https:\/\/www.lavanguardia.com\/vida\/20200307\/473997520618\/la-junta-lanza-una-guia-con-literatura-que-reivindica-historias-de-mujeres.html&amp;ct=ga&amp;cd=CAEYASoUMTgzNzEwNzI1MzY4MzcyNDY5MDgyGWMwMzcyZWJjMmZlYWRhNTk6ZXM6ZXM6RVM&amp;usg=AFQjCNHNS3udhw9nadB8PVjMEIbQiI4i6g\">La Junta lanza una gu\u00eda con literatura que reivindica historias de mujeres <\/a><\/u>&#8211; La Vanguardia<\/p>\n<p><a href=\"https:\/\/www.google.com\/url?rct=j&amp;sa=t&amp;url=https:\/\/www.lavanguardia.com\/local\/sevilla\/20200306\/473985844934\/los-jardines-del-caac-acogen-el-festival-ellas-dan-el-cante-el-sabado-con-el-apoyo-de-iam.html&amp;ct=ga&amp;cd=CAEYBSoTMTA1NjY3MDkwODI5MzE0OTU5ODIbOWFiMWNkZDdlMzY2ZWYzODplczplczpFUzpS&amp;usg=AFQjCNFRtgzKZ7yWqJUxOGLKK4X-_Wop5A\">Los jardines del CAAC acogen el festival &#8216;Ellas dan el cante&#8217;, con el apoyo de IAM <\/a>&#8211; La Vanguardia<\/p>\n<p><a href=\"https:\/\/www.google.com\/url?rct=j&amp;sa=t&amp;url=https:\/\/www.20minutos.es\/noticia\/4178602\/0\/8m-la-subdelegacion-del-gobierno-en-malaga-convoca-la-ii-edicion-del-concurso-de-dibujo-y-relato-corto\/&amp;ct=ga&amp;cd=CAEYBSoUMTY0MzI2ODA4MDc3OTEzMjQxMjIyGWMwMzcyZWJjMmZlYWRhNTk6ZXM6ZXM6RVM&amp;usg=AFQjCNFxeCiXdHhKjNhK7HhR4_m3gIdLtg\">La Subdelegaci\u00f3n del Gobierno en M\u00e1laga convoca la II edici\u00f3n del Concurso de Dibujo y &#8230; <\/a>&#8211; 20minutos<\/p>\n<p><a href=\"https:\/\/www.juntadeandalucia.es\/presidencia\/portavoz\/150821\/8M\/mujeres\/DiadelaMujer\/PoligonoSur\">La exposici\u00f3n fotogr\u00e1fica &#8216;Ahora vuelas&#8217; retrata la lucha de ni\u00f1as y mujeres del Pol\u00edgono Sur<\/a>&#8211;\u00a0 Oficina del Portavoz<\/p>\n<p><strong>Deporte<\/strong><\/p>\n<p><a href=\"https:\/\/www.google.com\/url?rct=j&amp;sa=t&amp;url=https:\/\/www.malagahoy.es\/unicaja\/Horario-Previa-Unicaja-femenino-Magec-Tias_0_1443756117.html&amp;ct=ga&amp;cd=CAEYBSoUMTQyNDQ2MjM2MDc3MjAwOTU0NzgyGWUyZGVmYTdkNWRhOTE1N2Q6ZXM6ZXM6RVM&amp;usg=AFQjCNHGcmQlb_zTILUIsLbm_HaWs8V2GA\">Ya mirando s\u00f3lo hacia arriba\u2026 <\/a>&#8211; M\u00e1laga Hoy<\/p>\n<p><a href=\"http:\/\/www.elperiodicodelospueblos.es\/premios-mujeres-imparables-en-osuna\/\">Premios Mujeres Imparables en Osuna<\/a>&#8211; En el Coraz\u00f3n de Andaluc\u00eda<\/p>\n<p>[\/toggle]<\/p>\n<p>[toggle type=\u00bbfirst\u00bb title=\u00bbEstado\u00bb]<\/p>\n<p><strong>Institucional<\/strong><\/p>\n<p><a href=\"https:\/\/www.google.com\/url?rct=j&amp;sa=t&amp;url=http:\/\/www.lacerca.com\/noticias\/espana\/carmen-calvo-espana-gran-referente-feminismo-seguir-socialismo-500684-1.html&amp;ct=ga&amp;cd=CAEYDioTMjIyNjg2NDI2OTMwMjY2MTU2MDIZZTFlNzdkMTU2MDk4YThlMzplczplczpFUw&amp;usg=AFQjCNEyZsuRM-ztn_AcZBizwzOeVQyJug\">Carmen Calvo, Vicepresidenta del Gobierno: \u201cEspa\u00f1a es un gran referente para el feminismo y lo va a seguir siendo porque hay <\/a>&#8211; La Cerca<\/p>\n<p><a href=\"https:\/\/www.google.com\/url?rct=j&amp;sa=t&amp;url=https:\/\/www.lavanguardia.com\/politica\/20200308\/474034983602\/irene-montero-necesitamos-una-gran-alianza-feminista-para-seguir-avanzando.html&amp;ct=ga&amp;cd=CAEYHSoTNTIwNjM2MDExMTQ3MDk0OTk4NTIZYzAzNzJlYmMyZmVhZGE1OTplczplczpFUw&amp;usg=AFQjCNFNPIRNd4yN_TclJzrONClkdAbe2A\">Irene Montero, Ministra de Igualdad: Necesitamos una gran alianza feminista para seguir avanzando <\/a>&#8211; La Vanguardia<\/p>\n<p><a href=\"https:\/\/www.google.com\/url?rct=j&amp;sa=t&amp;url=https:\/\/www.elperiodico.com\/es\/sociedad\/20200306\/beatriz-gimeno-instituto-mujer-feminismo-division-7876564&amp;ct=ga&amp;cd=CAEYBSoUMTY0OTU3NTY4MDI0OTA4OTQ1MjUyGWMwMzcyZWJjMmZlYWRhNTk6ZXM6ZXM6RVM&amp;usg=AFQjCNH5VV_YDW5sPvwM-TwTPFvrtX8fYg\">Beatriz Gimeno, directora del Instituto de la Mujer: \u00abEl feminismo tiene que hacer una alianza para avanzar juntas en aquello que &#8230; <\/a>&#8211; El Peri\u00f3dico<\/p>\n<p><a href=\"https:\/\/www.google.com\/url?rct=j&amp;sa=t&amp;url=http:\/\/www.diariosigloxxi.com\/texto-s\/mostrar\/354056\/instituto-mujer-participa-semana-educacion-amplio-programa-talleres-aula-igualdad&amp;ct=ga&amp;cd=CAEYAyoUMTY0OTU3NTY4MDI0OTA4OTQ1MjUyGWMwMzcyZWJjMmZlYWRhNTk6ZXM6ZXM6RVM&amp;usg=AFQjCNE3QdMEAJtJBEOqnVW1LJIf-NepSQ\">El Instituto de la Mujer participa en la Semana de la Educaci\u00f3n con un amplio programa de talleres &#8230; <\/a>&#8211; Diario Siglo XXI<strong>\u00a0<\/strong><\/p>\n<p><strong>Institucional-CCAA<\/strong><\/p>\n<p><a href=\"https:\/\/www.google.com\/url?rct=j&amp;sa=t&amp;url=https:\/\/www.desdesoria.es\/2020\/03\/06\/la-junta-ha-invertido-casi-400-millones-en-186-medidas-dentro-de-la-agenda-de-igualdad-de-genero\/&amp;ct=ga&amp;cd=CAEYAioTMjIyNjg2NDI2OTMwMjY2MTU2MDIZZTFlNzdkMTU2MDk4YThlMzplczplczpFUw&amp;usg=AFQjCNHmQnaXiIM4bllDNeJkKc9myYttUg\">La Junta de Castilla y Le\u00f3n ha invertido casi 400 millones en 186 medidas dentro de la Agenda de Igualdad de G\u00e9nero <\/a>&#8211; desdeSoria.es<\/p>\n<p><a href=\"https:\/\/www.google.com\/url?rct=j&amp;sa=t&amp;url=https:\/\/www.elperiodicodearagon.com\/noticias\/aragon\/dpt-celebra-dia-internacional-mujer-taller-empoderamiento-femenino_1412686.html&amp;ct=ga&amp;cd=CAEYACoRMjM5ODM4NDk3MDMxNTc1NjcyGWUxZTc3ZDE1NjA5OGE4ZTM6ZXM6ZXM6RVM&amp;usg=AFQjCNEemqnRdNxXMAa5rRrhl-WW2UBV7g\">La DPT celebra el D\u00eda Internacional de la mujer con un taller sobre el empoderamiento femenino <\/a>&#8211; El Peri\u00f3dico de Arag\u00f3n<\/p>\n<p><a href=\"https:\/\/www.google.com\/url?rct=j&amp;sa=t&amp;url=https:\/\/www.eldia.es\/sociedad\/2020\/03\/08\/fuerza-mujer-canaria\/1058612.html&amp;ct=ga&amp;cd=CAEYASoTMzIzOTg5MjU4MDAxODM1NjQzNTIZZTJkZWZhN2Q1ZGE5MTU3ZDplczplczpFUw&amp;usg=AFQjCNEci9FUmNXhITXpS0ngH89t5FzDsQ\">La fuerza de la mujer canaria <\/a>&#8211; <a href=\"http:\/\/eldia.es\">eldia.es<\/a><\/p>\n<p><a href=\"https:\/\/www.google.com\/url?rct=j&amp;sa=t&amp;url=https:\/\/www.larioja.com\/la-rioja\/informe-mujeres-hombres-20200306111100-nt.html&amp;ct=ga&amp;cd=CAEYDioUMTY0OTU3NTY4MDI0OTA4OTQ1MjUyGWMwMzcyZWJjMmZlYWRhNTk6ZXM6ZXM6RVM&amp;usg=AFQjCNEdxPRgMB_bzX414MsCVenmEbhyiQ\">El &#8216;Informe Mujeres y Hombres en La Rioja&#8217; revela que las mujeres ocupan puestos de menor &#8230; <\/a>&#8211; La Rioja<\/p>\n<p><a href=\"https:\/\/www.google.com\/url?rct=j&amp;sa=t&amp;url=https:\/\/www.eitb.eus\/es\/noticias\/sociedad\/detalle\/7081014\/emakunde-llama-al-empoderamiento-mujeres-8-marzo-2020\/&amp;ct=ga&amp;cd=CAEYGyoUMTY0OTU3NTY4MDI0OTA4OTQ1MjUyGWMwMzcyZWJjMmZlYWRhNTk6ZXM6ZXM6RVM&amp;usg=AFQjCNGfPRawfTYgcKkj6QW0zUkAsrmKXQ\">Emakunde llama al \u00abempoderamiento\u00bb de las mujeres, clave para lograr la igualdad <\/a>&#8211; EiTB Radio<\/p>\n<p><a href=\"https:\/\/www.google.com\/url?rct=j&amp;sa=t&amp;url=http:\/\/elsemanaldelamancha.com\/art\/32212\/el-gobierno-regional-se-suma-a-la-campana-de-onu-mujeres-generacion-igualdad-por-los-derechos-de-las-mujeres-y-un-futuro-igualitario&amp;ct=ga&amp;cd=CAEYACoTNTg0NzA5MjUyMDYxMjk3NDY2MzIZYzAzNzJlYmMyZmVhZGE1OTplczplczpFUw&amp;usg=AFQjCNF8YbIa71nt2LCZtM6gRsuKCjhdwQ\">El Gobierno regional se suma a la campa\u00f1a de ONU Mujeres &#8216;Generaci\u00f3n Igualdad: por los &#8230; <\/a>&#8211; El Semanal de La Mancha<\/p>\n<p><a href=\"https:\/\/www.google.com\/url?rct=j&amp;sa=t&amp;url=https:\/\/www.hoy.es\/extremadura\/poder-mujeres-extremadura-20200307221549-nt.html&amp;ct=ga&amp;cd=CAEYCyoUMTE2MTE3NDMxODMxOTgxOTQzMTMyGWMwMzcyZWJjMmZlYWRhNTk6ZXM6ZXM6RVM&amp;usg=AFQjCNHGaiTFP1J99ZM9dCPdMzFoDk5Nlg\">El poder de las mujeres en Extremadura <\/a>&#8211; Hoy Digital<\/p>\n<p><strong>Econom\u00eda y Empresa<\/strong><\/p>\n<p><a href=\"https:\/\/www.google.com\/url?rct=j&amp;sa=t&amp;url=https:\/\/www.redaccionmedica.com\/la-revista\/noticias\/estas-son-las-provincias-que-mas-mujeres-sanitarias-han-contratado-en-2019-9415&amp;ct=ga&amp;cd=CAEYASoTMzg1NzQ1MTMwMTM1MjMzNDI4MzIbZTU1MjBjNTU4YjkxNTcxMDplczplczpFUzpS&amp;usg=AFQjCNGhYja9NEbjbbhhvY9py9MO5Hatvw\">Estas son las provincias que m\u00e1s sanitarias han contratado en 2019 <\/a>&#8211; Redacci\u00f3n M\u00e9dica<\/p>\n<p><a href=\"https:\/\/www.google.com\/url?rct=j&amp;sa=t&amp;url=https:\/\/www.corresponsables.com\/actualidad\/ods5-endesa-acerca-ciencia-1500ninas&amp;ct=ga&amp;cd=CAEYBCoUMTI2NzY4OTI2ODg0NDMwNzYxNjMyGWUyZGVmYTdkNWRhOTE1N2Q6ZXM6ZXM6RVM&amp;usg=AFQjCNFQ2TKZzdV-RncDazhFJ-1Qz04yTA\">ODS5. Endesa acerca la ciencia a 1.500 ni\u00f1as <\/a>&#8211; Corresponsables.com<\/p>\n<p><a href=\"https:\/\/www.google.com\/url?rct=j&amp;sa=t&amp;url=https:\/\/www.modaes.es\/back-stage\/la-mujer-al-frente-de-la-moda-en-espana-el-60-de-las-empresas-son-de-ellas.html&amp;ct=ga&amp;cd=CAEYJCoUMTY0OTU3NTY4MDI0OTA4OTQ1MjUyGWMwMzcyZWJjMmZlYWRhNTk6ZXM6ZXM6RVM&amp;usg=AFQjCNFyLNFEdQAFFP6rpyWj2D0M4-69Zw\">La mujer, al frente de la moda en Espa\u00f1a: el 60% de las empresas son de ellas <\/a>&#8211; Modaes<\/p>\n<p><a href=\"https:\/\/www.google.com\/url?rct=j&amp;sa=t&amp;url=https:\/\/www.eldia.es\/sociedad\/2020\/03\/07\/desigualdad-reparto-tareas-domesticas-lleva\/1058418.html&amp;ct=ga&amp;cd=CAEYCSoTMTkyODAyNjQwMDIwNDQyODcwMzIZYzAzNzJlYmMyZmVhZGE1OTplczplczpFUw&amp;usg=AFQjCNE5k5cSDzwtU0lZYonByw2sQcSBqw\">La desigualdad en el reparto de tareas dom\u00e9sticas lleva a la mujer a trabajos precarios <\/a>&#8211; <a href=\"http:\/\/eldia.es\">eldia.es<\/a><\/p>\n<p><a href=\"https:\/\/www.google.com\/url?rct=j&amp;sa=t&amp;url=https:\/\/diarioresponsable.com\/opinion\/28927-la-mujer-en-el-mundo-del-emprendimiento&amp;ct=ga&amp;cd=CAEYASoTNTIwNjM2MDExMTQ3MDk0OTk4NTIZYzAzNzJlYmMyZmVhZGE1OTplczplczpFUw&amp;usg=AFQjCNE8JTr5K8zVNUoEfHO3Nshfv2XwTQ\">La mujer en el mundo del emprendimiento- <\/a>Diario Responsable<\/p>\n<p><a href=\"https:\/\/www.google.com\/url?rct=j&amp;sa=t&amp;url=https:\/\/cincodias.elpais.com\/cincodias\/2020\/03\/06\/fortunas\/1583522954_591420.html&amp;ct=ga&amp;cd=CAEYEioTNTIwNjM2MDExMTQ3MDk0OTk4NTIZYzAzNzJlYmMyZmVhZGE1OTplczplczpFUw&amp;usg=AFQjCNE6lAVCk5cWaZkE_ZMvF8nbpKz9mQ\">D\u00eda de la Mujer Trabajadora: as\u00ed es su carrera de obst\u00e1culos <\/a>&#8211; Cinco D\u00edas<\/p>\n<p><a href=\"https:\/\/www.google.com\/url?rct=j&amp;sa=t&amp;url=http:\/\/www.rrhhdigital.com\/secciones\/conciliacion-e-igualdad\/140725\/CESCE-y-la-Camara-de-Comercio-de-Espana-impulsan-a-las-mujeres-emprendedoras-y-empresarias&amp;ct=ga&amp;cd=CAEYASoTOTUzNzI1NjY5ODg1MDI2NTUxOTIZYzAzNzJlYmMyZmVhZGE1OTplczplczpFUw&amp;usg=AFQjCNEGFa7MwmFnVZDhcl0_I2NQQZWMZg\">CESCE y la C\u00e1mara de Comercio de Espa\u00f1a, impulsan a las mujeres emprendedoras y empresarias <\/a>&#8211; RRHHDigital<\/p>\n<p><a href=\"https:\/\/www.google.com\/url?rct=j&amp;sa=t&amp;url=https:\/\/www.eldia.es\/sociedad\/2020\/03\/08\/mujeres-prefieren-profesoras-enfermeras-cuidadoras\/1058745.html&amp;ct=ga&amp;cd=CAEYACoTMjc1NjIwNjc4OTQwNzA1OTMyMDIbZTU1MjBjNTU4YjkxNTcxMDplczplczpFUzpS&amp;usg=AFQjCNG4ClCKJi9N60ZT3_c3mCVfyPsyvQ\">Las mujeres prefieren ser profesoras, enfermeras y cuidadoras <\/a>&#8211; eldia.es<\/p>\n<p><strong>Actualidad<\/strong><\/p>\n<p><a href=\"https:\/\/www.google.com\/url?rct=j&amp;sa=t&amp;url=https:\/\/www.abc.es\/sociedad\/abci-internacional-mujer-espana-avanza-igualdad-y-asciende-puestos-europa-202003081522_noticia.html&amp;ct=ga&amp;cd=CAEYBCoTNTIwNjM2MDExMTQ3MDk0OTk4NTIZYzAzNzJlYmMyZmVhZGE1OTplczplczpFUw&amp;usg=AFQjCNFcFYESdju0yQy6wQ5fePHhwXAGyw\">Espa\u00f1a avanza en igualdad y asciende dos puestos en Europa <\/a>&#8211; Abc.es<\/p>\n<p><a href=\"https:\/\/www.google.com\/url?rct=j&amp;sa=t&amp;url=https:\/\/www.rtve.es\/noticias\/20200307\/datos-igualdad-espana-buena-nota-pero-pocos-avances-dos-anos-despues-primera-huelga-feminista\/2004950.shtml&amp;ct=ga&amp;cd=CAEYASoUMTEyMzM5MDk2NzEyMTgzNzAxNzgyGWMwMzcyZWJjMmZlYWRhNTk6ZXM6ZXM6RVM&amp;usg=AFQjCNFpuFgZoJsmJ0nIUoXaP-qWOWt0SQ\">Los datos de la igualdad en Espa\u00f1a: buena nota, pero pocos avances dos a\u00f1os despu\u00e9s de la &#8230; <\/a>\u2013 Rtve<\/p>\n<p><a href=\"https:\/\/www.google.com\/url?rct=j&amp;sa=t&amp;url=https:\/\/elpais.com\/sociedad\/dia-de-la-mujer\/2020-03-07\/la-semana-en-la-que-los-partidos-les-toca-feminismo.html&amp;ct=ga&amp;cd=CAEYASoTODIyMjU2OTExOTE4NDIzMTM1MTIZYzAzNzJlYmMyZmVhZGE1OTplczplczpFUw&amp;usg=AFQjCNHT_njy4_beqVXyen9OqwQr0MU48Q\">La batalla pol\u00edtica del feminismo <\/a>\u2013 El Pa\u00eds<\/p>\n<p><a href=\"https:\/\/www.revistagq.com\/noticias\/articulo\/dia-internacional-mujer-8-de-marzo-manual-hombres\">8M Manual para hombres sobre cu\u00e1l es nuestro papel en la celebraci\u00f3n del 8 de Marzo \u2026<\/a>&#8211;<a href=\"http:\/\/revistagq.com\">revistagq.com<\/a><\/p>\n<p><a href=\"https:\/\/elpais.com\/elpais\/2020\/03\/07\/opinion\/1583598544_411805.html\">El 8M en disputa \u2026<\/a> &#8211; El Pa\u00eds<\/p>\n<p><a href=\"https:\/\/blogs.publico.es\/otrasmiradas\/30093\/ni-division-ni-ruptura-resistencia-a-la-tentativa-de-despolitizacion-y-desarticulacion-teorica-del-feminismo\/\">Ni divisi\u00f3n, ni ruptura: resistencia a la tentativa de &#8230;<\/a>&#8211; P\u00fablico<\/p>\n<p><a href=\"http:\/\/%0dLas%20organizaciones%20firmantes%20de%20#D\u00f3ndeEst\u00e1nEllas%20alcanzan%20la%20paridad%20en%20los%20debates%20organizados%20en%202019%20...-%20europarl.europa.eu%0Dwww.europarl.europa.eu%20\u203a%20spain%20\u203a%20prensa%20\u203a%20communicados_de_prensa\">Las organizaciones firmantes de #D\u00f3ndeEst\u00e1nEllas alcanzan la paridad en los debates organizados en 2019 &#8230;- europarl.europa.eu<\/a><\/p>\n<p><a href=\"https:\/\/www.google.com\/url?rct=j&amp;sa=t&amp;url=https:\/\/elpais.com\/sociedad\/dia-de-la-mujer\/2020-03-07\/ser-mujer-es-perjudicial-para-su-salud.html&amp;ct=ga&amp;cd=CAEYDSoUMTgzNzEwNzI1MzY4MzcyNDY5MDgyGWMwMzcyZWJjMmZlYWRhNTk6ZXM6ZXM6RVM&amp;usg=AFQjCNHaydvrWp318WOhKysxC6Vo5OVI1Q\">Ser mujer es perjudicial para su salud <\/a>\u2013 El Pa\u00eds<\/p>\n<p><a href=\"https:\/\/www.mujeremprendedora.net\/mujeres-disfrutan-mas-jubilacion\/\">Las mujeres disfrutan m\u00e1s de la jubilaci\u00f3n<\/a> \u2013 Mujeremprendedora.net<\/p>\n<p><strong>Violencia<\/strong><\/p>\n<p><a href=\"https:\/\/elpais.com\/television\/2020-03-08\/de-la-explotacion-sexual-de-la-mujer.html\">De la explotaci\u00f3n sexual de la mujer<\/a> \u2013 El Pa\u00eds<strong>\u00a0<\/strong><\/p>\n<p><strong>Ciencia y Cultura<\/strong><\/p>\n<p><a href=\"https:\/\/www.google.com\/url?rct=j&amp;sa=t&amp;url=https:\/\/elasombrario.com\/festival-ellas-crean-imprescindible-paso-musas-creadoras\/&amp;ct=ga&amp;cd=CAEYDCoTNTIwNjM2MDExMTQ3MDk0OTk4NTIZYzAzNzJlYmMyZmVhZGE1OTplczplczpFUw&amp;usg=AFQjCNFxmIQKgvsadzjj-LT6OM1TfHWe5w\">Festival &#8216;Ellas Crean&#8217;: el imprescindible paso de musas a creadoras <\/a>&#8211; El Asombrario<\/p>\n<p><a href=\"https:\/\/www.google.com\/url?rct=j&amp;sa=t&amp;url=https:\/\/www.larazon.es\/cultura\/20200306\/5kaeruzxbzgynf7ydxmy4sywci.html&amp;ct=ga&amp;cd=CAEYLSoUMTY0OTU3NTY4MDI0OTA4OTQ1MjUyGWMwMzcyZWJjMmZlYWRhNTk6ZXM6ZXM6RVM&amp;usg=AFQjCNHyGSAa2SesFScsB4tLh4UF8Pjb5Q\">Siglo de Oro: la aventura literaria de las mujeres que odiaba Quevedo <\/a>&#8211; La Raz\u00f3n<\/p>\n<p><a href=\"https:\/\/www.elmundo.es\/cultura\/laesferadepapel\/2020\/03\/09\/5e65c56621efa01f428b467c.html\">Gracia Querejeta \u00abFeminismo no es sin\u00f3nimo de <em>mujeres<\/em> &#8230;<\/a>&#8211; El Mundo<\/p>\n<p><a href=\"https:\/\/cadenaser.com\/emisora\/2020\/03\/08\/radio_mallorca\/1583693975_811171.html\">La mujer en la cultura cl\u00e1sica<\/a> -Cadena SER<\/p>\n<p><strong>Deporte<\/strong><\/p>\n<p><a href=\"https:\/\/www.mujeremprendedora.net\/madrid-acoge-carrera-solidaria-obstaculos-porunmundo5050\/\">Madrid acoge la Carrera Solidaria de Obst\u00e1culos #PorUnMundo5050<\/a>\u2013 Mujeremprendedora.net<\/p>\n<p><a href=\"http:\/\/www.feb.es\/2020\/3\/8\/baloncesto\/dia-mujer-azu-carmen-muguruza-impulsan-endesa\/82557.aspx\">D\u00eda Internacional de la Mujer: Azu y Carmen Muguruza &#8230;<\/a>&#8211; Feb.es<\/p>\n<p><a href=\"https:\/\/www.palco23.com\/fuera-de-juego\/iberdrola-da-luz-al-deporte-femenino-con-unos-premios.html\">Iberdrola &#8216;da luz&#8217; al deporte femenino con unos premios<\/a>&#8211; Palco23<\/p>\n<p><a href=\"https:\/\/www.noticiascyl.com\/t\/1840588\/perfumerias-avenida-hace-historia-novena-copa-reina\">Perfumer\u00edas Avenida hace historia con su novena Copa de la &#8230;<\/a>&#8211; Noticiascyl<\/p>\n<p>[\/toggle]<\/p>\n<p>[toggle type=\u00bbfirst\u00bb title=\u00bbInternacional\u00bb]<\/p>\n<p><a href=\"https:\/\/www.google.com\/url?rct=j&amp;sa=t&amp;url=https:\/\/www.cope.es\/actualidad\/espana\/noticias\/onu-advierte-del-retroceso-materia-igualdad-posibilidad-perder-logros-antes-conquistados-20200306_638707&amp;ct=ga&amp;cd=CAEYByoTMjIyNjg2NDI2OTMwMjY2MTU2MDIZZTFlNzdkMTU2MDk4YThlMzplczplczpFUw&amp;usg=AFQjCNFtM8vaTJp69B0D-kTl_liS4_TQeA\">La ONU advierte del retroceso en materia de igualdad y de la posibilidad de perder logros antes &#8230; <\/a>&#8211; COPE<\/p>\n<p><a href=\"https:\/\/www.google.com\/url?rct=j&amp;sa=t&amp;url=https:\/\/www.clarin.com\/opinion\/foro-generacion-igualdad-igualdad-genero-realidad_0_6T4RZxBR.html&amp;ct=ga&amp;cd=CAEYAioTNjI3NTkwNDY5MDg1MDU4NjU3NzIZZTFlNzdkMTU2MDk4YThlMzplczplczpFUw&amp;usg=AFQjCNFxNBEesSi9-G2vI2rhiudkp18Ytg\">Foro Generaci\u00f3n Igualdad: para que la igualdad de g\u00e9nero sea una realidad <\/a>&#8211; Clar\u00edn.com<\/p>\n<p><a href=\"https:\/\/www.google.com\/url?rct=j&amp;sa=t&amp;url=https:\/\/www.latribuna.hn\/2020\/03\/08\/islandia-encabeza-el-ranking-de-empleo-femenino\/&amp;ct=ga&amp;cd=CAEYAyoUMTI3MDI5NTI2NDU1NjM5ODExNzUyGWUxZTc3ZDE1NjA5OGE4ZTM6ZXM6ZXM6RVM&amp;usg=AFQjCNF7RtTEXNzId9UDDPjAFPf7TPVn_w\">Islandia encabeza el ranking de empleo femenino <\/a>&#8211; La Tribuna.hn<\/p>\n<p><a href=\"https:\/\/www.google.com\/url?rct=j&amp;sa=t&amp;url=https:\/\/www.viveusa.mx\/negocios\/los-estados-con-mejores-salarios-para-las-mujeres-en-eu&amp;ct=ga&amp;cd=CAEYByoUMTMzODQ1NjI3Nzg5OTE1NDczNTUyGWMwMzcyZWJjMmZlYWRhNTk6ZXM6ZXM6RVM&amp;usg=AFQjCNGAO2SSgavj0aguUscIdnOtwHLvhQ\">Los estados con mejores salarios para las mujeres en EU <\/a>&#8211; ViveUSA<\/p>\n<p><a href=\"https:\/\/www.google.com\/url?rct=j&amp;sa=t&amp;url=https:\/\/es.globalvoices.org\/2020\/03\/08\/pia-barros-la-cuarta-ola-feminista-plantea-al-cuerpo-en-la-calle\/&amp;ct=ga&amp;cd=CAEYBioUMTI3MDI5NTI2NDU1NjM5ODExNzUyGWUxZTc3ZDE1NjA5OGE4ZTM6ZXM6ZXM6RVM&amp;usg=AFQjCNF_GR3oAZ6Gqv981EnCW5EWUcqZsA\">P\u00eda Barros: \u201cLa cuarta ola feminista plantea al cuerpo en la calle\u201d <\/a>&#8211; Global Voices en Espa\u00f1ol<\/p>\n<p><a href=\"https:\/\/elpais.com\/internacional\/2020-03-09\/von-der-leyen-cumple-100-dias-en-tierra-de-nadie.html\">Von der Leyen cumple 100 d\u00edas en tierra de nadie<\/a> \u2013 El Pa\u00eds<\/p>\n<p><a href=\"https:\/\/elpais.com\/internacional\/2020-03-09\/una-diputada-islamista-con-hiyab-accede-por-primera-vez-al-parlamento-de-israel.html\">Una diputada islamista con hiyab accede por primera vez al Parlamento de Israel <\/a>\u2013 El Pa\u00eds<\/p>\n<p><a href=\"https:\/\/www.google.com\/url?rct=j&amp;sa=t&amp;url=https:\/\/www.diariojuridico.com\/mexico-senado-solicita-informe-sobre-avances-contra-el-acoso-sexual\/&amp;ct=ga&amp;cd=CAEYACoUMTAxNDc2NDM3NzExMzIzMzc0MjUyGWUxZTc3ZDE1NjA5OGE4ZTM6ZXM6ZXM6RVM&amp;usg=AFQjCNGb_DgK4pAT9yLSuEGtDPaypKYXFg\">M\u00e9xico \u2013 Senado solicita informe sobre avances contra el acoso sexual <\/a>&#8211; diariojur\u00eddico.com<\/p>\n<p><a href=\"https:\/\/elpais.com\/cultura\/2020-03-07\/agnes-varda-una-cineasta-mas-alla-de-los-generos.html\">Agn\u00e8s Varda, una cineasta m\u00e1s all\u00e1 de los g\u00e9neros<\/a>\u2013 El Pa\u00eds<\/p>\n<p><a href=\"https:\/\/www.google.com\/url?rct=j&amp;sa=t&amp;url=https:\/\/www.clarin.com\/deportes\/abanderados-partida-doble-propuesta-perspectiva-genero-coi-tokio-2020_0_xA8A7QTG.html&amp;ct=ga&amp;cd=CAEYDyoTNTYyMjk4NjY3NDA0ODk4MDI1MDIZZTJkZWZhN2Q1ZGE5MTU3ZDplczplczpFUw&amp;usg=AFQjCNH8p1MAAY5phRe3j8_6LTDoaZuvgQ\">Abanderados por partida doble: la propuesta con perspectiva de g\u00e9nero del COI para Tokio 2020 <\/a>&#8211; Clar\u00edn.com<\/p>\n<p>[\/toggle]<\/p>\n<\/div>\n<\/div>\n<\/div>\n<\/div>\n<\/div>\n<\/div>\n","protected":false},"excerpt":{"rendered":"<p>Espa\u00f1a avanza en igualdad y asciende dos puestos en Europa-La <a href=\"https:\/\/cklcomunicaciones.es\/coop\/noticias-info-ckl-no-2-428-09-03-20\/\">[&#8230;]<\/a><\/p>\n","protected":false},"author":3,"featured_media":0,"comment_status":"closed","ping_status":"closed","sticky":false,"template":"","format":"standard","meta":{"footnotes":""},"categories":[298,623],"tags":[103,213,219],"class_list":["post-14857","post","type-post","status-publish","format-standard","hentry","category-newsletter","category-nwl-2-0","tag-ckl","tag-comunicacion-inclusiva","tag-perspectiva-de-genero"],"yoast_head":"<!-- This site is optimized with the Yoast SEO plugin v27.5 - https:\/\/yoast.com\/product\/yoast-seo-wordpress\/ -->\n<title>Noticias Info CKL n\u00ba 2.428-09\/03\/20-Comunicar con perspectiva de g\u00e9nero<\/title>\n<meta name=\"description\" content=\"Comunicar con perspectiva de g\u00e9nero: Espa\u00f1a avanza en igualdad y asciende dos puestos en Europa-La mujer al frente de la moda: el 60% de las empresas son de ellas-#DondeEstanEllas alcanzan la paridad en los debates de 2019-&#039;Ellas Crean&quot; de musas a creadoras\" \/>\n<meta name=\"robots\" content=\"index, follow, max-snippet:-1, max-image-preview:large, max-video-preview:-1\" \/>\n<link rel=\"canonical\" href=\"https:\/\/cklcomunicaciones.es\/coop\/noticias-info-ckl-no-2-428-09-03-20\/\" \/>\n<meta property=\"og:locale\" content=\"es_ES\" \/>\n<meta property=\"og:type\" content=\"article\" \/>\n<meta property=\"og:title\" content=\"Noticias Info CKL n\u00ba 2.428-09\/03\/20-Comunicar con perspectiva de g\u00e9nero\" \/>\n<meta property=\"og:description\" content=\"Comunicar con perspectiva de g\u00e9nero: Espa\u00f1a avanza en igualdad y asciende dos puestos en Europa-La mujer al frente de la moda: el 60% de las empresas son de ellas-#DondeEstanEllas alcanzan la paridad en los debates de 2019-&#039;Ellas Crean&quot; de musas a creadoras\" \/>\n<meta property=\"og:url\" content=\"https:\/\/cklcomunicaciones.es\/coop\/noticias-info-ckl-no-2-428-09-03-20\/\" \/>\n<meta property=\"og:site_name\" content=\"CKL Comunicaciones\" \/>\n<meta property=\"article:published_time\" content=\"2020-03-09T12:29:28+00:00\" \/>\n<meta property=\"article:modified_time\" content=\"2025-01-17T15:42:53+00:00\" \/>\n<meta property=\"og:image\" content=\"https:\/\/cklcomunicaciones.es\/coop\/wp-content\/uploads\/2018\/03\/CKL_comunicacion-con-perspetiva-de-genero.jpg\" \/>\n\t<meta property=\"og:image:width\" content=\"500\" \/>\n\t<meta property=\"og:image:height\" content=\"500\" \/>\n\t<meta property=\"og:image:type\" content=\"image\/jpeg\" \/>\n<meta name=\"author\" content=\"ckl\" \/>\n<meta name=\"twitter:card\" content=\"summary_large_image\" \/>\n<meta name=\"twitter:label1\" content=\"Escrito por\" \/>\n\t<meta name=\"twitter:data1\" content=\"ckl\" \/>\n\t<meta name=\"twitter:label2\" content=\"Tiempo de lectura\" \/>\n\t<meta name=\"twitter:data2\" content=\"6 minutos\" \/>\n<script type=\"application\/ld+json\" class=\"yoast-schema-graph\">{\"@context\":\"https:\\\/\\\/schema.org\",\"@graph\":[{\"@type\":\"Article\",\"@id\":\"https:\\\/\\\/cklcomunicaciones.es\\\/coop\\\/noticias-info-ckl-no-2-428-09-03-20\\\/#article\",\"isPartOf\":{\"@id\":\"https:\\\/\\\/cklcomunicaciones.es\\\/coop\\\/noticias-info-ckl-no-2-428-09-03-20\\\/\"},\"author\":{\"name\":\"ckl\",\"@id\":\"https:\\\/\\\/cklcomunicaciones.es\\\/coop\\\/#\\\/schema\\\/person\\\/929a6837f7626450bbb50cee1aef266e\"},\"headline\":\"Noticias Info CKL n\u00ba 2.428-09\\\/03\\\/20\",\"datePublished\":\"2020-03-09T12:29:28+00:00\",\"dateModified\":\"2025-01-17T15:42:53+00:00\",\"mainEntityOfPage\":{\"@id\":\"https:\\\/\\\/cklcomunicaciones.es\\\/coop\\\/noticias-info-ckl-no-2-428-09-03-20\\\/\"},\"wordCount\":1303,\"image\":{\"@id\":\"https:\\\/\\\/cklcomunicaciones.es\\\/coop\\\/noticias-info-ckl-no-2-428-09-03-20\\\/#primaryimage\"},\"thumbnailUrl\":\"http:\\\/\\\/www.cklcomunicaciones.es\\\/wp-content\\\/uploads\\\/2018\\\/03\\\/CKL_comunicacion-con-perspetiva-de-genero-300x300.jpg\",\"keywords\":[\"CKL\",\"comunicaci\u00f3n inclusiva\",\"perspectiva de g\u00e9nero\"],\"articleSection\":[\"Newsletter\",\"Nwl v2.0\"],\"inLanguage\":\"es\"},{\"@type\":\"WebPage\",\"@id\":\"https:\\\/\\\/cklcomunicaciones.es\\\/coop\\\/noticias-info-ckl-no-2-428-09-03-20\\\/\",\"url\":\"https:\\\/\\\/cklcomunicaciones.es\\\/coop\\\/noticias-info-ckl-no-2-428-09-03-20\\\/\",\"name\":\"Noticias Info CKL n\u00ba 2.428-09\\\/03\\\/20-Comunicar con perspectiva de g\u00e9nero\",\"isPartOf\":{\"@id\":\"https:\\\/\\\/cklcomunicaciones.es\\\/coop\\\/#website\"},\"primaryImageOfPage\":{\"@id\":\"https:\\\/\\\/cklcomunicaciones.es\\\/coop\\\/noticias-info-ckl-no-2-428-09-03-20\\\/#primaryimage\"},\"image\":{\"@id\":\"https:\\\/\\\/cklcomunicaciones.es\\\/coop\\\/noticias-info-ckl-no-2-428-09-03-20\\\/#primaryimage\"},\"thumbnailUrl\":\"http:\\\/\\\/www.cklcomunicaciones.es\\\/wp-content\\\/uploads\\\/2018\\\/03\\\/CKL_comunicacion-con-perspetiva-de-genero-300x300.jpg\",\"datePublished\":\"2020-03-09T12:29:28+00:00\",\"dateModified\":\"2025-01-17T15:42:53+00:00\",\"author\":{\"@id\":\"https:\\\/\\\/cklcomunicaciones.es\\\/coop\\\/#\\\/schema\\\/person\\\/929a6837f7626450bbb50cee1aef266e\"},\"description\":\"Comunicar con perspectiva de g\u00e9nero: Espa\u00f1a avanza en igualdad y asciende dos puestos en Europa-La mujer al frente de la moda: el 60% de las empresas son de ellas-#DondeEstanEllas alcanzan la paridad en los debates de 2019-'Ellas Crean\\\" de musas a creadoras\",\"breadcrumb\":{\"@id\":\"https:\\\/\\\/cklcomunicaciones.es\\\/coop\\\/noticias-info-ckl-no-2-428-09-03-20\\\/#breadcrumb\"},\"inLanguage\":\"es\",\"potentialAction\":[{\"@type\":\"ReadAction\",\"target\":[\"https:\\\/\\\/cklcomunicaciones.es\\\/coop\\\/noticias-info-ckl-no-2-428-09-03-20\\\/\"]}]},{\"@type\":\"ImageObject\",\"inLanguage\":\"es\",\"@id\":\"https:\\\/\\\/cklcomunicaciones.es\\\/coop\\\/noticias-info-ckl-no-2-428-09-03-20\\\/#primaryimage\",\"url\":\"http:\\\/\\\/www.cklcomunicaciones.es\\\/wp-content\\\/uploads\\\/2018\\\/03\\\/CKL_comunicacion-con-perspetiva-de-genero-300x300.jpg\",\"contentUrl\":\"http:\\\/\\\/www.cklcomunicaciones.es\\\/wp-content\\\/uploads\\\/2018\\\/03\\\/CKL_comunicacion-con-perspetiva-de-genero-300x300.jpg\"},{\"@type\":\"BreadcrumbList\",\"@id\":\"https:\\\/\\\/cklcomunicaciones.es\\\/coop\\\/noticias-info-ckl-no-2-428-09-03-20\\\/#breadcrumb\",\"itemListElement\":[{\"@type\":\"ListItem\",\"position\":1,\"name\":\"Portada\",\"item\":\"https:\\\/\\\/cklcomunicaciones.es\\\/coop\\\/\"},{\"@type\":\"ListItem\",\"position\":2,\"name\":\"Noticias Info CKL n\u00ba 2.428-09\\\/03\\\/20\"}]},{\"@type\":\"WebSite\",\"@id\":\"https:\\\/\\\/cklcomunicaciones.es\\\/coop\\\/#website\",\"url\":\"https:\\\/\\\/cklcomunicaciones.es\\\/coop\\\/\",\"name\":\"CKL Comunicaciones\",\"description\":\"Sitio web de CKL Comunicaciones coop , la consultora de comunicaci\u00f3n y estrategia\",\"potentialAction\":[{\"@type\":\"SearchAction\",\"target\":{\"@type\":\"EntryPoint\",\"urlTemplate\":\"https:\\\/\\\/cklcomunicaciones.es\\\/coop\\\/?s={search_term_string}\"},\"query-input\":{\"@type\":\"PropertyValueSpecification\",\"valueRequired\":true,\"valueName\":\"search_term_string\"}}],\"inLanguage\":\"es\"},{\"@type\":\"Person\",\"@id\":\"https:\\\/\\\/cklcomunicaciones.es\\\/coop\\\/#\\\/schema\\\/person\\\/929a6837f7626450bbb50cee1aef266e\",\"name\":\"ckl\",\"image\":{\"@type\":\"ImageObject\",\"inLanguage\":\"es\",\"@id\":\"https:\\\/\\\/secure.gravatar.com\\\/avatar\\\/c82db564e8a669bf6023357a157b9dc4780f4d4c618f2ad1d71a6a5dede45057?s=96&d=mm&r=g\",\"url\":\"https:\\\/\\\/secure.gravatar.com\\\/avatar\\\/c82db564e8a669bf6023357a157b9dc4780f4d4c618f2ad1d71a6a5dede45057?s=96&d=mm&r=g\",\"contentUrl\":\"https:\\\/\\\/secure.gravatar.com\\\/avatar\\\/c82db564e8a669bf6023357a157b9dc4780f4d4c618f2ad1d71a6a5dede45057?s=96&d=mm&r=g\",\"caption\":\"ckl\"},\"url\":\"https:\\\/\\\/cklcomunicaciones.es\\\/coop\\\/author\\\/cklcomunicaciones\\\/\"}]}<\/script>\n<!-- \/ Yoast SEO plugin. -->","yoast_head_json":{"title":"Noticias Info CKL n\u00ba 2.428-09\/03\/20-Comunicar con perspectiva de g\u00e9nero","description":"Comunicar con perspectiva de g\u00e9nero: Espa\u00f1a avanza en igualdad y asciende dos puestos en Europa-La mujer al frente de la moda: el 60% de las empresas son de ellas-#DondeEstanEllas alcanzan la paridad en los debates de 2019-'Ellas Crean\" de musas a creadoras","robots":{"index":"index","follow":"follow","max-snippet":"max-snippet:-1","max-image-preview":"max-image-preview:large","max-video-preview":"max-video-preview:-1"},"canonical":"https:\/\/cklcomunicaciones.es\/coop\/noticias-info-ckl-no-2-428-09-03-20\/","og_locale":"es_ES","og_type":"article","og_title":"Noticias Info CKL n\u00ba 2.428-09\/03\/20-Comunicar con perspectiva de g\u00e9nero","og_description":"Comunicar con perspectiva de g\u00e9nero: Espa\u00f1a avanza en igualdad y asciende dos puestos en Europa-La mujer al frente de la moda: el 60% de las empresas son de ellas-#DondeEstanEllas alcanzan la paridad en los debates de 2019-'Ellas Crean\" de musas a creadoras","og_url":"https:\/\/cklcomunicaciones.es\/coop\/noticias-info-ckl-no-2-428-09-03-20\/","og_site_name":"CKL Comunicaciones","article_published_time":"2020-03-09T12:29:28+00:00","article_modified_time":"2025-01-17T15:42:53+00:00","og_image":[{"width":500,"height":500,"url":"https:\/\/cklcomunicaciones.es\/coop\/wp-content\/uploads\/2018\/03\/CKL_comunicacion-con-perspetiva-de-genero.jpg","type":"image\/jpeg"}],"author":"ckl","twitter_card":"summary_large_image","twitter_misc":{"Escrito por":"ckl","Tiempo de lectura":"6 minutos"},"schema":{"@context":"https:\/\/schema.org","@graph":[{"@type":"Article","@id":"https:\/\/cklcomunicaciones.es\/coop\/noticias-info-ckl-no-2-428-09-03-20\/#article","isPartOf":{"@id":"https:\/\/cklcomunicaciones.es\/coop\/noticias-info-ckl-no-2-428-09-03-20\/"},"author":{"name":"ckl","@id":"https:\/\/cklcomunicaciones.es\/coop\/#\/schema\/person\/929a6837f7626450bbb50cee1aef266e"},"headline":"Noticias Info CKL n\u00ba 2.428-09\/03\/20","datePublished":"2020-03-09T12:29:28+00:00","dateModified":"2025-01-17T15:42:53+00:00","mainEntityOfPage":{"@id":"https:\/\/cklcomunicaciones.es\/coop\/noticias-info-ckl-no-2-428-09-03-20\/"},"wordCount":1303,"image":{"@id":"https:\/\/cklcomunicaciones.es\/coop\/noticias-info-ckl-no-2-428-09-03-20\/#primaryimage"},"thumbnailUrl":"http:\/\/www.cklcomunicaciones.es\/wp-content\/uploads\/2018\/03\/CKL_comunicacion-con-perspetiva-de-genero-300x300.jpg","keywords":["CKL","comunicaci\u00f3n inclusiva","perspectiva de g\u00e9nero"],"articleSection":["Newsletter","Nwl v2.0"],"inLanguage":"es"},{"@type":"WebPage","@id":"https:\/\/cklcomunicaciones.es\/coop\/noticias-info-ckl-no-2-428-09-03-20\/","url":"https:\/\/cklcomunicaciones.es\/coop\/noticias-info-ckl-no-2-428-09-03-20\/","name":"Noticias Info CKL n\u00ba 2.428-09\/03\/20-Comunicar con perspectiva de g\u00e9nero","isPartOf":{"@id":"https:\/\/cklcomunicaciones.es\/coop\/#website"},"primaryImageOfPage":{"@id":"https:\/\/cklcomunicaciones.es\/coop\/noticias-info-ckl-no-2-428-09-03-20\/#primaryimage"},"image":{"@id":"https:\/\/cklcomunicaciones.es\/coop\/noticias-info-ckl-no-2-428-09-03-20\/#primaryimage"},"thumbnailUrl":"http:\/\/www.cklcomunicaciones.es\/wp-content\/uploads\/2018\/03\/CKL_comunicacion-con-perspetiva-de-genero-300x300.jpg","datePublished":"2020-03-09T12:29:28+00:00","dateModified":"2025-01-17T15:42:53+00:00","author":{"@id":"https:\/\/cklcomunicaciones.es\/coop\/#\/schema\/person\/929a6837f7626450bbb50cee1aef266e"},"description":"Comunicar con perspectiva de g\u00e9nero: Espa\u00f1a avanza en igualdad y asciende dos puestos en Europa-La mujer al frente de la moda: el 60% de las empresas son de ellas-#DondeEstanEllas alcanzan la paridad en los debates de 2019-'Ellas Crean\" de musas a creadoras","breadcrumb":{"@id":"https:\/\/cklcomunicaciones.es\/coop\/noticias-info-ckl-no-2-428-09-03-20\/#breadcrumb"},"inLanguage":"es","potentialAction":[{"@type":"ReadAction","target":["https:\/\/cklcomunicaciones.es\/coop\/noticias-info-ckl-no-2-428-09-03-20\/"]}]},{"@type":"ImageObject","inLanguage":"es","@id":"https:\/\/cklcomunicaciones.es\/coop\/noticias-info-ckl-no-2-428-09-03-20\/#primaryimage","url":"http:\/\/www.cklcomunicaciones.es\/wp-content\/uploads\/2018\/03\/CKL_comunicacion-con-perspetiva-de-genero-300x300.jpg","contentUrl":"http:\/\/www.cklcomunicaciones.es\/wp-content\/uploads\/2018\/03\/CKL_comunicacion-con-perspetiva-de-genero-300x300.jpg"},{"@type":"BreadcrumbList","@id":"https:\/\/cklcomunicaciones.es\/coop\/noticias-info-ckl-no-2-428-09-03-20\/#breadcrumb","itemListElement":[{"@type":"ListItem","position":1,"name":"Portada","item":"https:\/\/cklcomunicaciones.es\/coop\/"},{"@type":"ListItem","position":2,"name":"Noticias Info CKL n\u00ba 2.428-09\/03\/20"}]},{"@type":"WebSite","@id":"https:\/\/cklcomunicaciones.es\/coop\/#website","url":"https:\/\/cklcomunicaciones.es\/coop\/","name":"CKL Comunicaciones","description":"Sitio web de CKL Comunicaciones coop , la consultora de comunicaci\u00f3n y estrategia","potentialAction":[{"@type":"SearchAction","target":{"@type":"EntryPoint","urlTemplate":"https:\/\/cklcomunicaciones.es\/coop\/?s={search_term_string}"},"query-input":{"@type":"PropertyValueSpecification","valueRequired":true,"valueName":"search_term_string"}}],"inLanguage":"es"},{"@type":"Person","@id":"https:\/\/cklcomunicaciones.es\/coop\/#\/schema\/person\/929a6837f7626450bbb50cee1aef266e","name":"ckl","image":{"@type":"ImageObject","inLanguage":"es","@id":"https:\/\/secure.gravatar.com\/avatar\/c82db564e8a669bf6023357a157b9dc4780f4d4c618f2ad1d71a6a5dede45057?s=96&d=mm&r=g","url":"https:\/\/secure.gravatar.com\/avatar\/c82db564e8a669bf6023357a157b9dc4780f4d4c618f2ad1d71a6a5dede45057?s=96&d=mm&r=g","contentUrl":"https:\/\/secure.gravatar.com\/avatar\/c82db564e8a669bf6023357a157b9dc4780f4d4c618f2ad1d71a6a5dede45057?s=96&d=mm&r=g","caption":"ckl"},"url":"https:\/\/cklcomunicaciones.es\/coop\/author\/cklcomunicaciones\/"}]}},"_links":{"self":[{"href":"https:\/\/cklcomunicaciones.es\/coop\/wp-json\/wp\/v2\/posts\/14857","targetHints":{"allow":["GET"]}}],"collection":[{"href":"https:\/\/cklcomunicaciones.es\/coop\/wp-json\/wp\/v2\/posts"}],"about":[{"href":"https:\/\/cklcomunicaciones.es\/coop\/wp-json\/wp\/v2\/types\/post"}],"author":[{"embeddable":true,"href":"https:\/\/cklcomunicaciones.es\/coop\/wp-json\/wp\/v2\/users\/3"}],"replies":[{"embeddable":true,"href":"https:\/\/cklcomunicaciones.es\/coop\/wp-json\/wp\/v2\/comments?post=14857"}],"version-history":[{"count":0,"href":"https:\/\/cklcomunicaciones.es\/coop\/wp-json\/wp\/v2\/posts\/14857\/revisions"}],"wp:attachment":[{"href":"https:\/\/cklcomunicaciones.es\/coop\/wp-json\/wp\/v2\/media?parent=14857"}],"wp:term":[{"taxonomy":"category","embeddable":true,"href":"https:\/\/cklcomunicaciones.es\/coop\/wp-json\/wp\/v2\/categories?post=14857"},{"taxonomy":"post_tag","embeddable":true,"href":"https:\/\/cklcomunicaciones.es\/coop\/wp-json\/wp\/v2\/tags?post=14857"}],"curies":[{"name":"wp","href":"https:\/\/api.w.org\/{rel}","templated":true}]}}