{"id":14843,"date":"2020-02-25T15:14:54","date_gmt":"2020-02-25T14:14:54","guid":{"rendered":"http:\/\/www.cklcomunicaciones.es\/?p=14843"},"modified":"2025-01-17T16:42:54","modified_gmt":"2025-01-17T15:42:54","slug":"noticias-info-ckl-no-2-423-25-02-20","status":"publish","type":"post","link":"https:\/\/cklcomunicaciones.es\/coop\/noticias-info-ckl-no-2-423-25-02-20\/","title":{"rendered":"Noticias Info CKL n\u00ba 2.423-25\/02\/20"},"content":{"rendered":"<div id=\"pl-14843\"  class=\"panel-layout\" >\n<div id=\"pg-14843-0\"  class=\"panel-grid panel-no-style\"  data-style=\"{&quot;background_image_attachment&quot;:false,&quot;background_display&quot;:&quot;tile&quot;,&quot;cell_alignment&quot;:&quot;flex-start&quot;}\" >\n<div id=\"pgc-14843-0-0\"  class=\"panel-grid-cell\"  data-weight=\"1\" >\n<div id=\"panel-14843-0-0-0\" class=\"so-panel widget widget_sow-editor panel-first-child panel-last-child\" data-index=\"0\" data-style=\"{&quot;background_image_attachment&quot;:false,&quot;background_display&quot;:&quot;tile&quot;}\" >\n<div class=\"so-widget-sow-editor so-widget-sow-editor-base\">\n<div class=\"siteorigin-widget-tinymce textwidget\">\n<p><img decoding=\"async\" class=\"lazyload  wp-image-13726\" src=\"http:\/\/www.cklcomunicaciones.es\/wp-content\/uploads\/2018\/03\/CKL_comunicacion-con-perspetiva-de-genero-300x300.jpg\" data-orig-src=\"http:\/\/www.cklcomunicaciones.es\/wp-content\/uploads\/2018\/03\/CKL_comunicacion-con-perspetiva-de-genero-300x300.jpg\" alt=\"CKL_comunicacion con perspetiva de genero\" width=\"132\" height=\"132\" srcset=\"data:image\/svg+xml,%3Csvg%20xmlns%3D%27http%3A%2F%2Fwww.w3.org%2F2000%2Fsvg%27%20width%3D%27132%27%20height%3D%27132%27%20viewBox%3D%270%200%20132%20132%27%3E%3Crect%20width%3D%27132%27%20height%3D%27132%27%20fill-opacity%3D%220%22%2F%3E%3C%2Fsvg%3E\" data-srcset=\"https:\/\/cklcomunicaciones.es\/coop\/wp-content\/uploads\/2018\/03\/CKL_comunicacion-con-perspetiva-de-genero-150x150.jpg 150w, https:\/\/cklcomunicaciones.es\/coop\/wp-content\/uploads\/2018\/03\/CKL_comunicacion-con-perspetiva-de-genero-300x300.jpg 300w, https:\/\/cklcomunicaciones.es\/coop\/wp-content\/uploads\/2018\/03\/CKL_comunicacion-con-perspetiva-de-genero-450x450.jpg 450w, https:\/\/cklcomunicaciones.es\/coop\/wp-content\/uploads\/2018\/03\/CKL_comunicacion-con-perspetiva-de-genero.jpg 500w\" data-sizes=\"auto\" data-orig-sizes=\"(max-width: 132px) 100vw, 132px\" \/><\/p>\n<p id=\":1z5\" class=\"hP\" tabindex=\"-1\" data-thread-perm-id=\"thread-f:1659517979861103361\" data-legacy-thread-id=\"1707cacf67feb301\"><strong>Montero anuncia Plan Estrat\u00e9gico de Igualdad de Oportunidades-Mar\u00eda Castellano Arroyo, Medalla de Andaluc\u00eda-Bibiana A\u00eddo: \u00abLlegamos tarde a la lucha por la igualdad, pero llegamos de los primeros\u00bb-\u00abPalabra de mujer\u201d<\/strong><\/p>\n<p>[toggle type=\u00bbfirst\u00bb title=\u00bbConvocatorias\u00bb]<\/p>\n<ul>\n<li><a href=\"http:\/\/www.juntadeandalucia.es\/iam\/catalogo\/doc\/convocatorias\/2020-genero\/SE-alianza-feminista.jpg\">Dialogando &#8216;Alianza Feminista<\/a><strong><a href=\"http:\/\/www.juntadeandalucia.es\/iam\/catalogo\/doc\/convocatorias\/2020-genero\/SE-alianza-feminista.jpg\">&#8216;<\/a><\/strong>. F\u00f3rum de Pol\u00edtica Feminista de Sevilla. 5 de marzo de 2020<\/li>\n<\/ul>\n<p>[\/toggle]<\/p>\n<p>[toggle type=\u00bbfirst\u00bb title=\u00bbComunicaci\u00f3n\u00bb]<\/p>\n<p>\u201c<a href=\"https:\/\/www.google.com\/url?rct=j&amp;sa=t&amp;url=http:\/\/fape.es\/palabra-de-mujer-manual-con-enfoque-de-genero-para-profesionales-del-periodismo\/&amp;ct=ga&amp;cd=CAEYASoUMTIxMTg1OTkxNDI4MTg5NDMzOTEyGWMwMzcyZWJjMmZlYWRhNTk6ZXM6ZXM6RVM&amp;usg=AFQjCNHbZpM9xoedboq0uq5Dsi6Chbnt5w\">Palabra de mujer\u201d. Manual con enfoque de g\u00e9nero para profesionales del periodismo <\/a>&#8211; FAPE<\/p>\n<p><a href=\"https:\/\/www.google.com\/url?rct=j&amp;sa=t&amp;url=https:\/\/eldiadigital.es\/art\/320024\/el-instituto-de-la-mujer-propone-eliminar-senorita-de-textos-oficiales&amp;ct=ga&amp;cd=CAEYACoTODAwMjUxMDk2MDA5MTUxNDY1NDIZYzAzNzJlYmMyZmVhZGE1OTplczplczpFUw&amp;usg=AFQjCNH7oSKuRExCcYOwgjVdNqzTELhuDQ\">El Instituto de la Mujer de CLM propone eliminar &#8216;se\u00f1orita&#8217; de textos oficiales <\/a>&#8211; <a href=\"http:\/\/eldiadigital.es\">eldiadigital.es<\/a><\/p>\n<p><a href=\"https:\/\/www.google.com\/url?rct=j&amp;sa=t&amp;url=https:\/\/m.diariodecadiz.es\/chiclana\/Chiclana-publicitaria-establecimiento-prostitucion-muelle-sala_0_1440456436.html&amp;ct=ga&amp;cd=CAEYDSoUMTM0MTc3NzY3NjAzNzY2ODk5OTAyGWMwMzcyZWJjMmZlYWRhNTk6ZXM6ZXM6RVM&amp;usg=AFQjCNHMr8yAulGCffXrwdsM7JvGldVZCw\">Retiran en Chiclana una valla publicitaria sobre un establecimiento de prostituci\u00f3n <\/a>&#8211; Diario de C\u00e1diz<\/p>\n<p><a href=\"https:\/\/www.google.com\/url?rct=j&amp;sa=t&amp;url=https:\/\/www.lanacion.com.ar\/lifestyle\/segun-estudio-youtube-refuerza-estereotipos-genero-nid2336121&amp;ct=ga&amp;cd=CAEYAyoSNjU3Mzk0NzEwMjQyMzg4NzEyMhllMmRlZmE3ZDVkYTkxNTdkOmVzOmVzOkVT&amp;usg=AFQjCNGuHysQ-83xZ5Hv46PgadBiAf0Pgw\">Seg\u00fan un estudio, Youtube refuerza los estereotipos de g\u00e9nero <\/a>&#8211; La Naci\u00f3n<\/p>\n<p><a href=\"https:\/\/www.eldiario.es\/euroblog\/futuro-digital-Europa-picota_6_999210088.html\">El futuro digital de Europa, en la picota<\/a>&#8211; <a href=\"http:\/\/eldiario.es\">eldiario.es<\/a><\/p>\n<p><a href=\"https:\/\/www.google.com\/url?rct=j&amp;sa=t&amp;url=https:\/\/www.ideal.es\/granada\/provincia-granada\/facebook-censura-foto-20200224192925-nt.html&amp;ct=ga&amp;cd=CAEYACoTNjg3Njg4MzczNDM0MzkxMzk3MjIZYzAzNzJlYmMyZmVhZGE1OTplczplczpFUw&amp;usg=AFQjCNEGkF8hZeq2qdfvuAxg1hGXlFJHiw\">Facebook censura la foto de la mujer del Neandertal del yacimiento de Fonelas <\/a>&#8211; Ideal Digital<\/p>\n<p>[\/toggle]<\/p>\n<p>[toggle type=\u00bbfirst\u00bb title=\u00bbAndaluc\u00eda\u00bb]<\/p>\n<p><strong>Institucional<\/strong><\/p>\n<p><a href=\"http:\/\/www.juntadeandalucia.es\/presidencia\/portavoz\/150470\/MedallasdeAndalucia\/28F\/HijosPredilectos\/JuntadeAndalucia\/GobiernodeAndalucia\">Hijos Predilectos y Medallas de Andaluc\u00eda 2020<\/a> \u2013 Oficina del Portavoz<strong>\u00a0<\/strong><\/p>\n<p><strong>Econom\u00eda y Empresas<\/strong><\/p>\n<p><a href=\"https:\/\/www.google.com\/url?rct=j&amp;sa=t&amp;url=https:\/\/www.lavanguardia.com\/vida\/20200220\/473668818954\/el-instituto-andaluz-de-la-mujer-lanza-campana-contra-la-brecha-salarial.html&amp;ct=ga&amp;cd=CAEYACoTNTUyODc4OTg5MjA1NzgxNzc2MjIbOWFiMWNkZDdlMzY2ZWYzODplczplczpFUzpS&amp;usg=AFQjCNFXFgoI9JxzGEQfrIbbn-JD18ep5g\">El Instituto Andaluz de la Mujer lanza campa\u00f1a contra la brecha salarial <\/a>&#8211; La Vanguardia<\/p>\n<p><a href=\"https:\/\/www.google.com\/url?rct=j&amp;sa=t&amp;url=http:\/\/www.rrhhdigital.com\/secciones\/conciliacion-e-igualdad\/140479\/Abogadas-empresarias-y-profesionales-de-la-igualdad-se-dan-cita-en-el-I-Congreso-Internacional-de-Igualdad-de-Oportunidades-y-Empresa&amp;ct=ga&amp;cd=CAEYACoUMTY1ODgzOTUzMTYzMzA4MzU2NzIyGzlhYjFjZGQ3ZTM2NmVmMzg6ZXM6ZXM6RVM6Ug&amp;usg=AFQjCNExW6v61sxF2kCh5EYYBodj270zsw\">Abogadas, empresarias y profesionales de la igualdad se dan cita en el I Congreso Internacional Igualdad de Oportunidades y Empresa&#8230; <\/a>&#8211; RRHHDigital<\/p>\n<p><a href=\"https:\/\/www.google.com\/url?rct=j&amp;sa=t&amp;url=https:\/\/huelvaya.es\/2020\/02\/24\/univergem-un-impulso-al-empleo-entre-las-mujeres-universitarias\/&amp;ct=ga&amp;cd=CAEYAyoUMTM0MTc3NzY3NjAzNzY2ODk5OTAyGWMwMzcyZWJjMmZlYWRhNTk6ZXM6ZXM6RVM&amp;usg=AFQjCNGDVMz5rTRd8WZUzojrAN-skSrimw\">Univergem, un impulso al empleo entre las mujeres universitarias <\/a>&#8211; HuelvaYA<\/p>\n<p><a href=\"https:\/\/www.mujeremprendedora.net\/mas-50-emprendedoras-sevillanas-beneficiarias-formacion-gratuita-programa-gira-mujeres-weekend\/\">M\u00e1s de 50 emprendedoras sevillanas beneficiarias de la formaci\u00f3n gratuita de Gira Mujeres Weekend<\/a> \u2013 Mujeremprendedora.net<\/p>\n<p><a href=\"https:\/\/www.google.com\/url?rct=j&amp;sa=t&amp;url=https:\/\/www.diariojaen.es\/jaen\/la-economia-social-se-pone-en-valor-en-su-semana-FJ6812430&amp;ct=ga&amp;cd=CAEYACoTMTU5Mjg2OTU0NTQyNTAxMjA3MzIZZDc4ZTU4NzVhMGYxZjJhYzplczplczpFUw&amp;usg=AFQjCNEbEeBZfub7-4PrngwYW7OZsXwJHQ\">La Econom\u00eda Social se pone en valor en su semana <\/a>&#8211; Diario Ja\u00e9n<\/p>\n<p><a href=\"https:\/\/www.google.com\/url?rct=j&amp;sa=t&amp;url=http:\/\/www.canalsur.es\/noticias\/la-brecha-entre-sexos-se-acerca-a-los-seis-mil-euros-por-ano\/1553266.html&amp;ct=ga&amp;cd=CAEYAioTOTQ1MzcyNDM2OTU2OTE1ODExMzIbOWFiMWNkZDdlMzY2ZWYzODplczplczpFUzpS&amp;usg=AFQjCNGwQiQJuFtSDItfIwXviNi1xAJ50Q\">La brecha entre sexos se acerca a los seis mil euros por a\u00f1o <\/a>&#8211; CanalSurWeb<\/p>\n<p><a href=\"https:\/\/www.google.com\/url?rct=j&amp;sa=t&amp;url=http:\/\/www.cordobahoy.es\/articulo\/la-ciudad\/ccoo-edita-guia-medidas-conciliacion-corresponsabilidad\/20200224174924074596.html&amp;ct=ga&amp;cd=CAEYAyoUMTQ5MTUxNTE5Nzc0MTA5NTkyMzkyGzlhYjFjZGQ3ZTM2NmVmMzg6ZXM6ZXM6RVM6Ug&amp;usg=AFQjCNEtIibEVQnb4wN6vIBUGPvZ2Oo_AQ\">CCOO de C\u00f3rdoba edita una gu\u00eda sobre medidas de conciliaci\u00f3n y corresponsabilidad <\/a>&#8211; Yolanda Pedrosa<strong>\u00a0<\/strong><\/p>\n<p><strong>A<\/strong><strong>ctualidad<\/strong><\/p>\n<p><a href=\"https:\/\/www.google.com\/url?rct=j&amp;sa=t&amp;url=https:\/\/www.cope.es\/emisoras\/andalucia\/granada-provincia\/granada\/audios\/iaa-montserrat-zamorano-recibiran-medalla-andalucia-20200224_1018512&amp;ct=ga&amp;cd=CAEYASoSMjQxOTE4NTA0NDg4MzU0MzcxMhlkNzhlNTg3NWEwZjFmMmFjOmVzOmVzOkVT&amp;usg=AFQjCNEK17OaaYyLT-rNC8JUbrIbglgfaA\">El IAA y Montserrat Zamorano recibir\u00e1n la medalla de Andaluc\u00eda <\/a>&#8211; COPE<\/p>\n<p><a href=\"https:\/\/www.google.com\/url?rct=j&amp;sa=t&amp;url=https:\/\/lacontradejaen.com\/maria-castellano-jaen-medalla-andalucia\/&amp;ct=ga&amp;cd=CAEYJCoUMTM0MTc3NzY3NjAzNzY2ODk5OTAyGWMwMzcyZWJjMmZlYWRhNTk6ZXM6ZXM6RVM&amp;usg=AFQjCNHuB5qdODPNGBx1khbOZUqdCMzUvA\">Mar\u00eda Castellano Arroyo, Medalla de Andaluc\u00eda<\/a> &#8211; Lacontradejaen<\/p>\n<p><a href=\"https:\/\/www.google.com\/url?rct=j&amp;sa=t&amp;url=https:\/\/andaluciainformacion.es\/san-fernando\/880320\/el-futuro-sera-feminista-es-el-lema-de-la-campana-del-8-de-marzo\/&amp;ct=ga&amp;cd=CAEYAioSNjU3Mzk0NzEwMjQyMzg4NzEyMhllMmRlZmE3ZDVkYTkxNTdkOmVzOmVzOkVT&amp;usg=AFQjCNFppA_Uqr_LVcP4WLXjkV0mooSA3w\">&#8216;El futuro ser\u00e1 feminista&#8217; es el lema de la campa\u00f1a del 8 de Marzo <\/a>&#8211; Andaluc\u00eda Informaci\u00f3n<\/p>\n<p><a href=\"https:\/\/www.google.com\/url?rct=j&amp;sa=t&amp;url=https:\/\/www.lavanguardia.com\/local\/sevilla\/20200223\/473722994350\/el-i-congreso-andaluz-de-coeducacion-abordara-el-lenguaje-igualitario-y-el-sexismo-en-los-videojuegos.html&amp;ct=ga&amp;cd=CAEYACoTOTkzNjg5NTA1MzkyODk0NTkzNTIbOWFiMWNkZDdlMzY2ZWYzODplczplczpFUzpS&amp;usg=AFQjCNETx44at_rVf9Gwd4HtPlPi6Zl8tQ\">El I Congreso Andaluz de Coeducaci\u00f3n abordar\u00e1 el lenguaje igualitario y el sexismo en los &#8230; <\/a>&#8211; La Vanguardia<\/p>\n<p><a href=\"https:\/\/www.google.com\/url?rct=j&amp;sa=t&amp;url=https:\/\/www.laopiniondemalaga.es\/andalucia\/2020\/02\/23\/pin-parental-legal-hay-garantizar\/1148029.html&amp;ct=ga&amp;cd=CAEYAyoTOTkzNjg5NTA1MzkyODk0NTkzNTIbOWFiMWNkZDdlMzY2ZWYzODplczplczpFUzpS&amp;usg=AFQjCNE9AI2P1LZCpRcmrkjNIMEi_A6R5A\">\u00abEl pin parental no es legal, hay que garantizar la educaci\u00f3n en valores\u00bb <\/a>&#8211; La Opini\u00f3n de M\u00e1laga<strong>\u00a0<\/strong><\/p>\n<p><strong>Violencias<\/strong><\/p>\n<p><a href=\"https:\/\/www.google.com\/url?rct=j&amp;sa=t&amp;url=http:\/\/www.noticiaspress.es\/2020\/02\/violencia-de-genero-como-afecta-a-la-salud-de-las-mujeres\/&amp;ct=ga&amp;cd=CAEYBCoUMTQ5MTUxNTE5Nzc0MTA5NTkyMzkyGzlhYjFjZGQ3ZTM2NmVmMzg6ZXM6ZXM6RVM6Ug&amp;usg=AFQjCNEWCePa7Iiy3EAf0HeiEUHHr-8J1w\">Violencia de g\u00e9nero: c\u00f3mo afecta a la salud de las mujeres <\/a>-Noticiaspress.es<\/p>\n<p><a href=\"https:\/\/www.google.com\/url?rct=j&amp;sa=t&amp;url=https:\/\/www.lavanguardia.com\/vida\/20200221\/473678845056\/junta-e-interfresa-se-unen-para-prevenir-acoso-a-mujeres-extranjeras-en-campo.html&amp;ct=ga&amp;cd=CAEYACoTNzkwNjE0ODAwMjc5NDcxNTg5MzIbOWFiMWNkZDdlMzY2ZWYzODplczplczpFUzpS&amp;usg=AFQjCNEtkZjvckFRbjEEy6lfhLM_LszU-A\">Junta e Interfresa se unen para prevenir acoso a mujeres extranjeras en campo <\/a>&#8211; La Vanguardia<\/p>\n<p><a href=\"https:\/\/www.google.com\/url?rct=j&amp;sa=t&amp;url=https:\/\/cordobabn.com\/2020\/02\/21\/andalucia-crea-una-red-de-alojamientos-para-evitar-que-las-menores-tuteladas-sean-victimas-de-trata\/&amp;ct=ga&amp;cd=CAEYASoTNzkwNjE0ODAwMjc5NDcxNTg5MzIbOWFiMWNkZDdlMzY2ZWYzODplczplczpFUzpS&amp;usg=AFQjCNFlYEDTfTPc7U3ehUB8BhKqBDPSGw\">Andaluc\u00eda crea una red de alojamientos para evitar que las menores tuteladas sean v\u00edctimas de trata <\/a>&#8211; C\u00f3rdoba Buenas Noticias<\/p>\n<p><a href=\"https:\/\/www.google.com\/url?rct=j&amp;sa=t&amp;url=http:\/\/www.sevillaactualidad.com\/provincia\/141610-violencia-de-genero-en-sevilla-mas-de-370-mujeres-recibieron-atencion-psicologica-en-2019\/&amp;ct=ga&amp;cd=CAEYACoTOTQ1MzcyNDM2OTU2OTE1ODExMzIbOWFiMWNkZDdlMzY2ZWYzODplczplczpFUzpS&amp;usg=AFQjCNHkjqG0AF80b0T5fDmSUuw_Z9r43A\">Violencia de g\u00e9nero en Sevilla: m\u00e1s de 370 mujeres recibieron atenci\u00f3n psicol\u00f3gica en 2019 <\/a>&#8211; Sevilla Actualidad<\/p>\n<p><strong>Ciencia y Cultura<\/strong><\/p>\n<p><a href=\"https:\/\/www.google.com\/url?rct=j&amp;sa=t&amp;url=https:\/\/cordopolis.es\/2020\/02\/24\/la-directora-del-reina-sofia-nominada-a-unos-premios-que-reconocen-el-liderazgo-femenino-en-la-sanidad\/&amp;ct=ga&amp;cd=CAEYGSoUMTM0MTc3NzY3NjAzNzY2ODk5OTAyGWMwMzcyZWJjMmZlYWRhNTk6ZXM6ZXM6RVM&amp;usg=AFQjCNHCwaFPZARs1AUu7jQVp8DkZGLczg\">La directora del Reina Sof\u00eda, Valle Garc\u00eda, nominada a unos premios que reconocen el liderazgo femenino en la Sanidad &#8230; <\/a>&#8211; Cord\u00f3polis<\/p>\n<p><a href=\"https:\/\/www.google.com\/url?rct=j&amp;sa=t&amp;url=http:\/\/www.canalsur.es\/noticias\/el-instituto-de-astrofisica-de-andalucia-acerca-el-conocimiento-del-cosmos-a-la-sociedad\/1554352.html&amp;ct=ga&amp;cd=CAEYByoUMTM0MTc3NzY3NjAzNzY2ODk5OTAyGWMwMzcyZWJjMmZlYWRhNTk6ZXM6ZXM6RVM&amp;usg=AFQjCNEnQ9EbI10yqX9IOhCu4eWxLetMFA\">El Instituto de Astrof\u00edsica de Andaluc\u00eda acerca el conocimiento del cosmos a la sociedad <\/a>&#8211; CanalSurWeb<\/p>\n<p><a href=\"https:\/\/www.google.com\/url?rct=j&amp;sa=t&amp;url=https:\/\/cordobabn.com\/2020\/02\/21\/igualdad-de-genero-en-el-ambito-laboral-ii-jornadas-universitarias-sobre-empresas-y-derechos-humanos\/&amp;ct=ga&amp;cd=CAEYASoUMTExMDk0NTE2MjIzNTQ1OTY4MTMyGzlhYjFjZGQ3ZTM2NmVmMzg6ZXM6ZXM6RVM6Ug&amp;usg=AFQjCNGjvEbG4jTEXujftWF05AOgQodKWQ\">Igualdad de g\u00e9nero en el \u00e1mbito laboral, II Jornadas universitarias sobre empresas y derechos &#8230; <\/a>&#8211; C\u00f3rdoba Buenas Noticias<\/p>\n<p><a href=\"https:\/\/www.google.com\/url?rct=j&amp;sa=t&amp;url=https:\/\/m.diariodesevilla.es\/vivirensevilla\/Ana-Rossetti-Aquiles-pelirroja-Yerma_0_1439556381.html&amp;ct=ga&amp;cd=CAEYAioTNzkwNjE0ODAwMjc5NDcxNTg5MzIbOWFiMWNkZDdlMzY2ZWYzODplczplczpFUzpS&amp;usg=AFQjCNHy_SNfn_WMgBfqvT_yIe2YPrJBAg\">Ana Rossetti presenta su versi\u00f3n infantil del Aquiles m\u00e1s inclusivo en la librer\u00eda Yerma <\/a>&#8211; Diario de Sevilla<\/p>\n<p><strong>Deporte<\/strong><\/p>\n<p><a href=\"https:\/\/as.com\/futbol\/2020\/02\/24\/femenino\/1582576987_198146.html\">Willy, m\u00e1s que una jugadora: del c\u00e9sped a las oficinas del Betis<\/a>&#8211; AS<\/p>\n<p><a href=\"https:\/\/www.mujeremprendedora.net\/mujer-gestion-deportiva-debate-entre-profesionales-ambito-deportivo-andaluz\/\">Mujer y gesti\u00f3n deportiva a debate entre profesionales del \u00e1mbito deportivo andaluz<\/a> \u2013 Mujeremprendedora.net<\/p>\n<p>[\/toggle]<\/p>\n<p>[toggle type=\u00bbfirst\u00bb title=\u00bbEstado\u00bb]<\/p>\n<p><strong>Institucional<\/strong><\/p>\n<p><a href=\"https:\/\/www.google.com\/url?rct=j&amp;sa=t&amp;url=https:\/\/gacetamedica.com\/politica\/montero-anuncia-un-plan-estrategico-de-igualdad\/&amp;ct=ga&amp;cd=CAEYACoTODY4NDc5MTkyNjE4NTEyMDk1MDIZYzAzNzJlYmMyZmVhZGE1OTplczplczpFUw&amp;usg=AFQjCNGAYS7p-kMSlxnbfEtkk6am-GhvNA\">Montero anuncia un Plan Estrat\u00e9gico de Igualdad de Oportunidades\u2026 <\/a>&#8211; Gaceta M\u00e9dica<strong>\u00a0<\/strong><\/p>\n<p><strong>Institucional-CCAA<\/strong><\/p>\n<p><a href=\"https:\/\/www.google.com\/url?rct=j&amp;sa=t&amp;url=https:\/\/pamplonaactual.com\/el-instituto-de-la-igualdad-conmemora-su-25-aniversario-con-un-programa-de-actos-a-lo-largo-de-2020\/&amp;ct=ga&amp;cd=CAEYASoUMTM0MTc3NzY3NjAzNzY2ODk5OTAyGWMwMzcyZWJjMmZlYWRhNTk6ZXM6ZXM6RVM&amp;usg=AFQjCNGWBjWalQRk9C7kXV1xb3z1Q7-Jaw\">El Instituto de la Igualdad conmemora su 25 aniversario con un programa de actos a lo largo de &#8230; <\/a>&#8211; Pamplona actual<\/p>\n<p><a href=\"https:\/\/www.google.com\/url?rct=j&amp;sa=t&amp;url=https:\/\/www.lavanguardia.com\/local\/paisvasco\/20200224\/473742411322\/la-campana-del-8-de-marzo-de-emakunde-llama-a-las-nuevas-generaciones-a-seguir-avanzando-en-la-igualdad-y-empoderamiento.html&amp;ct=ga&amp;cd=CAEYBSoUMTM0MTc3NzY3NjAzNzY2ODk5OTAyGWMwMzcyZWJjMmZlYWRhNTk6ZXM6ZXM6RVM&amp;usg=AFQjCNEux2tnDEMs1wgApZI9EOsMo0zh2g\">La campa\u00f1a del 8 de marzo de Emakunde llama a las nuevas generaciones a seguir avanzando &#8230; <\/a>&#8211; La Vanguardia<\/p>\n<p><a href=\"https:\/\/www.google.com\/url?rct=j&amp;sa=t&amp;url=https:\/\/www.elperiodic.com\/villajoyosa\/vila-asiste-presentacion-memoria-valenciana-agentes-igualdad-nuevas-ayudas-municipios-fvmp_667278&amp;ct=ga&amp;cd=CAEYCyoUMTM0MTc3NzY3NjAzNzY2ODk5OTAyGWMwMzcyZWJjMmZlYWRhNTk6ZXM6ZXM6RVM&amp;usg=AFQjCNFXMsJfvyRQGSkkw8ALo9o27_VSsQ\">La Vila asiste a la presentaci\u00f3n de la memoria de la Red Valenciana de Agentes de Igualdad y las &#8230; <\/a>&#8211; <a href=\"http:\/\/elperiodic.com\">elperiodic.com<\/a><\/p>\n<p><a href=\"https:\/\/www.google.com\/url?rct=j&amp;sa=t&amp;url=http:\/\/www.diariosigloxxi.com\/texto-s\/mostrar\/352370\/ayuntamiento-madrid-otorga-premio-clara-campoamor-primera-mujer-general-ejercito&amp;ct=ga&amp;cd=CAEYBCoTODY4NDc5MTkyNjE4NTEyMDk1MDIZYzAzNzJlYmMyZmVhZGE1OTplczplczpFUw&amp;usg=AFQjCNGqH9qgJoOhtSfs3xPOpwSBldbS1w\">El Ayuntamiento de Madrid otorga el Premio Clara Campoamor a la primera mujer general del &#8230; <\/a>&#8211; Diario Siglo XXI<\/p>\n<p><a href=\"https:\/\/www.google.com\/url?rct=j&amp;sa=t&amp;url=https:\/\/www.miciudadreal.es\/2020\/02\/20\/el-gobierno-regional-presenta-dos-nuevas-guias-para-concienciar-y-sensibilizar-en-la-utilizacion-del-lenguaje-incluyente-y-no-sexista\/&amp;ct=ga&amp;cd=CAEYACoUMTYyNzI4ODE3NDAzMDU0NDY2MTEyGWMwMzcyZWJjMmZlYWRhNTk6ZXM6ZXM6RVM&amp;usg=AFQjCNHDJM39ECbetCGXUKFCFWszFnQOvg\">El Gobierno regional presenta dos nuevas gu\u00edas para concienciar y sensibilizar en la utilizaci\u00f3n .. &#8211;<\/a>Mi Ciudad Real<\/p>\n<p><a href=\"https:\/\/www.google.com\/url?rct=j&amp;sa=t&amp;url=https:\/\/www.20minutos.es\/noticia\/4158662\/0\/maria-duran-la-pornografia-es-la-prostitucion-del-siglo-xxi-y-nuestros-ninos-tienen-acceso-a-ella\/&amp;ct=ga&amp;cd=CAEYCCoTMjQyMzMxNzI4Njk1ODkyMjAyNDIZYzAzNzJlYmMyZmVhZGE1OTplczplczpFUw&amp;usg=AFQjCNFi_8f1K2mkpJzdWC4g-Ub0zwJwLw\">Maria Dur\u00e1n, directora del Instituto Balear de la Mujer: \u00abLa pornograf\u00eda es la prostituci\u00f3n del siglo XXI y nuestros ni\u00f1os tienen acceso a ella\u00bb <\/a>&#8211; 20minutos<\/p>\n<p><a href=\"https:\/\/www.google.com\/url?rct=j&amp;sa=t&amp;url=https:\/\/www.que.es\/ciudades\/canarias\/igualdad-impulsara-politicas-dirigidas-a-potenciar-la-empleabilidad-de-las-mujeres-con-discapacidad.html&amp;ct=ga&amp;cd=CAEYASoUMTQ5OTgwNzY2Mjk5MDk4NDA2MTIyGWMwMzcyZWJjMmZlYWRhNTk6ZXM6ZXM6RVM&amp;usg=AFQjCNFsf8ilFaajiv-Ug4lmKzA71SShkw\">Igualdad en Canarias impulsar\u00e1 pol\u00edticas dirigidas a potenciar la empleabilidad de las mujeres con discapacidad <\/a>&#8211; Qu\u00e9.es<\/p>\n<p><a href=\"https:\/\/www.google.com\/url?rct=j&amp;sa=t&amp;url=https:\/\/www.heraldo.es\/noticias\/aragon\/2020\/02\/21\/iam-aragon-lanza-libro-braille-servicios-telefonos-mujeres-discapacidad-visual-1360140.html&amp;ct=ga&amp;cd=CAEYAyoUMTQ5OTgwNzY2Mjk5MDk4NDA2MTIyGWMwMzcyZWJjMmZlYWRhNTk6ZXM6ZXM6RVM&amp;usg=AFQjCNHRp9avO3Kf3iVFMDaIE0uu1Sx6kA\">El Instituto Aragon\u00e9s de la Mujer lanza un libro en braille con todos sus servicios y tel\u00e9fonos para mujeres con discapacidad &#8230; <\/a>&#8211; Heraldo.es<\/p>\n<p><a href=\"https:\/\/www.google.com\/url?rct=j&amp;sa=t&amp;url=https:\/\/www.20minutos.es\/noticia\/4159675\/0\/el-govern-se-adhiere-al-manifiesto-dondeestanellas-de-la-oficina-del-parlamento-europeo-en-espana\/&amp;ct=ga&amp;cd=CAEYCioUMTQ5OTgwNzY2Mjk5MDk4NDA2MTIyGWMwMzcyZWJjMmZlYWRhNTk6ZXM6ZXM6RVM&amp;usg=AFQjCNGBtpLstl6lgeLWqfubAB3Vxv5jLQ\">El Govern se adhiere al manifiesto #D\u00f3ndeEst\u00e1nEllas de la Oficina del Parlamento Europeo en &#8230; <\/a>&#8211; 20minutos<\/p>\n<p><strong>Econom\u00eda y Empresa<\/strong><\/p>\n<p><a href=\"https:\/\/www.google.com\/url?rct=j&amp;sa=t&amp;url=https:\/\/www.publico.es\/economia\/brecha-pensiones-hombres-y-mujeres.html&amp;ct=ga&amp;cd=CAEYByoTODAwMjUxMDk2MDA5MTUxNDY1NDIZYzAzNzJlYmMyZmVhZGE1OTplczplczpFUw&amp;usg=AFQjCNGEBqvUryVUZfLHEATUG6KbN1k4Cw\">La brecha de las pensiones entre hombres y mujeres duplica a la de los salarios <\/a>&#8211; P\u00fablico<\/p>\n<p><a href=\"https:\/\/www.google.com\/url?rct=j&amp;sa=t&amp;url=https:\/\/www.infolibre.es\/noticias\/politica\/2020\/02\/22\/las_otras_brechas_cuatro_historias_mujeres_que_plantan_cara_precariedad_empleo_104237_1012.html&amp;ct=ga&amp;cd=CAEYACoTNzY3NDc4MjU5NjY3MjQwNTY1NjIZYzAzNzJlYmMyZmVhZGE1OTplczplczpFUw&amp;usg=AFQjCNFJoKEAfk0ZzEOoUIXAbAqc_F3prA\">Las otras brechas: cuatro historias de mujeres que plantan cara a la precariedad <\/a>&#8211; infoLibre<\/p>\n<p><a href=\"https:\/\/www.google.com\/url?rct=j&amp;sa=t&amp;url=https:\/\/agroinformacion.com\/el-campo-se-mueve-en-femenino-y-plural-las-mujeres-tambien-se-manifiestan-por-unos-precios-justos\/&amp;ct=ga&amp;cd=CAEYCCoTMzExMjcxMjU4MzIxMzU0MjIyNTIZYzAzNzJlYmMyZmVhZGE1OTplczplczpFUw&amp;usg=AFQjCNEz0K1wqo97liRfAwlffHoTP21mSA\">El campo se mueve en femenino y plural: Las mujeres tambi\u00e9n se manifiestan por unos precios &#8230;- <\/a>AgroInformaci\u00f3n<\/p>\n<p><strong>Actualidad<\/strong><\/p>\n<p><a href=\"https:\/\/www.google.com\/url?rct=j&amp;sa=t&amp;url=https:\/\/www.elperiodicodearagon.com\/noticias\/como-hemos-cambiado-mujer\/bibiana-aido-llegamos-tarde-lucha-igualdad-llegamos-primeros_1410498.html&amp;ct=ga&amp;cd=CAEYAyoUMTI4OTk3ODQ4OTczNTk5NTc0NjIyGWUxZTc3ZDE1NjA5OGE4ZTM6ZXM6ZXM6RVM&amp;usg=AFQjCNHndFv_OFUF_6Vcapt1FWMiQep4wA\">Bibiana A\u00eddo: \u00abLlegamos tarde a la lucha por la igualdad, pero llegamos de los primeros\u00bb <\/a>&#8211; El Peri\u00f3dico de Arag\u00f3n<\/p>\n<p><a href=\"https:\/\/www.google.com\/url?rct=j&amp;sa=t&amp;url=https:\/\/m.infosalus.com\/salud-investigacion\/noticia-perfil-genetico-puede-predecir-riesgo-diabetes-tipo-mujeres-diabetes-gestacional-20200220070347.html&amp;ct=ga&amp;cd=CAEYASoUMTE4MDAyMjM1NTYwODE4NjUzNDIyGWMwMzcyZWJjMmZlYWRhNTk6ZXM6ZXM6RVM&amp;usg=AFQjCNGGwGhN6-SkrJzW2PMzsa8qfEPAwA\">El perfil gen\u00e9tico puede predecir el riesgo de diabetes tipo 2 entre las mujeres con diabetes &#8230; <\/a>-infosalus.com<\/p>\n<p><a href=\"https:\/\/www.google.com\/url?rct=j&amp;sa=t&amp;url=https:\/\/www.redaccionmedica.com\/secciones\/psiquiatria\/iria-grande-un-hombre-mediocre-puede-triunfar-una-mujer-no-tanto--1016&amp;ct=ga&amp;cd=CAEYACoTOTk1NTI5NDYwODIzODIyMzcyNjIZYzAzNzJlYmMyZmVhZGE1OTplczplczpFUw&amp;usg=AFQjCNHdCvYfg0UHyQ8ycJJwTdr9fLI1SA\">Iria Grande, psiquiatra: \u00abUn hombre mediocre puede triunfar; una mujer no tanto\u00bb <\/a>&#8211; Redacci\u00f3n M\u00e9dica<\/p>\n<p><a href=\"https:\/\/www.google.com\/url?rct=j&amp;sa=t&amp;url=https:\/\/www.hoy.es\/caceres\/indica-casarse-rito-20200223001235-ntvo.html&amp;ct=ga&amp;cd=CAEYByoTMzExMjcxMjU4MzIxMzU0MjIyNTIZYzAzNzJlYmMyZmVhZGE1OTplczplczpFUw&amp;usg=AFQjCNE7ZEbtpxFWzBN_kzPI67ZKdmpvXg\">El TSJ indica que casarse por el rito gitano no sirve para lograr la pensi\u00f3n de viudedad <\/a>&#8211; Hoy Digital<\/p>\n<p><strong>Violencia<\/strong><\/p>\n<p><a href=\"https:\/\/www.google.com\/url?rct=j&amp;sa=t&amp;url=https:\/\/www.efeminista.com\/beatriz-gimeno-8m-rostros\/&amp;ct=ga&amp;cd=CAEYFioUMTM0MTc3NzY3NjAzNzY2ODk5OTAyGWMwMzcyZWJjMmZlYWRhNTk6ZXM6ZXM6RVM&amp;usg=AFQjCNEYUw01oQSWV7T9LuNpWGQEu26SdQ\">Beatriz Gimeno, directora del Instituto de la Mujer: \u201cFrenar la violencia sexual es un grito global\u201d <\/a>&#8211; Agencia EFE<\/p>\n<p><a href=\"https:\/\/elpais.com\/sociedad\/2020\/02\/25\/actualidad\/1582614942_347764.html\">Una investigaci\u00f3n concluye que Pl\u00e1cido Domingo acos\u00f3 &#8230;<\/a>&#8211; El Pa\u00eds<\/p>\n<p><strong>Ciencia y Cultura<\/strong><\/p>\n<p><a href=\"https:\/\/www.diariodeleon.es\/articulo\/cultura\/castellanos-es-primera-mujer-dirigir-patrimonio-nacional\/202002250232331990273.html\">Mar\u00eda de los Llanos Castellanos es la primera <em>mujer<\/em> en dirigir Patrimonio Nacional<\/a>&#8211; Diario de Le\u00f3n<\/p>\n<p><a href=\"https:\/\/www.google.com\/url?rct=j&amp;sa=t&amp;url=https:\/\/www.lavanguardia.com\/vida\/20200221\/473679355790\/la-fundacion-atenea-entrega-el-i-premio-juan-serraller-al-trabajo-solidario-de-la-investigadora-elena-matamala.html&amp;ct=ga&amp;cd=CAEYBSoUMTQ5OTgwNzY2Mjk5MDk4NDA2MTIyGWMwMzcyZWJjMmZlYWRhNTk6ZXM6ZXM6RVM&amp;usg=AFQjCNHLmJEGjpqmUGPzRzIADb0XUr5Q_A\">La Fundaci\u00f3n Atenea entrega el I Premio &#8216;Juan Serraller&#8217; al trabajo solidario de la investigadora Elena Matamala &#8230; <\/a>&#8211; La Vanguardia<\/p>\n<p><a href=\"https:\/\/www.google.com\/url?rct=j&amp;sa=t&amp;url=https:\/\/institutomujer.castillalamancha.es\/centro-de-documentacion\/actividades\/otras-actividades\/escritoras-premiadas-premio-planeta&amp;ct=ga&amp;cd=CAEYACoUMTAyNjY4MDQ2NzUwMzEzMDg1ODMyGWMwMzcyZWJjMmZlYWRhNTk6ZXM6ZXM6RVM&amp;usg=AFQjCNGNwgvcmChUViM5dhhX1njWVXVIQw\">Escritoras premiadas: Premio Planeta <\/a>&#8211; Instituto de la Mujer de Castilla<\/p>\n<p><strong>Deporte<\/strong><\/p>\n<p><a href=\"https:\/\/campeonisimas.es\/entrevistas\/teresa-padilla-bodyboard-femenino-ha-crecido\/\">Teresa Padilla: \u00abEl bodyboard femenino ha crecido en Espa\u00f1a\u00bb<\/a><strong>&#8211; <\/strong>Campeon\u00edsimas<\/p>\n<p><a href=\"https:\/\/www.google.com\/url?rct=j&amp;sa=t&amp;url=https:\/\/www.rcdespanyol.com\/es\/actualidad\/el-rcd-espanyol-de-barcelona-e-isde-unidos-por-el-futbol-femenino\/_n:10871\/&amp;ct=ga&amp;cd=CAEYCSoUMTQ5OTgwNzY2Mjk5MDk4NDA2MTIyGWMwMzcyZWJjMmZlYWRhNTk6ZXM6ZXM6RVM&amp;usg=AFQjCNG_jbqyPSn7xeyljtWKqe0uz57xuA\">El RCD Espanyol de Barcelona e ISDE, unidos por el f\u00fatbol femenino <\/a>&#8211; <a href=\"http:\/\/rcdespanyol.com\">rcdespanyol.com<\/a><\/p>\n<p>[\/toggle]<\/p>\n<p>[toggle type=\u00bbfirst\u00bb title=\u00bbInternacional\u00bb]<\/p>\n<p><a href=\"https:\/\/www.google.com\/url?rct=j&amp;sa=t&amp;url=https:\/\/www.elmundofinanciero.com\/noticia\/86496\/empresas\/diez-mitos-sobre-la-desigualdad-laboral-entre-hombres-y-mujeres.html&amp;ct=ga&amp;cd=CAEYDSoTMjQyMzMxNzI4Njk1ODkyMjAyNDIZYzAzNzJlYmMyZmVhZGE1OTplczplczpFUw&amp;usg=AFQjCNHqlMGyTsnPmjcz__mcLp6R2fs4Qg\">Diez mitos sobre la desigualdad laboral entre hombres y mujeres <\/a>&#8211; El Mundo Financiero<\/p>\n<p><a href=\"https:\/\/www.google.com\/url?rct=j&amp;sa=t&amp;url=https:\/\/murciaeconomia.com\/art\/67256\/la-union-europea-destinara-232-millones-para-combatir-el-coronavirus&amp;ct=ga&amp;cd=CAEYHSoUMTM0MTc3NzY3NjAzNzY2ODk5OTAyGWMwMzcyZWJjMmZlYWRhNTk6ZXM6ZXM6RVM&amp;usg=AFQjCNGP6dqPXImZWVlR5nLWb5NNRFV4qw\">La Uni\u00f3n Europea destinar\u00e1 232 millones para combatir el coronavirus <\/a>&#8211; MurciaEconom\u00eda.com<\/p>\n<p><a href=\"https:\/\/www.google.com\/url?rct=j&amp;sa=t&amp;url=https:\/\/feminismos.ladiaria.com.uy\/articulo\/2020\/2\/mariella-mazzotti-inmujeres-no-hemos-iniciado-el-proceso-de-transicion\/&amp;ct=ga&amp;cd=CAEYASoUMTI1NzQ2MDU3Mzc4MzA0NzAwNTEyGWMwMzcyZWJjMmZlYWRhNTk6ZXM6ZXM6RVM&amp;usg=AFQjCNHIaOgSUOszS7ewN7LpdV7Jk0awkQ\">Mariella Mazzotti (Inmujeres): \u201cNo hemos iniciado el proceso de transici\u00f3n\u201d- <\/a>la diaria<\/p>\n<p><a href=\"https:\/\/www.google.com\/url?rct=j&amp;sa=t&amp;url=https:\/\/www.bbc.com\/mundo\/vert-fut-51585946&amp;ct=ga&amp;cd=CAEYAioTNzcwMzc4MzUwOTQ3NTE2MTM2NjIZYzAzNzJlYmMyZmVhZGE1OTplczplczpFUw&amp;usg=AFQjCNGtFDFnFl3JgVS_9t1PVUhb9Pa0lg\">Xia Peisu: la primera mujer que ense\u00f1\u00f3 computaci\u00f3n en China y tuvo un rol esencial en la &#8230; <\/a>&#8211; BBC Mundo<\/p>\n<p><a href=\"https:\/\/www.google.com\/url?rct=j&amp;sa=t&amp;url=https:\/\/www.elboletin.com\/noticia\/183052\/internacional\/la-onu-llama-a-fortalecer-los-derechos-humanos-ante-la-erosion-del-estado-de-derecho.html&amp;ct=ga&amp;cd=CAEYAyoUMTUzNjczMzY0NTUwMzA1NDIzNDgyGWUxZTc3ZDE1NjA5OGE4ZTM6ZXM6ZXM6RVM&amp;usg=AFQjCNHVaiwz6nLkKPRz7vR8sCpI4uGf6A\">La ONU llama a fortalecer los Derechos Humanos ante la \u00aberosi\u00f3n\u00bb del Estado de Derecho <\/a>&#8211; EL Boletin.com<\/p>\n<p><a href=\"https:\/\/www.google.com\/url?rct=j&amp;sa=t&amp;url=https:\/\/www.excelsior.com.mx\/nacional\/actualizan-la-app-mujeres-seguras-se-puede-usar-sin-internet\/1365236&amp;ct=ga&amp;cd=CAEYASoUMTAzMjY1ODQ4MTI0NzE4MjQ5MTUyGWMwMzcyZWJjMmZlYWRhNTk6ZXM6ZXM6RVM&amp;usg=AFQjCNHa1SoKPKpPBewlH0rZ8fiqKkDQog\">Actualizan la app &#8216;Mujeres seguras&#8217;; se puede usar sin Internet <\/a>&#8211; Exc\u00e9lsior<\/p>\n<p><a href=\"https:\/\/www.google.com\/url?rct=j&amp;sa=t&amp;url=https:\/\/www.eje21.com.co\/2020\/02\/la-naprotecnologia-una-ciencia-al-servicio-de-la-mujer\/&amp;ct=ga&amp;cd=CAEYBCoTNzIwNjgwMDY5NTkxNDg4MjQ3NzIZYzAzNzJlYmMyZmVhZGE1OTplczplczpFUw&amp;usg=AFQjCNGfs2tnKiyreHn7jxHNJPJisuUETw\">La naprotecnolog\u00eda, una ciencia al servicio de la mujer <\/a>&#8211; Eje21<\/p>\n<p><a href=\"https:\/\/www.google.com\/url?rct=j&amp;sa=t&amp;url=https:\/\/www.animalpolitico.com\/2020\/02\/undiasinmujeres-colectivos-universidades-paro-nacional\/&amp;ct=ga&amp;cd=CAEYASoTOTc5NjI2MzAyNjM1NjUwNzI3NDIZZTJkZWZhN2Q1ZGE5MTU3ZDplczplczpFUw&amp;usg=AFQjCNHcvrwpfeufGvzYbxA-rn7yDfbCxA\">#UnD\u00edaSinMujeres: Colectivos, universidades y partidos convocan a paro nacional el 9 de marzo <\/a>&#8211; Animal Pol\u00edtico<\/p>\n<p>[\/toggle]<\/p>\n<\/div>\n<\/div>\n<\/div>\n<\/div>\n<\/div>\n<\/div>\n","protected":false},"excerpt":{"rendered":"<p>Montero anuncia Plan Estrat\u00e9gico de Igualdad de Oportunidades-Mar\u00eda Castellano Arroyo, <a href=\"https:\/\/cklcomunicaciones.es\/coop\/noticias-info-ckl-no-2-423-25-02-20\/\">[&#8230;]<\/a><\/p>\n","protected":false},"author":3,"featured_media":0,"comment_status":"closed","ping_status":"closed","sticky":false,"template":"","format":"standard","meta":{"footnotes":""},"categories":[298,623],"tags":[],"class_list":["post-14843","post","type-post","status-publish","format-standard","hentry","category-newsletter","category-nwl-2-0"],"yoast_head":"<!-- This site is optimized with the Yoast SEO plugin v27.5 - https:\/\/yoast.com\/product\/yoast-seo-wordpress\/ -->\n<title>Noticias Info CKL n\u00ba 2.423-25\/02\/20-Comunicar con perspectiva de g\u00e9nero<\/title>\n<meta name=\"description\" content=\"Comunicar con perspectiva de g\u00e9nero: Montero anuncia Plan Estrat\u00e9gico de Igualdad de Oportunidades-Mar\u00eda Castellano Arroyo, Medalla de Andaluc\u00eda-Bibiana A\u00eddo: \u00abLlegamos tarde a la lucha por la igualdad, pero llegamos de los primeros&quot;-&quot;Palabra de mujer\u201d\" \/>\n<meta name=\"robots\" content=\"index, follow, max-snippet:-1, max-image-preview:large, max-video-preview:-1\" \/>\n<link rel=\"canonical\" href=\"https:\/\/cklcomunicaciones.es\/coop\/noticias-info-ckl-no-2-423-25-02-20\/\" \/>\n<meta property=\"og:locale\" content=\"es_ES\" \/>\n<meta property=\"og:type\" content=\"article\" \/>\n<meta property=\"og:title\" content=\"Noticias Info CKL n\u00ba 2.423-25\/02\/20-Comunicar con perspectiva de g\u00e9nero\" \/>\n<meta property=\"og:description\" content=\"Comunicar con perspectiva de g\u00e9nero: Montero anuncia Plan Estrat\u00e9gico de Igualdad de Oportunidades-Mar\u00eda Castellano Arroyo, Medalla de Andaluc\u00eda-Bibiana A\u00eddo: \u00abLlegamos tarde a la lucha por la igualdad, pero llegamos de los primeros&quot;-&quot;Palabra de mujer\u201d\" \/>\n<meta property=\"og:url\" content=\"https:\/\/cklcomunicaciones.es\/coop\/noticias-info-ckl-no-2-423-25-02-20\/\" \/>\n<meta property=\"og:site_name\" content=\"CKL Comunicaciones\" \/>\n<meta property=\"article:published_time\" content=\"2020-02-25T14:14:54+00:00\" \/>\n<meta property=\"article:modified_time\" content=\"2025-01-17T15:42:54+00:00\" \/>\n<meta property=\"og:image\" content=\"https:\/\/cklcomunicaciones.es\/coop\/wp-content\/uploads\/2018\/03\/CKL_comunicacion-con-perspetiva-de-genero.jpg\" \/>\n\t<meta property=\"og:image:width\" content=\"500\" \/>\n\t<meta property=\"og:image:height\" content=\"500\" \/>\n\t<meta property=\"og:image:type\" content=\"image\/jpeg\" \/>\n<meta name=\"author\" content=\"ckl\" \/>\n<meta name=\"twitter:card\" content=\"summary_large_image\" \/>\n<meta name=\"twitter:label1\" content=\"Escrito por\" \/>\n\t<meta name=\"twitter:data1\" content=\"ckl\" \/>\n\t<meta name=\"twitter:label2\" content=\"Tiempo de lectura\" \/>\n\t<meta name=\"twitter:data2\" content=\"6 minutos\" \/>\n<script type=\"application\/ld+json\" class=\"yoast-schema-graph\">{\"@context\":\"https:\\\/\\\/schema.org\",\"@graph\":[{\"@type\":\"Article\",\"@id\":\"https:\\\/\\\/cklcomunicaciones.es\\\/coop\\\/noticias-info-ckl-no-2-423-25-02-20\\\/#article\",\"isPartOf\":{\"@id\":\"https:\\\/\\\/cklcomunicaciones.es\\\/coop\\\/noticias-info-ckl-no-2-423-25-02-20\\\/\"},\"author\":{\"name\":\"ckl\",\"@id\":\"https:\\\/\\\/cklcomunicaciones.es\\\/coop\\\/#\\\/schema\\\/person\\\/929a6837f7626450bbb50cee1aef266e\"},\"headline\":\"Noticias Info CKL n\u00ba 2.423-25\\\/02\\\/20\",\"datePublished\":\"2020-02-25T14:14:54+00:00\",\"dateModified\":\"2025-01-17T15:42:54+00:00\",\"mainEntityOfPage\":{\"@id\":\"https:\\\/\\\/cklcomunicaciones.es\\\/coop\\\/noticias-info-ckl-no-2-423-25-02-20\\\/\"},\"wordCount\":1169,\"image\":{\"@id\":\"https:\\\/\\\/cklcomunicaciones.es\\\/coop\\\/noticias-info-ckl-no-2-423-25-02-20\\\/#primaryimage\"},\"thumbnailUrl\":\"http:\\\/\\\/www.cklcomunicaciones.es\\\/wp-content\\\/uploads\\\/2018\\\/03\\\/CKL_comunicacion-con-perspetiva-de-genero-300x300.jpg\",\"articleSection\":[\"Newsletter\",\"Nwl v2.0\"],\"inLanguage\":\"es\"},{\"@type\":\"WebPage\",\"@id\":\"https:\\\/\\\/cklcomunicaciones.es\\\/coop\\\/noticias-info-ckl-no-2-423-25-02-20\\\/\",\"url\":\"https:\\\/\\\/cklcomunicaciones.es\\\/coop\\\/noticias-info-ckl-no-2-423-25-02-20\\\/\",\"name\":\"Noticias Info CKL n\u00ba 2.423-25\\\/02\\\/20-Comunicar con perspectiva de g\u00e9nero\",\"isPartOf\":{\"@id\":\"https:\\\/\\\/cklcomunicaciones.es\\\/coop\\\/#website\"},\"primaryImageOfPage\":{\"@id\":\"https:\\\/\\\/cklcomunicaciones.es\\\/coop\\\/noticias-info-ckl-no-2-423-25-02-20\\\/#primaryimage\"},\"image\":{\"@id\":\"https:\\\/\\\/cklcomunicaciones.es\\\/coop\\\/noticias-info-ckl-no-2-423-25-02-20\\\/#primaryimage\"},\"thumbnailUrl\":\"http:\\\/\\\/www.cklcomunicaciones.es\\\/wp-content\\\/uploads\\\/2018\\\/03\\\/CKL_comunicacion-con-perspetiva-de-genero-300x300.jpg\",\"datePublished\":\"2020-02-25T14:14:54+00:00\",\"dateModified\":\"2025-01-17T15:42:54+00:00\",\"author\":{\"@id\":\"https:\\\/\\\/cklcomunicaciones.es\\\/coop\\\/#\\\/schema\\\/person\\\/929a6837f7626450bbb50cee1aef266e\"},\"description\":\"Comunicar con perspectiva de g\u00e9nero: Montero anuncia Plan Estrat\u00e9gico de Igualdad de Oportunidades-Mar\u00eda Castellano Arroyo, Medalla de Andaluc\u00eda-Bibiana A\u00eddo: \u00abLlegamos tarde a la lucha por la igualdad, pero llegamos de los primeros\\\"-\\\"Palabra de mujer\u201d\",\"breadcrumb\":{\"@id\":\"https:\\\/\\\/cklcomunicaciones.es\\\/coop\\\/noticias-info-ckl-no-2-423-25-02-20\\\/#breadcrumb\"},\"inLanguage\":\"es\",\"potentialAction\":[{\"@type\":\"ReadAction\",\"target\":[\"https:\\\/\\\/cklcomunicaciones.es\\\/coop\\\/noticias-info-ckl-no-2-423-25-02-20\\\/\"]}]},{\"@type\":\"ImageObject\",\"inLanguage\":\"es\",\"@id\":\"https:\\\/\\\/cklcomunicaciones.es\\\/coop\\\/noticias-info-ckl-no-2-423-25-02-20\\\/#primaryimage\",\"url\":\"http:\\\/\\\/www.cklcomunicaciones.es\\\/wp-content\\\/uploads\\\/2018\\\/03\\\/CKL_comunicacion-con-perspetiva-de-genero-300x300.jpg\",\"contentUrl\":\"http:\\\/\\\/www.cklcomunicaciones.es\\\/wp-content\\\/uploads\\\/2018\\\/03\\\/CKL_comunicacion-con-perspetiva-de-genero-300x300.jpg\"},{\"@type\":\"BreadcrumbList\",\"@id\":\"https:\\\/\\\/cklcomunicaciones.es\\\/coop\\\/noticias-info-ckl-no-2-423-25-02-20\\\/#breadcrumb\",\"itemListElement\":[{\"@type\":\"ListItem\",\"position\":1,\"name\":\"Portada\",\"item\":\"https:\\\/\\\/cklcomunicaciones.es\\\/coop\\\/\"},{\"@type\":\"ListItem\",\"position\":2,\"name\":\"Noticias Info CKL n\u00ba 2.423-25\\\/02\\\/20\"}]},{\"@type\":\"WebSite\",\"@id\":\"https:\\\/\\\/cklcomunicaciones.es\\\/coop\\\/#website\",\"url\":\"https:\\\/\\\/cklcomunicaciones.es\\\/coop\\\/\",\"name\":\"CKL Comunicaciones\",\"description\":\"Sitio web de CKL Comunicaciones coop , la consultora de comunicaci\u00f3n y estrategia\",\"potentialAction\":[{\"@type\":\"SearchAction\",\"target\":{\"@type\":\"EntryPoint\",\"urlTemplate\":\"https:\\\/\\\/cklcomunicaciones.es\\\/coop\\\/?s={search_term_string}\"},\"query-input\":{\"@type\":\"PropertyValueSpecification\",\"valueRequired\":true,\"valueName\":\"search_term_string\"}}],\"inLanguage\":\"es\"},{\"@type\":\"Person\",\"@id\":\"https:\\\/\\\/cklcomunicaciones.es\\\/coop\\\/#\\\/schema\\\/person\\\/929a6837f7626450bbb50cee1aef266e\",\"name\":\"ckl\",\"image\":{\"@type\":\"ImageObject\",\"inLanguage\":\"es\",\"@id\":\"https:\\\/\\\/secure.gravatar.com\\\/avatar\\\/c82db564e8a669bf6023357a157b9dc4780f4d4c618f2ad1d71a6a5dede45057?s=96&d=mm&r=g\",\"url\":\"https:\\\/\\\/secure.gravatar.com\\\/avatar\\\/c82db564e8a669bf6023357a157b9dc4780f4d4c618f2ad1d71a6a5dede45057?s=96&d=mm&r=g\",\"contentUrl\":\"https:\\\/\\\/secure.gravatar.com\\\/avatar\\\/c82db564e8a669bf6023357a157b9dc4780f4d4c618f2ad1d71a6a5dede45057?s=96&d=mm&r=g\",\"caption\":\"ckl\"},\"url\":\"https:\\\/\\\/cklcomunicaciones.es\\\/coop\\\/author\\\/cklcomunicaciones\\\/\"}]}<\/script>\n<!-- \/ Yoast SEO plugin. -->","yoast_head_json":{"title":"Noticias Info CKL n\u00ba 2.423-25\/02\/20-Comunicar con perspectiva de g\u00e9nero","description":"Comunicar con perspectiva de g\u00e9nero: Montero anuncia Plan Estrat\u00e9gico de Igualdad de Oportunidades-Mar\u00eda Castellano Arroyo, Medalla de Andaluc\u00eda-Bibiana A\u00eddo: \u00abLlegamos tarde a la lucha por la igualdad, pero llegamos de los primeros\"-\"Palabra de mujer\u201d","robots":{"index":"index","follow":"follow","max-snippet":"max-snippet:-1","max-image-preview":"max-image-preview:large","max-video-preview":"max-video-preview:-1"},"canonical":"https:\/\/cklcomunicaciones.es\/coop\/noticias-info-ckl-no-2-423-25-02-20\/","og_locale":"es_ES","og_type":"article","og_title":"Noticias Info CKL n\u00ba 2.423-25\/02\/20-Comunicar con perspectiva de g\u00e9nero","og_description":"Comunicar con perspectiva de g\u00e9nero: Montero anuncia Plan Estrat\u00e9gico de Igualdad de Oportunidades-Mar\u00eda Castellano Arroyo, Medalla de Andaluc\u00eda-Bibiana A\u00eddo: \u00abLlegamos tarde a la lucha por la igualdad, pero llegamos de los primeros\"-\"Palabra de mujer\u201d","og_url":"https:\/\/cklcomunicaciones.es\/coop\/noticias-info-ckl-no-2-423-25-02-20\/","og_site_name":"CKL Comunicaciones","article_published_time":"2020-02-25T14:14:54+00:00","article_modified_time":"2025-01-17T15:42:54+00:00","og_image":[{"width":500,"height":500,"url":"https:\/\/cklcomunicaciones.es\/coop\/wp-content\/uploads\/2018\/03\/CKL_comunicacion-con-perspetiva-de-genero.jpg","type":"image\/jpeg"}],"author":"ckl","twitter_card":"summary_large_image","twitter_misc":{"Escrito por":"ckl","Tiempo de lectura":"6 minutos"},"schema":{"@context":"https:\/\/schema.org","@graph":[{"@type":"Article","@id":"https:\/\/cklcomunicaciones.es\/coop\/noticias-info-ckl-no-2-423-25-02-20\/#article","isPartOf":{"@id":"https:\/\/cklcomunicaciones.es\/coop\/noticias-info-ckl-no-2-423-25-02-20\/"},"author":{"name":"ckl","@id":"https:\/\/cklcomunicaciones.es\/coop\/#\/schema\/person\/929a6837f7626450bbb50cee1aef266e"},"headline":"Noticias Info CKL n\u00ba 2.423-25\/02\/20","datePublished":"2020-02-25T14:14:54+00:00","dateModified":"2025-01-17T15:42:54+00:00","mainEntityOfPage":{"@id":"https:\/\/cklcomunicaciones.es\/coop\/noticias-info-ckl-no-2-423-25-02-20\/"},"wordCount":1169,"image":{"@id":"https:\/\/cklcomunicaciones.es\/coop\/noticias-info-ckl-no-2-423-25-02-20\/#primaryimage"},"thumbnailUrl":"http:\/\/www.cklcomunicaciones.es\/wp-content\/uploads\/2018\/03\/CKL_comunicacion-con-perspetiva-de-genero-300x300.jpg","articleSection":["Newsletter","Nwl v2.0"],"inLanguage":"es"},{"@type":"WebPage","@id":"https:\/\/cklcomunicaciones.es\/coop\/noticias-info-ckl-no-2-423-25-02-20\/","url":"https:\/\/cklcomunicaciones.es\/coop\/noticias-info-ckl-no-2-423-25-02-20\/","name":"Noticias Info CKL n\u00ba 2.423-25\/02\/20-Comunicar con perspectiva de g\u00e9nero","isPartOf":{"@id":"https:\/\/cklcomunicaciones.es\/coop\/#website"},"primaryImageOfPage":{"@id":"https:\/\/cklcomunicaciones.es\/coop\/noticias-info-ckl-no-2-423-25-02-20\/#primaryimage"},"image":{"@id":"https:\/\/cklcomunicaciones.es\/coop\/noticias-info-ckl-no-2-423-25-02-20\/#primaryimage"},"thumbnailUrl":"http:\/\/www.cklcomunicaciones.es\/wp-content\/uploads\/2018\/03\/CKL_comunicacion-con-perspetiva-de-genero-300x300.jpg","datePublished":"2020-02-25T14:14:54+00:00","dateModified":"2025-01-17T15:42:54+00:00","author":{"@id":"https:\/\/cklcomunicaciones.es\/coop\/#\/schema\/person\/929a6837f7626450bbb50cee1aef266e"},"description":"Comunicar con perspectiva de g\u00e9nero: Montero anuncia Plan Estrat\u00e9gico de Igualdad de Oportunidades-Mar\u00eda Castellano Arroyo, Medalla de Andaluc\u00eda-Bibiana A\u00eddo: \u00abLlegamos tarde a la lucha por la igualdad, pero llegamos de los primeros\"-\"Palabra de mujer\u201d","breadcrumb":{"@id":"https:\/\/cklcomunicaciones.es\/coop\/noticias-info-ckl-no-2-423-25-02-20\/#breadcrumb"},"inLanguage":"es","potentialAction":[{"@type":"ReadAction","target":["https:\/\/cklcomunicaciones.es\/coop\/noticias-info-ckl-no-2-423-25-02-20\/"]}]},{"@type":"ImageObject","inLanguage":"es","@id":"https:\/\/cklcomunicaciones.es\/coop\/noticias-info-ckl-no-2-423-25-02-20\/#primaryimage","url":"http:\/\/www.cklcomunicaciones.es\/wp-content\/uploads\/2018\/03\/CKL_comunicacion-con-perspetiva-de-genero-300x300.jpg","contentUrl":"http:\/\/www.cklcomunicaciones.es\/wp-content\/uploads\/2018\/03\/CKL_comunicacion-con-perspetiva-de-genero-300x300.jpg"},{"@type":"BreadcrumbList","@id":"https:\/\/cklcomunicaciones.es\/coop\/noticias-info-ckl-no-2-423-25-02-20\/#breadcrumb","itemListElement":[{"@type":"ListItem","position":1,"name":"Portada","item":"https:\/\/cklcomunicaciones.es\/coop\/"},{"@type":"ListItem","position":2,"name":"Noticias Info CKL n\u00ba 2.423-25\/02\/20"}]},{"@type":"WebSite","@id":"https:\/\/cklcomunicaciones.es\/coop\/#website","url":"https:\/\/cklcomunicaciones.es\/coop\/","name":"CKL Comunicaciones","description":"Sitio web de CKL Comunicaciones coop , la consultora de comunicaci\u00f3n y estrategia","potentialAction":[{"@type":"SearchAction","target":{"@type":"EntryPoint","urlTemplate":"https:\/\/cklcomunicaciones.es\/coop\/?s={search_term_string}"},"query-input":{"@type":"PropertyValueSpecification","valueRequired":true,"valueName":"search_term_string"}}],"inLanguage":"es"},{"@type":"Person","@id":"https:\/\/cklcomunicaciones.es\/coop\/#\/schema\/person\/929a6837f7626450bbb50cee1aef266e","name":"ckl","image":{"@type":"ImageObject","inLanguage":"es","@id":"https:\/\/secure.gravatar.com\/avatar\/c82db564e8a669bf6023357a157b9dc4780f4d4c618f2ad1d71a6a5dede45057?s=96&d=mm&r=g","url":"https:\/\/secure.gravatar.com\/avatar\/c82db564e8a669bf6023357a157b9dc4780f4d4c618f2ad1d71a6a5dede45057?s=96&d=mm&r=g","contentUrl":"https:\/\/secure.gravatar.com\/avatar\/c82db564e8a669bf6023357a157b9dc4780f4d4c618f2ad1d71a6a5dede45057?s=96&d=mm&r=g","caption":"ckl"},"url":"https:\/\/cklcomunicaciones.es\/coop\/author\/cklcomunicaciones\/"}]}},"_links":{"self":[{"href":"https:\/\/cklcomunicaciones.es\/coop\/wp-json\/wp\/v2\/posts\/14843","targetHints":{"allow":["GET"]}}],"collection":[{"href":"https:\/\/cklcomunicaciones.es\/coop\/wp-json\/wp\/v2\/posts"}],"about":[{"href":"https:\/\/cklcomunicaciones.es\/coop\/wp-json\/wp\/v2\/types\/post"}],"author":[{"embeddable":true,"href":"https:\/\/cklcomunicaciones.es\/coop\/wp-json\/wp\/v2\/users\/3"}],"replies":[{"embeddable":true,"href":"https:\/\/cklcomunicaciones.es\/coop\/wp-json\/wp\/v2\/comments?post=14843"}],"version-history":[{"count":0,"href":"https:\/\/cklcomunicaciones.es\/coop\/wp-json\/wp\/v2\/posts\/14843\/revisions"}],"wp:attachment":[{"href":"https:\/\/cklcomunicaciones.es\/coop\/wp-json\/wp\/v2\/media?parent=14843"}],"wp:term":[{"taxonomy":"category","embeddable":true,"href":"https:\/\/cklcomunicaciones.es\/coop\/wp-json\/wp\/v2\/categories?post=14843"},{"taxonomy":"post_tag","embeddable":true,"href":"https:\/\/cklcomunicaciones.es\/coop\/wp-json\/wp\/v2\/tags?post=14843"}],"curies":[{"name":"wp","href":"https:\/\/api.w.org\/{rel}","templated":true}]}}