{"id":14839,"date":"2020-02-17T12:00:58","date_gmt":"2020-02-17T11:00:58","guid":{"rendered":"http:\/\/www.cklcomunicaciones.es\/?p=14839"},"modified":"2025-01-17T16:42:54","modified_gmt":"2025-01-17T15:42:54","slug":"noticias-info-ckl-no-2-421-17-02-20","status":"publish","type":"post","link":"https:\/\/cklcomunicaciones.es\/coop\/noticias-info-ckl-no-2-421-17-02-20\/","title":{"rendered":"Noticias Info CKL n\u00ba 2.421-17\/02\/20"},"content":{"rendered":"<div id=\"pl-14839\"  class=\"panel-layout\" >\n<div id=\"pg-14839-0\"  class=\"panel-grid panel-no-style\"  data-style=\"{&quot;background_image_attachment&quot;:false,&quot;background_display&quot;:&quot;tile&quot;,&quot;cell_alignment&quot;:&quot;flex-start&quot;}\" >\n<div id=\"pgc-14839-0-0\"  class=\"panel-grid-cell\"  data-weight=\"1\" >\n<div id=\"panel-14839-0-0-0\" class=\"so-panel widget widget_sow-editor panel-first-child panel-last-child\" data-index=\"0\" data-style=\"{&quot;background_image_attachment&quot;:false,&quot;background_display&quot;:&quot;tile&quot;}\" >\n<div class=\"so-widget-sow-editor so-widget-sow-editor-base\">\n<div class=\"siteorigin-widget-tinymce textwidget\">\n<p><img decoding=\"async\" class=\"lazyload  wp-image-13726\" src=\"http:\/\/www.cklcomunicaciones.es\/wp-content\/uploads\/2018\/03\/CKL_comunicacion-con-perspetiva-de-genero-300x300.jpg\" data-orig-src=\"http:\/\/www.cklcomunicaciones.es\/wp-content\/uploads\/2018\/03\/CKL_comunicacion-con-perspetiva-de-genero-300x300.jpg\" alt=\"CKL_comunicacion con perspetiva de genero\" width=\"132\" height=\"132\" srcset=\"data:image\/svg+xml,%3Csvg%20xmlns%3D%27http%3A%2F%2Fwww.w3.org%2F2000%2Fsvg%27%20width%3D%27132%27%20height%3D%27132%27%20viewBox%3D%270%200%20132%20132%27%3E%3Crect%20width%3D%27132%27%20height%3D%27132%27%20fill-opacity%3D%220%22%2F%3E%3C%2Fsvg%3E\" data-srcset=\"https:\/\/cklcomunicaciones.es\/coop\/wp-content\/uploads\/2018\/03\/CKL_comunicacion-con-perspetiva-de-genero-150x150.jpg 150w, https:\/\/cklcomunicaciones.es\/coop\/wp-content\/uploads\/2018\/03\/CKL_comunicacion-con-perspetiva-de-genero-300x300.jpg 300w, https:\/\/cklcomunicaciones.es\/coop\/wp-content\/uploads\/2018\/03\/CKL_comunicacion-con-perspetiva-de-genero-450x450.jpg 450w, https:\/\/cklcomunicaciones.es\/coop\/wp-content\/uploads\/2018\/03\/CKL_comunicacion-con-perspetiva-de-genero.jpg 500w\" data-sizes=\"auto\" data-orig-sizes=\"(max-width: 132px) 100vw, 132px\" \/><\/p>\n<p id=\":sp\" class=\"hP\" tabindex=\"-1\" data-thread-perm-id=\"thread-f:1658780203401112684\" data-legacy-thread-id=\"17052bce702c6c6c\"><strong>El Supremo establece que el Servicio Social de la Mujer compute para jubilaci\u00f3n-Las espa\u00f1olas cuelgan el delantal-La igualdad de g\u00e9nero como realidad compleja y su medici\u00f3n estad\u00edstica rigurosa-\u00abDig\u00e1moslo alto y claro\u00bb<\/strong><\/p>\n<p>[toggle type=\u00bbfirst\u00bb title=\u00bbConvocatorias\u00bb]<\/p>\n<ul>\n<li>XI Certamen de Cuentos por la Igualdad. Organiza Ayuntamiento de la Alcal\u00e1 la Real. M\u00e1s informaci\u00f3n: <a href=\"mailto:porlaigualdad@dealcalalareal.es\">porlaigualdad@dealcalalareal.es<\/a><\/li>\n<li>Educaci\u00f3n e Investigaci\u00f3n. Fundaci\u00f3n Tres Culturas, 20 de febrero, 19h. M\u00e1s informaci\u00f3n: <a href=\"http:\/\/www.tresculturas.org\">www.tresculturas.org<\/a><\/li>\n<li><a href=\"https:\/\/redesdemujeres.org\/formacion-en-linea\/\">Curso &#8216;Creaci\u00f3n de asociaciones de mujeres&#8217;, 7\u00aa edici\u00f3n<\/a>. Colaboratorias. Del 1 al 31 de marzo de 2020. <a href=\"https:\/\/docs.google.com\/forms\/d\/e\/1FAIpQLSdNJJNMpbV9EvG72zY1xTaoL05RMwIdqIkfKJE85sKnBndCpw\/viewform\">Inscripci\u00f3n<\/a><\/li>\n<li><a href=\"http:\/\/www.juntadeandalucia.es\/cultura\/caletras\/evento\/79229\/La%20Premio%20Nadal,%20Ana%20Merino,%20presenta%20en%20Sevilla%20%27El%20mapa%20de%20los%20afectos%27\">Presentaci\u00f3n de &#8216;El mapa de los afectos&#8217;, de Ana Merino (Premio Nadal de Novela 2020)<\/a>. Centro Andaluz de las Letras. 20 de febrero de 2020<\/li>\n<li><a href=\"http:\/\/www.juntadeandalucia.es\/cultura\/caletras\/evento\/79230\/Almudena%20Grandes%20presenta%20su%20nueva%20novela%20%27La%20madre%20de%20Frankenstein%27%20en%20Sevilla\">Presentaci\u00f3n de &#8216;La madre de Frankenstein&#8217;, de Almudena Grandes<\/a>. Centro Andaluz de las Letras. 25 de febrero de 2020<\/li>\n<li><a href=\"http:\/\/www.juntadeandalucia.es\/iam\/catalogo\/doc\/convocatorias\/2020-genero\/SE-poetisas-27.jpg\">&#8216;Versos Encerrados: Poetisas del 27&#8217;<\/a>. Asociaci\u00f3n Arteapuntas. 26 de febrero de 2020<\/li>\n<\/ul>\n<p>[\/toggle]<\/p>\n<p>[toggle type=\u00bbfirst\u00bb title=\u00bbComunicaci\u00f3n\u00bb]<\/p>\n<p><a href=\"https:\/\/diariolalibertad.com\/sitio\/2020\/02\/16\/que-le-espera-al-periodismo-investigativo-despues-de-lo-que-le-paso-a-vicky-davila\/\">\u00bfQu\u00e9 le espera al periodismo investigativo despu\u00e9s de lo que &#8230;<\/a>&#8211; Diario La Libertad<\/p>\n<p><a href=\"https:\/\/periodistas-es.com\/el-desalojo-una-historia-real-contada-en-vinetas-140111\">El desalojo: una historia real contada en vi\u00f1etas<\/a>&#8211; Periodistas-es<\/p>\n<p><a href=\"https:\/\/www.google.com\/url?rct=j&amp;sa=t&amp;url=https:\/\/www.infolibre.es\/noticias\/politica\/2020\/02\/16\/el_contenido_sexista_publicidad_medios_comunicacion_despierta_780_quejas_ano_entre_ciudadania_103954_1012.html&amp;ct=ga&amp;cd=CAEYACoUMTQ0MDM5NjcxMTk2ODI1NjMyMTYyGWMwMzcyZWJjMmZlYWRhNTk6ZXM6ZXM6RVM&amp;usg=AFQjCNG9216QMIUGP1LJVtffFnxRBnarMQ\">El contenido sexista en publicidad y medios de comunicaci\u00f3n despierta 780 quejas al a\u00f1o entre la &#8230; <\/a>&#8211; infoLibre<\/p>\n<p><a href=\"https:\/\/www.google.com\/url?rct=j&amp;sa=t&amp;url=https:\/\/www.mercadofitness.com\/mx\/2020\/02\/12\/la-cadena-mcfit-es-condenada-en-espana-por-una-publicidad-sexista-2\/&amp;ct=ga&amp;cd=CAEYAyoUMTM4MjQwMDUxNTc0MTE5MzYwODkyGWMwMzcyZWJjMmZlYWRhNTk6ZXM6ZXM6RVM&amp;usg=AFQjCNFVZ1eSXbpNSk4sBUkY1lqsMMaDRA\">La cadena McFit es condenada en Espa\u00f1a por una publicidad sexista <\/a>&#8211; Mercado Fitness<\/p>\n<p>[\/toggle]<\/p>\n<p>[toggle type=\u00bbfirst\u00bb title=\u00bbAndaluc\u00eda\u00bb]<\/p>\n<p><strong>Institucional<\/strong><\/p>\n<p><a href=\"https:\/\/www.elmundo.es\/andalucia\/2020\/02\/15\/5e47003ffc6c8333438b46dc.html\">Marta Bosquet, Presidenta del Parlamento de Andaluc\u00eda: \u00abSi Torrent viniese a Andaluc\u00eda, yo s\u00ed le hubiera recibido\u00bb<\/a> \u2013 El Mundo<\/p>\n<p><strong>\u00a0<\/strong><strong>Econom\u00eda y Empresas<\/strong><\/p>\n<p><a href=\"https:\/\/www.lavozdealmeria.com\/agricultura2000\/noticia\/8\/agricultura\/187028\/greencobi-recibe-el-premio-mujer-agro-por-su-apuesta-por-la-igualdad\">Greencobi recibe el Premio Mujer Agro por su apuesta por la apuesta por la igualdad &#8230;<\/a>&#8211; La Voz de Almer\u00eda<\/p>\n<p><a href=\"https:\/\/www.google.com\/url?rct=j&amp;sa=t&amp;url=https:\/\/lacontradejaen.com\/feminismo-jaem-jaen-rosario\/&amp;ct=ga&amp;cd=CAEYACoTOTI2NzkwNjg0NjkzNTU3Njk1MjIbOWFiMWNkZDdlMzY2ZWYzODplczplczpFUzpS&amp;usg=AFQjCNFh36MkpjKbNsJ-8d-x3l_s1FQdFg\">Rosario Rubio Blanca, Presidenta de la Asociaci\u00f3n de Mujeres Empresarias, JAEM: \u201cLas mujeres no podemos sentirnos culpables por trabajar\u00bb <\/a>&#8211; Lacontradejaen<\/p>\n<p><a href=\"https:\/\/www.google.com\/url?rct=j&amp;sa=t&amp;url=https:\/\/www.europapress.es\/andalucia\/malaga-00356\/noticia-iam-uma-impulsan-empleabilidad-emprendimiento-mujeres-traves-programa-univergem-20200213144749.html&amp;ct=ga&amp;cd=CAEYASoTMTU4NjQ4ODkxODk2NjYyMjMyNjIbOWFiMWNkZDdlMzY2ZWYzODplczplczpFUzpS&amp;usg=AFQjCNFBGk0qDmv737c6oy-1IKpyxxsedw\">El IAM y la UMA impulsan la empleabilidad y el emprendimiento de las mujeres a trav\u00e9s del ..<em>.<\/em>&#8211; <\/a>Europa Press<\/p>\n<p><a href=\"https:\/\/www.google.com\/url?rct=j&amp;sa=t&amp;url=https:\/\/www.eldiadecordoba.es\/cordoba\/Univergem-impulsa-empleabilidad-emprendimiento-mujeres_0_1437456495.html&amp;ct=ga&amp;cd=CAEYBCoUMTAzNjE1NjY0Njk4MjI4NTk2MjQyGzlhYjFjZGQ3ZTM2NmVmMzg6ZXM6ZXM6RVM6Ug&amp;usg=AFQjCNE_qVU18fS7stXqBi6DEprdAebx5Q\">Univergem impulsa la empleabilidad y emprendimiento de las mujeres <\/a>-El D\u00eda de C\u00f3rdoba<\/p>\n<p><a href=\"https:\/\/www.google.com\/url?rct=j&amp;sa=t&amp;url=https:\/\/www.lavanguardia.com\/local\/sevilla\/20200214\/473554460055\/ccoo-a-traslada-que-el-ministerio-de-trabajo-se-compromete-a-crear-una-mesa-de-dialogo-sobre-el-campo-andaluz.html&amp;ct=ga&amp;cd=CAEYACoUMTE3ODA1OTM0NDg0ODg5ODg1MDMyGWQ3OGU1ODc1YTBmMWYyYWM6ZXM6ZXM6RVM&amp;usg=AFQjCNHrrHdR1szycK08HCI3pKftbCyjcg\">CCOO-A traslada que el Ministerio de Trabajo se compromete a crear una mesa de di\u00e1logo sobre el campo andaluz&#8230; <\/a>&#8211; La Vanguardia<\/p>\n<p><strong>A<\/strong><strong>ctualidad<\/strong><\/p>\n<p><a href=\"https:\/\/www.google.com\/url?rct=j&amp;sa=t&amp;url=https:\/\/www.lavanguardia.com\/local\/sevilla\/20200215\/473575706568\/el-iam-y-las-asociaciones-de-jaen-impulsan-la-participacion-social-de-las-mujeres-rurales.html&amp;ct=ga&amp;cd=CAEYACoTNDgyOTQ5Mjk4Mjc5NjE2NTI0MTIbOWFiMWNkZDdlMzY2ZWYzODplczplczpFUzpS&amp;usg=AFQjCNHYdfhY1fJiWWUsYqT5YEgokoeqYw\">El IAM y las asociaciones de Ja\u00e9n impulsan la participaci\u00f3n social de las mujeres rurales <\/a>&#8211; La Vanguardia<\/p>\n<p><a href=\"https:\/\/www.google.com\/url?rct=j&amp;sa=t&amp;url=https:\/\/www.diariojaen.es\/linares\/jornada-sobre-el-papel-de-la-mujer-en-economia-y-politica-EH6797978&amp;ct=ga&amp;cd=CAEYACoTNDI2NTMwNzAxNTAyOTAyMDI2OTIbOWFiMWNkZDdlMzY2ZWYzODplczplczpFUzpS&amp;usg=AFQjCNGoeJSzppkzALvvioIqb7bF8weEaA\">Jornada sobre el papel de la mujer en econom\u00eda y pol\u00edtica <\/a>&#8211; Diario Ja\u00e9n<\/p>\n<p><a href=\"https:\/\/www.google.com\/url?rct=j&amp;sa=t&amp;url=https:\/\/www.europapress.es\/esandalucia\/sevilla\/noticia-igualdad-busca-combatir-sexismo-romper-brechas-genero-traves-videojuegos-20200214130809.html&amp;ct=ga&amp;cd=CAEYAioTMzE2MDYzNjI4NzczOTUxMzY2MjIbOWFiMWNkZDdlMzY2ZWYzODplczplczpFUzpS&amp;usg=AFQjCNET3Js6i1mrdEhGt9tbIjnhrzp0oQ\">Igualdad busca combatir el sexismo y romper brechas de g\u00e9nero a trav\u00e9s de los videojuegos <\/a>-Europa Press<\/p>\n<p><em>\u00a0<\/em><a href=\"http:\/\/www.ideal.es\/miugr\/igualdad-real-llegado-20200213233628-nt.html\"><em>\u00ab<\/em>La igualdad real no ha llegado a\u00fan a las parejas j\u00f3venes<em>\u00bb<\/em><\/a><em>&#8211; <\/em>Ideal Digital<\/p>\n<p><a href=\"https:\/\/www.google.com\/url?rct=j&amp;sa=t&amp;url=https:\/\/andaluciainformacion.es\/san-fernando\/878928\/cadiz-se-sube-al-tren-de-la-dignidad\/&amp;ct=ga&amp;cd=CAEYASoTNzM5ODQwMTg5Mjc1NTk1NzQzMzIbOWFiMWNkZDdlMzY2ZWYzODplczplczpFUzpS&amp;usg=AFQjCNGtZAhzWaV8Gm5PCmJDN183rVYrDw\">C\u00e1diz se sube al &#8216;Tren de la Dignidad&#8217; <\/a>&#8211; Andaluc\u00eda Informaci\u00f3n<\/p>\n<p><a href=\"https:\/\/www.google.com\/url?rct=j&amp;sa=t&amp;url=https:\/\/www.diariocordoba.com\/noticias\/cordobalocal\/cifra-mujeres-da-luz-mas-40-anos-crece-230-cordoba_1354499.html&amp;ct=ga&amp;cd=CAEYAioUMTAwOTU2NDI3NjQ5NjUwMDIxMTQyGWMwMzcyZWJjMmZlYWRhNTk6ZXM6ZXM6RVM&amp;usg=AFQjCNGWu_G8eiXRCNkYGXdpwmxNsKHZvA\">La cifra de mujeres que da a luz con m\u00e1s de 40 a\u00f1os crece un 230% en C\u00f3rdoba <\/a>\u2013 Diario de C\u00f3rdoba<\/p>\n<p><strong>Violencias<\/strong><\/p>\n<p><a href=\"https:\/\/www.google.com\/url?rct=j&amp;sa=t&amp;url=https:\/\/www.20minutos.es\/noticia\/4150958\/0\/la-campana-del-iam-digamoslo-alto-y-claro-busca-combatir-el-acoso-sexual-en-el-trabajo\/&amp;ct=ga&amp;cd=CAEYAioTMTU4NjQ4ODkxODk2NjYyMjMyNjIbOWFiMWNkZDdlMzY2ZWYzODplczplczpFUzpS&amp;usg=AFQjCNHyCx9NMZgHSZ1LIgJ0EGbmZQewVw\">La campa\u00f1a del IAM &#8216;Dig\u00e1moslo alto y claro&#8217; busca combatir el acoso sexual en el trabajo <\/a>&#8211; 20minutos<\/p>\n<p><a href=\"https:\/\/www.google.com\/url?rct=j&amp;sa=t&amp;url=https:\/\/m.eldiadecordoba.es\/cordoba\/programa-Agente-Tutor-Policia-Local-cordoba_0_1437456407.html&amp;ct=ga&amp;cd=CAEYASoUMTQ3NjMxMTQxNjIxMDI2MDM2NzcyGWUxZTc3ZDE1NjA5OGE4ZTM6ZXM6ZXM6RVM&amp;usg=AFQjCNERcrHPbNJLhjVDoA7THJ6Yd6KRXw\">El acoso escolar y los riesgos de internet copan las charlas del programa Agente Tutor de la Polic\u00eda Local &#8230; <\/a>&#8211; El D\u00eda de C\u00f3rdoba<\/p>\n<p><a href=\"https:\/\/www.google.com\/url?rct=j&amp;sa=t&amp;url=https:\/\/www.laopiniondemalaga.es\/andalucia\/2020\/02\/14\/malaga-provincia-denuncias-violencia-genero\/1145933.html&amp;ct=ga&amp;cd=CAEYACoTMzE2MDYzNjI4NzczOTUxMzY2MjIbOWFiMWNkZDdlMzY2ZWYzODplczplczpFUzpS&amp;usg=AFQjCNHq6wHK5KxuskFQB5hIfspKuJNwnw\">M\u00e1laga fue la provincia donde m\u00e1s denuncias por violencia de g\u00e9nero se presentaron en 2018 <\/a>&#8211; La Opini\u00f3n de M\u00e1laga<\/p>\n<p><a href=\"https:\/\/www.elmundo.es\/andalucia\/2020\/02\/14\/5e46952dfc6c8333438b4699.html\">El juez reabre el caso Marta del Castillo para analizar las nuevas pruebas aportadas por la familia<\/a> \u2013 El Mundo<\/p>\n<p><strong>\u00a0<\/strong><strong>Ciencia y Cultura<\/strong><\/p>\n<p><a href=\"https:\/\/www.google.com\/url?rct=j&amp;sa=t&amp;url=http:\/\/www.diarioronda.es\/2020\/02\/14\/cultura-y-sociedad\/la-astrofisica-luisa-ma-lara-11-f-mujer-y-ciencia\/&amp;ct=ga&amp;cd=CAEYCCoUMTA5NDk1MTQxNTA1MDUxNDI0MTgyGWMwMzcyZWJjMmZlYWRhNTk6ZXM6ZXM6RVM&amp;usg=AFQjCNFt7JK2o6uq2RhVl8r1CBeT4EU3Lw\">La astrof\u00edsica Luisa M\u00aa Lara (11-F: Mujer y Ciencia) <\/a>&#8211; Diario Ronda<\/p>\n<p><a href=\"https:\/\/www.google.com\/url?rct=j&amp;sa=t&amp;url=https:\/\/www.lavozdealmeria.com\/noticia\/12\/almeria\/186911\/marga-lopez-el-principio-del-cambio-climatico&amp;ct=ga&amp;cd=CAEYAioUMTgxMzY1NDgyNTMxNDg3NzUxNTcyGWMwMzcyZWJjMmZlYWRhNTk6ZXM6ZXM6RVM&amp;usg=AFQjCNECHz-B9kmKFj4ueyclDU63vPKclQ\">Marga L\u00f3pez, bi\u00f3loga marina, el principio del cambio clim\u00e1tico <\/a>&#8211; La Voz de Almer\u00eda<\/p>\n<p><a href=\"https:\/\/www.mujeremprendedora.net\/upo-primeros-pasos-incluir-perspectiva-genero-presupuestos\/\">La UPO da los primeros pasos para incluir la perspectiva de g\u00e9nero en sus presupuestos<\/a> \u2013 Mujeremprendedora.net<\/p>\n<p><a href=\"https:\/\/www.google.com\/url?rct=j&amp;sa=t&amp;url=https:\/\/www.aulamagna.com.es\/la-uma-convoca-las-becas-del-master-en-igualdad-y-genero\/&amp;ct=ga&amp;cd=CAEYHCoUMTc2MjYyOTIzNjI0Nzg3MTY4MDYyGWMwMzcyZWJjMmZlYWRhNTk6ZXM6ZXM6RVM&amp;usg=AFQjCNFrah_mQTBPPRKJLOpkfeYYQIWs0w\">La UMA convoca las becas del M\u00e1ster en Igualdad y G\u00e9nero <\/a>&#8211; Aula Magna<\/p>\n<p><a href=\"http:\/\/www.eleconomista.es\/ecoaula\/noticias\/10352787\/02\/20\/La-Universidad-de-Granada-imparte-el-taller-Proteget-de-San-Valentin-para-romper-con-los-mitos-del-amor-romantico.html\">La Universidad de Granada imparte el taller<em> \u00ab<\/em>Protege-t de San Valent\u00edn\u201d<em> &#8230;<\/em><\/a>&#8211; Ecodiario<\/p>\n<p><a href=\"https:\/\/www.google.com\/url?rct=j&amp;sa=t&amp;url=https:\/\/www.ideal.es\/miugr\/convoca-nueva-concentracion-20200214154329-nt.html&amp;ct=ga&amp;cd=CAEYFyoUMTA5NDk1MTQxNTA1MDUxNDI0MTgyGWMwMzcyZWJjMmZlYWRhNTk6ZXM6ZXM6RVM&amp;usg=AFQjCNHONLvRjotH1zdYU59mPSf-8NHlFg\">La UGR convoca una nueva concentraci\u00f3n el lunes para pedir la liberaci\u00f3n del estudiante &#8230; <\/a>&#8211; Ideal Digital<\/p>\n<p><a href=\"https:\/\/www.google.com\/url?rct=j&amp;sa=t&amp;url=https:\/\/www.ideal.es\/miugr\/homenaje-figura-gabriella-20200214120831-nt.html&amp;ct=ga&amp;cd=CAEYHioUMTA5NDk1MTQxNTA1MDUxNDI0MTgyGWMwMzcyZWJjMmZlYWRhNTk6ZXM6ZXM6RVM&amp;usg=AFQjCNFterKuhzRGSfbTvN2AOwXZhQi8Ww\">Homenaje de la UGR a la figura de Gabriella Morreale <\/a>&#8211; Ideal Digital<\/p>\n<p><a href=\"https:\/\/elpais.com\/cultura\/2020\/02\/15\/actualidad\/1581776384_013032.html\">Carmen Linares: \u201cHemos sacado al flamenco del \u2018bajer\u00edo\u201d<\/a> \u2013 El Pa\u00eds<\/p>\n<p><strong>Deporte<\/strong><\/p>\n<p><a href=\"https:\/\/www.google.com\/url?rct=j&amp;sa=t&amp;url=https:\/\/www.granadaenjuego.com\/Polideportivo\/la-carrera-solidaria-por-la-igualdad-5-kilometros-5-causas-cumple-su-segunda-edicion-a-favor-de-las-mujeres-con-fibromialgia&amp;ct=ga&amp;cd=CAEYGyoUMTc2MjYyOTIzNjI0Nzg3MTY4MDYyGWMwMzcyZWJjMmZlYWRhNTk6ZXM6ZXM6RVM&amp;usg=AFQjCNHiS4d5UoVW9P7vemM4grU-4gZyHA\">La Carrera Solidaria por la Igualdad \u201c5 kil\u00f3metros 5 Causas\u201d cumple su segunda edici\u00f3n a favor &#8230; <\/a>&#8211; Granada en Juego<\/p>\n<p><a href=\"https:\/\/www.diariocordoba.com\/noticias\/deportes\/maria-teresa-morata-sube-podio-nacional-marcha_1354535.html\">Mar\u00eda Teresa Morata sube al podio en el Nacional de marcha<\/a>&#8211; Diario C\u00f3rdoba<\/p>\n<p><a href=\"https:\/\/www.abc.es\/deportes\/vela\/vela-ligera\/abci-windsurf-202002151955_noticia.html\">Andaluc\u00eda se lleva el t\u00edtulo en RS:X en Melilla<\/a>&#8211; Abc.es<\/p>\n<p>[\/toggle]<\/p>\n<p>[toggle type=\u00bbfirst\u00bb title=\u00bbEstado\u00bb]<\/p>\n<p><strong>Institucional<\/strong><\/p>\n<p><a href=\"https:\/\/www.elmundo.es\/economia\/macroeconomia\/2020\/02\/17\/5e495d1ffdddff565d8b4668.html\">Calvi\u00f1o y los equilibrios de poder en la presidencia del Eurogrupo<\/a> \u2013 El Mundo<\/p>\n<p><u><a href=\"https:\/\/www.google.com\/url?rct=j&amp;sa=t&amp;url=https:\/\/www.elmundo.es\/economia\/2020\/02\/14\/5e46cee721efa0092b8b45dd.html&amp;ct=ga&amp;cd=CAEYAyoUMTA5NDk1MTQxNTA1MDUxNDI0MTgyGWMwMzcyZWJjMmZlYWRhNTk6ZXM6ZXM6RVM&amp;usg=AFQjCNEUS8_05VmYtKSXA26n7O17GiEmPw\">El Supremo establece que el Servicio Social de la Mujer franquista compute para la jubilaci\u00f3n &#8230; <\/a><\/u>&#8211; El Mundo<strong>\u00a0<\/strong><\/p>\n<p><strong>Institucional-CCAA<\/strong><\/p>\n<p><a href=\"https:\/\/www.google.com\/url?rct=j&amp;sa=t&amp;url=https:\/\/lahoradigital.com\/noticia\/25210\/igualdad\/castilla-la-mancha-inaugura-la-exposicion-itinerante-mujeres-ingenieras-de-exito-que-une-ciencia-con-igualdad-de-genero.html&amp;ct=ga&amp;cd=CAEYACoUMTY5NTYwNjMwMTkwODQ2MzgxNzYyGWMwMzcyZWJjMmZlYWRhNTk6ZXM6ZXM6RVM&amp;usg=AFQjCNGpd7rAmseFLRmXH30YfydmcHQveQ\">Castilla-La Mancha, inaugura la exposici\u00f3n itinerante &#8216;Mujeres ingenieras de \u00e9xito&#8217; que une &#8230; <\/a>&#8211; <a href=\"http:\/\/lahoradigital.com\">lahoradigital.com<\/a><\/p>\n<p><a href=\"https:\/\/www.google.com\/url?rct=j&amp;sa=t&amp;url=https:\/\/www.elperiodicodearagon.com\/noticias\/aragon\/aragon-empapela-sus-calles-romper-mitos-san-valentin_1409056.html&amp;ct=ga&amp;cd=CAEYCCoUMTc2MjYyOTIzNjI0Nzg3MTY4MDYyGWMwMzcyZWJjMmZlYWRhNTk6ZXM6ZXM6RVM&amp;usg=AFQjCNG8HSDi5Q_DxyYniHgvNrn58K1hMA\">Arag\u00f3n empapela sus calles para romper los mitos de San Valent\u00edn <\/a><em>&#8211;<\/em> El Peri\u00f3dico de Arag\u00f3n<\/p>\n<p><a href=\"https:\/\/www.google.com\/url?rct=j&amp;sa=t&amp;url=https:\/\/www.lavanguardia.com\/local\/paisvasco\/20200213\/473530431506\/euskadi-casa-de-juntas-de-gernika-acoge-una-exposicion-homenaje-a-las-mujeres-activistas-en-la-ii-republica-y-la-guerra-civil.html&amp;ct=ga&amp;cd=CAEYDioUMTc2MjYyOTIzNjI0Nzg3MTY4MDYyGWMwMzcyZWJjMmZlYWRhNTk6ZXM6ZXM6RVM&amp;usg=AFQjCNEk5fWL5ytOyyu9xYsE_hwS1nA8FQ\">Casa de Juntas de Gernika acoge una exposici\u00f3n homenaje a las mujeres activistas en &#8230; <\/a>&#8211; La Vanguardia<\/p>\n<p><a href=\"https:\/\/www.google.com\/url?rct=j&amp;sa=t&amp;url=https:\/\/www.cuadernosmanchegos.com\/region\/castilla-la-mancha\/el-gobierno-de-castilla-la-mancha-convoca-las-becas-leonor-serrano-pablo-de-estudios-universitarios-para-mujeres-victimas-de-violencia-de-genero-sus-hijas-e-hijos--9145.html&amp;ct=ga&amp;cd=CAEYASoTOTI4ODM2NTA5MzI2NDE5NDA5NTIZYzAzNzJlYmMyZmVhZGE1OTplczplczpFUw&amp;usg=AFQjCNHuVKTCIJDr88TrrsN3v9r42qfV0w\">El Gobierno de Castilla-La Mancha convoca las becas &#8216;Leonor Serrano Pablo&#8217; de estudios &#8230; <\/a>&#8211; Cuadernos Manchegos<\/p>\n<p><a href=\"https:\/\/www.google.com\/url?rct=j&amp;sa=t&amp;url=http:\/\/www.extradigital.es\/el-iam-intenta-desmontar-mitos-en-torno-a-la-relacion-de-pareja-con-la-campana-amor-propio\/&amp;ct=ga&amp;cd=CAEYECoUMTA5NDk1MTQxNTA1MDUxNDI0MTgyGWMwMzcyZWJjMmZlYWRhNTk6ZXM6ZXM6RVM&amp;usg=AFQjCNED4SqVSKzdPhl0dzw2qAAtjQR-aw\">El Instituto Aragon\u00e9s de la Mujer intenta desmontar mitos en torno a la relaci\u00f3n de pareja con la campa\u00f1a \u201cAmor propio\u201d <\/a>&#8211; Extradigital.es<\/p>\n<p><a href=\"https:\/\/www.google.com\/url?rct=j&amp;sa=t&amp;url=https:\/\/www.deia.eus\/actualidad\/historias-de-los-vascos\/2020\/02\/15\/republica-militantes\/1018252.html&amp;ct=ga&amp;cd=CAEYAioTMjQ0ODY4NzI1MzkyMzM3MjY5NDIZYzAzNzJlYmMyZmVhZGE1OTplczplczpFUw&amp;usg=AFQjCNG9XS5us1rGan1wWSfTbHxWMTYknw\">La rep\u00fablica de las militantes <\/a>&#8211; Deia<\/p>\n<p><a href=\"https:\/\/www.google.com\/url?rct=j&amp;sa=t&amp;url=https:\/\/zigzagdigital.com\/art\/19363\/las-mujeres-de-madrid-lideran-el-ranking-mundial-de-longevidad&amp;ct=ga&amp;cd=CAEYAyoUMTczNDE2ODMyMTI2ODk5NDU3MDQyGWMwMzcyZWJjMmZlYWRhNTk6ZXM6ZXM6RVM&amp;usg=AFQjCNHfc_HPEHLNMFl30ffrMs4P_DIPtA\">Las mujeres de Madrid lideran el ranking mundial de longevidad <\/a>&#8211; Zigzag Digital<\/p>\n<p><strong>Econom\u00eda y Empresa<\/strong><\/p>\n<p><a href=\"https:\/\/www.google.com\/url?rct=j&amp;sa=t&amp;url=https:\/\/www.publico.es\/sociedad\/espanolas-cuelgan-delantal-hubo-amas-casa-trabajadoras.html&amp;ct=ga&amp;cd=CAEYAyoUMTM5MTIxODM4NDk1ODA2ODQ0NTAyGWMwMzcyZWJjMmZlYWRhNTk6ZXM6ZXM6RVM&amp;usg=AFQjCNHneHcswfpup-CsV6dE1qf7Lv0Vkg\">Las espa\u00f1olas cuelgan el delantal: nunca hubo menos amas de casa ni m\u00e1s trabajadoras <\/a>-P\u00fablico<\/p>\n<p><a href=\"https:\/\/www.google.com\/url?rct=j&amp;sa=t&amp;url=https:\/\/www.agrodiario.com\/texto-diario\/mostrar\/1778984\/mujeres-invisibles-mundo-rural&amp;ct=ga&amp;cd=CAEYAyoUMTQ3NjMxMTQxNjIxMDI2MDM2NzcyGWUxZTc3ZDE1NjA5OGE4ZTM6ZXM6ZXM6RVM&amp;usg=AFQjCNHl61irwJrVCy0aEmGVzZbnnIbeqQ\">Mujeres rurales, los rostros invisibles de la econom\u00eda <\/a>&#8211; Agrodiario<\/p>\n<p><a href=\"https:\/\/www.google.com\/url?rct=j&amp;sa=t&amp;url=https:\/\/diario16.com\/el-gobierno-reducira-el-numero-de-peonadas-para-acceder-a-la-proteccion-por-desempleo-de-los-temporeros\/&amp;ct=ga&amp;cd=CAEYASoSNjMxMjMxNzIwMjIwNjQ4NzQ1MhlkNzhlNTg3NWEwZjFmMmFjOmVzOmVzOkVT&amp;usg=AFQjCNEuLAvz19PYsgZHVO9I8eoqOkrR5A\">El Gobierno reducir\u00e1 el n\u00famero de peonadas para acceder a la protecci\u00f3n por desempleo de los &#8230; <\/a>&#8211; Diario16<\/p>\n<p><strong>Actualidad<\/strong><\/p>\n<p><a href=\"https:\/\/www.google.com\/url?rct=j&amp;sa=t&amp;url=https:\/\/www.ibercampus.es\/la-igualdad-de-genero-como-realidad-compleja-y-su-medicion-desde-39295.htm&amp;ct=ga&amp;cd=CAEYACoUMTcyMDk0ODc4MjA0NTM2NDg2MDkyGWMwMzcyZWJjMmZlYWRhNTk6ZXM6ZXM6RVM&amp;usg=AFQjCNETpqKJKPBmul_7mkBOq5EiCqVhMg\">La igualdad de g\u00e9nero como realidad compleja y su medici\u00f3n desde el rigor de las estad\u00edstico <\/a>&#8211; Ibercampus.es<\/p>\n<p><a href=\"https:\/\/www.google.com\/url?rct=j&amp;sa=t&amp;url=https:\/\/www.perfil.com\/noticias\/sociedad\/juegos-de-mesa-inclusivos-para-hablar-de-identidad-de-genero-y-educacion-sexual.phtml&amp;ct=ga&amp;cd=CAEYACoTODQzNTYzNzExNTYwOTg5Mzk3MjIZMWRjNWJlY2M3MDZlY2Y4YjplczplczpFUw&amp;usg=AFQjCNHOoDS3MuKA3Es4ilAW3RgnhoPddw\">Juegos de mesa inclusivos para hablar de identidad de g\u00e9nero y educaci\u00f3n sexual <\/a>&#8211; Perfil.com<\/p>\n<p><a href=\"https:\/\/www.google.com\/url?rct=j&amp;sa=t&amp;url=https:\/\/diariodeavisos.elespanol.com\/2020\/02\/ballesteros-en-la-onu-estamos-en-medio-de-una-catastrofe-ambiental\/&amp;ct=ga&amp;cd=CAEYACoTNTg1MDQ2MDM0NTUyMjQzNzg3NzIZYzAzNzJlYmMyZmVhZGE1OTplczplczpFUw&amp;usg=AFQjCNF91JYT5npa9yeQlXY7NN2bAmvtpg\">Ballesteros, en la ONU: \u201cEstamos en medio de una cat\u00e1strofe ambiental\u201d <\/a>&#8211; Diario de Avisos<\/p>\n<p><a href=\"https:\/\/www.eleconomista.com.ar\/2020-02-cristina-armella-hay-mas-mujeres-notarias-que-hombres-pero-los-dirigentes-son-varones\/\">Cristina Armella: \u201cHay m\u00e1s notarias que hombres &#8230;<\/a>&#8211; El Economista<strong>\u00a0<\/strong><\/p>\n<p><strong>Violencia<\/strong><\/p>\n<p><a href=\"https:\/\/www.google.com\/url?rct=j&amp;sa=t&amp;url=https:\/\/www.diariodemallorca.es\/mallorca\/2020\/02\/14\/policia-nacional-detiene-personas-prostituir\/1486367.html&amp;ct=ga&amp;cd=CAEYASoTMzk3NzYxMDcxOTM5Nzc1MzcxOTIZYzAzNzJlYmMyZmVhZGE1OTplczplczpFUw&amp;usg=AFQjCNGJQpqteM-987j91iUwW94YYiueaw\">Primeras detenciones en Palma por el esc\u00e1ndalo de la explotaci\u00f3n sexual de menores tuteladas <\/a>&#8211; Diario de Mallorca<\/p>\n<p><strong>Ciencia y Cultura<\/strong><\/p>\n<p><a href=\"https:\/\/www.google.com\/url?rct=j&amp;sa=t&amp;url=https:\/\/www.abc.es\/ciencia\/abci-matematicas-revelan-techo-cristal-mujeres-ciencia-202002170213_noticia.html&amp;ct=ga&amp;cd=CAEYACoUMTY2OTgwODA4ODg0MTA0Mjk4MDAyGWMwMzcyZWJjMmZlYWRhNTk6ZXM6ZXM6RVM&amp;usg=AFQjCNF9MR1nHFqfwk0TF5IED9cytGxmPg\">Las matem\u00e1ticas que revelan el techo de cristal de las mujeres en ciencia <\/a>&#8211; Abc.es<\/p>\n<p><a href=\"https:\/\/www.google.com\/url?rct=j&amp;sa=t&amp;url=https:\/\/www.nuevatribuna.es\/articulo\/cultura---ocio\/bne-andresacasamayor-cientifica-matematica-300anos\/20200212172711171038.html&amp;ct=ga&amp;cd=CAEYASoTODYwMTkwMzQ2MTc5NTA4NDQzNTIZYzAzNzJlYmMyZmVhZGE1OTplczplczpFUw&amp;usg=AFQjCNFGxYPf7GhrGjZQdTtrROCDqqT-ug\">La BNE rescata a Andresa Casamayor, la cient\u00edfica que ense\u00f1\u00f3 matem\u00e1ticas al pueblo hace 300 ..<em>. <\/em><\/a><em>&#8211; <\/em>nuevatribuna.es<\/p>\n<p><a href=\"https:\/\/www.google.com\/url?rct=j&amp;sa=t&amp;url=https:\/\/www.magazinema.es\/festival-de-cine-por-mujeres-tercera-edicion\/&amp;ct=ga&amp;cd=CAEYCioUMTA5NDk1MTQxNTA1MDUxNDI0MTgyGWMwMzcyZWJjMmZlYWRhNTk6ZXM6ZXM6RVM&amp;usg=AFQjCNHWNG_oVDYwaLq3WghnZMivAF7G_Q\">Festival de cine por mujeres, tercera edici\u00f3n. <\/a>&#8211; MagaZinema<\/p>\n<p><u><a href=\"https:\/\/www.google.com\/url?rct=j&amp;sa=t&amp;url=https:\/\/www.elmundo.es\/papel\/lideres\/2020\/02\/16\/5e3bf981fdddff9a278b4635.html&amp;ct=ga&amp;cd=CAEYACoUMTAwOTU2NDI3NjQ5NjUwMDIxMTQyGWMwMzcyZWJjMmZlYWRhNTk6ZXM6ZXM6RVM&amp;usg=AFQjCNEAzwe4VL0g9TATM3FsEU9QkeZHXg\">Loola P\u00e9rez: \u00abCuando eres cr\u00edtica con el feminismo eres un monstruo, peligrosa, una hereje\u00bb <\/a><\/u>&#8211; El Mundo<\/p>\n<p><strong>Deporte<\/strong><\/p>\n<p><u><a href=\"https:\/\/elpais.com\/deportes\/2020\/02\/15\/actualidad\/1581760244_949979.html\">Tamara Echegoyen y Paula Barcel\u00f3, oro en el Mundial de vela- El Pa\u00eds<\/a><\/u><\/p>\n<p><a href=\"https:\/\/www.google.com\/url?rct=j&amp;sa=t&amp;url=https:\/\/www.radiohuesca.com\/edurne-pasaban-cuenta-en-huesca-su-experiencia-en-chhaupadi-14022020-135381.html&amp;ct=ga&amp;cd=CAEYACoUMTM2MTY3Njk5NTQ1NzE1NzgxNjAyGWMwMzcyZWJjMmZlYWRhNTk6ZXM6ZXM6RVM&amp;usg=AFQjCNHSpCZMMT86oULkDRNinsw6uhim2A\">Edurne Pasab\u00e1n cuenta en Huesca su experiencia en \u00abChhaupadi\u00bb <\/a>&#8211; Radio Huesca<\/p>\n<p><a href=\"https:\/\/www.laverdad.es\/deportes\/deporte-femenino\/futbol\/martinez-madrona-europeo-20200217103509-nt.html\">Mart\u00ednez Madrona, en el Europeo de Dubl\u00edn<\/a> &#8211; La Verdad<\/p>\n<p>[\/toggle]<\/p>\n<p>[toggle type=\u00bbfirst\u00bb title=\u00bbInternacional\u00bb]<\/p>\n<p><a href=\"https:\/\/elpais.com\/internacional\/2020\/02\/15\/actualidad\/1581792619_152062.html\">Ylva Johansson, Comisaria Europea de Interior: \u201cLas condiciones de vida en Lesbos me quitan el sue\u00f1o\u201d\u00a0<\/a> &#8211; El Pa\u00eds<\/p>\n<p><u><a href=\"https:\/\/www.google.com\/url?rct=j&amp;sa=t&amp;url=https:\/\/www.elperiodicoextremadura.com\/noticias\/extremadura\/aun-sigo-escuchando-pero-si-eres-mujer-aunque-vez-menos_1218638.html&amp;ct=ga&amp;cd=CAEYAioTNjE2NjQyNDYyNzMwNTA2NjUxNTIZYzAzNzJlYmMyZmVhZGE1OTplczplczpFUw&amp;usg=AFQjCNGXCGBnXOiuQf0VqhwWR4lZgB-l6g\">Lourdes Vega, f\u00edsica: \u201cA\u00fan sigo escuchando el &#8216;pero si eres una mujer&#8217;, aunque cada vez menos<\/a><\/u><em><u><a href=\"https:\/\/www.google.com\/url?rct=j&amp;sa=t&amp;url=https:\/\/www.elperiodicoextremadura.com\/noticias\/extremadura\/aun-sigo-escuchando-pero-si-eres-mujer-aunque-vez-menos_1218638.html&amp;ct=ga&amp;cd=CAEYAioTNjE2NjQyNDYyNzMwNTA2NjUxNTIZYzAzNzJlYmMyZmVhZGE1OTplczplczpFUw&amp;usg=AFQjCNGXCGBnXOiuQf0VqhwWR4lZgB-l6g\">\u00bb <\/a><\/u><\/em>&#8211; El Peri\u00f3dico de Extremadura<\/p>\n<p><a href=\"https:\/\/www.google.com\/url?rct=j&amp;sa=t&amp;url=https:\/\/www.publico.es\/internacional\/victoria-sandino-mi-vida-he-sido-rebelde.html&amp;ct=ga&amp;cd=CAEYASoUMTYwMDQ5NzQ4NjI0NzM2MDMyODkyGWMwMzcyZWJjMmZlYWRhNTk6ZXM6ZXM6RVM&amp;usg=AFQjCNFPUicl-QQfmQVMWArq1_nXFPnumg\">Victoria Sandino: \u00abToda mi vida he sido rebelde\u00bb <\/a>&#8211; P\u00fablico<\/p>\n<p><a href=\"https:\/\/www.google.com\/url?rct=j&amp;sa=t&amp;url=https:\/\/www.elmundo.es\/ciencia-y-salud\/ciencia\/2020\/02\/17\/5e497534fc6c8360448b469b.html&amp;ct=ga&amp;cd=CAEYACoUMTA5NjIyMTY4MjIyMjM2MzA2NDMyGWMwMzcyZWJjMmZlYWRhNTk6ZXM6ZXM6RVM&amp;usg=AFQjCNEMwu2WKOjC0EAyuFctvxCCQKulrQ\">En matem\u00e1ticas a\u00fan hay discriminaci\u00f3n y falta de diversidad\u00bb <\/a>&#8211; El Mundo<\/p>\n<p><u><a href=\"https:\/\/www.google.com\/url?rct=j&amp;sa=t&amp;url=https:\/\/www.heraldo.es\/noticias\/sociedad\/2020\/02\/16\/las-trimates-pioneras-que-miraron-a-los-primates-de-tu-a-tu-jane-goodall-dian-fossey-birute-galdikas-1358905.html&amp;ct=ga&amp;cd=CAEYAioUMTE3ODU0OTUwNDA2MzAzNTA5MDYyGWMwMzcyZWJjMmZlYWRhNTk6ZXM6ZXM6RVM&amp;usg=AFQjCNFDYPbnulEK0RauZO6UPCz1XO_a0A\">Las &#8216;trimates&#8217;, pioneras que miraron a los primates de t\u00fa<\/a><\/u><u><a href=\"https:\/\/www.google.com\/url?rct=j&amp;sa=t&amp;url=https:\/\/www.heraldo.es\/noticias\/sociedad\/2020\/02\/16\/las-trimates-pioneras-que-miraron-a-los-primates-de-tu-a-tu-jane-goodall-dian-fossey-birute-galdikas-1358905.html&amp;ct=ga&amp;cd=CAEYAioUMTE3ODU0OTUwNDA2MzAzNTA5MDYyGWMwMzcyZWJjMmZlYWRhNTk6ZXM6ZXM6RVM&amp;usg=AFQjCNFDYPbnulEK0RauZO6UPCz1XO_a0A\"> a t\u00fa <\/a><\/u><em><u>&#8211; <\/u><\/em>Heraldo.es<\/p>\n<p><u><a href=\"https:\/\/www.google.com\/url?rct=j&amp;sa=t&amp;url=https:\/\/www.tekcrispy.com\/2020\/02\/16\/jocelyn-bell-burnell-descubrio-pulsares-ignorada-nobel\/&amp;ct=ga&amp;cd=CAEYAioTMTExODI4MzYwODA4MzQ0NjQ4MTIZYzAzNzJlYmMyZmVhZGE1OTplczplczpFUw&amp;usg=AFQjCNE9-z_hBmQN3xOhV0-8PxJhaWIoJg\">Jocelyn Bell Burnell: la mujer que descubri\u00f3 los p\u00falsares y fue ignorada p<\/a><\/u><em><u><a href=\"https:\/\/www.google.com\/url?rct=j&amp;sa=t&amp;url=https:\/\/www.tekcrispy.com\/2020\/02\/16\/jocelyn-bell-burnell-descubrio-pulsares-ignorada-nobel\/&amp;ct=ga&amp;cd=CAEYAioTMTExODI4MzYwODA4MzQ0NjQ4MTIZYzAzNzJlYmMyZmVhZGE1OTplczplczpFUw&amp;usg=AFQjCNE9-z_hBmQN3xOhV0-8PxJhaWIoJg\">or <\/a><\/u><\/em><u><a href=\"https:\/\/www.google.com\/url?rct=j&amp;sa=t&amp;url=https:\/\/www.tekcrispy.com\/2020\/02\/16\/jocelyn-bell-burnell-descubrio-pulsares-ignorada-nobel\/&amp;ct=ga&amp;cd=CAEYAioTMTExODI4MzYwODA4MzQ0NjQ4MTIZYzAzNzJlYmMyZmVhZGE1OTplczplczpFUw&amp;usg=AFQjCNE9-z_hBmQN3xOhV0-8PxJhaWIoJg\">el Nobel <\/a><\/u><em>&#8211;<\/em> TekCrispy<\/p>\n<p><u><a href=\"https:\/\/www.google.com\/url?rct=j&amp;sa=t&amp;url=https:\/\/www.huffingtonpost.es\/entry\/gabriela-wiener-hay-mucho-macho-aprovechado-que-se-dice-poliamoroso-para-follar-a-mas-tias_es_5e46e1e8c5b64ba2974f0cee&amp;ct=ga&amp;cd=CAEYHCoUMTA5NDk1MTQxNTA1MDUxNDI0MTgyGWMwMzcyZWJjMmZlYWRhNTk6ZXM6ZXM6RVM&amp;usg=AFQjCNHQLhcl9BRypeg-HFmDIcwLiYnaxQ\">Gabriela Wiener, escritora peruana: \u00abHay mucho macho aprovechado que se dice poliamoroso para follar a m\u00e1s t\u00edas\u00bb <\/a><\/u>&#8211; El HuffPost<\/p>\n<p><a href=\"https:\/\/www.google.com\/url?rct=j&amp;sa=t&amp;url=https:\/\/www.eluniversal.com.mx\/cultura\/el-amor-una-batalla-en-la-epoca-prehispanica&amp;ct=ga&amp;cd=CAEYAyoUMTA0MTAwNDExNTM2MTA5Mjk2MDUyGWMwMzcyZWJjMmZlYWRhNTk6ZXM6ZXM6RVM&amp;usg=AFQjCNHpr5i-D-mUP9JWh7z9vglrahPJmg\">El amor, una batalla en la \u00e9poca prehisp\u00e1nica <\/a>&#8211; El Universal<\/p>\n<p><a href=\"https:\/\/www.elespanol.com\/deportes\/tenis\/20200217\/serena-williams-no-podemos-discutir-arbitros-escupirles\/467953770_0.html\">Serena Williams: \u00abNo podemos discutir con los \u00e1rbitros, pero &#8230;<\/a>&#8211; El Espa\u00f1ol<\/p>\n<p>[\/toggle]<\/p>\n<\/div>\n<\/div>\n<\/div>\n<\/div>\n<\/div>\n<\/div>\n","protected":false},"excerpt":{"rendered":"<p>El Supremo establece que el Servicio Social de la Mujer <a href=\"https:\/\/cklcomunicaciones.es\/coop\/noticias-info-ckl-no-2-421-17-02-20\/\">[&#8230;]<\/a><\/p>\n","protected":false},"author":3,"featured_media":0,"comment_status":"closed","ping_status":"closed","sticky":false,"template":"","format":"standard","meta":{"footnotes":""},"categories":[298,623],"tags":[],"class_list":["post-14839","post","type-post","status-publish","format-standard","hentry","category-newsletter","category-nwl-2-0"],"yoast_head":"<!-- This site is optimized with the Yoast SEO plugin v27.4 - https:\/\/yoast.com\/product\/yoast-seo-wordpress\/ -->\n<title>Noticias Info CKL n\u00ba 2.421-17\/02\/20-Comunicar con perspectiva de g\u00e9nero<\/title>\n<meta name=\"description\" content=\"Comunicar con perspectiva de g\u00e9nero: El Supremo establece que el Servicio Social de la Mujer compute para jubilaci\u00f3n-Las espa\u00f1olas cuelgan el delantal-La igualdad de g\u00e9nero como realidad compleja y su medici\u00f3n estad\u00edstica rigurosa-&quot;Dig\u00e1moslo alto y claro&quot;\" \/>\n<meta name=\"robots\" content=\"index, follow, max-snippet:-1, max-image-preview:large, max-video-preview:-1\" \/>\n<link rel=\"canonical\" href=\"https:\/\/cklcomunicaciones.es\/coop\/noticias-info-ckl-no-2-421-17-02-20\/\" \/>\n<meta property=\"og:locale\" content=\"es_ES\" \/>\n<meta property=\"og:type\" content=\"article\" \/>\n<meta property=\"og:title\" content=\"Noticias Info CKL n\u00ba 2.421-17\/02\/20-Comunicar con perspectiva de g\u00e9nero\" \/>\n<meta property=\"og:description\" content=\"Comunicar con perspectiva de g\u00e9nero: El Supremo establece que el Servicio Social de la Mujer compute para jubilaci\u00f3n-Las espa\u00f1olas cuelgan el delantal-La igualdad de g\u00e9nero como realidad compleja y su medici\u00f3n estad\u00edstica rigurosa-&quot;Dig\u00e1moslo alto y claro&quot;\" \/>\n<meta property=\"og:url\" content=\"https:\/\/cklcomunicaciones.es\/coop\/noticias-info-ckl-no-2-421-17-02-20\/\" \/>\n<meta property=\"og:site_name\" content=\"CKL Comunicaciones\" \/>\n<meta property=\"article:published_time\" content=\"2020-02-17T11:00:58+00:00\" \/>\n<meta property=\"article:modified_time\" content=\"2025-01-17T15:42:54+00:00\" \/>\n<meta property=\"og:image\" content=\"https:\/\/cklcomunicaciones.es\/coop\/wp-content\/uploads\/2018\/03\/CKL_comunicacion-con-perspetiva-de-genero.jpg\" \/>\n\t<meta property=\"og:image:width\" content=\"500\" \/>\n\t<meta property=\"og:image:height\" content=\"500\" \/>\n\t<meta property=\"og:image:type\" content=\"image\/jpeg\" \/>\n<meta name=\"author\" content=\"ckl\" \/>\n<meta name=\"twitter:card\" content=\"summary_large_image\" \/>\n<meta name=\"twitter:label1\" content=\"Escrito por\" \/>\n\t<meta name=\"twitter:data1\" content=\"ckl\" \/>\n\t<meta name=\"twitter:label2\" content=\"Tiempo de lectura\" \/>\n\t<meta name=\"twitter:data2\" content=\"6 minutos\" \/>\n<script type=\"application\/ld+json\" class=\"yoast-schema-graph\">{\"@context\":\"https:\\\/\\\/schema.org\",\"@graph\":[{\"@type\":\"Article\",\"@id\":\"https:\\\/\\\/cklcomunicaciones.es\\\/coop\\\/noticias-info-ckl-no-2-421-17-02-20\\\/#article\",\"isPartOf\":{\"@id\":\"https:\\\/\\\/cklcomunicaciones.es\\\/coop\\\/noticias-info-ckl-no-2-421-17-02-20\\\/\"},\"author\":{\"name\":\"ckl\",\"@id\":\"https:\\\/\\\/cklcomunicaciones.es\\\/coop\\\/#\\\/schema\\\/person\\\/929a6837f7626450bbb50cee1aef266e\"},\"headline\":\"Noticias Info CKL n\u00ba 2.421-17\\\/02\\\/20\",\"datePublished\":\"2020-02-17T11:00:58+00:00\",\"dateModified\":\"2025-01-17T15:42:54+00:00\",\"mainEntityOfPage\":{\"@id\":\"https:\\\/\\\/cklcomunicaciones.es\\\/coop\\\/noticias-info-ckl-no-2-421-17-02-20\\\/\"},\"wordCount\":1303,\"image\":{\"@id\":\"https:\\\/\\\/cklcomunicaciones.es\\\/coop\\\/noticias-info-ckl-no-2-421-17-02-20\\\/#primaryimage\"},\"thumbnailUrl\":\"http:\\\/\\\/www.cklcomunicaciones.es\\\/wp-content\\\/uploads\\\/2018\\\/03\\\/CKL_comunicacion-con-perspetiva-de-genero-300x300.jpg\",\"articleSection\":[\"Newsletter\",\"Nwl v2.0\"],\"inLanguage\":\"es\"},{\"@type\":\"WebPage\",\"@id\":\"https:\\\/\\\/cklcomunicaciones.es\\\/coop\\\/noticias-info-ckl-no-2-421-17-02-20\\\/\",\"url\":\"https:\\\/\\\/cklcomunicaciones.es\\\/coop\\\/noticias-info-ckl-no-2-421-17-02-20\\\/\",\"name\":\"Noticias Info CKL n\u00ba 2.421-17\\\/02\\\/20-Comunicar con perspectiva de g\u00e9nero\",\"isPartOf\":{\"@id\":\"https:\\\/\\\/cklcomunicaciones.es\\\/coop\\\/#website\"},\"primaryImageOfPage\":{\"@id\":\"https:\\\/\\\/cklcomunicaciones.es\\\/coop\\\/noticias-info-ckl-no-2-421-17-02-20\\\/#primaryimage\"},\"image\":{\"@id\":\"https:\\\/\\\/cklcomunicaciones.es\\\/coop\\\/noticias-info-ckl-no-2-421-17-02-20\\\/#primaryimage\"},\"thumbnailUrl\":\"http:\\\/\\\/www.cklcomunicaciones.es\\\/wp-content\\\/uploads\\\/2018\\\/03\\\/CKL_comunicacion-con-perspetiva-de-genero-300x300.jpg\",\"datePublished\":\"2020-02-17T11:00:58+00:00\",\"dateModified\":\"2025-01-17T15:42:54+00:00\",\"author\":{\"@id\":\"https:\\\/\\\/cklcomunicaciones.es\\\/coop\\\/#\\\/schema\\\/person\\\/929a6837f7626450bbb50cee1aef266e\"},\"description\":\"Comunicar con perspectiva de g\u00e9nero: El Supremo establece que el Servicio Social de la Mujer compute para jubilaci\u00f3n-Las espa\u00f1olas cuelgan el delantal-La igualdad de g\u00e9nero como realidad compleja y su medici\u00f3n estad\u00edstica rigurosa-\\\"Dig\u00e1moslo alto y claro\\\"\",\"breadcrumb\":{\"@id\":\"https:\\\/\\\/cklcomunicaciones.es\\\/coop\\\/noticias-info-ckl-no-2-421-17-02-20\\\/#breadcrumb\"},\"inLanguage\":\"es\",\"potentialAction\":[{\"@type\":\"ReadAction\",\"target\":[\"https:\\\/\\\/cklcomunicaciones.es\\\/coop\\\/noticias-info-ckl-no-2-421-17-02-20\\\/\"]}]},{\"@type\":\"ImageObject\",\"inLanguage\":\"es\",\"@id\":\"https:\\\/\\\/cklcomunicaciones.es\\\/coop\\\/noticias-info-ckl-no-2-421-17-02-20\\\/#primaryimage\",\"url\":\"http:\\\/\\\/www.cklcomunicaciones.es\\\/wp-content\\\/uploads\\\/2018\\\/03\\\/CKL_comunicacion-con-perspetiva-de-genero-300x300.jpg\",\"contentUrl\":\"http:\\\/\\\/www.cklcomunicaciones.es\\\/wp-content\\\/uploads\\\/2018\\\/03\\\/CKL_comunicacion-con-perspetiva-de-genero-300x300.jpg\"},{\"@type\":\"BreadcrumbList\",\"@id\":\"https:\\\/\\\/cklcomunicaciones.es\\\/coop\\\/noticias-info-ckl-no-2-421-17-02-20\\\/#breadcrumb\",\"itemListElement\":[{\"@type\":\"ListItem\",\"position\":1,\"name\":\"Portada\",\"item\":\"https:\\\/\\\/cklcomunicaciones.es\\\/coop\\\/\"},{\"@type\":\"ListItem\",\"position\":2,\"name\":\"Noticias Info CKL n\u00ba 2.421-17\\\/02\\\/20\"}]},{\"@type\":\"WebSite\",\"@id\":\"https:\\\/\\\/cklcomunicaciones.es\\\/coop\\\/#website\",\"url\":\"https:\\\/\\\/cklcomunicaciones.es\\\/coop\\\/\",\"name\":\"CKL Comunicaciones\",\"description\":\"Sitio web de CKL Comunicaciones coop , la consultora de comunicaci\u00f3n y estrategia\",\"potentialAction\":[{\"@type\":\"SearchAction\",\"target\":{\"@type\":\"EntryPoint\",\"urlTemplate\":\"https:\\\/\\\/cklcomunicaciones.es\\\/coop\\\/?s={search_term_string}\"},\"query-input\":{\"@type\":\"PropertyValueSpecification\",\"valueRequired\":true,\"valueName\":\"search_term_string\"}}],\"inLanguage\":\"es\"},{\"@type\":\"Person\",\"@id\":\"https:\\\/\\\/cklcomunicaciones.es\\\/coop\\\/#\\\/schema\\\/person\\\/929a6837f7626450bbb50cee1aef266e\",\"name\":\"ckl\",\"image\":{\"@type\":\"ImageObject\",\"inLanguage\":\"es\",\"@id\":\"https:\\\/\\\/secure.gravatar.com\\\/avatar\\\/c82db564e8a669bf6023357a157b9dc4780f4d4c618f2ad1d71a6a5dede45057?s=96&d=mm&r=g\",\"url\":\"https:\\\/\\\/secure.gravatar.com\\\/avatar\\\/c82db564e8a669bf6023357a157b9dc4780f4d4c618f2ad1d71a6a5dede45057?s=96&d=mm&r=g\",\"contentUrl\":\"https:\\\/\\\/secure.gravatar.com\\\/avatar\\\/c82db564e8a669bf6023357a157b9dc4780f4d4c618f2ad1d71a6a5dede45057?s=96&d=mm&r=g\",\"caption\":\"ckl\"},\"url\":\"https:\\\/\\\/cklcomunicaciones.es\\\/coop\\\/author\\\/cklcomunicaciones\\\/\"}]}<\/script>\n<!-- \/ Yoast SEO plugin. -->","yoast_head_json":{"title":"Noticias Info CKL n\u00ba 2.421-17\/02\/20-Comunicar con perspectiva de g\u00e9nero","description":"Comunicar con perspectiva de g\u00e9nero: El Supremo establece que el Servicio Social de la Mujer compute para jubilaci\u00f3n-Las espa\u00f1olas cuelgan el delantal-La igualdad de g\u00e9nero como realidad compleja y su medici\u00f3n estad\u00edstica rigurosa-\"Dig\u00e1moslo alto y claro\"","robots":{"index":"index","follow":"follow","max-snippet":"max-snippet:-1","max-image-preview":"max-image-preview:large","max-video-preview":"max-video-preview:-1"},"canonical":"https:\/\/cklcomunicaciones.es\/coop\/noticias-info-ckl-no-2-421-17-02-20\/","og_locale":"es_ES","og_type":"article","og_title":"Noticias Info CKL n\u00ba 2.421-17\/02\/20-Comunicar con perspectiva de g\u00e9nero","og_description":"Comunicar con perspectiva de g\u00e9nero: El Supremo establece que el Servicio Social de la Mujer compute para jubilaci\u00f3n-Las espa\u00f1olas cuelgan el delantal-La igualdad de g\u00e9nero como realidad compleja y su medici\u00f3n estad\u00edstica rigurosa-\"Dig\u00e1moslo alto y claro\"","og_url":"https:\/\/cklcomunicaciones.es\/coop\/noticias-info-ckl-no-2-421-17-02-20\/","og_site_name":"CKL Comunicaciones","article_published_time":"2020-02-17T11:00:58+00:00","article_modified_time":"2025-01-17T15:42:54+00:00","og_image":[{"width":500,"height":500,"url":"https:\/\/cklcomunicaciones.es\/coop\/wp-content\/uploads\/2018\/03\/CKL_comunicacion-con-perspetiva-de-genero.jpg","type":"image\/jpeg"}],"author":"ckl","twitter_card":"summary_large_image","twitter_misc":{"Escrito por":"ckl","Tiempo de lectura":"6 minutos"},"schema":{"@context":"https:\/\/schema.org","@graph":[{"@type":"Article","@id":"https:\/\/cklcomunicaciones.es\/coop\/noticias-info-ckl-no-2-421-17-02-20\/#article","isPartOf":{"@id":"https:\/\/cklcomunicaciones.es\/coop\/noticias-info-ckl-no-2-421-17-02-20\/"},"author":{"name":"ckl","@id":"https:\/\/cklcomunicaciones.es\/coop\/#\/schema\/person\/929a6837f7626450bbb50cee1aef266e"},"headline":"Noticias Info CKL n\u00ba 2.421-17\/02\/20","datePublished":"2020-02-17T11:00:58+00:00","dateModified":"2025-01-17T15:42:54+00:00","mainEntityOfPage":{"@id":"https:\/\/cklcomunicaciones.es\/coop\/noticias-info-ckl-no-2-421-17-02-20\/"},"wordCount":1303,"image":{"@id":"https:\/\/cklcomunicaciones.es\/coop\/noticias-info-ckl-no-2-421-17-02-20\/#primaryimage"},"thumbnailUrl":"http:\/\/www.cklcomunicaciones.es\/wp-content\/uploads\/2018\/03\/CKL_comunicacion-con-perspetiva-de-genero-300x300.jpg","articleSection":["Newsletter","Nwl v2.0"],"inLanguage":"es"},{"@type":"WebPage","@id":"https:\/\/cklcomunicaciones.es\/coop\/noticias-info-ckl-no-2-421-17-02-20\/","url":"https:\/\/cklcomunicaciones.es\/coop\/noticias-info-ckl-no-2-421-17-02-20\/","name":"Noticias Info CKL n\u00ba 2.421-17\/02\/20-Comunicar con perspectiva de g\u00e9nero","isPartOf":{"@id":"https:\/\/cklcomunicaciones.es\/coop\/#website"},"primaryImageOfPage":{"@id":"https:\/\/cklcomunicaciones.es\/coop\/noticias-info-ckl-no-2-421-17-02-20\/#primaryimage"},"image":{"@id":"https:\/\/cklcomunicaciones.es\/coop\/noticias-info-ckl-no-2-421-17-02-20\/#primaryimage"},"thumbnailUrl":"http:\/\/www.cklcomunicaciones.es\/wp-content\/uploads\/2018\/03\/CKL_comunicacion-con-perspetiva-de-genero-300x300.jpg","datePublished":"2020-02-17T11:00:58+00:00","dateModified":"2025-01-17T15:42:54+00:00","author":{"@id":"https:\/\/cklcomunicaciones.es\/coop\/#\/schema\/person\/929a6837f7626450bbb50cee1aef266e"},"description":"Comunicar con perspectiva de g\u00e9nero: El Supremo establece que el Servicio Social de la Mujer compute para jubilaci\u00f3n-Las espa\u00f1olas cuelgan el delantal-La igualdad de g\u00e9nero como realidad compleja y su medici\u00f3n estad\u00edstica rigurosa-\"Dig\u00e1moslo alto y claro\"","breadcrumb":{"@id":"https:\/\/cklcomunicaciones.es\/coop\/noticias-info-ckl-no-2-421-17-02-20\/#breadcrumb"},"inLanguage":"es","potentialAction":[{"@type":"ReadAction","target":["https:\/\/cklcomunicaciones.es\/coop\/noticias-info-ckl-no-2-421-17-02-20\/"]}]},{"@type":"ImageObject","inLanguage":"es","@id":"https:\/\/cklcomunicaciones.es\/coop\/noticias-info-ckl-no-2-421-17-02-20\/#primaryimage","url":"http:\/\/www.cklcomunicaciones.es\/wp-content\/uploads\/2018\/03\/CKL_comunicacion-con-perspetiva-de-genero-300x300.jpg","contentUrl":"http:\/\/www.cklcomunicaciones.es\/wp-content\/uploads\/2018\/03\/CKL_comunicacion-con-perspetiva-de-genero-300x300.jpg"},{"@type":"BreadcrumbList","@id":"https:\/\/cklcomunicaciones.es\/coop\/noticias-info-ckl-no-2-421-17-02-20\/#breadcrumb","itemListElement":[{"@type":"ListItem","position":1,"name":"Portada","item":"https:\/\/cklcomunicaciones.es\/coop\/"},{"@type":"ListItem","position":2,"name":"Noticias Info CKL n\u00ba 2.421-17\/02\/20"}]},{"@type":"WebSite","@id":"https:\/\/cklcomunicaciones.es\/coop\/#website","url":"https:\/\/cklcomunicaciones.es\/coop\/","name":"CKL Comunicaciones","description":"Sitio web de CKL Comunicaciones coop , la consultora de comunicaci\u00f3n y estrategia","potentialAction":[{"@type":"SearchAction","target":{"@type":"EntryPoint","urlTemplate":"https:\/\/cklcomunicaciones.es\/coop\/?s={search_term_string}"},"query-input":{"@type":"PropertyValueSpecification","valueRequired":true,"valueName":"search_term_string"}}],"inLanguage":"es"},{"@type":"Person","@id":"https:\/\/cklcomunicaciones.es\/coop\/#\/schema\/person\/929a6837f7626450bbb50cee1aef266e","name":"ckl","image":{"@type":"ImageObject","inLanguage":"es","@id":"https:\/\/secure.gravatar.com\/avatar\/c82db564e8a669bf6023357a157b9dc4780f4d4c618f2ad1d71a6a5dede45057?s=96&d=mm&r=g","url":"https:\/\/secure.gravatar.com\/avatar\/c82db564e8a669bf6023357a157b9dc4780f4d4c618f2ad1d71a6a5dede45057?s=96&d=mm&r=g","contentUrl":"https:\/\/secure.gravatar.com\/avatar\/c82db564e8a669bf6023357a157b9dc4780f4d4c618f2ad1d71a6a5dede45057?s=96&d=mm&r=g","caption":"ckl"},"url":"https:\/\/cklcomunicaciones.es\/coop\/author\/cklcomunicaciones\/"}]}},"_links":{"self":[{"href":"https:\/\/cklcomunicaciones.es\/coop\/wp-json\/wp\/v2\/posts\/14839","targetHints":{"allow":["GET"]}}],"collection":[{"href":"https:\/\/cklcomunicaciones.es\/coop\/wp-json\/wp\/v2\/posts"}],"about":[{"href":"https:\/\/cklcomunicaciones.es\/coop\/wp-json\/wp\/v2\/types\/post"}],"author":[{"embeddable":true,"href":"https:\/\/cklcomunicaciones.es\/coop\/wp-json\/wp\/v2\/users\/3"}],"replies":[{"embeddable":true,"href":"https:\/\/cklcomunicaciones.es\/coop\/wp-json\/wp\/v2\/comments?post=14839"}],"version-history":[{"count":0,"href":"https:\/\/cklcomunicaciones.es\/coop\/wp-json\/wp\/v2\/posts\/14839\/revisions"}],"wp:attachment":[{"href":"https:\/\/cklcomunicaciones.es\/coop\/wp-json\/wp\/v2\/media?parent=14839"}],"wp:term":[{"taxonomy":"category","embeddable":true,"href":"https:\/\/cklcomunicaciones.es\/coop\/wp-json\/wp\/v2\/categories?post=14839"},{"taxonomy":"post_tag","embeddable":true,"href":"https:\/\/cklcomunicaciones.es\/coop\/wp-json\/wp\/v2\/tags?post=14839"}],"curies":[{"name":"wp","href":"https:\/\/api.w.org\/{rel}","templated":true}]}}