{"id":14837,"date":"2020-02-13T10:37:01","date_gmt":"2020-02-13T09:37:01","guid":{"rendered":"http:\/\/www.cklcomunicaciones.es\/?p=14837"},"modified":"2025-01-17T16:42:54","modified_gmt":"2025-01-17T15:42:54","slug":"noticias-info-ckl-no-2-420-13-02-20","status":"publish","type":"post","link":"https:\/\/cklcomunicaciones.es\/coop\/noticias-info-ckl-no-2-420-13-02-20\/","title":{"rendered":"Noticias Info CKL n\u00ba 2.420-13\/02\/20"},"content":{"rendered":"<div id=\"pl-14837\"  class=\"panel-layout\" >\n<div id=\"pg-14837-0\"  class=\"panel-grid panel-no-style\"  data-style=\"{&quot;background_image_attachment&quot;:false,&quot;background_display&quot;:&quot;tile&quot;,&quot;cell_alignment&quot;:&quot;flex-start&quot;}\" >\n<div id=\"pgc-14837-0-0\"  class=\"panel-grid-cell\"  data-weight=\"1\" >\n<div id=\"panel-14837-0-0-0\" class=\"so-panel widget widget_sow-editor panel-first-child panel-last-child\" data-index=\"0\" data-style=\"{&quot;background_image_attachment&quot;:false,&quot;background_display&quot;:&quot;tile&quot;}\" >\n<div class=\"so-widget-sow-editor so-widget-sow-editor-base\">\n<div class=\"siteorigin-widget-tinymce textwidget\">\n<p><img decoding=\"async\" class=\"lazyload  wp-image-13726\" src=\"http:\/\/www.cklcomunicaciones.es\/wp-content\/uploads\/2018\/03\/CKL_comunicacion-con-perspetiva-de-genero-300x300.jpg\" data-orig-src=\"http:\/\/www.cklcomunicaciones.es\/wp-content\/uploads\/2018\/03\/CKL_comunicacion-con-perspetiva-de-genero-300x300.jpg\" alt=\"CKL_comunicacion con perspetiva de genero\" width=\"132\" height=\"132\" srcset=\"data:image\/svg+xml,%3Csvg%20xmlns%3D%27http%3A%2F%2Fwww.w3.org%2F2000%2Fsvg%27%20width%3D%27132%27%20height%3D%27132%27%20viewBox%3D%270%200%20132%20132%27%3E%3Crect%20width%3D%27132%27%20height%3D%27132%27%20fill-opacity%3D%220%22%2F%3E%3C%2Fsvg%3E\" data-srcset=\"https:\/\/cklcomunicaciones.es\/coop\/wp-content\/uploads\/2018\/03\/CKL_comunicacion-con-perspetiva-de-genero-150x150.jpg 150w, https:\/\/cklcomunicaciones.es\/coop\/wp-content\/uploads\/2018\/03\/CKL_comunicacion-con-perspetiva-de-genero-300x300.jpg 300w, https:\/\/cklcomunicaciones.es\/coop\/wp-content\/uploads\/2018\/03\/CKL_comunicacion-con-perspetiva-de-genero-450x450.jpg 450w, https:\/\/cklcomunicaciones.es\/coop\/wp-content\/uploads\/2018\/03\/CKL_comunicacion-con-perspetiva-de-genero.jpg 500w\" data-sizes=\"auto\" data-orig-sizes=\"(max-width: 132px) 100vw, 132px\" \/><\/p>\n<p id=\":11q\" class=\"hP\" tabindex=\"-1\" data-thread-perm-id=\"thread-f:1658412858166215741\" data-legacy-thread-id=\"1703ddb535f0043d\"><strong>UE: Solo el 41% de cient\u00edficos\/ingenier<wbr><\/wbr>os son mujeres-Que inventen ellos-Irene Vallejo, Premio Ojo Cr\u00edtico RNE-Clara Campoamor: una vida de lucha por los derechos de la mujer-An\u00e1lisis S\u00edndrome de Alineaci\u00f3n Parental<\/strong><\/p>\n<p>[toggle type=\u00bbfirst\u00bb title=\u00bbConvocatorias\u00bb]<\/p>\n<ul>\n<li>Campa\u00f1a contra el Acoso Sexual y por Raz\u00f3n de Sexo, denominada \u00abEmpresas Libres de Acoso hacia las Mujeres. Instituto Andaluz de la Mujer, calle Hurtado, 4 de Ja\u00e9n, jueves d\u00eda 13 de febrero de 2020, 11:00h<\/li>\n<li><a href=\"https:\/\/proteccionhijashijosviolenciagenero.org\/\">II Encuentro Internacional &#8216;Protecci\u00f3n de las hijas e hijos v\u00edctimas de violencia de g\u00e9nero&#8217;<\/a>. Diputaci\u00f3n de Granada y varios Ayuntamientos de la Provincia. 23 y 24 de abril de 2020<\/li>\n<li><a href=\"http:\/\/www.juntadeandalucia.es\/iam\/catalogo\/doc\/convocatorias\/2020-genero\/GR-Jornadas-Maria-Zambrano-Delirio-Paloma.pdf\">Jornadas Mar\u00eda Zambrano &#8216;Delirio de la Paloma&#8217;. 2\u00aa edici\u00f3n<\/a>. Galer\u00eda de Arte Toro. 15 y 16 de mayo de 2020<\/li>\n<li><a href=\"https:\/\/www.juntadeandalucia.es\/cultura\/agendaculturaldeandalucia\/evento\/exposicion-colombine-hacia-la-modernidad-dedicada-carmen-de-burgos-en-sevilla\">Exposici\u00f3n &#8216;Carmen de Burgos, Colombine. Hacia la modernidad&#8217;<\/a>. Centro Andaluz de las Letras. Hasta el 29 de febrero de 2020<\/li>\n<li><a href=\"http:\/\/www.casadelaciencia.csic.es\/es\/exposicion\/mujeres-nobel\">Exposici\u00f3n \u00bbMujeres Nobel&#8217;<\/a>. Casa de la Ciencia. Hasta el 5 de julio de 2020<\/li>\n<li><a href=\"http:\/\/www.juntadeandalucia.es\/iam\/catalogo\/doc\/convocatorias\/2020-genero\/SE-brindo-por-las-mujeres-maridaje-vino-y-literatura.jpg\">Brindo por las Mujeres. Maridaje de Vino y Literatura<\/a>. La SinMiedo. 14 de febrero de 2020<\/li>\n<li><a href=\"http:\/\/www.juntadeandalucia.es\/iam\/catalogo\/doc\/convocatorias\/2020-genero\/CO-representacion-teatral-indomitas-mujeres-republica.jpg\">Representaci\u00f3n teatral &#8216;Ind\u00f3mitas. Mujeres en la Rep\u00fablica&#8217;<\/a>. C\u00e1tedra de Estudios de las Mujeres &#8216;Leonor de Guzm\u00e1n&#8217;. 21 de febrero de 2020<\/li>\n<li><a href=\"https:\/\/www.csic.es\/en\/node\/1246856\">Exposici\u00f3n &#8216;Mujeres espa\u00f1olas que vivieron la Guerra Civil, su exilio americano, su arte, el olvido de su estudio&#8217;<\/a>. Biblioteca Americanista de Sevilla. Hasta el 27 de febrero de 2020<\/li>\n<\/ul>\n<p>[\/toggle]<\/p>\n<p>[toggle type=\u00bbfirst\u00bb title=\u00bbComunicaci\u00f3n\u00bb]<\/p>\n<p><a href=\"https:\/\/www.google.com\/url?rct=j&amp;sa=t&amp;url=https:\/\/www.diariolibre.com\/revista\/cultura\/el-sexismo-linguistico-mito-o-realidad-AJ16971067&amp;ct=ga&amp;cd=CAEYGCoTNTQ2NzE1NjA1MTg0NjM5NDkwMTIZYzAzNzJlYmMyZmVhZGE1OTplczplczpFUw&amp;usg=AFQjCNGqT5Lbwbc4NZFyyR0CqThv_18ezQ\">El sexismo ling\u00fc\u00edstico: \u00bfmito o realidad? <\/a>&#8211; Diario Libre<\/p>\n<p><a href=\"https:\/\/www.google.com\/url?rct=j&amp;sa=t&amp;url=https:\/\/www.meneame.net\/story\/igualdad-logra-condenar-mayor-red-gimnasios-ue-denigrar-mujer&amp;ct=ga&amp;cd=CAEYBCoTOTYzODMwMDYxMzY1MDE5MjkxNzIZYzAzNzJlYmMyZmVhZGE1OTplczplczpFUw&amp;usg=AFQjCNGNGzHuaxmZwzZmaA3oYEnjCNtr7w\">Igualdad logra condenar a la mayor red de gimnasios de la UE por denigrar a la mujer <\/a>&#8211; Men\u00e9ame<\/p>\n<p><a href=\"https:\/\/www.google.com\/url?rct=j&amp;sa=t&amp;url=http:\/\/www.radioangulo.cu\/especiales\/240970-la-comunicacion-genesis-de-la-convivencia-familiar-y-social&amp;ct=ga&amp;cd=CAEYBSoTNzQyMTIzNjIyNDM0NjI5NzE5MDIZZTFlNzdkMTU2MDk4YThlMzplczplczpFUw&amp;usg=AFQjCNEQVUHg4ogQ_SflhKvvRfElkKHu2w\">La comunicaci\u00f3n: g\u00e9nesis de la convivencia familiar y social <\/a>&#8211; Radio \u00c1ngulo<\/p>\n<p><a href=\"https:\/\/www.elmundo.es\/andalucia\/2020\/02\/11\/5e42be5621efa048088b459a.html\">\u00c1lvaro Zancajo, Desir\u00e9e Garc\u00eda y Carmen Torres: Tres fichajes para darle la vuelta a los informativos de Canal Sur<\/a> \u2013 El Mundo<\/p>\n<p>[\/toggle]<\/p>\n<p>[toggle type=\u00bbfirst\u00bb title=\u00bbAndaluc\u00eda\u00bb]<\/p>\n<p><strong>Institucional<\/strong><\/p>\n<p><a href=\"https:\/\/www.google.com\/url?rct=j&amp;sa=t&amp;url=https:\/\/www.lavanguardia.com\/vida\/20200210\/473420304969\/la-consejera-de-igualdad-pide-que-no-se-politice-reparto-de-ayudas-del-iam.html&amp;ct=ga&amp;cd=CAEYACoTMzcwMzc0MDA1ODA4ODIzNzk0MTIZYzAzNzJlYmMyZmVhZGE1OTplczplczpFUw&amp;usg=AFQjCNFCxjoemBb80DjVl1TZhwtqf4ITSA\">La consejera de Igualdad pide que no se \u00abpolitice\u00bb reparto de ayudas del IAM <\/a>&#8211; La Vanguardia<\/p>\n<p><a href=\"https:\/\/www.google.com\/url?rct=j&amp;sa=t&amp;url=https:\/\/www.larazon.es\/andalucia\/20200211\/sbgxc4r5ebaqhoseropeqbokhu.html&amp;ct=ga&amp;cd=CAEYBCoUMTc2NTQ3Mjk4OTczODQ5ODcyNDgyGzlhYjFjZGQ3ZTM2NmVmMzg6ZXM6ZXM6RVM6Ug&amp;usg=AFQjCNERsXDeXT88FWQ70Fgc-Qnvaaf0ZQ\">La Junta de Andaluc\u00eda reclama al Estado una \u00abcaja \u00fanica\u00bb que garantice su 50% para sostener la &#8230; <\/a>&#8211; La Raz\u00f3n<\/p>\n<p><strong>Econom\u00eda y Empresas<\/strong><\/p>\n<p><a href=\"http:\/\/www.juntadeandalucia.es\/presidencia\/portavoz\/150095\/ConsejeriaEmpleoFormacionTrabajoAutonomo\/autonomos\/negocio\/incentivos\">Uno de cada tres aut\u00f3nomos andaluces ve expectativas para crecer en su negocio<\/a> \u2013 Oficina del Portavoz<\/p>\n<p><a href=\"https:\/\/sevilla.abc.es\/economia\/sevi-malaga-y-sevilla-concentran-52-por-ciento-grandes-empresas-andalucia-202002121403_noticia.html\">M\u00e1laga y Sevilla concentran el 52% de las grandes empresas &#8230;<\/a>&#8211; <a href=\"http:\/\/abcdesevilla.es\">abcdesevilla.es<\/a><\/p>\n<p><a href=\"https:\/\/www.laopiniondemalaga.es\/andalucia\/2020\/02\/13\/moreno-recurre-bei-financiar-inversion\/1145683.html\">Andaluc\u00eda recurre al BEI para financiar una inversi\u00f3n de 500 &#8230;<\/a>&#8211; La Opini\u00f3n de M\u00e1laga<\/p>\n<p><strong>A<\/strong><strong>ctualidad<\/strong><\/p>\n<p><a href=\"https:\/\/www.google.com\/url?rct=j&amp;sa=t&amp;url=https:\/\/sevilla.abc.es\/andalucia\/sevi-instituto-andaluz-mujer-promete-nuevo-marco-ayudas-202002110707_noticia.html&amp;ct=ga&amp;cd=CAEYACoUMTE2ODY2NTIxNTQyMzA0MzA5MTgyGzlhYjFjZGQ3ZTM2NmVmMzg6ZXM6ZXM6RVM6Ug&amp;usg=AFQjCNFci-xlO2NFJWIzkAQlsVFEPnFT2Q\">El Instituto Andaluz de la Mujer promete un nuevo marco de ayudas <\/a>&#8211; Abc.es<\/p>\n<p><a href=\"https:\/\/www.google.com\/url?rct=j&amp;sa=t&amp;url=https:\/\/www.lavanguardia.com\/local\/sevilla\/20200212\/473495849541\/el-iam-y-la-asociacion-afan-xxi-organizan-48-talleres-para-la-atencion-a-2000-mujeres-en-sevilla-y-cadiz.html&amp;ct=ga&amp;cd=CAEYACoUMTI4MzcwMzY3Mzg0MjAxMzEwMjEyGzlhYjFjZGQ3ZTM2NmVmMzg6ZXM6ZXM6RVM6Ug&amp;usg=AFQjCNH5Zc_Z-89yWPVXD2ceG8lo6VND6w\">El IAM y la Asociaci\u00f3n AFAN XXI organizan 48 talleres para la atenci\u00f3n a 2.000 mujeres en Sevilla &#8230; <\/a>&#8211; La Vanguardia<\/p>\n<p><a href=\"https:\/\/www.google.com\/url?sa=t&amp;rct=j&amp;q=&amp;esrc=s&amp;source=newssearch&amp;cd=13&amp;ved=0ahUKEwj-0db7ls7nAhVIAWMBHRYOASM4ChCpAggvKAAwAg&amp;url=https%3A%2F%2Fwww.granadadigital.es%2Fcentro-carmen-jimenez-la-zubia-recibe-premio-igualdad-oportunidades-hombres-mujeres%2F&amp;usg=AOvVaw03YP1PRvuW74zI9E9BakVR\">El Centro Carmen Jim\u00e9nez de La Zubia recibe un premio de igualdad de oportunidades &#8230;<\/a>&#8211; GranadaDigital<\/p>\n<p><strong>Violencias<\/strong><\/p>\n<p><a href=\"https:\/\/www.google.com\/url?rct=j&amp;sa=t&amp;url=https:\/\/www.granadadigital.es\/ccoo-pide-salud-acuerde-implantacion-equipos-para-detectar-violencia-genero-atender-victimas\/&amp;ct=ga&amp;cd=CAEYASoTODE2NTc0OTI5NDMxNDU0MzQ4OTIbOWFiMWNkZDdlMzY2ZWYzODplczplczpFUzpS&amp;usg=AFQjCNHAKPwoIr1Yc45v9KmHbc3dQsjfyQ\">CCOO pide a Salud que acuerde la implantaci\u00f3n de equipos para detectar violencia de g\u00e9nero y &#8230; <\/a>&#8211; GranadaDigital<\/p>\n<p><a href=\"https:\/\/www.elmundo.es\/andalucia\/2020\/02\/10\/5e41999efdddff22718b45b1.html\">Liberadas en M\u00e1laga trece mujeres v\u00edctimas de explotaci\u00f3n sexual<\/a> \u2013 El Mundo<\/p>\n<p><a href=\"https:\/\/aionsur.com\/arahal-el-proyecto-formativo-para-victimas-de-violencia-busca-la-ayuda-y-atencion-personalizada\/\">Arahal: El proyecto formativo para v\u00edctimas de violencia busca &#8230;<\/a>&#8211; Aionsur.com<\/p>\n<p><strong>Ciencia y Cultura<\/strong><\/p>\n<p><a href=\"http:\/\/www.juntadeandalucia.es\/presidencia\/portavoz\/150050\/EducacionyDeporte\/EconomiaConocimientoEmpresasyUniversidad\/JavierImbroda\/RogelioVelasco\/mujeres\/investigacion\/ciencia\/STEAM\/premiadasconelnobel\">Las mujeres lideran ya un tercio de los grupos de investigaci\u00f3n en Andaluc\u00eda<\/a> \u2013 Oficina del Portavoz<\/p>\n<p><a href=\"https:\/\/www.google.com\/url?rct=j&amp;sa=t&amp;url=https:\/\/www.iaa.csic.es\/noticias\/dia-internacional-mujer-y-nina-en-ciencia-1&amp;ct=ga&amp;cd=CAEYACoTNjU0MDI3MTc1ODc4MDk1Nzg3ODIZYzAzNzJlYmMyZmVhZGE1OTplczplczpFUw&amp;usg=AFQjCNE99rnYrUsI0lLPU2uueafgJp0H-g\">D\u00eda Internacional de la Mujer y la Ni\u00f1a en la Ciencia <\/a>&#8211; IAA-CSIC<\/p>\n<p><a href=\"https:\/\/www.eldiario.es\/edcreativoandalucia\/Gloria-Brea-sociedad-importante-participes_6_995010496.html\">Gloria Brea, investigadora UPO: \u201cLa sociedad tiene que saber por qu\u00e9 es &#8230;<\/a>&#8211; <a href=\"http:\/\/eldiario.es\">eldiario.es<\/a><\/p>\n<p><a href=\"https:\/\/www.eldiario.es\/euroblog\/inventen_6_994310590.html\">Que inventen ellos<\/a><em>&#8211; <\/em><a href=\"http:\/\/eldiario.es\">eldiario.es<\/a><\/p>\n<p><a href=\"https:\/\/www.elmundo.es\/metropoli\/cine\/2020\/02\/12\/5e441b23fdddffd0088b4616.html\">Bel\u00e9n Cuesta: \u00abPrefiero que la vida me sorprenda\u00bb<\/a> \u2013 El Mundo<\/p>\n<p><a href=\"https:\/\/www.mujeremprendedora.net\/la-exposicion-mujeres-nobel-llega-a-la-casa-de-la-ciencia-en-sevilla\/\">La exposici\u00f3n \u201cMujeres Nobel\u201d llega a la Casa de la Ciencia en Sevilla<\/a> \u2013 Mujeremprendedora.net<\/p>\n<p><a href=\"https:\/\/www.google.com\/url?rct=j&amp;sa=t&amp;url=http:\/\/www.cordobahoy.es\/articulo\/cultura\/ruta-entre-cenizas\/20200212184153074027.html&amp;ct=ga&amp;cd=CAEYAyoUMTI4MzcwMzY3Mzg0MjAxMzEwMjEyGzlhYjFjZGQ3ZTM2NmVmMzg6ZXM6ZXM6RVM6Ug&amp;usg=AFQjCNGHUo_NHV3_MlJ9gTqGKa1VW6DwXg\">Una ruta descubrir\u00e1 al profesorado cordob\u00e9s a mujeres de la historia a trav\u00e9s de los cementerios- <\/a>Yolanda Pedrosa<\/p>\n<p><a href=\"https:\/\/www.google.com\/url?rct=j&amp;sa=t&amp;url=https:\/\/m.eldiadecordoba.es\/cordoba\/instituto-Gran-Capitan-exposicion-con-ojos-mujer_0_1436856624.html&amp;ct=ga&amp;cd=CAEYByoUMTY3NDQ5OTM1MTU3OTUzMTA0NTgyGWMwMzcyZWJjMmZlYWRhNTk6ZXM6ZXM6RVM&amp;usg=AFQjCNEN31Vh5Z2xYuDvDy2ZIPENZOB_sA\">El Instituto Gran Capit\u00e1n acoge la exposici\u00f3n &#8216;Con ojos de mujer&#8217; <\/a>&#8211; El D\u00eda de C\u00f3rdoba<\/p>\n<p><a href=\"https:\/\/www.elmundo.es\/andalucia\/2020\/02\/10\/5e41a04421efa0d7338b45aa.html\">Diecisiete exposiciones y un centenar de actividades en los centros de arte contempor\u00e1neo de Sevilla y C\u00f3rdoba<\/a> \u2013 El Mundo<\/p>\n<p><strong>Deporte<\/strong><\/p>\n<p><a href=\"https:\/\/www.diariojaen.es\/deportes\/mujeres-con-gen-ganador-BK6783773\">Mujeres con gen ganador<\/a> &#8211; Diario Ja\u00e9n<\/p>\n<p>[\/toggle]<\/p>\n<p>[toggle type=\u00bbfirst\u00bb title=\u00bbEstado\u00bb]<\/p>\n<p><strong>Institucional<\/strong><\/p>\n<p><a href=\"https:\/\/elpais.com\/sociedad\/2020\/02\/11\/actualidad\/1581435461_814808.html\">El Congreso da luz verde a regular por ley la eutanasia con un amplio apoyo<\/a> \u2013 El Pa\u00eds<\/p>\n<p><strong>Institucional-CCAA<\/strong><\/p>\n<p><a href=\"https:\/\/www.google.com\/url?rct=j&amp;sa=t&amp;url=http:\/\/murciadiario.com\/art\/19394\/grupo-zambudio-referente-profesional-femenino-para-a-las-mujeres-del-futuro&amp;ct=ga&amp;cd=CAEYAyoTNTE1ODg5MjA1OTYyNDAxMzU2ODIZYzAzNzJlYmMyZmVhZGE1OTplczplczpFUw&amp;usg=AFQjCNGTCUgZryB1hoU0JJqcD75P0wuUtA\">Grupo Zambudio, referente profesional femenino para a las mujeres del futuro <\/a>&#8211; Murciadiario<\/p>\n<p><a href=\"https:\/\/www.google.com\/url?rct=j&amp;sa=t&amp;url=https:\/\/www.lavanguardia.com\/local\/paisvasco\/20200211\/473460523716\/la-diputacion-pone-en-marcha-el-primer-centro-de-media-estancia-en-alava-para-victimas-de-violencia-de-genero.html&amp;ct=ga&amp;cd=CAEYACoTODE5ODc1NzYzODgyNDA4MTgxMDIZZTJkZWZhN2Q1ZGE5MTU3ZDplczplczpFUw&amp;usg=AFQjCNGFlZ84BZjmFqcpXxNJLYQobZQFxg\">La Diputaci\u00f3n pone en marcha el primer centro de media estancia en \u00c1lava para v\u00edctimas de &#8230; <\/a>&#8211; La Vanguardia<\/p>\n<p><a href=\"https:\/\/www.google.com\/url?rct=j&amp;sa=t&amp;url=https:\/\/www.eldia.es\/sociedad\/2020\/02\/11\/impulsoras-mujer-investigacion-canaria\/1049872.html&amp;ct=ga&amp;cd=CAEYACoTNTIzOTcwMTQ3ODU1MjU2NTc2MzIZYzAzNzJlYmMyZmVhZGE1OTplczplczpFUw&amp;usg=AFQjCNHJbrjn4wMrkK344pPwvnRovRHcIg\">Las impulsoras de la mujer en la investigaci\u00f3n canaria <\/a>&#8211; eldia.es<\/p>\n<p><a href=\"https:\/\/www.google.com\/url?rct=j&amp;sa=t&amp;url=https:\/\/www.lavanguardia.com\/local\/paisvasco\/20200211\/473456939204\/euskadi-un-estudio-becado-por-emakunde-constata-desigualdades-de-genero-en-los-campos-de-la-matematica-y-la-fisica.html&amp;ct=ga&amp;cd=CAEYASoTNjM2NzU2MTc4MDI3NjQ3Mjc1OTIZYzAzNzJlYmMyZmVhZGE1OTplczplczpFUw&amp;usg=AFQjCNGd8MfySQaixiL2TR8GmaIHkJuVzA\">Un estudio becado por Emakunde constata desigualdades de g\u00e9nero en los campos de la matem\u00e1ticas y la f\u00edsica&#8230; <\/a>&#8211; La Vanguardia<\/p>\n<p><a href=\"https:\/\/www.mujeremprendedora.net\/rigoberta-menchu-cientifica-elena-garcia-entre-premiadas-madrid-womans-week-2020\/\">Rigoberta Mench\u00fa y la cient\u00edfica Elena Garc\u00eda, entre las premiadas por Madrid Woman\u2019s Week 2020<\/a> \u2013 Mujeremprendedora.net<\/p>\n<p><strong>Econom\u00eda y Empresa<\/strong><\/p>\n<p><a href=\"https:\/\/www.google.com\/url?rct=j&amp;sa=t&amp;url=https:\/\/www.nuevatribuna.es\/articulo\/actualidad\/politicasfeministas-mercadolaboral-brechasalarial-discriminacionlaboral\/20200210191542170990.html&amp;ct=ga&amp;cd=CAEYBCoTNTQ2NzE1NjA1MTg0NjM5NDkwMTIZYzAzNzJlYmMyZmVhZGE1OTplczplczpFUw&amp;usg=AFQjCNGsLe7mmS4dxAw9UKN_HfgN53el1w\">Faltan pol\u00edticas feministas en el mercado laboral <\/a>&#8211; nuevatribuna.es<\/p>\n<p><a href=\"https:\/\/www.google.com\/url?rct=j&amp;sa=t&amp;url=https:\/\/www.periodicolasemana.es\/20200211\/81186\/es-noticia\/la-fase-practica-de-empleate-desde-la-igualdad-en-fase-de-desarrollo\/&amp;ct=ga&amp;cd=CAEYBCoTMzk5MjQ2MDM0NTU3OTU5MDY0MTIZYzAzNzJlYmMyZmVhZGE1OTplczplczpFUw&amp;usg=AFQjCNGGqVeXpUXOYq3CjUlLGzmXOWtxUQ\">La fase pr\u00e1ctica de Empl\u00e9ate desde la Igualdad en fase de desarrollo <\/a>&#8211; <a href=\"http:\/\/periodicolasemana.es\">periodicolasemana.es<\/a><\/p>\n<p><a href=\"https:\/\/www.mujeremprendedora.net\/fundacion-integra-santander-unen-nuevo-mujer-mujer\/\">Fundaci\u00f3n Integra y Santander se unen de nuevo en De Mujer a Mujer\u2026<\/a> -Mujeremprendedora.net<\/p>\n<p><a href=\"https:\/\/www.mujeremprendedora.net\/esade-presenta-esade-women-initiative-club-we-alumni\/\">Esade presenta Esade Women Initiative y Club WE Alumni<\/a> -Mujeremprendedora.net<\/p>\n<p><a href=\"https:\/\/www.publico.es\/economia\/mujer-pilar-invisible-sostiene-mundo-rural.html\">La mujer, el pilar invisible que sostiene el mundo rural<\/a> &#8211; P\u00fablico<\/p>\n<p><strong>Actualidad<\/strong><\/p>\n<p><a href=\"https:\/\/www.google.com\/url?rct=j&amp;sa=t&amp;url=https:\/\/m.infosalus.com\/mujer\/noticia-sufrir-cancer-mama-predispone-desarrollar-cancer-ginecologico-20200210115816.html&amp;ct=ga&amp;cd=CAEYAioTNTE1ODg5MjA1OTYyNDAxMzU2ODIZYzAzNzJlYmMyZmVhZGE1OTplczplczpFUw&amp;usg=AFQjCNEmJXDLBTMtdK84ZsJPg70EcVO8iw\">Sufrir un c\u00e1ncer de mama predispone a desarrollar un c\u00e1ncer ginecol\u00f3gico <\/a>&#8211;<a href=\"http:\/\/infosalus.com\">infosalus.com<\/a><\/p>\n<p><a href=\"https:\/\/www.google.com\/url?rct=j&amp;sa=t&amp;url=https:\/\/www.lavanguardia.com\/ciencia\/20200211\/473429546045\/embriones-congelados-espana-medio-millon.html&amp;ct=ga&amp;cd=CAEYAyoTODk4OTI0MTUyNTYyNjMyOTYxOTIZYzAzNzJlYmMyZmVhZGE1OTplczplczpFUw&amp;usg=AFQjCNEiBiRneSkUePxB6RRwVjDpQ_QjKw\">En Espa\u00f1a hay m\u00e1s de medio mill\u00f3n de embriones humanos congelados <\/a>&#8211; La Vanguardia<\/p>\n<p><a href=\"https:\/\/www.google.com\/url?rct=j&amp;sa=t&amp;url=https:\/\/www.heraldo.es\/noticias\/aragon\/zaragoza\/2020\/02\/12\/llegarias-de-tu-casa-al-trabajo-solo-pisando-calles-con-nombre-de-mujer-1358446.html&amp;ct=ga&amp;cd=CAEYBioUMTY3NDQ5OTM1MTU3OTUzMTA0NTgyGWMwMzcyZWJjMmZlYWRhNTk6ZXM6ZXM6RVM&amp;usg=AFQjCNGQWJYlYJMDtQF1JwkdCzKfzry16A\">\u00bfLlegar\u00edas de tu casa al trabajo solo pisando calles con nombre de mujer? <\/a>&#8211; Heraldo.es<\/p>\n<p><a href=\"https:\/\/www.google.com\/url?rct=j&amp;sa=t&amp;url=https:\/\/historia.nationalgeographic.com.es\/a\/clara-campoamor-vida-lucha-por-derechos-mujer_15092&amp;ct=ga&amp;cd=CAEYDioUMTY3NDQ5OTM1MTU3OTUzMTA0NTgyGWMwMzcyZWJjMmZlYWRhNTk6ZXM6ZXM6RVM&amp;usg=AFQjCNFloGI0QU7nAzdnESJ_FDUjbCjIcw\">Clara Campoamor: una vida de lucha por los derechos de la mujer <\/a>&#8211; National Geographic<\/p>\n<p><a href=\"https:\/\/www.google.com\/url?rct=j&amp;sa=t&amp;url=https:\/\/www.huffingtonpost.es\/entry\/analisis-multidisciplinar-del-denominado-sap-el-porque-de-esta-extrana-figura_es_5e449b02c5b62b85f82e65fe&amp;ct=ga&amp;cd=CAEYAioTNTczMDE4MzY4MzE4NjI3NjM1MzIZYzAzNzJlYmMyZmVhZGE1OTplczplczpFUw&amp;usg=AFQjCNFD7lyV__zgQrejd0Ux764qqPqxPw\">An\u00e1lisis del denominado S\u00edndrome de Alienaci\u00f3n Parental (SAP) <\/a>&#8211; El HuffPost<\/p>\n<p><strong>Violencia<\/strong><\/p>\n<p><a href=\"https:\/\/www.google.com\/url?rct=j&amp;sa=t&amp;url=https:\/\/www.publico.es\/sociedad\/violencia-genero-europa-hombres-desfiguraban-acido-mujeres.html&amp;ct=ga&amp;cd=CAEYFioUMTY3NDQ5OTM1MTU3OTUzMTA0NTgyGWMwMzcyZWJjMmZlYWRhNTk6ZXM6ZXM6RVM&amp;usg=AFQjCNHxSAxq_ui86e60T-DX5htqA1cyOA\">Cuando en Europa los hombres desfiguraban con \u00e1cido a las mujeres <\/a>&#8211; P\u00fablico<\/p>\n<p><strong>Ciencia y Cultura<\/strong><\/p>\n<p><a href=\"https:\/\/www.google.com\/url?rct=j&amp;sa=t&amp;url=https:\/\/www.salamanca24horas.com\/texto-diario\/mostrar\/1725374\/margarita-salas-homenajeada-como-referente-bastion-ciencia-nuevas-generaciones-mujeres&amp;ct=ga&amp;cd=CAEYASoUMTU4MDAxNzAyMzMyNzQ1NzM0NzEyGWMwMzcyZWJjMmZlYWRhNTk6ZXM6ZXM6RVM&amp;usg=AFQjCNFYiM41qe9dLFVYflvLxMgL6lEFlg\">Margarita Salas, primera doctora honoris causa de la Universidad Pontificia, homenajeada como &#8230; <\/a>&#8211; Salamanca 24 Horas<\/p>\n<p><a href=\"https:\/\/www.mujeremprendedora.net\/cientifica-valenciana-investigadora-nasa-belen-franch-premio-forinvest\/\">La cient\u00edfica valenciana e investigadora de la NASA Bel\u00e9n Franch, premio Forinvest<\/a>&#8211; Mujeremprendedora.net<\/p>\n<p><a href=\"https:\/\/www.google.com\/url?rct=j&amp;sa=t&amp;url=https:\/\/blogs.publico.es\/otrasmiradas\/29088\/la-brecha-de-genero-tambien-en-el-mundo-de-la-ciencia\/&amp;ct=ga&amp;cd=CAEYBCoTODk4OTI0MTUyNTYyNjMyOTYxOTIZYzAzNzJlYmMyZmVhZGE1OTplczplczpFUw&amp;usg=AFQjCNHnOjBl988NNVW_5EntiiUsppvXoA\">La brecha de g\u00e9nero, tambi\u00e9n en el mundo de la ciencia <\/a>&#8211; P\u00fablico<\/p>\n<p><a href=\"https:\/\/www.google.com\/url?rct=j&amp;sa=t&amp;url=https:\/\/www.eldiario.es\/clm\/deciencia\/hombres-deberian-iniciativa-responsabilidad-cuidados_6_994310591.html&amp;ct=ga&amp;cd=CAEYAioTMjQ1MzY3MTA3MjI2OTUyOTAwMDIZZTJkZWZhN2Q1ZGE5MTU3ZDplczplczpFUw&amp;usg=AFQjCNH01tR6J3ocSxRv2hgGYqhWUiGZnw\">Los estereotipos de g\u00e9nero frenan profesionalmente a las cient\u00edficas <\/a>&#8211; <a href=\"http:\/\/eldiario.es\">eldiario.es<\/a><\/p>\n<p><a href=\"https:\/\/www.google.com\/url?rct=j&amp;sa=t&amp;url=https:\/\/www.20minutos.es\/noticia\/4148305\/0\/un-documental-divulga-la-figura-de-la-autora-del-primer-texto-cientifico-escrito-por-una-mujer-en-espana\/&amp;ct=ga&amp;cd=CAEYAioTOTEzMDAyMDk4Mjg0MjkxNTc2NDIZYzAzNzJlYmMyZmVhZGE1OTplczplczpFUw&amp;usg=AFQjCNHSAt6BGbo110poG-Rih2WRBlQx-g\">Un documental divulga la figura de la autora del primer texto cient\u00edfico escrito por una mujer en Espa\u00f1a &#8230; <\/a>&#8211; 20minutos<\/p>\n<p><a href=\"https:\/\/elpais.com\/cultura\/2020\/02\/11\/actualidad\/1581451249_126417.html\">Irene Vallejo: \u201cLos cuentos son el salvoconducto que te permite traspasar el miedo\u201d<\/a> \u2013 El Pa\u00eds<\/p>\n<p><a href=\"https:\/\/elpais.com\/cultura\/2020\/02\/11\/actualidad\/1581431734_117516.html\">Arco 2020 refuerza el protagonismo de los artistas<\/a> \u2013 El Pa\u00eds<\/p>\n<p><strong>Deporte<\/strong><\/p>\n<p><a href=\"https:\/\/elpais.com\/deportes\/2020\/02\/10\/actualidad\/1581363102_443262.html\">El curso agridulce del f\u00fatbol femenino espa\u00f1ol<\/a>\u2013 El Pa\u00eds<\/p>\n<p><a href=\"https:\/\/elpais.com\/deportes\/2020\/02\/10\/actualidad\/1581324585_808636.html\">Cata Corr\u00f3, nadar para hacer frente al c\u00e1ncer<\/a>\u2013 El Pa\u00eds<\/p>\n<p>[\/toggle]<\/p>\n<p>[toggle type=\u00bbfirst\u00bb title=\u00bbInternacional\u00bb]<\/p>\n<p><a href=\"https:\/\/www.google.com\/url?rct=j&amp;sa=t&amp;url=https:\/\/eldiariodefinanzas.com\/por-que-es-mejor-trabajar-en-empresas-lideradas-por-mujeres\/&amp;ct=ga&amp;cd=CAEYAyoTMzk0OTk5MDAxNTc5ODYxMjE0NTIZYzAzNzJlYmMyZmVhZGE1OTplczplczpFUw&amp;usg=AFQjCNFr4O08IC1grvr7lxCE4qWaIfbn9A\">\u00bfPor qu\u00e9 es mejor trabajar en empresas lideradas por mujeres? <\/a>\u2013 El Diario de Finanzas<\/p>\n<p><a href=\"https:\/\/www.google.com\/url?rct=j&amp;sa=t&amp;url=https:\/\/www.elperiodico.com\/es\/internacional\/20200211\/mary-lou-mcdonald-perfil-mujer-tras-triunfo-sinn-fein-irlanda-7844890&amp;ct=ga&amp;cd=CAEYBSoTOTEzMDAyMDk4Mjg0MjkxNTc2NDIZYzAzNzJlYmMyZmVhZGE1OTplczplczpFUw&amp;usg=AFQjCNFVgTwE5zZ_LbrZN6lL_nGkpSf_7w\">Mary Lou McDonald: La mujer detr\u00e1s del triunfo del Sinn F\u00e9in <\/a>&#8211; El Peri\u00f3dico<\/p>\n<p><a href=\"https:\/\/www.google.com\/url?rct=j&amp;sa=t&amp;url=https:\/\/www.cronica.com.mx\/notas-rosa_maria_ramirez_primera_mujer_en_dirigir_el_instituto_de_ingenieria_de_la_unam-1145568-2020&amp;ct=ga&amp;cd=CAEYAyoUMTU4MDAxNzAyMzMyNzQ1NzM0NzEyGWMwMzcyZWJjMmZlYWRhNTk6ZXM6ZXM6RVM&amp;usg=AFQjCNFX4Jm9UsQwu9vqIQM6u4tknJ5iFQ\">Rosa Mar\u00eda Ram\u00edrez, primera mujer en dirigir el Instituto de Ingenier\u00eda de la UNAM <\/a>&#8211; La Cr\u00f3nica de Hoy<\/p>\n<p><a href=\"https:\/\/www.google.com\/url?rct=j&amp;sa=t&amp;url=https:\/\/es.finance.yahoo.com\/noticias\/bill-melinda-gates-suman-clima-110726275.html&amp;ct=ga&amp;cd=CAEYBSoTMzEwMjc5NjMxMTE4MTI4MDczNjIZZTFlNzdkMTU2MDk4YThlMzplczplczpFUw&amp;usg=AFQjCNHWDy78x5j4fREDlFXLgzMSC-d6IQ\">Bill y Melinda Gates suman clima y g\u00e9nero a trabajo de fundaci\u00f3n <\/a>&#8211; Yahoo Finanzas<\/p>\n<p><a href=\"https:\/\/www.google.com\/url?rct=j&amp;sa=t&amp;url=https:\/\/www.elindependiente.com\/sociedad\/2020\/02\/11\/ciencia-y-tecnologia-en-femenino\/&amp;ct=ga&amp;cd=CAEYASoTNTM1NjQwNzE5OTY0NDgxNjU5MjIZYzAzNzJlYmMyZmVhZGE1OTplczplczpFUw&amp;usg=AFQjCNE2_ynCaWiQmhUrAvOntVFbFdFG_Q\">Ciencia y tecnolog\u00eda en femenino <\/a>\u2013 El Independiente<\/p>\n<p><a href=\"https:\/\/elpais.com\/tecnologia\/2020\/02\/12\/actualidad\/1581512850_757564.html\">Pa\u00edses Bajos veta un algoritmo acusado de estigmatizar a los m\u00e1s desfavorecidos<\/a>\u2013El Pa\u00eds<\/p>\n<p><a href=\"https:\/\/www.google.com\/url?rct=j&amp;sa=t&amp;url=https:\/\/euractiv.es\/section\/asuntos-sociales\/news\/solo-el-41-de-los-cientificos-o-ingenieros-de-la-ue-son-mujeres\/&amp;ct=ga&amp;cd=CAEYAyoTMzk5MjQ2MDM0NTU3OTU5MDY0MTIZYzAzNzJlYmMyZmVhZGE1OTplczplczpFUw&amp;usg=AFQjCNEx0hQg6CJIXVCGpZYTri1cakKdhg\">Solo el 41% de los cient\u00edficos o ingenieros de la UE son mujeres <\/a>&#8211; <a href=\"http:\/\/euroefe.euractiv.es\">euroefe.euractiv.es<\/a><\/p>\n<p><a href=\"https:\/\/elpais.com\/elpais\/2020\/02\/06\/ciencia\/1581014607_267825.html\">Christina Koch regresa a La Tierra tras superar el r\u00e9cord del vuelo espacial m\u00e1s largo realizado por una mujer<\/a> \u2013El Pa\u00eds<\/p>\n<p><a href=\"https:\/\/www.google.com\/url?rct=j&amp;sa=t&amp;url=https:\/\/www.revistavanityfair.es\/cultura\/entretenimiento\/articulos\/fatma-al-remaihi\/43309&amp;ct=ga&amp;cd=CAEYACoTNTQ2NzE1NjA1MTg0NjM5NDkwMTIZYzAzNzJlYmMyZmVhZGE1OTplczplczpFUw&amp;usg=AFQjCNGfYqdWJ3QJxEPWOOqAOuB-zzQ17A\">Fatma Al Remaihi, la mujer que dirige la industria del cine en Catar y fue productora de Salma Hayek <\/a>&#8211; Vanity Fair<\/p>\n<p><a href=\"https:\/\/www.elmundo.es\/cultura\/2020\/02\/13\/5e444511fc6c83e9098b463d.html\">La pintora m\u00e1s censurada y perseguida de Kuwait<\/a> \u2013 El Mundo<\/p>\n<p><a href=\"https:\/\/elpais.com\/cultura\/2020\/02\/11\/actualidad\/1581441136_847734.html\">Ola de protestas por la desigualdad y opacidad de la Academia de Cine francesa<\/a>\u2013El Pa\u00eds<\/p>\n<p><a href=\"https:\/\/www.google.com\/url?rct=j&amp;sa=t&amp;url=https:\/\/www.marca.com\/esports\/league-of-legends\/2020\/02\/11\/5e4110f622601dc0618b4602.html&amp;ct=ga&amp;cd=CAEYAyoTNTIzOTcwMTQ3ODU1MjU2NTc2MzIZYzAzNzJlYmMyZmVhZGE1OTplczplczpFUw&amp;usg=AFQjCNFR86q7bvmBT5cJcwy6HYl97y1mDQ\">Miyu Otomo: estudiante, modelo y campeona de League of Legends <\/a>&#8211; Marca.com<\/p>\n<p>[\/toggle]<\/p>\n<\/div>\n<\/div>\n<\/div>\n<\/div>\n<\/div>\n<\/div>\n","protected":false},"excerpt":{"rendered":"<p>UE: Solo el 41% de cient\u00edficos\/ingenieros son mujeres-Que inventen ellos-Irene <a href=\"https:\/\/cklcomunicaciones.es\/coop\/noticias-info-ckl-no-2-420-13-02-20\/\">[&#8230;]<\/a><\/p>\n","protected":false},"author":3,"featured_media":0,"comment_status":"closed","ping_status":"closed","sticky":false,"template":"","format":"standard","meta":{"footnotes":""},"categories":[298,623],"tags":[],"class_list":["post-14837","post","type-post","status-publish","format-standard","hentry","category-newsletter","category-nwl-2-0"],"yoast_head":"<!-- This site is optimized with the Yoast SEO plugin v27.5 - https:\/\/yoast.com\/product\/yoast-seo-wordpress\/ -->\n<title>Noticias Info CKL n\u00ba 2.420-13\/02\/20-Comunicar con perspectiva de g\u00e9nero<\/title>\n<meta name=\"description\" content=\"Comunicar con perspectiva de g\u00e9nero: UE: Solo el 41% de cient\u00edficos\/ingenieros son mujeres-Que inventen ellos-Irene Vallejo, Premio Ojo Cr\u00edtico RNE-Clara Campoamor: una vida de lucha por los derechos de la mujer-An\u00e1lisis S\u00edndrome de Alineaci\u00f3n Parental\" \/>\n<meta name=\"robots\" content=\"index, follow, max-snippet:-1, max-image-preview:large, max-video-preview:-1\" \/>\n<link rel=\"canonical\" href=\"https:\/\/cklcomunicaciones.es\/coop\/noticias-info-ckl-no-2-420-13-02-20\/\" \/>\n<meta property=\"og:locale\" content=\"es_ES\" \/>\n<meta property=\"og:type\" content=\"article\" \/>\n<meta property=\"og:title\" content=\"Noticias Info CKL n\u00ba 2.420-13\/02\/20-Comunicar con perspectiva de g\u00e9nero\" \/>\n<meta property=\"og:description\" content=\"Comunicar con perspectiva de g\u00e9nero: UE: Solo el 41% de cient\u00edficos\/ingenieros son mujeres-Que inventen ellos-Irene Vallejo, Premio Ojo Cr\u00edtico RNE-Clara Campoamor: una vida de lucha por los derechos de la mujer-An\u00e1lisis S\u00edndrome de Alineaci\u00f3n Parental\" \/>\n<meta property=\"og:url\" content=\"https:\/\/cklcomunicaciones.es\/coop\/noticias-info-ckl-no-2-420-13-02-20\/\" \/>\n<meta property=\"og:site_name\" content=\"CKL Comunicaciones\" \/>\n<meta property=\"article:published_time\" content=\"2020-02-13T09:37:01+00:00\" \/>\n<meta property=\"article:modified_time\" content=\"2025-01-17T15:42:54+00:00\" \/>\n<meta property=\"og:image\" content=\"https:\/\/cklcomunicaciones.es\/coop\/wp-content\/uploads\/2018\/03\/CKL_comunicacion-con-perspetiva-de-genero.jpg\" \/>\n\t<meta property=\"og:image:width\" content=\"500\" \/>\n\t<meta property=\"og:image:height\" content=\"500\" \/>\n\t<meta property=\"og:image:type\" content=\"image\/jpeg\" \/>\n<meta name=\"author\" content=\"ckl\" \/>\n<meta name=\"twitter:card\" content=\"summary_large_image\" \/>\n<meta name=\"twitter:label1\" content=\"Escrito por\" \/>\n\t<meta name=\"twitter:data1\" content=\"ckl\" \/>\n\t<meta name=\"twitter:label2\" content=\"Tiempo de lectura\" \/>\n\t<meta name=\"twitter:data2\" content=\"6 minutos\" \/>\n<script type=\"application\/ld+json\" class=\"yoast-schema-graph\">{\"@context\":\"https:\\\/\\\/schema.org\",\"@graph\":[{\"@type\":\"Article\",\"@id\":\"https:\\\/\\\/cklcomunicaciones.es\\\/coop\\\/noticias-info-ckl-no-2-420-13-02-20\\\/#article\",\"isPartOf\":{\"@id\":\"https:\\\/\\\/cklcomunicaciones.es\\\/coop\\\/noticias-info-ckl-no-2-420-13-02-20\\\/\"},\"author\":{\"name\":\"ckl\",\"@id\":\"https:\\\/\\\/cklcomunicaciones.es\\\/coop\\\/#\\\/schema\\\/person\\\/929a6837f7626450bbb50cee1aef266e\"},\"headline\":\"Noticias Info CKL n\u00ba 2.420-13\\\/02\\\/20\",\"datePublished\":\"2020-02-13T09:37:01+00:00\",\"dateModified\":\"2025-01-17T15:42:54+00:00\",\"mainEntityOfPage\":{\"@id\":\"https:\\\/\\\/cklcomunicaciones.es\\\/coop\\\/noticias-info-ckl-no-2-420-13-02-20\\\/\"},\"wordCount\":1288,\"image\":{\"@id\":\"https:\\\/\\\/cklcomunicaciones.es\\\/coop\\\/noticias-info-ckl-no-2-420-13-02-20\\\/#primaryimage\"},\"thumbnailUrl\":\"http:\\\/\\\/www.cklcomunicaciones.es\\\/wp-content\\\/uploads\\\/2018\\\/03\\\/CKL_comunicacion-con-perspetiva-de-genero-300x300.jpg\",\"articleSection\":[\"Newsletter\",\"Nwl v2.0\"],\"inLanguage\":\"es\"},{\"@type\":\"WebPage\",\"@id\":\"https:\\\/\\\/cklcomunicaciones.es\\\/coop\\\/noticias-info-ckl-no-2-420-13-02-20\\\/\",\"url\":\"https:\\\/\\\/cklcomunicaciones.es\\\/coop\\\/noticias-info-ckl-no-2-420-13-02-20\\\/\",\"name\":\"Noticias Info CKL n\u00ba 2.420-13\\\/02\\\/20-Comunicar con perspectiva de g\u00e9nero\",\"isPartOf\":{\"@id\":\"https:\\\/\\\/cklcomunicaciones.es\\\/coop\\\/#website\"},\"primaryImageOfPage\":{\"@id\":\"https:\\\/\\\/cklcomunicaciones.es\\\/coop\\\/noticias-info-ckl-no-2-420-13-02-20\\\/#primaryimage\"},\"image\":{\"@id\":\"https:\\\/\\\/cklcomunicaciones.es\\\/coop\\\/noticias-info-ckl-no-2-420-13-02-20\\\/#primaryimage\"},\"thumbnailUrl\":\"http:\\\/\\\/www.cklcomunicaciones.es\\\/wp-content\\\/uploads\\\/2018\\\/03\\\/CKL_comunicacion-con-perspetiva-de-genero-300x300.jpg\",\"datePublished\":\"2020-02-13T09:37:01+00:00\",\"dateModified\":\"2025-01-17T15:42:54+00:00\",\"author\":{\"@id\":\"https:\\\/\\\/cklcomunicaciones.es\\\/coop\\\/#\\\/schema\\\/person\\\/929a6837f7626450bbb50cee1aef266e\"},\"description\":\"Comunicar con perspectiva de g\u00e9nero: UE: Solo el 41% de cient\u00edficos\\\/ingenieros son mujeres-Que inventen ellos-Irene Vallejo, Premio Ojo Cr\u00edtico RNE-Clara Campoamor: una vida de lucha por los derechos de la mujer-An\u00e1lisis S\u00edndrome de Alineaci\u00f3n Parental\",\"breadcrumb\":{\"@id\":\"https:\\\/\\\/cklcomunicaciones.es\\\/coop\\\/noticias-info-ckl-no-2-420-13-02-20\\\/#breadcrumb\"},\"inLanguage\":\"es\",\"potentialAction\":[{\"@type\":\"ReadAction\",\"target\":[\"https:\\\/\\\/cklcomunicaciones.es\\\/coop\\\/noticias-info-ckl-no-2-420-13-02-20\\\/\"]}]},{\"@type\":\"ImageObject\",\"inLanguage\":\"es\",\"@id\":\"https:\\\/\\\/cklcomunicaciones.es\\\/coop\\\/noticias-info-ckl-no-2-420-13-02-20\\\/#primaryimage\",\"url\":\"http:\\\/\\\/www.cklcomunicaciones.es\\\/wp-content\\\/uploads\\\/2018\\\/03\\\/CKL_comunicacion-con-perspetiva-de-genero-300x300.jpg\",\"contentUrl\":\"http:\\\/\\\/www.cklcomunicaciones.es\\\/wp-content\\\/uploads\\\/2018\\\/03\\\/CKL_comunicacion-con-perspetiva-de-genero-300x300.jpg\"},{\"@type\":\"BreadcrumbList\",\"@id\":\"https:\\\/\\\/cklcomunicaciones.es\\\/coop\\\/noticias-info-ckl-no-2-420-13-02-20\\\/#breadcrumb\",\"itemListElement\":[{\"@type\":\"ListItem\",\"position\":1,\"name\":\"Portada\",\"item\":\"https:\\\/\\\/cklcomunicaciones.es\\\/coop\\\/\"},{\"@type\":\"ListItem\",\"position\":2,\"name\":\"Noticias Info CKL n\u00ba 2.420-13\\\/02\\\/20\"}]},{\"@type\":\"WebSite\",\"@id\":\"https:\\\/\\\/cklcomunicaciones.es\\\/coop\\\/#website\",\"url\":\"https:\\\/\\\/cklcomunicaciones.es\\\/coop\\\/\",\"name\":\"CKL Comunicaciones\",\"description\":\"Sitio web de CKL Comunicaciones coop , la consultora de comunicaci\u00f3n y estrategia\",\"potentialAction\":[{\"@type\":\"SearchAction\",\"target\":{\"@type\":\"EntryPoint\",\"urlTemplate\":\"https:\\\/\\\/cklcomunicaciones.es\\\/coop\\\/?s={search_term_string}\"},\"query-input\":{\"@type\":\"PropertyValueSpecification\",\"valueRequired\":true,\"valueName\":\"search_term_string\"}}],\"inLanguage\":\"es\"},{\"@type\":\"Person\",\"@id\":\"https:\\\/\\\/cklcomunicaciones.es\\\/coop\\\/#\\\/schema\\\/person\\\/929a6837f7626450bbb50cee1aef266e\",\"name\":\"ckl\",\"image\":{\"@type\":\"ImageObject\",\"inLanguage\":\"es\",\"@id\":\"https:\\\/\\\/secure.gravatar.com\\\/avatar\\\/c82db564e8a669bf6023357a157b9dc4780f4d4c618f2ad1d71a6a5dede45057?s=96&d=mm&r=g\",\"url\":\"https:\\\/\\\/secure.gravatar.com\\\/avatar\\\/c82db564e8a669bf6023357a157b9dc4780f4d4c618f2ad1d71a6a5dede45057?s=96&d=mm&r=g\",\"contentUrl\":\"https:\\\/\\\/secure.gravatar.com\\\/avatar\\\/c82db564e8a669bf6023357a157b9dc4780f4d4c618f2ad1d71a6a5dede45057?s=96&d=mm&r=g\",\"caption\":\"ckl\"},\"url\":\"https:\\\/\\\/cklcomunicaciones.es\\\/coop\\\/author\\\/cklcomunicaciones\\\/\"}]}<\/script>\n<!-- \/ Yoast SEO plugin. -->","yoast_head_json":{"title":"Noticias Info CKL n\u00ba 2.420-13\/02\/20-Comunicar con perspectiva de g\u00e9nero","description":"Comunicar con perspectiva de g\u00e9nero: UE: Solo el 41% de cient\u00edficos\/ingenieros son mujeres-Que inventen ellos-Irene Vallejo, Premio Ojo Cr\u00edtico RNE-Clara Campoamor: una vida de lucha por los derechos de la mujer-An\u00e1lisis S\u00edndrome de Alineaci\u00f3n Parental","robots":{"index":"index","follow":"follow","max-snippet":"max-snippet:-1","max-image-preview":"max-image-preview:large","max-video-preview":"max-video-preview:-1"},"canonical":"https:\/\/cklcomunicaciones.es\/coop\/noticias-info-ckl-no-2-420-13-02-20\/","og_locale":"es_ES","og_type":"article","og_title":"Noticias Info CKL n\u00ba 2.420-13\/02\/20-Comunicar con perspectiva de g\u00e9nero","og_description":"Comunicar con perspectiva de g\u00e9nero: UE: Solo el 41% de cient\u00edficos\/ingenieros son mujeres-Que inventen ellos-Irene Vallejo, Premio Ojo Cr\u00edtico RNE-Clara Campoamor: una vida de lucha por los derechos de la mujer-An\u00e1lisis S\u00edndrome de Alineaci\u00f3n Parental","og_url":"https:\/\/cklcomunicaciones.es\/coop\/noticias-info-ckl-no-2-420-13-02-20\/","og_site_name":"CKL Comunicaciones","article_published_time":"2020-02-13T09:37:01+00:00","article_modified_time":"2025-01-17T15:42:54+00:00","og_image":[{"width":500,"height":500,"url":"https:\/\/cklcomunicaciones.es\/coop\/wp-content\/uploads\/2018\/03\/CKL_comunicacion-con-perspetiva-de-genero.jpg","type":"image\/jpeg"}],"author":"ckl","twitter_card":"summary_large_image","twitter_misc":{"Escrito por":"ckl","Tiempo de lectura":"6 minutos"},"schema":{"@context":"https:\/\/schema.org","@graph":[{"@type":"Article","@id":"https:\/\/cklcomunicaciones.es\/coop\/noticias-info-ckl-no-2-420-13-02-20\/#article","isPartOf":{"@id":"https:\/\/cklcomunicaciones.es\/coop\/noticias-info-ckl-no-2-420-13-02-20\/"},"author":{"name":"ckl","@id":"https:\/\/cklcomunicaciones.es\/coop\/#\/schema\/person\/929a6837f7626450bbb50cee1aef266e"},"headline":"Noticias Info CKL n\u00ba 2.420-13\/02\/20","datePublished":"2020-02-13T09:37:01+00:00","dateModified":"2025-01-17T15:42:54+00:00","mainEntityOfPage":{"@id":"https:\/\/cklcomunicaciones.es\/coop\/noticias-info-ckl-no-2-420-13-02-20\/"},"wordCount":1288,"image":{"@id":"https:\/\/cklcomunicaciones.es\/coop\/noticias-info-ckl-no-2-420-13-02-20\/#primaryimage"},"thumbnailUrl":"http:\/\/www.cklcomunicaciones.es\/wp-content\/uploads\/2018\/03\/CKL_comunicacion-con-perspetiva-de-genero-300x300.jpg","articleSection":["Newsletter","Nwl v2.0"],"inLanguage":"es"},{"@type":"WebPage","@id":"https:\/\/cklcomunicaciones.es\/coop\/noticias-info-ckl-no-2-420-13-02-20\/","url":"https:\/\/cklcomunicaciones.es\/coop\/noticias-info-ckl-no-2-420-13-02-20\/","name":"Noticias Info CKL n\u00ba 2.420-13\/02\/20-Comunicar con perspectiva de g\u00e9nero","isPartOf":{"@id":"https:\/\/cklcomunicaciones.es\/coop\/#website"},"primaryImageOfPage":{"@id":"https:\/\/cklcomunicaciones.es\/coop\/noticias-info-ckl-no-2-420-13-02-20\/#primaryimage"},"image":{"@id":"https:\/\/cklcomunicaciones.es\/coop\/noticias-info-ckl-no-2-420-13-02-20\/#primaryimage"},"thumbnailUrl":"http:\/\/www.cklcomunicaciones.es\/wp-content\/uploads\/2018\/03\/CKL_comunicacion-con-perspetiva-de-genero-300x300.jpg","datePublished":"2020-02-13T09:37:01+00:00","dateModified":"2025-01-17T15:42:54+00:00","author":{"@id":"https:\/\/cklcomunicaciones.es\/coop\/#\/schema\/person\/929a6837f7626450bbb50cee1aef266e"},"description":"Comunicar con perspectiva de g\u00e9nero: UE: Solo el 41% de cient\u00edficos\/ingenieros son mujeres-Que inventen ellos-Irene Vallejo, Premio Ojo Cr\u00edtico RNE-Clara Campoamor: una vida de lucha por los derechos de la mujer-An\u00e1lisis S\u00edndrome de Alineaci\u00f3n Parental","breadcrumb":{"@id":"https:\/\/cklcomunicaciones.es\/coop\/noticias-info-ckl-no-2-420-13-02-20\/#breadcrumb"},"inLanguage":"es","potentialAction":[{"@type":"ReadAction","target":["https:\/\/cklcomunicaciones.es\/coop\/noticias-info-ckl-no-2-420-13-02-20\/"]}]},{"@type":"ImageObject","inLanguage":"es","@id":"https:\/\/cklcomunicaciones.es\/coop\/noticias-info-ckl-no-2-420-13-02-20\/#primaryimage","url":"http:\/\/www.cklcomunicaciones.es\/wp-content\/uploads\/2018\/03\/CKL_comunicacion-con-perspetiva-de-genero-300x300.jpg","contentUrl":"http:\/\/www.cklcomunicaciones.es\/wp-content\/uploads\/2018\/03\/CKL_comunicacion-con-perspetiva-de-genero-300x300.jpg"},{"@type":"BreadcrumbList","@id":"https:\/\/cklcomunicaciones.es\/coop\/noticias-info-ckl-no-2-420-13-02-20\/#breadcrumb","itemListElement":[{"@type":"ListItem","position":1,"name":"Portada","item":"https:\/\/cklcomunicaciones.es\/coop\/"},{"@type":"ListItem","position":2,"name":"Noticias Info CKL n\u00ba 2.420-13\/02\/20"}]},{"@type":"WebSite","@id":"https:\/\/cklcomunicaciones.es\/coop\/#website","url":"https:\/\/cklcomunicaciones.es\/coop\/","name":"CKL Comunicaciones","description":"Sitio web de CKL Comunicaciones coop , la consultora de comunicaci\u00f3n y estrategia","potentialAction":[{"@type":"SearchAction","target":{"@type":"EntryPoint","urlTemplate":"https:\/\/cklcomunicaciones.es\/coop\/?s={search_term_string}"},"query-input":{"@type":"PropertyValueSpecification","valueRequired":true,"valueName":"search_term_string"}}],"inLanguage":"es"},{"@type":"Person","@id":"https:\/\/cklcomunicaciones.es\/coop\/#\/schema\/person\/929a6837f7626450bbb50cee1aef266e","name":"ckl","image":{"@type":"ImageObject","inLanguage":"es","@id":"https:\/\/secure.gravatar.com\/avatar\/c82db564e8a669bf6023357a157b9dc4780f4d4c618f2ad1d71a6a5dede45057?s=96&d=mm&r=g","url":"https:\/\/secure.gravatar.com\/avatar\/c82db564e8a669bf6023357a157b9dc4780f4d4c618f2ad1d71a6a5dede45057?s=96&d=mm&r=g","contentUrl":"https:\/\/secure.gravatar.com\/avatar\/c82db564e8a669bf6023357a157b9dc4780f4d4c618f2ad1d71a6a5dede45057?s=96&d=mm&r=g","caption":"ckl"},"url":"https:\/\/cklcomunicaciones.es\/coop\/author\/cklcomunicaciones\/"}]}},"_links":{"self":[{"href":"https:\/\/cklcomunicaciones.es\/coop\/wp-json\/wp\/v2\/posts\/14837","targetHints":{"allow":["GET"]}}],"collection":[{"href":"https:\/\/cklcomunicaciones.es\/coop\/wp-json\/wp\/v2\/posts"}],"about":[{"href":"https:\/\/cklcomunicaciones.es\/coop\/wp-json\/wp\/v2\/types\/post"}],"author":[{"embeddable":true,"href":"https:\/\/cklcomunicaciones.es\/coop\/wp-json\/wp\/v2\/users\/3"}],"replies":[{"embeddable":true,"href":"https:\/\/cklcomunicaciones.es\/coop\/wp-json\/wp\/v2\/comments?post=14837"}],"version-history":[{"count":0,"href":"https:\/\/cklcomunicaciones.es\/coop\/wp-json\/wp\/v2\/posts\/14837\/revisions"}],"wp:attachment":[{"href":"https:\/\/cklcomunicaciones.es\/coop\/wp-json\/wp\/v2\/media?parent=14837"}],"wp:term":[{"taxonomy":"category","embeddable":true,"href":"https:\/\/cklcomunicaciones.es\/coop\/wp-json\/wp\/v2\/categories?post=14837"},{"taxonomy":"post_tag","embeddable":true,"href":"https:\/\/cklcomunicaciones.es\/coop\/wp-json\/wp\/v2\/tags?post=14837"}],"curies":[{"name":"wp","href":"https:\/\/api.w.org\/{rel}","templated":true}]}}