{"id":14834,"date":"2020-02-10T13:45:26","date_gmt":"2020-02-10T12:45:26","guid":{"rendered":"http:\/\/www.cklcomunicaciones.es\/?p=14834"},"modified":"2025-01-17T16:42:55","modified_gmt":"2025-01-17T15:42:55","slug":"noticias-info-ckl-no-2-419-10-02-20","status":"publish","type":"post","link":"https:\/\/cklcomunicaciones.es\/coop\/noticias-info-ckl-no-2-419-10-02-20\/","title":{"rendered":"Noticias Info CKL n\u00ba 2.419-10\/02\/20"},"content":{"rendered":"<div id=\"pl-14834\"  class=\"panel-layout\" >\n<div id=\"pg-14834-0\"  class=\"panel-grid panel-no-style\"  data-style=\"{&quot;background_image_attachment&quot;:false,&quot;background_display&quot;:&quot;tile&quot;,&quot;cell_alignment&quot;:&quot;flex-start&quot;}\" >\n<div id=\"pgc-14834-0-0\"  class=\"panel-grid-cell\"  data-weight=\"1\" >\n<div id=\"panel-14834-0-0-0\" class=\"so-panel widget widget_sow-editor panel-first-child panel-last-child\" data-index=\"0\" data-style=\"{&quot;background_image_attachment&quot;:false,&quot;background_display&quot;:&quot;tile&quot;}\" >\n<div class=\"so-widget-sow-editor so-widget-sow-editor-base\">\n<div class=\"siteorigin-widget-tinymce textwidget\">\n<p><img decoding=\"async\" class=\"lazyload  wp-image-13726\" src=\"http:\/\/www.cklcomunicaciones.es\/wp-content\/uploads\/2018\/03\/CKL_comunicacion-con-perspetiva-de-genero-300x300.jpg\" data-orig-src=\"http:\/\/www.cklcomunicaciones.es\/wp-content\/uploads\/2018\/03\/CKL_comunicacion-con-perspetiva-de-genero-300x300.jpg\" alt=\"CKL_comunicacion con perspetiva de genero\" width=\"132\" height=\"132\" srcset=\"data:image\/svg+xml,%3Csvg%20xmlns%3D%27http%3A%2F%2Fwww.w3.org%2F2000%2Fsvg%27%20width%3D%27132%27%20height%3D%27132%27%20viewBox%3D%270%200%20132%20132%27%3E%3Crect%20width%3D%27132%27%20height%3D%27132%27%20fill-opacity%3D%220%22%2F%3E%3C%2Fsvg%3E\" data-srcset=\"https:\/\/cklcomunicaciones.es\/coop\/wp-content\/uploads\/2018\/03\/CKL_comunicacion-con-perspetiva-de-genero-150x150.jpg 150w, https:\/\/cklcomunicaciones.es\/coop\/wp-content\/uploads\/2018\/03\/CKL_comunicacion-con-perspetiva-de-genero-300x300.jpg 300w, https:\/\/cklcomunicaciones.es\/coop\/wp-content\/uploads\/2018\/03\/CKL_comunicacion-con-perspetiva-de-genero-450x450.jpg 450w, https:\/\/cklcomunicaciones.es\/coop\/wp-content\/uploads\/2018\/03\/CKL_comunicacion-con-perspetiva-de-genero.jpg 500w\" data-sizes=\"auto\" data-orig-sizes=\"(max-width: 132px) 100vw, 132px\" \/><\/p>\n<p id=\":4tp\" class=\"hP\" tabindex=\"-1\" data-thread-perm-id=\"thread-f:1658153528364657429\" data-legacy-thread-id=\"1702f1d9493c6b15\"><strong>Igualdad traslada al relator de la ONU para la extrema pobreza-Puertas violetas contra techos de cristal en la ciencia-En igualdad: \u00bfC\u00f3mo afectar\u00e1 el Brexit a la mujer?-TRAGEVIC, Red iberoamericana de investigadoras<\/strong><\/p>\n<p>[toggle type=\u00bbfirst\u00bb title=\u00bbConvocatorias\u00bb]<\/p>\n<ul>\n<li>Presentaci\u00f3n del libro de Mar\u00eda Luisa Balaguer \u00abQue nadie muera sin amar el mar\u00bb, ensayo biogr\u00e1fico sobre Iris Zavala. Centro de Estudios Pol\u00edticos y Constitucionales, Madrid. 17 de febrero, 18.30h. Inscripciones: <a href=\"http:\/\/www.cep.gob.es\">www.cep.gob.es<\/a><\/li>\n<\/ul>\n<p>[\/toggle]<\/p>\n<p>[toggle type=\u00bbfirst\u00bb title=\u00bbComunicaci\u00f3n\u00bb]<\/p>\n<p><a href=\"https:\/\/www.elmundo.es\/f5\/descubre\/2020\/02\/10\/5e413acffc6c83905e8b45cd.html\">Paula V\u00e1zquez estalla contra el machismo de Vox: \u00abNos est\u00e1n matando\u00bb<\/a> \u2013 El Mundo<\/p>\n<p><a href=\"https:\/\/www.elmundo.es\/internacional\/2020\/02\/07\/5e3d68e121efa022088b4577.html\">Una periodista que denunci\u00f3 las violaciones de derechos humanos en Chechenia, v\u00edctima de una paliza<\/a>\u2013 El Mundo<\/p>\n<p><a href=\"https:\/\/www.google.com\/url?rct=j&amp;sa=t&amp;url=https:\/\/www.abc.es\/espana\/galicia\/abci-polemica-cartel-sexista-verin-orense-para-anunciar-fiesta-carnaval-202002051239_noticia.html&amp;ct=ga&amp;cd=CAEYAioTMTkzNzA3NzE3ODg4NDQ5NTcyMzIZYzAzNzJlYmMyZmVhZGE1OTplczplczpFUw&amp;usg=AFQjCNFa2y2ckzmVtKLYqBhT64cWsun8TA\">Pol\u00e9mica por el cartel sexista de un pub de Ver\u00edn (Orense) para anunciar una fiesta de Carnaval <\/a>&#8211; Abc.es<\/p>\n<p><a href=\"https:\/\/www.google.com\/url?rct=j&amp;sa=t&amp;url=https:\/\/www.lavanguardia.com\/local\/barcelona\/20200207\/473327830583\/catalunya-la-campana-fem-equip-busca-mas-representatividad-y-visibilidad-de-las-bomberas.html&amp;ct=ga&amp;cd=CAEYAioUMTA4NjM3ODA4MzE2NDM4MTA5MTUyGWMwMzcyZWJjMmZlYWRhNTk6ZXM6ZXM6RVM&amp;usg=AFQjCNGk9Q6NyIck-uqF7aVqIw8tYeRrVQ\">La campa\u00f1a &#8216;Fem equip&#8217; busca m\u00e1s \u00abrepresentatividad y visibilidad\u00bb de las bomberas <\/a>&#8211; La Vanguardia<\/p>\n<p><em><a href=\"https:\/\/www.elsaltodiario.com\/opinion\/infancia-libre-y-el-antiperiodismo-\">Infancia Libre y el &#8216;antiperiodismo&#8217;<\/a><\/em>&#8211; El Salto<\/p>\n<p><a href=\"https:\/\/www.google.com\/url?rct=j&amp;sa=t&amp;url=https:\/\/www.elespectador.com\/mujeres-con-j-y-periodistas-tambien-columna-903744&amp;ct=ga&amp;cd=CAEYACoUMTAwNDY2NDkzOTg1ODI0MzY2ODkyGWUxZTc3ZDE1NjA5OGE4ZTM6ZXM6ZXM6RVM&amp;usg=AFQjCNGnLJUPvvAr8U9oZMbfrSyGcRjWqg\">Mujeres con J y periodistas tambi\u00e9n <\/a>&#8211; ElEspectador.com<\/p>\n<p><strong>\u00a0<\/strong><strong>\u00a0<\/strong>[\/toggle]<\/p>\n<p>[toggle type=\u00bbfirst\u00bb title=\u00bbAndaluc\u00eda\u00bb]<\/p>\n<p><strong>Institucional<\/strong><\/p>\n<p><a href=\"https:\/\/www.google.com\/url?rct=j&amp;sa=t&amp;url=https:\/\/www.lavanguardia.com\/local\/sevilla\/20200209\/473389442452\/rocio-ruiz-condena-el-asesinato-machista-de-la-vecina-del-zaidin-y-el-iam-ofrece-apoyo-psicologico-a-la-familia.html&amp;ct=ga&amp;cd=CAEYACoUMTc1MjYwNTQyMzc5NDgwMDc0MDgyGzlhYjFjZGQ3ZTM2NmVmMzg6ZXM6ZXM6RVM6Ug&amp;usg=AFQjCNE3OGDuMPVfmfgAg9qgU2LPdp0oIw\">Roc\u00edo Ruiz condena el asesinato machista de la vecina del Zaid\u00edn y el IAM ofrece apoyo &#8230; <\/a>&#8211; La Vanguardia<\/p>\n<p><strong>Econom\u00eda y Empresas<\/strong><\/p>\n<p><a href=\"http:\/\/www.juntadeandalucia.es\/presidencia\/portavoz\/149945\/Economia\/WomanDigital\/mujeres\/tecnologia\">Reducir la brecha de g\u00e9nero en tecnolog\u00eda, una prioridad para Econom\u00eda<\/a> \u2013 Oficina del Portavoz<\/p>\n<p><a href=\"https:\/\/www.google.com\/url?rct=j&amp;sa=t&amp;url=https:\/\/www.diariojaen.es\/jaen\/impulso-al-empleo-de-las-mujeres-a-traves-de-univergem-XX6770088&amp;ct=ga&amp;cd=CAEYAioUMTU1ODcwNTM1NzQ3NjI2MDkyMjUyGzlhYjFjZGQ3ZTM2NmVmMzg6ZXM6ZXM6RVM6Ug&amp;usg=AFQjCNHygCzEnTU5-vzHW5xAQjXl8HG5Jw\">Impulso al empleo de las mujeres a trav\u00e9s de Univergem <\/a>&#8211; Diario Ja\u00e9n<\/p>\n<p><a href=\"https:\/\/andaluciainformacion.es\/andalucia\/877539\/el-empoderamiento-de-la-mujer-no-llega-al-campo-hay-discriminacion-\/\">\u201cEl empoderamiento de la mujer no llega al campo, hay &#8230;<\/a>&#8211; Andaluc\u00eda Informaci\u00f3n<\/p>\n<p><a href=\"https:\/\/www.mujeremprendedora.net\/tres-culturas-renueva-compromiso-proyecto-intrepida-moda-code-41\/\">Tres Culturas renueva el compromiso del proyecto INTREPIDA con la moda en CODE 41<\/a> \u2013 Mujeremprendedora.net<\/p>\n<p><a href=\"http:\/\/www.juntadeandalucia.es\/presidencia\/portavoz\/149947\/Lanzaderasdeempleo\/orientacionlaboral\/desempleo\/formacion\/Andalucia\/GobiernodeAndalucia\">Andaluc\u00eda contar\u00e1 en 2020 con diez proyectos de lanzaderas Conecta Empleo<\/a>\u2013 Oficina del Portavoz<\/p>\n<p><strong>A<\/strong><strong>ctualidad<\/strong><\/p>\n<p><a href=\"https:\/\/www.google.com\/url?rct=j&amp;sa=t&amp;url=https:\/\/www.diariosur.es\/malaga\/malaguena-lidia-sanchez-20200204212345-nt.html&amp;ct=ga&amp;cd=CAEYACoUMTY1Mzk4ODQyNjI4MjQyNjk0NzIyGWQ3OGU1ODc1YTBmMWYyYWM6ZXM6ZXM6RVM&amp;usg=AFQjCNGWHh_CwVGLjMG2plC-NWDSiLEuUA\">La malague\u00f1a Lidia S\u00e1nchez Mil\u00e1n, nueva directora general de la F\u00e1brica de Moneda y Timbre <\/a>&#8211; Sur Digital<\/p>\n<p><a href=\"https:\/\/www.google.com\/url?rct=j&amp;sa=t&amp;url=https:\/\/andaluciainformacion.es\/cadiz\/877513\/mujeres-que-conquistan-las-fuerzas\/&amp;ct=ga&amp;cd=CAEYAioTNDMxMTg2NjQxODUzNjY0ODM2MzIZYzAzNzJlYmMyZmVhZGE1OTplczplczpFUw&amp;usg=AFQjCNE79RXlilR3qdaHU8SiqBfABKrzbg\">Mujeres que conquistan las fuerzas <\/a>&#8211; Andaluc\u00eda Informaci\u00f3n<\/p>\n<p><a href=\"https:\/\/www.google.com\/url?rct=j&amp;sa=t&amp;url=https:\/\/www.axarquiaplus.es\/el-ayuntamiento-de-nerja-y-el-instituto-andaluz-de-la-mujer-aunan-esfuerzos-en-pro-de-la-igualdad\/&amp;ct=ga&amp;cd=CAEYACoUMTc3MjUyODg4NTA5MzE0OTE1MjQyGzlhYjFjZGQ3ZTM2NmVmMzg6ZXM6ZXM6RVM6Ug&amp;usg=AFQjCNFAbR67DujNi8JmEPKWqYknKTwPhw\">El Ayuntamiento de Nerja y el Instituto Andaluz de la Mujer a\u00fanan esfuerzos en pro de la igualdad <\/a>&#8211; Axarqu\u00edaPlus<\/p>\n<p><a href=\"https:\/\/www.google.com\/url?rct=j&amp;sa=t&amp;url=https:\/\/www.cermi.es\/es\/actualidad\/noticias\/el-instituto-andaluz-de-la-mujer-y-cermi-andaluc%25C3%25ADa-colaborar%25C3%25A1n-en-un-estudio&amp;ct=ga&amp;cd=CAEYAyoUMTY5NzQxNzIxNTk1MzAzMTM1ODgyGWMwMzcyZWJjMmZlYWRhNTk6ZXM6ZXM6RVM&amp;usg=AFQjCNH7lqL8EpzTd29mV_SQ5JRiKdBxsw\">El Instituto Andaluz de la Mujer y CERMI Andaluc\u00eda colaborar\u00e1n en un estudio para mejorar la &#8230; <\/a>&#8211; Cermi<\/p>\n<p><a href=\"https:\/\/www.google.com\/url?rct=j&amp;sa=t&amp;url=https:\/\/cordopolis.es\/2020\/02\/08\/el-movimiento-feminista-calienta-motores-a-un-mes-del-8m-con-una-gran-protesta-por-la-retirada-de-ayudas\/&amp;ct=ga&amp;cd=CAEYACoUMTM4NTIzNzI2OTU0MTIzODMzODEyGWMwMzcyZWJjMmZlYWRhNTk6ZXM6ZXM6RVM&amp;usg=AFQjCNEXa_IB1BL3wX3TAyCvW5IyZOXrQg\">El movimiento feminista calienta motores a un mes del 8M con una gran protesta por la retirada de &#8230; <\/a>&#8211; Cord\u00f3polis<\/p>\n<p><a href=\"https:\/\/www.google.com\/url?rct=j&amp;sa=t&amp;url=https:\/\/lahoradigital.com\/noticia\/25113\/igualdad\/el-tren-de-la-dignidad-lleva-a-sevilla-al-movimiento-feminista-para-gritar-ni-un-paso-atras.html&amp;ct=ga&amp;cd=CAEYAioTOTEzNjg5NzIxMTc1NjYyNzYwODIZYzAzNzJlYmMyZmVhZGE1OTplczplczpFUw&amp;usg=AFQjCNGwnO6ByNQnk1LstRm2InoepwAKbQ\">El Tren de la Dignidad lleva a Sevilla al movimiento feminista para gritar \u00abNi un paso atr\u00e1s\u00bb <\/a>&#8211; <a href=\"http:\/\/lahoradigital.com\">lahoradigital.com<\/a><\/p>\n<p><strong>Violencias<\/strong><\/p>\n<p><a href=\"https:\/\/www.google.com\/url?rct=j&amp;sa=t&amp;url=https:\/\/cordobabn.com\/2020\/02\/08\/mas-de-2-000-mujeres-andaluzas-victimas-de-violencia-de-genero-recibieron-atencion-psicologica-en-2019\/&amp;ct=ga&amp;cd=CAEYACoUMTEwOTY0NTQ3OTY4MTAwNjUxODMyGzlhYjFjZGQ3ZTM2NmVmMzg6ZXM6ZXM6RVM6Ug&amp;usg=AFQjCNH9Qx-tsaGszEyVF1nun6ZFJj7swg\">M\u00e1s de 2.000 mujeres andaluzas v\u00edctimas de violencia de g\u00e9nero recibieron atenci\u00f3n psicol\u00f3gica &#8230; <\/a>&#8211; C\u00f3rdoba Buenas Noticias<\/p>\n<p><a href=\"https:\/\/www.google.com\/url?rct=j&amp;sa=t&amp;url=https:\/\/m.diariodecadiz.es\/cadiz\/centro-mujeres-victimas-violencia-Cadiz_0_1435057092.html&amp;ct=ga&amp;cd=CAEYASoUMTAyNTk3MDMxNzE1OTcwMTk4MzQyGzlhYjFjZGQ3ZTM2NmVmMzg6ZXM6ZXM6RVM6Ug&amp;usg=AFQjCNHTiWmh20P8JrLgP_YP_Plo57ZdMA\">Un nuevo centro para mujeres v\u00edctimas de violencia de g\u00e9nero en C\u00e1diz <\/a>&#8211; Diario de C\u00e1diz<\/p>\n<p><a href=\"https:\/\/www.google.com\/url?rct=j&amp;sa=t&amp;url=https:\/\/cadiznoticias.es\/mas-de-300-colegiados-participan-en-las-jornadas-sobre-violencia-de-genero-de-los-abogados-de-cadiz\/&amp;ct=ga&amp;cd=CAEYACoTNjg3MzI4MDE0ODQ3MTUzMjUwNzIZZTFlNzdkMTU2MDk4YThlMzplczplczpFUw&amp;usg=AFQjCNEbF7aSEwkHrMtWM3qyatNFrnNYaw\">M\u00e1s de 300 colegiados participan en las Jornadas sobre Violencia de G\u00e9nero de los Abogados de &#8230; <\/a>&#8211; Cadiznoticias<\/p>\n<p><a href=\"https:\/\/www.elperiodico.com\/es\/sucesos-y-tribunales\/20200205\/condenado-hombre-difundio-foto-victima-manada-violacion-7835418\">Dos a\u00f1os de c\u00e1rcel al ultraderechista que difundi\u00f3 una foto de la v\u00edctima de violaci\u00f3n de La Manada&#8230;<\/a>&#8211; El Peri\u00f3dico<\/p>\n<p><a href=\"https:\/\/www.google.com\/url?rct=j&amp;sa=t&amp;url=https:\/\/www.europapress.es\/andalucia\/noticia-jurado-enjuiciara-anciano-confeso-haber-matado-mujer-guadix-granada-hace-dos-anos-20200208123434.html&amp;ct=ga&amp;cd=CAEYACoUMTg0Mzk0MjI1ODU5MjEwNzUzNjQyGWMwMzcyZWJjMmZlYWRhNTk6ZXM6ZXM6RVM&amp;usg=AFQjCNHqhqR0PdZXyfvkQ6qM1AyM77KrbA\">Un jurado enjuiciar\u00e1 al anciano que confes\u00f3 haber matado a su mujer en Guadix (Granada) hace &#8230; <\/a>&#8211; Europa Press<\/p>\n<p><strong>Ciencia y Cultura<\/strong><\/p>\n<p><a href=\"https:\/\/www.google.com\/url?rct=j&amp;sa=t&amp;url=https:\/\/cadiznoticias.es\/crean-una-red-iberoamericana-de-investigadoras-para-mejorar-las-politicas-publicas-de-igualdad\/&amp;ct=ga&amp;cd=CAEYACoTNjYwNTA5MjcyMTA4NTIyNjc2NjIZMWZhYTM2NGQzZDExMjIxYjplczplczpFUw&amp;usg=AFQjCNHm4Ai2Y4GjrlT8s8vqCo-4kqvgMw\">Crean una red iberoamericana de investigadoras para mejorar las pol\u00edticas p\u00fablicas de igualdad <\/a>&#8211; Cadiznoticias<\/p>\n<p><a href=\"https:\/\/www.google.com\/url?rct=j&amp;sa=t&amp;url=https:\/\/www.ideal.es\/granada\/universida-granada-preparada-resolver-robos-20200208212518-nt.html&amp;ct=ga&amp;cd=CAEYASoUMTc0MzA2MjE0NjM3MjQwODU3NDMyGWMwMzcyZWJjMmZlYWRhNTk6ZXM6ZXM6RVM&amp;usg=AFQjCNGG5uboiPmy3V1-oXQA6pwe2tINeg\">La UGR ya est\u00e1 preparada para resolver robos y cr\u00edmenes <\/a>&#8211; Ideal Digital<\/p>\n<p><a href=\"https:\/\/www.google.com\/url?rct=j&amp;sa=t&amp;url=https:\/\/sevilla.abc.es\/andalucia\/cordoba\/sevi-visibilidad-y-equilibrio-retos-cultura-hecha-mujeres-202002051136_noticia.html&amp;ct=ga&amp;cd=CAEYBCoTMTkzNzA3NzE3ODg4NDQ5NTcyMzIZYzAzNzJlYmMyZmVhZGE1OTplczplczpFUw&amp;usg=AFQjCNHvXo2bPRRAREevPPYRO3QNgHni-w\">Visibilidad y equilibrio, los retos de la cultura hecha por mujeres <\/a>&#8211; ABC C\u00f3rdoba<\/p>\n<p><a href=\"https:\/\/www.teleprensa.com\/es\/nacional\/andalucia\/granada\/voces-patrimoniales-artistas-andaluzas-del-siglo-xix-nueva-exposicion-en-la-sede-de-canal-sur.html\">&#8216;Voces patrimoniales: Artistas andaluzas del siglo XIX&#8217;, nueva &#8230;<\/a>&#8211; Teleprensa peri\u00f3dico digital<\/p>\n<p><a href=\"https:\/\/www.lavozdecordoba.es\/ocio-y-sociedad\/2020\/02\/09\/la-representacion-teatral-del-iam-contra-la-violencia-de-genero-llega-a-la-capital-en-marzo\/\">La representaci\u00f3n teatral del IAM contra la violencia de &#8230;<\/a>&#8211; La voz de C\u00f3rdoba<\/p>\n<p><a href=\"https:\/\/www.malaga.es\/cultura\/1315\/com1_md3_cd-40479\/el-mva-recibe-el-ii-torneo-de-dramaturgia-con-autores-de-toda-andalucia\">El MVA recibe el II Torneo de Dramaturgia con autores de &#8230;<\/a>&#8211; Diputaci\u00f3n de M\u00e1laga<\/p>\n<p><strong>Deporte<\/strong><\/p>\n<p><a href=\"https:\/\/www.mujeremprendedora.net\/vamos-de-colacao-entrega-su-ultima-beca-a-la-jugadora-mas-joven-de-rugby-convocada-por-la-seleccion-sub18\/\">Vamos de ColaCao entrega su \u00faltima beca a la jugadora m\u00e1s joven de rugby convocada por la Selecci\u00f3n Sub18<\/a>\u2013 Mujeremprendedora.net<\/p>\n<p>[\/toggle]<\/p>\n<p>[toggle type=\u00bbfirst\u00bb title=\u00bbEstado\u00bb]<\/p>\n<p><strong>Institucional<\/strong><\/p>\n<p><a href=\"https:\/\/www.elmundo.es\/espana\/2020\/02\/10\/5e41411921efa0a6478b4579.html\">El Gobierno urgir\u00e1 a las CCAA para que los servicios sociales alerten y act\u00faen en casos de violencia de g\u00e9nero<\/a> \u2013 El Mundo<\/p>\n<p><a href=\"https:\/\/www.google.com\/url?rct=j&amp;sa=t&amp;url=http:\/\/www.diariosigloxxi.com\/texto-s\/mostrar\/350291\/igualdad-traslada-relator-onu-extrema-pobreza-prioridades-esta-legislatura&amp;ct=ga&amp;cd=CAEYACoSNzkxMzM3OTcxODcwMTg5NjgyMhljMDM3MmViYzJmZWFkYTU5OmVzOmVzOkVT&amp;usg=AFQjCNEdOxpWMTsm74v2FFxQTmjZwEJjeA\">Igualdad traslada al relator de la ONU para la extrema pobreza sus prioridades para esta legislatura <\/a>&#8211; Diario Siglo XXI<\/p>\n<p><strong>Institucional-CCAA<\/strong><\/p>\n<p><a href=\"https:\/\/www.google.com\/url?rct=j&amp;sa=t&amp;url=https:\/\/www.miciudadreal.es\/2020\/02\/06\/el-gobierno-de-castilla-la-mancha-anima-a-las-mujeres-de-la-region-a-emprender-y-dirigir-sus-propios-negocios\/&amp;ct=ga&amp;cd=CAEYACoTMzk2MDUxMzMzMjgxMzUxNTc4NDIZYzAzNzJlYmMyZmVhZGE1OTplczplczpFUw&amp;usg=AFQjCNGEgSMueanDesJ8WPgH2CDFmhJvow\">El Gobierno de Castilla-La Mancha anima a las mujeres de la regi\u00f3n a emprender y dirigir sus &#8230; <\/a>&#8211; Mi Ciudad Real<\/p>\n<p><a href=\"https:\/\/www.google.com\/url?rct=j&amp;sa=t&amp;url=https:\/\/www.20minutos.es\/noticia\/4143383\/0\/el-gobierno-de-navarra-remarca-su-compromiso-con-la-erradicacion-de-la-mutilacion-genital-femenina\/&amp;ct=ga&amp;cd=CAEYAyoTMzk2MDUxMzMzMjgxMzUxNTc4NDIZYzAzNzJlYmMyZmVhZGE1OTplczplczpFUw&amp;usg=AFQjCNEdS_9jvZ_e7oUdsQmLDGUqMSmNkg\">El Gobierno de Navarra remarca su compromiso con la erradicaci\u00f3n de la mutilaci\u00f3n genital &#8230; <\/a>&#8211; 20minutos<\/p>\n<p><a href=\"https:\/\/www.google.com\/url?rct=j&amp;sa=t&amp;url=https:\/\/www.elperiodic.com\/vicepresidencias-igualdad-vivienda-estudian-vias-coordinacion-para-destinar-viviendas-victimas-violencia-genero_663953&amp;ct=ga&amp;cd=CAEYBSoTMzc4MTU1Mzk4Mjk3ODY2Mzg1MTIZYzAzNzJlYmMyZmVhZGE1OTplczplczpFUw&amp;usg=AFQjCNGn1srIZq3QvKoP6DS7-GAREZ5amw\">Las vicepresidencias de Igualdad y de Vivienda estudian v\u00edas de coordinaci\u00f3n para destinar m\u00e1s &#8230; <\/a>&#8211; <a href=\"http:\/\/elperiodic.com\">elperiodic.com<\/a><\/p>\n<p><a href=\"https:\/\/www.publico.es\/sociedad\/euskadi-imputados-cuatro-funcionarios-diputacion-bizkaia-aplicar-sindrome-alienacion-parental.html\">Imputados cuatro funcionarios de la Diputaci\u00f3n de Bizkaia por aplicar el s\u00edndrome de Alienaci\u00f3n Parental &#8230;<\/a>&#8211; P\u00fablico<\/p>\n<p><a href=\"https:\/\/www.google.com\/url?rct=j&amp;sa=t&amp;url=https:\/\/www.20minutos.es\/noticia\/4142444\/0\/alumnas-e-investigadoras-de-la-universidad-de-navarra-difunden-el-papel-de-la-mujer-en-la-ciencia\/&amp;ct=ga&amp;cd=CAEYACoUMTA0NjgwNjc1MDc0NzgxNDc3MzIyGWMwMzcyZWJjMmZlYWRhNTk6ZXM6ZXM6RVM&amp;usg=AFQjCNHBLVjb-JgcnWpOfokNKk9OdxnHFg\">Alumnas e investigadoras de la Universidad de Navarra difunden el papel de la mujer en la ciencia <\/a>&#8211; 20minutos<\/p>\n<p><a href=\"https:\/\/www.google.com\/url?rct=j&amp;sa=t&amp;url=https:\/\/www.latribunadetoledo.es\/noticia\/ZE0307C8B-0A4C-39F0-1CAC7C4A9AC3E88F\/202002\/12-meses-para-mostrar-a-las-mujeres-invisibilizadas&amp;ct=ga&amp;cd=CAEYACoUMTY2Mjk0MzgxMzczNjg4MzkwMTQyGWMwMzcyZWJjMmZlYWRhNTk6ZXM6ZXM6RVM&amp;usg=AFQjCNG9QPI_Tj4lpXmdlOzefouRPZixHg\">12 meses para mostrar a las mujeres invisibilizadas <\/a>&#8211; Tribuna de Toledo<\/p>\n<p><a href=\"https:\/\/www.google.com\/url?rct=j&amp;sa=t&amp;url=https:\/\/elpais.com\/ccaa\/2020\/02\/05\/catalunya\/1580908809_759980.html&amp;ct=ga&amp;cd=CAEYACoUMTIyNjc2MjMyOTUyNzgwNzI4MzcyGWMwMzcyZWJjMmZlYWRhNTk6ZXM6ZXM6RVM&amp;usg=AFQjCNHbVyaeeqRoG1WlygzgorFOfVL2PQ\">El Instituto Pr\u00edncep de Girona en Barcelona cambia de nombre por el de Teresa P\u00e0mies <\/a>\u2013 El Pa\u00eds<\/p>\n<p><a href=\"https:\/\/www.google.com\/url?rct=j&amp;sa=t&amp;url=https:\/\/www.65ymas.com\/sociedad\/39-mujeres-mayores-65-anos-madrid-riesgo-sufrir-pobreza-energetica_12485_102.html&amp;ct=ga&amp;cd=CAEYASoUMTI2MjA4NTgwNDIzODgwNzg0NjgyGWMwMzcyZWJjMmZlYWRhNTk6ZXM6ZXM6RVM&amp;usg=AFQjCNGCm1n6yXAwx0kbI7rzWhn2fAfMdQ\">El 39% de las mujeres mayores de 65 que viven solas en Madrid est\u00e1n en riesgo de pobreza &#8230; <\/a>&#8211; <a href=\"http:\/\/65ymas.com\">65ymas.com<\/a><\/p>\n<p><strong>Econom\u00eda y Empresa<\/strong><\/p>\n<p><a href=\"https:\/\/www.google.com\/url?rct=j&amp;sa=t&amp;url=https:\/\/www.lavanguardia.com\/vida\/20200205\/473299606747\/economialaboral--mas-de-800-directivas-han-participado-en-el-proyecto-promociona-de-ceoe-y-el-instituto-de-la-mujer.html&amp;ct=ga&amp;cd=CAEYACoTMTkzNzA3NzE3ODg4NDQ5NTcyMzIZYzAzNzJlYmMyZmVhZGE1OTplczplczpFUw&amp;usg=AFQjCNFdqp3j26gJc4VenLxqNhRid_VK5g\">M\u00e1s de 800 directivas han participado en el proyecto &#8216;Promociona&#8217; de CEOE y el Instituto de la Mujer &#8230; <\/a>&#8211; La Vanguardia<\/p>\n<p><a href=\"https:\/\/www.google.com\/url?rct=j&amp;sa=t&amp;url=https:\/\/www.lavanguardia.com\/vida\/20200205\/473301700098\/relator-de-la-onu-sobre-la-pobreza-expresa-al-gobierno-su-preocupacion-por-la-desigualdad-laboral-y-empleadas-del-hogar.html&amp;ct=ga&amp;cd=CAEYACoTNDMyOTMzOTgwOTA3MjE4Njc2MTIZYzAzNzJlYmMyZmVhZGE1OTplczplczpFUw&amp;usg=AFQjCNG3C83C-TFbVPCbehmvYU9oYXC3Zg\">Relator de la ONU sobre la pobreza expresa al Gobierno su preocupaci\u00f3n por la desigualdad laboral y empleadas de hogar&#8230; <\/a>&#8211; La Vanguardia<\/p>\n<p><a href=\"https:\/\/www.mujeremprendedora.net\/mujeres-fintech-primera-red-iberoamericana-de-mujeres-en-el-ambito-de-la-tecnologia-financiera\/\">Mujeres en #FinTech, primera red iberoamericana de mujeres en el \u00e1mbito de la tecnolog\u00eda financiera<\/a>\u2013 Mujeremprendedora.net<\/p>\n<p><strong>Actualidad<\/strong><\/p>\n<p><a href=\"https:\/\/www.google.com\/url?rct=j&amp;sa=t&amp;url=https:\/\/www.redaccionmedica.com\/secciones\/medicina-interna\/juana-carretero-la-ambicion-en-una-mujer-tiene-una-connotacion-negativa--3395&amp;ct=ga&amp;cd=CAEYACoTMTY4NzE5NjkxODI1ODQzMTU3MDIZYzAzNzJlYmMyZmVhZGE1OTplczplczpFUw&amp;usg=AFQjCNHV_AaG2-52r8FjvPymvBECk1NIQw\">Juana Carretero, Vicepresidenta de la SEMI: \u00abLa ambici\u00f3n en una mujer tiene una connotaci\u00f3n negativa\u00bb <\/a>&#8211; Redacci\u00f3n M\u00e9dica<\/p>\n<p><a href=\"https:\/\/www.google.com\/url?rct=j&amp;sa=t&amp;url=https:\/\/www.infolibre.es\/noticias\/politica\/2020\/02\/28\/los_estereotipos_dificultad_para_conciliar_obstaculizan_camino_hacia_paridad_judicatura_103662_1012.html&amp;ct=ga&amp;cd=CAEYACoUMTQwNTYyNzEzMDM5MDAyNTU1MzMyGWMwMzcyZWJjMmZlYWRhNTk6ZXM6ZXM6RVM&amp;usg=AFQjCNEEUraQ-8yfwwO9pUL5HSPbPG-9Vw\">Los estereotipos y la dificultad para conciliar obstaculizan el camino hacia la paridad en la judicatura <\/a>&#8211; infoLibre<\/p>\n<p><a href=\"https:\/\/www.google.com\/url?rct=j&amp;sa=t&amp;url=https:\/\/www.redaccionmedica.com\/secciones\/sanidad-hoy\/veinte-mujeres-lideres-de-la-sanidad-decidiran-los-premios-sanitarias-2020-5848&amp;ct=ga&amp;cd=CAEYACoTMzE5MTM2MTQwMDI4Nzc1NTg4NzIZYzAzNzJlYmMyZmVhZGE1OTplczplczpFUw&amp;usg=AFQjCNGXIfmKDlzyNRK-T8stApXD2yQELA\">Veinte mujeres l\u00edderes de la Sanidad decidir\u00e1n los Premios Sanitarias 2020 <\/a>&#8211; Redacci\u00f3n M\u00e9dica<\/p>\n<p><a href=\"https:\/\/www.google.com\/url?rct=j&amp;sa=t&amp;url=https:\/\/www.lamarea.com\/2020\/02\/06\/frida-kahlo-y-el-che\/&amp;ct=ga&amp;cd=CAEYBioTMjE2OTAxNjQxMzI0MzcxMzQwODIZYzAzNzJlYmMyZmVhZGE1OTplczplczpFUw&amp;usg=AFQjCNGNh0etaoKSqtcCtQQXUQlQdBB4jw\">Frida Kahlo (y el Che) <\/a>&#8211; La Marea<\/p>\n<p><strong>Violencia<\/strong><\/p>\n<p><a href=\"https:\/\/www.20minutos.es\/noticia\/4143172\/0\/sanidad-detecta-34-casos-de-mutilacion-genital-femenina-en-la-comunitat-en-2019-tres-de-ellos-pediatricos\/\">Sanidad detecta 34 casos de mutilaci\u00f3n genital femenina en la Comunidad Valenciana&#8230;<\/a>&#8211; 20minutos<\/p>\n<p><u><a href=\"https:\/\/www.google.com\/url?rct=j&amp;sa=t&amp;url=https:\/\/www.elcomercio.es\/gijon\/crimen-lorena-desvela-necesidad-controlar-reincidentes-20200208001645-ntvo.html&amp;ct=ga&amp;cd=CAEYACoUMTQwNjgxMDg4OTU3Mzg5NDI4NTMyGWUyZGVmYTdkNWRhOTE1N2Q6ZXM6ZXM6RVM&amp;usg=AFQjCNGEZLnOKBXXmRV84VBlruFDwVJxZg\">Crimen de Gij\u00f3n | El asesinato de Lorena evidencia la necesidad de controlar a los reincidentes <\/a><\/u>&#8211; El Comercio Digital<\/p>\n<p><u><a href=\"https:\/\/www.google.com\/url?rct=j&amp;sa=t&amp;url=https:\/\/www.eldiario.es\/canariasahora\/sociedad\/discapacidad-intelectual-vulnerables-violencia-machista_0_993201198.html&amp;ct=ga&amp;cd=CAEYAyoTMzI2MjQ3NzIwOTYzNjQwNzY0MTIZYzAzNzJlYmMyZmVhZGE1OTplczplczpFUw&amp;usg=AFQjCNE8n5cXcRkQ6i48ypU3dPeupRastA\">Las mujeres con discapacidad intelectual, m\u00e1s vulnerables ante la violencia machista: \u201cT\u00fa est\u00e1s &#8230; <\/a><\/u>&#8211; <a href=\"http:\/\/eldiario.es\">eldiario.es<\/a><\/p>\n<p><a href=\"http:\/\/www.rtve.es\/noticias\/20200208\/muere-asesinada-mujer-granada-apunalada-presuntamente-su-expareja\/2000040.shtml\">Asesinadas dos mujere<em>s<\/em> en Lugo y en Granada en dos &#8230;<\/a>&#8211; RTVE<\/p>\n<p><strong>Ciencia y Cultura<\/strong><\/p>\n<p><a href=\"https:\/\/www.mujeremprendedora.net\/nace-inspiring-girls-american-space-club\/\">Nace Inspiring Girls American Space Club<\/a> \u2013 Mujeremprendedora.net<\/p>\n<p><a href=\"https:\/\/www.google.com\/url?rct=j&amp;sa=t&amp;url=https:\/\/www.diarioinformacion.com\/elche\/2020\/02\/08\/angela-nieto-ingresa-real-academia\/2232529.html&amp;ct=ga&amp;cd=CAEYASoUMTAyOTI1MjcwOTYwODQ4MTAxNjYyGWMwMzcyZWJjMmZlYWRhNTk6ZXM6ZXM6RVM&amp;usg=AFQjCNGMo9LcBlex5IpOGRdxKCDW8dlJBQ\">\u00c1ngela Nieto ingresa en la Real Academia de las Ciencias Exactas <\/a>&#8211; Informaci\u00f3n<\/p>\n<p><a href=\"https:\/\/www.google.com\/url?rct=j&amp;sa=t&amp;url=https:\/\/www.eldiario.es\/tecnologia\/Puertas-violetas-techos-cristal-ciencia_0_993900752.html&amp;ct=ga&amp;cd=CAEYASoTMzIzNzc4MzYwNjM5NDU5MDIyNzIZYzAzNzJlYmMyZmVhZGE1OTplczplczpFUw&amp;usg=AFQjCNGkw6xnlydkjiMS4VxcPb8MDXAf_g\">Puertas violetas contra techos de cristal en la ciencia <\/a>&#8211; <a href=\"http:\/\/eldiario.es\">eldiario.es<\/a><\/p>\n<p><a href=\"https:\/\/www.google.com\/url?rct=j&amp;sa=t&amp;url=https:\/\/www.heraldo.es\/noticias\/aragon\/zaragoza\/2020\/02\/09\/rescatan-del-olvido-a-la-autora-del-primer-texto-cientifico-de-una-mujer-en-espana-1357889.html&amp;ct=ga&amp;cd=CAEYACoTNTA5MTU5MzE0MjAxMzE5OTUwMzIZYzAzNzJlYmMyZmVhZGE1OTplczplczpFUw&amp;usg=AFQjCNFRy0fxK1Q_0Y0PbN8ipRrfaJoeiA\">Rescatan del olvido el primer texto cient\u00edfico escrito por una mujer en Espa\u00f1a, Mar\u00eda Andresa Casamayor\u2026 <\/a>&#8211; Heraldo.es<\/p>\n<p><a href=\"https:\/\/www.google.com\/url?rct=j&amp;sa=t&amp;url=http:\/\/latamuda.com\/llega-la-iii-edicion-del-festival-de-cine-hecho-por-mujeres&amp;ct=ga&amp;cd=CAEYASoUMTQ5ODMwMDQ0MzAyMDk0MTM2OTcyGWMwMzcyZWJjMmZlYWRhNTk6ZXM6ZXM6RVM&amp;usg=AFQjCNHRpbWqVWB2Sb1FvghkiaSHt2v-WQ\">Llega la III edici\u00f3n del Festival de cine hecho por Mujeres <\/a><em>&#8211;<\/em> <a href=\"http:\/\/latamuda.com\">latamuda.com<\/a><\/p>\n<p><u><a href=\"https:\/\/www.google.com\/url?rct=j&amp;sa=t&amp;url=https:\/\/www.heraldo.es\/noticias\/aragon\/huesca\/2020\/02\/06\/edurne-pasaban-acude-a-huesca-como-invitada-del-banff-mountain-film-festival-1357344.html&amp;ct=ga&amp;cd=CAEYACoTMjczODM1MjY5MjY4NTA5Njk5NjIZYzAzNzJlYmMyZmVhZGE1OTplczplczpFUw&amp;usg=AFQjCNHfspX5mSSNZuAgBiMm4eEoynPP0A\">Edurne Pasaban acude a Huesca como invitada del Banff Mountain Film Festival <\/a><\/u>&#8211; Heraldo.es<\/p>\n<p><u><a href=\"https:\/\/elpais.com\/cultura\/2020\/02\/03\/actualidad\/1580728071_390832.html\">Homenaje a Mar\u00eda Moliner, la mujer que construy\u00f3 un diccionario con fichas diminutas &#8230;<\/a><\/u><em><u>&#8211;<\/u><\/em> El Pa\u00eds<\/p>\n<p><u><a href=\"https:\/\/www.google.com\/url?rct=j&amp;sa=t&amp;url=https:\/\/toledodiario.es\/galeria-mujeres-en-la-musica-o-la-iniciativa-para-senalar-el-machismo-en-este-sector\/&amp;ct=ga&amp;cd=CAEYACoUMTYwNjM0ODgyNDM4OTQxMzMwODAyGWMwMzcyZWJjMmZlYWRhNTk6ZXM6ZXM6RVM&amp;usg=AFQjCNG4AGNtENRxYYX6kXcgZRnsLITNlw\">&#8216;Mujeres en la m\u00fasica&#8217; o la iniciativa para se\u00f1alar el machismo en este sector <\/a><em>&#8211;<\/em><\/u> Toledodiario<strong>\u00a0<\/strong><\/p>\n<p><strong>Deporte<\/strong><\/p>\n<p><a href=\"https:\/\/www.lavanguardia.com\/deportes\/tenis\/20200208\/473360773442\/espana-copa-federacion-carla-suarez-japon.html\">Carla Su\u00e1rez da a Espa\u00f1a el pase a la final de la Copa Federaci\u00f3n &#8230;<\/a>&#8211; La Vanguardia<\/p>\n<p><a href=\"http:\/\/www.rtvc.es\/deportes\/la-seleccion-espanola-femenina-de-baloncesto-logra-su-billete-para-tokio-209084.aspx\">La selecci\u00f3n espa\u00f1ola femenina de baloncesto logra su billete para tokio &#8230;<\/a>&#8211; RTVC.es<\/p>\n<p>[\/toggle]<\/p>\n<p>[toggle type=\u00bbfirst\u00bb title=\u00bbInternacional\u00bb]<\/p>\n<p><a href=\"https:\/\/www.google.com\/url?rct=j&amp;sa=t&amp;url=https:\/\/www.infobae.com\/campo\/2020\/02\/08\/susana-mirassou-nueva-presidenta-del-inta-asumo-esta-funcion-con-gran-conviccion-y-entrega-para-empezar-a-recorrer-un-nuevo-camino\/&amp;ct=ga&amp;cd=CAEYACoTMTcwNTIwNzQ3NjU3ODEwNDkwNjIZZTFlNzdkMTU2MDk4YThlMzplczplczpFUw&amp;usg=AFQjCNFbPkqeuPvgR3O-A-pwyMRE6dmeaA\">Susana Mirassou, nueva presidenta del INTA: \u201cAsumo esta funci\u00f3n con gran convicci\u00f3n y entrega &#8230; <\/a>&#8211; Infobae.com<\/p>\n<p><a href=\"https:\/\/www.google.com\/url?rct=j&amp;sa=t&amp;url=https:\/\/www.ondacero.es\/programas\/la-brujula\/audios-podcast\/igualdad-brexit-mujer_202002065e3c726e0cf2b9cbd6fa6687.html&amp;ct=ga&amp;cd=CAEYACoTMzA2MTEyMzEyNTQ5MTEyODU3OTIZYzAzNzJlYmMyZmVhZGE1OTplczplczpFUw&amp;usg=AFQjCNGDgmyM1BRFkDM6XXTaMFIV8Glv0g\">En igualdad: \u00bfC\u00f3mo va a afectar el Brexit a la mujer? <\/a>&#8211; Ondacero<\/p>\n<p><a href=\"https:\/\/www.google.com\/url?rct=j&amp;sa=t&amp;url=https:\/\/www.20minutos.com\/noticia\/267184\/0\/fernandez-promete-acabar-con-aborto-clandestino-en-argentina\/&amp;ct=ga&amp;cd=CAEYAyoUMTMzNTIwODQ3Nzk4NzU1NDk1ODUyGWMwMzcyZWJjMmZlYWRhNTk6ZXM6ZXM6RVM&amp;usg=AFQjCNF1nUJzEthtd-qH7CmhFoqwRaaJaw\">Fern\u00e1ndez promete acabar con aborto clandestino en Argentina- <\/a><a href=\"http:\/\/20minutos.com\">20minutos.com<\/a><\/p>\n<p><a href=\"https:\/\/www.google.com\/url?rct=j&amp;sa=t&amp;url=https:\/\/www.ideal.es\/sociedad\/hillary-clinton-abandera-20200206220936-nt.html&amp;ct=ga&amp;cd=CAEYACoUMTQwOTQ0MTE5OTM3OTM1MTU1MDMyGWUxZTc3ZDE1NjA5OGE4ZTM6ZXM6ZXM6RVM&amp;usg=AFQjCNFxkmE0213ybHh6FkHfIuheXpYk4g\">Hillary Clinton abandera la cumbre de las mujeres <\/a>&#8211; Ideal Digital<\/p>\n<p><a href=\"https:\/\/www.google.com\/url?rct=j&amp;sa=t&amp;url=https:\/\/www.bbc.com\/mundo\/noticias-51409361&amp;ct=ga&amp;cd=CAEYACoUMTA1MzU4NTI3MjU3OTMwNTExMTkyGWMwMzcyZWJjMmZlYWRhNTk6ZXM6ZXM6RVM&amp;usg=AFQjCNGku3fDcl9bIZ2spmywCFctKsNlLA\">El hallazgo en M\u00e9xico de los restos de \u00abIxchel\u00bb, una mujer de hace 10.000 a\u00f1os, que cuestiona lo &#8230; <\/a>&#8211; BBC Mundo<\/p>\n<p><a href=\"https:\/\/www.google.com\/url?rct=j&amp;sa=t&amp;url=https:\/\/www.cineuropa.org\/es\/interview\/384837\/&amp;ct=ga&amp;cd=CAEYBCoUMTMzNTIwODQ3Nzk4NzU1NDk1ODUyGWMwMzcyZWJjMmZlYWRhNTk6ZXM6ZXM6RVM&amp;usg=AFQjCNHfpE06Jo05lzaKYI1uh1PaWZoA2g\">Anna Serner \u2022 Directora, Swedish Film Institute <\/a>&#8211; Cineuropa<\/p>\n<p><a href=\"http:\/\/www.rtve.es\/television\/20200210\/natalie-portman-capa-dior-bordado-nombres-directoras-mensaje-feminista\/2000221.shtml\">Natalie Portman y su capa con bordados feministas<\/a>&#8211; Rtve<\/p>\n<p><a href=\"https:\/\/www.tonica.la\/lux\/Renee-Zellweger-gana-el-Oscar-como-Mejor-Actriz-20200209-0020.html\">Renee Zellweger gana el Oscar como Mejor Actriz<\/a>&#8211; T\u00f3nica<\/p>\n<p>[\/toggle]<\/p>\n<\/div>\n<\/div>\n<\/div>\n<\/div>\n<\/div>\n<\/div>\n","protected":false},"excerpt":{"rendered":"<p>Igualdad traslada al relator de la ONU para la extrema <a href=\"https:\/\/cklcomunicaciones.es\/coop\/noticias-info-ckl-no-2-419-10-02-20\/\">[&#8230;]<\/a><\/p>\n","protected":false},"author":3,"featured_media":0,"comment_status":"closed","ping_status":"closed","sticky":false,"template":"","format":"standard","meta":{"footnotes":""},"categories":[298,623],"tags":[],"class_list":["post-14834","post","type-post","status-publish","format-standard","hentry","category-newsletter","category-nwl-2-0"],"yoast_head":"<!-- This site is optimized with the Yoast SEO plugin v27.4 - https:\/\/yoast.com\/product\/yoast-seo-wordpress\/ -->\n<title>Noticias Info CKL n\u00ba 2.419-10\/02\/20-Comunicar con perspectiva de g\u00e9nero<\/title>\n<meta name=\"description\" content=\"Comunicar con perspectiva de g\u00e9nero: Igualdad traslada al relator de la ONU para la extrema pobreza-Puertas violetas contra techos de cristal en la ciencia-En igualdad: \u00bfC\u00f3mo afectar\u00e1 el Brexit a la mujer?-TRAGEVIC, Red iberoamericana de investigadoras\" \/>\n<meta name=\"robots\" content=\"index, follow, max-snippet:-1, max-image-preview:large, max-video-preview:-1\" \/>\n<link rel=\"canonical\" href=\"https:\/\/cklcomunicaciones.es\/coop\/noticias-info-ckl-no-2-419-10-02-20\/\" \/>\n<meta property=\"og:locale\" content=\"es_ES\" \/>\n<meta property=\"og:type\" content=\"article\" \/>\n<meta property=\"og:title\" content=\"Noticias Info CKL n\u00ba 2.419-10\/02\/20-Comunicar con perspectiva de g\u00e9nero\" \/>\n<meta property=\"og:description\" content=\"Comunicar con perspectiva de g\u00e9nero: Igualdad traslada al relator de la ONU para la extrema pobreza-Puertas violetas contra techos de cristal en la ciencia-En igualdad: \u00bfC\u00f3mo afectar\u00e1 el Brexit a la mujer?-TRAGEVIC, Red iberoamericana de investigadoras\" \/>\n<meta property=\"og:url\" content=\"https:\/\/cklcomunicaciones.es\/coop\/noticias-info-ckl-no-2-419-10-02-20\/\" \/>\n<meta property=\"og:site_name\" content=\"CKL Comunicaciones\" \/>\n<meta property=\"article:published_time\" content=\"2020-02-10T12:45:26+00:00\" \/>\n<meta property=\"article:modified_time\" content=\"2025-01-17T15:42:55+00:00\" \/>\n<meta property=\"og:image\" content=\"https:\/\/cklcomunicaciones.es\/coop\/wp-content\/uploads\/2018\/03\/CKL_comunicacion-con-perspetiva-de-genero.jpg\" \/>\n\t<meta property=\"og:image:width\" content=\"500\" \/>\n\t<meta property=\"og:image:height\" content=\"500\" \/>\n\t<meta property=\"og:image:type\" content=\"image\/jpeg\" \/>\n<meta name=\"author\" content=\"ckl\" \/>\n<meta name=\"twitter:card\" content=\"summary_large_image\" \/>\n<meta name=\"twitter:label1\" content=\"Escrito por\" \/>\n\t<meta name=\"twitter:data1\" content=\"ckl\" \/>\n\t<meta name=\"twitter:label2\" content=\"Tiempo de lectura\" \/>\n\t<meta name=\"twitter:data2\" content=\"6 minutos\" \/>\n<script type=\"application\/ld+json\" class=\"yoast-schema-graph\">{\"@context\":\"https:\\\/\\\/schema.org\",\"@graph\":[{\"@type\":\"Article\",\"@id\":\"https:\\\/\\\/cklcomunicaciones.es\\\/coop\\\/noticias-info-ckl-no-2-419-10-02-20\\\/#article\",\"isPartOf\":{\"@id\":\"https:\\\/\\\/cklcomunicaciones.es\\\/coop\\\/noticias-info-ckl-no-2-419-10-02-20\\\/\"},\"author\":{\"name\":\"ckl\",\"@id\":\"https:\\\/\\\/cklcomunicaciones.es\\\/coop\\\/#\\\/schema\\\/person\\\/929a6837f7626450bbb50cee1aef266e\"},\"headline\":\"Noticias Info CKL n\u00ba 2.419-10\\\/02\\\/20\",\"datePublished\":\"2020-02-10T12:45:26+00:00\",\"dateModified\":\"2025-01-17T15:42:55+00:00\",\"mainEntityOfPage\":{\"@id\":\"https:\\\/\\\/cklcomunicaciones.es\\\/coop\\\/noticias-info-ckl-no-2-419-10-02-20\\\/\"},\"wordCount\":1305,\"image\":{\"@id\":\"https:\\\/\\\/cklcomunicaciones.es\\\/coop\\\/noticias-info-ckl-no-2-419-10-02-20\\\/#primaryimage\"},\"thumbnailUrl\":\"http:\\\/\\\/www.cklcomunicaciones.es\\\/wp-content\\\/uploads\\\/2018\\\/03\\\/CKL_comunicacion-con-perspetiva-de-genero-300x300.jpg\",\"articleSection\":[\"Newsletter\",\"Nwl v2.0\"],\"inLanguage\":\"es\"},{\"@type\":\"WebPage\",\"@id\":\"https:\\\/\\\/cklcomunicaciones.es\\\/coop\\\/noticias-info-ckl-no-2-419-10-02-20\\\/\",\"url\":\"https:\\\/\\\/cklcomunicaciones.es\\\/coop\\\/noticias-info-ckl-no-2-419-10-02-20\\\/\",\"name\":\"Noticias Info CKL n\u00ba 2.419-10\\\/02\\\/20-Comunicar con perspectiva de g\u00e9nero\",\"isPartOf\":{\"@id\":\"https:\\\/\\\/cklcomunicaciones.es\\\/coop\\\/#website\"},\"primaryImageOfPage\":{\"@id\":\"https:\\\/\\\/cklcomunicaciones.es\\\/coop\\\/noticias-info-ckl-no-2-419-10-02-20\\\/#primaryimage\"},\"image\":{\"@id\":\"https:\\\/\\\/cklcomunicaciones.es\\\/coop\\\/noticias-info-ckl-no-2-419-10-02-20\\\/#primaryimage\"},\"thumbnailUrl\":\"http:\\\/\\\/www.cklcomunicaciones.es\\\/wp-content\\\/uploads\\\/2018\\\/03\\\/CKL_comunicacion-con-perspetiva-de-genero-300x300.jpg\",\"datePublished\":\"2020-02-10T12:45:26+00:00\",\"dateModified\":\"2025-01-17T15:42:55+00:00\",\"author\":{\"@id\":\"https:\\\/\\\/cklcomunicaciones.es\\\/coop\\\/#\\\/schema\\\/person\\\/929a6837f7626450bbb50cee1aef266e\"},\"description\":\"Comunicar con perspectiva de g\u00e9nero: Igualdad traslada al relator de la ONU para la extrema pobreza-Puertas violetas contra techos de cristal en la ciencia-En igualdad: \u00bfC\u00f3mo afectar\u00e1 el Brexit a la mujer?-TRAGEVIC, Red iberoamericana de investigadoras\",\"breadcrumb\":{\"@id\":\"https:\\\/\\\/cklcomunicaciones.es\\\/coop\\\/noticias-info-ckl-no-2-419-10-02-20\\\/#breadcrumb\"},\"inLanguage\":\"es\",\"potentialAction\":[{\"@type\":\"ReadAction\",\"target\":[\"https:\\\/\\\/cklcomunicaciones.es\\\/coop\\\/noticias-info-ckl-no-2-419-10-02-20\\\/\"]}]},{\"@type\":\"ImageObject\",\"inLanguage\":\"es\",\"@id\":\"https:\\\/\\\/cklcomunicaciones.es\\\/coop\\\/noticias-info-ckl-no-2-419-10-02-20\\\/#primaryimage\",\"url\":\"http:\\\/\\\/www.cklcomunicaciones.es\\\/wp-content\\\/uploads\\\/2018\\\/03\\\/CKL_comunicacion-con-perspetiva-de-genero-300x300.jpg\",\"contentUrl\":\"http:\\\/\\\/www.cklcomunicaciones.es\\\/wp-content\\\/uploads\\\/2018\\\/03\\\/CKL_comunicacion-con-perspetiva-de-genero-300x300.jpg\"},{\"@type\":\"BreadcrumbList\",\"@id\":\"https:\\\/\\\/cklcomunicaciones.es\\\/coop\\\/noticias-info-ckl-no-2-419-10-02-20\\\/#breadcrumb\",\"itemListElement\":[{\"@type\":\"ListItem\",\"position\":1,\"name\":\"Portada\",\"item\":\"https:\\\/\\\/cklcomunicaciones.es\\\/coop\\\/\"},{\"@type\":\"ListItem\",\"position\":2,\"name\":\"Noticias Info CKL n\u00ba 2.419-10\\\/02\\\/20\"}]},{\"@type\":\"WebSite\",\"@id\":\"https:\\\/\\\/cklcomunicaciones.es\\\/coop\\\/#website\",\"url\":\"https:\\\/\\\/cklcomunicaciones.es\\\/coop\\\/\",\"name\":\"CKL Comunicaciones\",\"description\":\"Sitio web de CKL Comunicaciones coop , la consultora de comunicaci\u00f3n y estrategia\",\"potentialAction\":[{\"@type\":\"SearchAction\",\"target\":{\"@type\":\"EntryPoint\",\"urlTemplate\":\"https:\\\/\\\/cklcomunicaciones.es\\\/coop\\\/?s={search_term_string}\"},\"query-input\":{\"@type\":\"PropertyValueSpecification\",\"valueRequired\":true,\"valueName\":\"search_term_string\"}}],\"inLanguage\":\"es\"},{\"@type\":\"Person\",\"@id\":\"https:\\\/\\\/cklcomunicaciones.es\\\/coop\\\/#\\\/schema\\\/person\\\/929a6837f7626450bbb50cee1aef266e\",\"name\":\"ckl\",\"image\":{\"@type\":\"ImageObject\",\"inLanguage\":\"es\",\"@id\":\"https:\\\/\\\/secure.gravatar.com\\\/avatar\\\/c82db564e8a669bf6023357a157b9dc4780f4d4c618f2ad1d71a6a5dede45057?s=96&d=mm&r=g\",\"url\":\"https:\\\/\\\/secure.gravatar.com\\\/avatar\\\/c82db564e8a669bf6023357a157b9dc4780f4d4c618f2ad1d71a6a5dede45057?s=96&d=mm&r=g\",\"contentUrl\":\"https:\\\/\\\/secure.gravatar.com\\\/avatar\\\/c82db564e8a669bf6023357a157b9dc4780f4d4c618f2ad1d71a6a5dede45057?s=96&d=mm&r=g\",\"caption\":\"ckl\"},\"url\":\"https:\\\/\\\/cklcomunicaciones.es\\\/coop\\\/author\\\/cklcomunicaciones\\\/\"}]}<\/script>\n<!-- \/ Yoast SEO plugin. -->","yoast_head_json":{"title":"Noticias Info CKL n\u00ba 2.419-10\/02\/20-Comunicar con perspectiva de g\u00e9nero","description":"Comunicar con perspectiva de g\u00e9nero: Igualdad traslada al relator de la ONU para la extrema pobreza-Puertas violetas contra techos de cristal en la ciencia-En igualdad: \u00bfC\u00f3mo afectar\u00e1 el Brexit a la mujer?-TRAGEVIC, Red iberoamericana de investigadoras","robots":{"index":"index","follow":"follow","max-snippet":"max-snippet:-1","max-image-preview":"max-image-preview:large","max-video-preview":"max-video-preview:-1"},"canonical":"https:\/\/cklcomunicaciones.es\/coop\/noticias-info-ckl-no-2-419-10-02-20\/","og_locale":"es_ES","og_type":"article","og_title":"Noticias Info CKL n\u00ba 2.419-10\/02\/20-Comunicar con perspectiva de g\u00e9nero","og_description":"Comunicar con perspectiva de g\u00e9nero: Igualdad traslada al relator de la ONU para la extrema pobreza-Puertas violetas contra techos de cristal en la ciencia-En igualdad: \u00bfC\u00f3mo afectar\u00e1 el Brexit a la mujer?-TRAGEVIC, Red iberoamericana de investigadoras","og_url":"https:\/\/cklcomunicaciones.es\/coop\/noticias-info-ckl-no-2-419-10-02-20\/","og_site_name":"CKL Comunicaciones","article_published_time":"2020-02-10T12:45:26+00:00","article_modified_time":"2025-01-17T15:42:55+00:00","og_image":[{"width":500,"height":500,"url":"https:\/\/cklcomunicaciones.es\/coop\/wp-content\/uploads\/2018\/03\/CKL_comunicacion-con-perspetiva-de-genero.jpg","type":"image\/jpeg"}],"author":"ckl","twitter_card":"summary_large_image","twitter_misc":{"Escrito por":"ckl","Tiempo de lectura":"6 minutos"},"schema":{"@context":"https:\/\/schema.org","@graph":[{"@type":"Article","@id":"https:\/\/cklcomunicaciones.es\/coop\/noticias-info-ckl-no-2-419-10-02-20\/#article","isPartOf":{"@id":"https:\/\/cklcomunicaciones.es\/coop\/noticias-info-ckl-no-2-419-10-02-20\/"},"author":{"name":"ckl","@id":"https:\/\/cklcomunicaciones.es\/coop\/#\/schema\/person\/929a6837f7626450bbb50cee1aef266e"},"headline":"Noticias Info CKL n\u00ba 2.419-10\/02\/20","datePublished":"2020-02-10T12:45:26+00:00","dateModified":"2025-01-17T15:42:55+00:00","mainEntityOfPage":{"@id":"https:\/\/cklcomunicaciones.es\/coop\/noticias-info-ckl-no-2-419-10-02-20\/"},"wordCount":1305,"image":{"@id":"https:\/\/cklcomunicaciones.es\/coop\/noticias-info-ckl-no-2-419-10-02-20\/#primaryimage"},"thumbnailUrl":"http:\/\/www.cklcomunicaciones.es\/wp-content\/uploads\/2018\/03\/CKL_comunicacion-con-perspetiva-de-genero-300x300.jpg","articleSection":["Newsletter","Nwl v2.0"],"inLanguage":"es"},{"@type":"WebPage","@id":"https:\/\/cklcomunicaciones.es\/coop\/noticias-info-ckl-no-2-419-10-02-20\/","url":"https:\/\/cklcomunicaciones.es\/coop\/noticias-info-ckl-no-2-419-10-02-20\/","name":"Noticias Info CKL n\u00ba 2.419-10\/02\/20-Comunicar con perspectiva de g\u00e9nero","isPartOf":{"@id":"https:\/\/cklcomunicaciones.es\/coop\/#website"},"primaryImageOfPage":{"@id":"https:\/\/cklcomunicaciones.es\/coop\/noticias-info-ckl-no-2-419-10-02-20\/#primaryimage"},"image":{"@id":"https:\/\/cklcomunicaciones.es\/coop\/noticias-info-ckl-no-2-419-10-02-20\/#primaryimage"},"thumbnailUrl":"http:\/\/www.cklcomunicaciones.es\/wp-content\/uploads\/2018\/03\/CKL_comunicacion-con-perspetiva-de-genero-300x300.jpg","datePublished":"2020-02-10T12:45:26+00:00","dateModified":"2025-01-17T15:42:55+00:00","author":{"@id":"https:\/\/cklcomunicaciones.es\/coop\/#\/schema\/person\/929a6837f7626450bbb50cee1aef266e"},"description":"Comunicar con perspectiva de g\u00e9nero: Igualdad traslada al relator de la ONU para la extrema pobreza-Puertas violetas contra techos de cristal en la ciencia-En igualdad: \u00bfC\u00f3mo afectar\u00e1 el Brexit a la mujer?-TRAGEVIC, Red iberoamericana de investigadoras","breadcrumb":{"@id":"https:\/\/cklcomunicaciones.es\/coop\/noticias-info-ckl-no-2-419-10-02-20\/#breadcrumb"},"inLanguage":"es","potentialAction":[{"@type":"ReadAction","target":["https:\/\/cklcomunicaciones.es\/coop\/noticias-info-ckl-no-2-419-10-02-20\/"]}]},{"@type":"ImageObject","inLanguage":"es","@id":"https:\/\/cklcomunicaciones.es\/coop\/noticias-info-ckl-no-2-419-10-02-20\/#primaryimage","url":"http:\/\/www.cklcomunicaciones.es\/wp-content\/uploads\/2018\/03\/CKL_comunicacion-con-perspetiva-de-genero-300x300.jpg","contentUrl":"http:\/\/www.cklcomunicaciones.es\/wp-content\/uploads\/2018\/03\/CKL_comunicacion-con-perspetiva-de-genero-300x300.jpg"},{"@type":"BreadcrumbList","@id":"https:\/\/cklcomunicaciones.es\/coop\/noticias-info-ckl-no-2-419-10-02-20\/#breadcrumb","itemListElement":[{"@type":"ListItem","position":1,"name":"Portada","item":"https:\/\/cklcomunicaciones.es\/coop\/"},{"@type":"ListItem","position":2,"name":"Noticias Info CKL n\u00ba 2.419-10\/02\/20"}]},{"@type":"WebSite","@id":"https:\/\/cklcomunicaciones.es\/coop\/#website","url":"https:\/\/cklcomunicaciones.es\/coop\/","name":"CKL Comunicaciones","description":"Sitio web de CKL Comunicaciones coop , la consultora de comunicaci\u00f3n y estrategia","potentialAction":[{"@type":"SearchAction","target":{"@type":"EntryPoint","urlTemplate":"https:\/\/cklcomunicaciones.es\/coop\/?s={search_term_string}"},"query-input":{"@type":"PropertyValueSpecification","valueRequired":true,"valueName":"search_term_string"}}],"inLanguage":"es"},{"@type":"Person","@id":"https:\/\/cklcomunicaciones.es\/coop\/#\/schema\/person\/929a6837f7626450bbb50cee1aef266e","name":"ckl","image":{"@type":"ImageObject","inLanguage":"es","@id":"https:\/\/secure.gravatar.com\/avatar\/c82db564e8a669bf6023357a157b9dc4780f4d4c618f2ad1d71a6a5dede45057?s=96&d=mm&r=g","url":"https:\/\/secure.gravatar.com\/avatar\/c82db564e8a669bf6023357a157b9dc4780f4d4c618f2ad1d71a6a5dede45057?s=96&d=mm&r=g","contentUrl":"https:\/\/secure.gravatar.com\/avatar\/c82db564e8a669bf6023357a157b9dc4780f4d4c618f2ad1d71a6a5dede45057?s=96&d=mm&r=g","caption":"ckl"},"url":"https:\/\/cklcomunicaciones.es\/coop\/author\/cklcomunicaciones\/"}]}},"_links":{"self":[{"href":"https:\/\/cklcomunicaciones.es\/coop\/wp-json\/wp\/v2\/posts\/14834","targetHints":{"allow":["GET"]}}],"collection":[{"href":"https:\/\/cklcomunicaciones.es\/coop\/wp-json\/wp\/v2\/posts"}],"about":[{"href":"https:\/\/cklcomunicaciones.es\/coop\/wp-json\/wp\/v2\/types\/post"}],"author":[{"embeddable":true,"href":"https:\/\/cklcomunicaciones.es\/coop\/wp-json\/wp\/v2\/users\/3"}],"replies":[{"embeddable":true,"href":"https:\/\/cklcomunicaciones.es\/coop\/wp-json\/wp\/v2\/comments?post=14834"}],"version-history":[{"count":0,"href":"https:\/\/cklcomunicaciones.es\/coop\/wp-json\/wp\/v2\/posts\/14834\/revisions"}],"wp:attachment":[{"href":"https:\/\/cklcomunicaciones.es\/coop\/wp-json\/wp\/v2\/media?parent=14834"}],"wp:term":[{"taxonomy":"category","embeddable":true,"href":"https:\/\/cklcomunicaciones.es\/coop\/wp-json\/wp\/v2\/categories?post=14834"},{"taxonomy":"post_tag","embeddable":true,"href":"https:\/\/cklcomunicaciones.es\/coop\/wp-json\/wp\/v2\/tags?post=14834"}],"curies":[{"name":"wp","href":"https:\/\/api.w.org\/{rel}","templated":true}]}}