{"id":14829,"date":"2020-02-06T14:00:32","date_gmt":"2020-02-06T13:00:32","guid":{"rendered":"http:\/\/www.cklcomunicaciones.es\/?p=14829"},"modified":"2025-01-17T16:42:55","modified_gmt":"2025-01-17T15:42:55","slug":"noticias-info-ckl-no-2-418-06-02-20","status":"publish","type":"post","link":"https:\/\/cklcomunicaciones.es\/coop\/noticias-info-ckl-no-2-418-06-02-20\/","title":{"rendered":"Noticias Info CKL n\u00ba 2.418-06\/02\/20"},"content":{"rendered":"<div id=\"pl-14829\"  class=\"panel-layout\" >\n<div id=\"pg-14829-0\"  class=\"panel-grid panel-no-style\"  data-style=\"{&quot;background_image_attachment&quot;:false,&quot;background_display&quot;:&quot;tile&quot;,&quot;cell_alignment&quot;:&quot;flex-start&quot;}\" >\n<div id=\"pgc-14829-0-0\"  class=\"panel-grid-cell\"  data-weight=\"1\" >\n<div id=\"panel-14829-0-0-0\" class=\"so-panel widget widget_sow-editor panel-first-child panel-last-child\" data-index=\"0\" data-style=\"{&quot;background_image_attachment&quot;:false,&quot;background_display&quot;:&quot;tile&quot;}\" >\n<div class=\"so-widget-sow-editor so-widget-sow-editor-base\">\n<div class=\"siteorigin-widget-tinymce textwidget\">\n<p><img decoding=\"async\" class=\"lazyload  wp-image-13726\" src=\"http:\/\/www.cklcomunicaciones.es\/wp-content\/uploads\/2018\/03\/CKL_comunicacion-con-perspetiva-de-genero-300x300.jpg\" data-orig-src=\"http:\/\/www.cklcomunicaciones.es\/wp-content\/uploads\/2018\/03\/CKL_comunicacion-con-perspetiva-de-genero-300x300.jpg\" alt=\"CKL_comunicacion con perspetiva de genero\" width=\"132\" height=\"132\" srcset=\"data:image\/svg+xml,%3Csvg%20xmlns%3D%27http%3A%2F%2Fwww.w3.org%2F2000%2Fsvg%27%20width%3D%27132%27%20height%3D%27132%27%20viewBox%3D%270%200%20132%20132%27%3E%3Crect%20width%3D%27132%27%20height%3D%27132%27%20fill-opacity%3D%220%22%2F%3E%3C%2Fsvg%3E\" data-srcset=\"https:\/\/cklcomunicaciones.es\/coop\/wp-content\/uploads\/2018\/03\/CKL_comunicacion-con-perspetiva-de-genero-150x150.jpg 150w, https:\/\/cklcomunicaciones.es\/coop\/wp-content\/uploads\/2018\/03\/CKL_comunicacion-con-perspetiva-de-genero-300x300.jpg 300w, https:\/\/cklcomunicaciones.es\/coop\/wp-content\/uploads\/2018\/03\/CKL_comunicacion-con-perspetiva-de-genero-450x450.jpg 450w, https:\/\/cklcomunicaciones.es\/coop\/wp-content\/uploads\/2018\/03\/CKL_comunicacion-con-perspetiva-de-genero.jpg 500w\" data-sizes=\"auto\" data-orig-sizes=\"(max-width: 132px) 100vw, 132px\" \/><\/p>\n<p id=\":iv\" class=\"hP\" tabindex=\"-1\" data-thread-perm-id=\"thread-f:1657524128480734501\" data-legacy-thread-id=\"1700b569b4bbad25\"><strong>Red Espa\u00f1ola del Pacto Mundial considera lentos los avances en brecha salarial y techo cristal &#8211; Estudio demuestra v\u00ednculo entre destrucci\u00f3n del medio ambiente y violencia contra mujeres &#8211; CAL homenajea a Carmen de Burgos<\/strong><\/p>\n<p>[toggle type=\u00bbfirst\u00bb title=\u00bbConvocatorias\u00bb]<\/p>\n<ul>\n<li>Cadena Feminista \u201cConstruimos Feminismos\u201d. S\u00e1bado, 8 de febrero en la Plaza de Lavapi\u00e9s (Madrid), a partir de las 11h.<\/li>\n<li><a href=\"http:\/\/www.juntadeandalucia.es\/iam\/catalogo\/doc\/convocatorias\/2020-genero\/SE-Reforma-Codigo-Penal-Delitos-contra-libertad-sexual.pdf\">Charla-Coloquio sobre &#8216;La reforma del C\u00f3digo Penal en materia de delitos contra la libertad sexual&#8217;<\/a>. Asociaci\u00f3n Derecho y Democracia. 17 de febrero de 2020<\/li>\n<li><a href=\"http:\/\/www.juntadeandalucia.es\/iam\/catalogo\/doc\/convocatorias\/2020-genero\/AR-HU-taller-menopausia.jpg\">Taller &#8216;Pausa y cambio. La v\u00eda de la mujer madura&#8217;<\/a>.\u00a0Lourdes Serra y Ana Laan. Del 27 al 29 de marzo de 2020<\/li>\n<li><a href=\"https:\/\/www.lacampana.es\/images\/Anuncios\/SERVICIOS_MUNICIPALES\/CIM\/Dia_Mujer_8_marzo_2020\/Concurso_Relatos\/Bases_Concurso_Relatos_Dia_Internacional_Mujer_2020.pdf\">Concurso de relatos con motivo del &#8216;D\u00eda Internacional de la Mujer&#8217;<\/a>. Ayuntamiento de La Campana (Sevilla). Plazo hasta el 2 de marzo de 2020<\/li>\n<li><a href=\"http:\/\/www.juntadeandalucia.es\/iam\/catalogo\/doc\/convocatorias\/2020-genero\/MA-programa-integracion-inmigrantes.pdf\">Programa de intervenci\u00f3n social para la integraci\u00f3n de la mujer inmigrante<\/a>. Asociaci\u00f3n de Mujeres &#8216;La Mitad del Cielo&#8217;. M\u00e1s informaci\u00f3n en:\u00a0952602727;\u00a0<a href=\"mailto:mitadcielo@hotmail.com\">mitadcielo@hotmail.com<\/a><\/li>\n<li><a href=\"http:\/\/www.juntadeandalucia.es\/iam\/catalogo\/doc\/convocatorias\/2020-genero\/SE-II-ciclo-filminista.pdf\">II Ciclo Filminista 2020<\/a>. Ayuntamiento de Sevilla. 4, 11, 18 y 25 de marzo de 2020<\/li>\n<\/ul>\n<p>[\/toggle]<\/p>\n<p>[toggle type=\u00bbfirst\u00bb title=\u00bbComunicaci\u00f3n\u00bb]<\/p>\n<p><a href=\"https:\/\/www.agorarsc.org\/por-que-el-lenguaje-inclusivo-ha-llegado-para-quedarse-a-pesar-de-la-rae\/\">\u00bfPor qu\u00e9 el lenguaje inclusivo ha llegado para quedarse a pesar de la RAE \u2026-<\/a>agorarsc.org<\/p>\n<p><a href=\"https:\/\/cat.elpais.com\/cat\/2020\/02\/03\/catalunya\/1580744836_071530.html\">Abacus i Carrefour retiren disfresses sexistes de bombera despr\u00e9s d\u2019una allau de queixes<\/a>\u2013 El Pa\u00eds<\/p>\n<p><a href=\"https:\/\/www.google.com\/url?rct=j&amp;sa=t&amp;url=https:\/\/www.nuevatribuna.es\/opinion\/voces-canarias\/permitimos-algunas-fotos-pezones-femeninos-instagram\/20200203165139170738.html&amp;ct=ga&amp;cd=CAEYASoUMTc4MDY2OTM2NjcwMTk2NDEwOTAyGWMwMzcyZWJjMmZlYWRhNTk6ZXM6ZXM6RVM&amp;usg=AFQjCNHjBr5ivZsLDJkwPvRL-mcUxk84lg\">Instagram: \u201cno permitimos algunas fotos de pezones femeninos\u201d\u00a0<\/a>&#8211;\u00a0nuevatribuna.es<\/p>\n<p><a href=\"https:\/\/elpais.com\/economia\/2020\/02\/03\/actualidad\/1580756254_547737.html\">Bruselas planea movilizar 1.600 millones para crear un espacio \u00fanico para los datos<\/a>\u00a0\u2013 El Pa\u00eds<\/p>\n<p><strong>\u00a0<\/strong>[\/toggle]<\/p>\n<p>[toggle type=\u00bbfirst\u00bb title=\u00bbAndaluc\u00eda\u00bb]<\/p>\n<p><strong>Econom\u00eda y Empresas<\/strong><\/p>\n<p><a href=\"https:\/\/www.google.com\/url?rct=j&amp;sa=t&amp;url=https:\/\/m.europapress.es\/esandalucia\/malaga\/noticia-fujitsu-ten-respalda-iniciativa-womandigital-economia-impulso-mujer-sector-tic-20200205114259.html&amp;ct=ga&amp;cd=CAEYACoTNDQ3MjI1NjQ1OTM2ODIyNTQ0NzIZYzAzNzJlYmMyZmVhZGE1OTplczplczpFUw&amp;usg=AFQjCNGN4QqFz7SSyXQh-UxeAmlJu64PMQ\">Fujitsu Ten respalda la iniciativa WomANDigital de Econom\u00eda para el impulso de la mujer en el &#8230;\u00a0<\/a>&#8211;\u00a0Europa Press<\/p>\n<p>&nbsp;<\/p>\n<p><a href=\"https:\/\/www.europapress.es\/andalucia\/malaga-00356\/noticia-abierta-convocatoria-reconocidas-premiar-mujeres-entidades-impulsen-igualdad-genero-20200204131441.html\">Abierta la convocatoria de &#8216;Reconocidas&#8217; para premiar a mujeres y entidades que impulsen la igualdad de g\u00e9nero &#8230;<\/a>&#8211;\u00a0Europa Press<\/p>\n<p><a href=\"https:\/\/www.granadadigital.es\/south-tech-week-2020-celebra-encuentro-previo-mayor-foro-tecnologico-andalucia-granada\/\">South Tech Week 2020 celebra su primer encuentro previo al &#8230;<\/a>&#8211;\u00a0GranadaDigital<\/p>\n<p><a href=\"https:\/\/www.google.com\/url?rct=j&amp;sa=t&amp;url=https:\/\/sevilla.abc.es\/economia\/sevi-paro-andalucia-sube-28156-personas-enero-y-situa-806090-desempleados-202002040931_noticia.html&amp;ct=ga&amp;cd=CAEYACoUMTcxMzY1NTUxNTc5MDE0OTQyNDQyGWQ3OGU1ODc1YTBmMWYyYWM6ZXM6ZXM6RVM&amp;usg=AFQjCNHIpdpE3qudpTjUCqoajnMTqhRppw\">El paro en Andaluc\u00eda sube en 28.156 personas en enero y se sit\u00faa en 806.090 desempleados\u00a0<\/a>&#8211;\u00a0<a href=\"http:\/\/abcdesevilla.es\/\">abcdesevilla.es<\/a><\/p>\n<p><a href=\"https:\/\/www.google.com\/url?rct=j&amp;sa=t&amp;url=https:\/\/www.lavanguardia.com\/local\/sevilla\/20200204\/473287726034\/autonomos--ata-a-destaca-que-andalucia-sume-12292-nuevos-autonomos-en-un-ano-pese-al-descenso-de-enero.html&amp;ct=ga&amp;cd=CAEYAioUMTcxMzY1NTUxNTc5MDE0OTQyNDQyGWQ3OGU1ODc1YTBmMWYyYWM6ZXM6ZXM6RVM&amp;usg=AFQjCNHKpGH7vqMqyjbnVGVCG1wzswEDdQ\">ATA-A destaca que Andaluc\u00eda sume 12.292 nuevos aut\u00f3nomos en un a\u00f1o pese al &#8230;\u00a0<\/a>&#8211;\u00a0La Vanguardia<\/p>\n<p><strong>A<\/strong><strong>ctualidad<\/strong><\/p>\n<p><a href=\"https:\/\/www.google.com\/url?rct=j&amp;sa=t&amp;url=https:\/\/www.lavanguardia.com\/local\/sevilla\/20200204\/473288817378\/la-forense-ines-domenech-del-rio-nueva-directora-del-instituto-de-medicina-legal-de-malaga.html&amp;ct=ga&amp;cd=CAEYACoROTQxNDEwNTQxMDMxNjYxOTYyGWMwMzcyZWJjMmZlYWRhNTk6ZXM6ZXM6RVM&amp;usg=AFQjCNESLcVH0CJASgXhlIQ7ABScokA9vQ\">La forense In\u00e9s Dom\u00e9nech del R\u00edo, nueva directora del Instituto de Medicina Legal de M\u00e1laga\u00a0<\/a>&#8211;\u00a0La Vanguardia<\/p>\n<p><a href=\"https:\/\/www.google.com\/url?rct=j&amp;sa=t&amp;url=https:\/\/www.diariosur.es\/sociedad\/salud\/ultimas-buenas-noticias-20200203105108-nt.html&amp;ct=ga&amp;cd=CAEYAyoTNjkxNTA3MjY5NTU3NTk3MDIyMDIZYzAzNzJlYmMyZmVhZGE1OTplczplczpFUw&amp;usg=AFQjCNFOqSmyzUjqZ4o03CFGNjeeoo4t9g\">Las \u00faltimas buenas noticias en la lucha contra el c\u00e1ncer\u00a0<\/a><u>&#8211;<\/u>\u00a0Sur Digital<\/p>\n<p><a href=\"https:\/\/www.google.com\/url?rct=j&amp;sa=t&amp;url=https:\/\/www.lavanguardia.com\/local\/sevilla\/20200204\/473288747051\/rocio-ruiz-anuncia-la-inminente-constitucion-del-consejo-andaluz-lgtbi.html&amp;ct=ga&amp;cd=CAEYASoTNTIyMzU3MjM1NTM0MzUwOTczNTIbOWFiMWNkZDdlMzY2ZWYzODplczplczpFUzpS&amp;usg=AFQjCNGz5eaRnTK_SqjTfJ4NMncn4yJP-w\">Roc\u00edo Ruiz anuncia la \u00abinminente\u00bb constituci\u00f3n del Consejo Andaluz Lgtbi\u00a0<\/a>&#8211;\u00a0La Vanguardia<\/p>\n<p><a href=\"https:\/\/www.lavanguardia.com\/local\/sevilla\/20200204\/473291789972\/las-cordobesas-que-se-realizan-una-mamografia-esperan-un-mes-menos-para-recibir-los-resultados.html\">Las cordobesas que se realizan una mamograf\u00eda esperan un mes menos &#8230;<\/a>&#8211;\u00a0La Vanguardia<\/p>\n<p><strong>Violencias<\/strong><\/p>\n<p><a href=\"https:\/\/www.europapress.es\/andalucia\/noticia-diputadas-andaluzas-luisa-faneca-beatriz-carrillo-psoe-presidiran-dos-comisiones-congreso-20200204153528.html\">La diputada andaluza Beatriz Carrillo presidir\u00e1 la Comisi\u00f3n de Seguimiento del Pacto contra la Violencia de G\u00e9nero &#8230;<\/a>&#8211;\u00a0Europa Press<\/p>\n<p><a href=\"https:\/\/www.diariocordoba.com\/noticias\/educacion\/unidos-violencia-genero-buzon-violeta-galileo-galilei-ies-sacilis-ejerce-anfitrion_1352224.html\">Un buz\u00f3n violeta en el Galileo Galilei<\/a>\u00a0&#8211;\u00a0Diario C\u00f3rdoba<\/p>\n<p><strong>Ciencia y Cultura<\/strong><\/p>\n<p><a href=\"https:\/\/www.us.es\/actualidad-de-la-us\/sumate-la-foto-por-el-dia-internacional-de-la-mujer-y-la-nina-en-la-ciencia-0\">S\u00famate a la foto por el D\u00eda Internacional de la Mujer y la Ni\u00f1a en la Ciencia\u2026<\/a>\u00a0-us.es<\/p>\n<p><a href=\"https:\/\/www.google.com\/url?rct=j&amp;sa=t&amp;url=https:\/\/sevilla.abc.es\/andalucia\/cordoba\/sevi-visibilidad-y-equilibrio-retos-cultura-hecha-mujeres-202002051136_noticia.html&amp;ct=ga&amp;cd=CAEYACoTOTQ0MzUwNzYxNDY3NDk4NDA0OTIbOWFiMWNkZDdlMzY2ZWYzODplczplczpFUzpS&amp;usg=AFQjCNHvXo2bPRRAREevPPYRO3QNgHni-w\">Visibilidad y equilibrio, los retos de la cultura hecha por mujeres\u00a0<\/a>&#8211;\u00a0ABC C\u00f3rdoba<\/p>\n<p><a href=\"https:\/\/www.google.com\/url?rct=j&amp;sa=t&amp;url=https:\/\/columnacero.com\/andalucia\/38088\/el-parlamento-andaluz-acoge-las-mujeres-y-las-matronas-en-2020\/&amp;ct=ga&amp;cd=CAEYASoUMTU0MjAzODY1NjIxMTUyMjU1NTIyGzlhYjFjZGQ3ZTM2NmVmMzg6ZXM6ZXM6RVM6Ug&amp;usg=AFQjCNHgTakOyns0XGilqxQpJPbiRUD4qQ\">El Parlamento andaluz acoge \u00abLas mujeres y las matronas en 2020\u00bb\u00a0<\/a>&#8211;\u00a0Columna Cero<\/p>\n<p><a href=\"https:\/\/www.google.com\/url?rct=j&amp;sa=t&amp;url=https:\/\/www.lavanguardia.com\/vida\/20200204\/473291329025\/el-centro-andaluz-de-las-letras-homenajea-a-la-periodista-carmen-de-burgos.html&amp;ct=ga&amp;cd=CAEYAioUMTU2NTM5MTMxMTM3ODcxMTQyMDUyGWMwMzcyZWJjMmZlYWRhNTk6ZXM6ZXM6RVM&amp;usg=AFQjCNH6Op4duBol0wA9lyUdAxoEnKbV9Q\">El Centro Andaluz de las Letras rinde homenaje a la periodista Carmen de Burgos en Sevilla\u00a0<\/a>&#8211;\u00a0La Vanguardia<\/p>\n<p><a href=\"https:\/\/www.google.com\/url?rct=j&amp;sa=t&amp;url=https:\/\/www.diariosur.es\/culturas\/cine\/ultimos-exitos-cartelera-20200204160951-nt.html&amp;ct=ga&amp;cd=CAEYAyoTNDg0MzQ5NjAzNTgyMjc0NjgwODIZYzAzNzJlYmMyZmVhZGE1OTplczplczpFUw&amp;usg=AFQjCNG_iu_RdtVTgY9uw9zq9YAn-nuorw\">Los \u00faltimos \u00e9xitos de la cartelera germana, en la nueva Semana de Cine Alem\u00e1n de M\u00e1laga\u00a0<\/a>&#8211; Sur Digital<\/p>\n<p><a href=\"http:\/\/www.juntadeandalucia.es\/presidencia\/portavoz\/149820\/ConsejeriadeCulturayPatrimonioHistorico\/CapitalEuropeadelaCultura\">Del Pozo anuncia un refuerzo en programaci\u00f3n e infraestructuras en Granada con motivo de su aspiraci\u00f3n para ser Capital Europea de la Cultura<\/a>\u00a0\u2013 Oficina del Portavoz<\/p>\n<p><strong>Deporte<\/strong><\/p>\n<p><a href=\"https:\/\/www.diariosur.es\/deportes\/golf\/junta-aumenta-patrocinio-20200205000736-ntvo.html\">La Junta aumenta el patrocinio del Open de Espa\u00f1a\u00a0femenino<\/a>&#8211;\u00a0Sur Digital<\/p>\n<p><a href=\"https:\/\/elfarodeceuta.es\/ana-mur-plata-bronce-master-natacion\/\">Ana Mur, plata y bronce en el m\u00e1ster\u00a0andaluz\u00a0de nataci\u00f3n<\/a>&#8211;\u00a0El Faro de Ceuta<\/p>\n<p><a href=\"https:\/\/www.periodicoelnazareno.es\/todossomosellas\/\">#TodosSomosEllas, lema de la IV Carrera Popular contra la &#8230;<\/a>&#8211;\u00a0Peri\u00f3dico El Nazareno<\/p>\n<p>[\/toggle]<\/p>\n<p>[toggle type=\u00bbfirst\u00bb title=\u00bbEstado\u00bb]<\/p>\n<p><strong>Institucional<\/strong><\/p>\n<p><a href=\"https:\/\/www.google.com\/url?rct=j&amp;sa=t&amp;url=https:\/\/okdiario.com\/espana\/noelia-vera-cesa-como-delegada-violencia-genero-vuelve-ser-nombrada-como-delegada-contra-5119695&amp;ct=ga&amp;cd=CAEYACoUMTU0NDYwMzIxNzg0NTAxODQ0NDUyGWMwMzcyZWJjMmZlYWRhNTk6ZXM6ZXM6RVM&amp;usg=AFQjCNEWbWj5ArvZdtwOYU3Y20TgFiE6Vw\">Noelia Vera cesa como delegada \u201cpara\u00bb la Violencia de G\u00e9nero y vuelve a ser nombrada como delegada \u201ccontra la Violencia de G\u00e9nero\u201d &#8230;\u00a0<\/a>&#8211;\u00a0okdiario.com<\/p>\n<p><strong>Institucional-CCAA<\/strong><\/p>\n<p><a href=\"https:\/\/www.google.com\/url?rct=j&amp;sa=t&amp;url=https:\/\/elfarodemelilla.es\/sate-stes-denuncia-situacion-interinas-docentes-melilla-instituto-mujer\/&amp;ct=ga&amp;cd=CAEYASoTNTQyOTI1MzI4MTQ2Mjc5NTU1MDIZYzAzNzJlYmMyZmVhZGE1OTplczplczpFUw&amp;usg=AFQjCNHSaTJoWTud1c6M6ME6CAzxZv3STg\">SATE-STEs denuncia la situaci\u00f3n de las interinas docentes de Melilla ante el Instituto de la Mujer\u00a0<\/a>&#8211;\u00a0El Faro de Melilla<\/p>\n<p><a href=\"https:\/\/www.google.com\/url?rct=j&amp;sa=t&amp;url=http:\/\/www.lacerca.com\/noticias\/albacete\/blanca-fernandez-sororidad-movimiento-feminista-seguir-luchando-movimientos-496762-1.html&amp;ct=ga&amp;cd=CAEYACoTOTQ3NzE1ODY4MDg5NjMxODc2OTIZYzAzNzJlYmMyZmVhZGE1OTplczplczpFUw&amp;usg=AFQjCNEhu5ASgPV2ItqmSTFFxZGFfbOJoQ\">Blanca Fern\u00e1ndez, directora Instituto de la Mujer de C-LM, pide la \u201cunidad y sororidad\u201d del movimiento feminista para seguir luchando\u00a0<\/a>&#8211;\u00a0La Cerca<\/p>\n<p><a href=\"https:\/\/www.google.com\/url?rct=j&amp;sa=t&amp;url=https:\/\/www.elperiodicodearagon.com\/noticias\/escenarios\/igualdad-genero-resiste-entrar-museos-aragon_1407646.html&amp;ct=ga&amp;cd=CAEYASoUMTU2NTM5MTMxMTM3ODcxMTQyMDUyGWMwMzcyZWJjMmZlYWRhNTk6ZXM6ZXM6RVM&amp;usg=AFQjCNGBr1LToYt6h-JiAiMEQEkTwpdkUg\">La igualdad de g\u00e9nero se resiste a entrar en los museos de Arag\u00f3n\u00a0<\/a>&#8211;\u00a0El Peri\u00f3dico de Arag\u00f3n<\/p>\n<p><a href=\"https:\/\/www.mujeremprendedora.net\/conciencia-mujer-iniciativa-camara-comercio-zaragoza-arame\/\">Conciencia de Mujer, iniciativa de la C\u00e1mara de Comercio de Zaragoza y ARAME\u2026\u00a0<\/a>-mujeremprendedora.net<\/p>\n<p><a href=\"https:\/\/www.google.com\/url?rct=j&amp;sa=t&amp;url=https:\/\/pamplonaactual.com\/alumnas-e-investigadoras-de-la-universidad-de-navarra-difunden-el-papel-de-la-mujer-en-la-ciencia\/&amp;ct=ga&amp;cd=CAEYACoUMTY1ODc5MTM1NDA0MzQwNjM0MjcyGWMwMzcyZWJjMmZlYWRhNTk6ZXM6ZXM6RVM&amp;usg=AFQjCNHGoVtEGwQozULiU4zMJnuVlaJ1IQ\">Alumnas e investigadoras de la Universidad de Navarra difunden el papel de la mujer en la Ciencia\u00a0<\/a>&#8211;\u00a0Pamplona actual<\/p>\n<p><strong>Econom\u00eda y Empresa<\/strong><\/p>\n<p><a href=\"https:\/\/www.agorarsc.org\/la-contribucion-de-la-economia-social-espanola-a-los-ods\/\">La contribuci\u00f3n de la Econom\u00eda Social espa\u00f1ola a los ODS \u2026 &#8211;<\/a>\u00a0agorarsc.org<\/p>\n<p><a href=\"https:\/\/tribunafeminista.elplural.com\/2020\/02\/red-espanola-del-pacto-mundial-considera-lentos-los-avances-en-brecha-salarial-y-techo-de-cristal\/\">Red Espa\u00f1ola del Pacto Mundial considera lentos los avances en brecha salarial y techo cristal \u2026<\/a>\u00a0&#8211;\u00a0tribunafeminista.elplural.com<\/p>\n<p><a href=\"https:\/\/www.mujeremprendedora.net\/she-videojuego-dominar-sesgos-inconscientes-empresa-2\/\">SHE, el videojuego para dominar los sesgos inconscientes en la empresa<\/a>&#8211;\u00a0mujeremprendedora.net<\/p>\n<p><a href=\"https:\/\/cincodias.elpais.com\/cincodias\/2020\/01\/31\/economia\/1580485976_093063.html\">Perfil del trabajador subempleado:\u00a0mujer, titulada superior y &#8230;<\/a>&#8211;\u00a0Cinco D\u00edas<\/p>\n<p><a href=\"https:\/\/www.elmundo.es\/economia\/los-mas-ricos\/2020\/02\/04\/5e3851d5fdddff8e648b45e2.html\">Sol Daurella, l\u00edder de la gran saga catalana<\/a>\u00a0\u2013 El Mundo<\/p>\n<p><strong>Actualidad<\/strong><\/p>\n<p><a href=\"https:\/\/www.google.com\/url?rct=j&amp;sa=t&amp;url=https:\/\/www.esdiario.com\/752257031\/Ciclon-feminista.html&amp;ct=ga&amp;cd=CAEYASoSMjgzMzkxODI0OTA0NTgzMTk0MhllMmRlZmE3ZDVkYTkxNTdkOmVzOmVzOkVT&amp;usg=AFQjCNHAY87lNj5P7uG4IcR2MN0Fr4El1Q\">Cicl\u00f3n feminista\u00a0<\/a>&#8211;\u00a0ESdiario<\/p>\n<p><a href=\"https:\/\/www.elmundo.es\/comunidad-valenciana\/2020\/02\/03\/5e385ec9fc6c83c0198b4725.html\">El 60% de los pacientes de c\u00e1ncer necesita ayuda socioecon\u00f3mica y un 75% psicol\u00f3gica seg\u00fan la AECC<\/a>\u00a0\u2013 El Mundo<\/p>\n<p><strong>Violencias\u00a0<\/strong><\/p>\n<p><a href=\"https:\/\/www.google.com\/url?rct=j&amp;sa=t&amp;url=https:\/\/confilegal.com\/20200203-el-supremo-confirma-la-sancion-de-8-meses-de-suspension-de-empleo-a-un-guardia-civil-que-acoso-y-humillo-a-una-camarera\/&amp;ct=ga&amp;cd=CAEYBSoUMTAzNjY3Nzc1OTY4ODEzMDY4ODIyGWMwMzcyZWJjMmZlYWRhNTk6ZXM6ZXM6RVM&amp;usg=AFQjCNFxJvPgCOV3OHFB_pxs8wNGexuzJg\">El Supremo confirma la sanci\u00f3n de 8 meses de suspensi\u00f3n de empleo a un guardia civil que acoso y humill\u00f3 a una camarera &#8230;\u00a0<\/a>&#8211; Confilegal<\/p>\n<p><a href=\"https:\/\/elpais.com\/sociedad\/2020\/01\/30\/pienso_luego_actuo\/1580386762_950839.html\">18.000 mujeres se exponen a la ablaci\u00f3n en Espa\u00f1a. Esta mujer lucha para evitarlo<\/a>\u00a0\u2013 El Pa\u00eds<\/p>\n<p><a href=\"https:\/\/www.elmundo.es\/espana\/2020\/02\/03\/5e3837ecfdddfff32c8b45d2.html\">La Polic\u00eda busca a la ex pareja de la\u00a0mujer\u00a0muerta en Gij\u00f3n en un posible caso de violencia de g\u00e9nero<\/a>\u00a0\u2013 El Mundo<\/p>\n<p><strong>Ciencia y Cultura<\/strong><\/p>\n<p><a href=\"https:\/\/www.elmundo.es\/comunidad-valenciana\/alicante\/2020\/02\/05\/5e39b6ca21efa0f6698b482f.html\">C\u00e1rmen N\u00e1jera, catedr\u00e1tica de qu\u00edmica: \u00abTardaremos en recuperar lo que hemos perdido en ciencia en estos \u00faltimos a\u00f1os\u00bb<\/a>\u2013 El Mundo<\/p>\n<p><a href=\"https:\/\/www.mujeremprendedora.net\/soledad-lopez-ceron-cbre-proxima-generacion-mujeres-lideres-ciencia-tecnologia\/\">La pr\u00f3xima generaci\u00f3n de mujeres l\u00edderes en ciencia y tecnolog\u00eda<\/a>\u00a0\u2013\u00a0mujeremprendedora.net<\/p>\n<p><a href=\"https:\/\/www.elmundo.es\/yodona\/lifestyle\/2020\/02\/05\/5e395691fc6c8307318b456e.html\">&#8216;Cient\u00edficas: pasado, presente y futuro&#8217;, un c\u00f3mic para divulgar la ciencia con hero\u00ednas reales<\/a>\u00a0\u2013 El Mundo<\/p>\n<p><a href=\"https:\/\/elpais.com\/cultura\/2020\/02\/03\/actualidad\/1580751575_091159.html\">Patricia Urquiola: el esp\u00edritu libre y mestizo del dise\u00f1o<\/a>\u2013 El Pa\u00eds<\/p>\n<p><a href=\"https:\/\/www.elmundo.es\/cultura\/literatura\/2020\/02\/04\/5e384abbfc6c8357498b466e.html\">27\u00a0mujeres\u00a0burras, imperfectas y supremas<\/a>\u00a0\u2013 El Mundo<\/p>\n<p><strong>Deporte<\/strong><\/p>\n<p><a href=\"http:\/\/www.telemadrid.es\/programas\/deporte-de-madrid\/II-edicion-Gala-Mujeres-Deportistas-2-2201499895--20200204090754.html\">II edici\u00f3n de la Gala de Mujeres Deportistas<\/a>\u00a0&#8211;\u00a0Telemadrid<\/p>\n<p><a href=\"https:\/\/www.elcorreo.com\/deporte-femenino-alava\/baloncesto\/espana-rubricar-presencia-20200204211921-nt.html\">Espa\u00f1a, a rubricar su presencia en los Juegos de Tokio 2020<\/a>&#8211;\u00a0El Correo<\/p>\n<p><a href=\"https:\/\/www.elcorreo.com\/deporte-femenino\/futbol\/barca-favorito-aspirantes-20200204192515-nt.html\">Un Bar\u00e7a favorito contra 3 aspirantes a sorprender en la &#8230;<\/a>&#8211;\u00a0El Correo<\/p>\n<p>[\/toggle]<\/p>\n<p>[toggle type=\u00bbfirst\u00bb title=\u00bbInternacional\u00bb]<\/p>\n<p><a href=\"https:\/\/www.google.com\/url?rct=j&amp;sa=t&amp;url=https:\/\/mba.americaeconomia.com\/articulos\/notas\/empresas-con-mas-jefas-las-mejores-para-trabajar-segun-los-empleados&amp;ct=ga&amp;cd=CAEYASoUMTU5MTQ4Mjc3MTEzMjIzNDY3NTIyGWMwMzcyZWJjMmZlYWRhNTk6ZXM6ZXM6RVM&amp;usg=AFQjCNHpMT8yR1nG2b4mAqwpEOuFiLM_kw\">Empresas con m\u00e1s jefas, las mejores para trabajar seg\u00fan los empleados\u00a0<\/a><u>&#8211;<\/u>\u00a0Am\u00e9ricaEconom\u00eda.com<\/p>\n<p><a href=\"https:\/\/www.google.com\/url?rct=j&amp;sa=t&amp;url=https:\/\/mba.americaeconomia.com\/articulos\/notas\/10-recomendaciones-del-bid-para-aumentar-la-participacion-laboral-femenina&amp;ct=ga&amp;cd=CAEYAioUMTgzMTM4Njc5NDEzNTM1NDQwOTgyGWMwMzcyZWJjMmZlYWRhNTk6ZXM6ZXM6RVM&amp;usg=AFQjCNHmuGfXPNG1_63XVyLfRhepOblQ-Q\">10 recomendaciones del BID para aumentar la participaci\u00f3n laboral femenina\u00a0<\/a>&#8211;\u00a0Am\u00e9ricaEconom\u00eda.com<\/p>\n<p><a href=\"https:\/\/www.google.com\/url?rct=j&amp;sa=t&amp;url=https:\/\/www.eldiario.es\/theguardian\/destruccion-medio-ambiente-agrava_0_991801184.html&amp;ct=ga&amp;cd=CAEYASoUMTc0ODgzMDYxODAzOTI1MTYwMzgyGWMwMzcyZWJjMmZlYWRhNTk6ZXM6ZXM6RVM&amp;usg=AFQjCNFgFPWnOYxtRaGqHvQTMomBzinGSw\">Un estudio internacional demuestra el v\u00ednculo entre la destrucci\u00f3n del medio ambiente y la violencia contra las mujeres &#8230;\u00a0<\/a>&#8211;\u00a0eldiario.es<\/p>\n<p><a href=\"https:\/\/t.co\/lrmaDuyI9H\">Fact: Buying sex makes men more prone to violence against women \u2026\u00a0<\/a>-nordicmodelnow.org<\/p>\n<p><a href=\"https:\/\/elpais.com\/elpais\/2020\/01\/31\/planeta_futuro\/1580464623_866882.html\">Los ataques con \u00e1cido a las mujeres indias salpican los cines de Bollywood<\/a>\u00a0\u2013 El Pa\u00eds<\/p>\n<p><a href=\"https:\/\/elpais.com\/elpais\/2020\/01\/27\/ciencia\/1580134761_053478.html\">Linda BirnBaum, cient\u00edfica: \u201cNo hemos sabido comunicar que el cambio clim\u00e1tico perjudica la salud\u201d<\/a>\u00a0\u2013 El Pa\u00eds<\/p>\n<p><a href=\"https:\/\/www.google.com\/url?rct=j&amp;sa=t&amp;url=https:\/\/www.elconfidencial.com\/cultura\/2020-02-04\/camille-paglia-entrevista-sexual-personae_2434175\/&amp;ct=ga&amp;cd=CAEYBCoUMTc0ODgzMDYxODAzOTI1MTYwMzgyGWMwMzcyZWJjMmZlYWRhNTk6ZXM6ZXM6RVM&amp;usg=AFQjCNHVVKqauYECQSHGHdhLEalE4HN16g\">Camille Paglia: \u00abGracias a los hombres, las mujeres tenemos lavadoras\u00bb\u00a0<\/a>&#8211;\u00a0El Confidencial<\/p>\n<p><a href=\"https:\/\/www.infobae.com\/sociedad\/2020\/02\/01\/maria-elena-walsh-cumpliria-90-anos-una-feminista-de-avanzada-que-transgredio-lo-que-se-esperaba-para-una-mujer-de-su-epoca\/\">Mar\u00eda Elena Walsh cumpliria 90 a\u00f1os una feminista de avanzada que transgredio lo que se esperaba para una mujer de su \u00e9poca \u2026<\/a>-infobae.com<\/p>\n<p><a href=\"https:\/\/elpais.com\/cultura\/2020\/02\/03\/actualidad\/1580745534_407017.html\">Margaret Atwood, Ida Vitale y el sonido de los p\u00e1jaros<\/a>\u2013 El Pa\u00eds<\/p>\n<p><a href=\"https:\/\/www.elmundo.es\/yodona\/lifestyle\/2020\/02\/03\/5e37d2c821efa084478b457b.html\">Shakira y Jennifer Lopez reivindican el poder de las\u00a0mujeres\u00a0en la Super Bowl m\u00e1s feminista<\/a>\u00a0\u2013 El Mundo<\/p>\n<p>[\/toggle]<\/p>\n<\/div>\n<\/div>\n<\/div>\n<\/div>\n<\/div>\n<\/div>\n","protected":false},"excerpt":{"rendered":"<p>Red Espa\u00f1ola del Pacto Mundial considera lentos los avances en <a href=\"https:\/\/cklcomunicaciones.es\/coop\/noticias-info-ckl-no-2-418-06-02-20\/\">[&#8230;]<\/a><\/p>\n","protected":false},"author":3,"featured_media":0,"comment_status":"closed","ping_status":"closed","sticky":false,"template":"","format":"standard","meta":{"footnotes":""},"categories":[298,623],"tags":[],"class_list":["post-14829","post","type-post","status-publish","format-standard","hentry","category-newsletter","category-nwl-2-0"],"yoast_head":"<!-- This site is optimized with the Yoast SEO plugin v27.5 - https:\/\/yoast.com\/product\/yoast-seo-wordpress\/ -->\n<title>Noticias Info CKL n\u00ba 2.418-06\/02\/20-Comunicar con perspectiva de g\u00e9nero<\/title>\n<meta name=\"description\" content=\"Comunicar con perspectiva de g\u00e9nero: Red Espa\u00f1ola del Pacto Mundial considera lentos los avances en brecha salarial y techo cristal-Estudio demuestra v\u00ednculo entre destrucci\u00f3n del medio ambiente y violencia contra mujeres-CAL homenajea a Carmen de Burgos\" \/>\n<meta name=\"robots\" content=\"index, follow, max-snippet:-1, max-image-preview:large, max-video-preview:-1\" \/>\n<link rel=\"canonical\" href=\"https:\/\/cklcomunicaciones.es\/coop\/noticias-info-ckl-no-2-418-06-02-20\/\" \/>\n<meta property=\"og:locale\" content=\"es_ES\" \/>\n<meta property=\"og:type\" content=\"article\" \/>\n<meta property=\"og:title\" content=\"Noticias Info CKL n\u00ba 2.418-06\/02\/20-Comunicar con perspectiva de g\u00e9nero\" \/>\n<meta property=\"og:description\" content=\"Comunicar con perspectiva de g\u00e9nero: Red Espa\u00f1ola del Pacto Mundial considera lentos los avances en brecha salarial y techo cristal-Estudio demuestra v\u00ednculo entre destrucci\u00f3n del medio ambiente y violencia contra mujeres-CAL homenajea a Carmen de Burgos\" \/>\n<meta property=\"og:url\" content=\"https:\/\/cklcomunicaciones.es\/coop\/noticias-info-ckl-no-2-418-06-02-20\/\" \/>\n<meta property=\"og:site_name\" content=\"CKL Comunicaciones\" \/>\n<meta property=\"article:published_time\" content=\"2020-02-06T13:00:32+00:00\" \/>\n<meta property=\"article:modified_time\" content=\"2025-01-17T15:42:55+00:00\" \/>\n<meta property=\"og:image\" content=\"https:\/\/cklcomunicaciones.es\/coop\/wp-content\/uploads\/2018\/03\/CKL_comunicacion-con-perspetiva-de-genero.jpg\" \/>\n\t<meta property=\"og:image:width\" content=\"500\" \/>\n\t<meta property=\"og:image:height\" content=\"500\" \/>\n\t<meta property=\"og:image:type\" content=\"image\/jpeg\" \/>\n<meta name=\"author\" content=\"ckl\" \/>\n<meta name=\"twitter:card\" content=\"summary_large_image\" \/>\n<meta name=\"twitter:label1\" content=\"Escrito por\" \/>\n\t<meta name=\"twitter:data1\" content=\"ckl\" \/>\n\t<meta name=\"twitter:label2\" content=\"Tiempo de lectura\" \/>\n\t<meta name=\"twitter:data2\" content=\"6 minutos\" \/>\n<script type=\"application\/ld+json\" class=\"yoast-schema-graph\">{\"@context\":\"https:\\\/\\\/schema.org\",\"@graph\":[{\"@type\":\"Article\",\"@id\":\"https:\\\/\\\/cklcomunicaciones.es\\\/coop\\\/noticias-info-ckl-no-2-418-06-02-20\\\/#article\",\"isPartOf\":{\"@id\":\"https:\\\/\\\/cklcomunicaciones.es\\\/coop\\\/noticias-info-ckl-no-2-418-06-02-20\\\/\"},\"author\":{\"name\":\"ckl\",\"@id\":\"https:\\\/\\\/cklcomunicaciones.es\\\/coop\\\/#\\\/schema\\\/person\\\/929a6837f7626450bbb50cee1aef266e\"},\"headline\":\"Noticias Info CKL n\u00ba 2.418-06\\\/02\\\/20\",\"datePublished\":\"2020-02-06T13:00:32+00:00\",\"dateModified\":\"2025-01-17T15:42:55+00:00\",\"mainEntityOfPage\":{\"@id\":\"https:\\\/\\\/cklcomunicaciones.es\\\/coop\\\/noticias-info-ckl-no-2-418-06-02-20\\\/\"},\"wordCount\":1230,\"image\":{\"@id\":\"https:\\\/\\\/cklcomunicaciones.es\\\/coop\\\/noticias-info-ckl-no-2-418-06-02-20\\\/#primaryimage\"},\"thumbnailUrl\":\"http:\\\/\\\/www.cklcomunicaciones.es\\\/wp-content\\\/uploads\\\/2018\\\/03\\\/CKL_comunicacion-con-perspetiva-de-genero-300x300.jpg\",\"articleSection\":[\"Newsletter\",\"Nwl v2.0\"],\"inLanguage\":\"es\"},{\"@type\":\"WebPage\",\"@id\":\"https:\\\/\\\/cklcomunicaciones.es\\\/coop\\\/noticias-info-ckl-no-2-418-06-02-20\\\/\",\"url\":\"https:\\\/\\\/cklcomunicaciones.es\\\/coop\\\/noticias-info-ckl-no-2-418-06-02-20\\\/\",\"name\":\"Noticias Info CKL n\u00ba 2.418-06\\\/02\\\/20-Comunicar con perspectiva de g\u00e9nero\",\"isPartOf\":{\"@id\":\"https:\\\/\\\/cklcomunicaciones.es\\\/coop\\\/#website\"},\"primaryImageOfPage\":{\"@id\":\"https:\\\/\\\/cklcomunicaciones.es\\\/coop\\\/noticias-info-ckl-no-2-418-06-02-20\\\/#primaryimage\"},\"image\":{\"@id\":\"https:\\\/\\\/cklcomunicaciones.es\\\/coop\\\/noticias-info-ckl-no-2-418-06-02-20\\\/#primaryimage\"},\"thumbnailUrl\":\"http:\\\/\\\/www.cklcomunicaciones.es\\\/wp-content\\\/uploads\\\/2018\\\/03\\\/CKL_comunicacion-con-perspetiva-de-genero-300x300.jpg\",\"datePublished\":\"2020-02-06T13:00:32+00:00\",\"dateModified\":\"2025-01-17T15:42:55+00:00\",\"author\":{\"@id\":\"https:\\\/\\\/cklcomunicaciones.es\\\/coop\\\/#\\\/schema\\\/person\\\/929a6837f7626450bbb50cee1aef266e\"},\"description\":\"Comunicar con perspectiva de g\u00e9nero: Red Espa\u00f1ola del Pacto Mundial considera lentos los avances en brecha salarial y techo cristal-Estudio demuestra v\u00ednculo entre destrucci\u00f3n del medio ambiente y violencia contra mujeres-CAL homenajea a Carmen de Burgos\",\"breadcrumb\":{\"@id\":\"https:\\\/\\\/cklcomunicaciones.es\\\/coop\\\/noticias-info-ckl-no-2-418-06-02-20\\\/#breadcrumb\"},\"inLanguage\":\"es\",\"potentialAction\":[{\"@type\":\"ReadAction\",\"target\":[\"https:\\\/\\\/cklcomunicaciones.es\\\/coop\\\/noticias-info-ckl-no-2-418-06-02-20\\\/\"]}]},{\"@type\":\"ImageObject\",\"inLanguage\":\"es\",\"@id\":\"https:\\\/\\\/cklcomunicaciones.es\\\/coop\\\/noticias-info-ckl-no-2-418-06-02-20\\\/#primaryimage\",\"url\":\"http:\\\/\\\/www.cklcomunicaciones.es\\\/wp-content\\\/uploads\\\/2018\\\/03\\\/CKL_comunicacion-con-perspetiva-de-genero-300x300.jpg\",\"contentUrl\":\"http:\\\/\\\/www.cklcomunicaciones.es\\\/wp-content\\\/uploads\\\/2018\\\/03\\\/CKL_comunicacion-con-perspetiva-de-genero-300x300.jpg\"},{\"@type\":\"BreadcrumbList\",\"@id\":\"https:\\\/\\\/cklcomunicaciones.es\\\/coop\\\/noticias-info-ckl-no-2-418-06-02-20\\\/#breadcrumb\",\"itemListElement\":[{\"@type\":\"ListItem\",\"position\":1,\"name\":\"Portada\",\"item\":\"https:\\\/\\\/cklcomunicaciones.es\\\/coop\\\/\"},{\"@type\":\"ListItem\",\"position\":2,\"name\":\"Noticias Info CKL n\u00ba 2.418-06\\\/02\\\/20\"}]},{\"@type\":\"WebSite\",\"@id\":\"https:\\\/\\\/cklcomunicaciones.es\\\/coop\\\/#website\",\"url\":\"https:\\\/\\\/cklcomunicaciones.es\\\/coop\\\/\",\"name\":\"CKL Comunicaciones\",\"description\":\"Sitio web de CKL Comunicaciones coop , la consultora de comunicaci\u00f3n y estrategia\",\"potentialAction\":[{\"@type\":\"SearchAction\",\"target\":{\"@type\":\"EntryPoint\",\"urlTemplate\":\"https:\\\/\\\/cklcomunicaciones.es\\\/coop\\\/?s={search_term_string}\"},\"query-input\":{\"@type\":\"PropertyValueSpecification\",\"valueRequired\":true,\"valueName\":\"search_term_string\"}}],\"inLanguage\":\"es\"},{\"@type\":\"Person\",\"@id\":\"https:\\\/\\\/cklcomunicaciones.es\\\/coop\\\/#\\\/schema\\\/person\\\/929a6837f7626450bbb50cee1aef266e\",\"name\":\"ckl\",\"image\":{\"@type\":\"ImageObject\",\"inLanguage\":\"es\",\"@id\":\"https:\\\/\\\/secure.gravatar.com\\\/avatar\\\/c82db564e8a669bf6023357a157b9dc4780f4d4c618f2ad1d71a6a5dede45057?s=96&d=mm&r=g\",\"url\":\"https:\\\/\\\/secure.gravatar.com\\\/avatar\\\/c82db564e8a669bf6023357a157b9dc4780f4d4c618f2ad1d71a6a5dede45057?s=96&d=mm&r=g\",\"contentUrl\":\"https:\\\/\\\/secure.gravatar.com\\\/avatar\\\/c82db564e8a669bf6023357a157b9dc4780f4d4c618f2ad1d71a6a5dede45057?s=96&d=mm&r=g\",\"caption\":\"ckl\"},\"url\":\"https:\\\/\\\/cklcomunicaciones.es\\\/coop\\\/author\\\/cklcomunicaciones\\\/\"}]}<\/script>\n<!-- \/ Yoast SEO plugin. -->","yoast_head_json":{"title":"Noticias Info CKL n\u00ba 2.418-06\/02\/20-Comunicar con perspectiva de g\u00e9nero","description":"Comunicar con perspectiva de g\u00e9nero: Red Espa\u00f1ola del Pacto Mundial considera lentos los avances en brecha salarial y techo cristal-Estudio demuestra v\u00ednculo entre destrucci\u00f3n del medio ambiente y violencia contra mujeres-CAL homenajea a Carmen de Burgos","robots":{"index":"index","follow":"follow","max-snippet":"max-snippet:-1","max-image-preview":"max-image-preview:large","max-video-preview":"max-video-preview:-1"},"canonical":"https:\/\/cklcomunicaciones.es\/coop\/noticias-info-ckl-no-2-418-06-02-20\/","og_locale":"es_ES","og_type":"article","og_title":"Noticias Info CKL n\u00ba 2.418-06\/02\/20-Comunicar con perspectiva de g\u00e9nero","og_description":"Comunicar con perspectiva de g\u00e9nero: Red Espa\u00f1ola del Pacto Mundial considera lentos los avances en brecha salarial y techo cristal-Estudio demuestra v\u00ednculo entre destrucci\u00f3n del medio ambiente y violencia contra mujeres-CAL homenajea a Carmen de Burgos","og_url":"https:\/\/cklcomunicaciones.es\/coop\/noticias-info-ckl-no-2-418-06-02-20\/","og_site_name":"CKL Comunicaciones","article_published_time":"2020-02-06T13:00:32+00:00","article_modified_time":"2025-01-17T15:42:55+00:00","og_image":[{"width":500,"height":500,"url":"https:\/\/cklcomunicaciones.es\/coop\/wp-content\/uploads\/2018\/03\/CKL_comunicacion-con-perspetiva-de-genero.jpg","type":"image\/jpeg"}],"author":"ckl","twitter_card":"summary_large_image","twitter_misc":{"Escrito por":"ckl","Tiempo de lectura":"6 minutos"},"schema":{"@context":"https:\/\/schema.org","@graph":[{"@type":"Article","@id":"https:\/\/cklcomunicaciones.es\/coop\/noticias-info-ckl-no-2-418-06-02-20\/#article","isPartOf":{"@id":"https:\/\/cklcomunicaciones.es\/coop\/noticias-info-ckl-no-2-418-06-02-20\/"},"author":{"name":"ckl","@id":"https:\/\/cklcomunicaciones.es\/coop\/#\/schema\/person\/929a6837f7626450bbb50cee1aef266e"},"headline":"Noticias Info CKL n\u00ba 2.418-06\/02\/20","datePublished":"2020-02-06T13:00:32+00:00","dateModified":"2025-01-17T15:42:55+00:00","mainEntityOfPage":{"@id":"https:\/\/cklcomunicaciones.es\/coop\/noticias-info-ckl-no-2-418-06-02-20\/"},"wordCount":1230,"image":{"@id":"https:\/\/cklcomunicaciones.es\/coop\/noticias-info-ckl-no-2-418-06-02-20\/#primaryimage"},"thumbnailUrl":"http:\/\/www.cklcomunicaciones.es\/wp-content\/uploads\/2018\/03\/CKL_comunicacion-con-perspetiva-de-genero-300x300.jpg","articleSection":["Newsletter","Nwl v2.0"],"inLanguage":"es"},{"@type":"WebPage","@id":"https:\/\/cklcomunicaciones.es\/coop\/noticias-info-ckl-no-2-418-06-02-20\/","url":"https:\/\/cklcomunicaciones.es\/coop\/noticias-info-ckl-no-2-418-06-02-20\/","name":"Noticias Info CKL n\u00ba 2.418-06\/02\/20-Comunicar con perspectiva de g\u00e9nero","isPartOf":{"@id":"https:\/\/cklcomunicaciones.es\/coop\/#website"},"primaryImageOfPage":{"@id":"https:\/\/cklcomunicaciones.es\/coop\/noticias-info-ckl-no-2-418-06-02-20\/#primaryimage"},"image":{"@id":"https:\/\/cklcomunicaciones.es\/coop\/noticias-info-ckl-no-2-418-06-02-20\/#primaryimage"},"thumbnailUrl":"http:\/\/www.cklcomunicaciones.es\/wp-content\/uploads\/2018\/03\/CKL_comunicacion-con-perspetiva-de-genero-300x300.jpg","datePublished":"2020-02-06T13:00:32+00:00","dateModified":"2025-01-17T15:42:55+00:00","author":{"@id":"https:\/\/cklcomunicaciones.es\/coop\/#\/schema\/person\/929a6837f7626450bbb50cee1aef266e"},"description":"Comunicar con perspectiva de g\u00e9nero: Red Espa\u00f1ola del Pacto Mundial considera lentos los avances en brecha salarial y techo cristal-Estudio demuestra v\u00ednculo entre destrucci\u00f3n del medio ambiente y violencia contra mujeres-CAL homenajea a Carmen de Burgos","breadcrumb":{"@id":"https:\/\/cklcomunicaciones.es\/coop\/noticias-info-ckl-no-2-418-06-02-20\/#breadcrumb"},"inLanguage":"es","potentialAction":[{"@type":"ReadAction","target":["https:\/\/cklcomunicaciones.es\/coop\/noticias-info-ckl-no-2-418-06-02-20\/"]}]},{"@type":"ImageObject","inLanguage":"es","@id":"https:\/\/cklcomunicaciones.es\/coop\/noticias-info-ckl-no-2-418-06-02-20\/#primaryimage","url":"http:\/\/www.cklcomunicaciones.es\/wp-content\/uploads\/2018\/03\/CKL_comunicacion-con-perspetiva-de-genero-300x300.jpg","contentUrl":"http:\/\/www.cklcomunicaciones.es\/wp-content\/uploads\/2018\/03\/CKL_comunicacion-con-perspetiva-de-genero-300x300.jpg"},{"@type":"BreadcrumbList","@id":"https:\/\/cklcomunicaciones.es\/coop\/noticias-info-ckl-no-2-418-06-02-20\/#breadcrumb","itemListElement":[{"@type":"ListItem","position":1,"name":"Portada","item":"https:\/\/cklcomunicaciones.es\/coop\/"},{"@type":"ListItem","position":2,"name":"Noticias Info CKL n\u00ba 2.418-06\/02\/20"}]},{"@type":"WebSite","@id":"https:\/\/cklcomunicaciones.es\/coop\/#website","url":"https:\/\/cklcomunicaciones.es\/coop\/","name":"CKL Comunicaciones","description":"Sitio web de CKL Comunicaciones coop , la consultora de comunicaci\u00f3n y estrategia","potentialAction":[{"@type":"SearchAction","target":{"@type":"EntryPoint","urlTemplate":"https:\/\/cklcomunicaciones.es\/coop\/?s={search_term_string}"},"query-input":{"@type":"PropertyValueSpecification","valueRequired":true,"valueName":"search_term_string"}}],"inLanguage":"es"},{"@type":"Person","@id":"https:\/\/cklcomunicaciones.es\/coop\/#\/schema\/person\/929a6837f7626450bbb50cee1aef266e","name":"ckl","image":{"@type":"ImageObject","inLanguage":"es","@id":"https:\/\/secure.gravatar.com\/avatar\/c82db564e8a669bf6023357a157b9dc4780f4d4c618f2ad1d71a6a5dede45057?s=96&d=mm&r=g","url":"https:\/\/secure.gravatar.com\/avatar\/c82db564e8a669bf6023357a157b9dc4780f4d4c618f2ad1d71a6a5dede45057?s=96&d=mm&r=g","contentUrl":"https:\/\/secure.gravatar.com\/avatar\/c82db564e8a669bf6023357a157b9dc4780f4d4c618f2ad1d71a6a5dede45057?s=96&d=mm&r=g","caption":"ckl"},"url":"https:\/\/cklcomunicaciones.es\/coop\/author\/cklcomunicaciones\/"}]}},"_links":{"self":[{"href":"https:\/\/cklcomunicaciones.es\/coop\/wp-json\/wp\/v2\/posts\/14829","targetHints":{"allow":["GET"]}}],"collection":[{"href":"https:\/\/cklcomunicaciones.es\/coop\/wp-json\/wp\/v2\/posts"}],"about":[{"href":"https:\/\/cklcomunicaciones.es\/coop\/wp-json\/wp\/v2\/types\/post"}],"author":[{"embeddable":true,"href":"https:\/\/cklcomunicaciones.es\/coop\/wp-json\/wp\/v2\/users\/3"}],"replies":[{"embeddable":true,"href":"https:\/\/cklcomunicaciones.es\/coop\/wp-json\/wp\/v2\/comments?post=14829"}],"version-history":[{"count":0,"href":"https:\/\/cklcomunicaciones.es\/coop\/wp-json\/wp\/v2\/posts\/14829\/revisions"}],"wp:attachment":[{"href":"https:\/\/cklcomunicaciones.es\/coop\/wp-json\/wp\/v2\/media?parent=14829"}],"wp:term":[{"taxonomy":"category","embeddable":true,"href":"https:\/\/cklcomunicaciones.es\/coop\/wp-json\/wp\/v2\/categories?post=14829"},{"taxonomy":"post_tag","embeddable":true,"href":"https:\/\/cklcomunicaciones.es\/coop\/wp-json\/wp\/v2\/tags?post=14829"}],"curies":[{"name":"wp","href":"https:\/\/api.w.org\/{rel}","templated":true}]}}