{"id":14819,"date":"2020-01-29T12:18:45","date_gmt":"2020-01-29T11:18:45","guid":{"rendered":"http:\/\/www.cklcomunicaciones.es\/?p=14819"},"modified":"2020-01-29T12:18:45","modified_gmt":"2020-01-29T11:18:45","slug":"epa-2019-cota-trabajadoras","status":"publish","type":"post","link":"https:\/\/cklcomunicaciones.es\/coop\/epa-2019-cota-trabajadoras\/","title":{"rendered":"EPA: Espa\u00f1a supera en 2019 la cota de 9 millones de trabajadoras"},"content":{"rendered":"<div id=\"pl-14819\"  class=\"panel-layout\" >\n<div id=\"pg-14819-0\"  class=\"panel-grid panel-no-style\"  data-style=\"{&quot;background_display&quot;:&quot;tile&quot;,&quot;cell_alignment&quot;:&quot;flex-start&quot;}\" >\n<div id=\"pgc-14819-0-0\"  class=\"panel-grid-cell panel-grid-cell-mobile-last\"  data-style=\"{&quot;background_display&quot;:&quot;tile&quot;,&quot;vertical_alignment&quot;:&quot;auto&quot;}\"  data-weight=\"0.85\" >\n<div id=\"panel-14819-0-0-0\" class=\"so-panel widget widget_sow-editor panel-first-child panel-last-child\" data-index=\"0\" data-style=\"{&quot;background_image_attachment&quot;:false,&quot;background_display&quot;:&quot;tile&quot;}\" >\n<div class=\"so-widget-sow-editor so-widget-sow-editor-base\">\n<h3 class=\"widget-title\">Invertir en mujeres, una oportunidad de negocio<\/h3>\n<div class=\"siteorigin-widget-tinymce textwidget\">\n<header class=\"article-header\">\n<div class=\"article-header-epigraph\">\n<p><span id=\"familia\" class=\"main\">Uno de los grandes cambios que ha experimentado el mercado laboral espa\u00f1ol en las dos \u00faltimas d\u00e9cadas es el de la <strong><a href=\"https:\/\/www.elconfidencial.com\/economia\/2019-03-08\/huelga-8-marzo-impacto-dia-sin-mujeres-espana_1868214\/\" target=\"_self\" rel=\"noopener noreferrer\">incorporaci\u00f3n de la mujer<\/a><\/strong>. Actualmente, lo normal es que los j\u00f3venes tengan una expectativa de carrera laboral, sea cual sea su sexo, pero esta mentalidad no era as\u00ed hace apenas 30 a\u00f1os. El cambio ha sido muy r\u00e1pido, tanto, que en 2019, por primera vez en la serie hist\u00f3rica, se <strong>super\u00f3 la cota de los nueve millones de mujeres trabajadoras<\/strong> en promedio anual, seg\u00fan los datos de la Encuesta de Poblaci\u00f3n Activa (EPA) publicada el martes.<\/span><\/p>\n<p class=\"articulo-subtitulo\">M\u00e1s informaci\u00f3n: (<a href=\"https:\/\/www.elconfidencial.com\/economia\/2020-01-29\/empleo-trabajo-mujeres-ocupadas-nueve-millones_2431756\/\" target=\"_blank\" rel=\"noopener noreferrer\">elconfidencial 29\/01\/20<\/a>)<\/p>\n<p>&nbsp;<\/p>\n<\/div>\n<\/header>\n<\/div>\n<\/div>\n<\/div>\n<\/div>\n<div id=\"pgc-14819-0-1\"  class=\"panel-grid-cell panel-grid-cell-empty\"  data-weight=\"0.15\" ><\/div>\n<\/div>\n<\/div>\n","protected":false},"excerpt":{"rendered":"<p>Invertir en mujeres, una oportunidad de negocio Uno de los <a href=\"https:\/\/cklcomunicaciones.es\/coop\/epa-2019-cota-trabajadoras\/\">[&#8230;]<\/a><\/p>\n","protected":false},"author":3,"featured_media":0,"comment_status":"closed","ping_status":"closed","sticky":false,"template":"","format":"standard","meta":{"footnotes":""},"categories":[299],"tags":[211,106,171,96],"class_list":["post-14819","post","type-post","status-publish","format-standard","hentry","category-noticias-destacadas","tag-brecha-de-genero","tag-economia","tag-epa","tag-mujeres"],"yoast_head":"<!-- This site is optimized with the Yoast SEO plugin v27.5 - https:\/\/yoast.com\/product\/yoast-seo-wordpress\/ -->\n<title>EPA 2019: EPA: Espa\u00f1a supera la cota de 9 millones de trabajadoras<\/title>\n<meta name=\"description\" content=\"Las mujeres del &#039;baby boom&#039; revolucionaron el mercado laboral con su incorporaci\u00f3n al mundo del trabajo. El n\u00famero de ocupadas crece r\u00e1pidamente en los sectores de mayor actividad % %\" \/>\n<meta name=\"robots\" content=\"index, follow, max-snippet:-1, max-image-preview:large, max-video-preview:-1\" \/>\n<link rel=\"canonical\" href=\"https:\/\/cklcomunicaciones.es\/coop\/epa-2019-cota-trabajadoras\/\" \/>\n<meta property=\"og:locale\" content=\"es_ES\" \/>\n<meta property=\"og:type\" content=\"article\" \/>\n<meta property=\"og:title\" content=\"EPA 2019: EPA: Espa\u00f1a supera la cota de 9 millones de trabajadoras\" \/>\n<meta property=\"og:description\" content=\"Las mujeres del &#039;baby boom&#039; revolucionaron el mercado laboral con su incorporaci\u00f3n al mundo del trabajo. El n\u00famero de ocupadas crece r\u00e1pidamente en los sectores de mayor actividad % %\" \/>\n<meta property=\"og:url\" content=\"https:\/\/cklcomunicaciones.es\/coop\/epa-2019-cota-trabajadoras\/\" \/>\n<meta property=\"og:site_name\" content=\"CKL Comunicaciones\" \/>\n<meta property=\"article:published_time\" content=\"2020-01-29T11:18:45+00:00\" \/>\n<meta property=\"og:image\" content=\"https:\/\/cklcomunicaciones.es\/coop\/wp-content\/uploads\/2021\/04\/CKL-MiradaDistinta-newsletter2021_1200-x-675.jpg\" \/>\n\t<meta property=\"og:image:width\" content=\"1200\" \/>\n\t<meta property=\"og:image:height\" content=\"676\" \/>\n\t<meta property=\"og:image:type\" content=\"image\/jpeg\" \/>\n<meta name=\"author\" content=\"ckl\" \/>\n<meta name=\"twitter:card\" content=\"summary_large_image\" \/>\n<meta name=\"twitter:label1\" content=\"Escrito por\" \/>\n\t<meta name=\"twitter:data1\" content=\"ckl\" \/>\n\t<meta name=\"twitter:label2\" content=\"Tiempo de lectura\" \/>\n\t<meta name=\"twitter:data2\" content=\"1 minuto\" \/>\n<script type=\"application\/ld+json\" class=\"yoast-schema-graph\">{\"@context\":\"https:\\\/\\\/schema.org\",\"@graph\":[{\"@type\":\"Article\",\"@id\":\"https:\\\/\\\/cklcomunicaciones.es\\\/coop\\\/epa-2019-cota-trabajadoras\\\/#article\",\"isPartOf\":{\"@id\":\"https:\\\/\\\/cklcomunicaciones.es\\\/coop\\\/epa-2019-cota-trabajadoras\\\/\"},\"author\":{\"name\":\"ckl\",\"@id\":\"https:\\\/\\\/cklcomunicaciones.es\\\/coop\\\/#\\\/schema\\\/person\\\/929a6837f7626450bbb50cee1aef266e\"},\"headline\":\"EPA: Espa\u00f1a supera en 2019 la cota de 9 millones de trabajadoras\",\"datePublished\":\"2020-01-29T11:18:45+00:00\",\"mainEntityOfPage\":{\"@id\":\"https:\\\/\\\/cklcomunicaciones.es\\\/coop\\\/epa-2019-cota-trabajadoras\\\/\"},\"wordCount\":128,\"keywords\":[\"brecha de g\u00e9nero\",\"econom\u00eda\",\"EPA\",\"mujeres\"],\"articleSection\":[\"noticias destacadas\"],\"inLanguage\":\"es\"},{\"@type\":\"WebPage\",\"@id\":\"https:\\\/\\\/cklcomunicaciones.es\\\/coop\\\/epa-2019-cota-trabajadoras\\\/\",\"url\":\"https:\\\/\\\/cklcomunicaciones.es\\\/coop\\\/epa-2019-cota-trabajadoras\\\/\",\"name\":\"EPA 2019: EPA: Espa\u00f1a supera la cota de 9 millones de trabajadoras\",\"isPartOf\":{\"@id\":\"https:\\\/\\\/cklcomunicaciones.es\\\/coop\\\/#website\"},\"datePublished\":\"2020-01-29T11:18:45+00:00\",\"author\":{\"@id\":\"https:\\\/\\\/cklcomunicaciones.es\\\/coop\\\/#\\\/schema\\\/person\\\/929a6837f7626450bbb50cee1aef266e\"},\"description\":\"Las mujeres del 'baby boom' revolucionaron el mercado laboral con su incorporaci\u00f3n al mundo del trabajo. El n\u00famero de ocupadas crece r\u00e1pidamente en los sectores de mayor actividad % %\",\"breadcrumb\":{\"@id\":\"https:\\\/\\\/cklcomunicaciones.es\\\/coop\\\/epa-2019-cota-trabajadoras\\\/#breadcrumb\"},\"inLanguage\":\"es\",\"potentialAction\":[{\"@type\":\"ReadAction\",\"target\":[\"https:\\\/\\\/cklcomunicaciones.es\\\/coop\\\/epa-2019-cota-trabajadoras\\\/\"]}]},{\"@type\":\"BreadcrumbList\",\"@id\":\"https:\\\/\\\/cklcomunicaciones.es\\\/coop\\\/epa-2019-cota-trabajadoras\\\/#breadcrumb\",\"itemListElement\":[{\"@type\":\"ListItem\",\"position\":1,\"name\":\"Portada\",\"item\":\"https:\\\/\\\/cklcomunicaciones.es\\\/coop\\\/\"},{\"@type\":\"ListItem\",\"position\":2,\"name\":\"EPA: Espa\u00f1a supera en 2019 la cota de 9 millones de trabajadoras\"}]},{\"@type\":\"WebSite\",\"@id\":\"https:\\\/\\\/cklcomunicaciones.es\\\/coop\\\/#website\",\"url\":\"https:\\\/\\\/cklcomunicaciones.es\\\/coop\\\/\",\"name\":\"CKL Comunicaciones\",\"description\":\"Sitio web de CKL Comunicaciones coop , la consultora de comunicaci\u00f3n y estrategia\",\"potentialAction\":[{\"@type\":\"SearchAction\",\"target\":{\"@type\":\"EntryPoint\",\"urlTemplate\":\"https:\\\/\\\/cklcomunicaciones.es\\\/coop\\\/?s={search_term_string}\"},\"query-input\":{\"@type\":\"PropertyValueSpecification\",\"valueRequired\":true,\"valueName\":\"search_term_string\"}}],\"inLanguage\":\"es\"},{\"@type\":\"Person\",\"@id\":\"https:\\\/\\\/cklcomunicaciones.es\\\/coop\\\/#\\\/schema\\\/person\\\/929a6837f7626450bbb50cee1aef266e\",\"name\":\"ckl\",\"image\":{\"@type\":\"ImageObject\",\"inLanguage\":\"es\",\"@id\":\"https:\\\/\\\/secure.gravatar.com\\\/avatar\\\/c82db564e8a669bf6023357a157b9dc4780f4d4c618f2ad1d71a6a5dede45057?s=96&d=mm&r=g\",\"url\":\"https:\\\/\\\/secure.gravatar.com\\\/avatar\\\/c82db564e8a669bf6023357a157b9dc4780f4d4c618f2ad1d71a6a5dede45057?s=96&d=mm&r=g\",\"contentUrl\":\"https:\\\/\\\/secure.gravatar.com\\\/avatar\\\/c82db564e8a669bf6023357a157b9dc4780f4d4c618f2ad1d71a6a5dede45057?s=96&d=mm&r=g\",\"caption\":\"ckl\"},\"url\":\"https:\\\/\\\/cklcomunicaciones.es\\\/coop\\\/author\\\/cklcomunicaciones\\\/\"}]}<\/script>\n<!-- \/ Yoast SEO plugin. -->","yoast_head_json":{"title":"EPA 2019: EPA: Espa\u00f1a supera la cota de 9 millones de trabajadoras","description":"Las mujeres del 'baby boom' revolucionaron el mercado laboral con su incorporaci\u00f3n al mundo del trabajo. El n\u00famero de ocupadas crece r\u00e1pidamente en los sectores de mayor actividad % %","robots":{"index":"index","follow":"follow","max-snippet":"max-snippet:-1","max-image-preview":"max-image-preview:large","max-video-preview":"max-video-preview:-1"},"canonical":"https:\/\/cklcomunicaciones.es\/coop\/epa-2019-cota-trabajadoras\/","og_locale":"es_ES","og_type":"article","og_title":"EPA 2019: EPA: Espa\u00f1a supera la cota de 9 millones de trabajadoras","og_description":"Las mujeres del 'baby boom' revolucionaron el mercado laboral con su incorporaci\u00f3n al mundo del trabajo. El n\u00famero de ocupadas crece r\u00e1pidamente en los sectores de mayor actividad % %","og_url":"https:\/\/cklcomunicaciones.es\/coop\/epa-2019-cota-trabajadoras\/","og_site_name":"CKL Comunicaciones","article_published_time":"2020-01-29T11:18:45+00:00","og_image":[{"width":1200,"height":676,"url":"https:\/\/cklcomunicaciones.es\/coop\/wp-content\/uploads\/2021\/04\/CKL-MiradaDistinta-newsletter2021_1200-x-675.jpg","type":"image\/jpeg"}],"author":"ckl","twitter_card":"summary_large_image","twitter_misc":{"Escrito por":"ckl","Tiempo de lectura":"1 minuto"},"schema":{"@context":"https:\/\/schema.org","@graph":[{"@type":"Article","@id":"https:\/\/cklcomunicaciones.es\/coop\/epa-2019-cota-trabajadoras\/#article","isPartOf":{"@id":"https:\/\/cklcomunicaciones.es\/coop\/epa-2019-cota-trabajadoras\/"},"author":{"name":"ckl","@id":"https:\/\/cklcomunicaciones.es\/coop\/#\/schema\/person\/929a6837f7626450bbb50cee1aef266e"},"headline":"EPA: Espa\u00f1a supera en 2019 la cota de 9 millones de trabajadoras","datePublished":"2020-01-29T11:18:45+00:00","mainEntityOfPage":{"@id":"https:\/\/cklcomunicaciones.es\/coop\/epa-2019-cota-trabajadoras\/"},"wordCount":128,"keywords":["brecha de g\u00e9nero","econom\u00eda","EPA","mujeres"],"articleSection":["noticias destacadas"],"inLanguage":"es"},{"@type":"WebPage","@id":"https:\/\/cklcomunicaciones.es\/coop\/epa-2019-cota-trabajadoras\/","url":"https:\/\/cklcomunicaciones.es\/coop\/epa-2019-cota-trabajadoras\/","name":"EPA 2019: EPA: Espa\u00f1a supera la cota de 9 millones de trabajadoras","isPartOf":{"@id":"https:\/\/cklcomunicaciones.es\/coop\/#website"},"datePublished":"2020-01-29T11:18:45+00:00","author":{"@id":"https:\/\/cklcomunicaciones.es\/coop\/#\/schema\/person\/929a6837f7626450bbb50cee1aef266e"},"description":"Las mujeres del 'baby boom' revolucionaron el mercado laboral con su incorporaci\u00f3n al mundo del trabajo. El n\u00famero de ocupadas crece r\u00e1pidamente en los sectores de mayor actividad % %","breadcrumb":{"@id":"https:\/\/cklcomunicaciones.es\/coop\/epa-2019-cota-trabajadoras\/#breadcrumb"},"inLanguage":"es","potentialAction":[{"@type":"ReadAction","target":["https:\/\/cklcomunicaciones.es\/coop\/epa-2019-cota-trabajadoras\/"]}]},{"@type":"BreadcrumbList","@id":"https:\/\/cklcomunicaciones.es\/coop\/epa-2019-cota-trabajadoras\/#breadcrumb","itemListElement":[{"@type":"ListItem","position":1,"name":"Portada","item":"https:\/\/cklcomunicaciones.es\/coop\/"},{"@type":"ListItem","position":2,"name":"EPA: Espa\u00f1a supera en 2019 la cota de 9 millones de trabajadoras"}]},{"@type":"WebSite","@id":"https:\/\/cklcomunicaciones.es\/coop\/#website","url":"https:\/\/cklcomunicaciones.es\/coop\/","name":"CKL Comunicaciones","description":"Sitio web de CKL Comunicaciones coop , la consultora de comunicaci\u00f3n y estrategia","potentialAction":[{"@type":"SearchAction","target":{"@type":"EntryPoint","urlTemplate":"https:\/\/cklcomunicaciones.es\/coop\/?s={search_term_string}"},"query-input":{"@type":"PropertyValueSpecification","valueRequired":true,"valueName":"search_term_string"}}],"inLanguage":"es"},{"@type":"Person","@id":"https:\/\/cklcomunicaciones.es\/coop\/#\/schema\/person\/929a6837f7626450bbb50cee1aef266e","name":"ckl","image":{"@type":"ImageObject","inLanguage":"es","@id":"https:\/\/secure.gravatar.com\/avatar\/c82db564e8a669bf6023357a157b9dc4780f4d4c618f2ad1d71a6a5dede45057?s=96&d=mm&r=g","url":"https:\/\/secure.gravatar.com\/avatar\/c82db564e8a669bf6023357a157b9dc4780f4d4c618f2ad1d71a6a5dede45057?s=96&d=mm&r=g","contentUrl":"https:\/\/secure.gravatar.com\/avatar\/c82db564e8a669bf6023357a157b9dc4780f4d4c618f2ad1d71a6a5dede45057?s=96&d=mm&r=g","caption":"ckl"},"url":"https:\/\/cklcomunicaciones.es\/coop\/author\/cklcomunicaciones\/"}]}},"_links":{"self":[{"href":"https:\/\/cklcomunicaciones.es\/coop\/wp-json\/wp\/v2\/posts\/14819","targetHints":{"allow":["GET"]}}],"collection":[{"href":"https:\/\/cklcomunicaciones.es\/coop\/wp-json\/wp\/v2\/posts"}],"about":[{"href":"https:\/\/cklcomunicaciones.es\/coop\/wp-json\/wp\/v2\/types\/post"}],"author":[{"embeddable":true,"href":"https:\/\/cklcomunicaciones.es\/coop\/wp-json\/wp\/v2\/users\/3"}],"replies":[{"embeddable":true,"href":"https:\/\/cklcomunicaciones.es\/coop\/wp-json\/wp\/v2\/comments?post=14819"}],"version-history":[{"count":0,"href":"https:\/\/cklcomunicaciones.es\/coop\/wp-json\/wp\/v2\/posts\/14819\/revisions"}],"wp:attachment":[{"href":"https:\/\/cklcomunicaciones.es\/coop\/wp-json\/wp\/v2\/media?parent=14819"}],"wp:term":[{"taxonomy":"category","embeddable":true,"href":"https:\/\/cklcomunicaciones.es\/coop\/wp-json\/wp\/v2\/categories?post=14819"},{"taxonomy":"post_tag","embeddable":true,"href":"https:\/\/cklcomunicaciones.es\/coop\/wp-json\/wp\/v2\/tags?post=14819"}],"curies":[{"name":"wp","href":"https:\/\/api.w.org\/{rel}","templated":true}]}}