{"id":14781,"date":"2019-12-02T12:18:41","date_gmt":"2019-12-02T11:18:41","guid":{"rendered":"http:\/\/www.cklcomunicaciones.es\/?p=14781"},"modified":"2025-01-17T16:42:58","modified_gmt":"2025-01-17T15:42:58","slug":"noticias-info-ckl-no-2-401-02-12-19","status":"publish","type":"post","link":"https:\/\/cklcomunicaciones.es\/coop\/noticias-info-ckl-no-2-401-02-12-19\/","title":{"rendered":"Noticias Info CKL n\u00ba 2.401-02\/12\/19"},"content":{"rendered":"<div id=\"pl-14781\"  class=\"panel-layout\" >\n<div id=\"pg-14781-0\"  class=\"panel-grid panel-no-style\"  data-style=\"{&quot;background_image_attachment&quot;:false,&quot;background_display&quot;:&quot;tile&quot;,&quot;cell_alignment&quot;:&quot;flex-start&quot;}\" >\n<div id=\"pgc-14781-0-0\"  class=\"panel-grid-cell\"  data-weight=\"1\" >\n<div id=\"panel-14781-0-0-0\" class=\"so-panel widget widget_sow-editor panel-first-child panel-last-child\" data-index=\"0\" data-style=\"{&quot;background_image_attachment&quot;:false,&quot;background_display&quot;:&quot;tile&quot;}\" >\n<div class=\"so-widget-sow-editor so-widget-sow-editor-base\">\n<div class=\"siteorigin-widget-tinymce textwidget\">\n<p><img decoding=\"async\" class=\"lazyload  wp-image-13726\" src=\"http:\/\/www.cklcomunicaciones.es\/wp-content\/uploads\/2018\/03\/CKL_comunicacion-con-perspetiva-de-genero-300x300.jpg\" data-orig-src=\"http:\/\/www.cklcomunicaciones.es\/wp-content\/uploads\/2018\/03\/CKL_comunicacion-con-perspetiva-de-genero-300x300.jpg\" alt=\"CKL_comunicacion con perspetiva de genero\" width=\"132\" height=\"132\" srcset=\"data:image\/svg+xml,%3Csvg%20xmlns%3D%27http%3A%2F%2Fwww.w3.org%2F2000%2Fsvg%27%20width%3D%27132%27%20height%3D%27132%27%20viewBox%3D%270%200%20132%20132%27%3E%3Crect%20width%3D%27132%27%20height%3D%27132%27%20fill-opacity%3D%220%22%2F%3E%3C%2Fsvg%3E\" data-srcset=\"https:\/\/cklcomunicaciones.es\/coop\/wp-content\/uploads\/2018\/03\/CKL_comunicacion-con-perspetiva-de-genero-150x150.jpg 150w, https:\/\/cklcomunicaciones.es\/coop\/wp-content\/uploads\/2018\/03\/CKL_comunicacion-con-perspetiva-de-genero-300x300.jpg 300w, https:\/\/cklcomunicaciones.es\/coop\/wp-content\/uploads\/2018\/03\/CKL_comunicacion-con-perspetiva-de-genero-450x450.jpg 450w, https:\/\/cklcomunicaciones.es\/coop\/wp-content\/uploads\/2018\/03\/CKL_comunicacion-con-perspetiva-de-genero.jpg 500w\" data-sizes=\"auto\" data-orig-sizes=\"(max-width: 132px) 100vw, 132px\" \/><\/p>\n<p id=\":f9\" class=\"hP\" tabindex=\"-1\" data-thread-perm-id=\"thread-f:1651806183200293493\" data-legacy-thread-id=\"16ec64f8d3728275\"><strong>COP25: Cristina Gallach \u00abEn la Cumbre de Madrid hay dos palabras claves: accion y ambici\u00f3n\u00bb-Adela Cortina, Premio Palabra de la FAPE\/Fundaci\u00f3n C\u00e9sar-La ciencia, una carrera de fondo y de obst\u00e1culos para las mujeres<\/strong><\/p>\n<div id=\":27\" class=\"pG\" role=\"img\" data-tooltip-contained=\"true\" data-tooltip-align=\"b,l\" data-tooltip-delay=\"1500\" aria-label=\"No importante\">[toggle type=\u00bbfirst\u00bb title=\u00bbConvocatorias\u00bb]<\/div>\n<div role=\"img\" data-tooltip-contained=\"true\" data-tooltip-align=\"b,l\" data-tooltip-delay=\"1500\" aria-label=\"No importante\">\n<ul>\n<li><a href=\"http:\/\/www.juntadeandalucia.es\/iam\/catalogo\/doc\/convocatorias\/2019-genero\/SE-Jornada-Tecnica-UrbanismoyGenero.pdf\">Jornada T\u00e9cnica &#8216;Urbanismo y G\u00e9nero&#8217;<\/a>. Direcci\u00f3n General de Ordenaci\u00f3n del Territorio y Urbanismo de la Consejer\u00eda de Fomento, Infraestructuras y Ordenaci\u00f3n del Territorio. 3 de diciembre de 2019. Requiere <a href=\"https:\/\/forms.gle\/dYrTt4cZAtpuhbG3A\">inscripci\u00f3n<\/a><\/li>\n<li><a href=\"http:\/\/www.juntadeandalucia.es\/iam\/catalogo\/doc\/convocatorias\/2019-iam\/HU-gastrofem.jpg\">Primer Encuentro GastroFem Huelva<\/a>. Centro Provincial del IAM de Huelva. 2 de diciembre de 2019, de 9:30 a 14:00 h. <a href=\"http:\/\/www.juntadeandalucia.es\/iam\/catalogo\/doc\/convocatorias\/2019-iam\/HU-gastrofem-diptico.pdf\">D\u00edptico<\/a><\/li>\n<li>Foro Mujer y Empresa, organiza Prodetur de la Diputaci\u00f3n de Sevilla. Sevilla, Hotel Meli\u00e1 Libreros, 13 de diciembre. Inscripci\u00f3n: <a href=\"https:\/\/docs.google.com\/forms\/u\/0\/d\/1lZ4Dv-w6Qt4KbmrvRUx-SoTDFUZRFJxIBl7l7U83rr8\/viewform?utm_campaign=invitacion-13-diciembre&amp;utm_medium=email&amp;utm_source=acumbamail&amp;edit_requested=true\">https:\/\/docs.google.com\/forms\/u\/0\/d\/1lZ4Dv-w6Qt4KbmrvRUx-SoTDFUZRFJxIBl7l7U83rr8\/viewform?utm_campaign=invitacion-13-diciembre&amp;utm_medium=email&amp;utm_source=acumbamail&amp;edit_requested=true<\/a><\/li>\n<\/ul>\n<\/div>\n<div role=\"img\" data-tooltip-contained=\"true\" data-tooltip-align=\"b,l\" data-tooltip-delay=\"1500\" aria-label=\"No importante\">[\/toggle]<\/div>\n<p>[toggle type=\u00bbfirst\u00bb title=\u00bbComunicaci\u00f3n\u00bb]<\/p>\n<p><a href=\"https:\/\/www.google.com\/url?rct=j&amp;sa=t&amp;url=http:\/\/www.rtve.es\/rtve\/20191129\/periodista-rtve-ana-jose-cancio-premio-lili-alvarez-del-instituto-mujer-csd\/1992859.shtml&amp;ct=ga&amp;cd=CAEYACoUMTAyMzgyNjQ2NDI0MDcxNTI3MzIyGWMwMzcyZWJjMmZlYWRhNTk6ZXM6ZXM6RVM&amp;usg=AFQjCNGZa0-QzlxI5b4IhyAeV3jnFd0uZA\">La periodista de RTVE Ana Jos\u00e9 Cancio, Premio Lil\u00ed Alvarez del Instituto de la Mujer y el CSD <\/a>&#8211; RTVE<\/p>\n<p><a href=\"https:\/\/www.google.com\/url?rct=j&amp;sa=t&amp;url=https:\/\/www.revistalugardeencuentro.com\/wp\/2019\/11\/28\/campana-juguete-no-sexista-iam\/&amp;ct=ga&amp;cd=CAEYASoTNzY2MDk1NTkyNzM2MTI2OTIxODIbOWFiMWNkZDdlMzY2ZWYzODplczplczpFUzpS&amp;usg=AFQjCNEuKapAErr7u2aIYTgXDPavJ6Ao9Q\">Campa\u00f1a del juguete no sexista: \u201cOlv\u00eddate de las etiquetas\u201d <\/a>&#8211; Revista Lugar Encuentro<\/p>\n<p><a href=\"https:\/\/www.google.com\/url?rct=j&amp;sa=t&amp;url=https:\/\/www.lavanguardia.com\/local\/sevilla\/20191128\/471930261941\/el-iam-dedica-este-ano-la-campana-del-juguete-a-los-videojuegos-e-invita-a-olvidar-los-prejuicios-sexistas.html&amp;ct=ga&amp;cd=CAEYACoUMTA4ODYzMzUzNzk2MDkwNzYzNzMyGzlhYjFjZGQ3ZTM2NmVmMzg6ZXM6ZXM6RVM6Ug&amp;usg=AFQjCNEIjreM8KNfV0NA3t6VoZS8WBCKHA\">El IAM dedica este a\u00f1o la campa\u00f1a del juguete a los videojuegos e invita a \u00abolvidar los prejuicios &#8230; <\/a>&#8211; La Vanguardia<\/p>\n<p><a href=\"https:\/\/www.google.com\/url?rct=j&amp;sa=t&amp;url=https:\/\/aristeguinoticias.com\/2711\/mexico\/mas-de-100-medios-de-comunicacion-pactan-eliminar-violencia-contra-la-mujer\/&amp;ct=ga&amp;cd=CAEYBSoTNjQ2MjU1MDQ1MzI4OTAwMDY3NjIZYzAzNzJlYmMyZmVhZGE1OTplczplczpFUw&amp;usg=AFQjCNGODT5oyPhd30P8aG5PiPIcCJ4GvQ\">M\u00e1s de 100 medios de comunicaci\u00f3n pactan eliminar violencia contra la mujer <\/a>&#8211; Aristeguinoticias<\/p>\n<p><u><a href=\"https:\/\/www.google.com\/url?rct=j&amp;sa=t&amp;url=https:\/\/www.europapress.es\/epsocial\/infancia\/noticia-presidenta-aepd-aboga-educar-menores-tecnologia-porque-son-analfabetos-riesgos-20191128162957.html&amp;ct=ga&amp;cd=CAEYACoUMTcyMTAyNzY2MTMzMTM0ODA3NTkyGWUxZTc3ZDE1NjA5OGE4ZTM6ZXM6ZXM6RVM&amp;usg=AFQjCNFGwwfhIyk7MDs0dUvWW0viZvL9GQ\">La presidenta de la AEPD, Mar Espa\u00f1a, aboga por educar a los menores ante la tecnolog\u00eda porque son &#8230; <\/a><\/u>&#8211; Europa Press<\/p>\n<p>[\/toggle]<\/p>\n<p>[toggle type=\u00bbfirst\u00bb title=\u00bbAndaluc\u00eda\u00bb]<\/p>\n<p><strong>Econom\u00eda y Empresas<\/strong><\/p>\n<p><a href=\"https:\/\/www.mujeremprendedora.net\/talent-woman-entrega-i-premios-margarita-salas\/\">Talent Woman entrega los I Premios Margarita Salas<\/a>&#8211; Mujeremprendedora.net<\/p>\n<p><a href=\"https:\/\/www.google.com\/url?rct=j&amp;sa=t&amp;url=https:\/\/m.huelvainformacion.es\/huelva\/IAM-visibilidad-mujer-jornadas-gastronomia_0_1414359131.html&amp;ct=ga&amp;cd=CAEYACoUMTExNzE0ODM1OTc4Njc0NDU0NDIyGzlhYjFjZGQ3ZTM2NmVmMzg6ZXM6ZXM6RVM6Ug&amp;usg=AFQjCNFzQHx0bKQo7kPxeWbh33FaQnRJIQ\">El IAM da visibilidad a la mujer en la alta cocina en unas jornadas de gastronom\u00eda <\/a>&#8211; Huelva Informaci\u00f3n<\/p>\n<p><a href=\"https:\/\/www.diariodesevilla.es\/andalucia\/Union-Europea-Andalucia-Comsion-Ursula-von-der-leyen_0_1414658921.html\">Andaluc\u00eda ante la Comisi\u00f3n Von der Leyen<\/a>&#8211; Diario de Sevilla<\/p>\n<p><strong>A<\/strong><strong>ctualidad\u00a0<\/strong><\/p>\n<p><a href=\"https:\/\/www.google.com\/url?rct=j&amp;sa=t&amp;url=https:\/\/fundacioncajasol.com\/entrega-de-los-vii-premios-menina-en-cordoba\/&amp;ct=ga&amp;cd=CAEYACoTODQ5MTkxODI3MzIxMjAwMDQwNDIZZTJkZWZhN2Q1ZGE5MTU3ZDplczplczpFUw&amp;usg=AFQjCNEHwT7tjy3mIwXPwyW0Wow6jXOnIg\">Entrega de los VII Premios Menina en C\u00f3rdoba <\/a>&#8211; Fundaci\u00f3n Cajasol<\/p>\n<p><a href=\"https:\/\/www.google.com\/url?rct=j&amp;sa=t&amp;url=https:\/\/elcorreoweb.es\/andalucia\/10-claves-para-escoger-el-videojuego-adecuado-para-tu-hijo-o-hija-DC6073621&amp;ct=ga&amp;cd=CAEYACoUMTI1OTA2ODc2NjA4NjY2OTk0ODgyGzlhYjFjZGQ3ZTM2NmVmMzg6ZXM6ZXM6RVM6Ug&amp;usg=AFQjCNGZFNvpsdlLNGhJQzQdyxjGpspH8Q\">10 claves para escoger el videojuego adecuado para tu hijo o hija <\/a>&#8211; El Correo de Andaluc\u00eda<\/p>\n<p><a href=\"https:\/\/www.google.com\/url?rct=j&amp;sa=t&amp;url=https:\/\/www.diariojaen.es\/jaen\/un-espejo-para-poder-mirarse-YI6569221&amp;ct=ga&amp;cd=CAEYBioUMTM5MzQyNDUwNzU0MDUwMDI1MTMyGWMwMzcyZWJjMmZlYWRhNTk6ZXM6ZXM6RVM&amp;usg=AFQjCNHXigPoO5cfzimNrmC5U8mmf5JIfA\">Un espejo para poder mirarse <\/a>&#8211; Diario Ja\u00e9n<\/p>\n<p><a href=\"https:\/\/www.google.com\/url?rct=j&amp;sa=t&amp;url=https:\/\/andaluciainformacion.es\/sanlucar\/863967\/las-madres-gaditanas-piden-9-de-cada-10-excedencias-para-cuidar-hijos\/&amp;ct=ga&amp;cd=CAEYAioTNDUxNDIzOTgzMjI0NDA5MDI5NjIZYzAzNzJlYmMyZmVhZGE1OTplczplczpFUw&amp;usg=AFQjCNGbAxDMe-UEU1Hgh_esFHIia3-RAg\">Las madres gaditanas piden 9 de cada 10 excedencias para cuidar hijos <\/a>&#8211; Andaluc\u00eda Informaci\u00f3n<\/p>\n<p><a href=\"https:\/\/www.google.com\/url?rct=j&amp;sa=t&amp;url=https:\/\/www.laopiniondemalaga.es\/axarquia\/2019\/12\/01\/competa-acoge-festival-tolerancia-presencia\/1130199.html&amp;ct=ga&amp;cd=CAEYByoTNzkzMTczNTMxODI3MzQyMDc3MDIZYzAzNzJlYmMyZmVhZGE1OTplczplczpFUw&amp;usg=AFQjCNFImBSNRddD1PPBFGV-AVej-Rq2OQ\">C\u00f3mpeta acoge un festival por la tolerancia con la presencia de unos 300 j\u00f3venes <\/a>&#8211; La Opini\u00f3n de M\u00e1laga<\/p>\n<p><a href=\"https:\/\/www.lavozdealmeria.com\/noticia\/9\/opinion\/182875\/flor-de-torres-el-nombre-de-la-igualdad\">Flor de Torres, el nombre de la igualdad<\/a>&#8211; La Voz de Almer\u00eda<\/p>\n<p><strong>Violencias<\/strong><\/p>\n<p><a href=\"https:\/\/www.google.com\/url?rct=j&amp;sa=t&amp;url=https:\/\/www.lavanguardia.com\/local\/sevilla\/20191129\/471948046976\/ruiz-subraya-el-incremento-de-los-acogimientos-de-victimas-tras-aumentar-el-presupuesto-del-telefono-del-iam.html&amp;ct=ga&amp;cd=CAEYACoUMTUyMzMzMzQ2MTY0ODg5ODg2MTYyGzlhYjFjZGQ3ZTM2NmVmMzg6ZXM6ZXM6RVM6Ug&amp;usg=AFQjCNEkSmx8Ttk4_SLQTYIGhzPLDmy17w\">Ruiz subraya el incremento de los acogimientos de v\u00edctimas tras aumentar el presupuesto del tel\u00e9fono IAM &#8230; <\/a>&#8211; La Vanguardia<\/p>\n<p><a href=\"https:\/\/www.google.com\/url?rct=j&amp;sa=t&amp;url=https:\/\/www.diariocordoba.com\/noticias\/cordobalocal\/ciudad-justicia-acoge-formacion-mejorar-atencion-violencia-genero_1339378.html&amp;ct=ga&amp;cd=CAEYBCoUMTM5MzQyNDUwNzU0MDUwMDI1MTMyGWMwMzcyZWJjMmZlYWRhNTk6ZXM6ZXM6RVM&amp;usg=AFQjCNHog-Stz7Jd5ZQLpIxUMxCQubC3Hg\">La Ciudad de la Justicia acoge una formaci\u00f3n para mejorar la atenci\u00f3n en violencia de g\u00e9nero <\/a>&#8211; Diario C\u00f3rdoba<\/p>\n<p><a href=\"https:\/\/www.google.com\/url?rct=j&amp;sa=t&amp;url=https:\/\/www.benalgo.es\/noticias\/marbella-implantara-una-app-para-luchar-contra-la-violencia-machista.html&amp;ct=ga&amp;cd=CAEYACoUMTU5NDAwNTA5MzM2MjI0Nzg0ODQyGWUxZTc3ZDE1NjA5OGE4ZTM6ZXM6ZXM6RVM&amp;usg=AFQjCNHSXBQwYKZYjwB5t_tPglsn1SJVQw\">Marbella implantar\u00e1 una APP para luchar contra la violencia machista <\/a>&#8211; Contracr\u00f3nica.es<\/p>\n<p><a href=\"https:\/\/www.google.com\/url?rct=j&amp;sa=t&amp;url=https:\/\/www.teleprensa.com\/es\/almeria\/una-mujer-asesinada-en-julio-en-almeria-se-convierte-en-el-ultimo-caso-confirmado-de-violencia-de-genero.html&amp;ct=ga&amp;cd=CAEYDyoTMjE3MjgxMzM0ODg1Mjc4NDk0NTIZYzAzNzJlYmMyZmVhZGE1OTplczplczpFUw&amp;usg=AFQjCNEgqhvc7G_Ybn_TNHfHpK7x70iXpA\">Una mujer asesinada en julio en Almer\u00eda se convierte en el \u00faltimo caso confirmado de violencia de &#8230; <\/a>&#8211; Teleprensa peri\u00f3dico digital<\/p>\n<p><a href=\"https:\/\/www.google.com\/url?rct=j&amp;sa=t&amp;url=http:\/\/www.eldiadecordoba.es\/provincia\/Ingresa-prision-hombre-detenido-Iznajar_0_1414658742.html&amp;ct=ga&amp;cd=CAEYBCoTNzM4MzcyNTA2NzQ4MzQxNTI5MTIbOWFiMWNkZDdlMzY2ZWYzODplczplczpFUzpS&amp;usg=AFQjCNFfib-nRpz6vhrhiAgiVshgQiGHNQ\">Ingresa en prisi\u00f3n el hombre de 93 a\u00f1os detenido por matar a su mujer en Izn\u00e1jar <\/a>&#8211; El D\u00eda de C\u00f3rdoba<\/p>\n<p><a href=\"http:\/\/www.juntadeandalucia.es\/presidencia\/portavoz\/148202\/Violenciadegenero\/mujer\/igualdad\/congresointernacional\/sevilla\/Andalucia\/GobiernodeAndalucia\">10\u00ba congreso sobre violencia de contra la mujer: Las supervivientes como protagonistas<\/a> \u2013 Oficina del Portavoz<\/p>\n<p><strong>Ciencia y Cultura<\/strong><\/p>\n<p><a href=\"https:\/\/www.google.com\/url?rct=j&amp;sa=t&amp;url=https:\/\/m.diariodesevilla.es\/ocio\/phia-menard-teatro-central-sevilla_0_1414058882.html&amp;ct=ga&amp;cd=CAEYAyoTNjEwMTEyNDQyMzY3Mjk5NzQ0MjIZYzAzNzJlYmMyZmVhZGE1OTplczplczpFUw&amp;usg=AFQjCNHnq5ED4ZAv0uxYLCjDqZpEezzeqg\">Phia Menard: \u201cEn este mundo el hombre es libre, pero la mujer est\u00e1 siempre bajo vigilancia\u00bb <\/a>&#8211; Diario de Sevilla<\/p>\n<p><a href=\"https:\/\/www.google.com\/url?rct=j&amp;sa=t&amp;url=https:\/\/www.teleprensa.com\/es\/almeria\/espana-esta-la-vanguardia-en-igualdad-de-genero-pero-queda-mucho-por-hacer&amp;ct=ga&amp;cd=CAEYAioUMTU1OTQ0NDE1ODYwMzczNTE3MDIyGWMwMzcyZWJjMmZlYWRhNTk6ZXM6ZXM6RVM&amp;usg=AFQjCNE4w0jc1DXYL4sQCg9Wdo6G_DWU1w\">Espa\u00f1a est\u00e1 a la vanguardia en igualdad de g\u00e9nero, pero queda mucho por hacer\u201d <\/a>&#8211; Teleprensa peri\u00f3dico digital<\/p>\n<p><a href=\"https:\/\/www.alhaurindelatorre.com\/la-mujer-en-la-copla-andaluza-a-cargo-de-sonia-hurtado\/\">&#8216;La mujer en la copla andaluza&#8217;, a cargo de Sonia Hurtado<\/a>&#8211; Alhaurindelatorre.com<\/p>\n<p><strong>Deporte<\/strong><\/p>\n<p><a href=\"https:\/\/www.marca.com\/polideportivo\/2019\/12\/01\/5de3b4f746163f60018b45bf.html\">Carolina Mar\u00edn gana en India su segundo titulo del a\u00f1o<\/a>&#8211; Marca.com<\/p>\n<p><a href=\"https:\/\/www.laopiniondemalaga.es\/todo-deporte\/2019\/12\/02\/azahara-munoz-cuarta\/1130361.html\">Azahara Mu\u00f1oz, cuarta<\/a>&#8211; La Opini\u00f3n de M\u00e1laga<\/p>\n<p>[\/toggle]<\/p>\n<p>[toggle type=\u00bbfirst\u00bb title=\u00bbEstado\u00bb]<\/p>\n<p><strong>Institucional <\/strong><\/p>\n<p><a href=\"https:\/\/www.20minutos.es\/noticia\/4073927\/0\/meritxell-batet-pilar-llop-presidentas-congreso-senado\/\">La jueza Pilar Llop presidir\u00e1 el Senado y Meritxell Batet el Congreso &#8230;<\/a>&#8211; 20minutos<strong>\u00a0<\/strong><\/p>\n<p><strong>Institucional-CCAA<\/strong><\/p>\n<p><u><a href=\"https:\/\/www.google.com\/url?rct=j&amp;sa=t&amp;url=https:\/\/www.lavanguardia.com\/local\/castilla-la-mancha\/20191128\/471931495916\/c-lm-condena-las-voces-que-quieren-romper-el-consenso-alcanzado-en-el-pacto-contra-la-violencia-de-genero.html&amp;ct=ga&amp;cd=CAEYACoTNDA1OTEwOTIxOTYxOTU4MzM4ODIZZTJkZWZhN2Q1ZGE5MTU3ZDplczplczpFUw&amp;usg=AFQjCNGIE4W0DmX4nQDukezAOo1YD4NtTA\">C-LM condena las voces que \u00abquieren romper el consenso\u00bb alcanzado en el Pacto contra la &#8230; <\/a><\/u>&#8211; La Vanguardia<\/p>\n<p><a href=\"https:\/\/www.google.com\/url?rct=j&amp;sa=t&amp;url=https:\/\/digitalextremadura.com\/maria-felix-tena-nueva-presidenta-del-tsjex\/&amp;ct=ga&amp;cd=CAEYASoSMjk0MDQ2MDM4ODA1NjIzNDI3MhllMmRlZmE3ZDVkYTkxNTdkOmVzOmVzOkVT&amp;usg=AFQjCNGYqmH0vZBDOxd-gURN1E1UmSciCQ\">Mar\u00eda F\u00e9lix Tena, nueva presidenta del TSJEX <\/a>&#8211; <a href=\"http:\/\/digitalextremadura.com\">digitalextremadura.com<\/a><\/p>\n<p><u><a href=\"https:\/\/www.google.com\/url?rct=j&amp;sa=t&amp;url=https:\/\/diariodelamancha.com\/catedra-de-investigacion-isabel-munoz-carava\/&amp;ct=ga&amp;cd=CAEYASoUMTY0MzU5Mzc1MjQ1NzA4NTAxNDQyGWMwMzcyZWJjMmZlYWRhNTk6ZXM6ZXM6RVM&amp;usg=AFQjCNHGNHfNLp5vaut-eqvjBsWSaGAgwA\">Presentan resultados de la C\u00e1tedra de investigaci\u00f3n &#8216;Isabel Mu\u00f1oz Caravaca&#8217; en la Universidad &#8230; <\/a><\/u>&#8211; Diario de Castilla-La Mancha<\/p>\n<p><a href=\"https:\/\/www.google.com\/url?rct=j&amp;sa=t&amp;url=http:\/\/www.juntaex.es\/comunicacion\/noticia%3FidPub%3D29168&amp;ct=ga&amp;cd=CAEYAyoTMzc5NTU2OTYwNjk2MDM1MzA3NTIZYzAzNzJlYmMyZmVhZGE1OTplczplczpFUw&amp;usg=AFQjCNE7r7ThDvQ6D-wLPyt9UTv4mivfCg\">La directora del IMEX aboga por la \u201cinterseccionalidad\u201d en el dise\u00f1o de las pol\u00edticas p\u00fablicas <\/a>&#8211; Junta de Extremadura<\/p>\n<p><u><a href=\"https:\/\/www.google.com\/url?rct=j&amp;sa=t&amp;url=https:\/\/www.elcomercio.es\/asturias\/futuro-en-femenino-mas-alla-brecha-salarial-20191129014241-ntvo.html&amp;ct=ga&amp;cd=CAEYACoTNzMzODg5NDc2Mzg5OTEwOTU3OTIZYzAzNzJlYmMyZmVhZGE1OTplczplczpFUw&amp;usg=AFQjCNFxLEupbtzi9L0rz7xoy5dP-fS3Pw\">M\u00e1s all\u00e1 de la brecha salarial <\/a><\/u>&#8211; El Comercio Digital<\/p>\n<p><a href=\"https:\/\/www.google.com\/url?rct=j&amp;sa=t&amp;url=https:\/\/www.elcomercio.es\/gijon\/feminismo-herramientas-luchar-situacion-injusta-20191130013041-ntvo.html&amp;ct=ga&amp;cd=CAEYACoTMjI0ODAwNzIwMDkyMTI4Njc2MzIZZTJkZWZhN2Q1ZGE5MTU3ZDplczplczpFUw&amp;usg=AFQjCNGXgTwCi003rhU6yGZz3Z_HPNHVvA\">Nuria Varela, Directora General de Igualdad: \u201cEl feminismo nos da las herramientas para luchar contra una situaci\u00f3n injusta\u00bb <\/a>&#8211; El Comercio Digital<\/p>\n<p><a href=\"https:\/\/www.google.com\/url?rct=j&amp;sa=t&amp;url=https:\/\/www.elperiodicodearagon.com\/noticias\/la-cronica-del-campo-de-carinena\/muestra-visibiliza-lucha-mujeres_1398239.html&amp;ct=ga&amp;cd=CAEYACoTMTkzMDQ5MjMyNjA0NjE1ODQzNDIZYzAzNzJlYmMyZmVhZGE1OTplczplczpFUw&amp;usg=AFQjCNHWygf9uxppNTldlgetJG_2kvrafA\">Una muestra visibiliza la lucha de las mujeres <\/a>&#8211; El Peri\u00f3dico de Arag\u00f3n<strong>\u00a0<\/strong><\/p>\n<p><strong>Econom\u00eda y Empresa<\/strong><\/p>\n<p><a href=\"https:\/\/www.mujeremprendedora.net\/63-organizaciones-dispone-mecanismos-evitar-brecha-salarial\/\">El 63% de las organizaciones dispone de mecanismos para evitar la brecha salarial<\/a> -Mujeremprendedora.net<\/p>\n<p><a href=\"https:\/\/www.mujeremprendedora.net\/plan-international-unef-juntos-fomentar-papel-mujer-sector-fotovoltaico\/\">Plan International y UNEF, juntos para fomentar el papel de la mujer en el sector fotovoltaico<\/a>&#8211; Mujeremprendedora.net<\/p>\n<p><strong>Actualidad<\/strong><\/p>\n<p><a href=\"https:\/\/www.huffingtonpost.es\/entry\/cristina-gallach-en-la-cumbre-de-madrid-hay-dos-palabras-clave-accion-y-ambicion_es_5de16c74e4b0d50f32a1ba73\">Cristina Gallach Alta Comisionada Agenda 2030: \u00abEn la Cumbre de Madrid hay dos palabras claves: acci\u00f3n y ambici\u00f3n\u201d &#8230;<\/a>-El HuffPost<\/p>\n<p><a href=\"https:\/\/www.google.com\/url?rct=j&amp;sa=t&amp;url=https:\/\/www.europapress.es\/castilla-lamancha\/noticia-filosofa-adela-cortina-recibe-ii-premio-palabra-otorgan-fape-fundacion-cesar-egido-serrano-20191128153659.html&amp;ct=ga&amp;cd=CAEYAioUMTcyMTAyNzY2MTMzMTM0ODA3NTkyGWUxZTc3ZDE1NjA5OGE4ZTM6ZXM6ZXM6RVM&amp;usg=AFQjCNEf80naOdTw4Zy6wJO3PvwPerD-uA\">La fil\u00f3sofa Adela Cortina recibe el II Premio Palabra que otorgan la FAPE y la Fundaci\u00f3n C\u00e9sar &#8230; <\/a>&#8211; Europa Press<\/p>\n<p><u><a href=\"https:\/\/www.google.com\/url?rct=j&amp;sa=t&amp;url=https:\/\/www.defensa.gob.es\/gabinete\/notasPrensa\/2019\/11\/DCG-191128-JORNADA-LIDERAZGO-MUJERES-FAS.html&amp;ct=ga&amp;cd=CAEYBioTNjQ2MjU1MDQ1MzI4OTAwMDY3NjIZYzAzNzJlYmMyZmVhZGE1OTplczplczpFUw&amp;usg=AFQjCNH7TtSojRjNr8iMHYBmodbJ4822EA\">Defensa organiza la &#8216;I Jornada de fomento del liderazgo de las mujeres en las Fuerzas Armadas&#8217; <\/a><\/u>&#8211; Ministerio de Defensa<\/p>\n<p><u><a href=\"https:\/\/www.google.com\/url?rct=j&amp;sa=t&amp;url=https:\/\/www.20minutos.es\/noticia\/4070659\/0\/un-estudio-de-la-uah-desvela-que-el-26-de-los-adolescentes-consume-pornografia-y-para-el-15-los-celos-muestran-carino\/&amp;ct=ga&amp;cd=CAEYACoUMTA2NTcwNTkwNzkzNDI0MTY3MTYyGWMwMzcyZWJjMmZlYWRhNTk6ZXM6ZXM6RVM&amp;usg=AFQjCNHovbRl_MJjyBSrmv2uaQFy75ejCg\">Un estudio de la UAH desvela que el 26% de los adolescentes consume pornograf\u00eda y para el 15 &#8230; <\/a><\/u>&#8211; 20minutos<\/p>\n<p><strong>Violencia<\/strong><\/p>\n<p><a href=\"https:\/\/www.google.com\/url?rct=j&amp;sa=t&amp;url=https:\/\/www.abc.es\/familia\/educacion\/abci-aumentan-llamadas-telefono-anar-jovenes-victimas-pederastia-o-sexting-201911300134_noticia.html&amp;ct=ga&amp;cd=CAEYACoTNzkxOTUzNzQzMTQ2MjI3NTYyMDIZZTFlNzdkMTU2MDk4YThlMzplczplczpFUw&amp;usg=AFQjCNFp6eYdNbizWyBD43trJXc-ewfvsw\">Aumentan las llamadas al Tel\u00e9fono ANAR de j\u00f3venes v\u00edctimas de pederastia o &#8216;sexting&#8217; <\/a>&#8211; Abc.es<strong>\u00a0<\/strong><\/p>\n<p><strong>Ciencia y Cultura<\/strong><\/p>\n<p><a href=\"https:\/\/www.google.com\/url?rct=j&amp;sa=t&amp;url=https:\/\/www.lavanguardia.com\/ciencia\/20191128\/471921044640\/mujeres-cientificas-premio-loreal-unesco.html&amp;ct=ga&amp;cd=CAEYAioTMTkzMDQ5MjMyNjA0NjE1ODQzNDIZYzAzNzJlYmMyZmVhZGE1OTplczplczpFUw&amp;usg=AFQjCNHkQLSH6OxMSCWyF0CFI2WsRYn2yg\">Las cient\u00edficas dan ejemplo <\/a>&#8211; La Vanguardia<\/p>\n<p><a href=\"https:\/\/www.google.com\/url?rct=j&amp;sa=t&amp;url=https:\/\/cincodias.elpais.com\/cincodias\/2019\/11\/29\/fortunas\/1575058627_487732.html&amp;ct=ga&amp;cd=CAEYAyoTMjE3MjgxMzM0ODg1Mjc4NDk0NTIZYzAzNzJlYmMyZmVhZGE1OTplczplczpFUw&amp;usg=AFQjCNGeY7upY0vaW8GxpseGaji4wh1y6w\">La ciencia, una carrera de fondo (y de obst\u00e1culos) para las mujeres <\/a>&#8211; Cinco D\u00edas<\/p>\n<p><u><a href=\"https:\/\/www.google.com\/url?rct=j&amp;sa=t&amp;url=https:\/\/www.trendencias.com\/mujeres-en-la-ciencia\/cinco-cientificas-espanolas-que-estan-realizando-importantes-aportaciones-al-mundo-que-vivimos-merece-pena-conocer&amp;ct=ga&amp;cd=CAEYASoTMzY1MzE5OTAwNzIzMTUxOTY1MDIZYzAzNzJlYmMyZmVhZGE1OTplczplczpFUw&amp;usg=AFQjCNHSUznTK8SZfueWXXGA0MDk4MiRuw\">Cinco cient\u00edficas espa\u00f1olas que est\u00e1n realizando importantes aportaciones al mundo en el que &#8230; <\/a><\/u>&#8211; Trendencias<\/p>\n<p><u><a href=\"https:\/\/www.google.com\/url?rct=j&amp;sa=t&amp;url=https:\/\/www.elplural.com\/playtime\/21-anos-gloria-fuertes-recitaba-poemas_228614102&amp;ct=ga&amp;cd=CAEYAyoUMTM2NTU1ODEzOTU3NDUxMDU2NjUyGWMwMzcyZWJjMmZlYWRhNTk6ZXM6ZXM6RVM&amp;usg=AFQjCNGHvrYiuf82sj5WsXgd17CmLijz-g\">21 a\u00f1os sin Gloria Fuertes: as\u00ed recitaba sus poemas la gran poetisa espa\u00f1ola del siglo XX <\/a><\/u>&#8211; <a href=\"http:\/\/elplural.com\">elplural.com<\/a><\/p>\n<p><a href=\"https:\/\/www.google.com\/url?rct=j&amp;sa=t&amp;url=https:\/\/toledodiario.es\/leonor-de-guzman-juana-pimentel-o-la-princesa-de-eboli-se-citan-en-una-exposicion-en-el-archivo-de-la-nobleza\/&amp;ct=ga&amp;cd=CAEYASoTNzM2ODMyNjY5ODk3MDA4MTI3OTIZZTFlNzdkMTU2MDk4YThlMzplczplczpFUw&amp;usg=AFQjCNGRi_J8wN27mNZfVkdQutp5drMZ0Q\">Leonor de Guzm\u00e1n, Juana Pimentel o la princesa de \u00c9boli se citan en una exposici\u00f3n en el &#8230; <\/a>&#8211; Toledodiario<\/p>\n<p><strong>Deporte<\/strong><\/p>\n<p><u><a href=\"https:\/\/www.google.com\/url?rct=j&amp;sa=t&amp;url=https:\/\/www.rfef.es\/noticias\/arbitra-guadalupe-porras-ayuso-recibe-premio-mujeres-progresistas&amp;ct=ga&amp;cd=CAEYACoTMzMzMzg0MDEwNjcyMDc3NDQ3MzIZYzAzNzJlYmMyZmVhZGE1OTplczplczpFUw&amp;usg=AFQjCNHonskiYj-pYG2zWGlOuUIP79lswA\">La \u00e1rbitra Guadalupe Porras Ayuso recibe el Premio Mujeres Progresistas: \u00abSe lo dedico a todas &#8230; <\/a><\/u>&#8211; RFEF<\/p>\n<p><a href=\"https:\/\/www.google.com\/url?rct=j&amp;sa=t&amp;url=https:\/\/www.rfef.es\/noticias\/tona-recibe-premio-futuro-femenino-asturias&amp;ct=ga&amp;cd=CAEYCioUMTY2OTM1MzE5NTMyMjgyNjI1NDUyGWMwMzcyZWJjMmZlYWRhNTk6ZXM6ZXM6RVM&amp;usg=AFQjCNE7O_HuRAaYlONYkbS_VPyUhbuBig\">To\u00f1a Is recibe el premio \u00abFuturo en Femenino\u00bb en Asturias <\/a>&#8211; RFEF<\/p>\n<p><a href=\"https:\/\/elpais.com\/deportes\/2019\/12\/01\/actualidad\/1575190306_363056.html\">Espa\u00f1a sigue lanzada en el Mundial de Balonmano Femenino<\/a>\u2026- El Pa\u00eds<\/p>\n<p>[\/toggle]<\/p>\n<p>[toggle type=\u00bbfirst\u00bb title=\u00bbInternacional\u00bb]<\/p>\n<p><a href=\"https:\/\/www.europapress.es\/internacional\/noticia-quien-quien-nueva-comision-ursula-von-der-leyen-20191201092429.html\">Qui\u00e9n es qui\u00e9n en la nueva Comisi\u00f3n de Ursula von der Leyen<\/a>&#8211; Europa Press<\/p>\n<p><a href=\"https:\/\/elpais.com\/sociedad\/2019\/11\/29\/actualidad\/1575022809_157378.html\">\u201cGreta es el ni\u00f1o del cuento del emperador. Y todos estamos desnudos\u201d<\/a> \u2013 El Pa\u00eds<\/p>\n<p><a href=\"https:\/\/www.google.com\/url?rct=j&amp;sa=t&amp;url=https:\/\/blogs.publico.es\/kaostica\/2019\/11\/29\/la-mujer-a-la-que-debes-que-funcione-tu-telefono-movil\/&amp;ct=ga&amp;cd=CAEYByoUMTY2OTM1MzE5NTMyMjgyNjI1NDUyGWMwMzcyZWJjMmZlYWRhNTk6ZXM6ZXM6RVM&amp;usg=AFQjCNE90zrtuuyyAZKNkcuK2b_H1Kl4sg\">La mujer a la que debes que funcione tu tel\u00e9fono m\u00f3vil <\/a>&#8211; P\u00fablico<\/p>\n<p><a href=\"https:\/\/www.google.com\/url?rct=j&amp;sa=t&amp;url=http:\/\/www.eleconomista.es\/economia\/noticias\/10225111\/11\/19\/Lo-que-hay-detras-de-la-mayor-debacle-demografica-del-mundo-individualismo-adiccion-al-trabajo-y-machismo.html&amp;ct=ga&amp;cd=CAEYAyoUMTA2NTcwNTkwNzkzNDI0MTY3MTYyGWMwMzcyZWJjMmZlYWRhNTk6ZXM6ZXM6RVM&amp;usg=AFQjCNH2ObnuUvp6f2a-sGZcZgfEBHYh4g\">Lo que hay detr\u00e1s de la mayor debacle demogr\u00e1fica del mundo: individualismo, adicci\u00f3n al trabajo &#8230; <\/a>&#8211; Ecodiario<\/p>\n<p><a href=\"https:\/\/www.google.com\/url?rct=j&amp;sa=t&amp;url=https:\/\/www.larazon.es\/internacional\/20191129\/pn4xnopclrc2tmv2ya65drwhpi.html&amp;ct=ga&amp;cd=CAEYBCoUMTAyMzgyNjQ2NDI0MDcxNTI3MzIyGWMwMzcyZWJjMmZlYWRhNTk6ZXM6ZXM6RVM&amp;usg=AFQjCNHQ8fAvQl6jEr9Nv9puovber4pG3g\">Un proyecto de ley en Eslovaquia obligar\u00e1 a las mujeres que quieren abortar a escuchar los &#8230; <\/a>&#8211; La Raz\u00f3n<\/p>\n<p><a href=\"https:\/\/www.google.com\/url?rct=j&amp;sa=t&amp;url=https:\/\/www.bbc.com\/mundo\/noticias-america-latina-50610467&amp;ct=ga&amp;cd=CAEYACoUMTU1OTQ0NDE1ODYwMzczNTE3MDIyGWMwMzcyZWJjMmZlYWRhNTk6ZXM6ZXM6RVM&amp;usg=AFQjCNEAgQspB1imNhVunQRV42G5P3a2bw\">El violador eres t\u00fa\u00bb: el potente himno feminista nacido en Chile que resuena en M\u00e9xico, Colombia &#8230; <\/a>\u2013 BBC Mundo<\/p>\n<p><a href=\"https:\/\/www.google.com\/url?rct=j&amp;sa=t&amp;url=https:\/\/elpais.com\/elpais\/2019\/11\/28\/icon_design\/1574964035_534052.html&amp;ct=ga&amp;cd=CAEYAyoUMTYwMTg0MzE2MTM5Mjk1MzI4OTMyGWMwMzcyZWJjMmZlYWRhNTk6ZXM6ZXM6RVM&amp;usg=AFQjCNHFT-cRhuwvGGTotKszfChR4TrfcQ\">Inge Scholl: la activista del dise\u00f1o que &#8216;desnazific\u00f3&#8217; Alemania (y cre\u00f3 la otra Bauhaus) <\/a>\u2013 El Pa\u00eds<\/p>\n<p>[\/toggle]<\/p>\n<p>&nbsp;<\/p>\n<\/div>\n<\/div>\n<\/div>\n<\/div>\n<\/div>\n<\/div>\n","protected":false},"excerpt":{"rendered":"<p>COP25: Cristina Gallach \u00abEn la Cumbre de Madrid hay dos <a href=\"https:\/\/cklcomunicaciones.es\/coop\/noticias-info-ckl-no-2-401-02-12-19\/\">[&#8230;]<\/a><\/p>\n","protected":false},"author":3,"featured_media":0,"comment_status":"closed","ping_status":"closed","sticky":false,"template":"","format":"standard","meta":{"footnotes":""},"categories":[298,623],"tags":[],"class_list":["post-14781","post","type-post","status-publish","format-standard","hentry","category-newsletter","category-nwl-2-0"],"yoast_head":"<!-- This site is optimized with the Yoast SEO plugin v27.5 - https:\/\/yoast.com\/product\/yoast-seo-wordpress\/ -->\n<title>Noticias Info CKL n\u00ba 2.401-02\/12\/19-Comunicar con perspectiva de g\u00e9nero<\/title>\n<meta name=\"description\" content=\"Comunicar con perspectiva de g\u00e9nero: COP25: Cristina Gallach &quot;En la Cumbre de Madrid hay dos palabras claves: accion y ambici\u00f3n&quot;-Adela Cortina, Premio Palabra de la FAPE\/Fundaci\u00f3n C\u00e9sar-La ciencia, una carrera de fondo y de obst\u00e1culos para las mujeres\" \/>\n<meta name=\"robots\" content=\"index, follow, max-snippet:-1, max-image-preview:large, max-video-preview:-1\" \/>\n<link rel=\"canonical\" href=\"https:\/\/cklcomunicaciones.es\/coop\/noticias-info-ckl-no-2-401-02-12-19\/\" \/>\n<meta property=\"og:locale\" content=\"es_ES\" \/>\n<meta property=\"og:type\" content=\"article\" \/>\n<meta property=\"og:title\" content=\"Noticias Info CKL n\u00ba 2.401-02\/12\/19-Comunicar con perspectiva de g\u00e9nero\" \/>\n<meta property=\"og:description\" content=\"Comunicar con perspectiva de g\u00e9nero: COP25: Cristina Gallach &quot;En la Cumbre de Madrid hay dos palabras claves: accion y ambici\u00f3n&quot;-Adela Cortina, Premio Palabra de la FAPE\/Fundaci\u00f3n C\u00e9sar-La ciencia, una carrera de fondo y de obst\u00e1culos para las mujeres\" \/>\n<meta property=\"og:url\" content=\"https:\/\/cklcomunicaciones.es\/coop\/noticias-info-ckl-no-2-401-02-12-19\/\" \/>\n<meta property=\"og:site_name\" content=\"CKL Comunicaciones\" \/>\n<meta property=\"article:published_time\" content=\"2019-12-02T11:18:41+00:00\" \/>\n<meta property=\"article:modified_time\" content=\"2025-01-17T15:42:58+00:00\" \/>\n<meta property=\"og:image\" content=\"https:\/\/cklcomunicaciones.es\/coop\/wp-content\/uploads\/2018\/03\/CKL_comunicacion-con-perspetiva-de-genero.jpg\" \/>\n\t<meta property=\"og:image:width\" content=\"500\" \/>\n\t<meta property=\"og:image:height\" content=\"500\" \/>\n\t<meta property=\"og:image:type\" content=\"image\/jpeg\" \/>\n<meta name=\"author\" content=\"ckl\" \/>\n<meta name=\"twitter:card\" content=\"summary_large_image\" \/>\n<meta name=\"twitter:label1\" content=\"Escrito por\" \/>\n\t<meta name=\"twitter:data1\" content=\"ckl\" \/>\n\t<meta name=\"twitter:label2\" content=\"Tiempo de lectura\" \/>\n\t<meta name=\"twitter:data2\" content=\"6 minutos\" \/>\n<script type=\"application\/ld+json\" class=\"yoast-schema-graph\">{\"@context\":\"https:\\\/\\\/schema.org\",\"@graph\":[{\"@type\":\"Article\",\"@id\":\"https:\\\/\\\/cklcomunicaciones.es\\\/coop\\\/noticias-info-ckl-no-2-401-02-12-19\\\/#article\",\"isPartOf\":{\"@id\":\"https:\\\/\\\/cklcomunicaciones.es\\\/coop\\\/noticias-info-ckl-no-2-401-02-12-19\\\/\"},\"author\":{\"name\":\"ckl\",\"@id\":\"https:\\\/\\\/cklcomunicaciones.es\\\/coop\\\/#\\\/schema\\\/person\\\/929a6837f7626450bbb50cee1aef266e\"},\"headline\":\"Noticias Info CKL n\u00ba 2.401-02\\\/12\\\/19\",\"datePublished\":\"2019-12-02T11:18:41+00:00\",\"dateModified\":\"2025-01-17T15:42:58+00:00\",\"mainEntityOfPage\":{\"@id\":\"https:\\\/\\\/cklcomunicaciones.es\\\/coop\\\/noticias-info-ckl-no-2-401-02-12-19\\\/\"},\"wordCount\":1154,\"image\":{\"@id\":\"https:\\\/\\\/cklcomunicaciones.es\\\/coop\\\/noticias-info-ckl-no-2-401-02-12-19\\\/#primaryimage\"},\"thumbnailUrl\":\"http:\\\/\\\/www.cklcomunicaciones.es\\\/wp-content\\\/uploads\\\/2018\\\/03\\\/CKL_comunicacion-con-perspetiva-de-genero-300x300.jpg\",\"articleSection\":[\"Newsletter\",\"Nwl v2.0\"],\"inLanguage\":\"es\"},{\"@type\":\"WebPage\",\"@id\":\"https:\\\/\\\/cklcomunicaciones.es\\\/coop\\\/noticias-info-ckl-no-2-401-02-12-19\\\/\",\"url\":\"https:\\\/\\\/cklcomunicaciones.es\\\/coop\\\/noticias-info-ckl-no-2-401-02-12-19\\\/\",\"name\":\"Noticias Info CKL n\u00ba 2.401-02\\\/12\\\/19-Comunicar con perspectiva de g\u00e9nero\",\"isPartOf\":{\"@id\":\"https:\\\/\\\/cklcomunicaciones.es\\\/coop\\\/#website\"},\"primaryImageOfPage\":{\"@id\":\"https:\\\/\\\/cklcomunicaciones.es\\\/coop\\\/noticias-info-ckl-no-2-401-02-12-19\\\/#primaryimage\"},\"image\":{\"@id\":\"https:\\\/\\\/cklcomunicaciones.es\\\/coop\\\/noticias-info-ckl-no-2-401-02-12-19\\\/#primaryimage\"},\"thumbnailUrl\":\"http:\\\/\\\/www.cklcomunicaciones.es\\\/wp-content\\\/uploads\\\/2018\\\/03\\\/CKL_comunicacion-con-perspetiva-de-genero-300x300.jpg\",\"datePublished\":\"2019-12-02T11:18:41+00:00\",\"dateModified\":\"2025-01-17T15:42:58+00:00\",\"author\":{\"@id\":\"https:\\\/\\\/cklcomunicaciones.es\\\/coop\\\/#\\\/schema\\\/person\\\/929a6837f7626450bbb50cee1aef266e\"},\"description\":\"Comunicar con perspectiva de g\u00e9nero: COP25: Cristina Gallach \\\"En la Cumbre de Madrid hay dos palabras claves: accion y ambici\u00f3n\\\"-Adela Cortina, Premio Palabra de la FAPE\\\/Fundaci\u00f3n C\u00e9sar-La ciencia, una carrera de fondo y de obst\u00e1culos para las mujeres\",\"breadcrumb\":{\"@id\":\"https:\\\/\\\/cklcomunicaciones.es\\\/coop\\\/noticias-info-ckl-no-2-401-02-12-19\\\/#breadcrumb\"},\"inLanguage\":\"es\",\"potentialAction\":[{\"@type\":\"ReadAction\",\"target\":[\"https:\\\/\\\/cklcomunicaciones.es\\\/coop\\\/noticias-info-ckl-no-2-401-02-12-19\\\/\"]}]},{\"@type\":\"ImageObject\",\"inLanguage\":\"es\",\"@id\":\"https:\\\/\\\/cklcomunicaciones.es\\\/coop\\\/noticias-info-ckl-no-2-401-02-12-19\\\/#primaryimage\",\"url\":\"http:\\\/\\\/www.cklcomunicaciones.es\\\/wp-content\\\/uploads\\\/2018\\\/03\\\/CKL_comunicacion-con-perspetiva-de-genero-300x300.jpg\",\"contentUrl\":\"http:\\\/\\\/www.cklcomunicaciones.es\\\/wp-content\\\/uploads\\\/2018\\\/03\\\/CKL_comunicacion-con-perspetiva-de-genero-300x300.jpg\"},{\"@type\":\"BreadcrumbList\",\"@id\":\"https:\\\/\\\/cklcomunicaciones.es\\\/coop\\\/noticias-info-ckl-no-2-401-02-12-19\\\/#breadcrumb\",\"itemListElement\":[{\"@type\":\"ListItem\",\"position\":1,\"name\":\"Portada\",\"item\":\"https:\\\/\\\/cklcomunicaciones.es\\\/coop\\\/\"},{\"@type\":\"ListItem\",\"position\":2,\"name\":\"Noticias Info CKL n\u00ba 2.401-02\\\/12\\\/19\"}]},{\"@type\":\"WebSite\",\"@id\":\"https:\\\/\\\/cklcomunicaciones.es\\\/coop\\\/#website\",\"url\":\"https:\\\/\\\/cklcomunicaciones.es\\\/coop\\\/\",\"name\":\"CKL Comunicaciones\",\"description\":\"Sitio web de CKL Comunicaciones coop , la consultora de comunicaci\u00f3n y estrategia\",\"potentialAction\":[{\"@type\":\"SearchAction\",\"target\":{\"@type\":\"EntryPoint\",\"urlTemplate\":\"https:\\\/\\\/cklcomunicaciones.es\\\/coop\\\/?s={search_term_string}\"},\"query-input\":{\"@type\":\"PropertyValueSpecification\",\"valueRequired\":true,\"valueName\":\"search_term_string\"}}],\"inLanguage\":\"es\"},{\"@type\":\"Person\",\"@id\":\"https:\\\/\\\/cklcomunicaciones.es\\\/coop\\\/#\\\/schema\\\/person\\\/929a6837f7626450bbb50cee1aef266e\",\"name\":\"ckl\",\"image\":{\"@type\":\"ImageObject\",\"inLanguage\":\"es\",\"@id\":\"https:\\\/\\\/secure.gravatar.com\\\/avatar\\\/c82db564e8a669bf6023357a157b9dc4780f4d4c618f2ad1d71a6a5dede45057?s=96&d=mm&r=g\",\"url\":\"https:\\\/\\\/secure.gravatar.com\\\/avatar\\\/c82db564e8a669bf6023357a157b9dc4780f4d4c618f2ad1d71a6a5dede45057?s=96&d=mm&r=g\",\"contentUrl\":\"https:\\\/\\\/secure.gravatar.com\\\/avatar\\\/c82db564e8a669bf6023357a157b9dc4780f4d4c618f2ad1d71a6a5dede45057?s=96&d=mm&r=g\",\"caption\":\"ckl\"},\"url\":\"https:\\\/\\\/cklcomunicaciones.es\\\/coop\\\/author\\\/cklcomunicaciones\\\/\"}]}<\/script>\n<!-- \/ Yoast SEO plugin. -->","yoast_head_json":{"title":"Noticias Info CKL n\u00ba 2.401-02\/12\/19-Comunicar con perspectiva de g\u00e9nero","description":"Comunicar con perspectiva de g\u00e9nero: COP25: Cristina Gallach \"En la Cumbre de Madrid hay dos palabras claves: accion y ambici\u00f3n\"-Adela Cortina, Premio Palabra de la FAPE\/Fundaci\u00f3n C\u00e9sar-La ciencia, una carrera de fondo y de obst\u00e1culos para las mujeres","robots":{"index":"index","follow":"follow","max-snippet":"max-snippet:-1","max-image-preview":"max-image-preview:large","max-video-preview":"max-video-preview:-1"},"canonical":"https:\/\/cklcomunicaciones.es\/coop\/noticias-info-ckl-no-2-401-02-12-19\/","og_locale":"es_ES","og_type":"article","og_title":"Noticias Info CKL n\u00ba 2.401-02\/12\/19-Comunicar con perspectiva de g\u00e9nero","og_description":"Comunicar con perspectiva de g\u00e9nero: COP25: Cristina Gallach \"En la Cumbre de Madrid hay dos palabras claves: accion y ambici\u00f3n\"-Adela Cortina, Premio Palabra de la FAPE\/Fundaci\u00f3n C\u00e9sar-La ciencia, una carrera de fondo y de obst\u00e1culos para las mujeres","og_url":"https:\/\/cklcomunicaciones.es\/coop\/noticias-info-ckl-no-2-401-02-12-19\/","og_site_name":"CKL Comunicaciones","article_published_time":"2019-12-02T11:18:41+00:00","article_modified_time":"2025-01-17T15:42:58+00:00","og_image":[{"width":500,"height":500,"url":"https:\/\/cklcomunicaciones.es\/coop\/wp-content\/uploads\/2018\/03\/CKL_comunicacion-con-perspetiva-de-genero.jpg","type":"image\/jpeg"}],"author":"ckl","twitter_card":"summary_large_image","twitter_misc":{"Escrito por":"ckl","Tiempo de lectura":"6 minutos"},"schema":{"@context":"https:\/\/schema.org","@graph":[{"@type":"Article","@id":"https:\/\/cklcomunicaciones.es\/coop\/noticias-info-ckl-no-2-401-02-12-19\/#article","isPartOf":{"@id":"https:\/\/cklcomunicaciones.es\/coop\/noticias-info-ckl-no-2-401-02-12-19\/"},"author":{"name":"ckl","@id":"https:\/\/cklcomunicaciones.es\/coop\/#\/schema\/person\/929a6837f7626450bbb50cee1aef266e"},"headline":"Noticias Info CKL n\u00ba 2.401-02\/12\/19","datePublished":"2019-12-02T11:18:41+00:00","dateModified":"2025-01-17T15:42:58+00:00","mainEntityOfPage":{"@id":"https:\/\/cklcomunicaciones.es\/coop\/noticias-info-ckl-no-2-401-02-12-19\/"},"wordCount":1154,"image":{"@id":"https:\/\/cklcomunicaciones.es\/coop\/noticias-info-ckl-no-2-401-02-12-19\/#primaryimage"},"thumbnailUrl":"http:\/\/www.cklcomunicaciones.es\/wp-content\/uploads\/2018\/03\/CKL_comunicacion-con-perspetiva-de-genero-300x300.jpg","articleSection":["Newsletter","Nwl v2.0"],"inLanguage":"es"},{"@type":"WebPage","@id":"https:\/\/cklcomunicaciones.es\/coop\/noticias-info-ckl-no-2-401-02-12-19\/","url":"https:\/\/cklcomunicaciones.es\/coop\/noticias-info-ckl-no-2-401-02-12-19\/","name":"Noticias Info CKL n\u00ba 2.401-02\/12\/19-Comunicar con perspectiva de g\u00e9nero","isPartOf":{"@id":"https:\/\/cklcomunicaciones.es\/coop\/#website"},"primaryImageOfPage":{"@id":"https:\/\/cklcomunicaciones.es\/coop\/noticias-info-ckl-no-2-401-02-12-19\/#primaryimage"},"image":{"@id":"https:\/\/cklcomunicaciones.es\/coop\/noticias-info-ckl-no-2-401-02-12-19\/#primaryimage"},"thumbnailUrl":"http:\/\/www.cklcomunicaciones.es\/wp-content\/uploads\/2018\/03\/CKL_comunicacion-con-perspetiva-de-genero-300x300.jpg","datePublished":"2019-12-02T11:18:41+00:00","dateModified":"2025-01-17T15:42:58+00:00","author":{"@id":"https:\/\/cklcomunicaciones.es\/coop\/#\/schema\/person\/929a6837f7626450bbb50cee1aef266e"},"description":"Comunicar con perspectiva de g\u00e9nero: COP25: Cristina Gallach \"En la Cumbre de Madrid hay dos palabras claves: accion y ambici\u00f3n\"-Adela Cortina, Premio Palabra de la FAPE\/Fundaci\u00f3n C\u00e9sar-La ciencia, una carrera de fondo y de obst\u00e1culos para las mujeres","breadcrumb":{"@id":"https:\/\/cklcomunicaciones.es\/coop\/noticias-info-ckl-no-2-401-02-12-19\/#breadcrumb"},"inLanguage":"es","potentialAction":[{"@type":"ReadAction","target":["https:\/\/cklcomunicaciones.es\/coop\/noticias-info-ckl-no-2-401-02-12-19\/"]}]},{"@type":"ImageObject","inLanguage":"es","@id":"https:\/\/cklcomunicaciones.es\/coop\/noticias-info-ckl-no-2-401-02-12-19\/#primaryimage","url":"http:\/\/www.cklcomunicaciones.es\/wp-content\/uploads\/2018\/03\/CKL_comunicacion-con-perspetiva-de-genero-300x300.jpg","contentUrl":"http:\/\/www.cklcomunicaciones.es\/wp-content\/uploads\/2018\/03\/CKL_comunicacion-con-perspetiva-de-genero-300x300.jpg"},{"@type":"BreadcrumbList","@id":"https:\/\/cklcomunicaciones.es\/coop\/noticias-info-ckl-no-2-401-02-12-19\/#breadcrumb","itemListElement":[{"@type":"ListItem","position":1,"name":"Portada","item":"https:\/\/cklcomunicaciones.es\/coop\/"},{"@type":"ListItem","position":2,"name":"Noticias Info CKL n\u00ba 2.401-02\/12\/19"}]},{"@type":"WebSite","@id":"https:\/\/cklcomunicaciones.es\/coop\/#website","url":"https:\/\/cklcomunicaciones.es\/coop\/","name":"CKL Comunicaciones","description":"Sitio web de CKL Comunicaciones coop , la consultora de comunicaci\u00f3n y estrategia","potentialAction":[{"@type":"SearchAction","target":{"@type":"EntryPoint","urlTemplate":"https:\/\/cklcomunicaciones.es\/coop\/?s={search_term_string}"},"query-input":{"@type":"PropertyValueSpecification","valueRequired":true,"valueName":"search_term_string"}}],"inLanguage":"es"},{"@type":"Person","@id":"https:\/\/cklcomunicaciones.es\/coop\/#\/schema\/person\/929a6837f7626450bbb50cee1aef266e","name":"ckl","image":{"@type":"ImageObject","inLanguage":"es","@id":"https:\/\/secure.gravatar.com\/avatar\/c82db564e8a669bf6023357a157b9dc4780f4d4c618f2ad1d71a6a5dede45057?s=96&d=mm&r=g","url":"https:\/\/secure.gravatar.com\/avatar\/c82db564e8a669bf6023357a157b9dc4780f4d4c618f2ad1d71a6a5dede45057?s=96&d=mm&r=g","contentUrl":"https:\/\/secure.gravatar.com\/avatar\/c82db564e8a669bf6023357a157b9dc4780f4d4c618f2ad1d71a6a5dede45057?s=96&d=mm&r=g","caption":"ckl"},"url":"https:\/\/cklcomunicaciones.es\/coop\/author\/cklcomunicaciones\/"}]}},"_links":{"self":[{"href":"https:\/\/cklcomunicaciones.es\/coop\/wp-json\/wp\/v2\/posts\/14781","targetHints":{"allow":["GET"]}}],"collection":[{"href":"https:\/\/cklcomunicaciones.es\/coop\/wp-json\/wp\/v2\/posts"}],"about":[{"href":"https:\/\/cklcomunicaciones.es\/coop\/wp-json\/wp\/v2\/types\/post"}],"author":[{"embeddable":true,"href":"https:\/\/cklcomunicaciones.es\/coop\/wp-json\/wp\/v2\/users\/3"}],"replies":[{"embeddable":true,"href":"https:\/\/cklcomunicaciones.es\/coop\/wp-json\/wp\/v2\/comments?post=14781"}],"version-history":[{"count":0,"href":"https:\/\/cklcomunicaciones.es\/coop\/wp-json\/wp\/v2\/posts\/14781\/revisions"}],"wp:attachment":[{"href":"https:\/\/cklcomunicaciones.es\/coop\/wp-json\/wp\/v2\/media?parent=14781"}],"wp:term":[{"taxonomy":"category","embeddable":true,"href":"https:\/\/cklcomunicaciones.es\/coop\/wp-json\/wp\/v2\/categories?post=14781"},{"taxonomy":"post_tag","embeddable":true,"href":"https:\/\/cklcomunicaciones.es\/coop\/wp-json\/wp\/v2\/tags?post=14781"}],"curies":[{"name":"wp","href":"https:\/\/api.w.org\/{rel}","templated":true}]}}