{"id":14765,"date":"2019-11-04T12:32:14","date_gmt":"2019-11-04T11:32:14","guid":{"rendered":"http:\/\/www.cklcomunicaciones.es\/?p=14765"},"modified":"2025-01-17T16:42:59","modified_gmt":"2025-01-17T15:42:59","slug":"noticias-info-ckl-no-2-393-04-11-19","status":"publish","type":"post","link":"https:\/\/cklcomunicaciones.es\/coop\/noticias-info-ckl-no-2-393-04-11-19\/","title":{"rendered":"Noticias Info CKL n\u00ba 2.393-04\/11\/19"},"content":{"rendered":"<div id=\"pl-14765\"  class=\"panel-layout\" >\n<div id=\"pg-14765-0\"  class=\"panel-grid panel-no-style\"  data-style=\"{&quot;background_image_attachment&quot;:false,&quot;background_display&quot;:&quot;tile&quot;,&quot;cell_alignment&quot;:&quot;flex-start&quot;}\" >\n<div id=\"pgc-14765-0-0\"  class=\"panel-grid-cell\"  data-weight=\"1\" >\n<div id=\"panel-14765-0-0-0\" class=\"so-panel widget widget_sow-editor panel-first-child panel-last-child\" data-index=\"0\" data-style=\"{&quot;background_image_attachment&quot;:false,&quot;background_display&quot;:&quot;tile&quot;}\" >\n<div class=\"so-widget-sow-editor so-widget-sow-editor-base\">\n<div class=\"siteorigin-widget-tinymce textwidget\">\n<p><img decoding=\"async\" class=\"lazyload  wp-image-13726\" src=\"http:\/\/www.cklcomunicaciones.es\/wp-content\/uploads\/2018\/03\/CKL_comunicacion-con-perspetiva-de-genero-300x300.jpg\" data-orig-src=\"http:\/\/www.cklcomunicaciones.es\/wp-content\/uploads\/2018\/03\/CKL_comunicacion-con-perspetiva-de-genero-300x300.jpg\" alt=\"CKL_comunicacion con perspetiva de genero\" width=\"132\" height=\"132\" srcset=\"data:image\/svg+xml,%3Csvg%20xmlns%3D%27http%3A%2F%2Fwww.w3.org%2F2000%2Fsvg%27%20width%3D%27132%27%20height%3D%27132%27%20viewBox%3D%270%200%20132%20132%27%3E%3Crect%20width%3D%27132%27%20height%3D%27132%27%20fill-opacity%3D%220%22%2F%3E%3C%2Fsvg%3E\" data-srcset=\"https:\/\/cklcomunicaciones.es\/coop\/wp-content\/uploads\/2018\/03\/CKL_comunicacion-con-perspetiva-de-genero-150x150.jpg 150w, https:\/\/cklcomunicaciones.es\/coop\/wp-content\/uploads\/2018\/03\/CKL_comunicacion-con-perspetiva-de-genero-300x300.jpg 300w, https:\/\/cklcomunicaciones.es\/coop\/wp-content\/uploads\/2018\/03\/CKL_comunicacion-con-perspetiva-de-genero-450x450.jpg 450w, https:\/\/cklcomunicaciones.es\/coop\/wp-content\/uploads\/2018\/03\/CKL_comunicacion-con-perspetiva-de-genero.jpg 500w\" data-sizes=\"auto\" data-orig-sizes=\"(max-width: 132px) 100vw, 132px\" \/><\/p>\n<p id=\":h9\" class=\"hP\" tabindex=\"-1\" data-thread-perm-id=\"thread-f:1649270352998364421\" data-legacy-thread-id=\"16e362a5d90cf505\"><strong>Las europeas comienzan a trabajar gratis a partir de este domingo-#10N: avanzar o retroceder en los derechos de las mujeres tambi\u00e9n se decide en las elecciones-Rosal\u00eda coge sitio en los MTV EMA, el olimpo de las divas<\/strong><\/p>\n<p>[toggle type=\u00bbfirst\u00bb title=\u00bbConvocatorias\u00bb]<\/p>\n<ul>\n<li>Conferencia de Petra Meier, Catedr\u00e1tica de Ciencia Pol\u00edtica de la Universidad de Amberes. \u00bfPor qu\u00e9 la representaci\u00f3n simb\u00f3lica es tan importante y c\u00f3mo hacerla inclusiva?. M\u00e1s informaci\u00f3n: <a href=\"http:\/\/www.cklcomunicaciones.es\/conferencia-de-petra-meier-catedratica-de-ciencia-politica-de-la-universidad-de-amberes\/\">http:\/\/www.cklcomunicaciones.es\/conferencia-de-petra-meier-catedratica-de-ciencia-politica-de-la-universidad-de-amberes\/<\/a><\/li>\n<li>XIV Feria provincial de Mujeres Empresarias (FEPME 2019). Sevilla, del 15 al 17 de noviembre en el patio de la Diputaci\u00f3n de Sevilla. M\u00e1s informaci\u00f3n: <a href=\"http:\/\/www.cklcomunicaciones.es\/xiv-feria-provincial-de-mujeres-empresarias-fepme-2019\/\">http:\/\/www.cklcomunicaciones.es\/xiv-feria-provincial-de-mujeres-empresarias-fepme-2019\/<\/a><\/li>\n<\/ul>\n<p>[\/toggle]<\/p>\n<p>[toggle type=\u00bbfirst\u00bb title=\u00bbComunicaci\u00f3n\u00bb]<\/p>\n<p><a href=\"https:\/\/www.mujeremprendedora.net\/alianza-mujeremprendedora-mujeres-valientes\/\">Alianza entre Mujeremprendedora y Mujeres Valientes<\/a> \u2013 Mujeremprendedora.net<\/p>\n<p><a href=\"https:\/\/www.google.com\/url?rct=j&amp;sa=t&amp;url=https:\/\/www.efeminista.com\/viejos-nuevos-codigos-publicidad-sexista\/&amp;ct=ga&amp;cd=CAEYACoUMTYwMTE4ODIwODU5NDA2MTE4ODIyGWMwMzcyZWJjMmZlYWRhNTk6ZXM6ZXM6RVM&amp;usg=AFQjCNEajxxCLSiiABxUSPZX81SkNU0H6Q\">Los viejos nuevos c\u00f3digos de la publicidad sexista<\/a>&#8211; Agencia EFE<a href=\"https:\/\/www.google.com\/url?rct=j&amp;sa=t&amp;url=https:\/\/www.mujerhoy.com\/celebrities\/corazon\/201911\/02\/silvia-jato-entrevista-fundacion-20191030162449.html&amp;ct=ga&amp;cd=CAEYAioSMTQxMjA3NjU4NDgxODgyOTY1MhljMDM3MmViYzJmZWFkYTU5OmVzOmVzOkVT&amp;usg=AFQjCNEl4iyymNJvhFHxkFh4oo39rPTr8A\"><br \/>\nSilvia Jato: \u00abLa \u00fanica manera de convencer a un menor es a trav\u00e9s de la educaci\u00f3n<\/a>&#8211; Mujerhoy.com<a href=\"https:\/\/www.google.com\/url?rct=j&amp;sa=t&amp;url=https:\/\/www.elperiodico.com\/es\/gente\/20191102\/carme-chaparro-presenta-calladita-esta-mas-guapa-7709194&amp;ct=ga&amp;cd=CAEYASoUMTc0OTA2MTk3MjY1MjkwNzMwOTcyGWMwMzcyZWJjMmZlYWRhNTk6ZXM6ZXM6RVM&amp;usg=AFQjCNEb8nGQF5ULxwfTKX_o_vU_4RWN_g\"><br \/>\nCarme Chaparro: \u00abEs necesaria una educaci\u00f3n sexual sana\u00bb<\/a>&#8211; El Peri\u00f3dico<a href=\"https:\/\/www.google.com\/url?rct=j&amp;sa=t&amp;url=http:\/\/www.lawyerpress.com\/2019\/10\/31\/la-inclusion-en-el-mundo-digital-a-debate-en-leon-en-el-encuentro-mujeresciber-organizado-por-incibe\/&amp;ct=ga&amp;cd=CAEYBSoROTA4NDU1NzIxODg0OTk2MzkyGWMwMzcyZWJjMmZlYWRhNTk6ZXM6ZXM6RVM&amp;usg=AFQjCNFDLNn51OPV-e7C5cc6NVYfizyI9Q\"><br \/>\nLa inclusi\u00f3n en el mundo digital, a debate en Le\u00f3n en el encuentro #mujeresciber organizado por &#8230;<\/a>&#8211; Lawyer Press<\/p>\n<p>[\/toggle]<\/p>\n<p>[toggle type=\u00bbfirst\u00bb title=\u00bbAndaluc\u00eda\u00bb]<\/p>\n<p><strong>Institucional<\/strong><a href=\"https:\/\/www.google.com\/url?rct=j&amp;sa=t&amp;url=https:\/\/www.diariodealmeria.es\/almeria\/rocio-ruiz-consejera-almeria_0_1405659983.html&amp;ct=ga&amp;cd=CAEYACoUMTY1ODkxNzQ4NDYxNTQyNDQ3ODkyGzlhYjFjZGQ3ZTM2NmVmMzg6ZXM6ZXM6RVM6Ug&amp;usg=AFQjCNFSRttsobb1tz0U1EYAv6HjG-cclw\"><br \/>\nRoc\u00edo Ruiz, Consejera de Igualdad: \u201cEstamos dando los pasos para el fin de esta sociedad patriarcal\u201d<\/a>&#8211; Diario de Almer\u00eda<strong>\u00a0<\/strong><\/p>\n<p><strong>Econom\u00eda y Empresas<\/strong><\/p>\n<p><a href=\"https:\/\/www.mujeremprendedora.net\/maria-vera-primera-secretaria-general-confederacion-granadina-empresarios\/\">Mar\u00eda Vera, 1\u00aa Secretar\u00eda General de la Confederaci\u00f3n Granadina de Empresarios<\/a>&#8211; Mujeremprendedora.net<\/p>\n<p><a href=\"http:\/\/www.juntadeandalucia.es\/presidencia\/portavoz\/147218\/RocioBlanco\/Parlamento\/Empleo\/Mujeres\/AmbitoRural\">M\u00e1s de 66.000 desempleadas del \u00e1mbito rural se benefician de itinerarios personalizados de inserci\u00f3n<\/a> \u2013 Oficina del Portavoz<\/p>\n<p><a href=\"https:\/\/www.google.com\/url?rct=j&amp;sa=t&amp;url=https:\/\/m.malagahoy.es\/provincia\/Rincon-Victoria-declaracion-FAMP-mujeres-rurales_0_1405659839.html&amp;ct=ga&amp;cd=CAEYAioTNDU3NTMyNjk0OTgyNzA1NjYxMDIbOWFiMWNkZDdlMzY2ZWYzODplczplczpFUzpS&amp;usg=AFQjCNG7i94sV-tM__Ysn3NoMs83geBLyQ\">Rinc\u00f3n de la Victoria se suma a la declaraci\u00f3n de la FAMP para empoderar a\u00a0las mujeres\u00a0rurales<\/a>&#8211; M\u00e1laga Hoy<\/p>\n<p><a href=\"https:\/\/www.google.com\/url?rct=j&amp;sa=t&amp;url=https:\/\/andaluciainformacion.es\/jerez\/857976\/experiencias-cohousing-en-la-ii-feria-de-la-economia-social\/&amp;ct=ga&amp;cd=CAEYACoTMjA1Nzg1ODIwMzAwNTE3ODQwOTIZZDc4ZTU4NzVhMGYxZjJhYzplczplczpFUw&amp;usg=AFQjCNGaXOSRe0z1TgrfIE5Sl2IU5xt3vg\">Experiencias &#8216;Cohousing&#8217;, en la II Feria de la\u00a0Econom\u00eda Social<\/a> -Andaluc\u00eda Informaci\u00f3n<a href=\"https:\/\/www.google.com\/url?rct=j&amp;sa=t&amp;url=https:\/\/www.alhaurindelatorre.com\/la-iii-edicion-de-emi-reune-en-la-diputacion-de-malaga-a-220-empresarias-y-emprendedoras-de-la-provincia\/&amp;ct=ga&amp;cd=CAEYBioTNTQ1ODI1Mzg1MjM0NzEzMDA5MTIZYzAzNzJlYmMyZmVhZGE1OTplczplczpFUw&amp;usg=AFQjCNFpT5hBIK8oH1MoYdHwrBgxI0CszQ\"><br \/>\nLa III edici\u00f3n de EMI re\u00fane en la Diputaci\u00f3n de M\u00e1laga a 220 empresarias y emprendedoras de la &#8230;<\/a>&#8211; Alhaurindelatorre.com<\/p>\n<p><a href=\"https:\/\/www.mujeremprendedora.net\/arrancan-ejido-jornadas-excelencia-empresarial-de-almur\/\">Arrancan en El Ejido las Jornadas de Excelencia Empresarial de Almur<\/a> \u2013 Mujeremprendedora.net<strong>\u00a0<\/strong><\/p>\n<p><strong>A<\/strong><strong>ctualidad<\/strong><\/p>\n<p><a href=\"https:\/\/www.google.com\/url?rct=j&amp;sa=t&amp;url=https:\/\/www.europapress.es\/esandalucia\/sevilla\/noticia-iam-presenta-gobierno-comunidades-proyectos-fomentar-igualdad-centros-escolares-andaluces-20191031104707.html&amp;ct=ga&amp;cd=CAEYACoTNDU3NTMyNjk0OTgyNzA1NjYxMDIbOWFiMWNkZDdlMzY2ZWYzODplczplczpFUzpS&amp;usg=AFQjCNGOTyXYqPcdaEDNuAdmXCRXIRStQw\">El IAM presenta a Gobierno y CCAA sus proyectos para fomentar la igualdad en centros escolares<\/a>&#8211; Europa Press<\/p>\n<p><a href=\"https:\/\/www.google.com\/url?rct=j&amp;sa=t&amp;url=https:\/\/www.noticiasde.es\/andalucia\/dos-millones-de-euros-para-la-atencion-a-mujeres-en-situacion-de-vulnerabilidad\/&amp;ct=ga&amp;cd=CAEYASoUMTM4NjY2OTEwMDg3MzQ1MzkzMjcyGzlhYjFjZGQ3ZTM2NmVmMzg6ZXM6ZXM6RVM6Ug&amp;usg=AFQjCNHz8_h-7rDX1DRXdNjCN-jO5jSusw\">Dos millones de euros para la atenci\u00f3n a\u00a0mujeres en\u00a0situaci\u00f3n de vulnerabilidad<\/a>&#8211; NoticiasDe.es<a href=\"https:\/\/www.google.com\/url?rct=j&amp;sa=t&amp;url=https:\/\/www.20minutos.es\/noticia\/4037160\/0\/mujer-mayor-85-anos-urbanita-perfil-hogar-unipersonal-andalucia\/&amp;ct=ga&amp;cd=CAEYASoUMTAxNDgxOTkxMTAzNzUwMzI1MDQyGWMwMzcyZWJjMmZlYWRhNTk6ZXM6ZXM6RVM&amp;usg=AFQjCNHz95O0UCEYnaXwwbwfcfymIsK3CQ\"><br \/>\nMujer, mayor de 85 a\u00f1os y urbanita, el perfil del hogar unipersonal en Andaluc\u00eda<\/a>&#8211; 20minutos<a href=\"https:\/\/www.google.com\/url?rct=j&amp;sa=t&amp;url=https:\/\/m.eldiadecordoba.es\/cordoba\/edad-media-caducidad-matrimonios-Cordoba_0_1406259614.html&amp;ct=ga&amp;cd=CAEYACoSOTE0NzM1Mzc3NjMzNjcxMDgyMhljMDM3MmViYzJmZWFkYTU5OmVzOmVzOkVT&amp;usg=AFQjCNFlhfQq0DoWEzFWtYvOocSsYY2opA\"><br \/>\nLa &#8216;caducidad&#8217; de los matrimonios llega tras 17,5 a\u00f1os de convivencia<\/a>&#8211; El D\u00eda de C\u00f3rdoba<\/p>\n<p><strong>Violencias<\/strong><a href=\"https:\/\/www.google.com\/url?rct=j&amp;sa=t&amp;url=https:\/\/www.europapress.es\/andalucia\/almeria-00350\/noticia-rocio-ruiz-condena-presunto-asesinato-machista-mujer-encontrada-muerta-julio-almeria-20191101124321.html&amp;ct=ga&amp;cd=CAEYACoUMTEzNzU5NDQ4MzMwMDQxMDc4NjQyGzlhYjFjZGQ3ZTM2NmVmMzg6ZXM6ZXM6RVM6Ug&amp;usg=AFQjCNGL1q23VOaJx27sPWQi4lFUnIBWww\"><br \/>\nRoc\u00edo Ruiz condena el presunto asesinato machista de la\u00a0mujer\u00a0encontrada muerta en julio en &#8230;<\/a>&#8211; Europa Press<\/p>\n<p><a href=\"https:\/\/www.google.com\/url?rct=j&amp;sa=t&amp;url=https:\/\/www.lavanguardia.com\/local\/sevilla\/20191031\/471301954599\/los-sava-tramitaron-en-2018-mas-de-4200-expedientes-relacionados-con-la-violencia-de-genero-en-andalucia.html&amp;ct=ga&amp;cd=CAEYAyoTNDU3NTMyNjk0OTgyNzA1NjYxMDIbOWFiMWNkZDdlMzY2ZWYzODplczplczpFUzpS&amp;usg=AFQjCNFesfaL4FNjt53Evy5JHaM9_gzjnw\">Los SAVA tramitaron en 2018 m\u00e1s de 4.200 expedientes relacionados con la violencia de g\u00e9nero &#8230;<\/a>&#8211; La Vanguardia<\/p>\n<p><a href=\"https:\/\/www.google.com\/url?rct=j&amp;sa=t&amp;url=https:\/\/www.diariojaen.es\/jaen\/el-iam-atiende-a-2000-mujeres-victimas-de-violencia-de-genero-YA6442188&amp;ct=ga&amp;cd=CAEYACoTMzk2NDQ2NDc2NzE3OTE3MDM0MDIbOWFiMWNkZDdlMzY2ZWYzODplczplczpFUzpS&amp;usg=AFQjCNE7-lxUzcM0W9ofZyAy0w0-7n_hDA\">El IAM atiende a 2.000 mujeres v\u00edctimas de violencia de g\u00e9nero<\/a>&#8211; Diario Ja\u00e9n<\/p>\n<p><a href=\"https:\/\/www.google.com\/url?rct=j&amp;sa=t&amp;url=https:\/\/www.europapress.es\/andalucia\/malaga-00356\/noticia-malaga-acoge-organiza-jornadas-trata-personas-sensibilizar-visibilizar-problematica-20191103103236.html&amp;ct=ga&amp;cd=CAEYACoUMTUzNzE3NzA2MDcwODQ2ODc0MDIyGWMwMzcyZWJjMmZlYWRhNTk6ZXM6ZXM6RVM&amp;usg=AFQjCNFWu538uwwQZLSv1H-nXer-y-QIMA\">M\u00e1laga Acoge organiza unas jornadas sobre trata de personas para sensibilizar y visibilizar esta &#8230;<\/a>&#8211; Europa Press<\/p>\n<p><strong>Ciencia y Cultura<\/strong><\/p>\n<p><a href=\"https:\/\/www.mujeremprendedora.net\/directora-catedra-unesco-unia-coordina-naciones-unidas-mesa-analisis-violencia-sexual-conflictos\/\">Ruth Rubio, directora de la C\u00e1tedra UNESCO de la UNIA coordina en Naciones Unidas una mesa de an\u00e1lisis sobre la violencia sexual en conflictos\u2026<\/a> &#8211;<a href=\"http:\/\/mujeremprendedora.net\">mujeremprendedora.net<\/a><\/p>\n<p><a href=\"http:\/\/www.sevillaactualidad.com\/cultura\/135529-talleres-charlas-y-exposiciones-vuelve-la-semana-de-la-ciencia-y-la-tecnologia\/\">Talleres, charlas y exposiciones: vuelve la Semana de la Ciencia y la Tecnolog\u00eda<\/a> \u2013sevillaactualidad<\/p>\n<p><a href=\"https:\/\/www.lne.es\/vida-y-estilo\/gente\/2019\/11\/04\/lola-indigo-mejor-artista-espanola\/2553020.html\">Lola\u00a0\u00cdndigo, mejor artista espa\u00f1ola en los MTV<\/a>&#8211; Completo<\/p>\n<p><a href=\"https:\/\/www.cadena100.es\/musica\/noticias\/los-momentos-para-historia-los-mtv-emas-sevilla-2019-20191104_542115\">Los 5 momentos para la historia de los MTV EMAs Sevilla 2019<\/a>&#8211; Cadena 100<\/p>\n<p><a href=\"http:\/\/www.juntadeandalucia.es\/presidencia\/portavoz\/147249\/ConsejeriaCulturaPatrimonioHistorico\/FestivalEssaouira\/Marruecos\/musica\/flamenco\">El flamenco se hermanar\u00e1 con la m\u00fasica andalus\u00ed por su d\u00e9cimo aniversario como Patrimonio Mundial<\/a> \u2013 Oficina del Portavoz<\/p>\n<p><strong>Deporte<\/strong><\/p>\n<p><a href=\"https:\/\/www.malagahoy.es\/deportes\/Azahara-Munoz-Andalucia-Costa-Espana_0_1404759913.html\">Azahara Mu\u00f1oz disputar\u00e1 el\u00a0Andaluc\u00eda\u00a0Costa del Sol Open de &#8230;<\/a>&#8211; M\u00e1laga Hoy<\/p>\n<p><a href=\"https:\/\/www.diariosur.es\/deportes\/mas-deportes\/septima-copa-andalucia-20191030155249-nt.html\">A por la s\u00e9ptima Copa de\u00a0Andaluc\u00eda<\/a>&#8211; Sur Digital<\/p>\n<p><a href=\"https:\/\/www.elcorreo.com\/deporte-femenino\/otros-deportes\/carolina-marin-pierde-20191027182606-nt.html\">Carolina Mar\u00edn pierde en la final del Abierto de Francia de &#8230;<\/a>&#8211; elcorreo<\/p>\n<p>[\/toggle]<\/p>\n<p>[toggle type=\u00bbfirst\u00bb title=\u00bbEstado\u00bb]<\/p>\n<p><strong>Institucional-CCAA<\/strong>\u00a0<a href=\"https:\/\/www.google.com\/url?rct=j&amp;sa=t&amp;url=http:\/\/www.diariodelaltoaragon.es\/NoticiasDetalle.aspx%3FId%3D1185230&amp;ct=ga&amp;cd=CAEYACoUMTExMDQxMzY3ODg3NjQ1OTkzNTkyGWUyZGVmYTdkNWRhOTE1N2Q6ZXM6ZXM6RVM&amp;usg=AFQjCNFgacCAoWAH5p26w4xKZTASHsDWUw\"><br \/>\nLa Comarca de Los Monegros ofrece formaci\u00f3n sobre seguridad inform\u00e1tica para mujeres en &#8230;<\/a>&#8211; Alto Arag\u00f3n<a href=\"https:\/\/www.google.com\/url?rct=j&amp;sa=t&amp;url=https:\/\/m.noticiasdenavarra.com\/2019\/10\/31\/ocio-y-cultura\/cultura\/el-ciclo-una-direccion-propia-visibilizara-el-teatro-dirigido-por-mujeres&amp;ct=ga&amp;cd=CAEYAyoROTA4NDU1NzIxODg0OTk2MzkyGWMwMzcyZWJjMmZlYWRhNTk6ZXM6ZXM6RVM&amp;usg=AFQjCNHbsqtKt5qEw-mp2CGVCfay2-Zhmw\"><br \/>\nEl ciclo &#8216;Una direcci\u00f3n propia&#8217; visibilizar\u00e1 el teatro dirigido por\u00a0mujeres<\/a>&#8211; Noticias de Navarra<a href=\"https:\/\/www.google.com\/url?rct=j&amp;sa=t&amp;url=https:\/\/www.lavozdeltajo.com\/noticia\/42489\/castilla-la-mancha\/la-igualdad-real-y-efectiva-entre-mujeres-y-hombres:-un-trabajo-conjunto-entre-administraciones-y-sociedad.html&amp;ct=ga&amp;cd=CAEYACoUMTIxODI5NjIwNDQwNTUwNTc2MjYyGWMwMzcyZWJjMmZlYWRhNTk6ZXM6ZXM6RVM&amp;usg=AFQjCNGy2Jrf9bNFN081-GXnMgDrpPZBrQ\"><br \/>\nLa igualdad real y efectiva entre\u00a0mujeres\u00a0y hombres: un trabajo conjunto entre administraciones y &#8230;<\/a>-lavozdeltajo.com<\/p>\n<p><a href=\"https:\/\/www.mujeremprendedora.net\/emakunde-analiza-ginebra-desafios-favor-derechos-mujeres-nivel-mundial\/\">Emakunde analiza en Ginebra los desaf\u00edos a favor de los derechos de las mujeres a nivel mundial<\/a> \u2013 Mujeremprendedora.net<strong>\u00a0<\/strong><\/p>\n<p><strong>Econom\u00eda y Empresa<\/strong><a href=\"https:\/\/www.google.com\/url?rct=j&amp;sa=t&amp;url=https:\/\/www.ideal.es\/sociedad\/espanolas-trabajaran-gratis-desde-noviembre-20191103134309-nt.html&amp;ct=ga&amp;cd=CAEYACoTOTY3MjExMzg1OTA5MzU1MDgyNjIZYzAzNzJlYmMyZmVhZGE1OTplczplczpFUw&amp;usg=AFQjCNFj6C-x4q1TQEowTG4NSsAnpFzcAg\"><br \/>\nLas espa\u00f1olas trabajar\u00e1n &#8216;gratis&#8217; desde el 7 de noviembre hasta 2020 por la brecha salarial<\/a>&#8211; Ideal Digital<a href=\"https:\/\/www.google.com\/url?rct=j&amp;sa=t&amp;url=https:\/\/www.lainformacion.com\/management\/brecha-salarial-baja-si-una-mujer-dirige-empresa\/6516459&amp;ct=ga&amp;cd=CAEYACoTODkzMTMxNTkxNTkyMjI5MzI1MTIZYzAzNzJlYmMyZmVhZGE1OTplczplczpFUw&amp;usg=AFQjCNHm-hWGPUeZ4683pNCQNshk8hVdBw\"><br \/>\nLa brecha de g\u00e9nero se reduce cuando es una\u00a0mujer\u00a0quien dirige la empresa<\/a>&#8211; <a href=\"http:\/\/lainformacion.com\">lainformacion.com<\/a><a href=\"https:\/\/www.google.com\/url?rct=j&amp;sa=t&amp;url=https:\/\/www.farodevigo.es\/sociedad\/2019\/11\/03\/derechos-laborales-mar-detras-pasa\/2196587.html&amp;ct=ga&amp;cd=CAEYACoUMTI4ODcyMjQ4ODM0ODEwNzY1MDUyGWMwMzcyZWJjMmZlYWRhNTk6ZXM6ZXM6RVM&amp;usg=AFQjCNGs1uxBww1rsCAa73SouxjVM_jC1w\"><br \/>\nLaura Carballo Pi\u00f1eiro: \u00abLos derechos laborales en el mar van por detr\u00e1s de lo que pasa en tierra\u00bb<\/a>&#8211; Faro de Vigo<a href=\"https:\/\/www.google.com\/url?rct=j&amp;sa=t&amp;url=https:\/\/www.elperiodico.com\/es\/economia\/20191102\/jursitas-alertan-despido-bajas-justificadas-podria-discriminar-mujeres-7710701&amp;ct=ga&amp;cd=CAEYAyoSNTY0NTY1OTY4NDM5ODE3ODUzMhljMDM3MmViYzJmZWFkYTU5OmVzOmVzOkVT&amp;usg=AFQjCNG4pn6OKhbeyD1Sci0-E8RH32-kIA\"><br \/>\nJuristas alertan de que el despido por bajas justificadas puede discriminar a las\u00a0mujeres<\/a>&#8211; El Peri\u00f3dico<a href=\"https:\/\/www.google.com\/url?rct=j&amp;sa=t&amp;url=https:\/\/www.lawyerpress.com\/2019\/11\/04\/i-congreso-la-cuarta-revolucion-industrial-y-sus-impactos-eticos-soluciones-para-la-agenda-2030\/&amp;ct=ga&amp;cd=CAEYACoTOTkyMTc5MTA3MTU5NDI4NzA3ODIZYzAzNzJlYmMyZmVhZGE1OTplczplczpFUw&amp;usg=AFQjCNF5y2Yexh7WdwziuvTD5QqQnOCM0w\"><br \/>\nI Congreso \u201cLa Cuarta Revoluci\u00f3n Industrial y sus Impactos \u00c9ticos \u2013 soluciones para la Agenda &#8230;<\/a>&#8211; Lawyer Press<\/p>\n<p><strong>Actualidad<\/strong><\/p>\n<p><a href=\"https:\/\/www.google.com\/url?rct=j&amp;sa=t&amp;url=https:\/\/www.publico.es\/sociedad\/violencia-machista-supremo-niega-pension-violencia-machista-viuda-maltratada.html&amp;ct=ga&amp;cd=CAEYASoTMzY5NjA2MTcyMDYyMjYxMzM0NDIZYzAzNzJlYmMyZmVhZGE1OTplczplczpFUw&amp;usg=AFQjCNHlu822qYWqjuwWc6xnfWfxf0GY8A\">El Supremo niega la pensi\u00f3n de violencia machista a una viuda maltratada<\/a> &#8211; P\u00fablico<\/p>\n<p><a href=\"https:\/\/www.google.com\/url?rct=j&amp;sa=t&amp;url=https:\/\/www.publico.es\/politica\/elecciones-10-n-avanzar-retroceder-derechos-mujeres-decide-elecciones.html&amp;ct=ga&amp;cd=CAEYASoTNTc0MDgzMjIyOTc5NDI4ODYwMjIZZTJkZWZhN2Q1ZGE5MTU3ZDplczplczpFUw&amp;usg=AFQjCNH0udswnJndsv2hzf-7L_Q-ZK_ftA\">Avanzar o retroceder en los derechos de las mujeres tambi\u00e9n se decide en estas elecciones<\/a>&#8211; P\u00fablico<\/p>\n<p><a href=\"https:\/\/www.google.com\/url?rct=j&amp;sa=t&amp;url=https:\/\/elpais.com\/sociedad\/2019\/10\/31\/actualidad\/1572509291_234144.html&amp;ct=ga&amp;cd=CAEYACoTNTQ1ODI1Mzg1MjM0NzEzMDA5MTIZYzAzNzJlYmMyZmVhZGE1OTplczplczpFUw&amp;usg=AFQjCNGU84E3kQq2DYa6hPuQZgLZ1rmSBQ\">\u00bfCu\u00e1les son las cifras reales de la dependencia?<\/a>&#8211; El Pa\u00eds<a href=\"https:\/\/www.google.com\/url?rct=j&amp;sa=t&amp;url=https:\/\/www.laprensagrafica.com\/salud\/La-razon-por-la-que-hombres-y-mujeres-tienen-distintas-enfermedades-mentales-20191102-0579.html&amp;ct=ga&amp;cd=CAEYAioTOTY3MjExMzg1OTA5MzU1MDgyNjIZYzAzNzJlYmMyZmVhZGE1OTplczplczpFUw&amp;usg=AFQjCNETXn16ZyQjlEYs18ACRk96LYsfJQ\"><br \/>\nLa raz\u00f3n por la que hombres y\u00a0mujeres\u00a0tienen distintas enfermedades mentales<\/a>&#8211; La Prensa Gr\u00e1fica<strong>\u00a0<\/strong><\/p>\n<p><strong>Violencia<\/strong><strong>s<\/strong><\/p>\n<p><a href=\"https:\/\/www.google.com\/url?rct=j&amp;sa=t&amp;url=https:\/\/www.antena3.com\/noticias\/sociedad\/ya-son-50-las-mujeres-asesinadas-en-2019-encontraron-su-cadaver-en-julio-y-su-pareja-ha-sido-detenido_201910315dbb154a0cf282fef2f9d991.html&amp;ct=ga&amp;cd=CAEYACoTMjI0ODgxOTUyMjc1MzU4NDc0MzIZYzAzNzJlYmMyZmVhZGE1OTplczplczpFUw&amp;usg=AFQjCNEy5ttbtlNDQHrj3IRp5x80Z77uMw\">Ya son 50 las\u00a0mujeres\u00a0asesinadas por violencia de g\u00e9nero en 2019<\/a>&#8211; Antena 3 Noticias<a href=\"https:\/\/www.google.com\/url?rct=j&amp;sa=t&amp;url=https:\/\/www.ideal.es\/almeria\/almeria\/quincena-abusos-sexuales-20191103123006-nt.html&amp;ct=ga&amp;cd=CAEYASoUMTI3ODQ5NjM2NjM0MTA2ODc0NzYyGzlhYjFjZGQ3ZTM2NmVmMzg6ZXM6ZXM6RVM6Ug&amp;usg=AFQjCNEBppXm7Y7X8a1wzXt_4TPpAnxfYQ\"><br \/>\nUna quincena de abusos sexuales y dos violaciones cometidos por j\u00f3venes en 2018 en Almer\u00eda<\/a>&#8211; Ideal Digital<strong>\u00a0<\/strong><\/p>\n<p><strong>Ciencia y Cultura<\/strong><\/p>\n<p><a href=\"https:\/\/www.google.com\/url?rct=j&amp;sa=t&amp;url=https:\/\/www.perfil.com\/noticias\/educacion\/chicas-tecnologicas.phtml&amp;ct=ga&amp;cd=CAEYDCoUMTIxODI5NjIwNDQwNTUwNTc2MjYyGWMwMzcyZWJjMmZlYWRhNTk6ZXM6ZXM6RVM&amp;usg=AFQjCNHdajCliSjxM5hmQGpefd9HZ1AfHg\">Chicas tecnol\u00f3gicas<\/a>&#8211; Perfil.com<\/p>\n<p><a href=\"https:\/\/elpais.com\/politica\/2019\/11\/01\/actualidad\/1572607483_309995.html\">Miriam Gonz\u00e1lez, abogada y fundadora de Inspiring Girls: \u201ca los pol\u00edticos les sobran palmeros y les falta calle\u201d\u2026<\/a> &#8211; El Pa\u00eds<\/p>\n<p><a href=\"https:\/\/www.mujeremprendedora.net\/mas-50-ayudantes-doctor-son-mujeres-solo-20-llegan-catedraticas\/\">M\u00e1s del 50% de los ayudantes de doctor son mujeres, pero solo el 20% llegan a catedr\u00e1ticas<\/a> \u2013 Mujeremprendedora.net<\/p>\n<p><a href=\"https:\/\/elpais.com\/cultura\/2019\/11\/03\/actualidad\/1572818398_673237.html\">Rosal\u00eda coge en los MTV EMA sitio en el olimpo de las divas del pop\u00a0&#8230;<\/a>&#8211; El Pa\u00eds<\/p>\n<p><a href=\"https:\/\/www.blog.iberdrola.com\/2019\/10\/30\/no-te-pierdas-el-ciclo-mujeresdecine\/\">Ciclo #MujeresdeCine\u2026<\/a>-blog.iberdrola<\/p>\n<p><a href=\"https:\/\/www.google.com\/url?rct=j&amp;sa=t&amp;url=https:\/\/www.diariocordoba.com\/noticias\/gente\/escribo-mujeres-no-tienen-voz-yo_1333727.html&amp;ct=ga&amp;cd=CAEYAioUMTI3MTA4NzcxMDkxNDQwMTE5MzkyGWMwMzcyZWJjMmZlYWRhNTk6ZXM6ZXM6RVM&amp;usg=AFQjCNHBo5BkagJE-wUQsyh4BzurC9i3ow\">Carmen Chaparro: \u201cEscribo para las\u00a0mujeres\u00a0que no tienen voz como yo\u00bb<\/a>&#8211; Diario C\u00f3rdoba<\/p>\n<p><strong>Deporte\u00a0<\/strong><\/p>\n<p><a href=\"https:\/\/www.servimedia.es\/noticias\/1189452\">La patronal y los sindicatos del f\u00fatbol\u00a0femenino\u00a0se reunir\u00e1n &#8230;<\/a>&#8211; Servimedia<\/p>\n<p><a href=\"https:\/\/www.elcorreo.com\/deporte-femenino\/otros-deportes\/espanola-aspira-trono-20191031144322-nt.html\">Lara Fern\u00e1ndez que aspira al trono mundial de muay thai hace &#8230;<\/a>&#8211; El Correo<\/p>\n<p><a href=\"https:\/\/www.elcorreo.com\/deporte-femenino\/otros-deportes\/tres-espanolas-parrilla-20191023152136-nt.html\">Tres espa\u00f1olas estar\u00e1n en la parrilla de la F1\u00a0femenina\u00a0en 2020<\/a>&#8211; elcorreo<\/p>\n<p>[\/toggle]<\/p>\n<p>[toggle type=\u00bbfirst\u00bb title=\u00bbInternacional\u00bb]<\/p>\n<p><a href=\"https:\/\/www.google.com\/url?rct=j&amp;sa=t&amp;url=https:\/\/www.niusdiario.es\/economia\/christine-lagarde-mario-draghi-bce-relevo_18_2844195052.html&amp;ct=ga&amp;cd=CAEYASoUMTczODM0NTYwMDQxODg5NTkwNjgyGWMwMzcyZWJjMmZlYWRhNTk6ZXM6ZXM6RVM&amp;usg=AFQjCNFtq-fzdUFmbkaON4-7xKwVkHokQQ\">Christine Lagarde, primera\u00a0mujer\u00a0al frente del Banco Central Europeo<\/a>&#8211; NIUS<\/p>\n<p><a href=\"https:\/\/www.google.com\/url?rct=j&amp;sa=t&amp;url=https:\/\/www.lavanguardia.com\/vida\/20191031\/471304383497\/las-mujeres-europeas-comienzan-a-trabajar-gratis-a-partir-de-este-domingo.html&amp;ct=ga&amp;cd=CAEYASoUMTMxMzE3OTk4MjcyMzQxNDU3NjIyGWMwMzcyZWJjMmZlYWRhNTk6ZXM6ZXM6RVM&amp;usg=AFQjCNFA7Mvm0uOyjQ77yAteycTZQRkAEw\">Las\u00a0mujeres\u00a0europeas comienzan a trabajar \u00abgratis\u00bb a partir de este domingo<\/a>&#8211; La Vanguardia<\/p>\n<p><a href=\"https:\/\/www.mujeremprendedora.net\/la-brecha-salarial-desciende-en-europa-un-020\/\">La brecha salarial desciende en Europa un 0,20%<\/a> &#8211; Mujeremprendedora.net<a href=\"https:\/\/www.google.com\/url?rct=j&amp;sa=t&amp;url=https:\/\/alcanzandoelconocimiento.com\/mexico-instala-el-grupo-directivo-nacional-que-impulsa-el-foro-generacion-igualdad\/&amp;ct=ga&amp;cd=CAEYHSoUMTIxODI5NjIwNDQwNTUwNTc2MjYyGWMwMzcyZWJjMmZlYWRhNTk6ZXM6ZXM6RVM&amp;usg=AFQjCNEzXi4tAZB0RePNOeK-hdbDTTpouQ\"><br \/>\nM\u00e9xico instala el Grupo Directivo Nacional que impulsa el Foro Generaci\u00f3n Igualdad<\/a>&#8211; Alcanzando el Conocimiento (blog)<\/p>\n<p><a href=\"https:\/\/medium.com\/@UN_Women\/the-power-of-women-peacebuilders-4a3220027473\">The power of women peacebuilders \u2026<\/a> &#8211; <a href=\"http:\/\/medium.com\">medium.com<\/a><a href=\"https:\/\/www.google.com\/url?rct=j&amp;sa=t&amp;url=https:\/\/www.latercera.com\/que-pasa\/noticia\/joven-cientifica-descubre-nueva-funcion-proteina-mejora-sobrevida-celulas-cerebrales\/886255\/&amp;ct=ga&amp;cd=CAEYAioTOTYzNTQ5NTYxMTY1OTk2Mjg0OTIZYzAzNzJlYmMyZmVhZGE1OTplczplczpFUw&amp;usg=AFQjCNGFiIP7PkNOxLWCPpYft4VX3FcsQA\"><br \/>\nJoven cient\u00edfica descubre nueva funci\u00f3n de prote\u00edna que mejora sobrevida de c\u00e9lulas cerebrales<\/a>&#8211; LaTercera<a href=\"https:\/\/www.google.com\/url?rct=j&amp;sa=t&amp;url=https:\/\/www.etxepare.eus\/es\/la-catedra-amale-artetxe-de-argentina-se-inaugurara-hoy&amp;ct=ga&amp;cd=CAEYAioROTA4NDU1NzIxODg0OTk2MzkyGWMwMzcyZWJjMmZlYWRhNTk6ZXM6ZXM6RVM&amp;usg=AFQjCNHpbbTKkQst72Y1mLtprLOEuxPIvA\"><br \/>\nLa C\u00e1tedra Amale Artetxe de Argentina se inaugurar\u00e1 hoy<\/a>&#8211; Etxepare Euskal Institutua<\/p>\n<p><a href=\"https:\/\/www.directvsports.com\/mas-deportes\/tenis\/wta\/noticias\/barty-destrono-svitolina-conquisto-masters-femenino\">Barty destron\u00f3 a Svitolina y conquist\u00f3 el Masters\u00a0femenino<\/a>&#8211; Sports<\/p>\n<p>&nbsp;<\/p>\n<p>&nbsp;<\/p>\n<p>[\/toggle]<\/p>\n<\/div>\n<\/div>\n<\/div>\n<\/div>\n<\/div>\n<\/div>\n","protected":false},"excerpt":{"rendered":"<p>Las europeas comienzan a trabajar gratis a partir de este <a href=\"https:\/\/cklcomunicaciones.es\/coop\/noticias-info-ckl-no-2-393-04-11-19\/\">[&#8230;]<\/a><\/p>\n","protected":false},"author":3,"featured_media":0,"comment_status":"closed","ping_status":"closed","sticky":false,"template":"","format":"standard","meta":{"footnotes":""},"categories":[298,623],"tags":[],"class_list":["post-14765","post","type-post","status-publish","format-standard","hentry","category-newsletter","category-nwl-2-0"],"yoast_head":"<!-- This site is optimized with the Yoast SEO plugin v27.4 - https:\/\/yoast.com\/product\/yoast-seo-wordpress\/ -->\n<title>Noticias Info CKL n\u00ba 2.393-04\/11\/19-Comunicar con perspectiva de g\u00e9nero<\/title>\n<meta name=\"description\" content=\"Comunicar con perspectiva de g\u00e9nero:Las europeas comienzan a trabajar gratis a partir de este domingo-#10N: avanzar o retroceder en los derechos de las mujeres tambi\u00e9n se decide en las elecciones-Rosal\u00eda coge sitio en los MTV EMA, el olimpo de las divas\" \/>\n<meta name=\"robots\" content=\"index, follow, max-snippet:-1, max-image-preview:large, max-video-preview:-1\" \/>\n<link rel=\"canonical\" href=\"https:\/\/cklcomunicaciones.es\/coop\/noticias-info-ckl-no-2-393-04-11-19\/\" \/>\n<meta property=\"og:locale\" content=\"es_ES\" \/>\n<meta property=\"og:type\" content=\"article\" \/>\n<meta property=\"og:title\" content=\"Noticias Info CKL n\u00ba 2.393-04\/11\/19-Comunicar con perspectiva de g\u00e9nero\" \/>\n<meta property=\"og:description\" content=\"Comunicar con perspectiva de g\u00e9nero:Las europeas comienzan a trabajar gratis a partir de este domingo-#10N: avanzar o retroceder en los derechos de las mujeres tambi\u00e9n se decide en las elecciones-Rosal\u00eda coge sitio en los MTV EMA, el olimpo de las divas\" \/>\n<meta property=\"og:url\" content=\"https:\/\/cklcomunicaciones.es\/coop\/noticias-info-ckl-no-2-393-04-11-19\/\" \/>\n<meta property=\"og:site_name\" content=\"CKL Comunicaciones\" \/>\n<meta property=\"article:published_time\" content=\"2019-11-04T11:32:14+00:00\" \/>\n<meta property=\"article:modified_time\" content=\"2025-01-17T15:42:59+00:00\" \/>\n<meta property=\"og:image\" content=\"https:\/\/cklcomunicaciones.es\/coop\/wp-content\/uploads\/2018\/03\/CKL_comunicacion-con-perspetiva-de-genero.jpg\" \/>\n\t<meta property=\"og:image:width\" content=\"500\" \/>\n\t<meta property=\"og:image:height\" content=\"500\" \/>\n\t<meta property=\"og:image:type\" content=\"image\/jpeg\" \/>\n<meta name=\"author\" content=\"ckl\" \/>\n<meta name=\"twitter:card\" content=\"summary_large_image\" \/>\n<meta name=\"twitter:label1\" content=\"Escrito por\" \/>\n\t<meta name=\"twitter:data1\" content=\"ckl\" \/>\n\t<meta name=\"twitter:label2\" content=\"Tiempo de lectura\" \/>\n\t<meta name=\"twitter:data2\" content=\"6 minutos\" \/>\n<script type=\"application\/ld+json\" class=\"yoast-schema-graph\">{\"@context\":\"https:\\\/\\\/schema.org\",\"@graph\":[{\"@type\":\"Article\",\"@id\":\"https:\\\/\\\/cklcomunicaciones.es\\\/coop\\\/noticias-info-ckl-no-2-393-04-11-19\\\/#article\",\"isPartOf\":{\"@id\":\"https:\\\/\\\/cklcomunicaciones.es\\\/coop\\\/noticias-info-ckl-no-2-393-04-11-19\\\/\"},\"author\":{\"name\":\"ckl\",\"@id\":\"https:\\\/\\\/cklcomunicaciones.es\\\/coop\\\/#\\\/schema\\\/person\\\/929a6837f7626450bbb50cee1aef266e\"},\"headline\":\"Noticias Info CKL n\u00ba 2.393-04\\\/11\\\/19\",\"datePublished\":\"2019-11-04T11:32:14+00:00\",\"dateModified\":\"2025-01-17T15:42:59+00:00\",\"mainEntityOfPage\":{\"@id\":\"https:\\\/\\\/cklcomunicaciones.es\\\/coop\\\/noticias-info-ckl-no-2-393-04-11-19\\\/\"},\"wordCount\":1133,\"image\":{\"@id\":\"https:\\\/\\\/cklcomunicaciones.es\\\/coop\\\/noticias-info-ckl-no-2-393-04-11-19\\\/#primaryimage\"},\"thumbnailUrl\":\"http:\\\/\\\/www.cklcomunicaciones.es\\\/wp-content\\\/uploads\\\/2018\\\/03\\\/CKL_comunicacion-con-perspetiva-de-genero-300x300.jpg\",\"articleSection\":[\"Newsletter\",\"Nwl v2.0\"],\"inLanguage\":\"es\"},{\"@type\":\"WebPage\",\"@id\":\"https:\\\/\\\/cklcomunicaciones.es\\\/coop\\\/noticias-info-ckl-no-2-393-04-11-19\\\/\",\"url\":\"https:\\\/\\\/cklcomunicaciones.es\\\/coop\\\/noticias-info-ckl-no-2-393-04-11-19\\\/\",\"name\":\"Noticias Info CKL n\u00ba 2.393-04\\\/11\\\/19-Comunicar con perspectiva de g\u00e9nero\",\"isPartOf\":{\"@id\":\"https:\\\/\\\/cklcomunicaciones.es\\\/coop\\\/#website\"},\"primaryImageOfPage\":{\"@id\":\"https:\\\/\\\/cklcomunicaciones.es\\\/coop\\\/noticias-info-ckl-no-2-393-04-11-19\\\/#primaryimage\"},\"image\":{\"@id\":\"https:\\\/\\\/cklcomunicaciones.es\\\/coop\\\/noticias-info-ckl-no-2-393-04-11-19\\\/#primaryimage\"},\"thumbnailUrl\":\"http:\\\/\\\/www.cklcomunicaciones.es\\\/wp-content\\\/uploads\\\/2018\\\/03\\\/CKL_comunicacion-con-perspetiva-de-genero-300x300.jpg\",\"datePublished\":\"2019-11-04T11:32:14+00:00\",\"dateModified\":\"2025-01-17T15:42:59+00:00\",\"author\":{\"@id\":\"https:\\\/\\\/cklcomunicaciones.es\\\/coop\\\/#\\\/schema\\\/person\\\/929a6837f7626450bbb50cee1aef266e\"},\"description\":\"Comunicar con perspectiva de g\u00e9nero:Las europeas comienzan a trabajar gratis a partir de este domingo-#10N: avanzar o retroceder en los derechos de las mujeres tambi\u00e9n se decide en las elecciones-Rosal\u00eda coge sitio en los MTV EMA, el olimpo de las divas\",\"breadcrumb\":{\"@id\":\"https:\\\/\\\/cklcomunicaciones.es\\\/coop\\\/noticias-info-ckl-no-2-393-04-11-19\\\/#breadcrumb\"},\"inLanguage\":\"es\",\"potentialAction\":[{\"@type\":\"ReadAction\",\"target\":[\"https:\\\/\\\/cklcomunicaciones.es\\\/coop\\\/noticias-info-ckl-no-2-393-04-11-19\\\/\"]}]},{\"@type\":\"ImageObject\",\"inLanguage\":\"es\",\"@id\":\"https:\\\/\\\/cklcomunicaciones.es\\\/coop\\\/noticias-info-ckl-no-2-393-04-11-19\\\/#primaryimage\",\"url\":\"http:\\\/\\\/www.cklcomunicaciones.es\\\/wp-content\\\/uploads\\\/2018\\\/03\\\/CKL_comunicacion-con-perspetiva-de-genero-300x300.jpg\",\"contentUrl\":\"http:\\\/\\\/www.cklcomunicaciones.es\\\/wp-content\\\/uploads\\\/2018\\\/03\\\/CKL_comunicacion-con-perspetiva-de-genero-300x300.jpg\"},{\"@type\":\"BreadcrumbList\",\"@id\":\"https:\\\/\\\/cklcomunicaciones.es\\\/coop\\\/noticias-info-ckl-no-2-393-04-11-19\\\/#breadcrumb\",\"itemListElement\":[{\"@type\":\"ListItem\",\"position\":1,\"name\":\"Portada\",\"item\":\"https:\\\/\\\/cklcomunicaciones.es\\\/coop\\\/\"},{\"@type\":\"ListItem\",\"position\":2,\"name\":\"Noticias Info CKL n\u00ba 2.393-04\\\/11\\\/19\"}]},{\"@type\":\"WebSite\",\"@id\":\"https:\\\/\\\/cklcomunicaciones.es\\\/coop\\\/#website\",\"url\":\"https:\\\/\\\/cklcomunicaciones.es\\\/coop\\\/\",\"name\":\"CKL Comunicaciones\",\"description\":\"Sitio web de CKL Comunicaciones coop , la consultora de comunicaci\u00f3n y estrategia\",\"potentialAction\":[{\"@type\":\"SearchAction\",\"target\":{\"@type\":\"EntryPoint\",\"urlTemplate\":\"https:\\\/\\\/cklcomunicaciones.es\\\/coop\\\/?s={search_term_string}\"},\"query-input\":{\"@type\":\"PropertyValueSpecification\",\"valueRequired\":true,\"valueName\":\"search_term_string\"}}],\"inLanguage\":\"es\"},{\"@type\":\"Person\",\"@id\":\"https:\\\/\\\/cklcomunicaciones.es\\\/coop\\\/#\\\/schema\\\/person\\\/929a6837f7626450bbb50cee1aef266e\",\"name\":\"ckl\",\"image\":{\"@type\":\"ImageObject\",\"inLanguage\":\"es\",\"@id\":\"https:\\\/\\\/secure.gravatar.com\\\/avatar\\\/c82db564e8a669bf6023357a157b9dc4780f4d4c618f2ad1d71a6a5dede45057?s=96&d=mm&r=g\",\"url\":\"https:\\\/\\\/secure.gravatar.com\\\/avatar\\\/c82db564e8a669bf6023357a157b9dc4780f4d4c618f2ad1d71a6a5dede45057?s=96&d=mm&r=g\",\"contentUrl\":\"https:\\\/\\\/secure.gravatar.com\\\/avatar\\\/c82db564e8a669bf6023357a157b9dc4780f4d4c618f2ad1d71a6a5dede45057?s=96&d=mm&r=g\",\"caption\":\"ckl\"},\"url\":\"https:\\\/\\\/cklcomunicaciones.es\\\/coop\\\/author\\\/cklcomunicaciones\\\/\"}]}<\/script>\n<!-- \/ Yoast SEO plugin. -->","yoast_head_json":{"title":"Noticias Info CKL n\u00ba 2.393-04\/11\/19-Comunicar con perspectiva de g\u00e9nero","description":"Comunicar con perspectiva de g\u00e9nero:Las europeas comienzan a trabajar gratis a partir de este domingo-#10N: avanzar o retroceder en los derechos de las mujeres tambi\u00e9n se decide en las elecciones-Rosal\u00eda coge sitio en los MTV EMA, el olimpo de las divas","robots":{"index":"index","follow":"follow","max-snippet":"max-snippet:-1","max-image-preview":"max-image-preview:large","max-video-preview":"max-video-preview:-1"},"canonical":"https:\/\/cklcomunicaciones.es\/coop\/noticias-info-ckl-no-2-393-04-11-19\/","og_locale":"es_ES","og_type":"article","og_title":"Noticias Info CKL n\u00ba 2.393-04\/11\/19-Comunicar con perspectiva de g\u00e9nero","og_description":"Comunicar con perspectiva de g\u00e9nero:Las europeas comienzan a trabajar gratis a partir de este domingo-#10N: avanzar o retroceder en los derechos de las mujeres tambi\u00e9n se decide en las elecciones-Rosal\u00eda coge sitio en los MTV EMA, el olimpo de las divas","og_url":"https:\/\/cklcomunicaciones.es\/coop\/noticias-info-ckl-no-2-393-04-11-19\/","og_site_name":"CKL Comunicaciones","article_published_time":"2019-11-04T11:32:14+00:00","article_modified_time":"2025-01-17T15:42:59+00:00","og_image":[{"width":500,"height":500,"url":"https:\/\/cklcomunicaciones.es\/coop\/wp-content\/uploads\/2018\/03\/CKL_comunicacion-con-perspetiva-de-genero.jpg","type":"image\/jpeg"}],"author":"ckl","twitter_card":"summary_large_image","twitter_misc":{"Escrito por":"ckl","Tiempo de lectura":"6 minutos"},"schema":{"@context":"https:\/\/schema.org","@graph":[{"@type":"Article","@id":"https:\/\/cklcomunicaciones.es\/coop\/noticias-info-ckl-no-2-393-04-11-19\/#article","isPartOf":{"@id":"https:\/\/cklcomunicaciones.es\/coop\/noticias-info-ckl-no-2-393-04-11-19\/"},"author":{"name":"ckl","@id":"https:\/\/cklcomunicaciones.es\/coop\/#\/schema\/person\/929a6837f7626450bbb50cee1aef266e"},"headline":"Noticias Info CKL n\u00ba 2.393-04\/11\/19","datePublished":"2019-11-04T11:32:14+00:00","dateModified":"2025-01-17T15:42:59+00:00","mainEntityOfPage":{"@id":"https:\/\/cklcomunicaciones.es\/coop\/noticias-info-ckl-no-2-393-04-11-19\/"},"wordCount":1133,"image":{"@id":"https:\/\/cklcomunicaciones.es\/coop\/noticias-info-ckl-no-2-393-04-11-19\/#primaryimage"},"thumbnailUrl":"http:\/\/www.cklcomunicaciones.es\/wp-content\/uploads\/2018\/03\/CKL_comunicacion-con-perspetiva-de-genero-300x300.jpg","articleSection":["Newsletter","Nwl v2.0"],"inLanguage":"es"},{"@type":"WebPage","@id":"https:\/\/cklcomunicaciones.es\/coop\/noticias-info-ckl-no-2-393-04-11-19\/","url":"https:\/\/cklcomunicaciones.es\/coop\/noticias-info-ckl-no-2-393-04-11-19\/","name":"Noticias Info CKL n\u00ba 2.393-04\/11\/19-Comunicar con perspectiva de g\u00e9nero","isPartOf":{"@id":"https:\/\/cklcomunicaciones.es\/coop\/#website"},"primaryImageOfPage":{"@id":"https:\/\/cklcomunicaciones.es\/coop\/noticias-info-ckl-no-2-393-04-11-19\/#primaryimage"},"image":{"@id":"https:\/\/cklcomunicaciones.es\/coop\/noticias-info-ckl-no-2-393-04-11-19\/#primaryimage"},"thumbnailUrl":"http:\/\/www.cklcomunicaciones.es\/wp-content\/uploads\/2018\/03\/CKL_comunicacion-con-perspetiva-de-genero-300x300.jpg","datePublished":"2019-11-04T11:32:14+00:00","dateModified":"2025-01-17T15:42:59+00:00","author":{"@id":"https:\/\/cklcomunicaciones.es\/coop\/#\/schema\/person\/929a6837f7626450bbb50cee1aef266e"},"description":"Comunicar con perspectiva de g\u00e9nero:Las europeas comienzan a trabajar gratis a partir de este domingo-#10N: avanzar o retroceder en los derechos de las mujeres tambi\u00e9n se decide en las elecciones-Rosal\u00eda coge sitio en los MTV EMA, el olimpo de las divas","breadcrumb":{"@id":"https:\/\/cklcomunicaciones.es\/coop\/noticias-info-ckl-no-2-393-04-11-19\/#breadcrumb"},"inLanguage":"es","potentialAction":[{"@type":"ReadAction","target":["https:\/\/cklcomunicaciones.es\/coop\/noticias-info-ckl-no-2-393-04-11-19\/"]}]},{"@type":"ImageObject","inLanguage":"es","@id":"https:\/\/cklcomunicaciones.es\/coop\/noticias-info-ckl-no-2-393-04-11-19\/#primaryimage","url":"http:\/\/www.cklcomunicaciones.es\/wp-content\/uploads\/2018\/03\/CKL_comunicacion-con-perspetiva-de-genero-300x300.jpg","contentUrl":"http:\/\/www.cklcomunicaciones.es\/wp-content\/uploads\/2018\/03\/CKL_comunicacion-con-perspetiva-de-genero-300x300.jpg"},{"@type":"BreadcrumbList","@id":"https:\/\/cklcomunicaciones.es\/coop\/noticias-info-ckl-no-2-393-04-11-19\/#breadcrumb","itemListElement":[{"@type":"ListItem","position":1,"name":"Portada","item":"https:\/\/cklcomunicaciones.es\/coop\/"},{"@type":"ListItem","position":2,"name":"Noticias Info CKL n\u00ba 2.393-04\/11\/19"}]},{"@type":"WebSite","@id":"https:\/\/cklcomunicaciones.es\/coop\/#website","url":"https:\/\/cklcomunicaciones.es\/coop\/","name":"CKL Comunicaciones","description":"Sitio web de CKL Comunicaciones coop , la consultora de comunicaci\u00f3n y estrategia","potentialAction":[{"@type":"SearchAction","target":{"@type":"EntryPoint","urlTemplate":"https:\/\/cklcomunicaciones.es\/coop\/?s={search_term_string}"},"query-input":{"@type":"PropertyValueSpecification","valueRequired":true,"valueName":"search_term_string"}}],"inLanguage":"es"},{"@type":"Person","@id":"https:\/\/cklcomunicaciones.es\/coop\/#\/schema\/person\/929a6837f7626450bbb50cee1aef266e","name":"ckl","image":{"@type":"ImageObject","inLanguage":"es","@id":"https:\/\/secure.gravatar.com\/avatar\/c82db564e8a669bf6023357a157b9dc4780f4d4c618f2ad1d71a6a5dede45057?s=96&d=mm&r=g","url":"https:\/\/secure.gravatar.com\/avatar\/c82db564e8a669bf6023357a157b9dc4780f4d4c618f2ad1d71a6a5dede45057?s=96&d=mm&r=g","contentUrl":"https:\/\/secure.gravatar.com\/avatar\/c82db564e8a669bf6023357a157b9dc4780f4d4c618f2ad1d71a6a5dede45057?s=96&d=mm&r=g","caption":"ckl"},"url":"https:\/\/cklcomunicaciones.es\/coop\/author\/cklcomunicaciones\/"}]}},"_links":{"self":[{"href":"https:\/\/cklcomunicaciones.es\/coop\/wp-json\/wp\/v2\/posts\/14765","targetHints":{"allow":["GET"]}}],"collection":[{"href":"https:\/\/cklcomunicaciones.es\/coop\/wp-json\/wp\/v2\/posts"}],"about":[{"href":"https:\/\/cklcomunicaciones.es\/coop\/wp-json\/wp\/v2\/types\/post"}],"author":[{"embeddable":true,"href":"https:\/\/cklcomunicaciones.es\/coop\/wp-json\/wp\/v2\/users\/3"}],"replies":[{"embeddable":true,"href":"https:\/\/cklcomunicaciones.es\/coop\/wp-json\/wp\/v2\/comments?post=14765"}],"version-history":[{"count":0,"href":"https:\/\/cklcomunicaciones.es\/coop\/wp-json\/wp\/v2\/posts\/14765\/revisions"}],"wp:attachment":[{"href":"https:\/\/cklcomunicaciones.es\/coop\/wp-json\/wp\/v2\/media?parent=14765"}],"wp:term":[{"taxonomy":"category","embeddable":true,"href":"https:\/\/cklcomunicaciones.es\/coop\/wp-json\/wp\/v2\/categories?post=14765"},{"taxonomy":"post_tag","embeddable":true,"href":"https:\/\/cklcomunicaciones.es\/coop\/wp-json\/wp\/v2\/tags?post=14765"}],"curies":[{"name":"wp","href":"https:\/\/api.w.org\/{rel}","templated":true}]}}