{"id":14761,"date":"2019-10-31T12:35:49","date_gmt":"2019-10-31T11:35:49","guid":{"rendered":"http:\/\/www.cklcomunicaciones.es\/?p=14761"},"modified":"2025-01-17T16:43:00","modified_gmt":"2025-01-17T15:43:00","slug":"noticias-info-ckl-no-2-392-31-10-19","status":"publish","type":"post","link":"https:\/\/cklcomunicaciones.es\/coop\/noticias-info-ckl-no-2-392-31-10-19\/","title":{"rendered":"Noticias Info CKL n\u00ba 2.392-31\/10\/19"},"content":{"rendered":"<div id=\"pl-14761\"  class=\"panel-layout\" >\n<div id=\"pg-14761-0\"  class=\"panel-grid panel-no-style\"  data-style=\"{&quot;background_image_attachment&quot;:false,&quot;background_display&quot;:&quot;tile&quot;,&quot;cell_alignment&quot;:&quot;flex-start&quot;}\" >\n<div id=\"pgc-14761-0-0\"  class=\"panel-grid-cell\"  data-weight=\"1\" >\n<div id=\"panel-14761-0-0-0\" class=\"so-panel widget widget_sow-editor panel-first-child panel-last-child\" data-index=\"0\" data-style=\"{&quot;background_image_attachment&quot;:false,&quot;background_display&quot;:&quot;tile&quot;}\" >\n<div class=\"so-widget-sow-editor so-widget-sow-editor-base\">\n<div class=\"siteorigin-widget-tinymce textwidget\">\n<p><img decoding=\"async\" class=\"lazyload  wp-image-13726\" src=\"http:\/\/www.cklcomunicaciones.es\/wp-content\/uploads\/2018\/03\/CKL_comunicacion-con-perspetiva-de-genero-300x300.jpg\" data-orig-src=\"http:\/\/www.cklcomunicaciones.es\/wp-content\/uploads\/2018\/03\/CKL_comunicacion-con-perspetiva-de-genero-300x300.jpg\" alt=\"CKL_comunicacion con perspetiva de genero\" width=\"132\" height=\"132\" srcset=\"data:image\/svg+xml,%3Csvg%20xmlns%3D%27http%3A%2F%2Fwww.w3.org%2F2000%2Fsvg%27%20width%3D%27132%27%20height%3D%27132%27%20viewBox%3D%270%200%20132%20132%27%3E%3Crect%20width%3D%27132%27%20height%3D%27132%27%20fill-opacity%3D%220%22%2F%3E%3C%2Fsvg%3E\" data-srcset=\"https:\/\/cklcomunicaciones.es\/coop\/wp-content\/uploads\/2018\/03\/CKL_comunicacion-con-perspetiva-de-genero-150x150.jpg 150w, https:\/\/cklcomunicaciones.es\/coop\/wp-content\/uploads\/2018\/03\/CKL_comunicacion-con-perspetiva-de-genero-300x300.jpg 300w, https:\/\/cklcomunicaciones.es\/coop\/wp-content\/uploads\/2018\/03\/CKL_comunicacion-con-perspetiva-de-genero-450x450.jpg 450w, https:\/\/cklcomunicaciones.es\/coop\/wp-content\/uploads\/2018\/03\/CKL_comunicacion-con-perspetiva-de-genero.jpg 500w\" data-sizes=\"auto\" data-orig-sizes=\"(max-width: 132px) 100vw, 132px\" \/><\/p>\n<p><strong>Andaluc\u00eda: Igualdad distribuye 11,6 mill para proyectos contra la VG del Pacto de Estado-CIS: Mujer menor de 25 a\u00f1os, perfil del votante indeciso-EFE se suma a la iniciativa #D\u00f3ndeEst\u00e1nEllas del Parlamento Europeo<\/strong><\/p>\n<p>[toggle type=\u00bbfirst\u00bb title=\u00bbConvocatorias\u00bb]<\/p>\n<ul>\n<li>Jornada de lanzamiento de Girls in Tech en Andaluc\u00eda y el Bootcamp: \u00abGirls in Tech Bootcamp: Run your Business. Sevilla, Universidad Loyola Andaluc\u00eda, pr\u00f3ximo 6 de noviembre de 11h a 17h. M\u00e1s informaci\u00f3n: <a href=\"http:\/\/www.cklcomunicaciones.es\/girlsintech-andalucia\/\">http:\/\/www.cklcomunicaciones.es\/girlsintech-andalucia\/<\/a><\/li>\n<li><a href=\"http:\/\/www.cklcomunicaciones.es\/girlsintech-andalucia\/\">Women in Focus &#8216;AAMMA Genera. Formaci\u00f3n para el impulso de proyectos audiovisuales'[dentro del\u00a016 Festival de Cine de Sevilla]. Asociaci\u00f3n Andaluza de Mujeres de los Medios Audiovisuales -AAMMA-. 11 y 12 de noviembre de 2019<\/a><\/li>\n<li><a href=\"http:\/\/festivalcinesevilla.eu\/\">Conferencia \u00abEl rol de la mujeres en las profesiones STEM: casos de \u00e9xito\u00bb . Escuela T\u00e9cnica Superior de Ingenier\u00eda de la Universidad de Sevilla, 15 de noviembre de 2019, 17:00 h. Info: https:\/\/www.etsi.us.es\/node\/2892\u00a0\/ Inscripci\u00f3n: <\/a><\/li>\n<\/ul>\n<p><a href=\"https:\/\/www.etsi.us.es\/node\/2892\">https:\/\/www.etsi.us.es\/sites\/default\/files\/20191115_Conferencia%20STEM.pdf<\/a><\/p>\n<p>[\/toggle]<\/p>\n<p>[toggle type=\u00bbfirst\u00bb title=\u00bbComunicaci\u00f3n\u00bb]<\/p>\n<p><a href=\"http:\/\/www.europarl.europa.eu\/spain\/es\/sala_de_prensa\/communicados_de_prensa\/pr-2019\/10-2019\/10102019.html\">EFE se suma a la iniciativa #D\u00f3ndeEst\u00e1nEllas del Parlamento Europeo\u2026-europarl.europa.eu<\/a><\/p>\n<p><a href=\"https:\/\/www.google.com\/url?rct=j&amp;sa=t&amp;url=https:\/\/www.elmundo.es\/yodona\/lifestyle\/2019\/10\/30\/5db9676ffdddff28a48b45db.html&amp;ct=ga&amp;cd=CAEYACoTMzg4NDc3NTk1NzI3MDU5ODE3OTIZYzAzNzJlYmMyZmVhZGE1OTplczplczpFUw&amp;usg=AFQjCNFJGWbYvpdf_m0gDrkPOyLfx34oCA\" data-saferedirecturl=\"https:\/\/www.google.com\/url?q=https:\/\/www.google.com\/url?rct%3Dj%26sa%3Dt%26url%3Dhttps:\/\/www.elmundo.es\/yodona\/lifestyle\/2019\/10\/30\/5db9676ffdddff28a48b45db.html%26ct%3Dga%26cd%3DCAEYACoTMzg4NDc3NTk1NzI3MDU5ODE3OTIZYzAzNzJlYmMyZmVhZGE1OTplczplczpFUw%26usg%3DAFQjCNFJGWbYvpdf_m0gDrkPOyLfx34oCA&amp;source=gmail&amp;ust=1572607009432000&amp;usg=AFQjCNHyli2vOeKtq0j5FiaeiRk5sXqKhQ\">Joanna Pastrana y otras 24 deportistas que han hecho historia, se sinceran sobre su lucha por &#8230;<\/a>&#8211; El Mundo<\/p>\n<p><a href=\"https:\/\/www.google.com\/url?rct=j&amp;sa=t&amp;url=http:\/\/www.granma.cu\/cuba\/2019-10-30\/genero-y-comunicacion-en-los-medios-radiografia-de-un-debate-posible-30-10-2019-22-10-42&amp;ct=ga&amp;cd=CAEYACoTNDY3ODc1NTU5MjAyODkwNTc1OTIZZTFlNzdkMTU2MDk4YThlMzplczplczpFUw&amp;usg=AFQjCNHeXl1sJuYThMRmoASXTW8SsKJwAA\" data-saferedirecturl=\"https:\/\/www.google.com\/url?q=https:\/\/www.google.com\/url?rct%3Dj%26sa%3Dt%26url%3Dhttp:\/\/www.granma.cu\/cuba\/2019-10-30\/genero-y-comunicacion-en-los-medios-radiografia-de-un-debate-posible-30-10-2019-22-10-42%26ct%3Dga%26cd%3DCAEYACoTNDY3ODc1NTU5MjAyODkwNTc1OTIZZTFlNzdkMTU2MDk4YThlMzplczplczpFUw%26usg%3DAFQjCNHeXl1sJuYThMRmoASXTW8SsKJwAA&amp;source=gmail&amp;ust=1572607009432000&amp;usg=AFQjCNE84exoIHfh32MvEpY3NPjEVAeZRg\">G\u00e9nero\u00a0y comunicaci\u00f3n en los medios, radiograf\u00eda de un debate posible<\/a>&#8211; Diario Granma<\/p>\n<p><a href=\"https:\/\/www.etsi.us.es\/sites\/default\/files\/20191115_Conferencia%20STEM.pdf\" data-saferedirecturl=\"https:\/\/www.google.com\/url?q=https:\/\/www.etsi.us.es\/sites\/default\/files\/20191115_Conferencia%2520STEM.pdf&amp;source=gmail&amp;ust=1572607009432000&amp;usg=AFQjCNE6DRIFOhDDAEZm8HHg_tmBLcBoCw\">Reseteadas, la serie para denunciar el machismo cotidiano\u2026-Tribunafeminista<\/a><\/p>\n<p><a href=\"https:\/\/tribunafeminista.elplural.com\/2019\/10\/reseteadas-la-serie-para-denunciar-el-machismo-cotidiano\/\" data-saferedirecturl=\"https:\/\/www.google.com\/url?q=https:\/\/tribunafeminista.elplural.com\/2019\/10\/reseteadas-la-serie-para-denunciar-el-machismo-cotidiano\/&amp;source=gmail&amp;ust=1572607009432000&amp;usg=AFQjCNHg5sa-Ds2KggPzfqa8HLOnLy63ag\">Esther Borao: \u201cLa tecnolog\u00eda te permite llevar a la realidad todo aquello que imagines\u201d- Arag\u00f3n Digital<\/a><\/p>\n<p>[\/toggle]<\/p>\n<p>[toggle type=\u00bbfirst\u00bb title=\u00bbAndaluc\u00eda\u00bb]<\/p>\n<p><strong>Institucional<\/strong><\/p>\n<p><a href=\"https:\/\/www.google.com\/url?rct=j&amp;sa=t&amp;url=https:\/\/www.aragondigital.es\/2019\/10\/28\/esther-borao-la-tecnologia-te-permite-llevar-a-la-realidad-todo-aquello-que-imagines\/&amp;ct=ga&amp;cd=CAEYBioSODY0MTg3MzUzMTQyNzk4ODczMhljMDM3MmViYzJmZWFkYTU5OmVzOmVzOkVT&amp;usg=AFQjCNHra1rEFpqBViWcCgTFQc58bmIxWw\" data-saferedirecturl=\"https:\/\/www.google.com\/url?q=https:\/\/www.google.com\/url?rct%3Dj%26sa%3Dt%26url%3Dhttps:\/\/www.aragondigital.es\/2019\/10\/28\/esther-borao-la-tecnologia-te-permite-llevar-a-la-realidad-todo-aquello-que-imagines\/%26ct%3Dga%26cd%3DCAEYBioSODY0MTg3MzUzMTQyNzk4ODczMhljMDM3MmViYzJmZWFkYTU5OmVzOmVzOkVT%26usg%3DAFQjCNHra1rEFpqBViWcCgTFQc58bmIxWw&amp;source=gmail&amp;ust=1572607009432000&amp;usg=AFQjCNEU8C6H1p9FoQKDhARgJqg4mPlVmw\">Igualdad distribuye 11,6 millones para proyectos contra la violencia de g\u00e9nero del Pacto de Estado \u2013 Oficina del Portavoz<\/a><\/p>\n<p><strong>Econom\u00eda y Empresas<\/strong><\/p>\n<p><a href=\"http:\/\/www.juntadeandalucia.es\/presidencia\/portavoz\/147095\/ConsejodeGobierno\/PactodeEstadocontralaviolenciadegenero\/proyectos\/igualdad\/mujer\/GobiernodeAndalucia\/ConsejeriadeIgualdadPoliticasSocialesyConciliacion\" data-saferedirecturl=\"https:\/\/www.google.com\/url?q=http:\/\/www.juntadeandalucia.es\/presidencia\/portavoz\/147095\/ConsejodeGobierno\/PactodeEstadocontralaviolenciadegenero\/proyectos\/igualdad\/mujer\/GobiernodeAndalucia\/ConsejeriadeIgualdadPoliticasSocialesyConciliacion&amp;source=gmail&amp;ust=1572607009432000&amp;usg=AFQjCNH6ZHVJB_tOJDJl2ZKHgqvMGUX2RQ\">Carmen Ponce, nueva Directora de Relaciones Corporativas de HEINEKEN Espa\u00f1a- Mujeremprendedora.net<\/a><\/p>\n<p><a href=\"https:\/\/www.google.com\/url?rct=j&amp;sa=t&amp;url=https:\/\/www.europapress.es\/andalucia\/malaga-00356\/noticia-mas-200-empresarias-emprendedoras-malaga-participan-foro-potenciar-trabajo-tejido-productivo-20191030135841.html&amp;ct=ga&amp;cd=CAEYAyoTNjczMDkwMjc3MjIzMjU1Njk0NTIbOWFiMWNkZDdlMzY2ZWYzODplczplczpFUzpS&amp;usg=AFQjCNFPfM1A-ENF192QPKYtxhLrmdDfNA\" data-saferedirecturl=\"https:\/\/www.google.com\/url?q=https:\/\/www.google.com\/url?rct%3Dj%26sa%3Dt%26url%3Dhttps:\/\/www.europapress.es\/andalucia\/malaga-00356\/noticia-mas-200-empresarias-emprendedoras-malaga-participan-foro-potenciar-trabajo-tejido-productivo-20191030135841.html%26ct%3Dga%26cd%3DCAEYAyoTNjczMDkwMjc3MjIzMjU1Njk0NTIbOWFiMWNkZDdlMzY2ZWYzODplczplczpFUzpS%26usg%3DAFQjCNFPfM1A-ENF192QPKYtxhLrmdDfNA&amp;source=gmail&amp;ust=1572607009432000&amp;usg=AFQjCNHGflYrXyUrXobJ3j80dXSGllV-Ag\">M\u00e1s de 200 empresarias y emprendedoras de M\u00e1laga participan en un foro para potenciar su &#8230;<\/a>&#8211; Europa Press<\/p>\n<p><a href=\"https:\/\/www.mujeremprendedora.net\/carmen-ponce-nueva-directora-relaciones-corporativas-heineken-espana\/\" data-saferedirecturl=\"https:\/\/www.google.com\/url?q=https:\/\/www.mujeremprendedora.net\/carmen-ponce-nueva-directora-relaciones-corporativas-heineken-espana\/&amp;source=gmail&amp;ust=1572607009432000&amp;usg=AFQjCNFdsZogkuWQmj4Sno9qvisi-bI68g\">Un total de 350 mujeres rurales se re\u00fanen en Cazalla de la Sierra para analizar su presente y su &#8230;- La Vanguardia<\/a><\/p>\n<p><a href=\"https:\/\/www.google.com\/url?rct=j&amp;sa=t&amp;url=https:\/\/www.lavanguardia.com\/local\/sevilla\/20191029\/471278894062\/un-total-de-350-mujeres-rurales-se-reunen-en-cazalla-de-la-sierra-para-analizar-su-presente-y-su-futuro.html&amp;ct=ga&amp;cd=CAEYASoSNDY0Njk0OTQzMjQxMTU1MDczMhs5YWIxY2RkN2UzNjZlZjM4OmVzOmVzOkVTOlI&amp;usg=AFQjCNHUzOXKMGbi4myj0jcgeAPzgBd29A\" data-saferedirecturl=\"https:\/\/www.google.com\/url?q=https:\/\/www.google.com\/url?rct%3Dj%26sa%3Dt%26url%3Dhttps:\/\/www.lavanguardia.com\/local\/sevilla\/20191029\/471278894062\/un-total-de-350-mujeres-rurales-se-reunen-en-cazalla-de-la-sierra-para-analizar-su-presente-y-su-futuro.html%26ct%3Dga%26cd%3DCAEYASoSNDY0Njk0OTQzMjQxMTU1MDczMhs5YWIxY2RkN2UzNjZlZjM4OmVzOmVzOkVTOlI%26usg%3DAFQjCNHUzOXKMGbi4myj0jcgeAPzgBd29A&amp;source=gmail&amp;ust=1572607009432000&amp;usg=AFQjCNGAgw8gLduAgOwNrPbubPBANH0yvQ\">XVIII Encuentro regional de mujeres emprendedoras del medio rural en Conil (C\u00e1diz) \u2013 Mujeremprendedora.net<\/a><\/p>\n<p><a href=\"https:\/\/www.mujeremprendedora.net\/xviii-encuentro-regional-mujeres-emprendedoras-medio-rural-conil-cadiz\/\" data-saferedirecturl=\"https:\/\/www.google.com\/url?q=https:\/\/www.mujeremprendedora.net\/xviii-encuentro-regional-mujeres-emprendedoras-medio-rural-conil-cadiz\/&amp;source=gmail&amp;ust=1572607009433000&amp;usg=AFQjCNE_Qi2S-ngYk5i0MDZdwGA4QJtc_Q\">El Foro de Empleo de la UHU abordar\u00e1 los estereotipos sociolaborales- HuelvaYA<\/a><\/p>\n<h4>Actualidad<\/h4>\n<p><a href=\"https:\/\/www.google.com\/url?rct=j&amp;sa=t&amp;url=http:\/\/huelvaya.es\/2019\/10\/29\/el-foro-de-empleo-de-la-uhu-abordara-los-estereotipos-sociolaborales\/&amp;ct=ga&amp;cd=CAEYBCoTNDc5NjY3MzMwNTI2OTYwODI1MDIZYzAzNzJlYmMyZmVhZGE1OTplczplczpFUw&amp;usg=AFQjCNGBf_n-ywYGExlORxpTw81LEaaShA\" data-saferedirecturl=\"https:\/\/www.google.com\/url?q=https:\/\/www.google.com\/url?rct%3Dj%26sa%3Dt%26url%3Dhttp:\/\/huelvaya.es\/2019\/10\/29\/el-foro-de-empleo-de-la-uhu-abordara-los-estereotipos-sociolaborales\/%26ct%3Dga%26cd%3DCAEYBCoTNDc5NjY3MzMwNTI2OTYwODI1MDIZYzAzNzJlYmMyZmVhZGE1OTplczplczpFUw%26usg%3DAFQjCNGBf_n-ywYGExlORxpTw81LEaaShA&amp;source=gmail&amp;ust=1572607009433000&amp;usg=AFQjCNElR4hDFfy_9IDhhK-YlWEUnvEv6Q\">Maeztu alerta del \u00abincremento\u00bb de la adicci\u00f3n de menores a\u00a0juegos\u00a0de azar y pide \u00abprohibir la &#8230;- Europa Press<\/a><\/p>\n<p><a href=\"https:\/\/www.google.com\/url?rct=j&amp;sa=t&amp;url=https:\/\/www.diariosur.es\/andalucia\/instituto-andaluz-mujer-20191030160426-nt.html&amp;ct=ga&amp;cd=CAEYACoTNjczMDkwMjc3MjIzMjU1Njk0NTIbOWFiMWNkZDdlMzY2ZWYzODplczplczpFUzpS&amp;usg=AFQjCNHzu7DQX3FwiRZtzAJ3-CjvyRn_EA\" data-saferedirecturl=\"https:\/\/www.google.com\/url?q=https:\/\/www.google.com\/url?rct%3Dj%26sa%3Dt%26url%3Dhttps:\/\/www.diariosur.es\/andalucia\/instituto-andaluz-mujer-20191030160426-nt.html%26ct%3Dga%26cd%3DCAEYACoTNjczMDkwMjc3MjIzMjU1Njk0NTIbOWFiMWNkZDdlMzY2ZWYzODplczplczpFUzpS%26usg%3DAFQjCNHzu7DQX3FwiRZtzAJ3-CjvyRn_EA&amp;source=gmail&amp;ust=1572607009433000&amp;usg=AFQjCNFYa8Pa0tZ-lsjD4ZZJW6IV0Q0ehQ\">El\u00a0Instituto Andaluz de la Mujer\u00a0hace un calendario con 12 figuras relevantes de la comunidad<\/a> &#8211; Sur Digital<\/p>\n<p><strong>Violencias<\/strong><\/p>\n<p><a href=\"https:\/\/www.google.com\/url?rct=j&amp;sa=t&amp;url=https:\/\/www.europapress.es\/andalucia\/noticia-maeztu-alerta-incremento-adiccion-menores-juegos-azar-pide-prohibir-publicidad-andalucia-20191029133843.html&amp;ct=ga&amp;cd=CAEYACoUMTIxODQzMDQ1NjMyMjUzMzYyNzIyGWUyZGVmYTdkNWRhOTE1N2Q6ZXM6ZXM6RVM&amp;usg=AFQjCNF2aaXM5zYf6-AdjVsYRz54mRILoA\" data-saferedirecturl=\"https:\/\/www.google.com\/url?q=https:\/\/www.google.com\/url?rct%3Dj%26sa%3Dt%26url%3Dhttps:\/\/www.europapress.es\/andalucia\/noticia-maeztu-alerta-incremento-adiccion-menores-juegos-azar-pide-prohibir-publicidad-andalucia-20191029133843.html%26ct%3Dga%26cd%3DCAEYACoUMTIxODQzMDQ1NjMyMjUzMzYyNzIyGWUyZGVmYTdkNWRhOTE1N2Q6ZXM6ZXM6RVM%26usg%3DAFQjCNF2aaXM5zYf6-AdjVsYRz54mRILoA&amp;source=gmail&amp;ust=1572607009433000&amp;usg=AFQjCNFtekUnfIlQc-5pVr80Z664-jX3DQ\">M\u00e1laga aborda la realidad de mujeres migrantes y su sobreexposici\u00f3n a la explotaci\u00f3n sexual- M\u00e1laga Hoy<\/a><\/p>\n<p><a href=\"https:\/\/www.google.com\/url?rct=j&amp;sa=t&amp;url=https:\/\/www.huffingtonpost.es\/entry\/los-escolares-andaluces-estudiaran-la-historia-de-ana-orantes-quemada-viva-por-su-marido_es_5db9d2dce4b00d83f7218264&amp;ct=ga&amp;cd=CAEYASoUMTIwOTEwMTczMTQyMTAzMDk1MTkyGWUyZGVmYTdkNWRhOTE1N2Q6ZXM6ZXM6RVM&amp;usg=AFQjCNHM4isnu2mmzRpXnJzpP5ZfNBL43w\" data-saferedirecturl=\"https:\/\/www.google.com\/url?q=https:\/\/www.google.com\/url?rct%3Dj%26sa%3Dt%26url%3Dhttps:\/\/www.huffingtonpost.es\/entry\/los-escolares-andaluces-estudiaran-la-historia-de-ana-orantes-quemada-viva-por-su-marido_es_5db9d2dce4b00d83f7218264%26ct%3Dga%26cd%3DCAEYASoUMTIwOTEwMTczMTQyMTAzMDk1MTkyGWUyZGVmYTdkNWRhOTE1N2Q6ZXM6ZXM6RVM%26usg%3DAFQjCNHM4isnu2mmzRpXnJzpP5ZfNBL43w&amp;source=gmail&amp;ust=1572607009433000&amp;usg=AFQjCNF3-YDYMJFYPFmx2bSMvFGx6-iUbA\">Los escolares andaluces estudiar\u00e1n la historia de Ana Orantes, quemada viva por su marido<\/a>&#8211; El HuffPost<\/p>\n<p><a href=\"https:\/\/www.google.com\/url?rct=j&amp;sa=t&amp;url=https:\/\/m.diariodecadiz.es\/cadiz\/Ciclo-violencia-mujer-violaciones-grupo_0_1405359733.html&amp;ct=ga&amp;cd=CAEYAioTNjczMDkwMjc3MjIzMjU1Njk0NTIbOWFiMWNkZDdlMzY2ZWYzODplczplczpFUzpS&amp;usg=AFQjCNF8-872zi5_wePzL0Gq9LgiZvUsqg\" data-saferedirecturl=\"https:\/\/www.google.com\/url?q=https:\/\/www.google.com\/url?rct%3Dj%26sa%3Dt%26url%3Dhttps:\/\/m.diariodecadiz.es\/cadiz\/Ciclo-violencia-mujer-violaciones-grupo_0_1405359733.html%26ct%3Dga%26cd%3DCAEYAioTNjczMDkwMjc3MjIzMjU1Njk0NTIbOWFiMWNkZDdlMzY2ZWYzODplczplczpFUzpS%26usg%3DAFQjCNF8-872zi5_wePzL0Gq9LgiZvUsqg&amp;source=gmail&amp;ust=1572607009433000&amp;usg=AFQjCNE9S93xVx6ylkpMYy-TnXQFJRcrug\">Ciclo de charlas-debate sobre la violencia en redes sociales hacia la\u00a0mujer\u00a0y las violaciones en &#8230;<\/a>&#8211; Diario de C\u00e1diz<\/p>\n<p><strong>Ciencia y Cultura<\/strong><\/p>\n<p><a href=\"https:\/\/www.diariosur.es\/universidad\/campus-ecologico-sostenible-20191029190334-nt.html\" data-saferedirecturl=\"https:\/\/www.google.com\/url?q=https:\/\/www.diariosur.es\/universidad\/campus-ecologico-sostenible-20191029190334-nt.html&amp;source=gmail&amp;ust=1572607009433000&amp;usg=AFQjCNGBe_yDOfjIE71PsGOUvCa11lmXzg\">La UMA, hacia un campus ecol\u00f3gico, sostenible y amigable<\/a>&#8211; Sur Digital<\/p>\n<p><a href=\"https:\/\/www.google.com\/url?rct=j&amp;sa=t&amp;url=https:\/\/m.malagahoy.es\/malaga\/Malaga-migrantes-sobreexposicion-violencia-genero-sexual_0_1405059772.html&amp;ct=ga&amp;cd=CAEYACoSNDY0Njk0OTQzMjQxMTU1MDczMhs5YWIxY2RkN2UzNjZlZjM4OmVzOmVzOkVTOlI&amp;usg=AFQjCNGEvUcxoOM4QcbLOsemuWCWvLYznw\" data-saferedirecturl=\"https:\/\/www.google.com\/url?q=https:\/\/www.google.com\/url?rct%3Dj%26sa%3Dt%26url%3Dhttps:\/\/m.malagahoy.es\/malaga\/Malaga-migrantes-sobreexposicion-violencia-genero-sexual_0_1405059772.html%26ct%3Dga%26cd%3DCAEYACoSNDY0Njk0OTQzMjQxMTU1MDczMhs5YWIxY2RkN2UzNjZlZjM4OmVzOmVzOkVTOlI%26usg%3DAFQjCNGEvUcxoOM4QcbLOsemuWCWvLYznw&amp;source=gmail&amp;ust=1572607009433000&amp;usg=AFQjCNETTx1ui3tzWOOKUWlQZ2UEVHHHDg\">Lita Cabellut, en la presentaci\u00f3n del cartel: \u00abEl zapateado de Roc\u00edo Molina ha sido otro pincel\u00bb- abcdesevilla.es<\/a><\/p>\n<p><a href=\"http:\/\/hExposici\u00f3n%20\u201cLos%20marroqu\u00edes\u201d%20fotograf\u00edas%20de%20Leila%20Alaoui\u2026\" data-saferedirecturl=\"https:\/\/www.google.com\/url?q=http:\/\/hExposici%C3%B3n%2520%E2%80%9CLos%2520marroqu%C3%ADes%E2%80%9D%2520fotograf%C3%ADas%2520de%2520Leila%2520Alaoui%E2%80%A6&amp;source=gmail&amp;ust=1572607009433000&amp;usg=AFQjCNGbGXHzqanZ8ZAzia0_ABAClFe16g\">Exposici\u00f3n \u201cLos marroqu\u00edes\u201d fotograf\u00edas de Leila Alaoui\u2026<\/a>&#8211; <a href=\"http:\/\/tresculturas.org\" data-saferedirecturl=\"https:\/\/www.google.com\/url?q=http:\/\/tresculturas.org&amp;source=gmail&amp;ust=1572607009434000&amp;usg=AFQjCNGDnnsHC0trVvQK3agP5H63u5Bn9w\">tresculturas.org<\/a><\/p>\n<p><strong>Deporte<\/strong><\/p>\n<p><a href=\"https:\/\/www.google.com\/url?rct=j&amp;sa=t&amp;url=https:\/\/sevilla.abc.es\/cultura\/sevi-lita-cabellut-zapateado-rocio-molina-sido-otro-pincel-201910281833_noticia.html&amp;ct=ga&amp;cd=CAEYAioSOTk0NTI3NzczMzAxNzc0ODI2MhljMDM3MmViYzJmZWFkYTU5OmVzOmVzOkVT&amp;usg=AFQjCNHX1dJ3IqHHmUJipHi12yHO9Si_Nw\" data-saferedirecturl=\"https:\/\/www.google.com\/url?q=https:\/\/www.google.com\/url?rct%3Dj%26sa%3Dt%26url%3Dhttps:\/\/sevilla.abc.es\/cultura\/sevi-lita-cabellut-zapateado-rocio-molina-sido-otro-pincel-201910281833_noticia.html%26ct%3Dga%26cd%3DCAEYAioSOTk0NTI3NzczMzAxNzc0ODI2MhljMDM3MmViYzJmZWFkYTU5OmVzOmVzOkVT%26usg%3DAFQjCNHX1dJ3IqHHmUJipHi12yHO9Si_Nw&amp;source=gmail&amp;ust=1572607009434000&amp;usg=AFQjCNEb7j87oCpGaFWRtoQ7LDL4L1SI1w\">Celia Jim\u00e9nez: \u201cEl futbol es nuestro trabajo y deber\u00edamos estar amparadas por un marco laboral\u201d\u2026-cadenaser<\/a><\/p>\n<p>[\/toggle]<\/p>\n<p>[toggle type=\u00bbfirst\u00bb title=\u00bbEstado\u00bb]<\/p>\n<p><strong>Institucional-CCAA<\/strong><\/p>\n<p><a href=\"https:\/\/cadenaser.com\/programa\/2019\/10\/28\/la_ventana\/1572286137_112743.html\" data-saferedirecturl=\"https:\/\/www.google.com\/url?q=https:\/\/cadenaser.com\/programa\/2019\/10\/28\/la_ventana\/1572286137_112743.html&amp;source=gmail&amp;ust=1572607009434000&amp;usg=AFQjCNFnoQbmxuuggQxHF1bqoKLnoQZPjg\">Charla sobre urbanismo con perspectiva de g\u00e9nero y el derecho de las\u00a0mujeres\u00a0a la vivienda- Noticias de Navarra<\/a><\/p>\n<p><a href=\"https:\/\/www.google.com\/url?rct=j&amp;sa=t&amp;url=https:\/\/www.noticiasdenavarra.com\/2019\/10\/28\/vecinos\/pamplona\/charla-sobre-urbanismo-con-perspectiva-de-genero-y-el-derecho-de-las-mujeres-a-la-vivienda&amp;ct=ga&amp;cd=CAEYASoUMTc2MjI1NzMxMjU2NDMwNzIxMjkyGWMwMzcyZWJjMmZlYWRhNTk6ZXM6ZXM6RVM&amp;usg=AFQjCNFrqVCYQCqVR9JfsKS6Os70HVIurQ\" data-saferedirecturl=\"https:\/\/www.google.com\/url?q=https:\/\/www.google.com\/url?rct%3Dj%26sa%3Dt%26url%3Dhttps:\/\/www.noticiasdenavarra.com\/2019\/10\/28\/vecinos\/pamplona\/charla-sobre-urbanismo-con-perspectiva-de-genero-y-el-derecho-de-las-mujeres-a-la-vivienda%26ct%3Dga%26cd%3DCAEYASoUMTc2MjI1NzMxMjU2NDMwNzIxMjkyGWMwMzcyZWJjMmZlYWRhNTk6ZXM6ZXM6RVM%26usg%3DAFQjCNFrqVCYQCqVR9JfsKS6Os70HVIurQ&amp;source=gmail&amp;ust=1572607009434000&amp;usg=AFQjCNG6cUuykEMNIruuxQz5OOzIW_lpBg\">Elisa Piquer: \u00abBusc\u00e1bamos que las horas dedicadas fueran para proyectos en los que cre\u00edamos\u00bb- Alto Arag\u00f3n<br \/>\nLas fot\u00f3grafas del siglo XX toman la Aljafer\u00eda- El Peri\u00f3dico de Arag\u00f3n<br \/>\nLa Junta y el\u00a0Instituto\u00a0de la Construcci\u00f3n convocan los VIII Premios de Edificaci\u00f3n Sostenible de &#8230;- desdeSoria.es<\/a><\/p>\n<p><a href=\"https:\/\/www.google.com\/url?rct=j&amp;sa=t&amp;url=https:\/\/www.desdesoria.es\/2019\/10\/29\/la-junta-y-el-instituto-de-la-construccion-convocan-los-viii-premios-de-edificacion-sostenible-de-castilla-y-leon\/&amp;ct=ga&amp;cd=CAEYBCoUMTM5Nzg5MTg5NDA0OTEwNzg5MDcyGWMwMzcyZWJjMmZlYWRhNTk6ZXM6ZXM6RVM&amp;usg=AFQjCNEe9cEiSUbORqlkJ7pxh0cxwZ8a7g\" data-saferedirecturl=\"https:\/\/www.google.com\/url?q=https:\/\/www.google.com\/url?rct%3Dj%26sa%3Dt%26url%3Dhttps:\/\/www.desdesoria.es\/2019\/10\/29\/la-junta-y-el-instituto-de-la-construccion-convocan-los-viii-premios-de-edificacion-sostenible-de-castilla-y-leon\/%26ct%3Dga%26cd%3DCAEYBCoUMTM5Nzg5MTg5NDA0OTEwNzg5MDcyGWMwMzcyZWJjMmZlYWRhNTk6ZXM6ZXM6RVM%26usg%3DAFQjCNEe9cEiSUbORqlkJ7pxh0cxwZ8a7g&amp;source=gmail&amp;ust=1572607009434000&amp;usg=AFQjCNFGEX_op_yyUg0ZYpJlOM3goPPysg\">La Cata \u201cMadrid En Femenino\u201d gira entorno a la mujer y el vino- Mujeremprendedora.net<\/a><\/p>\n<p><a href=\"https:\/\/tribunafeminista.elplural.com\/2019\/10\/solo-11-de-las-111-820-explotaciones-agrarias-valencianas-tiene-su-titularidad-compartida-por-ambos-conyuges\/\" data-saferedirecturl=\"https:\/\/www.google.com\/url?q=https:\/\/tribunafeminista.elplural.com\/2019\/10\/solo-11-de-las-111-820-explotaciones-agrarias-valencianas-tiene-su-titularidad-compartida-por-ambos-conyuges\/&amp;source=gmail&amp;ust=1572607009434000&amp;usg=AFQjCNG_fiszhkcQ_mej24aWqHQWB_raYQ\">Solo 11 de las 111.820 explotaciones agrarias valencianas\u00a0&#8230;<\/a>&#8211; elplural.com<\/p>\n<p><strong>Econom\u00eda y Empresa<\/strong><\/p>\n<p><a href=\"https:\/\/www.mujeremprendedora.net\/cata-madrid-en-femenino-gira-torno-mujer-vino\/\" data-saferedirecturl=\"https:\/\/www.google.com\/url?q=https:\/\/www.mujeremprendedora.net\/cata-madrid-en-femenino-gira-torno-mujer-vino\/&amp;source=gmail&amp;ust=1572607009434000&amp;usg=AFQjCNFYh5GPhfxjCaFcUHli0-6ZXeTf_w\">La brecha salarial es menor en empresas dirigidas por\u00a0mujeres- La Vanguardia<\/a><\/p>\n<p><a href=\"https:\/\/www.google.com\/url?rct=j&amp;sa=t&amp;url=https:\/\/www.lavanguardia.com\/vida\/20191028\/471246719777\/la-brecha-salarial-es-menor-en-empresas-dirigidas-por-mujeres.html&amp;ct=ga&amp;cd=CAEYACoTNjA5OTkwOTU4NjkzMzQxMTg1ODIZYzAzNzJlYmMyZmVhZGE1OTplczplczpFUw&amp;usg=AFQjCNFS82_TdRcy-di_3Pi0Xm5ssRisvw\" data-saferedirecturl=\"https:\/\/www.google.com\/url?q=https:\/\/www.google.com\/url?rct%3Dj%26sa%3Dt%26url%3Dhttps:\/\/www.lavanguardia.com\/vida\/20191028\/471246719777\/la-brecha-salarial-es-menor-en-empresas-dirigidas-por-mujeres.html%26ct%3Dga%26cd%3DCAEYACoTNjA5OTkwOTU4NjkzMzQxMTg1ODIZYzAzNzJlYmMyZmVhZGE1OTplczplczpFUw%26usg%3DAFQjCNFS82_TdRcy-di_3Pi0Xm5ssRisvw&amp;source=gmail&amp;ust=1572607009434000&amp;usg=AFQjCNHVTjCtBUJulgvwbWugbl-qmsLRbQ\">La empresa familiar reclama un \u00abGobierno estable\u00bb tras empeorar su visi\u00f3n sobre la econom\u00eda- El Peri\u00f3dico<\/a><\/p>\n<p><a href=\"https:\/\/www.elmundo.es\/cataluna\/2019\/10\/31\/5db997bafdddff7f908b45af.html\" data-saferedirecturl=\"https:\/\/www.google.com\/url?q=https:\/\/www.elmundo.es\/cataluna\/2019\/10\/31\/5db997bafdddff7f908b45af.html&amp;source=gmail&amp;ust=1572607009434000&amp;usg=AFQjCNHwxD1jYF5E07w1iD_JYRbAYhjq_g\">Mujeres\u00a0y diversidad en IOT<\/a> \u2013 El Mundo<\/p>\n<p><strong>Actualidad<\/strong><\/p>\n<p><a href=\"https:\/\/www.google.com\/url?rct=j&amp;sa=t&amp;url=https:\/\/www.elperiodico.com\/es\/economia\/20191028\/empresas-familiares-empeoran-vision-economia-espanola-7704104&amp;ct=ga&amp;cd=CAEYASoSODY0MTg3MzUzMTQyNzk4ODczMhljMDM3MmViYzJmZWFkYTU5OmVzOmVzOkVT&amp;usg=AFQjCNEkSxE-GW-5d6ZcJOHE0ufuUXqwaQ\" data-saferedirecturl=\"https:\/\/www.google.com\/url?q=https:\/\/www.google.com\/url?rct%3Dj%26sa%3Dt%26url%3Dhttps:\/\/www.elperiodico.com\/es\/economia\/20191028\/empresas-familiares-empeoran-vision-economia-espanola-7704104%26ct%3Dga%26cd%3DCAEYASoSODY0MTg3MzUzMTQyNzk4ODczMhljMDM3MmViYzJmZWFkYTU5OmVzOmVzOkVT%26usg%3DAFQjCNEkSxE-GW-5d6ZcJOHE0ufuUXqwaQ&amp;source=gmail&amp;ust=1572607009434000&amp;usg=AFQjCNHZcLJ0leiRR4MF36ttf0muv_IgNw\">Las\u00a0mujeres\u00a0africanas reclaman visibilidad, integraci\u00f3n real y aplicar el protocolo de actuaci\u00f3n &#8230;- eldiario.es<br \/>\nLas m\u00e9dicas se suicidan un 7,5% m\u00e1s que el resto de\u00a0mujeres- El Mundo<\/a><\/p>\n<p><a href=\"https:\/\/www.google.com\/url?rct=j&amp;sa=t&amp;url=https:\/\/www.elmundo.es\/ciencia-y-salud\/salud\/2019\/10\/29\/5db871fffc6c8357528b45a7.html&amp;ct=ga&amp;cd=CAEYAyoRMzM2ODYyOTI4NjcyODI0MzgyGWMwMzcyZWJjMmZlYWRhNTk6ZXM6ZXM6RVM&amp;usg=AFQjCNERTh5a3f3IA6CHrcuwDWQFAs77GA\" data-saferedirecturl=\"https:\/\/www.google.com\/url?q=https:\/\/www.google.com\/url?rct%3Dj%26sa%3Dt%26url%3Dhttps:\/\/www.elmundo.es\/ciencia-y-salud\/salud\/2019\/10\/29\/5db871fffc6c8357528b45a7.html%26ct%3Dga%26cd%3DCAEYAyoRMzM2ODYyOTI4NjcyODI0MzgyGWMwMzcyZWJjMmZlYWRhNTk6ZXM6ZXM6RVM%26usg%3DAFQjCNERTh5a3f3IA6CHrcuwDWQFAs77GA&amp;source=gmail&amp;ust=1572607009435000&amp;usg=AFQjCNGgnCJuZYsHxzIOJNZ6lgHudwju8g\">EADA Business School y Fundaci\u00f3n Mujeres por \u00c1frica impulsan el talento femenino africano- Mujeremprendedora.net<\/a><\/p>\n<p><a href=\"https:\/\/www.europapress.es\/nacional\/noticia-mujer-menor-25-anos-perfil-votante-indeciso-cis-20191029183838.html\" data-saferedirecturl=\"https:\/\/www.google.com\/url?q=https:\/\/www.europapress.es\/nacional\/noticia-mujer-menor-25-anos-perfil-votante-indeciso-cis-20191029183838.html&amp;source=gmail&amp;ust=1572607009435000&amp;usg=AFQjCNEHkEuU-oksoj4bBcEFjKrHr60uzw\">Mujer menor de 25 a\u00f1os,\u00a0perfil\u00a0del\u00a0votante indeciso,\u00a0seg\u00fan el\u00a0&#8230;<\/a>&#8211; Europa Press<a href=\"https:\/\/www.google.com\/url?rct=j&amp;sa=t&amp;url=https:\/\/www.larazon.es\/salud\/20191030\/gnvkgn5jxnfc3pcr2ecf5qwjmy.html&amp;ct=ga&amp;cd=CAEYAyoUMTU2MjY2MTE5MDczNDMzNzY0NTMyGWMwMzcyZWJjMmZlYWRhNTk6ZXM6ZXM6RVM&amp;usg=AFQjCNH7C_e2zcul9fEMH1VAKgzRn1uI8g\" data-saferedirecturl=\"https:\/\/www.google.com\/url?q=https:\/\/www.google.com\/url?rct%3Dj%26sa%3Dt%26url%3Dhttps:\/\/www.larazon.es\/salud\/20191030\/gnvkgn5jxnfc3pcr2ecf5qwjmy.html%26ct%3Dga%26cd%3DCAEYAyoUMTU2MjY2MTE5MDczNDMzNzY0NTMyGWMwMzcyZWJjMmZlYWRhNTk6ZXM6ZXM6RVM%26usg%3DAFQjCNH7C_e2zcul9fEMH1VAKgzRn1uI8g&amp;source=gmail&amp;ust=1572607009435000&amp;usg=AFQjCNFbjfi2NMc7M9M9PAy5uA7Jh0OsNA\"><br \/>\nLos riesgos de usar productos de higiene femenina<\/a>&#8211; La Raz\u00f3n<\/p>\n<p><a href=\"https:\/\/www.elmundo.es\/papel\/lideres\/2019\/10\/31\/5db993d721efa0653e8b4576.html\" data-saferedirecturl=\"https:\/\/www.google.com\/url?q=https:\/\/www.elmundo.es\/papel\/lideres\/2019\/10\/31\/5db993d721efa0653e8b4576.html&amp;source=gmail&amp;ust=1572607009435000&amp;usg=AFQjCNG54w_FhD94FsYhkbL5P2jojBmB-w\">Carme Chaparro: \u00abLas\u00a0mujeres\u00a0sabemos distinguir entre un roce accidental y que nos toquen el culo\u00bb<\/a> \u2013 El Mundo<\/p>\n<p><strong>Violencias<\/strong><\/p>\n<p><a href=\"https:\/\/www.mujeremprendedora.net\/eada-business-school-fundacion-mujeres-africa-impulsan-talento-femenino-africano\/\" data-saferedirecturl=\"https:\/\/www.google.com\/url?q=https:\/\/www.mujeremprendedora.net\/eada-business-school-fundacion-mujeres-africa-impulsan-talento-femenino-africano\/&amp;source=gmail&amp;ust=1572607009435000&amp;usg=AFQjCNHUNvXvOjE024f3wpxI3Eo2_wFL2A\">Elche se une a la red de ciudades libres de trata de\u00a0mujeres\u00a0y ni\u00f1os- Informaci\u00f3n<\/a><\/p>\n<p><a href=\"https:\/\/www.google.com\/url?rct=j&amp;sa=t&amp;url=https:\/\/www.diarioinformacion.com\/elche\/2019\/10\/28\/elche-une-red-ciudades-libres\/2200956.html&amp;ct=ga&amp;cd=CAEYAioSODY0MTg3MzUzMTQyNzk4ODczMhljMDM3MmViYzJmZWFkYTU5OmVzOmVzOkVT&amp;usg=AFQjCNEH0Em-88LgWdQc0CLHBl_h147eAw\" data-saferedirecturl=\"https:\/\/www.google.com\/url?q=https:\/\/www.google.com\/url?rct%3Dj%26sa%3Dt%26url%3Dhttps:\/\/www.diarioinformacion.com\/elche\/2019\/10\/28\/elche-une-red-ciudades-libres\/2200956.html%26ct%3Dga%26cd%3DCAEYAioSODY0MTg3MzUzMTQyNzk4ODczMhljMDM3MmViYzJmZWFkYTU5OmVzOmVzOkVT%26usg%3DAFQjCNEH0Em-88LgWdQc0CLHBl_h147eAw&amp;source=gmail&amp;ust=1572607009435000&amp;usg=AFQjCNGE_dXer3za_slpCzf0QU97MUbsVw\">\u00bfPosible construir un ciudad libre de violencia de g\u00e9nero?- Mujer Ejecutiva<\/a><a href=\"https:\/\/www.google.com\/url?rct=j&amp;sa=t&amp;url=https:\/\/www.que.es\/ciudades\/canarias\/rosa-cobo-imparte-una-conferencia-sobre-violencia-contra-las-mujeres-en-ciencias-de-la-educacion.html&amp;ct=ga&amp;cd=CAEYAyoUMTcxNjY0NzMyMDQ1NzEyNjU0NjIyGWMwMzcyZWJjMmZlYWRhNTk6ZXM6ZXM6RVM&amp;usg=AFQjCNErSTOf_MB3BmmqDCJL0KBe2jXuNA\" data-saferedirecturl=\"https:\/\/www.google.com\/url?q=https:\/\/www.google.com\/url?rct%3Dj%26sa%3Dt%26url%3Dhttps:\/\/www.que.es\/ciudades\/canarias\/rosa-cobo-imparte-una-conferencia-sobre-violencia-contra-las-mujeres-en-ciencias-de-la-educacion.html%26ct%3Dga%26cd%3DCAEYAyoUMTcxNjY0NzMyMDQ1NzEyNjU0NjIyGWMwMzcyZWJjMmZlYWRhNTk6ZXM6ZXM6RVM%26usg%3DAFQjCNErSTOf_MB3BmmqDCJL0KBe2jXuNA&amp;source=gmail&amp;ust=1572607009435000&amp;usg=AFQjCNFxSBKbi4Kx-9_Fzd8ExC060TrvmA\"><br \/>\nRosa Cobo imparte una conferencia sobre `Violencia contra las\u00a0mujeres\u00b4, en Ciencias de la &#8230;<\/a>&#8211; Qu\u00e9.es<\/p>\n<p><strong>Ciencia y Cultura<\/strong><\/p>\n<p><a href=\"https:\/\/www.google.com\/url?rct=j&amp;sa=t&amp;url=http:\/\/mujerejecutiva.com.mx\/actualidad\/posible-construir-un-ciudad-libre-de-violencia-de-genero\/&amp;ct=ga&amp;cd=CAEYAioUMTIyNTMwNjU1MjUzNzIxOTM0OTIyGWMwMzcyZWJjMmZlYWRhNTk6ZXM6ZXM6RVM&amp;usg=AFQjCNHbza7sRWebEOFvtEQw4XcaESj1LQ\" data-saferedirecturl=\"https:\/\/www.google.com\/url?q=https:\/\/www.google.com\/url?rct%3Dj%26sa%3Dt%26url%3Dhttp:\/\/mujerejecutiva.com.mx\/actualidad\/posible-construir-un-ciudad-libre-de-violencia-de-genero\/%26ct%3Dga%26cd%3DCAEYAioUMTIyNTMwNjU1MjUzNzIxOTM0OTIyGWMwMzcyZWJjMmZlYWRhNTk6ZXM6ZXM6RVM%26usg%3DAFQjCNHbza7sRWebEOFvtEQw4XcaESj1LQ&amp;source=gmail&amp;ust=1572607009435000&amp;usg=AFQjCNFgQhstsUcAjAUPy-mWGJCZ0470Gw\">Elena Garc\u00eda, Sara Barja y Clara Piloto triunfan en los premios Hipatia Mujeres en la Ciencia de El Economista \u2026 -El Economista\u00a0\u00a0<\/a><\/p>\n<p><a href=\"https:\/\/www.eleconomista.es\/empresas-finanzas\/noticias\/10167740\/10\/19\/Elena-Garcia-Sara-Barja-y-Clara-Piloto-triunfan-en-los-premios-HipatiaMujeres-en-la-Ciencia-de-elEconomista.html\" data-saferedirecturl=\"https:\/\/www.google.com\/url?q=https:\/\/www.eleconomista.es\/empresas-finanzas\/noticias\/10167740\/10\/19\/Elena-Garcia-Sara-Barja-y-Clara-Piloto-triunfan-en-los-premios-HipatiaMujeres-en-la-Ciencia-de-elEconomista.html&amp;source=gmail&amp;ust=1572607009435000&amp;usg=AFQjCNFg86A7rFqwvJ039DYN5rQO271-kg\">Un fraude cient\u00edfico est\u00e1 detr\u00e1s de la impunidad del abuso\u00a0sexual infantil&#8230;- elplural.com<\/a><\/p>\n<p><a href=\"https:\/\/tribunafeminista.elplural.com\/2019\/10\/un-fraude-cientifico-esta-detras-de-la-impunidad-del-abuso-sexual-infantil\/\" data-saferedirecturl=\"https:\/\/www.google.com\/url?q=https:\/\/tribunafeminista.elplural.com\/2019\/10\/un-fraude-cientifico-esta-detras-de-la-impunidad-del-abuso-sexual-infantil\/&amp;source=gmail&amp;ust=1572607009435000&amp;usg=AFQjCNEPqQW8WOZjZelphxgxyJBUIo75Wg\">El festival de cine que s\u00ed quiere a las\u00a0mujeres- El Pa\u00eds<\/a><\/p>\n<p><a href=\"https:\/\/www.google.com\/url?rct=j&amp;sa=t&amp;url=https:\/\/elpais.com\/elpais\/2019\/10\/28\/planeta_futuro\/1572262420_987281.html&amp;ct=ga&amp;cd=CAEYACoTOTE0ODA0NjI0NTE4ODcxODAwMzIZYzAzNzJlYmMyZmVhZGE1OTplczplczpFUw&amp;usg=AFQjCNEGm4Tfb6blTPHQBdxweNJq1nrkDQ\" data-saferedirecturl=\"https:\/\/www.google.com\/url?q=https:\/\/www.google.com\/url?rct%3Dj%26sa%3Dt%26url%3Dhttps:\/\/elpais.com\/elpais\/2019\/10\/28\/planeta_futuro\/1572262420_987281.html%26ct%3Dga%26cd%3DCAEYACoTOTE0ODA0NjI0NTE4ODcxODAwMzIZYzAzNzJlYmMyZmVhZGE1OTplczplczpFUw%26usg%3DAFQjCNEGm4Tfb6blTPHQBdxweNJq1nrkDQ&amp;source=gmail&amp;ust=1572607009435000&amp;usg=AFQjCNG4pCNwulyuUNuQwRkCo4AA12VuDg\">Ana Blandiana: \u201cEn condiciones de libertad descubrimos que ser libre era mucho m\u00e1s dif\u00edcil que &#8230;- El HuffPost<\/a><\/p>\n<p><a href=\"https:\/\/www.elmundo.es\/f5\/mira\/2019\/10\/31\/5dbaa9cffdddffb4258b457e.html\" data-saferedirecturl=\"https:\/\/www.google.com\/url?q=https:\/\/www.elmundo.es\/f5\/mira\/2019\/10\/31\/5dbaa9cffdddffb4258b457e.html&amp;source=gmail&amp;ust=1572607009435000&amp;usg=AFQjCNF0rDhPUawnlPd-jQ1OrBp3jrK2Bg\">Foodie Love, primer teaser y fecha de estreno de la serie de Isabel Coixet<\/a> \u2013 El Mundo<\/p>\n<p><a href=\"https:\/\/elpais.com\/cultura\/2019\/10\/29\/actualidad\/1572353076_694918.html\" data-saferedirecturl=\"https:\/\/www.google.com\/url?q=https:\/\/elpais.com\/cultura\/2019\/10\/29\/actualidad\/1572353076_694918.html&amp;source=gmail&amp;ust=1572607009436000&amp;usg=AFQjCNH8s94Mq6KV6BspSR24vvDmKDMFjA\">La guerra de Celia y Elena Fort\u00fan llega al teatro<\/a> \u2013 El Pa\u00eds<\/p>\n<p>Deporte<\/p>\n<p><a href=\"https:\/\/www.google.com\/url?rct=j&amp;sa=t&amp;url=https:\/\/www.huffingtonpost.es\/entry\/ana-blandiana-en-condiciones-de-libertad-descubrimos-que-ser-libre-era-mucho-mas-dificil-que-no-serlo_es_5db8e417e4b0bb1ea37129e7&amp;ct=ga&amp;cd=CAEYAioUMTc4OTE5NjgxODc0ODc0NzQyNDQyGWMwMzcyZWJjMmZlYWRhNTk6ZXM6ZXM6RVM&amp;usg=AFQjCNFUhdi4V2LlVX9k1av9I4G_7bozXQ\" data-saferedirecturl=\"https:\/\/www.google.com\/url?q=https:\/\/www.google.com\/url?rct%3Dj%26sa%3Dt%26url%3Dhttps:\/\/www.huffingtonpost.es\/entry\/ana-blandiana-en-condiciones-de-libertad-descubrimos-que-ser-libre-era-mucho-mas-dificil-que-no-serlo_es_5db8e417e4b0bb1ea37129e7%26ct%3Dga%26cd%3DCAEYAioUMTc4OTE5NjgxODc0ODc0NzQyNDQyGWMwMzcyZWJjMmZlYWRhNTk6ZXM6ZXM6RVM%26usg%3DAFQjCNFUhdi4V2LlVX9k1av9I4G_7bozXQ&amp;source=gmail&amp;ust=1572607009436000&amp;usg=AFQjCNHpKwmxmIJ8Qlppi8DM4Rlyc3Sa3w\">La ex judoka Almudena L\u00f3pez rescata 40 a\u00f1os de la historia femenina del judo espa\u00f1ol- Marca.com<\/a><\/p>\n<p><a href=\"https:\/\/www.elmundo.es\/deportes\/futbol\/2019\/10\/31\/5db9fed721efa0c2708b456e.html\" data-saferedirecturl=\"https:\/\/www.google.com\/url?q=https:\/\/www.elmundo.es\/deportes\/futbol\/2019\/10\/31\/5db9fed721efa0c2708b456e.html&amp;source=gmail&amp;ust=1572607009436000&amp;usg=AFQjCNFyeWlybpSm1u2S4jmE42jBS3cyMg\">Dar el pecho en mitad del entrenamiento: as\u00ed es la historia de Ruth, mam\u00e1 y futbolista<\/a> \u2013 El Mundo<\/p>\n<p>[\/toggle]<\/p>\n<p>[toggle type=\u00bbfirst\u00bb title=\u00bbInternacional\u00bb]<\/p>\n<p><a href=\"https:\/\/www.google.com\/url?rct=j&amp;sa=t&amp;url=https:\/\/www.marca.com\/otros-deportes\/2019\/10\/29\/5db85bd422601da80b8b461a.html&amp;ct=ga&amp;cd=CAEYGCoSNDYzODMwNTM5MDY4OTIyOTM0MhljMDM3MmViYzJmZWFkYTU5OmVzOmVzOkVT&amp;usg=AFQjCNEa4g-r06iZIPo_hVlqPKkDHIXtBA\">El Parlamento de\u00a0Mujeres\u00a0de M\u00e9xico se une a la iniciativa del PE #D\u00f3ndeEst\u00e1nEllas- euroefe.euractiv.es <\/a><\/p>\n<p><a href=\"https:\/\/www.google.com\/url?rct=j&amp;sa=t&amp;url=https:\/\/euractiv.es\/section\/feminismo\/news\/el-parlamento-de-mujeres-de-mexico-se-une-a-la-iniciativa-del-pe-dondeestanellas\/&amp;ct=ga&amp;cd=CAEYAyoTNjA5OTkwOTU4NjkzMzQxMTg1ODIZYzAzNzJlYmMyZmVhZGE1OTplczplczpFUw&amp;usg=AFQjCNGbez9L7H50Ow1uQTM3Wu9l5cbqXQ\" data-saferedirecturl=\"https:\/\/www.google.com\/url?q=https:\/\/www.google.com\/url?rct%3Dj%26sa%3Dt%26url%3Dhttps:\/\/euractiv.es\/section\/feminismo\/news\/el-parlamento-de-mujeres-de-mexico-se-une-a-la-iniciativa-del-pe-dondeestanellas\/%26ct%3Dga%26cd%3DCAEYAyoTNjA5OTkwOTU4NjkzMzQxMTg1ODIZYzAzNzJlYmMyZmVhZGE1OTplczplczpFUw%26usg%3DAFQjCNGbez9L7H50Ow1uQTM3Wu9l5cbqXQ&amp;source=gmail&amp;ust=1572607009436000&amp;usg=AFQjCNHiTOs-AckTw3_nB7VqszQAOOWQug\">Verde,\u00a0mujer\u00a0y lesbiana: la nueva alcaldesa de Bogot\u00e1 que revoluciona Colombia- P\u00fablico<\/a><\/p>\n<p><a href=\"https:\/\/www.google.com\/url?rct=j&amp;sa=t&amp;url=https:\/\/www.publico.es\/internacional\/claudia-lopez-verde-mujer-lesbiana-nueva-alcadesa-bogota-revoluciona-colombia.html&amp;ct=ga&amp;cd=CAEYASoTNjA5OTkwOTU4NjkzMzQxMTg1ODIZYzAzNzJlYmMyZmVhZGE1OTplczplczpFUw&amp;usg=AFQjCNGEmNG9h16ycpwLLYYHKApgQLBYLw\" data-saferedirecturl=\"https:\/\/www.google.com\/url?q=https:\/\/www.google.com\/url?rct%3Dj%26sa%3Dt%26url%3Dhttps:\/\/www.publico.es\/internacional\/claudia-lopez-verde-mujer-lesbiana-nueva-alcadesa-bogota-revoluciona-colombia.html%26ct%3Dga%26cd%3DCAEYASoTNjA5OTkwOTU4NjkzMzQxMTg1ODIZYzAzNzJlYmMyZmVhZGE1OTplczplczpFUw%26usg%3DAFQjCNGEmNG9h16ycpwLLYYHKApgQLBYLw&amp;source=gmail&amp;ust=1572607009436000&amp;usg=AFQjCNGjnUrpM6QQJ5YaLRBeGzGfU90igw\">Senadores mexicanos proponen el Servicio Militar obligatorio para\u00a0mujeres- Defensa.com<br \/>\n\u00abLa represi\u00f3n hacia las\u00a0mujeres\u00a0y ni\u00f1as pobres chilenas es para sembrar el miedo y doblegar &#8230;- P\u00fablico<br \/>\nDescubren que todos los seres humanos vivos descienden de una\u00a0mujer\u00a0que vivi\u00f3 en la actual &#8230;- Infobae.com<br \/>\nUna noche de\u00a0mujeres\u00a0pioneras en los Oscars honor\u00edficos- El Pa\u00eds<\/a><\/p>\n<p>&nbsp;<\/p>\n<p>&nbsp;<\/p>\n<p>[\/toggle]<\/p>\n<\/div>\n<\/div>\n<\/div>\n<\/div>\n<\/div>\n<\/div>\n","protected":false},"excerpt":{"rendered":"<p>Andaluc\u00eda: Igualdad distribuye 11,6 mill para proyectos contra la VG <a href=\"https:\/\/cklcomunicaciones.es\/coop\/noticias-info-ckl-no-2-392-31-10-19\/\">[&#8230;]<\/a><\/p>\n","protected":false},"author":3,"featured_media":0,"comment_status":"closed","ping_status":"closed","sticky":false,"template":"","format":"standard","meta":{"footnotes":""},"categories":[298,623],"tags":[],"class_list":["post-14761","post","type-post","status-publish","format-standard","hentry","category-newsletter","category-nwl-2-0"],"yoast_head":"<!-- This site is optimized with the Yoast SEO plugin v27.5 - https:\/\/yoast.com\/product\/yoast-seo-wordpress\/ -->\n<title>Noticias Info CKL n\u00ba 2.392-31\/10\/19-Comunicar con perspectiva de g\u00e9nero<\/title>\n<meta name=\"description\" content=\"Comunicar con perspectiva de g\u00e9nero: Andaluc\u00eda: Igualdad distribuye 11,6 mill para proyectos contra la VG del Pacto de Estado-CIS: Mujer menor de 25 a\u00f1os, perfil del votante indeciso-EFE se suma a la iniciativa #D\u00f3ndeEst\u00e1nEllas del Parlamento Europeo\" \/>\n<meta name=\"robots\" content=\"index, follow, max-snippet:-1, max-image-preview:large, max-video-preview:-1\" \/>\n<link rel=\"canonical\" href=\"https:\/\/cklcomunicaciones.es\/coop\/noticias-info-ckl-no-2-392-31-10-19\/\" \/>\n<meta property=\"og:locale\" content=\"es_ES\" \/>\n<meta property=\"og:type\" content=\"article\" \/>\n<meta property=\"og:title\" content=\"Noticias Info CKL n\u00ba 2.392-31\/10\/19-Comunicar con perspectiva de g\u00e9nero\" \/>\n<meta property=\"og:description\" content=\"Comunicar con perspectiva de g\u00e9nero: Andaluc\u00eda: Igualdad distribuye 11,6 mill para proyectos contra la VG del Pacto de Estado-CIS: Mujer menor de 25 a\u00f1os, perfil del votante indeciso-EFE se suma a la iniciativa #D\u00f3ndeEst\u00e1nEllas del Parlamento Europeo\" \/>\n<meta property=\"og:url\" content=\"https:\/\/cklcomunicaciones.es\/coop\/noticias-info-ckl-no-2-392-31-10-19\/\" \/>\n<meta property=\"og:site_name\" content=\"CKL Comunicaciones\" \/>\n<meta property=\"article:published_time\" content=\"2019-10-31T11:35:49+00:00\" \/>\n<meta property=\"article:modified_time\" content=\"2025-01-17T15:43:00+00:00\" \/>\n<meta property=\"og:image\" content=\"https:\/\/cklcomunicaciones.es\/coop\/wp-content\/uploads\/2018\/03\/CKL_comunicacion-con-perspetiva-de-genero.jpg\" \/>\n\t<meta property=\"og:image:width\" content=\"500\" \/>\n\t<meta property=\"og:image:height\" content=\"500\" \/>\n\t<meta property=\"og:image:type\" content=\"image\/jpeg\" \/>\n<meta name=\"author\" content=\"ckl\" \/>\n<meta name=\"twitter:card\" content=\"summary_large_image\" \/>\n<meta name=\"twitter:label1\" content=\"Escrito por\" \/>\n\t<meta name=\"twitter:data1\" content=\"ckl\" \/>\n\t<meta name=\"twitter:label2\" content=\"Tiempo de lectura\" \/>\n\t<meta name=\"twitter:data2\" content=\"5 minutos\" \/>\n<script type=\"application\/ld+json\" class=\"yoast-schema-graph\">{\"@context\":\"https:\\\/\\\/schema.org\",\"@graph\":[{\"@type\":\"Article\",\"@id\":\"https:\\\/\\\/cklcomunicaciones.es\\\/coop\\\/noticias-info-ckl-no-2-392-31-10-19\\\/#article\",\"isPartOf\":{\"@id\":\"https:\\\/\\\/cklcomunicaciones.es\\\/coop\\\/noticias-info-ckl-no-2-392-31-10-19\\\/\"},\"author\":{\"name\":\"ckl\",\"@id\":\"https:\\\/\\\/cklcomunicaciones.es\\\/coop\\\/#\\\/schema\\\/person\\\/929a6837f7626450bbb50cee1aef266e\"},\"headline\":\"Noticias Info CKL n\u00ba 2.392-31\\\/10\\\/19\",\"datePublished\":\"2019-10-31T11:35:49+00:00\",\"dateModified\":\"2025-01-17T15:43:00+00:00\",\"mainEntityOfPage\":{\"@id\":\"https:\\\/\\\/cklcomunicaciones.es\\\/coop\\\/noticias-info-ckl-no-2-392-31-10-19\\\/\"},\"wordCount\":1074,\"image\":{\"@id\":\"https:\\\/\\\/cklcomunicaciones.es\\\/coop\\\/noticias-info-ckl-no-2-392-31-10-19\\\/#primaryimage\"},\"thumbnailUrl\":\"http:\\\/\\\/www.cklcomunicaciones.es\\\/wp-content\\\/uploads\\\/2018\\\/03\\\/CKL_comunicacion-con-perspetiva-de-genero-300x300.jpg\",\"articleSection\":[\"Newsletter\",\"Nwl v2.0\"],\"inLanguage\":\"es\"},{\"@type\":\"WebPage\",\"@id\":\"https:\\\/\\\/cklcomunicaciones.es\\\/coop\\\/noticias-info-ckl-no-2-392-31-10-19\\\/\",\"url\":\"https:\\\/\\\/cklcomunicaciones.es\\\/coop\\\/noticias-info-ckl-no-2-392-31-10-19\\\/\",\"name\":\"Noticias Info CKL n\u00ba 2.392-31\\\/10\\\/19-Comunicar con perspectiva de g\u00e9nero\",\"isPartOf\":{\"@id\":\"https:\\\/\\\/cklcomunicaciones.es\\\/coop\\\/#website\"},\"primaryImageOfPage\":{\"@id\":\"https:\\\/\\\/cklcomunicaciones.es\\\/coop\\\/noticias-info-ckl-no-2-392-31-10-19\\\/#primaryimage\"},\"image\":{\"@id\":\"https:\\\/\\\/cklcomunicaciones.es\\\/coop\\\/noticias-info-ckl-no-2-392-31-10-19\\\/#primaryimage\"},\"thumbnailUrl\":\"http:\\\/\\\/www.cklcomunicaciones.es\\\/wp-content\\\/uploads\\\/2018\\\/03\\\/CKL_comunicacion-con-perspetiva-de-genero-300x300.jpg\",\"datePublished\":\"2019-10-31T11:35:49+00:00\",\"dateModified\":\"2025-01-17T15:43:00+00:00\",\"author\":{\"@id\":\"https:\\\/\\\/cklcomunicaciones.es\\\/coop\\\/#\\\/schema\\\/person\\\/929a6837f7626450bbb50cee1aef266e\"},\"description\":\"Comunicar con perspectiva de g\u00e9nero: Andaluc\u00eda: Igualdad distribuye 11,6 mill para proyectos contra la VG del Pacto de Estado-CIS: Mujer menor de 25 a\u00f1os, perfil del votante indeciso-EFE se suma a la iniciativa #D\u00f3ndeEst\u00e1nEllas del Parlamento Europeo\",\"breadcrumb\":{\"@id\":\"https:\\\/\\\/cklcomunicaciones.es\\\/coop\\\/noticias-info-ckl-no-2-392-31-10-19\\\/#breadcrumb\"},\"inLanguage\":\"es\",\"potentialAction\":[{\"@type\":\"ReadAction\",\"target\":[\"https:\\\/\\\/cklcomunicaciones.es\\\/coop\\\/noticias-info-ckl-no-2-392-31-10-19\\\/\"]}]},{\"@type\":\"ImageObject\",\"inLanguage\":\"es\",\"@id\":\"https:\\\/\\\/cklcomunicaciones.es\\\/coop\\\/noticias-info-ckl-no-2-392-31-10-19\\\/#primaryimage\",\"url\":\"http:\\\/\\\/www.cklcomunicaciones.es\\\/wp-content\\\/uploads\\\/2018\\\/03\\\/CKL_comunicacion-con-perspetiva-de-genero-300x300.jpg\",\"contentUrl\":\"http:\\\/\\\/www.cklcomunicaciones.es\\\/wp-content\\\/uploads\\\/2018\\\/03\\\/CKL_comunicacion-con-perspetiva-de-genero-300x300.jpg\"},{\"@type\":\"BreadcrumbList\",\"@id\":\"https:\\\/\\\/cklcomunicaciones.es\\\/coop\\\/noticias-info-ckl-no-2-392-31-10-19\\\/#breadcrumb\",\"itemListElement\":[{\"@type\":\"ListItem\",\"position\":1,\"name\":\"Portada\",\"item\":\"https:\\\/\\\/cklcomunicaciones.es\\\/coop\\\/\"},{\"@type\":\"ListItem\",\"position\":2,\"name\":\"Noticias Info CKL n\u00ba 2.392-31\\\/10\\\/19\"}]},{\"@type\":\"WebSite\",\"@id\":\"https:\\\/\\\/cklcomunicaciones.es\\\/coop\\\/#website\",\"url\":\"https:\\\/\\\/cklcomunicaciones.es\\\/coop\\\/\",\"name\":\"CKL Comunicaciones\",\"description\":\"Sitio web de CKL Comunicaciones coop , la consultora de comunicaci\u00f3n y estrategia\",\"potentialAction\":[{\"@type\":\"SearchAction\",\"target\":{\"@type\":\"EntryPoint\",\"urlTemplate\":\"https:\\\/\\\/cklcomunicaciones.es\\\/coop\\\/?s={search_term_string}\"},\"query-input\":{\"@type\":\"PropertyValueSpecification\",\"valueRequired\":true,\"valueName\":\"search_term_string\"}}],\"inLanguage\":\"es\"},{\"@type\":\"Person\",\"@id\":\"https:\\\/\\\/cklcomunicaciones.es\\\/coop\\\/#\\\/schema\\\/person\\\/929a6837f7626450bbb50cee1aef266e\",\"name\":\"ckl\",\"image\":{\"@type\":\"ImageObject\",\"inLanguage\":\"es\",\"@id\":\"https:\\\/\\\/secure.gravatar.com\\\/avatar\\\/c82db564e8a669bf6023357a157b9dc4780f4d4c618f2ad1d71a6a5dede45057?s=96&d=mm&r=g\",\"url\":\"https:\\\/\\\/secure.gravatar.com\\\/avatar\\\/c82db564e8a669bf6023357a157b9dc4780f4d4c618f2ad1d71a6a5dede45057?s=96&d=mm&r=g\",\"contentUrl\":\"https:\\\/\\\/secure.gravatar.com\\\/avatar\\\/c82db564e8a669bf6023357a157b9dc4780f4d4c618f2ad1d71a6a5dede45057?s=96&d=mm&r=g\",\"caption\":\"ckl\"},\"url\":\"https:\\\/\\\/cklcomunicaciones.es\\\/coop\\\/author\\\/cklcomunicaciones\\\/\"}]}<\/script>\n<!-- \/ Yoast SEO plugin. -->","yoast_head_json":{"title":"Noticias Info CKL n\u00ba 2.392-31\/10\/19-Comunicar con perspectiva de g\u00e9nero","description":"Comunicar con perspectiva de g\u00e9nero: Andaluc\u00eda: Igualdad distribuye 11,6 mill para proyectos contra la VG del Pacto de Estado-CIS: Mujer menor de 25 a\u00f1os, perfil del votante indeciso-EFE se suma a la iniciativa #D\u00f3ndeEst\u00e1nEllas del Parlamento Europeo","robots":{"index":"index","follow":"follow","max-snippet":"max-snippet:-1","max-image-preview":"max-image-preview:large","max-video-preview":"max-video-preview:-1"},"canonical":"https:\/\/cklcomunicaciones.es\/coop\/noticias-info-ckl-no-2-392-31-10-19\/","og_locale":"es_ES","og_type":"article","og_title":"Noticias Info CKL n\u00ba 2.392-31\/10\/19-Comunicar con perspectiva de g\u00e9nero","og_description":"Comunicar con perspectiva de g\u00e9nero: Andaluc\u00eda: Igualdad distribuye 11,6 mill para proyectos contra la VG del Pacto de Estado-CIS: Mujer menor de 25 a\u00f1os, perfil del votante indeciso-EFE se suma a la iniciativa #D\u00f3ndeEst\u00e1nEllas del Parlamento Europeo","og_url":"https:\/\/cklcomunicaciones.es\/coop\/noticias-info-ckl-no-2-392-31-10-19\/","og_site_name":"CKL Comunicaciones","article_published_time":"2019-10-31T11:35:49+00:00","article_modified_time":"2025-01-17T15:43:00+00:00","og_image":[{"width":500,"height":500,"url":"https:\/\/cklcomunicaciones.es\/coop\/wp-content\/uploads\/2018\/03\/CKL_comunicacion-con-perspetiva-de-genero.jpg","type":"image\/jpeg"}],"author":"ckl","twitter_card":"summary_large_image","twitter_misc":{"Escrito por":"ckl","Tiempo de lectura":"5 minutos"},"schema":{"@context":"https:\/\/schema.org","@graph":[{"@type":"Article","@id":"https:\/\/cklcomunicaciones.es\/coop\/noticias-info-ckl-no-2-392-31-10-19\/#article","isPartOf":{"@id":"https:\/\/cklcomunicaciones.es\/coop\/noticias-info-ckl-no-2-392-31-10-19\/"},"author":{"name":"ckl","@id":"https:\/\/cklcomunicaciones.es\/coop\/#\/schema\/person\/929a6837f7626450bbb50cee1aef266e"},"headline":"Noticias Info CKL n\u00ba 2.392-31\/10\/19","datePublished":"2019-10-31T11:35:49+00:00","dateModified":"2025-01-17T15:43:00+00:00","mainEntityOfPage":{"@id":"https:\/\/cklcomunicaciones.es\/coop\/noticias-info-ckl-no-2-392-31-10-19\/"},"wordCount":1074,"image":{"@id":"https:\/\/cklcomunicaciones.es\/coop\/noticias-info-ckl-no-2-392-31-10-19\/#primaryimage"},"thumbnailUrl":"http:\/\/www.cklcomunicaciones.es\/wp-content\/uploads\/2018\/03\/CKL_comunicacion-con-perspetiva-de-genero-300x300.jpg","articleSection":["Newsletter","Nwl v2.0"],"inLanguage":"es"},{"@type":"WebPage","@id":"https:\/\/cklcomunicaciones.es\/coop\/noticias-info-ckl-no-2-392-31-10-19\/","url":"https:\/\/cklcomunicaciones.es\/coop\/noticias-info-ckl-no-2-392-31-10-19\/","name":"Noticias Info CKL n\u00ba 2.392-31\/10\/19-Comunicar con perspectiva de g\u00e9nero","isPartOf":{"@id":"https:\/\/cklcomunicaciones.es\/coop\/#website"},"primaryImageOfPage":{"@id":"https:\/\/cklcomunicaciones.es\/coop\/noticias-info-ckl-no-2-392-31-10-19\/#primaryimage"},"image":{"@id":"https:\/\/cklcomunicaciones.es\/coop\/noticias-info-ckl-no-2-392-31-10-19\/#primaryimage"},"thumbnailUrl":"http:\/\/www.cklcomunicaciones.es\/wp-content\/uploads\/2018\/03\/CKL_comunicacion-con-perspetiva-de-genero-300x300.jpg","datePublished":"2019-10-31T11:35:49+00:00","dateModified":"2025-01-17T15:43:00+00:00","author":{"@id":"https:\/\/cklcomunicaciones.es\/coop\/#\/schema\/person\/929a6837f7626450bbb50cee1aef266e"},"description":"Comunicar con perspectiva de g\u00e9nero: Andaluc\u00eda: Igualdad distribuye 11,6 mill para proyectos contra la VG del Pacto de Estado-CIS: Mujer menor de 25 a\u00f1os, perfil del votante indeciso-EFE se suma a la iniciativa #D\u00f3ndeEst\u00e1nEllas del Parlamento Europeo","breadcrumb":{"@id":"https:\/\/cklcomunicaciones.es\/coop\/noticias-info-ckl-no-2-392-31-10-19\/#breadcrumb"},"inLanguage":"es","potentialAction":[{"@type":"ReadAction","target":["https:\/\/cklcomunicaciones.es\/coop\/noticias-info-ckl-no-2-392-31-10-19\/"]}]},{"@type":"ImageObject","inLanguage":"es","@id":"https:\/\/cklcomunicaciones.es\/coop\/noticias-info-ckl-no-2-392-31-10-19\/#primaryimage","url":"http:\/\/www.cklcomunicaciones.es\/wp-content\/uploads\/2018\/03\/CKL_comunicacion-con-perspetiva-de-genero-300x300.jpg","contentUrl":"http:\/\/www.cklcomunicaciones.es\/wp-content\/uploads\/2018\/03\/CKL_comunicacion-con-perspetiva-de-genero-300x300.jpg"},{"@type":"BreadcrumbList","@id":"https:\/\/cklcomunicaciones.es\/coop\/noticias-info-ckl-no-2-392-31-10-19\/#breadcrumb","itemListElement":[{"@type":"ListItem","position":1,"name":"Portada","item":"https:\/\/cklcomunicaciones.es\/coop\/"},{"@type":"ListItem","position":2,"name":"Noticias Info CKL n\u00ba 2.392-31\/10\/19"}]},{"@type":"WebSite","@id":"https:\/\/cklcomunicaciones.es\/coop\/#website","url":"https:\/\/cklcomunicaciones.es\/coop\/","name":"CKL Comunicaciones","description":"Sitio web de CKL Comunicaciones coop , la consultora de comunicaci\u00f3n y estrategia","potentialAction":[{"@type":"SearchAction","target":{"@type":"EntryPoint","urlTemplate":"https:\/\/cklcomunicaciones.es\/coop\/?s={search_term_string}"},"query-input":{"@type":"PropertyValueSpecification","valueRequired":true,"valueName":"search_term_string"}}],"inLanguage":"es"},{"@type":"Person","@id":"https:\/\/cklcomunicaciones.es\/coop\/#\/schema\/person\/929a6837f7626450bbb50cee1aef266e","name":"ckl","image":{"@type":"ImageObject","inLanguage":"es","@id":"https:\/\/secure.gravatar.com\/avatar\/c82db564e8a669bf6023357a157b9dc4780f4d4c618f2ad1d71a6a5dede45057?s=96&d=mm&r=g","url":"https:\/\/secure.gravatar.com\/avatar\/c82db564e8a669bf6023357a157b9dc4780f4d4c618f2ad1d71a6a5dede45057?s=96&d=mm&r=g","contentUrl":"https:\/\/secure.gravatar.com\/avatar\/c82db564e8a669bf6023357a157b9dc4780f4d4c618f2ad1d71a6a5dede45057?s=96&d=mm&r=g","caption":"ckl"},"url":"https:\/\/cklcomunicaciones.es\/coop\/author\/cklcomunicaciones\/"}]}},"_links":{"self":[{"href":"https:\/\/cklcomunicaciones.es\/coop\/wp-json\/wp\/v2\/posts\/14761","targetHints":{"allow":["GET"]}}],"collection":[{"href":"https:\/\/cklcomunicaciones.es\/coop\/wp-json\/wp\/v2\/posts"}],"about":[{"href":"https:\/\/cklcomunicaciones.es\/coop\/wp-json\/wp\/v2\/types\/post"}],"author":[{"embeddable":true,"href":"https:\/\/cklcomunicaciones.es\/coop\/wp-json\/wp\/v2\/users\/3"}],"replies":[{"embeddable":true,"href":"https:\/\/cklcomunicaciones.es\/coop\/wp-json\/wp\/v2\/comments?post=14761"}],"version-history":[{"count":0,"href":"https:\/\/cklcomunicaciones.es\/coop\/wp-json\/wp\/v2\/posts\/14761\/revisions"}],"wp:attachment":[{"href":"https:\/\/cklcomunicaciones.es\/coop\/wp-json\/wp\/v2\/media?parent=14761"}],"wp:term":[{"taxonomy":"category","embeddable":true,"href":"https:\/\/cklcomunicaciones.es\/coop\/wp-json\/wp\/v2\/categories?post=14761"},{"taxonomy":"post_tag","embeddable":true,"href":"https:\/\/cklcomunicaciones.es\/coop\/wp-json\/wp\/v2\/tags?post=14761"}],"curies":[{"name":"wp","href":"https:\/\/api.w.org\/{rel}","templated":true}]}}