{"id":14755,"date":"2019-10-28T12:30:30","date_gmt":"2019-10-28T11:30:30","guid":{"rendered":"http:\/\/www.cklcomunicaciones.es\/?p=14755"},"modified":"2025-01-17T16:43:00","modified_gmt":"2025-01-17T15:43:00","slug":"noticias-info-ckl-no-2-391-28-10-19","status":"publish","type":"post","link":"https:\/\/cklcomunicaciones.es\/coop\/noticias-info-ckl-no-2-391-28-10-19\/","title":{"rendered":"Noticias Info CKL n\u00ba 2.391-28\/10\/19"},"content":{"rendered":"<div id=\"pl-14755\"  class=\"panel-layout\" >\n<div id=\"pg-14755-0\"  class=\"panel-grid panel-no-style\"  data-style=\"{&quot;background_image_attachment&quot;:false,&quot;background_display&quot;:&quot;tile&quot;,&quot;cell_alignment&quot;:&quot;flex-start&quot;}\" >\n<div id=\"pgc-14755-0-0\"  class=\"panel-grid-cell\"  data-weight=\"1\" >\n<div id=\"panel-14755-0-0-0\" class=\"so-panel widget widget_sow-editor panel-first-child panel-last-child\" data-index=\"0\" data-style=\"{&quot;background_image_attachment&quot;:false,&quot;background_display&quot;:&quot;tile&quot;}\" >\n<div class=\"so-widget-sow-editor so-widget-sow-editor-base\">\n<div class=\"siteorigin-widget-tinymce textwidget\">\n<p><img decoding=\"async\" class=\"lazyload  wp-image-13726\" src=\"http:\/\/www.cklcomunicaciones.es\/wp-content\/uploads\/2018\/03\/CKL_comunicacion-con-perspetiva-de-genero-300x300.jpg\" data-orig-src=\"http:\/\/www.cklcomunicaciones.es\/wp-content\/uploads\/2018\/03\/CKL_comunicacion-con-perspetiva-de-genero-300x300.jpg\" alt=\"CKL_comunicacion con perspetiva de genero\" width=\"132\" height=\"132\" srcset=\"data:image\/svg+xml,%3Csvg%20xmlns%3D%27http%3A%2F%2Fwww.w3.org%2F2000%2Fsvg%27%20width%3D%27132%27%20height%3D%27132%27%20viewBox%3D%270%200%20132%20132%27%3E%3Crect%20width%3D%27132%27%20height%3D%27132%27%20fill-opacity%3D%220%22%2F%3E%3C%2Fsvg%3E\" data-srcset=\"https:\/\/cklcomunicaciones.es\/coop\/wp-content\/uploads\/2018\/03\/CKL_comunicacion-con-perspetiva-de-genero-150x150.jpg 150w, https:\/\/cklcomunicaciones.es\/coop\/wp-content\/uploads\/2018\/03\/CKL_comunicacion-con-perspetiva-de-genero-300x300.jpg 300w, https:\/\/cklcomunicaciones.es\/coop\/wp-content\/uploads\/2018\/03\/CKL_comunicacion-con-perspetiva-de-genero-450x450.jpg 450w, https:\/\/cklcomunicaciones.es\/coop\/wp-content\/uploads\/2018\/03\/CKL_comunicacion-con-perspetiva-de-genero.jpg 500w\" data-sizes=\"auto\" data-orig-sizes=\"(max-width: 132px) 100vw, 132px\" \/><\/p>\n<p id=\":kj\" class=\"hP\" tabindex=\"-1\" data-thread-perm-id=\"thread-f:1648635494252370548\" data-legacy-thread-id=\"16e1213f47035a74\"><strong>Christine Lagarde toma el mando del Banco Central Europeo-Las mujeres cobran un 15% menos que los hombres en las empresas del Ibex 35-II edici\u00f3n de Talent Woman 2019-M\u00e1s Valley y menos<\/strong> <strong>Sillicon-La gran Josefina Molina<\/strong><\/p>\n<p>[toggle type=\u00bbfirst\u00bb title=\u00bbConvocatorias\u00bb]<\/p>\n<ul>\n<li>II Congreso G\u00e9nero y Derecho (interfacultativo) que se celebrar\u00e1 los d\u00edas 20 y 22 de noviembre de 2019, en la Facultad de Derecho y en las de Relaciones Laborales de la Universidad de Granada. M\u00e1s informaci\u00f3n:\u00a0<a href=\"http:\/\/derecho.ugr.es\/web\/content\/ii-congreso-g%C3%A9nero-y-derecho-menores-y-violencia-de-g%C3%A9nero\">http:\/\/derecho.ugr.es\/web\/content\/ii-congreso-g%C3%A9nero-y-derecho-menores-y-violencia-de-g%C3%A9nero<\/a><\/li>\n<li>FYCMA M\u00e1laga\u00a0con\u00bbLos nuevos desaf\u00edos de la mujer en la era Blockchain\u00bb<strong>,\u00a0<\/strong>que se celebrar\u00e1 el pr\u00f3ximo 12 de noviembre en el marco del<strong>\u00a0<\/strong><a href=\"https:\/\/womandigital.us18.list-manage.com\/track\/click?u=bd96482562d3aacaa5ac0e7c5&amp;id=6dd7574daf&amp;e=ebf8a1abeb\">Global\u00a0Blockchain Congress<\/a><strong>.<\/strong><\/li>\n<\/ul>\n<p>[\/toggle]<\/p>\n<p>[toggle type=\u00bbfirst\u00bb title=\u00bbComunicaci\u00f3n\u00bb]<\/p>\n<p><a href=\"https:\/\/www.google.com\/url?rct=j&amp;sa=t&amp;url=http:\/\/www.extradigital.es\/la-igualdad-de-genero-es-un-referente-que-deber-marcar-toda-la-programacion-de-canal-sur\/&amp;ct=ga&amp;cd=CAEYACoTNDc0MzU0MDg0MTE0OTQ0NjIyNTIbOWFiMWNkZDdlMzY2ZWYzODplczplczpFUzpS&amp;usg=AFQjCNGLtFaxgP2t-5XIN6g9V30kpeTmKA\"><br \/>\nBel\u00e9n Torres Vela, editora programa Solidarios: \u201cLa igualdad de g\u00e9nero es un referente que deber marcar toda la programaci\u00f3n de Canal Sur\u201d<\/a>&#8211;\u00a0Extradigital.es<\/p>\n<p><a href=\"http:\/\/www.canalsur.es\/noticias\/andalucia\/canal-sur-30-anos-dando-testimonio-audiovisual-de-andalucia\/1495154.html\">Canal Sur, 30 a\u00f1os dando<\/a><a href=\"http:\/\/www.canalsur.es\/noticias\/andalucia\/canal-sur-30-anos-dando-testimonio-audiovisual-de-andalucia\/1495154.html\"> testimonio<\/a><a href=\"http:\/\/www.canalsur.es\/noticias\/andalucia\/canal-sur-30-anos-dando-testimonio-audiovisual-de-andalucia\/1495154.html\"> audiovi<\/a><a href=\"http:\/\/www.canalsur.es\/noticias\/andalucia\/canal-sur-30-anos-dando-testimonio-audiovisual-de-andalucia\/1495154.html\">sual<\/a><a href=\"http:\/\/www.canalsur.es\/noticias\/andalucia\/canal-sur-30-anos-dando-testimonio-audiovisual-de-andalucia\/1495154.html\"> de\u00a0Andaluc\u00eda<\/a>-Canal Sur<\/p>\n<p><a href=\"https:\/\/www.google.com\/url?rct=j&amp;sa=t&amp;url=https:\/\/www.mujerhoy.com\/vivir\/protagonistas\/201910\/27\/mujeres-series-feministas-rev-20191025163003.html&amp;ct=ga&amp;cd=CAEYAioUMTAwNjE2MjUwOTE5NzU4OTIxOTAyGWMwMzcyZWJjMmZlYWRhNTk6ZXM6ZXM6RVM&amp;usg=AFQjCNE6he5rVwLJX0yF5W5gGTf1iuPv8Q\">\u00bfPor qu\u00e9 ser\u00a0mujer\u00a0en las series ya no es lo que era?<\/a>&#8211;\u00a0Mujerhoy.com<a href=\"https:\/\/www.google.com\/url?rct=j&amp;sa=t&amp;url=https:\/\/www.abogacia.es\/%3Fp%3D207710&amp;ct=ga&amp;cd=CAEYACoUMTIxNDI5NjkxNTc5NDgxOTQxNzIyGWMwMzcyZWJjMmZlYWRhNTk6ZXM6ZXM6RVM&amp;usg=AFQjCNFyxZdmypbJUZCNYUk7PKle1Tv4qA\"><br \/>\nClaves para poner la tecnolog\u00eda al servicio de la conciliaci\u00f3n en la Cumbre de\u00a0Mujeres\u00a0Juristas<\/a>&#8211;\u00a0Abogac\u00eda Espa\u00f1ola<\/p>\n<p>[\/toggle]<\/p>\n<p>[toggle type=\u00bbfirst\u00bb title=\u00bbAndaluc\u00eda\u00bb]<\/p>\n<p><strong>Institucional<\/strong><a href=\"https:\/\/www.google.com\/url?rct=j&amp;sa=t&amp;url=https:\/\/www.lavanguardia.com\/local\/sevilla\/20191025\/471181523699\/ruiz-muestra-a-la-eurodiputada-zacharopoulou-el-trabajo-en-violencia-de-genero-con-75-millones-a-casas-y-pisos.html&amp;ct=ga&amp;cd=CAEYAioUMTI4MDU0ODc5NjE1MDQ4NzgzMjYyGWMwMzcyZWJjMmZlYWRhNTk6ZXM6ZXM6RVM&amp;usg=AFQjCNEmwoXPPXI4MJSWpCmIHWg0_aGBTg\"><br \/>\nRuiz, Consejera de Igualda, muestra a la eurodiputada Zacharopoulou el trabajo en violencia de g\u00e9nero, con 7,5 millones &#8230;<\/a>&#8211;\u00a0La Vanguardia<strong>\u00a0<\/strong><\/p>\n<p><strong>Econom\u00eda y Empresas<\/strong><\/p>\n<p><a href=\"http:\/\/www.eleconomista.es\/andalucia\/noticias\/10165167\/10\/19\/Maria-Jesus-Catala-CaixaBank-va-a-potenciar-los-AgroBank-y-los-Stores-en-Andalucia.html\">Mar\u00eda Jes\u00fas Catal\u00e1, directora territorial de Caixbank en Andaluc\u00eda: \u00abCaixaBank va a potenciar los AgroBank &#8230;<\/a>&#8211;\u00a0Ecodiario<a href=\"https:\/\/www.google.com\/url?rct=j&amp;sa=t&amp;url=https:\/\/www.europapress.es\/esandalucia\/jaen\/noticia-iam-reune-jaen-mas-200-mujeres-medio-rural-analizar-visibilizar-trabajo-20191024162622.html&amp;ct=ga&amp;cd=CAEYACoTNjg2MTg1NTQ2NTE3Mzk2MTA0NTIbOWFiMWNkZDdlMzY2ZWYzODplczplczpFUzpS&amp;usg=AFQjCNH2ZWhuXbNVC6DWWEzvwJpEmj9xDg\"><br \/>\nEl IAM re\u00fane en Ja\u00e9n a m\u00e1s de 200 mujeres del medio rural para analizar y visibilizar su trabajo<\/a>&#8211;\u00a0Europa Press<\/p>\n<p><a href=\"https:\/\/www.mujeremprendedora.net\/llega-segunda-edicion-talent-woman-2019\/\">Llega la segunda edici\u00f3n de Talent Woman 2019<\/a>\u00a0\u2013 Mujeremprendedora.net<\/p>\n<p><a href=\"https:\/\/agroinformacion.com\/encuentro-regional-de-ceres-andalucia-la-agricultura-y-la-alimentacion-consciente-aliadas-de-las-mujeres-rurales\/\">Encuentro regional de CERES\u00a0Andaluc\u00eda: La agricultura y la &#8230;<\/a>&#8211;\u00a0AgroInformaci\u00f3n<\/p>\n<p><a href=\"https:\/\/www.mujeremprendedora.net\/convocada-iii-edicion-concurso-ideas-ugr-emprendedora\/\">Convocada la III Edici\u00f3n del Concurso de Ideas UGR emprendedora<\/a>\u2013 Mujeremprendedora.net<\/p>\n<p><a href=\"http:\/\/www.juntadeandalucia.es\/presidencia\/portavoz\/146979\/autonomos\/tarifaplana\/ayudas\/ConsejeriadeEmpleoFomentoyTrabajoAutonomo\/GobiernodeAndalucia\/Andalucia\">M\u00e1s de 6.000 aut\u00f3nomos andaluces han solicitado ya la ayuda para ampliar la tarifa plana<\/a>\u00a0Oficina del Portavoz<\/p>\n<p><strong>A<\/strong><strong>ctualidad<\/strong><\/p>\n<p><strong><a href=\"https:\/\/www.europapress.es\/andalucia\/sevilla-00357\/noticia-elsa-lopez-recibe-premio-emilio-castelar-defensa-libertades-progreso-pueblos-20191028111321.html\">E<\/a><\/strong><a href=\"https:\/\/www.europapress.es\/andalucia\/sevilla-00357\/noticia-elsa-lopez-recibe-premio-emilio-castelar-defensa-libertades-progreso-pueblos-20191028111321.html\">lsa L\u00f3pez recibe el Premio Emilio Castelar a la Defensa de las Libertades &#8230;<\/a>&#8211;\u00a0Europa Press<\/p>\n<p><a href=\"http:\/\/www.juntadeandalucia.es\/presidencia\/portavoz\/146955\/IAM\/Mujeres\/CuadernosdeSalud\/ConciliacionFamiliar\">Las mujeres dedican al hogar 4 horas y 32 minutos frente a las 2 horas y 29 minutos de los hombres<\/a>\u00a0\u2013Oficina del Portavoz<\/p>\n<p><a href=\"https:\/\/www.google.com\/url?rct=j&amp;sa=t&amp;url=https:\/\/www.europapress.es\/andalucia\/malaga-00356\/noticia-noria-presenta-proyecto-combina-videojuegos-interaccion-entorno-educacion-valores-sociales-20191024163656.html&amp;ct=ga&amp;cd=CAEYACoUMTYzNzIzMDY3NzkwNDQyMzYwODgyGWQ3OGU1ODc1YTBmMWYyYWM6ZXM6ZXM6RVM&amp;usg=AFQjCNHItIgWTGjbGRWpoxMYoLb-Pb0eiQ\">La Noria presenta un proyecto que combina videojuegos e interacci\u00f3n con el entorno para &#8230;<\/a>&#8211;\u00a0Europa Press<\/p>\n<p><strong>Violencia<\/strong><strong>s<\/strong><\/p>\n<p><a href=\"https:\/\/www.google.com\/url?rct=j&amp;sa=t&amp;url=https:\/\/elcorreoweb.es\/andalucia\/andalucia-una-inspiracion-en-europa-en-la-lucha-contra-la-violencia-de-genero-YJ5946890&amp;ct=ga&amp;cd=CAEYACoTMTI1NDc1MDcyODcxMTM4MTgxNDIbOWFiMWNkZDdlMzY2ZWYzODplczplczpFUzpS&amp;usg=AFQjCNGJIhKUD3Xn7_nCX_WRy3jAMTDqZw\">Andaluc\u00eda, \u00abuna inspiraci\u00f3n\u00bb en Europa en la lucha contra la violencia de g\u00e9nero<\/a>&#8211;\u00a0El Correo de Andaluc\u00eda<\/p>\n<p><a href=\"https:\/\/www.google.com\/url?rct=j&amp;sa=t&amp;url=https:\/\/www.noticiasde.es\/andalucia\/crece-a-75-millones-el-presupuesto-para-los-centros-que-atienden-a-victimas-de-violencia-de-genero\/&amp;ct=ga&amp;cd=CAEYASoUMTAyMjc0MDkxMzY2NzM1MjM4OTEyGzlhYjFjZGQ3ZTM2NmVmMzg6ZXM6ZXM6RVM6Ug&amp;usg=AFQjCNFFmTEjSqxOYwY8r3Pk-9LL8UDluA\">Crece a 7,5 millones el presupuesto para los centros que atienden a v\u00edctimas de violencia de g\u00e9nero<\/a>&#8211;\u00a0NoticiasDe.es<\/p>\n<p><a href=\"https:\/\/www.google.com\/url?rct=j&amp;sa=t&amp;url=https:\/\/sevilla.abc.es\/sevilla\/sevi-violencia-machista-entre-menores-victimas-cada-mas-jovenes-y-mas-vulnerables-201910262223_noticia.html&amp;ct=ga&amp;cd=CAEYAioTNTM2NDY2Njk5NjM2NDIzODE1MjIbOWFiMWNkZDdlMzY2ZWYzODplczplczpFUzpS&amp;usg=AFQjCNFjN6nKROGRNeEYdD5TemzN3CAGlg\">Violencia machista entre menores: v\u00edctimas cada vez m\u00e1s j\u00f3venes y m\u00e1s vulnerables<\/a>&#8211;\u00a0<a href=\"http:\/\/abcdesevilla.es\/\">abcdesevilla.es<\/a><\/p>\n<p><a href=\"https:\/\/www.google.com\/url?rct=j&amp;sa=t&amp;url=https:\/\/www.radiosalobrena.com\/profesionales-implicados-en-la-lucha-contra-la-violencia-de-genero-se-forman-en-ciberviolencia-y-acoso-a-traves-de-internet\/&amp;ct=ga&amp;cd=CAEYACoTOTU0NjI5NDA1MTE3MDEzMzA0MzIZZTFlNzdkMTU2MDk4YThlMzplczplczpFUw&amp;usg=AFQjCNECDC2WBudIPUBhSwxOutLhvEUcmQ\">Profesionales implicados en la lucha contra la\u00a0violencia de g\u00e9nero\u00a0se forman en ciberviolencia y &#8230;<\/a>&#8211;\u00a0Radio Salobre\u00f1a<a href=\"https:\/\/www.google.com\/url?rct=j&amp;sa=t&amp;url=http:\/\/observatorioviolencia.org\/cordoba-contra-la-violencia-machista-una-campana-innovadora-en-la-concienciacion-de-la-violencia-de-genero\/&amp;ct=ga&amp;cd=CAEYACoTNjkwOTE4NTkxNjc2Njk2NTQ1MDIZYzAzNzJlYmMyZmVhZGE1OTplczplczpFUw&amp;usg=AFQjCNHeyaVlxB_UNEgAUcY31Tj1oHrk1A\"><br \/>\n\u201cC\u00f3rdoba contra la violencia machista\u201d. Una campa\u00f1a innovadora en la concienciaci\u00f3n de la &#8230;<\/a>&#8211;\u00a0<a href=\"http:\/\/observatorioviolencia.org\/\">observatorioviolencia.org<\/a><\/p>\n<p><a href=\"https:\/\/www.google.com\/url?rct=j&amp;sa=t&amp;url=https:\/\/sevilla.abc.es\/sevilla\/sevi-antes-esto-consideraba-peleas-novios-201910270819_noticia.html&amp;ct=ga&amp;cd=CAEYACoTNTM2NDY2Njk5NjM2NDIzODE1MjIbOWFiMWNkZDdlMzY2ZWYzODplczplczpFUzpS&amp;usg=AFQjCNHMEo-mXcBYb_MXZb4yW7NWOblvgQ\">\u00abAntes esto se consideraba peleas de novios\u00bb<\/a>&#8211;\u00a0abcdesevilla.es<\/p>\n<p><strong>Ciencia y Cultura<\/strong><\/p>\n<p><a href=\"https:\/\/www.europapress.es\/andalucia\/noticia-eurodiputada-psoe-lina-galvez-integra-comite-cientifico-parlamento-europeo-20191025120905.html\">La eurodiputada Lina G\u00e1lvez se integra en el Comit\u00e9 Cient\u00edfico del Parlamento Europeo\u00a0&#8230;<\/a>&#8211;\u00a0Europa Press<a href=\"https:\/\/www.google.com\/url?rct=j&amp;sa=t&amp;url=https:\/\/www.diariocordoba.com\/noticias\/opinion\/ella-gran-josefina-molina-reig_1332053.html&amp;ct=ga&amp;cd=CAEYByoTNzg4MzcyOTY1NDY0NTIzOTI3NjIZYzAzNzJlYmMyZmVhZGE1OTplczplczpFUw&amp;usg=AFQjCNH3WKdk0VmrRzfHjetW69rusDrNNw\"><br \/>\nElla, la gran Josefina Molina Reig<\/a>&#8211;\u00a0Diario C\u00f3rdoba<a href=\"https:\/\/www.google.com\/url?rct=j&amp;sa=t&amp;url=https:\/\/www.noticiasdealmeria.com\/uned-almeria-inaugura-el-curso-con-una-leccion-sobre-derecho-e-inteligencia-artificial&amp;ct=ga&amp;cd=CAEYACoUMTcxNzg4MTA3MjcyNTM3MzAwMDcyGWUxZTc3ZDE1NjA5OGE4ZTM6ZXM6ZXM6RVM&amp;usg=AFQjCNGHKzrJIBNpawusLGETnSpRBkOrsw\"><br \/>\nUNED Almer\u00eda inaugura el curso con una lecci\u00f3n sobre derecho e inteligencia artificial<\/a>&#8211; Noticias de Almer\u00eda<a href=\"https:\/\/www.google.com\/url?rct=j&amp;sa=t&amp;url=https:\/\/www.diariodehuelva.es\/2019\/10\/24\/aula-de-teatro\/&amp;ct=ga&amp;cd=CAEYASoTMzUyMDAyOTQ5NjkwNTk5OTA5OTIbOWFiMWNkZDdlMzY2ZWYzODplczplczpFUzpS&amp;usg=AFQjCNE5Ein6_ijIZslk-ruvLxxkWLkuyQ\"><br \/>\nLa UHU pone en marcha su Escuela de Teatro<\/a>&#8211;\u00a0Diario de Huelva<\/p>\n<p><strong>Deporte<\/strong><\/p>\n<p><a href=\"https:\/\/www.diariodesevilla.es\/deportes\/Homenaje-Club-Nautico-Isa-Sanchez_0_1404459937.html\">Homenaje del Club N\u00e1utico a la ex internacional Isa S\u00e1nchez<\/a>&#8211;\u00a0Diario de Sevilla<\/p>\n<p><a href=\"https:\/\/www.cope.es\/emisoras\/andalucia\/malaga-provincia\/malaga\/deportes-cope-malaga\/noticias\/dias-locura-clinicas-rincon-costa-del-sol-20191028_537304\">D\u00edas de locura en el Cl\u00ednicas Rinc\u00f3n Costa del Sol<\/a>&#8211;\u00a0Cope<\/p>\n<p>[\/toggle]<\/p>\n<p>[toggle type=\u00bbfirst\u00bb title=\u00bbEstado\u00bb]<\/p>\n<p><strong>Institucional<\/strong><\/p>\n<p><a href=\"https:\/\/www.google.com\/url?rct=j&amp;sa=t&amp;url=https:\/\/www.libertaddigital.com\/espana\/2019-10-25\/defensa-se-alia-con-el-instituto-de-la-mujer-para-formar-a-los-militares-en-igualdad-de-genero-1276646918\/&amp;ct=ga&amp;cd=CAEYACoUMTI4MDU0ODc5NjE1MDQ4NzgzMjYyGWMwMzcyZWJjMmZlYWRhNTk6ZXM6ZXM6RVM&amp;usg=AFQjCNEggi-QRbCpjRJN11fOyA2OlDQJRQ\">Defensa se al\u00eda con el\u00a0Instituto de la Mujer\u00a0para formar a los militares en igualdad de g\u00e9nero y contra el acoso sexual\u2026<\/a>&#8211;\u00a0Libertad Digital<strong>\u00a0<\/strong><\/p>\n<p><strong>Institucional<\/strong><strong>-CCAA<\/strong><\/p>\n<p><a href=\"https:\/\/www.google.com\/url?rct=j&amp;sa=t&amp;url=https:\/\/www.lavanguardia.com\/local\/navarra\/20191024\/471172937524\/el-gobierno-foral-apuesta-por-la-formacion-en-la-xix-jornada-de-especializacion-juridica-contra-la-violencia-de-genero.html&amp;ct=ga&amp;cd=CAEYAyoTNTM2NDUzNDM0MDQ2NTEwODczOTIZYzAzNzJlYmMyZmVhZGE1OTplczplczpFUw&amp;usg=AFQjCNEUvQGzHe_pKK40hbKDD75ayG3-cA\">El Gobierno foral apuesta por la formaci\u00f3n en la XIX Jornada de especializaci\u00f3n jur\u00eddica contra la &#8230;<\/a>&#8211;\u00a0La Vanguardia<a href=\"https:\/\/www.google.com\/url?rct=j&amp;sa=t&amp;url=https:\/\/www.informaria.com\/luis-simoes-visibiliza-el-papel-de-la-mujer-en-la-direccion-de-la-empresa-familiar\/&amp;ct=ga&amp;cd=CAEYCCoTNTM2NDUzNDM0MDQ2NTEwODczOTIZYzAzNzJlYmMyZmVhZGE1OTplczplczpFUw&amp;usg=AFQjCNFKF_PEAUvJfSq_KEThFWzgfLTyYg\"><br \/>\nLu\u00eds Sim\u00f5es visibiliza el papel de la\u00a0mujer\u00a0en la direcci\u00f3n de la empresa familiar<\/a>&#8211; Informaria Digital<\/p>\n<p><a href=\"https:\/\/www.google.com\/url?rct=j&amp;sa=t&amp;url=https:\/\/infoprovincia.net\/2019\/10\/24\/fademur-destaca-el-papel-de-las-mujeres-rurales-en-el-tejido-empresarial-extremeno\/&amp;ct=ga&amp;cd=CAEYAioUMTI5NzYzMjM2NzMwMDY1MTc5MjgyGWMwMzcyZWJjMmZlYWRhNTk6ZXM6ZXM6RVM&amp;usg=AFQjCNH8Kf4KMqJDILMvZddJp817qsGJ_w\">FADEMUR destaca el papel de las\u00a0mujeres\u00a0rurales en el tejido empresarial extreme\u00f1o<\/a>&#8211;\u00a0Infoprovincia<a href=\"https:\/\/www.google.com\/url?rct=j&amp;sa=t&amp;url=https:\/\/www.elcorreo.com\/bizkaia\/margen-izquierda\/barakaldo-elaborara-protocolo-20191025183527-nt.html&amp;ct=ga&amp;cd=CAEYACoUMTM4Mjk4MTk3ODcwMzI1NzAwMTUyGWMwMzcyZWJjMmZlYWRhNTk6ZXM6ZXM6RVM&amp;usg=AFQjCNHv9tZerDMtnGESILyqlhvACxTorw\"><br \/>\nBarakaldo elaborar\u00e1 un protocolo para responder a todas las agresiones sexistas<\/a>&#8211;\u00a0El Correo<\/p>\n<p><a href=\"https:\/\/www.google.com\/url?rct=j&amp;sa=t&amp;url=http:\/\/www.desdesoria.es\/2019\/10\/25\/la-estrategia-de-emprendimiento-de-la-mujer-rural-da-sus-primeros-pasos-con-las-tres-redes-de-desarrollo-rural\/&amp;ct=ga&amp;cd=CAEYACoUMTQ4MjU2NDE2MDEzMzU1NjI5MDMyGWMwMzcyZWJjMmZlYWRhNTk6ZXM6ZXM6RVM&amp;usg=AFQjCNEHEgVX2_eIh0dLoleLTd3BZMd2JA\">La Estrategia de Emprendimiento de la\u00a0Mujer\u00a0Rural da sus primeros pasos con las tres Redes de &#8230;<\/a>&#8211;\u00a0desdeSoria.es<\/p>\n<p><a href=\"https:\/\/www.google.com\/url?rct=j&amp;sa=t&amp;url=https:\/\/www.20minutos.es\/noticia\/4029689\/0\/bibliobuses-de-c-lm-llevaran-libros-protagonizados-por-mujeres-a-346-municipios-gracias-a-la-iniciativa-maleta-violeta\/&amp;ct=ga&amp;cd=CAEYACoTNTM1MTg2MzcxMDgxNjc3Nzc0MjIZYzAzNzJlYmMyZmVhZGE1OTplczplczpFUw&amp;usg=AFQjCNFn2M1XVq7iu6LYzvNoQo9u27r1PA\">Bibliobuses de C-LM llevar\u00e1n libros protagonizados por\u00a0mujeres\u00a0a 346 municipios gracias a la &#8230;<\/a>&#8211;\u00a020minutos<\/p>\n<p><a href=\"https:\/\/www.google.com\/url?rct=j&amp;sa=t&amp;url=https:\/\/www.eldia.es\/economia\/2019\/10\/27\/mujer-emprende-conquista-campo\/1019953.html&amp;ct=ga&amp;cd=CAEYACoTNjc3ODgwNTIzNzM0NTA5NTQwNDIZYzAzNzJlYmMyZmVhZGE1OTplczplczpFUw&amp;usg=AFQjCNFuN2ZxtS7LA9OP7CxiaLswm9cD_w\">La\u00a0mujer\u00a0emprende la conquista del campo<\/a>&#8211;\u00a0eldia.es<strong>\u00a0<\/strong><\/p>\n<p><strong>Econom\u00eda y Empresa<\/strong><\/p>\n<p><a href=\"https:\/\/www.elmundo.es\/yodona\/lifestyle\/2019\/10\/23\/5db032bffc6c8369328b4768.html\">Las mujeres cobran un 15% menos que los hombres en las empresas del Ibex 35<\/a>\u00a0\u2013 El Mundo<a href=\"https:\/\/www.google.com\/url?rct=j&amp;sa=t&amp;url=https:\/\/www.eldiario.es\/clm\/emprende_a_diario\/mitad-emprendimientos-rurales-liderados-mujeres_6_954414554.html&amp;ct=ga&amp;cd=CAEYACoUMTEwNDIzOTUzNDE5NzY0ODE0MDMyGWMwMzcyZWJjMmZlYWRhNTk6ZXM6ZXM6RVM&amp;usg=AFQjCNEcvMdVpqHVGyVTqGVgGWB4L0iesQ\"><br \/>\nEl emprendimiento femenino en el mundo rural a trav\u00e9s de Acci\u00f3n contra el Hambre: \u201cHemos &#8230;<\/a>&#8211;\u00a0e<a href=\"http:\/\/ldiario.es\/\">ldiario.es<\/a><a href=\"https:\/\/www.google.com\/url?rct=j&amp;sa=t&amp;url=https:\/\/diariodeavisos.elespanol.com\/2019\/10\/en-el-nuevo-contexto-economico-debemos-apostar-por-soluciones-mas-creativas\/&amp;ct=ga&amp;cd=CAEYASoTOTMzMzI3MDQxMjU0MjkwMzgxMzIZYzAzNzJlYmMyZmVhZGE1OTplczplczpFUw&amp;usg=AFQjCNEeOh82UhfCKKNS6UyNG4j3DBtXzA\"><br \/>\nSusana del Castillo: \u201cEn el nuevo contexto econ\u00f3mico debemos apostar por soluciones m\u00e1s &#8230;<\/a>&#8211;\u00a0Diario de Avisos<\/p>\n<p><a href=\"https:\/\/www.google.com\/url?rct=j&amp;sa=t&amp;url=https:\/\/diario16.com\/banco-santander-maltrata-con-sus-comportamientos-a-sus-mujeres-trabajadoras\/&amp;ct=ga&amp;cd=CAEYACoTOTAzNzc5MzkyOTU0NjYzODA5MjIZYzAzNzJlYmMyZmVhZGE1OTplczplczpFUw&amp;usg=AFQjCNFni2_onbiEHI3kmyUf5ADQM8f6vA\">Banco Santander maltrata con sus comportamientos a sus\u00a0mujeres\u00a0trabajadoras<\/a>&#8211;\u00a0Diario16<\/p>\n<p><a href=\"https:\/\/www.mujeremprendedora.net\/abierta-convocatoria-premios-emprendedorxxi\/\">Abierta la convocatoria de los Premios EmprendedorXXI<\/a>&#8211; Mujeremprendedora.net<\/p>\n<p><strong>Actualidad<\/strong><\/p>\n<p><a href=\"https:\/\/www.google.com\/url?rct=j&amp;sa=t&amp;url=https:\/\/www.larioja.com\/culturas\/maria-angeles-duran-20191024154248-nt.html&amp;ct=ga&amp;cd=CAEYFioTNTM2NDUzNDM0MDQ2NTEwODczOTIZYzAzNzJlYmMyZmVhZGE1OTplczplczpFUw&amp;usg=AFQjCNH559Bz5cLdgO4Yb7qOf1MD6--10g\">Mar\u00eda \u00c1ngeles Dur\u00e1n recalca que la mayor esperanza de vida \u00abhar\u00e1 que lo cambiemos todo\u00bb<\/a>&#8211;\u00a0La Rioja<\/p>\n<p><a href=\"https:\/\/www.google.com\/url?rct=j&amp;sa=t&amp;url=https:\/\/www.20minutos.es\/noticia\/4029032\/0\/la-cuillere-dor-premios-cuatro-cocineras-reposteras\/&amp;ct=ga&amp;cd=CAEYACoTNjE1MjkzMjY2NzYzNDM3MTM0ODIZYzAzNzJlYmMyZmVhZGE1OTplczplczpFUw&amp;usg=AFQjCNG2FKWr4QDgRqcyfII5jhCNNaAAwQ\">La Cuill\u00e8re d&#8217;Or Espa\u00f1a apuesta por el futuro de cuatro j\u00f3venes cocineras y reposteras espa\u00f1olas<\/a>&#8211;\u00a020minutos<\/p>\n<p><a href=\"https:\/\/www.eldiario.es\/sociedad\/denuncia-aplicacion-Sindrome-Alienacion-Parental_0_821718665.html\">Una mujer denuncia la aplicaci\u00f3n del S\u00edndrome de Alienaci\u00f3n\u00a0&#8230;<\/a>&#8211;\u00a0<a href=\"http:\/\/eldiario.es\/\">eldiario.es<\/a><\/p>\n<p><a href=\"https:\/\/www.google.com\/url?rct=j&amp;sa=t&amp;url=https:\/\/www.iagua.es\/noticias\/barmatec\/importancia-mujer-pasos-implicacion-sector-agua&amp;ct=ga&amp;cd=CAEYASoUMTIxNDI5NjkxNTc5NDgxOTQxNzIyGWMwMzcyZWJjMmZlYWRhNTk6ZXM6ZXM6RVM&amp;usg=AFQjCNFQcx_TxhXIdgZcBwgg2w3XQbf7CQ\">La importancia de la\u00a0mujer: los pasos hasta su implicaci\u00f3n en el sector del agua<\/a>&#8211;\u00a0iAgua.es<\/p>\n<p><a href=\"https:\/\/www.google.com\/url?rct=j&amp;sa=t&amp;url=https:\/\/laopinion.com\/2019\/10\/27\/depresion-posparto-un-tema-del-que-toda-mujer-debe-hablar\/&amp;ct=ga&amp;cd=CAEYAioUMTc3NjY1MTM4MDAxMjk1ODQzMDAyGWMwMzcyZWJjMmZlYWRhNTk6ZXM6ZXM6RVM&amp;usg=AFQjCNEN3P1MBLhRkCal988IAFkwca-uPg\">Depresi\u00f3n posparto, un tema del que toda\u00a0mujer\u00a0debe hablar<\/a>&#8211;\u00a0La Opini\u00f3n<strong>\u00a0<\/strong><\/p>\n<p><strong>Violencia<\/strong><strong>s<\/strong><a href=\"https:\/\/www.google.com\/url?rct=j&amp;sa=t&amp;url=http:\/\/www.encastillalamancha.es\/cultura\/exposiciones\/las-fotos-de-youtoo-el-cambio-esta-en-ti-la-exposicion-que-conciencia-sobre-la-violencia-de-genero\/&amp;ct=ga&amp;cd=CAEYASoUMTY5NzI0MzcxODY3MTUyMzQ0MjQyGWMwMzcyZWJjMmZlYWRhNTk6ZXM6ZXM6RVM&amp;usg=AFQjCNHcUgI6ot7wfVICXY21qg7Wz7S9fg\"><br \/>\nLas fotos de \u00ab#YouToo, el cambio est\u00e1 en ti\u00bb, la exposici\u00f3n que conciencia sobre la violencia de &#8230;<\/a>&#8211;\u00a0Encastillalamancha<\/p>\n<p><strong>Ciencia y Cultura<\/strong><\/p>\n<p><a href=\"https:\/\/www.google.com\/url?rct=j&amp;sa=t&amp;url=https:\/\/www.elmundo.es\/comunidad-valenciana\/alicante\/2019\/10\/27\/5db43552fdddff4d858b4675.html&amp;ct=ga&amp;cd=CAEYASoSNDU3MTI5NjMyNzcxMzY4MTg4MhljMDM3MmViYzJmZWFkYTU5OmVzOmVzOkVT&amp;usg=AFQjCNGyXFUYK51igopCuquffxVMPrWoIw\">M\u00e1s Valley y menos Sillicon<\/a>&#8211; El Mundo<\/p>\n<p><a href=\"https:\/\/www.mujeremprendedora.net\/mastercard-concede-premios-fundacion-real-academia-ciencias-joven-talento-cientifico-femenino\/\">Mastercard\u00a0concede los Premios Fundaci\u00f3n Real Academia de Ciencias al Joven Talento Cient\u00edfico Femenino<\/a>\u00a0\u2013\u00a0Mujeremprendedora.net<a href=\"https:\/\/www.google.com\/url?rct=j&amp;sa=t&amp;url=https:\/\/www.lavozdegalicia.es\/noticia\/ciencia\/2019\/10\/25\/ciencia-marina-homenajea-carmela-porteiro-vicepresidenta-ices\/0003_201910G25P35992.htm&amp;ct=ga&amp;cd=CAEYACoTNDgwODI2MTg1Nzg2OTAxOTg0NDIZYzAzNzJlYmMyZmVhZGE1OTplczplczpFUw&amp;usg=AFQjCNG_BdYvBk5USBJGcEpVTCZ6TB166Q\"><br \/>\nLa ciencia marina homenajea a Carmela Porteiro, primera espa\u00f1ola en acceder\u00a0 a la &#8230;<\/a>&#8211;\u00a0La Voz de Galicia<\/p>\n<p><a href=\"https:\/\/www.google.com\/url?rct=j&amp;sa=t&amp;url=https:\/\/elpais.com\/sociedad\/2019\/10\/24\/actualidad\/1571875172_724127.html&amp;ct=ga&amp;cd=CAEYACoTMTUyMDE4MDA0NzY0NjUzODUzNTIZYzAzNzJlYmMyZmVhZGE1OTplczplczpFUw&amp;usg=AFQjCNG6qmXvlNaMd48BOKP56Bj3zifViw\">La juez Ruth Bader Ginsburg, galardonada con el premio de Filosof\u00eda y Cultura del\u00a0Instituto\u00a0&#8230;<\/a>&#8211;\u00a0El Pa\u00eds<a href=\"https:\/\/www.google.com\/url?rct=j&amp;sa=t&amp;url=https:\/\/brecha.com.uy\/mujeres-bajo-la-lupa\/&amp;ct=ga&amp;cd=CAEYASoTMTUyMDE4MDA0NzY0NjUzODUzNTIZYzAzNzJlYmMyZmVhZGE1OTplczplczpFUw&amp;usg=AFQjCNFPgVHnYJwZeSoh5OCb5hVnWwCJnA\"><br \/>\nMujeres\u00a0bajo la lupa<\/a>&#8211;\u00a0Brecha<\/p>\n<p><a href=\"https:\/\/www.google.com\/url?rct=j&amp;sa=t&amp;url=https:\/\/www.elperiodicodearagon.com\/noticias\/la-contra\/el-cine-es-medio-directo-denuncia-social_1392668.html&amp;ct=ga&amp;cd=CAEYASoUMTQxMTUxMjIyMTE4NjU4MDM5NDAyGWMwMzcyZWJjMmZlYWRhNTk6ZXM6ZXM6RVM&amp;usg=AFQjCNESF_sS5KzBHouOutE3kWwDet4zbg\">Ana Pem\u00e1n: \u00abEl cine es un medio muy directo de denuncia social\u00bb<\/a>&#8211;\u00a0El Peri\u00f3dico de Arag\u00f3n<strong>\u00a0<\/strong><\/p>\n<p><strong>Deporte<\/strong><strong>\u00a0<\/strong><a href=\"https:\/\/www.google.com\/url?rct=j&amp;sa=t&amp;url=https:\/\/www.elperiodicoextremadura.com\/noticias\/deportes\/da-igual-seas-mejor-deporte-dia-empiezas-cero_1195072.html&amp;ct=ga&amp;cd=CAEYBioUMTY5NzI0MzcxODY3MTUyMzQ0MjQyGWMwMzcyZWJjMmZlYWRhNTk6ZXM6ZXM6RVM&amp;usg=AFQjCNFgbOEQpRh6PNTv5RPzLau5baqrEQ\"><br \/>\n\u00abSandra S\u00e1nchez, campeona del mundo de Karate: \u201cDa igual que seas la mejor, en el deporte cada d\u00eda empiezas de cero\u00bb<\/a>&#8211;\u00a0El Peri\u00f3dico de Extremadura<\/p>\n<p>[\/toggle]<\/p>\n<p>[toggle type=\u00bbfirst\u00bb title=\u00bbInternacional\u00bb]<\/p>\n<p><a href=\"https:\/\/www.milenio.com\/negocios\/financial-times\/lagarde-toma-mando-drama-vivido-draghi\">Lagarde\u00a0toma el mando del Banco Central Europeo\u2026<\/a>\u00a0-Milenio.com<\/p>\n<p><a href=\"https:\/\/www.google.com\/url?rct=j&amp;sa=t&amp;url=https:\/\/www.lavanguardia.com\/politica\/20191027\/471230492846\/sophie-wilmes-la-primera-primera-ministra-de-belgica.html&amp;ct=ga&amp;cd=CAEYASoTMjY2MTk0NTEzMDA4MjA2NjQxMDIZYzAzNzJlYmMyZmVhZGE1OTplczplczpFUw&amp;usg=AFQjCNEY4_1RK89oPKJU6TXIbbEYbSMBsg\">Sophie Wilm\u00e8s, la \u00abprimera\u00bb primera ministra de B\u00e9lgica<\/a>&#8211;\u00a0La Vanguardia<a href=\"https:\/\/www.google.com\/url?rct=j&amp;sa=t&amp;url=https:\/\/www.larazon.es\/internacional\/las-mujeres-argentinas-pueden-decantar-la-balanza-OH25442590&amp;ct=ga&amp;cd=CAEYACoTMzg0Mzc5MjUzMjAxNDA5MDMxNDIZYzAzNzJlYmMyZmVhZGE1OTplczplczpFUw&amp;usg=AFQjCNHiYFQHQtrZrWKitAnaV9xI2eHYkQ\"><br \/>\nLas\u00a0argentinas pueden decantar la balanza<\/a>&#8211;\u00a0La Raz\u00f3n<\/p>\n<p><a href=\"https:\/\/www.mujeremprendedora.net\/tanzania-prohibe-matrimonio-infantil\/\">Tanzania proh\u00edbe el matrimonio infantil<\/a>\u00a0\u2013 Mujeremprendedora.net<\/p>\n<p><a href=\"https:\/\/www.google.com\/url?rct=j&amp;sa=t&amp;url=http:\/\/protestantedigital.com\/espana\/47966\/Seneca_Falls_plataforma_inspirada_en_el_feminismo_biblico&amp;ct=ga&amp;cd=CAEYEyoTNTM2NDUzNDM0MDQ2NTEwODczOTIZYzAzNzJlYmMyZmVhZGE1OTplczplczpFUw&amp;usg=AFQjCNEFDJLgJYAd4y8KWwxQX0hrdokvrQ\">Nace &#8216;Seneca Falls&#8217;, plataforma inspirada en el feminismo b\u00edblico<\/a>&#8211;\u00a0Protestante Digital<a href=\"https:\/\/www.google.com\/url?rct=j&amp;sa=t&amp;url=http:\/\/wam.ae\/es\/details\/1395302797278&amp;ct=ga&amp;cd=CAEYByoUMTI5NzYzMjM2NzMwMDY1MTc5MjgyGWMwMzcyZWJjMmZlYWRhNTk6ZXM6ZXM6RVM&amp;usg=AFQjCNEbUwlljyh8Uui0CSv3Feyb1drmdA\"><br \/>\nEmiratos \u00c1rabes Unidos y Georgetown Institute lanzan iniciativa para avanzar el papel de la\u00a0mujer\u00a0&#8230;<\/a>&#8211;\u00a0WAM \u2013 Spanish<\/p>\n<p><a href=\"https:\/\/www.google.com\/url?rct=j&amp;sa=t&amp;url=https:\/\/elpais.com\/cultura\/2019\/10\/25\/actualidad\/1572026353_604173.html&amp;ct=ga&amp;cd=CAEYBioUMTEwNDIzOTUzNDE5NzY0ODE0MDMyGWMwMzcyZWJjMmZlYWRhNTk6ZXM6ZXM6RVM&amp;usg=AFQjCNFMrIT-q-P88xi8ksLlgVcyF1eDCQ\">La odisea de exportar cultura espa\u00f1ola a Estados Unidos<\/a>&#8211;\u00a0El Pa\u00eds<a href=\"https:\/\/www.google.com\/url?rct=j&amp;sa=t&amp;url=https:\/\/www.eluniversal.com.mx\/cultura\/muere-la-ensayista-y-critica-de-cine-perla-schwartz&amp;ct=ga&amp;cd=CAEYAyoUMTE2NTk1MTE5MTE3NTAyMTY2NDEyGWMwMzcyZWJjMmZlYWRhNTk6ZXM6ZXM6RVM&amp;usg=AFQjCNG_TuLEST2yAe1qjComnJTZILvJLw\"><br \/>\nMuere la ensayista y cr\u00edtica de cine Perla Schwartz<\/a>&#8211;\u00a0El Universal<\/p>\n<p><a href=\"https:\/\/www.google.com\/url?rct=j&amp;sa=t&amp;url=https:\/\/lospleyers.com\/noticias\/enriqueta-basilio-muerte-juegos-olimpicos-pebetero-perfil\/&amp;ct=ga&amp;cd=CAEYASoUMTU2ODQ3MzA5MzUxMjA5ODI5ODQyGWUyZGVmYTdkNWRhOTE1N2Q6ZXM6ZXM6RVM&amp;usg=AFQjCNG5Q1lMkI6Amc3rZ7umzAQ1L0_8uQ\">\u00bfQui\u00e9n fue Enriqueta Basilio? La primera mujer en encender un pebetero ol\u00edmpico<\/a>&#8211;\u00a0Los Pleyers<\/p>\n<p>&nbsp;<\/p>\n<p>&nbsp;<\/p>\n<p>[\/toggle]<\/p>\n<\/div>\n<\/div>\n<\/div>\n<\/div>\n<\/div>\n<\/div>\n","protected":false},"excerpt":{"rendered":"<p>Christine Lagarde toma el mando del Banco Central Europeo-Las mujeres <a href=\"https:\/\/cklcomunicaciones.es\/coop\/noticias-info-ckl-no-2-391-28-10-19\/\">[&#8230;]<\/a><\/p>\n","protected":false},"author":3,"featured_media":0,"comment_status":"closed","ping_status":"closed","sticky":false,"template":"","format":"standard","meta":{"footnotes":""},"categories":[298,623],"tags":[],"class_list":["post-14755","post","type-post","status-publish","format-standard","hentry","category-newsletter","category-nwl-2-0"],"yoast_head":"<!-- This site is optimized with the Yoast SEO plugin v27.5 - https:\/\/yoast.com\/product\/yoast-seo-wordpress\/ -->\n<title>Noticias Info CKL n\u00ba 2.391-28\/10\/19-Comunicar con perspectiva de g\u00e9nero<\/title>\n<meta name=\"description\" content=\"Comunicar con perspectiva de g\u00e9nero: Christine Lagarde toma el mando del Banco Central Europeo-Las mujeres cobran un 15% menos que los hombres en las empresas del Ibex 35-II edici\u00f3n de Talent Woman 2019-M\u00e1s Valley y menos Sillicon-La gran Josefina Molina\" \/>\n<meta name=\"robots\" content=\"index, follow, max-snippet:-1, max-image-preview:large, max-video-preview:-1\" \/>\n<link rel=\"canonical\" href=\"https:\/\/cklcomunicaciones.es\/coop\/noticias-info-ckl-no-2-391-28-10-19\/\" \/>\n<meta property=\"og:locale\" content=\"es_ES\" \/>\n<meta property=\"og:type\" content=\"article\" \/>\n<meta property=\"og:title\" content=\"Noticias Info CKL n\u00ba 2.391-28\/10\/19-Comunicar con perspectiva de g\u00e9nero\" \/>\n<meta property=\"og:description\" content=\"Comunicar con perspectiva de g\u00e9nero: Christine Lagarde toma el mando del Banco Central Europeo-Las mujeres cobran un 15% menos que los hombres en las empresas del Ibex 35-II edici\u00f3n de Talent Woman 2019-M\u00e1s Valley y menos Sillicon-La gran Josefina Molina\" \/>\n<meta property=\"og:url\" content=\"https:\/\/cklcomunicaciones.es\/coop\/noticias-info-ckl-no-2-391-28-10-19\/\" \/>\n<meta property=\"og:site_name\" content=\"CKL Comunicaciones\" \/>\n<meta property=\"article:published_time\" content=\"2019-10-28T11:30:30+00:00\" \/>\n<meta property=\"article:modified_time\" content=\"2025-01-17T15:43:00+00:00\" \/>\n<meta property=\"og:image\" content=\"https:\/\/cklcomunicaciones.es\/coop\/wp-content\/uploads\/2018\/03\/CKL_comunicacion-con-perspetiva-de-genero.jpg\" \/>\n\t<meta property=\"og:image:width\" content=\"500\" \/>\n\t<meta property=\"og:image:height\" content=\"500\" \/>\n\t<meta property=\"og:image:type\" content=\"image\/jpeg\" \/>\n<meta name=\"author\" content=\"ckl\" \/>\n<meta name=\"twitter:card\" content=\"summary_large_image\" \/>\n<meta name=\"twitter:label1\" content=\"Escrito por\" \/>\n\t<meta name=\"twitter:data1\" content=\"ckl\" \/>\n\t<meta name=\"twitter:label2\" content=\"Tiempo de lectura\" \/>\n\t<meta name=\"twitter:data2\" content=\"6 minutos\" \/>\n<script type=\"application\/ld+json\" class=\"yoast-schema-graph\">{\"@context\":\"https:\\\/\\\/schema.org\",\"@graph\":[{\"@type\":\"Article\",\"@id\":\"https:\\\/\\\/cklcomunicaciones.es\\\/coop\\\/noticias-info-ckl-no-2-391-28-10-19\\\/#article\",\"isPartOf\":{\"@id\":\"https:\\\/\\\/cklcomunicaciones.es\\\/coop\\\/noticias-info-ckl-no-2-391-28-10-19\\\/\"},\"author\":{\"name\":\"ckl\",\"@id\":\"https:\\\/\\\/cklcomunicaciones.es\\\/coop\\\/#\\\/schema\\\/person\\\/929a6837f7626450bbb50cee1aef266e\"},\"headline\":\"Noticias Info CKL n\u00ba 2.391-28\\\/10\\\/19\",\"datePublished\":\"2019-10-28T11:30:30+00:00\",\"dateModified\":\"2025-01-17T15:43:00+00:00\",\"mainEntityOfPage\":{\"@id\":\"https:\\\/\\\/cklcomunicaciones.es\\\/coop\\\/noticias-info-ckl-no-2-391-28-10-19\\\/\"},\"wordCount\":1184,\"image\":{\"@id\":\"https:\\\/\\\/cklcomunicaciones.es\\\/coop\\\/noticias-info-ckl-no-2-391-28-10-19\\\/#primaryimage\"},\"thumbnailUrl\":\"http:\\\/\\\/www.cklcomunicaciones.es\\\/wp-content\\\/uploads\\\/2018\\\/03\\\/CKL_comunicacion-con-perspetiva-de-genero-300x300.jpg\",\"articleSection\":[\"Newsletter\",\"Nwl v2.0\"],\"inLanguage\":\"es\"},{\"@type\":\"WebPage\",\"@id\":\"https:\\\/\\\/cklcomunicaciones.es\\\/coop\\\/noticias-info-ckl-no-2-391-28-10-19\\\/\",\"url\":\"https:\\\/\\\/cklcomunicaciones.es\\\/coop\\\/noticias-info-ckl-no-2-391-28-10-19\\\/\",\"name\":\"Noticias Info CKL n\u00ba 2.391-28\\\/10\\\/19-Comunicar con perspectiva de g\u00e9nero\",\"isPartOf\":{\"@id\":\"https:\\\/\\\/cklcomunicaciones.es\\\/coop\\\/#website\"},\"primaryImageOfPage\":{\"@id\":\"https:\\\/\\\/cklcomunicaciones.es\\\/coop\\\/noticias-info-ckl-no-2-391-28-10-19\\\/#primaryimage\"},\"image\":{\"@id\":\"https:\\\/\\\/cklcomunicaciones.es\\\/coop\\\/noticias-info-ckl-no-2-391-28-10-19\\\/#primaryimage\"},\"thumbnailUrl\":\"http:\\\/\\\/www.cklcomunicaciones.es\\\/wp-content\\\/uploads\\\/2018\\\/03\\\/CKL_comunicacion-con-perspetiva-de-genero-300x300.jpg\",\"datePublished\":\"2019-10-28T11:30:30+00:00\",\"dateModified\":\"2025-01-17T15:43:00+00:00\",\"author\":{\"@id\":\"https:\\\/\\\/cklcomunicaciones.es\\\/coop\\\/#\\\/schema\\\/person\\\/929a6837f7626450bbb50cee1aef266e\"},\"description\":\"Comunicar con perspectiva de g\u00e9nero: Christine Lagarde toma el mando del Banco Central Europeo-Las mujeres cobran un 15% menos que los hombres en las empresas del Ibex 35-II edici\u00f3n de Talent Woman 2019-M\u00e1s Valley y menos Sillicon-La gran Josefina Molina\",\"breadcrumb\":{\"@id\":\"https:\\\/\\\/cklcomunicaciones.es\\\/coop\\\/noticias-info-ckl-no-2-391-28-10-19\\\/#breadcrumb\"},\"inLanguage\":\"es\",\"potentialAction\":[{\"@type\":\"ReadAction\",\"target\":[\"https:\\\/\\\/cklcomunicaciones.es\\\/coop\\\/noticias-info-ckl-no-2-391-28-10-19\\\/\"]}]},{\"@type\":\"ImageObject\",\"inLanguage\":\"es\",\"@id\":\"https:\\\/\\\/cklcomunicaciones.es\\\/coop\\\/noticias-info-ckl-no-2-391-28-10-19\\\/#primaryimage\",\"url\":\"http:\\\/\\\/www.cklcomunicaciones.es\\\/wp-content\\\/uploads\\\/2018\\\/03\\\/CKL_comunicacion-con-perspetiva-de-genero-300x300.jpg\",\"contentUrl\":\"http:\\\/\\\/www.cklcomunicaciones.es\\\/wp-content\\\/uploads\\\/2018\\\/03\\\/CKL_comunicacion-con-perspetiva-de-genero-300x300.jpg\"},{\"@type\":\"BreadcrumbList\",\"@id\":\"https:\\\/\\\/cklcomunicaciones.es\\\/coop\\\/noticias-info-ckl-no-2-391-28-10-19\\\/#breadcrumb\",\"itemListElement\":[{\"@type\":\"ListItem\",\"position\":1,\"name\":\"Portada\",\"item\":\"https:\\\/\\\/cklcomunicaciones.es\\\/coop\\\/\"},{\"@type\":\"ListItem\",\"position\":2,\"name\":\"Noticias Info CKL n\u00ba 2.391-28\\\/10\\\/19\"}]},{\"@type\":\"WebSite\",\"@id\":\"https:\\\/\\\/cklcomunicaciones.es\\\/coop\\\/#website\",\"url\":\"https:\\\/\\\/cklcomunicaciones.es\\\/coop\\\/\",\"name\":\"CKL Comunicaciones\",\"description\":\"Sitio web de CKL Comunicaciones coop , la consultora de comunicaci\u00f3n y estrategia\",\"potentialAction\":[{\"@type\":\"SearchAction\",\"target\":{\"@type\":\"EntryPoint\",\"urlTemplate\":\"https:\\\/\\\/cklcomunicaciones.es\\\/coop\\\/?s={search_term_string}\"},\"query-input\":{\"@type\":\"PropertyValueSpecification\",\"valueRequired\":true,\"valueName\":\"search_term_string\"}}],\"inLanguage\":\"es\"},{\"@type\":\"Person\",\"@id\":\"https:\\\/\\\/cklcomunicaciones.es\\\/coop\\\/#\\\/schema\\\/person\\\/929a6837f7626450bbb50cee1aef266e\",\"name\":\"ckl\",\"image\":{\"@type\":\"ImageObject\",\"inLanguage\":\"es\",\"@id\":\"https:\\\/\\\/secure.gravatar.com\\\/avatar\\\/c82db564e8a669bf6023357a157b9dc4780f4d4c618f2ad1d71a6a5dede45057?s=96&d=mm&r=g\",\"url\":\"https:\\\/\\\/secure.gravatar.com\\\/avatar\\\/c82db564e8a669bf6023357a157b9dc4780f4d4c618f2ad1d71a6a5dede45057?s=96&d=mm&r=g\",\"contentUrl\":\"https:\\\/\\\/secure.gravatar.com\\\/avatar\\\/c82db564e8a669bf6023357a157b9dc4780f4d4c618f2ad1d71a6a5dede45057?s=96&d=mm&r=g\",\"caption\":\"ckl\"},\"url\":\"https:\\\/\\\/cklcomunicaciones.es\\\/coop\\\/author\\\/cklcomunicaciones\\\/\"}]}<\/script>\n<!-- \/ Yoast SEO plugin. -->","yoast_head_json":{"title":"Noticias Info CKL n\u00ba 2.391-28\/10\/19-Comunicar con perspectiva de g\u00e9nero","description":"Comunicar con perspectiva de g\u00e9nero: Christine Lagarde toma el mando del Banco Central Europeo-Las mujeres cobran un 15% menos que los hombres en las empresas del Ibex 35-II edici\u00f3n de Talent Woman 2019-M\u00e1s Valley y menos Sillicon-La gran Josefina Molina","robots":{"index":"index","follow":"follow","max-snippet":"max-snippet:-1","max-image-preview":"max-image-preview:large","max-video-preview":"max-video-preview:-1"},"canonical":"https:\/\/cklcomunicaciones.es\/coop\/noticias-info-ckl-no-2-391-28-10-19\/","og_locale":"es_ES","og_type":"article","og_title":"Noticias Info CKL n\u00ba 2.391-28\/10\/19-Comunicar con perspectiva de g\u00e9nero","og_description":"Comunicar con perspectiva de g\u00e9nero: Christine Lagarde toma el mando del Banco Central Europeo-Las mujeres cobran un 15% menos que los hombres en las empresas del Ibex 35-II edici\u00f3n de Talent Woman 2019-M\u00e1s Valley y menos Sillicon-La gran Josefina Molina","og_url":"https:\/\/cklcomunicaciones.es\/coop\/noticias-info-ckl-no-2-391-28-10-19\/","og_site_name":"CKL Comunicaciones","article_published_time":"2019-10-28T11:30:30+00:00","article_modified_time":"2025-01-17T15:43:00+00:00","og_image":[{"width":500,"height":500,"url":"https:\/\/cklcomunicaciones.es\/coop\/wp-content\/uploads\/2018\/03\/CKL_comunicacion-con-perspetiva-de-genero.jpg","type":"image\/jpeg"}],"author":"ckl","twitter_card":"summary_large_image","twitter_misc":{"Escrito por":"ckl","Tiempo de lectura":"6 minutos"},"schema":{"@context":"https:\/\/schema.org","@graph":[{"@type":"Article","@id":"https:\/\/cklcomunicaciones.es\/coop\/noticias-info-ckl-no-2-391-28-10-19\/#article","isPartOf":{"@id":"https:\/\/cklcomunicaciones.es\/coop\/noticias-info-ckl-no-2-391-28-10-19\/"},"author":{"name":"ckl","@id":"https:\/\/cklcomunicaciones.es\/coop\/#\/schema\/person\/929a6837f7626450bbb50cee1aef266e"},"headline":"Noticias Info CKL n\u00ba 2.391-28\/10\/19","datePublished":"2019-10-28T11:30:30+00:00","dateModified":"2025-01-17T15:43:00+00:00","mainEntityOfPage":{"@id":"https:\/\/cklcomunicaciones.es\/coop\/noticias-info-ckl-no-2-391-28-10-19\/"},"wordCount":1184,"image":{"@id":"https:\/\/cklcomunicaciones.es\/coop\/noticias-info-ckl-no-2-391-28-10-19\/#primaryimage"},"thumbnailUrl":"http:\/\/www.cklcomunicaciones.es\/wp-content\/uploads\/2018\/03\/CKL_comunicacion-con-perspetiva-de-genero-300x300.jpg","articleSection":["Newsletter","Nwl v2.0"],"inLanguage":"es"},{"@type":"WebPage","@id":"https:\/\/cklcomunicaciones.es\/coop\/noticias-info-ckl-no-2-391-28-10-19\/","url":"https:\/\/cklcomunicaciones.es\/coop\/noticias-info-ckl-no-2-391-28-10-19\/","name":"Noticias Info CKL n\u00ba 2.391-28\/10\/19-Comunicar con perspectiva de g\u00e9nero","isPartOf":{"@id":"https:\/\/cklcomunicaciones.es\/coop\/#website"},"primaryImageOfPage":{"@id":"https:\/\/cklcomunicaciones.es\/coop\/noticias-info-ckl-no-2-391-28-10-19\/#primaryimage"},"image":{"@id":"https:\/\/cklcomunicaciones.es\/coop\/noticias-info-ckl-no-2-391-28-10-19\/#primaryimage"},"thumbnailUrl":"http:\/\/www.cklcomunicaciones.es\/wp-content\/uploads\/2018\/03\/CKL_comunicacion-con-perspetiva-de-genero-300x300.jpg","datePublished":"2019-10-28T11:30:30+00:00","dateModified":"2025-01-17T15:43:00+00:00","author":{"@id":"https:\/\/cklcomunicaciones.es\/coop\/#\/schema\/person\/929a6837f7626450bbb50cee1aef266e"},"description":"Comunicar con perspectiva de g\u00e9nero: Christine Lagarde toma el mando del Banco Central Europeo-Las mujeres cobran un 15% menos que los hombres en las empresas del Ibex 35-II edici\u00f3n de Talent Woman 2019-M\u00e1s Valley y menos Sillicon-La gran Josefina Molina","breadcrumb":{"@id":"https:\/\/cklcomunicaciones.es\/coop\/noticias-info-ckl-no-2-391-28-10-19\/#breadcrumb"},"inLanguage":"es","potentialAction":[{"@type":"ReadAction","target":["https:\/\/cklcomunicaciones.es\/coop\/noticias-info-ckl-no-2-391-28-10-19\/"]}]},{"@type":"ImageObject","inLanguage":"es","@id":"https:\/\/cklcomunicaciones.es\/coop\/noticias-info-ckl-no-2-391-28-10-19\/#primaryimage","url":"http:\/\/www.cklcomunicaciones.es\/wp-content\/uploads\/2018\/03\/CKL_comunicacion-con-perspetiva-de-genero-300x300.jpg","contentUrl":"http:\/\/www.cklcomunicaciones.es\/wp-content\/uploads\/2018\/03\/CKL_comunicacion-con-perspetiva-de-genero-300x300.jpg"},{"@type":"BreadcrumbList","@id":"https:\/\/cklcomunicaciones.es\/coop\/noticias-info-ckl-no-2-391-28-10-19\/#breadcrumb","itemListElement":[{"@type":"ListItem","position":1,"name":"Portada","item":"https:\/\/cklcomunicaciones.es\/coop\/"},{"@type":"ListItem","position":2,"name":"Noticias Info CKL n\u00ba 2.391-28\/10\/19"}]},{"@type":"WebSite","@id":"https:\/\/cklcomunicaciones.es\/coop\/#website","url":"https:\/\/cklcomunicaciones.es\/coop\/","name":"CKL Comunicaciones","description":"Sitio web de CKL Comunicaciones coop , la consultora de comunicaci\u00f3n y estrategia","potentialAction":[{"@type":"SearchAction","target":{"@type":"EntryPoint","urlTemplate":"https:\/\/cklcomunicaciones.es\/coop\/?s={search_term_string}"},"query-input":{"@type":"PropertyValueSpecification","valueRequired":true,"valueName":"search_term_string"}}],"inLanguage":"es"},{"@type":"Person","@id":"https:\/\/cklcomunicaciones.es\/coop\/#\/schema\/person\/929a6837f7626450bbb50cee1aef266e","name":"ckl","image":{"@type":"ImageObject","inLanguage":"es","@id":"https:\/\/secure.gravatar.com\/avatar\/c82db564e8a669bf6023357a157b9dc4780f4d4c618f2ad1d71a6a5dede45057?s=96&d=mm&r=g","url":"https:\/\/secure.gravatar.com\/avatar\/c82db564e8a669bf6023357a157b9dc4780f4d4c618f2ad1d71a6a5dede45057?s=96&d=mm&r=g","contentUrl":"https:\/\/secure.gravatar.com\/avatar\/c82db564e8a669bf6023357a157b9dc4780f4d4c618f2ad1d71a6a5dede45057?s=96&d=mm&r=g","caption":"ckl"},"url":"https:\/\/cklcomunicaciones.es\/coop\/author\/cklcomunicaciones\/"}]}},"_links":{"self":[{"href":"https:\/\/cklcomunicaciones.es\/coop\/wp-json\/wp\/v2\/posts\/14755","targetHints":{"allow":["GET"]}}],"collection":[{"href":"https:\/\/cklcomunicaciones.es\/coop\/wp-json\/wp\/v2\/posts"}],"about":[{"href":"https:\/\/cklcomunicaciones.es\/coop\/wp-json\/wp\/v2\/types\/post"}],"author":[{"embeddable":true,"href":"https:\/\/cklcomunicaciones.es\/coop\/wp-json\/wp\/v2\/users\/3"}],"replies":[{"embeddable":true,"href":"https:\/\/cklcomunicaciones.es\/coop\/wp-json\/wp\/v2\/comments?post=14755"}],"version-history":[{"count":0,"href":"https:\/\/cklcomunicaciones.es\/coop\/wp-json\/wp\/v2\/posts\/14755\/revisions"}],"wp:attachment":[{"href":"https:\/\/cklcomunicaciones.es\/coop\/wp-json\/wp\/v2\/media?parent=14755"}],"wp:term":[{"taxonomy":"category","embeddable":true,"href":"https:\/\/cklcomunicaciones.es\/coop\/wp-json\/wp\/v2\/categories?post=14755"},{"taxonomy":"post_tag","embeddable":true,"href":"https:\/\/cklcomunicaciones.es\/coop\/wp-json\/wp\/v2\/tags?post=14755"}],"curies":[{"name":"wp","href":"https:\/\/api.w.org\/{rel}","templated":true}]}}