{"id":14722,"date":"2019-09-23T11:03:49","date_gmt":"2019-09-23T09:03:49","guid":{"rendered":"http:\/\/www.cklcomunicaciones.es\/?p=14722"},"modified":"2025-01-17T16:43:02","modified_gmt":"2025-01-17T15:43:02","slug":"noticias-info-ckl-no-2-381-23-09-19","status":"publish","type":"post","link":"https:\/\/cklcomunicaciones.es\/coop\/noticias-info-ckl-no-2-381-23-09-19\/","title":{"rendered":"Noticias Info CKL n\u00ba 2.381-23\/09\/19"},"content":{"rendered":"<div id=\"pl-14722\"  class=\"panel-layout\" >\n<div id=\"pg-14722-0\"  class=\"panel-grid panel-no-style\"  data-style=\"{&quot;background_image_attachment&quot;:false,&quot;background_display&quot;:&quot;tile&quot;,&quot;cell_alignment&quot;:&quot;flex-start&quot;}\" >\n<div id=\"pgc-14722-0-0\"  class=\"panel-grid-cell\"  data-weight=\"1\" >\n<div id=\"panel-14722-0-0-0\" class=\"so-panel widget widget_sow-editor panel-first-child panel-last-child\" data-index=\"0\" data-style=\"{&quot;background_image_attachment&quot;:false,&quot;background_display&quot;:&quot;tile&quot;}\" >\n<div class=\"so-widget-sow-editor so-widget-sow-editor-base\">\n<div class=\"siteorigin-widget-tinymce textwidget\">\n<p><img decoding=\"async\" class=\"lazyload  wp-image-13726\" src=\"http:\/\/www.cklcomunicaciones.es\/wp-content\/uploads\/2018\/03\/CKL_comunicacion-con-perspetiva-de-genero-300x300.jpg\" data-orig-src=\"http:\/\/www.cklcomunicaciones.es\/wp-content\/uploads\/2018\/03\/CKL_comunicacion-con-perspetiva-de-genero-300x300.jpg\" alt=\"CKL_comunicacion con perspetiva de genero\" width=\"132\" height=\"132\" srcset=\"data:image\/svg+xml,%3Csvg%20xmlns%3D%27http%3A%2F%2Fwww.w3.org%2F2000%2Fsvg%27%20width%3D%27132%27%20height%3D%27132%27%20viewBox%3D%270%200%20132%20132%27%3E%3Crect%20width%3D%27132%27%20height%3D%27132%27%20fill-opacity%3D%220%22%2F%3E%3C%2Fsvg%3E\" data-srcset=\"https:\/\/cklcomunicaciones.es\/coop\/wp-content\/uploads\/2018\/03\/CKL_comunicacion-con-perspetiva-de-genero-150x150.jpg 150w, https:\/\/cklcomunicaciones.es\/coop\/wp-content\/uploads\/2018\/03\/CKL_comunicacion-con-perspetiva-de-genero-300x300.jpg 300w, https:\/\/cklcomunicaciones.es\/coop\/wp-content\/uploads\/2018\/03\/CKL_comunicacion-con-perspetiva-de-genero-450x450.jpg 450w, https:\/\/cklcomunicaciones.es\/coop\/wp-content\/uploads\/2018\/03\/CKL_comunicacion-con-perspetiva-de-genero.jpg 500w\" data-sizes=\"auto\" data-orig-sizes=\"(max-width: 132px) 100vw, 132px\" \/><\/p>\n<p id=\":ft\" class=\"hP\" tabindex=\"-1\" data-thread-perm-id=\"thread-f:1643831188281867536\" data-legacy-thread-id=\"16d00fc1a03fbd10\"><strong>Mundo del Trabajo: Las mujeres en todas partes y la igualdad en ninguna-Alison Rose, 1\u00aa mujer en dirigir un gran banco brit\u00e1nico-Ana Isabel Morales, Premio Salvador Senent-Carolina Mar\u00edn conquista el Open de China<\/strong><\/p>\n<p>[toggle type=\u00bbfirst\u00bb title=\u00bbConvocatoria\u00bb]<\/p>\n<ul>\n<li><a href=\"http:\/\/www.uco.es\/catedrasyaulas\/catedramujeres\/premios-convocatoria.php\">XXIII Premio Nacional de Ensayo Leonor de Guzm\u00e1n. Convocatoria<\/a><strong><a href=\"http:\/\/www.uco.es\/catedrasyaulas\/catedramujeres\/premios-convocatoria.php\"> 2019<\/a><\/strong>.C\u00e1tedra de Estudios de las Mujeres Leonor de Guzm\u00e1n de la Universidad de C\u00f3rdoba. Plazo hasta el 4 de octubre de 2019<\/li>\n<li><a href=\"http:\/\/www.juntadeandalucia.es\/iam\/catalogo\/doc\/convocatorias\/2019-genero\/SE-presentacion-libro-m-de-mujer.pdf\">Presentaci\u00f3n del libro &#8216;M de mujer&#8217;, de Ana Nanezco -Ana Jim\u00e9nez Hidalgo-<\/a>. Ayuntamiento de Sevilla. Centro C\u00edvico San Juli\u00e1n (San Hermegildo, 3), 20 de septiembre a las 19 h., y Centro C\u00edvico Casa de las Sirenas (Alameda de H\u00e9rcules, 30), 4 de octubre a las 19 h.<\/li>\n<li><a href=\"https:\/\/caixaforum.es\/es\/sevilla\/p\/peggy-guggenheim-adicta-al-arte_a8175387\">Proyecci\u00f3n del documental &#8216;Peggy Guggenheim: adicta al arte&#8217;, de Lisa Immordino Vreeland<\/a>. CaixaForum Sevilla. 8 de noviembre de 2019<\/li>\n<\/ul>\n<p>[\/toggle]<\/p>\n<p>[toggle type=\u00bbfirst\u00bb title=\u00bbComunicaci\u00f3n\u00bb]<\/p>\n<p><a href=\"https:\/\/www.palco23.com\/marketing\/el-deporte-femenino-derriba-la-ventana-de-la-television-con-el-desafio-de-rentabilizar-sus-emisiones.html\">El\u00a0deporte femenino\u00a0derriba la ventana de la televisi\u00f3n con el &#8230;<\/a>&#8211;\u00a0Palco23<\/p>\n<p><a href=\"https:\/\/www.mujeremprendedora.net\/facebook-lanza-women-360\/\">Facebook lanza Women 360<\/a>\u2013<a href=\"http:\/\/mujeremprendedora.net\/\">mujeremprendedora.net<\/a><\/p>\n<p><a href=\"https:\/\/www.ultimahora.com\/buscan-visibilizar-biografias-paraguayas-wikipedia-n2845250.html\">Buscan visibilizar biograf\u00edas de paraguayas en Wikipedia<\/a>&#8211;\u00a0\u00daltimaHora.com<\/p>\n<p><a href=\"https:\/\/www.google.com\/url?rct=j&amp;sa=t&amp;url=https:\/\/mujerymadrehoy.com\/prohibir-los-moviles-en-los-colegios\/&amp;ct=ga&amp;cd=CAEYAyoTOTA0ODExOTYzMjU2MDcwNTE2OTIZYzAzNzJlYmMyZmVhZGE1OTplczplczpFUw&amp;usg=AFQjCNEb3GZu4vgtwXcNWcSFMeN6Yy35tA\">\u00bfProh\u00edbir los m\u00f3viles en los colegios?<\/a>&#8211;\u00a0mujerymadrehoy<\/p>\n<p>[\/toggle]<\/p>\n<p>[toggle type=\u00bbfirst\u00bb title=\u00bbAndaluc\u00eda\u00bb]<\/p>\n<p><strong>Econom\u00eda y Empresas<\/strong><\/p>\n<p><a href=\"https:\/\/www.mujeremprendedora.net\/extenda-lanza-programa-internacionaliza-mujeres-andalucia\/\">Extenda lanza el programa \u2018Internacionaliza Mujeres\u2019 en Andaluc\u00eda<\/a>\u2013mujeremprendedora.net<\/p>\n<p><a href=\"https:\/\/andaluciainformacion.es\/sanlucar\/849046\/crece-el-numero-de-mujeres-que-accede-a-puestos-directivos-en-malaga\/\">Crece el n\u00famero de\u00a0mujeres\u00a0que accede a puestos directivos &#8230;<\/a>&#8211;\u00a0Andaluc\u00eda Informaci\u00f3n<\/p>\n<p><a href=\"https:\/\/www.google.com\/url?rct=j&amp;sa=t&amp;url=https:\/\/www.telealmerianoticias.es\/amfar-han-presentado-las-lineas-de-trabajo-de-la-asociacion-y-los-proyectos-en-los-que-se-encuentra-inmersa-a-medio-plazo-al-iam\/&amp;ct=ga&amp;cd=CAEYBCoUMTA2Mzk4MjA5Njk3NzI5NjUxNTUyGWMwMzcyZWJjMmZlYWRhNTk6ZXM6ZXM6RVM&amp;usg=AFQjCNHTez5QH7nSV7gs2lKa0W82VT1n1w\">AMFAR han presentado las l\u00edneas de trabajo de la asociaci\u00f3n y los proyectos en los que se &#8230;<\/a>&#8211;\u00a0Tele Almeria Noticias<\/p>\n<p><a href=\"https:\/\/www.google.com\/url?rct=j&amp;sa=t&amp;url=https:\/\/www.20minutos.es\/noticia\/3771683\/0\/faecta-premia-cooperativas-ambulancias-andalucia-bamen-andalucia-emprende\/&amp;ct=ga&amp;cd=CAEYACoTODE5ODUzOTM5NTQ5NzA0OTAzNjIZZDc4ZTU4NzVhMGYxZjJhYzplczplczpFUw&amp;usg=AFQjCNGLOu2ZRkYsRhPWVBZDcQqmJOSqRA\">Faecta premia a las cooperativas Ambulancias\u00a0Andaluc\u00eda, Bamen y\u00a0Andaluc\u00eda\u00a0Emprende<\/a>\u00a0&#8211;<a href=\"http:\/\/20minutos.es\/\">20minutos.es<\/a><\/p>\n<p><a href=\"https:\/\/www.mujeremprendedora.net\/arranca-cordoba-vii-congreso-internacional-emprendimiento\/\">Arranca en C\u00f3rdoba el VII Congreso Internacional de Emprendimiento<\/a>\u00a0\u2013mujeremprendedora.net<strong>\u00a0<\/strong><\/p>\n<p><strong>A<\/strong><strong>ctualidad<\/strong>\u00a0<a href=\"https:\/\/sevilla.abc.es\/provincia\/utrera\/sevi-amigas-casino-colectivo-devuelto-ilusion-muchas-mujeres-utreranas-201909230749_noticia.html\"><br \/>\n\u00abAmigas del Casino\u00bb, un colectivo que ha devuelto la ilusi\u00f3n &#8230;<\/a>&#8211;\u00a0<a href=\"http:\/\/abcdesevilla.es\/\">abcdesevilla.es<\/a><\/p>\n<p><a href=\"https:\/\/elcorreoweb.es\/sevilla\/sevilla-se-convierte-en-capital-gastronomica-con-32-estrellas-michelin-XK5840451\">Sevilla se convierte en capital gastron\u00f3mica con 32 estrellas &#8230;<\/a>&#8211;\u00a0El Correo de Andaluc\u00eda<\/p>\n<p><a href=\"http:\/\/www.canalsur.es\/noticias\/andalucia\/jaen\/rostros-de-mujeres-relevantes-de-la-historia-en-las-calles-de-la-carolina\/1480627.html\">Rostros de\u00a0mujeres\u00a0relevantes de la historia en las calles de &#8230;<\/a>&#8211;\u00a0CanalSurWeb<\/p>\n<p><a href=\"https:\/\/www.lavozdealmeria.com\/noticia\/12\/almeria\/178835\/el-20-de-los-jovenes-cree-que-se-puede-curar-la-homosexualidad\">El 20% de los j\u00f3venes cree que se puede curar la &#8230;<\/a>&#8211;\u00a0La Voz de Almer\u00eda<\/p>\n<p><a href=\"http:\/\/www.canalsur.es\/noticias\/andalucia\/las-mujeres-tinen-de-morado-las-calles-para-evidenciar-que-su-batalla-no-cesa\/1481080.html\">Las\u00a0mujeres\u00a0ti\u00f1en de morado las calles para evidenciar que &#8230;<\/a>&#8211;\u00a0CanalSurWeb-<\/p>\n<p><strong>Violencia<\/strong><strong>s<\/strong><a href=\"https:\/\/www.google.com\/url?rct=j&amp;sa=t&amp;url=https:\/\/www.lavozdealmeria.com\/noticia\/12\/almeria\/178690\/el-intituto-andaluz-de-la-mujer-eje-de-la-lucha-contra-la-lacra-machista&amp;ct=ga&amp;cd=CAEYACoSODY1ODI1NDQ0NTk4ODgwMTA4MhljMDM3MmViYzJmZWFkYTU5OmVzOmVzOkVT&amp;usg=AFQjCNEzZ1cYlqx4u09jx34mYRMRMxtcCA\"><br \/>\nEl Instituto Andaluz de la\u00a0Mujer, eje de la lucha contra la &#8216;lacra&#8217; machista<\/a>&#8211;\u00a0La Voz de Almer\u00eda<\/p>\n<p><u><a href=\"https:\/\/www.google.com\/url?rct=j&amp;sa=t&amp;url=https:\/\/www.eldiario.es\/politica\/Instituto-Andaluz-Mujer-centralizara-violencia_0_943856136.html&amp;ct=ga&amp;cd=CAEYACoUMTYwNTA2MDY1MzE5Nzg4NjMxNTQyGzlhYjFjZGQ3ZTM2NmVmMzg6ZXM6ZXM6RVM6Ug&amp;usg=AFQjCNG233dBGYhfyycPolIXXPwngy5bEg\">El\u00a0Instituto Andaluz de la Mujer\u00a0centralizar\u00e1 la atenci\u00f3n integral de las v\u00edctimas de violencia de &#8230;<\/a><\/u>&#8211;\u00a0<a href=\"http:\/\/eldiario.es\/\">eldiario.es<\/a><\/p>\n<p><a href=\"https:\/\/www.google.com\/url?rct=j&amp;sa=t&amp;url=http:\/\/www.mijascomunicacion.org\/index.php\/noticias\/item\/17233-el-grupo-viogenex-sigue-trabajando-para-prevenir-la-violencia-de-g%25C3%25A9nero-entre-el-colectivo-extranjero&amp;ct=ga&amp;cd=CAEYASoUMTYwNTA2MDY1MzE5Nzg4NjMxNTQyGzlhYjFjZGQ3ZTM2NmVmMzg6ZXM6ZXM6RVM6Ug&amp;usg=AFQjCNGf-Fso-xhtC4hdML0dDNQiFtcUEg\">El grupo Viogenex sigue trabajando para prevenir la violencia de g\u00e9nero entre el colectivo &#8230;<\/a>&#8211;\u00a0Mijas Comunicaci\u00f3n<\/p>\n<p><a href=\"https:\/\/www.google.com\/url?rct=j&amp;sa=t&amp;url=https:\/\/www.elmundo.es\/ciencia-y-salud\/salud\/2019\/09\/20\/5d84cd64fdddff28b08b4624.html&amp;ct=ga&amp;cd=CAEYACoTMjY5OTM1NDg4OTg5OTUxMTczNDIZYzAzNzJlYmMyZmVhZGE1OTplczplczpFUw&amp;usg=AFQjCNFcnJ24Ofc1syt9ny1nn98pPDXgvA\">Generando traumas<\/a>\u00a0-El Mundo<strong>\u00a0<\/strong><\/p>\n<p><strong>Ciencia y Cultura<\/strong><\/p>\n<p><a href=\"https:\/\/www.malagahoy.es\/ocio\/Eva-Diaz-Perez-Aspiro-iniciativa-inventan-otros_0_1393361214.html\">Eva D\u00edaz P\u00e9rez, Directora Centro Andaluz de las Letras:\u201dAspiro a la iniciativa, a no esperar a ver qu\u00e9 inventan otros &#8230;<\/a>&#8211;\u00a0M\u00e1laga Hoy<\/p>\n<p><u><a href=\"https:\/\/www.google.com\/url?rct=j&amp;sa=t&amp;url=https:\/\/www.lavanguardia.com\/local\/sevilla\/20190919\/47484474080\/el-festival-de-creacion-joven-eutopia-contara-con-once-talleres-formativos-destinados-a-mas-de-300-jovenes.html&amp;ct=ga&amp;cd=CAEYEioUMTI1NTI4NDUwOTMzNTU5NjU0NDcyGWMwMzcyZWJjMmZlYWRhNTk6ZXM6ZXM6RVM&amp;usg=AFQjCNFk26KOUD4tZN6T3Yfw_AIM3uXcwg\">El Festival de Creaci\u00f3n Joven Eutop\u00eda contar\u00e1 con once talleres formativos destinados a m\u00e1s de &#8230;<\/a><\/u>&#8211;\u00a0La Vanguardia<\/p>\n<p><a href=\"https:\/\/sevilla.abc.es\/andalucia\/cordoba\/sevi-josefina-molina-recoge-premio-nacional-cine-estabamos-destinadas-amas-casa-201909211324_noticia.html\">Josefina Molina recoge el Premio Nacional de Cine &#8230;<\/a>&#8211;\u00a0abcdesevilla.es<\/p>\n<p><a href=\"https:\/\/www.europapress.es\/andalucia\/cadiz-00351\/noticia-exposicion-cimarrones-mostrara-cultura-ecuador-afro-cadiz-20190922150311.html\">La exposici\u00f3n &#8216;Cimarrones&#8217; mostrar\u00e1 la\u00a0cultura\u00a0del Ecuador &#8230;<\/a>&#8211;\u00a0Europa Press<\/p>\n<p><strong>Deporte<\/strong><\/p>\n<p><a href=\"https:\/\/www.marca.com\/otros-deportes\/2019\/09\/22\/5d87121746163ff2598b462e.html\">Carolina Mar\u00edn\u00a0conquista el Open de China<\/a><a href=\"http:\/\/marca.com\/\">marca.com<\/a><a href=\"https:\/\/www.google.com\/url?rct=j&amp;sa=t&amp;url=https:\/\/as.com\/masdeporte\/2019\/09\/20\/polideportivo\/1568941013_605134.html&amp;ct=ga&amp;cd=CAEYASoTNDQwOTYwNjQ3NTE2MzE0MTIzMDIZYzAzNzJlYmMyZmVhZGE1OTplczplczpFUw&amp;usg=AFQjCNEBXrku9jry6HnYmHXIqlnENtpbow\"><br \/>\nEl Tour Universo\u00a0Mujer\u00a0llega tambi\u00e9n a Granada y C\u00e1ceres<\/a><\/p>\n<p>[\/toggle]<\/p>\n<p>[toggle type=\u00bbfirst\u00bb title=\u00bbEstado\u00bb]<\/p>\n<p><strong>Institucional<\/strong><strong>-CCAA<\/strong>\u00a0<a href=\"https:\/\/www.google.com\/url?rct=j&amp;sa=t&amp;url=https:\/\/www.20minutos.es\/noticia\/3770364\/0\/luchar-contra-brecha-salarial-reducir-victimas-violencia-machista-entre-objetivos-ibdona\/&amp;ct=ga&amp;cd=CAEYACoSOTEwMjYyOTE3NzAzNTk2MzcxMhljMDM3MmViYzJmZWFkYTU5OmVzOmVzOkVT&amp;usg=AFQjCNEWWYwYIcihChThHJIIvmQo58tVTw\"><br \/>\nLuchar contra la brecha salarial y reducir las v\u00edctimas de violencia machista, entre los objetivos del &#8230;<\/a>&#8211;\u00a020minutos.es<a href=\"https:\/\/www.google.com\/url?rct=j&amp;sa=t&amp;url=https:\/\/www.ceutaactualidad.com\/articulo\/sociedad\/mujer-protagonista-xxii-jornadas-historia-ceuta\/20190920111305090602.html&amp;ct=ga&amp;cd=CAEYASoTNjUyMTA1MzQ1OTczODA0NzgzMTIZYzAzNzJlYmMyZmVhZGE1OTplczplczpFUw&amp;usg=AFQjCNHMdImpnjnDzRhohwN3LaG9mAHTiw\"><br \/>\nLa\u00a0mujer, protagonista de las XXII Jornadas de Historia de Ceuta<\/a>&#8211;\u00a0Ceuta Actualidad<\/p>\n<p><a href=\"https:\/\/www.google.com\/url?rct=j&amp;sa=t&amp;url=https:\/\/cadenaser.com\/emisora\/2019\/09\/22\/radio_mallorca\/1569141925_571100.html&amp;ct=ga&amp;cd=CAEYACoUMTI4MTA1MjgxMjM3MDAyNjIzNzIyGWMwMzcyZWJjMmZlYWRhNTk6ZXM6ZXM6RVM&amp;usg=AFQjCNHAO_PUX10Wacs78U9uRFbW2p4pcA\">Armengol condena el asesinato en Mallorca:\u00bbEl machismo est\u00e1 por todas partes\u00bb<\/a>&#8211;\u00a0Cadena SER<\/p>\n<p><a href=\"https:\/\/www.mujeremprendedora.net\/maite-agueros-ceo-socia-fundadora-innoup-farma-premio-joven-empresario-a-navarro-a-2018\/\">Maite Ag\u00fceros, CEO y socia fundadora de Innoup Farma, Premio Joven Empresario\/a Navarro\/a 2018<\/a>\u00a0-mujeremprendedora.net<strong>\u00a0<\/strong><\/p>\n<p><strong>Econom\u00eda y Empresa<\/strong><u><a href=\"https:\/\/www.google.com\/url?rct=j&amp;sa=t&amp;url=https:\/\/www.lavanguardia.com\/vanguardia-dossier\/20190922\/47505583576\/mundo-trabajo-mujeres-igualdad.html%3Ffacet%3Damp&amp;ct=ga&amp;cd=CAEYACoTNTM2NzQyMTAyMTYxMTk4NDM0OTIZYzAzNzJlYmMyZmVhZGE1OTplczplczpFUw&amp;usg=AFQjCNFC47JHwfKip0cUC2IHYzRtoX4quQ\"><br \/>\nMundo del trabajo: Las\u00a0mujeres en\u00a0todas partes y la igualdad en ninguna<\/a><\/u>&#8211;\u00a0La Vanguardia<\/p>\n<p><a href=\"https:\/\/www.mujeremprendedora.net\/39-startups-espanolas-cuenta-al-menos-mujer-dentro-equipo-fundador\/\">El 39% de las startups espa\u00f1olas cuenta con, al menos, una mujer dentro de su equipo fundador<\/a>&#8211;\u00a0<a href=\"http:\/\/mujeremprendedora.net\/\">mujeremprendedora.net<\/a><u><a href=\"https:\/\/www.google.com\/url?rct=j&amp;sa=t&amp;url=https:\/\/www.informaria.com\/gabriela-uriarte-incorpora-consejo-empresarial-mundial-desarrollo-sostenible\/&amp;ct=ga&amp;cd=CAEYAyoUMTc4MjY2MjczNTgzMDE2Mjc1NzMyGWMwMzcyZWJjMmZlYWRhNTk6ZXM6ZXM6RVM&amp;usg=AFQjCNGFGidzPmVlsn4spgew3hznSFgLZg\"><br \/>\nGabriela Uriarte se incorpora al Consejo Empresarial Mundial para el Desarrollo Sostenible<\/a>\u00a0&#8211;<\/u>\u00a0Informaria Digital<u><a href=\"https:\/\/www.google.com\/url?rct=j&amp;sa=t&amp;url=https:\/\/www.eldiario.es\/economia\/trabajadores-discapacidad_0_943855861.html&amp;ct=ga&amp;cd=CAEYCioUMTI1NTI4NDUwOTMzNTU5NjU0NDcyGWMwMzcyZWJjMmZlYWRhNTk6ZXM6ZXM6RVM&amp;usg=AFQjCNH_HUodNf2W-OD2FwoggS-ufSOkVA\"><br \/>\nLa brecha salarial de los trabajadores con discapacidad: cobran un 17% menos que el resto<\/a><\/u>&#8211;\u00a0<a href=\"http:\/\/eldiario.es\/\">eldiario.es<\/a><\/p>\n<p><u><a href=\"https:\/\/www.google.com\/url?rct=j&amp;sa=t&amp;url=https:\/\/www.diariodelaltoaragon.es\/NoticiasDetalle.aspx%3FId%3D1180500&amp;ct=ga&amp;cd=CAEYAioUMTQ4MTkxMjU5ODQyMjUzNDA1NzQyGWMwMzcyZWJjMmZlYWRhNTk6ZXM6ZXM6RVM&amp;usg=AFQjCNFE_KkgsMFcvBvdHhkZuZuk6bxFCA\">C\u00f3mo las empresarias convierten las trabas en oportunidades<\/a>\u00a0<\/u>&#8211;\u00a0Alto Arag\u00f3n<\/p>\n<p><a href=\"https:\/\/www.google.com\/url?rct=j&amp;sa=t&amp;url=https:\/\/confilegal.com\/20190922-el-ministerio-de-trabajo-y-las-grandes-empresas-tecnologicas-apuestan-por-impulsar-la-formacion-digital-de-los-trabajadores\/&amp;ct=ga&amp;cd=CAEYACoTODEwNzkwNTAxODYyMTI2NjUyODIbZTU1MjBjNTU4YjkxNTcxMDplczplczpFUzpS&amp;usg=AFQjCNGr0ZI3M6L1r9dTWxLc299yS0XIoA\">El Ministerio de Trabajo y las grandes empresas tecnol\u00f3gicas apuestan por impulsar la formaci\u00f3n &#8230;<\/a>\u00a0-Confilegal<strong>\u00a0<\/strong><\/p>\n<p><strong>Actualidad<\/strong><a href=\"https:\/\/www.google.com\/url?rct=j&amp;sa=t&amp;url=https:\/\/www.lavanguardia.com\/vida\/20190919\/47485312220\/organizaciones-de-mujeres-impulsan-manana-manifestaciones-en-centenares-de-ciudades-por-la-emergencia-feminista.html&amp;ct=ga&amp;cd=CAEYASoUMTYzMDEwOTEwNDM5MDA0ODE3ODkyGWUyZGVmYTdkNWRhOTE1N2Q6ZXM6ZXM6RVM&amp;usg=AFQjCNFQpu0lYzXYWLtNM3RJLDBSNnY6pA\"><br \/>\nOrganizaciones de mujeres impulsan ma\u00f1ana manifestaciones en centenares de ciudades por la &#8230;<\/a>&#8211;\u00a0La Vanguardia<\/p>\n<p><a href=\"https:\/\/www.google.com\/url?rct=j&amp;sa=t&amp;url=https:\/\/www.lavanguardia.com\/vida\/20190921\/47514653938\/la-mujer-se-desplaza-mas-en-zigzag-y-el-hombre-en-recto-segun-un-estudio.html&amp;ct=ga&amp;cd=CAEYASoTNjI2OTIyMDc3ODM2MTc0MzgxNzIZYzAzNzJlYmMyZmVhZGE1OTplczplczpFUw&amp;usg=AFQjCNFXYeIt1DK_M17VmuyzXKPLDQKdWg\">La\u00a0mujer\u00a0se desplaza m\u00e1s en zigzag y el hombre en recto, seg\u00fan un estudio<\/a>-La Vanguardia<strong>\u00a0<\/strong><\/p>\n<p><strong>Violencia<\/strong><strong>s<\/strong><\/p>\n<p><a href=\"https:\/\/www.google.com\/url?rct=j&amp;sa=t&amp;url=http:\/\/ifs.csic.es\/es\/event\/jornadas-genet-aportaciones-multidisciplinares-comprension-problema-violencia-mujeres-vias&amp;ct=ga&amp;cd=CAEYBioTNDQwOTYwNjQ3NTE2MzE0MTIzMDIZYzAzNzJlYmMyZmVhZGE1OTplczplczpFUw&amp;usg=AFQjCNHWWToXmr8b63XHX3DSrjAa6f-nSQ\">Jornadas GENET: \u00abAportaciones multidisciplinares para la comprensi\u00f3n del problema de la &#8230;<\/a>&#8211;\u00a0Instituto de Filosof\u00eda del CSIC<\/p>\n<p><u><a href=\"https:\/\/www.google.com\/url?rct=j&amp;sa=t&amp;url=http:\/\/www.rtve.es\/noticias\/20190920\/aumentan-20-menores-condenados-delitos-sexuales-espana-2018\/1979670.shtml&amp;ct=ga&amp;cd=CAEYBCoSODY1ODI1NDQ0NTk4ODgwMTA4MhljMDM3MmViYzJmZWFkYTU5OmVzOmVzOkVT&amp;usg=AFQjCNE6ic2NyDoU0u_WV1_isgM8nqkW3w\">Aumentan un 20% los menores condenados por delitos sexuales en Espa\u00f1a en 2018<\/a><\/u>&#8211;\u00a0Rtve<\/p>\n<p><u><a href=\"https:\/\/www.google.com\/url?rct=j&amp;sa=t&amp;url=https:\/\/www.lavanguardia.com\/vida\/20190920\/47500804759\/manifestaciones-feministas-muertes-violencia-genero.html&amp;ct=ga&amp;cd=CAEYACoTODEzMDcyNzA5NTc5MDM4MTcwNTIZZTJkZWZhN2Q1ZGE5MTU3ZDplczplczpFUw&amp;usg=AFQjCNHEpFUszhJUV-p0W6_w8hfyUdy7nQ\">M\u00e1s de 270 manifestaciones feministas para denunciar las muertes por\u00a0violencia de g\u00e9nero<\/a><\/u>&#8211;\u00a0La Vanguardia<a href=\"https:\/\/www.google.com\/url?rct=j&amp;sa=t&amp;url=https:\/\/www.eldiario.es\/canariasahora\/sociedad\/WhatsApp-Manada-extrapolable-sociedad-violadores-Townda-Rebels-feminismo-trata-pornografia_0_944555677.html&amp;ct=ga&amp;cd=CAEYAioTNjkwODIwNjQ5OTg4ODk4OTI2ODIZYzAzNzJlYmMyZmVhZGE1OTplczplczpFUw&amp;usg=AFQjCNG7JUMW8x9pV7OkdC-SH-wrPYMw9Q\"><br \/>\n\u201cEl WhatsApp de La Manada es extrapolable a la sociedad. Los 21 no eran violadores, pero se &#8230;<\/a>&#8211;<a href=\"http:\/\/eldiario.es\/\">eldiario.es<\/a><\/p>\n<p><a href=\"https:\/\/www.google.com\/url?rct=j&amp;sa=t&amp;url=https:\/\/www.elconfidencial.com\/espana\/cataluna\/2019-09-22\/detenido-vildecans-grabar-video-sufriendo-pareja_2247091\/&amp;ct=ga&amp;cd=CAEYACoTOTA0ODExOTYzMjU2MDcwNTE2OTIZYzAzNzJlYmMyZmVhZGE1OTplczplczpFUw&amp;usg=AFQjCNHYDKHARk3nrM9ahzEyuv5RUD5zoA\">El detenido por dejar morir a su\u00a0mujer\u00a0ten\u00eda en su m\u00f3vil varios v\u00eddeos de ella \u00absufriendo\u00bb<\/a>&#8211;\u00a0El Confidencial<\/p>\n<p><strong>Ciencia y Cultura<\/strong><a href=\"https:\/\/www.google.com\/url?rct=j&amp;sa=t&amp;url=https:\/\/www.levante-emv.com\/comunitat-valenciana\/2019\/09\/20\/ana-isabel-morales-premio-salvador\/1923722.html&amp;ct=ga&amp;cd=CAEYASoUMTAzMTI5MDY0OTA3NjE1NDMxODUyGWMwMzcyZWJjMmZlYWRhNTk6ZXM6ZXM6RVM&amp;usg=AFQjCNG3E3BK22sqn01YjFuIN1ooRotHzQ\"><br \/>\nAna Isabel Morales, premio Salvador Senent por investigar la aportaci\u00f3n de las\u00a0mujeres\u00a0al sistema peri\u00f3dico&#8230;<\/a>&#8211;\u00a0Levante-EMV<\/p>\n<p><a href=\"https:\/\/www.google.com\/url?rct=j&amp;sa=t&amp;url=https:\/\/www.elespanol.com\/quincemil\/articulos\/actualidad\/angeles-alvarino-la-ferrolana-que-fue-pionera-en-investigar-los-oceanos&amp;ct=ga&amp;cd=CAEYACoTNjk3OTcwMzIxMjg3ODA4MjAyMzIZYzAzNzJlYmMyZmVhZGE1OTplczplczpFUw&amp;usg=AFQjCNFJkZC0SIwwxo8UW4ZOBniMBqQt_w\">\u00c1ngeles Alvari\u00f1o, la ferrolana que fue pionera en investigar los oc\u00e9anos<\/a>&#8211;\u00a0El Espa\u00f1ol<\/p>\n<p><a href=\"https:\/\/www.google.com\/url?rct=j&amp;sa=t&amp;url=https:\/\/www.mundiario.com\/articulo\/sociedad\/mujer-embarazada-es-discriminada-ballet-nacional-espana\/20190921110742164334.html&amp;ct=ga&amp;cd=CAEYASoUMTczMTcxNDg0NzgyMjEyNzc0ODQyGWMwMzcyZWJjMmZlYWRhNTk6ZXM6ZXM6RVM&amp;usg=AFQjCNGUZYMPtbOUdblo59MHBRbdXRQszQ\">Una\u00a0mujer\u00a0embarazada es discriminada por el Ballet Nacional de Espa\u00f1a<\/a>-Mundiario<strong>\u00a0<\/strong><\/p>\n<p><strong>Deporte<\/strong><strong>\u00a0<\/strong><\/p>\n<p><a href=\"https:\/\/www.elcorreo.com\/deporte-femenino\/otros-deportes\/espanolas-pelean-aumentar-20190921211321-nt.html\">Dos espa\u00f1olas pelean por aumentar la n\u00f3mina nacional en la &#8230;<\/a>&#8211;\u00a0El Correo<\/p>\n<p>[\/toggle]<\/p>\n<p>[toggle type=\u00bbfirst\u00bb title=\u00bbInternacional\u00bb]<\/p>\n<p><a href=\"https:\/\/www.google.com\/url?rct=j&amp;sa=t&amp;url=https:\/\/www.laopiniondemalaga.es\/malaga\/2019\/09\/22\/he-tenido-mover-montanas-simple\/1115528.html&amp;ct=ga&amp;cd=CAEYACoUMTYwMTc0MDY5MTk3MDA3MzczNjQyGWMwMzcyZWJjMmZlYWRhNTk6ZXM6ZXM6RVM&amp;usg=AFQjCNHJl5w-P9jt0QzZtefgFphu05UIlw\">Fiza Farhan, Consejera de Desarrollo Global en la ONU: \u201cHe tenido que mover muchas monta\u00f1as por el simple hecho de ser\u00a0mujer\u00bb<\/a>&#8211;\u00a0La Opini\u00f3n de M\u00e1laga<\/p>\n<p><u><a href=\"https:\/\/www.google.com\/url?rct=j&amp;sa=t&amp;url=http:\/\/www.institutodeestrategia.com\/articulo\/eurasia\/alison-rose-convierte-primera-mujer-dirigir-gran-banco-britanico\/20190920122458028209.html&amp;ct=ga&amp;cd=CAEYBioUMTc0NTg2Nzk2NjUwNzgwNTM1MjUyGWMwMzcyZWJjMmZlYWRhNTk6ZXM6ZXM6RVM&amp;usg=AFQjCNEtqhK-4IvWzLw9JywZ7fzakhAfSg\">Alison Rose, 1\u00aa\u00a0mujer\u00a0en dirigir un gran banco brit\u00e1nico<\/a><\/u>&#8211;\u00a0Instituto de Estrategia<u><a href=\"https:\/\/www.google.com\/url?rct=j&amp;sa=t&amp;url=http:\/\/lavozdgo.com\/2019\/09\/19\/juntos-contra-la-violencia-hacia-las-mujeres-en-todo-el-estado\/&amp;ct=ga&amp;cd=CAEYDCoUMTI1NTI4NDUwOTMzNTU5NjU0NDcyGWMwMzcyZWJjMmZlYWRhNTk6ZXM6ZXM6RVM&amp;usg=AFQjCNGTdwOLyipDrQunQc5qBp4soPIc9w\"><br \/>\nJuntos, contra la violencia hacia las\u00a0mujeres en\u00a0todo el estado<\/a><\/u>&#8211;\u00a0La Voz de Durango<\/p>\n<p><a href=\"https:\/\/www.google.com\/url?rct=j&amp;sa=t&amp;url=https:\/\/almomento.mx\/pfizer-ofrece-esperanza-de-vida-a-mujeres-con-cancer-de-mama-metastasico\/&amp;ct=ga&amp;cd=CAEYCioTMTgwMzg3OTM1ODg5MzczNDI1OTIZYzAzNzJlYmMyZmVhZGE1OTplczplczpFUw&amp;usg=AFQjCNHuBWwsTj2qReO5x7CkFrMT49TUvg\">Pfizer ofrece esperanza de vida a\u00a0mujeres\u00a0con c\u00e1ncer de mama metast\u00e1sico<\/a>-Al Momento<\/p>\n<p><a href=\"https:\/\/www.google.com\/url?rct=j&amp;sa=t&amp;url=https:\/\/www.proceso.com.mx\/600388\/la-universite-paris-nanterre-otorga-doctorado-honoris-causa-2019-a-la-mexicana-alejandra-ancheita-pagaza&amp;ct=ga&amp;cd=CAEYAioTNjQ1MDY4OTY5MzkyNDIwNzQwMjIZYzAzNzJlYmMyZmVhZGE1OTplczplczpFUw&amp;usg=AFQjCNGp8ToQaY20zqhHSwp5mY9q-nCD7A\">La Universit\u00e9 Paris Nanterre otorga Doctorado Honoris Causa 2019 a la mexicana Alejandra Ancheita\u2026-\u00a0<\/a><a href=\"http:\/\/proceso.com.mx\/\">proceso.com.mx<\/a><\/p>\n<p><a href=\"https:\/\/www.google.com\/url?rct=j&amp;sa=t&amp;url=https:\/\/www.revistadearte.com\/2019\/09\/19\/nueva-edicion-de-cultura-portugal-con-destacada-presencia-femenina\/&amp;ct=ga&amp;cd=CAEYCSoTNzQzNDg1NDgzOTgyMjU5MzM3NjIZYzAzNzJlYmMyZmVhZGE1OTplczplczpFUw&amp;usg=AFQjCNHyGGIzGA6a0_PdwHIJ9bQZwpKJmQ\">Nueva edici\u00f3n de Cultura Portugal con destacada presencia femenina<\/a>\u00a0-Revista de Arte<\/p>\n<p><a href=\"https:\/\/www.google.com\/url?rct=j&amp;sa=t&amp;url=https:\/\/revistamagz.com\/soprano-alyson-rosales-gano-el-certamen-mujeres-en-la-musica-iii\/&amp;ct=ga&amp;cd=CAEYACoTNDcyNDU3OTM1MjExNDczMTM4MjIZYzAzNzJlYmMyZmVhZGE1OTplczplczpFUw&amp;usg=AFQjCNGP_Rzge2ll_Ol_u7pO093cSYUGXQ\">Soprano Alyson Rosales gan\u00f3 el certamen\u00a0Mujeres en\u00a0la M\u00fasica III<\/a>&#8211;\u00a0Revista MagZ<\/p>\n<p><a href=\"https:\/\/www.google.com\/url?rct=j&amp;sa=t&amp;url=https:\/\/vos.lavoz.com.ar\/tv\/ladies-first-un-documental-en-sintonia-perfecta-con-la-seleccion-argentina-de-basquet&amp;ct=ga&amp;cd=CAEYASoTMzcyNzkxMzc2ODU0Nzc1Nzc4MTIZZTJkZWZhN2Q1ZGE5MTU3ZDplczplczpFUw&amp;usg=AFQjCNG1NHTBGCgffTYTo29vlpNKwSq7dQ\">\u201cLadies First\u201d, un documental en sinton\u00eda perfecta con la selecci\u00f3n argentina de b\u00e1squet<\/a>\u00a0-La Voz del Interior<\/p>\n<p><a href=\"https:\/\/www.google.com\/url?rct=j&amp;sa=t&amp;url=http:\/\/www.rfi.fr\/es\/contenu\/20190921-una-directora-para-resucitar-el-cine-afgano-dominado-por-los-hombres&amp;ct=ga&amp;cd=CAEYBSoTMTgwMzg3OTM1ODg5MzczNDI1OTIZYzAzNzJlYmMyZmVhZGE1OTplczplczpFUw&amp;usg=AFQjCNFu2qQk3Zp3BFTq2uHig62iDn9FVg\">Una directora para \u00abresucitar\u00bb el cine afgano, dominado por los hombres<\/a>&#8211;\u00a0RFI<\/p>\n<p><a href=\"https:\/\/www.google.com\/url?rct=j&amp;sa=t&amp;url=https:\/\/www.elperiodico.com\/es\/gente\/20190922\/junko-tabei-7645588&amp;ct=ga&amp;cd=CAEYACoUMTA4ODA1MDc3NTk4ODg4MjM1MzcyGWMwMzcyZWJjMmZlYWRhNTk6ZXM6ZXM6RVM&amp;usg=AFQjCNGIN33Y43-1tD5YUjYVIhAXuUS6BQ\">La apasionante historia de Junko Tabei, la primera\u00a0mujer\u00a0en conquistar el Everest<\/a>-El Peri\u00f3dico<\/p>\n<p>[\/toggle]<\/p>\n<\/div>\n<\/div>\n<\/div>\n<\/div>\n<\/div>\n<\/div>\n","protected":false},"excerpt":{"rendered":"<p>Mundo del Trabajo: Las mujeres en todas partes y la <a href=\"https:\/\/cklcomunicaciones.es\/coop\/noticias-info-ckl-no-2-381-23-09-19\/\">[&#8230;]<\/a><\/p>\n","protected":false},"author":3,"featured_media":0,"comment_status":"closed","ping_status":"closed","sticky":false,"template":"","format":"standard","meta":{"footnotes":""},"categories":[298,623],"tags":[],"class_list":["post-14722","post","type-post","status-publish","format-standard","hentry","category-newsletter","category-nwl-2-0"],"yoast_head":"<!-- This site is optimized with the Yoast SEO plugin v27.5 - https:\/\/yoast.com\/product\/yoast-seo-wordpress\/ -->\n<title>Noticias Info CKL n\u00ba 2.381-23\/09\/19-Comunicar con perspectiva de g\u00e9nero<\/title>\n<meta name=\"description\" content=\"Comunicar con perspectiva de g\u00e9nero: Mundo del Trabajo: Las mujeres en todas partes y la igualdad en ninguna-Alison Rose, 1\u00aa mujer en dirigir un gran banco brit\u00e1nico-Ana Isabel Morales, Premio Salvador Senent-Carolina Mar\u00edn conquista el Open de China\" \/>\n<meta name=\"robots\" content=\"index, follow, max-snippet:-1, max-image-preview:large, max-video-preview:-1\" \/>\n<link rel=\"canonical\" href=\"https:\/\/cklcomunicaciones.es\/coop\/noticias-info-ckl-no-2-381-23-09-19\/\" \/>\n<meta property=\"og:locale\" content=\"es_ES\" \/>\n<meta property=\"og:type\" content=\"article\" \/>\n<meta property=\"og:title\" content=\"Noticias Info CKL n\u00ba 2.381-23\/09\/19-Comunicar con perspectiva de g\u00e9nero\" \/>\n<meta property=\"og:description\" content=\"Comunicar con perspectiva de g\u00e9nero: Mundo del Trabajo: Las mujeres en todas partes y la igualdad en ninguna-Alison Rose, 1\u00aa mujer en dirigir un gran banco brit\u00e1nico-Ana Isabel Morales, Premio Salvador Senent-Carolina Mar\u00edn conquista el Open de China\" \/>\n<meta property=\"og:url\" content=\"https:\/\/cklcomunicaciones.es\/coop\/noticias-info-ckl-no-2-381-23-09-19\/\" \/>\n<meta property=\"og:site_name\" content=\"CKL Comunicaciones\" \/>\n<meta property=\"article:published_time\" content=\"2019-09-23T09:03:49+00:00\" \/>\n<meta property=\"article:modified_time\" content=\"2025-01-17T15:43:02+00:00\" \/>\n<meta property=\"og:image\" content=\"https:\/\/cklcomunicaciones.es\/coop\/wp-content\/uploads\/2018\/03\/CKL_comunicacion-con-perspetiva-de-genero.jpg\" \/>\n\t<meta property=\"og:image:width\" content=\"500\" \/>\n\t<meta property=\"og:image:height\" content=\"500\" \/>\n\t<meta property=\"og:image:type\" content=\"image\/jpeg\" \/>\n<meta name=\"author\" content=\"ckl\" \/>\n<meta name=\"twitter:card\" content=\"summary_large_image\" \/>\n<meta name=\"twitter:label1\" content=\"Escrito por\" \/>\n\t<meta name=\"twitter:data1\" content=\"ckl\" \/>\n\t<meta name=\"twitter:label2\" content=\"Tiempo de lectura\" \/>\n\t<meta name=\"twitter:data2\" content=\"5 minutos\" \/>\n<script type=\"application\/ld+json\" class=\"yoast-schema-graph\">{\"@context\":\"https:\\\/\\\/schema.org\",\"@graph\":[{\"@type\":\"Article\",\"@id\":\"https:\\\/\\\/cklcomunicaciones.es\\\/coop\\\/noticias-info-ckl-no-2-381-23-09-19\\\/#article\",\"isPartOf\":{\"@id\":\"https:\\\/\\\/cklcomunicaciones.es\\\/coop\\\/noticias-info-ckl-no-2-381-23-09-19\\\/\"},\"author\":{\"name\":\"ckl\",\"@id\":\"https:\\\/\\\/cklcomunicaciones.es\\\/coop\\\/#\\\/schema\\\/person\\\/929a6837f7626450bbb50cee1aef266e\"},\"headline\":\"Noticias Info CKL n\u00ba 2.381-23\\\/09\\\/19\",\"datePublished\":\"2019-09-23T09:03:49+00:00\",\"dateModified\":\"2025-01-17T15:43:02+00:00\",\"mainEntityOfPage\":{\"@id\":\"https:\\\/\\\/cklcomunicaciones.es\\\/coop\\\/noticias-info-ckl-no-2-381-23-09-19\\\/\"},\"wordCount\":1056,\"image\":{\"@id\":\"https:\\\/\\\/cklcomunicaciones.es\\\/coop\\\/noticias-info-ckl-no-2-381-23-09-19\\\/#primaryimage\"},\"thumbnailUrl\":\"http:\\\/\\\/www.cklcomunicaciones.es\\\/wp-content\\\/uploads\\\/2018\\\/03\\\/CKL_comunicacion-con-perspetiva-de-genero-300x300.jpg\",\"articleSection\":[\"Newsletter\",\"Nwl v2.0\"],\"inLanguage\":\"es\"},{\"@type\":\"WebPage\",\"@id\":\"https:\\\/\\\/cklcomunicaciones.es\\\/coop\\\/noticias-info-ckl-no-2-381-23-09-19\\\/\",\"url\":\"https:\\\/\\\/cklcomunicaciones.es\\\/coop\\\/noticias-info-ckl-no-2-381-23-09-19\\\/\",\"name\":\"Noticias Info CKL n\u00ba 2.381-23\\\/09\\\/19-Comunicar con perspectiva de g\u00e9nero\",\"isPartOf\":{\"@id\":\"https:\\\/\\\/cklcomunicaciones.es\\\/coop\\\/#website\"},\"primaryImageOfPage\":{\"@id\":\"https:\\\/\\\/cklcomunicaciones.es\\\/coop\\\/noticias-info-ckl-no-2-381-23-09-19\\\/#primaryimage\"},\"image\":{\"@id\":\"https:\\\/\\\/cklcomunicaciones.es\\\/coop\\\/noticias-info-ckl-no-2-381-23-09-19\\\/#primaryimage\"},\"thumbnailUrl\":\"http:\\\/\\\/www.cklcomunicaciones.es\\\/wp-content\\\/uploads\\\/2018\\\/03\\\/CKL_comunicacion-con-perspetiva-de-genero-300x300.jpg\",\"datePublished\":\"2019-09-23T09:03:49+00:00\",\"dateModified\":\"2025-01-17T15:43:02+00:00\",\"author\":{\"@id\":\"https:\\\/\\\/cklcomunicaciones.es\\\/coop\\\/#\\\/schema\\\/person\\\/929a6837f7626450bbb50cee1aef266e\"},\"description\":\"Comunicar con perspectiva de g\u00e9nero: Mundo del Trabajo: Las mujeres en todas partes y la igualdad en ninguna-Alison Rose, 1\u00aa mujer en dirigir un gran banco brit\u00e1nico-Ana Isabel Morales, Premio Salvador Senent-Carolina Mar\u00edn conquista el Open de China\",\"breadcrumb\":{\"@id\":\"https:\\\/\\\/cklcomunicaciones.es\\\/coop\\\/noticias-info-ckl-no-2-381-23-09-19\\\/#breadcrumb\"},\"inLanguage\":\"es\",\"potentialAction\":[{\"@type\":\"ReadAction\",\"target\":[\"https:\\\/\\\/cklcomunicaciones.es\\\/coop\\\/noticias-info-ckl-no-2-381-23-09-19\\\/\"]}]},{\"@type\":\"ImageObject\",\"inLanguage\":\"es\",\"@id\":\"https:\\\/\\\/cklcomunicaciones.es\\\/coop\\\/noticias-info-ckl-no-2-381-23-09-19\\\/#primaryimage\",\"url\":\"http:\\\/\\\/www.cklcomunicaciones.es\\\/wp-content\\\/uploads\\\/2018\\\/03\\\/CKL_comunicacion-con-perspetiva-de-genero-300x300.jpg\",\"contentUrl\":\"http:\\\/\\\/www.cklcomunicaciones.es\\\/wp-content\\\/uploads\\\/2018\\\/03\\\/CKL_comunicacion-con-perspetiva-de-genero-300x300.jpg\"},{\"@type\":\"BreadcrumbList\",\"@id\":\"https:\\\/\\\/cklcomunicaciones.es\\\/coop\\\/noticias-info-ckl-no-2-381-23-09-19\\\/#breadcrumb\",\"itemListElement\":[{\"@type\":\"ListItem\",\"position\":1,\"name\":\"Portada\",\"item\":\"https:\\\/\\\/cklcomunicaciones.es\\\/coop\\\/\"},{\"@type\":\"ListItem\",\"position\":2,\"name\":\"Noticias Info CKL n\u00ba 2.381-23\\\/09\\\/19\"}]},{\"@type\":\"WebSite\",\"@id\":\"https:\\\/\\\/cklcomunicaciones.es\\\/coop\\\/#website\",\"url\":\"https:\\\/\\\/cklcomunicaciones.es\\\/coop\\\/\",\"name\":\"CKL Comunicaciones\",\"description\":\"Sitio web de CKL Comunicaciones coop , la consultora de comunicaci\u00f3n y estrategia\",\"potentialAction\":[{\"@type\":\"SearchAction\",\"target\":{\"@type\":\"EntryPoint\",\"urlTemplate\":\"https:\\\/\\\/cklcomunicaciones.es\\\/coop\\\/?s={search_term_string}\"},\"query-input\":{\"@type\":\"PropertyValueSpecification\",\"valueRequired\":true,\"valueName\":\"search_term_string\"}}],\"inLanguage\":\"es\"},{\"@type\":\"Person\",\"@id\":\"https:\\\/\\\/cklcomunicaciones.es\\\/coop\\\/#\\\/schema\\\/person\\\/929a6837f7626450bbb50cee1aef266e\",\"name\":\"ckl\",\"image\":{\"@type\":\"ImageObject\",\"inLanguage\":\"es\",\"@id\":\"https:\\\/\\\/secure.gravatar.com\\\/avatar\\\/c82db564e8a669bf6023357a157b9dc4780f4d4c618f2ad1d71a6a5dede45057?s=96&d=mm&r=g\",\"url\":\"https:\\\/\\\/secure.gravatar.com\\\/avatar\\\/c82db564e8a669bf6023357a157b9dc4780f4d4c618f2ad1d71a6a5dede45057?s=96&d=mm&r=g\",\"contentUrl\":\"https:\\\/\\\/secure.gravatar.com\\\/avatar\\\/c82db564e8a669bf6023357a157b9dc4780f4d4c618f2ad1d71a6a5dede45057?s=96&d=mm&r=g\",\"caption\":\"ckl\"},\"url\":\"https:\\\/\\\/cklcomunicaciones.es\\\/coop\\\/author\\\/cklcomunicaciones\\\/\"}]}<\/script>\n<!-- \/ Yoast SEO plugin. -->","yoast_head_json":{"title":"Noticias Info CKL n\u00ba 2.381-23\/09\/19-Comunicar con perspectiva de g\u00e9nero","description":"Comunicar con perspectiva de g\u00e9nero: Mundo del Trabajo: Las mujeres en todas partes y la igualdad en ninguna-Alison Rose, 1\u00aa mujer en dirigir un gran banco brit\u00e1nico-Ana Isabel Morales, Premio Salvador Senent-Carolina Mar\u00edn conquista el Open de China","robots":{"index":"index","follow":"follow","max-snippet":"max-snippet:-1","max-image-preview":"max-image-preview:large","max-video-preview":"max-video-preview:-1"},"canonical":"https:\/\/cklcomunicaciones.es\/coop\/noticias-info-ckl-no-2-381-23-09-19\/","og_locale":"es_ES","og_type":"article","og_title":"Noticias Info CKL n\u00ba 2.381-23\/09\/19-Comunicar con perspectiva de g\u00e9nero","og_description":"Comunicar con perspectiva de g\u00e9nero: Mundo del Trabajo: Las mujeres en todas partes y la igualdad en ninguna-Alison Rose, 1\u00aa mujer en dirigir un gran banco brit\u00e1nico-Ana Isabel Morales, Premio Salvador Senent-Carolina Mar\u00edn conquista el Open de China","og_url":"https:\/\/cklcomunicaciones.es\/coop\/noticias-info-ckl-no-2-381-23-09-19\/","og_site_name":"CKL Comunicaciones","article_published_time":"2019-09-23T09:03:49+00:00","article_modified_time":"2025-01-17T15:43:02+00:00","og_image":[{"width":500,"height":500,"url":"https:\/\/cklcomunicaciones.es\/coop\/wp-content\/uploads\/2018\/03\/CKL_comunicacion-con-perspetiva-de-genero.jpg","type":"image\/jpeg"}],"author":"ckl","twitter_card":"summary_large_image","twitter_misc":{"Escrito por":"ckl","Tiempo de lectura":"5 minutos"},"schema":{"@context":"https:\/\/schema.org","@graph":[{"@type":"Article","@id":"https:\/\/cklcomunicaciones.es\/coop\/noticias-info-ckl-no-2-381-23-09-19\/#article","isPartOf":{"@id":"https:\/\/cklcomunicaciones.es\/coop\/noticias-info-ckl-no-2-381-23-09-19\/"},"author":{"name":"ckl","@id":"https:\/\/cklcomunicaciones.es\/coop\/#\/schema\/person\/929a6837f7626450bbb50cee1aef266e"},"headline":"Noticias Info CKL n\u00ba 2.381-23\/09\/19","datePublished":"2019-09-23T09:03:49+00:00","dateModified":"2025-01-17T15:43:02+00:00","mainEntityOfPage":{"@id":"https:\/\/cklcomunicaciones.es\/coop\/noticias-info-ckl-no-2-381-23-09-19\/"},"wordCount":1056,"image":{"@id":"https:\/\/cklcomunicaciones.es\/coop\/noticias-info-ckl-no-2-381-23-09-19\/#primaryimage"},"thumbnailUrl":"http:\/\/www.cklcomunicaciones.es\/wp-content\/uploads\/2018\/03\/CKL_comunicacion-con-perspetiva-de-genero-300x300.jpg","articleSection":["Newsletter","Nwl v2.0"],"inLanguage":"es"},{"@type":"WebPage","@id":"https:\/\/cklcomunicaciones.es\/coop\/noticias-info-ckl-no-2-381-23-09-19\/","url":"https:\/\/cklcomunicaciones.es\/coop\/noticias-info-ckl-no-2-381-23-09-19\/","name":"Noticias Info CKL n\u00ba 2.381-23\/09\/19-Comunicar con perspectiva de g\u00e9nero","isPartOf":{"@id":"https:\/\/cklcomunicaciones.es\/coop\/#website"},"primaryImageOfPage":{"@id":"https:\/\/cklcomunicaciones.es\/coop\/noticias-info-ckl-no-2-381-23-09-19\/#primaryimage"},"image":{"@id":"https:\/\/cklcomunicaciones.es\/coop\/noticias-info-ckl-no-2-381-23-09-19\/#primaryimage"},"thumbnailUrl":"http:\/\/www.cklcomunicaciones.es\/wp-content\/uploads\/2018\/03\/CKL_comunicacion-con-perspetiva-de-genero-300x300.jpg","datePublished":"2019-09-23T09:03:49+00:00","dateModified":"2025-01-17T15:43:02+00:00","author":{"@id":"https:\/\/cklcomunicaciones.es\/coop\/#\/schema\/person\/929a6837f7626450bbb50cee1aef266e"},"description":"Comunicar con perspectiva de g\u00e9nero: Mundo del Trabajo: Las mujeres en todas partes y la igualdad en ninguna-Alison Rose, 1\u00aa mujer en dirigir un gran banco brit\u00e1nico-Ana Isabel Morales, Premio Salvador Senent-Carolina Mar\u00edn conquista el Open de China","breadcrumb":{"@id":"https:\/\/cklcomunicaciones.es\/coop\/noticias-info-ckl-no-2-381-23-09-19\/#breadcrumb"},"inLanguage":"es","potentialAction":[{"@type":"ReadAction","target":["https:\/\/cklcomunicaciones.es\/coop\/noticias-info-ckl-no-2-381-23-09-19\/"]}]},{"@type":"ImageObject","inLanguage":"es","@id":"https:\/\/cklcomunicaciones.es\/coop\/noticias-info-ckl-no-2-381-23-09-19\/#primaryimage","url":"http:\/\/www.cklcomunicaciones.es\/wp-content\/uploads\/2018\/03\/CKL_comunicacion-con-perspetiva-de-genero-300x300.jpg","contentUrl":"http:\/\/www.cklcomunicaciones.es\/wp-content\/uploads\/2018\/03\/CKL_comunicacion-con-perspetiva-de-genero-300x300.jpg"},{"@type":"BreadcrumbList","@id":"https:\/\/cklcomunicaciones.es\/coop\/noticias-info-ckl-no-2-381-23-09-19\/#breadcrumb","itemListElement":[{"@type":"ListItem","position":1,"name":"Portada","item":"https:\/\/cklcomunicaciones.es\/coop\/"},{"@type":"ListItem","position":2,"name":"Noticias Info CKL n\u00ba 2.381-23\/09\/19"}]},{"@type":"WebSite","@id":"https:\/\/cklcomunicaciones.es\/coop\/#website","url":"https:\/\/cklcomunicaciones.es\/coop\/","name":"CKL Comunicaciones","description":"Sitio web de CKL Comunicaciones coop , la consultora de comunicaci\u00f3n y estrategia","potentialAction":[{"@type":"SearchAction","target":{"@type":"EntryPoint","urlTemplate":"https:\/\/cklcomunicaciones.es\/coop\/?s={search_term_string}"},"query-input":{"@type":"PropertyValueSpecification","valueRequired":true,"valueName":"search_term_string"}}],"inLanguage":"es"},{"@type":"Person","@id":"https:\/\/cklcomunicaciones.es\/coop\/#\/schema\/person\/929a6837f7626450bbb50cee1aef266e","name":"ckl","image":{"@type":"ImageObject","inLanguage":"es","@id":"https:\/\/secure.gravatar.com\/avatar\/c82db564e8a669bf6023357a157b9dc4780f4d4c618f2ad1d71a6a5dede45057?s=96&d=mm&r=g","url":"https:\/\/secure.gravatar.com\/avatar\/c82db564e8a669bf6023357a157b9dc4780f4d4c618f2ad1d71a6a5dede45057?s=96&d=mm&r=g","contentUrl":"https:\/\/secure.gravatar.com\/avatar\/c82db564e8a669bf6023357a157b9dc4780f4d4c618f2ad1d71a6a5dede45057?s=96&d=mm&r=g","caption":"ckl"},"url":"https:\/\/cklcomunicaciones.es\/coop\/author\/cklcomunicaciones\/"}]}},"_links":{"self":[{"href":"https:\/\/cklcomunicaciones.es\/coop\/wp-json\/wp\/v2\/posts\/14722","targetHints":{"allow":["GET"]}}],"collection":[{"href":"https:\/\/cklcomunicaciones.es\/coop\/wp-json\/wp\/v2\/posts"}],"about":[{"href":"https:\/\/cklcomunicaciones.es\/coop\/wp-json\/wp\/v2\/types\/post"}],"author":[{"embeddable":true,"href":"https:\/\/cklcomunicaciones.es\/coop\/wp-json\/wp\/v2\/users\/3"}],"replies":[{"embeddable":true,"href":"https:\/\/cklcomunicaciones.es\/coop\/wp-json\/wp\/v2\/comments?post=14722"}],"version-history":[{"count":0,"href":"https:\/\/cklcomunicaciones.es\/coop\/wp-json\/wp\/v2\/posts\/14722\/revisions"}],"wp:attachment":[{"href":"https:\/\/cklcomunicaciones.es\/coop\/wp-json\/wp\/v2\/media?parent=14722"}],"wp:term":[{"taxonomy":"category","embeddable":true,"href":"https:\/\/cklcomunicaciones.es\/coop\/wp-json\/wp\/v2\/categories?post=14722"},{"taxonomy":"post_tag","embeddable":true,"href":"https:\/\/cklcomunicaciones.es\/coop\/wp-json\/wp\/v2\/tags?post=14722"}],"curies":[{"name":"wp","href":"https:\/\/api.w.org\/{rel}","templated":true}]}}