{"id":14699,"date":"2019-07-26T23:54:53","date_gmt":"2019-07-26T21:54:53","guid":{"rendered":"http:\/\/www.cklcomunicaciones.es\/?p=14699"},"modified":"2025-01-17T16:43:03","modified_gmt":"2025-01-17T15:43:03","slug":"noticias-info-ckl-no-2-373-26-07-19","status":"publish","type":"post","link":"https:\/\/cklcomunicaciones.es\/coop\/noticias-info-ckl-no-2-373-26-07-19\/","title":{"rendered":"Noticias Info CKL n\u00ba 2.373-26\/07\/19"},"content":{"rendered":"<div id=\"pl-14699\"  class=\"panel-layout\" >\n<div id=\"pg-14699-0\"  class=\"panel-grid panel-no-style\"  data-style=\"{&quot;background_image_attachment&quot;:false,&quot;background_display&quot;:&quot;tile&quot;,&quot;cell_alignment&quot;:&quot;flex-start&quot;}\" >\n<div id=\"pgc-14699-0-0\"  class=\"panel-grid-cell\"  data-weight=\"1\" >\n<div id=\"panel-14699-0-0-0\" class=\"so-panel widget widget_sow-editor panel-first-child panel-last-child\" data-index=\"0\" data-style=\"{&quot;background_image_attachment&quot;:false,&quot;background_display&quot;:&quot;tile&quot;}\" >\n<div class=\"so-widget-sow-editor so-widget-sow-editor-base\">\n<div class=\"siteorigin-widget-tinymce textwidget\">\n<p><img decoding=\"async\" class=\"lazyload  wp-image-13726\" src=\"http:\/\/www.cklcomunicaciones.es\/wp-content\/uploads\/2018\/03\/CKL_comunicacion-con-perspetiva-de-genero-300x300.jpg\" data-orig-src=\"http:\/\/www.cklcomunicaciones.es\/wp-content\/uploads\/2018\/03\/CKL_comunicacion-con-perspetiva-de-genero-300x300.jpg\" alt=\"CKL_comunicacion con perspetiva de genero\" width=\"132\" height=\"132\" srcset=\"data:image\/svg+xml,%3Csvg%20xmlns%3D%27http%3A%2F%2Fwww.w3.org%2F2000%2Fsvg%27%20width%3D%27132%27%20height%3D%27132%27%20viewBox%3D%270%200%20132%20132%27%3E%3Crect%20width%3D%27132%27%20height%3D%27132%27%20fill-opacity%3D%220%22%2F%3E%3C%2Fsvg%3E\" data-srcset=\"https:\/\/cklcomunicaciones.es\/coop\/wp-content\/uploads\/2018\/03\/CKL_comunicacion-con-perspetiva-de-genero-150x150.jpg 150w, https:\/\/cklcomunicaciones.es\/coop\/wp-content\/uploads\/2018\/03\/CKL_comunicacion-con-perspetiva-de-genero-300x300.jpg 300w, https:\/\/cklcomunicaciones.es\/coop\/wp-content\/uploads\/2018\/03\/CKL_comunicacion-con-perspetiva-de-genero-450x450.jpg 450w, https:\/\/cklcomunicaciones.es\/coop\/wp-content\/uploads\/2018\/03\/CKL_comunicacion-con-perspetiva-de-genero.jpg 500w\" data-sizes=\"auto\" data-orig-sizes=\"(max-width: 132px) 100vw, 132px\" \/><\/p>\n<p id=\":28g\" class=\"hP\" tabindex=\"-1\" data-thread-perm-id=\"thread-f:1639839956881129770\" data-legacy-thread-id=\"16c1e1c0a664412a\"><strong>El Parlamento Europeo y su compromiso con perspectiva de g\u00e9nero-Mujer florero con pelos en el sobaco-Las investigaciones de economistas mujeres llegan a un 7% menos al escaparate de las conferencias-La pluma femenina reclama su sitio<\/strong><\/p>\n<p>[toggle type=\u00bbfirst\u00bb title=\u00bbComunicaci\u00f3n\u00bb]<\/p>\n<p><a href=\"http:\/\/www.easp.es\/cursos\/?idCurso=5804010019#c\">Diploma de Especializaci\u00f3n en G\u00e9nero y Salud, Servicios Sanitarios y Sociales <\/a><a href=\"http:\/\/www.easp.es\/cursos\/?idCurso=5804010019#c\">(12\u00aa edici\u00f3n)<\/a>. Escuela Andaluza de Salud P\u00fablica. 2019; fecha l\u00edmite de inscripci\u00f3n 16 de septiembre de 2019<\/p>\n<p><a href=\"http:\/\/www.juntadeandalucia.es\/iam\/catalogo\/doc\/convocatorias\/2019-genero\/SE-ecofeminismo-america-europa.pdf\">Conferencia &#8216;<\/a><a href=\"http:\/\/www.juntadeandalucia.es\/iam\/catalogo\/doc\/convocatorias\/2019-genero\/SE-ecofeminismo-america-europa.pdf\">Acci\u00f3n pol\u00edtica y movimientos ecofeministas en Europa y Am\u00e9rica. Una perspectiva comparada<\/a><a href=\"http:\/\/www.juntadeandalucia.es\/iam\/catalogo\/doc\/convocatorias\/2019-genero\/SE-ecofeminismo-america-europa.pdf\">&#8216;<\/a><a href=\"http:\/\/www.juntadeandalucia.es\/iam\/catalogo\/doc\/convocatorias\/2019-genero\/SE-ecofeminismo-america-europa.pdf\">\u00a0<\/a><a href=\"http:\/\/www.juntadeandalucia.es\/iam\/catalogo\/doc\/convocatorias\/2019-genero\/SE-ecofeminismo-america-europa.pdf\">(dentro del Curso de especializaci\u00f3n &#8216;Am\u00e9rica Plural, Ayer y Hoy)<\/a>. Universidad Internacional Men\u00e9ndez Pelayo. 21 de octubre de 2019<\/p>\n<p><a href=\"https:\/\/elpais.com\/cultura\/2019\/07\/20\/television\/1563640291_526614.html\">Pepa Fern\u00e1ndez: \u201cLa radio es como una secta pero no le come el coco a nadie\u201d<\/a> \u2013 El Pa\u00eds<\/p>\n<p><a href=\"https:\/\/www.elmundo.es\/f5\/mira\/2019\/07\/24\/5d37fe8921efa0f8508b459a.html\">Carme Chaparro, con vello en las axilas para apoyar a Irene Montero<\/a> \u2013 El Mundo<\/p>\n<p><a href=\"https:\/\/www.elespectador.com\/cromos\/vida-social\/aprender-programar-es-tan-importante-como-saber-leer-y-escribir-vicky-ricaurte-articulo-872465\">\u201cAprender a programar es tan importante como saber leer y escribir &#8230;<\/a>&#8211; ElEspectador.com<\/p>\n<p><a href=\"https:\/\/elpais.com\/tecnologia\/2019\/07\/22\/actualidad\/1563809428_571813.html\">Google pagar\u00e1 una multa multimillonaria por recopilar datos de menores que acced\u00edan a Youtube<\/a> \u2013 El Pa\u00eds<\/p>\n<p>[\/toggle]<\/p>\n<p>[toggle type=\u00bbfirst\u00bb title=\u00bbAndaluc\u00eda\u00bb]<\/p>\n<p><strong>Econom\u00eda y Empresas<\/strong><\/p>\n<p><a href=\"https:\/\/www.google.com\/url?rct=j&amp;sa=t&amp;url=https:\/\/m.europapress.es\/esandalucia\/sevilla\/noticia-consejera-empleo-defiende-consenso-dialogo-social-fundamentales-desarrollo-economico-andaluz-20190723161655.html&amp;ct=ga&amp;cd=CAEYACoTOTE4Mjg5NDM5NTUyODg3OTQxNjIZZDc4ZTU4NzVhMGYxZjJhYzplczplczpFUw&amp;usg=AFQjCNHFs-r77zoE-c9N8ve5e6cSbE1Zzg\">Roc\u00edo Blanco, Consejera de Empleo, defiende el consenso y di\u00e1logo\u00a0social\u00a0como \u00abfundamentales\u00bb para el &#8230;<\/a>&#8211; Europa Press<\/p>\n<p><a href=\"https:\/\/www.mujeremprendedora.net\/buenas-practicas-en-conciliacion-e-igualdad-se-presentan-en-cea\/\">Buenas pr\u00e1cticas en conciliaci\u00f3n e igualdad se presentan en CEA<\/a>-\u2013 Mujeremprendedora.net<\/p>\n<p><a href=\"https:\/\/www.google.com\/url?rct=j&amp;sa=t&amp;url=http:\/\/www.ideal.es\/granada\/mercagranada-celebra-primera-20190724132257-nt.html&amp;ct=ga&amp;cd=CAEYACoUMTIyMDIxOTIyNzcyMTc0MTY3NjEyGWMwMzcyZWJjMmZlYWRhNTk6ZXM6ZXM6RVM&amp;usg=AFQjCNFDHm7BMFF4n9OF662qlYPqEalKhg\">Mercagranada celebra su primera edici\u00f3n de los Premios a la\u00a0Mujer<\/a> &#8211; Ideal Digital<\/p>\n<p><a href=\"http:\/\/www.juntadeandalucia.es\/presidencia\/portavoz\/144492\/Investigacion\/UniversidaddeAlmeria\/RectorCarmeloRodriguez\/Presupuestosde2019\/JuanmaMoreno\/presidente\/JuntadeAndalucia\">La Junta apuesta por la investigaci\u00f3n universitaria y destina 66 millones a la contrataci\u00f3n de j\u00f3venes cient\u00edficos<\/a> \u2013 Oficina del Portavoz<\/p>\n<p><a href=\"http:\/\/www.juntadeandalucia.es\/presidencia\/portavoz\/144569\/desempleo\/empleo\/trabajo\/puestosdetrabajo\/ConsejeriadeEmpleo\">Andaluc\u00eda lidera el descenso del desempleo y recorta la tasa m\u00e1s de dos puntos en el \u00faltimo a\u00f1o<\/a>\u2013 Oficina del Portavoz<\/p>\n<p><u><\/u><strong>A<\/strong><strong>ctualidad<\/strong><\/p>\n<p><a href=\"https:\/\/www.google.com\/url?rct=j&amp;sa=t&amp;url=https:\/\/www.20minutos.es\/noticia\/3713800\/0\/ayuntamiento-iam-marcan-lineas-colaboracion-para-proximos-meses\/&amp;ct=ga&amp;cd=CAEYAioUMTcwNTAxNzE1NTU3MjcxNTUzNDQyGWMwMzcyZWJjMmZlYWRhNTk6ZXM6ZXM6RVM&amp;usg=AFQjCNFE_ZXxOccCIMQQZOFJLuFekmfybA\">El Ayuntamiento de C\u00f3rdoba y el IAM marcan las l\u00edneas de colaboraci\u00f3n para los pr\u00f3ximos meses<\/a>-20minutos.es<\/p>\n<p><a href=\"https:\/\/www.google.com\/url?rct=j&amp;sa=t&amp;url=http:\/\/www.elfaromotril.es\/2019\/07\/23\/el-area-de-igualdad-y-el-instituto-andaluz-de-la-mujer-resaltan-en-motril-el-papel-de-la-mujer-en-la-ciencia\/&amp;ct=ga&amp;cd=CAEYACoTOTUzMTM2OTQ4MzQ4NDA4ODQxNTIZYzAzNzJlYmMyZmVhZGE1OTplczplczpFUw&amp;usg=AFQjCNENK73NGJxB3eGEJD8TNsMxWycnCw\">El \u00e1rea de Igualdad y el\u00a0Instituto\u00a0Andaluz de la\u00a0Mujer\u00a0resaltan en Motril el papel de la\u00a0mujer\u00a0en la &#8230;<\/a>&#8211; El Faro<\/p>\n<p><a href=\"https:\/\/www.elmundo.es\/andalucia\/2019\/07\/23\/5d18ac9a21efa0c5078b45d4.html\">Por qu\u00e9 muchas supervivientes de c\u00e1ncer de mama han empezado a remar<\/a> \u2013 El Mundo<\/p>\n<p><a href=\"https:\/\/www.google.com\/url?rct=j&amp;sa=t&amp;url=https:\/\/huelvaya.es\/2019\/07\/24\/campana-informativa-sobre-los-recursos-para-las-mujeres-de-cartaya\/&amp;ct=ga&amp;cd=CAEYASoUMTAyOTMyOTI2MTAwNTQ4OTU5MjkyGzlhYjFjZGQ3ZTM2NmVmMzg6ZXM6ZXM6RVM6Ug&amp;usg=AFQjCNGpPuU17pnPOpN34aiwk3MnHzGRvA\">Campa\u00f1a informativa sobre los recursos para\u00a0las mujeres\u00a0de Cartaya<\/a> &#8211; HuelvaYA<\/p>\n<p><a href=\"http:\/\/www.juntadeandalucia.es\/presidencia\/portavoz\/144474\/voluntariado\/voluntarios\/ConsejeriadeIgualdad\/rural\/movimientoasociativo\">El V Plan de Voluntariado en Andaluc\u00eda incidir\u00e1 en el trabajo en red y el \u00e1mbito rural<\/a>\u2013 Oficina del Portavoz<\/p>\n<p><a href=\"http:\/\/www.juntadeandalucia.es\/presidencia\/portavoz\/144542\/ConsejeriaIgualdadPoliticasSocialesConciliacion\/costeplaza\/atencion\/personasmayores\/envejecimiento\">Igualdad destina 7,4 millones para cubrir la subida del coste plaza en la atenci\u00f3n a mayores<\/a>\u2013 Oficina del Portavoz<\/p>\n<p><strong>Violencia<\/strong><strong>s<\/strong><a href=\"https:\/\/www.google.com\/url?rct=j&amp;sa=t&amp;url=https:\/\/www.lavanguardia.com\/local\/sevilla\/20190722\/463638180445\/el-iam-atiende-a-un-32-mas-de-personas-en-centros-de-acogida-para-victimas-de-violencia-de-genero-hasta-junio.html&amp;ct=ga&amp;cd=CAEYACoTOTY3MzI0OTAwOTAyMDM5Nzk0OTIZYzAzNzJlYmMyZmVhZGE1OTplczplczpFUw&amp;usg=AFQjCNFMlrGoeJbYHVhYu4uxmSIVC-AYEQ\"><br \/>\n<\/a><a href=\"https:\/\/www.diariojaen.es\/andalucia\/un-juez-de-granada-detenido-por-violencia-de-genero-contra-su-mujer-YX5918515\">Un juez de Granada, detenido por violencia de g\u00e9nero contra su\u00a0mujer<\/a> -Diario Ja\u00e9n<\/p>\n<p><a href=\"https:\/\/www.lasexta.com\/noticias\/sociedad\/investigan-violacion-multiple-joven-que-participo-exnovio_201907245d3802550cf2c80663e0b1b5.html\">Investigan la violaci\u00f3n m\u00faltiple a una joven en la que particip\u00f3 su ..- <\/a>LaSexta<\/p>\n<p><strong>Ciencia y Cultura<\/strong><\/p>\n<p><a href=\"https:\/\/www.google.com\/url?rct=j&amp;sa=t&amp;url=https:\/\/infocostatropical.com\/noticia.asp%3Fid_noticia%3D86570&amp;ct=ga&amp;cd=CAEYASoTOTE4Mjg5NDM5NTUyODg3OTQxNjIZZDc4ZTU4NzVhMGYxZjJhYzplczplczpFUw&amp;usg=AFQjCNHpczfHYQ3HMrCgTQTesYFxZybPlQ\">La UGR quiere extender su labor\u00a0social\u00a0a las distintas comarcas de la provincia granadina<\/a>&#8211; infocostatropical.com<\/p>\n<p><a href=\"https:\/\/www.diariodecadiz.es\/ocio\/melissa-aldana-jazz-festival-Cadiz-concierto_0_1375662955.html\">Melissa Aldana, saxofonista: \u201cNo escucho a\u00a0mujeres\u00a0que quiera tener en mi banda\u201d<\/a>&#8211; Diario de C\u00e1diz<\/p>\n<p><a href=\"https:\/\/cordopolis.es\/2019\/07\/24\/el-cabildo-catedral-colabora-en-la-iniciativa-social-mujeres-con-solera\/\">El Cabildo Catedral colabora en la iniciativa social &#8216;Mujeres\u00a0con Solera&#8217;<\/a>&#8211; Cord\u00f3polis<\/p>\n<p><strong>Deporte<\/strong><\/p>\n<p><a href=\"https:\/\/eldesmarque.com\/malaga\/polideportivo\/deporte-andaluz\/196969-primeros-pasos-para-el-proyecto-de-ley-de-patrocinio-y-mecenazgo-deportivo\">Primeros pasos para el proyecto de Ley de Patrocinio y Mecenazgo &#8230;<\/a>-ElDesmarque M\u00e1laga<\/p>\n<p>[\/toggle]<\/p>\n<p>[toggle type=\u00bbfirst\u00bb title=\u00bbEstado\u00bb]<\/p>\n<p><strong>Institucional<\/strong><\/p>\n<p><a href=\"https:\/\/m.europapress.es\/epsocial\/igualdad\/noticia-carmona-cgpj-opone-rebajar-pena-asesinos-machistas-confiesan-terrassa-barcelona-20190724121603.html\">Carmona (CGPJ) se opone a rebajar la pena a los asesinos &#8230;<\/a>&#8211; Europa Press<\/p>\n<p><strong>Institucional<\/strong><strong>-CCAA<\/strong><\/p>\n<p><a href=\"https:\/\/www.google.com\/url?rct=j&amp;sa=t&amp;url=https:\/\/www.europapress.es\/la-rioja\/noticia-empresas-tecnologicas-rioja-apuestan-empoderar-talento-femenino-stem-talent-girl-20190723131338.html&amp;ct=ga&amp;cd=CAEYAyoUMTI4MzQ5MDUzOTQ1NjY3OTE0NjQyGWMwMzcyZWJjMmZlYWRhNTk6ZXM6ZXM6RVM&amp;usg=AFQjCNFg6JX1ulYpNJR4Yt1uPXILR4YXZg\">Las empresas tecnol\u00f3gicas de La Rioja apuestan por \u00abempoderar el talento femenino\u00bb con &#8216;STEM &#8230;<\/a>-Europa Press<\/p>\n<p><a href=\"https:\/\/www.google.com\/url?rct=j&amp;sa=t&amp;url=https:\/\/elfarodeceuta.es\/wonder-woman-proyecto-violencia-machista\/&amp;ct=ga&amp;cd=CAEYACoUMTM5NjQzNTQxMTkwNTMyMzgxMzgyGWUyZGVmYTdkNWRhOTE1N2Q6ZXM6ZXM6RVM&amp;usg=AFQjCNHEwQcBgUl3y_xKNExiHWD6Sx4NPw\">Wonder Woman, el proyecto contra la\u00a0violencia\u00a0machista en el CETI de Ceuta<\/a> &#8211; El Faro de Ceuta<\/p>\n<p><a href=\"https:\/\/www.google.com\/url?rct=j&amp;sa=t&amp;url=https:\/\/salamancartvaldia.es\/not\/214967\/mujeres-frontera-promueven-aldea-obispo-primera-feria-rural-raya\/&amp;ct=ga&amp;cd=CAEYACoUMTU3ODM3MjEyNzM2NTkzMzI3MzcyGWMwMzcyZWJjMmZlYWRhNTk6ZXM6ZXM6RVM&amp;usg=AFQjCNHNRKM_s9Laj57PFmZiz4yJZVvxtg\">Mujeres\u00a0de la frontera promueven en Aldea del Obispo la primera &#8216;Feria Rural de la Raya&#8217;<\/a>&#8211; SalamancaTv<\/p>\n<p><a href=\"https:\/\/www.google.com\/url?rct=j&amp;sa=t&amp;url=https:\/\/www.lavanguardia.com\/vida\/20190723\/463669975979\/un-congreso-abordara-en-astorga-la-narrativa-de-posguerra-escrita-por-mujeres.html&amp;ct=ga&amp;cd=CAEYACoUMTczNDk4NDI3MjIyODI0MTY3NzAyGWMwMzcyZWJjMmZlYWRhNTk6ZXM6ZXM6RVM&amp;usg=AFQjCNGa7VOwJWlqaGmcIW5Y93s7sxs_Ug\">Un congreso abordar\u00e1 en Astorga la narrativa de posguerra escrita por\u00a0mujeres<\/a> &#8211; La Vanguardia<\/p>\n<p><a href=\"https:\/\/www.google.com\/url?rct=j&amp;sa=t&amp;url=https:\/\/www.hoy.es\/extremadura\/junta-aprueba-nombramientos-20190723174338-nt.html&amp;ct=ga&amp;cd=CAEYACoTMjczMjkzNzE1MzQ4NzM3MzUxNDIZYzAzNzJlYmMyZmVhZGE1OTplczplczpFUw&amp;usg=AFQjCNEV7kOPE79lyCfFjSRgE29Ob1qb3g\">Beatriz Mu\u00f1oz Gonzales, nueva directora del Instituto de la Mujer de Extremadura\u2026<\/a>-Hoy Digital<\/p>\n<p><a href=\"https:\/\/www.noticiasdegipuzkoa.eus\/2019\/07\/24\/economia\/el-ces-vasco-insta-a-aumentar-la-presencia-de-la-mujer-en-la-industria\">El CES vasco insta a aumentar la presencia de la\u00a0mujer\u00a0en la industria<\/a> &#8211; Noticias de Gipuzkoa<\/p>\n<p><a href=\"https:\/\/www.lavozdegalicia.es\/noticia\/somosagro\/2019\/07\/23\/medio-rural-habilita-600000-euros-fomentar-insercion-laboral-mujeres-victimas-violencia-machista-ambito-agroforestal\/00031563893488839704863.htm\">Medio Rural habilita 600.000 euros para fomentar la inserci\u00f3n laboral &#8230;<\/a>-La Voz de Galicia<\/p>\n<p><a href=\"https:\/\/www.noticiasdenavarra.com\/2019\/07\/24\/economia\/1000-emprendedoras-entran-al-mercado-laboral-en-navarra-en-diez-anos\">1.000 emprendedoras entran al mercado laboral en Navarra en diez &#8230;<\/a>&#8211; Noticias de Navarra<\/p>\n<p><a href=\"https:\/\/www.cope.es\/emisoras\/comunidad-valenciana\/castellon-provincia\/castellon\/fiestas\/noticias\/generalitat-premiara-los-municipios-que-promuevan-fiestas-sexistas-20190724_466325\">La Generalitat premiar\u00e1 a los municipios que promuevan fiestas no sexistas &#8230;<\/a>&#8211; COPE<\/p>\n<p><strong>Econom\u00eda y Empresa<\/strong><\/p>\n<p><a href=\"https:\/\/www.eldiario.es\/economia\/articulos-escritos-mujeres-economistas-conferencias_0_922158082.html\">Las investigaciones de economistas\u00a0mujeres\u00a0llegan a un 7% menos al escaparate de las conferencias&#8230;<\/a>&#8211; eldiario.es<\/p>\n<p><a href=\"https:\/\/www.mujeremprendedora.net\/talent-woman-entre-los-proyectos-mejor-valorados-por-fecyt\/\">Talent Woman, entre los proyectos mejor valorados por FECYT<\/a> \u2013 Mujeremprendedora.net<\/p>\n<p><a href=\"https:\/\/www.alimente.elconfidencial.com\/consumo\/2019-07-25\/jamon-iberico-mujeres-cortadoras-ganaderas_2142695\/\">Las mujeres\u00a0del sector del\u00a0jam\u00f3n\u00a0en Espa\u00f1a reclaman su sitio<\/a> &#8211; Alimente<\/p>\n<p><strong>Actualidad<\/strong><\/p>\n<p><a href=\"https:\/\/www.inese.es\/noticias\/el-parlamento-europeo-y-su-compromiso-con-perspectiva-de-genero\">El Parlamento Europeo y su compromiso con perspectiva de g\u00e9nero &#8230;<\/a>&#8211; inese.es<\/p>\n<p><a href=\"https:\/\/www.google.com\/url?rct=j&amp;sa=t&amp;url=https:\/\/www.eldiario.es\/zonacritica\/Mujer-florero-pelos-sobaco_6_923617646.html&amp;ct=ga&amp;cd=CAEYACoTMjk1MDg0MjkxMTE5NzIwNDgzNTIZYzAzNzJlYmMyZmVhZGE1OTplczplczpFUw&amp;usg=AFQjCNF1CzbJNfueOqxRN4IIirRqY8rlRg\">Mujer florero con pelos en el sobaco<\/a>&#8211; eldiario.es<\/p>\n<p><a href=\"https:\/\/www.google.com\/url?rct=j&amp;sa=t&amp;url=https:\/\/www.enpozuelo.es\/noticia\/10575\/motor\/midas-presenta-ellasconducen-una-campana-solidaria-para-desmitificar-la-forma-de-conducir-de-las-mujeres.html&amp;ct=ga&amp;cd=CAEYACoUMTEyODIyOTEwOTYyODIzMzg4ODQyGWMwMzcyZWJjMmZlYWRhNTk6ZXM6ZXM6RVM&amp;usg=AFQjCNFmtA9Ze99PKxbpkUgPpCi5Ce7FbA\">Midas presenta #EllasConducen, una campa\u00f1a solidaria para desmitificar la forma de conducir de &#8230;<\/a>&#8211; En Pozuelo<\/p>\n<p><a href=\"https:\/\/www.elmundo.es\/cultura\/laesferadepapel\/2019\/07\/24\/5d3094d1fc6c83a3548b461f.html\">La revoluci\u00f3n feminista de Simone de Beauvoir<\/a> \u2013 El Mundo<\/p>\n<p><u><\/u><strong>Violencia<\/strong><\/p>\n<p><a href=\"https:\/\/www.google.com\/url?rct=j&amp;sa=t&amp;url=https:\/\/www.cope.es\/actualidad\/sociedad\/noticias\/capitales-provincia-hay-juzgados-violencia-sobre-mujer-20190724_466582&amp;ct=ga&amp;cd=CAEYACoTMTQ3NjUxMjg1MzYzMTY2OTI1NDIZYzAzNzJlYmMyZmVhZGE1OTplczplczpFUw&amp;usg=AFQjCNF4J37OiqkL7y3VUqcsE_HwA6Orlg\">En 31 capitales de provincia no hay Juzgados de violencia sobre la\u00a0Mujer<\/a>&#8211; Cope<\/p>\n<p><a href=\"https:\/\/www.google.com\/url?rct=j&amp;sa=t&amp;url=https:\/\/www.efe.com\/efe\/comunitat-valenciana\/tribunales-y-sucesos\/las-amistades-de-la-mujer-asesinada-en-calpe-sabian-que-vivia-un-infierno\/50000881-4028578&amp;ct=ga&amp;cd=CAEYASoTOTUzMTM2OTQ4MzQ4NDA4ODQxNTIZYzAzNzJlYmMyZmVhZGE1OTplczplczpFUw&amp;usg=AFQjCNFEnZIToTXMZwQrNeAQtYRyRbF8tw\">Las amistades de la\u00a0mujer\u00a0asesinada en Calpe sab\u00edan que viv\u00eda \u00abun infierno\u00bb<\/a>&#8211; Efe<\/p>\n<p><a href=\"https:\/\/elpais.com\/sociedad\/2019\/07\/24\/actualidad\/1563957734_912776.html\">Un hombre mata a su mujer en Terrassa y se entrega<\/a>\u2013 El Pa\u00eds<\/p>\n<p><a href=\"https:\/\/www.elmundo.es\/papel\/historias\/2019\/07\/24\/5d37330221efa0cd518b45dd.html\">El lado oscuro del verano: m\u00e1s agresiones sexuales y m\u00e1s sumisi\u00f3n qu\u00edmica<\/a> \u2013 El Mundo<\/p>\n<p><strong>Ciencia y Cultura<\/strong><\/p>\n<p><a href=\"https:\/\/www.google.com\/url?rct=j&amp;sa=t&amp;url=https:\/\/elpais.com\/elpais\/2019\/07\/22\/ciencia\/1563816129_798499.html&amp;ct=ga&amp;cd=CAEYACoTMTY4MDc5MDEwNzMwNjcwNjMzMTIZYzAzNzJlYmMyZmVhZGE1OTplczplczpFUw&amp;usg=AFQjCNEXycyUdoP5HNkoRGXoGMvJnjnfvA\">Las olvidadas pioneras de la neurociencia<\/a> \u2013 El Pa\u00eds<\/p>\n<p><a href=\"https:\/\/elpais.com\/cultura\/2019\/07\/23\/actualidad\/1563845902_339393.html\">La pluma femenina reclama su importancia<\/a>\u2013 El Pa\u00eds<\/p>\n<p><a href=\"https:\/\/www.google.com\/url?rct=j&amp;sa=t&amp;url=https:\/\/los40.com\/los40\/2019\/07\/23\/cinetv\/1563897652_034933.html&amp;ct=ga&amp;cd=CAEYAyoTOTAwMjQ4MzE5ODkxOTYyMzQ5NzIZYzAzNzJlYmMyZmVhZGE1OTplczplczpFUw&amp;usg=AFQjCNGDR9pd_TWQsQ717bhLI7K0tz475w\">Euphoria: por fin una serie de\u00a0instituto\u00a0critica la violencia y los estigmas sexuales que nos marcan &#8230;<\/a>&#8211; Los40<\/p>\n<p><a href=\"https:\/\/elpais.com\/cultura\/2019\/07\/05\/actualidad\/1562283186_281866.html\">Teresa Posada, la historiadora que devolvi\u00f3 la vida a la \u2018Judit\u2019 de Rembrandt<\/a>\u2013 El Mundo<\/p>\n<p><a href=\"https:\/\/www.diarioinformacion.com\/cultura\/2019\/07\/24\/cristina-garcia-rodero-da-voz\/2171562.html\">Cristina Garc\u00eda Rodero da voz a las\u00a0mujeres\u00a0de la India<\/a> &#8211; Informaci\u00f3n<\/p>\n<p><strong>Deporte<\/strong><strong>\u00a0<\/strong><\/p>\n<p><a href=\"https:\/\/www.elmundo.es\/deportes\/mas-deporte\/2019\/07\/24\/5d38341721efa02c198b45cf.html\">La selecci\u00f3n espa\u00f1ola\u00a0femenina\u00a0de waterpolo golea a Hungr\u00eda y &#8230;<\/a>&#8211; El Mundo<\/p>\n<p><a href=\"https:\/\/www.autopista.es\/automovilismo\/noticias-de-automovilismo\/articulo\/mujer-motor-espana-rompiendo-barreras-automovilismo-mundial\">Mujer y motor en Espa\u00f1a: rompiendo barreras en el automovilismo &#8230;<\/a>&#8211; Autopista.es<\/p>\n<p><a href=\"https:\/\/m.europapress.es\/deportes\/futbol-00162\/noticia-supercopa-femenina-futbol-sala-disputara-septiembre-ciudad-futbol-20190724121636.html\">La Supercopa\u00a0Femenina\u00a0de f\u00fatbol sala se disputar\u00e1 el 6 de &#8230;<\/a>&#8211; Europa Press<\/p>\n<p>[\/toggle]<\/p>\n<p>[toggle type=\u00bbfirst\u00bb title=\u00bbInternacional\u00bb]<\/p>\n<p><a href=\"https:\/\/www.google.com\/url?rct=j&amp;sa=t&amp;url=https:\/\/presidencia.gob.hn\/index.php\/sala-de-prensa\/6081-gobierno-impulsa-lanzamiento-del-plan-de-inclusion-financiera-de-las-mujeres-en-honduras&amp;ct=ga&amp;cd=CAEYAyoUMTMxMTc2MTcyMjg1MjIyNzY5OTkyGWMwMzcyZWJjMmZlYWRhNTk6ZXM6ZXM6RVM&amp;usg=AFQjCNEIns8DZTuk-5v_ShR6Hp1l26k3PA\">Gobierno impulsa lanzamiento del Plan de Inclusi\u00f3n Financiera de las\u00a0Mujeres en\u00a0Honduras<\/a>&#8211; presidencia.gob.hn<\/p>\n<p><a href=\"https:\/\/www.google.com\/url?rct=j&amp;sa=t&amp;url=https:\/\/cnnespanol.cnn.com\/video\/discriminacion-trabajadoras-domesticas-en-espana-ser-humano-vera-catano\/&amp;ct=ga&amp;cd=CAEYAyoUMTA3NzE1MzA3NTUxMTc2Nzk2NDAyGWMwMzcyZWJjMmZlYWRhNTk6ZXM6ZXM6RVM&amp;usg=AFQjCNGdbGoBGPcspIYP_XAholrHDVEAWg\">La dura realidad de ser inmigrante,\u00a0mujer\u00a0y latinoamericana<\/a>&#8211; CNN<\/p>\n<p><a href=\"https:\/\/www.google.com\/url?rct=j&amp;sa=t&amp;url=http:\/\/www.20minutos.com.mx\/noticia\/841772\/0\/impulso-laboral-mujer-fomentar-aacute-notablemente-crecimiento-m-eacute-xico\/&amp;ct=ga&amp;cd=CAEYAyoUMTIyMDIxOTIyNzcyMTc0MTY3NjEyGWMwMzcyZWJjMmZlYWRhNTk6ZXM6ZXM6RVM&amp;usg=AFQjCNHRL4MtIrZqiwotTQ3YWEDsY-ODUA\">Impulso laboral de la\u00a0mujer\u00a0fomentar\u00e1 notablemente crecimiento de M\u00e9xico<\/a>&#8211; 20minutos.com.mx<\/p>\n<p><a href=\"https:\/\/www.google.com\/url?rct=j&amp;sa=t&amp;url=https:\/\/afrofeminas.com\/2019\/07\/22\/politicas-publicas-e-invisibilidad-historica-las-mujeres-afromexicanas-queremos-contar-y-ser-tomadas-en-cuenta\/&amp;ct=ga&amp;cd=CAEYBCoUMTI5Njg5NjU1NTcyNjkwMTA4NTIyGWMwMzcyZWJjMmZlYWRhNTk6ZXM6ZXM6RVM&amp;usg=AFQjCNERsjwDQdCmgel3rkTzZN36VQzm4Q\">Pol\u00edticas p\u00fablicas e invisibilidad hist\u00f3rica: las\u00a0mujeres\u00a0afromexicanas queremos contar y ser &#8230;<\/a> \u2013 Afrof\u00e9minas<\/p>\n<p><a href=\"https:\/\/elpais.com\/elpais\/2019\/07\/09\/planeta_futuro\/1562676612_984314.html\">El planchado de senos: una tortura a las ni\u00f1as para que no lleguen a mujeres<\/a> \u2013 El Pa\u00eds<\/p>\n<p><a href=\"https:\/\/www.elmundo.es\/internacional\/2019\/07\/23\/5d370d7a21efa0c00a8b45d5.html\">Asesinada a pu\u00f1aladas una activista LGTBI en San Petersburgo<\/a> \u2013 El Mundo<\/p>\n<p><a href=\"https:\/\/www.fayerwayer.com\/2019\/07\/brigitte-baptiste-mujer-trans-rectora\/\">Brigitte Baptiste se convierte en la primera\u00a0mujer\u00a0trans en ser rectora en Colombia &#8230;<\/a>&#8211; FayerWayer<\/p>\n<p><a href=\"https:\/\/www.google.com\/url?rct=j&amp;sa=t&amp;url=https:\/\/www.lavanguardia.com\/vida\/20190723\/463659417262\/feria-del-libro-de-lima-tuvo-que-disculparse-por-inauguracion-sin-mujeres.html&amp;ct=ga&amp;cd=CAEYASoTOTUyODE5Nzc3MDU4ODczODQzODIZYzAzNzJlYmMyZmVhZGE1OTplczplczpFUw&amp;usg=AFQjCNHpNmfBNxcTLEt0LrtfNlF0p_n3yA\">Feria del Libro de Lima tuvo que disculparse por inauguraci\u00f3n sin mujeres<\/a> &#8211; La Vanguardia<\/p>\n<p>[\/toggle]<\/p>\n<\/div>\n<\/div>\n<\/div>\n<\/div>\n<\/div>\n<\/div>\n","protected":false},"excerpt":{"rendered":"<p>El Parlamento Europeo y su compromiso con perspectiva de g\u00e9nero-Mujer <a href=\"https:\/\/cklcomunicaciones.es\/coop\/noticias-info-ckl-no-2-373-26-07-19\/\">[&#8230;]<\/a><\/p>\n","protected":false},"author":3,"featured_media":0,"comment_status":"closed","ping_status":"closed","sticky":false,"template":"","format":"standard","meta":{"footnotes":""},"categories":[298,623],"tags":[],"class_list":["post-14699","post","type-post","status-publish","format-standard","hentry","category-newsletter","category-nwl-2-0"],"yoast_head":"<!-- This site is optimized with the Yoast SEO plugin v27.5 - https:\/\/yoast.com\/product\/yoast-seo-wordpress\/ -->\n<title>Noticias Info CKL n\u00ba 2.373-26\/07\/19-Comunicar con perspectiva de g\u00e9nero<\/title>\n<meta name=\"description\" content=\"Comunicar con perspectiva de g\u00e9nero: El Parlamento Europeo y su compromiso con perspectiva de g\u00e9nero-Mujer florero con pelos en el sobaco-Las investigaciones de economistas mujeres llegan a un 7% menos al escaparate de las conferencias-La pluma femenina reclama su sitio\" \/>\n<meta name=\"robots\" content=\"index, follow, max-snippet:-1, max-image-preview:large, max-video-preview:-1\" \/>\n<link rel=\"canonical\" href=\"https:\/\/cklcomunicaciones.es\/coop\/noticias-info-ckl-no-2-373-26-07-19\/\" \/>\n<meta property=\"og:locale\" content=\"es_ES\" \/>\n<meta property=\"og:type\" content=\"article\" \/>\n<meta property=\"og:title\" content=\"Noticias Info CKL n\u00ba 2.373-26\/07\/19-Comunicar con perspectiva de g\u00e9nero\" \/>\n<meta property=\"og:description\" content=\"Comunicar con perspectiva de g\u00e9nero: El Parlamento Europeo y su compromiso con perspectiva de g\u00e9nero-Mujer florero con pelos en el sobaco-Las investigaciones de economistas mujeres llegan a un 7% menos al escaparate de las conferencias-La pluma femenina reclama su sitio\" \/>\n<meta property=\"og:url\" content=\"https:\/\/cklcomunicaciones.es\/coop\/noticias-info-ckl-no-2-373-26-07-19\/\" \/>\n<meta property=\"og:site_name\" content=\"CKL Comunicaciones\" \/>\n<meta property=\"article:published_time\" content=\"2019-07-26T21:54:53+00:00\" \/>\n<meta property=\"article:modified_time\" content=\"2025-01-17T15:43:03+00:00\" \/>\n<meta property=\"og:image\" content=\"https:\/\/cklcomunicaciones.es\/coop\/wp-content\/uploads\/2018\/03\/CKL_comunicacion-con-perspetiva-de-genero.jpg\" \/>\n\t<meta property=\"og:image:width\" content=\"500\" \/>\n\t<meta property=\"og:image:height\" content=\"500\" \/>\n\t<meta property=\"og:image:type\" content=\"image\/jpeg\" \/>\n<meta name=\"author\" content=\"ckl\" \/>\n<meta name=\"twitter:card\" content=\"summary_large_image\" \/>\n<meta name=\"twitter:label1\" content=\"Escrito por\" \/>\n\t<meta name=\"twitter:data1\" content=\"ckl\" \/>\n\t<meta name=\"twitter:label2\" content=\"Tiempo de lectura\" \/>\n\t<meta name=\"twitter:data2\" content=\"5 minutos\" \/>\n<script type=\"application\/ld+json\" class=\"yoast-schema-graph\">{\"@context\":\"https:\\\/\\\/schema.org\",\"@graph\":[{\"@type\":\"Article\",\"@id\":\"https:\\\/\\\/cklcomunicaciones.es\\\/coop\\\/noticias-info-ckl-no-2-373-26-07-19\\\/#article\",\"isPartOf\":{\"@id\":\"https:\\\/\\\/cklcomunicaciones.es\\\/coop\\\/noticias-info-ckl-no-2-373-26-07-19\\\/\"},\"author\":{\"name\":\"ckl\",\"@id\":\"https:\\\/\\\/cklcomunicaciones.es\\\/coop\\\/#\\\/schema\\\/person\\\/929a6837f7626450bbb50cee1aef266e\"},\"headline\":\"Noticias Info CKL n\u00ba 2.373-26\\\/07\\\/19\",\"datePublished\":\"2019-07-26T21:54:53+00:00\",\"dateModified\":\"2025-01-17T15:43:03+00:00\",\"mainEntityOfPage\":{\"@id\":\"https:\\\/\\\/cklcomunicaciones.es\\\/coop\\\/noticias-info-ckl-no-2-373-26-07-19\\\/\"},\"wordCount\":1070,\"image\":{\"@id\":\"https:\\\/\\\/cklcomunicaciones.es\\\/coop\\\/noticias-info-ckl-no-2-373-26-07-19\\\/#primaryimage\"},\"thumbnailUrl\":\"http:\\\/\\\/www.cklcomunicaciones.es\\\/wp-content\\\/uploads\\\/2018\\\/03\\\/CKL_comunicacion-con-perspetiva-de-genero-300x300.jpg\",\"articleSection\":[\"Newsletter\",\"Nwl v2.0\"],\"inLanguage\":\"es\"},{\"@type\":\"WebPage\",\"@id\":\"https:\\\/\\\/cklcomunicaciones.es\\\/coop\\\/noticias-info-ckl-no-2-373-26-07-19\\\/\",\"url\":\"https:\\\/\\\/cklcomunicaciones.es\\\/coop\\\/noticias-info-ckl-no-2-373-26-07-19\\\/\",\"name\":\"Noticias Info CKL n\u00ba 2.373-26\\\/07\\\/19-Comunicar con perspectiva de g\u00e9nero\",\"isPartOf\":{\"@id\":\"https:\\\/\\\/cklcomunicaciones.es\\\/coop\\\/#website\"},\"primaryImageOfPage\":{\"@id\":\"https:\\\/\\\/cklcomunicaciones.es\\\/coop\\\/noticias-info-ckl-no-2-373-26-07-19\\\/#primaryimage\"},\"image\":{\"@id\":\"https:\\\/\\\/cklcomunicaciones.es\\\/coop\\\/noticias-info-ckl-no-2-373-26-07-19\\\/#primaryimage\"},\"thumbnailUrl\":\"http:\\\/\\\/www.cklcomunicaciones.es\\\/wp-content\\\/uploads\\\/2018\\\/03\\\/CKL_comunicacion-con-perspetiva-de-genero-300x300.jpg\",\"datePublished\":\"2019-07-26T21:54:53+00:00\",\"dateModified\":\"2025-01-17T15:43:03+00:00\",\"author\":{\"@id\":\"https:\\\/\\\/cklcomunicaciones.es\\\/coop\\\/#\\\/schema\\\/person\\\/929a6837f7626450bbb50cee1aef266e\"},\"description\":\"Comunicar con perspectiva de g\u00e9nero: El Parlamento Europeo y su compromiso con perspectiva de g\u00e9nero-Mujer florero con pelos en el sobaco-Las investigaciones de economistas mujeres llegan a un 7% menos al escaparate de las conferencias-La pluma femenina reclama su sitio\",\"breadcrumb\":{\"@id\":\"https:\\\/\\\/cklcomunicaciones.es\\\/coop\\\/noticias-info-ckl-no-2-373-26-07-19\\\/#breadcrumb\"},\"inLanguage\":\"es\",\"potentialAction\":[{\"@type\":\"ReadAction\",\"target\":[\"https:\\\/\\\/cklcomunicaciones.es\\\/coop\\\/noticias-info-ckl-no-2-373-26-07-19\\\/\"]}]},{\"@type\":\"ImageObject\",\"inLanguage\":\"es\",\"@id\":\"https:\\\/\\\/cklcomunicaciones.es\\\/coop\\\/noticias-info-ckl-no-2-373-26-07-19\\\/#primaryimage\",\"url\":\"http:\\\/\\\/www.cklcomunicaciones.es\\\/wp-content\\\/uploads\\\/2018\\\/03\\\/CKL_comunicacion-con-perspetiva-de-genero-300x300.jpg\",\"contentUrl\":\"http:\\\/\\\/www.cklcomunicaciones.es\\\/wp-content\\\/uploads\\\/2018\\\/03\\\/CKL_comunicacion-con-perspetiva-de-genero-300x300.jpg\"},{\"@type\":\"BreadcrumbList\",\"@id\":\"https:\\\/\\\/cklcomunicaciones.es\\\/coop\\\/noticias-info-ckl-no-2-373-26-07-19\\\/#breadcrumb\",\"itemListElement\":[{\"@type\":\"ListItem\",\"position\":1,\"name\":\"Portada\",\"item\":\"https:\\\/\\\/cklcomunicaciones.es\\\/coop\\\/\"},{\"@type\":\"ListItem\",\"position\":2,\"name\":\"Noticias Info CKL n\u00ba 2.373-26\\\/07\\\/19\"}]},{\"@type\":\"WebSite\",\"@id\":\"https:\\\/\\\/cklcomunicaciones.es\\\/coop\\\/#website\",\"url\":\"https:\\\/\\\/cklcomunicaciones.es\\\/coop\\\/\",\"name\":\"CKL Comunicaciones\",\"description\":\"Sitio web de CKL Comunicaciones coop , la consultora de comunicaci\u00f3n y estrategia\",\"potentialAction\":[{\"@type\":\"SearchAction\",\"target\":{\"@type\":\"EntryPoint\",\"urlTemplate\":\"https:\\\/\\\/cklcomunicaciones.es\\\/coop\\\/?s={search_term_string}\"},\"query-input\":{\"@type\":\"PropertyValueSpecification\",\"valueRequired\":true,\"valueName\":\"search_term_string\"}}],\"inLanguage\":\"es\"},{\"@type\":\"Person\",\"@id\":\"https:\\\/\\\/cklcomunicaciones.es\\\/coop\\\/#\\\/schema\\\/person\\\/929a6837f7626450bbb50cee1aef266e\",\"name\":\"ckl\",\"image\":{\"@type\":\"ImageObject\",\"inLanguage\":\"es\",\"@id\":\"https:\\\/\\\/secure.gravatar.com\\\/avatar\\\/c82db564e8a669bf6023357a157b9dc4780f4d4c618f2ad1d71a6a5dede45057?s=96&d=mm&r=g\",\"url\":\"https:\\\/\\\/secure.gravatar.com\\\/avatar\\\/c82db564e8a669bf6023357a157b9dc4780f4d4c618f2ad1d71a6a5dede45057?s=96&d=mm&r=g\",\"contentUrl\":\"https:\\\/\\\/secure.gravatar.com\\\/avatar\\\/c82db564e8a669bf6023357a157b9dc4780f4d4c618f2ad1d71a6a5dede45057?s=96&d=mm&r=g\",\"caption\":\"ckl\"},\"url\":\"https:\\\/\\\/cklcomunicaciones.es\\\/coop\\\/author\\\/cklcomunicaciones\\\/\"}]}<\/script>\n<!-- \/ Yoast SEO plugin. -->","yoast_head_json":{"title":"Noticias Info CKL n\u00ba 2.373-26\/07\/19-Comunicar con perspectiva de g\u00e9nero","description":"Comunicar con perspectiva de g\u00e9nero: El Parlamento Europeo y su compromiso con perspectiva de g\u00e9nero-Mujer florero con pelos en el sobaco-Las investigaciones de economistas mujeres llegan a un 7% menos al escaparate de las conferencias-La pluma femenina reclama su sitio","robots":{"index":"index","follow":"follow","max-snippet":"max-snippet:-1","max-image-preview":"max-image-preview:large","max-video-preview":"max-video-preview:-1"},"canonical":"https:\/\/cklcomunicaciones.es\/coop\/noticias-info-ckl-no-2-373-26-07-19\/","og_locale":"es_ES","og_type":"article","og_title":"Noticias Info CKL n\u00ba 2.373-26\/07\/19-Comunicar con perspectiva de g\u00e9nero","og_description":"Comunicar con perspectiva de g\u00e9nero: El Parlamento Europeo y su compromiso con perspectiva de g\u00e9nero-Mujer florero con pelos en el sobaco-Las investigaciones de economistas mujeres llegan a un 7% menos al escaparate de las conferencias-La pluma femenina reclama su sitio","og_url":"https:\/\/cklcomunicaciones.es\/coop\/noticias-info-ckl-no-2-373-26-07-19\/","og_site_name":"CKL Comunicaciones","article_published_time":"2019-07-26T21:54:53+00:00","article_modified_time":"2025-01-17T15:43:03+00:00","og_image":[{"width":500,"height":500,"url":"https:\/\/cklcomunicaciones.es\/coop\/wp-content\/uploads\/2018\/03\/CKL_comunicacion-con-perspetiva-de-genero.jpg","type":"image\/jpeg"}],"author":"ckl","twitter_card":"summary_large_image","twitter_misc":{"Escrito por":"ckl","Tiempo de lectura":"5 minutos"},"schema":{"@context":"https:\/\/schema.org","@graph":[{"@type":"Article","@id":"https:\/\/cklcomunicaciones.es\/coop\/noticias-info-ckl-no-2-373-26-07-19\/#article","isPartOf":{"@id":"https:\/\/cklcomunicaciones.es\/coop\/noticias-info-ckl-no-2-373-26-07-19\/"},"author":{"name":"ckl","@id":"https:\/\/cklcomunicaciones.es\/coop\/#\/schema\/person\/929a6837f7626450bbb50cee1aef266e"},"headline":"Noticias Info CKL n\u00ba 2.373-26\/07\/19","datePublished":"2019-07-26T21:54:53+00:00","dateModified":"2025-01-17T15:43:03+00:00","mainEntityOfPage":{"@id":"https:\/\/cklcomunicaciones.es\/coop\/noticias-info-ckl-no-2-373-26-07-19\/"},"wordCount":1070,"image":{"@id":"https:\/\/cklcomunicaciones.es\/coop\/noticias-info-ckl-no-2-373-26-07-19\/#primaryimage"},"thumbnailUrl":"http:\/\/www.cklcomunicaciones.es\/wp-content\/uploads\/2018\/03\/CKL_comunicacion-con-perspetiva-de-genero-300x300.jpg","articleSection":["Newsletter","Nwl v2.0"],"inLanguage":"es"},{"@type":"WebPage","@id":"https:\/\/cklcomunicaciones.es\/coop\/noticias-info-ckl-no-2-373-26-07-19\/","url":"https:\/\/cklcomunicaciones.es\/coop\/noticias-info-ckl-no-2-373-26-07-19\/","name":"Noticias Info CKL n\u00ba 2.373-26\/07\/19-Comunicar con perspectiva de g\u00e9nero","isPartOf":{"@id":"https:\/\/cklcomunicaciones.es\/coop\/#website"},"primaryImageOfPage":{"@id":"https:\/\/cklcomunicaciones.es\/coop\/noticias-info-ckl-no-2-373-26-07-19\/#primaryimage"},"image":{"@id":"https:\/\/cklcomunicaciones.es\/coop\/noticias-info-ckl-no-2-373-26-07-19\/#primaryimage"},"thumbnailUrl":"http:\/\/www.cklcomunicaciones.es\/wp-content\/uploads\/2018\/03\/CKL_comunicacion-con-perspetiva-de-genero-300x300.jpg","datePublished":"2019-07-26T21:54:53+00:00","dateModified":"2025-01-17T15:43:03+00:00","author":{"@id":"https:\/\/cklcomunicaciones.es\/coop\/#\/schema\/person\/929a6837f7626450bbb50cee1aef266e"},"description":"Comunicar con perspectiva de g\u00e9nero: El Parlamento Europeo y su compromiso con perspectiva de g\u00e9nero-Mujer florero con pelos en el sobaco-Las investigaciones de economistas mujeres llegan a un 7% menos al escaparate de las conferencias-La pluma femenina reclama su sitio","breadcrumb":{"@id":"https:\/\/cklcomunicaciones.es\/coop\/noticias-info-ckl-no-2-373-26-07-19\/#breadcrumb"},"inLanguage":"es","potentialAction":[{"@type":"ReadAction","target":["https:\/\/cklcomunicaciones.es\/coop\/noticias-info-ckl-no-2-373-26-07-19\/"]}]},{"@type":"ImageObject","inLanguage":"es","@id":"https:\/\/cklcomunicaciones.es\/coop\/noticias-info-ckl-no-2-373-26-07-19\/#primaryimage","url":"http:\/\/www.cklcomunicaciones.es\/wp-content\/uploads\/2018\/03\/CKL_comunicacion-con-perspetiva-de-genero-300x300.jpg","contentUrl":"http:\/\/www.cklcomunicaciones.es\/wp-content\/uploads\/2018\/03\/CKL_comunicacion-con-perspetiva-de-genero-300x300.jpg"},{"@type":"BreadcrumbList","@id":"https:\/\/cklcomunicaciones.es\/coop\/noticias-info-ckl-no-2-373-26-07-19\/#breadcrumb","itemListElement":[{"@type":"ListItem","position":1,"name":"Portada","item":"https:\/\/cklcomunicaciones.es\/coop\/"},{"@type":"ListItem","position":2,"name":"Noticias Info CKL n\u00ba 2.373-26\/07\/19"}]},{"@type":"WebSite","@id":"https:\/\/cklcomunicaciones.es\/coop\/#website","url":"https:\/\/cklcomunicaciones.es\/coop\/","name":"CKL Comunicaciones","description":"Sitio web de CKL Comunicaciones coop , la consultora de comunicaci\u00f3n y estrategia","potentialAction":[{"@type":"SearchAction","target":{"@type":"EntryPoint","urlTemplate":"https:\/\/cklcomunicaciones.es\/coop\/?s={search_term_string}"},"query-input":{"@type":"PropertyValueSpecification","valueRequired":true,"valueName":"search_term_string"}}],"inLanguage":"es"},{"@type":"Person","@id":"https:\/\/cklcomunicaciones.es\/coop\/#\/schema\/person\/929a6837f7626450bbb50cee1aef266e","name":"ckl","image":{"@type":"ImageObject","inLanguage":"es","@id":"https:\/\/secure.gravatar.com\/avatar\/c82db564e8a669bf6023357a157b9dc4780f4d4c618f2ad1d71a6a5dede45057?s=96&d=mm&r=g","url":"https:\/\/secure.gravatar.com\/avatar\/c82db564e8a669bf6023357a157b9dc4780f4d4c618f2ad1d71a6a5dede45057?s=96&d=mm&r=g","contentUrl":"https:\/\/secure.gravatar.com\/avatar\/c82db564e8a669bf6023357a157b9dc4780f4d4c618f2ad1d71a6a5dede45057?s=96&d=mm&r=g","caption":"ckl"},"url":"https:\/\/cklcomunicaciones.es\/coop\/author\/cklcomunicaciones\/"}]}},"_links":{"self":[{"href":"https:\/\/cklcomunicaciones.es\/coop\/wp-json\/wp\/v2\/posts\/14699","targetHints":{"allow":["GET"]}}],"collection":[{"href":"https:\/\/cklcomunicaciones.es\/coop\/wp-json\/wp\/v2\/posts"}],"about":[{"href":"https:\/\/cklcomunicaciones.es\/coop\/wp-json\/wp\/v2\/types\/post"}],"author":[{"embeddable":true,"href":"https:\/\/cklcomunicaciones.es\/coop\/wp-json\/wp\/v2\/users\/3"}],"replies":[{"embeddable":true,"href":"https:\/\/cklcomunicaciones.es\/coop\/wp-json\/wp\/v2\/comments?post=14699"}],"version-history":[{"count":0,"href":"https:\/\/cklcomunicaciones.es\/coop\/wp-json\/wp\/v2\/posts\/14699\/revisions"}],"wp:attachment":[{"href":"https:\/\/cklcomunicaciones.es\/coop\/wp-json\/wp\/v2\/media?parent=14699"}],"wp:term":[{"taxonomy":"category","embeddable":true,"href":"https:\/\/cklcomunicaciones.es\/coop\/wp-json\/wp\/v2\/categories?post=14699"},{"taxonomy":"post_tag","embeddable":true,"href":"https:\/\/cklcomunicaciones.es\/coop\/wp-json\/wp\/v2\/tags?post=14699"}],"curies":[{"name":"wp","href":"https:\/\/api.w.org\/{rel}","templated":true}]}}