{"id":14691,"date":"2019-07-19T18:10:41","date_gmt":"2019-07-19T16:10:41","guid":{"rendered":"http:\/\/www.cklcomunicaciones.es\/?p=14691"},"modified":"2025-01-17T16:43:04","modified_gmt":"2025-01-17T15:43:04","slug":"noticias-info-ckl-no-2-371-19-07-19","status":"publish","type":"post","link":"https:\/\/cklcomunicaciones.es\/coop\/noticias-info-ckl-no-2-371-19-07-19\/","title":{"rendered":"Noticias Info CKL n\u00ba 2.371-19\/07\/19"},"content":{"rendered":"<div id=\"pl-14691\"  class=\"panel-layout\" >\n<div id=\"pg-14691-0\"  class=\"panel-grid panel-no-style\"  data-style=\"{&quot;background_image_attachment&quot;:false,&quot;background_display&quot;:&quot;tile&quot;,&quot;cell_alignment&quot;:&quot;flex-start&quot;}\" >\n<div id=\"pgc-14691-0-0\"  class=\"panel-grid-cell\"  data-weight=\"1\" >\n<div id=\"panel-14691-0-0-0\" class=\"so-panel widget widget_sow-editor panel-first-child panel-last-child\" data-index=\"0\" data-style=\"{&quot;background_image_attachment&quot;:false,&quot;background_display&quot;:&quot;tile&quot;}\" >\n<div class=\"so-widget-sow-editor so-widget-sow-editor-base\">\n<div class=\"siteorigin-widget-tinymce textwidget\">\n<p><img decoding=\"async\" class=\"lazyload  wp-image-13726\" src=\"http:\/\/www.cklcomunicaciones.es\/wp-content\/uploads\/2018\/03\/CKL_comunicacion-con-perspetiva-de-genero-300x300.jpg\" data-orig-src=\"http:\/\/www.cklcomunicaciones.es\/wp-content\/uploads\/2018\/03\/CKL_comunicacion-con-perspetiva-de-genero-300x300.jpg\" alt=\"CKL_comunicacion con perspetiva de genero\" width=\"132\" height=\"132\" srcset=\"data:image\/svg+xml,%3Csvg%20xmlns%3D%27http%3A%2F%2Fwww.w3.org%2F2000%2Fsvg%27%20width%3D%27132%27%20height%3D%27132%27%20viewBox%3D%270%200%20132%20132%27%3E%3Crect%20width%3D%27132%27%20height%3D%27132%27%20fill-opacity%3D%220%22%2F%3E%3C%2Fsvg%3E\" data-srcset=\"https:\/\/cklcomunicaciones.es\/coop\/wp-content\/uploads\/2018\/03\/CKL_comunicacion-con-perspetiva-de-genero-150x150.jpg 150w, https:\/\/cklcomunicaciones.es\/coop\/wp-content\/uploads\/2018\/03\/CKL_comunicacion-con-perspetiva-de-genero-300x300.jpg 300w, https:\/\/cklcomunicaciones.es\/coop\/wp-content\/uploads\/2018\/03\/CKL_comunicacion-con-perspetiva-de-genero-450x450.jpg 450w, https:\/\/cklcomunicaciones.es\/coop\/wp-content\/uploads\/2018\/03\/CKL_comunicacion-con-perspetiva-de-genero.jpg 500w\" data-sizes=\"auto\" data-orig-sizes=\"(max-width: 132px) 100vw, 132px\" \/><\/p>\n<p>Espa\u00f1a, las mujeres peor diagnosticadas en 700 patolog\u00edas-Mar\u00eda S\u00e1nchez Rodr\u00edguez, Premio Nacional de Juventud- JoAnn Morgan, la mujer en Cabo Ca\u00f1averal- Eva Antonino, premio IEEE- Mar\u00eda de Pablos, directora- Ana Rosell<\/p>\n<p>[toggle type=\u00bbfirst\u00bb title=\u00bbConvocatorias\u00bb]<\/p>\n<ul>\n<li><a href=\"https:\/\/www.lasexta.com\/programas\/al-rojo-vivo\/entrevistas\/por-que-existe-la-brecha-salarial-entre-hombres-y-mujeres-el-economista-jose-maria-okean-nos-da-las-claves-video_201907155d2c5fd30cf2d9281a49bcff.html\">\u00bfPor qu\u00e9 existe la brecha salarial entre hombres y mujeres?: Nos da las claves<\/a> \u2013 La Sexta<\/li>\n<li><a href=\"https:\/\/www.vogue.es\/living\/branded\/documental-fashion-film-nike-deporte-femenino-maria-sosa\">&#8216;Visualize the invisible&#8217;<\/a>: el poder femenino sobre el terreno de juego &#8211; Vogue<\/li>\n<li><a href=\"http:\/\/amecopress.net\/spip.php?article19799\">La residencia colaborativa para mujeres cineastas<\/a>. CIMA. Abierto el plazo para solicitar plaza residencial para el desarrollo de proyectos, hasta el 26 de agosto.<\/li>\n<li>Convocatoria de subvenciones para actividades de conciliaci\u00f3n. <a href=\"https:\/\/www.juntadeandalucia.es\/boja\/2018\/177\/1\">BOJA n\u00ba 177<\/a>. Plazo hasta el 12 de agosto.<\/li>\n<li>[\/toggle]<\/li>\n<\/ul>\n<p>[toggle type=\u00bbfirst\u00bb title=\u00bbComunicaci\u00f3n\u00bb]<\/p>\n<p><a href=\"https:\/\/www.google.com\/url?rct=j&amp;sa=t&amp;url=https:\/\/www.mujerhoy.com\/vivir\/protagonistas\/201907\/17\/feminismo-estereotipos-simone-de-beauvoir-rev-20190711211246.html&amp;ct=ga&amp;cd=CAEYACoTNjQ5MTUxMzkxNzIzMTQxNTUzMzIZYzAzNzJlYmMyZmVhZGE1OTplczplczpFUw&amp;usg=AFQjCNHySHnk_CUX_JJhK7AeUnbORk5doA\">Feminismo: \u00bfsiguen estando vigentes los estereotipos?<\/a> &#8211; Mujerhoy.com<\/p>\n<p><a href=\"https:\/\/www.actuall.com\/familia\/la-tv-pubica-argentina-emite-el-primer-informativo-de-genero\/\">La TV p\u00fabica argentina emite el primer informativo \u00abde g\u00e9nero\u00bb<\/a> &#8211; Actuall<\/p>\n<p><a href=\"https:\/\/blogs.publico.es\/strambotic\/2019\/07\/yo-mahler\/\">El art\u00edculo mis\u00f3gino de &#8216;Yo Dona&#8217; sobre Alma Mahler: \u201ccachonda\u201d, \u201cmantis\u201d, \u201cdevoragenios\u201d, \u201clibertina\u201d y \u201cdesalmada\u201d<\/a> \u2013 P\u00fablico<\/p>\n<p><a href=\"https:\/\/www.cmdsport.com\/multideporte\/actualidad-multideporte\/no-se-habla-mas-deporte-femenino-los-medios-comunicacion-no-quieren\/\">\u201cNo se habla m\u00e1s de deporte femenino porque los medios de comunicaci\u00f3n no quieren\u201d<\/a> \u2013 CMD Sport<\/p>\n<p><a href=\"https:\/\/elasombrario.com\/pena-pene-guia-lenguaje-inclusivo\/\">Qu\u00e9 pena, qu\u00e9 pene: una gu\u00eda a favor del\u00a0lenguaje\u00a0inclusivo<\/a> &#8211; El Asombrario<\/p>\n<p><a href=\"https:\/\/www.google.com\/url?rct=j&amp;sa=t&amp;url=https:\/\/www.lavanguardia.com\/vida\/20190715\/463490937838\/estudiantes-video-regueton-denunciar-musica-sexista.html&amp;ct=ga&amp;cd=CAEYGSoTNTU3MTQyMDIxMTY4MjQxMTM1MTIZYzAzNzJlYmMyZmVhZGE1OTplczplczpFUw&amp;usg=AFQjCNH23iedNCXXqIxkSArALY88VowxWw\">Un grupo de estudiantes hace un v\u00eddeo de reguet\u00f3n para denunciar la m\u00fasica sexista<\/a> &#8211; La Vanguardia<\/p>\n<p><a href=\"http:\/\/www.rtve.es\/noticias\/20190717\/comision-europea-investiga-amazon-supestas-practicas-contra-competencia\/1973162.shtml\">Bruselas investiga si Amazon abusa de los datos que obtiene de otros vendedores en su plataforma<\/a> \u2013 RTVE<\/p>\n<p><a href=\"https:\/\/elpais.com\/cultura\/2019\/07\/15\/actualidad\/1563145602_802912.html\">Ana Santos: Biblioteca Nacional quiere custodiar los videojuegos<\/a> \u2013 El Pa\u00eds<\/p>\n<p><a href=\"https:\/\/www.google.com\/url?rct=j&amp;sa=t&amp;url=https:\/\/www.elcomercio.es\/aviles\/mujeres-aportan-elementos-20190718000924-ntvo.html&amp;ct=ga&amp;cd=CAEYAioTMzI0MjQ4NTI3MjE2OTEzMjQzMzIZYzAzNzJlYmMyZmVhZGE1OTplczplczpFUw&amp;usg=AFQjCNEThnH9yXZN_poCxQgmuJzbZIMnAw\">La canadiense Brie Code\u00a0 \u201cLas\u00a0mujeres\u00a0aportan elementos hasta ahora ignorados en los videojuegos\u201d<\/a> &#8211; El Comercio Digital (Asturias)<\/p>\n<p><a href=\"https:\/\/elpais.com\/sociedad\/2019\/07\/17\/feliziudad\/1563376327_835598.html\">Sonia Alonso, fundadora de la aplicaci\u00f3n que conecta a vecinos \u00bfTienes Sal?<\/a> \u2013 El Pa\u00eds<\/p>\n<p>[\/toggle]<\/p>\n<p>[toggle type=\u00bbfirst\u00bb title=\u00bbAndaluc\u00eda\u00bb]<\/p>\n<p><strong>Econom\u00eda y Empresas<\/strong><\/p>\n<p><a href=\"http:\/\/amecopress.net\/spip.php?article19805\">Porteadoras de las contradicciones de las fronteras<\/a> \u2013 Amecopress<\/p>\n<p><a href=\"https:\/\/www.eldiario.es\/andalucia\/nombres-nuevo-organigrama-RTVA_0_921808302.html\">Los nombres del nuevo organigrama de la RTVA<\/a> \u2013 eldiario.es<\/p>\n<p><a href=\"http:\/\/www.andaluciacentro.com\/malaga\/antequera\/antequera\/15996\/dcoop-imparte-formacion-a-una-veintena-de-personas-en-la-cata-de-aceites\">Dcoop imparte formaci\u00f3n a una veintena de personas en la cata de aceites, en su mayor\u00eda mujeres &#8230;<\/a> &#8211; Cadena SER<\/p>\n<p><a href=\"https:\/\/www.diariodesevilla.es\/sevilla\/mujeres-tituladas-ingenierias-industriales-empleo_0_1374462710.html\">M\u00e1s del 80% de las mujeres tituladas en ingenier\u00edas industriales tienen empleo<\/a> \u2013 Diario de Sevilla<\/p>\n<p><strong>A<\/strong><strong>ctualidad<\/strong><\/p>\n<p><a href=\"https:\/\/www.lavanguardia.com\/vida\/20190719\/463585289288\/igualdad-defiende-que-el-iam-seguira-defendiendo-los-derechos-de-la-mujer.html\">Igualdad defiende que el IAM seguir\u00e1 defendiendo los derechos de la mujer<\/a> \u2013 La Vanguardia<\/p>\n<p><a href=\"https:\/\/www.lavanguardia.com\/local\/sevilla\/20190717\/463557918490\/la-consejera-de-igualdad-traslada-a-las-asociaciones-el-incremento-presupuestario-del-iam-para-violencia-de-genero.html\">La consejera de Igualdad traslada a las asociaciones el incremento presupuestario del IAM para violencia de g\u00e9nero<\/a> \u2013 La Vanguardia<\/p>\n<p><a href=\"https:\/\/www.europapress.es\/andalucia\/noticia-experta-defiende-necesidad-abrir-debate-delitos-no-tipificados-ciberdelincuencia-genero-20190715122440.html\">La abogada Mar Hermano defiende la necesidad de abrir un debate sobre los delitos no tipificados en ciberdelincuencia de g\u00e9nero<\/a> \u2013 Europa Press<a href=\"https:\/\/www.europapress.es\/andalucia\/noticia-amparo-rubiales-alerta-nuevo-patriarcado-tecnologico-uso-internet-violencia-genero-20190716162717.html\"><br \/>\nAmparo Rubiales alerta del\u00a0nuevo\u00a0\u201cpatriarcado\u00a0tecnol\u00f3gico\u201d y del uso de Internet para la\u00a0violencia de g\u00e9nero<\/a> &#8211; Europa Press<\/p>\n<p><strong>Violencias<\/strong><\/p>\n<p><a href=\"https:\/\/www.eldiario.es\/andalucia\/granada\/acoso-video-mujeres-guejar-igualdad-genero-Granada_0_921108307.html\">Hombres de G\u00fcejar Sierra (Granada) se ponen en la piel de mujeres acosadas en un v\u00eddeo: \u00abMe he sentido intimidado\u00bb<\/a> \u2013 eldiario.es<\/p>\n<p><strong>Ciencia y Cultura<\/strong><\/p>\n<p><a href=\"https:\/\/cordobabuenasnoticias.com\/2019\/07\/18\/la-joven-veterinaria-rural-y-escritora-cordobesa-maria-sanchez-rodriguez-premio-nacional-de-juventud-2019\/\">La veterinaria rural y escritora cordobesa Mar\u00eda S\u00e1nchez Rodr\u00edguez, Premio Nacional de Juventud 2019<\/a> \u2013 C\u00f3rdoba Buenas Noticias<\/p>\n<p><a href=\"https:\/\/www.europapress.es\/andalucia\/noticia-productora-marta-alamillo-destaca-labor-asociaciones-fomentar-trabajo-mujer-cine-andaluz-20190709124738.html\">La productora Marta Alamillo destaca la labor de asociaciones para fomentar el trabajo de la mujer en el cine andaluz<\/a> \u2013 Europa Press<\/p>\n<p><a href=\"https:\/\/www.google.com\/url?rct=j&amp;sa=t&amp;url=https:\/\/www.diariodesevilla.es\/sevilla\/Carmen-paseo-paseillos_0_1373563067.html&amp;ct=ga&amp;cd=CAEYAioTNzE4OTU4MTkxNzQ1MDgyODAwMTIZYzAzNzJlYmMyZmVhZGE1OTplczplczpFUw&amp;usg=AFQjCNEe732HtHesTm7e9NeFZiE0aRTSaA\">Carmen, en un paseo de pase\u00edllos<\/a> &#8211; Diario de Sevilla<\/p>\n<p><a href=\"https:\/\/www.europapress.es\/andalucia\/sevilla-00357\/noticia-cantaora-maria-jose-carrasco-primera-mujer-nombrada-hija-predilecta-palacios-villafranca-sevilla-20190715174858.html\">La cantaora Mar\u00eda Jos\u00e9 Carrasco, primera mujer nombrada Hija Predilecta de Los Palacios y Villafranca<\/a> \u2013 Europa Press<\/p>\n<p><a href=\"https:\/\/digitalextremadura.com\/estrella-morente-premio-pop-eye-al-duende-2019\/\">Estrella Morente, Premio POP EYE al Duende 2019<\/a> \u2013 Digital Extremadura<\/p>\n<p><strong>Deporte<\/strong><\/p>\n<p><a href=\"https:\/\/andaluciainformacion.es\/deportes\/839773\/ascenso-administrativo-del-cadiz-cf-femenino-a-primera-nacional\/\">Ascenso administrativo del C\u00e1diz CF\u00a0Femenino\u00a0a Primera Nacional<\/a> &#8211; Andaluc\u00eda Informaci\u00f3n<\/p>\n<p><a href=\"https:\/\/andaluciainformacion.es\/deportes\/839232\/carolina-gonzalez-primer-fichaje-del-malaga\/\">Carolina Gonz\u00e1lez, primer fichaje del M\u00e1laga<\/a> &#8211; Andaluc\u00eda Informaci\u00f3n<\/p>\n<p><a href=\"https:\/\/www.lavanguardia.com\/deportes\/20190711\/463419144545\/un-barco-andaluz-optara-al-primer-titulo-femenino-de-la-copa-del-rey.html\">Federaci\u00f3n Andaluza de Vela (FAV): un barco andaluz optar\u00e1 al primer t\u00edtulo femenino de la Copa del Rey<\/a> \u2013 La Vanguardia<\/p>\n<p><a href=\"https:\/\/as.com\/futbol\/2019\/07\/18\/mas_futbol\/1563448558_427462.html\">La sevillana Mar\u00eda Pry, entrenadora del Levante: \u00abNo siento presi\u00f3n por ser la primera mujer, siento presi\u00f3n por mejorar y competir\u00bb<\/a> &#8211; AS<\/p>\n<p>[\/toggle]<\/p>\n<p>[toggle type=\u00bbfirst\u00bb title=\u00bbEstado\u00bb]<\/p>\n<p><strong>Institucional<\/strong><\/p>\n<p><a href=\"https:\/\/www.google.com\/url?rct=j&amp;sa=t&amp;url=https:\/\/www.ucm.es\/cursosdeverano\/noticias\/el-instituto-de-la-mujer-las-asociaciones-y-las-empresas,-unidas-contra-la-brecha-de-genero&amp;ct=ga&amp;cd=CAEYAioUMTYzNzI0ODA5MTc5OTQwMzU5NDIyGWMwMzcyZWJjMmZlYWRhNTk6ZXM6ZXM6RVM&amp;usg=AFQjCNHbH6H8nTEhRne_t3NnjJnnkkOEdQ\">El\u00a0Instituto de la Mujer, las asociaciones y las empresas, unidas contra la brecha de g\u00e9nero<\/a> &#8211; Universidad Complutense de Madrid<\/p>\n<p><a href=\"https:\/\/m.europapress.es\/andalucia\/noticia-presidenta-observatorio-contra-violencia-genero-pide-incluir-tambien-trata-violencia-sexual-20190716151950.html\">La presidenta del Observatorio contra la\u00a0Violencia de G\u00e9nero\u00a0pide incluir tambi\u00e9n la trata y la violencia sexual<\/a> &#8211; Europa Press<\/p>\n<p><a href=\"https:\/\/elpais.com\/economia\/2019\/07\/17\/actualidad\/1563392126_400498.html\">Espa\u00f1a presentar\u00e1 a la ministra Calvi\u00f1o al FMI si logra apoyos en la UE<\/a> \u2013 El Pa\u00eds<\/p>\n<p><a href=\"https:\/\/www.google.com\/url?rct=j&amp;sa=t&amp;url=https:\/\/www.iagua.es\/noticias\/aecid\/agua-y-genero-papel-cooperacion-espanola&amp;ct=ga&amp;cd=CAEYACoUMTAzNTMyMTI5NzE0MzIzMDM0NDkyGWMwMzcyZWJjMmZlYWRhNTk6ZXM6ZXM6RVM&amp;usg=AFQjCNHxA3QdB5QGzhyPNoBL539PQsUKeQ\">Agua y g\u00e9nero: el papel de la Cooperaci\u00f3n Espa\u00f1ola<\/a> &#8211; iAgua.es<\/p>\n<p><strong>Institucional-CCAA<\/strong><\/p>\n<p><a href=\"https:\/\/www.google.com\/url?rct=j&amp;sa=t&amp;url=https:\/\/www.agrodigital.com\/2019\/07\/17\/aragon-lanza-una-campana-sobre-violencia-de-genero-contra-mujeres-temporeras\/&amp;ct=ga&amp;cd=CAEYAioUMTQ1MzE5OTE1MDg1Mjc1MDM5NDkyGWMwMzcyZWJjMmZlYWRhNTk6ZXM6ZXM6RVM&amp;usg=AFQjCNFJRNZsNaMeA0ZaVTb8XeIsS8QUeg\">Arag\u00f3n lanza una campa\u00f1a sobre violencia de g\u00e9nero contra\u00a0mujeres temporeras<\/a> &#8211; Agrodigital<a href=\"https:\/\/www.google.com\/url?rct=j&amp;sa=t&amp;url=https:\/\/m.europapress.es\/cantabria\/noticia-ceoe-cepyme-cantabria-crea-primera-comision-igualdad-diversidad-20190718110444.html&amp;ct=ga&amp;cd=CAEYBioUMTgwNjg1OTI4MzI0NzI0ODQ1ODEyGWMwMzcyZWJjMmZlYWRhNTk6ZXM6ZXM6RVM&amp;usg=AFQjCNHx2QsDWQUnrNjRFY3r8PxcwRFG3Q\"><br \/>\nCEOE-Cepyme Cantabria crea la primera Comisi\u00f3n de Igualdad y Diversidad<\/a> &#8211; Europa Press<\/p>\n<p><a href=\"http:\/\/murciadiario.com\/art\/16197\/nace-la-asociacion-de-mujeres-empresarias-y-directivas-colabora-mujer\">Nace la asociaci\u00f3n de mujeres empresarias y directivas &#8216;Colabora mujer&#8217;<\/a> \u2013 murciadiario.com<\/p>\n<p><a href=\"https:\/\/www.google.com\/url?rct=j&amp;sa=t&amp;url=http:\/\/www.vocesdecuenca.com\/web\/voces-de-cuenca\/-\/el-instituto-de-la-mujer-de-c-lm-concede-ayudas-a-seis-proyectos-contra-la-mutilacion-genital-femenina&amp;ct=ga&amp;cd=CAEYACoUMTQ2ODQ4NzQxNjgyMTg1NDU1NjUyGWMwMzcyZWJjMmZlYWRhNTk6ZXM6ZXM6RVM&amp;usg=AFQjCNGkEgkTxsOatxtI5kbraOqwYufpkg\">El\u00a0Instituto de la Mujer\u00a0de C-LM concede ayudas a seis proyectos contra la mutilaci\u00f3n genital &#8230;<\/a> &#8211; Voces de Cuenca<\/p>\n<p><strong>Econom\u00eda y Empresa<\/strong><\/p>\n<p><a href=\"https:\/\/www.eleconomista.es\/noticias-amp\/9995275\/Las-mujeres-son-un-30-mas-activas-que-los-hombres-a-la-hora-de-buscar-otro-empleo-segun-Randstad\">Las mujeres son un 30% m\u00e1s activas que los hombres a la hora de buscar otro empleo<\/a> \u2013 El Economista<\/p>\n<p><a href=\"https:\/\/www.eldiario.es\/alternativaseconomicas\/Perdedoras-perpetuas-crisis_6_919068108.html\">Perdedoras perpetuas de la crisis<\/a> \u2013 eldiario.es<\/p>\n<p><a href=\"https:\/\/www.eldiario.es\/sociedad\/esperanza-mujeres-asegura-Manuel-Castells_0_921108791.html\">\u00abLa esperanza del mundo son las mujeres\u00bb, asegura el soci\u00f3logo y economista Manuel Castells<\/a> \u2013 eldiario.es<\/p>\n<p><a href=\"https:\/\/www.huffingtonpost.es\/entry\/por-que-las-mujeres-deberian-pagar-menos-impuestos_es_5d30d4dbe4b004b6adad2620\">Por qu\u00e9 las\u00a0mujeres\u00a0deber\u00edan pagar menos impuestos<\/a> &#8211; El HuffPost<\/p>\n<p><a href=\"http:\/\/amecopress.net\/spip.php?article19797\">Sexto Congreso de la Red Espa\u00f1ola de Mujeres en el Sector Pesquero<\/a> \u2013 Amecopress<\/p>\n<p><a href=\"https:\/\/www.efeminista.com\/ines-luengo-cabrera-despoblacion\/\">In\u00e9s Luengo, la cabrera que resiste a la despoblaci\u00f3n<\/a> \u2013 EFE<\/p>\n<p><a href=\"https:\/\/www.directivosyempresas.com\/noticias\/real-madrid-llega-al-futbol-femenino\/\">El gran impacto de la llegada del Real Madrid al f\u00fatbol\u00a0<em>femenino<\/em><\/a> &#8211; Directivos y Empresas<\/p>\n<p><strong>Actualidad<\/strong><\/p>\n<p><a href=\"http:\/\/www.rtve.es\/noticias\/20190715\/feminismo-sube-entre-jovenes-sobre-todo-entre-mujeres-pero-aumentan-actitudes-machistas-chicos\/1972001.shtml\">El feminismo sube entre los j\u00f3venes, pero aumentan las actitudes machistas de los chicos<\/a> &#8211; RTVE<\/p>\n<p><a href=\"https:\/\/tribunafeminista.elplural.com\/2019\/07\/el-regimen-gestocentrico-de-la-filiacion-y-la-teoria-queer\/\">El \u201cr\u00e9gimen gestoc\u00e9ntrico de la filiaci\u00f3n\u201d y la teor\u00eda Queer, por Alicia Miyares<\/a> \u2013 El Plural<\/p>\n<p><a href=\"https:\/\/www.google.com\/url?rct=j&amp;sa=t&amp;url=https:\/\/www.efeminista.com\/curso-verano-ucm-doble-discriminacion-mujeres\/&amp;ct=ga&amp;cd=CAEYACoTOTc4NTYwNDgyMDIxMDg1NDkxNzIZYzAzNzJlYmMyZmVhZGE1OTplczplczpFUw&amp;usg=AFQjCNE0oXKDUfPUT-K_RvoJtndLaXdltQ\">Un \u201claboratorio de ideas\u201d contra la doble discriminaci\u00f3n de las\u00a0mujeres<\/a> &#8211; Agencia EFE<\/p>\n<p><a href=\"https:\/\/www.elmundo.es\/comunidad-valenciana\/castellon\/2019\/07\/15\/5d2c3b17fdddff29748b4581.html\">Los cuerpos de Polic\u00eda Local de Castell\u00f3n rebajan la altura exigida a la mujer y admitir\u00e1n a agentes con diabetes o VIH<\/a> \u2013 El Mundo<\/p>\n<p><a href=\"https:\/\/www.publico.es\/sociedad\/janovas-paca-castillo-mujer-mantuvo-vivo-pueblo.html\">Paca Castillo, la mujer que mantuvo vivo el pueblo aragon\u00e9s de J\u00e1novas<\/a> \u2013 P\u00fablico<\/p>\n<p><a href=\"http:\/\/amecopress.net\/spip.php?article19788\">La activista Carola Rackete y la periodista Helena Maleno reciben el premio Pimentel Fonseca 2019<\/a> &#8211; Amecopress<\/p>\n<p><a href=\"https:\/\/www.google.com\/url?rct=j&amp;sa=t&amp;url=https:\/\/elpais.com\/elpais\/2019\/07\/14\/buenavida\/1563089661_109349.html&amp;ct=ga&amp;cd=CAEYESoUMTE1MTkzMDMzMjE1MTYyMDk3OTEyGWMwMzcyZWJjMmZlYWRhNTk6ZXM6ZXM6RVM&amp;usg=AFQjCNH7d6Jc4i1mJHrIUErQkRq_8_FcVw\">Los problemas de posponer la paternidad: el reloj biol\u00f3gico tambi\u00e9n corre para los hombres<\/a> \u2013 El Pa\u00eds<\/p>\n<p><a href=\"https:\/\/elpais.com\/sociedad\/2019\/07\/15\/actualidad\/1563209191_774437.html\">Estas mujeres no quieren que les digan c\u00f3mo ser feministas<\/a> \u2013 El Pa\u00eds<\/p>\n<p><a href=\"https:\/\/www.mujerhoy.com\/vivir\/protagonistas\/201907\/15\/madres-machistas-opinion-laura-freixas-rev-20190711180151.html\">\u00bfMadres machistas?, por Laura Freixas<\/a> &#8211; Mujerhoy.com<\/p>\n<p><strong>Violencia<\/strong><\/p>\n<p><a href=\"https:\/\/smoda.elpais.com\/feminismo\/grupos-whatsapp-solo-hombres-bromas-machistas\/\">Camarader\u00eda masculina y silencio c\u00f3mplice: hablemos de ese grupo de WhatsApp machista<\/a> &#8211; El Pa\u00eds<\/p>\n<p><a href=\"https:\/\/www.eldiario.es\/sociedad\/aceptacion-violencia-sexual-mayores-tolera_0_921458087.html\">Elena Sirvent: La aceptaci\u00f3n de la violencia sexual: cuanto m\u00e1s mayores, m\u00e1s se tolera<\/a> \u2013 eldiario.es<\/p>\n<p><a href=\"https:\/\/www.20minutos.es\/noticia\/3706437\/0\/delitos-contra-libertad-sexual-se-incrementaron-61-asturias-2018\/\">Los delitos contra la libertad sexual se incrementaron un 61% en Asturias en 2018<\/a> &#8211; 20minutos.es<\/p>\n<p><a href=\"https:\/\/www.google.com\/url?rct=j&amp;sa=t&amp;url=https:\/\/www.bbc.com\/mundo\/noticias-48994403&amp;ct=ga&amp;cd=CAEYASoUMTUyNDg5MTc2OTExOTkwNjU3NTYyGWMwMzcyZWJjMmZlYWRhNTk6ZXM6ZXM6RVM&amp;usg=AFQjCNFPoKu1rkDXmD0XWKf3SwevHiJuqA\">C\u00f3mo la extrema derecha ataca a las\u00a0mujeres\u00a0pol\u00edticas en internet<\/a> &#8211; BBC Mundo<\/p>\n<p><a href=\"https:\/\/www.google.com\/url?rct=j&amp;sa=t&amp;url=https:\/\/www.elcomercio.es\/asturias\/colectivos-mujeres-piden-medidas-agresiones-sexuales-asturias-20190719001501-ntvo.html&amp;ct=ga&amp;cd=CAEYACoUMTY5NzQ2NjMzODQ3NjE5MjQ3NTIyGWMwMzcyZWJjMmZlYWRhNTk6ZXM6ZXM6RVM&amp;usg=AFQjCNElhUFnVyGSB8OkGjI9SdZNWR-oyg\">Los colectivos de\u00a0mujeres\u00a0piden medidas ante las agresiones sexuales en Asturias<\/a> &#8211; El Comercio Digital<\/p>\n<p><a href=\"https:\/\/www.publico.es\/sociedad\/arzobispo-burgos-pide-victimas-violacion-resistan-muerte-defender-castidad.html\">El arzobispo de Burgos pide a las v\u00edctimas de violaci\u00f3n que resistan hasta la muerte para \u00abdefender la castidad\u00bb<\/a> &#8211; Publico<\/p>\n<p><strong>Ciencia y Cultura<\/strong><\/p>\n<p><a href=\"https:\/\/www.20minutos.es\/noticia\/3657097\/0\/mujeres-peor-diagnosticadas-700-patologias\/\">Las mujeres son peor diagnosticadas en al menos 700 patolog\u00edas<\/a> \u2013 20minutos.es<\/p>\n<p><a href=\"https:\/\/www.lasprovincias.es\/valencia\/asi-somos\/antonino-cima-telecomunicaciones-20190718010534-ntvo.html\">Eva Antonino (UPV) premio &#8216;Lot Shafai Mid-Career Distinguished Achievement&#8217; por el Instituto de Ingenieros El\u00e9ctricos y Electr\u00f3nicos (IEEE)<\/a> \u2013 Las Provincias<\/p>\n<p><a href=\"https:\/\/elpais.com\/tecnologia\/2019\/07\/15\/actualidad\/1563144477_817038.html\">Raquel Urtasun, la ingeniera espa\u00f1ola que dirige el mejor laboratorio acad\u00e9mico del mundo de coches sin conductor<\/a> \u2013 El Pa\u00eds<\/p>\n<p><a href=\"https:\/\/www.google.com\/url?rct=j&amp;sa=t&amp;url=https:\/\/www.20minutos.es\/noticia\/3708301\/0\/barbie-convierte-primera-mujer-viajar-luna-simbolo-inspiracion-ninas\/&amp;ct=ga&amp;cd=CAEYACoTNTgxNzEwMDEzNTI5NzMxOTc4NTIZYzAzNzJlYmMyZmVhZGE1OTplczplczpFUw&amp;usg=AFQjCNHEBn8wexrpVv0N9y_0Gts0sorCcQ\">Barbie se convierte en la primera\u00a0mujer\u00a0en viajar a la Luna como \u00abs\u00edmbolo de inspiraci\u00f3n para ni\u00f1as\u00bb<\/a> &#8211; 20minutos.es<\/p>\n<p><a href=\"https:\/\/www.efeminista.com\/documental-expertas-espanolas\/\">El documental de Carlota Coronado para convertir a expertas en referentes de la ciencia<\/a> \u2013 EFE<\/p>\n<p><a href=\"https:\/\/elpais.com\/cultura\/2019\/07\/18\/actualidad\/1563439238_063301.html\">La m\u00fasica olvidada de Mar\u00eda de Pablos, primera mujer con batuta en Espa\u00f1a<\/a> \u2013 El Pa\u00eds<\/p>\n<p><a href=\"https:\/\/www.entradasinaem.es\/informacion\/noticia\/791\/el-museo-nacional-del-teatro-rinde-homenaje-a-miguel-de-molina\">Martirio, madrina de la exposici\u00f3n\u00a0\u00abArte y provocaci\u00f3n. La copla como g\u00e9nero esc\u00e9nico\u00bb en el Museo Nacional de Teatro de Almagro<\/a> \u2013 INAEM<\/p>\n<p><a href=\"https:\/\/www.google.com\/url?rct=j&amp;sa=t&amp;url=https:\/\/www.regiondigital.com\/noticias\/portada\/313689-festival-cine-la-siberia-reyes-abades-recibe-205-obras-sobre-la-mujer-y-empoderamiento.html&amp;ct=ga&amp;cd=CAEYACoTODY3NjMyNzQ5NjgyOTA2OTEzNTIZYzAzNzJlYmMyZmVhZGE1OTplczplczpFUw&amp;usg=AFQjCNHUEkkLjb_3einG-j4j3LBBxMIf_Q\">Festival Cine La Siberia Reyes Abades recibe 205 obras sobre la\u00a0mujer\u00a0y empoderamiento<\/a> &#8211; Regi\u00f3n Digital<\/p>\n<p><a href=\"https:\/\/www.google.com\/url?rct=j&amp;sa=t&amp;url=https:\/\/www.regiondigital.com\/noticias\/cultura\/313614-el-documental-placer-femenino-llega-este-martes-al-25-festival-iberico-de-cine.html&amp;ct=ga&amp;cd=CAEYECoTNTU3MTQyMDIxMTY4MjQxMTM1MTIZYzAzNzJlYmMyZmVhZGE1OTplczplczpFUw&amp;usg=AFQjCNEyTWV0BQ1NK8Wnhf7LyRelmONg6Q\">El documental &#8216;#Placer Femenino&#8217; llega este martes al 25\u00ba Festival Ib\u00e9rico de Cine<\/a> &#8211; Regi\u00f3n Digital<\/p>\n<p><a href=\"https:\/\/www.elcomercio.es\/gijon\/mujeres-protagonistas-viii-20190718000947-ntvo.html\">Las mujeres, protagonistas del VIII Arcu Atl\u00e1nticu<\/a> \u2013 El Comercio<\/p>\n<p><a href=\"https:\/\/larepublicacultural.es\/article13131\">Transgresoras en la Semana Negra de Gij\u00f3n<\/a> &#8211; larepublicacultural.es<\/p>\n<p><a href=\"https:\/\/www.mujerhoy.com\/vivir\/protagonistas\/201907\/13\/clara-lago-actriz-entrevista-estreno-pelicula-rev-20190711165114.html\">Clara Lago: \u00abSiempre es importante recordar qui\u00e9n eres\u00bb<\/a> &#8211; mujerhoy.com<\/p>\n<p><a href=\"https:\/\/www.google.com\/url?rct=j&amp;sa=t&amp;url=https:\/\/www.eluniversal.com.mx\/cultura\/mujeres-en-la-conquista-olvidadas-por-la-historia&amp;ct=ga&amp;cd=CAEYASoUMTEwNTQ5MjE1Nzc0OTQ5OTA3NTYyGWMwMzcyZWJjMmZlYWRhNTk6ZXM6ZXM6RVM&amp;usg=AFQjCNEO01EVujNlZ4qcG7wtgEirVXX7lQ\">Mujeres en\u00a0la Conquista, olvidadas por la historia<\/a> &#8211; El Universal<\/p>\n<p><strong>Deporte\u00a0<\/strong><\/p>\n<p><a href=\"https:\/\/www.elperiodico.com\/es\/deportes\/20190717\/ona-carbonell-conquista-tercera-medalla-mundial-leyenda-7557519\">Ona Carbonell consolida su leyenda con su tercera medalla<\/a> \u2013 El Espa\u00f1ol<\/p>\n<p><a href=\"https:\/\/www.aragondigital.es\/2019\/07\/16\/uz-y-zaragoza-cff-promueven-el-deporte-femenino-para-conseguir-ventajas-academicas\/\">Universidad de Zaragoza (UZ) y Zaragoza CFF promueven el deporte femenino para conseguir ventajas acad\u00e9micas<\/a> \u2013 Arag\u00f3n Digital<\/p>\n<p><a href=\"http:\/\/amecopress.net\/spip.php?article19804\">Entre risas, golpes y goles el f\u00fatbol femenino enamora a la afici\u00f3n<\/a> \u2013 Amecopress<\/p>\n<p><a href=\"https:\/\/eldesmarque.com\/actualidad\/motor\/1327163-sara-garcia-y-rosa-romero-forman-equipo-rfme-para-la-copa-del-mundo-de-bajas\">Sara Garc\u00eda y Rosa Romero forman equipo RFME para la Copa del Mundo de Bajas<\/a> \u2013 eldesmarque.com<\/p>\n<p><a href=\"http:\/\/www.rtve.es\/alacarta\/audios\/gente-despierta\/conchita-martinez-olga-viza-zona-mixta\/5347098\/\">Olga Viza entrevista a Conchita Mart\u00ednez en Zona Mixta<\/a> \u2013 RTVE<\/p>\n<p><a href=\"https:\/\/as.com\/futbol\/2019\/07\/18\/mas_futbol\/1563469055_210657.html\">Ana Rosell, la gran art\u00edfice del exitoso proyecto del Tacon<\/a> \u2013 AS<\/p>\n<p><a href=\"https:\/\/www.elespanol.com\/deportes\/20190717\/iberdrola-sigue-apostando-figura-mujer-deporte\/414459249_0.html\">Iberdrola sigue apostando por la figura de la mujer en el\u00a0deporte<\/a> &#8211; El Espa\u00f1ol<\/p>\n<p>[\/toggle]<\/p>\n<p>[toggle type=\u00bbfirst\u00bb title=\u00bbInternacional\u00bb]<\/p>\n<p><a href=\"https:\/\/www.google.com\/url?rct=j&amp;sa=t&amp;url=https:\/\/www.lavanguardia.com\/internacional\/20190718\/463576063406\/mujeres-europa-comision-investidura-von-der-leyen.html&amp;ct=ga&amp;cd=CAEYBioTNTA3NDczMzA0ODI0MTY1NTMzNDIZYzAzNzJlYmMyZmVhZGE1OTplczplczpFUw&amp;usg=AFQjCNEWJowKYw2niRQonlxC6mCT6xQAOA\">Es verdad: hay una\u00a0mujer\u00a0comisaria en Europa por cada cinco hombres<\/a> &#8211; La Vanguardia<\/p>\n<p><a href=\"https:\/\/www.publico.es\/internacional\/escuadron-congresistas-plantan-trump-al.html\">El escuadr\u00f3n&#8217; contra Trump: estas son las cuatro mujeres valientes que quieren cambiar el rumbo de EEUU<\/a> \u2013 Publico<\/p>\n<p><a href=\"https:\/\/www.google.com\/url?rct=j&amp;sa=t&amp;url=https:\/\/www.prensa-latina.cu\/index.php\/component\/content\/%3Fo%3Drn%26id%3D291799%26SEO%3Dcosta-rica-sigue-en-deuda-con-los-derechos-de-sus-mujeres&amp;ct=ga&amp;cd=CAEYAioTODI3NDY5ODkxODY1NzA0NzE0MTIZYzAzNzJlYmMyZmVhZGE1OTplczplczpFUw&amp;usg=AFQjCNFQH0P22T3KBRqpl5uM2AvgDo-5Zg\">Costa Rica sigue en deuda con los derechos de sus\u00a0mujeres<\/a> &#8211; Prensa Latina<\/p>\n<p><a href=\"https:\/\/www.mujerhoy.com\/vivir\/protagonistas\/201907\/14\/mujeres-mas-poderosas-mundo-forbes-rev-20190711173837.html\">Las 11 mujeres poderosas que no conoces<\/a> \u2013 mujerhoy.com<\/p>\n<p><a href=\"https:\/\/www.google.com\/url?rct=j&amp;sa=t&amp;url=https:\/\/www.eltiempo.com\/vida\/mujeres\/johanna-ortiz-inaugurara-colombiamoda-2019-389144&amp;ct=ga&amp;cd=CAEYASoTNTE1MTYwNDkxNTczNzU5Mzc1NjIZYzAzNzJlYmMyZmVhZGE1OTplczplczpFUw&amp;usg=AFQjCNE4qpPehi1PWJnqRkMtSU38TE2wqA\">La dise\u00f1adora Johanna Ortiz inaugurar\u00e1 Colombiamoda este a\u00f1o<\/a> &#8211; ElTiempo.com<\/p>\n<p><u><a href=\"https:\/\/us.marca.com\/claro\/futbol\/futbol-femenino\/mundial-femenino\/2019\/07\/06\/5d209a6de2704e81a78b45ab.html\">El Mundial\u00a0femenino\u00a0incrementa las ventas de Nike en un 200%<\/a> <\/u>&#8211; Marca Claro USA<\/p>\n<p><a href=\"https:\/\/www.infobae.com\/america\/america-latina\/2019\/07\/17\/corrupcion-y-ciberdelitos-en-que-consiste-el-ii-congreso-internacional-de-compliance\/\">Corrupci\u00f3n y ciberdelitos: en qu\u00e9 consiste el II Congreso Internacional de Compliance en Buenos Aires<\/a> \u2013 infobae.com<\/p>\n<p><a href=\"https:\/\/www.google.com\/url?rct=j&amp;sa=t&amp;url=https:\/\/negocios.elpais.com.uy\/noticias\/cuantos-dias-gratis-mujeres-uruguay-brecha-salarial.html&amp;ct=ga&amp;cd=CAEYASoTOTQ1NDQ5OTE2NjE4OTYyODE0NzIZYzAzNzJlYmMyZmVhZGE1OTplczplczpFUw&amp;usg=AFQjCNFGbsHh_YvogKBNas7wW6J7EScc2Q\">\u00bfCu\u00e1ntos d\u00edas trabajan \u201cgratis\u201d las\u00a0mujeres en\u00a0Uruguay por la brecha salarial?<\/a> \u2013 El Pa\u00eds<\/p>\n<p><a href=\"https:\/\/www.eldiario.es\/andalucia\/Banco-Mundial-FMI-Foro-Davos_0_920758031.html\">Cinco organismos internacionales constatan la brecha salarial de g\u00e9nero<\/a> \u2013 eldiario.es<\/p>\n<p><a href=\"https:\/\/elcomercio.pe\/economia\/peru\/pobreza-reduce-mujeres-administran-dinero-inclusion-financiera-confianza-onu-noticia-656747\">La pobreza se reduce cuando las\u00a0mujeres\u00a0administran el dinero<\/a> &#8211; El Comercio<\/p>\n<p><a href=\"https:\/\/www.google.com\/url?rct=j&amp;sa=t&amp;url=https:\/\/www.dw.com\/es\/el-feminismo-se-suma-al-despertar-social-en-chile\/a-49624729-0&amp;ct=ga&amp;cd=CAEYACoRNDY4NTQ5NzIzMTY5MTY2NjYyGWMwMzcyZWJjMmZlYWRhNTk6ZXM6ZXM6RVM&amp;usg=AFQjCNFO1J-GOzeV7zs3tBwwwbwkp5pOqw\">El feminismo se suma al despertar social en Chile<\/a> &#8211; Deutsche Welle<\/p>\n<p><a href=\"https:\/\/www.eldesconcierto.cl\/2019\/07\/18\/una-pieza-mas-en-el-puzzle-de-la-memoria\/\">Una pieza m\u00e1s en el puzzle de la memoria<\/a> \u2013 El Desconcierto (Chile)<\/p>\n<p><a href=\"https:\/\/www.efeminista.com\/violencia-sexual-colombia\/\">El \u201cya basta\u201d de las v\u00edctimas de violencia sexual en el conflicto armado de Colombia<\/a> &#8211; EFE<\/p>\n<p><a href=\"https:\/\/www.google.com\/url?rct=j&amp;sa=t&amp;url=https:\/\/www.publico.es\/ciencias\/sexo-estudio-niega-hombres-exciten-facilmente-mujeres.html&amp;ct=ga&amp;cd=CAEYACoTNjQwMzcxMTkxOTg2Njg5MTg1NzIZYzAzNzJlYmMyZmVhZGE1OTplczplczpFUw&amp;usg=AFQjCNFJgcmW55RNSpb3ldXURWeBJjU6-Q\">Un estudio del Instituto Max Planck niega que los hombres se exciten m\u00e1s f\u00e1cilmente que las\u00a0mujeres<\/a> \u2013 P\u00fablico<\/p>\n<p><a href=\"https:\/\/www.elnuevoherald.com\/vivir-mejor\/salud\/article232738592.html\">Hallan diferencias en alzh\u00e9imer en mujeres y hombres<\/a> \u2013 El Nuevo Herald<\/p>\n<p><a href=\"https:\/\/www.efeminista.com\/donna-strickland-mujer-nobel-fisica\/\">Donna Strickland, el \u201cpeso\u201d de ser la tercera mujer en ganar el Nobel de F\u00edsica<\/a> \u2013 EFE<\/p>\n<p><a href=\"https:\/\/elpais.com\/elpais\/2019\/07\/17\/ciencia\/1563383554_595239.html\">JoAnn Morgan, \u00fanica mujer de Cabo Ca\u00f1averal en el control del despegue del \u2018Apolo 11\u2019<\/a> \u2013 El Pa\u00eds<\/p>\n<p><a href=\"https:\/\/noticiassin.com\/la-seleccion-femenina-de-eeuu-recibe-donacion-de-529-000-dolares\/\">La selecci\u00f3n de f\u00fatbol de EEUU recibe donaci\u00f3n de 529.000 d\u00f3lares de Procter &amp; Gamble, que quiere estar al lado correcto de la historia<\/a> \u2013 Noticias SIN<\/p>\n<p><a href=\"https:\/\/deportes.canalrcn.com\/futbol\/seleccion-colombia\/las-jugadoras-colombianas-se-toman-el-futbol-femenino-de-europa-111616\">Las jugadoras colombianas toman el f\u00fatbol\u00a0femenino\u00a0de Europa<\/a> &#8211; Deportes RCN<\/p>\n<p><a href=\"https:\/\/www.clarin.com\/deportes\/futbol\/river-plate\/paso-historico-river-plantel-profesional-femenino-futbol_0_RaRRhl9x1.html\">Otro paso hist\u00f3rico en River: ya tiene plantel profesional femenino de f\u00fatbol&#8230;<\/a> &#8211; Clar\u00edn.com<\/p>\n<p>[\/toggle]<\/p>\n<\/div>\n<\/div>\n<\/div>\n<\/div>\n<\/div>\n<\/div>\n","protected":false},"excerpt":{"rendered":"<p>Espa\u00f1a, las mujeres peor diagnosticadas en 700 patolog\u00edas-Mar\u00eda S\u00e1nchez Rodr\u00edguez, <a href=\"https:\/\/cklcomunicaciones.es\/coop\/noticias-info-ckl-no-2-371-19-07-19\/\">[&#8230;]<\/a><\/p>\n","protected":false},"author":3,"featured_media":0,"comment_status":"closed","ping_status":"closed","sticky":false,"template":"","format":"standard","meta":{"footnotes":""},"categories":[298,623],"tags":[],"class_list":["post-14691","post","type-post","status-publish","format-standard","hentry","category-newsletter","category-nwl-2-0"],"yoast_head":"<!-- This site is optimized with the Yoast SEO plugin v27.5 - https:\/\/yoast.com\/product\/yoast-seo-wordpress\/ -->\n<title>Noticias Info CKL n\u00ba 2.371-19\/07\/19-Comunicar con perspectiva de g\u00e9nero<\/title>\n<meta name=\"description\" content=\"Comunicar con perspectiva de g\u00e9nero: Espa\u00f1a, mujeres peor diagnosticadas en 700 patolog\u00edas - Mar\u00eda S\u00e1nchez Rodr\u00edguez, Premio Nacional de Juventud - JoAnn Morgan, la mujer en Cabo Ca\u00f1averal - Eva Antonino, premio IEEE - Mar\u00eda de Pablos, directora - Ana Rosell\" \/>\n<meta name=\"robots\" content=\"index, follow, max-snippet:-1, max-image-preview:large, max-video-preview:-1\" \/>\n<link rel=\"canonical\" href=\"https:\/\/cklcomunicaciones.es\/coop\/noticias-info-ckl-no-2-371-19-07-19\/\" \/>\n<meta property=\"og:locale\" content=\"es_ES\" \/>\n<meta property=\"og:type\" content=\"article\" \/>\n<meta property=\"og:title\" content=\"Noticias Info CKL n\u00ba 2.371-19\/07\/19-Comunicar con perspectiva de g\u00e9nero\" \/>\n<meta property=\"og:description\" content=\"Comunicar con perspectiva de g\u00e9nero: Espa\u00f1a, mujeres peor diagnosticadas en 700 patolog\u00edas - Mar\u00eda S\u00e1nchez Rodr\u00edguez, Premio Nacional de Juventud - JoAnn Morgan, la mujer en Cabo Ca\u00f1averal - Eva Antonino, premio IEEE - Mar\u00eda de Pablos, directora - Ana Rosell\" \/>\n<meta property=\"og:url\" content=\"https:\/\/cklcomunicaciones.es\/coop\/noticias-info-ckl-no-2-371-19-07-19\/\" \/>\n<meta property=\"og:site_name\" content=\"CKL Comunicaciones\" \/>\n<meta property=\"article:published_time\" content=\"2019-07-19T16:10:41+00:00\" \/>\n<meta property=\"article:modified_time\" content=\"2025-01-17T15:43:04+00:00\" \/>\n<meta property=\"og:image\" content=\"https:\/\/cklcomunicaciones.es\/coop\/wp-content\/uploads\/2018\/03\/CKL_comunicacion-con-perspetiva-de-genero.jpg\" \/>\n\t<meta property=\"og:image:width\" content=\"500\" \/>\n\t<meta property=\"og:image:height\" content=\"500\" \/>\n\t<meta property=\"og:image:type\" content=\"image\/jpeg\" \/>\n<meta name=\"author\" content=\"ckl\" \/>\n<meta name=\"twitter:card\" content=\"summary_large_image\" \/>\n<meta name=\"twitter:label1\" content=\"Escrito por\" \/>\n\t<meta name=\"twitter:data1\" content=\"ckl\" \/>\n\t<meta name=\"twitter:label2\" content=\"Tiempo de lectura\" \/>\n\t<meta name=\"twitter:data2\" content=\"9 minutos\" \/>\n<script type=\"application\/ld+json\" class=\"yoast-schema-graph\">{\"@context\":\"https:\\\/\\\/schema.org\",\"@graph\":[{\"@type\":\"Article\",\"@id\":\"https:\\\/\\\/cklcomunicaciones.es\\\/coop\\\/noticias-info-ckl-no-2-371-19-07-19\\\/#article\",\"isPartOf\":{\"@id\":\"https:\\\/\\\/cklcomunicaciones.es\\\/coop\\\/noticias-info-ckl-no-2-371-19-07-19\\\/\"},\"author\":{\"name\":\"ckl\",\"@id\":\"https:\\\/\\\/cklcomunicaciones.es\\\/coop\\\/#\\\/schema\\\/person\\\/929a6837f7626450bbb50cee1aef266e\"},\"headline\":\"Noticias Info CKL n\u00ba 2.371-19\\\/07\\\/19\",\"datePublished\":\"2019-07-19T16:10:41+00:00\",\"dateModified\":\"2025-01-17T15:43:04+00:00\",\"mainEntityOfPage\":{\"@id\":\"https:\\\/\\\/cklcomunicaciones.es\\\/coop\\\/noticias-info-ckl-no-2-371-19-07-19\\\/\"},\"wordCount\":1771,\"image\":{\"@id\":\"https:\\\/\\\/cklcomunicaciones.es\\\/coop\\\/noticias-info-ckl-no-2-371-19-07-19\\\/#primaryimage\"},\"thumbnailUrl\":\"http:\\\/\\\/www.cklcomunicaciones.es\\\/wp-content\\\/uploads\\\/2018\\\/03\\\/CKL_comunicacion-con-perspetiva-de-genero-300x300.jpg\",\"articleSection\":[\"Newsletter\",\"Nwl v2.0\"],\"inLanguage\":\"es\"},{\"@type\":\"WebPage\",\"@id\":\"https:\\\/\\\/cklcomunicaciones.es\\\/coop\\\/noticias-info-ckl-no-2-371-19-07-19\\\/\",\"url\":\"https:\\\/\\\/cklcomunicaciones.es\\\/coop\\\/noticias-info-ckl-no-2-371-19-07-19\\\/\",\"name\":\"Noticias Info CKL n\u00ba 2.371-19\\\/07\\\/19-Comunicar con perspectiva de g\u00e9nero\",\"isPartOf\":{\"@id\":\"https:\\\/\\\/cklcomunicaciones.es\\\/coop\\\/#website\"},\"primaryImageOfPage\":{\"@id\":\"https:\\\/\\\/cklcomunicaciones.es\\\/coop\\\/noticias-info-ckl-no-2-371-19-07-19\\\/#primaryimage\"},\"image\":{\"@id\":\"https:\\\/\\\/cklcomunicaciones.es\\\/coop\\\/noticias-info-ckl-no-2-371-19-07-19\\\/#primaryimage\"},\"thumbnailUrl\":\"http:\\\/\\\/www.cklcomunicaciones.es\\\/wp-content\\\/uploads\\\/2018\\\/03\\\/CKL_comunicacion-con-perspetiva-de-genero-300x300.jpg\",\"datePublished\":\"2019-07-19T16:10:41+00:00\",\"dateModified\":\"2025-01-17T15:43:04+00:00\",\"author\":{\"@id\":\"https:\\\/\\\/cklcomunicaciones.es\\\/coop\\\/#\\\/schema\\\/person\\\/929a6837f7626450bbb50cee1aef266e\"},\"description\":\"Comunicar con perspectiva de g\u00e9nero: Espa\u00f1a, mujeres peor diagnosticadas en 700 patolog\u00edas - Mar\u00eda S\u00e1nchez Rodr\u00edguez, Premio Nacional de Juventud - JoAnn Morgan, la mujer en Cabo Ca\u00f1averal - Eva Antonino, premio IEEE - Mar\u00eda de Pablos, directora - Ana Rosell\",\"breadcrumb\":{\"@id\":\"https:\\\/\\\/cklcomunicaciones.es\\\/coop\\\/noticias-info-ckl-no-2-371-19-07-19\\\/#breadcrumb\"},\"inLanguage\":\"es\",\"potentialAction\":[{\"@type\":\"ReadAction\",\"target\":[\"https:\\\/\\\/cklcomunicaciones.es\\\/coop\\\/noticias-info-ckl-no-2-371-19-07-19\\\/\"]}]},{\"@type\":\"ImageObject\",\"inLanguage\":\"es\",\"@id\":\"https:\\\/\\\/cklcomunicaciones.es\\\/coop\\\/noticias-info-ckl-no-2-371-19-07-19\\\/#primaryimage\",\"url\":\"http:\\\/\\\/www.cklcomunicaciones.es\\\/wp-content\\\/uploads\\\/2018\\\/03\\\/CKL_comunicacion-con-perspetiva-de-genero-300x300.jpg\",\"contentUrl\":\"http:\\\/\\\/www.cklcomunicaciones.es\\\/wp-content\\\/uploads\\\/2018\\\/03\\\/CKL_comunicacion-con-perspetiva-de-genero-300x300.jpg\"},{\"@type\":\"BreadcrumbList\",\"@id\":\"https:\\\/\\\/cklcomunicaciones.es\\\/coop\\\/noticias-info-ckl-no-2-371-19-07-19\\\/#breadcrumb\",\"itemListElement\":[{\"@type\":\"ListItem\",\"position\":1,\"name\":\"Portada\",\"item\":\"https:\\\/\\\/cklcomunicaciones.es\\\/coop\\\/\"},{\"@type\":\"ListItem\",\"position\":2,\"name\":\"Noticias Info CKL n\u00ba 2.371-19\\\/07\\\/19\"}]},{\"@type\":\"WebSite\",\"@id\":\"https:\\\/\\\/cklcomunicaciones.es\\\/coop\\\/#website\",\"url\":\"https:\\\/\\\/cklcomunicaciones.es\\\/coop\\\/\",\"name\":\"CKL Comunicaciones\",\"description\":\"Sitio web de CKL Comunicaciones coop , la consultora de comunicaci\u00f3n y estrategia\",\"potentialAction\":[{\"@type\":\"SearchAction\",\"target\":{\"@type\":\"EntryPoint\",\"urlTemplate\":\"https:\\\/\\\/cklcomunicaciones.es\\\/coop\\\/?s={search_term_string}\"},\"query-input\":{\"@type\":\"PropertyValueSpecification\",\"valueRequired\":true,\"valueName\":\"search_term_string\"}}],\"inLanguage\":\"es\"},{\"@type\":\"Person\",\"@id\":\"https:\\\/\\\/cklcomunicaciones.es\\\/coop\\\/#\\\/schema\\\/person\\\/929a6837f7626450bbb50cee1aef266e\",\"name\":\"ckl\",\"image\":{\"@type\":\"ImageObject\",\"inLanguage\":\"es\",\"@id\":\"https:\\\/\\\/secure.gravatar.com\\\/avatar\\\/c82db564e8a669bf6023357a157b9dc4780f4d4c618f2ad1d71a6a5dede45057?s=96&d=mm&r=g\",\"url\":\"https:\\\/\\\/secure.gravatar.com\\\/avatar\\\/c82db564e8a669bf6023357a157b9dc4780f4d4c618f2ad1d71a6a5dede45057?s=96&d=mm&r=g\",\"contentUrl\":\"https:\\\/\\\/secure.gravatar.com\\\/avatar\\\/c82db564e8a669bf6023357a157b9dc4780f4d4c618f2ad1d71a6a5dede45057?s=96&d=mm&r=g\",\"caption\":\"ckl\"},\"url\":\"https:\\\/\\\/cklcomunicaciones.es\\\/coop\\\/author\\\/cklcomunicaciones\\\/\"}]}<\/script>\n<!-- \/ Yoast SEO plugin. -->","yoast_head_json":{"title":"Noticias Info CKL n\u00ba 2.371-19\/07\/19-Comunicar con perspectiva de g\u00e9nero","description":"Comunicar con perspectiva de g\u00e9nero: Espa\u00f1a, mujeres peor diagnosticadas en 700 patolog\u00edas - Mar\u00eda S\u00e1nchez Rodr\u00edguez, Premio Nacional de Juventud - JoAnn Morgan, la mujer en Cabo Ca\u00f1averal - Eva Antonino, premio IEEE - Mar\u00eda de Pablos, directora - Ana Rosell","robots":{"index":"index","follow":"follow","max-snippet":"max-snippet:-1","max-image-preview":"max-image-preview:large","max-video-preview":"max-video-preview:-1"},"canonical":"https:\/\/cklcomunicaciones.es\/coop\/noticias-info-ckl-no-2-371-19-07-19\/","og_locale":"es_ES","og_type":"article","og_title":"Noticias Info CKL n\u00ba 2.371-19\/07\/19-Comunicar con perspectiva de g\u00e9nero","og_description":"Comunicar con perspectiva de g\u00e9nero: Espa\u00f1a, mujeres peor diagnosticadas en 700 patolog\u00edas - Mar\u00eda S\u00e1nchez Rodr\u00edguez, Premio Nacional de Juventud - JoAnn Morgan, la mujer en Cabo Ca\u00f1averal - Eva Antonino, premio IEEE - Mar\u00eda de Pablos, directora - Ana Rosell","og_url":"https:\/\/cklcomunicaciones.es\/coop\/noticias-info-ckl-no-2-371-19-07-19\/","og_site_name":"CKL Comunicaciones","article_published_time":"2019-07-19T16:10:41+00:00","article_modified_time":"2025-01-17T15:43:04+00:00","og_image":[{"width":500,"height":500,"url":"https:\/\/cklcomunicaciones.es\/coop\/wp-content\/uploads\/2018\/03\/CKL_comunicacion-con-perspetiva-de-genero.jpg","type":"image\/jpeg"}],"author":"ckl","twitter_card":"summary_large_image","twitter_misc":{"Escrito por":"ckl","Tiempo de lectura":"9 minutos"},"schema":{"@context":"https:\/\/schema.org","@graph":[{"@type":"Article","@id":"https:\/\/cklcomunicaciones.es\/coop\/noticias-info-ckl-no-2-371-19-07-19\/#article","isPartOf":{"@id":"https:\/\/cklcomunicaciones.es\/coop\/noticias-info-ckl-no-2-371-19-07-19\/"},"author":{"name":"ckl","@id":"https:\/\/cklcomunicaciones.es\/coop\/#\/schema\/person\/929a6837f7626450bbb50cee1aef266e"},"headline":"Noticias Info CKL n\u00ba 2.371-19\/07\/19","datePublished":"2019-07-19T16:10:41+00:00","dateModified":"2025-01-17T15:43:04+00:00","mainEntityOfPage":{"@id":"https:\/\/cklcomunicaciones.es\/coop\/noticias-info-ckl-no-2-371-19-07-19\/"},"wordCount":1771,"image":{"@id":"https:\/\/cklcomunicaciones.es\/coop\/noticias-info-ckl-no-2-371-19-07-19\/#primaryimage"},"thumbnailUrl":"http:\/\/www.cklcomunicaciones.es\/wp-content\/uploads\/2018\/03\/CKL_comunicacion-con-perspetiva-de-genero-300x300.jpg","articleSection":["Newsletter","Nwl v2.0"],"inLanguage":"es"},{"@type":"WebPage","@id":"https:\/\/cklcomunicaciones.es\/coop\/noticias-info-ckl-no-2-371-19-07-19\/","url":"https:\/\/cklcomunicaciones.es\/coop\/noticias-info-ckl-no-2-371-19-07-19\/","name":"Noticias Info CKL n\u00ba 2.371-19\/07\/19-Comunicar con perspectiva de g\u00e9nero","isPartOf":{"@id":"https:\/\/cklcomunicaciones.es\/coop\/#website"},"primaryImageOfPage":{"@id":"https:\/\/cklcomunicaciones.es\/coop\/noticias-info-ckl-no-2-371-19-07-19\/#primaryimage"},"image":{"@id":"https:\/\/cklcomunicaciones.es\/coop\/noticias-info-ckl-no-2-371-19-07-19\/#primaryimage"},"thumbnailUrl":"http:\/\/www.cklcomunicaciones.es\/wp-content\/uploads\/2018\/03\/CKL_comunicacion-con-perspetiva-de-genero-300x300.jpg","datePublished":"2019-07-19T16:10:41+00:00","dateModified":"2025-01-17T15:43:04+00:00","author":{"@id":"https:\/\/cklcomunicaciones.es\/coop\/#\/schema\/person\/929a6837f7626450bbb50cee1aef266e"},"description":"Comunicar con perspectiva de g\u00e9nero: Espa\u00f1a, mujeres peor diagnosticadas en 700 patolog\u00edas - Mar\u00eda S\u00e1nchez Rodr\u00edguez, Premio Nacional de Juventud - JoAnn Morgan, la mujer en Cabo Ca\u00f1averal - Eva Antonino, premio IEEE - Mar\u00eda de Pablos, directora - Ana Rosell","breadcrumb":{"@id":"https:\/\/cklcomunicaciones.es\/coop\/noticias-info-ckl-no-2-371-19-07-19\/#breadcrumb"},"inLanguage":"es","potentialAction":[{"@type":"ReadAction","target":["https:\/\/cklcomunicaciones.es\/coop\/noticias-info-ckl-no-2-371-19-07-19\/"]}]},{"@type":"ImageObject","inLanguage":"es","@id":"https:\/\/cklcomunicaciones.es\/coop\/noticias-info-ckl-no-2-371-19-07-19\/#primaryimage","url":"http:\/\/www.cklcomunicaciones.es\/wp-content\/uploads\/2018\/03\/CKL_comunicacion-con-perspetiva-de-genero-300x300.jpg","contentUrl":"http:\/\/www.cklcomunicaciones.es\/wp-content\/uploads\/2018\/03\/CKL_comunicacion-con-perspetiva-de-genero-300x300.jpg"},{"@type":"BreadcrumbList","@id":"https:\/\/cklcomunicaciones.es\/coop\/noticias-info-ckl-no-2-371-19-07-19\/#breadcrumb","itemListElement":[{"@type":"ListItem","position":1,"name":"Portada","item":"https:\/\/cklcomunicaciones.es\/coop\/"},{"@type":"ListItem","position":2,"name":"Noticias Info CKL n\u00ba 2.371-19\/07\/19"}]},{"@type":"WebSite","@id":"https:\/\/cklcomunicaciones.es\/coop\/#website","url":"https:\/\/cklcomunicaciones.es\/coop\/","name":"CKL Comunicaciones","description":"Sitio web de CKL Comunicaciones coop , la consultora de comunicaci\u00f3n y estrategia","potentialAction":[{"@type":"SearchAction","target":{"@type":"EntryPoint","urlTemplate":"https:\/\/cklcomunicaciones.es\/coop\/?s={search_term_string}"},"query-input":{"@type":"PropertyValueSpecification","valueRequired":true,"valueName":"search_term_string"}}],"inLanguage":"es"},{"@type":"Person","@id":"https:\/\/cklcomunicaciones.es\/coop\/#\/schema\/person\/929a6837f7626450bbb50cee1aef266e","name":"ckl","image":{"@type":"ImageObject","inLanguage":"es","@id":"https:\/\/secure.gravatar.com\/avatar\/c82db564e8a669bf6023357a157b9dc4780f4d4c618f2ad1d71a6a5dede45057?s=96&d=mm&r=g","url":"https:\/\/secure.gravatar.com\/avatar\/c82db564e8a669bf6023357a157b9dc4780f4d4c618f2ad1d71a6a5dede45057?s=96&d=mm&r=g","contentUrl":"https:\/\/secure.gravatar.com\/avatar\/c82db564e8a669bf6023357a157b9dc4780f4d4c618f2ad1d71a6a5dede45057?s=96&d=mm&r=g","caption":"ckl"},"url":"https:\/\/cklcomunicaciones.es\/coop\/author\/cklcomunicaciones\/"}]}},"_links":{"self":[{"href":"https:\/\/cklcomunicaciones.es\/coop\/wp-json\/wp\/v2\/posts\/14691","targetHints":{"allow":["GET"]}}],"collection":[{"href":"https:\/\/cklcomunicaciones.es\/coop\/wp-json\/wp\/v2\/posts"}],"about":[{"href":"https:\/\/cklcomunicaciones.es\/coop\/wp-json\/wp\/v2\/types\/post"}],"author":[{"embeddable":true,"href":"https:\/\/cklcomunicaciones.es\/coop\/wp-json\/wp\/v2\/users\/3"}],"replies":[{"embeddable":true,"href":"https:\/\/cklcomunicaciones.es\/coop\/wp-json\/wp\/v2\/comments?post=14691"}],"version-history":[{"count":0,"href":"https:\/\/cklcomunicaciones.es\/coop\/wp-json\/wp\/v2\/posts\/14691\/revisions"}],"wp:attachment":[{"href":"https:\/\/cklcomunicaciones.es\/coop\/wp-json\/wp\/v2\/media?parent=14691"}],"wp:term":[{"taxonomy":"category","embeddable":true,"href":"https:\/\/cklcomunicaciones.es\/coop\/wp-json\/wp\/v2\/categories?post=14691"},{"taxonomy":"post_tag","embeddable":true,"href":"https:\/\/cklcomunicaciones.es\/coop\/wp-json\/wp\/v2\/tags?post=14691"}],"curies":[{"name":"wp","href":"https:\/\/api.w.org\/{rel}","templated":true}]}}